{"id":3040,"date":"2018-05-04T10:32:23","date_gmt":"2018-05-04T13:32:23","guid":{"rendered":"http:\/\/ubanews.com\/site\/?p=3040"},"modified":"2018-05-04T10:35:07","modified_gmt":"2018-05-04T13:35:07","slug":"prisao-de-traficante-no-bairro-pires-da-luz","status":"publish","type":"post","link":"https:\/\/ubanews.com\/site\/2018\/05\/04\/prisao-de-traficante-no-bairro-pires-da-luz\/","title":{"rendered":"PRIS\u00c3O DE TRAFICANTE NO BAIRRO PIRES DA LUZ"},"content":{"rendered":"<p><img decoding=\"async\" class=\"alignnone size-full wp-image-3041 lazyload\" data-src=\"https:\/\/ubanews.com\/site\/wp-content\/uploads\/2018\/05\/1-1.jpg\" alt=\"\" width=\"678\" height=\"960\" data-srcset=\"https:\/\/ubanews.com\/site\/wp-content\/uploads\/2018\/05\/1-1.jpg 678w, https:\/\/ubanews.com\/site\/wp-content\/uploads\/2018\/05\/1-1-212x300.jpg 212w\" data-sizes=\"(max-width: 678px) 100vw, 678px\" src=\"data:image\/svg+xml;base64,PHN2ZyB3aWR0aD0iMSIgaGVpZ2h0PSIxIiB4bWxucz0iaHR0cDovL3d3dy53My5vcmcvMjAwMC9zdmciPjwvc3ZnPg==\" style=\"--smush-placeholder-width: 678px; --smush-placeholder-aspect-ratio: 678\/960;\" \/><\/p>\n<p>&nbsp; &nbsp; &nbsp; &nbsp; &nbsp; &nbsp; No dia 03 de Maio por volta das 14h a pol\u00edcia militar, atrav\u00e9s de den\u00fancias recebidas via 190, que no Bairro Pires da Luz, havia intenso tr\u00e1fico de entorpecentes, foi realizada dilig\u00eancia ao local e montada uma opera\u00e7\u00e3o e cerco do local, quando&nbsp; em certo momento o indiv\u00edduo Cleverson Pieropan Burato, deparou com a guarni\u00e7\u00e3o policial, e este estava portando uma arma de fogo cal.380 carregada com 10 muni\u00e7\u00f5es, e que ao perceber a presen\u00e7a policial empreendeu fuga para o interior da resid\u00eancia tentando se homiziar nos fundos da casa, sendo capturado e verificado que havia escondido na resid\u00eancia 31 muni\u00e7\u00f5es de calibre.380, tr\u00eas buchas de subst\u00e2ncia semelhante \u00e0 maconha, dois cigarros de subst\u00e2ncia semelhante \u00e0 maconha. Em buscas realizadas nas pessoas que estavam no beco foi localizada com o indiv\u00edduo de nome Jo\u00e3o Paulo Augusto Pereira um celular produto de roubo. No quintal foi localizado um carregado de r\u00e1dio HT ao autor foi dado voz de pris\u00e3o em flagrante por crime de porte de arma de fogo, tr\u00e1fico de drogas e ao autor Jo\u00e3o Paulo pelo crime de recepta\u00e7\u00e3o. Todos foram apresentados ao delegado de plant\u00e3o.<\/p>\n<p><strong>A<\/strong><strong>SSESSORIA DE COMUNICA\u00c7\u00c3O ORGANIZACIONAL<\/strong><\/p>\n<p><strong><em>Vig\u00e9simo Primeiro Batalh\u00e3o de Pol\u00edcia Militar <\/em><\/strong><\/p>\n","protected":false},"excerpt":{"rendered":"<p>&nbsp; &nbsp; &nbsp; &nbsp; &nbsp; &nbsp; No dia 03 de<\/p>\n","protected":false},"author":2,"featured_media":3041,"comment_status":"open","ping_status":"open","sticky":false,"template":"","format":"standard","meta":{"footnotes":""},"categories":[1],"tags":[],"class_list":["post-3040","post","type-post","status-publish","format-standard","has-post-thumbnail","hentry","category-sem-categoria"],"yoast_head":"<!-- This site is optimized with the Yoast SEO plugin v27.2 - https:\/\/yoast.com\/product\/yoast-seo-wordpress\/ -->\n<title>PRIS\u00c3O DE TRAFICANTE NO BAIRRO PIRES DA LUZ - Ub\u00e1 News<\/title>\n<meta name=\"robots\" content=\"index, follow, max-snippet:-1, max-image-preview:large, max-video-preview:-1\" \/>\n<link rel=\"canonical\" href=\"https:\/\/ubanews.com\/site\/2018\/05\/04\/prisao-de-traficante-no-bairro-pires-da-luz\/\" \/>\n<meta property=\"og:locale\" content=\"pt_BR\" \/>\n<meta property=\"og:type\" content=\"article\" \/>\n<meta property=\"og:title\" content=\"PRIS\u00c3O DE TRAFICANTE NO BAIRRO PIRES DA LUZ - Ub\u00e1 News\" \/>\n<meta property=\"og:description\" content=\"&nbsp; &nbsp; &nbsp; &nbsp; &nbsp; &nbsp; No dia 03 de\" \/>\n<meta property=\"og:url\" content=\"https:\/\/ubanews.com\/site\/2018\/05\/04\/prisao-de-traficante-no-bairro-pires-da-luz\/\" \/>\n<meta property=\"og:site_name\" content=\"Ub\u00e1 News\" \/>\n<meta property=\"article:publisher\" content=\"https:\/\/www.facebook.com\/Ub%c3%a1News-Carlos-Roberto-Sodr%c3%a9-418778301977370\" \/>\n<meta property=\"article:author\" content=\"https:\/\/www.facebook.com\/carosroberto.sodre.5\/\" \/>\n<meta property=\"article:published_time\" content=\"2018-05-04T13:32:23+00:00\" \/>\n<meta property=\"article:modified_time\" content=\"2018-05-04T13:35:07+00:00\" \/>\n<meta property=\"og:image\" content=\"https:\/\/ubanews.com\/site\/wp-content\/uploads\/2018\/05\/1-1.jpg\" \/>\n\t<meta property=\"og:image:width\" content=\"678\" \/>\n\t<meta property=\"og:image:height\" content=\"960\" \/>\n\t<meta property=\"og:image:type\" content=\"image\/jpeg\" \/>\n<meta name=\"author\" content=\"Sodr\u00e9\" \/>\n<meta name=\"twitter:card\" content=\"summary_large_image\" \/>\n<meta name=\"twitter:label1\" content=\"Escrito por\" \/>\n\t<meta name=\"twitter:data1\" content=\"Sodr\u00e9\" \/>\n\t<meta name=\"twitter:label2\" content=\"Est. tempo de leitura\" \/>\n\t<meta name=\"twitter:data2\" content=\"1 minuto\" \/>\n<script type=\"application\/ld+json\" class=\"yoast-schema-graph\">{\"@context\":\"https:\/\/schema.org\",\"@graph\":[{\"@type\":\"Article\",\"@id\":\"https:\/\/ubanews.com\/site\/2018\/05\/04\/prisao-de-traficante-no-bairro-pires-da-luz\/#article\",\"isPartOf\":{\"@id\":\"https:\/\/ubanews.com\/site\/2018\/05\/04\/prisao-de-traficante-no-bairro-pires-da-luz\/\"},\"author\":{\"name\":\"Sodr\u00e9\",\"@id\":\"https:\/\/ubanews.com\/site\/#\/schema\/person\/d90c9e47252fbb63dcc969fe4c8b9d10\"},\"headline\":\"PRIS\u00c3O DE TRAFICANTE NO BAIRRO PIRES DA LUZ\",\"datePublished\":\"2018-05-04T13:32:23+00:00\",\"dateModified\":\"2018-05-04T13:35:07+00:00\",\"mainEntityOfPage\":{\"@id\":\"https:\/\/ubanews.com\/site\/2018\/05\/04\/prisao-de-traficante-no-bairro-pires-da-luz\/\"},\"wordCount\":236,\"commentCount\":0,\"publisher\":{\"@id\":\"https:\/\/ubanews.com\/site\/#organization\"},\"image\":{\"@id\":\"https:\/\/ubanews.com\/site\/2018\/05\/04\/prisao-de-traficante-no-bairro-pires-da-luz\/#primaryimage\"},\"thumbnailUrl\":\"https:\/\/ubanews.com\/site\/wp-content\/uploads\/2018\/05\/1-1.jpg\",\"articleSection\":[\"Geral\"],\"inLanguage\":\"pt-BR\",\"potentialAction\":[{\"@type\":\"CommentAction\",\"name\":\"Comment\",\"target\":[\"https:\/\/ubanews.com\/site\/2018\/05\/04\/prisao-de-traficante-no-bairro-pires-da-luz\/#respond\"]}]},{\"@type\":\"WebPage\",\"@id\":\"https:\/\/ubanews.com\/site\/2018\/05\/04\/prisao-de-traficante-no-bairro-pires-da-luz\/\",\"url\":\"https:\/\/ubanews.com\/site\/2018\/05\/04\/prisao-de-traficante-no-bairro-pires-da-luz\/\",\"name\":\"PRIS\u00c3O DE TRAFICANTE NO BAIRRO PIRES DA LUZ - Ub\u00e1 News\",\"isPartOf\":{\"@id\":\"https:\/\/ubanews.com\/site\/#website\"},\"primaryImageOfPage\":{\"@id\":\"https:\/\/ubanews.com\/site\/2018\/05\/04\/prisao-de-traficante-no-bairro-pires-da-luz\/#primaryimage\"},\"image\":{\"@id\":\"https:\/\/ubanews.com\/site\/2018\/05\/04\/prisao-de-traficante-no-bairro-pires-da-luz\/#primaryimage\"},\"thumbnailUrl\":\"https:\/\/ubanews.com\/site\/wp-content\/uploads\/2018\/05\/1-1.jpg\",\"datePublished\":\"2018-05-04T13:32:23+00:00\",\"dateModified\":\"2018-05-04T13:35:07+00:00\",\"breadcrumb\":{\"@id\":\"https:\/\/ubanews.com\/site\/2018\/05\/04\/prisao-de-traficante-no-bairro-pires-da-luz\/#breadcrumb\"},\"inLanguage\":\"pt-BR\",\"potentialAction\":[{\"@type\":\"ReadAction\",\"target\":[\"https:\/\/ubanews.com\/site\/2018\/05\/04\/prisao-de-traficante-no-bairro-pires-da-luz\/\"]}]},{\"@type\":\"ImageObject\",\"inLanguage\":\"pt-BR\",\"@id\":\"https:\/\/ubanews.com\/site\/2018\/05\/04\/prisao-de-traficante-no-bairro-pires-da-luz\/#primaryimage\",\"url\":\"https:\/\/ubanews.com\/site\/wp-content\/uploads\/2018\/05\/1-1.jpg\",\"contentUrl\":\"https:\/\/ubanews.com\/site\/wp-content\/uploads\/2018\/05\/1-1.jpg\",\"width\":678,\"height\":960},{\"@type\":\"BreadcrumbList\",\"@id\":\"https:\/\/ubanews.com\/site\/2018\/05\/04\/prisao-de-traficante-no-bairro-pires-da-luz\/#breadcrumb\",\"itemListElement\":[{\"@type\":\"ListItem\",\"position\":1,\"name\":\"Home\",\"item\":\"https:\/\/ubanews.com\/site\/\"},{\"@type\":\"ListItem\",\"position\":2,\"name\":\"PRIS\u00c3O DE TRAFICANTE NO BAIRRO PIRES DA LUZ\"}]},{\"@type\":\"WebSite\",\"@id\":\"https:\/\/ubanews.com\/site\/#website\",\"url\":\"https:\/\/ubanews.com\/site\/\",\"name\":\"Ub\u00e1 News\",\"description\":\"\",\"publisher\":{\"@id\":\"https:\/\/ubanews.com\/site\/#organization\"},\"potentialAction\":[{\"@type\":\"SearchAction\",\"target\":{\"@type\":\"EntryPoint\",\"urlTemplate\":\"https:\/\/ubanews.com\/site\/?s={search_term_string}\"},\"query-input\":{\"@type\":\"PropertyValueSpecification\",\"valueRequired\":true,\"valueName\":\"search_term_string\"}}],\"inLanguage\":\"pt-BR\"},{\"@type\":\"Organization\",\"@id\":\"https:\/\/ubanews.com\/site\/#organization\",\"name\":\"Ub\u00e1 News\",\"url\":\"https:\/\/ubanews.com\/site\/\",\"logo\":{\"@type\":\"ImageObject\",\"inLanguage\":\"pt-BR\",\"@id\":\"https:\/\/ubanews.com\/site\/#\/schema\/logo\/image\/\",\"url\":\"https:\/\/ubanews.com\/site\/wp-content\/uploads\/2018\/01\/logoubanews.png\",\"contentUrl\":\"https:\/\/ubanews.com\/site\/wp-content\/uploads\/2018\/01\/logoubanews.png\",\"width\":261,\"height\":99,\"caption\":\"Ub\u00e1 News\"},\"image\":{\"@id\":\"https:\/\/ubanews.com\/site\/#\/schema\/logo\/image\/\"},\"sameAs\":[\"https:\/\/www.facebook.com\/Ub\u00e1News-Carlos-Roberto-Sodr\u00e9-418778301977370\"]},{\"@type\":\"Person\",\"@id\":\"https:\/\/ubanews.com\/site\/#\/schema\/person\/d90c9e47252fbb63dcc969fe4c8b9d10\",\"name\":\"Sodr\u00e9\",\"image\":{\"@type\":\"ImageObject\",\"inLanguage\":\"pt-BR\",\"@id\":\"https:\/\/secure.gravatar.com\/avatar\/5ba2793f0590b9dbfad3fdec4ee714485b3eef211c9b32ee53d414060454a56c?s=96&d=mm&r=g\",\"url\":\"https:\/\/secure.gravatar.com\/avatar\/5ba2793f0590b9dbfad3fdec4ee714485b3eef211c9b32ee53d414060454a56c?s=96&d=mm&r=g\",\"contentUrl\":\"https:\/\/secure.gravatar.com\/avatar\/5ba2793f0590b9dbfad3fdec4ee714485b3eef211c9b32ee53d414060454a56c?s=96&d=mm&r=g\",\"caption\":\"Sodr\u00e9\"},\"sameAs\":[\"https:\/\/www.facebook.com\/carosroberto.sodre.5\/\"],\"url\":\"https:\/\/ubanews.com\/site\/author\/felipe\/\"}]}<\/script>\n<!-- \/ Yoast SEO plugin. -->","yoast_head_json":{"title":"PRIS\u00c3O DE TRAFICANTE NO BAIRRO PIRES DA LUZ - Ub\u00e1 News","robots":{"index":"index","follow":"follow","max-snippet":"max-snippet:-1","max-image-preview":"max-image-preview:large","max-video-preview":"max-video-preview:-1"},"canonical":"https:\/\/ubanews.com\/site\/2018\/05\/04\/prisao-de-traficante-no-bairro-pires-da-luz\/","og_locale":"pt_BR","og_type":"article","og_title":"PRIS\u00c3O DE TRAFICANTE NO BAIRRO PIRES DA LUZ - Ub\u00e1 News","og_description":"&nbsp; &nbsp; &nbsp; &nbsp; &nbsp; &nbsp; No dia 03 de","og_url":"https:\/\/ubanews.com\/site\/2018\/05\/04\/prisao-de-traficante-no-bairro-pires-da-luz\/","og_site_name":"Ub\u00e1 News","article_publisher":"https:\/\/www.facebook.com\/Ub%c3%a1News-Carlos-Roberto-Sodr%c3%a9-418778301977370","article_author":"https:\/\/www.facebook.com\/carosroberto.sodre.5\/","article_published_time":"2018-05-04T13:32:23+00:00","article_modified_time":"2018-05-04T13:35:07+00:00","og_image":[{"width":678,"height":960,"url":"https:\/\/ubanews.com\/site\/wp-content\/uploads\/2018\/05\/1-1.jpg","type":"image\/jpeg"}],"author":"Sodr\u00e9","twitter_card":"summary_large_image","twitter_misc":{"Escrito por":"Sodr\u00e9","Est. tempo de leitura":"1 minuto"},"schema":{"@context":"https:\/\/schema.org","@graph":[{"@type":"Article","@id":"https:\/\/ubanews.com\/site\/2018\/05\/04\/prisao-de-traficante-no-bairro-pires-da-luz\/#article","isPartOf":{"@id":"https:\/\/ubanews.com\/site\/2018\/05\/04\/prisao-de-traficante-no-bairro-pires-da-luz\/"},"author":{"name":"Sodr\u00e9","@id":"https:\/\/ubanews.com\/site\/#\/schema\/person\/d90c9e47252fbb63dcc969fe4c8b9d10"},"headline":"PRIS\u00c3O DE TRAFICANTE NO BAIRRO PIRES DA LUZ","datePublished":"2018-05-04T13:32:23+00:00","dateModified":"2018-05-04T13:35:07+00:00","mainEntityOfPage":{"@id":"https:\/\/ubanews.com\/site\/2018\/05\/04\/prisao-de-traficante-no-bairro-pires-da-luz\/"},"wordCount":236,"commentCount":0,"publisher":{"@id":"https:\/\/ubanews.com\/site\/#organization"},"image":{"@id":"https:\/\/ubanews.com\/site\/2018\/05\/04\/prisao-de-traficante-no-bairro-pires-da-luz\/#primaryimage"},"thumbnailUrl":"https:\/\/ubanews.com\/site\/wp-content\/uploads\/2018\/05\/1-1.jpg","articleSection":["Geral"],"inLanguage":"pt-BR","potentialAction":[{"@type":"CommentAction","name":"Comment","target":["https:\/\/ubanews.com\/site\/2018\/05\/04\/prisao-de-traficante-no-bairro-pires-da-luz\/#respond"]}]},{"@type":"WebPage","@id":"https:\/\/ubanews.com\/site\/2018\/05\/04\/prisao-de-traficante-no-bairro-pires-da-luz\/","url":"https:\/\/ubanews.com\/site\/2018\/05\/04\/prisao-de-traficante-no-bairro-pires-da-luz\/","name":"PRIS\u00c3O DE TRAFICANTE NO BAIRRO PIRES DA LUZ - Ub\u00e1 News","isPartOf":{"@id":"https:\/\/ubanews.com\/site\/#website"},"primaryImageOfPage":{"@id":"https:\/\/ubanews.com\/site\/2018\/05\/04\/prisao-de-traficante-no-bairro-pires-da-luz\/#primaryimage"},"image":{"@id":"https:\/\/ubanews.com\/site\/2018\/05\/04\/prisao-de-traficante-no-bairro-pires-da-luz\/#primaryimage"},"thumbnailUrl":"https:\/\/ubanews.com\/site\/wp-content\/uploads\/2018\/05\/1-1.jpg","datePublished":"2018-05-04T13:32:23+00:00","dateModified":"2018-05-04T13:35:07+00:00","breadcrumb":{"@id":"https:\/\/ubanews.com\/site\/2018\/05\/04\/prisao-de-traficante-no-bairro-pires-da-luz\/#breadcrumb"},"inLanguage":"pt-BR","potentialAction":[{"@type":"ReadAction","target":["https:\/\/ubanews.com\/site\/2018\/05\/04\/prisao-de-traficante-no-bairro-pires-da-luz\/"]}]},{"@type":"ImageObject","inLanguage":"pt-BR","@id":"https:\/\/ubanews.com\/site\/2018\/05\/04\/prisao-de-traficante-no-bairro-pires-da-luz\/#primaryimage","url":"https:\/\/ubanews.com\/site\/wp-content\/uploads\/2018\/05\/1-1.jpg","contentUrl":"https:\/\/ubanews.com\/site\/wp-content\/uploads\/2018\/05\/1-1.jpg","width":678,"height":960},{"@type":"BreadcrumbList","@id":"https:\/\/ubanews.com\/site\/2018\/05\/04\/prisao-de-traficante-no-bairro-pires-da-luz\/#breadcrumb","itemListElement":[{"@type":"ListItem","position":1,"name":"Home","item":"https:\/\/ubanews.com\/site\/"},{"@type":"ListItem","position":2,"name":"PRIS\u00c3O DE TRAFICANTE NO BAIRRO PIRES DA LUZ"}]},{"@type":"WebSite","@id":"https:\/\/ubanews.com\/site\/#website","url":"https:\/\/ubanews.com\/site\/","name":"Ub\u00e1 News","description":"","publisher":{"@id":"https:\/\/ubanews.com\/site\/#organization"},"potentialAction":[{"@type":"SearchAction","target":{"@type":"EntryPoint","urlTemplate":"https:\/\/ubanews.com\/site\/?s={search_term_string}"},"query-input":{"@type":"PropertyValueSpecification","valueRequired":true,"valueName":"search_term_string"}}],"inLanguage":"pt-BR"},{"@type":"Organization","@id":"https:\/\/ubanews.com\/site\/#organization","name":"Ub\u00e1 News","url":"https:\/\/ubanews.com\/site\/","logo":{"@type":"ImageObject","inLanguage":"pt-BR","@id":"https:\/\/ubanews.com\/site\/#\/schema\/logo\/image\/","url":"https:\/\/ubanews.com\/site\/wp-content\/uploads\/2018\/01\/logoubanews.png","contentUrl":"https:\/\/ubanews.com\/site\/wp-content\/uploads\/2018\/01\/logoubanews.png","width":261,"height":99,"caption":"Ub\u00e1 News"},"image":{"@id":"https:\/\/ubanews.com\/site\/#\/schema\/logo\/image\/"},"sameAs":["https:\/\/www.facebook.com\/Ub\u00e1News-Carlos-Roberto-Sodr\u00e9-418778301977370"]},{"@type":"Person","@id":"https:\/\/ubanews.com\/site\/#\/schema\/person\/d90c9e47252fbb63dcc969fe4c8b9d10","name":"Sodr\u00e9","image":{"@type":"ImageObject","inLanguage":"pt-BR","@id":"https:\/\/secure.gravatar.com\/avatar\/5ba2793f0590b9dbfad3fdec4ee714485b3eef211c9b32ee53d414060454a56c?s=96&d=mm&r=g","url":"https:\/\/secure.gravatar.com\/avatar\/5ba2793f0590b9dbfad3fdec4ee714485b3eef211c9b32ee53d414060454a56c?s=96&d=mm&r=g","contentUrl":"https:\/\/secure.gravatar.com\/avatar\/5ba2793f0590b9dbfad3fdec4ee714485b3eef211c9b32ee53d414060454a56c?s=96&d=mm&r=g","caption":"Sodr\u00e9"},"sameAs":["https:\/\/www.facebook.com\/carosroberto.sodre.5\/"],"url":"https:\/\/ubanews.com\/site\/author\/felipe\/"}]}},"_links":{"self":[{"href":"https:\/\/ubanews.com\/site\/wp-json\/wp\/v2\/posts\/3040","targetHints":{"allow":["GET"]}}],"collection":[{"href":"https:\/\/ubanews.com\/site\/wp-json\/wp\/v2\/posts"}],"about":[{"href":"https:\/\/ubanews.com\/site\/wp-json\/wp\/v2\/types\/post"}],"author":[{"embeddable":true,"href":"https:\/\/ubanews.com\/site\/wp-json\/wp\/v2\/users\/2"}],"replies":[{"embeddable":true,"href":"https:\/\/ubanews.com\/site\/wp-json\/wp\/v2\/comments?post=3040"}],"version-history":[{"count":0,"href":"https:\/\/ubanews.com\/site\/wp-json\/wp\/v2\/posts\/3040\/revisions"}],"wp:featuredmedia":[{"embeddable":true,"href":"https:\/\/ubanews.com\/site\/wp-json\/wp\/v2\/media\/3041"}],"wp:attachment":[{"href":"https:\/\/ubanews.com\/site\/wp-json\/wp\/v2\/media?parent=3040"}],"wp:term":[{"taxonomy":"category","embeddable":true,"href":"https:\/\/ubanews.com\/site\/wp-json\/wp\/v2\/categories?post=3040"},{"taxonomy":"post_tag","embeddable":true,"href":"https:\/\/ubanews.com\/site\/wp-json\/wp\/v2\/tags?post=3040"}],"curies":[{"name":"wp","href":"https:\/\/api.w.org\/{rel}","templated":true}]}}