{"id":3007,"date":"2018-05-04T08:54:25","date_gmt":"2018-05-04T11:54:25","guid":{"rendered":"http:\/\/ubanews.com\/site\/?p=3007"},"modified":"2018-05-14T14:49:19","modified_gmt":"2018-05-14T17:49:19","slug":"os-principais-protagonistas-do-video-polemico-nao-apareceram-na-reuniao","status":"publish","type":"post","link":"https:\/\/ubanews.com\/site\/2018\/05\/04\/os-principais-protagonistas-do-video-polemico-nao-apareceram-na-reuniao\/","title":{"rendered":"Os principais protagonistas do v\u00eddeo pol\u00eamico n\u00e3o apareceram na reuni\u00e3o"},"content":{"rendered":"<p><img decoding=\"async\" class=\"alignnone size-full wp-image-3014 lazyload\" data-src=\"https:\/\/ubanews.com\/site\/wp-content\/uploads\/2018\/05\/DSC07344-c\u00f3pia.jpg\" alt=\"\" width=\"5512\" height=\"3447\" data-srcset=\"https:\/\/ubanews.com\/site\/wp-content\/uploads\/2018\/05\/DSC07344-c\u00f3pia.jpg 5512w, https:\/\/ubanews.com\/site\/wp-content\/uploads\/2018\/05\/DSC07344-c\u00f3pia-300x188.jpg 300w, https:\/\/ubanews.com\/site\/wp-content\/uploads\/2018\/05\/DSC07344-c\u00f3pia-768x480.jpg 768w, https:\/\/ubanews.com\/site\/wp-content\/uploads\/2018\/05\/DSC07344-c\u00f3pia-1024x640.jpg 1024w\" data-sizes=\"(max-width: 5512px) 100vw, 5512px\" src=\"data:image\/svg+xml;base64,PHN2ZyB3aWR0aD0iMSIgaGVpZ2h0PSIxIiB4bWxucz0iaHR0cDovL3d3dy53My5vcmcvMjAwMC9zdmciPjwvc3ZnPg==\" style=\"--smush-placeholder-width: 5512px; --smush-placeholder-aspect-ratio: 5512\/3447;\" \/> <img decoding=\"async\" class=\"alignnone size-full wp-image-3015 lazyload\" data-src=\"https:\/\/ubanews.com\/site\/wp-content\/uploads\/2018\/05\/DSC07348-c\u00f3pia.jpg\" alt=\"\" width=\"5512\" height=\"3447\" data-srcset=\"https:\/\/ubanews.com\/site\/wp-content\/uploads\/2018\/05\/DSC07348-c\u00f3pia.jpg 5512w, https:\/\/ubanews.com\/site\/wp-content\/uploads\/2018\/05\/DSC07348-c\u00f3pia-300x188.jpg 300w, https:\/\/ubanews.com\/site\/wp-content\/uploads\/2018\/05\/DSC07348-c\u00f3pia-768x480.jpg 768w, https:\/\/ubanews.com\/site\/wp-content\/uploads\/2018\/05\/DSC07348-c\u00f3pia-1024x640.jpg 1024w\" data-sizes=\"(max-width: 5512px) 100vw, 5512px\" src=\"data:image\/svg+xml;base64,PHN2ZyB3aWR0aD0iMSIgaGVpZ2h0PSIxIiB4bWxucz0iaHR0cDovL3d3dy53My5vcmcvMjAwMC9zdmciPjwvc3ZnPg==\" style=\"--smush-placeholder-width: 5512px; --smush-placeholder-aspect-ratio: 5512\/3447;\" \/> <img decoding=\"async\" class=\"alignnone size-full wp-image-3016 lazyload\" data-src=\"https:\/\/ubanews.com\/site\/wp-content\/uploads\/2018\/05\/DSC07351-c\u00f3pia.jpg\" alt=\"\" width=\"5512\" height=\"3447\" data-srcset=\"https:\/\/ubanews.com\/site\/wp-content\/uploads\/2018\/05\/DSC07351-c\u00f3pia.jpg 5512w, https:\/\/ubanews.com\/site\/wp-content\/uploads\/2018\/05\/DSC07351-c\u00f3pia-300x188.jpg 300w, https:\/\/ubanews.com\/site\/wp-content\/uploads\/2018\/05\/DSC07351-c\u00f3pia-768x480.jpg 768w, https:\/\/ubanews.com\/site\/wp-content\/uploads\/2018\/05\/DSC07351-c\u00f3pia-1024x640.jpg 1024w\" data-sizes=\"(max-width: 5512px) 100vw, 5512px\" src=\"data:image\/svg+xml;base64,PHN2ZyB3aWR0aD0iMSIgaGVpZ2h0PSIxIiB4bWxucz0iaHR0cDovL3d3dy53My5vcmcvMjAwMC9zdmciPjwvc3ZnPg==\" style=\"--smush-placeholder-width: 5512px; --smush-placeholder-aspect-ratio: 5512\/3447;\" \/> <img decoding=\"async\" class=\"alignnone size-full wp-image-3017 lazyload\" data-src=\"https:\/\/ubanews.com\/site\/wp-content\/uploads\/2018\/05\/DSC07353-c\u00f3pia.jpg\" alt=\"\" width=\"5512\" height=\"3447\" data-srcset=\"https:\/\/ubanews.com\/site\/wp-content\/uploads\/2018\/05\/DSC07353-c\u00f3pia.jpg 5512w, https:\/\/ubanews.com\/site\/wp-content\/uploads\/2018\/05\/DSC07353-c\u00f3pia-300x188.jpg 300w, https:\/\/ubanews.com\/site\/wp-content\/uploads\/2018\/05\/DSC07353-c\u00f3pia-768x480.jpg 768w, https:\/\/ubanews.com\/site\/wp-content\/uploads\/2018\/05\/DSC07353-c\u00f3pia-1024x640.jpg 1024w\" data-sizes=\"(max-width: 5512px) 100vw, 5512px\" src=\"data:image\/svg+xml;base64,PHN2ZyB3aWR0aD0iMSIgaGVpZ2h0PSIxIiB4bWxucz0iaHR0cDovL3d3dy53My5vcmcvMjAwMC9zdmciPjwvc3ZnPg==\" style=\"--smush-placeholder-width: 5512px; --smush-placeholder-aspect-ratio: 5512\/3447;\" \/> <img decoding=\"async\" class=\"alignnone size-full wp-image-3018 lazyload\" data-src=\"https:\/\/ubanews.com\/site\/wp-content\/uploads\/2018\/05\/DSC07355-c\u00f3pia.jpg\" alt=\"\" width=\"5512\" height=\"3447\" data-srcset=\"https:\/\/ubanews.com\/site\/wp-content\/uploads\/2018\/05\/DSC07355-c\u00f3pia.jpg 5512w, https:\/\/ubanews.com\/site\/wp-content\/uploads\/2018\/05\/DSC07355-c\u00f3pia-300x188.jpg 300w, https:\/\/ubanews.com\/site\/wp-content\/uploads\/2018\/05\/DSC07355-c\u00f3pia-768x480.jpg 768w, https:\/\/ubanews.com\/site\/wp-content\/uploads\/2018\/05\/DSC07355-c\u00f3pia-1024x640.jpg 1024w\" data-sizes=\"(max-width: 5512px) 100vw, 5512px\" src=\"data:image\/svg+xml;base64,PHN2ZyB3aWR0aD0iMSIgaGVpZ2h0PSIxIiB4bWxucz0iaHR0cDovL3d3dy53My5vcmcvMjAwMC9zdmciPjwvc3ZnPg==\" style=\"--smush-placeholder-width: 5512px; --smush-placeholder-aspect-ratio: 5512\/3447;\" \/> <img decoding=\"async\" class=\"alignnone size-full wp-image-3019 lazyload\" data-src=\"https:\/\/ubanews.com\/site\/wp-content\/uploads\/2018\/05\/DSC07359-c\u00f3pia.jpg\" alt=\"\" width=\"5512\" height=\"3447\" data-srcset=\"https:\/\/ubanews.com\/site\/wp-content\/uploads\/2018\/05\/DSC07359-c\u00f3pia.jpg 5512w, https:\/\/ubanews.com\/site\/wp-content\/uploads\/2018\/05\/DSC07359-c\u00f3pia-300x188.jpg 300w, https:\/\/ubanews.com\/site\/wp-content\/uploads\/2018\/05\/DSC07359-c\u00f3pia-768x480.jpg 768w, https:\/\/ubanews.com\/site\/wp-content\/uploads\/2018\/05\/DSC07359-c\u00f3pia-1024x640.jpg 1024w\" data-sizes=\"(max-width: 5512px) 100vw, 5512px\" src=\"data:image\/svg+xml;base64,PHN2ZyB3aWR0aD0iMSIgaGVpZ2h0PSIxIiB4bWxucz0iaHR0cDovL3d3dy53My5vcmcvMjAwMC9zdmciPjwvc3ZnPg==\" style=\"--smush-placeholder-width: 5512px; --smush-placeholder-aspect-ratio: 5512\/3447;\" \/> <img decoding=\"async\" class=\"alignnone size-full wp-image-3020 lazyload\" data-src=\"https:\/\/ubanews.com\/site\/wp-content\/uploads\/2018\/05\/DSC07360-c\u00f3pia.jpg\" alt=\"\" width=\"5512\" height=\"3447\" data-srcset=\"https:\/\/ubanews.com\/site\/wp-content\/uploads\/2018\/05\/DSC07360-c\u00f3pia.jpg 5512w, https:\/\/ubanews.com\/site\/wp-content\/uploads\/2018\/05\/DSC07360-c\u00f3pia-300x188.jpg 300w, https:\/\/ubanews.com\/site\/wp-content\/uploads\/2018\/05\/DSC07360-c\u00f3pia-768x480.jpg 768w, https:\/\/ubanews.com\/site\/wp-content\/uploads\/2018\/05\/DSC07360-c\u00f3pia-1024x640.jpg 1024w\" data-sizes=\"(max-width: 5512px) 100vw, 5512px\" src=\"data:image\/svg+xml;base64,PHN2ZyB3aWR0aD0iMSIgaGVpZ2h0PSIxIiB4bWxucz0iaHR0cDovL3d3dy53My5vcmcvMjAwMC9zdmciPjwvc3ZnPg==\" style=\"--smush-placeholder-width: 5512px; --smush-placeholder-aspect-ratio: 5512\/3447;\" \/> <img decoding=\"async\" class=\"alignnone size-full wp-image-3021 lazyload\" data-src=\"https:\/\/ubanews.com\/site\/wp-content\/uploads\/2018\/05\/DSC07363-c\u00f3pia.jpg\" alt=\"\" width=\"5512\" height=\"3447\" data-srcset=\"https:\/\/ubanews.com\/site\/wp-content\/uploads\/2018\/05\/DSC07363-c\u00f3pia.jpg 5512w, https:\/\/ubanews.com\/site\/wp-content\/uploads\/2018\/05\/DSC07363-c\u00f3pia-300x188.jpg 300w, https:\/\/ubanews.com\/site\/wp-content\/uploads\/2018\/05\/DSC07363-c\u00f3pia-768x480.jpg 768w, https:\/\/ubanews.com\/site\/wp-content\/uploads\/2018\/05\/DSC07363-c\u00f3pia-1024x640.jpg 1024w\" data-sizes=\"(max-width: 5512px) 100vw, 5512px\" src=\"data:image\/svg+xml;base64,PHN2ZyB3aWR0aD0iMSIgaGVpZ2h0PSIxIiB4bWxucz0iaHR0cDovL3d3dy53My5vcmcvMjAwMC9zdmciPjwvc3ZnPg==\" style=\"--smush-placeholder-width: 5512px; --smush-placeholder-aspect-ratio: 5512\/3447;\" \/> <img decoding=\"async\" class=\"alignnone size-full wp-image-3022 lazyload\" data-src=\"https:\/\/ubanews.com\/site\/wp-content\/uploads\/2018\/05\/DSC07366-c\u00f3pia.jpg\" alt=\"\" width=\"5512\" height=\"3447\" data-srcset=\"https:\/\/ubanews.com\/site\/wp-content\/uploads\/2018\/05\/DSC07366-c\u00f3pia.jpg 5512w, https:\/\/ubanews.com\/site\/wp-content\/uploads\/2018\/05\/DSC07366-c\u00f3pia-300x188.jpg 300w, https:\/\/ubanews.com\/site\/wp-content\/uploads\/2018\/05\/DSC07366-c\u00f3pia-768x480.jpg 768w, https:\/\/ubanews.com\/site\/wp-content\/uploads\/2018\/05\/DSC07366-c\u00f3pia-1024x640.jpg 1024w\" data-sizes=\"(max-width: 5512px) 100vw, 5512px\" src=\"data:image\/svg+xml;base64,PHN2ZyB3aWR0aD0iMSIgaGVpZ2h0PSIxIiB4bWxucz0iaHR0cDovL3d3dy53My5vcmcvMjAwMC9zdmciPjwvc3ZnPg==\" style=\"--smush-placeholder-width: 5512px; --smush-placeholder-aspect-ratio: 5512\/3447;\" \/> <img decoding=\"async\" class=\"alignnone size-full wp-image-3023 lazyload\" data-src=\"https:\/\/ubanews.com\/site\/wp-content\/uploads\/2018\/05\/DSC07373-c\u00f3pia.jpg\" alt=\"\" width=\"5512\" height=\"3447\" data-srcset=\"https:\/\/ubanews.com\/site\/wp-content\/uploads\/2018\/05\/DSC07373-c\u00f3pia.jpg 5512w, https:\/\/ubanews.com\/site\/wp-content\/uploads\/2018\/05\/DSC07373-c\u00f3pia-300x188.jpg 300w, https:\/\/ubanews.com\/site\/wp-content\/uploads\/2018\/05\/DSC07373-c\u00f3pia-768x480.jpg 768w, https:\/\/ubanews.com\/site\/wp-content\/uploads\/2018\/05\/DSC07373-c\u00f3pia-1024x640.jpg 1024w\" data-sizes=\"(max-width: 5512px) 100vw, 5512px\" src=\"data:image\/svg+xml;base64,PHN2ZyB3aWR0aD0iMSIgaGVpZ2h0PSIxIiB4bWxucz0iaHR0cDovL3d3dy53My5vcmcvMjAwMC9zdmciPjwvc3ZnPg==\" style=\"--smush-placeholder-width: 5512px; --smush-placeholder-aspect-ratio: 5512\/3447;\" \/> <img decoding=\"async\" class=\"alignnone size-full wp-image-3024 lazyload\" data-src=\"https:\/\/ubanews.com\/site\/wp-content\/uploads\/2018\/05\/DSC07376-c\u00f3pia.jpg\" alt=\"\" width=\"5512\" height=\"3447\" data-srcset=\"https:\/\/ubanews.com\/site\/wp-content\/uploads\/2018\/05\/DSC07376-c\u00f3pia.jpg 5512w, https:\/\/ubanews.com\/site\/wp-content\/uploads\/2018\/05\/DSC07376-c\u00f3pia-300x188.jpg 300w, https:\/\/ubanews.com\/site\/wp-content\/uploads\/2018\/05\/DSC07376-c\u00f3pia-768x480.jpg 768w, https:\/\/ubanews.com\/site\/wp-content\/uploads\/2018\/05\/DSC07376-c\u00f3pia-1024x640.jpg 1024w\" data-sizes=\"(max-width: 5512px) 100vw, 5512px\" src=\"data:image\/svg+xml;base64,PHN2ZyB3aWR0aD0iMSIgaGVpZ2h0PSIxIiB4bWxucz0iaHR0cDovL3d3dy53My5vcmcvMjAwMC9zdmciPjwvc3ZnPg==\" style=\"--smush-placeholder-width: 5512px; --smush-placeholder-aspect-ratio: 5512\/3447;\" \/> <img decoding=\"async\" class=\"alignnone size-full wp-image-3025 lazyload\" data-src=\"https:\/\/ubanews.com\/site\/wp-content\/uploads\/2018\/05\/DSC07381-c\u00f3pia.jpg\" alt=\"\" width=\"5512\" height=\"3447\" data-srcset=\"https:\/\/ubanews.com\/site\/wp-content\/uploads\/2018\/05\/DSC07381-c\u00f3pia.jpg 5512w, https:\/\/ubanews.com\/site\/wp-content\/uploads\/2018\/05\/DSC07381-c\u00f3pia-300x188.jpg 300w, https:\/\/ubanews.com\/site\/wp-content\/uploads\/2018\/05\/DSC07381-c\u00f3pia-768x480.jpg 768w, https:\/\/ubanews.com\/site\/wp-content\/uploads\/2018\/05\/DSC07381-c\u00f3pia-1024x640.jpg 1024w\" data-sizes=\"(max-width: 5512px) 100vw, 5512px\" src=\"data:image\/svg+xml;base64,PHN2ZyB3aWR0aD0iMSIgaGVpZ2h0PSIxIiB4bWxucz0iaHR0cDovL3d3dy53My5vcmcvMjAwMC9zdmciPjwvc3ZnPg==\" style=\"--smush-placeholder-width: 5512px; --smush-placeholder-aspect-ratio: 5512\/3447;\" \/> <img decoding=\"async\" class=\"alignnone size-full wp-image-3026 lazyload\" data-src=\"https:\/\/ubanews.com\/site\/wp-content\/uploads\/2018\/05\/DSC07404-c\u00f3pia.jpg\" alt=\"\" width=\"5512\" height=\"3447\" data-srcset=\"https:\/\/ubanews.com\/site\/wp-content\/uploads\/2018\/05\/DSC07404-c\u00f3pia.jpg 5512w, https:\/\/ubanews.com\/site\/wp-content\/uploads\/2018\/05\/DSC07404-c\u00f3pia-300x188.jpg 300w, https:\/\/ubanews.com\/site\/wp-content\/uploads\/2018\/05\/DSC07404-c\u00f3pia-768x480.jpg 768w, https:\/\/ubanews.com\/site\/wp-content\/uploads\/2018\/05\/DSC07404-c\u00f3pia-1024x640.jpg 1024w\" data-sizes=\"(max-width: 5512px) 100vw, 5512px\" src=\"data:image\/svg+xml;base64,PHN2ZyB3aWR0aD0iMSIgaGVpZ2h0PSIxIiB4bWxucz0iaHR0cDovL3d3dy53My5vcmcvMjAwMC9zdmciPjwvc3ZnPg==\" style=\"--smush-placeholder-width: 5512px; --smush-placeholder-aspect-ratio: 5512\/3447;\" \/> <img decoding=\"async\" class=\"alignnone size-full wp-image-3027 lazyload\" data-src=\"https:\/\/ubanews.com\/site\/wp-content\/uploads\/2018\/05\/DSC07408-c\u00f3pia.jpg\" alt=\"\" width=\"5512\" height=\"3447\" data-srcset=\"https:\/\/ubanews.com\/site\/wp-content\/uploads\/2018\/05\/DSC07408-c\u00f3pia.jpg 5512w, https:\/\/ubanews.com\/site\/wp-content\/uploads\/2018\/05\/DSC07408-c\u00f3pia-300x188.jpg 300w, https:\/\/ubanews.com\/site\/wp-content\/uploads\/2018\/05\/DSC07408-c\u00f3pia-768x480.jpg 768w, https:\/\/ubanews.com\/site\/wp-content\/uploads\/2018\/05\/DSC07408-c\u00f3pia-1024x640.jpg 1024w\" data-sizes=\"(max-width: 5512px) 100vw, 5512px\" src=\"data:image\/svg+xml;base64,PHN2ZyB3aWR0aD0iMSIgaGVpZ2h0PSIxIiB4bWxucz0iaHR0cDovL3d3dy53My5vcmcvMjAwMC9zdmciPjwvc3ZnPg==\" style=\"--smush-placeholder-width: 5512px; --smush-placeholder-aspect-ratio: 5512\/3447;\" \/> <img decoding=\"async\" class=\"alignnone size-full wp-image-3028 lazyload\" data-src=\"https:\/\/ubanews.com\/site\/wp-content\/uploads\/2018\/05\/DSC07342-c\u00f3pia.jpg\" alt=\"\" width=\"5512\" height=\"3447\" data-srcset=\"https:\/\/ubanews.com\/site\/wp-content\/uploads\/2018\/05\/DSC07342-c\u00f3pia.jpg 5512w, https:\/\/ubanews.com\/site\/wp-content\/uploads\/2018\/05\/DSC07342-c\u00f3pia-300x188.jpg 300w, https:\/\/ubanews.com\/site\/wp-content\/uploads\/2018\/05\/DSC07342-c\u00f3pia-768x480.jpg 768w, https:\/\/ubanews.com\/site\/wp-content\/uploads\/2018\/05\/DSC07342-c\u00f3pia-1024x640.jpg 1024w\" data-sizes=\"(max-width: 5512px) 100vw, 5512px\" src=\"data:image\/svg+xml;base64,PHN2ZyB3aWR0aD0iMSIgaGVpZ2h0PSIxIiB4bWxucz0iaHR0cDovL3d3dy53My5vcmcvMjAwMC9zdmciPjwvc3ZnPg==\" style=\"--smush-placeholder-width: 5512px; --smush-placeholder-aspect-ratio: 5512\/3447;\" \/><\/p>\n<p>&nbsp; &nbsp; &nbsp; &nbsp; &nbsp; &nbsp;Ficou acertado na C\u00e2mara Municipal na reuni\u00e3o Ordin\u00e1ria da \u00faltima quarta-feira (02), que iria acontecer uma reuni\u00e3o, na Escola Municipal Nossa Senhora Aparecida, nesta quinta-feira (03), \u00e0s 19h, para explicar ou tentar esclarecer acerca de um v\u00eddeo pol\u00eamico que circulou nas Redes Sociais na semana passada. Apresentando suas justificativas, os principais atores n\u00e3o compareceram. Milene Amorim, respons\u00e1vel pela autoria do v\u00eddeo e o m\u00e9dico citado nas imagens Doutor Bruno Coelho. Milene esteve representada pelo marido, Edson Lu\u00edz Neto, enquanto o m\u00e9dico n\u00e3o mandou representante.<\/p>\n<p>&nbsp; &nbsp; &nbsp; &nbsp; &nbsp; &nbsp;No v\u00eddeo, a denunciante aponta sua revolta, quanto \u00e0s condi\u00e7\u00f5es em que o m\u00e9dico estava atendendo \u00e0s pessoas. Ap\u00f3s o hor\u00e1rio, onde o expediente j\u00e1 havia encerrado, por\u00e9m, segundo populares, atender do lado de fora, j\u00e1 virou rotina. De acordo com o relato das pessoas, tudo leva a crer que o bom senso do profissional o obrigava agir assim. &nbsp;<\/p>\n<p>&nbsp; &nbsp; &nbsp; &nbsp; &nbsp; &nbsp;Autoridades presentes: Secret\u00e1ria de Sa\u00fade, Dulcinea Thinassi Perini; Gerente de Assist\u00eancia e Vigil\u00e2ncia em Sa\u00fade, Ad\u00e3o Eudes Martins; Coordenadora Geral da Aten\u00e7\u00e3o Prim\u00e1ria, Cristiane Ribeiro; Ouvidor Municipal de Sa\u00fade, Luiz Ant\u00f4nio Pereira; Presidente do Conselho Local da Sa\u00fade, Jo\u00e3o Batista Albino; Vereadores Jorge Cust\u00f3dio Gerv\u00e1sio, Jos\u00e9 Roberto Filgueiras, Gilson Fazolla Filgueiras, Edeir Pacheco da Costa, Antero Gomes de Aguiar e Darci Pires da Silva; com participa\u00e7\u00e3o dos usu\u00e1rios do PSF e comunidades do Bairro Meu Sonho, Olaria, Aeroporto, Ponte Preta e adjac\u00eancias.<\/p>\n<p>&nbsp; &nbsp; &nbsp; &nbsp; &nbsp; &nbsp;Foi esclarecido que, ao final do expediente, o medico Dr. Bruno (pediatra), atendia fora do posto de sa\u00fade, depois do hor\u00e1rio, para somente ver resultados, assist\u00eancias e orienta\u00e7\u00f5es para os pacientes. Para isso, as pessoas n\u00e3o ficavam sem ser atendidas, por motivo de estar excedendo o hor\u00e1rio.<\/p>\n<p>&nbsp; &nbsp; &nbsp; &nbsp; &nbsp; &nbsp;O contrato do m\u00e9dico com o munic\u00edpio venceu no \u00faltimo dia 30 de Abril.<\/p>\n<p>&nbsp; &nbsp; &nbsp; &nbsp; &nbsp; &nbsp;O PSF tem o Doutor At\u00edlio Geraldo Neto de pediatra, marcando ficha na sexta-feira e o atendimento toda segunda-feira.<\/p>\n<p>&nbsp;<\/p>\n","protected":false},"excerpt":{"rendered":"<p>&nbsp; &nbsp; &nbsp; &nbsp; &nbsp; &nbsp;Ficou acertado na C\u00e2mara Municipal<\/p>\n","protected":false},"author":2,"featured_media":3028,"comment_status":"open","ping_status":"open","sticky":false,"template":"","format":"standard","meta":{"footnotes":""},"categories":[1],"tags":[],"class_list":["post-3007","post","type-post","status-publish","format-standard","has-post-thumbnail","hentry","category-sem-categoria"],"yoast_head":"<!-- This site is optimized with the Yoast SEO plugin v27.2 - https:\/\/yoast.com\/product\/yoast-seo-wordpress\/ -->\n<title>Os principais protagonistas do v\u00eddeo pol\u00eamico n\u00e3o apareceram na reuni\u00e3o - Ub\u00e1 News<\/title>\n<meta name=\"robots\" content=\"index, follow, max-snippet:-1, max-image-preview:large, max-video-preview:-1\" \/>\n<link rel=\"canonical\" href=\"https:\/\/ubanews.com\/site\/2018\/05\/04\/os-principais-protagonistas-do-video-polemico-nao-apareceram-na-reuniao\/\" \/>\n<meta property=\"og:locale\" content=\"pt_BR\" \/>\n<meta property=\"og:type\" content=\"article\" \/>\n<meta property=\"og:title\" content=\"Os principais protagonistas do v\u00eddeo pol\u00eamico n\u00e3o apareceram na reuni\u00e3o - Ub\u00e1 News\" \/>\n<meta property=\"og:description\" content=\"&nbsp; &nbsp; &nbsp; &nbsp; &nbsp; &nbsp;Ficou acertado na C\u00e2mara Municipal\" \/>\n<meta property=\"og:url\" content=\"https:\/\/ubanews.com\/site\/2018\/05\/04\/os-principais-protagonistas-do-video-polemico-nao-apareceram-na-reuniao\/\" \/>\n<meta property=\"og:site_name\" content=\"Ub\u00e1 News\" \/>\n<meta property=\"article:publisher\" content=\"https:\/\/www.facebook.com\/Ub%c3%a1News-Carlos-Roberto-Sodr%c3%a9-418778301977370\" \/>\n<meta property=\"article:author\" content=\"https:\/\/www.facebook.com\/carosroberto.sodre.5\/\" \/>\n<meta property=\"article:published_time\" content=\"2018-05-04T11:54:25+00:00\" \/>\n<meta property=\"article:modified_time\" content=\"2018-05-14T17:49:19+00:00\" \/>\n<meta property=\"og:image\" content=\"https:\/\/ubanews.com\/site\/wp-content\/uploads\/2018\/05\/DSC07342-c\u00f3pia.jpg\" \/>\n\t<meta property=\"og:image:width\" content=\"5512\" \/>\n\t<meta property=\"og:image:height\" content=\"3447\" \/>\n\t<meta property=\"og:image:type\" content=\"image\/jpeg\" \/>\n<meta name=\"author\" content=\"Sodr\u00e9\" \/>\n<meta name=\"twitter:card\" content=\"summary_large_image\" \/>\n<meta name=\"twitter:label1\" content=\"Escrito por\" \/>\n\t<meta name=\"twitter:data1\" content=\"Sodr\u00e9\" \/>\n\t<meta name=\"twitter:label2\" content=\"Est. tempo de leitura\" \/>\n\t<meta name=\"twitter:data2\" content=\"2 minutos\" \/>\n<script type=\"application\/ld+json\" class=\"yoast-schema-graph\">{\"@context\":\"https:\/\/schema.org\",\"@graph\":[{\"@type\":\"Article\",\"@id\":\"https:\/\/ubanews.com\/site\/2018\/05\/04\/os-principais-protagonistas-do-video-polemico-nao-apareceram-na-reuniao\/#article\",\"isPartOf\":{\"@id\":\"https:\/\/ubanews.com\/site\/2018\/05\/04\/os-principais-protagonistas-do-video-polemico-nao-apareceram-na-reuniao\/\"},\"author\":{\"name\":\"Sodr\u00e9\",\"@id\":\"https:\/\/ubanews.com\/site\/#\/schema\/person\/d90c9e47252fbb63dcc969fe4c8b9d10\"},\"headline\":\"Os principais protagonistas do v\u00eddeo pol\u00eamico n\u00e3o apareceram na reuni\u00e3o\",\"datePublished\":\"2018-05-04T11:54:25+00:00\",\"dateModified\":\"2018-05-14T17:49:19+00:00\",\"mainEntityOfPage\":{\"@id\":\"https:\/\/ubanews.com\/site\/2018\/05\/04\/os-principais-protagonistas-do-video-polemico-nao-apareceram-na-reuniao\/\"},\"wordCount\":399,\"commentCount\":0,\"publisher\":{\"@id\":\"https:\/\/ubanews.com\/site\/#organization\"},\"image\":{\"@id\":\"https:\/\/ubanews.com\/site\/2018\/05\/04\/os-principais-protagonistas-do-video-polemico-nao-apareceram-na-reuniao\/#primaryimage\"},\"thumbnailUrl\":\"https:\/\/ubanews.com\/site\/wp-content\/uploads\/2018\/05\/DSC07342-c\u00f3pia.jpg\",\"articleSection\":[\"Geral\"],\"inLanguage\":\"pt-BR\",\"potentialAction\":[{\"@type\":\"CommentAction\",\"name\":\"Comment\",\"target\":[\"https:\/\/ubanews.com\/site\/2018\/05\/04\/os-principais-protagonistas-do-video-polemico-nao-apareceram-na-reuniao\/#respond\"]}]},{\"@type\":\"WebPage\",\"@id\":\"https:\/\/ubanews.com\/site\/2018\/05\/04\/os-principais-protagonistas-do-video-polemico-nao-apareceram-na-reuniao\/\",\"url\":\"https:\/\/ubanews.com\/site\/2018\/05\/04\/os-principais-protagonistas-do-video-polemico-nao-apareceram-na-reuniao\/\",\"name\":\"Os principais protagonistas do v\u00eddeo pol\u00eamico n\u00e3o apareceram na reuni\u00e3o - Ub\u00e1 News\",\"isPartOf\":{\"@id\":\"https:\/\/ubanews.com\/site\/#website\"},\"primaryImageOfPage\":{\"@id\":\"https:\/\/ubanews.com\/site\/2018\/05\/04\/os-principais-protagonistas-do-video-polemico-nao-apareceram-na-reuniao\/#primaryimage\"},\"image\":{\"@id\":\"https:\/\/ubanews.com\/site\/2018\/05\/04\/os-principais-protagonistas-do-video-polemico-nao-apareceram-na-reuniao\/#primaryimage\"},\"thumbnailUrl\":\"https:\/\/ubanews.com\/site\/wp-content\/uploads\/2018\/05\/DSC07342-c\u00f3pia.jpg\",\"datePublished\":\"2018-05-04T11:54:25+00:00\",\"dateModified\":\"2018-05-14T17:49:19+00:00\",\"breadcrumb\":{\"@id\":\"https:\/\/ubanews.com\/site\/2018\/05\/04\/os-principais-protagonistas-do-video-polemico-nao-apareceram-na-reuniao\/#breadcrumb\"},\"inLanguage\":\"pt-BR\",\"potentialAction\":[{\"@type\":\"ReadAction\",\"target\":[\"https:\/\/ubanews.com\/site\/2018\/05\/04\/os-principais-protagonistas-do-video-polemico-nao-apareceram-na-reuniao\/\"]}]},{\"@type\":\"ImageObject\",\"inLanguage\":\"pt-BR\",\"@id\":\"https:\/\/ubanews.com\/site\/2018\/05\/04\/os-principais-protagonistas-do-video-polemico-nao-apareceram-na-reuniao\/#primaryimage\",\"url\":\"https:\/\/ubanews.com\/site\/wp-content\/uploads\/2018\/05\/DSC07342-c\u00f3pia.jpg\",\"contentUrl\":\"https:\/\/ubanews.com\/site\/wp-content\/uploads\/2018\/05\/DSC07342-c\u00f3pia.jpg\",\"width\":5512,\"height\":3447},{\"@type\":\"BreadcrumbList\",\"@id\":\"https:\/\/ubanews.com\/site\/2018\/05\/04\/os-principais-protagonistas-do-video-polemico-nao-apareceram-na-reuniao\/#breadcrumb\",\"itemListElement\":[{\"@type\":\"ListItem\",\"position\":1,\"name\":\"Home\",\"item\":\"https:\/\/ubanews.com\/site\/\"},{\"@type\":\"ListItem\",\"position\":2,\"name\":\"Os principais protagonistas do v\u00eddeo pol\u00eamico n\u00e3o apareceram na reuni\u00e3o\"}]},{\"@type\":\"WebSite\",\"@id\":\"https:\/\/ubanews.com\/site\/#website\",\"url\":\"https:\/\/ubanews.com\/site\/\",\"name\":\"Ub\u00e1 News\",\"description\":\"\",\"publisher\":{\"@id\":\"https:\/\/ubanews.com\/site\/#organization\"},\"potentialAction\":[{\"@type\":\"SearchAction\",\"target\":{\"@type\":\"EntryPoint\",\"urlTemplate\":\"https:\/\/ubanews.com\/site\/?s={search_term_string}\"},\"query-input\":{\"@type\":\"PropertyValueSpecification\",\"valueRequired\":true,\"valueName\":\"search_term_string\"}}],\"inLanguage\":\"pt-BR\"},{\"@type\":\"Organization\",\"@id\":\"https:\/\/ubanews.com\/site\/#organization\",\"name\":\"Ub\u00e1 News\",\"url\":\"https:\/\/ubanews.com\/site\/\",\"logo\":{\"@type\":\"ImageObject\",\"inLanguage\":\"pt-BR\",\"@id\":\"https:\/\/ubanews.com\/site\/#\/schema\/logo\/image\/\",\"url\":\"https:\/\/ubanews.com\/site\/wp-content\/uploads\/2018\/01\/logoubanews.png\",\"contentUrl\":\"https:\/\/ubanews.com\/site\/wp-content\/uploads\/2018\/01\/logoubanews.png\",\"width\":261,\"height\":99,\"caption\":\"Ub\u00e1 News\"},\"image\":{\"@id\":\"https:\/\/ubanews.com\/site\/#\/schema\/logo\/image\/\"},\"sameAs\":[\"https:\/\/www.facebook.com\/Ub\u00e1News-Carlos-Roberto-Sodr\u00e9-418778301977370\"]},{\"@type\":\"Person\",\"@id\":\"https:\/\/ubanews.com\/site\/#\/schema\/person\/d90c9e47252fbb63dcc969fe4c8b9d10\",\"name\":\"Sodr\u00e9\",\"image\":{\"@type\":\"ImageObject\",\"inLanguage\":\"pt-BR\",\"@id\":\"https:\/\/secure.gravatar.com\/avatar\/5ba2793f0590b9dbfad3fdec4ee714485b3eef211c9b32ee53d414060454a56c?s=96&d=mm&r=g\",\"url\":\"https:\/\/secure.gravatar.com\/avatar\/5ba2793f0590b9dbfad3fdec4ee714485b3eef211c9b32ee53d414060454a56c?s=96&d=mm&r=g\",\"contentUrl\":\"https:\/\/secure.gravatar.com\/avatar\/5ba2793f0590b9dbfad3fdec4ee714485b3eef211c9b32ee53d414060454a56c?s=96&d=mm&r=g\",\"caption\":\"Sodr\u00e9\"},\"sameAs\":[\"https:\/\/www.facebook.com\/carosroberto.sodre.5\/\"],\"url\":\"https:\/\/ubanews.com\/site\/author\/felipe\/\"}]}<\/script>\n<!-- \/ Yoast SEO plugin. -->","yoast_head_json":{"title":"Os principais protagonistas do v\u00eddeo pol\u00eamico n\u00e3o apareceram na reuni\u00e3o - Ub\u00e1 News","robots":{"index":"index","follow":"follow","max-snippet":"max-snippet:-1","max-image-preview":"max-image-preview:large","max-video-preview":"max-video-preview:-1"},"canonical":"https:\/\/ubanews.com\/site\/2018\/05\/04\/os-principais-protagonistas-do-video-polemico-nao-apareceram-na-reuniao\/","og_locale":"pt_BR","og_type":"article","og_title":"Os principais protagonistas do v\u00eddeo pol\u00eamico n\u00e3o apareceram na reuni\u00e3o - Ub\u00e1 News","og_description":"&nbsp; &nbsp; &nbsp; &nbsp; &nbsp; &nbsp;Ficou acertado na C\u00e2mara Municipal","og_url":"https:\/\/ubanews.com\/site\/2018\/05\/04\/os-principais-protagonistas-do-video-polemico-nao-apareceram-na-reuniao\/","og_site_name":"Ub\u00e1 News","article_publisher":"https:\/\/www.facebook.com\/Ub%c3%a1News-Carlos-Roberto-Sodr%c3%a9-418778301977370","article_author":"https:\/\/www.facebook.com\/carosroberto.sodre.5\/","article_published_time":"2018-05-04T11:54:25+00:00","article_modified_time":"2018-05-14T17:49:19+00:00","og_image":[{"width":5512,"height":3447,"url":"https:\/\/ubanews.com\/site\/wp-content\/uploads\/2018\/05\/DSC07342-c\u00f3pia.jpg","type":"image\/jpeg"}],"author":"Sodr\u00e9","twitter_card":"summary_large_image","twitter_misc":{"Escrito por":"Sodr\u00e9","Est. tempo de leitura":"2 minutos"},"schema":{"@context":"https:\/\/schema.org","@graph":[{"@type":"Article","@id":"https:\/\/ubanews.com\/site\/2018\/05\/04\/os-principais-protagonistas-do-video-polemico-nao-apareceram-na-reuniao\/#article","isPartOf":{"@id":"https:\/\/ubanews.com\/site\/2018\/05\/04\/os-principais-protagonistas-do-video-polemico-nao-apareceram-na-reuniao\/"},"author":{"name":"Sodr\u00e9","@id":"https:\/\/ubanews.com\/site\/#\/schema\/person\/d90c9e47252fbb63dcc969fe4c8b9d10"},"headline":"Os principais protagonistas do v\u00eddeo pol\u00eamico n\u00e3o apareceram na reuni\u00e3o","datePublished":"2018-05-04T11:54:25+00:00","dateModified":"2018-05-14T17:49:19+00:00","mainEntityOfPage":{"@id":"https:\/\/ubanews.com\/site\/2018\/05\/04\/os-principais-protagonistas-do-video-polemico-nao-apareceram-na-reuniao\/"},"wordCount":399,"commentCount":0,"publisher":{"@id":"https:\/\/ubanews.com\/site\/#organization"},"image":{"@id":"https:\/\/ubanews.com\/site\/2018\/05\/04\/os-principais-protagonistas-do-video-polemico-nao-apareceram-na-reuniao\/#primaryimage"},"thumbnailUrl":"https:\/\/ubanews.com\/site\/wp-content\/uploads\/2018\/05\/DSC07342-c\u00f3pia.jpg","articleSection":["Geral"],"inLanguage":"pt-BR","potentialAction":[{"@type":"CommentAction","name":"Comment","target":["https:\/\/ubanews.com\/site\/2018\/05\/04\/os-principais-protagonistas-do-video-polemico-nao-apareceram-na-reuniao\/#respond"]}]},{"@type":"WebPage","@id":"https:\/\/ubanews.com\/site\/2018\/05\/04\/os-principais-protagonistas-do-video-polemico-nao-apareceram-na-reuniao\/","url":"https:\/\/ubanews.com\/site\/2018\/05\/04\/os-principais-protagonistas-do-video-polemico-nao-apareceram-na-reuniao\/","name":"Os principais protagonistas do v\u00eddeo pol\u00eamico n\u00e3o apareceram na reuni\u00e3o - Ub\u00e1 News","isPartOf":{"@id":"https:\/\/ubanews.com\/site\/#website"},"primaryImageOfPage":{"@id":"https:\/\/ubanews.com\/site\/2018\/05\/04\/os-principais-protagonistas-do-video-polemico-nao-apareceram-na-reuniao\/#primaryimage"},"image":{"@id":"https:\/\/ubanews.com\/site\/2018\/05\/04\/os-principais-protagonistas-do-video-polemico-nao-apareceram-na-reuniao\/#primaryimage"},"thumbnailUrl":"https:\/\/ubanews.com\/site\/wp-content\/uploads\/2018\/05\/DSC07342-c\u00f3pia.jpg","datePublished":"2018-05-04T11:54:25+00:00","dateModified":"2018-05-14T17:49:19+00:00","breadcrumb":{"@id":"https:\/\/ubanews.com\/site\/2018\/05\/04\/os-principais-protagonistas-do-video-polemico-nao-apareceram-na-reuniao\/#breadcrumb"},"inLanguage":"pt-BR","potentialAction":[{"@type":"ReadAction","target":["https:\/\/ubanews.com\/site\/2018\/05\/04\/os-principais-protagonistas-do-video-polemico-nao-apareceram-na-reuniao\/"]}]},{"@type":"ImageObject","inLanguage":"pt-BR","@id":"https:\/\/ubanews.com\/site\/2018\/05\/04\/os-principais-protagonistas-do-video-polemico-nao-apareceram-na-reuniao\/#primaryimage","url":"https:\/\/ubanews.com\/site\/wp-content\/uploads\/2018\/05\/DSC07342-c\u00f3pia.jpg","contentUrl":"https:\/\/ubanews.com\/site\/wp-content\/uploads\/2018\/05\/DSC07342-c\u00f3pia.jpg","width":5512,"height":3447},{"@type":"BreadcrumbList","@id":"https:\/\/ubanews.com\/site\/2018\/05\/04\/os-principais-protagonistas-do-video-polemico-nao-apareceram-na-reuniao\/#breadcrumb","itemListElement":[{"@type":"ListItem","position":1,"name":"Home","item":"https:\/\/ubanews.com\/site\/"},{"@type":"ListItem","position":2,"name":"Os principais protagonistas do v\u00eddeo pol\u00eamico n\u00e3o apareceram na reuni\u00e3o"}]},{"@type":"WebSite","@id":"https:\/\/ubanews.com\/site\/#website","url":"https:\/\/ubanews.com\/site\/","name":"Ub\u00e1 News","description":"","publisher":{"@id":"https:\/\/ubanews.com\/site\/#organization"},"potentialAction":[{"@type":"SearchAction","target":{"@type":"EntryPoint","urlTemplate":"https:\/\/ubanews.com\/site\/?s={search_term_string}"},"query-input":{"@type":"PropertyValueSpecification","valueRequired":true,"valueName":"search_term_string"}}],"inLanguage":"pt-BR"},{"@type":"Organization","@id":"https:\/\/ubanews.com\/site\/#organization","name":"Ub\u00e1 News","url":"https:\/\/ubanews.com\/site\/","logo":{"@type":"ImageObject","inLanguage":"pt-BR","@id":"https:\/\/ubanews.com\/site\/#\/schema\/logo\/image\/","url":"https:\/\/ubanews.com\/site\/wp-content\/uploads\/2018\/01\/logoubanews.png","contentUrl":"https:\/\/ubanews.com\/site\/wp-content\/uploads\/2018\/01\/logoubanews.png","width":261,"height":99,"caption":"Ub\u00e1 News"},"image":{"@id":"https:\/\/ubanews.com\/site\/#\/schema\/logo\/image\/"},"sameAs":["https:\/\/www.facebook.com\/Ub\u00e1News-Carlos-Roberto-Sodr\u00e9-418778301977370"]},{"@type":"Person","@id":"https:\/\/ubanews.com\/site\/#\/schema\/person\/d90c9e47252fbb63dcc969fe4c8b9d10","name":"Sodr\u00e9","image":{"@type":"ImageObject","inLanguage":"pt-BR","@id":"https:\/\/secure.gravatar.com\/avatar\/5ba2793f0590b9dbfad3fdec4ee714485b3eef211c9b32ee53d414060454a56c?s=96&d=mm&r=g","url":"https:\/\/secure.gravatar.com\/avatar\/5ba2793f0590b9dbfad3fdec4ee714485b3eef211c9b32ee53d414060454a56c?s=96&d=mm&r=g","contentUrl":"https:\/\/secure.gravatar.com\/avatar\/5ba2793f0590b9dbfad3fdec4ee714485b3eef211c9b32ee53d414060454a56c?s=96&d=mm&r=g","caption":"Sodr\u00e9"},"sameAs":["https:\/\/www.facebook.com\/carosroberto.sodre.5\/"],"url":"https:\/\/ubanews.com\/site\/author\/felipe\/"}]}},"_links":{"self":[{"href":"https:\/\/ubanews.com\/site\/wp-json\/wp\/v2\/posts\/3007","targetHints":{"allow":["GET"]}}],"collection":[{"href":"https:\/\/ubanews.com\/site\/wp-json\/wp\/v2\/posts"}],"about":[{"href":"https:\/\/ubanews.com\/site\/wp-json\/wp\/v2\/types\/post"}],"author":[{"embeddable":true,"href":"https:\/\/ubanews.com\/site\/wp-json\/wp\/v2\/users\/2"}],"replies":[{"embeddable":true,"href":"https:\/\/ubanews.com\/site\/wp-json\/wp\/v2\/comments?post=3007"}],"version-history":[{"count":0,"href":"https:\/\/ubanews.com\/site\/wp-json\/wp\/v2\/posts\/3007\/revisions"}],"wp:featuredmedia":[{"embeddable":true,"href":"https:\/\/ubanews.com\/site\/wp-json\/wp\/v2\/media\/3028"}],"wp:attachment":[{"href":"https:\/\/ubanews.com\/site\/wp-json\/wp\/v2\/media?parent=3007"}],"wp:term":[{"taxonomy":"category","embeddable":true,"href":"https:\/\/ubanews.com\/site\/wp-json\/wp\/v2\/categories?post=3007"},{"taxonomy":"post_tag","embeddable":true,"href":"https:\/\/ubanews.com\/site\/wp-json\/wp\/v2\/tags?post=3007"}],"curies":[{"name":"wp","href":"https:\/\/api.w.org\/{rel}","templated":true}]}}