{"id":2977,"date":"2018-05-02T22:50:18","date_gmt":"2018-05-03T01:50:18","guid":{"rendered":"http:\/\/ubanews.com\/site\/?p=2977"},"modified":"2018-05-05T10:00:46","modified_gmt":"2018-05-05T13:00:46","slug":"reuniao-do-poder-legislativo-tem-vereadores-pedindo-construcao-de-pontes-e-manutencao-das-estradas","status":"publish","type":"post","link":"https:\/\/ubanews.com\/site\/2018\/05\/02\/reuniao-do-poder-legislativo-tem-vereadores-pedindo-construcao-de-pontes-e-manutencao-das-estradas\/","title":{"rendered":"Reuni\u00e3o do poder legislativo tem vereadores pedindo constru\u00e7\u00e3o de pontes e manuten\u00e7\u00e3o das estradas."},"content":{"rendered":"<p><img decoding=\"async\" class=\"alignnone size-full wp-image-2978 lazyload\" data-src=\"https:\/\/ubanews.com\/site\/wp-content\/uploads\/2018\/05\/DSC07334-c\u00f3pia.jpg\" alt=\"\" width=\"5512\" height=\"3447\" data-srcset=\"https:\/\/ubanews.com\/site\/wp-content\/uploads\/2018\/05\/DSC07334-c\u00f3pia.jpg 5512w, https:\/\/ubanews.com\/site\/wp-content\/uploads\/2018\/05\/DSC07334-c\u00f3pia-300x188.jpg 300w, https:\/\/ubanews.com\/site\/wp-content\/uploads\/2018\/05\/DSC07334-c\u00f3pia-768x480.jpg 768w, https:\/\/ubanews.com\/site\/wp-content\/uploads\/2018\/05\/DSC07334-c\u00f3pia-1024x640.jpg 1024w\" data-sizes=\"(max-width: 5512px) 100vw, 5512px\" src=\"data:image\/svg+xml;base64,PHN2ZyB3aWR0aD0iMSIgaGVpZ2h0PSIxIiB4bWxucz0iaHR0cDovL3d3dy53My5vcmcvMjAwMC9zdmciPjwvc3ZnPg==\" style=\"--smush-placeholder-width: 5512px; --smush-placeholder-aspect-ratio: 5512\/3447;\" \/> <img decoding=\"async\" class=\"alignnone size-full wp-image-2979 lazyload\" data-src=\"https:\/\/ubanews.com\/site\/wp-content\/uploads\/2018\/05\/DSC07336-c\u00f3pia.jpg\" alt=\"\" width=\"5512\" height=\"3447\" data-srcset=\"https:\/\/ubanews.com\/site\/wp-content\/uploads\/2018\/05\/DSC07336-c\u00f3pia.jpg 5512w, https:\/\/ubanews.com\/site\/wp-content\/uploads\/2018\/05\/DSC07336-c\u00f3pia-300x188.jpg 300w, https:\/\/ubanews.com\/site\/wp-content\/uploads\/2018\/05\/DSC07336-c\u00f3pia-768x480.jpg 768w, https:\/\/ubanews.com\/site\/wp-content\/uploads\/2018\/05\/DSC07336-c\u00f3pia-1024x640.jpg 1024w\" data-sizes=\"(max-width: 5512px) 100vw, 5512px\" src=\"data:image\/svg+xml;base64,PHN2ZyB3aWR0aD0iMSIgaGVpZ2h0PSIxIiB4bWxucz0iaHR0cDovL3d3dy53My5vcmcvMjAwMC9zdmciPjwvc3ZnPg==\" style=\"--smush-placeholder-width: 5512px; --smush-placeholder-aspect-ratio: 5512\/3447;\" \/> <img decoding=\"async\" class=\"alignnone size-full wp-image-2980 lazyload\" data-src=\"https:\/\/ubanews.com\/site\/wp-content\/uploads\/2018\/05\/DSC07337-c\u00f3pia.jpg\" alt=\"\" width=\"5512\" height=\"3447\" data-srcset=\"https:\/\/ubanews.com\/site\/wp-content\/uploads\/2018\/05\/DSC07337-c\u00f3pia.jpg 5512w, https:\/\/ubanews.com\/site\/wp-content\/uploads\/2018\/05\/DSC07337-c\u00f3pia-300x188.jpg 300w, https:\/\/ubanews.com\/site\/wp-content\/uploads\/2018\/05\/DSC07337-c\u00f3pia-768x480.jpg 768w, https:\/\/ubanews.com\/site\/wp-content\/uploads\/2018\/05\/DSC07337-c\u00f3pia-1024x640.jpg 1024w\" data-sizes=\"(max-width: 5512px) 100vw, 5512px\" src=\"data:image\/svg+xml;base64,PHN2ZyB3aWR0aD0iMSIgaGVpZ2h0PSIxIiB4bWxucz0iaHR0cDovL3d3dy53My5vcmcvMjAwMC9zdmciPjwvc3ZnPg==\" style=\"--smush-placeholder-width: 5512px; --smush-placeholder-aspect-ratio: 5512\/3447;\" \/> <img decoding=\"async\" class=\"alignnone size-full wp-image-2981 lazyload\" data-src=\"https:\/\/ubanews.com\/site\/wp-content\/uploads\/2018\/05\/DSC07338-c\u00f3pia.jpg\" alt=\"\" width=\"5512\" height=\"3447\" data-srcset=\"https:\/\/ubanews.com\/site\/wp-content\/uploads\/2018\/05\/DSC07338-c\u00f3pia.jpg 5512w, https:\/\/ubanews.com\/site\/wp-content\/uploads\/2018\/05\/DSC07338-c\u00f3pia-300x188.jpg 300w, https:\/\/ubanews.com\/site\/wp-content\/uploads\/2018\/05\/DSC07338-c\u00f3pia-768x480.jpg 768w, https:\/\/ubanews.com\/site\/wp-content\/uploads\/2018\/05\/DSC07338-c\u00f3pia-1024x640.jpg 1024w\" data-sizes=\"(max-width: 5512px) 100vw, 5512px\" src=\"data:image\/svg+xml;base64,PHN2ZyB3aWR0aD0iMSIgaGVpZ2h0PSIxIiB4bWxucz0iaHR0cDovL3d3dy53My5vcmcvMjAwMC9zdmciPjwvc3ZnPg==\" style=\"--smush-placeholder-width: 5512px; --smush-placeholder-aspect-ratio: 5512\/3447;\" \/> <img decoding=\"async\" class=\"alignnone size-full wp-image-2982 lazyload\" data-src=\"https:\/\/ubanews.com\/site\/wp-content\/uploads\/2018\/05\/DSC07340-c\u00f3pia.jpg\" alt=\"\" width=\"5512\" height=\"3447\" data-srcset=\"https:\/\/ubanews.com\/site\/wp-content\/uploads\/2018\/05\/DSC07340-c\u00f3pia.jpg 5512w, https:\/\/ubanews.com\/site\/wp-content\/uploads\/2018\/05\/DSC07340-c\u00f3pia-300x188.jpg 300w, https:\/\/ubanews.com\/site\/wp-content\/uploads\/2018\/05\/DSC07340-c\u00f3pia-768x480.jpg 768w, https:\/\/ubanews.com\/site\/wp-content\/uploads\/2018\/05\/DSC07340-c\u00f3pia-1024x640.jpg 1024w\" data-sizes=\"(max-width: 5512px) 100vw, 5512px\" src=\"data:image\/svg+xml;base64,PHN2ZyB3aWR0aD0iMSIgaGVpZ2h0PSIxIiB4bWxucz0iaHR0cDovL3d3dy53My5vcmcvMjAwMC9zdmciPjwvc3ZnPg==\" style=\"--smush-placeholder-width: 5512px; --smush-placeholder-aspect-ratio: 5512\/3447;\" \/> <img decoding=\"async\" class=\"alignnone size-full wp-image-2984 lazyload\" data-src=\"https:\/\/ubanews.com\/site\/wp-content\/uploads\/2018\/05\/DSC07330-c\u00f3pia.jpg\" alt=\"\" width=\"5512\" height=\"3447\" data-srcset=\"https:\/\/ubanews.com\/site\/wp-content\/uploads\/2018\/05\/DSC07330-c\u00f3pia.jpg 5512w, https:\/\/ubanews.com\/site\/wp-content\/uploads\/2018\/05\/DSC07330-c\u00f3pia-300x188.jpg 300w, https:\/\/ubanews.com\/site\/wp-content\/uploads\/2018\/05\/DSC07330-c\u00f3pia-768x480.jpg 768w, https:\/\/ubanews.com\/site\/wp-content\/uploads\/2018\/05\/DSC07330-c\u00f3pia-1024x640.jpg 1024w\" data-sizes=\"(max-width: 5512px) 100vw, 5512px\" src=\"data:image\/svg+xml;base64,PHN2ZyB3aWR0aD0iMSIgaGVpZ2h0PSIxIiB4bWxucz0iaHR0cDovL3d3dy53My5vcmcvMjAwMC9zdmciPjwvc3ZnPg==\" style=\"--smush-placeholder-width: 5512px; --smush-placeholder-aspect-ratio: 5512\/3447;\" \/> <img decoding=\"async\" class=\"alignnone size-full wp-image-2985 lazyload\" data-src=\"https:\/\/ubanews.com\/site\/wp-content\/uploads\/2018\/05\/DSC07332-c\u00f3pia.jpg\" alt=\"\" width=\"5512\" height=\"3447\" data-srcset=\"https:\/\/ubanews.com\/site\/wp-content\/uploads\/2018\/05\/DSC07332-c\u00f3pia.jpg 5512w, https:\/\/ubanews.com\/site\/wp-content\/uploads\/2018\/05\/DSC07332-c\u00f3pia-300x188.jpg 300w, https:\/\/ubanews.com\/site\/wp-content\/uploads\/2018\/05\/DSC07332-c\u00f3pia-768x480.jpg 768w, https:\/\/ubanews.com\/site\/wp-content\/uploads\/2018\/05\/DSC07332-c\u00f3pia-1024x640.jpg 1024w\" data-sizes=\"(max-width: 5512px) 100vw, 5512px\" src=\"data:image\/svg+xml;base64,PHN2ZyB3aWR0aD0iMSIgaGVpZ2h0PSIxIiB4bWxucz0iaHR0cDovL3d3dy53My5vcmcvMjAwMC9zdmciPjwvc3ZnPg==\" style=\"--smush-placeholder-width: 5512px; --smush-placeholder-aspect-ratio: 5512\/3447;\" \/> <img decoding=\"async\" class=\"alignnone size-full wp-image-2986 lazyload\" data-src=\"https:\/\/ubanews.com\/site\/wp-content\/uploads\/2018\/05\/DSC07333-c\u00f3pia.jpg\" alt=\"\" width=\"5512\" height=\"3447\" data-srcset=\"https:\/\/ubanews.com\/site\/wp-content\/uploads\/2018\/05\/DSC07333-c\u00f3pia.jpg 5512w, https:\/\/ubanews.com\/site\/wp-content\/uploads\/2018\/05\/DSC07333-c\u00f3pia-300x188.jpg 300w, https:\/\/ubanews.com\/site\/wp-content\/uploads\/2018\/05\/DSC07333-c\u00f3pia-768x480.jpg 768w, https:\/\/ubanews.com\/site\/wp-content\/uploads\/2018\/05\/DSC07333-c\u00f3pia-1024x640.jpg 1024w\" data-sizes=\"(max-width: 5512px) 100vw, 5512px\" src=\"data:image\/svg+xml;base64,PHN2ZyB3aWR0aD0iMSIgaGVpZ2h0PSIxIiB4bWxucz0iaHR0cDovL3d3dy53My5vcmcvMjAwMC9zdmciPjwvc3ZnPg==\" style=\"--smush-placeholder-width: 5512px; --smush-placeholder-aspect-ratio: 5512\/3447;\" \/><img decoding=\"async\" class=\"alignnone size-full wp-image-2987 lazyload\" data-src=\"https:\/\/ubanews.com\/site\/wp-content\/uploads\/2018\/05\/DSC6756-c\u00f3pia.jpg\" alt=\"\" width=\"4724\" height=\"2954\" data-srcset=\"https:\/\/ubanews.com\/site\/wp-content\/uploads\/2018\/05\/DSC6756-c\u00f3pia.jpg 4724w, https:\/\/ubanews.com\/site\/wp-content\/uploads\/2018\/05\/DSC6756-c\u00f3pia-300x188.jpg 300w, https:\/\/ubanews.com\/site\/wp-content\/uploads\/2018\/05\/DSC6756-c\u00f3pia-768x480.jpg 768w, https:\/\/ubanews.com\/site\/wp-content\/uploads\/2018\/05\/DSC6756-c\u00f3pia-1024x640.jpg 1024w\" data-sizes=\"(max-width: 4724px) 100vw, 4724px\" src=\"data:image\/svg+xml;base64,PHN2ZyB3aWR0aD0iMSIgaGVpZ2h0PSIxIiB4bWxucz0iaHR0cDovL3d3dy53My5vcmcvMjAwMC9zdmciPjwvc3ZnPg==\" style=\"--smush-placeholder-width: 4724px; --smush-placeholder-aspect-ratio: 4724\/2954;\" \/><img decoding=\"async\" class=\"alignnone size-full wp-image-2988 lazyload\" data-src=\"https:\/\/ubanews.com\/site\/wp-content\/uploads\/2018\/05\/DSC6630-c\u00f3pia.jpg\" alt=\"\" width=\"4724\" height=\"2954\" data-srcset=\"https:\/\/ubanews.com\/site\/wp-content\/uploads\/2018\/05\/DSC6630-c\u00f3pia.jpg 4724w, https:\/\/ubanews.com\/site\/wp-content\/uploads\/2018\/05\/DSC6630-c\u00f3pia-300x188.jpg 300w, https:\/\/ubanews.com\/site\/wp-content\/uploads\/2018\/05\/DSC6630-c\u00f3pia-768x480.jpg 768w, https:\/\/ubanews.com\/site\/wp-content\/uploads\/2018\/05\/DSC6630-c\u00f3pia-1024x640.jpg 1024w\" data-sizes=\"(max-width: 4724px) 100vw, 4724px\" src=\"data:image\/svg+xml;base64,PHN2ZyB3aWR0aD0iMSIgaGVpZ2h0PSIxIiB4bWxucz0iaHR0cDovL3d3dy53My5vcmcvMjAwMC9zdmciPjwvc3ZnPg==\" style=\"--smush-placeholder-width: 4724px; --smush-placeholder-aspect-ratio: 4724\/2954;\" \/><img decoding=\"async\" class=\"alignnone size-full wp-image-2989 lazyload\" data-src=\"https:\/\/ubanews.com\/site\/wp-content\/uploads\/2018\/05\/DSC6622-c\u00f3pia.jpg\" alt=\"\" width=\"4724\" height=\"2954\" data-srcset=\"https:\/\/ubanews.com\/site\/wp-content\/uploads\/2018\/05\/DSC6622-c\u00f3pia.jpg 4724w, https:\/\/ubanews.com\/site\/wp-content\/uploads\/2018\/05\/DSC6622-c\u00f3pia-300x188.jpg 300w, https:\/\/ubanews.com\/site\/wp-content\/uploads\/2018\/05\/DSC6622-c\u00f3pia-768x480.jpg 768w, https:\/\/ubanews.com\/site\/wp-content\/uploads\/2018\/05\/DSC6622-c\u00f3pia-1024x640.jpg 1024w\" data-sizes=\"(max-width: 4724px) 100vw, 4724px\" src=\"data:image\/svg+xml;base64,PHN2ZyB3aWR0aD0iMSIgaGVpZ2h0PSIxIiB4bWxucz0iaHR0cDovL3d3dy53My5vcmcvMjAwMC9zdmciPjwvc3ZnPg==\" style=\"--smush-placeholder-width: 4724px; --smush-placeholder-aspect-ratio: 4724\/2954;\" \/><\/p>\n<p>&nbsp; &nbsp; &nbsp; &nbsp; &nbsp; &nbsp; A reuni\u00e3o do Poder Legislativo durou apenas uma hora. Na palavra livre o discurso de praticamente todos os vereadores foi o mesmo: Edeir Pacheco da Costa, vice-presidente da C\u00e2mara Municipal, defendeu a ideia de uma reforma urgente na ponte de madeira na regi\u00e3o do Aeroporto. Uma passagem importante que liga \u00e0s comunidades das Posses, Emboque e adjac\u00eancias. O pedido teve as anota\u00e7\u00f5es do Assessor de Imprensa da Prefeitura Municipal, Kiko Garcia. O vereador fez quest\u00e3o de pedir em regime de urg\u00eancia.<\/p>\n<p>&nbsp; &nbsp; &nbsp; &nbsp; &nbsp; &nbsp; Antero Gomes de Aguiar (Antero do \u00f4nibus), <a href=\"http:\/\/sapl.uba.mg.leg.br\/consultas\/parlamentar\/parlamentar_mostrar_proc?cod_parlamentar=16\">Luis Carlos Teixeira Ribeiro<\/a> (Escuro), Gilson Fazolla Filgueiras (Pica Pau), defenderam a manuten\u00e7\u00e3o das estradas e ruas. A vereadora Jane Lacerda comunicou que o castram\u00f3vel est\u00e1 saindo do Serra Verde, indo para Col\u00f4nia, deixando feliz o vereador Alexandre de Barros Mendes (Lec). O vereador Gilson Pica Pau, questionou a vereadora Jane Lacerda a respeito dos c\u00e3es em via p\u00fablica, citando, por exemplo, Miragaia e Ubari, Jane respondeu que est\u00e1 buscando parcerias para atender essa demanda. Ela lembrou que c\u00e3es e cadelas foram trazidos de Miragaia, para serem castrados, por\u00e9m a vereadora tem consci\u00eancia de que o n\u00famero de castra\u00e7\u00e3o foi insuficiente.<\/p>\n<p>&nbsp; &nbsp; &nbsp; &nbsp; &nbsp; &nbsp; Jorge Cust\u00f3dio Gerv\u00e1sio (Jorge da Kombi), relatou sobre um fato desagrad\u00e1vel em sua comunidade, onde um m\u00e9dico atendeu do lado de fora do consult\u00f3rio, gerando pol\u00eamica, indo parar nas Redes Sociais. O vereador pediu provid\u00eancias por parte da administra\u00e7\u00e3o e da Secret\u00e1ria Municipal de Sa\u00fade. \u201cSe o m\u00e9dico errou, se a secretaria errou ou se o PSF errou n\u00e3o pode continuar errando\u201d. Jorge da Kombi informou que uma reuni\u00e3o vai acontecer nesta quinta-feira (03), \u00e0s 19h, na Escola Municipal Nossa Senhora Aparecida para tratar desse assunto. Alexandre agradeceu a colega Jane Lacerda por levar o castram\u00f3vel para Col\u00f4nia, enaltecendo as atua\u00e7\u00f5es do Secret\u00e1rio de Obras, apontando-o como o melhor secret\u00e1rio de obras do pa\u00eds.<\/p>\n<p>&nbsp; &nbsp; &nbsp; &nbsp; &nbsp; &nbsp; O vereador Jos\u00e9 Roberto Filgueiras destacou a recupera\u00e7\u00e3o das pontes, destacando ainda sobre quest\u00f5es do PSF do bairro Schiavon. Segundo ele, apesar de toda dificuldade, mas os profissionais daquela unidade est\u00e3o dando o m\u00e1ximo para atender a todos com dignidade. Jos\u00e9 Roberto colocou a sa\u00fade da cidade como modelo para os outros munic\u00edpios, por\u00e9m o vereador defende uma melhor informa\u00e7\u00e3o para o mun\u00edcipe, explicando, por exemplo, qual \u00e9 a fun\u00e7\u00e3o do PSF, evitando assim, uma super lota\u00e7\u00e3o nas filas dos hospitais.<\/p>\n","protected":false},"excerpt":{"rendered":"<p>&nbsp; &nbsp; &nbsp; &nbsp; &nbsp; &nbsp; A reuni\u00e3o do Poder<\/p>\n","protected":false},"author":2,"featured_media":2983,"comment_status":"open","ping_status":"open","sticky":false,"template":"","format":"standard","meta":{"footnotes":""},"categories":[1],"tags":[],"class_list":["post-2977","post","type-post","status-publish","format-standard","has-post-thumbnail","hentry","category-sem-categoria"],"yoast_head":"<!-- This site is optimized with the Yoast SEO plugin v27.2 - https:\/\/yoast.com\/product\/yoast-seo-wordpress\/ -->\n<title>Reuni\u00e3o do poder legislativo tem vereadores pedindo constru\u00e7\u00e3o de pontes e manuten\u00e7\u00e3o das estradas. - Ub\u00e1 News<\/title>\n<meta name=\"robots\" content=\"index, follow, max-snippet:-1, max-image-preview:large, max-video-preview:-1\" \/>\n<link rel=\"canonical\" href=\"https:\/\/ubanews.com\/site\/2018\/05\/02\/reuniao-do-poder-legislativo-tem-vereadores-pedindo-construcao-de-pontes-e-manutencao-das-estradas\/\" \/>\n<meta property=\"og:locale\" content=\"pt_BR\" \/>\n<meta property=\"og:type\" content=\"article\" \/>\n<meta property=\"og:title\" content=\"Reuni\u00e3o do poder legislativo tem vereadores pedindo constru\u00e7\u00e3o de pontes e manuten\u00e7\u00e3o das estradas. - Ub\u00e1 News\" \/>\n<meta property=\"og:description\" content=\"&nbsp; &nbsp; &nbsp; &nbsp; &nbsp; &nbsp; A reuni\u00e3o do Poder\" \/>\n<meta property=\"og:url\" content=\"https:\/\/ubanews.com\/site\/2018\/05\/02\/reuniao-do-poder-legislativo-tem-vereadores-pedindo-construcao-de-pontes-e-manutencao-das-estradas\/\" \/>\n<meta property=\"og:site_name\" content=\"Ub\u00e1 News\" \/>\n<meta property=\"article:publisher\" content=\"https:\/\/www.facebook.com\/Ub%c3%a1News-Carlos-Roberto-Sodr%c3%a9-418778301977370\" \/>\n<meta property=\"article:author\" content=\"https:\/\/www.facebook.com\/carosroberto.sodre.5\/\" \/>\n<meta property=\"article:published_time\" content=\"2018-05-03T01:50:18+00:00\" \/>\n<meta property=\"article:modified_time\" content=\"2018-05-05T13:00:46+00:00\" \/>\n<meta property=\"og:image\" content=\"https:\/\/ubanews.com\/site\/wp-content\/uploads\/2018\/05\/DSC07328-c\u00f3pia.jpg\" \/>\n\t<meta property=\"og:image:width\" content=\"5512\" \/>\n\t<meta property=\"og:image:height\" content=\"3447\" \/>\n\t<meta property=\"og:image:type\" content=\"image\/jpeg\" \/>\n<meta name=\"author\" content=\"Sodr\u00e9\" \/>\n<meta name=\"twitter:card\" content=\"summary_large_image\" \/>\n<meta name=\"twitter:label1\" content=\"Escrito por\" \/>\n\t<meta name=\"twitter:data1\" content=\"Sodr\u00e9\" \/>\n\t<meta name=\"twitter:label2\" content=\"Est. tempo de leitura\" \/>\n\t<meta name=\"twitter:data2\" content=\"2 minutos\" \/>\n<script type=\"application\/ld+json\" class=\"yoast-schema-graph\">{\"@context\":\"https:\/\/schema.org\",\"@graph\":[{\"@type\":\"Article\",\"@id\":\"https:\/\/ubanews.com\/site\/2018\/05\/02\/reuniao-do-poder-legislativo-tem-vereadores-pedindo-construcao-de-pontes-e-manutencao-das-estradas\/#article\",\"isPartOf\":{\"@id\":\"https:\/\/ubanews.com\/site\/2018\/05\/02\/reuniao-do-poder-legislativo-tem-vereadores-pedindo-construcao-de-pontes-e-manutencao-das-estradas\/\"},\"author\":{\"name\":\"Sodr\u00e9\",\"@id\":\"https:\/\/ubanews.com\/site\/#\/schema\/person\/d90c9e47252fbb63dcc969fe4c8b9d10\"},\"headline\":\"Reuni\u00e3o do poder legislativo tem vereadores pedindo constru\u00e7\u00e3o de pontes e manuten\u00e7\u00e3o das estradas.\",\"datePublished\":\"2018-05-03T01:50:18+00:00\",\"dateModified\":\"2018-05-05T13:00:46+00:00\",\"mainEntityOfPage\":{\"@id\":\"https:\/\/ubanews.com\/site\/2018\/05\/02\/reuniao-do-poder-legislativo-tem-vereadores-pedindo-construcao-de-pontes-e-manutencao-das-estradas\/\"},\"wordCount\":470,\"commentCount\":0,\"publisher\":{\"@id\":\"https:\/\/ubanews.com\/site\/#organization\"},\"image\":{\"@id\":\"https:\/\/ubanews.com\/site\/2018\/05\/02\/reuniao-do-poder-legislativo-tem-vereadores-pedindo-construcao-de-pontes-e-manutencao-das-estradas\/#primaryimage\"},\"thumbnailUrl\":\"https:\/\/ubanews.com\/site\/wp-content\/uploads\/2018\/05\/DSC07328-c\u00f3pia.jpg\",\"articleSection\":[\"Geral\"],\"inLanguage\":\"pt-BR\",\"potentialAction\":[{\"@type\":\"CommentAction\",\"name\":\"Comment\",\"target\":[\"https:\/\/ubanews.com\/site\/2018\/05\/02\/reuniao-do-poder-legislativo-tem-vereadores-pedindo-construcao-de-pontes-e-manutencao-das-estradas\/#respond\"]}]},{\"@type\":\"WebPage\",\"@id\":\"https:\/\/ubanews.com\/site\/2018\/05\/02\/reuniao-do-poder-legislativo-tem-vereadores-pedindo-construcao-de-pontes-e-manutencao-das-estradas\/\",\"url\":\"https:\/\/ubanews.com\/site\/2018\/05\/02\/reuniao-do-poder-legislativo-tem-vereadores-pedindo-construcao-de-pontes-e-manutencao-das-estradas\/\",\"name\":\"Reuni\u00e3o do poder legislativo tem vereadores pedindo constru\u00e7\u00e3o de pontes e manuten\u00e7\u00e3o das estradas. - Ub\u00e1 News\",\"isPartOf\":{\"@id\":\"https:\/\/ubanews.com\/site\/#website\"},\"primaryImageOfPage\":{\"@id\":\"https:\/\/ubanews.com\/site\/2018\/05\/02\/reuniao-do-poder-legislativo-tem-vereadores-pedindo-construcao-de-pontes-e-manutencao-das-estradas\/#primaryimage\"},\"image\":{\"@id\":\"https:\/\/ubanews.com\/site\/2018\/05\/02\/reuniao-do-poder-legislativo-tem-vereadores-pedindo-construcao-de-pontes-e-manutencao-das-estradas\/#primaryimage\"},\"thumbnailUrl\":\"https:\/\/ubanews.com\/site\/wp-content\/uploads\/2018\/05\/DSC07328-c\u00f3pia.jpg\",\"datePublished\":\"2018-05-03T01:50:18+00:00\",\"dateModified\":\"2018-05-05T13:00:46+00:00\",\"breadcrumb\":{\"@id\":\"https:\/\/ubanews.com\/site\/2018\/05\/02\/reuniao-do-poder-legislativo-tem-vereadores-pedindo-construcao-de-pontes-e-manutencao-das-estradas\/#breadcrumb\"},\"inLanguage\":\"pt-BR\",\"potentialAction\":[{\"@type\":\"ReadAction\",\"target\":[\"https:\/\/ubanews.com\/site\/2018\/05\/02\/reuniao-do-poder-legislativo-tem-vereadores-pedindo-construcao-de-pontes-e-manutencao-das-estradas\/\"]}]},{\"@type\":\"ImageObject\",\"inLanguage\":\"pt-BR\",\"@id\":\"https:\/\/ubanews.com\/site\/2018\/05\/02\/reuniao-do-poder-legislativo-tem-vereadores-pedindo-construcao-de-pontes-e-manutencao-das-estradas\/#primaryimage\",\"url\":\"https:\/\/ubanews.com\/site\/wp-content\/uploads\/2018\/05\/DSC07328-c\u00f3pia.jpg\",\"contentUrl\":\"https:\/\/ubanews.com\/site\/wp-content\/uploads\/2018\/05\/DSC07328-c\u00f3pia.jpg\",\"width\":5512,\"height\":3447},{\"@type\":\"BreadcrumbList\",\"@id\":\"https:\/\/ubanews.com\/site\/2018\/05\/02\/reuniao-do-poder-legislativo-tem-vereadores-pedindo-construcao-de-pontes-e-manutencao-das-estradas\/#breadcrumb\",\"itemListElement\":[{\"@type\":\"ListItem\",\"position\":1,\"name\":\"Home\",\"item\":\"https:\/\/ubanews.com\/site\/\"},{\"@type\":\"ListItem\",\"position\":2,\"name\":\"Reuni\u00e3o do poder legislativo tem vereadores pedindo constru\u00e7\u00e3o de pontes e manuten\u00e7\u00e3o das estradas.\"}]},{\"@type\":\"WebSite\",\"@id\":\"https:\/\/ubanews.com\/site\/#website\",\"url\":\"https:\/\/ubanews.com\/site\/\",\"name\":\"Ub\u00e1 News\",\"description\":\"\",\"publisher\":{\"@id\":\"https:\/\/ubanews.com\/site\/#organization\"},\"potentialAction\":[{\"@type\":\"SearchAction\",\"target\":{\"@type\":\"EntryPoint\",\"urlTemplate\":\"https:\/\/ubanews.com\/site\/?s={search_term_string}\"},\"query-input\":{\"@type\":\"PropertyValueSpecification\",\"valueRequired\":true,\"valueName\":\"search_term_string\"}}],\"inLanguage\":\"pt-BR\"},{\"@type\":\"Organization\",\"@id\":\"https:\/\/ubanews.com\/site\/#organization\",\"name\":\"Ub\u00e1 News\",\"url\":\"https:\/\/ubanews.com\/site\/\",\"logo\":{\"@type\":\"ImageObject\",\"inLanguage\":\"pt-BR\",\"@id\":\"https:\/\/ubanews.com\/site\/#\/schema\/logo\/image\/\",\"url\":\"https:\/\/ubanews.com\/site\/wp-content\/uploads\/2018\/01\/logoubanews.png\",\"contentUrl\":\"https:\/\/ubanews.com\/site\/wp-content\/uploads\/2018\/01\/logoubanews.png\",\"width\":261,\"height\":99,\"caption\":\"Ub\u00e1 News\"},\"image\":{\"@id\":\"https:\/\/ubanews.com\/site\/#\/schema\/logo\/image\/\"},\"sameAs\":[\"https:\/\/www.facebook.com\/Ub\u00e1News-Carlos-Roberto-Sodr\u00e9-418778301977370\"]},{\"@type\":\"Person\",\"@id\":\"https:\/\/ubanews.com\/site\/#\/schema\/person\/d90c9e47252fbb63dcc969fe4c8b9d10\",\"name\":\"Sodr\u00e9\",\"image\":{\"@type\":\"ImageObject\",\"inLanguage\":\"pt-BR\",\"@id\":\"https:\/\/secure.gravatar.com\/avatar\/5ba2793f0590b9dbfad3fdec4ee714485b3eef211c9b32ee53d414060454a56c?s=96&d=mm&r=g\",\"url\":\"https:\/\/secure.gravatar.com\/avatar\/5ba2793f0590b9dbfad3fdec4ee714485b3eef211c9b32ee53d414060454a56c?s=96&d=mm&r=g\",\"contentUrl\":\"https:\/\/secure.gravatar.com\/avatar\/5ba2793f0590b9dbfad3fdec4ee714485b3eef211c9b32ee53d414060454a56c?s=96&d=mm&r=g\",\"caption\":\"Sodr\u00e9\"},\"sameAs\":[\"https:\/\/www.facebook.com\/carosroberto.sodre.5\/\"],\"url\":\"https:\/\/ubanews.com\/site\/author\/felipe\/\"}]}<\/script>\n<!-- \/ Yoast SEO plugin. -->","yoast_head_json":{"title":"Reuni\u00e3o do poder legislativo tem vereadores pedindo constru\u00e7\u00e3o de pontes e manuten\u00e7\u00e3o das estradas. - Ub\u00e1 News","robots":{"index":"index","follow":"follow","max-snippet":"max-snippet:-1","max-image-preview":"max-image-preview:large","max-video-preview":"max-video-preview:-1"},"canonical":"https:\/\/ubanews.com\/site\/2018\/05\/02\/reuniao-do-poder-legislativo-tem-vereadores-pedindo-construcao-de-pontes-e-manutencao-das-estradas\/","og_locale":"pt_BR","og_type":"article","og_title":"Reuni\u00e3o do poder legislativo tem vereadores pedindo constru\u00e7\u00e3o de pontes e manuten\u00e7\u00e3o das estradas. - Ub\u00e1 News","og_description":"&nbsp; &nbsp; &nbsp; &nbsp; &nbsp; &nbsp; A reuni\u00e3o do Poder","og_url":"https:\/\/ubanews.com\/site\/2018\/05\/02\/reuniao-do-poder-legislativo-tem-vereadores-pedindo-construcao-de-pontes-e-manutencao-das-estradas\/","og_site_name":"Ub\u00e1 News","article_publisher":"https:\/\/www.facebook.com\/Ub%c3%a1News-Carlos-Roberto-Sodr%c3%a9-418778301977370","article_author":"https:\/\/www.facebook.com\/carosroberto.sodre.5\/","article_published_time":"2018-05-03T01:50:18+00:00","article_modified_time":"2018-05-05T13:00:46+00:00","og_image":[{"width":5512,"height":3447,"url":"https:\/\/ubanews.com\/site\/wp-content\/uploads\/2018\/05\/DSC07328-c\u00f3pia.jpg","type":"image\/jpeg"}],"author":"Sodr\u00e9","twitter_card":"summary_large_image","twitter_misc":{"Escrito por":"Sodr\u00e9","Est. tempo de leitura":"2 minutos"},"schema":{"@context":"https:\/\/schema.org","@graph":[{"@type":"Article","@id":"https:\/\/ubanews.com\/site\/2018\/05\/02\/reuniao-do-poder-legislativo-tem-vereadores-pedindo-construcao-de-pontes-e-manutencao-das-estradas\/#article","isPartOf":{"@id":"https:\/\/ubanews.com\/site\/2018\/05\/02\/reuniao-do-poder-legislativo-tem-vereadores-pedindo-construcao-de-pontes-e-manutencao-das-estradas\/"},"author":{"name":"Sodr\u00e9","@id":"https:\/\/ubanews.com\/site\/#\/schema\/person\/d90c9e47252fbb63dcc969fe4c8b9d10"},"headline":"Reuni\u00e3o do poder legislativo tem vereadores pedindo constru\u00e7\u00e3o de pontes e manuten\u00e7\u00e3o das estradas.","datePublished":"2018-05-03T01:50:18+00:00","dateModified":"2018-05-05T13:00:46+00:00","mainEntityOfPage":{"@id":"https:\/\/ubanews.com\/site\/2018\/05\/02\/reuniao-do-poder-legislativo-tem-vereadores-pedindo-construcao-de-pontes-e-manutencao-das-estradas\/"},"wordCount":470,"commentCount":0,"publisher":{"@id":"https:\/\/ubanews.com\/site\/#organization"},"image":{"@id":"https:\/\/ubanews.com\/site\/2018\/05\/02\/reuniao-do-poder-legislativo-tem-vereadores-pedindo-construcao-de-pontes-e-manutencao-das-estradas\/#primaryimage"},"thumbnailUrl":"https:\/\/ubanews.com\/site\/wp-content\/uploads\/2018\/05\/DSC07328-c\u00f3pia.jpg","articleSection":["Geral"],"inLanguage":"pt-BR","potentialAction":[{"@type":"CommentAction","name":"Comment","target":["https:\/\/ubanews.com\/site\/2018\/05\/02\/reuniao-do-poder-legislativo-tem-vereadores-pedindo-construcao-de-pontes-e-manutencao-das-estradas\/#respond"]}]},{"@type":"WebPage","@id":"https:\/\/ubanews.com\/site\/2018\/05\/02\/reuniao-do-poder-legislativo-tem-vereadores-pedindo-construcao-de-pontes-e-manutencao-das-estradas\/","url":"https:\/\/ubanews.com\/site\/2018\/05\/02\/reuniao-do-poder-legislativo-tem-vereadores-pedindo-construcao-de-pontes-e-manutencao-das-estradas\/","name":"Reuni\u00e3o do poder legislativo tem vereadores pedindo constru\u00e7\u00e3o de pontes e manuten\u00e7\u00e3o das estradas. - Ub\u00e1 News","isPartOf":{"@id":"https:\/\/ubanews.com\/site\/#website"},"primaryImageOfPage":{"@id":"https:\/\/ubanews.com\/site\/2018\/05\/02\/reuniao-do-poder-legislativo-tem-vereadores-pedindo-construcao-de-pontes-e-manutencao-das-estradas\/#primaryimage"},"image":{"@id":"https:\/\/ubanews.com\/site\/2018\/05\/02\/reuniao-do-poder-legislativo-tem-vereadores-pedindo-construcao-de-pontes-e-manutencao-das-estradas\/#primaryimage"},"thumbnailUrl":"https:\/\/ubanews.com\/site\/wp-content\/uploads\/2018\/05\/DSC07328-c\u00f3pia.jpg","datePublished":"2018-05-03T01:50:18+00:00","dateModified":"2018-05-05T13:00:46+00:00","breadcrumb":{"@id":"https:\/\/ubanews.com\/site\/2018\/05\/02\/reuniao-do-poder-legislativo-tem-vereadores-pedindo-construcao-de-pontes-e-manutencao-das-estradas\/#breadcrumb"},"inLanguage":"pt-BR","potentialAction":[{"@type":"ReadAction","target":["https:\/\/ubanews.com\/site\/2018\/05\/02\/reuniao-do-poder-legislativo-tem-vereadores-pedindo-construcao-de-pontes-e-manutencao-das-estradas\/"]}]},{"@type":"ImageObject","inLanguage":"pt-BR","@id":"https:\/\/ubanews.com\/site\/2018\/05\/02\/reuniao-do-poder-legislativo-tem-vereadores-pedindo-construcao-de-pontes-e-manutencao-das-estradas\/#primaryimage","url":"https:\/\/ubanews.com\/site\/wp-content\/uploads\/2018\/05\/DSC07328-c\u00f3pia.jpg","contentUrl":"https:\/\/ubanews.com\/site\/wp-content\/uploads\/2018\/05\/DSC07328-c\u00f3pia.jpg","width":5512,"height":3447},{"@type":"BreadcrumbList","@id":"https:\/\/ubanews.com\/site\/2018\/05\/02\/reuniao-do-poder-legislativo-tem-vereadores-pedindo-construcao-de-pontes-e-manutencao-das-estradas\/#breadcrumb","itemListElement":[{"@type":"ListItem","position":1,"name":"Home","item":"https:\/\/ubanews.com\/site\/"},{"@type":"ListItem","position":2,"name":"Reuni\u00e3o do poder legislativo tem vereadores pedindo constru\u00e7\u00e3o de pontes e manuten\u00e7\u00e3o das estradas."}]},{"@type":"WebSite","@id":"https:\/\/ubanews.com\/site\/#website","url":"https:\/\/ubanews.com\/site\/","name":"Ub\u00e1 News","description":"","publisher":{"@id":"https:\/\/ubanews.com\/site\/#organization"},"potentialAction":[{"@type":"SearchAction","target":{"@type":"EntryPoint","urlTemplate":"https:\/\/ubanews.com\/site\/?s={search_term_string}"},"query-input":{"@type":"PropertyValueSpecification","valueRequired":true,"valueName":"search_term_string"}}],"inLanguage":"pt-BR"},{"@type":"Organization","@id":"https:\/\/ubanews.com\/site\/#organization","name":"Ub\u00e1 News","url":"https:\/\/ubanews.com\/site\/","logo":{"@type":"ImageObject","inLanguage":"pt-BR","@id":"https:\/\/ubanews.com\/site\/#\/schema\/logo\/image\/","url":"https:\/\/ubanews.com\/site\/wp-content\/uploads\/2018\/01\/logoubanews.png","contentUrl":"https:\/\/ubanews.com\/site\/wp-content\/uploads\/2018\/01\/logoubanews.png","width":261,"height":99,"caption":"Ub\u00e1 News"},"image":{"@id":"https:\/\/ubanews.com\/site\/#\/schema\/logo\/image\/"},"sameAs":["https:\/\/www.facebook.com\/Ub\u00e1News-Carlos-Roberto-Sodr\u00e9-418778301977370"]},{"@type":"Person","@id":"https:\/\/ubanews.com\/site\/#\/schema\/person\/d90c9e47252fbb63dcc969fe4c8b9d10","name":"Sodr\u00e9","image":{"@type":"ImageObject","inLanguage":"pt-BR","@id":"https:\/\/secure.gravatar.com\/avatar\/5ba2793f0590b9dbfad3fdec4ee714485b3eef211c9b32ee53d414060454a56c?s=96&d=mm&r=g","url":"https:\/\/secure.gravatar.com\/avatar\/5ba2793f0590b9dbfad3fdec4ee714485b3eef211c9b32ee53d414060454a56c?s=96&d=mm&r=g","contentUrl":"https:\/\/secure.gravatar.com\/avatar\/5ba2793f0590b9dbfad3fdec4ee714485b3eef211c9b32ee53d414060454a56c?s=96&d=mm&r=g","caption":"Sodr\u00e9"},"sameAs":["https:\/\/www.facebook.com\/carosroberto.sodre.5\/"],"url":"https:\/\/ubanews.com\/site\/author\/felipe\/"}]}},"_links":{"self":[{"href":"https:\/\/ubanews.com\/site\/wp-json\/wp\/v2\/posts\/2977","targetHints":{"allow":["GET"]}}],"collection":[{"href":"https:\/\/ubanews.com\/site\/wp-json\/wp\/v2\/posts"}],"about":[{"href":"https:\/\/ubanews.com\/site\/wp-json\/wp\/v2\/types\/post"}],"author":[{"embeddable":true,"href":"https:\/\/ubanews.com\/site\/wp-json\/wp\/v2\/users\/2"}],"replies":[{"embeddable":true,"href":"https:\/\/ubanews.com\/site\/wp-json\/wp\/v2\/comments?post=2977"}],"version-history":[{"count":0,"href":"https:\/\/ubanews.com\/site\/wp-json\/wp\/v2\/posts\/2977\/revisions"}],"wp:featuredmedia":[{"embeddable":true,"href":"https:\/\/ubanews.com\/site\/wp-json\/wp\/v2\/media\/2983"}],"wp:attachment":[{"href":"https:\/\/ubanews.com\/site\/wp-json\/wp\/v2\/media?parent=2977"}],"wp:term":[{"taxonomy":"category","embeddable":true,"href":"https:\/\/ubanews.com\/site\/wp-json\/wp\/v2\/categories?post=2977"},{"taxonomy":"post_tag","embeddable":true,"href":"https:\/\/ubanews.com\/site\/wp-json\/wp\/v2\/tags?post=2977"}],"curies":[{"name":"wp","href":"https:\/\/api.w.org\/{rel}","templated":true}]}}