{"id":2853,"date":"2018-04-30T20:31:59","date_gmt":"2018-04-30T23:31:59","guid":{"rendered":"http:\/\/ubanews.com\/site\/?p=2853"},"modified":"2018-05-05T09:59:59","modified_gmt":"2018-05-05T12:59:59","slug":"america-futebol-clube-faz-aniversario-e-as-comemoracoes-chegam-a-uba","status":"publish","type":"post","link":"https:\/\/ubanews.com\/site\/2018\/04\/30\/america-futebol-clube-faz-aniversario-e-as-comemoracoes-chegam-a-uba\/","title":{"rendered":"Am\u00e9rica Futebol Clube faz anivers\u00e1rio e as comemora\u00e7\u00f5es chegam a Ub\u00e1"},"content":{"rendered":"<p><img decoding=\"async\" class=\"alignnone size-full wp-image-2854 lazyload\" data-src=\"https:\/\/ubanews.com\/site\/wp-content\/uploads\/2018\/04\/DSC07116-c\u00f3pia.jpg\" alt=\"\" width=\"5512\" height=\"3447\" data-srcset=\"https:\/\/ubanews.com\/site\/wp-content\/uploads\/2018\/04\/DSC07116-c\u00f3pia.jpg 5512w, https:\/\/ubanews.com\/site\/wp-content\/uploads\/2018\/04\/DSC07116-c\u00f3pia-300x188.jpg 300w, https:\/\/ubanews.com\/site\/wp-content\/uploads\/2018\/04\/DSC07116-c\u00f3pia-768x480.jpg 768w, https:\/\/ubanews.com\/site\/wp-content\/uploads\/2018\/04\/DSC07116-c\u00f3pia-1024x640.jpg 1024w\" data-sizes=\"(max-width: 5512px) 100vw, 5512px\" src=\"data:image\/svg+xml;base64,PHN2ZyB3aWR0aD0iMSIgaGVpZ2h0PSIxIiB4bWxucz0iaHR0cDovL3d3dy53My5vcmcvMjAwMC9zdmciPjwvc3ZnPg==\" style=\"--smush-placeholder-width: 5512px; --smush-placeholder-aspect-ratio: 5512\/3447;\" \/> <img decoding=\"async\" class=\"alignnone size-full wp-image-2855 lazyload\" data-src=\"https:\/\/ubanews.com\/site\/wp-content\/uploads\/2018\/04\/DSC07131-c\u00f3pia.jpg\" alt=\"\" width=\"5512\" height=\"3447\" data-srcset=\"https:\/\/ubanews.com\/site\/wp-content\/uploads\/2018\/04\/DSC07131-c\u00f3pia.jpg 5512w, https:\/\/ubanews.com\/site\/wp-content\/uploads\/2018\/04\/DSC07131-c\u00f3pia-300x188.jpg 300w, https:\/\/ubanews.com\/site\/wp-content\/uploads\/2018\/04\/DSC07131-c\u00f3pia-768x480.jpg 768w, https:\/\/ubanews.com\/site\/wp-content\/uploads\/2018\/04\/DSC07131-c\u00f3pia-1024x640.jpg 1024w\" data-sizes=\"(max-width: 5512px) 100vw, 5512px\" src=\"data:image\/svg+xml;base64,PHN2ZyB3aWR0aD0iMSIgaGVpZ2h0PSIxIiB4bWxucz0iaHR0cDovL3d3dy53My5vcmcvMjAwMC9zdmciPjwvc3ZnPg==\" style=\"--smush-placeholder-width: 5512px; --smush-placeholder-aspect-ratio: 5512\/3447;\" \/> <img decoding=\"async\" class=\"alignnone size-full wp-image-2856 lazyload\" data-src=\"https:\/\/ubanews.com\/site\/wp-content\/uploads\/2018\/04\/DSC07141-c\u00f3pia.jpg\" alt=\"\" width=\"5512\" height=\"3447\" data-srcset=\"https:\/\/ubanews.com\/site\/wp-content\/uploads\/2018\/04\/DSC07141-c\u00f3pia.jpg 5512w, https:\/\/ubanews.com\/site\/wp-content\/uploads\/2018\/04\/DSC07141-c\u00f3pia-300x188.jpg 300w, https:\/\/ubanews.com\/site\/wp-content\/uploads\/2018\/04\/DSC07141-c\u00f3pia-768x480.jpg 768w, https:\/\/ubanews.com\/site\/wp-content\/uploads\/2018\/04\/DSC07141-c\u00f3pia-1024x640.jpg 1024w\" data-sizes=\"(max-width: 5512px) 100vw, 5512px\" src=\"data:image\/svg+xml;base64,PHN2ZyB3aWR0aD0iMSIgaGVpZ2h0PSIxIiB4bWxucz0iaHR0cDovL3d3dy53My5vcmcvMjAwMC9zdmciPjwvc3ZnPg==\" style=\"--smush-placeholder-width: 5512px; --smush-placeholder-aspect-ratio: 5512\/3447;\" \/> <img decoding=\"async\" class=\"alignnone size-full wp-image-2857 lazyload\" data-src=\"https:\/\/ubanews.com\/site\/wp-content\/uploads\/2018\/04\/WhatsApp-Image-2018-04-30-at-19.42.02-c\u00f3pia.jpg\" alt=\"\" width=\"1134\" height=\"709\" data-srcset=\"https:\/\/ubanews.com\/site\/wp-content\/uploads\/2018\/04\/WhatsApp-Image-2018-04-30-at-19.42.02-c\u00f3pia.jpg 1134w, https:\/\/ubanews.com\/site\/wp-content\/uploads\/2018\/04\/WhatsApp-Image-2018-04-30-at-19.42.02-c\u00f3pia-300x188.jpg 300w, https:\/\/ubanews.com\/site\/wp-content\/uploads\/2018\/04\/WhatsApp-Image-2018-04-30-at-19.42.02-c\u00f3pia-768x480.jpg 768w, https:\/\/ubanews.com\/site\/wp-content\/uploads\/2018\/04\/WhatsApp-Image-2018-04-30-at-19.42.02-c\u00f3pia-1024x640.jpg 1024w\" data-sizes=\"(max-width: 1134px) 100vw, 1134px\" src=\"data:image\/svg+xml;base64,PHN2ZyB3aWR0aD0iMSIgaGVpZ2h0PSIxIiB4bWxucz0iaHR0cDovL3d3dy53My5vcmcvMjAwMC9zdmciPjwvc3ZnPg==\" style=\"--smush-placeholder-width: 1134px; --smush-placeholder-aspect-ratio: 1134\/709;\" \/>&nbsp; &nbsp; &nbsp; &nbsp; &nbsp; &nbsp; Comemora\u00e7\u00e3o dos 106 anos de funda\u00e7\u00e3o do Am\u00e9rica Futebol Clube (BH). Bar do Jos\u00e9 William, popularmente conhecido como Bar Bras\u00e3o! Rua Santo Ant\u00f4nio, 103, Edif\u00edcio Paulino Lucarelli, esquina com Rua da Paz.<br \/>\n&nbsp; &nbsp; &nbsp; &nbsp; &nbsp; &nbsp; Aqui nesse endere\u00e7o, quando o Am\u00e9rica joga, os torcedores do Coelho se re\u00fanem, em um ambiente de confraterniza\u00e7\u00e3o, e juntos assistem \u00e0s partidas.<br \/>\n&nbsp; &nbsp; &nbsp; &nbsp; &nbsp; H\u00e1 oito anos M\u00e1rcio Cal\u00e7ado um apaixonado pelo Esporte Bret\u00e3o, pelo samba, pela pol\u00edtica, pela fam\u00edlia, pelos filhos, pelos amigos e por Ub\u00e1, resolveu fazer, nas partidas do Am\u00e9rica, o que se tornariam momentos marcantes, e que muitos deles ficariam eternizados. Pensando nisso, ele fundou a torcida Ubam\u00e9rica e a Banda L\u00fadica Carnavalesca Americana. Aqui nesse ponto h\u00e1 um encontro uma ou duas vezes por semana, quando entra em campo o Am\u00e9rica Futebol Clube. Voc\u00ea est\u00e1 convidado a participar!<\/p>\n","protected":false},"excerpt":{"rendered":"<p>&nbsp; &nbsp; &nbsp; &nbsp; &nbsp; &nbsp; Comemora\u00e7\u00e3o dos 106 anos<\/p>\n","protected":false},"author":2,"featured_media":2854,"comment_status":"open","ping_status":"open","sticky":false,"template":"","format":"standard","meta":{"footnotes":""},"categories":[1],"tags":[],"class_list":["post-2853","post","type-post","status-publish","format-standard","has-post-thumbnail","hentry","category-sem-categoria"],"yoast_head":"<!-- This site is optimized with the Yoast SEO plugin v27.2 - https:\/\/yoast.com\/product\/yoast-seo-wordpress\/ -->\n<title>Am\u00e9rica Futebol Clube faz anivers\u00e1rio e as comemora\u00e7\u00f5es chegam a Ub\u00e1 - Ub\u00e1 News<\/title>\n<meta name=\"robots\" content=\"index, follow, max-snippet:-1, max-image-preview:large, max-video-preview:-1\" \/>\n<link rel=\"canonical\" href=\"https:\/\/ubanews.com\/site\/2018\/04\/30\/america-futebol-clube-faz-aniversario-e-as-comemoracoes-chegam-a-uba\/\" \/>\n<meta property=\"og:locale\" content=\"pt_BR\" \/>\n<meta property=\"og:type\" content=\"article\" \/>\n<meta property=\"og:title\" content=\"Am\u00e9rica Futebol Clube faz anivers\u00e1rio e as comemora\u00e7\u00f5es chegam a Ub\u00e1 - Ub\u00e1 News\" \/>\n<meta property=\"og:description\" content=\"&nbsp; &nbsp; &nbsp; &nbsp; &nbsp; &nbsp; Comemora\u00e7\u00e3o dos 106 anos\" \/>\n<meta property=\"og:url\" content=\"https:\/\/ubanews.com\/site\/2018\/04\/30\/america-futebol-clube-faz-aniversario-e-as-comemoracoes-chegam-a-uba\/\" \/>\n<meta property=\"og:site_name\" content=\"Ub\u00e1 News\" \/>\n<meta property=\"article:publisher\" content=\"https:\/\/www.facebook.com\/Ub%c3%a1News-Carlos-Roberto-Sodr%c3%a9-418778301977370\" \/>\n<meta property=\"article:author\" content=\"https:\/\/www.facebook.com\/carosroberto.sodre.5\/\" \/>\n<meta property=\"article:published_time\" content=\"2018-04-30T23:31:59+00:00\" \/>\n<meta property=\"article:modified_time\" content=\"2018-05-05T12:59:59+00:00\" \/>\n<meta property=\"og:image\" content=\"https:\/\/ubanews.com\/site\/wp-content\/uploads\/2018\/04\/DSC07116-c\u00f3pia.jpg\" \/>\n\t<meta property=\"og:image:width\" content=\"5512\" \/>\n\t<meta property=\"og:image:height\" content=\"3447\" \/>\n\t<meta property=\"og:image:type\" content=\"image\/jpeg\" \/>\n<meta name=\"author\" content=\"Sodr\u00e9\" \/>\n<meta name=\"twitter:card\" content=\"summary_large_image\" \/>\n<meta name=\"twitter:label1\" content=\"Escrito por\" \/>\n\t<meta name=\"twitter:data1\" content=\"Sodr\u00e9\" \/>\n\t<meta name=\"twitter:label2\" content=\"Est. tempo de leitura\" \/>\n\t<meta name=\"twitter:data2\" content=\"1 minuto\" \/>\n<script type=\"application\/ld+json\" class=\"yoast-schema-graph\">{\"@context\":\"https:\/\/schema.org\",\"@graph\":[{\"@type\":\"Article\",\"@id\":\"https:\/\/ubanews.com\/site\/2018\/04\/30\/america-futebol-clube-faz-aniversario-e-as-comemoracoes-chegam-a-uba\/#article\",\"isPartOf\":{\"@id\":\"https:\/\/ubanews.com\/site\/2018\/04\/30\/america-futebol-clube-faz-aniversario-e-as-comemoracoes-chegam-a-uba\/\"},\"author\":{\"name\":\"Sodr\u00e9\",\"@id\":\"https:\/\/ubanews.com\/site\/#\/schema\/person\/d90c9e47252fbb63dcc969fe4c8b9d10\"},\"headline\":\"Am\u00e9rica Futebol Clube faz anivers\u00e1rio e as comemora\u00e7\u00f5es chegam a Ub\u00e1\",\"datePublished\":\"2018-04-30T23:31:59+00:00\",\"dateModified\":\"2018-05-05T12:59:59+00:00\",\"mainEntityOfPage\":{\"@id\":\"https:\/\/ubanews.com\/site\/2018\/04\/30\/america-futebol-clube-faz-aniversario-e-as-comemoracoes-chegam-a-uba\/\"},\"wordCount\":182,\"commentCount\":0,\"publisher\":{\"@id\":\"https:\/\/ubanews.com\/site\/#organization\"},\"image\":{\"@id\":\"https:\/\/ubanews.com\/site\/2018\/04\/30\/america-futebol-clube-faz-aniversario-e-as-comemoracoes-chegam-a-uba\/#primaryimage\"},\"thumbnailUrl\":\"https:\/\/ubanews.com\/site\/wp-content\/uploads\/2018\/04\/DSC07116-c\u00f3pia.jpg\",\"articleSection\":[\"Geral\"],\"inLanguage\":\"pt-BR\",\"potentialAction\":[{\"@type\":\"CommentAction\",\"name\":\"Comment\",\"target\":[\"https:\/\/ubanews.com\/site\/2018\/04\/30\/america-futebol-clube-faz-aniversario-e-as-comemoracoes-chegam-a-uba\/#respond\"]}]},{\"@type\":\"WebPage\",\"@id\":\"https:\/\/ubanews.com\/site\/2018\/04\/30\/america-futebol-clube-faz-aniversario-e-as-comemoracoes-chegam-a-uba\/\",\"url\":\"https:\/\/ubanews.com\/site\/2018\/04\/30\/america-futebol-clube-faz-aniversario-e-as-comemoracoes-chegam-a-uba\/\",\"name\":\"Am\u00e9rica Futebol Clube faz anivers\u00e1rio e as comemora\u00e7\u00f5es chegam a Ub\u00e1 - Ub\u00e1 News\",\"isPartOf\":{\"@id\":\"https:\/\/ubanews.com\/site\/#website\"},\"primaryImageOfPage\":{\"@id\":\"https:\/\/ubanews.com\/site\/2018\/04\/30\/america-futebol-clube-faz-aniversario-e-as-comemoracoes-chegam-a-uba\/#primaryimage\"},\"image\":{\"@id\":\"https:\/\/ubanews.com\/site\/2018\/04\/30\/america-futebol-clube-faz-aniversario-e-as-comemoracoes-chegam-a-uba\/#primaryimage\"},\"thumbnailUrl\":\"https:\/\/ubanews.com\/site\/wp-content\/uploads\/2018\/04\/DSC07116-c\u00f3pia.jpg\",\"datePublished\":\"2018-04-30T23:31:59+00:00\",\"dateModified\":\"2018-05-05T12:59:59+00:00\",\"breadcrumb\":{\"@id\":\"https:\/\/ubanews.com\/site\/2018\/04\/30\/america-futebol-clube-faz-aniversario-e-as-comemoracoes-chegam-a-uba\/#breadcrumb\"},\"inLanguage\":\"pt-BR\",\"potentialAction\":[{\"@type\":\"ReadAction\",\"target\":[\"https:\/\/ubanews.com\/site\/2018\/04\/30\/america-futebol-clube-faz-aniversario-e-as-comemoracoes-chegam-a-uba\/\"]}]},{\"@type\":\"ImageObject\",\"inLanguage\":\"pt-BR\",\"@id\":\"https:\/\/ubanews.com\/site\/2018\/04\/30\/america-futebol-clube-faz-aniversario-e-as-comemoracoes-chegam-a-uba\/#primaryimage\",\"url\":\"https:\/\/ubanews.com\/site\/wp-content\/uploads\/2018\/04\/DSC07116-c\u00f3pia.jpg\",\"contentUrl\":\"https:\/\/ubanews.com\/site\/wp-content\/uploads\/2018\/04\/DSC07116-c\u00f3pia.jpg\",\"width\":5512,\"height\":3447},{\"@type\":\"BreadcrumbList\",\"@id\":\"https:\/\/ubanews.com\/site\/2018\/04\/30\/america-futebol-clube-faz-aniversario-e-as-comemoracoes-chegam-a-uba\/#breadcrumb\",\"itemListElement\":[{\"@type\":\"ListItem\",\"position\":1,\"name\":\"Home\",\"item\":\"https:\/\/ubanews.com\/site\/\"},{\"@type\":\"ListItem\",\"position\":2,\"name\":\"Am\u00e9rica Futebol Clube faz anivers\u00e1rio e as comemora\u00e7\u00f5es chegam a Ub\u00e1\"}]},{\"@type\":\"WebSite\",\"@id\":\"https:\/\/ubanews.com\/site\/#website\",\"url\":\"https:\/\/ubanews.com\/site\/\",\"name\":\"Ub\u00e1 News\",\"description\":\"\",\"publisher\":{\"@id\":\"https:\/\/ubanews.com\/site\/#organization\"},\"potentialAction\":[{\"@type\":\"SearchAction\",\"target\":{\"@type\":\"EntryPoint\",\"urlTemplate\":\"https:\/\/ubanews.com\/site\/?s={search_term_string}\"},\"query-input\":{\"@type\":\"PropertyValueSpecification\",\"valueRequired\":true,\"valueName\":\"search_term_string\"}}],\"inLanguage\":\"pt-BR\"},{\"@type\":\"Organization\",\"@id\":\"https:\/\/ubanews.com\/site\/#organization\",\"name\":\"Ub\u00e1 News\",\"url\":\"https:\/\/ubanews.com\/site\/\",\"logo\":{\"@type\":\"ImageObject\",\"inLanguage\":\"pt-BR\",\"@id\":\"https:\/\/ubanews.com\/site\/#\/schema\/logo\/image\/\",\"url\":\"https:\/\/ubanews.com\/site\/wp-content\/uploads\/2018\/01\/logoubanews.png\",\"contentUrl\":\"https:\/\/ubanews.com\/site\/wp-content\/uploads\/2018\/01\/logoubanews.png\",\"width\":261,\"height\":99,\"caption\":\"Ub\u00e1 News\"},\"image\":{\"@id\":\"https:\/\/ubanews.com\/site\/#\/schema\/logo\/image\/\"},\"sameAs\":[\"https:\/\/www.facebook.com\/Ub\u00e1News-Carlos-Roberto-Sodr\u00e9-418778301977370\"]},{\"@type\":\"Person\",\"@id\":\"https:\/\/ubanews.com\/site\/#\/schema\/person\/d90c9e47252fbb63dcc969fe4c8b9d10\",\"name\":\"Sodr\u00e9\",\"image\":{\"@type\":\"ImageObject\",\"inLanguage\":\"pt-BR\",\"@id\":\"https:\/\/secure.gravatar.com\/avatar\/5ba2793f0590b9dbfad3fdec4ee714485b3eef211c9b32ee53d414060454a56c?s=96&d=mm&r=g\",\"url\":\"https:\/\/secure.gravatar.com\/avatar\/5ba2793f0590b9dbfad3fdec4ee714485b3eef211c9b32ee53d414060454a56c?s=96&d=mm&r=g\",\"contentUrl\":\"https:\/\/secure.gravatar.com\/avatar\/5ba2793f0590b9dbfad3fdec4ee714485b3eef211c9b32ee53d414060454a56c?s=96&d=mm&r=g\",\"caption\":\"Sodr\u00e9\"},\"sameAs\":[\"https:\/\/www.facebook.com\/carosroberto.sodre.5\/\"],\"url\":\"https:\/\/ubanews.com\/site\/author\/felipe\/\"}]}<\/script>\n<!-- \/ Yoast SEO plugin. -->","yoast_head_json":{"title":"Am\u00e9rica Futebol Clube faz anivers\u00e1rio e as comemora\u00e7\u00f5es chegam a Ub\u00e1 - Ub\u00e1 News","robots":{"index":"index","follow":"follow","max-snippet":"max-snippet:-1","max-image-preview":"max-image-preview:large","max-video-preview":"max-video-preview:-1"},"canonical":"https:\/\/ubanews.com\/site\/2018\/04\/30\/america-futebol-clube-faz-aniversario-e-as-comemoracoes-chegam-a-uba\/","og_locale":"pt_BR","og_type":"article","og_title":"Am\u00e9rica Futebol Clube faz anivers\u00e1rio e as comemora\u00e7\u00f5es chegam a Ub\u00e1 - Ub\u00e1 News","og_description":"&nbsp; &nbsp; &nbsp; &nbsp; &nbsp; &nbsp; Comemora\u00e7\u00e3o dos 106 anos","og_url":"https:\/\/ubanews.com\/site\/2018\/04\/30\/america-futebol-clube-faz-aniversario-e-as-comemoracoes-chegam-a-uba\/","og_site_name":"Ub\u00e1 News","article_publisher":"https:\/\/www.facebook.com\/Ub%c3%a1News-Carlos-Roberto-Sodr%c3%a9-418778301977370","article_author":"https:\/\/www.facebook.com\/carosroberto.sodre.5\/","article_published_time":"2018-04-30T23:31:59+00:00","article_modified_time":"2018-05-05T12:59:59+00:00","og_image":[{"width":5512,"height":3447,"url":"https:\/\/ubanews.com\/site\/wp-content\/uploads\/2018\/04\/DSC07116-c\u00f3pia.jpg","type":"image\/jpeg"}],"author":"Sodr\u00e9","twitter_card":"summary_large_image","twitter_misc":{"Escrito por":"Sodr\u00e9","Est. tempo de leitura":"1 minuto"},"schema":{"@context":"https:\/\/schema.org","@graph":[{"@type":"Article","@id":"https:\/\/ubanews.com\/site\/2018\/04\/30\/america-futebol-clube-faz-aniversario-e-as-comemoracoes-chegam-a-uba\/#article","isPartOf":{"@id":"https:\/\/ubanews.com\/site\/2018\/04\/30\/america-futebol-clube-faz-aniversario-e-as-comemoracoes-chegam-a-uba\/"},"author":{"name":"Sodr\u00e9","@id":"https:\/\/ubanews.com\/site\/#\/schema\/person\/d90c9e47252fbb63dcc969fe4c8b9d10"},"headline":"Am\u00e9rica Futebol Clube faz anivers\u00e1rio e as comemora\u00e7\u00f5es chegam a Ub\u00e1","datePublished":"2018-04-30T23:31:59+00:00","dateModified":"2018-05-05T12:59:59+00:00","mainEntityOfPage":{"@id":"https:\/\/ubanews.com\/site\/2018\/04\/30\/america-futebol-clube-faz-aniversario-e-as-comemoracoes-chegam-a-uba\/"},"wordCount":182,"commentCount":0,"publisher":{"@id":"https:\/\/ubanews.com\/site\/#organization"},"image":{"@id":"https:\/\/ubanews.com\/site\/2018\/04\/30\/america-futebol-clube-faz-aniversario-e-as-comemoracoes-chegam-a-uba\/#primaryimage"},"thumbnailUrl":"https:\/\/ubanews.com\/site\/wp-content\/uploads\/2018\/04\/DSC07116-c\u00f3pia.jpg","articleSection":["Geral"],"inLanguage":"pt-BR","potentialAction":[{"@type":"CommentAction","name":"Comment","target":["https:\/\/ubanews.com\/site\/2018\/04\/30\/america-futebol-clube-faz-aniversario-e-as-comemoracoes-chegam-a-uba\/#respond"]}]},{"@type":"WebPage","@id":"https:\/\/ubanews.com\/site\/2018\/04\/30\/america-futebol-clube-faz-aniversario-e-as-comemoracoes-chegam-a-uba\/","url":"https:\/\/ubanews.com\/site\/2018\/04\/30\/america-futebol-clube-faz-aniversario-e-as-comemoracoes-chegam-a-uba\/","name":"Am\u00e9rica Futebol Clube faz anivers\u00e1rio e as comemora\u00e7\u00f5es chegam a Ub\u00e1 - Ub\u00e1 News","isPartOf":{"@id":"https:\/\/ubanews.com\/site\/#website"},"primaryImageOfPage":{"@id":"https:\/\/ubanews.com\/site\/2018\/04\/30\/america-futebol-clube-faz-aniversario-e-as-comemoracoes-chegam-a-uba\/#primaryimage"},"image":{"@id":"https:\/\/ubanews.com\/site\/2018\/04\/30\/america-futebol-clube-faz-aniversario-e-as-comemoracoes-chegam-a-uba\/#primaryimage"},"thumbnailUrl":"https:\/\/ubanews.com\/site\/wp-content\/uploads\/2018\/04\/DSC07116-c\u00f3pia.jpg","datePublished":"2018-04-30T23:31:59+00:00","dateModified":"2018-05-05T12:59:59+00:00","breadcrumb":{"@id":"https:\/\/ubanews.com\/site\/2018\/04\/30\/america-futebol-clube-faz-aniversario-e-as-comemoracoes-chegam-a-uba\/#breadcrumb"},"inLanguage":"pt-BR","potentialAction":[{"@type":"ReadAction","target":["https:\/\/ubanews.com\/site\/2018\/04\/30\/america-futebol-clube-faz-aniversario-e-as-comemoracoes-chegam-a-uba\/"]}]},{"@type":"ImageObject","inLanguage":"pt-BR","@id":"https:\/\/ubanews.com\/site\/2018\/04\/30\/america-futebol-clube-faz-aniversario-e-as-comemoracoes-chegam-a-uba\/#primaryimage","url":"https:\/\/ubanews.com\/site\/wp-content\/uploads\/2018\/04\/DSC07116-c\u00f3pia.jpg","contentUrl":"https:\/\/ubanews.com\/site\/wp-content\/uploads\/2018\/04\/DSC07116-c\u00f3pia.jpg","width":5512,"height":3447},{"@type":"BreadcrumbList","@id":"https:\/\/ubanews.com\/site\/2018\/04\/30\/america-futebol-clube-faz-aniversario-e-as-comemoracoes-chegam-a-uba\/#breadcrumb","itemListElement":[{"@type":"ListItem","position":1,"name":"Home","item":"https:\/\/ubanews.com\/site\/"},{"@type":"ListItem","position":2,"name":"Am\u00e9rica Futebol Clube faz anivers\u00e1rio e as comemora\u00e7\u00f5es chegam a Ub\u00e1"}]},{"@type":"WebSite","@id":"https:\/\/ubanews.com\/site\/#website","url":"https:\/\/ubanews.com\/site\/","name":"Ub\u00e1 News","description":"","publisher":{"@id":"https:\/\/ubanews.com\/site\/#organization"},"potentialAction":[{"@type":"SearchAction","target":{"@type":"EntryPoint","urlTemplate":"https:\/\/ubanews.com\/site\/?s={search_term_string}"},"query-input":{"@type":"PropertyValueSpecification","valueRequired":true,"valueName":"search_term_string"}}],"inLanguage":"pt-BR"},{"@type":"Organization","@id":"https:\/\/ubanews.com\/site\/#organization","name":"Ub\u00e1 News","url":"https:\/\/ubanews.com\/site\/","logo":{"@type":"ImageObject","inLanguage":"pt-BR","@id":"https:\/\/ubanews.com\/site\/#\/schema\/logo\/image\/","url":"https:\/\/ubanews.com\/site\/wp-content\/uploads\/2018\/01\/logoubanews.png","contentUrl":"https:\/\/ubanews.com\/site\/wp-content\/uploads\/2018\/01\/logoubanews.png","width":261,"height":99,"caption":"Ub\u00e1 News"},"image":{"@id":"https:\/\/ubanews.com\/site\/#\/schema\/logo\/image\/"},"sameAs":["https:\/\/www.facebook.com\/Ub\u00e1News-Carlos-Roberto-Sodr\u00e9-418778301977370"]},{"@type":"Person","@id":"https:\/\/ubanews.com\/site\/#\/schema\/person\/d90c9e47252fbb63dcc969fe4c8b9d10","name":"Sodr\u00e9","image":{"@type":"ImageObject","inLanguage":"pt-BR","@id":"https:\/\/secure.gravatar.com\/avatar\/5ba2793f0590b9dbfad3fdec4ee714485b3eef211c9b32ee53d414060454a56c?s=96&d=mm&r=g","url":"https:\/\/secure.gravatar.com\/avatar\/5ba2793f0590b9dbfad3fdec4ee714485b3eef211c9b32ee53d414060454a56c?s=96&d=mm&r=g","contentUrl":"https:\/\/secure.gravatar.com\/avatar\/5ba2793f0590b9dbfad3fdec4ee714485b3eef211c9b32ee53d414060454a56c?s=96&d=mm&r=g","caption":"Sodr\u00e9"},"sameAs":["https:\/\/www.facebook.com\/carosroberto.sodre.5\/"],"url":"https:\/\/ubanews.com\/site\/author\/felipe\/"}]}},"_links":{"self":[{"href":"https:\/\/ubanews.com\/site\/wp-json\/wp\/v2\/posts\/2853","targetHints":{"allow":["GET"]}}],"collection":[{"href":"https:\/\/ubanews.com\/site\/wp-json\/wp\/v2\/posts"}],"about":[{"href":"https:\/\/ubanews.com\/site\/wp-json\/wp\/v2\/types\/post"}],"author":[{"embeddable":true,"href":"https:\/\/ubanews.com\/site\/wp-json\/wp\/v2\/users\/2"}],"replies":[{"embeddable":true,"href":"https:\/\/ubanews.com\/site\/wp-json\/wp\/v2\/comments?post=2853"}],"version-history":[{"count":0,"href":"https:\/\/ubanews.com\/site\/wp-json\/wp\/v2\/posts\/2853\/revisions"}],"wp:featuredmedia":[{"embeddable":true,"href":"https:\/\/ubanews.com\/site\/wp-json\/wp\/v2\/media\/2854"}],"wp:attachment":[{"href":"https:\/\/ubanews.com\/site\/wp-json\/wp\/v2\/media?parent=2853"}],"wp:term":[{"taxonomy":"category","embeddable":true,"href":"https:\/\/ubanews.com\/site\/wp-json\/wp\/v2\/categories?post=2853"},{"taxonomy":"post_tag","embeddable":true,"href":"https:\/\/ubanews.com\/site\/wp-json\/wp\/v2\/tags?post=2853"}],"curies":[{"name":"wp","href":"https:\/\/api.w.org\/{rel}","templated":true}]}}