{"id":2799,"date":"2018-04-29T09:29:26","date_gmt":"2018-04-29T12:29:26","guid":{"rendered":"http:\/\/ubanews.com\/site\/?p=2799"},"modified":"2018-05-05T09:58:07","modified_gmt":"2018-05-05T12:58:07","slug":"pedalar-5-000-km-o-maior-desafio-da-vida-de-carioca","status":"publish","type":"post","link":"https:\/\/ubanews.com\/site\/2018\/04\/29\/pedalar-5-000-km-o-maior-desafio-da-vida-de-carioca\/","title":{"rendered":"Pedalar 5.000 km o maior desafio da vida de Carioca"},"content":{"rendered":"<p><img decoding=\"async\" class=\"alignnone size-full wp-image-2801 lazyload\" data-src=\"https:\/\/ubanews.com\/site\/wp-content\/uploads\/2018\/04\/DSC3769-c\u00f3pia.jpg\" alt=\"\" width=\"4724\" height=\"2954\" data-srcset=\"https:\/\/ubanews.com\/site\/wp-content\/uploads\/2018\/04\/DSC3769-c\u00f3pia.jpg 4724w, https:\/\/ubanews.com\/site\/wp-content\/uploads\/2018\/04\/DSC3769-c\u00f3pia-300x188.jpg 300w, https:\/\/ubanews.com\/site\/wp-content\/uploads\/2018\/04\/DSC3769-c\u00f3pia-768x480.jpg 768w, https:\/\/ubanews.com\/site\/wp-content\/uploads\/2018\/04\/DSC3769-c\u00f3pia-1024x640.jpg 1024w\" data-sizes=\"(max-width: 4724px) 100vw, 4724px\" src=\"data:image\/svg+xml;base64,PHN2ZyB3aWR0aD0iMSIgaGVpZ2h0PSIxIiB4bWxucz0iaHR0cDovL3d3dy53My5vcmcvMjAwMC9zdmciPjwvc3ZnPg==\" style=\"--smush-placeholder-width: 4724px; --smush-placeholder-aspect-ratio: 4724\/2954;\" \/> <img decoding=\"async\" class=\"alignnone size-full wp-image-2802 lazyload\" data-src=\"https:\/\/ubanews.com\/site\/wp-content\/uploads\/2018\/04\/DSC3771-c\u00f3pia.jpg\" alt=\"\" width=\"4724\" height=\"2954\" data-srcset=\"https:\/\/ubanews.com\/site\/wp-content\/uploads\/2018\/04\/DSC3771-c\u00f3pia.jpg 4724w, https:\/\/ubanews.com\/site\/wp-content\/uploads\/2018\/04\/DSC3771-c\u00f3pia-300x188.jpg 300w, https:\/\/ubanews.com\/site\/wp-content\/uploads\/2018\/04\/DSC3771-c\u00f3pia-768x480.jpg 768w, https:\/\/ubanews.com\/site\/wp-content\/uploads\/2018\/04\/DSC3771-c\u00f3pia-1024x640.jpg 1024w\" data-sizes=\"(max-width: 4724px) 100vw, 4724px\" src=\"data:image\/svg+xml;base64,PHN2ZyB3aWR0aD0iMSIgaGVpZ2h0PSIxIiB4bWxucz0iaHR0cDovL3d3dy53My5vcmcvMjAwMC9zdmciPjwvc3ZnPg==\" style=\"--smush-placeholder-width: 4724px; --smush-placeholder-aspect-ratio: 4724\/2954;\" \/> <img decoding=\"async\" class=\"alignnone size-full wp-image-2800 lazyload\" data-src=\"https:\/\/ubanews.com\/site\/wp-content\/uploads\/2018\/04\/DSC3777-c\u00f3pia.jpg\" alt=\"\" width=\"4724\" height=\"2954\" data-srcset=\"https:\/\/ubanews.com\/site\/wp-content\/uploads\/2018\/04\/DSC3777-c\u00f3pia.jpg 4724w, https:\/\/ubanews.com\/site\/wp-content\/uploads\/2018\/04\/DSC3777-c\u00f3pia-300x188.jpg 300w, https:\/\/ubanews.com\/site\/wp-content\/uploads\/2018\/04\/DSC3777-c\u00f3pia-768x480.jpg 768w, https:\/\/ubanews.com\/site\/wp-content\/uploads\/2018\/04\/DSC3777-c\u00f3pia-1024x640.jpg 1024w\" data-sizes=\"(max-width: 4724px) 100vw, 4724px\" src=\"data:image\/svg+xml;base64,PHN2ZyB3aWR0aD0iMSIgaGVpZ2h0PSIxIiB4bWxucz0iaHR0cDovL3d3dy53My5vcmcvMjAwMC9zdmciPjwvc3ZnPg==\" style=\"--smush-placeholder-width: 4724px; --smush-placeholder-aspect-ratio: 4724\/2954;\" \/><img decoding=\"async\" class=\"alignnone size-full wp-image-2803 lazyload\" data-src=\"https:\/\/ubanews.com\/site\/wp-content\/uploads\/2018\/04\/DSC3776-c\u00f3pia.jpg\" alt=\"\" width=\"4724\" height=\"2954\" data-srcset=\"https:\/\/ubanews.com\/site\/wp-content\/uploads\/2018\/04\/DSC3776-c\u00f3pia.jpg 4724w, https:\/\/ubanews.com\/site\/wp-content\/uploads\/2018\/04\/DSC3776-c\u00f3pia-300x188.jpg 300w, https:\/\/ubanews.com\/site\/wp-content\/uploads\/2018\/04\/DSC3776-c\u00f3pia-768x480.jpg 768w, https:\/\/ubanews.com\/site\/wp-content\/uploads\/2018\/04\/DSC3776-c\u00f3pia-1024x640.jpg 1024w\" data-sizes=\"(max-width: 4724px) 100vw, 4724px\" src=\"data:image\/svg+xml;base64,PHN2ZyB3aWR0aD0iMSIgaGVpZ2h0PSIxIiB4bWxucz0iaHR0cDovL3d3dy53My5vcmcvMjAwMC9zdmciPjwvc3ZnPg==\" style=\"--smush-placeholder-width: 4724px; --smush-placeholder-aspect-ratio: 4724\/2954;\" \/>&nbsp; &nbsp; &nbsp; &nbsp; &nbsp; Partiu neste domingo (29) \u00e0s 7h da Pra\u00e7a S\u00e3o Janu\u00e1rio com destino a Bag\u00e9 \u2013 RS.&nbsp;&nbsp;&nbsp; Arnaldo Collares Lage (56), tamb\u00e9m conhecido aqui na cidade de Ub\u00e1 como Carioca, \u00e9 nascido no Estado do Rio de Janeiro. H\u00e1 muito tempo ele imaginou realizar uma viagem de longa dist\u00e2ncia. Acerca de uns dois meses decidiu colocar em pr\u00e1tica o projeto Ubag\u00e9, que consiste em uma viagem, partindo de Ub\u00e1 com destino ao Estado do Rio Grande do Sul, cidade de Bag\u00e9.<\/p>\n<p>&nbsp; &nbsp; &nbsp; &nbsp; &nbsp; Hoje, \u00e0s 7h, Carioca foi recepcionado pela nossa equipe e alguns amigos, seguindo com sua bike, levando apenas o necess\u00e1rio para a viagem. Contudo, segundo Carioca, tudo deve superar a cento e cinquenta quilos. O percurso \u00e9 de aproximadamente cinco mil quil\u00f4metros, sendo ida e volta.<\/p>\n<p>&nbsp; &nbsp; &nbsp; &nbsp; &nbsp; Entre em contato pelo whatsapp 32 9 9967 6746 ou arcollage@yahoo.com.br Acompanhe tudo com exclusividade.<\/p>\n<div style=\"position: relative; height: 0; padding-bottom: 56.25%;\"><iframe style=\"position: absolute; width: 100%; height: 100%; left: 0;\" data-src=\"https:\/\/www.youtube.com\/embed\/R64keABgOFg?ecver=2\" width=\"640\" height=\"360\" frameborder=\"0\" allowfullscreen=\"allowfullscreen\" src=\"data:image\/svg+xml;base64,PHN2ZyB3aWR0aD0iMSIgaGVpZ2h0PSIxIiB4bWxucz0iaHR0cDovL3d3dy53My5vcmcvMjAwMC9zdmciPjwvc3ZnPg==\" class=\"lazyload\" data-load-mode=\"1\"><\/iframe><\/div>\n<p>&nbsp;<\/p>\n","protected":false},"excerpt":{"rendered":"<p>&nbsp; &nbsp; &nbsp; &nbsp; &nbsp; Partiu neste domingo (29) \u00e0s<\/p>\n","protected":false},"author":2,"featured_media":2800,"comment_status":"open","ping_status":"open","sticky":false,"template":"","format":"standard","meta":{"footnotes":""},"categories":[1],"tags":[],"class_list":["post-2799","post","type-post","status-publish","format-standard","has-post-thumbnail","hentry","category-sem-categoria"],"yoast_head":"<!-- This site is optimized with the Yoast SEO plugin v27.2 - https:\/\/yoast.com\/product\/yoast-seo-wordpress\/ -->\n<title>Pedalar 5.000 km o maior desafio da vida de Carioca - Ub\u00e1 News<\/title>\n<meta name=\"robots\" content=\"index, follow, max-snippet:-1, max-image-preview:large, max-video-preview:-1\" \/>\n<link rel=\"canonical\" href=\"https:\/\/ubanews.com\/site\/2018\/04\/29\/pedalar-5-000-km-o-maior-desafio-da-vida-de-carioca\/\" \/>\n<meta property=\"og:locale\" content=\"pt_BR\" \/>\n<meta property=\"og:type\" content=\"article\" \/>\n<meta property=\"og:title\" content=\"Pedalar 5.000 km o maior desafio da vida de Carioca - Ub\u00e1 News\" \/>\n<meta property=\"og:description\" content=\"&nbsp; &nbsp; &nbsp; &nbsp; &nbsp; Partiu neste domingo (29) \u00e0s\" \/>\n<meta property=\"og:url\" content=\"https:\/\/ubanews.com\/site\/2018\/04\/29\/pedalar-5-000-km-o-maior-desafio-da-vida-de-carioca\/\" \/>\n<meta property=\"og:site_name\" content=\"Ub\u00e1 News\" \/>\n<meta property=\"article:publisher\" content=\"https:\/\/www.facebook.com\/Ub%c3%a1News-Carlos-Roberto-Sodr%c3%a9-418778301977370\" \/>\n<meta property=\"article:author\" content=\"https:\/\/www.facebook.com\/carosroberto.sodre.5\/\" \/>\n<meta property=\"article:published_time\" content=\"2018-04-29T12:29:26+00:00\" \/>\n<meta property=\"article:modified_time\" content=\"2018-05-05T12:58:07+00:00\" \/>\n<meta property=\"og:image\" content=\"https:\/\/ubanews.com\/site\/wp-content\/uploads\/2018\/04\/DSC3777-c\u00f3pia.jpg\" \/>\n\t<meta property=\"og:image:width\" content=\"4724\" \/>\n\t<meta property=\"og:image:height\" content=\"2954\" \/>\n\t<meta property=\"og:image:type\" content=\"image\/jpeg\" \/>\n<meta name=\"author\" content=\"Sodr\u00e9\" \/>\n<meta name=\"twitter:card\" content=\"summary_large_image\" \/>\n<meta name=\"twitter:label1\" content=\"Escrito por\" \/>\n\t<meta name=\"twitter:data1\" content=\"Sodr\u00e9\" \/>\n\t<meta name=\"twitter:label2\" content=\"Est. tempo de leitura\" \/>\n\t<meta name=\"twitter:data2\" content=\"1 minuto\" \/>\n<script type=\"application\/ld+json\" class=\"yoast-schema-graph\">{\"@context\":\"https:\/\/schema.org\",\"@graph\":[{\"@type\":\"Article\",\"@id\":\"https:\/\/ubanews.com\/site\/2018\/04\/29\/pedalar-5-000-km-o-maior-desafio-da-vida-de-carioca\/#article\",\"isPartOf\":{\"@id\":\"https:\/\/ubanews.com\/site\/2018\/04\/29\/pedalar-5-000-km-o-maior-desafio-da-vida-de-carioca\/\"},\"author\":{\"name\":\"Sodr\u00e9\",\"@id\":\"https:\/\/ubanews.com\/site\/#\/schema\/person\/d90c9e47252fbb63dcc969fe4c8b9d10\"},\"headline\":\"Pedalar 5.000 km o maior desafio da vida de Carioca\",\"datePublished\":\"2018-04-29T12:29:26+00:00\",\"dateModified\":\"2018-05-05T12:58:07+00:00\",\"mainEntityOfPage\":{\"@id\":\"https:\/\/ubanews.com\/site\/2018\/04\/29\/pedalar-5-000-km-o-maior-desafio-da-vida-de-carioca\/\"},\"wordCount\":171,\"commentCount\":0,\"publisher\":{\"@id\":\"https:\/\/ubanews.com\/site\/#organization\"},\"image\":{\"@id\":\"https:\/\/ubanews.com\/site\/2018\/04\/29\/pedalar-5-000-km-o-maior-desafio-da-vida-de-carioca\/#primaryimage\"},\"thumbnailUrl\":\"https:\/\/ubanews.com\/site\/wp-content\/uploads\/2018\/04\/DSC3777-c\u00f3pia.jpg\",\"articleSection\":[\"Geral\"],\"inLanguage\":\"pt-BR\",\"potentialAction\":[{\"@type\":\"CommentAction\",\"name\":\"Comment\",\"target\":[\"https:\/\/ubanews.com\/site\/2018\/04\/29\/pedalar-5-000-km-o-maior-desafio-da-vida-de-carioca\/#respond\"]}]},{\"@type\":\"WebPage\",\"@id\":\"https:\/\/ubanews.com\/site\/2018\/04\/29\/pedalar-5-000-km-o-maior-desafio-da-vida-de-carioca\/\",\"url\":\"https:\/\/ubanews.com\/site\/2018\/04\/29\/pedalar-5-000-km-o-maior-desafio-da-vida-de-carioca\/\",\"name\":\"Pedalar 5.000 km o maior desafio da vida de Carioca - Ub\u00e1 News\",\"isPartOf\":{\"@id\":\"https:\/\/ubanews.com\/site\/#website\"},\"primaryImageOfPage\":{\"@id\":\"https:\/\/ubanews.com\/site\/2018\/04\/29\/pedalar-5-000-km-o-maior-desafio-da-vida-de-carioca\/#primaryimage\"},\"image\":{\"@id\":\"https:\/\/ubanews.com\/site\/2018\/04\/29\/pedalar-5-000-km-o-maior-desafio-da-vida-de-carioca\/#primaryimage\"},\"thumbnailUrl\":\"https:\/\/ubanews.com\/site\/wp-content\/uploads\/2018\/04\/DSC3777-c\u00f3pia.jpg\",\"datePublished\":\"2018-04-29T12:29:26+00:00\",\"dateModified\":\"2018-05-05T12:58:07+00:00\",\"breadcrumb\":{\"@id\":\"https:\/\/ubanews.com\/site\/2018\/04\/29\/pedalar-5-000-km-o-maior-desafio-da-vida-de-carioca\/#breadcrumb\"},\"inLanguage\":\"pt-BR\",\"potentialAction\":[{\"@type\":\"ReadAction\",\"target\":[\"https:\/\/ubanews.com\/site\/2018\/04\/29\/pedalar-5-000-km-o-maior-desafio-da-vida-de-carioca\/\"]}]},{\"@type\":\"ImageObject\",\"inLanguage\":\"pt-BR\",\"@id\":\"https:\/\/ubanews.com\/site\/2018\/04\/29\/pedalar-5-000-km-o-maior-desafio-da-vida-de-carioca\/#primaryimage\",\"url\":\"https:\/\/ubanews.com\/site\/wp-content\/uploads\/2018\/04\/DSC3777-c\u00f3pia.jpg\",\"contentUrl\":\"https:\/\/ubanews.com\/site\/wp-content\/uploads\/2018\/04\/DSC3777-c\u00f3pia.jpg\",\"width\":4724,\"height\":2954},{\"@type\":\"BreadcrumbList\",\"@id\":\"https:\/\/ubanews.com\/site\/2018\/04\/29\/pedalar-5-000-km-o-maior-desafio-da-vida-de-carioca\/#breadcrumb\",\"itemListElement\":[{\"@type\":\"ListItem\",\"position\":1,\"name\":\"Home\",\"item\":\"https:\/\/ubanews.com\/site\/\"},{\"@type\":\"ListItem\",\"position\":2,\"name\":\"Pedalar 5.000 km o maior desafio da vida de Carioca\"}]},{\"@type\":\"WebSite\",\"@id\":\"https:\/\/ubanews.com\/site\/#website\",\"url\":\"https:\/\/ubanews.com\/site\/\",\"name\":\"Ub\u00e1 News\",\"description\":\"\",\"publisher\":{\"@id\":\"https:\/\/ubanews.com\/site\/#organization\"},\"potentialAction\":[{\"@type\":\"SearchAction\",\"target\":{\"@type\":\"EntryPoint\",\"urlTemplate\":\"https:\/\/ubanews.com\/site\/?s={search_term_string}\"},\"query-input\":{\"@type\":\"PropertyValueSpecification\",\"valueRequired\":true,\"valueName\":\"search_term_string\"}}],\"inLanguage\":\"pt-BR\"},{\"@type\":\"Organization\",\"@id\":\"https:\/\/ubanews.com\/site\/#organization\",\"name\":\"Ub\u00e1 News\",\"url\":\"https:\/\/ubanews.com\/site\/\",\"logo\":{\"@type\":\"ImageObject\",\"inLanguage\":\"pt-BR\",\"@id\":\"https:\/\/ubanews.com\/site\/#\/schema\/logo\/image\/\",\"url\":\"https:\/\/ubanews.com\/site\/wp-content\/uploads\/2018\/01\/logoubanews.png\",\"contentUrl\":\"https:\/\/ubanews.com\/site\/wp-content\/uploads\/2018\/01\/logoubanews.png\",\"width\":261,\"height\":99,\"caption\":\"Ub\u00e1 News\"},\"image\":{\"@id\":\"https:\/\/ubanews.com\/site\/#\/schema\/logo\/image\/\"},\"sameAs\":[\"https:\/\/www.facebook.com\/Ub\u00e1News-Carlos-Roberto-Sodr\u00e9-418778301977370\"]},{\"@type\":\"Person\",\"@id\":\"https:\/\/ubanews.com\/site\/#\/schema\/person\/d90c9e47252fbb63dcc969fe4c8b9d10\",\"name\":\"Sodr\u00e9\",\"image\":{\"@type\":\"ImageObject\",\"inLanguage\":\"pt-BR\",\"@id\":\"https:\/\/secure.gravatar.com\/avatar\/5ba2793f0590b9dbfad3fdec4ee714485b3eef211c9b32ee53d414060454a56c?s=96&d=mm&r=g\",\"url\":\"https:\/\/secure.gravatar.com\/avatar\/5ba2793f0590b9dbfad3fdec4ee714485b3eef211c9b32ee53d414060454a56c?s=96&d=mm&r=g\",\"contentUrl\":\"https:\/\/secure.gravatar.com\/avatar\/5ba2793f0590b9dbfad3fdec4ee714485b3eef211c9b32ee53d414060454a56c?s=96&d=mm&r=g\",\"caption\":\"Sodr\u00e9\"},\"sameAs\":[\"https:\/\/www.facebook.com\/carosroberto.sodre.5\/\"],\"url\":\"https:\/\/ubanews.com\/site\/author\/felipe\/\"}]}<\/script>\n<!-- \/ Yoast SEO plugin. -->","yoast_head_json":{"title":"Pedalar 5.000 km o maior desafio da vida de Carioca - Ub\u00e1 News","robots":{"index":"index","follow":"follow","max-snippet":"max-snippet:-1","max-image-preview":"max-image-preview:large","max-video-preview":"max-video-preview:-1"},"canonical":"https:\/\/ubanews.com\/site\/2018\/04\/29\/pedalar-5-000-km-o-maior-desafio-da-vida-de-carioca\/","og_locale":"pt_BR","og_type":"article","og_title":"Pedalar 5.000 km o maior desafio da vida de Carioca - Ub\u00e1 News","og_description":"&nbsp; &nbsp; &nbsp; &nbsp; &nbsp; Partiu neste domingo (29) \u00e0s","og_url":"https:\/\/ubanews.com\/site\/2018\/04\/29\/pedalar-5-000-km-o-maior-desafio-da-vida-de-carioca\/","og_site_name":"Ub\u00e1 News","article_publisher":"https:\/\/www.facebook.com\/Ub%c3%a1News-Carlos-Roberto-Sodr%c3%a9-418778301977370","article_author":"https:\/\/www.facebook.com\/carosroberto.sodre.5\/","article_published_time":"2018-04-29T12:29:26+00:00","article_modified_time":"2018-05-05T12:58:07+00:00","og_image":[{"width":4724,"height":2954,"url":"https:\/\/ubanews.com\/site\/wp-content\/uploads\/2018\/04\/DSC3777-c\u00f3pia.jpg","type":"image\/jpeg"}],"author":"Sodr\u00e9","twitter_card":"summary_large_image","twitter_misc":{"Escrito por":"Sodr\u00e9","Est. tempo de leitura":"1 minuto"},"schema":{"@context":"https:\/\/schema.org","@graph":[{"@type":"Article","@id":"https:\/\/ubanews.com\/site\/2018\/04\/29\/pedalar-5-000-km-o-maior-desafio-da-vida-de-carioca\/#article","isPartOf":{"@id":"https:\/\/ubanews.com\/site\/2018\/04\/29\/pedalar-5-000-km-o-maior-desafio-da-vida-de-carioca\/"},"author":{"name":"Sodr\u00e9","@id":"https:\/\/ubanews.com\/site\/#\/schema\/person\/d90c9e47252fbb63dcc969fe4c8b9d10"},"headline":"Pedalar 5.000 km o maior desafio da vida de Carioca","datePublished":"2018-04-29T12:29:26+00:00","dateModified":"2018-05-05T12:58:07+00:00","mainEntityOfPage":{"@id":"https:\/\/ubanews.com\/site\/2018\/04\/29\/pedalar-5-000-km-o-maior-desafio-da-vida-de-carioca\/"},"wordCount":171,"commentCount":0,"publisher":{"@id":"https:\/\/ubanews.com\/site\/#organization"},"image":{"@id":"https:\/\/ubanews.com\/site\/2018\/04\/29\/pedalar-5-000-km-o-maior-desafio-da-vida-de-carioca\/#primaryimage"},"thumbnailUrl":"https:\/\/ubanews.com\/site\/wp-content\/uploads\/2018\/04\/DSC3777-c\u00f3pia.jpg","articleSection":["Geral"],"inLanguage":"pt-BR","potentialAction":[{"@type":"CommentAction","name":"Comment","target":["https:\/\/ubanews.com\/site\/2018\/04\/29\/pedalar-5-000-km-o-maior-desafio-da-vida-de-carioca\/#respond"]}]},{"@type":"WebPage","@id":"https:\/\/ubanews.com\/site\/2018\/04\/29\/pedalar-5-000-km-o-maior-desafio-da-vida-de-carioca\/","url":"https:\/\/ubanews.com\/site\/2018\/04\/29\/pedalar-5-000-km-o-maior-desafio-da-vida-de-carioca\/","name":"Pedalar 5.000 km o maior desafio da vida de Carioca - Ub\u00e1 News","isPartOf":{"@id":"https:\/\/ubanews.com\/site\/#website"},"primaryImageOfPage":{"@id":"https:\/\/ubanews.com\/site\/2018\/04\/29\/pedalar-5-000-km-o-maior-desafio-da-vida-de-carioca\/#primaryimage"},"image":{"@id":"https:\/\/ubanews.com\/site\/2018\/04\/29\/pedalar-5-000-km-o-maior-desafio-da-vida-de-carioca\/#primaryimage"},"thumbnailUrl":"https:\/\/ubanews.com\/site\/wp-content\/uploads\/2018\/04\/DSC3777-c\u00f3pia.jpg","datePublished":"2018-04-29T12:29:26+00:00","dateModified":"2018-05-05T12:58:07+00:00","breadcrumb":{"@id":"https:\/\/ubanews.com\/site\/2018\/04\/29\/pedalar-5-000-km-o-maior-desafio-da-vida-de-carioca\/#breadcrumb"},"inLanguage":"pt-BR","potentialAction":[{"@type":"ReadAction","target":["https:\/\/ubanews.com\/site\/2018\/04\/29\/pedalar-5-000-km-o-maior-desafio-da-vida-de-carioca\/"]}]},{"@type":"ImageObject","inLanguage":"pt-BR","@id":"https:\/\/ubanews.com\/site\/2018\/04\/29\/pedalar-5-000-km-o-maior-desafio-da-vida-de-carioca\/#primaryimage","url":"https:\/\/ubanews.com\/site\/wp-content\/uploads\/2018\/04\/DSC3777-c\u00f3pia.jpg","contentUrl":"https:\/\/ubanews.com\/site\/wp-content\/uploads\/2018\/04\/DSC3777-c\u00f3pia.jpg","width":4724,"height":2954},{"@type":"BreadcrumbList","@id":"https:\/\/ubanews.com\/site\/2018\/04\/29\/pedalar-5-000-km-o-maior-desafio-da-vida-de-carioca\/#breadcrumb","itemListElement":[{"@type":"ListItem","position":1,"name":"Home","item":"https:\/\/ubanews.com\/site\/"},{"@type":"ListItem","position":2,"name":"Pedalar 5.000 km o maior desafio da vida de Carioca"}]},{"@type":"WebSite","@id":"https:\/\/ubanews.com\/site\/#website","url":"https:\/\/ubanews.com\/site\/","name":"Ub\u00e1 News","description":"","publisher":{"@id":"https:\/\/ubanews.com\/site\/#organization"},"potentialAction":[{"@type":"SearchAction","target":{"@type":"EntryPoint","urlTemplate":"https:\/\/ubanews.com\/site\/?s={search_term_string}"},"query-input":{"@type":"PropertyValueSpecification","valueRequired":true,"valueName":"search_term_string"}}],"inLanguage":"pt-BR"},{"@type":"Organization","@id":"https:\/\/ubanews.com\/site\/#organization","name":"Ub\u00e1 News","url":"https:\/\/ubanews.com\/site\/","logo":{"@type":"ImageObject","inLanguage":"pt-BR","@id":"https:\/\/ubanews.com\/site\/#\/schema\/logo\/image\/","url":"https:\/\/ubanews.com\/site\/wp-content\/uploads\/2018\/01\/logoubanews.png","contentUrl":"https:\/\/ubanews.com\/site\/wp-content\/uploads\/2018\/01\/logoubanews.png","width":261,"height":99,"caption":"Ub\u00e1 News"},"image":{"@id":"https:\/\/ubanews.com\/site\/#\/schema\/logo\/image\/"},"sameAs":["https:\/\/www.facebook.com\/Ub\u00e1News-Carlos-Roberto-Sodr\u00e9-418778301977370"]},{"@type":"Person","@id":"https:\/\/ubanews.com\/site\/#\/schema\/person\/d90c9e47252fbb63dcc969fe4c8b9d10","name":"Sodr\u00e9","image":{"@type":"ImageObject","inLanguage":"pt-BR","@id":"https:\/\/secure.gravatar.com\/avatar\/5ba2793f0590b9dbfad3fdec4ee714485b3eef211c9b32ee53d414060454a56c?s=96&d=mm&r=g","url":"https:\/\/secure.gravatar.com\/avatar\/5ba2793f0590b9dbfad3fdec4ee714485b3eef211c9b32ee53d414060454a56c?s=96&d=mm&r=g","contentUrl":"https:\/\/secure.gravatar.com\/avatar\/5ba2793f0590b9dbfad3fdec4ee714485b3eef211c9b32ee53d414060454a56c?s=96&d=mm&r=g","caption":"Sodr\u00e9"},"sameAs":["https:\/\/www.facebook.com\/carosroberto.sodre.5\/"],"url":"https:\/\/ubanews.com\/site\/author\/felipe\/"}]}},"_links":{"self":[{"href":"https:\/\/ubanews.com\/site\/wp-json\/wp\/v2\/posts\/2799","targetHints":{"allow":["GET"]}}],"collection":[{"href":"https:\/\/ubanews.com\/site\/wp-json\/wp\/v2\/posts"}],"about":[{"href":"https:\/\/ubanews.com\/site\/wp-json\/wp\/v2\/types\/post"}],"author":[{"embeddable":true,"href":"https:\/\/ubanews.com\/site\/wp-json\/wp\/v2\/users\/2"}],"replies":[{"embeddable":true,"href":"https:\/\/ubanews.com\/site\/wp-json\/wp\/v2\/comments?post=2799"}],"version-history":[{"count":0,"href":"https:\/\/ubanews.com\/site\/wp-json\/wp\/v2\/posts\/2799\/revisions"}],"wp:featuredmedia":[{"embeddable":true,"href":"https:\/\/ubanews.com\/site\/wp-json\/wp\/v2\/media\/2800"}],"wp:attachment":[{"href":"https:\/\/ubanews.com\/site\/wp-json\/wp\/v2\/media?parent=2799"}],"wp:term":[{"taxonomy":"category","embeddable":true,"href":"https:\/\/ubanews.com\/site\/wp-json\/wp\/v2\/categories?post=2799"},{"taxonomy":"post_tag","embeddable":true,"href":"https:\/\/ubanews.com\/site\/wp-json\/wp\/v2\/tags?post=2799"}],"curies":[{"name":"wp","href":"https:\/\/api.w.org\/{rel}","templated":true}]}}