{"id":270,"date":"2018-02-27T10:15:10","date_gmt":"2018-02-27T13:15:10","guid":{"rendered":"http:\/\/ubanews.com\/site\/?p=270"},"modified":"2018-03-02T08:25:37","modified_gmt":"2018-03-02T11:25:37","slug":"presidente-do-instersind-aureo-calcado-barbosa-ficou-feliz-com-o-primeiro-dia-de-femur","status":"publish","type":"post","link":"https:\/\/ubanews.com\/site\/2018\/02\/27\/presidente-do-instersind-aureo-calcado-barbosa-ficou-feliz-com-o-primeiro-dia-de-femur\/","title":{"rendered":"PRESIDENTE DO INSTERSIND \u00c1UREO CAL\u00c7ADO BARBOSA FICOU FELIZ COM O PRIMEIRO DIA DE FEMUR"},"content":{"rendered":"<p>&nbsp; &nbsp; &nbsp; &nbsp; &nbsp;<\/p>\n<p>&nbsp; &nbsp; &nbsp; &nbsp; &nbsp; O Pavilh\u00e3o de Exposi\u00e7\u00f5es do Horto Florestal de Ub\u00e1 est\u00e1 sediando a 13\u00aa edi\u00e7\u00e3o da FEMUR 2018 (Feira de M\u00f3veis de Minas Gerais). A abertura aconteceu nesta segunda-feira (26), \u00e0s 14h, e contou com a presen\u00e7a de autoridades, imprensa, expositores e p\u00fablico lojista de todo o pa\u00eds.<\/p>\n<p>&nbsp; &nbsp; &nbsp; &nbsp; &nbsp; &nbsp;S\u00e3o 85 expositores, com grandes marcas da ind\u00fastria moveleira nacional presentes e com todas as solu\u00e7\u00f5es em mobili\u00e1rio. Acontece , ainda, a exposi\u00e7\u00e3o dos tr\u00eas produtos vencedores do II Pr\u00eamio Design Sustent\u00e1vel, conquistados pela Modecor, Cozinhas Itatiaia e House Deccor.<\/p>\n<p>&nbsp; &nbsp; &nbsp; &nbsp; &nbsp; Em 2016, a feira recebeu 20 mil visitantes e gerou cerca de R$ 300 milh\u00f5es em neg\u00f3cio. A feira evidencia a produ\u00e7\u00e3o do P\u00f3lo Moveleiro de Ub\u00e1, reconhecido em todo o pa\u00eds como um arranjo produtivo modelo. O evento \u00e9 uma realiza\u00e7\u00e3o do Intersind (Sindicato Intermunicipal das Ind\u00fastrias do Mobili\u00e1rio de Ub\u00e1). A participa\u00e7\u00e3o \u00e9 exclusiva para lojistas do setor moveleiro.<\/p>\n<p>&nbsp;&nbsp;&nbsp;&nbsp;&nbsp;&nbsp;&nbsp;&nbsp;&nbsp; O presidente do Intersind \u00c1ureo Cal\u00e7ado Barbosa ressalta que a feira \u00e9 exclusiva de neg\u00f3cios. Portanto n\u00e3o \u00e9 permitida a visita\u00e7\u00e3o para quem n\u00e3o estiver trabalhando, expondo produtos ou ainda comprando.<\/p>\n<p>&nbsp;&nbsp;&nbsp;&nbsp;&nbsp;&nbsp;&nbsp;&nbsp;&nbsp; \u00c1ureo gosto muito do primeiro dia de feira. Est\u00e1 otimista e acreditando em n\u00fameros favor\u00e1veis at\u00e9 o final do evento, que se d\u00e1 na pr\u00f3xima quinta-feira.<\/p>\n","protected":false},"excerpt":{"rendered":"<p>&nbsp; &nbsp; &nbsp; &nbsp; &nbsp; &nbsp; &nbsp; &nbsp; &nbsp; &nbsp;<\/p>\n","protected":false},"author":2,"featured_media":274,"comment_status":"open","ping_status":"open","sticky":false,"template":"","format":"standard","meta":{"footnotes":""},"categories":[1],"tags":[],"class_list":["post-270","post","type-post","status-publish","format-standard","has-post-thumbnail","hentry","category-sem-categoria"],"yoast_head":"<!-- This site is optimized with the Yoast SEO plugin v27.2 - https:\/\/yoast.com\/product\/yoast-seo-wordpress\/ -->\n<title>PRESIDENTE DO INSTERSIND \u00c1UREO CAL\u00c7ADO BARBOSA FICOU FELIZ COM O PRIMEIRO DIA DE FEMUR - Ub\u00e1 News<\/title>\n<meta name=\"robots\" content=\"index, follow, max-snippet:-1, max-image-preview:large, max-video-preview:-1\" \/>\n<link rel=\"canonical\" href=\"https:\/\/ubanews.com\/site\/2018\/02\/27\/presidente-do-instersind-aureo-calcado-barbosa-ficou-feliz-com-o-primeiro-dia-de-femur\/\" \/>\n<meta property=\"og:locale\" content=\"pt_BR\" \/>\n<meta property=\"og:type\" content=\"article\" \/>\n<meta property=\"og:title\" content=\"PRESIDENTE DO INSTERSIND \u00c1UREO CAL\u00c7ADO BARBOSA FICOU FELIZ COM O PRIMEIRO DIA DE FEMUR - Ub\u00e1 News\" \/>\n<meta property=\"og:description\" content=\"&nbsp; &nbsp; &nbsp; &nbsp; &nbsp; &nbsp; &nbsp; &nbsp; &nbsp; &nbsp;\" \/>\n<meta property=\"og:url\" content=\"https:\/\/ubanews.com\/site\/2018\/02\/27\/presidente-do-instersind-aureo-calcado-barbosa-ficou-feliz-com-o-primeiro-dia-de-femur\/\" \/>\n<meta property=\"og:site_name\" content=\"Ub\u00e1 News\" \/>\n<meta property=\"article:publisher\" content=\"https:\/\/www.facebook.com\/Ub%c3%a1News-Carlos-Roberto-Sodr%c3%a9-418778301977370\" \/>\n<meta property=\"article:author\" content=\"https:\/\/www.facebook.com\/carosroberto.sodre.5\/\" \/>\n<meta property=\"article:published_time\" content=\"2018-02-27T13:15:10+00:00\" \/>\n<meta property=\"article:modified_time\" content=\"2018-03-02T11:25:37+00:00\" \/>\n<meta property=\"og:image\" content=\"https:\/\/ubanews.com\/site\/wp-content\/uploads\/2018\/02\/DSC060981.jpg\" \/>\n\t<meta property=\"og:image:width\" content=\"800\" \/>\n\t<meta property=\"og:image:height\" content=\"320\" \/>\n\t<meta property=\"og:image:type\" content=\"image\/jpeg\" \/>\n<meta name=\"author\" content=\"Sodr\u00e9\" \/>\n<meta name=\"twitter:card\" content=\"summary_large_image\" \/>\n<meta name=\"twitter:label1\" content=\"Escrito por\" \/>\n\t<meta name=\"twitter:data1\" content=\"Sodr\u00e9\" \/>\n\t<meta name=\"twitter:label2\" content=\"Est. tempo de leitura\" \/>\n\t<meta name=\"twitter:data2\" content=\"1 minuto\" \/>\n<script type=\"application\/ld+json\" class=\"yoast-schema-graph\">{\"@context\":\"https:\/\/schema.org\",\"@graph\":[{\"@type\":\"Article\",\"@id\":\"https:\/\/ubanews.com\/site\/2018\/02\/27\/presidente-do-instersind-aureo-calcado-barbosa-ficou-feliz-com-o-primeiro-dia-de-femur\/#article\",\"isPartOf\":{\"@id\":\"https:\/\/ubanews.com\/site\/2018\/02\/27\/presidente-do-instersind-aureo-calcado-barbosa-ficou-feliz-com-o-primeiro-dia-de-femur\/\"},\"author\":{\"name\":\"Sodr\u00e9\",\"@id\":\"https:\/\/ubanews.com\/site\/#\/schema\/person\/d90c9e47252fbb63dcc969fe4c8b9d10\"},\"headline\":\"PRESIDENTE DO INSTERSIND \u00c1UREO CAL\u00c7ADO BARBOSA FICOU FELIZ COM O PRIMEIRO DIA DE FEMUR\",\"datePublished\":\"2018-02-27T13:15:10+00:00\",\"dateModified\":\"2018-03-02T11:25:37+00:00\",\"mainEntityOfPage\":{\"@id\":\"https:\/\/ubanews.com\/site\/2018\/02\/27\/presidente-do-instersind-aureo-calcado-barbosa-ficou-feliz-com-o-primeiro-dia-de-femur\/\"},\"wordCount\":279,\"commentCount\":0,\"publisher\":{\"@id\":\"https:\/\/ubanews.com\/site\/#organization\"},\"image\":{\"@id\":\"https:\/\/ubanews.com\/site\/2018\/02\/27\/presidente-do-instersind-aureo-calcado-barbosa-ficou-feliz-com-o-primeiro-dia-de-femur\/#primaryimage\"},\"thumbnailUrl\":\"https:\/\/ubanews.com\/site\/wp-content\/uploads\/2018\/02\/DSC060981.jpg\",\"articleSection\":[\"Geral\"],\"inLanguage\":\"pt-BR\",\"potentialAction\":[{\"@type\":\"CommentAction\",\"name\":\"Comment\",\"target\":[\"https:\/\/ubanews.com\/site\/2018\/02\/27\/presidente-do-instersind-aureo-calcado-barbosa-ficou-feliz-com-o-primeiro-dia-de-femur\/#respond\"]}]},{\"@type\":\"WebPage\",\"@id\":\"https:\/\/ubanews.com\/site\/2018\/02\/27\/presidente-do-instersind-aureo-calcado-barbosa-ficou-feliz-com-o-primeiro-dia-de-femur\/\",\"url\":\"https:\/\/ubanews.com\/site\/2018\/02\/27\/presidente-do-instersind-aureo-calcado-barbosa-ficou-feliz-com-o-primeiro-dia-de-femur\/\",\"name\":\"PRESIDENTE DO INSTERSIND \u00c1UREO CAL\u00c7ADO BARBOSA FICOU FELIZ COM O PRIMEIRO DIA DE FEMUR - Ub\u00e1 News\",\"isPartOf\":{\"@id\":\"https:\/\/ubanews.com\/site\/#website\"},\"primaryImageOfPage\":{\"@id\":\"https:\/\/ubanews.com\/site\/2018\/02\/27\/presidente-do-instersind-aureo-calcado-barbosa-ficou-feliz-com-o-primeiro-dia-de-femur\/#primaryimage\"},\"image\":{\"@id\":\"https:\/\/ubanews.com\/site\/2018\/02\/27\/presidente-do-instersind-aureo-calcado-barbosa-ficou-feliz-com-o-primeiro-dia-de-femur\/#primaryimage\"},\"thumbnailUrl\":\"https:\/\/ubanews.com\/site\/wp-content\/uploads\/2018\/02\/DSC060981.jpg\",\"datePublished\":\"2018-02-27T13:15:10+00:00\",\"dateModified\":\"2018-03-02T11:25:37+00:00\",\"breadcrumb\":{\"@id\":\"https:\/\/ubanews.com\/site\/2018\/02\/27\/presidente-do-instersind-aureo-calcado-barbosa-ficou-feliz-com-o-primeiro-dia-de-femur\/#breadcrumb\"},\"inLanguage\":\"pt-BR\",\"potentialAction\":[{\"@type\":\"ReadAction\",\"target\":[\"https:\/\/ubanews.com\/site\/2018\/02\/27\/presidente-do-instersind-aureo-calcado-barbosa-ficou-feliz-com-o-primeiro-dia-de-femur\/\"]}]},{\"@type\":\"ImageObject\",\"inLanguage\":\"pt-BR\",\"@id\":\"https:\/\/ubanews.com\/site\/2018\/02\/27\/presidente-do-instersind-aureo-calcado-barbosa-ficou-feliz-com-o-primeiro-dia-de-femur\/#primaryimage\",\"url\":\"https:\/\/ubanews.com\/site\/wp-content\/uploads\/2018\/02\/DSC060981.jpg\",\"contentUrl\":\"https:\/\/ubanews.com\/site\/wp-content\/uploads\/2018\/02\/DSC060981.jpg\",\"width\":800,\"height\":320},{\"@type\":\"BreadcrumbList\",\"@id\":\"https:\/\/ubanews.com\/site\/2018\/02\/27\/presidente-do-instersind-aureo-calcado-barbosa-ficou-feliz-com-o-primeiro-dia-de-femur\/#breadcrumb\",\"itemListElement\":[{\"@type\":\"ListItem\",\"position\":1,\"name\":\"Home\",\"item\":\"https:\/\/ubanews.com\/site\/\"},{\"@type\":\"ListItem\",\"position\":2,\"name\":\"PRESIDENTE DO INSTERSIND \u00c1UREO CAL\u00c7ADO BARBOSA FICOU FELIZ COM O PRIMEIRO DIA DE FEMUR\"}]},{\"@type\":\"WebSite\",\"@id\":\"https:\/\/ubanews.com\/site\/#website\",\"url\":\"https:\/\/ubanews.com\/site\/\",\"name\":\"Ub\u00e1 News\",\"description\":\"\",\"publisher\":{\"@id\":\"https:\/\/ubanews.com\/site\/#organization\"},\"potentialAction\":[{\"@type\":\"SearchAction\",\"target\":{\"@type\":\"EntryPoint\",\"urlTemplate\":\"https:\/\/ubanews.com\/site\/?s={search_term_string}\"},\"query-input\":{\"@type\":\"PropertyValueSpecification\",\"valueRequired\":true,\"valueName\":\"search_term_string\"}}],\"inLanguage\":\"pt-BR\"},{\"@type\":\"Organization\",\"@id\":\"https:\/\/ubanews.com\/site\/#organization\",\"name\":\"Ub\u00e1 News\",\"url\":\"https:\/\/ubanews.com\/site\/\",\"logo\":{\"@type\":\"ImageObject\",\"inLanguage\":\"pt-BR\",\"@id\":\"https:\/\/ubanews.com\/site\/#\/schema\/logo\/image\/\",\"url\":\"https:\/\/ubanews.com\/site\/wp-content\/uploads\/2018\/01\/logoubanews.png\",\"contentUrl\":\"https:\/\/ubanews.com\/site\/wp-content\/uploads\/2018\/01\/logoubanews.png\",\"width\":261,\"height\":99,\"caption\":\"Ub\u00e1 News\"},\"image\":{\"@id\":\"https:\/\/ubanews.com\/site\/#\/schema\/logo\/image\/\"},\"sameAs\":[\"https:\/\/www.facebook.com\/Ub\u00e1News-Carlos-Roberto-Sodr\u00e9-418778301977370\"]},{\"@type\":\"Person\",\"@id\":\"https:\/\/ubanews.com\/site\/#\/schema\/person\/d90c9e47252fbb63dcc969fe4c8b9d10\",\"name\":\"Sodr\u00e9\",\"image\":{\"@type\":\"ImageObject\",\"inLanguage\":\"pt-BR\",\"@id\":\"https:\/\/secure.gravatar.com\/avatar\/5ba2793f0590b9dbfad3fdec4ee714485b3eef211c9b32ee53d414060454a56c?s=96&d=mm&r=g\",\"url\":\"https:\/\/secure.gravatar.com\/avatar\/5ba2793f0590b9dbfad3fdec4ee714485b3eef211c9b32ee53d414060454a56c?s=96&d=mm&r=g\",\"contentUrl\":\"https:\/\/secure.gravatar.com\/avatar\/5ba2793f0590b9dbfad3fdec4ee714485b3eef211c9b32ee53d414060454a56c?s=96&d=mm&r=g\",\"caption\":\"Sodr\u00e9\"},\"sameAs\":[\"https:\/\/www.facebook.com\/carosroberto.sodre.5\/\"],\"url\":\"https:\/\/ubanews.com\/site\/author\/felipe\/\"}]}<\/script>\n<!-- \/ Yoast SEO plugin. -->","yoast_head_json":{"title":"PRESIDENTE DO INSTERSIND \u00c1UREO CAL\u00c7ADO BARBOSA FICOU FELIZ COM O PRIMEIRO DIA DE FEMUR - Ub\u00e1 News","robots":{"index":"index","follow":"follow","max-snippet":"max-snippet:-1","max-image-preview":"max-image-preview:large","max-video-preview":"max-video-preview:-1"},"canonical":"https:\/\/ubanews.com\/site\/2018\/02\/27\/presidente-do-instersind-aureo-calcado-barbosa-ficou-feliz-com-o-primeiro-dia-de-femur\/","og_locale":"pt_BR","og_type":"article","og_title":"PRESIDENTE DO INSTERSIND \u00c1UREO CAL\u00c7ADO BARBOSA FICOU FELIZ COM O PRIMEIRO DIA DE FEMUR - Ub\u00e1 News","og_description":"&nbsp; &nbsp; &nbsp; &nbsp; &nbsp; &nbsp; &nbsp; &nbsp; &nbsp; &nbsp;","og_url":"https:\/\/ubanews.com\/site\/2018\/02\/27\/presidente-do-instersind-aureo-calcado-barbosa-ficou-feliz-com-o-primeiro-dia-de-femur\/","og_site_name":"Ub\u00e1 News","article_publisher":"https:\/\/www.facebook.com\/Ub%c3%a1News-Carlos-Roberto-Sodr%c3%a9-418778301977370","article_author":"https:\/\/www.facebook.com\/carosroberto.sodre.5\/","article_published_time":"2018-02-27T13:15:10+00:00","article_modified_time":"2018-03-02T11:25:37+00:00","og_image":[{"width":800,"height":320,"url":"https:\/\/ubanews.com\/site\/wp-content\/uploads\/2018\/02\/DSC060981.jpg","type":"image\/jpeg"}],"author":"Sodr\u00e9","twitter_card":"summary_large_image","twitter_misc":{"Escrito por":"Sodr\u00e9","Est. tempo de leitura":"1 minuto"},"schema":{"@context":"https:\/\/schema.org","@graph":[{"@type":"Article","@id":"https:\/\/ubanews.com\/site\/2018\/02\/27\/presidente-do-instersind-aureo-calcado-barbosa-ficou-feliz-com-o-primeiro-dia-de-femur\/#article","isPartOf":{"@id":"https:\/\/ubanews.com\/site\/2018\/02\/27\/presidente-do-instersind-aureo-calcado-barbosa-ficou-feliz-com-o-primeiro-dia-de-femur\/"},"author":{"name":"Sodr\u00e9","@id":"https:\/\/ubanews.com\/site\/#\/schema\/person\/d90c9e47252fbb63dcc969fe4c8b9d10"},"headline":"PRESIDENTE DO INSTERSIND \u00c1UREO CAL\u00c7ADO BARBOSA FICOU FELIZ COM O PRIMEIRO DIA DE FEMUR","datePublished":"2018-02-27T13:15:10+00:00","dateModified":"2018-03-02T11:25:37+00:00","mainEntityOfPage":{"@id":"https:\/\/ubanews.com\/site\/2018\/02\/27\/presidente-do-instersind-aureo-calcado-barbosa-ficou-feliz-com-o-primeiro-dia-de-femur\/"},"wordCount":279,"commentCount":0,"publisher":{"@id":"https:\/\/ubanews.com\/site\/#organization"},"image":{"@id":"https:\/\/ubanews.com\/site\/2018\/02\/27\/presidente-do-instersind-aureo-calcado-barbosa-ficou-feliz-com-o-primeiro-dia-de-femur\/#primaryimage"},"thumbnailUrl":"https:\/\/ubanews.com\/site\/wp-content\/uploads\/2018\/02\/DSC060981.jpg","articleSection":["Geral"],"inLanguage":"pt-BR","potentialAction":[{"@type":"CommentAction","name":"Comment","target":["https:\/\/ubanews.com\/site\/2018\/02\/27\/presidente-do-instersind-aureo-calcado-barbosa-ficou-feliz-com-o-primeiro-dia-de-femur\/#respond"]}]},{"@type":"WebPage","@id":"https:\/\/ubanews.com\/site\/2018\/02\/27\/presidente-do-instersind-aureo-calcado-barbosa-ficou-feliz-com-o-primeiro-dia-de-femur\/","url":"https:\/\/ubanews.com\/site\/2018\/02\/27\/presidente-do-instersind-aureo-calcado-barbosa-ficou-feliz-com-o-primeiro-dia-de-femur\/","name":"PRESIDENTE DO INSTERSIND \u00c1UREO CAL\u00c7ADO BARBOSA FICOU FELIZ COM O PRIMEIRO DIA DE FEMUR - Ub\u00e1 News","isPartOf":{"@id":"https:\/\/ubanews.com\/site\/#website"},"primaryImageOfPage":{"@id":"https:\/\/ubanews.com\/site\/2018\/02\/27\/presidente-do-instersind-aureo-calcado-barbosa-ficou-feliz-com-o-primeiro-dia-de-femur\/#primaryimage"},"image":{"@id":"https:\/\/ubanews.com\/site\/2018\/02\/27\/presidente-do-instersind-aureo-calcado-barbosa-ficou-feliz-com-o-primeiro-dia-de-femur\/#primaryimage"},"thumbnailUrl":"https:\/\/ubanews.com\/site\/wp-content\/uploads\/2018\/02\/DSC060981.jpg","datePublished":"2018-02-27T13:15:10+00:00","dateModified":"2018-03-02T11:25:37+00:00","breadcrumb":{"@id":"https:\/\/ubanews.com\/site\/2018\/02\/27\/presidente-do-instersind-aureo-calcado-barbosa-ficou-feliz-com-o-primeiro-dia-de-femur\/#breadcrumb"},"inLanguage":"pt-BR","potentialAction":[{"@type":"ReadAction","target":["https:\/\/ubanews.com\/site\/2018\/02\/27\/presidente-do-instersind-aureo-calcado-barbosa-ficou-feliz-com-o-primeiro-dia-de-femur\/"]}]},{"@type":"ImageObject","inLanguage":"pt-BR","@id":"https:\/\/ubanews.com\/site\/2018\/02\/27\/presidente-do-instersind-aureo-calcado-barbosa-ficou-feliz-com-o-primeiro-dia-de-femur\/#primaryimage","url":"https:\/\/ubanews.com\/site\/wp-content\/uploads\/2018\/02\/DSC060981.jpg","contentUrl":"https:\/\/ubanews.com\/site\/wp-content\/uploads\/2018\/02\/DSC060981.jpg","width":800,"height":320},{"@type":"BreadcrumbList","@id":"https:\/\/ubanews.com\/site\/2018\/02\/27\/presidente-do-instersind-aureo-calcado-barbosa-ficou-feliz-com-o-primeiro-dia-de-femur\/#breadcrumb","itemListElement":[{"@type":"ListItem","position":1,"name":"Home","item":"https:\/\/ubanews.com\/site\/"},{"@type":"ListItem","position":2,"name":"PRESIDENTE DO INSTERSIND \u00c1UREO CAL\u00c7ADO BARBOSA FICOU FELIZ COM O PRIMEIRO DIA DE FEMUR"}]},{"@type":"WebSite","@id":"https:\/\/ubanews.com\/site\/#website","url":"https:\/\/ubanews.com\/site\/","name":"Ub\u00e1 News","description":"","publisher":{"@id":"https:\/\/ubanews.com\/site\/#organization"},"potentialAction":[{"@type":"SearchAction","target":{"@type":"EntryPoint","urlTemplate":"https:\/\/ubanews.com\/site\/?s={search_term_string}"},"query-input":{"@type":"PropertyValueSpecification","valueRequired":true,"valueName":"search_term_string"}}],"inLanguage":"pt-BR"},{"@type":"Organization","@id":"https:\/\/ubanews.com\/site\/#organization","name":"Ub\u00e1 News","url":"https:\/\/ubanews.com\/site\/","logo":{"@type":"ImageObject","inLanguage":"pt-BR","@id":"https:\/\/ubanews.com\/site\/#\/schema\/logo\/image\/","url":"https:\/\/ubanews.com\/site\/wp-content\/uploads\/2018\/01\/logoubanews.png","contentUrl":"https:\/\/ubanews.com\/site\/wp-content\/uploads\/2018\/01\/logoubanews.png","width":261,"height":99,"caption":"Ub\u00e1 News"},"image":{"@id":"https:\/\/ubanews.com\/site\/#\/schema\/logo\/image\/"},"sameAs":["https:\/\/www.facebook.com\/Ub\u00e1News-Carlos-Roberto-Sodr\u00e9-418778301977370"]},{"@type":"Person","@id":"https:\/\/ubanews.com\/site\/#\/schema\/person\/d90c9e47252fbb63dcc969fe4c8b9d10","name":"Sodr\u00e9","image":{"@type":"ImageObject","inLanguage":"pt-BR","@id":"https:\/\/secure.gravatar.com\/avatar\/5ba2793f0590b9dbfad3fdec4ee714485b3eef211c9b32ee53d414060454a56c?s=96&d=mm&r=g","url":"https:\/\/secure.gravatar.com\/avatar\/5ba2793f0590b9dbfad3fdec4ee714485b3eef211c9b32ee53d414060454a56c?s=96&d=mm&r=g","contentUrl":"https:\/\/secure.gravatar.com\/avatar\/5ba2793f0590b9dbfad3fdec4ee714485b3eef211c9b32ee53d414060454a56c?s=96&d=mm&r=g","caption":"Sodr\u00e9"},"sameAs":["https:\/\/www.facebook.com\/carosroberto.sodre.5\/"],"url":"https:\/\/ubanews.com\/site\/author\/felipe\/"}]}},"_links":{"self":[{"href":"https:\/\/ubanews.com\/site\/wp-json\/wp\/v2\/posts\/270","targetHints":{"allow":["GET"]}}],"collection":[{"href":"https:\/\/ubanews.com\/site\/wp-json\/wp\/v2\/posts"}],"about":[{"href":"https:\/\/ubanews.com\/site\/wp-json\/wp\/v2\/types\/post"}],"author":[{"embeddable":true,"href":"https:\/\/ubanews.com\/site\/wp-json\/wp\/v2\/users\/2"}],"replies":[{"embeddable":true,"href":"https:\/\/ubanews.com\/site\/wp-json\/wp\/v2\/comments?post=270"}],"version-history":[{"count":0,"href":"https:\/\/ubanews.com\/site\/wp-json\/wp\/v2\/posts\/270\/revisions"}],"wp:featuredmedia":[{"embeddable":true,"href":"https:\/\/ubanews.com\/site\/wp-json\/wp\/v2\/media\/274"}],"wp:attachment":[{"href":"https:\/\/ubanews.com\/site\/wp-json\/wp\/v2\/media?parent=270"}],"wp:term":[{"taxonomy":"category","embeddable":true,"href":"https:\/\/ubanews.com\/site\/wp-json\/wp\/v2\/categories?post=270"},{"taxonomy":"post_tag","embeddable":true,"href":"https:\/\/ubanews.com\/site\/wp-json\/wp\/v2\/tags?post=270"}],"curies":[{"name":"wp","href":"https:\/\/api.w.org\/{rel}","templated":true}]}}