{"id":263,"date":"2018-02-26T22:32:33","date_gmt":"2018-02-27T01:32:33","guid":{"rendered":"http:\/\/ubanews.com\/site\/?p=263"},"modified":"2018-03-02T08:25:25","modified_gmt":"2018-03-02T11:25:25","slug":"camara-aprova-reajuste-de-5-para-servidores","status":"publish","type":"post","link":"https:\/\/ubanews.com\/site\/2018\/02\/26\/camara-aprova-reajuste-de-5-para-servidores\/","title":{"rendered":"C\u00e2mara aprova reajuste de 5% para servidores"},"content":{"rendered":"<p>&nbsp;<img decoding=\"async\" class=\"alignnone size-full wp-image-265 lazyload\" data-src=\"https:\/\/ubanews.com\/site\/wp-content\/uploads\/2018\/02\/DSC06121.jpg\" alt=\"\" width=\"2592\" height=\"1944\" data-srcset=\"https:\/\/ubanews.com\/site\/wp-content\/uploads\/2018\/02\/DSC06121.jpg 800w, https:\/\/ubanews.com\/site\/wp-content\/uploads\/2018\/02\/DSC06121-300x225.jpg 300w, https:\/\/ubanews.com\/site\/wp-content\/uploads\/2018\/02\/DSC06121-768x576.jpg 768w, https:\/\/ubanews.com\/site\/wp-content\/uploads\/2018\/02\/DSC06121-1024x768.jpg 1024w\" data-sizes=\"(max-width: 2592px) 100vw, 2592px\" src=\"data:image\/svg+xml;base64,PHN2ZyB3aWR0aD0iMSIgaGVpZ2h0PSIxIiB4bWxucz0iaHR0cDovL3d3dy53My5vcmcvMjAwMC9zdmciPjwvc3ZnPg==\" style=\"--smush-placeholder-width: 2592px; --smush-placeholder-aspect-ratio: 2592\/1944;\" \/><\/p>\n<p>Por unanimidade o Poder Legislativo aprovou em duas sess\u00f5es na noite desta segunda-feira (26), \u00e0s 19h, um reajuste de 5% no sal\u00e1rio, e ainda no vale alimenta\u00e7\u00e3o para servidores da C\u00e2mara e Prefeitura Municipal de Ub\u00e1.<\/p>\n<p><img decoding=\"async\" class=\"alignnone size-full wp-image-264 lazyload\" data-src=\"https:\/\/ubanews.com\/site\/wp-content\/uploads\/2018\/02\/DSC06115.jpg\" alt=\"\" width=\"2592\" height=\"1944\" data-srcset=\"https:\/\/ubanews.com\/site\/wp-content\/uploads\/2018\/02\/DSC06115.jpg 800w, https:\/\/ubanews.com\/site\/wp-content\/uploads\/2018\/02\/DSC06115-300x225.jpg 300w, https:\/\/ubanews.com\/site\/wp-content\/uploads\/2018\/02\/DSC06115-768x576.jpg 768w, https:\/\/ubanews.com\/site\/wp-content\/uploads\/2018\/02\/DSC06115-1024x768.jpg 1024w\" data-sizes=\"(max-width: 2592px) 100vw, 2592px\" src=\"data:image\/svg+xml;base64,PHN2ZyB3aWR0aD0iMSIgaGVpZ2h0PSIxIiB4bWxucz0iaHR0cDovL3d3dy53My5vcmcvMjAwMC9zdmciPjwvc3ZnPg==\" style=\"--smush-placeholder-width: 2592px; --smush-placeholder-aspect-ratio: 2592\/1944;\" \/><\/p>\n<p>Depois de 45 minutos a presidente Ros\u00e2ngela Alfenas deu por encerrada a sess\u00e3o.<\/p>\n","protected":false},"excerpt":{"rendered":"<p>&nbsp; Por unanimidade o Poder Legislativo aprovou em duas sess\u00f5es<\/p>\n","protected":false},"author":2,"featured_media":265,"comment_status":"open","ping_status":"open","sticky":false,"template":"","format":"standard","meta":{"footnotes":""},"categories":[1],"tags":[],"class_list":["post-263","post","type-post","status-publish","format-standard","has-post-thumbnail","hentry","category-sem-categoria"],"yoast_head":"<!-- This site is optimized with the Yoast SEO plugin v27.2 - https:\/\/yoast.com\/product\/yoast-seo-wordpress\/ -->\n<title>C\u00e2mara aprova reajuste de 5% para servidores - Ub\u00e1 News<\/title>\n<meta name=\"robots\" content=\"index, follow, max-snippet:-1, max-image-preview:large, max-video-preview:-1\" \/>\n<link rel=\"canonical\" href=\"https:\/\/ubanews.com\/site\/2018\/02\/26\/camara-aprova-reajuste-de-5-para-servidores\/\" \/>\n<meta property=\"og:locale\" content=\"pt_BR\" \/>\n<meta property=\"og:type\" content=\"article\" \/>\n<meta property=\"og:title\" content=\"C\u00e2mara aprova reajuste de 5% para servidores - Ub\u00e1 News\" \/>\n<meta property=\"og:description\" content=\"&nbsp; Por unanimidade o Poder Legislativo aprovou em duas sess\u00f5es\" \/>\n<meta property=\"og:url\" content=\"https:\/\/ubanews.com\/site\/2018\/02\/26\/camara-aprova-reajuste-de-5-para-servidores\/\" \/>\n<meta property=\"og:site_name\" content=\"Ub\u00e1 News\" \/>\n<meta property=\"article:publisher\" content=\"https:\/\/www.facebook.com\/Ub%c3%a1News-Carlos-Roberto-Sodr%c3%a9-418778301977370\" \/>\n<meta property=\"article:author\" content=\"https:\/\/www.facebook.com\/carosroberto.sodre.5\/\" \/>\n<meta property=\"article:published_time\" content=\"2018-02-27T01:32:33+00:00\" \/>\n<meta property=\"article:modified_time\" content=\"2018-03-02T11:25:25+00:00\" \/>\n<meta property=\"og:image\" content=\"https:\/\/ubanews.com\/site\/wp-content\/uploads\/2018\/02\/DSC06121.jpg\" \/>\n\t<meta property=\"og:image:width\" content=\"800\" \/>\n\t<meta property=\"og:image:height\" content=\"600\" \/>\n\t<meta property=\"og:image:type\" content=\"image\/jpeg\" \/>\n<meta name=\"author\" content=\"Sodr\u00e9\" \/>\n<meta name=\"twitter:card\" content=\"summary_large_image\" \/>\n<meta name=\"twitter:label1\" content=\"Escrito por\" \/>\n\t<meta name=\"twitter:data1\" content=\"Sodr\u00e9\" \/>\n<script type=\"application\/ld+json\" class=\"yoast-schema-graph\">{\"@context\":\"https:\/\/schema.org\",\"@graph\":[{\"@type\":\"Article\",\"@id\":\"https:\/\/ubanews.com\/site\/2018\/02\/26\/camara-aprova-reajuste-de-5-para-servidores\/#article\",\"isPartOf\":{\"@id\":\"https:\/\/ubanews.com\/site\/2018\/02\/26\/camara-aprova-reajuste-de-5-para-servidores\/\"},\"author\":{\"name\":\"Sodr\u00e9\",\"@id\":\"https:\/\/ubanews.com\/site\/#\/schema\/person\/d90c9e47252fbb63dcc969fe4c8b9d10\"},\"headline\":\"C\u00e2mara aprova reajuste de 5% para servidores\",\"datePublished\":\"2018-02-27T01:32:33+00:00\",\"dateModified\":\"2018-03-02T11:25:25+00:00\",\"mainEntityOfPage\":{\"@id\":\"https:\/\/ubanews.com\/site\/2018\/02\/26\/camara-aprova-reajuste-de-5-para-servidores\/\"},\"wordCount\":60,\"commentCount\":0,\"publisher\":{\"@id\":\"https:\/\/ubanews.com\/site\/#organization\"},\"image\":{\"@id\":\"https:\/\/ubanews.com\/site\/2018\/02\/26\/camara-aprova-reajuste-de-5-para-servidores\/#primaryimage\"},\"thumbnailUrl\":\"https:\/\/ubanews.com\/site\/wp-content\/uploads\/2018\/02\/DSC06121.jpg\",\"articleSection\":[\"Geral\"],\"inLanguage\":\"pt-BR\",\"potentialAction\":[{\"@type\":\"CommentAction\",\"name\":\"Comment\",\"target\":[\"https:\/\/ubanews.com\/site\/2018\/02\/26\/camara-aprova-reajuste-de-5-para-servidores\/#respond\"]}]},{\"@type\":\"WebPage\",\"@id\":\"https:\/\/ubanews.com\/site\/2018\/02\/26\/camara-aprova-reajuste-de-5-para-servidores\/\",\"url\":\"https:\/\/ubanews.com\/site\/2018\/02\/26\/camara-aprova-reajuste-de-5-para-servidores\/\",\"name\":\"C\u00e2mara aprova reajuste de 5% para servidores - Ub\u00e1 News\",\"isPartOf\":{\"@id\":\"https:\/\/ubanews.com\/site\/#website\"},\"primaryImageOfPage\":{\"@id\":\"https:\/\/ubanews.com\/site\/2018\/02\/26\/camara-aprova-reajuste-de-5-para-servidores\/#primaryimage\"},\"image\":{\"@id\":\"https:\/\/ubanews.com\/site\/2018\/02\/26\/camara-aprova-reajuste-de-5-para-servidores\/#primaryimage\"},\"thumbnailUrl\":\"https:\/\/ubanews.com\/site\/wp-content\/uploads\/2018\/02\/DSC06121.jpg\",\"datePublished\":\"2018-02-27T01:32:33+00:00\",\"dateModified\":\"2018-03-02T11:25:25+00:00\",\"breadcrumb\":{\"@id\":\"https:\/\/ubanews.com\/site\/2018\/02\/26\/camara-aprova-reajuste-de-5-para-servidores\/#breadcrumb\"},\"inLanguage\":\"pt-BR\",\"potentialAction\":[{\"@type\":\"ReadAction\",\"target\":[\"https:\/\/ubanews.com\/site\/2018\/02\/26\/camara-aprova-reajuste-de-5-para-servidores\/\"]}]},{\"@type\":\"ImageObject\",\"inLanguage\":\"pt-BR\",\"@id\":\"https:\/\/ubanews.com\/site\/2018\/02\/26\/camara-aprova-reajuste-de-5-para-servidores\/#primaryimage\",\"url\":\"https:\/\/ubanews.com\/site\/wp-content\/uploads\/2018\/02\/DSC06121.jpg\",\"contentUrl\":\"https:\/\/ubanews.com\/site\/wp-content\/uploads\/2018\/02\/DSC06121.jpg\",\"width\":800,\"height\":600},{\"@type\":\"BreadcrumbList\",\"@id\":\"https:\/\/ubanews.com\/site\/2018\/02\/26\/camara-aprova-reajuste-de-5-para-servidores\/#breadcrumb\",\"itemListElement\":[{\"@type\":\"ListItem\",\"position\":1,\"name\":\"Home\",\"item\":\"https:\/\/ubanews.com\/site\/\"},{\"@type\":\"ListItem\",\"position\":2,\"name\":\"C\u00e2mara aprova reajuste de 5% para servidores\"}]},{\"@type\":\"WebSite\",\"@id\":\"https:\/\/ubanews.com\/site\/#website\",\"url\":\"https:\/\/ubanews.com\/site\/\",\"name\":\"Ub\u00e1 News\",\"description\":\"\",\"publisher\":{\"@id\":\"https:\/\/ubanews.com\/site\/#organization\"},\"potentialAction\":[{\"@type\":\"SearchAction\",\"target\":{\"@type\":\"EntryPoint\",\"urlTemplate\":\"https:\/\/ubanews.com\/site\/?s={search_term_string}\"},\"query-input\":{\"@type\":\"PropertyValueSpecification\",\"valueRequired\":true,\"valueName\":\"search_term_string\"}}],\"inLanguage\":\"pt-BR\"},{\"@type\":\"Organization\",\"@id\":\"https:\/\/ubanews.com\/site\/#organization\",\"name\":\"Ub\u00e1 News\",\"url\":\"https:\/\/ubanews.com\/site\/\",\"logo\":{\"@type\":\"ImageObject\",\"inLanguage\":\"pt-BR\",\"@id\":\"https:\/\/ubanews.com\/site\/#\/schema\/logo\/image\/\",\"url\":\"https:\/\/ubanews.com\/site\/wp-content\/uploads\/2018\/01\/logoubanews.png\",\"contentUrl\":\"https:\/\/ubanews.com\/site\/wp-content\/uploads\/2018\/01\/logoubanews.png\",\"width\":261,\"height\":99,\"caption\":\"Ub\u00e1 News\"},\"image\":{\"@id\":\"https:\/\/ubanews.com\/site\/#\/schema\/logo\/image\/\"},\"sameAs\":[\"https:\/\/www.facebook.com\/Ub\u00e1News-Carlos-Roberto-Sodr\u00e9-418778301977370\"]},{\"@type\":\"Person\",\"@id\":\"https:\/\/ubanews.com\/site\/#\/schema\/person\/d90c9e47252fbb63dcc969fe4c8b9d10\",\"name\":\"Sodr\u00e9\",\"image\":{\"@type\":\"ImageObject\",\"inLanguage\":\"pt-BR\",\"@id\":\"https:\/\/secure.gravatar.com\/avatar\/5ba2793f0590b9dbfad3fdec4ee714485b3eef211c9b32ee53d414060454a56c?s=96&d=mm&r=g\",\"url\":\"https:\/\/secure.gravatar.com\/avatar\/5ba2793f0590b9dbfad3fdec4ee714485b3eef211c9b32ee53d414060454a56c?s=96&d=mm&r=g\",\"contentUrl\":\"https:\/\/secure.gravatar.com\/avatar\/5ba2793f0590b9dbfad3fdec4ee714485b3eef211c9b32ee53d414060454a56c?s=96&d=mm&r=g\",\"caption\":\"Sodr\u00e9\"},\"sameAs\":[\"https:\/\/www.facebook.com\/carosroberto.sodre.5\/\"],\"url\":\"https:\/\/ubanews.com\/site\/author\/felipe\/\"}]}<\/script>\n<!-- \/ Yoast SEO plugin. -->","yoast_head_json":{"title":"C\u00e2mara aprova reajuste de 5% para servidores - Ub\u00e1 News","robots":{"index":"index","follow":"follow","max-snippet":"max-snippet:-1","max-image-preview":"max-image-preview:large","max-video-preview":"max-video-preview:-1"},"canonical":"https:\/\/ubanews.com\/site\/2018\/02\/26\/camara-aprova-reajuste-de-5-para-servidores\/","og_locale":"pt_BR","og_type":"article","og_title":"C\u00e2mara aprova reajuste de 5% para servidores - Ub\u00e1 News","og_description":"&nbsp; Por unanimidade o Poder Legislativo aprovou em duas sess\u00f5es","og_url":"https:\/\/ubanews.com\/site\/2018\/02\/26\/camara-aprova-reajuste-de-5-para-servidores\/","og_site_name":"Ub\u00e1 News","article_publisher":"https:\/\/www.facebook.com\/Ub%c3%a1News-Carlos-Roberto-Sodr%c3%a9-418778301977370","article_author":"https:\/\/www.facebook.com\/carosroberto.sodre.5\/","article_published_time":"2018-02-27T01:32:33+00:00","article_modified_time":"2018-03-02T11:25:25+00:00","og_image":[{"width":800,"height":600,"url":"https:\/\/ubanews.com\/site\/wp-content\/uploads\/2018\/02\/DSC06121.jpg","type":"image\/jpeg"}],"author":"Sodr\u00e9","twitter_card":"summary_large_image","twitter_misc":{"Escrito por":"Sodr\u00e9"},"schema":{"@context":"https:\/\/schema.org","@graph":[{"@type":"Article","@id":"https:\/\/ubanews.com\/site\/2018\/02\/26\/camara-aprova-reajuste-de-5-para-servidores\/#article","isPartOf":{"@id":"https:\/\/ubanews.com\/site\/2018\/02\/26\/camara-aprova-reajuste-de-5-para-servidores\/"},"author":{"name":"Sodr\u00e9","@id":"https:\/\/ubanews.com\/site\/#\/schema\/person\/d90c9e47252fbb63dcc969fe4c8b9d10"},"headline":"C\u00e2mara aprova reajuste de 5% para servidores","datePublished":"2018-02-27T01:32:33+00:00","dateModified":"2018-03-02T11:25:25+00:00","mainEntityOfPage":{"@id":"https:\/\/ubanews.com\/site\/2018\/02\/26\/camara-aprova-reajuste-de-5-para-servidores\/"},"wordCount":60,"commentCount":0,"publisher":{"@id":"https:\/\/ubanews.com\/site\/#organization"},"image":{"@id":"https:\/\/ubanews.com\/site\/2018\/02\/26\/camara-aprova-reajuste-de-5-para-servidores\/#primaryimage"},"thumbnailUrl":"https:\/\/ubanews.com\/site\/wp-content\/uploads\/2018\/02\/DSC06121.jpg","articleSection":["Geral"],"inLanguage":"pt-BR","potentialAction":[{"@type":"CommentAction","name":"Comment","target":["https:\/\/ubanews.com\/site\/2018\/02\/26\/camara-aprova-reajuste-de-5-para-servidores\/#respond"]}]},{"@type":"WebPage","@id":"https:\/\/ubanews.com\/site\/2018\/02\/26\/camara-aprova-reajuste-de-5-para-servidores\/","url":"https:\/\/ubanews.com\/site\/2018\/02\/26\/camara-aprova-reajuste-de-5-para-servidores\/","name":"C\u00e2mara aprova reajuste de 5% para servidores - Ub\u00e1 News","isPartOf":{"@id":"https:\/\/ubanews.com\/site\/#website"},"primaryImageOfPage":{"@id":"https:\/\/ubanews.com\/site\/2018\/02\/26\/camara-aprova-reajuste-de-5-para-servidores\/#primaryimage"},"image":{"@id":"https:\/\/ubanews.com\/site\/2018\/02\/26\/camara-aprova-reajuste-de-5-para-servidores\/#primaryimage"},"thumbnailUrl":"https:\/\/ubanews.com\/site\/wp-content\/uploads\/2018\/02\/DSC06121.jpg","datePublished":"2018-02-27T01:32:33+00:00","dateModified":"2018-03-02T11:25:25+00:00","breadcrumb":{"@id":"https:\/\/ubanews.com\/site\/2018\/02\/26\/camara-aprova-reajuste-de-5-para-servidores\/#breadcrumb"},"inLanguage":"pt-BR","potentialAction":[{"@type":"ReadAction","target":["https:\/\/ubanews.com\/site\/2018\/02\/26\/camara-aprova-reajuste-de-5-para-servidores\/"]}]},{"@type":"ImageObject","inLanguage":"pt-BR","@id":"https:\/\/ubanews.com\/site\/2018\/02\/26\/camara-aprova-reajuste-de-5-para-servidores\/#primaryimage","url":"https:\/\/ubanews.com\/site\/wp-content\/uploads\/2018\/02\/DSC06121.jpg","contentUrl":"https:\/\/ubanews.com\/site\/wp-content\/uploads\/2018\/02\/DSC06121.jpg","width":800,"height":600},{"@type":"BreadcrumbList","@id":"https:\/\/ubanews.com\/site\/2018\/02\/26\/camara-aprova-reajuste-de-5-para-servidores\/#breadcrumb","itemListElement":[{"@type":"ListItem","position":1,"name":"Home","item":"https:\/\/ubanews.com\/site\/"},{"@type":"ListItem","position":2,"name":"C\u00e2mara aprova reajuste de 5% para servidores"}]},{"@type":"WebSite","@id":"https:\/\/ubanews.com\/site\/#website","url":"https:\/\/ubanews.com\/site\/","name":"Ub\u00e1 News","description":"","publisher":{"@id":"https:\/\/ubanews.com\/site\/#organization"},"potentialAction":[{"@type":"SearchAction","target":{"@type":"EntryPoint","urlTemplate":"https:\/\/ubanews.com\/site\/?s={search_term_string}"},"query-input":{"@type":"PropertyValueSpecification","valueRequired":true,"valueName":"search_term_string"}}],"inLanguage":"pt-BR"},{"@type":"Organization","@id":"https:\/\/ubanews.com\/site\/#organization","name":"Ub\u00e1 News","url":"https:\/\/ubanews.com\/site\/","logo":{"@type":"ImageObject","inLanguage":"pt-BR","@id":"https:\/\/ubanews.com\/site\/#\/schema\/logo\/image\/","url":"https:\/\/ubanews.com\/site\/wp-content\/uploads\/2018\/01\/logoubanews.png","contentUrl":"https:\/\/ubanews.com\/site\/wp-content\/uploads\/2018\/01\/logoubanews.png","width":261,"height":99,"caption":"Ub\u00e1 News"},"image":{"@id":"https:\/\/ubanews.com\/site\/#\/schema\/logo\/image\/"},"sameAs":["https:\/\/www.facebook.com\/Ub\u00e1News-Carlos-Roberto-Sodr\u00e9-418778301977370"]},{"@type":"Person","@id":"https:\/\/ubanews.com\/site\/#\/schema\/person\/d90c9e47252fbb63dcc969fe4c8b9d10","name":"Sodr\u00e9","image":{"@type":"ImageObject","inLanguage":"pt-BR","@id":"https:\/\/secure.gravatar.com\/avatar\/5ba2793f0590b9dbfad3fdec4ee714485b3eef211c9b32ee53d414060454a56c?s=96&d=mm&r=g","url":"https:\/\/secure.gravatar.com\/avatar\/5ba2793f0590b9dbfad3fdec4ee714485b3eef211c9b32ee53d414060454a56c?s=96&d=mm&r=g","contentUrl":"https:\/\/secure.gravatar.com\/avatar\/5ba2793f0590b9dbfad3fdec4ee714485b3eef211c9b32ee53d414060454a56c?s=96&d=mm&r=g","caption":"Sodr\u00e9"},"sameAs":["https:\/\/www.facebook.com\/carosroberto.sodre.5\/"],"url":"https:\/\/ubanews.com\/site\/author\/felipe\/"}]}},"_links":{"self":[{"href":"https:\/\/ubanews.com\/site\/wp-json\/wp\/v2\/posts\/263","targetHints":{"allow":["GET"]}}],"collection":[{"href":"https:\/\/ubanews.com\/site\/wp-json\/wp\/v2\/posts"}],"about":[{"href":"https:\/\/ubanews.com\/site\/wp-json\/wp\/v2\/types\/post"}],"author":[{"embeddable":true,"href":"https:\/\/ubanews.com\/site\/wp-json\/wp\/v2\/users\/2"}],"replies":[{"embeddable":true,"href":"https:\/\/ubanews.com\/site\/wp-json\/wp\/v2\/comments?post=263"}],"version-history":[{"count":0,"href":"https:\/\/ubanews.com\/site\/wp-json\/wp\/v2\/posts\/263\/revisions"}],"wp:featuredmedia":[{"embeddable":true,"href":"https:\/\/ubanews.com\/site\/wp-json\/wp\/v2\/media\/265"}],"wp:attachment":[{"href":"https:\/\/ubanews.com\/site\/wp-json\/wp\/v2\/media?parent=263"}],"wp:term":[{"taxonomy":"category","embeddable":true,"href":"https:\/\/ubanews.com\/site\/wp-json\/wp\/v2\/categories?post=263"},{"taxonomy":"post_tag","embeddable":true,"href":"https:\/\/ubanews.com\/site\/wp-json\/wp\/v2\/tags?post=263"}],"curies":[{"name":"wp","href":"https:\/\/api.w.org\/{rel}","templated":true}]}}