{"id":25953,"date":"2026-09-02T11:42:35","date_gmt":"2026-09-02T14:42:35","guid":{"rendered":"https:\/\/ubanews.com\/site\/?p=25953"},"modified":"2026-09-02T11:44:08","modified_gmt":"2026-09-02T14:44:08","slug":"femur-2027","status":"publish","type":"post","link":"https:\/\/ubanews.com\/site\/2026\/09\/02\/femur-2027\/","title":{"rendered":"FEMUR 2027"},"content":{"rendered":"\n<p class=\"wp-block-paragraph\">FEMUR 2027 inicia nova fase e projeta 17 mil visitantes. A maior feira de m\u00f3veis de Minas Gerais abriu oficialmente os trabalhos para a FEMUR 2027. Durante o evento de lan\u00e7amento, realizado no Audit\u00f3rio Victor Costa, lideran\u00e7as empresariais, autoridades, parceiros e representantes do setor moveleiro destacaram a import\u00e2ncia da feira para a economia de Ub\u00e1 e de todo o Polo Moveleiro da regi\u00e3o. As informa\u00e7\u00f5es foram apresentadas durante entrevista conduzida pelo rep\u00f3rter Carlos Roberto Sodr\u00e9, com imagens de Laisa Sodr\u00e9 e gera\u00e7\u00e3o de conte\u00fado de Pedro Henriques, da INDICCA. <\/p>\n\n\n\n<h2 class=\"wp-block-heading\">FEMUR 2027 inicia nova fase e projeta 17 mil visitantes<\/h2>\n\n\n\n<figure class=\"wp-block-image size-large\"><img loading=\"lazy\" decoding=\"async\" width=\"967\" height=\"540\" src=\"https:\/\/ubanews.com\/site\/wp-content\/uploads\/2026\/09\/Femur-2027.png\" alt=\"Femur 2027\" class=\"wp-image-25960\" srcset=\"https:\/\/ubanews.com\/site\/wp-content\/uploads\/2026\/09\/Femur-2027.png 967w, https:\/\/ubanews.com\/site\/wp-content\/uploads\/2026\/09\/Femur-2027-300x168.png 300w, https:\/\/ubanews.com\/site\/wp-content\/uploads\/2026\/09\/Femur-2027-768x429.png 768w, https:\/\/ubanews.com\/site\/wp-content\/uploads\/2026\/09\/Femur-2027-360x200.png 360w\" sizes=\"auto, (max-width: 967px) 100vw, 967px\" \/><\/figure>\n\n\n\n<figure class=\"wp-block-gallery has-nested-images columns-default is-cropped wp-block-gallery-1 is-layout-flex wp-block-gallery-is-layout-flex\">\n<figure class=\"wp-block-image size-large\"><img loading=\"lazy\" decoding=\"async\" width=\"966\" height=\"529\" data-id=\"25954\" src=\"https:\/\/ubanews.com\/site\/wp-content\/uploads\/2026\/09\/Femur-2027-Aciuba-Presidente-Elias-Coelho.png\" alt=\"Femur 2027\n\" class=\"wp-image-25954\" srcset=\"https:\/\/ubanews.com\/site\/wp-content\/uploads\/2026\/09\/Femur-2027-Aciuba-Presidente-Elias-Coelho.png 966w, https:\/\/ubanews.com\/site\/wp-content\/uploads\/2026\/09\/Femur-2027-Aciuba-Presidente-Elias-Coelho-300x164.png 300w, https:\/\/ubanews.com\/site\/wp-content\/uploads\/2026\/09\/Femur-2027-Aciuba-Presidente-Elias-Coelho-768x421.png 768w, https:\/\/ubanews.com\/site\/wp-content\/uploads\/2026\/09\/Femur-2027-Aciuba-Presidente-Elias-Coelho-600x330.png 600w\" sizes=\"auto, (max-width: 966px) 100vw, 966px\" \/><\/figure>\n\n\n\n<figure class=\"wp-block-image size-large\"><img loading=\"lazy\" decoding=\"async\" width=\"964\" height=\"536\" data-id=\"25955\" src=\"https:\/\/ubanews.com\/site\/wp-content\/uploads\/2026\/09\/Femur-2027-Palestra.png\" alt=\"Femur 2027\" class=\"wp-image-25955\" srcset=\"https:\/\/ubanews.com\/site\/wp-content\/uploads\/2026\/09\/Femur-2027-Palestra.png 964w, https:\/\/ubanews.com\/site\/wp-content\/uploads\/2026\/09\/Femur-2027-Palestra-300x167.png 300w, https:\/\/ubanews.com\/site\/wp-content\/uploads\/2026\/09\/Femur-2027-Palestra-768x427.png 768w, https:\/\/ubanews.com\/site\/wp-content\/uploads\/2026\/09\/Femur-2027-Palestra-360x200.png 360w\" sizes=\"auto, (max-width: 964px) 100vw, 964px\" \/><\/figure>\n\n\n\n<figure class=\"wp-block-image size-large\"><img loading=\"lazy\" decoding=\"async\" width=\"961\" height=\"531\" data-id=\"25956\" src=\"https:\/\/ubanews.com\/site\/wp-content\/uploads\/2026\/09\/Femur-2027-Premio-Design-FEMUR.png\" alt=\"Femur 2027\" class=\"wp-image-25956\" srcset=\"https:\/\/ubanews.com\/site\/wp-content\/uploads\/2026\/09\/Femur-2027-Premio-Design-FEMUR.png 961w, https:\/\/ubanews.com\/site\/wp-content\/uploads\/2026\/09\/Femur-2027-Premio-Design-FEMUR-300x166.png 300w, https:\/\/ubanews.com\/site\/wp-content\/uploads\/2026\/09\/Femur-2027-Premio-Design-FEMUR-768x424.png 768w, https:\/\/ubanews.com\/site\/wp-content\/uploads\/2026\/09\/Femur-2027-Premio-Design-FEMUR-360x200.png 360w\" sizes=\"auto, (max-width: 961px) 100vw, 961px\" \/><\/figure>\n\n\n\n<figure class=\"wp-block-image size-large\"><img loading=\"lazy\" decoding=\"async\" width=\"962\" height=\"533\" data-id=\"25957\" src=\"https:\/\/ubanews.com\/site\/wp-content\/uploads\/2026\/09\/Femur-2027-Ludmila-Oliveira.png\" alt=\"Femur 2027\" class=\"wp-image-25957\" srcset=\"https:\/\/ubanews.com\/site\/wp-content\/uploads\/2026\/09\/Femur-2027-Ludmila-Oliveira.png 962w, https:\/\/ubanews.com\/site\/wp-content\/uploads\/2026\/09\/Femur-2027-Ludmila-Oliveira-300x166.png 300w, https:\/\/ubanews.com\/site\/wp-content\/uploads\/2026\/09\/Femur-2027-Ludmila-Oliveira-768x426.png 768w, https:\/\/ubanews.com\/site\/wp-content\/uploads\/2026\/09\/Femur-2027-Ludmila-Oliveira-360x200.png 360w\" sizes=\"auto, (max-width: 962px) 100vw, 962px\" \/><\/figure>\n\n\n\n<figure class=\"wp-block-image size-large\"><img loading=\"lazy\" decoding=\"async\" width=\"962\" height=\"533\" data-id=\"25958\" src=\"https:\/\/ubanews.com\/site\/wp-content\/uploads\/2026\/09\/Femur-2027-Heliane-Martins.png\" alt=\"Femur 2027\" class=\"wp-image-25958\" srcset=\"https:\/\/ubanews.com\/site\/wp-content\/uploads\/2026\/09\/Femur-2027-Heliane-Martins.png 962w, https:\/\/ubanews.com\/site\/wp-content\/uploads\/2026\/09\/Femur-2027-Heliane-Martins-300x166.png 300w, https:\/\/ubanews.com\/site\/wp-content\/uploads\/2026\/09\/Femur-2027-Heliane-Martins-768x426.png 768w, https:\/\/ubanews.com\/site\/wp-content\/uploads\/2026\/09\/Femur-2027-Heliane-Martins-360x200.png 360w\" sizes=\"auto, (max-width: 962px) 100vw, 962px\" \/><\/figure>\n\n\n\n<figure class=\"wp-block-image size-large\"><img loading=\"lazy\" decoding=\"async\" width=\"968\" height=\"537\" data-id=\"25959\" src=\"https:\/\/ubanews.com\/site\/wp-content\/uploads\/2026\/09\/Femur-2027-Prefeito-Professor-Jose-Damato.png\" alt=\"Femur 2027\" class=\"wp-image-25959\" srcset=\"https:\/\/ubanews.com\/site\/wp-content\/uploads\/2026\/09\/Femur-2027-Prefeito-Professor-Jose-Damato.png 968w, https:\/\/ubanews.com\/site\/wp-content\/uploads\/2026\/09\/Femur-2027-Prefeito-Professor-Jose-Damato-300x166.png 300w, https:\/\/ubanews.com\/site\/wp-content\/uploads\/2026\/09\/Femur-2027-Prefeito-Professor-Jose-Damato-768x426.png 768w, https:\/\/ubanews.com\/site\/wp-content\/uploads\/2026\/09\/Femur-2027-Prefeito-Professor-Jose-Damato-360x200.png 360w\" sizes=\"auto, (max-width: 968px) 100vw, 968px\" \/><\/figure>\n<\/figure>\n\n\n\n<h3 class=\"wp-block-heading\">FEMUR passa a ser realizada todos os anos<\/h3>\n\n\n\n<p class=\"wp-block-paragraph\">A principal novidade anunciada no lan\u00e7amento \u00e9 que a FEMUR deixa de ser bienal e passa a ocorrer anualmente. A mudan\u00e7a representa um novo momento para o setor moveleiro e amplia as oportunidades de neg\u00f3cios para fabricantes, lojistas, representantes e fornecedores.<\/p>\n\n\n\n<p class=\"wp-block-paragraph\">Durante entrevista ao jornalista Carlos Roberto Sodr\u00e9, o presidente do Intersind destacou a relev\u00e2ncia da decis\u00e3o.<\/p>\n\n\n\n<p class=\"wp-block-paragraph\">&#8220;N\u00e3o \u00e9 apenas um lan\u00e7amento. \u00c9 um momento hist\u00f3rico. Agora teremos a FEMUR todos os anos na cidade. Estamos incorporando todo o sucesso da Mostra de M\u00f3veis e fortalecendo ainda mais a feira&#8221;, afirmou.<\/p>\n\n\n\n<p class=\"wp-block-paragraph\">Al\u00e9m disso, a organiza\u00e7\u00e3o acredita que a realiza\u00e7\u00e3o anual aumentar\u00e1 a presen\u00e7a de compradores e consolidar\u00e1 ainda mais Ub\u00e1 como refer\u00eancia nacional do setor moveleiro. <\/p>\n\n\n\n<h3 class=\"wp-block-heading\">Feira espera receber mais de 17 mil visitantes<\/h3>\n\n\n\n<p class=\"wp-block-paragraph\">A expectativa para a edi\u00e7\u00e3o de 2027 \u00e9 bastante positiva. Segundo os organizadores, a feira contar\u00e1 com 115 expositores e dever\u00e1 atrair cerca de 17 mil visitantes entre os dias 25 e 28 de janeiro.<\/p>\n\n\n\n<p class=\"wp-block-paragraph\">Ao longo dos quatro dias de evento, compradores de v\u00e1rias regi\u00f5es do Brasil ter\u00e3o contato direto com lan\u00e7amentos, tend\u00eancias de mercado e solu\u00e7\u00f5es inovadoras desenvolvidas pelas ind\u00fastrias do polo.<\/p>\n\n\n\n<p class=\"wp-block-paragraph\">Por isso, a FEMUR se consolida n\u00e3o apenas como uma feira de exposi\u00e7\u00e3o, mas como uma plataforma estrat\u00e9gica para gera\u00e7\u00e3o de neg\u00f3cios e fortalecimento da ind\u00fastria regional.<\/p>\n\n\n\n<h3 class=\"wp-block-heading\">Climatiza\u00e7\u00e3o e infraestrutura recebem elogios<\/h3>\n\n\n\n<p class=\"wp-block-paragraph\">Outro destaque do lan\u00e7amento foi a valoriza\u00e7\u00e3o da infraestrutura do pavilh\u00e3o de exposi\u00e7\u00f5es. A climatiza\u00e7\u00e3o implantada na edi\u00e7\u00e3o anterior recebeu elogios de empres\u00e1rios e visitantes.<\/p>\n\n\n\n<p class=\"wp-block-paragraph\">Segundo a dire\u00e7\u00e3o da feira, o objetivo \u00e9 proporcionar mais conforto para expositores e compradores. Dessa forma, a experi\u00eancia de visita\u00e7\u00e3o se torna mais agrad\u00e1vel e produtiva.<\/p>\n\n\n\n<p class=\"wp-block-paragraph\">&#8220;Esse conforto representa um ganho importante para todos que participam da feira&#8221;, destacou um dos dirigentes durante o evento.<\/p>\n\n\n\n<p class=\"wp-block-paragraph\">Al\u00e9m da climatiza\u00e7\u00e3o, melhorias na estrutura el\u00e9trica, seguran\u00e7a e ambienta\u00e7\u00e3o tem\u00e1tica continuam entre as prioridades da organiza\u00e7\u00e3o.<\/p>\n\n\n\n<h3 class=\"wp-block-heading\">Uni\u00e3o fortalece o setor moveleiro<\/h3>\n\n\n\n<p class=\"wp-block-paragraph\">Durante os pronunciamentos, lideran\u00e7as empresariais ressaltaram que a nova fase da FEMUR nasce da uni\u00e3o de iniciativas que ajudaram a construir a hist\u00f3ria do Polo Moveleiro de Ub\u00e1.<\/p>\n\n\n\n<p class=\"wp-block-paragraph\">Em um dos discursos mais aplaudidos da manh\u00e3, foi refor\u00e7ada a import\u00e2ncia da integra\u00e7\u00e3o entre empres\u00e1rios, trabalhadores, entidades de classe e patrocinadores.<\/p>\n\n\n\n<p class=\"wp-block-paragraph\">&#8220;Quando duas hist\u00f3rias de sucesso se unem, estamos multiplicando oportunidades. Estamos criando uma feira mais forte, mais completa e com capacidade ainda maior de atrair compradores de todo o Brasil&#8221;, destacou um dos representantes do setor. <\/p>\n\n\n\n<h3 class=\"wp-block-heading\">O futuro do m\u00f3vel come\u00e7a aqui<\/h3>\n\n\n\n<p class=\"wp-block-paragraph\">A FEMUR 2027 ser\u00e1 realizada com o tema &#8220;O futuro do m\u00f3vel come\u00e7a aqui&#8221;. A proposta refor\u00e7a o papel de Ub\u00e1 como um dos maiores polos moveleiros do pa\u00eds e destaca a capacidade de inova\u00e7\u00e3o das empresas da regi\u00e3o.<\/p>\n\n\n\n<p class=\"wp-block-paragraph\">Durante a solenidade, os organizadores enfatizaram que o futuro do setor depende da combina\u00e7\u00e3o entre criatividade, tecnologia, design e empreendedorismo.<\/p>\n\n\n\n<p class=\"wp-block-paragraph\">&#8220;O futuro come\u00e7a nas nossas empresas, na m\u00e3o dos nossos trabalhadores, na criatividade do nosso design e na coragem dos nossos empreendedores&#8221;, destacou a dire\u00e7\u00e3o da feira. <\/p>\n\n\n\n<h3 class=\"wp-block-heading\">Impacto econ\u00f4mico beneficia toda a regi\u00e3o<\/h3>\n\n\n\n<p class=\"wp-block-paragraph\">A realiza\u00e7\u00e3o da FEMUR movimenta muito mais do que a ind\u00fastria moveleira. O evento gera reflexos positivos em diversos segmentos econ\u00f4micos.<\/p>\n\n\n\n<p class=\"wp-block-paragraph\">Hot\u00e9is, restaurantes, postos de combust\u00edveis, transportadoras, empresas de comunica\u00e7\u00e3o e prestadores de servi\u00e7os registram aumento na demanda durante o per\u00edodo da feira.<\/p>\n\n\n\n<p class=\"wp-block-paragraph\">Por isso, a expectativa dos organizadores \u00e9 que a edi\u00e7\u00e3o de 2027 fortale\u00e7a ainda mais a economia local e regional.<\/p>\n\n\n\n<p class=\"wp-block-paragraph\">Segundo n\u00fameros apresentados durante o lan\u00e7amento, o Polo Moveleiro de Ub\u00e1 re\u00fane milhares de trabalhadores e desempenha papel fundamental na gera\u00e7\u00e3o de empregos e renda para dezenas de munic\u00edpios da regi\u00e3o.<\/p>\n\n\n\n<h3 class=\"wp-block-heading\">Sustentabilidade ganha espa\u00e7o na FEMUR<\/h3>\n\n\n\n<p class=\"wp-block-paragraph\">A edi\u00e7\u00e3o de 2027 tamb\u00e9m ampliar\u00e1 as a\u00e7\u00f5es voltadas \u00e0 sustentabilidade e ao design.<\/p>\n\n\n\n<p class=\"wp-block-paragraph\">Entre as iniciativas apresentadas est\u00e3o o reaproveitamento de materiais utilizados na feira, destina\u00e7\u00e3o correta de res\u00edduos recicl\u00e1veis, redu\u00e7\u00e3o de descart\u00e1veis convencionais e fortalecimento do Pr\u00eamio Design.<\/p>\n\n\n\n<p class=\"wp-block-paragraph\">Na edi\u00e7\u00e3o anterior, aproximadamente tr\u00eas toneladas de papel\u00e3o e pl\u00e1stico foram destinadas \u00e0 reciclagem.<\/p>\n\n\n\n<p class=\"wp-block-paragraph\">Al\u00e9m disso, a organiza\u00e7\u00e3o anunciou uma nova valoriza\u00e7\u00e3o dos artes\u00e3os da regi\u00e3o por meio da Mostra Ra\u00edzes, iniciativa que pretende destacar saberes tradicionais e fortalecer a identidade cultural do Polo Moveleiro. <\/p>\n\n\n\n<h3 class=\"wp-block-heading\">Mercado recebe a novidade com entusiasmo<\/h3>\n\n\n\n<p class=\"wp-block-paragraph\">Ao conversar com Carlos Roberto Sodr\u00e9, representantes empresariais ressaltaram que a realiza\u00e7\u00e3o anual da FEMUR atende uma demanda importante do mercado.<\/p>\n\n\n\n<p class=\"wp-block-paragraph\">A avalia\u00e7\u00e3o \u00e9 que a frequ\u00eancia maior da feira aproxima fabricantes e compradores, acelera negocia\u00e7\u00f5es e fortalece a competitividade das empresas.<\/p>\n\n\n\n<p class=\"wp-block-paragraph\">Os estandes da edi\u00e7\u00e3o de 2027 seguir\u00e3o o conceito lan\u00e7ado em 2026, com espa\u00e7os mais modernos, abertos e padronizados. Dessa forma, os produtos ganham mais destaque e os visitantes conseguem circular com mais facilidade. <\/p>\n\n\n\n<h3 class=\"wp-block-heading\">FEMUR refor\u00e7a protagonismo de Ub\u00e1<\/h3>\n\n\n\n<p class=\"wp-block-paragraph\">O lan\u00e7amento da FEMUR 2027 demonstrou confian\u00e7a no futuro da ind\u00fastria moveleira regional. Mesmo diante dos desafios enfrentados nos \u00faltimos meses, empres\u00e1rios e lideran\u00e7as reafirmaram a capacidade de supera\u00e7\u00e3o e crescimento do setor.<\/p>\n\n\n\n<p class=\"wp-block-paragraph\">Ao final da solenidade, ficou claro que a FEMUR continuar\u00e1 sendo uma das principais vitrines do mobili\u00e1rio brasileiro e um instrumento fundamental para a gera\u00e7\u00e3o de neg\u00f3cios, inova\u00e7\u00e3o e desenvolvimento econ\u00f4mico.<\/p>\n\n\n\n<p class=\"wp-block-paragraph\">Agora, a expectativa se volta para janeiro de 2027, quando milhares de visitantes estar\u00e3o em Ub\u00e1 para acompanhar a 18\u00aa edi\u00e7\u00e3o da maior feira de m\u00f3veis de Minas Gerais.<\/p>\n\n\n\n<figure class=\"wp-block-embed is-type-video is-provider-youtube wp-block-embed-youtube wp-embed-aspect-16-9 wp-has-aspect-ratio\"><div class=\"wp-block-embed__wrapper\">\n<iframe loading=\"lazy\" title=\"Fala Sodr\u00e9: acompanhe o lan\u00e7amento da Femur 2027 - 01\/09\/2026\" width=\"840\" height=\"473\" src=\"https:\/\/www.youtube.com\/embed\/PR-tGtapPv8?feature=oembed\" frameborder=\"0\" allow=\"accelerometer; autoplay; clipboard-write; encrypted-media; gyroscope; picture-in-picture; web-share\" referrerpolicy=\"strict-origin-when-cross-origin\" allowfullscreen><\/iframe>\n<\/div><\/figure>\n\n\n\n<h2 class=\"wp-block-heading\">Cr\u00e9ditos<\/h2>\n\n\n\n<p class=\"wp-block-paragraph\">&#x1f4da; <strong>Cobertura:<\/strong> Carlos Roberto Sodr\u00e9 <a href=\"https:\/\/wa.me\/553298481334\" target=\"_blank\" rel=\"noopener\">WhatsApp<\/a><\/p>\n\n\n\n<p class=\"wp-block-paragraph\">&#x1f4f8; <strong>Imagens:<\/strong> Laisa Sodr\u00e9 \/ Felipe Oliveira<\/p>\n\n\n\n<p class=\"wp-block-paragraph\">&#x1f4dd; <strong>Conte\u00fado:<\/strong> <a href=\"https:\/\/www.linkedin.com\/in\/pedrohgf\/\" target=\"_blank\" rel=\"noopener\">Pedro Henriques<\/a> \u2013 <a href=\"https:\/\/indicca.com.br\/blog\/\" target=\"_blank\" rel=\"noopener\">INDICCA.COM<\/a>&nbsp; <a href=\"https:\/\/wa.me\/5532988020057\" target=\"_blank\" rel=\"noopener\">WhatsApp<\/a><\/p>\n\n\n\n<p class=\"wp-block-paragraph\">&#x1f393; <strong>Evento:<\/strong> FEMUR 2027 inicia nova fase e projeta 17 mil visitantes<\/p>\n\n\n\n<h2 class=\"wp-block-heading\">Patrocinadores do Portal Ub\u00e1 News &#8211; Fala Sodr\u00e9<\/h2>\n\n\n\n<figure class=\"wp-block-gallery has-nested-images columns-default is-cropped wp-block-gallery-2 is-layout-flex wp-block-gallery-is-layout-flex\">\n<figure class=\"wp-block-image size-large\"><img loading=\"lazy\" decoding=\"async\" width=\"800\" height=\"437\" data-id=\"25548\" src=\"https:\/\/ubanews.com\/site\/wp-content\/uploads\/2026\/06\/Unimed_wordpress.webp\" alt=\"\" class=\"wp-image-25548\" srcset=\"https:\/\/ubanews.com\/site\/wp-content\/uploads\/2026\/06\/Unimed_wordpress.webp 800w, https:\/\/ubanews.com\/site\/wp-content\/uploads\/2026\/06\/Unimed_wordpress-300x164.webp 300w, https:\/\/ubanews.com\/site\/wp-content\/uploads\/2026\/06\/Unimed_wordpress-768x420.webp 768w\" sizes=\"auto, (max-width: 800px) 100vw, 800px\" \/><\/figure>\n\n\n\n<figure class=\"wp-block-image size-large\"><img loading=\"lazy\" decoding=\"async\" width=\"800\" height=\"436\" data-id=\"25547\" src=\"https:\/\/ubanews.com\/site\/wp-content\/uploads\/2026\/06\/Unifagoc_wordpress.webp\" alt=\"\" class=\"wp-image-25547\" srcset=\"https:\/\/ubanews.com\/site\/wp-content\/uploads\/2026\/06\/Unifagoc_wordpress.webp 800w, https:\/\/ubanews.com\/site\/wp-content\/uploads\/2026\/06\/Unifagoc_wordpress-300x164.webp 300w, https:\/\/ubanews.com\/site\/wp-content\/uploads\/2026\/06\/Unifagoc_wordpress-768x419.webp 768w\" sizes=\"auto, (max-width: 800px) 100vw, 800px\" \/><\/figure>\n\n\n\n<figure class=\"wp-block-image size-large\"><a href=\"https:\/\/indicca.com.br\" target=\"_blank\" rel=\"noopener\"><img loading=\"lazy\" decoding=\"async\" width=\"800\" height=\"436\" data-id=\"25539\" src=\"https:\/\/ubanews.com\/site\/wp-content\/uploads\/2026\/06\/Indica_wordpress.webp\" alt=\"\" class=\"wp-image-25539\" srcset=\"https:\/\/ubanews.com\/site\/wp-content\/uploads\/2026\/06\/Indica_wordpress.webp 800w, https:\/\/ubanews.com\/site\/wp-content\/uploads\/2026\/06\/Indica_wordpress-300x164.webp 300w, https:\/\/ubanews.com\/site\/wp-content\/uploads\/2026\/06\/Indica_wordpress-768x419.webp 768w\" sizes=\"auto, (max-width: 800px) 100vw, 800px\" \/><\/a><\/figure>\n\n\n\n<figure class=\"wp-block-image size-large\"><img loading=\"lazy\" decoding=\"async\" width=\"800\" height=\"436\" data-id=\"25546\" src=\"https:\/\/ubanews.com\/site\/wp-content\/uploads\/2026\/06\/Uba20Conect_wordpress.webp\" alt=\"\" class=\"wp-image-25546\" srcset=\"https:\/\/ubanews.com\/site\/wp-content\/uploads\/2026\/06\/Uba20Conect_wordpress.webp 800w, https:\/\/ubanews.com\/site\/wp-content\/uploads\/2026\/06\/Uba20Conect_wordpress-300x164.webp 300w, https:\/\/ubanews.com\/site\/wp-content\/uploads\/2026\/06\/Uba20Conect_wordpress-768x419.webp 768w\" sizes=\"auto, (max-width: 800px) 100vw, 800px\" \/><\/figure>\n\n\n\n<figure class=\"wp-block-image size-large\"><img loading=\"lazy\" decoding=\"async\" width=\"800\" height=\"450\" data-id=\"25545\" src=\"https:\/\/ubanews.com\/site\/wp-content\/uploads\/2026\/06\/Tempero20Anjo_wordpress.webp\" alt=\"\" class=\"wp-image-25545\" srcset=\"https:\/\/ubanews.com\/site\/wp-content\/uploads\/2026\/06\/Tempero20Anjo_wordpress.webp 800w, https:\/\/ubanews.com\/site\/wp-content\/uploads\/2026\/06\/Tempero20Anjo_wordpress-300x169.webp 300w, https:\/\/ubanews.com\/site\/wp-content\/uploads\/2026\/06\/Tempero20Anjo_wordpress-768x432.webp 768w\" sizes=\"auto, (max-width: 800px) 100vw, 800px\" \/><\/figure>\n\n\n\n<figure class=\"wp-block-image size-large\"><img loading=\"lazy\" decoding=\"async\" width=\"800\" height=\"436\" data-id=\"25544\" src=\"https:\/\/ubanews.com\/site\/wp-content\/uploads\/2026\/06\/Sier_wordpress.webp\" alt=\"\" class=\"wp-image-25544\" srcset=\"https:\/\/ubanews.com\/site\/wp-content\/uploads\/2026\/06\/Sier_wordpress.webp 800w, https:\/\/ubanews.com\/site\/wp-content\/uploads\/2026\/06\/Sier_wordpress-300x164.webp 300w, https:\/\/ubanews.com\/site\/wp-content\/uploads\/2026\/06\/Sier_wordpress-768x419.webp 768w\" sizes=\"auto, (max-width: 800px) 100vw, 800px\" \/><\/figure>\n\n\n\n<figure class=\"wp-block-image size-large\"><img loading=\"lazy\" decoding=\"async\" width=\"800\" height=\"436\" data-id=\"25543\" src=\"https:\/\/ubanews.com\/site\/wp-content\/uploads\/2026\/06\/Prefeitura_wordpress.webp\" alt=\"\" class=\"wp-image-25543\" srcset=\"https:\/\/ubanews.com\/site\/wp-content\/uploads\/2026\/06\/Prefeitura_wordpress.webp 800w, https:\/\/ubanews.com\/site\/wp-content\/uploads\/2026\/06\/Prefeitura_wordpress-300x164.webp 300w, https:\/\/ubanews.com\/site\/wp-content\/uploads\/2026\/06\/Prefeitura_wordpress-768x419.webp 768w\" sizes=\"auto, (max-width: 800px) 100vw, 800px\" \/><\/figure>\n\n\n\n<figure class=\"wp-block-image size-large\"><img loading=\"lazy\" decoding=\"async\" width=\"800\" height=\"436\" data-id=\"25542\" src=\"https:\/\/ubanews.com\/site\/wp-content\/uploads\/2026\/06\/Oticas20Precisao_wordpress.webp\" alt=\"\" class=\"wp-image-25542\" srcset=\"https:\/\/ubanews.com\/site\/wp-content\/uploads\/2026\/06\/Oticas20Precisao_wordpress.webp 800w, https:\/\/ubanews.com\/site\/wp-content\/uploads\/2026\/06\/Oticas20Precisao_wordpress-300x164.webp 300w, https:\/\/ubanews.com\/site\/wp-content\/uploads\/2026\/06\/Oticas20Precisao_wordpress-768x419.webp 768w\" sizes=\"auto, (max-width: 800px) 100vw, 800px\" \/><\/figure>\n\n\n\n<figure class=\"wp-block-image size-large\"><img loading=\"lazy\" decoding=\"async\" width=\"800\" height=\"436\" data-id=\"25541\" src=\"https:\/\/ubanews.com\/site\/wp-content\/uploads\/2026\/06\/Lider20Supermercado_wordpress.webp\" alt=\"\" class=\"wp-image-25541\" srcset=\"https:\/\/ubanews.com\/site\/wp-content\/uploads\/2026\/06\/Lider20Supermercado_wordpress.webp 800w, https:\/\/ubanews.com\/site\/wp-content\/uploads\/2026\/06\/Lider20Supermercado_wordpress-300x164.webp 300w, https:\/\/ubanews.com\/site\/wp-content\/uploads\/2026\/06\/Lider20Supermercado_wordpress-768x419.webp 768w\" sizes=\"auto, (max-width: 800px) 100vw, 800px\" \/><\/figure>\n\n\n\n<figure class=\"wp-block-image size-large\"><img loading=\"lazy\" decoding=\"async\" width=\"800\" height=\"436\" data-id=\"25540\" src=\"https:\/\/ubanews.com\/site\/wp-content\/uploads\/2026\/06\/Luciano20Motos_wordpress.webp\" alt=\"\" class=\"wp-image-25540\" srcset=\"https:\/\/ubanews.com\/site\/wp-content\/uploads\/2026\/06\/Luciano20Motos_wordpress.webp 800w, https:\/\/ubanews.com\/site\/wp-content\/uploads\/2026\/06\/Luciano20Motos_wordpress-300x164.webp 300w, https:\/\/ubanews.com\/site\/wp-content\/uploads\/2026\/06\/Luciano20Motos_wordpress-768x419.webp 768w\" sizes=\"auto, (max-width: 800px) 100vw, 800px\" \/><\/figure>\n\n\n\n<figure class=\"wp-block-image size-large\"><img loading=\"lazy\" decoding=\"async\" width=\"800\" height=\"436\" data-id=\"25538\" src=\"https:\/\/ubanews.com\/site\/wp-content\/uploads\/2026\/06\/H20Isabel_wordpress.webp\" alt=\"\" class=\"wp-image-25538\" srcset=\"https:\/\/ubanews.com\/site\/wp-content\/uploads\/2026\/06\/H20Isabel_wordpress.webp 800w, https:\/\/ubanews.com\/site\/wp-content\/uploads\/2026\/06\/H20Isabel_wordpress-300x164.webp 300w, https:\/\/ubanews.com\/site\/wp-content\/uploads\/2026\/06\/H20Isabel_wordpress-768x419.webp 768w\" sizes=\"auto, (max-width: 800px) 100vw, 800px\" \/><\/figure>\n\n\n\n<figure class=\"wp-block-image size-large\"><img loading=\"lazy\" decoding=\"async\" width=\"800\" height=\"436\" data-id=\"25537\" src=\"https:\/\/ubanews.com\/site\/wp-content\/uploads\/2026\/06\/H.20Januario_wordpress.webp\" alt=\"\" class=\"wp-image-25537\" srcset=\"https:\/\/ubanews.com\/site\/wp-content\/uploads\/2026\/06\/H.20Januario_wordpress.webp 800w, https:\/\/ubanews.com\/site\/wp-content\/uploads\/2026\/06\/H.20Januario_wordpress-300x164.webp 300w, https:\/\/ubanews.com\/site\/wp-content\/uploads\/2026\/06\/H.20Januario_wordpress-768x419.webp 768w\" sizes=\"auto, (max-width: 800px) 100vw, 800px\" \/><\/figure>\n\n\n\n<figure class=\"wp-block-image size-large\"><img loading=\"lazy\" decoding=\"async\" width=\"800\" height=\"444\" data-id=\"25536\" src=\"https:\/\/ubanews.com\/site\/wp-content\/uploads\/2026\/06\/Galileu_wordpress.webp\" alt=\"\" class=\"wp-image-25536\" srcset=\"https:\/\/ubanews.com\/site\/wp-content\/uploads\/2026\/06\/Galileu_wordpress.webp 800w, https:\/\/ubanews.com\/site\/wp-content\/uploads\/2026\/06\/Galileu_wordpress-300x167.webp 300w, https:\/\/ubanews.com\/site\/wp-content\/uploads\/2026\/06\/Galileu_wordpress-768x426.webp 768w, https:\/\/ubanews.com\/site\/wp-content\/uploads\/2026\/06\/Galileu_wordpress-360x200.webp 360w\" sizes=\"auto, (max-width: 800px) 100vw, 800px\" \/><\/figure>\n\n\n\n<figure class=\"wp-block-image size-large\"><img loading=\"lazy\" decoding=\"async\" width=\"382\" height=\"208\" data-id=\"25535\" src=\"https:\/\/ubanews.com\/site\/wp-content\/uploads\/2026\/06\/Cruzeiro20Sul_web.jpg\" alt=\"\" class=\"wp-image-25535\" srcset=\"https:\/\/ubanews.com\/site\/wp-content\/uploads\/2026\/06\/Cruzeiro20Sul_web.jpg 382w, https:\/\/ubanews.com\/site\/wp-content\/uploads\/2026\/06\/Cruzeiro20Sul_web-300x163.jpg 300w\" sizes=\"auto, (max-width: 382px) 100vw, 382px\" \/><\/figure>\n\n\n\n<figure class=\"wp-block-image size-large\"><img loading=\"lazy\" decoding=\"async\" width=\"382\" height=\"208\" data-id=\"25534\" src=\"https:\/\/ubanews.com\/site\/wp-content\/uploads\/2026\/06\/Clindecor_web.jpg\" alt=\"\" class=\"wp-image-25534\" srcset=\"https:\/\/ubanews.com\/site\/wp-content\/uploads\/2026\/06\/Clindecor_web.jpg 382w, https:\/\/ubanews.com\/site\/wp-content\/uploads\/2026\/06\/Clindecor_web-300x163.jpg 300w\" sizes=\"auto, (max-width: 382px) 100vw, 382px\" \/><\/figure>\n\n\n\n<figure class=\"wp-block-image size-large\"><img loading=\"lazy\" decoding=\"async\" width=\"640\" height=\"360\" data-id=\"25533\" src=\"https:\/\/ubanews.com\/site\/wp-content\/uploads\/2026\/06\/Camara20Municipal_web.jpg\" alt=\"\" class=\"wp-image-25533\" srcset=\"https:\/\/ubanews.com\/site\/wp-content\/uploads\/2026\/06\/Camara20Municipal_web.jpg 640w, https:\/\/ubanews.com\/site\/wp-content\/uploads\/2026\/06\/Camara20Municipal_web-300x169.jpg 300w\" sizes=\"auto, (max-width: 640px) 100vw, 640px\" \/><\/figure>\n\n\n\n<figure class=\"wp-block-image size-large\"><img loading=\"lazy\" decoding=\"async\" width=\"382\" height=\"208\" data-id=\"25531\" src=\"https:\/\/ubanews.com\/site\/wp-content\/uploads\/2026\/06\/Auto20Uba201_web.jpg\" alt=\"\" class=\"wp-image-25531\" srcset=\"https:\/\/ubanews.com\/site\/wp-content\/uploads\/2026\/06\/Auto20Uba201_web.jpg 382w, https:\/\/ubanews.com\/site\/wp-content\/uploads\/2026\/06\/Auto20Uba201_web-300x163.jpg 300w\" sizes=\"auto, (max-width: 382px) 100vw, 382px\" \/><\/figure>\n\n\n\n<figure class=\"wp-block-image size-large\"><img loading=\"lazy\" decoding=\"async\" width=\"645\" height=\"352\" data-id=\"25530\" src=\"https:\/\/ubanews.com\/site\/wp-content\/uploads\/2026\/06\/Aciuba_web.jpg\" alt=\"\" class=\"wp-image-25530\" srcset=\"https:\/\/ubanews.com\/site\/wp-content\/uploads\/2026\/06\/Aciuba_web.jpg 645w, https:\/\/ubanews.com\/site\/wp-content\/uploads\/2026\/06\/Aciuba_web-300x164.jpg 300w\" sizes=\"auto, (max-width: 645px) 100vw, 645px\" \/><\/figure>\n\n\n\n<figure class=\"wp-block-image size-large\"><a href=\"https:\/\/forms.cloud.microsoft\/Pages\/ResponsePage.aspx?id=uFcT8i8nAEmJUA-7Ji_4Mn2DCFniQE5Bs-lg6e0XeUhUQ05TWlFPOEk2RDVIVVUxQTFRQUxVN0pLRC4u\" target=\"_blank\" rel=\"noopener\"><img loading=\"lazy\" decoding=\"async\" width=\"1024\" height=\"1024\" data-id=\"25447\" src=\"https:\/\/ubanews.com\/site\/wp-content\/uploads\/2026\/06\/Cafe-Digital-Seja-Um-Patrocinador-UbaNews.png\" alt=\"Seja um Patrocinador\" class=\"wp-image-25447\" srcset=\"https:\/\/ubanews.com\/site\/wp-content\/uploads\/2026\/06\/Cafe-Digital-Seja-Um-Patrocinador-UbaNews.png 1024w, https:\/\/ubanews.com\/site\/wp-content\/uploads\/2026\/06\/Cafe-Digital-Seja-Um-Patrocinador-UbaNews-300x300.png 300w, https:\/\/ubanews.com\/site\/wp-content\/uploads\/2026\/06\/Cafe-Digital-Seja-Um-Patrocinador-UbaNews-150x150.png 150w, https:\/\/ubanews.com\/site\/wp-content\/uploads\/2026\/06\/Cafe-Digital-Seja-Um-Patrocinador-UbaNews-768x768.png 768w, https:\/\/ubanews.com\/site\/wp-content\/uploads\/2026\/06\/Cafe-Digital-Seja-Um-Patrocinador-UbaNews-600x600.png 600w\" sizes=\"auto, (max-width: 1024px) 100vw, 1024px\" \/><\/a><\/figure>\n<\/figure>\n\n\n\n<h2 class=\"wp-block-heading\">Hashtags<\/h2>\n\n\n\n<p class=\"wp-block-paragraph\">#FEMUR2027 #FEMUR #Ub\u00e1 #PoloMoveleiro #Moveis #IndustriaMoveleira #FeiraDeMoveis #MoveisPlanejados #DesignDeMoveis #Inovacao #Empreendedorismo #MinasGerais #EconomiaRegional #Industria #Negocios #MercadoMoveleiro #CarlosRobertoSodre #Indicca #PedroHenriques #Ub\u00e1MG #SetorMoveleiro #DesenvolvimentoRegional #Design #Sustentabilidade #OFuturoDoMovelComecaAqui<\/p>\n","protected":false},"excerpt":{"rendered":"<p>A FEMUR 2027 iniciou oficialmente uma nova fase para o Polo Moveleiro de Ub\u00e1. Durante o lan\u00e7amento, foi anunciado que a feira passa a ser realizada anualmente, fortalecendo ainda mais os neg\u00f3cios do setor. A edi\u00e7\u00e3o de 2027 acontecer\u00e1 de 25 a 28 de janeiro, com 115 expositores e expectativa de receber mais de 17 mil visitantes. A organiza\u00e7\u00e3o destacou melhorias na infraestrutura, climatiza\u00e7\u00e3o do pavilh\u00e3o, sustentabilidade e inova\u00e7\u00e3o. Com o tema&#8221;O Futuro do M\u00f3vel Come\u00e7a Aqui&#8221;, a FEMUR refor\u00e7a o protagonismo de Ub\u00e1 como um dos maiores polos moveleiros do Brasil.<\/p>\n","protected":false},"author":6,"featured_media":25960,"comment_status":"open","ping_status":"open","sticky":false,"template":"","format":"standard","meta":{"footnotes":""},"categories":[45,1,3],"tags":[],"class_list":["post-25953","post","type-post","status-publish","format-standard","has-post-thumbnail","hentry","category-destaque-principal","category-sem-categoria","category-slide"],"_links":{"self":[{"href":"https:\/\/ubanews.com\/site\/wp-json\/wp\/v2\/posts\/25953","targetHints":{"allow":["GET"]}}],"collection":[{"href":"https:\/\/ubanews.com\/site\/wp-json\/wp\/v2\/posts"}],"about":[{"href":"https:\/\/ubanews.com\/site\/wp-json\/wp\/v2\/types\/post"}],"author":[{"embeddable":true,"href":"https:\/\/ubanews.com\/site\/wp-json\/wp\/v2\/users\/6"}],"replies":[{"embeddable":true,"href":"https:\/\/ubanews.com\/site\/wp-json\/wp\/v2\/comments?post=25953"}],"version-history":[{"count":0,"href":"https:\/\/ubanews.com\/site\/wp-json\/wp\/v2\/posts\/25953\/revisions"}],"wp:featuredmedia":[{"embeddable":true,"href":"https:\/\/ubanews.com\/site\/wp-json\/wp\/v2\/media\/25960"}],"wp:attachment":[{"href":"https:\/\/ubanews.com\/site\/wp-json\/wp\/v2\/media?parent=25953"}],"wp:term":[{"taxonomy":"category","embeddable":true,"href":"https:\/\/ubanews.com\/site\/wp-json\/wp\/v2\/categories?post=25953"},{"taxonomy":"post_tag","embeddable":true,"href":"https:\/\/ubanews.com\/site\/wp-json\/wp\/v2\/tags?post=25953"}],"curies":[{"name":"wp","href":"https:\/\/api.w.org\/{rel}","templated":true}]}}