{"id":25936,"date":"2026-08-30T20:29:21","date_gmt":"2026-08-30T23:29:21","guid":{"rendered":"https:\/\/ubanews.com\/site\/?p=25936"},"modified":"2026-08-30T20:29:27","modified_gmt":"2026-08-30T23:29:27","slug":"natal-da-ferrari-defende-mais-representatividade-para-uba","status":"publish","type":"post","link":"https:\/\/ubanews.com\/site\/2026\/08\/30\/natal-da-ferrari-defende-mais-representatividade-para-uba\/","title":{"rendered":"Natal da Ferrari Defende Mais Representatividade para Ub\u00e1"},"content":{"rendered":"\n<p class=\"wp-block-paragraph\">Natal da Ferrari Defende Mais Representatividade para Ub\u00e1. No dia 28 de agosto de 2026, o programa <strong>Fala Sodr\u00e9<\/strong>, apresentado pelo rep\u00f3rter <strong>Carlos Roberto Sodr\u00e9<\/strong>, recebeu <strong>Natal da Ferrari<\/strong>, candidato a deputado estadual pelo <strong>PRD<\/strong>, para mais uma edi\u00e7\u00e3o do quadro <strong>Papo de Pol\u00edtica em Tempo de Elei\u00e7\u00f5es 2026<\/strong>. Durante a entrevista, o candidato abordou temas ligados \u00e0 representatividade regional, sa\u00fade, desenvolvimento econ\u00f4mico e \u00e0 import\u00e2ncia da participa\u00e7\u00e3o popular nas urnas. <\/p>\n\n\n\n<p class=\"wp-block-paragraph\">Com imagens de <strong>Laisa Sodr\u00e9<\/strong> e gera\u00e7\u00e3o de conte\u00fado de <strong>Pedro Henriques<\/strong>, da <strong>INDICCA.COM<\/strong>, o encontro trouxe reflex\u00f5es importantes sobre o futuro de Ub\u00e1 e da Zona da Mata Mineira.<\/p>\n\n\n\n<h2 class=\"wp-block-heading\">Natal da Ferrari Defende Mais Representatividade para Ub\u00e1<\/h2>\n\n\n\n<figure class=\"wp-block-image size-large\"><img loading=\"lazy\" decoding=\"async\" width=\"1024\" height=\"563\" src=\"https:\/\/ubanews.com\/site\/wp-content\/uploads\/2026\/08\/Fala-Sodre-Papo-de-Politica-Natal-da-Ferrari-candidato-a-Deputado-Estadual-pelo-PRD-1024x563.png\" alt=\"Natal da Ferrari Defende Mais Representatividade para Ub\u00e1\" class=\"wp-image-25937\" srcset=\"https:\/\/ubanews.com\/site\/wp-content\/uploads\/2026\/08\/Fala-Sodre-Papo-de-Politica-Natal-da-Ferrari-candidato-a-Deputado-Estadual-pelo-PRD-1024x563.png 1024w, https:\/\/ubanews.com\/site\/wp-content\/uploads\/2026\/08\/Fala-Sodre-Papo-de-Politica-Natal-da-Ferrari-candidato-a-Deputado-Estadual-pelo-PRD-300x165.png 300w, https:\/\/ubanews.com\/site\/wp-content\/uploads\/2026\/08\/Fala-Sodre-Papo-de-Politica-Natal-da-Ferrari-candidato-a-Deputado-Estadual-pelo-PRD-768x422.png 768w, https:\/\/ubanews.com\/site\/wp-content\/uploads\/2026\/08\/Fala-Sodre-Papo-de-Politica-Natal-da-Ferrari-candidato-a-Deputado-Estadual-pelo-PRD-600x330.png 600w, https:\/\/ubanews.com\/site\/wp-content\/uploads\/2026\/08\/Fala-Sodre-Papo-de-Politica-Natal-da-Ferrari-candidato-a-Deputado-Estadual-pelo-PRD.png 1319w\" sizes=\"auto, (max-width: 1024px) 100vw, 1024px\" \/><\/figure>\n\n\n\n<h3 class=\"wp-block-heading\">A import\u00e2ncia de ter representantes da regi\u00e3o<\/h3>\n\n\n\n<p class=\"wp-block-paragraph\">Logo no in\u00edcio da entrevista, Natal destacou sua liga\u00e7\u00e3o com Ub\u00e1 e refor\u00e7ou o compromisso de trabalhar pelo desenvolvimento da cidade e da regi\u00e3o.<\/p>\n\n\n\n<p class=\"wp-block-paragraph\">Segundo o candidato, a Zona da Mata precisa ampliar sua voz dentro da Assembleia Legislativa de Minas Gerais. Para ele, a presen\u00e7a de representantes da pr\u00f3pria regi\u00e3o facilita o di\u00e1logo com o Governo do Estado e aumenta a capacidade de atrair investimentos.<\/p>\n\n\n\n<p class=\"wp-block-paragraph\">Al\u00e9m disso, Natal lembrou que cidades fortes dependem de lideran\u00e7as atuantes e comprometidas com as demandas locais.<\/p>\n\n\n\n<p class=\"wp-block-paragraph\">&#8220;Temos compromisso de ajudar na reconstru\u00e7\u00e3o, no investimento e no desenvolvimento da nossa regi\u00e3o&#8221;, afirmou durante a conversa. <\/p>\n\n\n\n<h3 class=\"wp-block-heading\">Experi\u00eancia acumulada ap\u00f3s a elei\u00e7\u00e3o de 2022<\/h3>\n\n\n\n<p class=\"wp-block-paragraph\">Em outro momento da entrevista, Natal relembrou sua primeira disputa eleitoral para deputado estadual em 2022.<\/p>\n\n\n\n<p class=\"wp-block-paragraph\">De acordo com ele, a experi\u00eancia serviu como um per\u00edodo de aprendizado intenso. O candidato afirmou que entrou naquele processo com pouco conhecimento da din\u00e2mica pol\u00edtica e, desde ent\u00e3o, buscou aprofundar sua compreens\u00e3o sobre partidos, forma\u00e7\u00e3o de chapas e funcionamento do sistema eleitoral.<\/p>\n\n\n\n<p class=\"wp-block-paragraph\">Por isso, acredita chegar mais preparado \u00e0 disputa de 2026.<\/p>\n\n\n\n<p class=\"wp-block-paragraph\">&#8220;Em 2022 eu tinha conhecimento quase zero de pol\u00edtica. Hoje aprendi muito e estou muito mais preparado para esta elei\u00e7\u00e3o&#8221;, destacou. <\/p>\n\n\n\n<p class=\"wp-block-paragraph\">Ainda segundo o candidato, os \u00faltimos anos foram marcados por visitas constantes aos munic\u00edpios da regi\u00e3o, conversas com lideran\u00e7as e participa\u00e7\u00e3o em debates sobre desenvolvimento regional.<\/p>\n\n\n\n<h3 class=\"wp-block-heading\">Constru\u00e7\u00e3o de uma lideran\u00e7a regional<\/h3>\n\n\n\n<p class=\"wp-block-paragraph\">Durante o bate-papo, Natal ressaltou que iniciou um trabalho regional logo ap\u00f3s a elei\u00e7\u00e3o anterior.<\/p>\n\n\n\n<p class=\"wp-block-paragraph\">Dessa forma, ampliou contatos, fortaleceu alian\u00e7as e passou a conhecer de perto a realidade de diversas cidades da Zona da Mata.<\/p>\n\n\n\n<p class=\"wp-block-paragraph\">Para ele, construir uma candidatura competitiva exige presen\u00e7a permanente e di\u00e1logo constante com a popula\u00e7\u00e3o.<\/p>\n\n\n\n<p class=\"wp-block-paragraph\">&#8220;Eu j\u00e1 comecei um trabalho regional. Onde chegava, apresentava meu nome e minha proposta&#8221;, explicou. <\/p>\n\n\n\n<p class=\"wp-block-paragraph\">Segundo o candidato, a pol\u00edtica precisa acontecer durante todo o mandato e n\u00e3o apenas no per\u00edodo eleitoral.<\/p>\n\n\n\n<h3 class=\"wp-block-heading\">Sa\u00fade aparece entre as prioridades<\/h3>\n\n\n\n<p class=\"wp-block-paragraph\">Ao abordar propostas para a regi\u00e3o, Natal destacou a sa\u00fade como uma das principais \u00e1reas de atua\u00e7\u00e3o.<\/p>\n\n\n\n<p class=\"wp-block-paragraph\">Conforme explicou, grande parte dos recursos parlamentares obrigatoriamente precisa ser destinada ao setor. Por isso, defendeu investimentos em hospitais, unidades de atendimento e melhoria dos servi\u00e7os prestados \u00e0 popula\u00e7\u00e3o.<\/p>\n\n\n\n<p class=\"wp-block-paragraph\">Al\u00e9m disso, argumentou que fortalecer a estrutura de sa\u00fade em Ub\u00e1 gera benef\u00edcios para dezenas de munic\u00edpios vizinhos que dependem da cidade como refer\u00eancia m\u00e9dica.<\/p>\n\n\n\n<p class=\"wp-block-paragraph\">&#8220;Se investirmos nos hospitais de Ub\u00e1, estaremos investindo na sa\u00fade de toda a regi\u00e3o&#8221;, afirmou. <\/p>\n\n\n\n<p class=\"wp-block-paragraph\">O candidato tamb\u00e9m defendeu a\u00e7\u00f5es que reduzam filas e ampliem o acesso ao atendimento especializado.<\/p>\n\n\n\n<h3 class=\"wp-block-heading\">Educa\u00e7\u00e3o e qualifica\u00e7\u00e3o profissional<\/h3>\n\n\n\n<p class=\"wp-block-paragraph\">Outro tema abordado durante a entrevista foi a educa\u00e7\u00e3o.<\/p>\n\n\n\n<p class=\"wp-block-paragraph\">Natal afirmou que investir na forma\u00e7\u00e3o das novas gera\u00e7\u00f5es representa uma estrat\u00e9gia fundamental para o desenvolvimento econ\u00f4mico e social.<\/p>\n\n\n\n<p class=\"wp-block-paragraph\">Nesse sentido, defendeu maior capacita\u00e7\u00e3o profissional, fortalecimento do ensino e apoio \u00e0s iniciativas voltadas para a juventude.<\/p>\n\n\n\n<p class=\"wp-block-paragraph\">Segundo ele, o futuro das cidades passa pela qualifica\u00e7\u00e3o das pessoas.<\/p>\n\n\n\n<h3 class=\"wp-block-heading\">Desenvolvimento econ\u00f4mico e apoio ao setor produtivo<\/h3>\n\n\n\n<p class=\"wp-block-paragraph\">Durante a conversa, o candidato tamb\u00e9m falou sobre a import\u00e2ncia do com\u00e9rcio, da ind\u00fastria e do empreendedorismo regional.<\/p>\n\n\n\n<p class=\"wp-block-paragraph\">Como empres\u00e1rio, Natal acredita que sua experi\u00eancia na iniciativa privada pode contribuir para a formula\u00e7\u00e3o de pol\u00edticas p\u00fablicas voltadas \u00e0 gera\u00e7\u00e3o de emprego e renda.<\/p>\n\n\n\n<p class=\"wp-block-paragraph\">Al\u00e9m disso, destacou a necessidade de buscar recursos para melhorar a infraestrutura log\u00edstica e fortalecer a competitividade das empresas da regi\u00e3o.<\/p>\n\n\n\n<p class=\"wp-block-paragraph\">Para ele, desenvolvimento econ\u00f4mico e gera\u00e7\u00e3o de oportunidades caminham juntos.<\/p>\n\n\n\n<h3 class=\"wp-block-heading\">O desafio da participa\u00e7\u00e3o eleitoral<\/h3>\n\n\n\n<p class=\"wp-block-paragraph\">Um dos pontos mais relevantes da entrevista foi o alerta sobre os \u00edndices de absten\u00e7\u00e3o registrados nas \u00faltimas elei\u00e7\u00f5es.<\/p>\n\n\n\n<p class=\"wp-block-paragraph\">Segundo Natal, muitos eleitores deixaram de comparecer \u00e0s urnas. Como consequ\u00eancia, a regi\u00e3o perdeu for\u00e7a pol\u00edtica e reduziu sua capacidade de eleger representantes locais.<\/p>\n\n\n\n<p class=\"wp-block-paragraph\">Por isso, o candidato fez um apelo \u00e0 popula\u00e7\u00e3o.<\/p>\n\n\n\n<p class=\"wp-block-paragraph\">&#8220;N\u00e3o deixe de votar. Seu voto vai fazer toda a diferen\u00e7a&#8221;, afirmou. <\/p>\n\n\n\n<p class=\"wp-block-paragraph\">A declara\u00e7\u00e3o refor\u00e7ou um dos objetivos centrais do quadro <strong>Papo de Pol\u00edtica em Tempo de Elei\u00e7\u00f5es 2026<\/strong>: ampliar o acesso \u00e0 informa\u00e7\u00e3o e incentivar a participa\u00e7\u00e3o cidad\u00e3.<\/p>\n\n\n\n<h3 class=\"wp-block-heading\">A necessidade de uni\u00e3o em favor de Ub\u00e1<\/h3>\n\n\n\n<p class=\"wp-block-paragraph\">Ao longo da entrevista, Natal tamb\u00e9m defendeu maior uni\u00e3o entre lideran\u00e7as pol\u00edticas, empresariais e comunit\u00e1rias.<\/p>\n\n\n\n<p class=\"wp-block-paragraph\">Segundo ele, a cidade possui import\u00e2ncia econ\u00f4mica e regional suficiente para conquistar mais espa\u00e7o dentro dos centros de decis\u00e3o do Estado.<\/p>\n\n\n\n<p class=\"wp-block-paragraph\">Entretanto, acredita que isso depende de articula\u00e7\u00e3o pol\u00edtica e alinhamento em torno de objetivos comuns.<\/p>\n\n\n\n<p class=\"wp-block-paragraph\">Para o candidato, Ub\u00e1 precisa continuar amadurecendo politicamente para fortalecer sua representatividade.<\/p>\n\n\n\n<h3 class=\"wp-block-heading\">Transpar\u00eancia e di\u00e1logo com a popula\u00e7\u00e3o<\/h3>\n\n\n\n<p class=\"wp-block-paragraph\">Outro ponto destacado durante a conversa foi a transpar\u00eancia.<\/p>\n\n\n\n<p class=\"wp-block-paragraph\">Natal afirmou que pretende manter di\u00e1logo aberto com a sociedade, ouvindo setores produtivos, lideran\u00e7as comunit\u00e1rias e cidad\u00e3os interessados em contribuir para o desenvolvimento regional.<\/p>\n\n\n\n<p class=\"wp-block-paragraph\">Al\u00e9m disso, defendeu uma atua\u00e7\u00e3o baseada na presta\u00e7\u00e3o de contas e no acompanhamento permanente das demandas da popula\u00e7\u00e3o.<\/p>\n\n\n\n<h3 class=\"wp-block-heading\">Elei\u00e7\u00f5es 2026 e o futuro da regi\u00e3o<\/h3>\n\n\n\n<p class=\"wp-block-paragraph\">A entrevista com Natal da Ferrari mostrou um candidato otimista com o cen\u00e1rio eleitoral e confiante no trabalho constru\u00eddo ao longo dos \u00faltimos anos.<\/p>\n\n\n\n<p class=\"wp-block-paragraph\">Mais do que apresentar propostas, o encontro refor\u00e7ou a necessidade de participa\u00e7\u00e3o popular nas elei\u00e7\u00f5es de 2026.<\/p>\n\n\n\n<p class=\"wp-block-paragraph\">Afinal, cidades que participam mais das decis\u00f5es pol\u00edticas aumentam suas chances de conquistar investimentos, obras, melhorias na sa\u00fade, avan\u00e7os na educa\u00e7\u00e3o e novas oportunidades de desenvolvimento.<\/p>\n\n\n\n<p class=\"wp-block-paragraph\">Por isso, iniciativas como o <strong>Fala Sodr\u00e9<\/strong> cumprem um papel importante ao aproximar candidatos e eleitores, promovendo informa\u00e7\u00e3o, transpar\u00eancia e debate democr\u00e1tico.<\/p>\n\n\n\n<figure class=\"wp-block-embed is-type-video is-provider-youtube wp-block-embed-youtube wp-embed-aspect-16-9 wp-has-aspect-ratio\"><div class=\"wp-block-embed__wrapper\">\n<iframe loading=\"lazy\" title=\"Fala Sodr\u00e9: Natal da Ferrari candidato a deputado estadual pelo PRD - 28\/08\/2026\" width=\"840\" height=\"473\" src=\"https:\/\/www.youtube.com\/embed\/bL5-cMgvyPI?feature=oembed\" frameborder=\"0\" allow=\"accelerometer; autoplay; clipboard-write; encrypted-media; gyroscope; picture-in-picture; web-share\" referrerpolicy=\"strict-origin-when-cross-origin\" allowfullscreen><\/iframe>\n<\/div><\/figure>\n\n\n\n<p class=\"wp-block-paragraph\">&#x1f4da; <strong>Cobertura:<\/strong> Carlos Roberto Sodr\u00e9 <a href=\"https:\/\/wa.me\/553298481334\" target=\"_blank\" rel=\"noopener\">WhatsApp<\/a><\/p>\n\n\n\n<p class=\"wp-block-paragraph\">&#x1f4f8; <strong>Imagens:<\/strong> Laisa Sodr\u00e9 \/ Felipe Oliveira<\/p>\n\n\n\n<p class=\"wp-block-paragraph\">&#x1f4dd; <strong>Conte\u00fado:<\/strong> <a href=\"https:\/\/www.linkedin.com\/in\/pedrohgf\/\" target=\"_blank\" rel=\"noopener\">Pedro Henriques<\/a> \u2013 <a href=\"https:\/\/indicca.com.br\/blog\/\" target=\"_blank\" rel=\"noopener\">INDICCA.COM<\/a>&nbsp; <a href=\"https:\/\/wa.me\/5532988020057\" target=\"_blank\" rel=\"noopener\">WhatsApp<\/a><\/p>\n\n\n\n<p class=\"wp-block-paragraph\">&#x1f393; <strong>Evento:<\/strong> Natal da Ferrari Defende Mais Representatividade para Ub\u00e1<\/p>\n\n\n\n<h2 class=\"wp-block-heading\">Patrocinadores do Portal Ub\u00e1 News Fala Sodr\u00e9<\/h2>\n\n\n\n<figure class=\"wp-block-gallery has-nested-images columns-default is-cropped wp-block-gallery-1 is-layout-flex wp-block-gallery-is-layout-flex\">\n<figure class=\"wp-block-image size-large\"><img loading=\"lazy\" decoding=\"async\" width=\"1024\" height=\"560\" data-id=\"25513\" src=\"https:\/\/ubanews.com\/site\/wp-content\/uploads\/2026\/06\/Unimed-1024x560.jpeg\" alt=\"\" class=\"wp-image-25513\" srcset=\"https:\/\/ubanews.com\/site\/wp-content\/uploads\/2026\/06\/Unimed-1024x560.jpeg 1024w, https:\/\/ubanews.com\/site\/wp-content\/uploads\/2026\/06\/Unimed-300x164.jpeg 300w, https:\/\/ubanews.com\/site\/wp-content\/uploads\/2026\/06\/Unimed-768x420.jpeg 768w, https:\/\/ubanews.com\/site\/wp-content\/uploads\/2026\/06\/Unimed.jpeg 1154w\" sizes=\"auto, (max-width: 1024px) 100vw, 1024px\" \/><\/figure>\n\n\n\n<figure class=\"wp-block-image size-large\"><img loading=\"lazy\" decoding=\"async\" width=\"1024\" height=\"558\" data-id=\"25512\" src=\"https:\/\/ubanews.com\/site\/wp-content\/uploads\/2026\/06\/Unifagoc-1024x558.jpg\" alt=\"\" class=\"wp-image-25512\" srcset=\"https:\/\/ubanews.com\/site\/wp-content\/uploads\/2026\/06\/Unifagoc-1024x558.jpg 1024w, https:\/\/ubanews.com\/site\/wp-content\/uploads\/2026\/06\/Unifagoc-300x164.jpg 300w, https:\/\/ubanews.com\/site\/wp-content\/uploads\/2026\/06\/Unifagoc-768x419.jpg 768w, https:\/\/ubanews.com\/site\/wp-content\/uploads\/2026\/06\/Unifagoc.jpg 1146w\" sizes=\"auto, (max-width: 1024px) 100vw, 1024px\" \/><\/figure>\n\n\n\n<figure class=\"wp-block-image size-large\"><img loading=\"lazy\" decoding=\"async\" width=\"1024\" height=\"558\" data-id=\"25511\" src=\"https:\/\/ubanews.com\/site\/wp-content\/uploads\/2026\/06\/Uba-Conect-1024x558.png\" alt=\"\" class=\"wp-image-25511\" srcset=\"https:\/\/ubanews.com\/site\/wp-content\/uploads\/2026\/06\/Uba-Conect-1024x558.png 1024w, https:\/\/ubanews.com\/site\/wp-content\/uploads\/2026\/06\/Uba-Conect-300x164.png 300w, https:\/\/ubanews.com\/site\/wp-content\/uploads\/2026\/06\/Uba-Conect-768x419.png 768w, https:\/\/ubanews.com\/site\/wp-content\/uploads\/2026\/06\/Uba-Conect.png 1146w\" sizes=\"auto, (max-width: 1024px) 100vw, 1024px\" \/><\/figure>\n\n\n\n<figure class=\"wp-block-image size-large\"><a href=\"https:\/\/indicca.com.br\" target=\"_blank\" rel=\"noopener\"><img loading=\"lazy\" decoding=\"async\" width=\"1024\" height=\"559\" data-id=\"25498\" src=\"https:\/\/ubanews.com\/site\/wp-content\/uploads\/2026\/06\/Indica-1024x559.png\" alt=\"\" class=\"wp-image-25498\" srcset=\"https:\/\/ubanews.com\/site\/wp-content\/uploads\/2026\/06\/Indica-1024x559.png 1024w, https:\/\/ubanews.com\/site\/wp-content\/uploads\/2026\/06\/Indica-300x164.png 300w, https:\/\/ubanews.com\/site\/wp-content\/uploads\/2026\/06\/Indica-768x419.png 768w, https:\/\/ubanews.com\/site\/wp-content\/uploads\/2026\/06\/Indica-1536x838.png 1536w, https:\/\/ubanews.com\/site\/wp-content\/uploads\/2026\/06\/Indica.png 1936w\" sizes=\"auto, (max-width: 1024px) 100vw, 1024px\" \/><\/a><\/figure>\n\n\n\n<figure class=\"wp-block-image size-large\"><img loading=\"lazy\" decoding=\"async\" width=\"1024\" height=\"558\" data-id=\"25508\" src=\"https:\/\/ubanews.com\/site\/wp-content\/uploads\/2026\/06\/Prefeitura-1-1024x558.jpg\" alt=\"\" class=\"wp-image-25508\" srcset=\"https:\/\/ubanews.com\/site\/wp-content\/uploads\/2026\/06\/Prefeitura-1-1024x558.jpg 1024w, https:\/\/ubanews.com\/site\/wp-content\/uploads\/2026\/06\/Prefeitura-1-300x164.jpg 300w, https:\/\/ubanews.com\/site\/wp-content\/uploads\/2026\/06\/Prefeitura-1-768x419.jpg 768w, https:\/\/ubanews.com\/site\/wp-content\/uploads\/2026\/06\/Prefeitura-1.jpg 1146w\" sizes=\"auto, (max-width: 1024px) 100vw, 1024px\" \/><\/figure>\n\n\n\n<figure class=\"wp-block-image size-large\"><img loading=\"lazy\" decoding=\"async\" width=\"1024\" height=\"576\" data-id=\"25507\" src=\"https:\/\/ubanews.com\/site\/wp-content\/uploads\/2026\/06\/Tempero-do-Anjo-1024x576.jpg\" alt=\"\" class=\"wp-image-25507\" srcset=\"https:\/\/ubanews.com\/site\/wp-content\/uploads\/2026\/06\/Tempero-do-Anjo-1024x576.jpg 1024w, https:\/\/ubanews.com\/site\/wp-content\/uploads\/2026\/06\/Tempero-do-Anjo-300x169.jpg 300w, https:\/\/ubanews.com\/site\/wp-content\/uploads\/2026\/06\/Tempero-do-Anjo-768x432.jpg 768w, https:\/\/ubanews.com\/site\/wp-content\/uploads\/2026\/06\/Tempero-do-Anjo.jpg 1280w\" sizes=\"auto, (max-width: 1024px) 100vw, 1024px\" \/><\/figure>\n\n\n\n<figure class=\"wp-block-image size-large\"><img loading=\"lazy\" decoding=\"async\" width=\"1024\" height=\"558\" data-id=\"25505\" src=\"https:\/\/ubanews.com\/site\/wp-content\/uploads\/2026\/06\/Oticas-Precisao-1024x558.jpg\" alt=\"\" class=\"wp-image-25505\" srcset=\"https:\/\/ubanews.com\/site\/wp-content\/uploads\/2026\/06\/Oticas-Precisao-1024x558.jpg 1024w, https:\/\/ubanews.com\/site\/wp-content\/uploads\/2026\/06\/Oticas-Precisao-300x164.jpg 300w, https:\/\/ubanews.com\/site\/wp-content\/uploads\/2026\/06\/Oticas-Precisao-768x419.jpg 768w, https:\/\/ubanews.com\/site\/wp-content\/uploads\/2026\/06\/Oticas-Precisao.jpg 1146w\" sizes=\"auto, (max-width: 1024px) 100vw, 1024px\" \/><\/figure>\n\n\n\n<figure class=\"wp-block-image size-large\"><img loading=\"lazy\" decoding=\"async\" width=\"1024\" height=\"558\" data-id=\"25504\" src=\"https:\/\/ubanews.com\/site\/wp-content\/uploads\/2026\/06\/Luciano-Motos-1024x558.jpg\" alt=\"\" class=\"wp-image-25504\" srcset=\"https:\/\/ubanews.com\/site\/wp-content\/uploads\/2026\/06\/Luciano-Motos-1024x558.jpg 1024w, https:\/\/ubanews.com\/site\/wp-content\/uploads\/2026\/06\/Luciano-Motos-300x164.jpg 300w, https:\/\/ubanews.com\/site\/wp-content\/uploads\/2026\/06\/Luciano-Motos-768x419.jpg 768w, https:\/\/ubanews.com\/site\/wp-content\/uploads\/2026\/06\/Luciano-Motos.jpg 1146w\" sizes=\"auto, (max-width: 1024px) 100vw, 1024px\" \/><\/figure>\n\n\n\n<figure class=\"wp-block-image size-large\"><img loading=\"lazy\" decoding=\"async\" width=\"1024\" height=\"558\" data-id=\"25503\" src=\"https:\/\/ubanews.com\/site\/wp-content\/uploads\/2026\/06\/Lider-Supermercado-1024x558.png\" alt=\"\" class=\"wp-image-25503\" srcset=\"https:\/\/ubanews.com\/site\/wp-content\/uploads\/2026\/06\/Lider-Supermercado-1024x558.png 1024w, https:\/\/ubanews.com\/site\/wp-content\/uploads\/2026\/06\/Lider-Supermercado-300x164.png 300w, https:\/\/ubanews.com\/site\/wp-content\/uploads\/2026\/06\/Lider-Supermercado-768x419.png 768w, https:\/\/ubanews.com\/site\/wp-content\/uploads\/2026\/06\/Lider-Supermercado.png 1146w\" sizes=\"auto, (max-width: 1024px) 100vw, 1024px\" \/><\/figure>\n\n\n\n<figure class=\"wp-block-image size-large\"><img loading=\"lazy\" decoding=\"async\" width=\"1024\" height=\"559\" data-id=\"25502\" src=\"https:\/\/ubanews.com\/site\/wp-content\/uploads\/2026\/06\/Aciuba-1024x559.png\" alt=\"\" class=\"wp-image-25502\" srcset=\"https:\/\/ubanews.com\/site\/wp-content\/uploads\/2026\/06\/Aciuba-1024x559.png 1024w, https:\/\/ubanews.com\/site\/wp-content\/uploads\/2026\/06\/Aciuba-300x164.png 300w, https:\/\/ubanews.com\/site\/wp-content\/uploads\/2026\/06\/Aciuba-768x419.png 768w, https:\/\/ubanews.com\/site\/wp-content\/uploads\/2026\/06\/Aciuba-1536x838.png 1536w, https:\/\/ubanews.com\/site\/wp-content\/uploads\/2026\/06\/Aciuba.png 1936w\" sizes=\"auto, (max-width: 1024px) 100vw, 1024px\" \/><\/figure>\n\n\n\n<figure class=\"wp-block-image size-large\"><img loading=\"lazy\" decoding=\"async\" width=\"1024\" height=\"558\" data-id=\"25509\" src=\"https:\/\/ubanews.com\/site\/wp-content\/uploads\/2026\/06\/Site-Uba-News-1024x558.jpg\" alt=\"\" class=\"wp-image-25509\" srcset=\"https:\/\/ubanews.com\/site\/wp-content\/uploads\/2026\/06\/Site-Uba-News-1024x558.jpg 1024w, https:\/\/ubanews.com\/site\/wp-content\/uploads\/2026\/06\/Site-Uba-News-300x164.jpg 300w, https:\/\/ubanews.com\/site\/wp-content\/uploads\/2026\/06\/Site-Uba-News-768x419.jpg 768w, https:\/\/ubanews.com\/site\/wp-content\/uploads\/2026\/06\/Site-Uba-News.jpg 1146w\" sizes=\"auto, (max-width: 1024px) 100vw, 1024px\" \/><\/figure>\n\n\n\n<figure class=\"wp-block-image size-large\"><img loading=\"lazy\" decoding=\"async\" width=\"1024\" height=\"558\" data-id=\"25497\" src=\"https:\/\/ubanews.com\/site\/wp-content\/uploads\/2026\/06\/H.-Sao-Januario-1024x558.jpg\" alt=\"\" class=\"wp-image-25497\" srcset=\"https:\/\/ubanews.com\/site\/wp-content\/uploads\/2026\/06\/H.-Sao-Januario-1024x558.jpg 1024w, https:\/\/ubanews.com\/site\/wp-content\/uploads\/2026\/06\/H.-Sao-Januario-300x164.jpg 300w, https:\/\/ubanews.com\/site\/wp-content\/uploads\/2026\/06\/H.-Sao-Januario-768x419.jpg 768w, https:\/\/ubanews.com\/site\/wp-content\/uploads\/2026\/06\/H.-Sao-Januario.jpg 1146w\" sizes=\"auto, (max-width: 1024px) 100vw, 1024px\" \/><\/figure>\n\n\n\n<figure class=\"wp-block-image size-large\"><img loading=\"lazy\" decoding=\"async\" width=\"1024\" height=\"558\" data-id=\"25496\" src=\"https:\/\/ubanews.com\/site\/wp-content\/uploads\/2026\/06\/H-.Santa-Isabel-1024x558.jpg\" alt=\"\" class=\"wp-image-25496\" srcset=\"https:\/\/ubanews.com\/site\/wp-content\/uploads\/2026\/06\/H-.Santa-Isabel-1024x558.jpg 1024w, https:\/\/ubanews.com\/site\/wp-content\/uploads\/2026\/06\/H-.Santa-Isabel-300x164.jpg 300w, https:\/\/ubanews.com\/site\/wp-content\/uploads\/2026\/06\/H-.Santa-Isabel-768x419.jpg 768w, https:\/\/ubanews.com\/site\/wp-content\/uploads\/2026\/06\/H-.Santa-Isabel.jpg 1146w\" sizes=\"auto, (max-width: 1024px) 100vw, 1024px\" \/><\/figure>\n\n\n\n<figure class=\"wp-block-image size-large\"><img loading=\"lazy\" decoding=\"async\" width=\"1020\" height=\"567\" data-id=\"25495\" src=\"https:\/\/ubanews.com\/site\/wp-content\/uploads\/2026\/06\/Galileu.jpg\" alt=\"\" class=\"wp-image-25495\" srcset=\"https:\/\/ubanews.com\/site\/wp-content\/uploads\/2026\/06\/Galileu.jpg 1020w, https:\/\/ubanews.com\/site\/wp-content\/uploads\/2026\/06\/Galileu-300x167.jpg 300w, https:\/\/ubanews.com\/site\/wp-content\/uploads\/2026\/06\/Galileu-768x427.jpg 768w, https:\/\/ubanews.com\/site\/wp-content\/uploads\/2026\/06\/Galileu-360x200.jpg 360w\" sizes=\"auto, (max-width: 1020px) 100vw, 1020px\" \/><\/figure>\n\n\n\n<figure class=\"wp-block-image size-large\"><img loading=\"lazy\" decoding=\"async\" width=\"1024\" height=\"558\" data-id=\"25494\" src=\"https:\/\/ubanews.com\/site\/wp-content\/uploads\/2026\/06\/Cruzeiro-do-Sul-1024x558.jpg\" alt=\"\" class=\"wp-image-25494\" srcset=\"https:\/\/ubanews.com\/site\/wp-content\/uploads\/2026\/06\/Cruzeiro-do-Sul-1024x558.jpg 1024w, https:\/\/ubanews.com\/site\/wp-content\/uploads\/2026\/06\/Cruzeiro-do-Sul-300x164.jpg 300w, https:\/\/ubanews.com\/site\/wp-content\/uploads\/2026\/06\/Cruzeiro-do-Sul-768x419.jpg 768w, https:\/\/ubanews.com\/site\/wp-content\/uploads\/2026\/06\/Cruzeiro-do-Sul.jpg 1146w\" sizes=\"auto, (max-width: 1024px) 100vw, 1024px\" \/><\/figure>\n\n\n\n<figure class=\"wp-block-image size-large\"><img loading=\"lazy\" decoding=\"async\" width=\"1024\" height=\"558\" data-id=\"25493\" src=\"https:\/\/ubanews.com\/site\/wp-content\/uploads\/2026\/06\/Clindecor-1024x558.jpg\" alt=\"\" class=\"wp-image-25493\" srcset=\"https:\/\/ubanews.com\/site\/wp-content\/uploads\/2026\/06\/Clindecor-1024x558.jpg 1024w, https:\/\/ubanews.com\/site\/wp-content\/uploads\/2026\/06\/Clindecor-300x164.jpg 300w, https:\/\/ubanews.com\/site\/wp-content\/uploads\/2026\/06\/Clindecor-768x419.jpg 768w, https:\/\/ubanews.com\/site\/wp-content\/uploads\/2026\/06\/Clindecor.jpg 1146w\" sizes=\"auto, (max-width: 1024px) 100vw, 1024px\" \/><\/figure>\n\n\n\n<figure class=\"wp-block-image size-large\"><img loading=\"lazy\" decoding=\"async\" width=\"1024\" height=\"558\" data-id=\"25484\" src=\"https:\/\/ubanews.com\/site\/wp-content\/uploads\/2026\/06\/Auto-Escola-Uba-1-1024x558.jpg\" alt=\"\" class=\"wp-image-25484\" srcset=\"https:\/\/ubanews.com\/site\/wp-content\/uploads\/2026\/06\/Auto-Escola-Uba-1-1024x558.jpg 1024w, https:\/\/ubanews.com\/site\/wp-content\/uploads\/2026\/06\/Auto-Escola-Uba-1-300x164.jpg 300w, https:\/\/ubanews.com\/site\/wp-content\/uploads\/2026\/06\/Auto-Escola-Uba-1-768x419.jpg 768w, https:\/\/ubanews.com\/site\/wp-content\/uploads\/2026\/06\/Auto-Escola-Uba-1.jpg 1146w\" sizes=\"auto, (max-width: 1024px) 100vw, 1024px\" \/><\/figure>\n\n\n\n<figure class=\"wp-block-image size-large\"><img loading=\"lazy\" decoding=\"async\" width=\"1024\" height=\"576\" data-id=\"25483\" src=\"https:\/\/ubanews.com\/site\/wp-content\/uploads\/2026\/06\/Camara-Municipal-1024x576.jpg\" alt=\"\" class=\"wp-image-25483\" srcset=\"https:\/\/ubanews.com\/site\/wp-content\/uploads\/2026\/06\/Camara-Municipal-1024x576.jpg 1024w, https:\/\/ubanews.com\/site\/wp-content\/uploads\/2026\/06\/Camara-Municipal-300x169.jpg 300w, https:\/\/ubanews.com\/site\/wp-content\/uploads\/2026\/06\/Camara-Municipal-768x432.jpg 768w, https:\/\/ubanews.com\/site\/wp-content\/uploads\/2026\/06\/Camara-Municipal-1536x864.jpg 1536w, https:\/\/ubanews.com\/site\/wp-content\/uploads\/2026\/06\/Camara-Municipal.jpg 1920w\" sizes=\"auto, (max-width: 1024px) 100vw, 1024px\" \/><\/figure>\n\n\n\n<figure class=\"wp-block-image size-large\"><a href=\"https:\/\/forms.cloud.microsoft\/Pages\/ResponsePage.aspx?id=uFcT8i8nAEmJUA-7Ji_4Mn2DCFniQE5Bs-lg6e0XeUhUM0NPNjlQN0hMNThRVkhTNjcxWEVIODVMWC4u\" target=\"_blank\" rel=\"noopener\"><img loading=\"lazy\" decoding=\"async\" width=\"1024\" height=\"1024\" data-id=\"25447\" src=\"https:\/\/ubanews.com\/site\/wp-content\/uploads\/2026\/06\/Cafe-Digital-Seja-Um-Patrocinador-UbaNews.png\" alt=\"Seja um Patrocinador\" class=\"wp-image-25447\" srcset=\"https:\/\/ubanews.com\/site\/wp-content\/uploads\/2026\/06\/Cafe-Digital-Seja-Um-Patrocinador-UbaNews.png 1024w, https:\/\/ubanews.com\/site\/wp-content\/uploads\/2026\/06\/Cafe-Digital-Seja-Um-Patrocinador-UbaNews-300x300.png 300w, https:\/\/ubanews.com\/site\/wp-content\/uploads\/2026\/06\/Cafe-Digital-Seja-Um-Patrocinador-UbaNews-150x150.png 150w, https:\/\/ubanews.com\/site\/wp-content\/uploads\/2026\/06\/Cafe-Digital-Seja-Um-Patrocinador-UbaNews-768x768.png 768w, https:\/\/ubanews.com\/site\/wp-content\/uploads\/2026\/06\/Cafe-Digital-Seja-Um-Patrocinador-UbaNews-600x600.png 600w\" sizes=\"auto, (max-width: 1024px) 100vw, 1024px\" \/><\/a><\/figure>\n<\/figure>\n\n\n\n<h3 class=\"wp-block-heading\">Hashtags<\/h3>\n\n\n\n<p class=\"wp-block-paragraph\">#NatalDaFerrari #PRD #DeputadoEstadual #Elei\u00e7\u00f5es2026 #PapoDePol\u00edtica #FalaSodr\u00e9 #Ub\u00e1 #ZonaDaMata #Pol\u00edticaMineira #Representatividade #DesenvolvimentoRegional #Participa\u00e7\u00e3oPopular #Democracia #AssembleiaLegislativa #MinasGerais #CarlosRobertoSodr\u00e9 #LaisaSodr\u00e9 #INDICCA #PedroHenriques #Ub\u00e1MG #VotoConsciente #Pol\u00edticaRegional #JornalismoDigital #Elei\u00e7\u00f5esMineiras #CidadeQueParticipa<\/p>\n","protected":false},"excerpt":{"rendered":"<p>No dia 28 de agosto de 2026, o programa Fala Sodr\u00e9 recebeu Natal da Ferrari, candidato a deputado estadual pelo PRD, para uma entrevista especial no quadro Papo de Pol\u00edtica em Tempo de Elei\u00e7\u00f5es 2026. Durante a conversa, o candidato destacou a import\u00e2ncia da representatividade de Ub\u00e1 e da Zona da Mata na Assembleia Legislativa, defendeu investimentos em sa\u00fade, educa\u00e7\u00e3o e desenvolvimento regional, al\u00e9m de incentivar a participa\u00e7\u00e3o popular nas elei\u00e7\u00f5es. O encontro foi conduzido pelo rep\u00f3rter Carlos Roberto Sodr\u00e9, com imagens de Laisa Sodr\u00e9 e conte\u00fado digital de Pedro Henriques, da INDICCA.COM.<\/p>\n","protected":false},"author":6,"featured_media":25937,"comment_status":"open","ping_status":"open","sticky":false,"template":"","format":"standard","meta":{"footnotes":""},"categories":[1],"tags":[],"class_list":["post-25936","post","type-post","status-publish","format-standard","has-post-thumbnail","hentry","category-sem-categoria"],"_links":{"self":[{"href":"https:\/\/ubanews.com\/site\/wp-json\/wp\/v2\/posts\/25936","targetHints":{"allow":["GET"]}}],"collection":[{"href":"https:\/\/ubanews.com\/site\/wp-json\/wp\/v2\/posts"}],"about":[{"href":"https:\/\/ubanews.com\/site\/wp-json\/wp\/v2\/types\/post"}],"author":[{"embeddable":true,"href":"https:\/\/ubanews.com\/site\/wp-json\/wp\/v2\/users\/6"}],"replies":[{"embeddable":true,"href":"https:\/\/ubanews.com\/site\/wp-json\/wp\/v2\/comments?post=25936"}],"version-history":[{"count":0,"href":"https:\/\/ubanews.com\/site\/wp-json\/wp\/v2\/posts\/25936\/revisions"}],"wp:featuredmedia":[{"embeddable":true,"href":"https:\/\/ubanews.com\/site\/wp-json\/wp\/v2\/media\/25937"}],"wp:attachment":[{"href":"https:\/\/ubanews.com\/site\/wp-json\/wp\/v2\/media?parent=25936"}],"wp:term":[{"taxonomy":"category","embeddable":true,"href":"https:\/\/ubanews.com\/site\/wp-json\/wp\/v2\/categories?post=25936"},{"taxonomy":"post_tag","embeddable":true,"href":"https:\/\/ubanews.com\/site\/wp-json\/wp\/v2\/tags?post=25936"}],"curies":[{"name":"wp","href":"https:\/\/api.w.org\/{rel}","templated":true}]}}