{"id":2572,"date":"2018-04-24T18:20:04","date_gmt":"2018-04-24T21:20:04","guid":{"rendered":"http:\/\/ubanews.com\/site\/?p=2572"},"modified":"2018-04-27T21:35:33","modified_gmt":"2018-04-28T00:35:33","slug":"comecou-a-campanha-de-vacinacao-contra-a-gripe-na-rede-publica-de-saude","status":"publish","type":"post","link":"https:\/\/ubanews.com\/site\/2018\/04\/24\/comecou-a-campanha-de-vacinacao-contra-a-gripe-na-rede-publica-de-saude\/","title":{"rendered":"Come\u00e7ou a campanha de vacina\u00e7\u00e3o contra a gripe na rede p\u00fablica de sa\u00fade"},"content":{"rendered":"<p><strong>&nbsp;&nbsp;&nbsp;&nbsp;&nbsp;&nbsp; <\/strong>Come\u00e7ou nesta segunda-feira (23) em todo Brasil a campanha de vacina\u00e7\u00e3o contra a gripe. Em Ub\u00e1 a Secretaria de Sa\u00fade recebeu quase vinte e oito mil doses da vacina. A meta \u00e9 vacinar vinte e sete mil pessoas. A campanha vai at\u00e9 o dia 01 de junho, por\u00e9m dia 12 de maior \u00e9 dia D de vacina\u00e7\u00e3o.<\/p>\n<p>Acompanhe todos os detalhes nessa reportagem exclusiva com a Enfermeira Chefe do Setor de Imuniza\u00e7\u00e3o da Prefeitura Municipal de Ub\u00e1 Andiara Rosa Marcelo.<\/p>\n<div style=\"position: relative; height: 0; padding-bottom: 56.25%;\"><iframe style=\"position: absolute; width: 100%; height: 100%; left: 0;\" data-src=\"https:\/\/www.youtube.com\/embed\/QZzCLWG0zZQ?ecver=2\" width=\"640\" height=\"360\" frameborder=\"0\" allowfullscreen=\"allowfullscreen\" src=\"data:image\/svg+xml;base64,PHN2ZyB3aWR0aD0iMSIgaGVpZ2h0PSIxIiB4bWxucz0iaHR0cDovL3d3dy53My5vcmcvMjAwMC9zdmciPjwvc3ZnPg==\" class=\"lazyload\" data-load-mode=\"1\"><\/iframe><\/div>\n","protected":false},"excerpt":{"rendered":"<p>&nbsp;&nbsp;&nbsp;&nbsp;&nbsp;&nbsp; Come\u00e7ou nesta segunda-feira (23) em todo Brasil a campanha<\/p>\n","protected":false},"author":2,"featured_media":2573,"comment_status":"open","ping_status":"open","sticky":false,"template":"","format":"standard","meta":{"footnotes":""},"categories":[1],"tags":[],"class_list":["post-2572","post","type-post","status-publish","format-standard","has-post-thumbnail","hentry","category-sem-categoria"],"yoast_head":"<!-- This site is optimized with the Yoast SEO plugin v27.2 - https:\/\/yoast.com\/product\/yoast-seo-wordpress\/ -->\n<title>Come\u00e7ou a campanha de vacina\u00e7\u00e3o contra a gripe na rede p\u00fablica de sa\u00fade - Ub\u00e1 News<\/title>\n<meta name=\"robots\" content=\"index, follow, max-snippet:-1, max-image-preview:large, max-video-preview:-1\" \/>\n<link rel=\"canonical\" href=\"https:\/\/ubanews.com\/site\/2018\/04\/24\/comecou-a-campanha-de-vacinacao-contra-a-gripe-na-rede-publica-de-saude\/\" \/>\n<meta property=\"og:locale\" content=\"pt_BR\" \/>\n<meta property=\"og:type\" content=\"article\" \/>\n<meta property=\"og:title\" content=\"Come\u00e7ou a campanha de vacina\u00e7\u00e3o contra a gripe na rede p\u00fablica de sa\u00fade - Ub\u00e1 News\" \/>\n<meta property=\"og:description\" content=\"&nbsp;&nbsp;&nbsp;&nbsp;&nbsp;&nbsp; Come\u00e7ou nesta segunda-feira (23) em todo Brasil a campanha\" \/>\n<meta property=\"og:url\" content=\"https:\/\/ubanews.com\/site\/2018\/04\/24\/comecou-a-campanha-de-vacinacao-contra-a-gripe-na-rede-publica-de-saude\/\" \/>\n<meta property=\"og:site_name\" content=\"Ub\u00e1 News\" \/>\n<meta property=\"article:publisher\" content=\"https:\/\/www.facebook.com\/Ub%c3%a1News-Carlos-Roberto-Sodr%c3%a9-418778301977370\" \/>\n<meta property=\"article:author\" content=\"https:\/\/www.facebook.com\/carosroberto.sodre.5\/\" \/>\n<meta property=\"article:published_time\" content=\"2018-04-24T21:20:04+00:00\" \/>\n<meta property=\"article:modified_time\" content=\"2018-04-28T00:35:33+00:00\" \/>\n<meta property=\"og:image\" content=\"https:\/\/ubanews.com\/site\/wp-content\/uploads\/2018\/04\/foto-1.jpg\" \/>\n\t<meta property=\"og:image:width\" content=\"1134\" \/>\n\t<meta property=\"og:image:height\" content=\"482\" \/>\n\t<meta property=\"og:image:type\" content=\"image\/jpeg\" \/>\n<meta name=\"author\" content=\"Sodr\u00e9\" \/>\n<meta name=\"twitter:card\" content=\"summary_large_image\" \/>\n<meta name=\"twitter:label1\" content=\"Escrito por\" \/>\n\t<meta name=\"twitter:data1\" content=\"Sodr\u00e9\" \/>\n<script type=\"application\/ld+json\" class=\"yoast-schema-graph\">{\"@context\":\"https:\/\/schema.org\",\"@graph\":[{\"@type\":\"Article\",\"@id\":\"https:\/\/ubanews.com\/site\/2018\/04\/24\/comecou-a-campanha-de-vacinacao-contra-a-gripe-na-rede-publica-de-saude\/#article\",\"isPartOf\":{\"@id\":\"https:\/\/ubanews.com\/site\/2018\/04\/24\/comecou-a-campanha-de-vacinacao-contra-a-gripe-na-rede-publica-de-saude\/\"},\"author\":{\"name\":\"Sodr\u00e9\",\"@id\":\"https:\/\/ubanews.com\/site\/#\/schema\/person\/d90c9e47252fbb63dcc969fe4c8b9d10\"},\"headline\":\"Come\u00e7ou a campanha de vacina\u00e7\u00e3o contra a gripe na rede p\u00fablica de sa\u00fade\",\"datePublished\":\"2018-04-24T21:20:04+00:00\",\"dateModified\":\"2018-04-28T00:35:33+00:00\",\"mainEntityOfPage\":{\"@id\":\"https:\/\/ubanews.com\/site\/2018\/04\/24\/comecou-a-campanha-de-vacinacao-contra-a-gripe-na-rede-publica-de-saude\/\"},\"wordCount\":104,\"commentCount\":0,\"publisher\":{\"@id\":\"https:\/\/ubanews.com\/site\/#organization\"},\"image\":{\"@id\":\"https:\/\/ubanews.com\/site\/2018\/04\/24\/comecou-a-campanha-de-vacinacao-contra-a-gripe-na-rede-publica-de-saude\/#primaryimage\"},\"thumbnailUrl\":\"https:\/\/ubanews.com\/site\/wp-content\/uploads\/2018\/04\/foto-1.jpg\",\"articleSection\":[\"Geral\"],\"inLanguage\":\"pt-BR\",\"potentialAction\":[{\"@type\":\"CommentAction\",\"name\":\"Comment\",\"target\":[\"https:\/\/ubanews.com\/site\/2018\/04\/24\/comecou-a-campanha-de-vacinacao-contra-a-gripe-na-rede-publica-de-saude\/#respond\"]}]},{\"@type\":\"WebPage\",\"@id\":\"https:\/\/ubanews.com\/site\/2018\/04\/24\/comecou-a-campanha-de-vacinacao-contra-a-gripe-na-rede-publica-de-saude\/\",\"url\":\"https:\/\/ubanews.com\/site\/2018\/04\/24\/comecou-a-campanha-de-vacinacao-contra-a-gripe-na-rede-publica-de-saude\/\",\"name\":\"Come\u00e7ou a campanha de vacina\u00e7\u00e3o contra a gripe na rede p\u00fablica de sa\u00fade - Ub\u00e1 News\",\"isPartOf\":{\"@id\":\"https:\/\/ubanews.com\/site\/#website\"},\"primaryImageOfPage\":{\"@id\":\"https:\/\/ubanews.com\/site\/2018\/04\/24\/comecou-a-campanha-de-vacinacao-contra-a-gripe-na-rede-publica-de-saude\/#primaryimage\"},\"image\":{\"@id\":\"https:\/\/ubanews.com\/site\/2018\/04\/24\/comecou-a-campanha-de-vacinacao-contra-a-gripe-na-rede-publica-de-saude\/#primaryimage\"},\"thumbnailUrl\":\"https:\/\/ubanews.com\/site\/wp-content\/uploads\/2018\/04\/foto-1.jpg\",\"datePublished\":\"2018-04-24T21:20:04+00:00\",\"dateModified\":\"2018-04-28T00:35:33+00:00\",\"breadcrumb\":{\"@id\":\"https:\/\/ubanews.com\/site\/2018\/04\/24\/comecou-a-campanha-de-vacinacao-contra-a-gripe-na-rede-publica-de-saude\/#breadcrumb\"},\"inLanguage\":\"pt-BR\",\"potentialAction\":[{\"@type\":\"ReadAction\",\"target\":[\"https:\/\/ubanews.com\/site\/2018\/04\/24\/comecou-a-campanha-de-vacinacao-contra-a-gripe-na-rede-publica-de-saude\/\"]}]},{\"@type\":\"ImageObject\",\"inLanguage\":\"pt-BR\",\"@id\":\"https:\/\/ubanews.com\/site\/2018\/04\/24\/comecou-a-campanha-de-vacinacao-contra-a-gripe-na-rede-publica-de-saude\/#primaryimage\",\"url\":\"https:\/\/ubanews.com\/site\/wp-content\/uploads\/2018\/04\/foto-1.jpg\",\"contentUrl\":\"https:\/\/ubanews.com\/site\/wp-content\/uploads\/2018\/04\/foto-1.jpg\",\"width\":1134,\"height\":482},{\"@type\":\"BreadcrumbList\",\"@id\":\"https:\/\/ubanews.com\/site\/2018\/04\/24\/comecou-a-campanha-de-vacinacao-contra-a-gripe-na-rede-publica-de-saude\/#breadcrumb\",\"itemListElement\":[{\"@type\":\"ListItem\",\"position\":1,\"name\":\"Home\",\"item\":\"https:\/\/ubanews.com\/site\/\"},{\"@type\":\"ListItem\",\"position\":2,\"name\":\"Come\u00e7ou a campanha de vacina\u00e7\u00e3o contra a gripe na rede p\u00fablica de sa\u00fade\"}]},{\"@type\":\"WebSite\",\"@id\":\"https:\/\/ubanews.com\/site\/#website\",\"url\":\"https:\/\/ubanews.com\/site\/\",\"name\":\"Ub\u00e1 News\",\"description\":\"\",\"publisher\":{\"@id\":\"https:\/\/ubanews.com\/site\/#organization\"},\"potentialAction\":[{\"@type\":\"SearchAction\",\"target\":{\"@type\":\"EntryPoint\",\"urlTemplate\":\"https:\/\/ubanews.com\/site\/?s={search_term_string}\"},\"query-input\":{\"@type\":\"PropertyValueSpecification\",\"valueRequired\":true,\"valueName\":\"search_term_string\"}}],\"inLanguage\":\"pt-BR\"},{\"@type\":\"Organization\",\"@id\":\"https:\/\/ubanews.com\/site\/#organization\",\"name\":\"Ub\u00e1 News\",\"url\":\"https:\/\/ubanews.com\/site\/\",\"logo\":{\"@type\":\"ImageObject\",\"inLanguage\":\"pt-BR\",\"@id\":\"https:\/\/ubanews.com\/site\/#\/schema\/logo\/image\/\",\"url\":\"https:\/\/ubanews.com\/site\/wp-content\/uploads\/2018\/01\/logoubanews.png\",\"contentUrl\":\"https:\/\/ubanews.com\/site\/wp-content\/uploads\/2018\/01\/logoubanews.png\",\"width\":261,\"height\":99,\"caption\":\"Ub\u00e1 News\"},\"image\":{\"@id\":\"https:\/\/ubanews.com\/site\/#\/schema\/logo\/image\/\"},\"sameAs\":[\"https:\/\/www.facebook.com\/Ub\u00e1News-Carlos-Roberto-Sodr\u00e9-418778301977370\"]},{\"@type\":\"Person\",\"@id\":\"https:\/\/ubanews.com\/site\/#\/schema\/person\/d90c9e47252fbb63dcc969fe4c8b9d10\",\"name\":\"Sodr\u00e9\",\"image\":{\"@type\":\"ImageObject\",\"inLanguage\":\"pt-BR\",\"@id\":\"https:\/\/secure.gravatar.com\/avatar\/5ba2793f0590b9dbfad3fdec4ee714485b3eef211c9b32ee53d414060454a56c?s=96&d=mm&r=g\",\"url\":\"https:\/\/secure.gravatar.com\/avatar\/5ba2793f0590b9dbfad3fdec4ee714485b3eef211c9b32ee53d414060454a56c?s=96&d=mm&r=g\",\"contentUrl\":\"https:\/\/secure.gravatar.com\/avatar\/5ba2793f0590b9dbfad3fdec4ee714485b3eef211c9b32ee53d414060454a56c?s=96&d=mm&r=g\",\"caption\":\"Sodr\u00e9\"},\"sameAs\":[\"https:\/\/www.facebook.com\/carosroberto.sodre.5\/\"],\"url\":\"https:\/\/ubanews.com\/site\/author\/felipe\/\"}]}<\/script>\n<!-- \/ Yoast SEO plugin. -->","yoast_head_json":{"title":"Come\u00e7ou a campanha de vacina\u00e7\u00e3o contra a gripe na rede p\u00fablica de sa\u00fade - Ub\u00e1 News","robots":{"index":"index","follow":"follow","max-snippet":"max-snippet:-1","max-image-preview":"max-image-preview:large","max-video-preview":"max-video-preview:-1"},"canonical":"https:\/\/ubanews.com\/site\/2018\/04\/24\/comecou-a-campanha-de-vacinacao-contra-a-gripe-na-rede-publica-de-saude\/","og_locale":"pt_BR","og_type":"article","og_title":"Come\u00e7ou a campanha de vacina\u00e7\u00e3o contra a gripe na rede p\u00fablica de sa\u00fade - Ub\u00e1 News","og_description":"&nbsp;&nbsp;&nbsp;&nbsp;&nbsp;&nbsp; Come\u00e7ou nesta segunda-feira (23) em todo Brasil a campanha","og_url":"https:\/\/ubanews.com\/site\/2018\/04\/24\/comecou-a-campanha-de-vacinacao-contra-a-gripe-na-rede-publica-de-saude\/","og_site_name":"Ub\u00e1 News","article_publisher":"https:\/\/www.facebook.com\/Ub%c3%a1News-Carlos-Roberto-Sodr%c3%a9-418778301977370","article_author":"https:\/\/www.facebook.com\/carosroberto.sodre.5\/","article_published_time":"2018-04-24T21:20:04+00:00","article_modified_time":"2018-04-28T00:35:33+00:00","og_image":[{"width":1134,"height":482,"url":"https:\/\/ubanews.com\/site\/wp-content\/uploads\/2018\/04\/foto-1.jpg","type":"image\/jpeg"}],"author":"Sodr\u00e9","twitter_card":"summary_large_image","twitter_misc":{"Escrito por":"Sodr\u00e9"},"schema":{"@context":"https:\/\/schema.org","@graph":[{"@type":"Article","@id":"https:\/\/ubanews.com\/site\/2018\/04\/24\/comecou-a-campanha-de-vacinacao-contra-a-gripe-na-rede-publica-de-saude\/#article","isPartOf":{"@id":"https:\/\/ubanews.com\/site\/2018\/04\/24\/comecou-a-campanha-de-vacinacao-contra-a-gripe-na-rede-publica-de-saude\/"},"author":{"name":"Sodr\u00e9","@id":"https:\/\/ubanews.com\/site\/#\/schema\/person\/d90c9e47252fbb63dcc969fe4c8b9d10"},"headline":"Come\u00e7ou a campanha de vacina\u00e7\u00e3o contra a gripe na rede p\u00fablica de sa\u00fade","datePublished":"2018-04-24T21:20:04+00:00","dateModified":"2018-04-28T00:35:33+00:00","mainEntityOfPage":{"@id":"https:\/\/ubanews.com\/site\/2018\/04\/24\/comecou-a-campanha-de-vacinacao-contra-a-gripe-na-rede-publica-de-saude\/"},"wordCount":104,"commentCount":0,"publisher":{"@id":"https:\/\/ubanews.com\/site\/#organization"},"image":{"@id":"https:\/\/ubanews.com\/site\/2018\/04\/24\/comecou-a-campanha-de-vacinacao-contra-a-gripe-na-rede-publica-de-saude\/#primaryimage"},"thumbnailUrl":"https:\/\/ubanews.com\/site\/wp-content\/uploads\/2018\/04\/foto-1.jpg","articleSection":["Geral"],"inLanguage":"pt-BR","potentialAction":[{"@type":"CommentAction","name":"Comment","target":["https:\/\/ubanews.com\/site\/2018\/04\/24\/comecou-a-campanha-de-vacinacao-contra-a-gripe-na-rede-publica-de-saude\/#respond"]}]},{"@type":"WebPage","@id":"https:\/\/ubanews.com\/site\/2018\/04\/24\/comecou-a-campanha-de-vacinacao-contra-a-gripe-na-rede-publica-de-saude\/","url":"https:\/\/ubanews.com\/site\/2018\/04\/24\/comecou-a-campanha-de-vacinacao-contra-a-gripe-na-rede-publica-de-saude\/","name":"Come\u00e7ou a campanha de vacina\u00e7\u00e3o contra a gripe na rede p\u00fablica de sa\u00fade - Ub\u00e1 News","isPartOf":{"@id":"https:\/\/ubanews.com\/site\/#website"},"primaryImageOfPage":{"@id":"https:\/\/ubanews.com\/site\/2018\/04\/24\/comecou-a-campanha-de-vacinacao-contra-a-gripe-na-rede-publica-de-saude\/#primaryimage"},"image":{"@id":"https:\/\/ubanews.com\/site\/2018\/04\/24\/comecou-a-campanha-de-vacinacao-contra-a-gripe-na-rede-publica-de-saude\/#primaryimage"},"thumbnailUrl":"https:\/\/ubanews.com\/site\/wp-content\/uploads\/2018\/04\/foto-1.jpg","datePublished":"2018-04-24T21:20:04+00:00","dateModified":"2018-04-28T00:35:33+00:00","breadcrumb":{"@id":"https:\/\/ubanews.com\/site\/2018\/04\/24\/comecou-a-campanha-de-vacinacao-contra-a-gripe-na-rede-publica-de-saude\/#breadcrumb"},"inLanguage":"pt-BR","potentialAction":[{"@type":"ReadAction","target":["https:\/\/ubanews.com\/site\/2018\/04\/24\/comecou-a-campanha-de-vacinacao-contra-a-gripe-na-rede-publica-de-saude\/"]}]},{"@type":"ImageObject","inLanguage":"pt-BR","@id":"https:\/\/ubanews.com\/site\/2018\/04\/24\/comecou-a-campanha-de-vacinacao-contra-a-gripe-na-rede-publica-de-saude\/#primaryimage","url":"https:\/\/ubanews.com\/site\/wp-content\/uploads\/2018\/04\/foto-1.jpg","contentUrl":"https:\/\/ubanews.com\/site\/wp-content\/uploads\/2018\/04\/foto-1.jpg","width":1134,"height":482},{"@type":"BreadcrumbList","@id":"https:\/\/ubanews.com\/site\/2018\/04\/24\/comecou-a-campanha-de-vacinacao-contra-a-gripe-na-rede-publica-de-saude\/#breadcrumb","itemListElement":[{"@type":"ListItem","position":1,"name":"Home","item":"https:\/\/ubanews.com\/site\/"},{"@type":"ListItem","position":2,"name":"Come\u00e7ou a campanha de vacina\u00e7\u00e3o contra a gripe na rede p\u00fablica de sa\u00fade"}]},{"@type":"WebSite","@id":"https:\/\/ubanews.com\/site\/#website","url":"https:\/\/ubanews.com\/site\/","name":"Ub\u00e1 News","description":"","publisher":{"@id":"https:\/\/ubanews.com\/site\/#organization"},"potentialAction":[{"@type":"SearchAction","target":{"@type":"EntryPoint","urlTemplate":"https:\/\/ubanews.com\/site\/?s={search_term_string}"},"query-input":{"@type":"PropertyValueSpecification","valueRequired":true,"valueName":"search_term_string"}}],"inLanguage":"pt-BR"},{"@type":"Organization","@id":"https:\/\/ubanews.com\/site\/#organization","name":"Ub\u00e1 News","url":"https:\/\/ubanews.com\/site\/","logo":{"@type":"ImageObject","inLanguage":"pt-BR","@id":"https:\/\/ubanews.com\/site\/#\/schema\/logo\/image\/","url":"https:\/\/ubanews.com\/site\/wp-content\/uploads\/2018\/01\/logoubanews.png","contentUrl":"https:\/\/ubanews.com\/site\/wp-content\/uploads\/2018\/01\/logoubanews.png","width":261,"height":99,"caption":"Ub\u00e1 News"},"image":{"@id":"https:\/\/ubanews.com\/site\/#\/schema\/logo\/image\/"},"sameAs":["https:\/\/www.facebook.com\/Ub\u00e1News-Carlos-Roberto-Sodr\u00e9-418778301977370"]},{"@type":"Person","@id":"https:\/\/ubanews.com\/site\/#\/schema\/person\/d90c9e47252fbb63dcc969fe4c8b9d10","name":"Sodr\u00e9","image":{"@type":"ImageObject","inLanguage":"pt-BR","@id":"https:\/\/secure.gravatar.com\/avatar\/5ba2793f0590b9dbfad3fdec4ee714485b3eef211c9b32ee53d414060454a56c?s=96&d=mm&r=g","url":"https:\/\/secure.gravatar.com\/avatar\/5ba2793f0590b9dbfad3fdec4ee714485b3eef211c9b32ee53d414060454a56c?s=96&d=mm&r=g","contentUrl":"https:\/\/secure.gravatar.com\/avatar\/5ba2793f0590b9dbfad3fdec4ee714485b3eef211c9b32ee53d414060454a56c?s=96&d=mm&r=g","caption":"Sodr\u00e9"},"sameAs":["https:\/\/www.facebook.com\/carosroberto.sodre.5\/"],"url":"https:\/\/ubanews.com\/site\/author\/felipe\/"}]}},"_links":{"self":[{"href":"https:\/\/ubanews.com\/site\/wp-json\/wp\/v2\/posts\/2572","targetHints":{"allow":["GET"]}}],"collection":[{"href":"https:\/\/ubanews.com\/site\/wp-json\/wp\/v2\/posts"}],"about":[{"href":"https:\/\/ubanews.com\/site\/wp-json\/wp\/v2\/types\/post"}],"author":[{"embeddable":true,"href":"https:\/\/ubanews.com\/site\/wp-json\/wp\/v2\/users\/2"}],"replies":[{"embeddable":true,"href":"https:\/\/ubanews.com\/site\/wp-json\/wp\/v2\/comments?post=2572"}],"version-history":[{"count":0,"href":"https:\/\/ubanews.com\/site\/wp-json\/wp\/v2\/posts\/2572\/revisions"}],"wp:featuredmedia":[{"embeddable":true,"href":"https:\/\/ubanews.com\/site\/wp-json\/wp\/v2\/media\/2573"}],"wp:attachment":[{"href":"https:\/\/ubanews.com\/site\/wp-json\/wp\/v2\/media?parent=2572"}],"wp:term":[{"taxonomy":"category","embeddable":true,"href":"https:\/\/ubanews.com\/site\/wp-json\/wp\/v2\/categories?post=2572"},{"taxonomy":"post_tag","embeddable":true,"href":"https:\/\/ubanews.com\/site\/wp-json\/wp\/v2\/tags?post=2572"}],"curies":[{"name":"wp","href":"https:\/\/api.w.org\/{rel}","templated":true}]}}