{"id":2568,"date":"2018-04-24T17:57:23","date_gmt":"2018-04-24T20:57:23","guid":{"rendered":"http:\/\/ubanews.com\/site\/?p=2568"},"modified":"2018-04-27T21:35:25","modified_gmt":"2018-04-28T00:35:25","slug":"legislativo-aprova-lei-que-regulamenta-parcelamento-ordinario-dos-debitos-fiscais","status":"publish","type":"post","link":"https:\/\/ubanews.com\/site\/2018\/04\/24\/legislativo-aprova-lei-que-regulamenta-parcelamento-ordinario-dos-debitos-fiscais\/","title":{"rendered":"Legislativo aprova lei que regulamenta parcelamento ordin\u00e1rio dos d\u00e9bitos fiscais"},"content":{"rendered":"<p><strong>&nbsp;<\/strong><strong>&nbsp;&nbsp;&nbsp;&nbsp;&nbsp;&nbsp;&nbsp;&nbsp;&nbsp; <\/strong>Aprovado na C\u00e2mara Municipal de Ub\u00e1 em reuni\u00e3o ordin\u00e1ria na noite desta segunda-feira (23), \u00e0s 19h, por sete votos a tr\u00eas lei que regulamenta o c\u00f3digo nacional e municipal para instituir o parcelamento ordin\u00e1rio dos d\u00e9bitos fiscais.<\/p>\n<p>&nbsp;&nbsp;&nbsp;&nbsp;&nbsp;&nbsp;&nbsp;&nbsp;&nbsp; O vice-presidente da C\u00e2mara Edeir Pacheco da Costa (PP); Gilson Fazolla Filgueira (PV) e Antero Gomes de Aguiar (PT) votaram contra o modelo de projeto enviado pelo executivo. Mesmo assim o projeto foi aprovado pela maioria.<\/p>\n<p>Acompanhe em uma entrevista exclusiva a advogada Doutora Tain\u00e1h Marazzo esclarece os detalhes desse assunto.<\/p>\n<div style=\"position: relative; height: 0; padding-bottom: 56.25%;\"><iframe style=\"position: absolute; width: 100%; height: 100%; left: 0;\" data-src=\"https:\/\/www.youtube.com\/embed\/IZ-uWzUcIt0?ecver=2\" width=\"640\" height=\"360\" frameborder=\"0\" allowfullscreen=\"allowfullscreen\" src=\"data:image\/svg+xml;base64,PHN2ZyB3aWR0aD0iMSIgaGVpZ2h0PSIxIiB4bWxucz0iaHR0cDovL3d3dy53My5vcmcvMjAwMC9zdmciPjwvc3ZnPg==\" class=\"lazyload\" data-load-mode=\"1\"><\/iframe><\/div>\n<p>&nbsp;<\/p>\n","protected":false},"excerpt":{"rendered":"<p>&nbsp;&nbsp;&nbsp;&nbsp;&nbsp;&nbsp;&nbsp;&nbsp;&nbsp;&nbsp; Aprovado na C\u00e2mara Municipal de Ub\u00e1 em reuni\u00e3o ordin\u00e1ria<\/p>\n","protected":false},"author":2,"featured_media":2571,"comment_status":"open","ping_status":"open","sticky":false,"template":"","format":"standard","meta":{"footnotes":""},"categories":[1],"tags":[],"class_list":["post-2568","post","type-post","status-publish","format-standard","has-post-thumbnail","hentry","category-sem-categoria"],"yoast_head":"<!-- This site is optimized with the Yoast SEO plugin v27.2 - https:\/\/yoast.com\/product\/yoast-seo-wordpress\/ -->\n<title>Legislativo aprova lei que regulamenta parcelamento ordin\u00e1rio dos d\u00e9bitos fiscais - Ub\u00e1 News<\/title>\n<meta name=\"robots\" content=\"index, follow, max-snippet:-1, max-image-preview:large, max-video-preview:-1\" \/>\n<link rel=\"canonical\" href=\"https:\/\/ubanews.com\/site\/2018\/04\/24\/legislativo-aprova-lei-que-regulamenta-parcelamento-ordinario-dos-debitos-fiscais\/\" \/>\n<meta property=\"og:locale\" content=\"pt_BR\" \/>\n<meta property=\"og:type\" content=\"article\" \/>\n<meta property=\"og:title\" content=\"Legislativo aprova lei que regulamenta parcelamento ordin\u00e1rio dos d\u00e9bitos fiscais - Ub\u00e1 News\" \/>\n<meta property=\"og:description\" content=\"&nbsp;&nbsp;&nbsp;&nbsp;&nbsp;&nbsp;&nbsp;&nbsp;&nbsp;&nbsp; Aprovado na C\u00e2mara Municipal de Ub\u00e1 em reuni\u00e3o ordin\u00e1ria\" \/>\n<meta property=\"og:url\" content=\"https:\/\/ubanews.com\/site\/2018\/04\/24\/legislativo-aprova-lei-que-regulamenta-parcelamento-ordinario-dos-debitos-fiscais\/\" \/>\n<meta property=\"og:site_name\" content=\"Ub\u00e1 News\" \/>\n<meta property=\"article:publisher\" content=\"https:\/\/www.facebook.com\/Ub%c3%a1News-Carlos-Roberto-Sodr%c3%a9-418778301977370\" \/>\n<meta property=\"article:author\" content=\"https:\/\/www.facebook.com\/carosroberto.sodre.5\/\" \/>\n<meta property=\"article:published_time\" content=\"2018-04-24T20:57:23+00:00\" \/>\n<meta property=\"article:modified_time\" content=\"2018-04-28T00:35:25+00:00\" \/>\n<meta property=\"og:image\" content=\"https:\/\/ubanews.com\/site\/wp-content\/uploads\/2018\/04\/foto.jpg\" \/>\n\t<meta property=\"og:image:width\" content=\"1134\" \/>\n\t<meta property=\"og:image:height\" content=\"709\" \/>\n\t<meta property=\"og:image:type\" content=\"image\/jpeg\" \/>\n<meta name=\"author\" content=\"Sodr\u00e9\" \/>\n<meta name=\"twitter:card\" content=\"summary_large_image\" \/>\n<meta name=\"twitter:label1\" content=\"Escrito por\" \/>\n\t<meta name=\"twitter:data1\" content=\"Sodr\u00e9\" \/>\n\t<meta name=\"twitter:label2\" content=\"Est. tempo de leitura\" \/>\n\t<meta name=\"twitter:data2\" content=\"1 minuto\" \/>\n<script type=\"application\/ld+json\" class=\"yoast-schema-graph\">{\"@context\":\"https:\/\/schema.org\",\"@graph\":[{\"@type\":\"Article\",\"@id\":\"https:\/\/ubanews.com\/site\/2018\/04\/24\/legislativo-aprova-lei-que-regulamenta-parcelamento-ordinario-dos-debitos-fiscais\/#article\",\"isPartOf\":{\"@id\":\"https:\/\/ubanews.com\/site\/2018\/04\/24\/legislativo-aprova-lei-que-regulamenta-parcelamento-ordinario-dos-debitos-fiscais\/\"},\"author\":{\"name\":\"Sodr\u00e9\",\"@id\":\"https:\/\/ubanews.com\/site\/#\/schema\/person\/d90c9e47252fbb63dcc969fe4c8b9d10\"},\"headline\":\"Legislativo aprova lei que regulamenta parcelamento ordin\u00e1rio dos d\u00e9bitos fiscais\",\"datePublished\":\"2018-04-24T20:57:23+00:00\",\"dateModified\":\"2018-04-28T00:35:25+00:00\",\"mainEntityOfPage\":{\"@id\":\"https:\/\/ubanews.com\/site\/2018\/04\/24\/legislativo-aprova-lei-que-regulamenta-parcelamento-ordinario-dos-debitos-fiscais\/\"},\"wordCount\":128,\"commentCount\":0,\"publisher\":{\"@id\":\"https:\/\/ubanews.com\/site\/#organization\"},\"image\":{\"@id\":\"https:\/\/ubanews.com\/site\/2018\/04\/24\/legislativo-aprova-lei-que-regulamenta-parcelamento-ordinario-dos-debitos-fiscais\/#primaryimage\"},\"thumbnailUrl\":\"https:\/\/ubanews.com\/site\/wp-content\/uploads\/2018\/04\/foto.jpg\",\"articleSection\":[\"Geral\"],\"inLanguage\":\"pt-BR\",\"potentialAction\":[{\"@type\":\"CommentAction\",\"name\":\"Comment\",\"target\":[\"https:\/\/ubanews.com\/site\/2018\/04\/24\/legislativo-aprova-lei-que-regulamenta-parcelamento-ordinario-dos-debitos-fiscais\/#respond\"]}]},{\"@type\":\"WebPage\",\"@id\":\"https:\/\/ubanews.com\/site\/2018\/04\/24\/legislativo-aprova-lei-que-regulamenta-parcelamento-ordinario-dos-debitos-fiscais\/\",\"url\":\"https:\/\/ubanews.com\/site\/2018\/04\/24\/legislativo-aprova-lei-que-regulamenta-parcelamento-ordinario-dos-debitos-fiscais\/\",\"name\":\"Legislativo aprova lei que regulamenta parcelamento ordin\u00e1rio dos d\u00e9bitos fiscais - Ub\u00e1 News\",\"isPartOf\":{\"@id\":\"https:\/\/ubanews.com\/site\/#website\"},\"primaryImageOfPage\":{\"@id\":\"https:\/\/ubanews.com\/site\/2018\/04\/24\/legislativo-aprova-lei-que-regulamenta-parcelamento-ordinario-dos-debitos-fiscais\/#primaryimage\"},\"image\":{\"@id\":\"https:\/\/ubanews.com\/site\/2018\/04\/24\/legislativo-aprova-lei-que-regulamenta-parcelamento-ordinario-dos-debitos-fiscais\/#primaryimage\"},\"thumbnailUrl\":\"https:\/\/ubanews.com\/site\/wp-content\/uploads\/2018\/04\/foto.jpg\",\"datePublished\":\"2018-04-24T20:57:23+00:00\",\"dateModified\":\"2018-04-28T00:35:25+00:00\",\"breadcrumb\":{\"@id\":\"https:\/\/ubanews.com\/site\/2018\/04\/24\/legislativo-aprova-lei-que-regulamenta-parcelamento-ordinario-dos-debitos-fiscais\/#breadcrumb\"},\"inLanguage\":\"pt-BR\",\"potentialAction\":[{\"@type\":\"ReadAction\",\"target\":[\"https:\/\/ubanews.com\/site\/2018\/04\/24\/legislativo-aprova-lei-que-regulamenta-parcelamento-ordinario-dos-debitos-fiscais\/\"]}]},{\"@type\":\"ImageObject\",\"inLanguage\":\"pt-BR\",\"@id\":\"https:\/\/ubanews.com\/site\/2018\/04\/24\/legislativo-aprova-lei-que-regulamenta-parcelamento-ordinario-dos-debitos-fiscais\/#primaryimage\",\"url\":\"https:\/\/ubanews.com\/site\/wp-content\/uploads\/2018\/04\/foto.jpg\",\"contentUrl\":\"https:\/\/ubanews.com\/site\/wp-content\/uploads\/2018\/04\/foto.jpg\",\"width\":1134,\"height\":709},{\"@type\":\"BreadcrumbList\",\"@id\":\"https:\/\/ubanews.com\/site\/2018\/04\/24\/legislativo-aprova-lei-que-regulamenta-parcelamento-ordinario-dos-debitos-fiscais\/#breadcrumb\",\"itemListElement\":[{\"@type\":\"ListItem\",\"position\":1,\"name\":\"Home\",\"item\":\"https:\/\/ubanews.com\/site\/\"},{\"@type\":\"ListItem\",\"position\":2,\"name\":\"Legislativo aprova lei que regulamenta parcelamento ordin\u00e1rio dos d\u00e9bitos fiscais\"}]},{\"@type\":\"WebSite\",\"@id\":\"https:\/\/ubanews.com\/site\/#website\",\"url\":\"https:\/\/ubanews.com\/site\/\",\"name\":\"Ub\u00e1 News\",\"description\":\"\",\"publisher\":{\"@id\":\"https:\/\/ubanews.com\/site\/#organization\"},\"potentialAction\":[{\"@type\":\"SearchAction\",\"target\":{\"@type\":\"EntryPoint\",\"urlTemplate\":\"https:\/\/ubanews.com\/site\/?s={search_term_string}\"},\"query-input\":{\"@type\":\"PropertyValueSpecification\",\"valueRequired\":true,\"valueName\":\"search_term_string\"}}],\"inLanguage\":\"pt-BR\"},{\"@type\":\"Organization\",\"@id\":\"https:\/\/ubanews.com\/site\/#organization\",\"name\":\"Ub\u00e1 News\",\"url\":\"https:\/\/ubanews.com\/site\/\",\"logo\":{\"@type\":\"ImageObject\",\"inLanguage\":\"pt-BR\",\"@id\":\"https:\/\/ubanews.com\/site\/#\/schema\/logo\/image\/\",\"url\":\"https:\/\/ubanews.com\/site\/wp-content\/uploads\/2018\/01\/logoubanews.png\",\"contentUrl\":\"https:\/\/ubanews.com\/site\/wp-content\/uploads\/2018\/01\/logoubanews.png\",\"width\":261,\"height\":99,\"caption\":\"Ub\u00e1 News\"},\"image\":{\"@id\":\"https:\/\/ubanews.com\/site\/#\/schema\/logo\/image\/\"},\"sameAs\":[\"https:\/\/www.facebook.com\/Ub\u00e1News-Carlos-Roberto-Sodr\u00e9-418778301977370\"]},{\"@type\":\"Person\",\"@id\":\"https:\/\/ubanews.com\/site\/#\/schema\/person\/d90c9e47252fbb63dcc969fe4c8b9d10\",\"name\":\"Sodr\u00e9\",\"image\":{\"@type\":\"ImageObject\",\"inLanguage\":\"pt-BR\",\"@id\":\"https:\/\/secure.gravatar.com\/avatar\/5ba2793f0590b9dbfad3fdec4ee714485b3eef211c9b32ee53d414060454a56c?s=96&d=mm&r=g\",\"url\":\"https:\/\/secure.gravatar.com\/avatar\/5ba2793f0590b9dbfad3fdec4ee714485b3eef211c9b32ee53d414060454a56c?s=96&d=mm&r=g\",\"contentUrl\":\"https:\/\/secure.gravatar.com\/avatar\/5ba2793f0590b9dbfad3fdec4ee714485b3eef211c9b32ee53d414060454a56c?s=96&d=mm&r=g\",\"caption\":\"Sodr\u00e9\"},\"sameAs\":[\"https:\/\/www.facebook.com\/carosroberto.sodre.5\/\"],\"url\":\"https:\/\/ubanews.com\/site\/author\/felipe\/\"}]}<\/script>\n<!-- \/ Yoast SEO plugin. -->","yoast_head_json":{"title":"Legislativo aprova lei que regulamenta parcelamento ordin\u00e1rio dos d\u00e9bitos fiscais - Ub\u00e1 News","robots":{"index":"index","follow":"follow","max-snippet":"max-snippet:-1","max-image-preview":"max-image-preview:large","max-video-preview":"max-video-preview:-1"},"canonical":"https:\/\/ubanews.com\/site\/2018\/04\/24\/legislativo-aprova-lei-que-regulamenta-parcelamento-ordinario-dos-debitos-fiscais\/","og_locale":"pt_BR","og_type":"article","og_title":"Legislativo aprova lei que regulamenta parcelamento ordin\u00e1rio dos d\u00e9bitos fiscais - Ub\u00e1 News","og_description":"&nbsp;&nbsp;&nbsp;&nbsp;&nbsp;&nbsp;&nbsp;&nbsp;&nbsp;&nbsp; Aprovado na C\u00e2mara Municipal de Ub\u00e1 em reuni\u00e3o ordin\u00e1ria","og_url":"https:\/\/ubanews.com\/site\/2018\/04\/24\/legislativo-aprova-lei-que-regulamenta-parcelamento-ordinario-dos-debitos-fiscais\/","og_site_name":"Ub\u00e1 News","article_publisher":"https:\/\/www.facebook.com\/Ub%c3%a1News-Carlos-Roberto-Sodr%c3%a9-418778301977370","article_author":"https:\/\/www.facebook.com\/carosroberto.sodre.5\/","article_published_time":"2018-04-24T20:57:23+00:00","article_modified_time":"2018-04-28T00:35:25+00:00","og_image":[{"width":1134,"height":709,"url":"https:\/\/ubanews.com\/site\/wp-content\/uploads\/2018\/04\/foto.jpg","type":"image\/jpeg"}],"author":"Sodr\u00e9","twitter_card":"summary_large_image","twitter_misc":{"Escrito por":"Sodr\u00e9","Est. tempo de leitura":"1 minuto"},"schema":{"@context":"https:\/\/schema.org","@graph":[{"@type":"Article","@id":"https:\/\/ubanews.com\/site\/2018\/04\/24\/legislativo-aprova-lei-que-regulamenta-parcelamento-ordinario-dos-debitos-fiscais\/#article","isPartOf":{"@id":"https:\/\/ubanews.com\/site\/2018\/04\/24\/legislativo-aprova-lei-que-regulamenta-parcelamento-ordinario-dos-debitos-fiscais\/"},"author":{"name":"Sodr\u00e9","@id":"https:\/\/ubanews.com\/site\/#\/schema\/person\/d90c9e47252fbb63dcc969fe4c8b9d10"},"headline":"Legislativo aprova lei que regulamenta parcelamento ordin\u00e1rio dos d\u00e9bitos fiscais","datePublished":"2018-04-24T20:57:23+00:00","dateModified":"2018-04-28T00:35:25+00:00","mainEntityOfPage":{"@id":"https:\/\/ubanews.com\/site\/2018\/04\/24\/legislativo-aprova-lei-que-regulamenta-parcelamento-ordinario-dos-debitos-fiscais\/"},"wordCount":128,"commentCount":0,"publisher":{"@id":"https:\/\/ubanews.com\/site\/#organization"},"image":{"@id":"https:\/\/ubanews.com\/site\/2018\/04\/24\/legislativo-aprova-lei-que-regulamenta-parcelamento-ordinario-dos-debitos-fiscais\/#primaryimage"},"thumbnailUrl":"https:\/\/ubanews.com\/site\/wp-content\/uploads\/2018\/04\/foto.jpg","articleSection":["Geral"],"inLanguage":"pt-BR","potentialAction":[{"@type":"CommentAction","name":"Comment","target":["https:\/\/ubanews.com\/site\/2018\/04\/24\/legislativo-aprova-lei-que-regulamenta-parcelamento-ordinario-dos-debitos-fiscais\/#respond"]}]},{"@type":"WebPage","@id":"https:\/\/ubanews.com\/site\/2018\/04\/24\/legislativo-aprova-lei-que-regulamenta-parcelamento-ordinario-dos-debitos-fiscais\/","url":"https:\/\/ubanews.com\/site\/2018\/04\/24\/legislativo-aprova-lei-que-regulamenta-parcelamento-ordinario-dos-debitos-fiscais\/","name":"Legislativo aprova lei que regulamenta parcelamento ordin\u00e1rio dos d\u00e9bitos fiscais - Ub\u00e1 News","isPartOf":{"@id":"https:\/\/ubanews.com\/site\/#website"},"primaryImageOfPage":{"@id":"https:\/\/ubanews.com\/site\/2018\/04\/24\/legislativo-aprova-lei-que-regulamenta-parcelamento-ordinario-dos-debitos-fiscais\/#primaryimage"},"image":{"@id":"https:\/\/ubanews.com\/site\/2018\/04\/24\/legislativo-aprova-lei-que-regulamenta-parcelamento-ordinario-dos-debitos-fiscais\/#primaryimage"},"thumbnailUrl":"https:\/\/ubanews.com\/site\/wp-content\/uploads\/2018\/04\/foto.jpg","datePublished":"2018-04-24T20:57:23+00:00","dateModified":"2018-04-28T00:35:25+00:00","breadcrumb":{"@id":"https:\/\/ubanews.com\/site\/2018\/04\/24\/legislativo-aprova-lei-que-regulamenta-parcelamento-ordinario-dos-debitos-fiscais\/#breadcrumb"},"inLanguage":"pt-BR","potentialAction":[{"@type":"ReadAction","target":["https:\/\/ubanews.com\/site\/2018\/04\/24\/legislativo-aprova-lei-que-regulamenta-parcelamento-ordinario-dos-debitos-fiscais\/"]}]},{"@type":"ImageObject","inLanguage":"pt-BR","@id":"https:\/\/ubanews.com\/site\/2018\/04\/24\/legislativo-aprova-lei-que-regulamenta-parcelamento-ordinario-dos-debitos-fiscais\/#primaryimage","url":"https:\/\/ubanews.com\/site\/wp-content\/uploads\/2018\/04\/foto.jpg","contentUrl":"https:\/\/ubanews.com\/site\/wp-content\/uploads\/2018\/04\/foto.jpg","width":1134,"height":709},{"@type":"BreadcrumbList","@id":"https:\/\/ubanews.com\/site\/2018\/04\/24\/legislativo-aprova-lei-que-regulamenta-parcelamento-ordinario-dos-debitos-fiscais\/#breadcrumb","itemListElement":[{"@type":"ListItem","position":1,"name":"Home","item":"https:\/\/ubanews.com\/site\/"},{"@type":"ListItem","position":2,"name":"Legislativo aprova lei que regulamenta parcelamento ordin\u00e1rio dos d\u00e9bitos fiscais"}]},{"@type":"WebSite","@id":"https:\/\/ubanews.com\/site\/#website","url":"https:\/\/ubanews.com\/site\/","name":"Ub\u00e1 News","description":"","publisher":{"@id":"https:\/\/ubanews.com\/site\/#organization"},"potentialAction":[{"@type":"SearchAction","target":{"@type":"EntryPoint","urlTemplate":"https:\/\/ubanews.com\/site\/?s={search_term_string}"},"query-input":{"@type":"PropertyValueSpecification","valueRequired":true,"valueName":"search_term_string"}}],"inLanguage":"pt-BR"},{"@type":"Organization","@id":"https:\/\/ubanews.com\/site\/#organization","name":"Ub\u00e1 News","url":"https:\/\/ubanews.com\/site\/","logo":{"@type":"ImageObject","inLanguage":"pt-BR","@id":"https:\/\/ubanews.com\/site\/#\/schema\/logo\/image\/","url":"https:\/\/ubanews.com\/site\/wp-content\/uploads\/2018\/01\/logoubanews.png","contentUrl":"https:\/\/ubanews.com\/site\/wp-content\/uploads\/2018\/01\/logoubanews.png","width":261,"height":99,"caption":"Ub\u00e1 News"},"image":{"@id":"https:\/\/ubanews.com\/site\/#\/schema\/logo\/image\/"},"sameAs":["https:\/\/www.facebook.com\/Ub\u00e1News-Carlos-Roberto-Sodr\u00e9-418778301977370"]},{"@type":"Person","@id":"https:\/\/ubanews.com\/site\/#\/schema\/person\/d90c9e47252fbb63dcc969fe4c8b9d10","name":"Sodr\u00e9","image":{"@type":"ImageObject","inLanguage":"pt-BR","@id":"https:\/\/secure.gravatar.com\/avatar\/5ba2793f0590b9dbfad3fdec4ee714485b3eef211c9b32ee53d414060454a56c?s=96&d=mm&r=g","url":"https:\/\/secure.gravatar.com\/avatar\/5ba2793f0590b9dbfad3fdec4ee714485b3eef211c9b32ee53d414060454a56c?s=96&d=mm&r=g","contentUrl":"https:\/\/secure.gravatar.com\/avatar\/5ba2793f0590b9dbfad3fdec4ee714485b3eef211c9b32ee53d414060454a56c?s=96&d=mm&r=g","caption":"Sodr\u00e9"},"sameAs":["https:\/\/www.facebook.com\/carosroberto.sodre.5\/"],"url":"https:\/\/ubanews.com\/site\/author\/felipe\/"}]}},"_links":{"self":[{"href":"https:\/\/ubanews.com\/site\/wp-json\/wp\/v2\/posts\/2568","targetHints":{"allow":["GET"]}}],"collection":[{"href":"https:\/\/ubanews.com\/site\/wp-json\/wp\/v2\/posts"}],"about":[{"href":"https:\/\/ubanews.com\/site\/wp-json\/wp\/v2\/types\/post"}],"author":[{"embeddable":true,"href":"https:\/\/ubanews.com\/site\/wp-json\/wp\/v2\/users\/2"}],"replies":[{"embeddable":true,"href":"https:\/\/ubanews.com\/site\/wp-json\/wp\/v2\/comments?post=2568"}],"version-history":[{"count":0,"href":"https:\/\/ubanews.com\/site\/wp-json\/wp\/v2\/posts\/2568\/revisions"}],"wp:featuredmedia":[{"embeddable":true,"href":"https:\/\/ubanews.com\/site\/wp-json\/wp\/v2\/media\/2571"}],"wp:attachment":[{"href":"https:\/\/ubanews.com\/site\/wp-json\/wp\/v2\/media?parent=2568"}],"wp:term":[{"taxonomy":"category","embeddable":true,"href":"https:\/\/ubanews.com\/site\/wp-json\/wp\/v2\/categories?post=2568"},{"taxonomy":"post_tag","embeddable":true,"href":"https:\/\/ubanews.com\/site\/wp-json\/wp\/v2\/tags?post=2568"}],"curies":[{"name":"wp","href":"https:\/\/api.w.org\/{rel}","templated":true}]}}