{"id":2532,"date":"2018-04-23T14:31:15","date_gmt":"2018-04-23T17:31:15","guid":{"rendered":"http:\/\/ubanews.com\/site\/?p=2532"},"modified":"2018-04-23T14:31:15","modified_gmt":"2018-04-23T17:31:15","slug":"arma-de-fogo-e-veiculo-roubado-e-recuperado-pela-policia-militar","status":"publish","type":"post","link":"https:\/\/ubanews.com\/site\/2018\/04\/23\/arma-de-fogo-e-veiculo-roubado-e-recuperado-pela-policia-militar\/","title":{"rendered":"ARMA DE FOGO E VE\u00cdCULO ROUBADO \u00c9 RECUPERADO PELA POL\u00cdCIA MILITAR"},"content":{"rendered":"<p>&nbsp; &nbsp; &nbsp; &nbsp; &nbsp; No dia 20 de abril, por volta das 23h50min, policiais militares abordaram os autores Juliano Teixeira da Silva Souza, 30 anos, e Lucas Lopes Ribeiro Morais, 18 anos. Os autores foram abordados na Avenida Oleg\u00e1rio Maciel, bairro Industrial.<\/p>\n<p>&nbsp; &nbsp; &nbsp; &nbsp; &nbsp; Com o autor Lucas, os policiais localizaram uma garrucha calibre 38 carregada com duas muni\u00e7\u00f5es intactas. Pr\u00f3xima ao autor Juliano, havia uma motocicleta Honda Bros com queixa de roubo ocorrido no dia 17 de abril de 2018, na cidade de Dores do Turvo.<\/p>\n<p>&nbsp; &nbsp; &nbsp; &nbsp; &nbsp; Questionado, o autor Lucas relatou que comprou a motocicleta de um indiv\u00edduo de nome Gabriel, morador da cidade de Guidoval, pelo valor de R$ 800,00.<\/p>\n<p>&nbsp; &nbsp; &nbsp; &nbsp; &nbsp; Ainda, com o autor juliano, os policiais localizaram um pino de subst\u00e2ncia an\u00e1loga \u00e0 coca\u00edna e um telefone celular.<\/p>\n<p>&nbsp; &nbsp; &nbsp; &nbsp; &nbsp; Diante do fato, os autores foram presos e conduzidos \u00e0 DPJ local, juntamente dos materiais apreendidos. A motocicleta foi encaminhada ao p\u00e1tio do autossocorro de plant\u00e3o.<\/p>\n","protected":false},"excerpt":{"rendered":"<p>&nbsp; &nbsp; &nbsp; &nbsp; &nbsp; No dia 20 de abril,<\/p>\n","protected":false},"author":2,"featured_media":287,"comment_status":"open","ping_status":"open","sticky":false,"template":"","format":"standard","meta":{"footnotes":""},"categories":[1],"tags":[],"class_list":["post-2532","post","type-post","status-publish","format-standard","has-post-thumbnail","hentry","category-sem-categoria"],"yoast_head":"<!-- This site is optimized with the Yoast SEO plugin v27.2 - https:\/\/yoast.com\/product\/yoast-seo-wordpress\/ -->\n<title>ARMA DE FOGO E VE\u00cdCULO ROUBADO \u00c9 RECUPERADO PELA POL\u00cdCIA MILITAR - Ub\u00e1 News<\/title>\n<meta name=\"robots\" content=\"index, follow, max-snippet:-1, max-image-preview:large, max-video-preview:-1\" \/>\n<link rel=\"canonical\" href=\"https:\/\/ubanews.com\/site\/2018\/04\/23\/arma-de-fogo-e-veiculo-roubado-e-recuperado-pela-policia-militar\/\" \/>\n<meta property=\"og:locale\" content=\"pt_BR\" \/>\n<meta property=\"og:type\" content=\"article\" \/>\n<meta property=\"og:title\" content=\"ARMA DE FOGO E VE\u00cdCULO ROUBADO \u00c9 RECUPERADO PELA POL\u00cdCIA MILITAR - Ub\u00e1 News\" \/>\n<meta property=\"og:description\" content=\"&nbsp; &nbsp; &nbsp; &nbsp; &nbsp; No dia 20 de abril,\" \/>\n<meta property=\"og:url\" content=\"https:\/\/ubanews.com\/site\/2018\/04\/23\/arma-de-fogo-e-veiculo-roubado-e-recuperado-pela-policia-militar\/\" \/>\n<meta property=\"og:site_name\" content=\"Ub\u00e1 News\" \/>\n<meta property=\"article:publisher\" content=\"https:\/\/www.facebook.com\/Ub%c3%a1News-Carlos-Roberto-Sodr%c3%a9-418778301977370\" \/>\n<meta property=\"article:author\" content=\"https:\/\/www.facebook.com\/carosroberto.sodre.5\/\" \/>\n<meta property=\"article:published_time\" content=\"2018-04-23T17:31:15+00:00\" \/>\n<meta property=\"og:image\" content=\"https:\/\/ubanews.com\/site\/wp-content\/uploads\/2018\/02\/exemplo.jpg\" \/>\n\t<meta property=\"og:image:width\" content=\"800\" \/>\n\t<meta property=\"og:image:height\" content=\"530\" \/>\n\t<meta property=\"og:image:type\" content=\"image\/jpeg\" \/>\n<meta name=\"author\" content=\"Sodr\u00e9\" \/>\n<meta name=\"twitter:card\" content=\"summary_large_image\" \/>\n<meta name=\"twitter:label1\" content=\"Escrito por\" \/>\n\t<meta name=\"twitter:data1\" content=\"Sodr\u00e9\" \/>\n\t<meta name=\"twitter:label2\" content=\"Est. tempo de leitura\" \/>\n\t<meta name=\"twitter:data2\" content=\"1 minuto\" \/>\n<script type=\"application\/ld+json\" class=\"yoast-schema-graph\">{\"@context\":\"https:\/\/schema.org\",\"@graph\":[{\"@type\":\"Article\",\"@id\":\"https:\/\/ubanews.com\/site\/2018\/04\/23\/arma-de-fogo-e-veiculo-roubado-e-recuperado-pela-policia-militar\/#article\",\"isPartOf\":{\"@id\":\"https:\/\/ubanews.com\/site\/2018\/04\/23\/arma-de-fogo-e-veiculo-roubado-e-recuperado-pela-policia-militar\/\"},\"author\":{\"name\":\"Sodr\u00e9\",\"@id\":\"https:\/\/ubanews.com\/site\/#\/schema\/person\/d90c9e47252fbb63dcc969fe4c8b9d10\"},\"headline\":\"ARMA DE FOGO E VE\u00cdCULO ROUBADO \u00c9 RECUPERADO PELA POL\u00cdCIA MILITAR\",\"datePublished\":\"2018-04-23T17:31:15+00:00\",\"mainEntityOfPage\":{\"@id\":\"https:\/\/ubanews.com\/site\/2018\/04\/23\/arma-de-fogo-e-veiculo-roubado-e-recuperado-pela-policia-militar\/\"},\"wordCount\":189,\"commentCount\":0,\"publisher\":{\"@id\":\"https:\/\/ubanews.com\/site\/#organization\"},\"image\":{\"@id\":\"https:\/\/ubanews.com\/site\/2018\/04\/23\/arma-de-fogo-e-veiculo-roubado-e-recuperado-pela-policia-militar\/#primaryimage\"},\"thumbnailUrl\":\"https:\/\/ubanews.com\/site\/wp-content\/uploads\/2018\/02\/exemplo.jpg\",\"articleSection\":[\"Geral\"],\"inLanguage\":\"pt-BR\",\"potentialAction\":[{\"@type\":\"CommentAction\",\"name\":\"Comment\",\"target\":[\"https:\/\/ubanews.com\/site\/2018\/04\/23\/arma-de-fogo-e-veiculo-roubado-e-recuperado-pela-policia-militar\/#respond\"]}]},{\"@type\":\"WebPage\",\"@id\":\"https:\/\/ubanews.com\/site\/2018\/04\/23\/arma-de-fogo-e-veiculo-roubado-e-recuperado-pela-policia-militar\/\",\"url\":\"https:\/\/ubanews.com\/site\/2018\/04\/23\/arma-de-fogo-e-veiculo-roubado-e-recuperado-pela-policia-militar\/\",\"name\":\"ARMA DE FOGO E VE\u00cdCULO ROUBADO \u00c9 RECUPERADO PELA POL\u00cdCIA MILITAR - Ub\u00e1 News\",\"isPartOf\":{\"@id\":\"https:\/\/ubanews.com\/site\/#website\"},\"primaryImageOfPage\":{\"@id\":\"https:\/\/ubanews.com\/site\/2018\/04\/23\/arma-de-fogo-e-veiculo-roubado-e-recuperado-pela-policia-militar\/#primaryimage\"},\"image\":{\"@id\":\"https:\/\/ubanews.com\/site\/2018\/04\/23\/arma-de-fogo-e-veiculo-roubado-e-recuperado-pela-policia-militar\/#primaryimage\"},\"thumbnailUrl\":\"https:\/\/ubanews.com\/site\/wp-content\/uploads\/2018\/02\/exemplo.jpg\",\"datePublished\":\"2018-04-23T17:31:15+00:00\",\"breadcrumb\":{\"@id\":\"https:\/\/ubanews.com\/site\/2018\/04\/23\/arma-de-fogo-e-veiculo-roubado-e-recuperado-pela-policia-militar\/#breadcrumb\"},\"inLanguage\":\"pt-BR\",\"potentialAction\":[{\"@type\":\"ReadAction\",\"target\":[\"https:\/\/ubanews.com\/site\/2018\/04\/23\/arma-de-fogo-e-veiculo-roubado-e-recuperado-pela-policia-militar\/\"]}]},{\"@type\":\"ImageObject\",\"inLanguage\":\"pt-BR\",\"@id\":\"https:\/\/ubanews.com\/site\/2018\/04\/23\/arma-de-fogo-e-veiculo-roubado-e-recuperado-pela-policia-militar\/#primaryimage\",\"url\":\"https:\/\/ubanews.com\/site\/wp-content\/uploads\/2018\/02\/exemplo.jpg\",\"contentUrl\":\"https:\/\/ubanews.com\/site\/wp-content\/uploads\/2018\/02\/exemplo.jpg\",\"width\":800,\"height\":530},{\"@type\":\"BreadcrumbList\",\"@id\":\"https:\/\/ubanews.com\/site\/2018\/04\/23\/arma-de-fogo-e-veiculo-roubado-e-recuperado-pela-policia-militar\/#breadcrumb\",\"itemListElement\":[{\"@type\":\"ListItem\",\"position\":1,\"name\":\"Home\",\"item\":\"https:\/\/ubanews.com\/site\/\"},{\"@type\":\"ListItem\",\"position\":2,\"name\":\"ARMA DE FOGO E VE\u00cdCULO ROUBADO \u00c9 RECUPERADO PELA POL\u00cdCIA MILITAR\"}]},{\"@type\":\"WebSite\",\"@id\":\"https:\/\/ubanews.com\/site\/#website\",\"url\":\"https:\/\/ubanews.com\/site\/\",\"name\":\"Ub\u00e1 News\",\"description\":\"\",\"publisher\":{\"@id\":\"https:\/\/ubanews.com\/site\/#organization\"},\"potentialAction\":[{\"@type\":\"SearchAction\",\"target\":{\"@type\":\"EntryPoint\",\"urlTemplate\":\"https:\/\/ubanews.com\/site\/?s={search_term_string}\"},\"query-input\":{\"@type\":\"PropertyValueSpecification\",\"valueRequired\":true,\"valueName\":\"search_term_string\"}}],\"inLanguage\":\"pt-BR\"},{\"@type\":\"Organization\",\"@id\":\"https:\/\/ubanews.com\/site\/#organization\",\"name\":\"Ub\u00e1 News\",\"url\":\"https:\/\/ubanews.com\/site\/\",\"logo\":{\"@type\":\"ImageObject\",\"inLanguage\":\"pt-BR\",\"@id\":\"https:\/\/ubanews.com\/site\/#\/schema\/logo\/image\/\",\"url\":\"https:\/\/ubanews.com\/site\/wp-content\/uploads\/2018\/01\/logoubanews.png\",\"contentUrl\":\"https:\/\/ubanews.com\/site\/wp-content\/uploads\/2018\/01\/logoubanews.png\",\"width\":261,\"height\":99,\"caption\":\"Ub\u00e1 News\"},\"image\":{\"@id\":\"https:\/\/ubanews.com\/site\/#\/schema\/logo\/image\/\"},\"sameAs\":[\"https:\/\/www.facebook.com\/Ub\u00e1News-Carlos-Roberto-Sodr\u00e9-418778301977370\"]},{\"@type\":\"Person\",\"@id\":\"https:\/\/ubanews.com\/site\/#\/schema\/person\/d90c9e47252fbb63dcc969fe4c8b9d10\",\"name\":\"Sodr\u00e9\",\"image\":{\"@type\":\"ImageObject\",\"inLanguage\":\"pt-BR\",\"@id\":\"https:\/\/secure.gravatar.com\/avatar\/5ba2793f0590b9dbfad3fdec4ee714485b3eef211c9b32ee53d414060454a56c?s=96&d=mm&r=g\",\"url\":\"https:\/\/secure.gravatar.com\/avatar\/5ba2793f0590b9dbfad3fdec4ee714485b3eef211c9b32ee53d414060454a56c?s=96&d=mm&r=g\",\"contentUrl\":\"https:\/\/secure.gravatar.com\/avatar\/5ba2793f0590b9dbfad3fdec4ee714485b3eef211c9b32ee53d414060454a56c?s=96&d=mm&r=g\",\"caption\":\"Sodr\u00e9\"},\"sameAs\":[\"https:\/\/www.facebook.com\/carosroberto.sodre.5\/\"],\"url\":\"https:\/\/ubanews.com\/site\/author\/felipe\/\"}]}<\/script>\n<!-- \/ Yoast SEO plugin. -->","yoast_head_json":{"title":"ARMA DE FOGO E VE\u00cdCULO ROUBADO \u00c9 RECUPERADO PELA POL\u00cdCIA MILITAR - Ub\u00e1 News","robots":{"index":"index","follow":"follow","max-snippet":"max-snippet:-1","max-image-preview":"max-image-preview:large","max-video-preview":"max-video-preview:-1"},"canonical":"https:\/\/ubanews.com\/site\/2018\/04\/23\/arma-de-fogo-e-veiculo-roubado-e-recuperado-pela-policia-militar\/","og_locale":"pt_BR","og_type":"article","og_title":"ARMA DE FOGO E VE\u00cdCULO ROUBADO \u00c9 RECUPERADO PELA POL\u00cdCIA MILITAR - Ub\u00e1 News","og_description":"&nbsp; &nbsp; &nbsp; &nbsp; &nbsp; No dia 20 de abril,","og_url":"https:\/\/ubanews.com\/site\/2018\/04\/23\/arma-de-fogo-e-veiculo-roubado-e-recuperado-pela-policia-militar\/","og_site_name":"Ub\u00e1 News","article_publisher":"https:\/\/www.facebook.com\/Ub%c3%a1News-Carlos-Roberto-Sodr%c3%a9-418778301977370","article_author":"https:\/\/www.facebook.com\/carosroberto.sodre.5\/","article_published_time":"2018-04-23T17:31:15+00:00","og_image":[{"width":800,"height":530,"url":"https:\/\/ubanews.com\/site\/wp-content\/uploads\/2018\/02\/exemplo.jpg","type":"image\/jpeg"}],"author":"Sodr\u00e9","twitter_card":"summary_large_image","twitter_misc":{"Escrito por":"Sodr\u00e9","Est. tempo de leitura":"1 minuto"},"schema":{"@context":"https:\/\/schema.org","@graph":[{"@type":"Article","@id":"https:\/\/ubanews.com\/site\/2018\/04\/23\/arma-de-fogo-e-veiculo-roubado-e-recuperado-pela-policia-militar\/#article","isPartOf":{"@id":"https:\/\/ubanews.com\/site\/2018\/04\/23\/arma-de-fogo-e-veiculo-roubado-e-recuperado-pela-policia-militar\/"},"author":{"name":"Sodr\u00e9","@id":"https:\/\/ubanews.com\/site\/#\/schema\/person\/d90c9e47252fbb63dcc969fe4c8b9d10"},"headline":"ARMA DE FOGO E VE\u00cdCULO ROUBADO \u00c9 RECUPERADO PELA POL\u00cdCIA MILITAR","datePublished":"2018-04-23T17:31:15+00:00","mainEntityOfPage":{"@id":"https:\/\/ubanews.com\/site\/2018\/04\/23\/arma-de-fogo-e-veiculo-roubado-e-recuperado-pela-policia-militar\/"},"wordCount":189,"commentCount":0,"publisher":{"@id":"https:\/\/ubanews.com\/site\/#organization"},"image":{"@id":"https:\/\/ubanews.com\/site\/2018\/04\/23\/arma-de-fogo-e-veiculo-roubado-e-recuperado-pela-policia-militar\/#primaryimage"},"thumbnailUrl":"https:\/\/ubanews.com\/site\/wp-content\/uploads\/2018\/02\/exemplo.jpg","articleSection":["Geral"],"inLanguage":"pt-BR","potentialAction":[{"@type":"CommentAction","name":"Comment","target":["https:\/\/ubanews.com\/site\/2018\/04\/23\/arma-de-fogo-e-veiculo-roubado-e-recuperado-pela-policia-militar\/#respond"]}]},{"@type":"WebPage","@id":"https:\/\/ubanews.com\/site\/2018\/04\/23\/arma-de-fogo-e-veiculo-roubado-e-recuperado-pela-policia-militar\/","url":"https:\/\/ubanews.com\/site\/2018\/04\/23\/arma-de-fogo-e-veiculo-roubado-e-recuperado-pela-policia-militar\/","name":"ARMA DE FOGO E VE\u00cdCULO ROUBADO \u00c9 RECUPERADO PELA POL\u00cdCIA MILITAR - Ub\u00e1 News","isPartOf":{"@id":"https:\/\/ubanews.com\/site\/#website"},"primaryImageOfPage":{"@id":"https:\/\/ubanews.com\/site\/2018\/04\/23\/arma-de-fogo-e-veiculo-roubado-e-recuperado-pela-policia-militar\/#primaryimage"},"image":{"@id":"https:\/\/ubanews.com\/site\/2018\/04\/23\/arma-de-fogo-e-veiculo-roubado-e-recuperado-pela-policia-militar\/#primaryimage"},"thumbnailUrl":"https:\/\/ubanews.com\/site\/wp-content\/uploads\/2018\/02\/exemplo.jpg","datePublished":"2018-04-23T17:31:15+00:00","breadcrumb":{"@id":"https:\/\/ubanews.com\/site\/2018\/04\/23\/arma-de-fogo-e-veiculo-roubado-e-recuperado-pela-policia-militar\/#breadcrumb"},"inLanguage":"pt-BR","potentialAction":[{"@type":"ReadAction","target":["https:\/\/ubanews.com\/site\/2018\/04\/23\/arma-de-fogo-e-veiculo-roubado-e-recuperado-pela-policia-militar\/"]}]},{"@type":"ImageObject","inLanguage":"pt-BR","@id":"https:\/\/ubanews.com\/site\/2018\/04\/23\/arma-de-fogo-e-veiculo-roubado-e-recuperado-pela-policia-militar\/#primaryimage","url":"https:\/\/ubanews.com\/site\/wp-content\/uploads\/2018\/02\/exemplo.jpg","contentUrl":"https:\/\/ubanews.com\/site\/wp-content\/uploads\/2018\/02\/exemplo.jpg","width":800,"height":530},{"@type":"BreadcrumbList","@id":"https:\/\/ubanews.com\/site\/2018\/04\/23\/arma-de-fogo-e-veiculo-roubado-e-recuperado-pela-policia-militar\/#breadcrumb","itemListElement":[{"@type":"ListItem","position":1,"name":"Home","item":"https:\/\/ubanews.com\/site\/"},{"@type":"ListItem","position":2,"name":"ARMA DE FOGO E VE\u00cdCULO ROUBADO \u00c9 RECUPERADO PELA POL\u00cdCIA MILITAR"}]},{"@type":"WebSite","@id":"https:\/\/ubanews.com\/site\/#website","url":"https:\/\/ubanews.com\/site\/","name":"Ub\u00e1 News","description":"","publisher":{"@id":"https:\/\/ubanews.com\/site\/#organization"},"potentialAction":[{"@type":"SearchAction","target":{"@type":"EntryPoint","urlTemplate":"https:\/\/ubanews.com\/site\/?s={search_term_string}"},"query-input":{"@type":"PropertyValueSpecification","valueRequired":true,"valueName":"search_term_string"}}],"inLanguage":"pt-BR"},{"@type":"Organization","@id":"https:\/\/ubanews.com\/site\/#organization","name":"Ub\u00e1 News","url":"https:\/\/ubanews.com\/site\/","logo":{"@type":"ImageObject","inLanguage":"pt-BR","@id":"https:\/\/ubanews.com\/site\/#\/schema\/logo\/image\/","url":"https:\/\/ubanews.com\/site\/wp-content\/uploads\/2018\/01\/logoubanews.png","contentUrl":"https:\/\/ubanews.com\/site\/wp-content\/uploads\/2018\/01\/logoubanews.png","width":261,"height":99,"caption":"Ub\u00e1 News"},"image":{"@id":"https:\/\/ubanews.com\/site\/#\/schema\/logo\/image\/"},"sameAs":["https:\/\/www.facebook.com\/Ub\u00e1News-Carlos-Roberto-Sodr\u00e9-418778301977370"]},{"@type":"Person","@id":"https:\/\/ubanews.com\/site\/#\/schema\/person\/d90c9e47252fbb63dcc969fe4c8b9d10","name":"Sodr\u00e9","image":{"@type":"ImageObject","inLanguage":"pt-BR","@id":"https:\/\/secure.gravatar.com\/avatar\/5ba2793f0590b9dbfad3fdec4ee714485b3eef211c9b32ee53d414060454a56c?s=96&d=mm&r=g","url":"https:\/\/secure.gravatar.com\/avatar\/5ba2793f0590b9dbfad3fdec4ee714485b3eef211c9b32ee53d414060454a56c?s=96&d=mm&r=g","contentUrl":"https:\/\/secure.gravatar.com\/avatar\/5ba2793f0590b9dbfad3fdec4ee714485b3eef211c9b32ee53d414060454a56c?s=96&d=mm&r=g","caption":"Sodr\u00e9"},"sameAs":["https:\/\/www.facebook.com\/carosroberto.sodre.5\/"],"url":"https:\/\/ubanews.com\/site\/author\/felipe\/"}]}},"_links":{"self":[{"href":"https:\/\/ubanews.com\/site\/wp-json\/wp\/v2\/posts\/2532","targetHints":{"allow":["GET"]}}],"collection":[{"href":"https:\/\/ubanews.com\/site\/wp-json\/wp\/v2\/posts"}],"about":[{"href":"https:\/\/ubanews.com\/site\/wp-json\/wp\/v2\/types\/post"}],"author":[{"embeddable":true,"href":"https:\/\/ubanews.com\/site\/wp-json\/wp\/v2\/users\/2"}],"replies":[{"embeddable":true,"href":"https:\/\/ubanews.com\/site\/wp-json\/wp\/v2\/comments?post=2532"}],"version-history":[{"count":0,"href":"https:\/\/ubanews.com\/site\/wp-json\/wp\/v2\/posts\/2532\/revisions"}],"wp:featuredmedia":[{"embeddable":true,"href":"https:\/\/ubanews.com\/site\/wp-json\/wp\/v2\/media\/287"}],"wp:attachment":[{"href":"https:\/\/ubanews.com\/site\/wp-json\/wp\/v2\/media?parent=2532"}],"wp:term":[{"taxonomy":"category","embeddable":true,"href":"https:\/\/ubanews.com\/site\/wp-json\/wp\/v2\/categories?post=2532"},{"taxonomy":"post_tag","embeddable":true,"href":"https:\/\/ubanews.com\/site\/wp-json\/wp\/v2\/tags?post=2532"}],"curies":[{"name":"wp","href":"https:\/\/api.w.org\/{rel}","templated":true}]}}