{"id":24734,"date":"2026-05-01T11:41:20","date_gmt":"2026-05-01T14:41:20","guid":{"rendered":"https:\/\/ubanews.com\/site\/?p=24734"},"modified":"2026-05-01T11:42:46","modified_gmt":"2026-05-01T14:42:46","slug":"faca-isso-hoje-a-musica-de-paulo-henrique-costa","status":"publish","type":"post","link":"https:\/\/ubanews.com\/site\/2026\/05\/01\/faca-isso-hoje-a-musica-de-paulo-henrique-costa\/","title":{"rendered":"\u201cFa\u00e7a Isso Hoje\u201da m\u00fasica de Paulo Henrique Costa"},"content":{"rendered":"\n<p>\u201cFa\u00e7a Isso Hoje\u201d: a m\u00fasica de Paulo Henrique Costa, de Ub\u00e1, que ganhou o Brasil na voz de Elias Mello<\/p>\n\n\n\n<p>A cultura de Ub\u00e1 voltou ao centro das aten\u00e7\u00f5es.<br>Dessa vez, com m\u00fasica.<br>Al\u00e9m disso, com prop\u00f3sito.<\/p>\n\n\n\n<p>A can\u00e7\u00e3o <strong>\u201cFa\u00e7a Isso Hoje\u201d<\/strong>, composta por <strong>Paulo Henrique Costa<\/strong>, compositor da Cidade Carinho, ganhou voz nacional com a interpreta\u00e7\u00e3o do m\u00fasico <strong>Elias Mello<\/strong>, fen\u00f4meno nas redes sociais.<br>Atualmente, a m\u00fasica j\u00e1 circula em plataformas digitais e emociona p\u00fablicos de diferentes regi\u00f5es do pa\u00eds.<\/p>\n\n\n\n<p>Mais do que n\u00fameros, a obra carrega mensagem.<br>Mais do que alcance, entrega sentido.<\/p>\n\n\n\n<p>O registro dessa hist\u00f3ria aconteceu em entrevista conduzida pelo <strong>rep\u00f3rter Carlos Roberto Sodr\u00e9<\/strong>, com <strong>imagens de Laisa Sodr\u00e9<\/strong> e <strong>gera\u00e7\u00e3o de conte\u00fado de Pedro Henriques, da INDICCA.COM<\/strong>.<br>Durante a conversa, Paulo abriu mem\u00f3rias, relatou processos criativos e falou sobre f\u00e9, persist\u00eancia e amor ao pr\u00f3ximo.<\/p>\n\n\n\n<h2 class=\"wp-block-heading\">\u201cFa\u00e7a Isso Hoje\u201d: a m\u00fasica de Paulo Henrique Costa, de Ub\u00e1, que ganhou o Brasil na voz de Elias Mello<\/h2>\n\n\n\n<figure class=\"wp-block-image size-large\"><img decoding=\"async\" width=\"1024\" height=\"575\" data-src=\"https:\/\/ubanews.com\/site\/wp-content\/uploads\/2026\/05\/Fala-Sodre-Paulo-Costa-compositor-Ubaense-apoio-UNIFAGOC-UNIMED-Uba-1024x575.jpg\" alt=\"\" class=\"wp-image-24735 lazyload\" data-srcset=\"https:\/\/ubanews.com\/site\/wp-content\/uploads\/2026\/05\/Fala-Sodre-Paulo-Costa-compositor-Ubaense-apoio-UNIFAGOC-UNIMED-Uba-1024x575.jpg 1024w, https:\/\/ubanews.com\/site\/wp-content\/uploads\/2026\/05\/Fala-Sodre-Paulo-Costa-compositor-Ubaense-apoio-UNIFAGOC-UNIMED-Uba-300x168.jpg 300w, https:\/\/ubanews.com\/site\/wp-content\/uploads\/2026\/05\/Fala-Sodre-Paulo-Costa-compositor-Ubaense-apoio-UNIFAGOC-UNIMED-Uba-768x431.jpg 768w, https:\/\/ubanews.com\/site\/wp-content\/uploads\/2026\/05\/Fala-Sodre-Paulo-Costa-compositor-Ubaense-apoio-UNIFAGOC-UNIMED-Uba.jpg 1358w\" data-sizes=\"(max-width: 1024px) 100vw, 1024px\" src=\"data:image\/svg+xml;base64,PHN2ZyB3aWR0aD0iMSIgaGVpZ2h0PSIxIiB4bWxucz0iaHR0cDovL3d3dy53My5vcmcvMjAwMC9zdmciPjwvc3ZnPg==\" style=\"--smush-placeholder-width: 1024px; --smush-placeholder-aspect-ratio: 1024\/575;\" \/><\/figure>\n\n\n\n<figure class=\"wp-block-gallery has-nested-images columns-default is-cropped wp-block-gallery-1 is-layout-flex wp-block-gallery-is-layout-flex\">\n<figure class=\"wp-block-image size-large\"><img decoding=\"async\" width=\"1024\" height=\"576\" data-id=\"24736\" data-src=\"https:\/\/ubanews.com\/site\/wp-content\/uploads\/2026\/05\/Fala-Sodre-Paulo-Costa-compositor-Ubaense-apoio-UNIFAGOC-Santa-Izabel-Saude-1024x576.jpg\" alt=\"\" class=\"wp-image-24736 lazyload\" data-srcset=\"https:\/\/ubanews.com\/site\/wp-content\/uploads\/2026\/05\/Fala-Sodre-Paulo-Costa-compositor-Ubaense-apoio-UNIFAGOC-Santa-Izabel-Saude-1024x576.jpg 1024w, https:\/\/ubanews.com\/site\/wp-content\/uploads\/2026\/05\/Fala-Sodre-Paulo-Costa-compositor-Ubaense-apoio-UNIFAGOC-Santa-Izabel-Saude-300x169.jpg 300w, https:\/\/ubanews.com\/site\/wp-content\/uploads\/2026\/05\/Fala-Sodre-Paulo-Costa-compositor-Ubaense-apoio-UNIFAGOC-Santa-Izabel-Saude-768x432.jpg 768w, https:\/\/ubanews.com\/site\/wp-content\/uploads\/2026\/05\/Fala-Sodre-Paulo-Costa-compositor-Ubaense-apoio-UNIFAGOC-Santa-Izabel-Saude.jpg 1357w\" data-sizes=\"(max-width: 1024px) 100vw, 1024px\" src=\"data:image\/svg+xml;base64,PHN2ZyB3aWR0aD0iMSIgaGVpZ2h0PSIxIiB4bWxucz0iaHR0cDovL3d3dy53My5vcmcvMjAwMC9zdmciPjwvc3ZnPg==\" style=\"--smush-placeholder-width: 1024px; --smush-placeholder-aspect-ratio: 1024\/576;\" \/><\/figure>\n\n\n\n<figure class=\"wp-block-image size-large\"><img decoding=\"async\" width=\"1024\" height=\"574\" data-id=\"24737\" data-src=\"https:\/\/ubanews.com\/site\/wp-content\/uploads\/2026\/05\/Fala-Sodre-Paulo-Costa-compositor-Ubaense-apoio-UNIFAGOC-Auto-Escola-Uba-1024x574.jpg\" alt=\"\" class=\"wp-image-24737 lazyload\" data-srcset=\"https:\/\/ubanews.com\/site\/wp-content\/uploads\/2026\/05\/Fala-Sodre-Paulo-Costa-compositor-Ubaense-apoio-UNIFAGOC-Auto-Escola-Uba-1024x574.jpg 1024w, https:\/\/ubanews.com\/site\/wp-content\/uploads\/2026\/05\/Fala-Sodre-Paulo-Costa-compositor-Ubaense-apoio-UNIFAGOC-Auto-Escola-Uba-300x168.jpg 300w, https:\/\/ubanews.com\/site\/wp-content\/uploads\/2026\/05\/Fala-Sodre-Paulo-Costa-compositor-Ubaense-apoio-UNIFAGOC-Auto-Escola-Uba-768x430.jpg 768w, https:\/\/ubanews.com\/site\/wp-content\/uploads\/2026\/05\/Fala-Sodre-Paulo-Costa-compositor-Ubaense-apoio-UNIFAGOC-Auto-Escola-Uba.jpg 1365w\" data-sizes=\"(max-width: 1024px) 100vw, 1024px\" src=\"data:image\/svg+xml;base64,PHN2ZyB3aWR0aD0iMSIgaGVpZ2h0PSIxIiB4bWxucz0iaHR0cDovL3d3dy53My5vcmcvMjAwMC9zdmciPjwvc3ZnPg==\" style=\"--smush-placeholder-width: 1024px; --smush-placeholder-aspect-ratio: 1024\/574;\" \/><\/figure>\n\n\n\n<figure class=\"wp-block-image size-large\"><img decoding=\"async\" width=\"1024\" height=\"569\" data-id=\"24738\" data-src=\"https:\/\/ubanews.com\/site\/wp-content\/uploads\/2026\/05\/Fala-Sodre-Paulo-Costa-compositor-Ubaense-apoio-UNIFAGOC-Uba-CONECT-1024x569.jpg\" alt=\"\" class=\"wp-image-24738 lazyload\" data-srcset=\"https:\/\/ubanews.com\/site\/wp-content\/uploads\/2026\/05\/Fala-Sodre-Paulo-Costa-compositor-Ubaense-apoio-UNIFAGOC-Uba-CONECT-1024x569.jpg 1024w, https:\/\/ubanews.com\/site\/wp-content\/uploads\/2026\/05\/Fala-Sodre-Paulo-Costa-compositor-Ubaense-apoio-UNIFAGOC-Uba-CONECT-300x167.jpg 300w, https:\/\/ubanews.com\/site\/wp-content\/uploads\/2026\/05\/Fala-Sodre-Paulo-Costa-compositor-Ubaense-apoio-UNIFAGOC-Uba-CONECT-768x427.jpg 768w, https:\/\/ubanews.com\/site\/wp-content\/uploads\/2026\/05\/Fala-Sodre-Paulo-Costa-compositor-Ubaense-apoio-UNIFAGOC-Uba-CONECT-360x200.jpg 360w, https:\/\/ubanews.com\/site\/wp-content\/uploads\/2026\/05\/Fala-Sodre-Paulo-Costa-compositor-Ubaense-apoio-UNIFAGOC-Uba-CONECT.jpg 1364w\" data-sizes=\"(max-width: 1024px) 100vw, 1024px\" src=\"data:image\/svg+xml;base64,PHN2ZyB3aWR0aD0iMSIgaGVpZ2h0PSIxIiB4bWxucz0iaHR0cDovL3d3dy53My5vcmcvMjAwMC9zdmciPjwvc3ZnPg==\" style=\"--smush-placeholder-width: 1024px; --smush-placeholder-aspect-ratio: 1024\/569;\" \/><\/figure>\n\n\n\n<figure class=\"wp-block-image size-large\"><img decoding=\"async\" width=\"1024\" height=\"571\" data-id=\"24739\" data-src=\"https:\/\/ubanews.com\/site\/wp-content\/uploads\/2026\/05\/Fala-Sodre-Paulo-Costa-compositor-Ubaense-apoio-UNIFAGOC-ACIUBA-1024x571.jpg\" alt=\"\" class=\"wp-image-24739 lazyload\" data-srcset=\"https:\/\/ubanews.com\/site\/wp-content\/uploads\/2026\/05\/Fala-Sodre-Paulo-Costa-compositor-Ubaense-apoio-UNIFAGOC-ACIUBA-1024x571.jpg 1024w, https:\/\/ubanews.com\/site\/wp-content\/uploads\/2026\/05\/Fala-Sodre-Paulo-Costa-compositor-Ubaense-apoio-UNIFAGOC-ACIUBA-300x167.jpg 300w, https:\/\/ubanews.com\/site\/wp-content\/uploads\/2026\/05\/Fala-Sodre-Paulo-Costa-compositor-Ubaense-apoio-UNIFAGOC-ACIUBA-768x428.jpg 768w, https:\/\/ubanews.com\/site\/wp-content\/uploads\/2026\/05\/Fala-Sodre-Paulo-Costa-compositor-Ubaense-apoio-UNIFAGOC-ACIUBA-360x200.jpg 360w, https:\/\/ubanews.com\/site\/wp-content\/uploads\/2026\/05\/Fala-Sodre-Paulo-Costa-compositor-Ubaense-apoio-UNIFAGOC-ACIUBA.jpg 1364w\" data-sizes=\"(max-width: 1024px) 100vw, 1024px\" src=\"data:image\/svg+xml;base64,PHN2ZyB3aWR0aD0iMSIgaGVpZ2h0PSIxIiB4bWxucz0iaHR0cDovL3d3dy53My5vcmcvMjAwMC9zdmciPjwvc3ZnPg==\" style=\"--smush-placeholder-width: 1024px; --smush-placeholder-aspect-ratio: 1024\/571;\" \/><\/figure>\n\n\n\n<figure class=\"wp-block-image size-large\"><img decoding=\"async\" width=\"1024\" height=\"570\" data-id=\"24740\" data-src=\"https:\/\/ubanews.com\/site\/wp-content\/uploads\/2026\/05\/Fala-Sodre-Paulo-Costa-compositor-Ubaense-apoio-UNIFAGOC-Cruzeiro-do-Sul-Alimentos-1024x570.jpg\" alt=\"\" class=\"wp-image-24740 lazyload\" data-srcset=\"https:\/\/ubanews.com\/site\/wp-content\/uploads\/2026\/05\/Fala-Sodre-Paulo-Costa-compositor-Ubaense-apoio-UNIFAGOC-Cruzeiro-do-Sul-Alimentos-1024x570.jpg 1024w, https:\/\/ubanews.com\/site\/wp-content\/uploads\/2026\/05\/Fala-Sodre-Paulo-Costa-compositor-Ubaense-apoio-UNIFAGOC-Cruzeiro-do-Sul-Alimentos-300x167.jpg 300w, https:\/\/ubanews.com\/site\/wp-content\/uploads\/2026\/05\/Fala-Sodre-Paulo-Costa-compositor-Ubaense-apoio-UNIFAGOC-Cruzeiro-do-Sul-Alimentos-768x428.jpg 768w, https:\/\/ubanews.com\/site\/wp-content\/uploads\/2026\/05\/Fala-Sodre-Paulo-Costa-compositor-Ubaense-apoio-UNIFAGOC-Cruzeiro-do-Sul-Alimentos-360x200.jpg 360w, https:\/\/ubanews.com\/site\/wp-content\/uploads\/2026\/05\/Fala-Sodre-Paulo-Costa-compositor-Ubaense-apoio-UNIFAGOC-Cruzeiro-do-Sul-Alimentos.jpg 1365w\" data-sizes=\"(max-width: 1024px) 100vw, 1024px\" src=\"data:image\/svg+xml;base64,PHN2ZyB3aWR0aD0iMSIgaGVpZ2h0PSIxIiB4bWxucz0iaHR0cDovL3d3dy53My5vcmcvMjAwMC9zdmciPjwvc3ZnPg==\" style=\"--smush-placeholder-width: 1024px; --smush-placeholder-aspect-ratio: 1024\/570;\" \/><\/figure>\n\n\n\n<figure class=\"wp-block-image size-large\"><img decoding=\"async\" width=\"1024\" height=\"572\" data-id=\"24741\" data-src=\"https:\/\/ubanews.com\/site\/wp-content\/uploads\/2026\/05\/Fala-Sodre-Paulo-Costa-compositor-Ubaense-apoio-UNIFAGOC-Hospital-Sao-Januario-1024x572.jpg\" alt=\"\" class=\"wp-image-24741 lazyload\" data-srcset=\"https:\/\/ubanews.com\/site\/wp-content\/uploads\/2026\/05\/Fala-Sodre-Paulo-Costa-compositor-Ubaense-apoio-UNIFAGOC-Hospital-Sao-Januario-1024x572.jpg 1024w, https:\/\/ubanews.com\/site\/wp-content\/uploads\/2026\/05\/Fala-Sodre-Paulo-Costa-compositor-Ubaense-apoio-UNIFAGOC-Hospital-Sao-Januario-300x168.jpg 300w, https:\/\/ubanews.com\/site\/wp-content\/uploads\/2026\/05\/Fala-Sodre-Paulo-Costa-compositor-Ubaense-apoio-UNIFAGOC-Hospital-Sao-Januario-768x429.jpg 768w, https:\/\/ubanews.com\/site\/wp-content\/uploads\/2026\/05\/Fala-Sodre-Paulo-Costa-compositor-Ubaense-apoio-UNIFAGOC-Hospital-Sao-Januario-360x200.jpg 360w, https:\/\/ubanews.com\/site\/wp-content\/uploads\/2026\/05\/Fala-Sodre-Paulo-Costa-compositor-Ubaense-apoio-UNIFAGOC-Hospital-Sao-Januario.jpg 1360w\" data-sizes=\"(max-width: 1024px) 100vw, 1024px\" src=\"data:image\/svg+xml;base64,PHN2ZyB3aWR0aD0iMSIgaGVpZ2h0PSIxIiB4bWxucz0iaHR0cDovL3d3dy53My5vcmcvMjAwMC9zdmciPjwvc3ZnPg==\" style=\"--smush-placeholder-width: 1024px; --smush-placeholder-aspect-ratio: 1024\/572;\" \/><\/figure>\n\n\n\n<figure class=\"wp-block-image size-large\"><img decoding=\"async\" width=\"1024\" height=\"574\" data-id=\"24743\" data-src=\"https:\/\/ubanews.com\/site\/wp-content\/uploads\/2026\/05\/Fala-Sodre-Paulo-Costa-compositor-Ubaense-apoio-UNIFAGOC-Luciano-Motos-1024x574.jpg\" alt=\"\" class=\"wp-image-24743 lazyload\" data-srcset=\"https:\/\/ubanews.com\/site\/wp-content\/uploads\/2026\/05\/Fala-Sodre-Paulo-Costa-compositor-Ubaense-apoio-UNIFAGOC-Luciano-Motos-1024x574.jpg 1024w, https:\/\/ubanews.com\/site\/wp-content\/uploads\/2026\/05\/Fala-Sodre-Paulo-Costa-compositor-Ubaense-apoio-UNIFAGOC-Luciano-Motos-300x168.jpg 300w, https:\/\/ubanews.com\/site\/wp-content\/uploads\/2026\/05\/Fala-Sodre-Paulo-Costa-compositor-Ubaense-apoio-UNIFAGOC-Luciano-Motos-768x430.jpg 768w, https:\/\/ubanews.com\/site\/wp-content\/uploads\/2026\/05\/Fala-Sodre-Paulo-Costa-compositor-Ubaense-apoio-UNIFAGOC-Luciano-Motos.jpg 1363w\" data-sizes=\"(max-width: 1024px) 100vw, 1024px\" src=\"data:image\/svg+xml;base64,PHN2ZyB3aWR0aD0iMSIgaGVpZ2h0PSIxIiB4bWxucz0iaHR0cDovL3d3dy53My5vcmcvMjAwMC9zdmciPjwvc3ZnPg==\" style=\"--smush-placeholder-width: 1024px; --smush-placeholder-aspect-ratio: 1024\/574;\" \/><\/figure>\n\n\n\n<figure class=\"wp-block-image size-large\"><img decoding=\"async\" width=\"1024\" height=\"575\" data-id=\"24742\" data-src=\"https:\/\/ubanews.com\/site\/wp-content\/uploads\/2026\/05\/Fala-Sodre-Paulo-Costa-compositor-Ubaense-apoio-UNIFAGOC-Tempero-do-Anjo-1024x575.jpg\" alt=\"\" class=\"wp-image-24742 lazyload\" data-srcset=\"https:\/\/ubanews.com\/site\/wp-content\/uploads\/2026\/05\/Fala-Sodre-Paulo-Costa-compositor-Ubaense-apoio-UNIFAGOC-Tempero-do-Anjo-1024x575.jpg 1024w, https:\/\/ubanews.com\/site\/wp-content\/uploads\/2026\/05\/Fala-Sodre-Paulo-Costa-compositor-Ubaense-apoio-UNIFAGOC-Tempero-do-Anjo-300x168.jpg 300w, https:\/\/ubanews.com\/site\/wp-content\/uploads\/2026\/05\/Fala-Sodre-Paulo-Costa-compositor-Ubaense-apoio-UNIFAGOC-Tempero-do-Anjo-768x431.jpg 768w, https:\/\/ubanews.com\/site\/wp-content\/uploads\/2026\/05\/Fala-Sodre-Paulo-Costa-compositor-Ubaense-apoio-UNIFAGOC-Tempero-do-Anjo.jpg 1363w\" data-sizes=\"(max-width: 1024px) 100vw, 1024px\" src=\"data:image\/svg+xml;base64,PHN2ZyB3aWR0aD0iMSIgaGVpZ2h0PSIxIiB4bWxucz0iaHR0cDovL3d3dy53My5vcmcvMjAwMC9zdmciPjwvc3ZnPg==\" style=\"--smush-placeholder-width: 1024px; --smush-placeholder-aspect-ratio: 1024\/575;\" \/><\/figure>\n<\/figure>\n\n\n\n<figure class=\"wp-block-image size-large\"><img decoding=\"async\" width=\"1024\" height=\"575\" data-src=\"https:\/\/ubanews.com\/site\/wp-content\/uploads\/2026\/05\/Fala-Sodre-Paulo-Costa-compositor-Ubaense-apoio-UNIFAGOC-INDICCA-ponto-COM-INDICCA-Tecnologia-1024x575.jpg\" alt=\"\" class=\"wp-image-24744 lazyload\" data-srcset=\"https:\/\/ubanews.com\/site\/wp-content\/uploads\/2026\/05\/Fala-Sodre-Paulo-Costa-compositor-Ubaense-apoio-UNIFAGOC-INDICCA-ponto-COM-INDICCA-Tecnologia-1024x575.jpg 1024w, https:\/\/ubanews.com\/site\/wp-content\/uploads\/2026\/05\/Fala-Sodre-Paulo-Costa-compositor-Ubaense-apoio-UNIFAGOC-INDICCA-ponto-COM-INDICCA-Tecnologia-300x169.jpg 300w, https:\/\/ubanews.com\/site\/wp-content\/uploads\/2026\/05\/Fala-Sodre-Paulo-Costa-compositor-Ubaense-apoio-UNIFAGOC-INDICCA-ponto-COM-INDICCA-Tecnologia-768x431.jpg 768w, https:\/\/ubanews.com\/site\/wp-content\/uploads\/2026\/05\/Fala-Sodre-Paulo-Costa-compositor-Ubaense-apoio-UNIFAGOC-INDICCA-ponto-COM-INDICCA-Tecnologia.jpg 1360w\" data-sizes=\"(max-width: 1024px) 100vw, 1024px\" src=\"data:image\/svg+xml;base64,PHN2ZyB3aWR0aD0iMSIgaGVpZ2h0PSIxIiB4bWxucz0iaHR0cDovL3d3dy53My5vcmcvMjAwMC9zdmciPjwvc3ZnPg==\" style=\"--smush-placeholder-width: 1024px; --smush-placeholder-aspect-ratio: 1024\/575;\" \/><\/figure>\n\n\n\n<h3 class=\"wp-block-heading\">Uma can\u00e7\u00e3o simples, direta e profundamente humana<\/h3>\n\n\n\n<p>Primeiramente, a for\u00e7a de \u201cFa\u00e7a Isso Hoje\u201d est\u00e1 na simplicidade.<br>A letra conversa com o cotidiano.<br>O arranjo respeita a mensagem.<br>A interpreta\u00e7\u00e3o amplia o alcance.<\/p>\n\n\n\n<p>Segundo o compositor, a m\u00fasica nasceu sem estrat\u00e9gia comercial.<br>Ela surgiu como reflex\u00e3o pessoal.<\/p>\n\n\n\n<blockquote class=\"wp-block-quote is-layout-flow wp-block-quote-is-layout-flow\">\n<p>\u201cHoje eu n\u00e3o acho que essa m\u00fasica \u00e9 minha. Hoje ela \u00e9 nossa. Ela pertence a quem escuta\u201d, afirmou Paulo Henrique Costa durante a entrevista.<\/p>\n<\/blockquote>\n\n\n\n<p>Nesse sentido, a can\u00e7\u00e3o convida o ouvinte \u00e0 a\u00e7\u00e3o imediata.<br>Ela fala sobre dizer \u201ceu te amo\u201d.<br>Incentiva o cuidado com quem est\u00e1 perto.<br>Ela provoca reconcilia\u00e7\u00e3o.<\/p>\n\n\n\n<h3 class=\"wp-block-heading\">A voz de Elias Mello e o alcance nacional da obra<\/h3>\n\n\n\n<p>Posteriormente, a trajet\u00f3ria da m\u00fasica ganhou um novo cap\u00edtulo.<br>O cantor <strong>Elias Mello<\/strong>, com centenas de milhares de seguidores, gravou \u201cFa\u00e7a Isso Hoje\u201d e publicou a interpreta\u00e7\u00e3o em seu canal no YouTube.<\/p>\n\n\n\n<p>O v\u00eddeo pode ser assistido neste link oficial:<br>&#x1f449; https:\/\/youtu.be\/3kBYicxckgQ<\/p>\n\n\n\n<figure class=\"wp-block-embed is-type-video is-provider-youtube wp-block-embed-youtube wp-embed-aspect-16-9 wp-has-aspect-ratio\"><div class=\"wp-block-embed__wrapper\">\n<iframe title=\"FA\u00c7A ISSO HOJE \u2013 Elias Mello | Pagode Gospel 2026 | M\u00fasica Gospel Sobre Amar o Pr\u00f3ximo\" width=\"840\" height=\"473\" data-src=\"https:\/\/www.youtube.com\/embed\/3kBYicxckgQ?feature=oembed\" frameborder=\"0\" allow=\"accelerometer; autoplay; clipboard-write; encrypted-media; gyroscope; picture-in-picture; web-share\" referrerpolicy=\"strict-origin-when-cross-origin\" allowfullscreen src=\"data:image\/svg+xml;base64,PHN2ZyB3aWR0aD0iMSIgaGVpZ2h0PSIxIiB4bWxucz0iaHR0cDovL3d3dy53My5vcmcvMjAwMC9zdmciPjwvc3ZnPg==\" class=\"lazyload\" data-load-mode=\"1\"><\/iframe>\n<\/div><\/figure>\n\n\n\n<p>A grava\u00e7\u00e3o transformou o alcance da obra.<br>Ela saiu do regional.<br>Ent\u00e3o agora ela entrou no circuito nacional.<br>Ela chegou a novos p\u00fablicos.<\/p>\n\n\n\n<p>Sobre esse momento, Paulo relembra a ansiedade do processo:<\/p>\n\n\n\n<blockquote class=\"wp-block-quote is-layout-flow wp-block-quote-is-layout-flow\">\n<p>\u201cForam meses de conversa. Eu acreditava que aquela letra era diferente. Ela tinha algo profundo. Quando veio o \u2018sim\u2019, foi um dos maiores momentos da minha vida.\u201d<\/p>\n<\/blockquote>\n\n\n\n<h3 class=\"wp-block-heading\">Da poesia escolar ao reconhecimento nacional<\/h3>\n\n\n\n<p>Antes de tudo, Paulo Henrique Costa escreve desde a inf\u00e2ncia.<br>A escrita sempre esteve presente.<br>A poesia apareceu cedo.<\/p>\n\n\n\n<p>Durante a entrevista, ele lembrou de um epis\u00f3dio marcante:<\/p>\n\n\n\n<blockquote class=\"wp-block-quote is-layout-flow wp-block-quote-is-layout-flow\">\n<p>\u201cEu tinha dez anos quando escrevi uma poesia na escola. Fiquei em segundo lugar. Aquilo me marcou demais. Foi ali que entendi que escrever era uma paix\u00e3o.\u201d<\/p>\n<\/blockquote>\n\n\n\n<p>A partir da\u00ed, a letra virou ref\u00fagio.<br>A m\u00fasica virou canal.<br>A f\u00e9 virou dire\u00e7\u00e3o.<\/p>\n\n\n\n<p>Atualmente, muitas de suas composi\u00e7\u00f5es surgem de experi\u00eancias espirituais e reflex\u00f5es pessoais.<\/p>\n\n\n\n<blockquote class=\"wp-block-quote is-layout-flow wp-block-quote-is-layout-flow\">\n<p>\u201cN\u00e3o \u00e9 sentar e falar \u2018vou fazer uma m\u00fasica agora\u2019. Muitas ideias v\u00eam quando eu acordo. Eu canto mentalmente. Depois, a letra se constr\u00f3i.\u201d<\/p>\n<\/blockquote>\n\n\n\n<h3 class=\"wp-block-heading\">M\u00fasica que atravessa estilos e rompe r\u00f3tulos<\/h3>\n\n\n\n<p>Outro ponto relevante da entrevista foi a versatilidade da composi\u00e7\u00e3o.<br>Segundo Paulo, uma letra forte se adapta a diferentes estilos.<\/p>\n\n\n\n<p>Pagode.<br>Sertanejo.<br>Gospel.<br>Popular brasileiro.<\/p>\n\n\n\n<blockquote class=\"wp-block-quote is-layout-flow wp-block-quote-is-layout-flow\">\n<p>\u201cA letra boa hoje voc\u00ea coloca em qualquer estilo. O sentimento continua verdadeiro\u201d, explicou.<\/p>\n<\/blockquote>\n\n\n\n<p>Esse fator contribuiu diretamente para a conex\u00e3o com Elias Mello, cuja identidade musical dialoga com espiritualidade e proximidade com o p\u00fablico.<\/p>\n\n\n\n<h3 class=\"wp-block-heading\">A f\u00e9 como eixo criativo e mensagem transformadora<\/h3>\n\n\n\n<p>Certamente, a f\u00e9 ocupa um lugar central na produ\u00e7\u00e3o de Paulo Henrique Costa.<br>Entretanto, ela n\u00e3o aparece de forma impositiva.<br>Ela surge como acolhimento.<\/p>\n\n\n\n<p>Durante a conversa, Paulo destacou um epis\u00f3dio que marcou sua vida:<\/p>\n\n\n\n<blockquote class=\"wp-block-quote is-layout-flow wp-block-quote-is-layout-flow\">\n<p>\u201cAnos atr\u00e1s, uma pessoa me disse que um dia Deus usaria minhas letras para transformar vidas. Eu guardo isso comigo at\u00e9 hoje.\u201d<\/p>\n<\/blockquote>\n\n\n\n<p>Atualmente, ele mant\u00e9m um canal no YouTube.<br>Ali, publica conte\u00fados curtos.<br>Ali, recebe mensagens diariamente.<\/p>\n\n\n\n<p>Segundo ele, os coment\u00e1rios confirmam o prop\u00f3sito:<\/p>\n\n\n\n<blockquote class=\"wp-block-quote is-layout-flow wp-block-quote-is-layout-flow\">\n<p>\u201cAs pessoas escrevem agradecendo. Dizem que a letra tocou de um jeito diferente. Isso n\u00e3o tem pre\u00e7o.\u201d<\/p>\n<\/blockquote>\n\n\n\n<h3 class=\"wp-block-heading\">A m\u00fasica dentro de casa e na rela\u00e7\u00e3o com os filhos<\/h3>\n\n\n\n<p>Al\u00e9m do aspecto p\u00fablico, \u201cFa\u00e7a Isso Hoje\u201d tem impacto \u00edntimo.<br>Ela transformou h\u00e1bitos familiares.<\/p>\n\n\n\n<p>Paulo compartilhou um relato emocionante:<\/p>\n\n\n\n<blockquote class=\"wp-block-quote is-layout-flow wp-block-quote-is-layout-flow\">\n<p>\u201cDepois que essa m\u00fasica surgiu, virou rotina dizer \u2018eu te amo\u2019 todos os dias para meus filhos. Isso ficou marcado.\u201d<\/p>\n<\/blockquote>\n\n\n\n<p>Esse detalhe refor\u00e7a a principal mensagem da can\u00e7\u00e3o.<br>O amor n\u00e3o pode esperar.<br>O cuidado n\u00e3o pode adiar.<br>O afeto precisa de atitude.<\/p>\n\n\n\n<h3 class=\"wp-block-heading\">Reconhecimento, responsabilidade e novos sonhos<\/h3>\n\n\n\n<p>Com a m\u00fasica em circula\u00e7\u00e3o nacional, a percep\u00e7\u00e3o de responsabilidade aumentou.<br>Segundo Paulo, crescer exige consci\u00eancia.<\/p>\n\n\n\n<blockquote class=\"wp-block-quote is-layout-flow wp-block-quote-is-layout-flow\">\n<p>\u201cSe voc\u00ea subiu um degrau, n\u00e3o pode descer mais. Tem que continuar.\u201d<\/p>\n<\/blockquote>\n\n\n\n<p>Mesmo assim, ele mant\u00e9m os p\u00e9s no ch\u00e3o.<br>Ele divide o tempo entre fam\u00edlia, trabalho e composi\u00e7\u00e3o.<br>Ele n\u00e3o abandona a ess\u00eancia.<\/p>\n\n\n\n<p>Atualmente, seu maior desejo envolve continuidade cultural:<\/p>\n\n\n\n<blockquote class=\"wp-block-quote is-layout-flow wp-block-quote-is-layout-flow\">\n<p>\u201cEu estou aqui para representar a nossa cidade. Se vier apoio, muita coisa boa ainda pode nascer.\u201d<\/p>\n<\/blockquote>\n\n\n\n<h3 class=\"wp-block-heading\">Cultura local, jornalismo e registro hist\u00f3rico<\/h3>\n\n\n\n<p>Por fim, o papel do jornalismo se mostra essencial.<br>Desta foram a entrevista conduzida por <strong>Carlos Roberto Sodr\u00e9<\/strong> n\u00e3o apenas informou.<br>Ent\u00e3o ela registrou mem\u00f3ria.<\/p>\n\n\n\n<p>Desta forma as <strong>imagens de Laisa Sodr\u00e9<\/strong> trouxeram sensibilidade visual.<br>Neste sentido a <strong>gera\u00e7\u00e3o de conte\u00fado de Pedro Henriques, da INDICCA.COM<\/strong>. Ou seja organizou narrativa, contexto e alcance digital.<\/p>\n\n\n\n<p>Por consequ\u00eancia juntos, esses elementos transformaram uma entrevista em documento cultural.<\/p>\n\n\n\n<h3 class=\"wp-block-heading\">\u201cFa\u00e7a Isso Hoje\u201d como mensagem atemporal<\/h3>\n\n\n\n<p>Em s\u00edntese, \u201cFa\u00e7a Isso Hoje\u201d n\u00e3o \u00e9 apenas uma m\u00fasica.<br>Ela \u00e9 um convite di\u00e1rio.<br>Um lembrete simples.<br>Assim um chamado humano.<\/p>\n\n\n\n<p>O compositor \u00e9 de Ub\u00e1.<br>A voz ecoa no Brasil.<br>A mensagem pertence a todos.<\/p>\n\n\n\n<p>Como disse o pr\u00f3prio Paulo Henrique Costa:<\/p>\n\n\n\n<blockquote class=\"wp-block-quote is-layout-flow wp-block-quote-is-layout-flow\">\n<p>\u201cHoje essa m\u00fasica n\u00e3o \u00e9 mais minha. Ela \u00e9 de quem ouve.\u201d<\/p>\n<\/blockquote>\n\n\n\n<figure class=\"wp-block-embed is-type-video is-provider-youtube wp-block-embed-youtube wp-embed-aspect-16-9 wp-has-aspect-ratio\"><div class=\"wp-block-embed__wrapper\">\n<iframe title=\"Fala Sodr\u00e9: vamos entrevistar hoje o compositor de \u201cFa\u00e7a Isso Hoje\u201d Paulo Costa - 30\/04\/2026\" width=\"840\" height=\"473\" data-src=\"https:\/\/www.youtube.com\/embed\/9zazx8-_ayE?feature=oembed\" frameborder=\"0\" allow=\"accelerometer; autoplay; clipboard-write; encrypted-media; gyroscope; picture-in-picture; web-share\" referrerpolicy=\"strict-origin-when-cross-origin\" allowfullscreen src=\"data:image\/svg+xml;base64,PHN2ZyB3aWR0aD0iMSIgaGVpZ2h0PSIxIiB4bWxucz0iaHR0cDovL3d3dy53My5vcmcvMjAwMC9zdmciPjwvc3ZnPg==\" class=\"lazyload\" data-load-mode=\"1\"><\/iframe>\n<\/div><\/figure>\n\n\n\n<p>&#x1f4da; <strong>Cobertura:<\/strong> Carlos Roberto Sodr\u00e9 <a href=\"https:\/\/wa.me\/553298481334\">WhatsApp<\/a><\/p>\n\n\n\n<p>&#x1f4f8; <strong>Imagens:<\/strong> Laisa Sodr\u00e9 \/ Felipe Oliveira<\/p>\n\n\n\n<p>&#x1f4dd; <strong>Conte\u00fado: <\/strong><a href=\"https:\/\/www.linkedin.com\/in\/pedrohgf\/\">Pedro Henriques<\/a> \u2013 <a href=\"https:\/\/indicca.com.br\/blog\/\">INDICCA.COM<\/a>&nbsp; <a href=\"https:\/\/wa.me\/5532988020057\">WhatsApp<\/a><\/p>\n\n\n\n<p>&#x1f393; <strong>Evento:<\/strong> \u201cFa\u00e7a Isso Hoje\u201d: a m\u00fasica de Paulo Henrique Costa, de Ub\u00e1, que ganhou o Brasil na voz de Elias Mello.<\/p>\n\n\n\n<h3 class=\"wp-block-heading\">Hashtags<\/h3>\n\n\n\n<p>#PauloHenriqueCosta<br>#Fa\u00e7aIssoHoje<br>#EliasMello<br>#M\u00fasicaBrasileira<br>#CulturaDeUb\u00e1<br>#CidadeCarinho<br>#CompositorMineiro<br>#PagodeGospel<br>#AmarONextimo<br>#CulturaLocal<br>#JornalismoCultural<br>#Ub\u00e1MG<br>#INDICCA<br>#Sodr\u00e9<br>#M\u00fasicaComProp\u00f3sito<br>#F\u00e9ECultura<\/p>\n","protected":false},"excerpt":{"rendered":"<p>A m\u00fasica \u201cFa\u00e7a Isso Hoje\u201d, composta por Paulo Henrique Costa, de Ub\u00e1, ganhou proje\u00e7\u00e3o nacional na voz de Elias Mello. Em entrevista ao rep\u00f3rter Carlos Roberto Sodr\u00e9, o compositor fala sobre f\u00e9, processo criativo e a for\u00e7a da simplicidade. A can\u00e7\u00e3o transmite uma mensagem direta sobre amor ao pr\u00f3ximo, a\u00e7\u00e3o imediata e valoriza\u00e7\u00e3o das rela\u00e7\u00f5es humanas.<\/p>\n","protected":false},"author":4,"featured_media":24735,"comment_status":"open","ping_status":"open","sticky":false,"template":"","format":"standard","meta":{"footnotes":""},"categories":[45,1,3],"tags":[829,392,827,824,669,825,822,717,394,731,823,830,828,826,67,436],"class_list":["post-24734","post","type-post","status-publish","format-standard","has-post-thumbnail","hentry","category-destaque-principal","category-sem-categoria","category-slide","tag-amaronextimo","tag-cidadecarinho","tag-compositormineiro","tag-culturadeuba","tag-culturalocal","tag-eliasmello","tag-facaissohoje","tag-feecultura","tag-indicca","tag-jornalismocultural","tag-musicabrasileira","tag-musicacomproposito","tag-pagodegospel","tag-paulohenriquecosta","tag-sodre","tag-ubamg-2"],"yoast_head":"<!-- This site is optimized with the Yoast SEO plugin v27.2 - https:\/\/yoast.com\/product\/yoast-seo-wordpress\/ -->\n<title>\u201cFa\u00e7a Isso Hoje\u201da m\u00fasica de Paulo Henrique Costa - Ub\u00e1 News<\/title>\n<meta name=\"description\" content=\"\u201cFa\u00e7a Isso Hoje\u201d: a m\u00fasica de Paulo Henrique Costa, de Ub\u00e1, que ganhou o Brasil na voz de Elias Mello. Uma inspira\u00e7\u00e3o cultural!\" \/>\n<meta name=\"robots\" content=\"index, follow, max-snippet:-1, max-image-preview:large, max-video-preview:-1\" \/>\n<link rel=\"canonical\" href=\"https:\/\/ubanews.com\/site\/2026\/05\/01\/faca-isso-hoje-a-musica-de-paulo-henrique-costa\/\" \/>\n<meta property=\"og:locale\" content=\"pt_BR\" \/>\n<meta property=\"og:type\" content=\"article\" \/>\n<meta property=\"og:title\" content=\"\u201cFa\u00e7a Isso Hoje\u201da m\u00fasica de Paulo Henrique Costa - Ub\u00e1 News\" \/>\n<meta property=\"og:description\" content=\"\u201cFa\u00e7a Isso Hoje\u201d: a m\u00fasica de Paulo Henrique Costa, de Ub\u00e1, que ganhou o Brasil na voz de Elias Mello. Uma inspira\u00e7\u00e3o cultural!\" \/>\n<meta property=\"og:url\" content=\"https:\/\/ubanews.com\/site\/2026\/05\/01\/faca-isso-hoje-a-musica-de-paulo-henrique-costa\/\" \/>\n<meta property=\"og:site_name\" content=\"Ub\u00e1 News\" \/>\n<meta property=\"article:publisher\" content=\"https:\/\/www.facebook.com\/Ub%c3%a1News-Carlos-Roberto-Sodr%c3%a9-418778301977370\" \/>\n<meta property=\"article:published_time\" content=\"2026-05-01T14:41:20+00:00\" \/>\n<meta property=\"article:modified_time\" content=\"2026-05-01T14:42:46+00:00\" \/>\n<meta property=\"og:image\" content=\"https:\/\/ubanews.com\/site\/wp-content\/uploads\/2026\/05\/Fala-Sodre-Paulo-Costa-compositor-Ubaense-apoio-UNIFAGOC-UNIMED-Uba.jpg\" \/>\n\t<meta property=\"og:image:width\" content=\"1358\" \/>\n\t<meta property=\"og:image:height\" content=\"762\" \/>\n\t<meta property=\"og:image:type\" content=\"image\/jpeg\" \/>\n<meta name=\"author\" content=\"Carlos Roberto Sodr\u00e9\" \/>\n<meta name=\"twitter:card\" content=\"summary_large_image\" \/>\n<meta name=\"twitter:label1\" content=\"Escrito por\" \/>\n\t<meta name=\"twitter:data1\" content=\"Carlos Roberto Sodr\u00e9\" \/>\n\t<meta name=\"twitter:label2\" content=\"Est. tempo de leitura\" \/>\n\t<meta name=\"twitter:data2\" content=\"7 minutos\" \/>\n<script type=\"application\/ld+json\" class=\"yoast-schema-graph\">{\"@context\":\"https:\/\/schema.org\",\"@graph\":[{\"@type\":\"Article\",\"@id\":\"https:\/\/ubanews.com\/site\/2026\/05\/01\/faca-isso-hoje-a-musica-de-paulo-henrique-costa\/#article\",\"isPartOf\":{\"@id\":\"https:\/\/ubanews.com\/site\/2026\/05\/01\/faca-isso-hoje-a-musica-de-paulo-henrique-costa\/\"},\"author\":{\"name\":\"Carlos Roberto Sodr\u00e9\",\"@id\":\"https:\/\/ubanews.com\/site\/#\/schema\/person\/9d8da9ec3c8d00640ab6e8c81e103310\"},\"headline\":\"\u201cFa\u00e7a Isso Hoje\u201da m\u00fasica de Paulo Henrique Costa\",\"datePublished\":\"2026-05-01T14:41:20+00:00\",\"dateModified\":\"2026-05-01T14:42:46+00:00\",\"mainEntityOfPage\":{\"@id\":\"https:\/\/ubanews.com\/site\/2026\/05\/01\/faca-isso-hoje-a-musica-de-paulo-henrique-costa\/\"},\"wordCount\":1154,\"commentCount\":0,\"publisher\":{\"@id\":\"https:\/\/ubanews.com\/site\/#organization\"},\"image\":{\"@id\":\"https:\/\/ubanews.com\/site\/2026\/05\/01\/faca-isso-hoje-a-musica-de-paulo-henrique-costa\/#primaryimage\"},\"thumbnailUrl\":\"https:\/\/ubanews.com\/site\/wp-content\/uploads\/2026\/05\/Fala-Sodre-Paulo-Costa-compositor-Ubaense-apoio-UNIFAGOC-UNIMED-Uba.jpg\",\"keywords\":[\"AmarONextimo\",\"CidadeCarinho\",\"CompositorMineiro\",\"CulturaDeUb\u00e1\",\"CulturaLocal\",\"EliasMello\",\"Fa\u00e7aIssoHoje\",\"F\u00e9ECultura\",\"Indicca\",\"JornalismoCultural\",\"M\u00fasicaBrasileira\",\"M\u00fasicaComProp\u00f3sito\",\"PagodeGospel\",\"PauloHenriqueCosta\",\"Sodr\u00e9\",\"Ub\u00e1MG\"],\"articleSection\":[\"DESTAQUE PRINCIPAL\",\"Geral\",\"Slide\"],\"inLanguage\":\"pt-BR\",\"potentialAction\":[{\"@type\":\"CommentAction\",\"name\":\"Comment\",\"target\":[\"https:\/\/ubanews.com\/site\/2026\/05\/01\/faca-isso-hoje-a-musica-de-paulo-henrique-costa\/#respond\"]}]},{\"@type\":\"WebPage\",\"@id\":\"https:\/\/ubanews.com\/site\/2026\/05\/01\/faca-isso-hoje-a-musica-de-paulo-henrique-costa\/\",\"url\":\"https:\/\/ubanews.com\/site\/2026\/05\/01\/faca-isso-hoje-a-musica-de-paulo-henrique-costa\/\",\"name\":\"\u201cFa\u00e7a Isso Hoje\u201da m\u00fasica de Paulo Henrique Costa - Ub\u00e1 News\",\"isPartOf\":{\"@id\":\"https:\/\/ubanews.com\/site\/#website\"},\"primaryImageOfPage\":{\"@id\":\"https:\/\/ubanews.com\/site\/2026\/05\/01\/faca-isso-hoje-a-musica-de-paulo-henrique-costa\/#primaryimage\"},\"image\":{\"@id\":\"https:\/\/ubanews.com\/site\/2026\/05\/01\/faca-isso-hoje-a-musica-de-paulo-henrique-costa\/#primaryimage\"},\"thumbnailUrl\":\"https:\/\/ubanews.com\/site\/wp-content\/uploads\/2026\/05\/Fala-Sodre-Paulo-Costa-compositor-Ubaense-apoio-UNIFAGOC-UNIMED-Uba.jpg\",\"datePublished\":\"2026-05-01T14:41:20+00:00\",\"dateModified\":\"2026-05-01T14:42:46+00:00\",\"description\":\"\u201cFa\u00e7a Isso Hoje\u201d: a m\u00fasica de Paulo Henrique Costa, de Ub\u00e1, que ganhou o Brasil na voz de Elias Mello. Uma inspira\u00e7\u00e3o cultural!\",\"breadcrumb\":{\"@id\":\"https:\/\/ubanews.com\/site\/2026\/05\/01\/faca-isso-hoje-a-musica-de-paulo-henrique-costa\/#breadcrumb\"},\"inLanguage\":\"pt-BR\",\"potentialAction\":[{\"@type\":\"ReadAction\",\"target\":[\"https:\/\/ubanews.com\/site\/2026\/05\/01\/faca-isso-hoje-a-musica-de-paulo-henrique-costa\/\"]}]},{\"@type\":\"ImageObject\",\"inLanguage\":\"pt-BR\",\"@id\":\"https:\/\/ubanews.com\/site\/2026\/05\/01\/faca-isso-hoje-a-musica-de-paulo-henrique-costa\/#primaryimage\",\"url\":\"https:\/\/ubanews.com\/site\/wp-content\/uploads\/2026\/05\/Fala-Sodre-Paulo-Costa-compositor-Ubaense-apoio-UNIFAGOC-UNIMED-Uba.jpg\",\"contentUrl\":\"https:\/\/ubanews.com\/site\/wp-content\/uploads\/2026\/05\/Fala-Sodre-Paulo-Costa-compositor-Ubaense-apoio-UNIFAGOC-UNIMED-Uba.jpg\",\"width\":1358,\"height\":762},{\"@type\":\"BreadcrumbList\",\"@id\":\"https:\/\/ubanews.com\/site\/2026\/05\/01\/faca-isso-hoje-a-musica-de-paulo-henrique-costa\/#breadcrumb\",\"itemListElement\":[{\"@type\":\"ListItem\",\"position\":1,\"name\":\"Home\",\"item\":\"https:\/\/ubanews.com\/site\/\"},{\"@type\":\"ListItem\",\"position\":2,\"name\":\"\u201cFa\u00e7a Isso Hoje\u201da m\u00fasica de Paulo Henrique Costa\"}]},{\"@type\":\"WebSite\",\"@id\":\"https:\/\/ubanews.com\/site\/#website\",\"url\":\"https:\/\/ubanews.com\/site\/\",\"name\":\"Ub\u00e1 News\",\"description\":\"\",\"publisher\":{\"@id\":\"https:\/\/ubanews.com\/site\/#organization\"},\"potentialAction\":[{\"@type\":\"SearchAction\",\"target\":{\"@type\":\"EntryPoint\",\"urlTemplate\":\"https:\/\/ubanews.com\/site\/?s={search_term_string}\"},\"query-input\":{\"@type\":\"PropertyValueSpecification\",\"valueRequired\":true,\"valueName\":\"search_term_string\"}}],\"inLanguage\":\"pt-BR\"},{\"@type\":\"Organization\",\"@id\":\"https:\/\/ubanews.com\/site\/#organization\",\"name\":\"Ub\u00e1 News\",\"url\":\"https:\/\/ubanews.com\/site\/\",\"logo\":{\"@type\":\"ImageObject\",\"inLanguage\":\"pt-BR\",\"@id\":\"https:\/\/ubanews.com\/site\/#\/schema\/logo\/image\/\",\"url\":\"https:\/\/ubanews.com\/site\/wp-content\/uploads\/2018\/01\/logoubanews.png\",\"contentUrl\":\"https:\/\/ubanews.com\/site\/wp-content\/uploads\/2018\/01\/logoubanews.png\",\"width\":261,\"height\":99,\"caption\":\"Ub\u00e1 News\"},\"image\":{\"@id\":\"https:\/\/ubanews.com\/site\/#\/schema\/logo\/image\/\"},\"sameAs\":[\"https:\/\/www.facebook.com\/Ub\u00e1News-Carlos-Roberto-Sodr\u00e9-418778301977370\"]},{\"@type\":\"Person\",\"@id\":\"https:\/\/ubanews.com\/site\/#\/schema\/person\/9d8da9ec3c8d00640ab6e8c81e103310\",\"name\":\"Carlos Roberto Sodr\u00e9\",\"image\":{\"@type\":\"ImageObject\",\"inLanguage\":\"pt-BR\",\"@id\":\"https:\/\/secure.gravatar.com\/avatar\/aab322e8555b56c468614fafdab8a8f924e394cdc6cfd8232f77e9e4d123a133?s=96&d=mm&r=g\",\"url\":\"https:\/\/secure.gravatar.com\/avatar\/aab322e8555b56c468614fafdab8a8f924e394cdc6cfd8232f77e9e4d123a133?s=96&d=mm&r=g\",\"contentUrl\":\"https:\/\/secure.gravatar.com\/avatar\/aab322e8555b56c468614fafdab8a8f924e394cdc6cfd8232f77e9e4d123a133?s=96&d=mm&r=g\",\"caption\":\"Carlos Roberto Sodr\u00e9\"},\"url\":\"https:\/\/ubanews.com\/site\/author\/sodre\/\"}]}<\/script>\n<!-- \/ Yoast SEO plugin. -->","yoast_head_json":{"title":"\u201cFa\u00e7a Isso Hoje\u201da m\u00fasica de Paulo Henrique Costa - Ub\u00e1 News","description":"\u201cFa\u00e7a Isso Hoje\u201d: a m\u00fasica de Paulo Henrique Costa, de Ub\u00e1, que ganhou o Brasil na voz de Elias Mello. Uma inspira\u00e7\u00e3o cultural!","robots":{"index":"index","follow":"follow","max-snippet":"max-snippet:-1","max-image-preview":"max-image-preview:large","max-video-preview":"max-video-preview:-1"},"canonical":"https:\/\/ubanews.com\/site\/2026\/05\/01\/faca-isso-hoje-a-musica-de-paulo-henrique-costa\/","og_locale":"pt_BR","og_type":"article","og_title":"\u201cFa\u00e7a Isso Hoje\u201da m\u00fasica de Paulo Henrique Costa - Ub\u00e1 News","og_description":"\u201cFa\u00e7a Isso Hoje\u201d: a m\u00fasica de Paulo Henrique Costa, de Ub\u00e1, que ganhou o Brasil na voz de Elias Mello. Uma inspira\u00e7\u00e3o cultural!","og_url":"https:\/\/ubanews.com\/site\/2026\/05\/01\/faca-isso-hoje-a-musica-de-paulo-henrique-costa\/","og_site_name":"Ub\u00e1 News","article_publisher":"https:\/\/www.facebook.com\/Ub%c3%a1News-Carlos-Roberto-Sodr%c3%a9-418778301977370","article_published_time":"2026-05-01T14:41:20+00:00","article_modified_time":"2026-05-01T14:42:46+00:00","og_image":[{"width":1358,"height":762,"url":"https:\/\/ubanews.com\/site\/wp-content\/uploads\/2026\/05\/Fala-Sodre-Paulo-Costa-compositor-Ubaense-apoio-UNIFAGOC-UNIMED-Uba.jpg","type":"image\/jpeg"}],"author":"Carlos Roberto Sodr\u00e9","twitter_card":"summary_large_image","twitter_misc":{"Escrito por":"Carlos Roberto Sodr\u00e9","Est. tempo de leitura":"7 minutos"},"schema":{"@context":"https:\/\/schema.org","@graph":[{"@type":"Article","@id":"https:\/\/ubanews.com\/site\/2026\/05\/01\/faca-isso-hoje-a-musica-de-paulo-henrique-costa\/#article","isPartOf":{"@id":"https:\/\/ubanews.com\/site\/2026\/05\/01\/faca-isso-hoje-a-musica-de-paulo-henrique-costa\/"},"author":{"name":"Carlos Roberto Sodr\u00e9","@id":"https:\/\/ubanews.com\/site\/#\/schema\/person\/9d8da9ec3c8d00640ab6e8c81e103310"},"headline":"\u201cFa\u00e7a Isso Hoje\u201da m\u00fasica de Paulo Henrique Costa","datePublished":"2026-05-01T14:41:20+00:00","dateModified":"2026-05-01T14:42:46+00:00","mainEntityOfPage":{"@id":"https:\/\/ubanews.com\/site\/2026\/05\/01\/faca-isso-hoje-a-musica-de-paulo-henrique-costa\/"},"wordCount":1154,"commentCount":0,"publisher":{"@id":"https:\/\/ubanews.com\/site\/#organization"},"image":{"@id":"https:\/\/ubanews.com\/site\/2026\/05\/01\/faca-isso-hoje-a-musica-de-paulo-henrique-costa\/#primaryimage"},"thumbnailUrl":"https:\/\/ubanews.com\/site\/wp-content\/uploads\/2026\/05\/Fala-Sodre-Paulo-Costa-compositor-Ubaense-apoio-UNIFAGOC-UNIMED-Uba.jpg","keywords":["AmarONextimo","CidadeCarinho","CompositorMineiro","CulturaDeUb\u00e1","CulturaLocal","EliasMello","Fa\u00e7aIssoHoje","F\u00e9ECultura","Indicca","JornalismoCultural","M\u00fasicaBrasileira","M\u00fasicaComProp\u00f3sito","PagodeGospel","PauloHenriqueCosta","Sodr\u00e9","Ub\u00e1MG"],"articleSection":["DESTAQUE PRINCIPAL","Geral","Slide"],"inLanguage":"pt-BR","potentialAction":[{"@type":"CommentAction","name":"Comment","target":["https:\/\/ubanews.com\/site\/2026\/05\/01\/faca-isso-hoje-a-musica-de-paulo-henrique-costa\/#respond"]}]},{"@type":"WebPage","@id":"https:\/\/ubanews.com\/site\/2026\/05\/01\/faca-isso-hoje-a-musica-de-paulo-henrique-costa\/","url":"https:\/\/ubanews.com\/site\/2026\/05\/01\/faca-isso-hoje-a-musica-de-paulo-henrique-costa\/","name":"\u201cFa\u00e7a Isso Hoje\u201da m\u00fasica de Paulo Henrique Costa - Ub\u00e1 News","isPartOf":{"@id":"https:\/\/ubanews.com\/site\/#website"},"primaryImageOfPage":{"@id":"https:\/\/ubanews.com\/site\/2026\/05\/01\/faca-isso-hoje-a-musica-de-paulo-henrique-costa\/#primaryimage"},"image":{"@id":"https:\/\/ubanews.com\/site\/2026\/05\/01\/faca-isso-hoje-a-musica-de-paulo-henrique-costa\/#primaryimage"},"thumbnailUrl":"https:\/\/ubanews.com\/site\/wp-content\/uploads\/2026\/05\/Fala-Sodre-Paulo-Costa-compositor-Ubaense-apoio-UNIFAGOC-UNIMED-Uba.jpg","datePublished":"2026-05-01T14:41:20+00:00","dateModified":"2026-05-01T14:42:46+00:00","description":"\u201cFa\u00e7a Isso Hoje\u201d: a m\u00fasica de Paulo Henrique Costa, de Ub\u00e1, que ganhou o Brasil na voz de Elias Mello. Uma inspira\u00e7\u00e3o cultural!","breadcrumb":{"@id":"https:\/\/ubanews.com\/site\/2026\/05\/01\/faca-isso-hoje-a-musica-de-paulo-henrique-costa\/#breadcrumb"},"inLanguage":"pt-BR","potentialAction":[{"@type":"ReadAction","target":["https:\/\/ubanews.com\/site\/2026\/05\/01\/faca-isso-hoje-a-musica-de-paulo-henrique-costa\/"]}]},{"@type":"ImageObject","inLanguage":"pt-BR","@id":"https:\/\/ubanews.com\/site\/2026\/05\/01\/faca-isso-hoje-a-musica-de-paulo-henrique-costa\/#primaryimage","url":"https:\/\/ubanews.com\/site\/wp-content\/uploads\/2026\/05\/Fala-Sodre-Paulo-Costa-compositor-Ubaense-apoio-UNIFAGOC-UNIMED-Uba.jpg","contentUrl":"https:\/\/ubanews.com\/site\/wp-content\/uploads\/2026\/05\/Fala-Sodre-Paulo-Costa-compositor-Ubaense-apoio-UNIFAGOC-UNIMED-Uba.jpg","width":1358,"height":762},{"@type":"BreadcrumbList","@id":"https:\/\/ubanews.com\/site\/2026\/05\/01\/faca-isso-hoje-a-musica-de-paulo-henrique-costa\/#breadcrumb","itemListElement":[{"@type":"ListItem","position":1,"name":"Home","item":"https:\/\/ubanews.com\/site\/"},{"@type":"ListItem","position":2,"name":"\u201cFa\u00e7a Isso Hoje\u201da m\u00fasica de Paulo Henrique Costa"}]},{"@type":"WebSite","@id":"https:\/\/ubanews.com\/site\/#website","url":"https:\/\/ubanews.com\/site\/","name":"Ub\u00e1 News","description":"","publisher":{"@id":"https:\/\/ubanews.com\/site\/#organization"},"potentialAction":[{"@type":"SearchAction","target":{"@type":"EntryPoint","urlTemplate":"https:\/\/ubanews.com\/site\/?s={search_term_string}"},"query-input":{"@type":"PropertyValueSpecification","valueRequired":true,"valueName":"search_term_string"}}],"inLanguage":"pt-BR"},{"@type":"Organization","@id":"https:\/\/ubanews.com\/site\/#organization","name":"Ub\u00e1 News","url":"https:\/\/ubanews.com\/site\/","logo":{"@type":"ImageObject","inLanguage":"pt-BR","@id":"https:\/\/ubanews.com\/site\/#\/schema\/logo\/image\/","url":"https:\/\/ubanews.com\/site\/wp-content\/uploads\/2018\/01\/logoubanews.png","contentUrl":"https:\/\/ubanews.com\/site\/wp-content\/uploads\/2018\/01\/logoubanews.png","width":261,"height":99,"caption":"Ub\u00e1 News"},"image":{"@id":"https:\/\/ubanews.com\/site\/#\/schema\/logo\/image\/"},"sameAs":["https:\/\/www.facebook.com\/Ub\u00e1News-Carlos-Roberto-Sodr\u00e9-418778301977370"]},{"@type":"Person","@id":"https:\/\/ubanews.com\/site\/#\/schema\/person\/9d8da9ec3c8d00640ab6e8c81e103310","name":"Carlos Roberto Sodr\u00e9","image":{"@type":"ImageObject","inLanguage":"pt-BR","@id":"https:\/\/secure.gravatar.com\/avatar\/aab322e8555b56c468614fafdab8a8f924e394cdc6cfd8232f77e9e4d123a133?s=96&d=mm&r=g","url":"https:\/\/secure.gravatar.com\/avatar\/aab322e8555b56c468614fafdab8a8f924e394cdc6cfd8232f77e9e4d123a133?s=96&d=mm&r=g","contentUrl":"https:\/\/secure.gravatar.com\/avatar\/aab322e8555b56c468614fafdab8a8f924e394cdc6cfd8232f77e9e4d123a133?s=96&d=mm&r=g","caption":"Carlos Roberto Sodr\u00e9"},"url":"https:\/\/ubanews.com\/site\/author\/sodre\/"}]}},"_links":{"self":[{"href":"https:\/\/ubanews.com\/site\/wp-json\/wp\/v2\/posts\/24734","targetHints":{"allow":["GET"]}}],"collection":[{"href":"https:\/\/ubanews.com\/site\/wp-json\/wp\/v2\/posts"}],"about":[{"href":"https:\/\/ubanews.com\/site\/wp-json\/wp\/v2\/types\/post"}],"author":[{"embeddable":true,"href":"https:\/\/ubanews.com\/site\/wp-json\/wp\/v2\/users\/4"}],"replies":[{"embeddable":true,"href":"https:\/\/ubanews.com\/site\/wp-json\/wp\/v2\/comments?post=24734"}],"version-history":[{"count":0,"href":"https:\/\/ubanews.com\/site\/wp-json\/wp\/v2\/posts\/24734\/revisions"}],"wp:featuredmedia":[{"embeddable":true,"href":"https:\/\/ubanews.com\/site\/wp-json\/wp\/v2\/media\/24735"}],"wp:attachment":[{"href":"https:\/\/ubanews.com\/site\/wp-json\/wp\/v2\/media?parent=24734"}],"wp:term":[{"taxonomy":"category","embeddable":true,"href":"https:\/\/ubanews.com\/site\/wp-json\/wp\/v2\/categories?post=24734"},{"taxonomy":"post_tag","embeddable":true,"href":"https:\/\/ubanews.com\/site\/wp-json\/wp\/v2\/tags?post=24734"}],"curies":[{"name":"wp","href":"https:\/\/api.w.org\/{rel}","templated":true}]}}