{"id":24719,"date":"2026-04-30T11:29:01","date_gmt":"2026-04-30T14:29:01","guid":{"rendered":"https:\/\/ubanews.com\/site\/?p=24719"},"modified":"2026-04-30T11:47:24","modified_gmt":"2026-04-30T14:47:24","slug":"nr-1-riscos-psicossociais-e-o-papel-das-empresas-na-saude-do-trabalho","status":"publish","type":"post","link":"https:\/\/ubanews.com\/site\/2026\/04\/30\/nr-1-riscos-psicossociais-e-o-papel-das-empresas-na-saude-do-trabalho\/","title":{"rendered":"NR-1, riscos psicossociais e o papel das empresas na sa\u00fade do trabalho"},"content":{"rendered":"\n<p>NR-1, riscos psicossociais e o papel das empresas na sa\u00fade do trabalho<\/p>\n\n\n\n<p>Na noite de <strong>29\/04<\/strong>, o <em>Fala Sodr\u00e9<\/em> trouxe um tema que j\u00e1 deveria integrar a rotina estrat\u00e9gica das empresas. Desde o primeiro minuto, o debate apontou para uma realidade incontorn\u00e1vel. Agora, os <strong>riscos psicossociais<\/strong> entram definitivamente na agenda corporativa.<\/p>\n\n\n\n<p>Mais do que isso. A regula\u00e7\u00e3o chega acompanhada de fiscaliza\u00e7\u00e3o, cobran\u00e7a e responsabilidade direta. Especialmente sobre empresas com altos \u00edndices de afastamento por ansiedade, estresse, conflitos, ass\u00e9dio e depress\u00e3o.<\/p>\n\n\n\n<p>Antes de qualquer resist\u00eancia, vale registrar um ponto essencial. Empresas existem para produzir e gerar riqueza. Por\u00e9m, empresas s\u00e3o feitas de pessoas. Quando o ambiente adoece, a produtividade cai. Quando h\u00e1 adoecimento, surgem afastamentos. E quando h\u00e1 afastamentos, surgem preju\u00edzos reais.<\/p>\n\n\n\n<h2 class=\"wp-block-heading\">NR-1, riscos psicossociais e o papel das empresas na sa\u00fade do trabalho<\/h2>\n\n\n\n<figure class=\"wp-block-image size-large\"><img decoding=\"async\" width=\"1024\" height=\"575\" data-src=\"https:\/\/ubanews.com\/site\/wp-content\/uploads\/2026\/04\/Fala-Sodre-A-Saude-da-empresa-no-tempo-da-NR-1-com-Alziane-Barreto-Renata-Dutra-Ferndanda-Leonardo-e-Pedro-Henriques--1024x575.jpg\" alt=\"\" class=\"wp-image-24720 lazyload\" data-srcset=\"https:\/\/ubanews.com\/site\/wp-content\/uploads\/2026\/04\/Fala-Sodre-A-Saude-da-empresa-no-tempo-da-NR-1-com-Alziane-Barreto-Renata-Dutra-Ferndanda-Leonardo-e-Pedro-Henriques--1024x575.jpg 1024w, https:\/\/ubanews.com\/site\/wp-content\/uploads\/2026\/04\/Fala-Sodre-A-Saude-da-empresa-no-tempo-da-NR-1-com-Alziane-Barreto-Renata-Dutra-Ferndanda-Leonardo-e-Pedro-Henriques--300x168.jpg 300w, https:\/\/ubanews.com\/site\/wp-content\/uploads\/2026\/04\/Fala-Sodre-A-Saude-da-empresa-no-tempo-da-NR-1-com-Alziane-Barreto-Renata-Dutra-Ferndanda-Leonardo-e-Pedro-Henriques--768x431.jpg 768w, https:\/\/ubanews.com\/site\/wp-content\/uploads\/2026\/04\/Fala-Sodre-A-Saude-da-empresa-no-tempo-da-NR-1-com-Alziane-Barreto-Renata-Dutra-Ferndanda-Leonardo-e-Pedro-Henriques-.jpg 1069w\" data-sizes=\"(max-width: 1024px) 100vw, 1024px\" src=\"data:image\/svg+xml;base64,PHN2ZyB3aWR0aD0iMSIgaGVpZ2h0PSIxIiB4bWxucz0iaHR0cDovL3d3dy53My5vcmcvMjAwMC9zdmciPjwvc3ZnPg==\" style=\"--smush-placeholder-width: 1024px; --smush-placeholder-aspect-ratio: 1024\/575;\" \/><\/figure>\n\n\n\n<h2 class=\"wp-block-heading\">O que s\u00e3o riscos psicossociais, afinal?<\/h2>\n\n\n\n<p>Primeiro, \u00e9 preciso esclarecer o conceito. Riscos psicossociais falam de fatores invis\u00edveis, por\u00e9m mensur\u00e1veis. Eles envolvem a falta de felicidade, a aus\u00eancia de paz no ambiente de trabalho e o desequil\u00edbrio constante nas rela\u00e7\u00f5es profissionais.<\/p>\n\n\n\n<p>Al\u00e9m disso, esses fatores se traduzem em quadros concretos. Surgem a ansiedade, o estresse cr\u00f4nico, os conflitos interpessoais, o ass\u00e9dio moral, o ass\u00e9dio sexual e, em casos mais graves, a depress\u00e3o.<\/p>\n\n\n\n<p>Durante a entrevista, esse ponto ficou evidente.<\/p>\n\n\n\n<blockquote class=\"wp-block-quote is-layout-flow wp-block-quote-is-layout-flow\">\n<p>\u201cQuando a gente fala de risco psicossocial, parece algo abstrato. Mas quando a gente fala de felicidade, as pessoas entendem\u201d, destacou um dos participantes.<\/p>\n<\/blockquote>\n\n\n\n<p>Desse modo, a NR-1 deixa de ser apenas uma norma t\u00e9cnica. Ela se transforma em um instrumento de gest\u00e3o, preven\u00e7\u00e3o e maturidade organizacional.<\/p>\n\n\n\n<h2 class=\"wp-block-heading\">A NR-1 e a virada regulat\u00f3ria no Brasil<\/h2>\n\n\n\n<p>Agora, a discuss\u00e3o ganha peso institucional. Dados citados na conversa impressionam. Segundo informa\u00e7\u00f5es mencionadas da Organiza\u00e7\u00e3o Internacional do Trabalho, <strong>centenas de milhares de trabalhadores adoecem anualmente por conta das condi\u00e7\u00f5es de trabalho<\/strong>.<\/p>\n\n\n\n<p>Al\u00e9m disso, os impactos n\u00e3o recaem apenas sobre o colaborador. Eles afetam diretamente o caixa do INSS, pressionam o sistema previdenci\u00e1rio e geram um preju\u00edzo econ\u00f4mico global estimado em trilh\u00f5es.<\/p>\n\n\n\n<p>Diante desse cen\u00e1rio, o Estado se movimenta. A NR-1 passa a exigir que as empresas <strong>identifiquem, mapeiem, tratem e documentem os riscos psicossociais<\/strong>. Portanto, n\u00e3o se trata mais de op\u00e7\u00e3o ou discurso de marketing.<\/p>\n\n\n\n<blockquote class=\"wp-block-quote is-layout-flow wp-block-quote-is-layout-flow\">\n<p>\u201cN\u00e3o basta dizer que o ambiente \u00e9 bom. \u00c9 preciso provar. N\u00e3o basta ser honesto. Tem que documentar que \u00e9 honesto\u201d, destacou uma das falas mais fortes da entrevista.<\/p>\n<\/blockquote>\n\n\n\n<h2 class=\"wp-block-heading\">A falsa narrativa do apag\u00e3o da m\u00e3o de obra<\/h2>\n\n\n\n<p>Frequentemente, o mercado aponta para o chamado apag\u00e3o da m\u00e3o de obra. Por\u00e9m, o debate trouxe uma provoca\u00e7\u00e3o necess\u00e1ria. E se o problema n\u00e3o estiver na falta de profissionais, mas na falta de ambientes saud\u00e1veis?<\/p>\n\n\n\n<p>Muitas empresas enfrentam demiss\u00f5es volunt\u00e1rias constantes. Profissionais pedem desligamento n\u00e3o apenas por sal\u00e1rio. Eles buscam respeito, equil\u00edbrio, clareza de expectativas e lideran\u00e7as preparadas.<\/p>\n\n\n\n<p>Durante a conversa, esse ponto ficou claro:<\/p>\n\n\n\n<blockquote class=\"wp-block-quote is-layout-flow wp-block-quote-is-layout-flow\">\n<p>\u201cAs pessoas n\u00e3o saem das empresas. Elas saem dos l\u00edderes.\u201d<\/p>\n<\/blockquote>\n\n\n\n<p>Portanto, insistir apenas em recrutamento sem cuidar da cultura interna se torna um ciclo caro e improdutivo.<\/p>\n\n\n\n<figure class=\"wp-block-embed is-type-wp-embed is-provider-indicca-tecnologia wp-block-embed-indicca-tecnologia\"><div class=\"wp-block-embed__wrapper\">\n<blockquote class=\"wp-embedded-content\" data-secret=\"4bxK9qwUJj\"><a href=\"https:\/\/indicca.com.br\/apagao-da-mao-de-obra\/\">Apag\u00e3o da M\u00e3o de Obra<\/a><\/blockquote><iframe class=\"wp-embedded-content lazyload\" sandbox=\"allow-scripts\" security=\"restricted\" style=\"position: absolute; visibility: hidden;\" title=\"&#8220;Apag\u00e3o da M\u00e3o de Obra&#8221; &#8212; Indicca Tecnologia\" data-src=\"https:\/\/indicca.com.br\/apagao-da-mao-de-obra\/embed\/#?secret=zHfM7NeTUl#?secret=4bxK9qwUJj\" data-secret=\"4bxK9qwUJj\" width=\"600\" height=\"338\" frameborder=\"0\" marginwidth=\"0\" marginheight=\"0\" scrolling=\"no\" src=\"data:image\/svg+xml;base64,PHN2ZyB3aWR0aD0iMSIgaGVpZ2h0PSIxIiB4bWxucz0iaHR0cDovL3d3dy53My5vcmcvMjAwMC9zdmciPjwvc3ZnPg==\" data-load-mode=\"1\"><\/iframe>\n<\/div><\/figure>\n\n\n\n<h2 class=\"wp-block-heading\">Lideran\u00e7a despreparada adoece ambientes<\/h2>\n\n\n\n<p>Outro eixo central da entrevista envolveu a gest\u00e3o de l\u00edderes. Liderar pessoas exige preparo emocional, comunica\u00e7\u00e3o clara e senso de responsabilidade.<\/p>\n\n\n\n<p>Sem isso, surgem conflitos, ru\u00eddos de comunica\u00e7\u00e3o e metas inating\u00edveis. Como consequ\u00eancia, cresce o estresse di\u00e1rio.<\/p>\n\n\n\n<p>Al\u00e9m disso, a aus\u00eancia de cargos bem definidos, descri\u00e7\u00f5es de fun\u00e7\u00e3o claras e prop\u00f3sito real amplia o risco psicossocial. Sem clareza, o colaborador trabalha na tens\u00e3o constante de errar.<\/p>\n\n\n\n<blockquote class=\"wp-block-quote is-layout-flow wp-block-quote-is-layout-flow\">\n<p>\u201cN\u00e3o existe sa\u00fade emocional quando a pessoa n\u00e3o entende o que se espera dela\u201d, foi uma das reflex\u00f5es compartilhadas.<\/p>\n<\/blockquote>\n\n\n\n<p>Assim, investir em forma\u00e7\u00e3o de l\u00edderes deixa de ser custo. Torna-se mitiga\u00e7\u00e3o de risco.<\/p>\n\n\n\n<h2 class=\"wp-block-heading\">Canal de den\u00fancia: obriga\u00e7\u00e3o ou cultura?<\/h2>\n\n\n\n<p>Outro ponto forte da discuss\u00e3o envolve o <strong>canal de den\u00fancias<\/strong>. Muitas empresas afirmam possuir o canal. No entanto, poucas conseguem provar sua efic\u00e1cia.<\/p>\n\n\n\n<p>A pergunta feita na entrevista foi direta:<\/p>\n\n\n\n<blockquote class=\"wp-block-quote is-layout-flow wp-block-quote-is-layout-flow\">\n<p>\u201cQuantas den\u00fancias foram registradas no \u00faltimo m\u00eas?\u201d<\/p>\n<\/blockquote>\n\n\n\n<p>Quando a resposta \u00e9 zero, o alerta acende. Ambientes saud\u00e1veis n\u00e3o s\u00e3o ambientes silenciosos. Eles s\u00e3o espa\u00e7os onde as pessoas confiam.<\/p>\n\n\n\n<p>Al\u00e9m disso, se o canal chega ao pr\u00f3prio denunciado, ele n\u00e3o funciona. Por isso, a fala foi clara:<\/p>\n\n\n\n<blockquote class=\"wp-block-quote is-layout-flow wp-block-quote-is-layout-flow\">\n<p>\u201cO canal precisa ser isento, imparcial e, preferencialmente, terceirizado.\u201d<\/p>\n<\/blockquote>\n\n\n\n<p>Aqui, a NR-1 conecta compliance, gest\u00e3o de pessoas e sa\u00fade organizacional.<\/p>\n\n\n\n<figure class=\"wp-block-embed is-type-wp-embed is-provider-indicca-tecnologia wp-block-embed-indicca-tecnologia\"><div class=\"wp-block-embed__wrapper\">\n<blockquote class=\"wp-embedded-content\" data-secret=\"Mso4kMJrAu\"><a href=\"https:\/\/indicca.com.br\/o-que-o-seu-ambiente-de-trabalho-revela-sobre-a-saude-da-empresa-nr-1-no-dia-a-dia\/\">O que o seu ambiente de trabalho revela sobre a sa\u00fade da empresa?<\/a><\/blockquote><iframe class=\"wp-embedded-content lazyload\" sandbox=\"allow-scripts\" security=\"restricted\" style=\"position: absolute; visibility: hidden;\" title=\"&#8220;O que o seu ambiente de trabalho revela sobre a sa\u00fade da empresa?&#8221; &#8212; Indicca Tecnologia\" data-src=\"https:\/\/indicca.com.br\/o-que-o-seu-ambiente-de-trabalho-revela-sobre-a-saude-da-empresa-nr-1-no-dia-a-dia\/embed\/#?secret=trBdiqJxbZ#?secret=Mso4kMJrAu\" data-secret=\"Mso4kMJrAu\" width=\"600\" height=\"338\" frameborder=\"0\" marginwidth=\"0\" marginheight=\"0\" scrolling=\"no\" src=\"data:image\/svg+xml;base64,PHN2ZyB3aWR0aD0iMSIgaGVpZ2h0PSIxIiB4bWxucz0iaHR0cDovL3d3dy53My5vcmcvMjAwMC9zdmciPjwvc3ZnPg==\" data-load-mode=\"1\"><\/iframe>\n<\/div><\/figure>\n\n\n\n<h2 class=\"wp-block-heading\">O peso jur\u00eddico do n\u00e3o cuidado<\/h2>\n\n\n\n<p>Ignorar riscos psicossociais n\u00e3o gera apenas afastamentos. Gera passivos jur\u00eddicos silenciosos.<\/p>\n\n\n\n<p>Quando o afastamento se prolonga, surgem per\u00edcias, an\u00e1lises de nexo causal e a\u00e7\u00f5es trabalhistas. Em determinados casos, a empresa pode ser condenada ao pagamento de pens\u00f5es vital\u00edcias.<\/p>\n\n\n\n<p>Uma das falas jur\u00eddicas foi direta:<\/p>\n\n\n\n<blockquote class=\"wp-block-quote is-layout-flow wp-block-quote-is-layout-flow\">\n<p>\u201cO grande preju\u00edzo n\u00e3o \u00e9 s\u00f3 o afastamento. \u00c9 quando se comprova a culpa da empresa.\u201d<\/p>\n<\/blockquote>\n\n\n\n<p>Dessa forma, prevenir custa menos do que remediar. Planejar custa menos do que pagar condena\u00e7\u00f5es futuras.<\/p>\n\n\n\n<h2 class=\"wp-block-heading\">Documento vivo, n\u00e3o papel engavetado<\/h2>\n\n\n\n<p>Outro erro comum surge quando empresas produzem pol\u00edticas apenas para cumprir formalidades. C\u00f3digo de conduta, pol\u00edticas de ass\u00e9dio e manuais internos existem, mas n\u00e3o se aplicam.<\/p>\n\n\n\n<p>A entrevista foi enf\u00e1tica:<\/p>\n\n\n\n<blockquote class=\"wp-block-quote is-layout-flow wp-block-quote-is-layout-flow\">\n<p>\u201cDocumento n\u00e3o pode ser figurativo. Precisa ser vivo.\u201d<\/p>\n<\/blockquote>\n\n\n\n<p>Ou seja, treinamento cont\u00ednuo, rodas de conversa, acompanhamento e revis\u00e3o constante fazem parte do processo.<\/p>\n\n\n\n<p>Portanto, gest\u00e3o psicossocial exige continuidade. N\u00e3o \u00e9 evento pontual. \u00c9 cultura.<\/p>\n\n\n\n<h2 class=\"wp-block-heading\">Tecnologia como aliada da gest\u00e3o de riscos<\/h2>\n\n\n\n<p>Outro destaque da conversa envolveu o papel da tecnologia. Ferramentas corretas permitem registrar evid\u00eancias, organizar dados, proteger informa\u00e7\u00f5es sens\u00edveis e criar indicadores reais.<\/p>\n\n\n\n<p>Al\u00e9m disso, a tecnologia possibilita canais seguros, gest\u00e3o de den\u00fancias, rastreabilidade de a\u00e7\u00f5es e prote\u00e7\u00e3o da informa\u00e7\u00e3o.<\/p>\n\n\n\n<p>Nesse contexto, a tecnologia se torna suporte estrat\u00e9gico da NR-1, n\u00e3o um custo adicional.<\/p>\n\n\n\n<figure class=\"wp-block-image size-large\"><img decoding=\"async\" width=\"1024\" height=\"573\" data-src=\"https:\/\/ubanews.com\/site\/wp-content\/uploads\/2026\/04\/Fala-Sodre-A-Saude-da-empresa-no-tempo-da-NR-1-com-Alziane-Barreto-Renata-Dutra-Ferndanda-Leonardo-e-Pedro-Henriques-v-1024x573.jpg\" alt=\"\" class=\"wp-image-24721 lazyload\" data-srcset=\"https:\/\/ubanews.com\/site\/wp-content\/uploads\/2026\/04\/Fala-Sodre-A-Saude-da-empresa-no-tempo-da-NR-1-com-Alziane-Barreto-Renata-Dutra-Ferndanda-Leonardo-e-Pedro-Henriques-v-1024x573.jpg 1024w, https:\/\/ubanews.com\/site\/wp-content\/uploads\/2026\/04\/Fala-Sodre-A-Saude-da-empresa-no-tempo-da-NR-1-com-Alziane-Barreto-Renata-Dutra-Ferndanda-Leonardo-e-Pedro-Henriques-v-300x168.jpg 300w, https:\/\/ubanews.com\/site\/wp-content\/uploads\/2026\/04\/Fala-Sodre-A-Saude-da-empresa-no-tempo-da-NR-1-com-Alziane-Barreto-Renata-Dutra-Ferndanda-Leonardo-e-Pedro-Henriques-v-768x430.jpg 768w, https:\/\/ubanews.com\/site\/wp-content\/uploads\/2026\/04\/Fala-Sodre-A-Saude-da-empresa-no-tempo-da-NR-1-com-Alziane-Barreto-Renata-Dutra-Ferndanda-Leonardo-e-Pedro-Henriques-v-360x200.jpg 360w, https:\/\/ubanews.com\/site\/wp-content\/uploads\/2026\/04\/Fala-Sodre-A-Saude-da-empresa-no-tempo-da-NR-1-com-Alziane-Barreto-Renata-Dutra-Ferndanda-Leonardo-e-Pedro-Henriques-v.jpg 1063w\" data-sizes=\"(max-width: 1024px) 100vw, 1024px\" src=\"data:image\/svg+xml;base64,PHN2ZyB3aWR0aD0iMSIgaGVpZ2h0PSIxIiB4bWxucz0iaHR0cDovL3d3dy53My5vcmcvMjAwMC9zdmciPjwvc3ZnPg==\" style=\"--smush-placeholder-width: 1024px; --smush-placeholder-aspect-ratio: 1024\/573;\" \/><\/figure>\n\n\n\n<h3 class=\"wp-block-heading\">Quem s\u00e3o os profissionais que facilitam a adequa\u00e7\u00e3o \u00e0 NR-1<\/h3>\n\n\n\n<p>Nesse momento, surge uma pergunta pr\u00e1tica. Quem ajuda as empresas a transformar a NR-1 em a\u00e7\u00e3o concreta, sem burocracia e sem custos desnecess\u00e1rios? Ent\u00e3o os profissionais Psic\u00f3loga Alziane Barreto, Psicanalista Renta Dutra, Advogada Fernanda Leonardo e Engenheiro Pedro Henriques podem ser estes facilitadores neste processo de Adequa\u00e7\u00e3o a NR-1.<\/p>\n\n\n\n<h4 class=\"wp-block-heading\"><\/h4>\n\n\n\n<figure class=\"wp-block-image size-full\"><img decoding=\"async\" width=\"851\" height=\"315\" data-src=\"https:\/\/ubanews.com\/site\/wp-content\/uploads\/2026\/04\/Alziane-Barreto-Renata-Dutra-Fernanda-Leonardo-Pedro-Henriques.jpg\" alt=\"\" class=\"wp-image-24724 lazyload\" data-srcset=\"https:\/\/ubanews.com\/site\/wp-content\/uploads\/2026\/04\/Alziane-Barreto-Renata-Dutra-Fernanda-Leonardo-Pedro-Henriques.jpg 851w, https:\/\/ubanews.com\/site\/wp-content\/uploads\/2026\/04\/Alziane-Barreto-Renata-Dutra-Fernanda-Leonardo-Pedro-Henriques-300x111.jpg 300w, https:\/\/ubanews.com\/site\/wp-content\/uploads\/2026\/04\/Alziane-Barreto-Renata-Dutra-Fernanda-Leonardo-Pedro-Henriques-768x284.jpg 768w\" data-sizes=\"(max-width: 851px) 100vw, 851px\" src=\"data:image\/svg+xml;base64,PHN2ZyB3aWR0aD0iMSIgaGVpZ2h0PSIxIiB4bWxucz0iaHR0cDovL3d3dy53My5vcmcvMjAwMC9zdmciPjwvc3ZnPg==\" style=\"--smush-placeholder-width: 851px; --smush-placeholder-aspect-ratio: 851\/315;\" \/><\/figure>\n\n\n\n<h2 class=\"wp-block-heading\">Agenda de eventos e pr\u00f3ximos passos<\/h2>\n\n\n\n<p>A entrevista tamb\u00e9m trouxe convites importantes. Na <strong>quinta-feira, 30\/04<\/strong>, a partir das <strong>19h<\/strong>, na <strong>Sala Mineira da Associa\u00e7\u00e3o Comercial de Cataguases<\/strong>, a advogada <strong>Fernanda Leonardo<\/strong> ministra uma palestra sobre a NR-1 sob a \u00f3tica jur\u00eddica.<\/p>\n\n\n\n<p>Al\u00e9m disso, no dia <strong>28\/05\/2026<\/strong>, \u00faltima quinta-feira de maio, a <strong>ACIUB\u00c1<\/strong> receber\u00e1 <strong>Alzine Barreto, Renata Dutra, Fernanda Leonardo e Pedro Henriques<\/strong>, em um encontro completo.<\/p>\n\n\n\n<p>O evento integrar\u00e1 psicologia, lideran\u00e7a, direito e tecnologia. O objetivo ser\u00e1 oferecer uma vis\u00e3o pr\u00e1tica, acess\u00edvel e aplic\u00e1vel.<\/p>\n\n\n<div class=\"wp-block-image\">\n<figure class=\"aligncenter size-full\"><a href=\"https:\/\/wa.me\/553234215274\" target=\"_blank\" rel=\" noreferrer noopener\"><img decoding=\"async\" width=\"478\" height=\"570\" data-src=\"https:\/\/ubanews.com\/site\/wp-content\/uploads\/2026\/04\/image-11.png\" alt=\"\" class=\"wp-image-24730 lazyload\" data-srcset=\"https:\/\/ubanews.com\/site\/wp-content\/uploads\/2026\/04\/image-11.png 478w, https:\/\/ubanews.com\/site\/wp-content\/uploads\/2026\/04\/image-11-252x300.png 252w\" data-sizes=\"(max-width: 478px) 100vw, 478px\" src=\"data:image\/svg+xml;base64,PHN2ZyB3aWR0aD0iMSIgaGVpZ2h0PSIxIiB4bWxucz0iaHR0cDovL3d3dy53My5vcmcvMjAwMC9zdmciPjwvc3ZnPg==\" style=\"--smush-placeholder-width: 478px; --smush-placeholder-aspect-ratio: 478\/570;\" \/><\/a><\/figure>\n<\/div>\n\n\n<h2 class=\"wp-block-heading\">Oferta especial: Guia Pr\u00e1tico da NR-1 \u2013 Projeto INVICTA<\/h2>\n\n\n\n<p>Antes de concluir, fica um convite direto ao empres\u00e1rio e gestor. O <strong>Projeto INVICTA<\/strong> est\u00e1 disponibilizando gratuitamente o <strong>Guia Pr\u00e1tico da NR-1<\/strong>, com foco em riscos psicossociais, preven\u00e7\u00e3o, documenta\u00e7\u00e3o e aplica\u00e7\u00e3o correta da norma.<\/p>\n\n\n\n<p>O acesso acontece mediante o preenchimento de um formul\u00e1rio online. Esse material orienta como iniciar o processo sem burocracia, sem custo elevado e com foco em mitiga\u00e7\u00e3o real de riscos.<\/p>\n\n\n\n<p>&#x1f449; <strong><a href=\"https:\/\/forms.office.com\/r\/FYYrFiWgKw\" target=\"_blank\" rel=\"noreferrer noopener\">Preencha o formul\u00e1rio e tenha acesso imediato ao Guia da NR-1 do Projeto INVICTA<\/a>.<\/strong><\/p>\n\n\n\n<figure class=\"wp-block-image size-full\"><a href=\"https:\/\/forms.office.com\/r\/FYYrFiWgKw\" target=\"_blank\" rel=\" noreferrer noopener\"><img decoding=\"async\" width=\"1024\" height=\"1024\" data-src=\"https:\/\/ubanews.com\/site\/wp-content\/uploads\/2026\/04\/LOGO-Projeto-INVICTA.png\" alt=\"\" class=\"wp-image-24725 lazyload\" data-srcset=\"https:\/\/ubanews.com\/site\/wp-content\/uploads\/2026\/04\/LOGO-Projeto-INVICTA.png 1024w, https:\/\/ubanews.com\/site\/wp-content\/uploads\/2026\/04\/LOGO-Projeto-INVICTA-300x300.png 300w, https:\/\/ubanews.com\/site\/wp-content\/uploads\/2026\/04\/LOGO-Projeto-INVICTA-150x150.png 150w, https:\/\/ubanews.com\/site\/wp-content\/uploads\/2026\/04\/LOGO-Projeto-INVICTA-768x768.png 768w, https:\/\/ubanews.com\/site\/wp-content\/uploads\/2026\/04\/LOGO-Projeto-INVICTA-600x600.png 600w\" data-sizes=\"(max-width: 1024px) 100vw, 1024px\" src=\"data:image\/svg+xml;base64,PHN2ZyB3aWR0aD0iMSIgaGVpZ2h0PSIxIiB4bWxucz0iaHR0cDovL3d3dy53My5vcmcvMjAwMC9zdmciPjwvc3ZnPg==\" style=\"--smush-placeholder-width: 1024px; --smush-placeholder-aspect-ratio: 1024\/1024;\" \/><\/a><\/figure>\n\n\n\n<h2 class=\"wp-block-heading\">Conclus\u00e3o: cuidar do ambiente \u00e9 estrat\u00e9gia, n\u00e3o obriga\u00e7\u00e3o<\/h2>\n\n\n\n<p>Ao longo da entrevista, uma mensagem se repetiu de formas diferentes. Empresas precisam produzir. Por\u00e9m, empresas s\u00f3 produzem quando pessoas est\u00e3o bem.<\/p>\n\n\n\n<p>A NR-1 n\u00e3o surge para punir. Ela surge para prevenir. Ela prop\u00f5e uma mudan\u00e7a de mentalidade. Organiza\u00e7\u00f5es que entenderem isso mais cedo sair\u00e3o na frente.<\/p>\n\n\n\n<p>Como foi dito durante o encontro:<\/p>\n\n\n\n<blockquote class=\"wp-block-quote is-layout-flow wp-block-quote-is-layout-flow\">\n<p>\u201cMelhoria n\u00e3o significa despesa. Melhoria significa evitar preju\u00edzo.\u201d<\/p>\n<\/blockquote>\n\n\n\n<p>O registro desta entrevista contou com <strong>Reporter Carlos Roberto Sodr\u00e9<\/strong>, <strong>imagens de Laisa Sodr\u00e9<\/strong> e <strong>gera\u00e7\u00e3o de conte\u00fado de Pedro Henriques \u2013 INDICCA.COM<\/strong>.<\/p>\n\n\n\n<p>O tema n\u00e3o \u00e9 tend\u00eancia. \u00c9 realidade. E o melhor momento para agir \u00e9 agora.<\/p>\n\n\n\n<figure class=\"wp-block-embed is-type-video is-provider-youtube wp-block-embed-youtube wp-embed-aspect-4-3 wp-has-aspect-ratio\"><div class=\"wp-block-embed__wrapper\">\n<iframe title=\"A sa\u00fade da empresa no tempo da NR-1\" width=\"840\" height=\"473\" data-src=\"https:\/\/www.youtube.com\/embed\/6MwSqQvRSaA?feature=oembed\" frameborder=\"0\" allow=\"accelerometer; autoplay; clipboard-write; encrypted-media; gyroscope; picture-in-picture; web-share\" referrerpolicy=\"strict-origin-when-cross-origin\" allowfullscreen src=\"data:image\/svg+xml;base64,PHN2ZyB3aWR0aD0iMSIgaGVpZ2h0PSIxIiB4bWxucz0iaHR0cDovL3d3dy53My5vcmcvMjAwMC9zdmciPjwvc3ZnPg==\" class=\"lazyload\" data-load-mode=\"1\"><\/iframe>\n<\/div><\/figure>\n\n\n\n<p>&#x1f4da; <strong>Cobertura:<\/strong> Carlos Roberto Sodr\u00e9 <a href=\"https:\/\/wa.me\/553298481334\">WhatsApp<\/a><\/p>\n\n\n\n<p>&#x1f4f8; <strong>Imagens:<\/strong> Laisa Sodr\u00e9 \/ Felipe Oliveira<\/p>\n\n\n\n<p>&#x1f4dd; <strong>Conte\u00fado: <\/strong><a href=\"https:\/\/www.linkedin.com\/in\/pedrohgf\/\">Pedro Henriques<\/a> \u2013 <a href=\"https:\/\/indicca.com.br\/blog\/\">INDICCA.COM<\/a>&nbsp; <a href=\"https:\/\/wa.me\/5532988020057\">WhatsApp<\/a><\/p>\n\n\n\n<p>&#x1f393; <strong>Evento:<\/strong> NR-1, riscos psicossociais e o papel das empresas na sa\u00fade do trabalho<\/p>\n\n\n\n<h3 class=\"wp-block-heading\">Hashtags<\/h3>\n\n\n\n<p>#NR1 #RiscosPsicossociais #Sa\u00fadeMentalNoTrabalho #Gest\u00e3oDePessoas<br>#AmbienteDeTrabalho #ComplianceTrabalhista #ProjetoINVICTA<br>#Lideran\u00e7aConsciente #Ass\u00e9dioN\u00e3o #Seguran\u00e7aDoTrabalho<br>#Gest\u00e3oDeRiscos #Indicca #Aciub\u00e1 #Cataguases<\/p>\n","protected":false},"excerpt":{"rendered":"<p>O Fala Sodr\u00e9 debateu a NR-1 e os riscos psicossociais, abordando sa\u00fade mental, lideran\u00e7a, aspectos jur\u00eddicos e tecnologia na gest\u00e3o do trabalho. A entrevista mostrou como ambientes adoecidos geram preju\u00edzos e como o Projeto INVICTA oferece caminhos pr\u00e1ticos para adequa\u00e7\u00e3o, preven\u00e7\u00e3o de passivos e cria\u00e7\u00e3o de ambientes mais produtivos e saud\u00e1veis.<\/p>\n","protected":false},"author":4,"featured_media":24720,"comment_status":"open","ping_status":"open","sticky":false,"template":"","format":"standard","meta":{"footnotes":""},"categories":[45,1,3],"tags":[],"class_list":["post-24719","post","type-post","status-publish","format-standard","has-post-thumbnail","hentry","category-destaque-principal","category-sem-categoria","category-slide"],"yoast_head":"<!-- This site is optimized with the Yoast SEO plugin v27.2 - https:\/\/yoast.com\/product\/yoast-seo-wordpress\/ -->\n<title>NR-1, riscos psicossociais e o papel das empresas na sa\u00fade do trabalho - Ub\u00e1 News<\/title>\n<meta name=\"description\" content=\"NR-1, riscos psicossociais e o papel das empresas na sa\u00fade do trabalho. Gest\u00e3o da Felicidade nas empresas com melhoria do ambinete.\" \/>\n<meta name=\"robots\" content=\"index, follow, max-snippet:-1, max-image-preview:large, max-video-preview:-1\" \/>\n<link rel=\"canonical\" href=\"https:\/\/ubanews.com\/site\/2026\/04\/30\/nr-1-riscos-psicossociais-e-o-papel-das-empresas-na-saude-do-trabalho\/\" \/>\n<meta property=\"og:locale\" content=\"pt_BR\" \/>\n<meta property=\"og:type\" content=\"article\" \/>\n<meta property=\"og:title\" content=\"NR-1, riscos psicossociais e o papel das empresas na sa\u00fade do trabalho - Ub\u00e1 News\" \/>\n<meta property=\"og:description\" content=\"NR-1, riscos psicossociais e o papel das empresas na sa\u00fade do trabalho. Gest\u00e3o da Felicidade nas empresas com melhoria do ambinete.\" \/>\n<meta property=\"og:url\" content=\"https:\/\/ubanews.com\/site\/2026\/04\/30\/nr-1-riscos-psicossociais-e-o-papel-das-empresas-na-saude-do-trabalho\/\" \/>\n<meta property=\"og:site_name\" content=\"Ub\u00e1 News\" \/>\n<meta property=\"article:publisher\" content=\"https:\/\/www.facebook.com\/Ub%c3%a1News-Carlos-Roberto-Sodr%c3%a9-418778301977370\" \/>\n<meta property=\"article:published_time\" content=\"2026-04-30T14:29:01+00:00\" \/>\n<meta property=\"article:modified_time\" content=\"2026-04-30T14:47:24+00:00\" \/>\n<meta property=\"og:image\" content=\"https:\/\/ubanews.com\/site\/wp-content\/uploads\/2026\/04\/Fala-Sodre-A-Saude-da-empresa-no-tempo-da-NR-1-com-Alziane-Barreto-Renata-Dutra-Ferndanda-Leonardo-e-Pedro-Henriques-.jpg\" \/>\n\t<meta property=\"og:image:width\" content=\"1069\" \/>\n\t<meta property=\"og:image:height\" content=\"600\" \/>\n\t<meta property=\"og:image:type\" content=\"image\/jpeg\" \/>\n<meta name=\"author\" content=\"Carlos Roberto Sodr\u00e9\" \/>\n<meta name=\"twitter:card\" content=\"summary_large_image\" \/>\n<meta name=\"twitter:label1\" content=\"Escrito por\" \/>\n\t<meta name=\"twitter:data1\" content=\"Carlos Roberto Sodr\u00e9\" \/>\n\t<meta name=\"twitter:label2\" content=\"Est. tempo de leitura\" \/>\n\t<meta name=\"twitter:data2\" content=\"8 minutos\" \/>\n<script type=\"application\/ld+json\" class=\"yoast-schema-graph\">{\"@context\":\"https:\/\/schema.org\",\"@graph\":[{\"@type\":\"Article\",\"@id\":\"https:\/\/ubanews.com\/site\/2026\/04\/30\/nr-1-riscos-psicossociais-e-o-papel-das-empresas-na-saude-do-trabalho\/#article\",\"isPartOf\":{\"@id\":\"https:\/\/ubanews.com\/site\/2026\/04\/30\/nr-1-riscos-psicossociais-e-o-papel-das-empresas-na-saude-do-trabalho\/\"},\"author\":{\"name\":\"Carlos Roberto Sodr\u00e9\",\"@id\":\"https:\/\/ubanews.com\/site\/#\/schema\/person\/9d8da9ec3c8d00640ab6e8c81e103310\"},\"headline\":\"NR-1, riscos psicossociais e o papel das empresas na sa\u00fade do trabalho\",\"datePublished\":\"2026-04-30T14:29:01+00:00\",\"dateModified\":\"2026-04-30T14:47:24+00:00\",\"mainEntityOfPage\":{\"@id\":\"https:\/\/ubanews.com\/site\/2026\/04\/30\/nr-1-riscos-psicossociais-e-o-papel-das-empresas-na-saude-do-trabalho\/\"},\"wordCount\":1510,\"commentCount\":0,\"publisher\":{\"@id\":\"https:\/\/ubanews.com\/site\/#organization\"},\"image\":{\"@id\":\"https:\/\/ubanews.com\/site\/2026\/04\/30\/nr-1-riscos-psicossociais-e-o-papel-das-empresas-na-saude-do-trabalho\/#primaryimage\"},\"thumbnailUrl\":\"https:\/\/ubanews.com\/site\/wp-content\/uploads\/2026\/04\/Fala-Sodre-A-Saude-da-empresa-no-tempo-da-NR-1-com-Alziane-Barreto-Renata-Dutra-Ferndanda-Leonardo-e-Pedro-Henriques-.jpg\",\"articleSection\":[\"DESTAQUE PRINCIPAL\",\"Geral\",\"Slide\"],\"inLanguage\":\"pt-BR\",\"potentialAction\":[{\"@type\":\"CommentAction\",\"name\":\"Comment\",\"target\":[\"https:\/\/ubanews.com\/site\/2026\/04\/30\/nr-1-riscos-psicossociais-e-o-papel-das-empresas-na-saude-do-trabalho\/#respond\"]}]},{\"@type\":\"WebPage\",\"@id\":\"https:\/\/ubanews.com\/site\/2026\/04\/30\/nr-1-riscos-psicossociais-e-o-papel-das-empresas-na-saude-do-trabalho\/\",\"url\":\"https:\/\/ubanews.com\/site\/2026\/04\/30\/nr-1-riscos-psicossociais-e-o-papel-das-empresas-na-saude-do-trabalho\/\",\"name\":\"NR-1, riscos psicossociais e o papel das empresas na sa\u00fade do trabalho - Ub\u00e1 News\",\"isPartOf\":{\"@id\":\"https:\/\/ubanews.com\/site\/#website\"},\"primaryImageOfPage\":{\"@id\":\"https:\/\/ubanews.com\/site\/2026\/04\/30\/nr-1-riscos-psicossociais-e-o-papel-das-empresas-na-saude-do-trabalho\/#primaryimage\"},\"image\":{\"@id\":\"https:\/\/ubanews.com\/site\/2026\/04\/30\/nr-1-riscos-psicossociais-e-o-papel-das-empresas-na-saude-do-trabalho\/#primaryimage\"},\"thumbnailUrl\":\"https:\/\/ubanews.com\/site\/wp-content\/uploads\/2026\/04\/Fala-Sodre-A-Saude-da-empresa-no-tempo-da-NR-1-com-Alziane-Barreto-Renata-Dutra-Ferndanda-Leonardo-e-Pedro-Henriques-.jpg\",\"datePublished\":\"2026-04-30T14:29:01+00:00\",\"dateModified\":\"2026-04-30T14:47:24+00:00\",\"description\":\"NR-1, riscos psicossociais e o papel das empresas na sa\u00fade do trabalho. Gest\u00e3o da Felicidade nas empresas com melhoria do ambinete.\",\"breadcrumb\":{\"@id\":\"https:\/\/ubanews.com\/site\/2026\/04\/30\/nr-1-riscos-psicossociais-e-o-papel-das-empresas-na-saude-do-trabalho\/#breadcrumb\"},\"inLanguage\":\"pt-BR\",\"potentialAction\":[{\"@type\":\"ReadAction\",\"target\":[\"https:\/\/ubanews.com\/site\/2026\/04\/30\/nr-1-riscos-psicossociais-e-o-papel-das-empresas-na-saude-do-trabalho\/\"]}]},{\"@type\":\"ImageObject\",\"inLanguage\":\"pt-BR\",\"@id\":\"https:\/\/ubanews.com\/site\/2026\/04\/30\/nr-1-riscos-psicossociais-e-o-papel-das-empresas-na-saude-do-trabalho\/#primaryimage\",\"url\":\"https:\/\/ubanews.com\/site\/wp-content\/uploads\/2026\/04\/Fala-Sodre-A-Saude-da-empresa-no-tempo-da-NR-1-com-Alziane-Barreto-Renata-Dutra-Ferndanda-Leonardo-e-Pedro-Henriques-.jpg\",\"contentUrl\":\"https:\/\/ubanews.com\/site\/wp-content\/uploads\/2026\/04\/Fala-Sodre-A-Saude-da-empresa-no-tempo-da-NR-1-com-Alziane-Barreto-Renata-Dutra-Ferndanda-Leonardo-e-Pedro-Henriques-.jpg\",\"width\":1069,\"height\":600},{\"@type\":\"BreadcrumbList\",\"@id\":\"https:\/\/ubanews.com\/site\/2026\/04\/30\/nr-1-riscos-psicossociais-e-o-papel-das-empresas-na-saude-do-trabalho\/#breadcrumb\",\"itemListElement\":[{\"@type\":\"ListItem\",\"position\":1,\"name\":\"Home\",\"item\":\"https:\/\/ubanews.com\/site\/\"},{\"@type\":\"ListItem\",\"position\":2,\"name\":\"NR-1, riscos psicossociais e o papel das empresas na sa\u00fade do trabalho\"}]},{\"@type\":\"WebSite\",\"@id\":\"https:\/\/ubanews.com\/site\/#website\",\"url\":\"https:\/\/ubanews.com\/site\/\",\"name\":\"Ub\u00e1 News\",\"description\":\"\",\"publisher\":{\"@id\":\"https:\/\/ubanews.com\/site\/#organization\"},\"potentialAction\":[{\"@type\":\"SearchAction\",\"target\":{\"@type\":\"EntryPoint\",\"urlTemplate\":\"https:\/\/ubanews.com\/site\/?s={search_term_string}\"},\"query-input\":{\"@type\":\"PropertyValueSpecification\",\"valueRequired\":true,\"valueName\":\"search_term_string\"}}],\"inLanguage\":\"pt-BR\"},{\"@type\":\"Organization\",\"@id\":\"https:\/\/ubanews.com\/site\/#organization\",\"name\":\"Ub\u00e1 News\",\"url\":\"https:\/\/ubanews.com\/site\/\",\"logo\":{\"@type\":\"ImageObject\",\"inLanguage\":\"pt-BR\",\"@id\":\"https:\/\/ubanews.com\/site\/#\/schema\/logo\/image\/\",\"url\":\"https:\/\/ubanews.com\/site\/wp-content\/uploads\/2018\/01\/logoubanews.png\",\"contentUrl\":\"https:\/\/ubanews.com\/site\/wp-content\/uploads\/2018\/01\/logoubanews.png\",\"width\":261,\"height\":99,\"caption\":\"Ub\u00e1 News\"},\"image\":{\"@id\":\"https:\/\/ubanews.com\/site\/#\/schema\/logo\/image\/\"},\"sameAs\":[\"https:\/\/www.facebook.com\/Ub\u00e1News-Carlos-Roberto-Sodr\u00e9-418778301977370\"]},{\"@type\":\"Person\",\"@id\":\"https:\/\/ubanews.com\/site\/#\/schema\/person\/9d8da9ec3c8d00640ab6e8c81e103310\",\"name\":\"Carlos Roberto Sodr\u00e9\",\"image\":{\"@type\":\"ImageObject\",\"inLanguage\":\"pt-BR\",\"@id\":\"https:\/\/secure.gravatar.com\/avatar\/aab322e8555b56c468614fafdab8a8f924e394cdc6cfd8232f77e9e4d123a133?s=96&d=mm&r=g\",\"url\":\"https:\/\/secure.gravatar.com\/avatar\/aab322e8555b56c468614fafdab8a8f924e394cdc6cfd8232f77e9e4d123a133?s=96&d=mm&r=g\",\"contentUrl\":\"https:\/\/secure.gravatar.com\/avatar\/aab322e8555b56c468614fafdab8a8f924e394cdc6cfd8232f77e9e4d123a133?s=96&d=mm&r=g\",\"caption\":\"Carlos Roberto Sodr\u00e9\"},\"url\":\"https:\/\/ubanews.com\/site\/author\/sodre\/\"}]}<\/script>\n<!-- \/ Yoast SEO plugin. -->","yoast_head_json":{"title":"NR-1, riscos psicossociais e o papel das empresas na sa\u00fade do trabalho - Ub\u00e1 News","description":"NR-1, riscos psicossociais e o papel das empresas na sa\u00fade do trabalho. Gest\u00e3o da Felicidade nas empresas com melhoria do ambinete.","robots":{"index":"index","follow":"follow","max-snippet":"max-snippet:-1","max-image-preview":"max-image-preview:large","max-video-preview":"max-video-preview:-1"},"canonical":"https:\/\/ubanews.com\/site\/2026\/04\/30\/nr-1-riscos-psicossociais-e-o-papel-das-empresas-na-saude-do-trabalho\/","og_locale":"pt_BR","og_type":"article","og_title":"NR-1, riscos psicossociais e o papel das empresas na sa\u00fade do trabalho - Ub\u00e1 News","og_description":"NR-1, riscos psicossociais e o papel das empresas na sa\u00fade do trabalho. Gest\u00e3o da Felicidade nas empresas com melhoria do ambinete.","og_url":"https:\/\/ubanews.com\/site\/2026\/04\/30\/nr-1-riscos-psicossociais-e-o-papel-das-empresas-na-saude-do-trabalho\/","og_site_name":"Ub\u00e1 News","article_publisher":"https:\/\/www.facebook.com\/Ub%c3%a1News-Carlos-Roberto-Sodr%c3%a9-418778301977370","article_published_time":"2026-04-30T14:29:01+00:00","article_modified_time":"2026-04-30T14:47:24+00:00","og_image":[{"width":1069,"height":600,"url":"https:\/\/ubanews.com\/site\/wp-content\/uploads\/2026\/04\/Fala-Sodre-A-Saude-da-empresa-no-tempo-da-NR-1-com-Alziane-Barreto-Renata-Dutra-Ferndanda-Leonardo-e-Pedro-Henriques-.jpg","type":"image\/jpeg"}],"author":"Carlos Roberto Sodr\u00e9","twitter_card":"summary_large_image","twitter_misc":{"Escrito por":"Carlos Roberto Sodr\u00e9","Est. tempo de leitura":"8 minutos"},"schema":{"@context":"https:\/\/schema.org","@graph":[{"@type":"Article","@id":"https:\/\/ubanews.com\/site\/2026\/04\/30\/nr-1-riscos-psicossociais-e-o-papel-das-empresas-na-saude-do-trabalho\/#article","isPartOf":{"@id":"https:\/\/ubanews.com\/site\/2026\/04\/30\/nr-1-riscos-psicossociais-e-o-papel-das-empresas-na-saude-do-trabalho\/"},"author":{"name":"Carlos Roberto Sodr\u00e9","@id":"https:\/\/ubanews.com\/site\/#\/schema\/person\/9d8da9ec3c8d00640ab6e8c81e103310"},"headline":"NR-1, riscos psicossociais e o papel das empresas na sa\u00fade do trabalho","datePublished":"2026-04-30T14:29:01+00:00","dateModified":"2026-04-30T14:47:24+00:00","mainEntityOfPage":{"@id":"https:\/\/ubanews.com\/site\/2026\/04\/30\/nr-1-riscos-psicossociais-e-o-papel-das-empresas-na-saude-do-trabalho\/"},"wordCount":1510,"commentCount":0,"publisher":{"@id":"https:\/\/ubanews.com\/site\/#organization"},"image":{"@id":"https:\/\/ubanews.com\/site\/2026\/04\/30\/nr-1-riscos-psicossociais-e-o-papel-das-empresas-na-saude-do-trabalho\/#primaryimage"},"thumbnailUrl":"https:\/\/ubanews.com\/site\/wp-content\/uploads\/2026\/04\/Fala-Sodre-A-Saude-da-empresa-no-tempo-da-NR-1-com-Alziane-Barreto-Renata-Dutra-Ferndanda-Leonardo-e-Pedro-Henriques-.jpg","articleSection":["DESTAQUE PRINCIPAL","Geral","Slide"],"inLanguage":"pt-BR","potentialAction":[{"@type":"CommentAction","name":"Comment","target":["https:\/\/ubanews.com\/site\/2026\/04\/30\/nr-1-riscos-psicossociais-e-o-papel-das-empresas-na-saude-do-trabalho\/#respond"]}]},{"@type":"WebPage","@id":"https:\/\/ubanews.com\/site\/2026\/04\/30\/nr-1-riscos-psicossociais-e-o-papel-das-empresas-na-saude-do-trabalho\/","url":"https:\/\/ubanews.com\/site\/2026\/04\/30\/nr-1-riscos-psicossociais-e-o-papel-das-empresas-na-saude-do-trabalho\/","name":"NR-1, riscos psicossociais e o papel das empresas na sa\u00fade do trabalho - Ub\u00e1 News","isPartOf":{"@id":"https:\/\/ubanews.com\/site\/#website"},"primaryImageOfPage":{"@id":"https:\/\/ubanews.com\/site\/2026\/04\/30\/nr-1-riscos-psicossociais-e-o-papel-das-empresas-na-saude-do-trabalho\/#primaryimage"},"image":{"@id":"https:\/\/ubanews.com\/site\/2026\/04\/30\/nr-1-riscos-psicossociais-e-o-papel-das-empresas-na-saude-do-trabalho\/#primaryimage"},"thumbnailUrl":"https:\/\/ubanews.com\/site\/wp-content\/uploads\/2026\/04\/Fala-Sodre-A-Saude-da-empresa-no-tempo-da-NR-1-com-Alziane-Barreto-Renata-Dutra-Ferndanda-Leonardo-e-Pedro-Henriques-.jpg","datePublished":"2026-04-30T14:29:01+00:00","dateModified":"2026-04-30T14:47:24+00:00","description":"NR-1, riscos psicossociais e o papel das empresas na sa\u00fade do trabalho. Gest\u00e3o da Felicidade nas empresas com melhoria do ambinete.","breadcrumb":{"@id":"https:\/\/ubanews.com\/site\/2026\/04\/30\/nr-1-riscos-psicossociais-e-o-papel-das-empresas-na-saude-do-trabalho\/#breadcrumb"},"inLanguage":"pt-BR","potentialAction":[{"@type":"ReadAction","target":["https:\/\/ubanews.com\/site\/2026\/04\/30\/nr-1-riscos-psicossociais-e-o-papel-das-empresas-na-saude-do-trabalho\/"]}]},{"@type":"ImageObject","inLanguage":"pt-BR","@id":"https:\/\/ubanews.com\/site\/2026\/04\/30\/nr-1-riscos-psicossociais-e-o-papel-das-empresas-na-saude-do-trabalho\/#primaryimage","url":"https:\/\/ubanews.com\/site\/wp-content\/uploads\/2026\/04\/Fala-Sodre-A-Saude-da-empresa-no-tempo-da-NR-1-com-Alziane-Barreto-Renata-Dutra-Ferndanda-Leonardo-e-Pedro-Henriques-.jpg","contentUrl":"https:\/\/ubanews.com\/site\/wp-content\/uploads\/2026\/04\/Fala-Sodre-A-Saude-da-empresa-no-tempo-da-NR-1-com-Alziane-Barreto-Renata-Dutra-Ferndanda-Leonardo-e-Pedro-Henriques-.jpg","width":1069,"height":600},{"@type":"BreadcrumbList","@id":"https:\/\/ubanews.com\/site\/2026\/04\/30\/nr-1-riscos-psicossociais-e-o-papel-das-empresas-na-saude-do-trabalho\/#breadcrumb","itemListElement":[{"@type":"ListItem","position":1,"name":"Home","item":"https:\/\/ubanews.com\/site\/"},{"@type":"ListItem","position":2,"name":"NR-1, riscos psicossociais e o papel das empresas na sa\u00fade do trabalho"}]},{"@type":"WebSite","@id":"https:\/\/ubanews.com\/site\/#website","url":"https:\/\/ubanews.com\/site\/","name":"Ub\u00e1 News","description":"","publisher":{"@id":"https:\/\/ubanews.com\/site\/#organization"},"potentialAction":[{"@type":"SearchAction","target":{"@type":"EntryPoint","urlTemplate":"https:\/\/ubanews.com\/site\/?s={search_term_string}"},"query-input":{"@type":"PropertyValueSpecification","valueRequired":true,"valueName":"search_term_string"}}],"inLanguage":"pt-BR"},{"@type":"Organization","@id":"https:\/\/ubanews.com\/site\/#organization","name":"Ub\u00e1 News","url":"https:\/\/ubanews.com\/site\/","logo":{"@type":"ImageObject","inLanguage":"pt-BR","@id":"https:\/\/ubanews.com\/site\/#\/schema\/logo\/image\/","url":"https:\/\/ubanews.com\/site\/wp-content\/uploads\/2018\/01\/logoubanews.png","contentUrl":"https:\/\/ubanews.com\/site\/wp-content\/uploads\/2018\/01\/logoubanews.png","width":261,"height":99,"caption":"Ub\u00e1 News"},"image":{"@id":"https:\/\/ubanews.com\/site\/#\/schema\/logo\/image\/"},"sameAs":["https:\/\/www.facebook.com\/Ub\u00e1News-Carlos-Roberto-Sodr\u00e9-418778301977370"]},{"@type":"Person","@id":"https:\/\/ubanews.com\/site\/#\/schema\/person\/9d8da9ec3c8d00640ab6e8c81e103310","name":"Carlos Roberto Sodr\u00e9","image":{"@type":"ImageObject","inLanguage":"pt-BR","@id":"https:\/\/secure.gravatar.com\/avatar\/aab322e8555b56c468614fafdab8a8f924e394cdc6cfd8232f77e9e4d123a133?s=96&d=mm&r=g","url":"https:\/\/secure.gravatar.com\/avatar\/aab322e8555b56c468614fafdab8a8f924e394cdc6cfd8232f77e9e4d123a133?s=96&d=mm&r=g","contentUrl":"https:\/\/secure.gravatar.com\/avatar\/aab322e8555b56c468614fafdab8a8f924e394cdc6cfd8232f77e9e4d123a133?s=96&d=mm&r=g","caption":"Carlos Roberto Sodr\u00e9"},"url":"https:\/\/ubanews.com\/site\/author\/sodre\/"}]}},"_links":{"self":[{"href":"https:\/\/ubanews.com\/site\/wp-json\/wp\/v2\/posts\/24719","targetHints":{"allow":["GET"]}}],"collection":[{"href":"https:\/\/ubanews.com\/site\/wp-json\/wp\/v2\/posts"}],"about":[{"href":"https:\/\/ubanews.com\/site\/wp-json\/wp\/v2\/types\/post"}],"author":[{"embeddable":true,"href":"https:\/\/ubanews.com\/site\/wp-json\/wp\/v2\/users\/4"}],"replies":[{"embeddable":true,"href":"https:\/\/ubanews.com\/site\/wp-json\/wp\/v2\/comments?post=24719"}],"version-history":[{"count":0,"href":"https:\/\/ubanews.com\/site\/wp-json\/wp\/v2\/posts\/24719\/revisions"}],"wp:featuredmedia":[{"embeddable":true,"href":"https:\/\/ubanews.com\/site\/wp-json\/wp\/v2\/media\/24720"}],"wp:attachment":[{"href":"https:\/\/ubanews.com\/site\/wp-json\/wp\/v2\/media?parent=24719"}],"wp:term":[{"taxonomy":"category","embeddable":true,"href":"https:\/\/ubanews.com\/site\/wp-json\/wp\/v2\/categories?post=24719"},{"taxonomy":"post_tag","embeddable":true,"href":"https:\/\/ubanews.com\/site\/wp-json\/wp\/v2\/tags?post=24719"}],"curies":[{"name":"wp","href":"https:\/\/api.w.org\/{rel}","templated":true}]}}