{"id":24706,"date":"2026-04-28T10:10:20","date_gmt":"2026-04-28T13:10:20","guid":{"rendered":"https:\/\/ubanews.com\/site\/?p=24706"},"modified":"2026-04-28T10:12:51","modified_gmt":"2026-04-28T13:12:51","slug":"o-proximo-passo-financas-pessoais","status":"publish","type":"post","link":"https:\/\/ubanews.com\/site\/2026\/04\/28\/o-proximo-passo-financas-pessoais\/","title":{"rendered":"O Pr\u00f3ximo Passo: Finan\u00e7as Pessoais para Recome\u00e7ar Come\u00e7a no Extrato"},"content":{"rendered":"\n<p>O Pr\u00f3ximo Passo: Finan\u00e7as Pessoais para Recome\u00e7ar Come\u00e7a no Extrato<\/p>\n\n\n\n<p>Nesta edi\u00e7\u00e3o do <strong>Fala Sodr\u00e9<\/strong>, o programa recebeu <strong>Luciano Duque<\/strong>, palestrante que estar\u00e1 no <strong>Audit\u00f3rio da ACIUB\u00c1<\/strong>, nesta <strong>quarta-feira, dia 29<\/strong>, para conduzir a palestra <strong>\u201cO Pr\u00f3ximo Passo: Finan\u00e7as Pessoais para Recome\u00e7ar\u201d<\/strong>.<\/p>\n\n\n\n<p>Na aus\u00eancia do rep\u00f3rter <strong>Carlos Roberto Sodr\u00e9<\/strong>, quem conduziu a entrevista foi <strong>Pedro Henriques Guimar\u00e3es Filho<\/strong>, que tamb\u00e9m assina a gera\u00e7\u00e3o de conte\u00fado desta edi\u00e7\u00e3o. O encontro promoveu uma conversa direta, provocativa e necess\u00e1ria sobre dinheiro, comportamento e responsabilidade financeira.<\/p>\n\n\n\n<p>Desde o in\u00edcio, o tom foi claro. Antes de falar sobre empresa, investimentos ou crescimento, \u00e9 preciso olhar para dentro. Mais especificamente, olhar para o <strong>extrato da conta-corrente<\/strong>.<\/p>\n\n\n\n<h2 class=\"wp-block-heading\">O Pr\u00f3ximo Passo: Finan\u00e7as Pessoais para Recome\u00e7ar Come\u00e7a no Extrato<\/h2>\n\n\n\n<figure class=\"wp-block-image size-large\"><a href=\"https:\/\/docs.google.com\/forms\/d\/1EEtQwoveaeEUx--BDkyDIltXdX_KObzt0EiOLwhNXXw\/viewform?edit_requested=true\" target=\"_blank\" rel=\" noreferrer noopener\"><img decoding=\"async\" width=\"1024\" height=\"574\" data-src=\"https:\/\/ubanews.com\/site\/wp-content\/uploads\/2026\/04\/Fala-Sodre-Proximo-Passo-Financas-momento-de-recomecar-com-Luciano-Duque-Apoio-UNIFAGOC-INDICCA-ponto-COM-1024x574.jpg\" alt=\"\" class=\"wp-image-24707 lazyload\" data-srcset=\"https:\/\/ubanews.com\/site\/wp-content\/uploads\/2026\/04\/Fala-Sodre-Proximo-Passo-Financas-momento-de-recomecar-com-Luciano-Duque-Apoio-UNIFAGOC-INDICCA-ponto-COM-1024x574.jpg 1024w, https:\/\/ubanews.com\/site\/wp-content\/uploads\/2026\/04\/Fala-Sodre-Proximo-Passo-Financas-momento-de-recomecar-com-Luciano-Duque-Apoio-UNIFAGOC-INDICCA-ponto-COM-300x168.jpg 300w, https:\/\/ubanews.com\/site\/wp-content\/uploads\/2026\/04\/Fala-Sodre-Proximo-Passo-Financas-momento-de-recomecar-com-Luciano-Duque-Apoio-UNIFAGOC-INDICCA-ponto-COM-768x431.jpg 768w, https:\/\/ubanews.com\/site\/wp-content\/uploads\/2026\/04\/Fala-Sodre-Proximo-Passo-Financas-momento-de-recomecar-com-Luciano-Duque-Apoio-UNIFAGOC-INDICCA-ponto-COM.jpg 1068w\" data-sizes=\"(max-width: 1024px) 100vw, 1024px\" src=\"data:image\/svg+xml;base64,PHN2ZyB3aWR0aD0iMSIgaGVpZ2h0PSIxIiB4bWxucz0iaHR0cDovL3d3dy53My5vcmcvMjAwMC9zdmciPjwvc3ZnPg==\" style=\"--smush-placeholder-width: 1024px; --smush-placeholder-aspect-ratio: 1024\/574;\" \/><\/a><\/figure>\n\n\n\n<figure class=\"wp-block-gallery has-nested-images columns-default is-cropped wp-block-gallery-1 is-layout-flex wp-block-gallery-is-layout-flex\">\n<figure class=\"wp-block-image size-large\"><img decoding=\"async\" width=\"1024\" height=\"576\" data-id=\"24708\" data-src=\"https:\/\/ubanews.com\/site\/wp-content\/uploads\/2026\/04\/Fala-Sodre-Proximo-Passo-Financas-momento-de-recomecar-com-Luciano-Duque-Apoio-UNIFAGOC-e-UNIMED-UBA-v-1024x576.jpg\" alt=\"\" class=\"wp-image-24708 lazyload\" data-srcset=\"https:\/\/ubanews.com\/site\/wp-content\/uploads\/2026\/04\/Fala-Sodre-Proximo-Passo-Financas-momento-de-recomecar-com-Luciano-Duque-Apoio-UNIFAGOC-e-UNIMED-UBA-v-1024x576.jpg 1024w, https:\/\/ubanews.com\/site\/wp-content\/uploads\/2026\/04\/Fala-Sodre-Proximo-Passo-Financas-momento-de-recomecar-com-Luciano-Duque-Apoio-UNIFAGOC-e-UNIMED-UBA-v-300x169.jpg 300w, https:\/\/ubanews.com\/site\/wp-content\/uploads\/2026\/04\/Fala-Sodre-Proximo-Passo-Financas-momento-de-recomecar-com-Luciano-Duque-Apoio-UNIFAGOC-e-UNIMED-UBA-v-768x432.jpg 768w, https:\/\/ubanews.com\/site\/wp-content\/uploads\/2026\/04\/Fala-Sodre-Proximo-Passo-Financas-momento-de-recomecar-com-Luciano-Duque-Apoio-UNIFAGOC-e-UNIMED-UBA-v.jpg 1064w\" data-sizes=\"(max-width: 1024px) 100vw, 1024px\" src=\"data:image\/svg+xml;base64,PHN2ZyB3aWR0aD0iMSIgaGVpZ2h0PSIxIiB4bWxucz0iaHR0cDovL3d3dy53My5vcmcvMjAwMC9zdmciPjwvc3ZnPg==\" style=\"--smush-placeholder-width: 1024px; --smush-placeholder-aspect-ratio: 1024\/576;\" \/><\/figure>\n\n\n\n<figure class=\"wp-block-image size-large\"><img decoding=\"async\" width=\"1024\" height=\"568\" data-id=\"24709\" data-src=\"https:\/\/ubanews.com\/site\/wp-content\/uploads\/2026\/04\/Fala-Sodre-Proximo-Passo-Financas-momento-de-recomecar-com-Luciano-Duque-Apoio-UNIFAGOC-Oticas-Precisao-1024x568.jpg\" alt=\"\" class=\"wp-image-24709 lazyload\" data-srcset=\"https:\/\/ubanews.com\/site\/wp-content\/uploads\/2026\/04\/Fala-Sodre-Proximo-Passo-Financas-momento-de-recomecar-com-Luciano-Duque-Apoio-UNIFAGOC-Oticas-Precisao-1024x568.jpg 1024w, https:\/\/ubanews.com\/site\/wp-content\/uploads\/2026\/04\/Fala-Sodre-Proximo-Passo-Financas-momento-de-recomecar-com-Luciano-Duque-Apoio-UNIFAGOC-Oticas-Precisao-300x167.jpg 300w, https:\/\/ubanews.com\/site\/wp-content\/uploads\/2026\/04\/Fala-Sodre-Proximo-Passo-Financas-momento-de-recomecar-com-Luciano-Duque-Apoio-UNIFAGOC-Oticas-Precisao-768x426.jpg 768w, https:\/\/ubanews.com\/site\/wp-content\/uploads\/2026\/04\/Fala-Sodre-Proximo-Passo-Financas-momento-de-recomecar-com-Luciano-Duque-Apoio-UNIFAGOC-Oticas-Precisao-360x200.jpg 360w, https:\/\/ubanews.com\/site\/wp-content\/uploads\/2026\/04\/Fala-Sodre-Proximo-Passo-Financas-momento-de-recomecar-com-Luciano-Duque-Apoio-UNIFAGOC-Oticas-Precisao.jpg 1070w\" data-sizes=\"(max-width: 1024px) 100vw, 1024px\" src=\"data:image\/svg+xml;base64,PHN2ZyB3aWR0aD0iMSIgaGVpZ2h0PSIxIiB4bWxucz0iaHR0cDovL3d3dy53My5vcmcvMjAwMC9zdmciPjwvc3ZnPg==\" style=\"--smush-placeholder-width: 1024px; --smush-placeholder-aspect-ratio: 1024\/568;\" \/><\/figure>\n\n\n\n<figure class=\"wp-block-image size-large\"><img decoding=\"async\" width=\"1024\" height=\"571\" data-id=\"24710\" data-src=\"https:\/\/ubanews.com\/site\/wp-content\/uploads\/2026\/04\/Fala-Sodre-Proximo-Passo-Financas-momento-de-recomecar-com-Luciano-Duque-Apoio-UNIFAGOC-1024x571.jpg\" alt=\"\" class=\"wp-image-24710 lazyload\" data-srcset=\"https:\/\/ubanews.com\/site\/wp-content\/uploads\/2026\/04\/Fala-Sodre-Proximo-Passo-Financas-momento-de-recomecar-com-Luciano-Duque-Apoio-UNIFAGOC-1024x571.jpg 1024w, https:\/\/ubanews.com\/site\/wp-content\/uploads\/2026\/04\/Fala-Sodre-Proximo-Passo-Financas-momento-de-recomecar-com-Luciano-Duque-Apoio-UNIFAGOC-300x167.jpg 300w, https:\/\/ubanews.com\/site\/wp-content\/uploads\/2026\/04\/Fala-Sodre-Proximo-Passo-Financas-momento-de-recomecar-com-Luciano-Duque-Apoio-UNIFAGOC-768x428.jpg 768w, https:\/\/ubanews.com\/site\/wp-content\/uploads\/2026\/04\/Fala-Sodre-Proximo-Passo-Financas-momento-de-recomecar-com-Luciano-Duque-Apoio-UNIFAGOC-360x200.jpg 360w, https:\/\/ubanews.com\/site\/wp-content\/uploads\/2026\/04\/Fala-Sodre-Proximo-Passo-Financas-momento-de-recomecar-com-Luciano-Duque-Apoio-UNIFAGOC.jpg 1067w\" data-sizes=\"(max-width: 1024px) 100vw, 1024px\" src=\"data:image\/svg+xml;base64,PHN2ZyB3aWR0aD0iMSIgaGVpZ2h0PSIxIiB4bWxucz0iaHR0cDovL3d3dy53My5vcmcvMjAwMC9zdmciPjwvc3ZnPg==\" style=\"--smush-placeholder-width: 1024px; --smush-placeholder-aspect-ratio: 1024\/571;\" \/><\/figure>\n\n\n\n<figure class=\"wp-block-image size-large\"><img decoding=\"async\" width=\"1024\" height=\"571\" data-id=\"24711\" data-src=\"https:\/\/ubanews.com\/site\/wp-content\/uploads\/2026\/04\/Fala-Sodre-Proximo-Passo-Financas-momento-de-recomecar-com-Luciano-Duque-Apoio-UNIFAGOC-e-UNIMED-UBA-1024x571.jpg\" alt=\"\" class=\"wp-image-24711 lazyload\" data-srcset=\"https:\/\/ubanews.com\/site\/wp-content\/uploads\/2026\/04\/Fala-Sodre-Proximo-Passo-Financas-momento-de-recomecar-com-Luciano-Duque-Apoio-UNIFAGOC-e-UNIMED-UBA-1024x571.jpg 1024w, https:\/\/ubanews.com\/site\/wp-content\/uploads\/2026\/04\/Fala-Sodre-Proximo-Passo-Financas-momento-de-recomecar-com-Luciano-Duque-Apoio-UNIFAGOC-e-UNIMED-UBA-300x167.jpg 300w, https:\/\/ubanews.com\/site\/wp-content\/uploads\/2026\/04\/Fala-Sodre-Proximo-Passo-Financas-momento-de-recomecar-com-Luciano-Duque-Apoio-UNIFAGOC-e-UNIMED-UBA-768x428.jpg 768w, https:\/\/ubanews.com\/site\/wp-content\/uploads\/2026\/04\/Fala-Sodre-Proximo-Passo-Financas-momento-de-recomecar-com-Luciano-Duque-Apoio-UNIFAGOC-e-UNIMED-UBA-360x200.jpg 360w, https:\/\/ubanews.com\/site\/wp-content\/uploads\/2026\/04\/Fala-Sodre-Proximo-Passo-Financas-momento-de-recomecar-com-Luciano-Duque-Apoio-UNIFAGOC-e-UNIMED-UBA.jpg 1069w\" data-sizes=\"(max-width: 1024px) 100vw, 1024px\" src=\"data:image\/svg+xml;base64,PHN2ZyB3aWR0aD0iMSIgaGVpZ2h0PSIxIiB4bWxucz0iaHR0cDovL3d3dy53My5vcmcvMjAwMC9zdmciPjwvc3ZnPg==\" style=\"--smush-placeholder-width: 1024px; --smush-placeholder-aspect-ratio: 1024\/571;\" \/><\/figure>\n\n\n\n<figure class=\"wp-block-image size-large\"><img decoding=\"async\" width=\"1024\" height=\"570\" data-id=\"24712\" data-src=\"https:\/\/ubanews.com\/site\/wp-content\/uploads\/2026\/04\/Fala-Sodre-Proximo-Passo-Financas-momento-de-recomecar-com-Luciano-Duque-Apoio-Luciano-Motos-1024x570.jpg\" alt=\"\" class=\"wp-image-24712 lazyload\" data-srcset=\"https:\/\/ubanews.com\/site\/wp-content\/uploads\/2026\/04\/Fala-Sodre-Proximo-Passo-Financas-momento-de-recomecar-com-Luciano-Duque-Apoio-Luciano-Motos-1024x570.jpg 1024w, https:\/\/ubanews.com\/site\/wp-content\/uploads\/2026\/04\/Fala-Sodre-Proximo-Passo-Financas-momento-de-recomecar-com-Luciano-Duque-Apoio-Luciano-Motos-300x167.jpg 300w, https:\/\/ubanews.com\/site\/wp-content\/uploads\/2026\/04\/Fala-Sodre-Proximo-Passo-Financas-momento-de-recomecar-com-Luciano-Duque-Apoio-Luciano-Motos-768x427.jpg 768w, https:\/\/ubanews.com\/site\/wp-content\/uploads\/2026\/04\/Fala-Sodre-Proximo-Passo-Financas-momento-de-recomecar-com-Luciano-Duque-Apoio-Luciano-Motos-360x200.jpg 360w, https:\/\/ubanews.com\/site\/wp-content\/uploads\/2026\/04\/Fala-Sodre-Proximo-Passo-Financas-momento-de-recomecar-com-Luciano-Duque-Apoio-Luciano-Motos.jpg 1066w\" data-sizes=\"(max-width: 1024px) 100vw, 1024px\" src=\"data:image\/svg+xml;base64,PHN2ZyB3aWR0aD0iMSIgaGVpZ2h0PSIxIiB4bWxucz0iaHR0cDovL3d3dy53My5vcmcvMjAwMC9zdmciPjwvc3ZnPg==\" style=\"--smush-placeholder-width: 1024px; --smush-placeholder-aspect-ratio: 1024\/570;\" \/><\/figure>\n\n\n\n<figure class=\"wp-block-image size-large\"><img decoding=\"async\" width=\"1024\" height=\"570\" data-id=\"24713\" data-src=\"https:\/\/ubanews.com\/site\/wp-content\/uploads\/2026\/04\/Fala-Sodre-Proximo-Passo-Financas-momento-de-recomecar-com-Luciano-Duque-Apoio-Uba-Conect-1024x570.jpg\" alt=\"\" class=\"wp-image-24713 lazyload\" data-srcset=\"https:\/\/ubanews.com\/site\/wp-content\/uploads\/2026\/04\/Fala-Sodre-Proximo-Passo-Financas-momento-de-recomecar-com-Luciano-Duque-Apoio-Uba-Conect-1024x570.jpg 1024w, https:\/\/ubanews.com\/site\/wp-content\/uploads\/2026\/04\/Fala-Sodre-Proximo-Passo-Financas-momento-de-recomecar-com-Luciano-Duque-Apoio-Uba-Conect-300x167.jpg 300w, https:\/\/ubanews.com\/site\/wp-content\/uploads\/2026\/04\/Fala-Sodre-Proximo-Passo-Financas-momento-de-recomecar-com-Luciano-Duque-Apoio-Uba-Conect-768x428.jpg 768w, https:\/\/ubanews.com\/site\/wp-content\/uploads\/2026\/04\/Fala-Sodre-Proximo-Passo-Financas-momento-de-recomecar-com-Luciano-Duque-Apoio-Uba-Conect-360x200.jpg 360w, https:\/\/ubanews.com\/site\/wp-content\/uploads\/2026\/04\/Fala-Sodre-Proximo-Passo-Financas-momento-de-recomecar-com-Luciano-Duque-Apoio-Uba-Conect.jpg 1070w\" data-sizes=\"(max-width: 1024px) 100vw, 1024px\" src=\"data:image\/svg+xml;base64,PHN2ZyB3aWR0aD0iMSIgaGVpZ2h0PSIxIiB4bWxucz0iaHR0cDovL3d3dy53My5vcmcvMjAwMC9zdmciPjwvc3ZnPg==\" style=\"--smush-placeholder-width: 1024px; --smush-placeholder-aspect-ratio: 1024\/570;\" \/><\/figure>\n\n\n\n<figure class=\"wp-block-image size-large\"><img decoding=\"async\" width=\"1024\" height=\"570\" data-id=\"24714\" data-src=\"https:\/\/ubanews.com\/site\/wp-content\/uploads\/2026\/04\/Fala-Sodre-Proximo-Passo-Financas-momento-de-recomecar-com-Luciano-Duque-Apoio-Auto-Escola-1024x570.jpg\" alt=\"\" class=\"wp-image-24714 lazyload\" data-srcset=\"https:\/\/ubanews.com\/site\/wp-content\/uploads\/2026\/04\/Fala-Sodre-Proximo-Passo-Financas-momento-de-recomecar-com-Luciano-Duque-Apoio-Auto-Escola-1024x570.jpg 1024w, https:\/\/ubanews.com\/site\/wp-content\/uploads\/2026\/04\/Fala-Sodre-Proximo-Passo-Financas-momento-de-recomecar-com-Luciano-Duque-Apoio-Auto-Escola-300x167.jpg 300w, https:\/\/ubanews.com\/site\/wp-content\/uploads\/2026\/04\/Fala-Sodre-Proximo-Passo-Financas-momento-de-recomecar-com-Luciano-Duque-Apoio-Auto-Escola-768x427.jpg 768w, https:\/\/ubanews.com\/site\/wp-content\/uploads\/2026\/04\/Fala-Sodre-Proximo-Passo-Financas-momento-de-recomecar-com-Luciano-Duque-Apoio-Auto-Escola-360x200.jpg 360w, https:\/\/ubanews.com\/site\/wp-content\/uploads\/2026\/04\/Fala-Sodre-Proximo-Passo-Financas-momento-de-recomecar-com-Luciano-Duque-Apoio-Auto-Escola.jpg 1069w\" data-sizes=\"(max-width: 1024px) 100vw, 1024px\" src=\"data:image\/svg+xml;base64,PHN2ZyB3aWR0aD0iMSIgaGVpZ2h0PSIxIiB4bWxucz0iaHR0cDovL3d3dy53My5vcmcvMjAwMC9zdmciPjwvc3ZnPg==\" style=\"--smush-placeholder-width: 1024px; --smush-placeholder-aspect-ratio: 1024\/570;\" \/><\/figure>\n<\/figure>\n\n\n\n<h3 class=\"wp-block-heading\">O extrato n\u00e3o mente sobre prioridades financeiras<\/h3>\n\n\n\n<p>Primeiramente, Luciano Duque apresentou uma ideia simples e poderosa. As prioridades de uma pessoa n\u00e3o aparecem no discurso. Elas surgem no extrato banc\u00e1rio.<\/p>\n\n\n\n<p>Segundo ele, muitas pessoas afirmam que d\u00e3o prioridade \u00e0 sa\u00fade, \u00e0 fam\u00edlia ou ao futuro. Entretanto, quando analisam para onde o dinheiro realmente vai, a hist\u00f3ria muda completamente.<\/p>\n\n\n\n<blockquote class=\"wp-block-quote is-layout-flow wp-block-quote-is-layout-flow\">\n<p>\u201cO dinheiro vai para aquilo que voc\u00ea prioriza. Se ele n\u00e3o vai para academia, reserva ou aposentadoria, ent\u00e3o isso n\u00e3o \u00e9 prioridade\u201d, afirmou Luciano.<\/p>\n<\/blockquote>\n\n\n\n<p>Ou seja, o extrato funciona como um espelho financeiro. Ele mostra, com total clareza, o que se fala e o que se faz. Quando existe diferen\u00e7a entre discurso e pr\u00e1tica, surge um sinal de alerta.<\/p>\n\n\n\n<p>Por isso, o primeiro passo n\u00e3o envolve planilhas complexas. Envolve <strong>consci\u00eancia<\/strong>.<\/p>\n\n\n\n<h3 class=\"wp-block-heading\">O problema financeiro n\u00e3o est\u00e1 na renda, mas no comportamento<\/h3>\n\n\n\n<p>Em seguida, a conversa avan\u00e7ou para um mito comum. Muitas pessoas acreditam que o endividamento est\u00e1 ligado apenas a quem ganha pouco. Luciano desconstruiu essa ideia com facilidade.<\/p>\n\n\n\n<p>De acordo com ele, quem ganha muito tamb\u00e9m se endivida. Em muitos casos, na mesma propor\u00e7\u00e3o.<\/p>\n\n\n\n<blockquote class=\"wp-block-quote is-layout-flow wp-block-quote-is-layout-flow\">\n<p>\u201cA crise nunca foi o valor que a pessoa ganha. A quest\u00e3o sempre foi comportamento\u201d, destacou.<\/p>\n<\/blockquote>\n\n\n\n<p>Assim, decis\u00f5es impulsivas, justificativas emocionais e falta de planejamento criam problemas financeiros em qualquer faixa de renda.<\/p>\n\n\n\n<p>Portanto, ganhar mais n\u00e3o resolve. Adaptar o comportamento resolve.<\/p>\n\n\n\n<h3 class=\"wp-block-heading\">Antes da compra, segure por 24 horas<\/h3>\n\n\n\n<p>Entre todas as dicas apresentadas, uma se destacou pela simplicidade e efic\u00e1cia. Luciano sugeriu criar o <strong>h\u00e1bito de esperar 24 horas antes de efetivar uma compra<\/strong>.<\/p>\n\n\n\n<p>Segundo ele, o impulso raramente \u00e9 um bom conselheiro. Promo\u00e7\u00f5es, escassez artificial e gatilhos emocionais levam decis\u00f5es precipitadas.<\/p>\n\n\n\n<blockquote class=\"wp-block-quote is-layout-flow wp-block-quote-is-layout-flow\">\n<p>\u201cVoc\u00ea decide primeiro e arruma a justificativa depois\u201d, explicou.<\/p>\n<\/blockquote>\n\n\n\n<p>Logo depois de ouvir um \u201c\u00e9 s\u00f3 hoje\u201d ou \u201c\u00faltimas unidades\u201d, o c\u00e9rebro entra no modo emocional. Nesse estado, o racioc\u00ednio racional perde espa\u00e7o.<\/p>\n\n\n\n<p>Portanto, ao adiar a compra por um dia, a emo\u00e7\u00e3o esfria. No dia seguinte, muitas decis\u00f5es simplesmente perdem o sentido.<\/p>\n\n\n\n<p>Essa pr\u00e1tica vale para gastos, investimentos e at\u00e9 lazer.<\/p>\n\n\n\n<h3 class=\"wp-block-heading\">A mentira financeira que contamos para n\u00f3s mesmos<\/h3>\n\n\n\n<p>Outro ponto central da conversa envolveu a honestidade pessoal. Para Luciano, muitas pessoas sabem que est\u00e3o se enganando financeiramente.<\/p>\n\n\n\n<blockquote class=\"wp-block-quote is-layout-flow wp-block-quote-is-layout-flow\">\n<p>\u201cNosso ser sabe que \u00e9 mentira. E isso gera frustra\u00e7\u00e3o\u201d, afirmou.<\/p>\n<\/blockquote>\n\n\n\n<p>Segundo ele, o problema n\u00e3o \u00e9 errar uma vez. O problema surge quando o erro vira h\u00e1bito e passa a ser justificado constantemente.<\/p>\n\n\n\n<p>Assim, a falta de alinhamento entre realidade e narrativa pessoal cria culpa, ansiedade e sensa\u00e7\u00e3o de descontrole.<\/p>\n\n\n\n<p>Por isso, reconhecer o problema representa um avan\u00e7o significativo. Fugir dele apenas prolonga o sofrimento financeiro.<\/p>\n\n\n\n<h3 class=\"wp-block-heading\">Responsabilidade individual vem antes da crise externa<\/h3>\n\n\n\n<p>Durante o programa, tamb\u00e9m houve espa\u00e7o para reflex\u00e3o sobre crises externas, enchentes e dificuldades recentes enfrentadas por empres\u00e1rios e trabalhadores da regi\u00e3o.<\/p>\n\n\n\n<p>Luciano foi enf\u00e1tico. Existem problemas que n\u00e3o dependem do indiv\u00edduo. Por\u00e9m, muitos outros dependem.<\/p>\n\n\n\n<blockquote class=\"wp-block-quote is-layout-flow wp-block-quote-is-layout-flow\">\n<p>\u201cNingu\u00e9m vai vir agora resolver um problema que j\u00e1 vem l\u00e1 de tr\u00e1s\u201d, alertou.<\/p>\n<\/blockquote>\n\n\n\n<p>Antes de qualquer crise, j\u00e1 existia ou n\u00e3o uma reserva? J\u00e1 havia controle de gastos? J\u00e1 existia separa\u00e7\u00e3o entre finan\u00e7as pessoais e empresariais?<\/p>\n\n\n\n<p>Essas perguntas continuam v\u00e1lidas, independentemente do contexto externo.<\/p>\n\n\n\n<h3 class=\"wp-block-heading\">Empresa e pessoa precisam conversar financeiramente<\/h3>\n\n\n\n<p>Outro erro recorrente destacado na entrevista envolve a mistura entre dinheiro da empresa e dinheiro pessoal.<\/p>\n\n\n\n<p>Na pr\u00e1tica, muitos empres\u00e1rios n\u00e3o sabem exatamente para onde o dinheiro vai. Sabem apenas quando ele acaba.<\/p>\n\n\n\n<blockquote class=\"wp-block-quote is-layout-flow wp-block-quote-is-layout-flow\">\n<p>\u201cNa maioria das vezes, ele n\u00e3o sabe para onde o dinheiro vai e nem de onde ele vem\u201d, explicou Luciano.<\/p>\n<\/blockquote>\n\n\n\n<p>Sem classifica\u00e7\u00e3o de despesas, n\u00e3o existe gest\u00e3o. Sem gest\u00e3o, n\u00e3o existe crescimento sustent\u00e1vel.<\/p>\n\n\n\n<p>Portanto, organizar entradas e sa\u00eddas representa um passo b\u00e1sico, por\u00e9m transformador.<\/p>\n\n\n\n<h3 class=\"wp-block-heading\">Dinheiro tamb\u00e9m precisa ser assunto em fam\u00edlia<\/h3>\n\n\n\n<p>Al\u00e9m da empresa, Luciano trouxe um tema sens\u00edvel. O dinheiro ainda \u00e9 tabu dentro de casa.<\/p>\n\n\n\n<p>Segundo ele, muitas fam\u00edlias evitam falar sobre finan\u00e7as. O resultado aparece em conflitos, estresse e at\u00e9 div\u00f3rcios.<\/p>\n\n\n\n<blockquote class=\"wp-block-quote is-layout-flow wp-block-quote-is-layout-flow\">\n<p>\u201cQuando as pessoas n\u00e3o conversam sobre dinheiro, elas brigam por causa dele\u201d, disse.<\/p>\n<\/blockquote>\n\n\n\n<p>Casais, segundo Luciano, deveriam tratar finan\u00e7as antes mesmo do casamento. Da mesma forma, filhos precisam entender limites, prioridades e escolhas.<\/p>\n\n\n\n<p>Transpar\u00eancia financeira educa, fortalece v\u00ednculos e reduz conflitos.<\/p>\n\n\n\n<h3 class=\"wp-block-heading\">Educa\u00e7\u00e3o financeira n\u00e3o significa viver sem conforto<\/h3>\n\n\n\n<p>Durante a entrevista, Luciano cuidou de desfazer outro equ\u00edvoco comum. Educa\u00e7\u00e3o financeira n\u00e3o exige sofrimento.<\/p>\n\n\n\n<p>Ela exige escolhas.<\/p>\n\n\n\n<p>Ao comparar gastos com servi\u00e7os recorrentes, assinaturas n\u00e3o utilizadas e h\u00e1bitos autom\u00e1ticos, ele mostrou como decis\u00f5es simples podem gerar economia relevante ao longo do ano.<\/p>\n\n\n\n<blockquote class=\"wp-block-quote is-layout-flow wp-block-quote-is-layout-flow\">\n<p>\u201cAs pessoas associam educa\u00e7\u00e3o financeira a planilhas complicadas. N\u00e3o \u00e9 isso\u201d, explicou.<\/p>\n<\/blockquote>\n\n\n\n<p>Tudo come\u00e7a com uma pergunta objetiva: <strong>o que voc\u00ea quer da sua vida?<\/strong><\/p>\n\n\n\n<p>O dinheiro precisa servir ao sonho. Nunca o contr\u00e1rio.<\/p>\n\n\n\n<h3 class=\"wp-block-heading\">O carro, a casa e o verdadeiro custo das decis\u00f5es<\/h3>\n\n\n\n<p>Luciano trouxe exemplos pr\u00e1ticos sobre o custo de decis\u00f5es comuns. Manter um carro, por exemplo, envolve seguro, manuten\u00e7\u00e3o, impostos e desvaloriza\u00e7\u00e3o.<\/p>\n\n\n\n<p>Segundo ele, para algumas pessoas, aplicativos resolvem melhor a necessidade de locomo\u00e7\u00e3o. Para outras, o carro faz sentido.<\/p>\n\n\n\n<blockquote class=\"wp-block-quote is-layout-flow wp-block-quote-is-layout-flow\">\n<p>\u201cO dinheiro \u00e9 uma ferramenta para realizar o que \u00e9 importante para voc\u00ea\u201d, refor\u00e7ou.<\/p>\n<\/blockquote>\n\n\n\n<p>N\u00e3o existe certo ou errado universal. Existe coer\u00eancia entre desejo, uso e capacidade financeira.<\/p>\n\n\n\n<h3 class=\"wp-block-heading\">O pr\u00f3ximo passo come\u00e7a com uma pergunta simples<\/h3>\n\n\n\n<p>J\u00e1 no encerramento, Luciano apresentou uma pergunta poderosa:<\/p>\n\n\n\n<blockquote class=\"wp-block-quote is-layout-flow wp-block-quote-is-layout-flow\">\n<p>\u201cSe voc\u00ea hoje deixasse de receber, quanto tempo manteria seu padr\u00e3o de vida?\u201d<\/p>\n<\/blockquote>\n\n\n\n<p>Muitas pessoas respondem que n\u00e3o conseguiriam por nenhum m\u00eas. Mesmo ap\u00f3s anos de trabalho.<\/p>\n\n\n\n<p>Isso revela aus\u00eancia de reserva e falta de planejamento m\u00ednimo.<\/p>\n\n\n\n<p>Emerg\u00eancias sempre acontecem. O que muda \u00e9 o preparo.<\/p>\n\n\n<div class=\"wp-block-image\">\n<figure class=\"aligncenter size-full\"><a href=\"https:\/\/docs.google.com\/forms\/d\/1EEtQwoveaeEUx--BDkyDIltXdX_KObzt0EiOLwhNXXw\/viewform?edit_requested=true\" target=\"_blank\" rel=\" noreferrer noopener\"><img decoding=\"async\" width=\"633\" height=\"843\" data-src=\"https:\/\/ubanews.com\/site\/wp-content\/uploads\/2026\/04\/O-PROXIMO-PASSO-FINANCAS-PESSOAIS-PARA-RECOMECAR-LUCIANO-DUQUE-ACIUBA-1.jpg\" alt=\"O Pr\u00f3ximo Passo: Finan\u00e7as Pessoais para Recome\u00e7ar Come\u00e7a no Extrato\" class=\"wp-image-24716 lazyload\" data-srcset=\"https:\/\/ubanews.com\/site\/wp-content\/uploads\/2026\/04\/O-PROXIMO-PASSO-FINANCAS-PESSOAIS-PARA-RECOMECAR-LUCIANO-DUQUE-ACIUBA-1.jpg 633w, https:\/\/ubanews.com\/site\/wp-content\/uploads\/2026\/04\/O-PROXIMO-PASSO-FINANCAS-PESSOAIS-PARA-RECOMECAR-LUCIANO-DUQUE-ACIUBA-1-225x300.jpg 225w\" data-sizes=\"(max-width: 633px) 100vw, 633px\" src=\"data:image\/svg+xml;base64,PHN2ZyB3aWR0aD0iMSIgaGVpZ2h0PSIxIiB4bWxucz0iaHR0cDovL3d3dy53My5vcmcvMjAwMC9zdmciPjwvc3ZnPg==\" style=\"--smush-placeholder-width: 633px; --smush-placeholder-aspect-ratio: 633\/843;\" \/><\/a><\/figure>\n<\/div>\n\n\n<h3 class=\"wp-block-heading\">Palestra gratuita na ACIUB\u00c1 acontece nesta quarta-feira<\/h3>\n\n\n\n<p>A entrevista funcionou como um <strong>preview da palestra<\/strong> que acontecer\u00e1 nesta <strong>quarta-feira, dia 29<\/strong>, no <strong>Audit\u00f3rio da ACIUB\u00c1<\/strong>.<\/p>\n\n\n\n<p><a href=\"https:\/\/docs.google.com\/forms\/d\/1EEtQwoveaeEUx--BDkyDIltXdX_KObzt0EiOLwhNXXw\/viewform?edit_requested=true\">O evento \u00e9 <strong>gratuito<\/strong>, aberto para associados e n\u00e3o associados, e prop\u00f5e reflex\u00f5es pr\u00e1ticas sobre o <strong>pr\u00f3ximo passo financeiro<\/strong>.<\/a><\/p>\n\n\n\n<p>Mais do que teoria, a palestra convida \u00e0 a\u00e7\u00e3o. Pequena, poss\u00edvel e imediata.<\/p>\n\n\n\n<figure class=\"wp-block-embed is-provider-youtube wp-block-embed-youtube\"><div class=\"wp-block-embed__wrapper\">\n<iframe title=\"Fala Sodr\u00e9: O Pr\u00f3ximo Passo: Finan\u00e7as Pessoais para Recome\u00e7ar - 27\/04\/2026\" width=\"840\" height=\"473\" data-src=\"https:\/\/www.youtube.com\/embed\/gfDoxJ2mpok?feature=oembed\" frameborder=\"0\" allow=\"accelerometer; autoplay; clipboard-write; encrypted-media; gyroscope; picture-in-picture; web-share\" referrerpolicy=\"strict-origin-when-cross-origin\" allowfullscreen src=\"data:image\/svg+xml;base64,PHN2ZyB3aWR0aD0iMSIgaGVpZ2h0PSIxIiB4bWxucz0iaHR0cDovL3d3dy53My5vcmcvMjAwMC9zdmciPjwvc3ZnPg==\" class=\"lazyload\" data-load-mode=\"1\"><\/iframe>\n<\/div><\/figure>\n\n\n\n<h3 class=\"wp-block-heading\">Cr\u00e9ditos editoriais<\/h3>\n\n\n\n<p>&#x1f4da; <strong>Cobertura:<\/strong> Carlos Roberto Sodr\u00e9 <a href=\"https:\/\/wa.me\/553298481334\">WhatsApp<\/a><\/p>\n\n\n\n<p>&#x1f4f8; <strong>Imagens:<\/strong> Laisa Sodr\u00e9<\/p>\n\n\n\n<p>&#x1f4dd; <strong>Conte\u00fado: <\/strong><a href=\"https:\/\/www.linkedin.com\/in\/pedrohgf\/\">Pedro Henriques<\/a> \u2013 <a href=\"https:\/\/indicca.com.br\/blog\/\">INDICCA.COM<\/a>&nbsp; <a href=\"https:\/\/wa.me\/5532988020057\">WhatsApp<\/a><\/p>\n\n\n\n<p>&#x1f393; <strong>Evento:<\/strong> O Pr\u00f3ximo Passo: Finan\u00e7as Pessoais para Recome\u00e7ar Come\u00e7a no Extrato e identifique o que de fato gera s\u00e3o suas prioridades!<\/p>\n\n\n\n<h3 class=\"wp-block-heading\">Hastag<\/h3>\n\n\n\n<p>#FalaSodr\u00e9<br>#Finan\u00e7asPessoais<br>#Educa\u00e7\u00e3oFinanceira<br>#ACIUB\u00c1<br>#LucianoDuque<br>#Gest\u00e3oFinanceira<br>#ComportamentoFinanceiro<br>#Empreendedorismo<br>#PlanejamentoFinanceiro<br>#Conte\u00fadoRelevante<br>#INDICCA<br>#Ub\u00e1<\/p>\n","protected":false},"excerpt":{"rendered":"<p>No programa Fala Sodr\u00e9, Luciano Duque falou sobre a import\u00e2ncia de priorizar as finan\u00e7as pessoais antes das empresariais. A conversa destacou o extrato banc\u00e1rio como reflexo das prioridades, alertou para decis\u00f5es impulsivas e apresentou a dica de esperar 24 horas antes de comprar. A entrevista antecipou a palestra gratuita que acontece dia 29, no Audit\u00f3rio da ACIUB\u00c1.<\/p>\n","protected":false},"author":4,"featured_media":24707,"comment_status":"open","ping_status":"open","sticky":false,"template":"","format":"standard","meta":{"footnotes":""},"categories":[45,1,3],"tags":[57,807,809,804,497,274,803,806,394,805,808,109],"class_list":["post-24706","post","type-post","status-publish","format-standard","has-post-thumbnail","hentry","category-destaque-principal","category-sem-categoria","category-slide","tag-aciuba","tag-comportamentofinanceiro","tag-conteudorelevante","tag-educacaofinanceira","tag-empreendedorismo","tag-falasodre","tag-financaspessoais","tag-gestaofinanceira","tag-indicca","tag-lucianoduque","tag-planejamentofinanceiro","tag-uba"],"yoast_head":"<!-- This site is optimized with the Yoast SEO plugin v27.2 - https:\/\/yoast.com\/product\/yoast-seo-wordpress\/ -->\n<title>O Pr\u00f3ximo Passo: Finan\u00e7as Pessoais para Recome\u00e7ar Come\u00e7a no Extrato - Ub\u00e1 News<\/title>\n<meta name=\"description\" content=\"O Pr\u00f3ximo Passo: Finan\u00e7as Pessoais para Recome\u00e7ar Come\u00e7a no Extrato e identifique o que de fato gera s\u00e3o suas prioridades!\" \/>\n<meta name=\"robots\" content=\"index, follow, max-snippet:-1, max-image-preview:large, max-video-preview:-1\" \/>\n<link rel=\"canonical\" href=\"https:\/\/ubanews.com\/site\/2026\/04\/28\/o-proximo-passo-financas-pessoais\/\" \/>\n<meta property=\"og:locale\" content=\"pt_BR\" \/>\n<meta property=\"og:type\" content=\"article\" \/>\n<meta property=\"og:title\" content=\"O Pr\u00f3ximo Passo: Finan\u00e7as Pessoais para Recome\u00e7ar Come\u00e7a no Extrato - Ub\u00e1 News\" \/>\n<meta property=\"og:description\" content=\"O Pr\u00f3ximo Passo: Finan\u00e7as Pessoais para Recome\u00e7ar Come\u00e7a no Extrato e identifique o que de fato gera s\u00e3o suas prioridades!\" \/>\n<meta property=\"og:url\" content=\"https:\/\/ubanews.com\/site\/2026\/04\/28\/o-proximo-passo-financas-pessoais\/\" \/>\n<meta property=\"og:site_name\" content=\"Ub\u00e1 News\" \/>\n<meta property=\"article:publisher\" content=\"https:\/\/www.facebook.com\/Ub%c3%a1News-Carlos-Roberto-Sodr%c3%a9-418778301977370\" \/>\n<meta property=\"article:published_time\" content=\"2026-04-28T13:10:20+00:00\" \/>\n<meta property=\"article:modified_time\" content=\"2026-04-28T13:12:51+00:00\" \/>\n<meta property=\"og:image\" content=\"https:\/\/ubanews.com\/site\/wp-content\/uploads\/2026\/04\/Fala-Sodre-Proximo-Passo-Financas-momento-de-recomecar-com-Luciano-Duque-Apoio-UNIFAGOC-INDICCA-ponto-COM.jpg\" \/>\n\t<meta property=\"og:image:width\" content=\"1068\" \/>\n\t<meta property=\"og:image:height\" content=\"599\" \/>\n\t<meta property=\"og:image:type\" content=\"image\/jpeg\" \/>\n<meta name=\"author\" content=\"Carlos Roberto Sodr\u00e9\" \/>\n<meta name=\"twitter:card\" content=\"summary_large_image\" \/>\n<meta name=\"twitter:label1\" content=\"Escrito por\" \/>\n\t<meta name=\"twitter:data1\" content=\"Carlos Roberto Sodr\u00e9\" \/>\n\t<meta name=\"twitter:label2\" content=\"Est. tempo de leitura\" \/>\n\t<meta name=\"twitter:data2\" content=\"8 minutos\" \/>\n<script type=\"application\/ld+json\" class=\"yoast-schema-graph\">{\"@context\":\"https:\/\/schema.org\",\"@graph\":[{\"@type\":\"Article\",\"@id\":\"https:\/\/ubanews.com\/site\/2026\/04\/28\/o-proximo-passo-financas-pessoais\/#article\",\"isPartOf\":{\"@id\":\"https:\/\/ubanews.com\/site\/2026\/04\/28\/o-proximo-passo-financas-pessoais\/\"},\"author\":{\"name\":\"Carlos Roberto Sodr\u00e9\",\"@id\":\"https:\/\/ubanews.com\/site\/#\/schema\/person\/9d8da9ec3c8d00640ab6e8c81e103310\"},\"headline\":\"O Pr\u00f3ximo Passo: Finan\u00e7as Pessoais para Recome\u00e7ar Come\u00e7a no Extrato\",\"datePublished\":\"2026-04-28T13:10:20+00:00\",\"dateModified\":\"2026-04-28T13:12:51+00:00\",\"mainEntityOfPage\":{\"@id\":\"https:\/\/ubanews.com\/site\/2026\/04\/28\/o-proximo-passo-financas-pessoais\/\"},\"wordCount\":1303,\"commentCount\":0,\"publisher\":{\"@id\":\"https:\/\/ubanews.com\/site\/#organization\"},\"image\":{\"@id\":\"https:\/\/ubanews.com\/site\/2026\/04\/28\/o-proximo-passo-financas-pessoais\/#primaryimage\"},\"thumbnailUrl\":\"https:\/\/ubanews.com\/site\/wp-content\/uploads\/2026\/04\/Fala-Sodre-Proximo-Passo-Financas-momento-de-recomecar-com-Luciano-Duque-Apoio-UNIFAGOC-INDICCA-ponto-COM.jpg\",\"keywords\":[\"ACIUB\u00c1\",\"ComportamentoFinanceiro\",\"Conte\u00fadoRelevante\",\"Educa\u00e7\u00e3oFinanceira\",\"Empreendedorismo\",\"FalaSodr\u00e9\",\"Finan\u00e7asPessoais\",\"Gest\u00e3oFinanceira\",\"Indicca\",\"LucianoDuque\",\"PlanejamentoFinanceiro\",\"Ub\u00e1\"],\"articleSection\":[\"DESTAQUE PRINCIPAL\",\"Geral\",\"Slide\"],\"inLanguage\":\"pt-BR\",\"potentialAction\":[{\"@type\":\"CommentAction\",\"name\":\"Comment\",\"target\":[\"https:\/\/ubanews.com\/site\/2026\/04\/28\/o-proximo-passo-financas-pessoais\/#respond\"]}]},{\"@type\":\"WebPage\",\"@id\":\"https:\/\/ubanews.com\/site\/2026\/04\/28\/o-proximo-passo-financas-pessoais\/\",\"url\":\"https:\/\/ubanews.com\/site\/2026\/04\/28\/o-proximo-passo-financas-pessoais\/\",\"name\":\"O Pr\u00f3ximo Passo: Finan\u00e7as Pessoais para Recome\u00e7ar Come\u00e7a no Extrato - Ub\u00e1 News\",\"isPartOf\":{\"@id\":\"https:\/\/ubanews.com\/site\/#website\"},\"primaryImageOfPage\":{\"@id\":\"https:\/\/ubanews.com\/site\/2026\/04\/28\/o-proximo-passo-financas-pessoais\/#primaryimage\"},\"image\":{\"@id\":\"https:\/\/ubanews.com\/site\/2026\/04\/28\/o-proximo-passo-financas-pessoais\/#primaryimage\"},\"thumbnailUrl\":\"https:\/\/ubanews.com\/site\/wp-content\/uploads\/2026\/04\/Fala-Sodre-Proximo-Passo-Financas-momento-de-recomecar-com-Luciano-Duque-Apoio-UNIFAGOC-INDICCA-ponto-COM.jpg\",\"datePublished\":\"2026-04-28T13:10:20+00:00\",\"dateModified\":\"2026-04-28T13:12:51+00:00\",\"description\":\"O Pr\u00f3ximo Passo: Finan\u00e7as Pessoais para Recome\u00e7ar Come\u00e7a no Extrato e identifique o que de fato gera s\u00e3o suas prioridades!\",\"breadcrumb\":{\"@id\":\"https:\/\/ubanews.com\/site\/2026\/04\/28\/o-proximo-passo-financas-pessoais\/#breadcrumb\"},\"inLanguage\":\"pt-BR\",\"potentialAction\":[{\"@type\":\"ReadAction\",\"target\":[\"https:\/\/ubanews.com\/site\/2026\/04\/28\/o-proximo-passo-financas-pessoais\/\"]}]},{\"@type\":\"ImageObject\",\"inLanguage\":\"pt-BR\",\"@id\":\"https:\/\/ubanews.com\/site\/2026\/04\/28\/o-proximo-passo-financas-pessoais\/#primaryimage\",\"url\":\"https:\/\/ubanews.com\/site\/wp-content\/uploads\/2026\/04\/Fala-Sodre-Proximo-Passo-Financas-momento-de-recomecar-com-Luciano-Duque-Apoio-UNIFAGOC-INDICCA-ponto-COM.jpg\",\"contentUrl\":\"https:\/\/ubanews.com\/site\/wp-content\/uploads\/2026\/04\/Fala-Sodre-Proximo-Passo-Financas-momento-de-recomecar-com-Luciano-Duque-Apoio-UNIFAGOC-INDICCA-ponto-COM.jpg\",\"width\":1068,\"height\":599,\"caption\":\"O Pr\u00f3ximo Passo: Finan\u00e7as Pessoais para Recome\u00e7ar Come\u00e7a no Extrato Luciano Duque e Pedro Henriques INDICCA.COM\"},{\"@type\":\"BreadcrumbList\",\"@id\":\"https:\/\/ubanews.com\/site\/2026\/04\/28\/o-proximo-passo-financas-pessoais\/#breadcrumb\",\"itemListElement\":[{\"@type\":\"ListItem\",\"position\":1,\"name\":\"Home\",\"item\":\"https:\/\/ubanews.com\/site\/\"},{\"@type\":\"ListItem\",\"position\":2,\"name\":\"O Pr\u00f3ximo Passo: Finan\u00e7as Pessoais para Recome\u00e7ar Come\u00e7a no Extrato\"}]},{\"@type\":\"WebSite\",\"@id\":\"https:\/\/ubanews.com\/site\/#website\",\"url\":\"https:\/\/ubanews.com\/site\/\",\"name\":\"Ub\u00e1 News\",\"description\":\"\",\"publisher\":{\"@id\":\"https:\/\/ubanews.com\/site\/#organization\"},\"potentialAction\":[{\"@type\":\"SearchAction\",\"target\":{\"@type\":\"EntryPoint\",\"urlTemplate\":\"https:\/\/ubanews.com\/site\/?s={search_term_string}\"},\"query-input\":{\"@type\":\"PropertyValueSpecification\",\"valueRequired\":true,\"valueName\":\"search_term_string\"}}],\"inLanguage\":\"pt-BR\"},{\"@type\":\"Organization\",\"@id\":\"https:\/\/ubanews.com\/site\/#organization\",\"name\":\"Ub\u00e1 News\",\"url\":\"https:\/\/ubanews.com\/site\/\",\"logo\":{\"@type\":\"ImageObject\",\"inLanguage\":\"pt-BR\",\"@id\":\"https:\/\/ubanews.com\/site\/#\/schema\/logo\/image\/\",\"url\":\"https:\/\/ubanews.com\/site\/wp-content\/uploads\/2018\/01\/logoubanews.png\",\"contentUrl\":\"https:\/\/ubanews.com\/site\/wp-content\/uploads\/2018\/01\/logoubanews.png\",\"width\":261,\"height\":99,\"caption\":\"Ub\u00e1 News\"},\"image\":{\"@id\":\"https:\/\/ubanews.com\/site\/#\/schema\/logo\/image\/\"},\"sameAs\":[\"https:\/\/www.facebook.com\/Ub\u00e1News-Carlos-Roberto-Sodr\u00e9-418778301977370\"]},{\"@type\":\"Person\",\"@id\":\"https:\/\/ubanews.com\/site\/#\/schema\/person\/9d8da9ec3c8d00640ab6e8c81e103310\",\"name\":\"Carlos Roberto Sodr\u00e9\",\"image\":{\"@type\":\"ImageObject\",\"inLanguage\":\"pt-BR\",\"@id\":\"https:\/\/secure.gravatar.com\/avatar\/aab322e8555b56c468614fafdab8a8f924e394cdc6cfd8232f77e9e4d123a133?s=96&d=mm&r=g\",\"url\":\"https:\/\/secure.gravatar.com\/avatar\/aab322e8555b56c468614fafdab8a8f924e394cdc6cfd8232f77e9e4d123a133?s=96&d=mm&r=g\",\"contentUrl\":\"https:\/\/secure.gravatar.com\/avatar\/aab322e8555b56c468614fafdab8a8f924e394cdc6cfd8232f77e9e4d123a133?s=96&d=mm&r=g\",\"caption\":\"Carlos Roberto Sodr\u00e9\"},\"url\":\"https:\/\/ubanews.com\/site\/author\/sodre\/\"}]}<\/script>\n<!-- \/ Yoast SEO plugin. -->","yoast_head_json":{"title":"O Pr\u00f3ximo Passo: Finan\u00e7as Pessoais para Recome\u00e7ar Come\u00e7a no Extrato - Ub\u00e1 News","description":"O Pr\u00f3ximo Passo: Finan\u00e7as Pessoais para Recome\u00e7ar Come\u00e7a no Extrato e identifique o que de fato gera s\u00e3o suas prioridades!","robots":{"index":"index","follow":"follow","max-snippet":"max-snippet:-1","max-image-preview":"max-image-preview:large","max-video-preview":"max-video-preview:-1"},"canonical":"https:\/\/ubanews.com\/site\/2026\/04\/28\/o-proximo-passo-financas-pessoais\/","og_locale":"pt_BR","og_type":"article","og_title":"O Pr\u00f3ximo Passo: Finan\u00e7as Pessoais para Recome\u00e7ar Come\u00e7a no Extrato - Ub\u00e1 News","og_description":"O Pr\u00f3ximo Passo: Finan\u00e7as Pessoais para Recome\u00e7ar Come\u00e7a no Extrato e identifique o que de fato gera s\u00e3o suas prioridades!","og_url":"https:\/\/ubanews.com\/site\/2026\/04\/28\/o-proximo-passo-financas-pessoais\/","og_site_name":"Ub\u00e1 News","article_publisher":"https:\/\/www.facebook.com\/Ub%c3%a1News-Carlos-Roberto-Sodr%c3%a9-418778301977370","article_published_time":"2026-04-28T13:10:20+00:00","article_modified_time":"2026-04-28T13:12:51+00:00","og_image":[{"width":1068,"height":599,"url":"https:\/\/ubanews.com\/site\/wp-content\/uploads\/2026\/04\/Fala-Sodre-Proximo-Passo-Financas-momento-de-recomecar-com-Luciano-Duque-Apoio-UNIFAGOC-INDICCA-ponto-COM.jpg","type":"image\/jpeg"}],"author":"Carlos Roberto Sodr\u00e9","twitter_card":"summary_large_image","twitter_misc":{"Escrito por":"Carlos Roberto Sodr\u00e9","Est. tempo de leitura":"8 minutos"},"schema":{"@context":"https:\/\/schema.org","@graph":[{"@type":"Article","@id":"https:\/\/ubanews.com\/site\/2026\/04\/28\/o-proximo-passo-financas-pessoais\/#article","isPartOf":{"@id":"https:\/\/ubanews.com\/site\/2026\/04\/28\/o-proximo-passo-financas-pessoais\/"},"author":{"name":"Carlos Roberto Sodr\u00e9","@id":"https:\/\/ubanews.com\/site\/#\/schema\/person\/9d8da9ec3c8d00640ab6e8c81e103310"},"headline":"O Pr\u00f3ximo Passo: Finan\u00e7as Pessoais para Recome\u00e7ar Come\u00e7a no Extrato","datePublished":"2026-04-28T13:10:20+00:00","dateModified":"2026-04-28T13:12:51+00:00","mainEntityOfPage":{"@id":"https:\/\/ubanews.com\/site\/2026\/04\/28\/o-proximo-passo-financas-pessoais\/"},"wordCount":1303,"commentCount":0,"publisher":{"@id":"https:\/\/ubanews.com\/site\/#organization"},"image":{"@id":"https:\/\/ubanews.com\/site\/2026\/04\/28\/o-proximo-passo-financas-pessoais\/#primaryimage"},"thumbnailUrl":"https:\/\/ubanews.com\/site\/wp-content\/uploads\/2026\/04\/Fala-Sodre-Proximo-Passo-Financas-momento-de-recomecar-com-Luciano-Duque-Apoio-UNIFAGOC-INDICCA-ponto-COM.jpg","keywords":["ACIUB\u00c1","ComportamentoFinanceiro","Conte\u00fadoRelevante","Educa\u00e7\u00e3oFinanceira","Empreendedorismo","FalaSodr\u00e9","Finan\u00e7asPessoais","Gest\u00e3oFinanceira","Indicca","LucianoDuque","PlanejamentoFinanceiro","Ub\u00e1"],"articleSection":["DESTAQUE PRINCIPAL","Geral","Slide"],"inLanguage":"pt-BR","potentialAction":[{"@type":"CommentAction","name":"Comment","target":["https:\/\/ubanews.com\/site\/2026\/04\/28\/o-proximo-passo-financas-pessoais\/#respond"]}]},{"@type":"WebPage","@id":"https:\/\/ubanews.com\/site\/2026\/04\/28\/o-proximo-passo-financas-pessoais\/","url":"https:\/\/ubanews.com\/site\/2026\/04\/28\/o-proximo-passo-financas-pessoais\/","name":"O Pr\u00f3ximo Passo: Finan\u00e7as Pessoais para Recome\u00e7ar Come\u00e7a no Extrato - Ub\u00e1 News","isPartOf":{"@id":"https:\/\/ubanews.com\/site\/#website"},"primaryImageOfPage":{"@id":"https:\/\/ubanews.com\/site\/2026\/04\/28\/o-proximo-passo-financas-pessoais\/#primaryimage"},"image":{"@id":"https:\/\/ubanews.com\/site\/2026\/04\/28\/o-proximo-passo-financas-pessoais\/#primaryimage"},"thumbnailUrl":"https:\/\/ubanews.com\/site\/wp-content\/uploads\/2026\/04\/Fala-Sodre-Proximo-Passo-Financas-momento-de-recomecar-com-Luciano-Duque-Apoio-UNIFAGOC-INDICCA-ponto-COM.jpg","datePublished":"2026-04-28T13:10:20+00:00","dateModified":"2026-04-28T13:12:51+00:00","description":"O Pr\u00f3ximo Passo: Finan\u00e7as Pessoais para Recome\u00e7ar Come\u00e7a no Extrato e identifique o que de fato gera s\u00e3o suas prioridades!","breadcrumb":{"@id":"https:\/\/ubanews.com\/site\/2026\/04\/28\/o-proximo-passo-financas-pessoais\/#breadcrumb"},"inLanguage":"pt-BR","potentialAction":[{"@type":"ReadAction","target":["https:\/\/ubanews.com\/site\/2026\/04\/28\/o-proximo-passo-financas-pessoais\/"]}]},{"@type":"ImageObject","inLanguage":"pt-BR","@id":"https:\/\/ubanews.com\/site\/2026\/04\/28\/o-proximo-passo-financas-pessoais\/#primaryimage","url":"https:\/\/ubanews.com\/site\/wp-content\/uploads\/2026\/04\/Fala-Sodre-Proximo-Passo-Financas-momento-de-recomecar-com-Luciano-Duque-Apoio-UNIFAGOC-INDICCA-ponto-COM.jpg","contentUrl":"https:\/\/ubanews.com\/site\/wp-content\/uploads\/2026\/04\/Fala-Sodre-Proximo-Passo-Financas-momento-de-recomecar-com-Luciano-Duque-Apoio-UNIFAGOC-INDICCA-ponto-COM.jpg","width":1068,"height":599,"caption":"O Pr\u00f3ximo Passo: Finan\u00e7as Pessoais para Recome\u00e7ar Come\u00e7a no Extrato Luciano Duque e Pedro Henriques INDICCA.COM"},{"@type":"BreadcrumbList","@id":"https:\/\/ubanews.com\/site\/2026\/04\/28\/o-proximo-passo-financas-pessoais\/#breadcrumb","itemListElement":[{"@type":"ListItem","position":1,"name":"Home","item":"https:\/\/ubanews.com\/site\/"},{"@type":"ListItem","position":2,"name":"O Pr\u00f3ximo Passo: Finan\u00e7as Pessoais para Recome\u00e7ar Come\u00e7a no Extrato"}]},{"@type":"WebSite","@id":"https:\/\/ubanews.com\/site\/#website","url":"https:\/\/ubanews.com\/site\/","name":"Ub\u00e1 News","description":"","publisher":{"@id":"https:\/\/ubanews.com\/site\/#organization"},"potentialAction":[{"@type":"SearchAction","target":{"@type":"EntryPoint","urlTemplate":"https:\/\/ubanews.com\/site\/?s={search_term_string}"},"query-input":{"@type":"PropertyValueSpecification","valueRequired":true,"valueName":"search_term_string"}}],"inLanguage":"pt-BR"},{"@type":"Organization","@id":"https:\/\/ubanews.com\/site\/#organization","name":"Ub\u00e1 News","url":"https:\/\/ubanews.com\/site\/","logo":{"@type":"ImageObject","inLanguage":"pt-BR","@id":"https:\/\/ubanews.com\/site\/#\/schema\/logo\/image\/","url":"https:\/\/ubanews.com\/site\/wp-content\/uploads\/2018\/01\/logoubanews.png","contentUrl":"https:\/\/ubanews.com\/site\/wp-content\/uploads\/2018\/01\/logoubanews.png","width":261,"height":99,"caption":"Ub\u00e1 News"},"image":{"@id":"https:\/\/ubanews.com\/site\/#\/schema\/logo\/image\/"},"sameAs":["https:\/\/www.facebook.com\/Ub\u00e1News-Carlos-Roberto-Sodr\u00e9-418778301977370"]},{"@type":"Person","@id":"https:\/\/ubanews.com\/site\/#\/schema\/person\/9d8da9ec3c8d00640ab6e8c81e103310","name":"Carlos Roberto Sodr\u00e9","image":{"@type":"ImageObject","inLanguage":"pt-BR","@id":"https:\/\/secure.gravatar.com\/avatar\/aab322e8555b56c468614fafdab8a8f924e394cdc6cfd8232f77e9e4d123a133?s=96&d=mm&r=g","url":"https:\/\/secure.gravatar.com\/avatar\/aab322e8555b56c468614fafdab8a8f924e394cdc6cfd8232f77e9e4d123a133?s=96&d=mm&r=g","contentUrl":"https:\/\/secure.gravatar.com\/avatar\/aab322e8555b56c468614fafdab8a8f924e394cdc6cfd8232f77e9e4d123a133?s=96&d=mm&r=g","caption":"Carlos Roberto Sodr\u00e9"},"url":"https:\/\/ubanews.com\/site\/author\/sodre\/"}]}},"_links":{"self":[{"href":"https:\/\/ubanews.com\/site\/wp-json\/wp\/v2\/posts\/24706","targetHints":{"allow":["GET"]}}],"collection":[{"href":"https:\/\/ubanews.com\/site\/wp-json\/wp\/v2\/posts"}],"about":[{"href":"https:\/\/ubanews.com\/site\/wp-json\/wp\/v2\/types\/post"}],"author":[{"embeddable":true,"href":"https:\/\/ubanews.com\/site\/wp-json\/wp\/v2\/users\/4"}],"replies":[{"embeddable":true,"href":"https:\/\/ubanews.com\/site\/wp-json\/wp\/v2\/comments?post=24706"}],"version-history":[{"count":0,"href":"https:\/\/ubanews.com\/site\/wp-json\/wp\/v2\/posts\/24706\/revisions"}],"wp:featuredmedia":[{"embeddable":true,"href":"https:\/\/ubanews.com\/site\/wp-json\/wp\/v2\/media\/24707"}],"wp:attachment":[{"href":"https:\/\/ubanews.com\/site\/wp-json\/wp\/v2\/media?parent=24706"}],"wp:term":[{"taxonomy":"category","embeddable":true,"href":"https:\/\/ubanews.com\/site\/wp-json\/wp\/v2\/categories?post=24706"},{"taxonomy":"post_tag","embeddable":true,"href":"https:\/\/ubanews.com\/site\/wp-json\/wp\/v2\/tags?post=24706"}],"curies":[{"name":"wp","href":"https:\/\/api.w.org\/{rel}","templated":true}]}}