{"id":24698,"date":"2026-04-27T13:33:34","date_gmt":"2026-04-27T16:33:34","guid":{"rendered":"https:\/\/ubanews.com\/site\/?p=24698"},"modified":"2026-04-27T13:33:41","modified_gmt":"2026-04-27T16:33:41","slug":"sintese-das-ocorrencias-do-dia-24-26-04-2026","status":"publish","type":"post","link":"https:\/\/ubanews.com\/site\/2026\/04\/27\/sintese-das-ocorrencias-do-dia-24-26-04-2026\/","title":{"rendered":"Sintese das Ocorr\u00eancias do dia 24..26\/04\/2026"},"content":{"rendered":"\n<p><strong>REDS<\/strong><strong>&nbsp;&nbsp;&nbsp;&nbsp;&nbsp;&nbsp; <\/strong><strong>2026-018761930-001 \u2013 POL\u00cdCIA MILITAR PRENDE AUTOR POR TR\u00c1FICO DE DROGAS, AP\u00d3S DEN\u00daNCIAS AN\u00d4NIMAS, NO VALE DO OURO EM TOCANTINS.<\/strong><\/p>\n\n\n\n<p><strong>LOCAL&nbsp;&nbsp;&nbsp;&nbsp; <\/strong>TOCANTINS \u2013 R. Caetano Roberti \u2013 Vale do Ouro<\/p>\n\n\n\n<p><strong>DATA&nbsp;&nbsp;&nbsp;&nbsp;&nbsp;&nbsp;&nbsp; <\/strong>24\/04\/2026<\/p>\n\n\n\n<p><strong>HORA&nbsp;&nbsp;&nbsp;&nbsp;&nbsp;&nbsp; <\/strong>21h20min<\/p>\n\n\n\n<figure class=\"wp-block-image size-large\"><img decoding=\"async\" width=\"1024\" height=\"724\" data-src=\"https:\/\/ubanews.com\/site\/wp-content\/uploads\/2026\/04\/2026-04-24-trafico-de-drogas-vale-do-ouro-tocantins-1024x724.jpg\" alt=\"\" class=\"wp-image-24699 lazyload\" data-srcset=\"https:\/\/ubanews.com\/site\/wp-content\/uploads\/2026\/04\/2026-04-24-trafico-de-drogas-vale-do-ouro-tocantins-1024x724.jpg 1024w, https:\/\/ubanews.com\/site\/wp-content\/uploads\/2026\/04\/2026-04-24-trafico-de-drogas-vale-do-ouro-tocantins-300x212.jpg 300w, https:\/\/ubanews.com\/site\/wp-content\/uploads\/2026\/04\/2026-04-24-trafico-de-drogas-vale-do-ouro-tocantins-768x543.jpg 768w, https:\/\/ubanews.com\/site\/wp-content\/uploads\/2026\/04\/2026-04-24-trafico-de-drogas-vale-do-ouro-tocantins-1536x1086.jpg 1536w, https:\/\/ubanews.com\/site\/wp-content\/uploads\/2026\/04\/2026-04-24-trafico-de-drogas-vale-do-ouro-tocantins.jpg 2000w\" data-sizes=\"(max-width: 1024px) 100vw, 1024px\" src=\"data:image\/svg+xml;base64,PHN2ZyB3aWR0aD0iMSIgaGVpZ2h0PSIxIiB4bWxucz0iaHR0cDovL3d3dy53My5vcmcvMjAwMC9zdmciPjwvc3ZnPg==\" style=\"--smush-placeholder-width: 1024px; --smush-placeholder-aspect-ratio: 1024\/724;\" \/><\/figure>\n\n\n\n<p>&nbsp;&nbsp;&nbsp;&nbsp;&nbsp;&nbsp;&nbsp;&nbsp;&nbsp;&nbsp;&nbsp;&nbsp;&nbsp;&nbsp;&nbsp; Ap\u00f3s den\u00fancia an\u00f4nima sobre intenso tr\u00e1fico de drogas em um im\u00f3vel conhecido como ponto de comercializa\u00e7\u00e3o no bairro Vale do Ouro, no munic\u00edpio de Tocantins, a Pol\u00edcia Militar realizou planejamento operacional e deslocou equipes ao local para averigua\u00e7\u00e3o.<\/p>\n\n\n\n<p>Durante a a\u00e7\u00e3o, os militares visualizaram movimenta\u00e7\u00e3o t\u00edpica do tr\u00e1fico, com indiv\u00edduos realizando trocas de dinheiro por entorpecentes. Diante da confirma\u00e7\u00e3o da atividade il\u00edcita, foi realizado o cerco ao im\u00f3vel, que possu\u00eda estrutura fortificada, com port\u00f5es refor\u00e7ados, concertinas eletrificadas e sistema de monitoramento por c\u00e2meras.<\/p>\n\n\n\n<p>Devido \u00e0 dificuldade de acesso e \u00e0 necessidade de interven\u00e7\u00e3o imediata, os policiais ingressaram no local ap\u00f3s rompimento de barreira f\u00edsica. No interior da resid\u00eancia, foi localizado um indiv\u00edduo de 21 anos, respons\u00e1vel pelo monitoramento do sistema de vigil\u00e2ncia.<\/p>\n\n\n\n<p>Ao perceber a presen\u00e7a policial, o autor tentou se desfazer do material il\u00edcito, arremessando sacolas contendo drogas em um sistema de descarte instalado no im\u00f3vel, sendo a a\u00e7\u00e3o presenciada pelos militares. Ap\u00f3s dilig\u00eancias, foram apreendidos 304 por\u00e7\u00f5es de subst\u00e2ncias an\u00e1logas \u00e0 coca\u00edna e 79 buchas an\u00e1logas \u00e0 maconha, al\u00e9m de um aparelho celular, anota\u00e7\u00f5es relacionadas ao tr\u00e1fico, equipamentos de monitoramento, m\u00e1quina de cart\u00e3o utilizada nas transa\u00e7\u00f5es e certa quantia em dinheiro.<\/p>\n\n\n\n<p>Durante a abordagem, o indiv\u00edduo resistiu ativamente \u00e0 pris\u00e3o, sendo necess\u00e1rio o uso de t\u00e9cnicas de conten\u00e7\u00e3o e algema\u00e7\u00e3o para garantir a seguran\u00e7a da equipe e a efetiva\u00e7\u00e3o da pris\u00e3o.<\/p>\n\n\n\n<p>Diante dos fatos, o autor recebeu voz de pris\u00e3o em flagrante por tr\u00e1fico il\u00edcito de drogas e resist\u00eancia, sendo encaminhado para atendimento m\u00e9dico e, posteriormente, conduzido \u00e0 Delegacia de Pol\u00edcia Civil, juntamente com todo o material apreendido.<\/p>\n\n\n\n<h2 class=\"wp-block-heading\">Sintese das Ocorr\u00eancias do dia 24..26\/04\/2026<\/h2>\n\n\n\n<p><strong>REDS<\/strong><strong>&nbsp;&nbsp;&nbsp;&nbsp;&nbsp;&nbsp; <\/strong><strong>2026-018773740-001 \u2013 POL\u00cdCIA MILITAR PRENDE FORAGIDO DA JUSTI\u00c7A NO BAIRRO NOVA REP\u00daBLICA EM VISCONDE DO RIO BRANCO.<\/strong><\/p>\n\n\n\n<p><strong>LOCAL&nbsp;&nbsp;&nbsp;&nbsp; <\/strong>VISC. DO RIO BRANCO \u2013 R. Dr. Ronaldo Drumond Costa \u2013 Nova Rep\u00fablica<\/p>\n\n\n\n<p><strong>DATA&nbsp;&nbsp;&nbsp;&nbsp;&nbsp;&nbsp;&nbsp; <\/strong>24\/04\/2026<\/p>\n\n\n\n<p><strong>HORA&nbsp;&nbsp;&nbsp;&nbsp;&nbsp;&nbsp; <\/strong>21h50min<\/p>\n\n\n\n<p><\/p>\n\n\n\n<p>&nbsp;&nbsp;&nbsp;&nbsp;&nbsp;&nbsp;&nbsp;&nbsp;&nbsp;&nbsp;&nbsp;&nbsp;&nbsp;&nbsp;&nbsp; A Pol\u00edcia Militar durante patrulhamento avistou um homem de 27 anos em atitude suspeita, que ao perceber que seria abordado tentou evadir, por\u00e9m foi alcan\u00e7ado e verificou-se que este encontrava-se com mandado de pris\u00e3o em aberto.<\/p>\n\n\n\n<p>Diante dos fatos, foi dado voz de pris\u00e3o ao autor, sendo-lhe garantidos seus direitos constitucionais. O conduzido foi encaminhado ao hospital para os procedimentos de praxe e, posteriormente, apresentado \u00e0 Delegacia de Pol\u00edcia Civil para as demais provid\u00eancias legais.<\/p>\n\n\n\n<p><strong>REDS<\/strong><strong>&nbsp;&nbsp;&nbsp;&nbsp;&nbsp;&nbsp; <\/strong><strong>2026-018816418-001 \u2013 POL\u00cdCIA MILITAR PRENDE AUTORES POR TR\u00c1FICO DE DROGAS NO \u201cBECO DO SAPO\u201d EM UB\u00c1<\/strong><\/p>\n\n\n\n<p><strong>LOCAL&nbsp;&nbsp;&nbsp;&nbsp; <\/strong>UB\u00c1 \u2013 Av. Ex. Combatentes \u2013 Waldemar de Castro<\/p>\n\n\n\n<p><strong>DATA&nbsp;&nbsp;&nbsp;&nbsp;&nbsp;&nbsp;&nbsp; <\/strong>25\/04\/2026<\/p>\n\n\n\n<p><strong>HORA&nbsp;&nbsp;&nbsp;&nbsp;&nbsp;&nbsp; <\/strong>09h25min<\/p>\n\n\n\n<figure class=\"wp-block-image size-large\"><img decoding=\"async\" width=\"875\" height=\"1024\" data-src=\"https:\/\/ubanews.com\/site\/wp-content\/uploads\/2026\/04\/2026-04-25-Trafico-de-drogas-Beco-do-Sapo-Uba-875x1024.jpg\" alt=\"\" class=\"wp-image-24700 lazyload\" data-srcset=\"https:\/\/ubanews.com\/site\/wp-content\/uploads\/2026\/04\/2026-04-25-Trafico-de-drogas-Beco-do-Sapo-Uba-875x1024.jpg 875w, https:\/\/ubanews.com\/site\/wp-content\/uploads\/2026\/04\/2026-04-25-Trafico-de-drogas-Beco-do-Sapo-Uba-256x300.jpg 256w, https:\/\/ubanews.com\/site\/wp-content\/uploads\/2026\/04\/2026-04-25-Trafico-de-drogas-Beco-do-Sapo-Uba-768x899.jpg 768w, https:\/\/ubanews.com\/site\/wp-content\/uploads\/2026\/04\/2026-04-25-Trafico-de-drogas-Beco-do-Sapo-Uba.jpg 1208w\" data-sizes=\"(max-width: 875px) 100vw, 875px\" src=\"data:image\/svg+xml;base64,PHN2ZyB3aWR0aD0iMSIgaGVpZ2h0PSIxIiB4bWxucz0iaHR0cDovL3d3dy53My5vcmcvMjAwMC9zdmciPjwvc3ZnPg==\" style=\"--smush-placeholder-width: 875px; --smush-placeholder-aspect-ratio: 875\/1024;\" \/><\/figure>\n\n\n\n<p>&nbsp;&nbsp;&nbsp;&nbsp;&nbsp;&nbsp;&nbsp;&nbsp;&nbsp;&nbsp;&nbsp;&nbsp;&nbsp;&nbsp;&nbsp; Durante patrulhamento pela Avenida Ex-Combatentes, nas proximidades da localidade conhecida como \u201cBeco do Sapo\u201d, no munic\u00edpio de Ub\u00e1, ponto j\u00e1 conhecido pela recorrente pr\u00e1tica de tr\u00e1fico de drogas, a Pol\u00edcia Militar visualizou dois indiv\u00edduos, de 22 e 33 anos, em fundada atitude suspeita, sendo observada a din\u00e2mica t\u00edpica de comercializa\u00e7\u00e3o de entorpecentes.<\/p>\n\n\n\n<p>Diante da situa\u00e7\u00e3o, foi realizada a abordagem. Durante busca pessoal no indiv\u00edduo de 33 anos, foram localizadas pequenas por\u00e7\u00f5es de subst\u00e2ncia an\u00e1loga ao crack, que ele afirmou ter adquirido instantes antes no local, caracterizando, em tese, uso de drogas.<\/p>\n\n\n\n<p>Em continuidade, ao proceder \u00e0 busca no segundo abordado, de 22 anos, foi localizada certa quantia em dinheiro fracionado, acondicionada em seu bolso. Embora n\u00e3o tenha sido encontrada droga em sua posse, a conduta previamente observada pelos militares, associada ao contexto da ocorr\u00eancia e ao local conhecido pelo tr\u00e1fico, indicou sua atua\u00e7\u00e3o como poss\u00edvel fornecedor do entorpecente.<\/p>\n\n\n\n<p>Diante dos fatos, o indiv\u00edduo de 22 anos recebeu voz de pris\u00e3o em flagrante por tr\u00e1fico il\u00edcito de drogas, sendo encaminhado para atendimento m\u00e9dico e, posteriormente, conduzido \u00e0 Delegacia de Pol\u00edcia Civil para as provid\u00eancias legais cab\u00edveis. O outro abordado foi qualificado como usu\u00e1rio, sendo orientado e liberado conforme a legisla\u00e7\u00e3o vigente.<\/p>\n\n\n\n<p><strong>REDS<\/strong><strong>&nbsp;&nbsp;&nbsp;&nbsp;&nbsp;&nbsp; <\/strong><strong>2026-018889175-001 \u2013 POL\u00cdCIA MILITAR PRENDE AUTORES POR TR\u00c1FICO DE DROGAS E PORTE ILEGAL DE ARMA DE FOGO NO BAIRRO VILA CASAL EM UB\u00c1<\/strong><\/p>\n\n\n\n<p><strong>LOCAL&nbsp;&nbsp;&nbsp;&nbsp; <\/strong>UB\u00c1 \u2013 Rua Major Franklin de Almeida \u2013 Vila Casal<\/p>\n\n\n\n<p><strong>DATA&nbsp;&nbsp;&nbsp;&nbsp;&nbsp;&nbsp;&nbsp; <\/strong>25\/04\/2026<\/p>\n\n\n\n<p><strong>HORA&nbsp;&nbsp;&nbsp;&nbsp;&nbsp;&nbsp; <\/strong>19h40min<\/p>\n\n\n\n<figure class=\"wp-block-image size-large\"><img decoding=\"async\" width=\"1024\" height=\"896\" data-src=\"https:\/\/ubanews.com\/site\/wp-content\/uploads\/2026\/04\/2026-04-25-Porte-e-Trafico-Vila-Casal-Uba-1-1024x896.jpg\" alt=\"\" class=\"wp-image-24703 lazyload\" data-srcset=\"https:\/\/ubanews.com\/site\/wp-content\/uploads\/2026\/04\/2026-04-25-Porte-e-Trafico-Vila-Casal-Uba-1-1024x896.jpg 1024w, https:\/\/ubanews.com\/site\/wp-content\/uploads\/2026\/04\/2026-04-25-Porte-e-Trafico-Vila-Casal-Uba-1-300x263.jpg 300w, https:\/\/ubanews.com\/site\/wp-content\/uploads\/2026\/04\/2026-04-25-Porte-e-Trafico-Vila-Casal-Uba-1-768x672.jpg 768w, https:\/\/ubanews.com\/site\/wp-content\/uploads\/2026\/04\/2026-04-25-Porte-e-Trafico-Vila-Casal-Uba-1-1536x1344.jpg 1536w, https:\/\/ubanews.com\/site\/wp-content\/uploads\/2026\/04\/2026-04-25-Porte-e-Trafico-Vila-Casal-Uba-1.jpg 1616w\" data-sizes=\"(max-width: 1024px) 100vw, 1024px\" src=\"data:image\/svg+xml;base64,PHN2ZyB3aWR0aD0iMSIgaGVpZ2h0PSIxIiB4bWxucz0iaHR0cDovL3d3dy53My5vcmcvMjAwMC9zdmciPjwvc3ZnPg==\" style=\"--smush-placeholder-width: 1024px; --smush-placeholder-aspect-ratio: 1024\/896;\" \/><\/figure>\n\n\n\n<p>&nbsp;&nbsp;&nbsp;&nbsp;&nbsp;&nbsp;&nbsp;&nbsp;&nbsp;&nbsp;&nbsp;&nbsp;&nbsp;&nbsp;&nbsp; Durante opera\u00e7\u00e3o policial em \u00e1rea de alta incid\u00eancia criminal no bairro Vila Casal, em Ub\u00e1, a Pol\u00edcia Militar recebeu den\u00fancias an\u00f4nimas informando que dois indiv\u00edduos estariam praticando tr\u00e1fico de drogas em via p\u00fablica, al\u00e9m de possivelmente estarem armados e envolvidos em crime violento anterior.<\/p>\n\n\n\n<p>De posse das informa\u00e7\u00f5es, as equipes realizaram incurs\u00e3o t\u00e1tica no local, onde visualizaram dois indiv\u00edduos, ambos de 26 anos, com as caracter\u00edsticas repassadas. Ao perceberem a presen\u00e7a policial, foi dada ordem de parada, que n\u00e3o foi acatada, momento em que os suspeitos fugiram e adentraram rapidamente em uma resid\u00eancia pr\u00f3xima.<\/p>\n\n\n\n<p>Durante o acompanhamento, os militares visualizaram os indiv\u00edduos arremessando objetos pela janela do im\u00f3vel, na tentativa de oculta\u00e7\u00e3o. Ap\u00f3s entrada franqueada pelo morador, foi realizada abordagem e buscas no local.<\/p>\n\n\n\n<p>Em dilig\u00eancias, foram localizados 66 pinos contendo subst\u00e2ncia an\u00e1loga \u00e0 coca\u00edna, um rev\u00f3lver calibre .38 com numera\u00e7\u00e3o suprimida e muni\u00e7\u00f5es, al\u00e9m de certa quantia em dinheiro. Um dos autores assumiu a posse da arma de fogo.<\/p>\n\n\n\n<p>Diante dos fatos, os indiv\u00edduos receberam voz de pris\u00e3o pelos crimes de tr\u00e1fico il\u00edcito de drogas, associa\u00e7\u00e3o para o tr\u00e1fico, porte ilegal de arma de fogo e desobedi\u00eancia. Ambos foram encaminhados para atendimento m\u00e9dico e, posteriormente, conduzidos \u00e0 Delegacia de Pol\u00edcia Civil, juntamente com todo o material apreendido.<\/p>\n\n\n\n<p><\/p>\n\n\n\n<p><strong>REDS<\/strong><strong>&nbsp;&nbsp;&nbsp;&nbsp;&nbsp;&nbsp; <\/strong><strong>2026-018933831-001 \u2013 POL\u00cdCIA MILITAR PRENDE AUTOR POR TR\u00c1FICO DE DROGAS NO BAIRRO BRASIL NOVO EM VISCONDE DO RIO BRANCO<\/strong><\/p>\n\n\n\n<p><strong>LOCAL&nbsp;&nbsp;&nbsp;&nbsp; <\/strong>VISCONDE DO RIO BRANCO \u2013 Rua Ana de Souza Soares \u2013 Brasil Novo<\/p>\n\n\n\n<p><strong>DATA&nbsp;&nbsp;&nbsp;&nbsp;&nbsp;&nbsp;&nbsp; <\/strong>26\/04\/2026<\/p>\n\n\n\n<p><strong>HORA&nbsp;&nbsp;&nbsp;&nbsp;&nbsp;&nbsp; <\/strong>01h40min<\/p>\n\n\n\n<figure class=\"wp-block-image size-large\"><img decoding=\"async\" width=\"1024\" height=\"724\" data-src=\"https:\/\/ubanews.com\/site\/wp-content\/uploads\/2026\/04\/2026-04-26-Trafico-de-Drogas-Visc.-do-Rio-Branco-Multirao-1024x724.jpg\" alt=\"\" class=\"wp-image-24702 lazyload\" data-srcset=\"https:\/\/ubanews.com\/site\/wp-content\/uploads\/2026\/04\/2026-04-26-Trafico-de-Drogas-Visc.-do-Rio-Branco-Multirao-1024x724.jpg 1024w, https:\/\/ubanews.com\/site\/wp-content\/uploads\/2026\/04\/2026-04-26-Trafico-de-Drogas-Visc.-do-Rio-Branco-Multirao-300x212.jpg 300w, https:\/\/ubanews.com\/site\/wp-content\/uploads\/2026\/04\/2026-04-26-Trafico-de-Drogas-Visc.-do-Rio-Branco-Multirao-768x543.jpg 768w, https:\/\/ubanews.com\/site\/wp-content\/uploads\/2026\/04\/2026-04-26-Trafico-de-Drogas-Visc.-do-Rio-Branco-Multirao-1536x1086.jpg 1536w, https:\/\/ubanews.com\/site\/wp-content\/uploads\/2026\/04\/2026-04-26-Trafico-de-Drogas-Visc.-do-Rio-Branco-Multirao.jpg 2000w\" data-sizes=\"(max-width: 1024px) 100vw, 1024px\" src=\"data:image\/svg+xml;base64,PHN2ZyB3aWR0aD0iMSIgaGVpZ2h0PSIxIiB4bWxucz0iaHR0cDovL3d3dy53My5vcmcvMjAwMC9zdmciPjwvc3ZnPg==\" style=\"--smush-placeholder-width: 1024px; --smush-placeholder-aspect-ratio: 1024\/724;\" \/><\/figure>\n\n\n\n<p>&nbsp;&nbsp;&nbsp;&nbsp;&nbsp;&nbsp;&nbsp;&nbsp;&nbsp;&nbsp;&nbsp;&nbsp;&nbsp;&nbsp;&nbsp; Ap\u00f3s informa\u00e7\u00f5es reiteradas sobre a pr\u00e1tica de tr\u00e1fico de drogas no bairro Brasil Novo, em Visconde do Rio Branco, a Pol\u00edcia Militar deslocou-se at\u00e9 a Rua Ana de Souza Soares para averigua\u00e7\u00e3o.<\/p>\n\n\n\n<p>No local, durante aproxima\u00e7\u00e3o, os militares visualizaram um indiv\u00edduo de 32 anos saindo de um lote vago apontado como ponto de oculta\u00e7\u00e3o de entorpecentes. Ao perceber a presen\u00e7a policial, o suspeito lan\u00e7ou um objeto ao solo e tentou se desvincular da situa\u00e7\u00e3o, sendo imediatamente abordado.<\/p>\n\n\n\n<p>Durante busca pessoal, foi localizada certa quantia em dinheiro. Em dilig\u00eancias no ponto onde o objeto foi dispensado, os policiais encontraram um pino contendo subst\u00e2ncia an\u00e1loga \u00e0 coca\u00edna. Na sequ\u00eancia, ao realizarem buscas no lote de onde o autor havia sa\u00eddo, foram localizados outros 32 pinos da mesma subst\u00e2ncia, armazenados e prontos para comercializa\u00e7\u00e3o.<\/p>\n\n\n\n<p>Diante dos fatos, o indiv\u00edduo recebeu voz de pris\u00e3o por tr\u00e1fico il\u00edcito de drogas, sendo encaminhado para atendimento m\u00e9dico e, posteriormente, conduzido \u00e0 Delegacia de Pol\u00edcia Civil para as provid\u00eancias legais cab\u00edveis.<\/p>\n\n\n\n<p><\/p>\n\n\n\n<p><strong>REDS<\/strong><strong>&nbsp;&nbsp;&nbsp;&nbsp;&nbsp;&nbsp; <\/strong><strong>2026-018990189-001 \u2013 POL\u00cdCIA MILITAR PRENDE FORAGIDO DA JUSTI\u00c7A NO BAIRRO ALTAIR ROCHA EM UB\u00c1<\/strong><\/p>\n\n\n\n<p><strong>LOCAL&nbsp;&nbsp;&nbsp;&nbsp; <\/strong>UB\u00c1 \u2013 R. Maria da Gloria Ara\u00fajo \u2013 Altair Rocha<\/p>\n\n\n\n<p><strong>DATA&nbsp;&nbsp;&nbsp;&nbsp;&nbsp;&nbsp;&nbsp; <\/strong>26\/04\/2026<\/p>\n\n\n\n<p><strong>HORA&nbsp;&nbsp;&nbsp;&nbsp;&nbsp;&nbsp; <\/strong>15h50min<\/p>\n\n\n\n<p><strong>S\u00edntese<\/strong><\/p>\n\n\n\n<p>&nbsp;&nbsp;&nbsp;&nbsp;&nbsp;&nbsp;&nbsp;&nbsp;&nbsp;&nbsp;&nbsp;&nbsp;&nbsp;&nbsp;&nbsp; A Pol\u00edcia Militar durante patrulhamento avistou um homem de 44 anos, que encontrava-se como foragido da justi\u00e7a, sendo abordado e nada de il\u00edcito localizado, por\u00e9m em consulta ao sistema informatizado, confirmou-se a expedi\u00e7\u00e3o do mandado de pris\u00e3o.<\/p>\n\n\n\n<p>Diante dos fatos, foi dado voz de pris\u00e3o ao autor, sendo-lhe garantidos seus direitos constitucionais. O conduzido foi encaminhado ao hospital para os procedimentos de praxe e, posteriormente, apresentado \u00e0 Delegacia de Pol\u00edcia Civil para as demais provid\u00eancias legais.<\/p>\n\n\n\n<p><\/p>\n","protected":false},"excerpt":{"rendered":"<p>Sintese das Ocorr\u00eancias do dia 24..26\/04\/2026<\/p>\n","protected":false},"author":4,"featured_media":24703,"comment_status":"open","ping_status":"open","sticky":false,"template":"","format":"standard","meta":{"footnotes":""},"categories":[1,13,3],"tags":[65,59,188,222,107,73,67,60],"class_list":["post-24698","post","type-post","status-publish","format-standard","has-post-thumbnail","hentry","category-sem-categoria","category-sintese-das-ocorrencias","category-slide","tag-carlos-roberto-sodre","tag-fala-sodre","tag-fato-policial","tag-ocorrencia-policial","tag-policia-civil","tag-policia-militar","tag-sodre","tag-ubanews"],"yoast_head":"<!-- This site is optimized with the Yoast SEO plugin v27.2 - https:\/\/yoast.com\/product\/yoast-seo-wordpress\/ -->\n<title>Sintese das Ocorr\u00eancias do dia 24..26\/04\/2026 - Ub\u00e1 News<\/title>\n<meta name=\"description\" content=\"Sintese das Ocorr\u00eancias do dia 24..26\/04\/2026\" \/>\n<meta name=\"robots\" content=\"index, follow, max-snippet:-1, max-image-preview:large, max-video-preview:-1\" \/>\n<link rel=\"canonical\" href=\"https:\/\/ubanews.com\/site\/2026\/04\/27\/sintese-das-ocorrencias-do-dia-24-26-04-2026\/\" \/>\n<meta property=\"og:locale\" content=\"pt_BR\" \/>\n<meta property=\"og:type\" content=\"article\" \/>\n<meta property=\"og:title\" content=\"Sintese das Ocorr\u00eancias do dia 24..26\/04\/2026 - Ub\u00e1 News\" \/>\n<meta property=\"og:description\" content=\"Sintese das Ocorr\u00eancias do dia 24..26\/04\/2026\" \/>\n<meta property=\"og:url\" content=\"https:\/\/ubanews.com\/site\/2026\/04\/27\/sintese-das-ocorrencias-do-dia-24-26-04-2026\/\" \/>\n<meta property=\"og:site_name\" content=\"Ub\u00e1 News\" \/>\n<meta property=\"article:publisher\" content=\"https:\/\/www.facebook.com\/Ub%c3%a1News-Carlos-Roberto-Sodr%c3%a9-418778301977370\" \/>\n<meta property=\"article:published_time\" content=\"2026-04-27T16:33:34+00:00\" \/>\n<meta property=\"article:modified_time\" content=\"2026-04-27T16:33:41+00:00\" \/>\n<meta property=\"og:image\" content=\"https:\/\/ubanews.com\/site\/wp-content\/uploads\/2026\/04\/2026-04-25-Porte-e-Trafico-Vila-Casal-Uba-1.jpg\" \/>\n\t<meta property=\"og:image:width\" content=\"1616\" \/>\n\t<meta property=\"og:image:height\" content=\"1414\" \/>\n\t<meta property=\"og:image:type\" content=\"image\/jpeg\" \/>\n<meta name=\"author\" content=\"Carlos Roberto Sodr\u00e9\" \/>\n<meta name=\"twitter:card\" content=\"summary_large_image\" \/>\n<meta name=\"twitter:label1\" content=\"Escrito por\" \/>\n\t<meta name=\"twitter:data1\" content=\"Carlos Roberto Sodr\u00e9\" \/>\n\t<meta name=\"twitter:label2\" content=\"Est. tempo de leitura\" \/>\n\t<meta name=\"twitter:data2\" content=\"8 minutos\" \/>\n<script type=\"application\/ld+json\" class=\"yoast-schema-graph\">{\"@context\":\"https:\/\/schema.org\",\"@graph\":[{\"@type\":\"Article\",\"@id\":\"https:\/\/ubanews.com\/site\/2026\/04\/27\/sintese-das-ocorrencias-do-dia-24-26-04-2026\/#article\",\"isPartOf\":{\"@id\":\"https:\/\/ubanews.com\/site\/2026\/04\/27\/sintese-das-ocorrencias-do-dia-24-26-04-2026\/\"},\"author\":{\"name\":\"Carlos Roberto Sodr\u00e9\",\"@id\":\"https:\/\/ubanews.com\/site\/#\/schema\/person\/9d8da9ec3c8d00640ab6e8c81e103310\"},\"headline\":\"Sintese das Ocorr\u00eancias do dia 24..26\/04\/2026\",\"datePublished\":\"2026-04-27T16:33:34+00:00\",\"dateModified\":\"2026-04-27T16:33:41+00:00\",\"mainEntityOfPage\":{\"@id\":\"https:\/\/ubanews.com\/site\/2026\/04\/27\/sintese-das-ocorrencias-do-dia-24-26-04-2026\/\"},\"wordCount\":1580,\"commentCount\":0,\"publisher\":{\"@id\":\"https:\/\/ubanews.com\/site\/#organization\"},\"image\":{\"@id\":\"https:\/\/ubanews.com\/site\/2026\/04\/27\/sintese-das-ocorrencias-do-dia-24-26-04-2026\/#primaryimage\"},\"thumbnailUrl\":\"https:\/\/ubanews.com\/site\/wp-content\/uploads\/2026\/04\/2026-04-25-Porte-e-Trafico-Vila-Casal-Uba-1.jpg\",\"keywords\":[\"Carlos Roberto Sodr\u00e9\",\"Fala Sodr\u00e9\",\"Fato Policial\",\"Ocorr\u00eancia Policial\",\"Pol\u00edcia Civil\",\"Pol\u00edcia Militar\",\"Sodr\u00e9\",\"UBANEWS\"],\"articleSection\":[\"Geral\",\"S\u00edntese das Ocorr\u00eancias\",\"Slide\"],\"inLanguage\":\"pt-BR\",\"potentialAction\":[{\"@type\":\"CommentAction\",\"name\":\"Comment\",\"target\":[\"https:\/\/ubanews.com\/site\/2026\/04\/27\/sintese-das-ocorrencias-do-dia-24-26-04-2026\/#respond\"]}]},{\"@type\":\"WebPage\",\"@id\":\"https:\/\/ubanews.com\/site\/2026\/04\/27\/sintese-das-ocorrencias-do-dia-24-26-04-2026\/\",\"url\":\"https:\/\/ubanews.com\/site\/2026\/04\/27\/sintese-das-ocorrencias-do-dia-24-26-04-2026\/\",\"name\":\"Sintese das Ocorr\u00eancias do dia 24..26\/04\/2026 - Ub\u00e1 News\",\"isPartOf\":{\"@id\":\"https:\/\/ubanews.com\/site\/#website\"},\"primaryImageOfPage\":{\"@id\":\"https:\/\/ubanews.com\/site\/2026\/04\/27\/sintese-das-ocorrencias-do-dia-24-26-04-2026\/#primaryimage\"},\"image\":{\"@id\":\"https:\/\/ubanews.com\/site\/2026\/04\/27\/sintese-das-ocorrencias-do-dia-24-26-04-2026\/#primaryimage\"},\"thumbnailUrl\":\"https:\/\/ubanews.com\/site\/wp-content\/uploads\/2026\/04\/2026-04-25-Porte-e-Trafico-Vila-Casal-Uba-1.jpg\",\"datePublished\":\"2026-04-27T16:33:34+00:00\",\"dateModified\":\"2026-04-27T16:33:41+00:00\",\"description\":\"Sintese das Ocorr\u00eancias do dia 24..26\/04\/2026\",\"breadcrumb\":{\"@id\":\"https:\/\/ubanews.com\/site\/2026\/04\/27\/sintese-das-ocorrencias-do-dia-24-26-04-2026\/#breadcrumb\"},\"inLanguage\":\"pt-BR\",\"potentialAction\":[{\"@type\":\"ReadAction\",\"target\":[\"https:\/\/ubanews.com\/site\/2026\/04\/27\/sintese-das-ocorrencias-do-dia-24-26-04-2026\/\"]}]},{\"@type\":\"ImageObject\",\"inLanguage\":\"pt-BR\",\"@id\":\"https:\/\/ubanews.com\/site\/2026\/04\/27\/sintese-das-ocorrencias-do-dia-24-26-04-2026\/#primaryimage\",\"url\":\"https:\/\/ubanews.com\/site\/wp-content\/uploads\/2026\/04\/2026-04-25-Porte-e-Trafico-Vila-Casal-Uba-1.jpg\",\"contentUrl\":\"https:\/\/ubanews.com\/site\/wp-content\/uploads\/2026\/04\/2026-04-25-Porte-e-Trafico-Vila-Casal-Uba-1.jpg\",\"width\":1616,\"height\":1414},{\"@type\":\"BreadcrumbList\",\"@id\":\"https:\/\/ubanews.com\/site\/2026\/04\/27\/sintese-das-ocorrencias-do-dia-24-26-04-2026\/#breadcrumb\",\"itemListElement\":[{\"@type\":\"ListItem\",\"position\":1,\"name\":\"Home\",\"item\":\"https:\/\/ubanews.com\/site\/\"},{\"@type\":\"ListItem\",\"position\":2,\"name\":\"Sintese das Ocorr\u00eancias do dia 24..26\/04\/2026\"}]},{\"@type\":\"WebSite\",\"@id\":\"https:\/\/ubanews.com\/site\/#website\",\"url\":\"https:\/\/ubanews.com\/site\/\",\"name\":\"Ub\u00e1 News\",\"description\":\"\",\"publisher\":{\"@id\":\"https:\/\/ubanews.com\/site\/#organization\"},\"potentialAction\":[{\"@type\":\"SearchAction\",\"target\":{\"@type\":\"EntryPoint\",\"urlTemplate\":\"https:\/\/ubanews.com\/site\/?s={search_term_string}\"},\"query-input\":{\"@type\":\"PropertyValueSpecification\",\"valueRequired\":true,\"valueName\":\"search_term_string\"}}],\"inLanguage\":\"pt-BR\"},{\"@type\":\"Organization\",\"@id\":\"https:\/\/ubanews.com\/site\/#organization\",\"name\":\"Ub\u00e1 News\",\"url\":\"https:\/\/ubanews.com\/site\/\",\"logo\":{\"@type\":\"ImageObject\",\"inLanguage\":\"pt-BR\",\"@id\":\"https:\/\/ubanews.com\/site\/#\/schema\/logo\/image\/\",\"url\":\"https:\/\/ubanews.com\/site\/wp-content\/uploads\/2018\/01\/logoubanews.png\",\"contentUrl\":\"https:\/\/ubanews.com\/site\/wp-content\/uploads\/2018\/01\/logoubanews.png\",\"width\":261,\"height\":99,\"caption\":\"Ub\u00e1 News\"},\"image\":{\"@id\":\"https:\/\/ubanews.com\/site\/#\/schema\/logo\/image\/\"},\"sameAs\":[\"https:\/\/www.facebook.com\/Ub\u00e1News-Carlos-Roberto-Sodr\u00e9-418778301977370\"]},{\"@type\":\"Person\",\"@id\":\"https:\/\/ubanews.com\/site\/#\/schema\/person\/9d8da9ec3c8d00640ab6e8c81e103310\",\"name\":\"Carlos Roberto Sodr\u00e9\",\"image\":{\"@type\":\"ImageObject\",\"inLanguage\":\"pt-BR\",\"@id\":\"https:\/\/secure.gravatar.com\/avatar\/aab322e8555b56c468614fafdab8a8f924e394cdc6cfd8232f77e9e4d123a133?s=96&d=mm&r=g\",\"url\":\"https:\/\/secure.gravatar.com\/avatar\/aab322e8555b56c468614fafdab8a8f924e394cdc6cfd8232f77e9e4d123a133?s=96&d=mm&r=g\",\"contentUrl\":\"https:\/\/secure.gravatar.com\/avatar\/aab322e8555b56c468614fafdab8a8f924e394cdc6cfd8232f77e9e4d123a133?s=96&d=mm&r=g\",\"caption\":\"Carlos Roberto Sodr\u00e9\"},\"url\":\"https:\/\/ubanews.com\/site\/author\/sodre\/\"}]}<\/script>\n<!-- \/ Yoast SEO plugin. -->","yoast_head_json":{"title":"Sintese das Ocorr\u00eancias do dia 24..26\/04\/2026 - Ub\u00e1 News","description":"Sintese das Ocorr\u00eancias do dia 24..26\/04\/2026","robots":{"index":"index","follow":"follow","max-snippet":"max-snippet:-1","max-image-preview":"max-image-preview:large","max-video-preview":"max-video-preview:-1"},"canonical":"https:\/\/ubanews.com\/site\/2026\/04\/27\/sintese-das-ocorrencias-do-dia-24-26-04-2026\/","og_locale":"pt_BR","og_type":"article","og_title":"Sintese das Ocorr\u00eancias do dia 24..26\/04\/2026 - Ub\u00e1 News","og_description":"Sintese das Ocorr\u00eancias do dia 24..26\/04\/2026","og_url":"https:\/\/ubanews.com\/site\/2026\/04\/27\/sintese-das-ocorrencias-do-dia-24-26-04-2026\/","og_site_name":"Ub\u00e1 News","article_publisher":"https:\/\/www.facebook.com\/Ub%c3%a1News-Carlos-Roberto-Sodr%c3%a9-418778301977370","article_published_time":"2026-04-27T16:33:34+00:00","article_modified_time":"2026-04-27T16:33:41+00:00","og_image":[{"width":1616,"height":1414,"url":"https:\/\/ubanews.com\/site\/wp-content\/uploads\/2026\/04\/2026-04-25-Porte-e-Trafico-Vila-Casal-Uba-1.jpg","type":"image\/jpeg"}],"author":"Carlos Roberto Sodr\u00e9","twitter_card":"summary_large_image","twitter_misc":{"Escrito por":"Carlos Roberto Sodr\u00e9","Est. tempo de leitura":"8 minutos"},"schema":{"@context":"https:\/\/schema.org","@graph":[{"@type":"Article","@id":"https:\/\/ubanews.com\/site\/2026\/04\/27\/sintese-das-ocorrencias-do-dia-24-26-04-2026\/#article","isPartOf":{"@id":"https:\/\/ubanews.com\/site\/2026\/04\/27\/sintese-das-ocorrencias-do-dia-24-26-04-2026\/"},"author":{"name":"Carlos Roberto Sodr\u00e9","@id":"https:\/\/ubanews.com\/site\/#\/schema\/person\/9d8da9ec3c8d00640ab6e8c81e103310"},"headline":"Sintese das Ocorr\u00eancias do dia 24..26\/04\/2026","datePublished":"2026-04-27T16:33:34+00:00","dateModified":"2026-04-27T16:33:41+00:00","mainEntityOfPage":{"@id":"https:\/\/ubanews.com\/site\/2026\/04\/27\/sintese-das-ocorrencias-do-dia-24-26-04-2026\/"},"wordCount":1580,"commentCount":0,"publisher":{"@id":"https:\/\/ubanews.com\/site\/#organization"},"image":{"@id":"https:\/\/ubanews.com\/site\/2026\/04\/27\/sintese-das-ocorrencias-do-dia-24-26-04-2026\/#primaryimage"},"thumbnailUrl":"https:\/\/ubanews.com\/site\/wp-content\/uploads\/2026\/04\/2026-04-25-Porte-e-Trafico-Vila-Casal-Uba-1.jpg","keywords":["Carlos Roberto Sodr\u00e9","Fala Sodr\u00e9","Fato Policial","Ocorr\u00eancia Policial","Pol\u00edcia Civil","Pol\u00edcia Militar","Sodr\u00e9","UBANEWS"],"articleSection":["Geral","S\u00edntese das Ocorr\u00eancias","Slide"],"inLanguage":"pt-BR","potentialAction":[{"@type":"CommentAction","name":"Comment","target":["https:\/\/ubanews.com\/site\/2026\/04\/27\/sintese-das-ocorrencias-do-dia-24-26-04-2026\/#respond"]}]},{"@type":"WebPage","@id":"https:\/\/ubanews.com\/site\/2026\/04\/27\/sintese-das-ocorrencias-do-dia-24-26-04-2026\/","url":"https:\/\/ubanews.com\/site\/2026\/04\/27\/sintese-das-ocorrencias-do-dia-24-26-04-2026\/","name":"Sintese das Ocorr\u00eancias do dia 24..26\/04\/2026 - Ub\u00e1 News","isPartOf":{"@id":"https:\/\/ubanews.com\/site\/#website"},"primaryImageOfPage":{"@id":"https:\/\/ubanews.com\/site\/2026\/04\/27\/sintese-das-ocorrencias-do-dia-24-26-04-2026\/#primaryimage"},"image":{"@id":"https:\/\/ubanews.com\/site\/2026\/04\/27\/sintese-das-ocorrencias-do-dia-24-26-04-2026\/#primaryimage"},"thumbnailUrl":"https:\/\/ubanews.com\/site\/wp-content\/uploads\/2026\/04\/2026-04-25-Porte-e-Trafico-Vila-Casal-Uba-1.jpg","datePublished":"2026-04-27T16:33:34+00:00","dateModified":"2026-04-27T16:33:41+00:00","description":"Sintese das Ocorr\u00eancias do dia 24..26\/04\/2026","breadcrumb":{"@id":"https:\/\/ubanews.com\/site\/2026\/04\/27\/sintese-das-ocorrencias-do-dia-24-26-04-2026\/#breadcrumb"},"inLanguage":"pt-BR","potentialAction":[{"@type":"ReadAction","target":["https:\/\/ubanews.com\/site\/2026\/04\/27\/sintese-das-ocorrencias-do-dia-24-26-04-2026\/"]}]},{"@type":"ImageObject","inLanguage":"pt-BR","@id":"https:\/\/ubanews.com\/site\/2026\/04\/27\/sintese-das-ocorrencias-do-dia-24-26-04-2026\/#primaryimage","url":"https:\/\/ubanews.com\/site\/wp-content\/uploads\/2026\/04\/2026-04-25-Porte-e-Trafico-Vila-Casal-Uba-1.jpg","contentUrl":"https:\/\/ubanews.com\/site\/wp-content\/uploads\/2026\/04\/2026-04-25-Porte-e-Trafico-Vila-Casal-Uba-1.jpg","width":1616,"height":1414},{"@type":"BreadcrumbList","@id":"https:\/\/ubanews.com\/site\/2026\/04\/27\/sintese-das-ocorrencias-do-dia-24-26-04-2026\/#breadcrumb","itemListElement":[{"@type":"ListItem","position":1,"name":"Home","item":"https:\/\/ubanews.com\/site\/"},{"@type":"ListItem","position":2,"name":"Sintese das Ocorr\u00eancias do dia 24..26\/04\/2026"}]},{"@type":"WebSite","@id":"https:\/\/ubanews.com\/site\/#website","url":"https:\/\/ubanews.com\/site\/","name":"Ub\u00e1 News","description":"","publisher":{"@id":"https:\/\/ubanews.com\/site\/#organization"},"potentialAction":[{"@type":"SearchAction","target":{"@type":"EntryPoint","urlTemplate":"https:\/\/ubanews.com\/site\/?s={search_term_string}"},"query-input":{"@type":"PropertyValueSpecification","valueRequired":true,"valueName":"search_term_string"}}],"inLanguage":"pt-BR"},{"@type":"Organization","@id":"https:\/\/ubanews.com\/site\/#organization","name":"Ub\u00e1 News","url":"https:\/\/ubanews.com\/site\/","logo":{"@type":"ImageObject","inLanguage":"pt-BR","@id":"https:\/\/ubanews.com\/site\/#\/schema\/logo\/image\/","url":"https:\/\/ubanews.com\/site\/wp-content\/uploads\/2018\/01\/logoubanews.png","contentUrl":"https:\/\/ubanews.com\/site\/wp-content\/uploads\/2018\/01\/logoubanews.png","width":261,"height":99,"caption":"Ub\u00e1 News"},"image":{"@id":"https:\/\/ubanews.com\/site\/#\/schema\/logo\/image\/"},"sameAs":["https:\/\/www.facebook.com\/Ub\u00e1News-Carlos-Roberto-Sodr\u00e9-418778301977370"]},{"@type":"Person","@id":"https:\/\/ubanews.com\/site\/#\/schema\/person\/9d8da9ec3c8d00640ab6e8c81e103310","name":"Carlos Roberto Sodr\u00e9","image":{"@type":"ImageObject","inLanguage":"pt-BR","@id":"https:\/\/secure.gravatar.com\/avatar\/aab322e8555b56c468614fafdab8a8f924e394cdc6cfd8232f77e9e4d123a133?s=96&d=mm&r=g","url":"https:\/\/secure.gravatar.com\/avatar\/aab322e8555b56c468614fafdab8a8f924e394cdc6cfd8232f77e9e4d123a133?s=96&d=mm&r=g","contentUrl":"https:\/\/secure.gravatar.com\/avatar\/aab322e8555b56c468614fafdab8a8f924e394cdc6cfd8232f77e9e4d123a133?s=96&d=mm&r=g","caption":"Carlos Roberto Sodr\u00e9"},"url":"https:\/\/ubanews.com\/site\/author\/sodre\/"}]}},"_links":{"self":[{"href":"https:\/\/ubanews.com\/site\/wp-json\/wp\/v2\/posts\/24698","targetHints":{"allow":["GET"]}}],"collection":[{"href":"https:\/\/ubanews.com\/site\/wp-json\/wp\/v2\/posts"}],"about":[{"href":"https:\/\/ubanews.com\/site\/wp-json\/wp\/v2\/types\/post"}],"author":[{"embeddable":true,"href":"https:\/\/ubanews.com\/site\/wp-json\/wp\/v2\/users\/4"}],"replies":[{"embeddable":true,"href":"https:\/\/ubanews.com\/site\/wp-json\/wp\/v2\/comments?post=24698"}],"version-history":[{"count":0,"href":"https:\/\/ubanews.com\/site\/wp-json\/wp\/v2\/posts\/24698\/revisions"}],"wp:featuredmedia":[{"embeddable":true,"href":"https:\/\/ubanews.com\/site\/wp-json\/wp\/v2\/media\/24703"}],"wp:attachment":[{"href":"https:\/\/ubanews.com\/site\/wp-json\/wp\/v2\/media?parent=24698"}],"wp:term":[{"taxonomy":"category","embeddable":true,"href":"https:\/\/ubanews.com\/site\/wp-json\/wp\/v2\/categories?post=24698"},{"taxonomy":"post_tag","embeddable":true,"href":"https:\/\/ubanews.com\/site\/wp-json\/wp\/v2\/tags?post=24698"}],"curies":[{"name":"wp","href":"https:\/\/api.w.org\/{rel}","templated":true}]}}