{"id":24696,"date":"2026-04-27T13:23:03","date_gmt":"2026-04-27T16:23:03","guid":{"rendered":"https:\/\/ubanews.com\/site\/?p=24696"},"modified":"2026-04-27T13:23:17","modified_gmt":"2026-04-27T16:23:17","slug":"sintese-das-ocorrencias-do-dia-23-04-2026","status":"publish","type":"post","link":"https:\/\/ubanews.com\/site\/2026\/04\/27\/sintese-das-ocorrencias-do-dia-23-04-2026\/","title":{"rendered":"Sintese das Ocorr\u00eancias do dia 23\/04\/2026"},"content":{"rendered":"\n<p><strong>REDS<\/strong><strong>&nbsp;&nbsp;&nbsp;&nbsp;&nbsp;&nbsp;&nbsp; <\/strong><strong>2026-018555379-001 \u2013 POL\u00cdCIA MILITAR APREENDE MENORES POR TR\u00c1FICO DE DROGAS NO BAIRRO INDUSTRIAL<\/strong><\/p>\n\n\n\n<p><strong>LOCAL&nbsp;&nbsp;&nbsp;&nbsp; <\/strong>UB\u00c1 \u2013 Rua Jos\u00e9 da Costa Marques &#8211; Industrial<\/p>\n\n\n\n<p><strong>DATA&nbsp;&nbsp;&nbsp;&nbsp;&nbsp;&nbsp;&nbsp; <\/strong>23\/04\/2026<\/p>\n\n\n\n<p><strong>HORA&nbsp;&nbsp;&nbsp;&nbsp;&nbsp;&nbsp; <\/strong>17h35min<\/p>\n\n\n\n<figure class=\"wp-block-image size-large\"><img decoding=\"async\" width=\"1024\" height=\"724\" data-src=\"https:\/\/ubanews.com\/site\/wp-content\/uploads\/2026\/04\/2026-04-23-POLICIA-MILITAR-APREENDE-MENORES-POR-TRAFICO-DE-DROGAS-NO-BAIRRO-INDUSTRIAL-1024x724.jpg\" alt=\"\" class=\"wp-image-24697 lazyload\" data-srcset=\"https:\/\/ubanews.com\/site\/wp-content\/uploads\/2026\/04\/2026-04-23-POLICIA-MILITAR-APREENDE-MENORES-POR-TRAFICO-DE-DROGAS-NO-BAIRRO-INDUSTRIAL-1024x724.jpg 1024w, https:\/\/ubanews.com\/site\/wp-content\/uploads\/2026\/04\/2026-04-23-POLICIA-MILITAR-APREENDE-MENORES-POR-TRAFICO-DE-DROGAS-NO-BAIRRO-INDUSTRIAL-300x212.jpg 300w, https:\/\/ubanews.com\/site\/wp-content\/uploads\/2026\/04\/2026-04-23-POLICIA-MILITAR-APREENDE-MENORES-POR-TRAFICO-DE-DROGAS-NO-BAIRRO-INDUSTRIAL-768x543.jpg 768w, https:\/\/ubanews.com\/site\/wp-content\/uploads\/2026\/04\/2026-04-23-POLICIA-MILITAR-APREENDE-MENORES-POR-TRAFICO-DE-DROGAS-NO-BAIRRO-INDUSTRIAL-1536x1086.jpg 1536w, https:\/\/ubanews.com\/site\/wp-content\/uploads\/2026\/04\/2026-04-23-POLICIA-MILITAR-APREENDE-MENORES-POR-TRAFICO-DE-DROGAS-NO-BAIRRO-INDUSTRIAL.jpg 1600w\" data-sizes=\"(max-width: 1024px) 100vw, 1024px\" src=\"data:image\/svg+xml;base64,PHN2ZyB3aWR0aD0iMSIgaGVpZ2h0PSIxIiB4bWxucz0iaHR0cDovL3d3dy53My5vcmcvMjAwMC9zdmciPjwvc3ZnPg==\" style=\"--smush-placeholder-width: 1024px; --smush-placeholder-aspect-ratio: 1024\/724;\" \/><\/figure>\n\n\n\n<p>&nbsp;&nbsp;&nbsp;&nbsp;&nbsp;&nbsp;&nbsp;&nbsp;&nbsp;&nbsp;&nbsp;&nbsp;&nbsp;&nbsp;&nbsp; Ap\u00f3s o recebimento de den\u00fancias an\u00f4nimas indicando a pr\u00e1tica de tr\u00e1fico de entorpecentes em determinado im\u00f3vel, onde a comercializa\u00e7\u00e3o ocorria por meio de uma janela mediante dep\u00f3sito pr\u00e9vio de valores no port\u00e3o, as equipes policiais iniciaram monitoramento no local.<\/p>\n\n\n\n<p>Durante a vigil\u00e2ncia, foi poss\u00edvel constatar a veracidade das informa\u00e7\u00f5es, sendo inclusive realizado registro fotogr\u00e1fico da atividade il\u00edcita. No momento da interven\u00e7\u00e3o, um dos envolvidos arremessou uma sacola contendo 82 pedras de subst\u00e2ncia an\u00e1loga ao crack, 46 pinos de subst\u00e2ncia an\u00e1loga \u00e0 coca\u00edna e um simulacro de arma de fogo, materiais posteriormente localizados \u00e0s margens do Ribeir\u00e3o Ub\u00e1.<\/p>\n\n\n\n<p>Dando continuidade \u00e0 a\u00e7\u00e3o, foi realizado cerco ao im\u00f3vel, sendo os dois autores, ambos menores, abordados em seu interior. No local, foram apreendidos 03 aparelhos celulares, certa quantia em dinheiro, c\u00e2meras de monitoramento e um equipamento DVR.<\/p>\n\n\n\n<p>Durante a ocorr\u00eancia, uma menor gestante, companheira de um dos envolvidos, foi localizada e entregue ao seu respons\u00e1vel legal. Diante dos fatos, foi dada voz de apreens\u00e3o aos autores, que foram conduzidos \u00e0 Delegacia de Pol\u00edcia, juntamente aos materiais apreendidos.<\/p>\n\n\n\n<h2 class=\"wp-block-heading\">Sintese das Ocorr\u00eancias do dia 23\/04\/2026<\/h2>\n\n\n\n<p><strong>REDS<\/strong><strong>&nbsp;&nbsp;&nbsp;&nbsp;&nbsp;&nbsp;&nbsp; <\/strong><strong>2026-018599799-001 \u2013 POL\u00cdCIA MILITAR APREENDE MENOR POR TR\u00c1FICO DE DROGAS NO BAIRRO S\u00c3O SEBASTI\u00c3O EM RODEIRO.<\/strong><\/p>\n\n\n\n<p><strong>LOCAL&nbsp;&nbsp;&nbsp;&nbsp; <\/strong>VISCONDE DO RIO BRANCO \u2013 Rua Alexandre da Silva Ferraz &#8211; Felipe Rachid<\/p>\n\n\n\n<p><strong>DATA&nbsp;&nbsp;&nbsp;&nbsp;&nbsp;&nbsp;&nbsp; <\/strong>23\/04\/2026<\/p>\n\n\n\n<p><strong>HORA&nbsp;&nbsp;&nbsp;&nbsp;&nbsp;&nbsp; <\/strong>18h30min<\/p>\n\n\n\n<p><\/p>\n\n\n\n<p>&nbsp;&nbsp;&nbsp;&nbsp;&nbsp;&nbsp;&nbsp;&nbsp;&nbsp;&nbsp;&nbsp;&nbsp;&nbsp;&nbsp;&nbsp; Ap\u00f3s o recebimento de den\u00fancia an\u00f4nima informando a pr\u00e1tica de tr\u00e1fico de entorpecentes em \u00e1rea conhecida como zona quente de criminalidade, no bairro Filipinho, indicando que um indiv\u00edduo com caracter\u00edsticas espec\u00edficas estaria comercializando drogas na Av. Dr. Carlos Soares, a guarni\u00e7\u00e3o intensificou o patrulhamento na regi\u00e3o.<\/p>\n\n\n\n<p>Durante as dilig\u00eancias, a equipe policial visualizou o suspeito entregando um objeto a outro indiv\u00edduo n\u00e3o identificado. Ao perceber a presen\u00e7a policial, o autor demonstrou nervosismo, tentou ocultar-se e desobedeceu \u00e0 ordem de parada, iniciando fuga a p\u00e9.<\/p>\n\n\n\n<p>O suspeito foi acompanhado pela guarni\u00e7\u00e3o, momento em que dispensou um objeto ao solo. A abordagem ocorreu na Rua Alexandre Ferraz, onde o indiv\u00edduo tentava esconder-se em um recipiente de lixo. Ap\u00f3s busca pessoal, foi localizada quantia em dinheiro fracionado, caracter\u00edstica comum da atividade de tr\u00e1fico de drogas.<\/p>\n\n\n\n<p>Durante a verifica\u00e7\u00e3o de dados, constatou-se que o abordado havia fornecido identidade falsa, sendo posteriormente identificado corretamente. No trajeto da fuga, foram localizadas 10 pedras de subst\u00e2ncia an\u00e1loga ao crack, prontas para comercializa\u00e7\u00e3o, fato confirmado pelo pr\u00f3prio autor.<\/p>\n\n\n\n<p>Diante dos fatos, o autor, de 46 anos, foi preso e encaminhado \u00e0 Delegacia de Pol\u00edcia Civil, juntamente com o material apreendido, para as provid\u00eancias cab\u00edveis.<\/p>\n\n\n\n<p><strong>\u00a0\u00a0\u00a0\u00a0\u00a0<\/strong><\/p>\n","protected":false},"excerpt":{"rendered":"<p>Sintese das Ocorr\u00eancias do dia 23\/04\/2026<\/p>\n","protected":false},"author":4,"featured_media":24697,"comment_status":"open","ping_status":"open","sticky":false,"template":"","format":"standard","meta":{"footnotes":""},"categories":[1,3],"tags":[65,59,188,222,107,73,67,60],"class_list":["post-24696","post","type-post","status-publish","format-standard","has-post-thumbnail","hentry","category-sem-categoria","category-slide","tag-carlos-roberto-sodre","tag-fala-sodre","tag-fato-policial","tag-ocorrencia-policial","tag-policia-civil","tag-policia-militar","tag-sodre","tag-ubanews"],"yoast_head":"<!-- This site is optimized with the Yoast SEO plugin v27.2 - https:\/\/yoast.com\/product\/yoast-seo-wordpress\/ -->\n<title>Sintese das Ocorr\u00eancias do dia 23\/04\/2026 - Ub\u00e1 News<\/title>\n<meta name=\"description\" content=\"Sintese das Ocorr\u00eancias do dia 23\/04\/2026\" \/>\n<meta name=\"robots\" content=\"index, follow, max-snippet:-1, max-image-preview:large, max-video-preview:-1\" \/>\n<link rel=\"canonical\" href=\"https:\/\/ubanews.com\/site\/2026\/04\/27\/sintese-das-ocorrencias-do-dia-23-04-2026\/\" \/>\n<meta property=\"og:locale\" content=\"pt_BR\" \/>\n<meta property=\"og:type\" content=\"article\" \/>\n<meta property=\"og:title\" content=\"Sintese das Ocorr\u00eancias do dia 23\/04\/2026 - Ub\u00e1 News\" \/>\n<meta property=\"og:description\" content=\"Sintese das Ocorr\u00eancias do dia 23\/04\/2026\" \/>\n<meta property=\"og:url\" content=\"https:\/\/ubanews.com\/site\/2026\/04\/27\/sintese-das-ocorrencias-do-dia-23-04-2026\/\" \/>\n<meta property=\"og:site_name\" content=\"Ub\u00e1 News\" \/>\n<meta property=\"article:publisher\" content=\"https:\/\/www.facebook.com\/Ub%c3%a1News-Carlos-Roberto-Sodr%c3%a9-418778301977370\" \/>\n<meta property=\"article:published_time\" content=\"2026-04-27T16:23:03+00:00\" \/>\n<meta property=\"article:modified_time\" content=\"2026-04-27T16:23:17+00:00\" \/>\n<meta property=\"og:image\" content=\"https:\/\/ubanews.com\/site\/wp-content\/uploads\/2026\/04\/2026-04-23-POLICIA-MILITAR-APREENDE-MENORES-POR-TRAFICO-DE-DROGAS-NO-BAIRRO-INDUSTRIAL.jpg\" \/>\n\t<meta property=\"og:image:width\" content=\"1600\" \/>\n\t<meta property=\"og:image:height\" content=\"1131\" \/>\n\t<meta property=\"og:image:type\" content=\"image\/jpeg\" \/>\n<meta name=\"author\" content=\"Carlos Roberto Sodr\u00e9\" \/>\n<meta name=\"twitter:card\" content=\"summary_large_image\" \/>\n<meta name=\"twitter:label1\" content=\"Escrito por\" \/>\n\t<meta name=\"twitter:data1\" content=\"Carlos Roberto Sodr\u00e9\" \/>\n\t<meta name=\"twitter:label2\" content=\"Est. tempo de leitura\" \/>\n\t<meta name=\"twitter:data2\" content=\"3 minutos\" \/>\n<script type=\"application\/ld+json\" class=\"yoast-schema-graph\">{\"@context\":\"https:\/\/schema.org\",\"@graph\":[{\"@type\":\"Article\",\"@id\":\"https:\/\/ubanews.com\/site\/2026\/04\/27\/sintese-das-ocorrencias-do-dia-23-04-2026\/#article\",\"isPartOf\":{\"@id\":\"https:\/\/ubanews.com\/site\/2026\/04\/27\/sintese-das-ocorrencias-do-dia-23-04-2026\/\"},\"author\":{\"name\":\"Carlos Roberto Sodr\u00e9\",\"@id\":\"https:\/\/ubanews.com\/site\/#\/schema\/person\/9d8da9ec3c8d00640ab6e8c81e103310\"},\"headline\":\"Sintese das Ocorr\u00eancias do dia 23\/04\/2026\",\"datePublished\":\"2026-04-27T16:23:03+00:00\",\"dateModified\":\"2026-04-27T16:23:17+00:00\",\"mainEntityOfPage\":{\"@id\":\"https:\/\/ubanews.com\/site\/2026\/04\/27\/sintese-das-ocorrencias-do-dia-23-04-2026\/\"},\"wordCount\":573,\"commentCount\":0,\"publisher\":{\"@id\":\"https:\/\/ubanews.com\/site\/#organization\"},\"image\":{\"@id\":\"https:\/\/ubanews.com\/site\/2026\/04\/27\/sintese-das-ocorrencias-do-dia-23-04-2026\/#primaryimage\"},\"thumbnailUrl\":\"https:\/\/ubanews.com\/site\/wp-content\/uploads\/2026\/04\/2026-04-23-POLICIA-MILITAR-APREENDE-MENORES-POR-TRAFICO-DE-DROGAS-NO-BAIRRO-INDUSTRIAL.jpg\",\"keywords\":[\"Carlos Roberto Sodr\u00e9\",\"Fala Sodr\u00e9\",\"Fato Policial\",\"Ocorr\u00eancia Policial\",\"Pol\u00edcia Civil\",\"Pol\u00edcia Militar\",\"Sodr\u00e9\",\"UBANEWS\"],\"articleSection\":[\"Geral\",\"Slide\"],\"inLanguage\":\"pt-BR\",\"potentialAction\":[{\"@type\":\"CommentAction\",\"name\":\"Comment\",\"target\":[\"https:\/\/ubanews.com\/site\/2026\/04\/27\/sintese-das-ocorrencias-do-dia-23-04-2026\/#respond\"]}]},{\"@type\":\"WebPage\",\"@id\":\"https:\/\/ubanews.com\/site\/2026\/04\/27\/sintese-das-ocorrencias-do-dia-23-04-2026\/\",\"url\":\"https:\/\/ubanews.com\/site\/2026\/04\/27\/sintese-das-ocorrencias-do-dia-23-04-2026\/\",\"name\":\"Sintese das Ocorr\u00eancias do dia 23\/04\/2026 - Ub\u00e1 News\",\"isPartOf\":{\"@id\":\"https:\/\/ubanews.com\/site\/#website\"},\"primaryImageOfPage\":{\"@id\":\"https:\/\/ubanews.com\/site\/2026\/04\/27\/sintese-das-ocorrencias-do-dia-23-04-2026\/#primaryimage\"},\"image\":{\"@id\":\"https:\/\/ubanews.com\/site\/2026\/04\/27\/sintese-das-ocorrencias-do-dia-23-04-2026\/#primaryimage\"},\"thumbnailUrl\":\"https:\/\/ubanews.com\/site\/wp-content\/uploads\/2026\/04\/2026-04-23-POLICIA-MILITAR-APREENDE-MENORES-POR-TRAFICO-DE-DROGAS-NO-BAIRRO-INDUSTRIAL.jpg\",\"datePublished\":\"2026-04-27T16:23:03+00:00\",\"dateModified\":\"2026-04-27T16:23:17+00:00\",\"description\":\"Sintese das Ocorr\u00eancias do dia 23\/04\/2026\",\"breadcrumb\":{\"@id\":\"https:\/\/ubanews.com\/site\/2026\/04\/27\/sintese-das-ocorrencias-do-dia-23-04-2026\/#breadcrumb\"},\"inLanguage\":\"pt-BR\",\"potentialAction\":[{\"@type\":\"ReadAction\",\"target\":[\"https:\/\/ubanews.com\/site\/2026\/04\/27\/sintese-das-ocorrencias-do-dia-23-04-2026\/\"]}]},{\"@type\":\"ImageObject\",\"inLanguage\":\"pt-BR\",\"@id\":\"https:\/\/ubanews.com\/site\/2026\/04\/27\/sintese-das-ocorrencias-do-dia-23-04-2026\/#primaryimage\",\"url\":\"https:\/\/ubanews.com\/site\/wp-content\/uploads\/2026\/04\/2026-04-23-POLICIA-MILITAR-APREENDE-MENORES-POR-TRAFICO-DE-DROGAS-NO-BAIRRO-INDUSTRIAL.jpg\",\"contentUrl\":\"https:\/\/ubanews.com\/site\/wp-content\/uploads\/2026\/04\/2026-04-23-POLICIA-MILITAR-APREENDE-MENORES-POR-TRAFICO-DE-DROGAS-NO-BAIRRO-INDUSTRIAL.jpg\",\"width\":1600,\"height\":1131},{\"@type\":\"BreadcrumbList\",\"@id\":\"https:\/\/ubanews.com\/site\/2026\/04\/27\/sintese-das-ocorrencias-do-dia-23-04-2026\/#breadcrumb\",\"itemListElement\":[{\"@type\":\"ListItem\",\"position\":1,\"name\":\"Home\",\"item\":\"https:\/\/ubanews.com\/site\/\"},{\"@type\":\"ListItem\",\"position\":2,\"name\":\"Sintese das Ocorr\u00eancias do dia 23\/04\/2026\"}]},{\"@type\":\"WebSite\",\"@id\":\"https:\/\/ubanews.com\/site\/#website\",\"url\":\"https:\/\/ubanews.com\/site\/\",\"name\":\"Ub\u00e1 News\",\"description\":\"\",\"publisher\":{\"@id\":\"https:\/\/ubanews.com\/site\/#organization\"},\"potentialAction\":[{\"@type\":\"SearchAction\",\"target\":{\"@type\":\"EntryPoint\",\"urlTemplate\":\"https:\/\/ubanews.com\/site\/?s={search_term_string}\"},\"query-input\":{\"@type\":\"PropertyValueSpecification\",\"valueRequired\":true,\"valueName\":\"search_term_string\"}}],\"inLanguage\":\"pt-BR\"},{\"@type\":\"Organization\",\"@id\":\"https:\/\/ubanews.com\/site\/#organization\",\"name\":\"Ub\u00e1 News\",\"url\":\"https:\/\/ubanews.com\/site\/\",\"logo\":{\"@type\":\"ImageObject\",\"inLanguage\":\"pt-BR\",\"@id\":\"https:\/\/ubanews.com\/site\/#\/schema\/logo\/image\/\",\"url\":\"https:\/\/ubanews.com\/site\/wp-content\/uploads\/2018\/01\/logoubanews.png\",\"contentUrl\":\"https:\/\/ubanews.com\/site\/wp-content\/uploads\/2018\/01\/logoubanews.png\",\"width\":261,\"height\":99,\"caption\":\"Ub\u00e1 News\"},\"image\":{\"@id\":\"https:\/\/ubanews.com\/site\/#\/schema\/logo\/image\/\"},\"sameAs\":[\"https:\/\/www.facebook.com\/Ub\u00e1News-Carlos-Roberto-Sodr\u00e9-418778301977370\"]},{\"@type\":\"Person\",\"@id\":\"https:\/\/ubanews.com\/site\/#\/schema\/person\/9d8da9ec3c8d00640ab6e8c81e103310\",\"name\":\"Carlos Roberto Sodr\u00e9\",\"image\":{\"@type\":\"ImageObject\",\"inLanguage\":\"pt-BR\",\"@id\":\"https:\/\/secure.gravatar.com\/avatar\/aab322e8555b56c468614fafdab8a8f924e394cdc6cfd8232f77e9e4d123a133?s=96&d=mm&r=g\",\"url\":\"https:\/\/secure.gravatar.com\/avatar\/aab322e8555b56c468614fafdab8a8f924e394cdc6cfd8232f77e9e4d123a133?s=96&d=mm&r=g\",\"contentUrl\":\"https:\/\/secure.gravatar.com\/avatar\/aab322e8555b56c468614fafdab8a8f924e394cdc6cfd8232f77e9e4d123a133?s=96&d=mm&r=g\",\"caption\":\"Carlos Roberto Sodr\u00e9\"},\"url\":\"https:\/\/ubanews.com\/site\/author\/sodre\/\"}]}<\/script>\n<!-- \/ Yoast SEO plugin. -->","yoast_head_json":{"title":"Sintese das Ocorr\u00eancias do dia 23\/04\/2026 - Ub\u00e1 News","description":"Sintese das Ocorr\u00eancias do dia 23\/04\/2026","robots":{"index":"index","follow":"follow","max-snippet":"max-snippet:-1","max-image-preview":"max-image-preview:large","max-video-preview":"max-video-preview:-1"},"canonical":"https:\/\/ubanews.com\/site\/2026\/04\/27\/sintese-das-ocorrencias-do-dia-23-04-2026\/","og_locale":"pt_BR","og_type":"article","og_title":"Sintese das Ocorr\u00eancias do dia 23\/04\/2026 - Ub\u00e1 News","og_description":"Sintese das Ocorr\u00eancias do dia 23\/04\/2026","og_url":"https:\/\/ubanews.com\/site\/2026\/04\/27\/sintese-das-ocorrencias-do-dia-23-04-2026\/","og_site_name":"Ub\u00e1 News","article_publisher":"https:\/\/www.facebook.com\/Ub%c3%a1News-Carlos-Roberto-Sodr%c3%a9-418778301977370","article_published_time":"2026-04-27T16:23:03+00:00","article_modified_time":"2026-04-27T16:23:17+00:00","og_image":[{"width":1600,"height":1131,"url":"https:\/\/ubanews.com\/site\/wp-content\/uploads\/2026\/04\/2026-04-23-POLICIA-MILITAR-APREENDE-MENORES-POR-TRAFICO-DE-DROGAS-NO-BAIRRO-INDUSTRIAL.jpg","type":"image\/jpeg"}],"author":"Carlos Roberto Sodr\u00e9","twitter_card":"summary_large_image","twitter_misc":{"Escrito por":"Carlos Roberto Sodr\u00e9","Est. tempo de leitura":"3 minutos"},"schema":{"@context":"https:\/\/schema.org","@graph":[{"@type":"Article","@id":"https:\/\/ubanews.com\/site\/2026\/04\/27\/sintese-das-ocorrencias-do-dia-23-04-2026\/#article","isPartOf":{"@id":"https:\/\/ubanews.com\/site\/2026\/04\/27\/sintese-das-ocorrencias-do-dia-23-04-2026\/"},"author":{"name":"Carlos Roberto Sodr\u00e9","@id":"https:\/\/ubanews.com\/site\/#\/schema\/person\/9d8da9ec3c8d00640ab6e8c81e103310"},"headline":"Sintese das Ocorr\u00eancias do dia 23\/04\/2026","datePublished":"2026-04-27T16:23:03+00:00","dateModified":"2026-04-27T16:23:17+00:00","mainEntityOfPage":{"@id":"https:\/\/ubanews.com\/site\/2026\/04\/27\/sintese-das-ocorrencias-do-dia-23-04-2026\/"},"wordCount":573,"commentCount":0,"publisher":{"@id":"https:\/\/ubanews.com\/site\/#organization"},"image":{"@id":"https:\/\/ubanews.com\/site\/2026\/04\/27\/sintese-das-ocorrencias-do-dia-23-04-2026\/#primaryimage"},"thumbnailUrl":"https:\/\/ubanews.com\/site\/wp-content\/uploads\/2026\/04\/2026-04-23-POLICIA-MILITAR-APREENDE-MENORES-POR-TRAFICO-DE-DROGAS-NO-BAIRRO-INDUSTRIAL.jpg","keywords":["Carlos Roberto Sodr\u00e9","Fala Sodr\u00e9","Fato Policial","Ocorr\u00eancia Policial","Pol\u00edcia Civil","Pol\u00edcia Militar","Sodr\u00e9","UBANEWS"],"articleSection":["Geral","Slide"],"inLanguage":"pt-BR","potentialAction":[{"@type":"CommentAction","name":"Comment","target":["https:\/\/ubanews.com\/site\/2026\/04\/27\/sintese-das-ocorrencias-do-dia-23-04-2026\/#respond"]}]},{"@type":"WebPage","@id":"https:\/\/ubanews.com\/site\/2026\/04\/27\/sintese-das-ocorrencias-do-dia-23-04-2026\/","url":"https:\/\/ubanews.com\/site\/2026\/04\/27\/sintese-das-ocorrencias-do-dia-23-04-2026\/","name":"Sintese das Ocorr\u00eancias do dia 23\/04\/2026 - Ub\u00e1 News","isPartOf":{"@id":"https:\/\/ubanews.com\/site\/#website"},"primaryImageOfPage":{"@id":"https:\/\/ubanews.com\/site\/2026\/04\/27\/sintese-das-ocorrencias-do-dia-23-04-2026\/#primaryimage"},"image":{"@id":"https:\/\/ubanews.com\/site\/2026\/04\/27\/sintese-das-ocorrencias-do-dia-23-04-2026\/#primaryimage"},"thumbnailUrl":"https:\/\/ubanews.com\/site\/wp-content\/uploads\/2026\/04\/2026-04-23-POLICIA-MILITAR-APREENDE-MENORES-POR-TRAFICO-DE-DROGAS-NO-BAIRRO-INDUSTRIAL.jpg","datePublished":"2026-04-27T16:23:03+00:00","dateModified":"2026-04-27T16:23:17+00:00","description":"Sintese das Ocorr\u00eancias do dia 23\/04\/2026","breadcrumb":{"@id":"https:\/\/ubanews.com\/site\/2026\/04\/27\/sintese-das-ocorrencias-do-dia-23-04-2026\/#breadcrumb"},"inLanguage":"pt-BR","potentialAction":[{"@type":"ReadAction","target":["https:\/\/ubanews.com\/site\/2026\/04\/27\/sintese-das-ocorrencias-do-dia-23-04-2026\/"]}]},{"@type":"ImageObject","inLanguage":"pt-BR","@id":"https:\/\/ubanews.com\/site\/2026\/04\/27\/sintese-das-ocorrencias-do-dia-23-04-2026\/#primaryimage","url":"https:\/\/ubanews.com\/site\/wp-content\/uploads\/2026\/04\/2026-04-23-POLICIA-MILITAR-APREENDE-MENORES-POR-TRAFICO-DE-DROGAS-NO-BAIRRO-INDUSTRIAL.jpg","contentUrl":"https:\/\/ubanews.com\/site\/wp-content\/uploads\/2026\/04\/2026-04-23-POLICIA-MILITAR-APREENDE-MENORES-POR-TRAFICO-DE-DROGAS-NO-BAIRRO-INDUSTRIAL.jpg","width":1600,"height":1131},{"@type":"BreadcrumbList","@id":"https:\/\/ubanews.com\/site\/2026\/04\/27\/sintese-das-ocorrencias-do-dia-23-04-2026\/#breadcrumb","itemListElement":[{"@type":"ListItem","position":1,"name":"Home","item":"https:\/\/ubanews.com\/site\/"},{"@type":"ListItem","position":2,"name":"Sintese das Ocorr\u00eancias do dia 23\/04\/2026"}]},{"@type":"WebSite","@id":"https:\/\/ubanews.com\/site\/#website","url":"https:\/\/ubanews.com\/site\/","name":"Ub\u00e1 News","description":"","publisher":{"@id":"https:\/\/ubanews.com\/site\/#organization"},"potentialAction":[{"@type":"SearchAction","target":{"@type":"EntryPoint","urlTemplate":"https:\/\/ubanews.com\/site\/?s={search_term_string}"},"query-input":{"@type":"PropertyValueSpecification","valueRequired":true,"valueName":"search_term_string"}}],"inLanguage":"pt-BR"},{"@type":"Organization","@id":"https:\/\/ubanews.com\/site\/#organization","name":"Ub\u00e1 News","url":"https:\/\/ubanews.com\/site\/","logo":{"@type":"ImageObject","inLanguage":"pt-BR","@id":"https:\/\/ubanews.com\/site\/#\/schema\/logo\/image\/","url":"https:\/\/ubanews.com\/site\/wp-content\/uploads\/2018\/01\/logoubanews.png","contentUrl":"https:\/\/ubanews.com\/site\/wp-content\/uploads\/2018\/01\/logoubanews.png","width":261,"height":99,"caption":"Ub\u00e1 News"},"image":{"@id":"https:\/\/ubanews.com\/site\/#\/schema\/logo\/image\/"},"sameAs":["https:\/\/www.facebook.com\/Ub\u00e1News-Carlos-Roberto-Sodr\u00e9-418778301977370"]},{"@type":"Person","@id":"https:\/\/ubanews.com\/site\/#\/schema\/person\/9d8da9ec3c8d00640ab6e8c81e103310","name":"Carlos Roberto Sodr\u00e9","image":{"@type":"ImageObject","inLanguage":"pt-BR","@id":"https:\/\/secure.gravatar.com\/avatar\/aab322e8555b56c468614fafdab8a8f924e394cdc6cfd8232f77e9e4d123a133?s=96&d=mm&r=g","url":"https:\/\/secure.gravatar.com\/avatar\/aab322e8555b56c468614fafdab8a8f924e394cdc6cfd8232f77e9e4d123a133?s=96&d=mm&r=g","contentUrl":"https:\/\/secure.gravatar.com\/avatar\/aab322e8555b56c468614fafdab8a8f924e394cdc6cfd8232f77e9e4d123a133?s=96&d=mm&r=g","caption":"Carlos Roberto Sodr\u00e9"},"url":"https:\/\/ubanews.com\/site\/author\/sodre\/"}]}},"_links":{"self":[{"href":"https:\/\/ubanews.com\/site\/wp-json\/wp\/v2\/posts\/24696","targetHints":{"allow":["GET"]}}],"collection":[{"href":"https:\/\/ubanews.com\/site\/wp-json\/wp\/v2\/posts"}],"about":[{"href":"https:\/\/ubanews.com\/site\/wp-json\/wp\/v2\/types\/post"}],"author":[{"embeddable":true,"href":"https:\/\/ubanews.com\/site\/wp-json\/wp\/v2\/users\/4"}],"replies":[{"embeddable":true,"href":"https:\/\/ubanews.com\/site\/wp-json\/wp\/v2\/comments?post=24696"}],"version-history":[{"count":0,"href":"https:\/\/ubanews.com\/site\/wp-json\/wp\/v2\/posts\/24696\/revisions"}],"wp:featuredmedia":[{"embeddable":true,"href":"https:\/\/ubanews.com\/site\/wp-json\/wp\/v2\/media\/24697"}],"wp:attachment":[{"href":"https:\/\/ubanews.com\/site\/wp-json\/wp\/v2\/media?parent=24696"}],"wp:term":[{"taxonomy":"category","embeddable":true,"href":"https:\/\/ubanews.com\/site\/wp-json\/wp\/v2\/categories?post=24696"},{"taxonomy":"post_tag","embeddable":true,"href":"https:\/\/ubanews.com\/site\/wp-json\/wp\/v2\/tags?post=24696"}],"curies":[{"name":"wp","href":"https:\/\/api.w.org\/{rel}","templated":true}]}}