{"id":24689,"date":"2026-04-25T13:40:16","date_gmt":"2026-04-25T16:40:16","guid":{"rendered":"https:\/\/ubanews.com\/site\/?p=24689"},"modified":"2026-04-26T11:49:57","modified_gmt":"2026-04-26T14:49:57","slug":"sem-um-farol-seguimos-a-deriva","status":"publish","type":"post","link":"https:\/\/ubanews.com\/site\/2026\/04\/25\/sem-um-farol-seguimos-a-deriva\/","title":{"rendered":"Sem um FAROL, seguimos \u00e0 deriva"},"content":{"rendered":"\n<p><strong>Sem um FAROL, seguimos \u00e0 deriva<\/strong>. O tempo segue implac\u00e1vel. Sessenta dias j\u00e1 se passaram desde a enchente e, enquanto aguardamos a conclus\u00e3o da limpeza em diversos pontos da cidade, uma pergunta insiste em permanecer: <strong>como seguimos sem dire\u00e7\u00e3o clara?<\/strong><\/p>\n\n\n\n<h2 class=\"wp-block-heading\">Sem um FAROL, seguimos \u00e0 deriva<\/h2>\n\n\n\n<figure class=\"wp-block-image size-large\"><img decoding=\"async\" width=\"1024\" height=\"683\" data-src=\"https:\/\/ubanews.com\/site\/wp-content\/uploads\/2026\/04\/Sem-um-FAROL-seguimos-a-deriva-1024x683.png\" alt=\"Sem um FAROL, seguimos \u00e0 deriva\" class=\"wp-image-24690 lazyload\" data-srcset=\"https:\/\/ubanews.com\/site\/wp-content\/uploads\/2026\/04\/Sem-um-FAROL-seguimos-a-deriva-1024x683.png 1024w, https:\/\/ubanews.com\/site\/wp-content\/uploads\/2026\/04\/Sem-um-FAROL-seguimos-a-deriva-300x200.png 300w, https:\/\/ubanews.com\/site\/wp-content\/uploads\/2026\/04\/Sem-um-FAROL-seguimos-a-deriva-768x512.png 768w, https:\/\/ubanews.com\/site\/wp-content\/uploads\/2026\/04\/Sem-um-FAROL-seguimos-a-deriva-1200x800.png 1200w, https:\/\/ubanews.com\/site\/wp-content\/uploads\/2026\/04\/Sem-um-FAROL-seguimos-a-deriva-120x80.png 120w, https:\/\/ubanews.com\/site\/wp-content\/uploads\/2026\/04\/Sem-um-FAROL-seguimos-a-deriva.png 1536w\" data-sizes=\"(max-width: 1024px) 100vw, 1024px\" src=\"data:image\/svg+xml;base64,PHN2ZyB3aWR0aD0iMSIgaGVpZ2h0PSIxIiB4bWxucz0iaHR0cDovL3d3dy53My5vcmcvMjAwMC9zdmciPjwvc3ZnPg==\" style=\"--smush-placeholder-width: 1024px; --smush-placeholder-aspect-ratio: 1024\/683;\" \/><\/figure>\n\n\n\n<h3 class=\"wp-block-heading\">A reconstru\u00e7\u00e3o<\/h3>\n\n\n\n<p>A reconstru\u00e7\u00e3o da Avenida Beira Rio, nas proximidades da Motauto, finalmente entrou em movimento. \u00c9 justo reconhecer: ver uma obra avan\u00e7ando traz alento. Mostra que h\u00e1 retomada poss\u00edvel, que nem tudo est\u00e1 parado. Tamb\u00e9m j\u00e1 se percebe uma agenda para o tratamento dos rejeitos da enchente, que haviam sido depositados temporariamente em alguns locais e agora come\u00e7am a ser levados a destinos ambientalmente adequados. S\u00e3o sinais positivos e precisam ser celebrados.<\/p>\n\n\n\n<h3 class=\"wp-block-heading\">o v\u00e1cuo \u00e9 rapidamente ocupado por vers\u00f5es<\/h3>\n\n\n\n<p>O problema \u00e9 que, <strong>na aus\u00eancia de informa\u00e7\u00e3o estruturada<\/strong>, o v\u00e1cuo \u00e9 rapidamente ocupado por vers\u00f5es, boatos e des\u00e2nimo. Quando n\u00e3o h\u00e1 comunica\u00e7\u00e3o, cada um cria a sua narrativa \u2014 e nem sempre ela \u00e9 positiva. J\u00e1 se ouve, com frequ\u00eancia, que \u201cn\u00e3o vale a pena retornar\u201d. Eu sigo acreditando que <strong>vale, sim, a pena retornar<\/strong>. Mas acreditar, sozinho, n\u00e3o sustenta uma cidade.<\/p>\n\n\n\n<p><strong><em>O tempo n\u00e3o espera. E passados mais de sessenta dias, sem um canal claro de comunica\u00e7\u00e3o, o desgaste se amplia.<\/em><\/strong><\/p>\n\n\n\n<h3 class=\"wp-block-heading\">Basta caminhar pelo Cal\u00e7ad\u00e3o<\/h3>\n\n\n\n<p>Basta caminhar pelo Cal\u00e7ad\u00e3o para sentir essa aus\u00eancia de dire\u00e7\u00e3o. O espa\u00e7o ainda permanece sujo e inadequado para uso. Enquanto isso, a <strong>Ideal Tecidos<\/strong> d\u00e1 um exemplo importante ao retomar suas atividades. Parab\u00e9ns \u00e0 empresa, que demonstra energia, coragem e capacidade de fazer acontecer. Ainda assim, o entorno denuncia abandono: ruas deterioradas, o Cal\u00e7ad\u00e3o prec\u00e1rio, a Rua Cristiano Ro\u00e7as interditada. A ponte j\u00e1 est\u00e1 em uso, mas desalineada, transformando a log\u00edstica urbana em um verdadeiro caos para quem circula, leva e traz.<\/p>\n\n\n\n<p>Esse cen\u00e1rio se repete em outras regi\u00f5es. Muitas lojas ainda n\u00e3o retornaram. H\u00e1 \u00e1reas da cidade que parecem caminhar para o esvaziamento. Quem voltou, enfrenta uma queda assustadora no movimento. Quem n\u00e3o voltou, muitas vezes sequer sabe <strong>por onde come\u00e7ar<\/strong>. Aqui, a falta de uma comunica\u00e7\u00e3o de lideran\u00e7a n\u00e3o \u00e9 detalhe \u2014 \u00e9 um fator decisivo.<\/p>\n\n\n\n<h3 class=\"wp-block-heading\"><strong>a pr\u00f3xima enchente<\/strong><\/h3>\n\n\n\n<p>E enquanto lidamos com o presente, uma preocupa\u00e7\u00e3o maior se aproxima silenciosamente: <strong>a pr\u00f3xima enchente<\/strong>. Se nada for feito no campo da mitiga\u00e7\u00e3o, ela j\u00e1 tem data aproximada: 2027. Podemos at\u00e9 iniciar uma contagem regressiva informal \u2014 dez meses a mais, um pouco a menos \u2014, mas o fato \u00e9 simples: sem a\u00e7\u00f5es estruturais, ela vir\u00e1. E se temos dificuldade para reparar, quando iremos, de fato, prevenir?<\/p>\n\n\n\n<p>\u00c9 aqui que surge a pergunta central:<br><strong>como seguir sem um FAROL?<\/strong><\/p>\n\n\n\n<p>No mar, os pontos de risco s\u00e3o sinalizados por far\u00f3is. N\u00e3o exigem discursos longos. S\u00e3o luz. Informa\u00e7\u00e3o clara. Dire\u00e7\u00e3o. Sem eles, qualquer embarca\u00e7\u00e3o navega rumo ao naufr\u00e1gio. A comunica\u00e7\u00e3o cumpre esse mesmo papel na sociedade: orienta, reduz incertezas, cria caminhos poss\u00edveis.<\/p>\n\n\n\n<h3 class=\"wp-block-heading\"><strong>Falhar na comunica\u00e7\u00e3o \u00e9 perder completamente a dire\u00e7\u00e3o<\/strong><\/h3>\n\n\n\n<p>Falhar no fazer j\u00e1 \u00e9 grave. Entretanto <strong>falhar na comunica\u00e7\u00e3o \u00e9 perder completamente a dire\u00e7\u00e3o.<\/strong><br>Sem um FAROL aceso, o caos se instala, o futuro se torna incerto e a energia coletiva se dispersa.<\/p>\n\n\n\n<p>\u00c9 justo \u2014 e necess\u00e1rio \u2014 cobrar a\u00e7\u00f5es. Mas antes de tudo, \u00e9 preciso cobrar <strong>um FAROL<\/strong>. Comunica\u00e7\u00e3o clara, frequente e acess\u00edvel. Nem tudo depende do poder p\u00fablico; muitas decis\u00f5es cabem a cada um em seu pr\u00f3prio \u201cnavio\u201d. Mas sem orienta\u00e7\u00e3o, at\u00e9 quem quer fazer se perde. Quem avan\u00e7a inspira outros, mas tamb\u00e9m sente o peso de ver vizinhos \u00e0 deriva.<\/p>\n\n\n\n<p><strong><em>Com o tempo, o entusiasmo esfria. A incerteza vira rotina. E o que poderia mobilizar passa a desanimar.<\/em><\/strong><\/p>\n\n\n\n<h3 class=\"wp-block-heading\">N\u00e3o \u00e9 da nossa natureza aceitar a derrota<\/h3>\n\n\n\n<p>N\u00e3o \u00e9 da nossa natureza aceitar a derrota. Podemos at\u00e9 parecer abatidos, mas seguimos vivos \u2014 e isso significa que seguimos capazes. Se o FAROL n\u00e3o se acende, que saibamos procurar pontos de luz. Ent\u00e3o se a ajuda vier de um vizinho, que aceitemos. Se vier de um desconhecido, mesmo com receio, que a recebamos. Refazer \u00e9 processo. Esperar, apenas, n\u00e3o \u00e9 solu\u00e7\u00e3o.<\/p>\n\n\n\n<h3 class=\"wp-block-heading\">n\u00e3o permita que a escurid\u00e3o seja justificativa<\/h3>\n\n\n\n<p>Fa\u00e7a e cobre. Cobre e fa\u00e7a. Busque o equil\u00edbrio. Mesmo que o FAROL acenda e apague, n\u00e3o permita que a escurid\u00e3o seja justificativa para n\u00e3o enfrentar os problemas.<\/p>\n\n\n\n<p>Se existe um tempo de parada, que ele sirva para melhorar antes da retomada. Voltar com menos recursos pode significar voltar com mais efici\u00eancia. A experi\u00eancia de atravessar a \u201cguerra\u201d n\u00e3o pode enfraquecer nossa capacidade de aprender. Perdemos batalhas, empatamos outras \u2014 e vencemos algumas. Para melhorar os resultados, planejamento e estrat\u00e9gia s\u00e3o indispens\u00e1veis, como ensina Sun Tzu na <em>Arte da Guerra<\/em>.<\/p>\n\n\n\n<h3 class=\"wp-block-heading\">Muito depende de n\u00f3s<\/h3>\n\n\n\n<p>Muito depende de n\u00f3s. Ainda assim, precisamos de l\u00edderes. L\u00edderes que facilitem, organizem e comuniquem. Nem todos t\u00eam a mesma capacidade de a\u00e7\u00e3o, e isso precisa ser reconhecido. Questionar, cobrar e at\u00e9 criticar faz parte do processo. Mas, novamente, sem um canal eficiente de comunica\u00e7\u00e3o, nem a reclama\u00e7\u00e3o chega ao destino certo, nem o esfor\u00e7o de quem faz se torna vis\u00edvel para quem aguarda.<\/p>\n\n\n\n<p>Sem FAROL, a cidade n\u00e3o anda.<br>Com luz, h\u00e1 caminho.<\/p>\n\n\n\n<p>Por <strong><a href=\"https:\/\/www.instagram.com\/pedro_indicca\/\" target=\"_blank\" rel=\"noreferrer noopener\">Pedro Henriques Guimar\u00e3es Filho<\/a><\/strong> <\/p>\n\n\n\n<figure class=\"wp-block-image size-full\"><a href=\"https:\/\/www.linkedin.com\/in\/pedrohgf\/\" target=\"_blank\" rel=\" noreferrer noopener\"><img decoding=\"async\" width=\"1024\" height=\"683\" data-src=\"https:\/\/ubanews.com\/site\/wp-content\/uploads\/2026\/03\/Colunista-Pedro-Henriques-Guimaraes-Filho-Portal-Uba-News-1-1024x.png\" alt=\"Pedro Henriques da INDICCA.COM Colunista Ub\u00e1 News\" class=\"wp-image-24337 lazyload\" data-srcset=\"https:\/\/ubanews.com\/site\/wp-content\/uploads\/2026\/03\/Colunista-Pedro-Henriques-Guimaraes-Filho-Portal-Uba-News-1-1024x.png 1024w, https:\/\/ubanews.com\/site\/wp-content\/uploads\/2026\/03\/Colunista-Pedro-Henriques-Guimaraes-Filho-Portal-Uba-News-1-1024x-300x200.png 300w, https:\/\/ubanews.com\/site\/wp-content\/uploads\/2026\/03\/Colunista-Pedro-Henriques-Guimaraes-Filho-Portal-Uba-News-1-1024x-768x512.png 768w, https:\/\/ubanews.com\/site\/wp-content\/uploads\/2026\/03\/Colunista-Pedro-Henriques-Guimaraes-Filho-Portal-Uba-News-1-1024x-120x80.png 120w\" data-sizes=\"(max-width: 1024px) 100vw, 1024px\" src=\"data:image\/svg+xml;base64,PHN2ZyB3aWR0aD0iMSIgaGVpZ2h0PSIxIiB4bWxucz0iaHR0cDovL3d3dy53My5vcmcvMjAwMC9zdmciPjwvc3ZnPg==\" style=\"--smush-placeholder-width: 1024px; --smush-placeholder-aspect-ratio: 1024\/683;\" \/><\/a><\/figure>\n\n\n\n<p><strong>#SemUmFarol<\/strong><strong>#Reconstru\u00e7\u00e3o<\/strong><strong>#Comunica\u00e7\u00e3o<\/strong><strong>#Lideran\u00e7a<\/strong><strong>#Retomada<\/strong><strong>#Dire\u00e7\u00e3o<\/strong><\/p>\n\n\n\n<p><strong>#Ub\u00e1<\/strong><strong>#ZonaDaMata<\/strong><strong>#Ub\u00e1News<\/strong><strong>#CidadeQueResiste<\/strong><strong>#DesenvolvimentoLocal<\/strong><\/p>\n\n\n\n<p>#SemUmFarol #Ub\u00e1 #Reconstru\u00e7\u00e3o #Lideran\u00e7a<\/p>\n","protected":false},"excerpt":{"rendered":"<p>Passados mais de 60 dias da enchente, Ub\u00e1 ainda convive com lentid\u00e3o, incertezas e falta de comunica\u00e7\u00e3o clara. H\u00e1 sinais de retomada, como obras e empresas que resistem, mas sem dire\u00e7\u00e3o a cidade segue \u00e0 deriva. O texto defende que, antes de tudo, \u00e9 preciso um FAROL: comunica\u00e7\u00e3o, lideran\u00e7a e orienta\u00e7\u00e3o para reconstruir, mitigar riscos futuros e inspirar a retomada coletiva.<\/p>\n","protected":false},"author":4,"featured_media":24690,"comment_status":"open","ping_status":"open","sticky":false,"template":"","format":"standard","meta":{"footnotes":""},"categories":[508,45,1,509,3],"tags":[736,799,638,802,800,493,801,798,109,307,437],"class_list":["post-24689","post","type-post","status-publish","format-standard","has-post-thumbnail","hentry","category-colunistas","category-destaque-principal","category-sem-categoria","category-pedrin","category-slide","tag-cidadequeresiste","tag-comunicacao","tag-desenvolvimentolocal","tag-direcao","tag-lideranca","tag-reconstrucao","tag-retomada","tag-semumfarol","tag-uba","tag-ubanews-2","tag-zonadamata"],"yoast_head":"<!-- This site is optimized with the Yoast SEO plugin v27.2 - https:\/\/yoast.com\/product\/yoast-seo-wordpress\/ -->\n<title>Sem um FAROL, seguimos \u00e0 deriva - Ub\u00e1 News<\/title>\n<meta name=\"description\" content=\"Sem um FAROL, seguimos \u00e0 deriva.\" \/>\n<meta name=\"robots\" content=\"index, follow, max-snippet:-1, max-image-preview:large, max-video-preview:-1\" \/>\n<link rel=\"canonical\" href=\"https:\/\/ubanews.com\/site\/2026\/04\/25\/sem-um-farol-seguimos-a-deriva\/\" \/>\n<meta property=\"og:locale\" content=\"pt_BR\" \/>\n<meta property=\"og:type\" content=\"article\" \/>\n<meta property=\"og:title\" content=\"Sem um FAROL, seguimos \u00e0 deriva - Ub\u00e1 News\" \/>\n<meta property=\"og:description\" content=\"Sem um FAROL, seguimos \u00e0 deriva.\" \/>\n<meta property=\"og:url\" content=\"https:\/\/ubanews.com\/site\/2026\/04\/25\/sem-um-farol-seguimos-a-deriva\/\" \/>\n<meta property=\"og:site_name\" content=\"Ub\u00e1 News\" \/>\n<meta property=\"article:publisher\" content=\"https:\/\/www.facebook.com\/Ub%c3%a1News-Carlos-Roberto-Sodr%c3%a9-418778301977370\" \/>\n<meta property=\"article:published_time\" content=\"2026-04-25T16:40:16+00:00\" \/>\n<meta property=\"article:modified_time\" content=\"2026-04-26T14:49:57+00:00\" \/>\n<meta property=\"og:image\" content=\"https:\/\/ubanews.com\/site\/wp-content\/uploads\/2026\/04\/Sem-um-FAROL-seguimos-a-deriva-1024x683.png\" \/>\n\t<meta property=\"og:image:width\" content=\"1024\" \/>\n\t<meta property=\"og:image:height\" content=\"683\" \/>\n\t<meta property=\"og:image:type\" content=\"image\/png\" \/>\n<meta name=\"author\" content=\"Carlos Roberto Sodr\u00e9\" \/>\n<meta name=\"twitter:card\" content=\"summary_large_image\" \/>\n<meta name=\"twitter:label1\" content=\"Escrito por\" \/>\n\t<meta name=\"twitter:data1\" content=\"Carlos Roberto Sodr\u00e9\" \/>\n\t<meta name=\"twitter:label2\" content=\"Est. tempo de leitura\" \/>\n\t<meta name=\"twitter:data2\" content=\"6 minutos\" \/>\n<script type=\"application\/ld+json\" class=\"yoast-schema-graph\">{\"@context\":\"https:\/\/schema.org\",\"@graph\":[{\"@type\":\"Article\",\"@id\":\"https:\/\/ubanews.com\/site\/2026\/04\/25\/sem-um-farol-seguimos-a-deriva\/#article\",\"isPartOf\":{\"@id\":\"https:\/\/ubanews.com\/site\/2026\/04\/25\/sem-um-farol-seguimos-a-deriva\/\"},\"author\":{\"name\":\"Carlos Roberto Sodr\u00e9\",\"@id\":\"https:\/\/ubanews.com\/site\/#\/schema\/person\/9d8da9ec3c8d00640ab6e8c81e103310\"},\"headline\":\"Sem um FAROL, seguimos \u00e0 deriva\",\"datePublished\":\"2026-04-25T16:40:16+00:00\",\"dateModified\":\"2026-04-26T14:49:57+00:00\",\"mainEntityOfPage\":{\"@id\":\"https:\/\/ubanews.com\/site\/2026\/04\/25\/sem-um-farol-seguimos-a-deriva\/\"},\"wordCount\":948,\"commentCount\":0,\"publisher\":{\"@id\":\"https:\/\/ubanews.com\/site\/#organization\"},\"image\":{\"@id\":\"https:\/\/ubanews.com\/site\/2026\/04\/25\/sem-um-farol-seguimos-a-deriva\/#primaryimage\"},\"thumbnailUrl\":\"https:\/\/ubanews.com\/site\/wp-content\/uploads\/2026\/04\/Sem-um-FAROL-seguimos-a-deriva.png\",\"keywords\":[\"CidadeQueResiste\",\"Comunica\u00e7\u00e3o\",\"DesenvolvimentoLocal\",\"Dire\u00e7\u00e3o\",\"Lideran\u00e7a\",\"Reconstru\u00e7\u00e3o\",\"Retomada\",\"SemUmFarol\",\"Ub\u00e1\",\"Ub\u00e1News\",\"ZonaDaMata\"],\"articleSection\":[\"Colunistas\",\"DESTAQUE PRINCIPAL\",\"Geral\",\"Pedro Henriques Guimar\u00e3es Filho\",\"Slide\"],\"inLanguage\":\"pt-BR\",\"potentialAction\":[{\"@type\":\"CommentAction\",\"name\":\"Comment\",\"target\":[\"https:\/\/ubanews.com\/site\/2026\/04\/25\/sem-um-farol-seguimos-a-deriva\/#respond\"]}]},{\"@type\":\"WebPage\",\"@id\":\"https:\/\/ubanews.com\/site\/2026\/04\/25\/sem-um-farol-seguimos-a-deriva\/\",\"url\":\"https:\/\/ubanews.com\/site\/2026\/04\/25\/sem-um-farol-seguimos-a-deriva\/\",\"name\":\"Sem um FAROL, seguimos \u00e0 deriva - Ub\u00e1 News\",\"isPartOf\":{\"@id\":\"https:\/\/ubanews.com\/site\/#website\"},\"primaryImageOfPage\":{\"@id\":\"https:\/\/ubanews.com\/site\/2026\/04\/25\/sem-um-farol-seguimos-a-deriva\/#primaryimage\"},\"image\":{\"@id\":\"https:\/\/ubanews.com\/site\/2026\/04\/25\/sem-um-farol-seguimos-a-deriva\/#primaryimage\"},\"thumbnailUrl\":\"https:\/\/ubanews.com\/site\/wp-content\/uploads\/2026\/04\/Sem-um-FAROL-seguimos-a-deriva.png\",\"datePublished\":\"2026-04-25T16:40:16+00:00\",\"dateModified\":\"2026-04-26T14:49:57+00:00\",\"description\":\"Sem um FAROL, seguimos \u00e0 deriva.\",\"breadcrumb\":{\"@id\":\"https:\/\/ubanews.com\/site\/2026\/04\/25\/sem-um-farol-seguimos-a-deriva\/#breadcrumb\"},\"inLanguage\":\"pt-BR\",\"potentialAction\":[{\"@type\":\"ReadAction\",\"target\":[\"https:\/\/ubanews.com\/site\/2026\/04\/25\/sem-um-farol-seguimos-a-deriva\/\"]}]},{\"@type\":\"ImageObject\",\"inLanguage\":\"pt-BR\",\"@id\":\"https:\/\/ubanews.com\/site\/2026\/04\/25\/sem-um-farol-seguimos-a-deriva\/#primaryimage\",\"url\":\"https:\/\/ubanews.com\/site\/wp-content\/uploads\/2026\/04\/Sem-um-FAROL-seguimos-a-deriva.png\",\"contentUrl\":\"https:\/\/ubanews.com\/site\/wp-content\/uploads\/2026\/04\/Sem-um-FAROL-seguimos-a-deriva.png\",\"width\":1536,\"height\":1024},{\"@type\":\"BreadcrumbList\",\"@id\":\"https:\/\/ubanews.com\/site\/2026\/04\/25\/sem-um-farol-seguimos-a-deriva\/#breadcrumb\",\"itemListElement\":[{\"@type\":\"ListItem\",\"position\":1,\"name\":\"Home\",\"item\":\"https:\/\/ubanews.com\/site\/\"},{\"@type\":\"ListItem\",\"position\":2,\"name\":\"Sem um FAROL, seguimos \u00e0 deriva\"}]},{\"@type\":\"WebSite\",\"@id\":\"https:\/\/ubanews.com\/site\/#website\",\"url\":\"https:\/\/ubanews.com\/site\/\",\"name\":\"Ub\u00e1 News\",\"description\":\"\",\"publisher\":{\"@id\":\"https:\/\/ubanews.com\/site\/#organization\"},\"potentialAction\":[{\"@type\":\"SearchAction\",\"target\":{\"@type\":\"EntryPoint\",\"urlTemplate\":\"https:\/\/ubanews.com\/site\/?s={search_term_string}\"},\"query-input\":{\"@type\":\"PropertyValueSpecification\",\"valueRequired\":true,\"valueName\":\"search_term_string\"}}],\"inLanguage\":\"pt-BR\"},{\"@type\":\"Organization\",\"@id\":\"https:\/\/ubanews.com\/site\/#organization\",\"name\":\"Ub\u00e1 News\",\"url\":\"https:\/\/ubanews.com\/site\/\",\"logo\":{\"@type\":\"ImageObject\",\"inLanguage\":\"pt-BR\",\"@id\":\"https:\/\/ubanews.com\/site\/#\/schema\/logo\/image\/\",\"url\":\"https:\/\/ubanews.com\/site\/wp-content\/uploads\/2018\/01\/logoubanews.png\",\"contentUrl\":\"https:\/\/ubanews.com\/site\/wp-content\/uploads\/2018\/01\/logoubanews.png\",\"width\":261,\"height\":99,\"caption\":\"Ub\u00e1 News\"},\"image\":{\"@id\":\"https:\/\/ubanews.com\/site\/#\/schema\/logo\/image\/\"},\"sameAs\":[\"https:\/\/www.facebook.com\/Ub\u00e1News-Carlos-Roberto-Sodr\u00e9-418778301977370\"]},{\"@type\":\"Person\",\"@id\":\"https:\/\/ubanews.com\/site\/#\/schema\/person\/9d8da9ec3c8d00640ab6e8c81e103310\",\"name\":\"Carlos Roberto Sodr\u00e9\",\"image\":{\"@type\":\"ImageObject\",\"inLanguage\":\"pt-BR\",\"@id\":\"https:\/\/secure.gravatar.com\/avatar\/aab322e8555b56c468614fafdab8a8f924e394cdc6cfd8232f77e9e4d123a133?s=96&d=mm&r=g\",\"url\":\"https:\/\/secure.gravatar.com\/avatar\/aab322e8555b56c468614fafdab8a8f924e394cdc6cfd8232f77e9e4d123a133?s=96&d=mm&r=g\",\"contentUrl\":\"https:\/\/secure.gravatar.com\/avatar\/aab322e8555b56c468614fafdab8a8f924e394cdc6cfd8232f77e9e4d123a133?s=96&d=mm&r=g\",\"caption\":\"Carlos Roberto Sodr\u00e9\"},\"url\":\"https:\/\/ubanews.com\/site\/author\/sodre\/\"}]}<\/script>\n<!-- \/ Yoast SEO plugin. -->","yoast_head_json":{"title":"Sem um FAROL, seguimos \u00e0 deriva - Ub\u00e1 News","description":"Sem um FAROL, seguimos \u00e0 deriva.","robots":{"index":"index","follow":"follow","max-snippet":"max-snippet:-1","max-image-preview":"max-image-preview:large","max-video-preview":"max-video-preview:-1"},"canonical":"https:\/\/ubanews.com\/site\/2026\/04\/25\/sem-um-farol-seguimos-a-deriva\/","og_locale":"pt_BR","og_type":"article","og_title":"Sem um FAROL, seguimos \u00e0 deriva - Ub\u00e1 News","og_description":"Sem um FAROL, seguimos \u00e0 deriva.","og_url":"https:\/\/ubanews.com\/site\/2026\/04\/25\/sem-um-farol-seguimos-a-deriva\/","og_site_name":"Ub\u00e1 News","article_publisher":"https:\/\/www.facebook.com\/Ub%c3%a1News-Carlos-Roberto-Sodr%c3%a9-418778301977370","article_published_time":"2026-04-25T16:40:16+00:00","article_modified_time":"2026-04-26T14:49:57+00:00","og_image":[{"width":1024,"height":683,"url":"https:\/\/ubanews.com\/site\/wp-content\/uploads\/2026\/04\/Sem-um-FAROL-seguimos-a-deriva-1024x683.png","type":"image\/png"}],"author":"Carlos Roberto Sodr\u00e9","twitter_card":"summary_large_image","twitter_misc":{"Escrito por":"Carlos Roberto Sodr\u00e9","Est. tempo de leitura":"6 minutos"},"schema":{"@context":"https:\/\/schema.org","@graph":[{"@type":"Article","@id":"https:\/\/ubanews.com\/site\/2026\/04\/25\/sem-um-farol-seguimos-a-deriva\/#article","isPartOf":{"@id":"https:\/\/ubanews.com\/site\/2026\/04\/25\/sem-um-farol-seguimos-a-deriva\/"},"author":{"name":"Carlos Roberto Sodr\u00e9","@id":"https:\/\/ubanews.com\/site\/#\/schema\/person\/9d8da9ec3c8d00640ab6e8c81e103310"},"headline":"Sem um FAROL, seguimos \u00e0 deriva","datePublished":"2026-04-25T16:40:16+00:00","dateModified":"2026-04-26T14:49:57+00:00","mainEntityOfPage":{"@id":"https:\/\/ubanews.com\/site\/2026\/04\/25\/sem-um-farol-seguimos-a-deriva\/"},"wordCount":948,"commentCount":0,"publisher":{"@id":"https:\/\/ubanews.com\/site\/#organization"},"image":{"@id":"https:\/\/ubanews.com\/site\/2026\/04\/25\/sem-um-farol-seguimos-a-deriva\/#primaryimage"},"thumbnailUrl":"https:\/\/ubanews.com\/site\/wp-content\/uploads\/2026\/04\/Sem-um-FAROL-seguimos-a-deriva.png","keywords":["CidadeQueResiste","Comunica\u00e7\u00e3o","DesenvolvimentoLocal","Dire\u00e7\u00e3o","Lideran\u00e7a","Reconstru\u00e7\u00e3o","Retomada","SemUmFarol","Ub\u00e1","Ub\u00e1News","ZonaDaMata"],"articleSection":["Colunistas","DESTAQUE PRINCIPAL","Geral","Pedro Henriques Guimar\u00e3es Filho","Slide"],"inLanguage":"pt-BR","potentialAction":[{"@type":"CommentAction","name":"Comment","target":["https:\/\/ubanews.com\/site\/2026\/04\/25\/sem-um-farol-seguimos-a-deriva\/#respond"]}]},{"@type":"WebPage","@id":"https:\/\/ubanews.com\/site\/2026\/04\/25\/sem-um-farol-seguimos-a-deriva\/","url":"https:\/\/ubanews.com\/site\/2026\/04\/25\/sem-um-farol-seguimos-a-deriva\/","name":"Sem um FAROL, seguimos \u00e0 deriva - Ub\u00e1 News","isPartOf":{"@id":"https:\/\/ubanews.com\/site\/#website"},"primaryImageOfPage":{"@id":"https:\/\/ubanews.com\/site\/2026\/04\/25\/sem-um-farol-seguimos-a-deriva\/#primaryimage"},"image":{"@id":"https:\/\/ubanews.com\/site\/2026\/04\/25\/sem-um-farol-seguimos-a-deriva\/#primaryimage"},"thumbnailUrl":"https:\/\/ubanews.com\/site\/wp-content\/uploads\/2026\/04\/Sem-um-FAROL-seguimos-a-deriva.png","datePublished":"2026-04-25T16:40:16+00:00","dateModified":"2026-04-26T14:49:57+00:00","description":"Sem um FAROL, seguimos \u00e0 deriva.","breadcrumb":{"@id":"https:\/\/ubanews.com\/site\/2026\/04\/25\/sem-um-farol-seguimos-a-deriva\/#breadcrumb"},"inLanguage":"pt-BR","potentialAction":[{"@type":"ReadAction","target":["https:\/\/ubanews.com\/site\/2026\/04\/25\/sem-um-farol-seguimos-a-deriva\/"]}]},{"@type":"ImageObject","inLanguage":"pt-BR","@id":"https:\/\/ubanews.com\/site\/2026\/04\/25\/sem-um-farol-seguimos-a-deriva\/#primaryimage","url":"https:\/\/ubanews.com\/site\/wp-content\/uploads\/2026\/04\/Sem-um-FAROL-seguimos-a-deriva.png","contentUrl":"https:\/\/ubanews.com\/site\/wp-content\/uploads\/2026\/04\/Sem-um-FAROL-seguimos-a-deriva.png","width":1536,"height":1024},{"@type":"BreadcrumbList","@id":"https:\/\/ubanews.com\/site\/2026\/04\/25\/sem-um-farol-seguimos-a-deriva\/#breadcrumb","itemListElement":[{"@type":"ListItem","position":1,"name":"Home","item":"https:\/\/ubanews.com\/site\/"},{"@type":"ListItem","position":2,"name":"Sem um FAROL, seguimos \u00e0 deriva"}]},{"@type":"WebSite","@id":"https:\/\/ubanews.com\/site\/#website","url":"https:\/\/ubanews.com\/site\/","name":"Ub\u00e1 News","description":"","publisher":{"@id":"https:\/\/ubanews.com\/site\/#organization"},"potentialAction":[{"@type":"SearchAction","target":{"@type":"EntryPoint","urlTemplate":"https:\/\/ubanews.com\/site\/?s={search_term_string}"},"query-input":{"@type":"PropertyValueSpecification","valueRequired":true,"valueName":"search_term_string"}}],"inLanguage":"pt-BR"},{"@type":"Organization","@id":"https:\/\/ubanews.com\/site\/#organization","name":"Ub\u00e1 News","url":"https:\/\/ubanews.com\/site\/","logo":{"@type":"ImageObject","inLanguage":"pt-BR","@id":"https:\/\/ubanews.com\/site\/#\/schema\/logo\/image\/","url":"https:\/\/ubanews.com\/site\/wp-content\/uploads\/2018\/01\/logoubanews.png","contentUrl":"https:\/\/ubanews.com\/site\/wp-content\/uploads\/2018\/01\/logoubanews.png","width":261,"height":99,"caption":"Ub\u00e1 News"},"image":{"@id":"https:\/\/ubanews.com\/site\/#\/schema\/logo\/image\/"},"sameAs":["https:\/\/www.facebook.com\/Ub\u00e1News-Carlos-Roberto-Sodr\u00e9-418778301977370"]},{"@type":"Person","@id":"https:\/\/ubanews.com\/site\/#\/schema\/person\/9d8da9ec3c8d00640ab6e8c81e103310","name":"Carlos Roberto Sodr\u00e9","image":{"@type":"ImageObject","inLanguage":"pt-BR","@id":"https:\/\/secure.gravatar.com\/avatar\/aab322e8555b56c468614fafdab8a8f924e394cdc6cfd8232f77e9e4d123a133?s=96&d=mm&r=g","url":"https:\/\/secure.gravatar.com\/avatar\/aab322e8555b56c468614fafdab8a8f924e394cdc6cfd8232f77e9e4d123a133?s=96&d=mm&r=g","contentUrl":"https:\/\/secure.gravatar.com\/avatar\/aab322e8555b56c468614fafdab8a8f924e394cdc6cfd8232f77e9e4d123a133?s=96&d=mm&r=g","caption":"Carlos Roberto Sodr\u00e9"},"url":"https:\/\/ubanews.com\/site\/author\/sodre\/"}]}},"_links":{"self":[{"href":"https:\/\/ubanews.com\/site\/wp-json\/wp\/v2\/posts\/24689","targetHints":{"allow":["GET"]}}],"collection":[{"href":"https:\/\/ubanews.com\/site\/wp-json\/wp\/v2\/posts"}],"about":[{"href":"https:\/\/ubanews.com\/site\/wp-json\/wp\/v2\/types\/post"}],"author":[{"embeddable":true,"href":"https:\/\/ubanews.com\/site\/wp-json\/wp\/v2\/users\/4"}],"replies":[{"embeddable":true,"href":"https:\/\/ubanews.com\/site\/wp-json\/wp\/v2\/comments?post=24689"}],"version-history":[{"count":0,"href":"https:\/\/ubanews.com\/site\/wp-json\/wp\/v2\/posts\/24689\/revisions"}],"wp:featuredmedia":[{"embeddable":true,"href":"https:\/\/ubanews.com\/site\/wp-json\/wp\/v2\/media\/24690"}],"wp:attachment":[{"href":"https:\/\/ubanews.com\/site\/wp-json\/wp\/v2\/media?parent=24689"}],"wp:term":[{"taxonomy":"category","embeddable":true,"href":"https:\/\/ubanews.com\/site\/wp-json\/wp\/v2\/categories?post=24689"},{"taxonomy":"post_tag","embeddable":true,"href":"https:\/\/ubanews.com\/site\/wp-json\/wp\/v2\/tags?post=24689"}],"curies":[{"name":"wp","href":"https:\/\/api.w.org\/{rel}","templated":true}]}}