{"id":24680,"date":"2026-04-25T11:42:39","date_gmt":"2026-04-25T14:42:39","guid":{"rendered":"https:\/\/ubanews.com\/site\/?p=24680"},"modified":"2026-04-25T11:44:50","modified_gmt":"2026-04-25T14:44:50","slug":"dois-meses-apos-a-enchente-historica","status":"publish","type":"post","link":"https:\/\/ubanews.com\/site\/2026\/04\/25\/dois-meses-apos-a-enchente-historica\/","title":{"rendered":"Dois meses ap\u00f3s a enchente hist\u00f3rica"},"content":{"rendered":"\n<p>Dois meses ap\u00f3s a enchente hist\u00f3rica, Ub\u00e1 transforma dor em mem\u00f3ria viva<\/p>\n\n\n\n<h3 class=\"wp-block-heading\">A madrugada que mudou a hist\u00f3ria da cidade<\/h3>\n\n\n\n<p>Primeiramente, a cidade de Ub\u00e1 acordou diferente na madrugada de <strong>23 para 24 de fevereiro<\/strong>.<br>Naquele momento, a \u00e1gua avan\u00e7ou sem pedir licen\u00e7a.<br>Em poucas horas, ruas desapareceram.<br>Casas foram invadidas.<br>Hist\u00f3rias ficaram submersas.<\/p>\n\n\n\n<p>Assim, dois meses depois, Ub\u00e1 n\u00e3o fala mais apenas de perdas.<br>Agora, a cidade fala de sobreviv\u00eancia.<br>Al\u00e9m disso, fala de f\u00e9, solidariedade e resist\u00eancia.<\/p>\n\n\n\n<p>Por isso, o <strong>Fala Sodr\u00e9<\/strong> decidiu ouvir quem viveu o pior da enchente e carrega no corpo e na mem\u00f3ria as marcas daquela noite.<br>Dessa vez, o microfone foi at\u00e9 a <strong>Sra. Ana Magalh\u00e3es<\/strong>, sobrevivente da enchente mais devastadora da hist\u00f3ria do munic\u00edpio.<\/p>\n\n\n\n<h2 class=\"wp-block-heading\">Dois meses ap\u00f3s a enchente hist\u00f3rica, Ub\u00e1 transforma dor em mem\u00f3ria viva<\/h2>\n\n\n\n<figure class=\"wp-block-image size-large\"><img decoding=\"async\" width=\"1024\" height=\"572\" data-src=\"https:\/\/ubanews.com\/site\/wp-content\/uploads\/2026\/04\/Fala-Sodre-Dois-meses-apos-a-enchente-historica-Uba-transforma-dor-em-memoria-viva-Sra-Ana-Magalhaes-1024x572.jpg\" alt=\"\" class=\"wp-image-24681 lazyload\" data-srcset=\"https:\/\/ubanews.com\/site\/wp-content\/uploads\/2026\/04\/Fala-Sodre-Dois-meses-apos-a-enchente-historica-Uba-transforma-dor-em-memoria-viva-Sra-Ana-Magalhaes-1024x572.jpg 1024w, https:\/\/ubanews.com\/site\/wp-content\/uploads\/2026\/04\/Fala-Sodre-Dois-meses-apos-a-enchente-historica-Uba-transforma-dor-em-memoria-viva-Sra-Ana-Magalhaes-300x168.jpg 300w, https:\/\/ubanews.com\/site\/wp-content\/uploads\/2026\/04\/Fala-Sodre-Dois-meses-apos-a-enchente-historica-Uba-transforma-dor-em-memoria-viva-Sra-Ana-Magalhaes-768x429.jpg 768w, https:\/\/ubanews.com\/site\/wp-content\/uploads\/2026\/04\/Fala-Sodre-Dois-meses-apos-a-enchente-historica-Uba-transforma-dor-em-memoria-viva-Sra-Ana-Magalhaes-360x200.jpg 360w, https:\/\/ubanews.com\/site\/wp-content\/uploads\/2026\/04\/Fala-Sodre-Dois-meses-apos-a-enchente-historica-Uba-transforma-dor-em-memoria-viva-Sra-Ana-Magalhaes.jpg 1062w\" data-sizes=\"(max-width: 1024px) 100vw, 1024px\" src=\"data:image\/svg+xml;base64,PHN2ZyB3aWR0aD0iMSIgaGVpZ2h0PSIxIiB4bWxucz0iaHR0cDovL3d3dy53My5vcmcvMjAwMC9zdmciPjwvc3ZnPg==\" style=\"--smush-placeholder-width: 1024px; --smush-placeholder-aspect-ratio: 1024\/572;\" \/><\/figure>\n\n\n\n<figure class=\"wp-block-gallery has-nested-images columns-default is-cropped wp-block-gallery-1 is-layout-flex wp-block-gallery-is-layout-flex\">\n<figure class=\"wp-block-image size-large\"><img decoding=\"async\" width=\"991\" height=\"595\" data-id=\"24683\" data-src=\"https:\/\/ubanews.com\/site\/wp-content\/uploads\/2026\/04\/Fala-Sodre-Dois-meses-apos-a-enchente-historica-Uba-transforma-dor-em-memoria-viva-Sra-Ana-Magalhaes-Apoio-UNIFAGOC-e-Lider-Supermercados.jpg\" alt=\"\" class=\"wp-image-24683 lazyload\" data-srcset=\"https:\/\/ubanews.com\/site\/wp-content\/uploads\/2026\/04\/Fala-Sodre-Dois-meses-apos-a-enchente-historica-Uba-transforma-dor-em-memoria-viva-Sra-Ana-Magalhaes-Apoio-UNIFAGOC-e-Lider-Supermercados.jpg 991w, https:\/\/ubanews.com\/site\/wp-content\/uploads\/2026\/04\/Fala-Sodre-Dois-meses-apos-a-enchente-historica-Uba-transforma-dor-em-memoria-viva-Sra-Ana-Magalhaes-Apoio-UNIFAGOC-e-Lider-Supermercados-300x180.jpg 300w, https:\/\/ubanews.com\/site\/wp-content\/uploads\/2026\/04\/Fala-Sodre-Dois-meses-apos-a-enchente-historica-Uba-transforma-dor-em-memoria-viva-Sra-Ana-Magalhaes-Apoio-UNIFAGOC-e-Lider-Supermercados-768x461.jpg 768w\" data-sizes=\"(max-width: 991px) 100vw, 991px\" src=\"data:image\/svg+xml;base64,PHN2ZyB3aWR0aD0iMSIgaGVpZ2h0PSIxIiB4bWxucz0iaHR0cDovL3d3dy53My5vcmcvMjAwMC9zdmciPjwvc3ZnPg==\" style=\"--smush-placeholder-width: 991px; --smush-placeholder-aspect-ratio: 991\/595;\" \/><\/figure>\n\n\n\n<figure class=\"wp-block-image size-large\"><img decoding=\"async\" width=\"1024\" height=\"576\" data-id=\"24682\" data-src=\"https:\/\/ubanews.com\/site\/wp-content\/uploads\/2026\/04\/Fala-Sodre-Dois-meses-apos-a-enchente-historica-Uba-transforma-dor-em-memoria-viva-Sra-Ana-Magalhaes-Apoio-UNIFAGOC-e-Camara-Municipal-de-Uba-1024x576.jpg\" alt=\"\" class=\"wp-image-24682 lazyload\" data-srcset=\"https:\/\/ubanews.com\/site\/wp-content\/uploads\/2026\/04\/Fala-Sodre-Dois-meses-apos-a-enchente-historica-Uba-transforma-dor-em-memoria-viva-Sra-Ana-Magalhaes-Apoio-UNIFAGOC-e-Camara-Municipal-de-Uba-1024x576.jpg 1024w, https:\/\/ubanews.com\/site\/wp-content\/uploads\/2026\/04\/Fala-Sodre-Dois-meses-apos-a-enchente-historica-Uba-transforma-dor-em-memoria-viva-Sra-Ana-Magalhaes-Apoio-UNIFAGOC-e-Camara-Municipal-de-Uba-300x169.jpg 300w, https:\/\/ubanews.com\/site\/wp-content\/uploads\/2026\/04\/Fala-Sodre-Dois-meses-apos-a-enchente-historica-Uba-transforma-dor-em-memoria-viva-Sra-Ana-Magalhaes-Apoio-UNIFAGOC-e-Camara-Municipal-de-Uba-768x432.jpg 768w, https:\/\/ubanews.com\/site\/wp-content\/uploads\/2026\/04\/Fala-Sodre-Dois-meses-apos-a-enchente-historica-Uba-transforma-dor-em-memoria-viva-Sra-Ana-Magalhaes-Apoio-UNIFAGOC-e-Camara-Municipal-de-Uba.jpg 1053w\" data-sizes=\"(max-width: 1024px) 100vw, 1024px\" src=\"data:image\/svg+xml;base64,PHN2ZyB3aWR0aD0iMSIgaGVpZ2h0PSIxIiB4bWxucz0iaHR0cDovL3d3dy53My5vcmcvMjAwMC9zdmciPjwvc3ZnPg==\" style=\"--smush-placeholder-width: 1024px; --smush-placeholder-aspect-ratio: 1024\/576;\" \/><\/figure>\n\n\n\n<figure class=\"wp-block-image size-large\"><img decoding=\"async\" width=\"990\" height=\"598\" data-id=\"24684\" data-src=\"https:\/\/ubanews.com\/site\/wp-content\/uploads\/2026\/04\/Fala-Sodre-Dois-meses-apos-a-enchente-historica-Uba-transforma-dor-em-memoria-viva-Sra-Ana-Magalhaes-Apoio-UNIFAGOC-e-Cruzeiro-do-Sul.jpg\" alt=\"\" class=\"wp-image-24684 lazyload\" data-srcset=\"https:\/\/ubanews.com\/site\/wp-content\/uploads\/2026\/04\/Fala-Sodre-Dois-meses-apos-a-enchente-historica-Uba-transforma-dor-em-memoria-viva-Sra-Ana-Magalhaes-Apoio-UNIFAGOC-e-Cruzeiro-do-Sul.jpg 990w, https:\/\/ubanews.com\/site\/wp-content\/uploads\/2026\/04\/Fala-Sodre-Dois-meses-apos-a-enchente-historica-Uba-transforma-dor-em-memoria-viva-Sra-Ana-Magalhaes-Apoio-UNIFAGOC-e-Cruzeiro-do-Sul-300x181.jpg 300w, https:\/\/ubanews.com\/site\/wp-content\/uploads\/2026\/04\/Fala-Sodre-Dois-meses-apos-a-enchente-historica-Uba-transforma-dor-em-memoria-viva-Sra-Ana-Magalhaes-Apoio-UNIFAGOC-e-Cruzeiro-do-Sul-768x464.jpg 768w\" data-sizes=\"(max-width: 990px) 100vw, 990px\" src=\"data:image\/svg+xml;base64,PHN2ZyB3aWR0aD0iMSIgaGVpZ2h0PSIxIiB4bWxucz0iaHR0cDovL3d3dy53My5vcmcvMjAwMC9zdmciPjwvc3ZnPg==\" style=\"--smush-placeholder-width: 990px; --smush-placeholder-aspect-ratio: 990\/598;\" \/><\/figure>\n\n\n\n<figure class=\"wp-block-image size-large\"><img decoding=\"async\" width=\"995\" height=\"594\" data-id=\"24685\" data-src=\"https:\/\/ubanews.com\/site\/wp-content\/uploads\/2026\/04\/Fala-Sodre-Dois-meses-apos-a-enchente-historica-Uba-transforma-dor-em-memoria-viva-Sra-Ana-Magalhaes-Apoio-UNIFAGOC-e-Santa-Isabel-Saude.jpg\" alt=\"\" class=\"wp-image-24685 lazyload\" data-srcset=\"https:\/\/ubanews.com\/site\/wp-content\/uploads\/2026\/04\/Fala-Sodre-Dois-meses-apos-a-enchente-historica-Uba-transforma-dor-em-memoria-viva-Sra-Ana-Magalhaes-Apoio-UNIFAGOC-e-Santa-Isabel-Saude.jpg 995w, https:\/\/ubanews.com\/site\/wp-content\/uploads\/2026\/04\/Fala-Sodre-Dois-meses-apos-a-enchente-historica-Uba-transforma-dor-em-memoria-viva-Sra-Ana-Magalhaes-Apoio-UNIFAGOC-e-Santa-Isabel-Saude-300x179.jpg 300w, https:\/\/ubanews.com\/site\/wp-content\/uploads\/2026\/04\/Fala-Sodre-Dois-meses-apos-a-enchente-historica-Uba-transforma-dor-em-memoria-viva-Sra-Ana-Magalhaes-Apoio-UNIFAGOC-e-Santa-Isabel-Saude-768x458.jpg 768w\" data-sizes=\"(max-width: 995px) 100vw, 995px\" src=\"data:image\/svg+xml;base64,PHN2ZyB3aWR0aD0iMSIgaGVpZ2h0PSIxIiB4bWxucz0iaHR0cDovL3d3dy53My5vcmcvMjAwMC9zdmciPjwvc3ZnPg==\" style=\"--smush-placeholder-width: 995px; --smush-placeholder-aspect-ratio: 995\/594;\" \/><\/figure>\n\n\n\n<figure class=\"wp-block-image size-large\"><img decoding=\"async\" width=\"992\" height=\"596\" data-id=\"24686\" data-src=\"https:\/\/ubanews.com\/site\/wp-content\/uploads\/2026\/04\/Fala-Sodre-Dois-meses-apos-a-enchente-historica-Uba-transforma-dor-em-memoria-viva-Sra-Ana-Magalhaes-Apoio-UNIFAGOC-e-Hospital-Sao-Januario.jpg\" alt=\"\" class=\"wp-image-24686 lazyload\" data-srcset=\"https:\/\/ubanews.com\/site\/wp-content\/uploads\/2026\/04\/Fala-Sodre-Dois-meses-apos-a-enchente-historica-Uba-transforma-dor-em-memoria-viva-Sra-Ana-Magalhaes-Apoio-UNIFAGOC-e-Hospital-Sao-Januario.jpg 992w, https:\/\/ubanews.com\/site\/wp-content\/uploads\/2026\/04\/Fala-Sodre-Dois-meses-apos-a-enchente-historica-Uba-transforma-dor-em-memoria-viva-Sra-Ana-Magalhaes-Apoio-UNIFAGOC-e-Hospital-Sao-Januario-300x180.jpg 300w, https:\/\/ubanews.com\/site\/wp-content\/uploads\/2026\/04\/Fala-Sodre-Dois-meses-apos-a-enchente-historica-Uba-transforma-dor-em-memoria-viva-Sra-Ana-Magalhaes-Apoio-UNIFAGOC-e-Hospital-Sao-Januario-768x461.jpg 768w\" data-sizes=\"(max-width: 992px) 100vw, 992px\" src=\"data:image\/svg+xml;base64,PHN2ZyB3aWR0aD0iMSIgaGVpZ2h0PSIxIiB4bWxucz0iaHR0cDovL3d3dy53My5vcmcvMjAwMC9zdmciPjwvc3ZnPg==\" style=\"--smush-placeholder-width: 992px; --smush-placeholder-aspect-ratio: 992\/596;\" \/><\/figure>\n\n\n\n<figure class=\"wp-block-image size-large\"><img decoding=\"async\" width=\"994\" height=\"597\" data-id=\"24687\" data-src=\"https:\/\/ubanews.com\/site\/wp-content\/uploads\/2026\/04\/Fala-Sodre-Dois-meses-apos-a-enchente-historica-Uba-transforma-dor-em-memoria-viva-Sra-Ana-Magalhaes-Apoio-UNIFAGOC-e-INDICCA-ponto-COM.jpg\" alt=\"\" class=\"wp-image-24687 lazyload\" data-srcset=\"https:\/\/ubanews.com\/site\/wp-content\/uploads\/2026\/04\/Fala-Sodre-Dois-meses-apos-a-enchente-historica-Uba-transforma-dor-em-memoria-viva-Sra-Ana-Magalhaes-Apoio-UNIFAGOC-e-INDICCA-ponto-COM.jpg 994w, https:\/\/ubanews.com\/site\/wp-content\/uploads\/2026\/04\/Fala-Sodre-Dois-meses-apos-a-enchente-historica-Uba-transforma-dor-em-memoria-viva-Sra-Ana-Magalhaes-Apoio-UNIFAGOC-e-INDICCA-ponto-COM-300x180.jpg 300w, https:\/\/ubanews.com\/site\/wp-content\/uploads\/2026\/04\/Fala-Sodre-Dois-meses-apos-a-enchente-historica-Uba-transforma-dor-em-memoria-viva-Sra-Ana-Magalhaes-Apoio-UNIFAGOC-e-INDICCA-ponto-COM-768x461.jpg 768w\" data-sizes=\"(max-width: 994px) 100vw, 994px\" src=\"data:image\/svg+xml;base64,PHN2ZyB3aWR0aD0iMSIgaGVpZ2h0PSIxIiB4bWxucz0iaHR0cDovL3d3dy53My5vcmcvMjAwMC9zdmciPjwvc3ZnPg==\" style=\"--smush-placeholder-width: 994px; --smush-placeholder-aspect-ratio: 994\/597;\" \/><\/figure>\n<\/figure>\n\n\n\n<figure class=\"wp-block-image size-full\"><img decoding=\"async\" width=\"994\" height=\"600\" data-src=\"https:\/\/ubanews.com\/site\/wp-content\/uploads\/2026\/04\/Fala-Sodre-Dois-meses-apos-a-enchente-historica-Uba-transforma-dor-em-memoria-viva-Sra-Ana-Magalhaes-Apoio-UNIFAGOC-e-Unimed-Uba.jpg\" alt=\"\" class=\"wp-image-24688 lazyload\" data-srcset=\"https:\/\/ubanews.com\/site\/wp-content\/uploads\/2026\/04\/Fala-Sodre-Dois-meses-apos-a-enchente-historica-Uba-transforma-dor-em-memoria-viva-Sra-Ana-Magalhaes-Apoio-UNIFAGOC-e-Unimed-Uba.jpg 994w, https:\/\/ubanews.com\/site\/wp-content\/uploads\/2026\/04\/Fala-Sodre-Dois-meses-apos-a-enchente-historica-Uba-transforma-dor-em-memoria-viva-Sra-Ana-Magalhaes-Apoio-UNIFAGOC-e-Unimed-Uba-300x181.jpg 300w, https:\/\/ubanews.com\/site\/wp-content\/uploads\/2026\/04\/Fala-Sodre-Dois-meses-apos-a-enchente-historica-Uba-transforma-dor-em-memoria-viva-Sra-Ana-Magalhaes-Apoio-UNIFAGOC-e-Unimed-Uba-768x464.jpg 768w\" data-sizes=\"(max-width: 994px) 100vw, 994px\" src=\"data:image\/svg+xml;base64,PHN2ZyB3aWR0aD0iMSIgaGVpZ2h0PSIxIiB4bWxucz0iaHR0cDovL3d3dy53My5vcmcvMjAwMC9zdmciPjwvc3ZnPg==\" style=\"--smush-placeholder-width: 994px; --smush-placeholder-aspect-ratio: 994\/600;\" \/><\/figure>\n\n\n\n<h3 class=\"wp-block-heading\">A noite em que a \u00e1gua entrou sem avisar<\/h3>\n\n\n\n<p>De acordo com Ana Magalh\u00e3es, tudo parecia normal.<br>Ela dormia tranquilamente.<br>No entanto, o cen\u00e1rio mudou em sil\u00eancio.<\/p>\n\n\n\n<blockquote class=\"wp-block-quote is-layout-flow wp-block-quote-is-layout-flow\">\n<p>\u201cColoquei os p\u00e9s no ch\u00e3o e senti a \u00e1gua na altura da canela. Minha casa nunca tinha alagado. Naquele momento, eu percebi: algo muito grave estava acontecendo.\u201d<\/p>\n<\/blockquote>\n\n\n\n<p>Logo depois, a \u00e1gua continuou subindo.<br>Primeiro na canela.<br>Depois na cintura.<br>Em seguida, no peito.<\/p>\n\n\n\n<p>Enquanto isso, os vizinhos gritavam.<br>A rua virava um rio.<br>O medo crescia.<\/p>\n\n\n\n<p>Ainda assim, Ana manteve a calma.<br>Segundo ela, a f\u00e9 segurou suas pernas quando o corpo amea\u00e7ava ceder.<\/p>\n\n\n\n<blockquote class=\"wp-block-quote is-layout-flow wp-block-quote-is-layout-flow\">\n<p>\u201cEu sempre falei para minhas filhas: eu estou bem. Algu\u00e9m vai chegar. Eu confiei o tempo todo.\u201d<\/p>\n<\/blockquote>\n\n\n\n<h3 class=\"wp-block-heading\">Uma videochamada que salvou mais que palavras<\/h3>\n\n\n\n<p>Enquanto aguardava o socorro, Ana segurava o celular com firmeza.<br>Do outro lado da tela, estavam duas filhas.<br>Entre elas, <strong>Let\u00edcia Magalh\u00e3es<\/strong>, em S\u00e3o Paulo.<\/p>\n\n\n\n<p>Enquanto isso, a liga\u00e7\u00e3o seguia aberta.<br>Perguntas iam e vinham.<br>A respira\u00e7\u00e3o precisava seguir controlada.<\/p>\n\n\n\n<blockquote class=\"wp-block-quote is-layout-flow wp-block-quote-is-layout-flow\">\n<p>\u201cA \u00e1gua estava no meu pesco\u00e7o. Mesmo assim, eu dizia: estou bem. Eu precisava tranquilizar minhas filhas.\u201d<\/p>\n<\/blockquote>\n\n\n\n<p>Nesse momento, a tecnologia virou ponte.<br>A liga\u00e7\u00e3o virou for\u00e7a.<br>A voz virou \u00e2ncora emocional.<\/p>\n\n\n\n<h3 class=\"wp-block-heading\">A espera na janela e a m\u00e3o que n\u00e3o soltou<\/h3>\n\n\n\n<p>Naquele ponto, sair pela porta j\u00e1 n\u00e3o era poss\u00edvel.<br>A casa estava tomada pela lama.<\/p>\n\n\n\n<p>Assim, Ana permaneceu na janela.<br>Do lado de fora, um vizinho policial chamado <strong>Guilherme<\/strong> n\u00e3o saiu do lugar.<\/p>\n\n\n\n<blockquote class=\"wp-block-quote is-layout-flow wp-block-quote-is-layout-flow\">\n<p>\u201cEle ficou comigo o tempo todo. Conversava. Pedia para eu n\u00e3o escorregar. Aquela conversa salvou minha vida.\u201d<\/p>\n<\/blockquote>\n\n\n\n<p>Enquanto a \u00e1gua subia, o tempo parecia n\u00e3o andar.<br>At\u00e9 que o socorro chegou.<\/p>\n\n\n\n<h3 class=\"wp-block-heading\">Bombeiros, um bote emprestado e o resgate<\/h3>\n\n\n\n<p>Quando os bombeiros chegaram, um novo desafio surgiu.<br>Eles n\u00e3o tinham bote suficiente.<br>Ent\u00e3o, a solidariedade falou mais alto.<\/p>\n\n\n\n<p>Um morador de Ub\u00e1, <strong>Gil Gomes<\/strong>, emprestou o pr\u00f3prio bote.<br>Gra\u00e7as a esse gesto, o resgate ocorreu.<\/p>\n\n\n\n<blockquote class=\"wp-block-quote is-layout-flow wp-block-quote-is-layout-flow\">\n<p>\u201cEu fui salva pelos bombeiros, usando o bote do Gil. Isso a gente nunca esquece.\u201d<\/p>\n<\/blockquote>\n\n\n\n<p>Durante o resgate, o bombeiro <strong>H\u00e9lio<\/strong> conduziu tudo com calma.<br>Ele fez perguntas.<br>Avaliou a sa\u00fade.<br>Manteve Ana consciente.<\/p>\n\n\n\n<p>Pouco depois, ela atravessava um mar de \u00e1gua onde antes existia sua rua.<\/p>\n\n\n\n<h3 class=\"wp-block-heading\">O depois da enchente: sair para continuar vivendo<\/h3>\n\n\n\n<p>Ap\u00f3s o resgate, Ana saiu apenas com a roupa do corpo.<br>Nada mais p\u00f4de ser salvo.<\/p>\n\n\n\n<p>Desde ent\u00e3o, ela n\u00e3o voltou para a antiga casa.<br>E n\u00e3o pretende voltar.<\/p>\n\n\n\n<blockquote class=\"wp-block-quote is-layout-flow wp-block-quote-is-layout-flow\">\n<p>\u201cEu n\u00e3o vou retornar. Eu quero viver. Meus filhos precisam de paz.\u201d<\/p>\n<\/blockquote>\n\n\n\n<p>Hoje, Ana vive acolhida por amigos.<br>Ela recebe visitas.<br>Ela segue acompanhada.<\/p>\n\n\n\n<p>Al\u00e9m disso, ela trata as marcas emocionais deixadas pela trag\u00e9dia.<\/p>\n\n\n\n<blockquote class=\"wp-block-quote is-layout-flow wp-block-quote-is-layout-flow\">\n<p>\u201cAs noites n\u00e3o foram f\u00e1ceis. Precisei de m\u00e9dico. N\u00e3o \u00e9 simples passar por isso aos 80 anos.\u201d<\/p>\n<\/blockquote>\n\n\n\n<p>Mesmo assim, ela n\u00e3o fala com amargura.<br>Ela fala com gratid\u00e3o.<\/p>\n\n\n\n<h3 class=\"wp-block-heading\">F\u00e9, gratid\u00e3o e renascimento<\/h3>\n\n\n\n<p>Para Ana Magalh\u00e3es, existem agora duas datas sagradas.<br>O <strong>24 de fevereiro<\/strong>, dia do renascimento.<br>E o <strong>24 de julho<\/strong>, data pessoal que ganhou novo significado.<\/p>\n\n\n\n<blockquote class=\"wp-block-quote is-layout-flow wp-block-quote-is-layout-flow\">\n<p>\u201cSe as \u00e1guas da vida quiserem te afogar, segura na m\u00e3o de Deus e vai.\u201d<\/p>\n<\/blockquote>\n\n\n\n<p>Essa frase resume sua travessia.<br>Resume tamb\u00e9m o sentimento de muitos ubaenses.<\/p>\n\n\n\n<h3 class=\"wp-block-heading\">Ub\u00e1 precisa lembrar para n\u00e3o repetir<\/h3>\n\n\n\n<p>Dois meses depois, a cidade segue em reconstru\u00e7\u00e3o.<br>No entanto, a mem\u00f3ria precisa ficar.<\/p>\n\n\n\n<p>Porque lembrar n\u00e3o d\u00f3i.<br>Esquecer, sim.<\/p>\n\n\n\n<p>Registrar essas hist\u00f3rias significa preparar o futuro.<br>Significa cobrar solu\u00e7\u00f5es.<br>Significa respeitar quem ficou.<\/p>\n\n\n\n<p>O <strong>Fala Sodr\u00e9<\/strong> cumpre esse papel.<br>Escuta.<br>Registra.<br>Humaniza.<\/p>\n\n\n\n<figure class=\"wp-block-embed is-type-video is-provider-youtube wp-block-embed-youtube wp-embed-aspect-16-9 wp-has-aspect-ratio\"><div class=\"wp-block-embed__wrapper\">\n<iframe title=\"Fala Sodr\u00e9: sessenta dias ap\u00f3s a enchente, fomos saber como est\u00e1 Ana Magalh\u00e3es, outra sobrevivente!\" width=\"840\" height=\"473\" data-src=\"https:\/\/www.youtube.com\/embed\/fj9Thx8OYro?feature=oembed\" frameborder=\"0\" allow=\"accelerometer; autoplay; clipboard-write; encrypted-media; gyroscope; picture-in-picture; web-share\" referrerpolicy=\"strict-origin-when-cross-origin\" allowfullscreen src=\"data:image\/svg+xml;base64,PHN2ZyB3aWR0aD0iMSIgaGVpZ2h0PSIxIiB4bWxucz0iaHR0cDovL3d3dy53My5vcmcvMjAwMC9zdmciPjwvc3ZnPg==\" class=\"lazyload\" data-load-mode=\"1\"><\/iframe>\n<\/div><\/figure>\n\n\n\n<h3 class=\"wp-block-heading\">Cr\u00e9ditos do registro<\/h3>\n\n\n\n<p>&#x1f4da; <strong>Cobertura:<\/strong> Carlos Roberto Sodr\u00e9 <a href=\"https:\/\/wa.me\/553298481334\">WhatsApp<\/a><\/p>\n\n\n\n<p>&#x1f4f8; <strong>Imagens:<\/strong> Laisa Sodr\u00e9 \/ Felipe Oliveira<\/p>\n\n\n\n<p>&#x1f4dd; <strong>Conte\u00fado: <\/strong><a href=\"https:\/\/www.linkedin.com\/in\/pedrohgf\/\">Pedro Henriques<\/a> \u2013 <a href=\"https:\/\/indicca.com.br\/blog\/\">INDICCA.COM<\/a>&nbsp; <a href=\"https:\/\/wa.me\/5532988020057\">WhatsApp<\/a><\/p>\n\n\n\n<p>&#x1f393; <strong>Evento:<\/strong> Dois meses ap\u00f3s a enchente hist\u00f3rica, Ub\u00e1 transforma dor em mem\u00f3ria viva<\/p>\n\n\n\n<h3 class=\"wp-block-heading\">Hashtags<\/h3>\n\n\n\n<p>#EnchenteUb\u00e1<br>#Mem\u00f3riaUb\u00e1<br>#FalaSodr\u00e9<br>#Resili\u00eancia<br>#Solidariedade<br>#Ub\u00e1MG<br>#Hist\u00f3riasQueMarcam<br>#JornalismoHumanizado<br>#Sobreviv\u00eancia<br>#INDICCA<br>#DefesaCivil<br>#BombeirosMG<\/p>\n","protected":false},"excerpt":{"rendered":"<p>Dois meses ap\u00f3s a maior enchente da hist\u00f3ria de Ub\u00e1, o Fala Sodr\u00e9 ouviu Ana Magalh\u00e3es, uma das sobreviventes da trag\u00e9dia. Resgatada pelos bombeiros com apoio de um bote emprestado, ela enfrentou a madrugada da enchente mantendo contato por videochamada com as filhas. O relato emociona, valoriza a solidariedade e refor\u00e7a a import\u00e2ncia da mem\u00f3ria coletiva.<\/p>\n","protected":false},"author":4,"featured_media":24681,"comment_status":"open","ping_status":"open","sticky":false,"template":"","format":"standard","meta":{"footnotes":""},"categories":[45,1,3],"tags":[797,441,793,274,795,394,796,794,457,524,484,436],"class_list":["post-24680","post","type-post","status-publish","format-standard","has-post-thumbnail","hentry","category-destaque-principal","category-sem-categoria","category-slide","tag-bombeirosmg","tag-defesacivil","tag-enchenteuba-2","tag-falasodre","tag-historiasquemarcam","tag-indicca","tag-jornalismohumanizado","tag-memoriauba","tag-resiliencia","tag-sobrevivencia","tag-solidariedade","tag-ubamg-2"],"yoast_head":"<!-- This site is optimized with the Yoast SEO plugin v27.2 - https:\/\/yoast.com\/product\/yoast-seo-wordpress\/ -->\n<title>Dois meses ap\u00f3s a enchente hist\u00f3rica - Ub\u00e1 News<\/title>\n<meta name=\"description\" content=\"Dois meses ap\u00f3s a enchente hist\u00f3rica, Ub\u00e1 transforma dor em mem\u00f3ria viva\" \/>\n<meta name=\"robots\" content=\"index, follow, max-snippet:-1, max-image-preview:large, max-video-preview:-1\" \/>\n<link rel=\"canonical\" href=\"https:\/\/ubanews.com\/site\/2026\/04\/25\/dois-meses-apos-a-enchente-historica\/\" \/>\n<meta property=\"og:locale\" content=\"pt_BR\" \/>\n<meta property=\"og:type\" content=\"article\" \/>\n<meta property=\"og:title\" content=\"Dois meses ap\u00f3s a enchente hist\u00f3rica - Ub\u00e1 News\" \/>\n<meta property=\"og:description\" content=\"Dois meses ap\u00f3s a enchente hist\u00f3rica, Ub\u00e1 transforma dor em mem\u00f3ria viva\" \/>\n<meta property=\"og:url\" content=\"https:\/\/ubanews.com\/site\/2026\/04\/25\/dois-meses-apos-a-enchente-historica\/\" \/>\n<meta property=\"og:site_name\" content=\"Ub\u00e1 News\" \/>\n<meta property=\"article:publisher\" content=\"https:\/\/www.facebook.com\/Ub%c3%a1News-Carlos-Roberto-Sodr%c3%a9-418778301977370\" \/>\n<meta property=\"article:published_time\" content=\"2026-04-25T14:42:39+00:00\" \/>\n<meta property=\"article:modified_time\" content=\"2026-04-25T14:44:50+00:00\" \/>\n<meta property=\"og:image\" content=\"https:\/\/ubanews.com\/site\/wp-content\/uploads\/2026\/04\/Fala-Sodre-Dois-meses-apos-a-enchente-historica-Uba-transforma-dor-em-memoria-viva-Sra-Ana-Magalhaes.jpg\" \/>\n\t<meta property=\"og:image:width\" content=\"1062\" \/>\n\t<meta property=\"og:image:height\" content=\"593\" \/>\n\t<meta property=\"og:image:type\" content=\"image\/jpeg\" \/>\n<meta name=\"author\" content=\"Carlos Roberto Sodr\u00e9\" \/>\n<meta name=\"twitter:card\" content=\"summary_large_image\" \/>\n<meta name=\"twitter:label1\" content=\"Escrito por\" \/>\n\t<meta name=\"twitter:data1\" content=\"Carlos Roberto Sodr\u00e9\" \/>\n\t<meta name=\"twitter:label2\" content=\"Est. tempo de leitura\" \/>\n\t<meta name=\"twitter:data2\" content=\"6 minutos\" \/>\n<script type=\"application\/ld+json\" class=\"yoast-schema-graph\">{\"@context\":\"https:\/\/schema.org\",\"@graph\":[{\"@type\":\"Article\",\"@id\":\"https:\/\/ubanews.com\/site\/2026\/04\/25\/dois-meses-apos-a-enchente-historica\/#article\",\"isPartOf\":{\"@id\":\"https:\/\/ubanews.com\/site\/2026\/04\/25\/dois-meses-apos-a-enchente-historica\/\"},\"author\":{\"name\":\"Carlos Roberto Sodr\u00e9\",\"@id\":\"https:\/\/ubanews.com\/site\/#\/schema\/person\/9d8da9ec3c8d00640ab6e8c81e103310\"},\"headline\":\"Dois meses ap\u00f3s a enchente hist\u00f3rica\",\"datePublished\":\"2026-04-25T14:42:39+00:00\",\"dateModified\":\"2026-04-25T14:44:50+00:00\",\"mainEntityOfPage\":{\"@id\":\"https:\/\/ubanews.com\/site\/2026\/04\/25\/dois-meses-apos-a-enchente-historica\/\"},\"wordCount\":852,\"commentCount\":0,\"publisher\":{\"@id\":\"https:\/\/ubanews.com\/site\/#organization\"},\"image\":{\"@id\":\"https:\/\/ubanews.com\/site\/2026\/04\/25\/dois-meses-apos-a-enchente-historica\/#primaryimage\"},\"thumbnailUrl\":\"https:\/\/ubanews.com\/site\/wp-content\/uploads\/2026\/04\/Fala-Sodre-Dois-meses-apos-a-enchente-historica-Uba-transforma-dor-em-memoria-viva-Sra-Ana-Magalhaes.jpg\",\"keywords\":[\"BombeirosMG\",\"DefesaCivil\",\"EnchenteUb\u00e1\",\"FalaSodr\u00e9\",\"Hist\u00f3riasQueMarcam\",\"Indicca\",\"JornalismoHumanizado\",\"Mem\u00f3riaUb\u00e1\",\"Resili\u00eancia\",\"Sobreviv\u00eancia\",\"Solidariedade\",\"Ub\u00e1MG\"],\"articleSection\":[\"DESTAQUE PRINCIPAL\",\"Geral\",\"Slide\"],\"inLanguage\":\"pt-BR\",\"potentialAction\":[{\"@type\":\"CommentAction\",\"name\":\"Comment\",\"target\":[\"https:\/\/ubanews.com\/site\/2026\/04\/25\/dois-meses-apos-a-enchente-historica\/#respond\"]}]},{\"@type\":\"WebPage\",\"@id\":\"https:\/\/ubanews.com\/site\/2026\/04\/25\/dois-meses-apos-a-enchente-historica\/\",\"url\":\"https:\/\/ubanews.com\/site\/2026\/04\/25\/dois-meses-apos-a-enchente-historica\/\",\"name\":\"Dois meses ap\u00f3s a enchente hist\u00f3rica - Ub\u00e1 News\",\"isPartOf\":{\"@id\":\"https:\/\/ubanews.com\/site\/#website\"},\"primaryImageOfPage\":{\"@id\":\"https:\/\/ubanews.com\/site\/2026\/04\/25\/dois-meses-apos-a-enchente-historica\/#primaryimage\"},\"image\":{\"@id\":\"https:\/\/ubanews.com\/site\/2026\/04\/25\/dois-meses-apos-a-enchente-historica\/#primaryimage\"},\"thumbnailUrl\":\"https:\/\/ubanews.com\/site\/wp-content\/uploads\/2026\/04\/Fala-Sodre-Dois-meses-apos-a-enchente-historica-Uba-transforma-dor-em-memoria-viva-Sra-Ana-Magalhaes.jpg\",\"datePublished\":\"2026-04-25T14:42:39+00:00\",\"dateModified\":\"2026-04-25T14:44:50+00:00\",\"description\":\"Dois meses ap\u00f3s a enchente hist\u00f3rica, Ub\u00e1 transforma dor em mem\u00f3ria viva\",\"breadcrumb\":{\"@id\":\"https:\/\/ubanews.com\/site\/2026\/04\/25\/dois-meses-apos-a-enchente-historica\/#breadcrumb\"},\"inLanguage\":\"pt-BR\",\"potentialAction\":[{\"@type\":\"ReadAction\",\"target\":[\"https:\/\/ubanews.com\/site\/2026\/04\/25\/dois-meses-apos-a-enchente-historica\/\"]}]},{\"@type\":\"ImageObject\",\"inLanguage\":\"pt-BR\",\"@id\":\"https:\/\/ubanews.com\/site\/2026\/04\/25\/dois-meses-apos-a-enchente-historica\/#primaryimage\",\"url\":\"https:\/\/ubanews.com\/site\/wp-content\/uploads\/2026\/04\/Fala-Sodre-Dois-meses-apos-a-enchente-historica-Uba-transforma-dor-em-memoria-viva-Sra-Ana-Magalhaes.jpg\",\"contentUrl\":\"https:\/\/ubanews.com\/site\/wp-content\/uploads\/2026\/04\/Fala-Sodre-Dois-meses-apos-a-enchente-historica-Uba-transforma-dor-em-memoria-viva-Sra-Ana-Magalhaes.jpg\",\"width\":1062,\"height\":593},{\"@type\":\"BreadcrumbList\",\"@id\":\"https:\/\/ubanews.com\/site\/2026\/04\/25\/dois-meses-apos-a-enchente-historica\/#breadcrumb\",\"itemListElement\":[{\"@type\":\"ListItem\",\"position\":1,\"name\":\"Home\",\"item\":\"https:\/\/ubanews.com\/site\/\"},{\"@type\":\"ListItem\",\"position\":2,\"name\":\"Dois meses ap\u00f3s a enchente hist\u00f3rica\"}]},{\"@type\":\"WebSite\",\"@id\":\"https:\/\/ubanews.com\/site\/#website\",\"url\":\"https:\/\/ubanews.com\/site\/\",\"name\":\"Ub\u00e1 News\",\"description\":\"\",\"publisher\":{\"@id\":\"https:\/\/ubanews.com\/site\/#organization\"},\"potentialAction\":[{\"@type\":\"SearchAction\",\"target\":{\"@type\":\"EntryPoint\",\"urlTemplate\":\"https:\/\/ubanews.com\/site\/?s={search_term_string}\"},\"query-input\":{\"@type\":\"PropertyValueSpecification\",\"valueRequired\":true,\"valueName\":\"search_term_string\"}}],\"inLanguage\":\"pt-BR\"},{\"@type\":\"Organization\",\"@id\":\"https:\/\/ubanews.com\/site\/#organization\",\"name\":\"Ub\u00e1 News\",\"url\":\"https:\/\/ubanews.com\/site\/\",\"logo\":{\"@type\":\"ImageObject\",\"inLanguage\":\"pt-BR\",\"@id\":\"https:\/\/ubanews.com\/site\/#\/schema\/logo\/image\/\",\"url\":\"https:\/\/ubanews.com\/site\/wp-content\/uploads\/2018\/01\/logoubanews.png\",\"contentUrl\":\"https:\/\/ubanews.com\/site\/wp-content\/uploads\/2018\/01\/logoubanews.png\",\"width\":261,\"height\":99,\"caption\":\"Ub\u00e1 News\"},\"image\":{\"@id\":\"https:\/\/ubanews.com\/site\/#\/schema\/logo\/image\/\"},\"sameAs\":[\"https:\/\/www.facebook.com\/Ub\u00e1News-Carlos-Roberto-Sodr\u00e9-418778301977370\"]},{\"@type\":\"Person\",\"@id\":\"https:\/\/ubanews.com\/site\/#\/schema\/person\/9d8da9ec3c8d00640ab6e8c81e103310\",\"name\":\"Carlos Roberto Sodr\u00e9\",\"image\":{\"@type\":\"ImageObject\",\"inLanguage\":\"pt-BR\",\"@id\":\"https:\/\/secure.gravatar.com\/avatar\/aab322e8555b56c468614fafdab8a8f924e394cdc6cfd8232f77e9e4d123a133?s=96&d=mm&r=g\",\"url\":\"https:\/\/secure.gravatar.com\/avatar\/aab322e8555b56c468614fafdab8a8f924e394cdc6cfd8232f77e9e4d123a133?s=96&d=mm&r=g\",\"contentUrl\":\"https:\/\/secure.gravatar.com\/avatar\/aab322e8555b56c468614fafdab8a8f924e394cdc6cfd8232f77e9e4d123a133?s=96&d=mm&r=g\",\"caption\":\"Carlos Roberto Sodr\u00e9\"},\"url\":\"https:\/\/ubanews.com\/site\/author\/sodre\/\"}]}<\/script>\n<!-- \/ Yoast SEO plugin. -->","yoast_head_json":{"title":"Dois meses ap\u00f3s a enchente hist\u00f3rica - Ub\u00e1 News","description":"Dois meses ap\u00f3s a enchente hist\u00f3rica, Ub\u00e1 transforma dor em mem\u00f3ria viva","robots":{"index":"index","follow":"follow","max-snippet":"max-snippet:-1","max-image-preview":"max-image-preview:large","max-video-preview":"max-video-preview:-1"},"canonical":"https:\/\/ubanews.com\/site\/2026\/04\/25\/dois-meses-apos-a-enchente-historica\/","og_locale":"pt_BR","og_type":"article","og_title":"Dois meses ap\u00f3s a enchente hist\u00f3rica - Ub\u00e1 News","og_description":"Dois meses ap\u00f3s a enchente hist\u00f3rica, Ub\u00e1 transforma dor em mem\u00f3ria viva","og_url":"https:\/\/ubanews.com\/site\/2026\/04\/25\/dois-meses-apos-a-enchente-historica\/","og_site_name":"Ub\u00e1 News","article_publisher":"https:\/\/www.facebook.com\/Ub%c3%a1News-Carlos-Roberto-Sodr%c3%a9-418778301977370","article_published_time":"2026-04-25T14:42:39+00:00","article_modified_time":"2026-04-25T14:44:50+00:00","og_image":[{"width":1062,"height":593,"url":"https:\/\/ubanews.com\/site\/wp-content\/uploads\/2026\/04\/Fala-Sodre-Dois-meses-apos-a-enchente-historica-Uba-transforma-dor-em-memoria-viva-Sra-Ana-Magalhaes.jpg","type":"image\/jpeg"}],"author":"Carlos Roberto Sodr\u00e9","twitter_card":"summary_large_image","twitter_misc":{"Escrito por":"Carlos Roberto Sodr\u00e9","Est. tempo de leitura":"6 minutos"},"schema":{"@context":"https:\/\/schema.org","@graph":[{"@type":"Article","@id":"https:\/\/ubanews.com\/site\/2026\/04\/25\/dois-meses-apos-a-enchente-historica\/#article","isPartOf":{"@id":"https:\/\/ubanews.com\/site\/2026\/04\/25\/dois-meses-apos-a-enchente-historica\/"},"author":{"name":"Carlos Roberto Sodr\u00e9","@id":"https:\/\/ubanews.com\/site\/#\/schema\/person\/9d8da9ec3c8d00640ab6e8c81e103310"},"headline":"Dois meses ap\u00f3s a enchente hist\u00f3rica","datePublished":"2026-04-25T14:42:39+00:00","dateModified":"2026-04-25T14:44:50+00:00","mainEntityOfPage":{"@id":"https:\/\/ubanews.com\/site\/2026\/04\/25\/dois-meses-apos-a-enchente-historica\/"},"wordCount":852,"commentCount":0,"publisher":{"@id":"https:\/\/ubanews.com\/site\/#organization"},"image":{"@id":"https:\/\/ubanews.com\/site\/2026\/04\/25\/dois-meses-apos-a-enchente-historica\/#primaryimage"},"thumbnailUrl":"https:\/\/ubanews.com\/site\/wp-content\/uploads\/2026\/04\/Fala-Sodre-Dois-meses-apos-a-enchente-historica-Uba-transforma-dor-em-memoria-viva-Sra-Ana-Magalhaes.jpg","keywords":["BombeirosMG","DefesaCivil","EnchenteUb\u00e1","FalaSodr\u00e9","Hist\u00f3riasQueMarcam","Indicca","JornalismoHumanizado","Mem\u00f3riaUb\u00e1","Resili\u00eancia","Sobreviv\u00eancia","Solidariedade","Ub\u00e1MG"],"articleSection":["DESTAQUE PRINCIPAL","Geral","Slide"],"inLanguage":"pt-BR","potentialAction":[{"@type":"CommentAction","name":"Comment","target":["https:\/\/ubanews.com\/site\/2026\/04\/25\/dois-meses-apos-a-enchente-historica\/#respond"]}]},{"@type":"WebPage","@id":"https:\/\/ubanews.com\/site\/2026\/04\/25\/dois-meses-apos-a-enchente-historica\/","url":"https:\/\/ubanews.com\/site\/2026\/04\/25\/dois-meses-apos-a-enchente-historica\/","name":"Dois meses ap\u00f3s a enchente hist\u00f3rica - Ub\u00e1 News","isPartOf":{"@id":"https:\/\/ubanews.com\/site\/#website"},"primaryImageOfPage":{"@id":"https:\/\/ubanews.com\/site\/2026\/04\/25\/dois-meses-apos-a-enchente-historica\/#primaryimage"},"image":{"@id":"https:\/\/ubanews.com\/site\/2026\/04\/25\/dois-meses-apos-a-enchente-historica\/#primaryimage"},"thumbnailUrl":"https:\/\/ubanews.com\/site\/wp-content\/uploads\/2026\/04\/Fala-Sodre-Dois-meses-apos-a-enchente-historica-Uba-transforma-dor-em-memoria-viva-Sra-Ana-Magalhaes.jpg","datePublished":"2026-04-25T14:42:39+00:00","dateModified":"2026-04-25T14:44:50+00:00","description":"Dois meses ap\u00f3s a enchente hist\u00f3rica, Ub\u00e1 transforma dor em mem\u00f3ria viva","breadcrumb":{"@id":"https:\/\/ubanews.com\/site\/2026\/04\/25\/dois-meses-apos-a-enchente-historica\/#breadcrumb"},"inLanguage":"pt-BR","potentialAction":[{"@type":"ReadAction","target":["https:\/\/ubanews.com\/site\/2026\/04\/25\/dois-meses-apos-a-enchente-historica\/"]}]},{"@type":"ImageObject","inLanguage":"pt-BR","@id":"https:\/\/ubanews.com\/site\/2026\/04\/25\/dois-meses-apos-a-enchente-historica\/#primaryimage","url":"https:\/\/ubanews.com\/site\/wp-content\/uploads\/2026\/04\/Fala-Sodre-Dois-meses-apos-a-enchente-historica-Uba-transforma-dor-em-memoria-viva-Sra-Ana-Magalhaes.jpg","contentUrl":"https:\/\/ubanews.com\/site\/wp-content\/uploads\/2026\/04\/Fala-Sodre-Dois-meses-apos-a-enchente-historica-Uba-transforma-dor-em-memoria-viva-Sra-Ana-Magalhaes.jpg","width":1062,"height":593},{"@type":"BreadcrumbList","@id":"https:\/\/ubanews.com\/site\/2026\/04\/25\/dois-meses-apos-a-enchente-historica\/#breadcrumb","itemListElement":[{"@type":"ListItem","position":1,"name":"Home","item":"https:\/\/ubanews.com\/site\/"},{"@type":"ListItem","position":2,"name":"Dois meses ap\u00f3s a enchente hist\u00f3rica"}]},{"@type":"WebSite","@id":"https:\/\/ubanews.com\/site\/#website","url":"https:\/\/ubanews.com\/site\/","name":"Ub\u00e1 News","description":"","publisher":{"@id":"https:\/\/ubanews.com\/site\/#organization"},"potentialAction":[{"@type":"SearchAction","target":{"@type":"EntryPoint","urlTemplate":"https:\/\/ubanews.com\/site\/?s={search_term_string}"},"query-input":{"@type":"PropertyValueSpecification","valueRequired":true,"valueName":"search_term_string"}}],"inLanguage":"pt-BR"},{"@type":"Organization","@id":"https:\/\/ubanews.com\/site\/#organization","name":"Ub\u00e1 News","url":"https:\/\/ubanews.com\/site\/","logo":{"@type":"ImageObject","inLanguage":"pt-BR","@id":"https:\/\/ubanews.com\/site\/#\/schema\/logo\/image\/","url":"https:\/\/ubanews.com\/site\/wp-content\/uploads\/2018\/01\/logoubanews.png","contentUrl":"https:\/\/ubanews.com\/site\/wp-content\/uploads\/2018\/01\/logoubanews.png","width":261,"height":99,"caption":"Ub\u00e1 News"},"image":{"@id":"https:\/\/ubanews.com\/site\/#\/schema\/logo\/image\/"},"sameAs":["https:\/\/www.facebook.com\/Ub\u00e1News-Carlos-Roberto-Sodr\u00e9-418778301977370"]},{"@type":"Person","@id":"https:\/\/ubanews.com\/site\/#\/schema\/person\/9d8da9ec3c8d00640ab6e8c81e103310","name":"Carlos Roberto Sodr\u00e9","image":{"@type":"ImageObject","inLanguage":"pt-BR","@id":"https:\/\/secure.gravatar.com\/avatar\/aab322e8555b56c468614fafdab8a8f924e394cdc6cfd8232f77e9e4d123a133?s=96&d=mm&r=g","url":"https:\/\/secure.gravatar.com\/avatar\/aab322e8555b56c468614fafdab8a8f924e394cdc6cfd8232f77e9e4d123a133?s=96&d=mm&r=g","contentUrl":"https:\/\/secure.gravatar.com\/avatar\/aab322e8555b56c468614fafdab8a8f924e394cdc6cfd8232f77e9e4d123a133?s=96&d=mm&r=g","caption":"Carlos Roberto Sodr\u00e9"},"url":"https:\/\/ubanews.com\/site\/author\/sodre\/"}]}},"_links":{"self":[{"href":"https:\/\/ubanews.com\/site\/wp-json\/wp\/v2\/posts\/24680","targetHints":{"allow":["GET"]}}],"collection":[{"href":"https:\/\/ubanews.com\/site\/wp-json\/wp\/v2\/posts"}],"about":[{"href":"https:\/\/ubanews.com\/site\/wp-json\/wp\/v2\/types\/post"}],"author":[{"embeddable":true,"href":"https:\/\/ubanews.com\/site\/wp-json\/wp\/v2\/users\/4"}],"replies":[{"embeddable":true,"href":"https:\/\/ubanews.com\/site\/wp-json\/wp\/v2\/comments?post=24680"}],"version-history":[{"count":0,"href":"https:\/\/ubanews.com\/site\/wp-json\/wp\/v2\/posts\/24680\/revisions"}],"wp:featuredmedia":[{"embeddable":true,"href":"https:\/\/ubanews.com\/site\/wp-json\/wp\/v2\/media\/24681"}],"wp:attachment":[{"href":"https:\/\/ubanews.com\/site\/wp-json\/wp\/v2\/media?parent=24680"}],"wp:term":[{"taxonomy":"category","embeddable":true,"href":"https:\/\/ubanews.com\/site\/wp-json\/wp\/v2\/categories?post=24680"},{"taxonomy":"post_tag","embeddable":true,"href":"https:\/\/ubanews.com\/site\/wp-json\/wp\/v2\/tags?post=24680"}],"curies":[{"name":"wp","href":"https:\/\/api.w.org\/{rel}","templated":true}]}}