{"id":24678,"date":"2026-04-24T13:11:59","date_gmt":"2026-04-24T16:11:59","guid":{"rendered":"https:\/\/ubanews.com\/site\/?p=24678"},"modified":"2026-04-24T13:12:07","modified_gmt":"2026-04-24T16:12:07","slug":"prefeitura-moderniza-fiscalizacao-de-contratos","status":"publish","type":"post","link":"https:\/\/ubanews.com\/site\/2026\/04\/24\/prefeitura-moderniza-fiscalizacao-de-contratos\/","title":{"rendered":"Prefeitura moderniza fiscaliza\u00e7\u00e3o de contratos"},"content":{"rendered":"\n<p>Prefeitura moderniza fiscaliza\u00e7\u00e3o de contratos para garantir direitos dos trabalhadores terceirizados<\/p>\n\n\n\n<p>A Prefeitura de Ub\u00e1 est\u00e1 refor\u00e7ando a fiscaliza\u00e7\u00e3o dos contratos p\u00fablicos e adotando medidas mais rigorosas para responsabilizar empresas que n\u00e3o cumprem com suas obriga\u00e7\u00f5es, garantindo mais qualidade nos servi\u00e7os prestados \u00e0 popula\u00e7\u00e3o e maior cuidado com os recursos p\u00fablicos.<\/p>\n\n\n\n<h2 class=\"wp-block-heading\">Prefeitura moderniza fiscaliza\u00e7\u00e3o de contratos<\/h2>\n\n\n\n<figure class=\"wp-block-image size-full\"><img decoding=\"async\" width=\"849\" height=\"463\" data-src=\"https:\/\/ubanews.com\/site\/wp-content\/uploads\/2026\/04\/WhatsApp-Image-2026-04-23-at-16.49.48.jpeg\" alt=\"Prefeitura moderniza fiscaliza\u00e7\u00e3o de contratos\" class=\"wp-image-24679 lazyload\" data-srcset=\"https:\/\/ubanews.com\/site\/wp-content\/uploads\/2026\/04\/WhatsApp-Image-2026-04-23-at-16.49.48.jpeg 849w, https:\/\/ubanews.com\/site\/wp-content\/uploads\/2026\/04\/WhatsApp-Image-2026-04-23-at-16.49.48-300x164.jpeg 300w, https:\/\/ubanews.com\/site\/wp-content\/uploads\/2026\/04\/WhatsApp-Image-2026-04-23-at-16.49.48-768x419.jpeg 768w\" data-sizes=\"(max-width: 849px) 100vw, 849px\" src=\"data:image\/svg+xml;base64,PHN2ZyB3aWR0aD0iMSIgaGVpZ2h0PSIxIiB4bWxucz0iaHR0cDovL3d3dy53My5vcmcvMjAwMC9zdmciPjwvc3ZnPg==\" style=\"--smush-placeholder-width: 849px; --smush-placeholder-aspect-ratio: 849\/463;\" \/><\/figure>\n\n\n\n<p>A medida se faz necess\u00e1ria devido a uma lacuna jur\u00eddica, visando a prote\u00e7\u00e3o do servidor p\u00fablico.<\/p>\n\n\n\n<p>O Decreto n\u00ba 7.718, publicado no Di\u00e1rio Oficial do munic\u00edpio, refor\u00e7a o procedimento administrativo para a apura\u00e7\u00e3o de infra\u00e7\u00f5es e a aplica\u00e7\u00e3o de san\u00e7\u00f5es administrativas no \u00e2mbito da Administra\u00e7\u00e3o P\u00fablica Municipal, conforme previsto na Lei Federal n\u00ba 14.133\/2021, a Nova Lei de Licita\u00e7\u00f5es e Contratos.<\/p>\n\n\n\n<p>Agora, o munic\u00edpio passa a contar com um fluxo definido para os processos administrativos sancionadores, detalhando desde a instaura\u00e7\u00e3o at\u00e9 a aplica\u00e7\u00e3o de penalidades, como advert\u00eancias, multas e at\u00e9 o impedimento de licitar. O decreto tamb\u00e9m assegura o direito ao contradit\u00f3rio e \u00e0 ampla defesa, garantindo equil\u00edbrio e transpar\u00eancia nas decis\u00f5es.<\/p>\n\n\n\n<p>A iniciativa fortalece a fiscaliza\u00e7\u00e3o dos contratos p\u00fablicos, proporcionando mais efici\u00eancia na atua\u00e7\u00e3o da administra\u00e7\u00e3o e maior seguran\u00e7a jur\u00eddica tanto para os servidores quanto para as empresas envolvidas.<\/p>\n\n\n\n<p>Al\u00e9m disso, o decreto contribui diretamente para o aprimoramento da governan\u00e7a municipal, refor\u00e7ando mecanismos de controle e garantindo que os servi\u00e7os contratados sejam executados com qualidade e em conformidade com o interesse p\u00fablico.<\/p>\n\n\n\n<p>Comiss\u00e3o processante j\u00e1 inicia atua\u00e7\u00e3o<br>Como parte da implementa\u00e7\u00e3o do novo modelo, a Prefeitura instituiu a primeira Comiss\u00e3o Processante, respons\u00e1vel por conduzir a apura\u00e7\u00e3o de infra\u00e7\u00f5es cometidas na execu\u00e7\u00e3o do Contrato n\u00ba 06\/2026, firmado entre o Munic\u00edpio de Ub\u00e1 e a empresa terceirizada. A atua\u00e7\u00e3o da comiss\u00e3o j\u00e1 teve in\u00edcio com a instaura\u00e7\u00e3o de Processo Administrativo Simplificado e Sum\u00e1rio para apurar poss\u00edveis irregularidades.<\/p>\n\n\n\n<p>A comiss\u00e3o designada ter\u00e1 acesso a todas as informa\u00e7\u00f5es necess\u00e1rias para a condu\u00e7\u00e3o dos trabalhos, garantindo a devida apura\u00e7\u00e3o dos fatos conforme os crit\u00e9rios estabelecidos no decreto.<\/p>\n\n\n\n<p>A medida marca o in\u00edcio efetivo da aplica\u00e7\u00e3o do decreto e refor\u00e7a o compromisso do munic\u00edpio com a transpar\u00eancia, responsabilidade na gest\u00e3o dos recursos p\u00fablicos e melhoria cont\u00ednua dos servi\u00e7os prestados \u00e0 popula\u00e7\u00e3o.<\/p>\n","protected":false},"excerpt":{"rendered":"<p>Prefeitura moderniza fiscaliza\u00e7\u00e3o de contratos<\/p>\n","protected":false},"author":4,"featured_media":24679,"comment_status":"open","ping_status":"open","sticky":false,"template":"","format":"standard","meta":{"footnotes":""},"categories":[45,1,3],"tags":[65,59,60],"class_list":["post-24678","post","type-post","status-publish","format-standard","has-post-thumbnail","hentry","category-destaque-principal","category-sem-categoria","category-slide","tag-carlos-roberto-sodre","tag-fala-sodre","tag-ubanews"],"yoast_head":"<!-- This site is optimized with the Yoast SEO plugin v27.2 - https:\/\/yoast.com\/product\/yoast-seo-wordpress\/ -->\n<title>Prefeitura moderniza fiscaliza\u00e7\u00e3o de contratos - Ub\u00e1 News<\/title>\n<meta name=\"description\" content=\"Prefeitura moderniza fiscaliza\u00e7\u00e3o de contratos\" \/>\n<meta name=\"robots\" content=\"index, follow, max-snippet:-1, max-image-preview:large, max-video-preview:-1\" \/>\n<link rel=\"canonical\" href=\"https:\/\/ubanews.com\/site\/2026\/04\/24\/prefeitura-moderniza-fiscalizacao-de-contratos\/\" \/>\n<meta property=\"og:locale\" content=\"pt_BR\" \/>\n<meta property=\"og:type\" content=\"article\" \/>\n<meta property=\"og:title\" content=\"Prefeitura moderniza fiscaliza\u00e7\u00e3o de contratos - Ub\u00e1 News\" \/>\n<meta property=\"og:description\" content=\"Prefeitura moderniza fiscaliza\u00e7\u00e3o de contratos\" \/>\n<meta property=\"og:url\" content=\"https:\/\/ubanews.com\/site\/2026\/04\/24\/prefeitura-moderniza-fiscalizacao-de-contratos\/\" \/>\n<meta property=\"og:site_name\" content=\"Ub\u00e1 News\" \/>\n<meta property=\"article:publisher\" content=\"https:\/\/www.facebook.com\/Ub%c3%a1News-Carlos-Roberto-Sodr%c3%a9-418778301977370\" \/>\n<meta property=\"article:published_time\" content=\"2026-04-24T16:11:59+00:00\" \/>\n<meta property=\"article:modified_time\" content=\"2026-04-24T16:12:07+00:00\" \/>\n<meta property=\"og:image\" content=\"https:\/\/ubanews.com\/site\/wp-content\/uploads\/2026\/04\/WhatsApp-Image-2026-04-23-at-16.49.48.jpeg\" \/>\n\t<meta property=\"og:image:width\" content=\"849\" \/>\n\t<meta property=\"og:image:height\" content=\"463\" \/>\n\t<meta property=\"og:image:type\" content=\"image\/jpeg\" \/>\n<meta name=\"author\" content=\"Carlos Roberto Sodr\u00e9\" \/>\n<meta name=\"twitter:card\" content=\"summary_large_image\" \/>\n<meta name=\"twitter:label1\" content=\"Escrito por\" \/>\n\t<meta name=\"twitter:data1\" content=\"Carlos Roberto Sodr\u00e9\" \/>\n\t<meta name=\"twitter:label2\" content=\"Est. tempo de leitura\" \/>\n\t<meta name=\"twitter:data2\" content=\"3 minutos\" \/>\n<script type=\"application\/ld+json\" class=\"yoast-schema-graph\">{\"@context\":\"https:\/\/schema.org\",\"@graph\":[{\"@type\":\"Article\",\"@id\":\"https:\/\/ubanews.com\/site\/2026\/04\/24\/prefeitura-moderniza-fiscalizacao-de-contratos\/#article\",\"isPartOf\":{\"@id\":\"https:\/\/ubanews.com\/site\/2026\/04\/24\/prefeitura-moderniza-fiscalizacao-de-contratos\/\"},\"author\":{\"name\":\"Carlos Roberto Sodr\u00e9\",\"@id\":\"https:\/\/ubanews.com\/site\/#\/schema\/person\/9d8da9ec3c8d00640ab6e8c81e103310\"},\"headline\":\"Prefeitura moderniza fiscaliza\u00e7\u00e3o de contratos\",\"datePublished\":\"2026-04-24T16:11:59+00:00\",\"dateModified\":\"2026-04-24T16:12:07+00:00\",\"mainEntityOfPage\":{\"@id\":\"https:\/\/ubanews.com\/site\/2026\/04\/24\/prefeitura-moderniza-fiscalizacao-de-contratos\/\"},\"wordCount\":427,\"commentCount\":0,\"publisher\":{\"@id\":\"https:\/\/ubanews.com\/site\/#organization\"},\"image\":{\"@id\":\"https:\/\/ubanews.com\/site\/2026\/04\/24\/prefeitura-moderniza-fiscalizacao-de-contratos\/#primaryimage\"},\"thumbnailUrl\":\"https:\/\/ubanews.com\/site\/wp-content\/uploads\/2026\/04\/WhatsApp-Image-2026-04-23-at-16.49.48.jpeg\",\"keywords\":[\"Carlos Roberto Sodr\u00e9\",\"Fala Sodr\u00e9\",\"UBANEWS\"],\"articleSection\":[\"DESTAQUE PRINCIPAL\",\"Geral\",\"Slide\"],\"inLanguage\":\"pt-BR\",\"potentialAction\":[{\"@type\":\"CommentAction\",\"name\":\"Comment\",\"target\":[\"https:\/\/ubanews.com\/site\/2026\/04\/24\/prefeitura-moderniza-fiscalizacao-de-contratos\/#respond\"]}]},{\"@type\":\"WebPage\",\"@id\":\"https:\/\/ubanews.com\/site\/2026\/04\/24\/prefeitura-moderniza-fiscalizacao-de-contratos\/\",\"url\":\"https:\/\/ubanews.com\/site\/2026\/04\/24\/prefeitura-moderniza-fiscalizacao-de-contratos\/\",\"name\":\"Prefeitura moderniza fiscaliza\u00e7\u00e3o de contratos - Ub\u00e1 News\",\"isPartOf\":{\"@id\":\"https:\/\/ubanews.com\/site\/#website\"},\"primaryImageOfPage\":{\"@id\":\"https:\/\/ubanews.com\/site\/2026\/04\/24\/prefeitura-moderniza-fiscalizacao-de-contratos\/#primaryimage\"},\"image\":{\"@id\":\"https:\/\/ubanews.com\/site\/2026\/04\/24\/prefeitura-moderniza-fiscalizacao-de-contratos\/#primaryimage\"},\"thumbnailUrl\":\"https:\/\/ubanews.com\/site\/wp-content\/uploads\/2026\/04\/WhatsApp-Image-2026-04-23-at-16.49.48.jpeg\",\"datePublished\":\"2026-04-24T16:11:59+00:00\",\"dateModified\":\"2026-04-24T16:12:07+00:00\",\"description\":\"Prefeitura moderniza fiscaliza\u00e7\u00e3o de contratos\",\"breadcrumb\":{\"@id\":\"https:\/\/ubanews.com\/site\/2026\/04\/24\/prefeitura-moderniza-fiscalizacao-de-contratos\/#breadcrumb\"},\"inLanguage\":\"pt-BR\",\"potentialAction\":[{\"@type\":\"ReadAction\",\"target\":[\"https:\/\/ubanews.com\/site\/2026\/04\/24\/prefeitura-moderniza-fiscalizacao-de-contratos\/\"]}]},{\"@type\":\"ImageObject\",\"inLanguage\":\"pt-BR\",\"@id\":\"https:\/\/ubanews.com\/site\/2026\/04\/24\/prefeitura-moderniza-fiscalizacao-de-contratos\/#primaryimage\",\"url\":\"https:\/\/ubanews.com\/site\/wp-content\/uploads\/2026\/04\/WhatsApp-Image-2026-04-23-at-16.49.48.jpeg\",\"contentUrl\":\"https:\/\/ubanews.com\/site\/wp-content\/uploads\/2026\/04\/WhatsApp-Image-2026-04-23-at-16.49.48.jpeg\",\"width\":849,\"height\":463,\"caption\":\"Prefeitura moderniza fiscaliza\u00e7\u00e3o de contratos\"},{\"@type\":\"BreadcrumbList\",\"@id\":\"https:\/\/ubanews.com\/site\/2026\/04\/24\/prefeitura-moderniza-fiscalizacao-de-contratos\/#breadcrumb\",\"itemListElement\":[{\"@type\":\"ListItem\",\"position\":1,\"name\":\"Home\",\"item\":\"https:\/\/ubanews.com\/site\/\"},{\"@type\":\"ListItem\",\"position\":2,\"name\":\"Prefeitura moderniza fiscaliza\u00e7\u00e3o de contratos\"}]},{\"@type\":\"WebSite\",\"@id\":\"https:\/\/ubanews.com\/site\/#website\",\"url\":\"https:\/\/ubanews.com\/site\/\",\"name\":\"Ub\u00e1 News\",\"description\":\"\",\"publisher\":{\"@id\":\"https:\/\/ubanews.com\/site\/#organization\"},\"potentialAction\":[{\"@type\":\"SearchAction\",\"target\":{\"@type\":\"EntryPoint\",\"urlTemplate\":\"https:\/\/ubanews.com\/site\/?s={search_term_string}\"},\"query-input\":{\"@type\":\"PropertyValueSpecification\",\"valueRequired\":true,\"valueName\":\"search_term_string\"}}],\"inLanguage\":\"pt-BR\"},{\"@type\":\"Organization\",\"@id\":\"https:\/\/ubanews.com\/site\/#organization\",\"name\":\"Ub\u00e1 News\",\"url\":\"https:\/\/ubanews.com\/site\/\",\"logo\":{\"@type\":\"ImageObject\",\"inLanguage\":\"pt-BR\",\"@id\":\"https:\/\/ubanews.com\/site\/#\/schema\/logo\/image\/\",\"url\":\"https:\/\/ubanews.com\/site\/wp-content\/uploads\/2018\/01\/logoubanews.png\",\"contentUrl\":\"https:\/\/ubanews.com\/site\/wp-content\/uploads\/2018\/01\/logoubanews.png\",\"width\":261,\"height\":99,\"caption\":\"Ub\u00e1 News\"},\"image\":{\"@id\":\"https:\/\/ubanews.com\/site\/#\/schema\/logo\/image\/\"},\"sameAs\":[\"https:\/\/www.facebook.com\/Ub\u00e1News-Carlos-Roberto-Sodr\u00e9-418778301977370\"]},{\"@type\":\"Person\",\"@id\":\"https:\/\/ubanews.com\/site\/#\/schema\/person\/9d8da9ec3c8d00640ab6e8c81e103310\",\"name\":\"Carlos Roberto Sodr\u00e9\",\"image\":{\"@type\":\"ImageObject\",\"inLanguage\":\"pt-BR\",\"@id\":\"https:\/\/secure.gravatar.com\/avatar\/aab322e8555b56c468614fafdab8a8f924e394cdc6cfd8232f77e9e4d123a133?s=96&d=mm&r=g\",\"url\":\"https:\/\/secure.gravatar.com\/avatar\/aab322e8555b56c468614fafdab8a8f924e394cdc6cfd8232f77e9e4d123a133?s=96&d=mm&r=g\",\"contentUrl\":\"https:\/\/secure.gravatar.com\/avatar\/aab322e8555b56c468614fafdab8a8f924e394cdc6cfd8232f77e9e4d123a133?s=96&d=mm&r=g\",\"caption\":\"Carlos Roberto Sodr\u00e9\"},\"url\":\"https:\/\/ubanews.com\/site\/author\/sodre\/\"}]}<\/script>\n<!-- \/ Yoast SEO plugin. -->","yoast_head_json":{"title":"Prefeitura moderniza fiscaliza\u00e7\u00e3o de contratos - Ub\u00e1 News","description":"Prefeitura moderniza fiscaliza\u00e7\u00e3o de contratos","robots":{"index":"index","follow":"follow","max-snippet":"max-snippet:-1","max-image-preview":"max-image-preview:large","max-video-preview":"max-video-preview:-1"},"canonical":"https:\/\/ubanews.com\/site\/2026\/04\/24\/prefeitura-moderniza-fiscalizacao-de-contratos\/","og_locale":"pt_BR","og_type":"article","og_title":"Prefeitura moderniza fiscaliza\u00e7\u00e3o de contratos - Ub\u00e1 News","og_description":"Prefeitura moderniza fiscaliza\u00e7\u00e3o de contratos","og_url":"https:\/\/ubanews.com\/site\/2026\/04\/24\/prefeitura-moderniza-fiscalizacao-de-contratos\/","og_site_name":"Ub\u00e1 News","article_publisher":"https:\/\/www.facebook.com\/Ub%c3%a1News-Carlos-Roberto-Sodr%c3%a9-418778301977370","article_published_time":"2026-04-24T16:11:59+00:00","article_modified_time":"2026-04-24T16:12:07+00:00","og_image":[{"width":849,"height":463,"url":"https:\/\/ubanews.com\/site\/wp-content\/uploads\/2026\/04\/WhatsApp-Image-2026-04-23-at-16.49.48.jpeg","type":"image\/jpeg"}],"author":"Carlos Roberto Sodr\u00e9","twitter_card":"summary_large_image","twitter_misc":{"Escrito por":"Carlos Roberto Sodr\u00e9","Est. tempo de leitura":"3 minutos"},"schema":{"@context":"https:\/\/schema.org","@graph":[{"@type":"Article","@id":"https:\/\/ubanews.com\/site\/2026\/04\/24\/prefeitura-moderniza-fiscalizacao-de-contratos\/#article","isPartOf":{"@id":"https:\/\/ubanews.com\/site\/2026\/04\/24\/prefeitura-moderniza-fiscalizacao-de-contratos\/"},"author":{"name":"Carlos Roberto Sodr\u00e9","@id":"https:\/\/ubanews.com\/site\/#\/schema\/person\/9d8da9ec3c8d00640ab6e8c81e103310"},"headline":"Prefeitura moderniza fiscaliza\u00e7\u00e3o de contratos","datePublished":"2026-04-24T16:11:59+00:00","dateModified":"2026-04-24T16:12:07+00:00","mainEntityOfPage":{"@id":"https:\/\/ubanews.com\/site\/2026\/04\/24\/prefeitura-moderniza-fiscalizacao-de-contratos\/"},"wordCount":427,"commentCount":0,"publisher":{"@id":"https:\/\/ubanews.com\/site\/#organization"},"image":{"@id":"https:\/\/ubanews.com\/site\/2026\/04\/24\/prefeitura-moderniza-fiscalizacao-de-contratos\/#primaryimage"},"thumbnailUrl":"https:\/\/ubanews.com\/site\/wp-content\/uploads\/2026\/04\/WhatsApp-Image-2026-04-23-at-16.49.48.jpeg","keywords":["Carlos Roberto Sodr\u00e9","Fala Sodr\u00e9","UBANEWS"],"articleSection":["DESTAQUE PRINCIPAL","Geral","Slide"],"inLanguage":"pt-BR","potentialAction":[{"@type":"CommentAction","name":"Comment","target":["https:\/\/ubanews.com\/site\/2026\/04\/24\/prefeitura-moderniza-fiscalizacao-de-contratos\/#respond"]}]},{"@type":"WebPage","@id":"https:\/\/ubanews.com\/site\/2026\/04\/24\/prefeitura-moderniza-fiscalizacao-de-contratos\/","url":"https:\/\/ubanews.com\/site\/2026\/04\/24\/prefeitura-moderniza-fiscalizacao-de-contratos\/","name":"Prefeitura moderniza fiscaliza\u00e7\u00e3o de contratos - Ub\u00e1 News","isPartOf":{"@id":"https:\/\/ubanews.com\/site\/#website"},"primaryImageOfPage":{"@id":"https:\/\/ubanews.com\/site\/2026\/04\/24\/prefeitura-moderniza-fiscalizacao-de-contratos\/#primaryimage"},"image":{"@id":"https:\/\/ubanews.com\/site\/2026\/04\/24\/prefeitura-moderniza-fiscalizacao-de-contratos\/#primaryimage"},"thumbnailUrl":"https:\/\/ubanews.com\/site\/wp-content\/uploads\/2026\/04\/WhatsApp-Image-2026-04-23-at-16.49.48.jpeg","datePublished":"2026-04-24T16:11:59+00:00","dateModified":"2026-04-24T16:12:07+00:00","description":"Prefeitura moderniza fiscaliza\u00e7\u00e3o de contratos","breadcrumb":{"@id":"https:\/\/ubanews.com\/site\/2026\/04\/24\/prefeitura-moderniza-fiscalizacao-de-contratos\/#breadcrumb"},"inLanguage":"pt-BR","potentialAction":[{"@type":"ReadAction","target":["https:\/\/ubanews.com\/site\/2026\/04\/24\/prefeitura-moderniza-fiscalizacao-de-contratos\/"]}]},{"@type":"ImageObject","inLanguage":"pt-BR","@id":"https:\/\/ubanews.com\/site\/2026\/04\/24\/prefeitura-moderniza-fiscalizacao-de-contratos\/#primaryimage","url":"https:\/\/ubanews.com\/site\/wp-content\/uploads\/2026\/04\/WhatsApp-Image-2026-04-23-at-16.49.48.jpeg","contentUrl":"https:\/\/ubanews.com\/site\/wp-content\/uploads\/2026\/04\/WhatsApp-Image-2026-04-23-at-16.49.48.jpeg","width":849,"height":463,"caption":"Prefeitura moderniza fiscaliza\u00e7\u00e3o de contratos"},{"@type":"BreadcrumbList","@id":"https:\/\/ubanews.com\/site\/2026\/04\/24\/prefeitura-moderniza-fiscalizacao-de-contratos\/#breadcrumb","itemListElement":[{"@type":"ListItem","position":1,"name":"Home","item":"https:\/\/ubanews.com\/site\/"},{"@type":"ListItem","position":2,"name":"Prefeitura moderniza fiscaliza\u00e7\u00e3o de contratos"}]},{"@type":"WebSite","@id":"https:\/\/ubanews.com\/site\/#website","url":"https:\/\/ubanews.com\/site\/","name":"Ub\u00e1 News","description":"","publisher":{"@id":"https:\/\/ubanews.com\/site\/#organization"},"potentialAction":[{"@type":"SearchAction","target":{"@type":"EntryPoint","urlTemplate":"https:\/\/ubanews.com\/site\/?s={search_term_string}"},"query-input":{"@type":"PropertyValueSpecification","valueRequired":true,"valueName":"search_term_string"}}],"inLanguage":"pt-BR"},{"@type":"Organization","@id":"https:\/\/ubanews.com\/site\/#organization","name":"Ub\u00e1 News","url":"https:\/\/ubanews.com\/site\/","logo":{"@type":"ImageObject","inLanguage":"pt-BR","@id":"https:\/\/ubanews.com\/site\/#\/schema\/logo\/image\/","url":"https:\/\/ubanews.com\/site\/wp-content\/uploads\/2018\/01\/logoubanews.png","contentUrl":"https:\/\/ubanews.com\/site\/wp-content\/uploads\/2018\/01\/logoubanews.png","width":261,"height":99,"caption":"Ub\u00e1 News"},"image":{"@id":"https:\/\/ubanews.com\/site\/#\/schema\/logo\/image\/"},"sameAs":["https:\/\/www.facebook.com\/Ub\u00e1News-Carlos-Roberto-Sodr\u00e9-418778301977370"]},{"@type":"Person","@id":"https:\/\/ubanews.com\/site\/#\/schema\/person\/9d8da9ec3c8d00640ab6e8c81e103310","name":"Carlos Roberto Sodr\u00e9","image":{"@type":"ImageObject","inLanguage":"pt-BR","@id":"https:\/\/secure.gravatar.com\/avatar\/aab322e8555b56c468614fafdab8a8f924e394cdc6cfd8232f77e9e4d123a133?s=96&d=mm&r=g","url":"https:\/\/secure.gravatar.com\/avatar\/aab322e8555b56c468614fafdab8a8f924e394cdc6cfd8232f77e9e4d123a133?s=96&d=mm&r=g","contentUrl":"https:\/\/secure.gravatar.com\/avatar\/aab322e8555b56c468614fafdab8a8f924e394cdc6cfd8232f77e9e4d123a133?s=96&d=mm&r=g","caption":"Carlos Roberto Sodr\u00e9"},"url":"https:\/\/ubanews.com\/site\/author\/sodre\/"}]}},"_links":{"self":[{"href":"https:\/\/ubanews.com\/site\/wp-json\/wp\/v2\/posts\/24678","targetHints":{"allow":["GET"]}}],"collection":[{"href":"https:\/\/ubanews.com\/site\/wp-json\/wp\/v2\/posts"}],"about":[{"href":"https:\/\/ubanews.com\/site\/wp-json\/wp\/v2\/types\/post"}],"author":[{"embeddable":true,"href":"https:\/\/ubanews.com\/site\/wp-json\/wp\/v2\/users\/4"}],"replies":[{"embeddable":true,"href":"https:\/\/ubanews.com\/site\/wp-json\/wp\/v2\/comments?post=24678"}],"version-history":[{"count":0,"href":"https:\/\/ubanews.com\/site\/wp-json\/wp\/v2\/posts\/24678\/revisions"}],"wp:featuredmedia":[{"embeddable":true,"href":"https:\/\/ubanews.com\/site\/wp-json\/wp\/v2\/media\/24679"}],"wp:attachment":[{"href":"https:\/\/ubanews.com\/site\/wp-json\/wp\/v2\/media?parent=24678"}],"wp:term":[{"taxonomy":"category","embeddable":true,"href":"https:\/\/ubanews.com\/site\/wp-json\/wp\/v2\/categories?post=24678"},{"taxonomy":"post_tag","embeddable":true,"href":"https:\/\/ubanews.com\/site\/wp-json\/wp\/v2\/tags?post=24678"}],"curies":[{"name":"wp","href":"https:\/\/api.w.org\/{rel}","templated":true}]}}