{"id":24669,"date":"2026-04-24T10:22:09","date_gmt":"2026-04-24T13:22:09","guid":{"rendered":"https:\/\/ubanews.com\/site\/?p=24669"},"modified":"2026-04-24T10:22:21","modified_gmt":"2026-04-24T13:22:21","slug":"sao-jorge-e-a-umbanda","status":"publish","type":"post","link":"https:\/\/ubanews.com\/site\/2026\/04\/24\/sao-jorge-e-a-umbanda\/","title":{"rendered":"S\u00e3o Jorge e a Umbanda"},"content":{"rendered":"\n<p>S\u00e3o Jorge e a Umbanda: Pai Tuti explica a for\u00e7a do sincretismo e da f\u00e9 no Fala Sodr\u00e9<\/p>\n\n\n\n<h3 class=\"wp-block-heading\">Antes de mais nada, um dia de significado profundo<\/h3>\n\n\n\n<p>Antes de tudo, o dia 23 de abril carrega uma simbologia especial para milh\u00f5es de brasileiros. S\u00e3o Jorge representa f\u00e9, resist\u00eancia e coragem. No <strong>Fala Sodr\u00e9<\/strong>, o tema ganhou profundidade com a participa\u00e7\u00e3o do <strong>Pai Tuti<\/strong>, lideran\u00e7a religiosa da Umbanda, em conversa conduzida pelo <strong>rep\u00f3rter Carlos Roberto Sodr\u00e9<\/strong>.<\/p>\n\n\n\n<p>Logo no in\u00edcio, o programa destacou a popularidade do santo guerreiro. Em seguida, apresentou o motivo central da entrevista. A proposta foi clara. Explicar a rela\u00e7\u00e3o entre <strong>S\u00e3o Jorge<\/strong> e a <strong>Umbanda<\/strong>, sem preconceitos e com informa\u00e7\u00e3o.<\/p>\n\n\n\n<h2 class=\"wp-block-heading\">S\u00e3o Jorge e a Umbanda: Pai Tuti explica a for\u00e7a do sincretismo e da f\u00e9 no Fala Sodr\u00e9<\/h2>\n\n\n\n<figure class=\"wp-block-image size-large\"><img decoding=\"async\" width=\"1024\" height=\"576\" data-src=\"https:\/\/ubanews.com\/site\/wp-content\/uploads\/2026\/04\/Fala-Sodre-O-pai-Tuti-explica-a-relacao-de-Sao-Jorge-com-a-Umbanda-no-dia-de-Sao-Jorge-1-1024x576.jpg\" alt=\"\" class=\"wp-image-24677 lazyload\" data-srcset=\"https:\/\/ubanews.com\/site\/wp-content\/uploads\/2026\/04\/Fala-Sodre-O-pai-Tuti-explica-a-relacao-de-Sao-Jorge-com-a-Umbanda-no-dia-de-Sao-Jorge-1-1024x576.jpg 1024w, https:\/\/ubanews.com\/site\/wp-content\/uploads\/2026\/04\/Fala-Sodre-O-pai-Tuti-explica-a-relacao-de-Sao-Jorge-com-a-Umbanda-no-dia-de-Sao-Jorge-1-300x169.jpg 300w, https:\/\/ubanews.com\/site\/wp-content\/uploads\/2026\/04\/Fala-Sodre-O-pai-Tuti-explica-a-relacao-de-Sao-Jorge-com-a-Umbanda-no-dia-de-Sao-Jorge-1-768x432.jpg 768w, https:\/\/ubanews.com\/site\/wp-content\/uploads\/2026\/04\/Fala-Sodre-O-pai-Tuti-explica-a-relacao-de-Sao-Jorge-com-a-Umbanda-no-dia-de-Sao-Jorge-1.jpg 1060w\" data-sizes=\"(max-width: 1024px) 100vw, 1024px\" src=\"data:image\/svg+xml;base64,PHN2ZyB3aWR0aD0iMSIgaGVpZ2h0PSIxIiB4bWxucz0iaHR0cDovL3d3dy53My5vcmcvMjAwMC9zdmciPjwvc3ZnPg==\" style=\"--smush-placeholder-width: 1024px; --smush-placeholder-aspect-ratio: 1024\/576;\" \/><\/figure>\n\n\n\n<figure class=\"wp-block-gallery has-nested-images columns-default is-cropped wp-block-gallery-1 is-layout-flex wp-block-gallery-is-layout-flex\">\n<figure class=\"wp-block-image size-large\"><img decoding=\"async\" width=\"879\" height=\"489\" data-id=\"24670\" data-src=\"https:\/\/ubanews.com\/site\/wp-content\/uploads\/2026\/04\/Fala-Sodre-o-Pai-Tuti-explica-a-relacao-de-Sao-Jorge-com-a-Umbanda-Apoio-INDICCA-ponto-COM.jpg\" alt=\"\" class=\"wp-image-24670 lazyload\" data-srcset=\"https:\/\/ubanews.com\/site\/wp-content\/uploads\/2026\/04\/Fala-Sodre-o-Pai-Tuti-explica-a-relacao-de-Sao-Jorge-com-a-Umbanda-Apoio-INDICCA-ponto-COM.jpg 879w, https:\/\/ubanews.com\/site\/wp-content\/uploads\/2026\/04\/Fala-Sodre-o-Pai-Tuti-explica-a-relacao-de-Sao-Jorge-com-a-Umbanda-Apoio-INDICCA-ponto-COM-300x167.jpg 300w, https:\/\/ubanews.com\/site\/wp-content\/uploads\/2026\/04\/Fala-Sodre-o-Pai-Tuti-explica-a-relacao-de-Sao-Jorge-com-a-Umbanda-Apoio-INDICCA-ponto-COM-768x427.jpg 768w, https:\/\/ubanews.com\/site\/wp-content\/uploads\/2026\/04\/Fala-Sodre-o-Pai-Tuti-explica-a-relacao-de-Sao-Jorge-com-a-Umbanda-Apoio-INDICCA-ponto-COM-360x200.jpg 360w\" data-sizes=\"(max-width: 879px) 100vw, 879px\" src=\"data:image\/svg+xml;base64,PHN2ZyB3aWR0aD0iMSIgaGVpZ2h0PSIxIiB4bWxucz0iaHR0cDovL3d3dy53My5vcmcvMjAwMC9zdmciPjwvc3ZnPg==\" style=\"--smush-placeholder-width: 879px; --smush-placeholder-aspect-ratio: 879\/489;\" \/><\/figure>\n\n\n\n<figure class=\"wp-block-image size-large\"><img decoding=\"async\" width=\"878\" height=\"495\" data-id=\"24671\" data-src=\"https:\/\/ubanews.com\/site\/wp-content\/uploads\/2026\/04\/Fala-Sodre-o-Pai-Tuti-explica-a-relacao-de-Sao-Jorge-com-a-Umbanda-Apoio-Santa-Isabel-Saude.jpg\" alt=\"\" class=\"wp-image-24671 lazyload\" data-srcset=\"https:\/\/ubanews.com\/site\/wp-content\/uploads\/2026\/04\/Fala-Sodre-o-Pai-Tuti-explica-a-relacao-de-Sao-Jorge-com-a-Umbanda-Apoio-Santa-Isabel-Saude.jpg 878w, https:\/\/ubanews.com\/site\/wp-content\/uploads\/2026\/04\/Fala-Sodre-o-Pai-Tuti-explica-a-relacao-de-Sao-Jorge-com-a-Umbanda-Apoio-Santa-Isabel-Saude-300x169.jpg 300w, https:\/\/ubanews.com\/site\/wp-content\/uploads\/2026\/04\/Fala-Sodre-o-Pai-Tuti-explica-a-relacao-de-Sao-Jorge-com-a-Umbanda-Apoio-Santa-Isabel-Saude-768x433.jpg 768w\" data-sizes=\"(max-width: 878px) 100vw, 878px\" src=\"data:image\/svg+xml;base64,PHN2ZyB3aWR0aD0iMSIgaGVpZ2h0PSIxIiB4bWxucz0iaHR0cDovL3d3dy53My5vcmcvMjAwMC9zdmciPjwvc3ZnPg==\" style=\"--smush-placeholder-width: 878px; --smush-placeholder-aspect-ratio: 878\/495;\" \/><\/figure>\n\n\n\n<figure class=\"wp-block-image size-large\"><img decoding=\"async\" width=\"875\" height=\"487\" data-id=\"24672\" data-src=\"https:\/\/ubanews.com\/site\/wp-content\/uploads\/2026\/04\/Fala-Sodre-o-Pai-Tuti-explica-a-relacao-de-Sao-Jorge-com-a-Umbanda-Apoio-Cruzeiro-Do-Sul-Alimentos.jpg\" alt=\"\" class=\"wp-image-24672 lazyload\" data-srcset=\"https:\/\/ubanews.com\/site\/wp-content\/uploads\/2026\/04\/Fala-Sodre-o-Pai-Tuti-explica-a-relacao-de-Sao-Jorge-com-a-Umbanda-Apoio-Cruzeiro-Do-Sul-Alimentos.jpg 875w, https:\/\/ubanews.com\/site\/wp-content\/uploads\/2026\/04\/Fala-Sodre-o-Pai-Tuti-explica-a-relacao-de-Sao-Jorge-com-a-Umbanda-Apoio-Cruzeiro-Do-Sul-Alimentos-300x167.jpg 300w, https:\/\/ubanews.com\/site\/wp-content\/uploads\/2026\/04\/Fala-Sodre-o-Pai-Tuti-explica-a-relacao-de-Sao-Jorge-com-a-Umbanda-Apoio-Cruzeiro-Do-Sul-Alimentos-768x427.jpg 768w, https:\/\/ubanews.com\/site\/wp-content\/uploads\/2026\/04\/Fala-Sodre-o-Pai-Tuti-explica-a-relacao-de-Sao-Jorge-com-a-Umbanda-Apoio-Cruzeiro-Do-Sul-Alimentos-360x200.jpg 360w\" data-sizes=\"(max-width: 875px) 100vw, 875px\" src=\"data:image\/svg+xml;base64,PHN2ZyB3aWR0aD0iMSIgaGVpZ2h0PSIxIiB4bWxucz0iaHR0cDovL3d3dy53My5vcmcvMjAwMC9zdmciPjwvc3ZnPg==\" style=\"--smush-placeholder-width: 875px; --smush-placeholder-aspect-ratio: 875\/487;\" \/><\/figure>\n\n\n\n<figure class=\"wp-block-image size-large\"><img decoding=\"async\" width=\"878\" height=\"484\" data-id=\"24673\" data-src=\"https:\/\/ubanews.com\/site\/wp-content\/uploads\/2026\/04\/Fala-Sodre-o-Pai-Tuti-explica-a-relacao-de-Sao-Jorge-com-a-Umbanda-Apoio-Clindecor.jpg\" alt=\"\" class=\"wp-image-24673 lazyload\" data-srcset=\"https:\/\/ubanews.com\/site\/wp-content\/uploads\/2026\/04\/Fala-Sodre-o-Pai-Tuti-explica-a-relacao-de-Sao-Jorge-com-a-Umbanda-Apoio-Clindecor.jpg 878w, https:\/\/ubanews.com\/site\/wp-content\/uploads\/2026\/04\/Fala-Sodre-o-Pai-Tuti-explica-a-relacao-de-Sao-Jorge-com-a-Umbanda-Apoio-Clindecor-300x165.jpg 300w, https:\/\/ubanews.com\/site\/wp-content\/uploads\/2026\/04\/Fala-Sodre-o-Pai-Tuti-explica-a-relacao-de-Sao-Jorge-com-a-Umbanda-Apoio-Clindecor-768x423.jpg 768w, https:\/\/ubanews.com\/site\/wp-content\/uploads\/2026\/04\/Fala-Sodre-o-Pai-Tuti-explica-a-relacao-de-Sao-Jorge-com-a-Umbanda-Apoio-Clindecor-600x330.jpg 600w\" data-sizes=\"(max-width: 878px) 100vw, 878px\" src=\"data:image\/svg+xml;base64,PHN2ZyB3aWR0aD0iMSIgaGVpZ2h0PSIxIiB4bWxucz0iaHR0cDovL3d3dy53My5vcmcvMjAwMC9zdmciPjwvc3ZnPg==\" style=\"--smush-placeholder-width: 878px; --smush-placeholder-aspect-ratio: 878\/484;\" \/><\/figure>\n\n\n\n<figure class=\"wp-block-image size-large\"><img decoding=\"async\" width=\"882\" height=\"490\" data-id=\"24674\" data-src=\"https:\/\/ubanews.com\/site\/wp-content\/uploads\/2026\/04\/Fala-Sodre-o-Pai-Tuti-explica-a-relacao-de-Sao-Jorge-com-a-Umbanda-Apoio-Camara-Municipal-de-Uba.jpg\" alt=\"\" class=\"wp-image-24674 lazyload\" data-srcset=\"https:\/\/ubanews.com\/site\/wp-content\/uploads\/2026\/04\/Fala-Sodre-o-Pai-Tuti-explica-a-relacao-de-Sao-Jorge-com-a-Umbanda-Apoio-Camara-Municipal-de-Uba.jpg 882w, https:\/\/ubanews.com\/site\/wp-content\/uploads\/2026\/04\/Fala-Sodre-o-Pai-Tuti-explica-a-relacao-de-Sao-Jorge-com-a-Umbanda-Apoio-Camara-Municipal-de-Uba-300x167.jpg 300w, https:\/\/ubanews.com\/site\/wp-content\/uploads\/2026\/04\/Fala-Sodre-o-Pai-Tuti-explica-a-relacao-de-Sao-Jorge-com-a-Umbanda-Apoio-Camara-Municipal-de-Uba-768x427.jpg 768w, https:\/\/ubanews.com\/site\/wp-content\/uploads\/2026\/04\/Fala-Sodre-o-Pai-Tuti-explica-a-relacao-de-Sao-Jorge-com-a-Umbanda-Apoio-Camara-Municipal-de-Uba-360x200.jpg 360w\" data-sizes=\"(max-width: 882px) 100vw, 882px\" src=\"data:image\/svg+xml;base64,PHN2ZyB3aWR0aD0iMSIgaGVpZ2h0PSIxIiB4bWxucz0iaHR0cDovL3d3dy53My5vcmcvMjAwMC9zdmciPjwvc3ZnPg==\" style=\"--smush-placeholder-width: 882px; --smush-placeholder-aspect-ratio: 882\/490;\" \/><\/figure>\n\n\n\n<figure class=\"wp-block-image size-large\"><img decoding=\"async\" width=\"1024\" height=\"576\" data-id=\"24675\" data-src=\"https:\/\/ubanews.com\/site\/wp-content\/uploads\/2026\/04\/Fala-Sodre-O-pai-Tuti-explica-a-relacao-de-Sao-Jorge-com-a-Umbanda-no-dia-de-Sao-Jorge-1024x576.jpg\" alt=\"\" class=\"wp-image-24675 lazyload\" data-srcset=\"https:\/\/ubanews.com\/site\/wp-content\/uploads\/2026\/04\/Fala-Sodre-O-pai-Tuti-explica-a-relacao-de-Sao-Jorge-com-a-Umbanda-no-dia-de-Sao-Jorge-1024x576.jpg 1024w, https:\/\/ubanews.com\/site\/wp-content\/uploads\/2026\/04\/Fala-Sodre-O-pai-Tuti-explica-a-relacao-de-Sao-Jorge-com-a-Umbanda-no-dia-de-Sao-Jorge-300x169.jpg 300w, https:\/\/ubanews.com\/site\/wp-content\/uploads\/2026\/04\/Fala-Sodre-O-pai-Tuti-explica-a-relacao-de-Sao-Jorge-com-a-Umbanda-no-dia-de-Sao-Jorge-768x432.jpg 768w, https:\/\/ubanews.com\/site\/wp-content\/uploads\/2026\/04\/Fala-Sodre-O-pai-Tuti-explica-a-relacao-de-Sao-Jorge-com-a-Umbanda-no-dia-de-Sao-Jorge.jpg 1060w\" data-sizes=\"(max-width: 1024px) 100vw, 1024px\" src=\"data:image\/svg+xml;base64,PHN2ZyB3aWR0aD0iMSIgaGVpZ2h0PSIxIiB4bWxucz0iaHR0cDovL3d3dy53My5vcmcvMjAwMC9zdmciPjwvc3ZnPg==\" style=\"--smush-placeholder-width: 1024px; --smush-placeholder-aspect-ratio: 1024\/576;\" \/><\/figure>\n\n\n\n<figure class=\"wp-block-image size-large\"><img decoding=\"async\" width=\"881\" height=\"492\" data-id=\"24676\" data-src=\"https:\/\/ubanews.com\/site\/wp-content\/uploads\/2026\/04\/Fala-Sodre-o-Pai-Tuti-explica-a-relacao-de-Sao-Jorge-com-a-Umbanda-Apoio-Unimed-Uba.jpg\" alt=\"\" class=\"wp-image-24676 lazyload\" data-srcset=\"https:\/\/ubanews.com\/site\/wp-content\/uploads\/2026\/04\/Fala-Sodre-o-Pai-Tuti-explica-a-relacao-de-Sao-Jorge-com-a-Umbanda-Apoio-Unimed-Uba.jpg 881w, https:\/\/ubanews.com\/site\/wp-content\/uploads\/2026\/04\/Fala-Sodre-o-Pai-Tuti-explica-a-relacao-de-Sao-Jorge-com-a-Umbanda-Apoio-Unimed-Uba-300x168.jpg 300w, https:\/\/ubanews.com\/site\/wp-content\/uploads\/2026\/04\/Fala-Sodre-o-Pai-Tuti-explica-a-relacao-de-Sao-Jorge-com-a-Umbanda-Apoio-Unimed-Uba-768x429.jpg 768w, https:\/\/ubanews.com\/site\/wp-content\/uploads\/2026\/04\/Fala-Sodre-o-Pai-Tuti-explica-a-relacao-de-Sao-Jorge-com-a-Umbanda-Apoio-Unimed-Uba-360x200.jpg 360w\" data-sizes=\"(max-width: 881px) 100vw, 881px\" src=\"data:image\/svg+xml;base64,PHN2ZyB3aWR0aD0iMSIgaGVpZ2h0PSIxIiB4bWxucz0iaHR0cDovL3d3dy53My5vcmcvMjAwMC9zdmciPjwvc3ZnPg==\" style=\"--smush-placeholder-width: 881px; --smush-placeholder-aspect-ratio: 881\/492;\" \/><\/figure>\n<\/figure>\n\n\n\n<h3 class=\"wp-block-heading\">Em primeiro lugar, quem \u00e9 S\u00e3o Jorge para a Umbanda<\/h3>\n\n\n\n<p>Inicialmente, Pai Tuti fez quest\u00e3o de contextualizar. Ele explicou que S\u00e3o Jorge, dentro do catolicismo, simboliza o soldado fiel que venceu o drag\u00e3o, representa\u00e7\u00e3o do mal. J\u00e1 na Umbanda, essa figura dialoga diretamente com o <strong>orix\u00e1 Ogum<\/strong>.<\/p>\n\n\n\n<p>Segundo o entrevistado, esse encontro espiritual nasce do sincretismo religioso brasileiro.<\/p>\n\n\n\n<blockquote class=\"wp-block-quote is-layout-flow wp-block-quote-is-layout-flow\">\n<p>\u201cS\u00e3o Jorge fala sobre um guerreiro. E Ogum tamb\u00e9m fala da guerra, do caminho, da quebra de demandas e da prote\u00e7\u00e3o\u201d, afirmou Pai Tuti.<\/p>\n<\/blockquote>\n\n\n\n<p>Nesse sentido, S\u00e3o Jorge tornou-se uma representa\u00e7\u00e3o acess\u00edvel da f\u00e9 africana em tempos de persegui\u00e7\u00e3o religiosa. Assim, os povos negros mantiveram seus cultos vivos sob a apar\u00eancia do catolicismo imposto.<\/p>\n\n\n\n<h3 class=\"wp-block-heading\">Em seguida, a origem do sincretismo religioso<\/h3>\n\n\n\n<p>Logo depois, Pai Tuti aprofundou o tema. Ele explicou que o sincretismo n\u00e3o surgiu por escolha livre. Ele nasceu da necessidade.<\/p>\n\n\n\n<p>Durante o per\u00edodo colonial, o cristianismo dominava o Brasil. Dessa forma, os africanos escravizados precisaram adaptar sua espiritualidade.<\/p>\n\n\n\n<blockquote class=\"wp-block-quote is-layout-flow wp-block-quote-is-layout-flow\">\n<p>\u201cOs nossos antepassados tiveram que usar a Igreja Cat\u00f3lica para continuar acreditando\u201d, ressaltou.<\/p>\n<\/blockquote>\n\n\n\n<p>Por isso, Ogum passou a ser visto como S\u00e3o Jorge. Da mesma maneira, outros orix\u00e1s receberam equivalentes cat\u00f3licos, como Santa B\u00e1rbara e Santo Ant\u00f4nio. Assim nasceu a Umbanda como uma religi\u00e3o de resist\u00eancia, uni\u00e3o e sobreviv\u00eancia espiritual.<\/p>\n\n\n\n<h3 class=\"wp-block-heading\">Al\u00e9m disso, S\u00e3o Jorge como s\u00edmbolo do cotidiano<\/h3>\n\n\n\n<p>Enquanto isso, o entrevistado destacou um ponto essencial. S\u00e3o Jorge n\u00e3o representa apenas f\u00e9 religiosa. Ele simboliza o cotidiano do trabalhador brasileiro.<\/p>\n\n\n\n<p>De acordo com Pai Tuti, o santo guerreiro acompanha quem luta todos os dias.<\/p>\n\n\n\n<blockquote class=\"wp-block-quote is-layout-flow wp-block-quote-is-layout-flow\">\n<p>\u201cA gente passa por batalhas no trabalho, na vida pessoal e na sa\u00fade. Ent\u00e3o, a figura de um guerreiro ao nosso lado fortalece\u201d, explicou.<\/p>\n<\/blockquote>\n\n\n\n<p>Por esse motivo, a devo\u00e7\u00e3o cresce. Dessa forma, S\u00e3o Jorge se torna cada vez mais popular no Brasil. N\u00e3o apenas nas igrejas. Mas tamb\u00e9m nos terreiros, nas casas e nos cora\u00e7\u00f5es.<\/p>\n\n\n\n<h3 class=\"wp-block-heading\">Ao mesmo tempo, a Umbanda como religi\u00e3o aberta<\/h3>\n\n\n\n<p>Em outro momento da entrevista, Pai Tuti fez um esclarecimento fundamental. A Umbanda n\u00e3o exclui. Pelo contr\u00e1rio. Ela acolhe.<\/p>\n\n\n\n<p>Segundo ele, a Umbanda respeita todas as religi\u00f5es. Al\u00e9m disso, valoriza a liberdade de cren\u00e7a, algo negado no passado.<\/p>\n\n\n\n<blockquote class=\"wp-block-quote is-layout-flow wp-block-quote-is-layout-flow\">\n<p>\u201cHoje, n\u00e3o temos mais uma religi\u00e3o oficial. Precisamos respeitar todas\u201d, afirmou.<\/p>\n<\/blockquote>\n\n\n\n<p>Nesse contexto, ele refor\u00e7ou que a Umbanda re\u00fane espiritualidade africana, crist\u00e3 e ind\u00edgena. Tudo isso de forma harm\u00f4nica e \u00e9tica.<\/p>\n\n\n\n<h3 class=\"wp-block-heading\">Outro ponto importante: preconceito e intoler\u00e2ncia religiosa<\/h3>\n\n\n\n<p>Infelizmente, o preconceito ainda existe. Pai Tuti relatou situa\u00e7\u00f5es de intoler\u00e2ncia vividas por ele e por sua comunidade.<\/p>\n\n\n\n<p>De acordo com seu depoimento, ataques ocorreram durante manifesta\u00e7\u00f5es religiosas p\u00fablicas. Objetos sagrados foram quebrados. Ofensas circularam nas redes sociais.<\/p>\n\n\n\n<blockquote class=\"wp-block-quote is-layout-flow wp-block-quote-is-layout-flow\">\n<p>\u201cIsso \u00e9 muito triste. Mas conseguimos passar por cima e seguir\u201d, declarou.<\/p>\n<\/blockquote>\n\n\n\n<p>Apesar disso, o pai de santo destacou a for\u00e7a da f\u00e9. Segundo ele, o respeito ainda precisa avan\u00e7ar. Por\u00e9m, a informa\u00e7\u00e3o \u00e9 o melhor caminho para combater o \u00f3dio religioso.<\/p>\n\n\n\n<h3 class=\"wp-block-heading\">Tamb\u00e9m merece destaque o papel da mediunidade<\/h3>\n\n\n\n<p>Outro tema abordado foi a mediunidade. Pai Tuti explicou que a Umbanda trabalha com esp\u00edritos que j\u00e1 passaram pela Terra e evoluem espiritualmente.<\/p>\n\n\n\n<p>Esses esp\u00edritos orientam, ajudam e acolhem.<\/p>\n\n\n\n<blockquote class=\"wp-block-quote is-layout-flow wp-block-quote-is-layout-flow\">\n<p>\u201cA mediunidade \u00e9 um dom. A gente aprende a lidar com ela e com o outro\u201d, explicou.<\/p>\n<\/blockquote>\n\n\n\n<p>Al\u00e9m disso, ele destacou que os atendimentos espirituais da casa acontecem de forma organizada, com dias e hor\u00e1rios definidos, sempre abertos \u00e0 comunidade.<\/p>\n\n\n\n<h3 class=\"wp-block-heading\">Por fim, a mensagem de uni\u00e3o e respeito<\/h3>\n\n\n\n<p>Encerrando a entrevista, Pai Tuti deixou uma mensagem clara. O futuro depende do respeito.<\/p>\n\n\n\n<p>Ele defendeu o di\u00e1logo entre religi\u00f5es. Tamb\u00e9m refor\u00e7ou a import\u00e2ncia do amor, da verdade e da conviv\u00eancia pac\u00edfica.<\/p>\n\n\n\n<blockquote class=\"wp-block-quote is-layout-flow wp-block-quote-is-layout-flow\">\n<p>\u201cIndependente de cor, cren\u00e7a ou religi\u00e3o, somos humanos\u201d, afirmou.<\/p>\n<\/blockquote>\n\n\n\n<p>Dessa maneira, o <strong>Fala Sodr\u00e9<\/strong> cumpriu seu papel social. Levou informa\u00e7\u00e3o. Combateu preconceitos. Valorou a diversidade religiosa.<\/p>\n\n\n\n<h3 class=\"wp-block-heading\"><\/h3>\n\n\n\n<p><\/p>\n\n\n\n<figure class=\"wp-block-embed is-type-video is-provider-youtube wp-block-embed-youtube wp-embed-aspect-16-9 wp-has-aspect-ratio\"><div class=\"wp-block-embed__wrapper\">\n<iframe title=\"Fala Sodr\u00e9: o Pai Tuti explica a rela\u00e7\u00e3o de S\u00e3o Jorge com a Umbanda - 23\/04\/2026\" width=\"840\" height=\"473\" data-src=\"https:\/\/www.youtube.com\/embed\/PyHtyjlUds4?feature=oembed\" frameborder=\"0\" allow=\"accelerometer; autoplay; clipboard-write; encrypted-media; gyroscope; picture-in-picture; web-share\" referrerpolicy=\"strict-origin-when-cross-origin\" allowfullscreen src=\"data:image\/svg+xml;base64,PHN2ZyB3aWR0aD0iMSIgaGVpZ2h0PSIxIiB4bWxucz0iaHR0cDovL3d3dy53My5vcmcvMjAwMC9zdmciPjwvc3ZnPg==\" class=\"lazyload\" data-load-mode=\"1\"><\/iframe>\n<\/div><\/figure>\n\n\n\n<h3 class=\"wp-block-heading\">Cr\u00e9ditos do conte\u00fado<\/h3>\n\n\n\n<p>&#x1f4da; <strong>Cobertura:<\/strong> Carlos Roberto Sodr\u00e9 <a href=\"https:\/\/wa.me\/553298481334\">WhatsApp<\/a><\/p>\n\n\n\n<p>&#x1f4f8; <strong>Imagens:<\/strong> Laisa Sodr\u00e9 \/ Felipe Oliveira<\/p>\n\n\n\n<p>&#x1f4dd; <strong>Conte\u00fado: <\/strong><a href=\"https:\/\/www.linkedin.com\/in\/pedrohgf\/\">Pedro Henriques<\/a> \u2013 <a href=\"https:\/\/indicca.com.br\/blog\/\">INDICCA.COM<\/a>&nbsp; <a href=\"https:\/\/wa.me\/5532988020057\">WhatsApp<\/a><\/p>\n\n\n\n<p>&#x1f393; <strong>Evento:<\/strong> S\u00e3o Jorge e a Umbanda: Pai Tuti explica a for\u00e7a do sincretismo e da f\u00e9 no Fala Sodr\u00e9<\/p>\n\n\n\n<h3 class=\"wp-block-heading\">Hashtags <\/h3>\n\n\n\n<p>#S\u00e3oJorge<br>#Umbanda<br>#Ogum<br>#F\u00e9<br>#Religi\u00e3o<br>#SincretismoReligioso<br>#RespeitoReligioso<br>#LiberdadeDeCren\u00e7a<br>#CulturaBrasileira<br>#FalaSodr\u00e9<br>#Ub\u00e1<br>#Espiritualidade<br>#INDICCA<\/p>\n","protected":false},"excerpt":{"rendered":"<p>No Fala Sodr\u00e9, Pai Tuti explica a rela\u00e7\u00e3o entre S\u00e3o Jorge e a Umbanda, destacando o sincretismo religioso com o orix\u00e1 Ogum. A entrevista aborda f\u00e9, resist\u00eancia, respeito religioso e a import\u00e2ncia da liberdade de cren\u00e7a, al\u00e9m de combater preconceitos e promover di\u00e1logo entre religi\u00f5es no Brasil.<\/p>\n","protected":false},"author":4,"featured_media":24675,"comment_status":"open","ping_status":"open","sticky":false,"template":"","format":"standard","meta":{"footnotes":""},"categories":[45,1,3],"tags":[791,792,59,786,394,790,785,788,789,783,787,109,784],"class_list":["post-24669","post","type-post","status-publish","format-standard","has-post-thumbnail","hentry","category-destaque-principal","category-sem-categoria","category-slide","tag-cultura-brasileira","tag-espiritualidade","tag-fala-sodre","tag-fe","tag-indicca","tag-liberdade-de-crenca","tag-ogum","tag-religiao","tag-respeito-religioso","tag-sao-jorge","tag-sincretismo-religioso","tag-uba","tag-umbanda"],"yoast_head":"<!-- This site is optimized with the Yoast SEO plugin v27.2 - https:\/\/yoast.com\/product\/yoast-seo-wordpress\/ -->\n<title>S\u00e3o Jorge e a Umbanda - Ub\u00e1 News<\/title>\n<meta name=\"description\" content=\"S\u00e3o Jorge e a Umbanda: Pai Tuti explica a for\u00e7a do sincretismo e da f\u00e9 no Fala Sodr\u00e9\" \/>\n<meta name=\"robots\" content=\"index, follow, max-snippet:-1, max-image-preview:large, max-video-preview:-1\" \/>\n<link rel=\"canonical\" href=\"https:\/\/ubanews.com\/site\/2026\/04\/24\/sao-jorge-e-a-umbanda\/\" \/>\n<meta property=\"og:locale\" content=\"pt_BR\" \/>\n<meta property=\"og:type\" content=\"article\" \/>\n<meta property=\"og:title\" content=\"S\u00e3o Jorge e a Umbanda - Ub\u00e1 News\" \/>\n<meta property=\"og:description\" content=\"S\u00e3o Jorge e a Umbanda: Pai Tuti explica a for\u00e7a do sincretismo e da f\u00e9 no Fala Sodr\u00e9\" \/>\n<meta property=\"og:url\" content=\"https:\/\/ubanews.com\/site\/2026\/04\/24\/sao-jorge-e-a-umbanda\/\" \/>\n<meta property=\"og:site_name\" content=\"Ub\u00e1 News\" \/>\n<meta property=\"article:publisher\" content=\"https:\/\/www.facebook.com\/Ub%c3%a1News-Carlos-Roberto-Sodr%c3%a9-418778301977370\" \/>\n<meta property=\"article:published_time\" content=\"2026-04-24T13:22:09+00:00\" \/>\n<meta property=\"article:modified_time\" content=\"2026-04-24T13:22:21+00:00\" \/>\n<meta property=\"og:image\" content=\"https:\/\/ubanews.com\/site\/wp-content\/uploads\/2026\/04\/Fala-Sodre-O-pai-Tuti-explica-a-relacao-de-Sao-Jorge-com-a-Umbanda-no-dia-de-Sao-Jorge.jpg\" \/>\n\t<meta property=\"og:image:width\" content=\"1060\" \/>\n\t<meta property=\"og:image:height\" content=\"596\" \/>\n\t<meta property=\"og:image:type\" content=\"image\/jpeg\" \/>\n<meta name=\"author\" content=\"Carlos Roberto Sodr\u00e9\" \/>\n<meta name=\"twitter:card\" content=\"summary_large_image\" \/>\n<meta name=\"twitter:label1\" content=\"Escrito por\" \/>\n\t<meta name=\"twitter:data1\" content=\"Carlos Roberto Sodr\u00e9\" \/>\n\t<meta name=\"twitter:label2\" content=\"Est. tempo de leitura\" \/>\n\t<meta name=\"twitter:data2\" content=\"6 minutos\" \/>\n<script type=\"application\/ld+json\" class=\"yoast-schema-graph\">{\"@context\":\"https:\/\/schema.org\",\"@graph\":[{\"@type\":\"Article\",\"@id\":\"https:\/\/ubanews.com\/site\/2026\/04\/24\/sao-jorge-e-a-umbanda\/#article\",\"isPartOf\":{\"@id\":\"https:\/\/ubanews.com\/site\/2026\/04\/24\/sao-jorge-e-a-umbanda\/\"},\"author\":{\"name\":\"Carlos Roberto Sodr\u00e9\",\"@id\":\"https:\/\/ubanews.com\/site\/#\/schema\/person\/9d8da9ec3c8d00640ab6e8c81e103310\"},\"headline\":\"S\u00e3o Jorge e a Umbanda\",\"datePublished\":\"2026-04-24T13:22:09+00:00\",\"dateModified\":\"2026-04-24T13:22:21+00:00\",\"mainEntityOfPage\":{\"@id\":\"https:\/\/ubanews.com\/site\/2026\/04\/24\/sao-jorge-e-a-umbanda\/\"},\"wordCount\":914,\"commentCount\":0,\"publisher\":{\"@id\":\"https:\/\/ubanews.com\/site\/#organization\"},\"image\":{\"@id\":\"https:\/\/ubanews.com\/site\/2026\/04\/24\/sao-jorge-e-a-umbanda\/#primaryimage\"},\"thumbnailUrl\":\"https:\/\/ubanews.com\/site\/wp-content\/uploads\/2026\/04\/Fala-Sodre-O-pai-Tuti-explica-a-relacao-de-Sao-Jorge-com-a-Umbanda-no-dia-de-Sao-Jorge.jpg\",\"keywords\":[\"Cultura Brasileira\",\"Espiritualidade\",\"Fala Sodr\u00e9\",\"F\u00e9\",\"Indicca\",\"Liberdade de Cren\u00e7a\",\"Ogum\",\"Religi\u00e3o\",\"Respeito Religioso\",\"S\u00e3o Jorge\",\"Sincretismo Religioso\",\"Ub\u00e1\",\"Umbanda\"],\"articleSection\":[\"DESTAQUE PRINCIPAL\",\"Geral\",\"Slide\"],\"inLanguage\":\"pt-BR\",\"potentialAction\":[{\"@type\":\"CommentAction\",\"name\":\"Comment\",\"target\":[\"https:\/\/ubanews.com\/site\/2026\/04\/24\/sao-jorge-e-a-umbanda\/#respond\"]}]},{\"@type\":\"WebPage\",\"@id\":\"https:\/\/ubanews.com\/site\/2026\/04\/24\/sao-jorge-e-a-umbanda\/\",\"url\":\"https:\/\/ubanews.com\/site\/2026\/04\/24\/sao-jorge-e-a-umbanda\/\",\"name\":\"S\u00e3o Jorge e a Umbanda - Ub\u00e1 News\",\"isPartOf\":{\"@id\":\"https:\/\/ubanews.com\/site\/#website\"},\"primaryImageOfPage\":{\"@id\":\"https:\/\/ubanews.com\/site\/2026\/04\/24\/sao-jorge-e-a-umbanda\/#primaryimage\"},\"image\":{\"@id\":\"https:\/\/ubanews.com\/site\/2026\/04\/24\/sao-jorge-e-a-umbanda\/#primaryimage\"},\"thumbnailUrl\":\"https:\/\/ubanews.com\/site\/wp-content\/uploads\/2026\/04\/Fala-Sodre-O-pai-Tuti-explica-a-relacao-de-Sao-Jorge-com-a-Umbanda-no-dia-de-Sao-Jorge.jpg\",\"datePublished\":\"2026-04-24T13:22:09+00:00\",\"dateModified\":\"2026-04-24T13:22:21+00:00\",\"description\":\"S\u00e3o Jorge e a Umbanda: Pai Tuti explica a for\u00e7a do sincretismo e da f\u00e9 no Fala Sodr\u00e9\",\"breadcrumb\":{\"@id\":\"https:\/\/ubanews.com\/site\/2026\/04\/24\/sao-jorge-e-a-umbanda\/#breadcrumb\"},\"inLanguage\":\"pt-BR\",\"potentialAction\":[{\"@type\":\"ReadAction\",\"target\":[\"https:\/\/ubanews.com\/site\/2026\/04\/24\/sao-jorge-e-a-umbanda\/\"]}]},{\"@type\":\"ImageObject\",\"inLanguage\":\"pt-BR\",\"@id\":\"https:\/\/ubanews.com\/site\/2026\/04\/24\/sao-jorge-e-a-umbanda\/#primaryimage\",\"url\":\"https:\/\/ubanews.com\/site\/wp-content\/uploads\/2026\/04\/Fala-Sodre-O-pai-Tuti-explica-a-relacao-de-Sao-Jorge-com-a-Umbanda-no-dia-de-Sao-Jorge.jpg\",\"contentUrl\":\"https:\/\/ubanews.com\/site\/wp-content\/uploads\/2026\/04\/Fala-Sodre-O-pai-Tuti-explica-a-relacao-de-Sao-Jorge-com-a-Umbanda-no-dia-de-Sao-Jorge.jpg\",\"width\":1060,\"height\":596},{\"@type\":\"BreadcrumbList\",\"@id\":\"https:\/\/ubanews.com\/site\/2026\/04\/24\/sao-jorge-e-a-umbanda\/#breadcrumb\",\"itemListElement\":[{\"@type\":\"ListItem\",\"position\":1,\"name\":\"Home\",\"item\":\"https:\/\/ubanews.com\/site\/\"},{\"@type\":\"ListItem\",\"position\":2,\"name\":\"S\u00e3o Jorge e a Umbanda\"}]},{\"@type\":\"WebSite\",\"@id\":\"https:\/\/ubanews.com\/site\/#website\",\"url\":\"https:\/\/ubanews.com\/site\/\",\"name\":\"Ub\u00e1 News\",\"description\":\"\",\"publisher\":{\"@id\":\"https:\/\/ubanews.com\/site\/#organization\"},\"potentialAction\":[{\"@type\":\"SearchAction\",\"target\":{\"@type\":\"EntryPoint\",\"urlTemplate\":\"https:\/\/ubanews.com\/site\/?s={search_term_string}\"},\"query-input\":{\"@type\":\"PropertyValueSpecification\",\"valueRequired\":true,\"valueName\":\"search_term_string\"}}],\"inLanguage\":\"pt-BR\"},{\"@type\":\"Organization\",\"@id\":\"https:\/\/ubanews.com\/site\/#organization\",\"name\":\"Ub\u00e1 News\",\"url\":\"https:\/\/ubanews.com\/site\/\",\"logo\":{\"@type\":\"ImageObject\",\"inLanguage\":\"pt-BR\",\"@id\":\"https:\/\/ubanews.com\/site\/#\/schema\/logo\/image\/\",\"url\":\"https:\/\/ubanews.com\/site\/wp-content\/uploads\/2018\/01\/logoubanews.png\",\"contentUrl\":\"https:\/\/ubanews.com\/site\/wp-content\/uploads\/2018\/01\/logoubanews.png\",\"width\":261,\"height\":99,\"caption\":\"Ub\u00e1 News\"},\"image\":{\"@id\":\"https:\/\/ubanews.com\/site\/#\/schema\/logo\/image\/\"},\"sameAs\":[\"https:\/\/www.facebook.com\/Ub\u00e1News-Carlos-Roberto-Sodr\u00e9-418778301977370\"]},{\"@type\":\"Person\",\"@id\":\"https:\/\/ubanews.com\/site\/#\/schema\/person\/9d8da9ec3c8d00640ab6e8c81e103310\",\"name\":\"Carlos Roberto Sodr\u00e9\",\"image\":{\"@type\":\"ImageObject\",\"inLanguage\":\"pt-BR\",\"@id\":\"https:\/\/secure.gravatar.com\/avatar\/aab322e8555b56c468614fafdab8a8f924e394cdc6cfd8232f77e9e4d123a133?s=96&d=mm&r=g\",\"url\":\"https:\/\/secure.gravatar.com\/avatar\/aab322e8555b56c468614fafdab8a8f924e394cdc6cfd8232f77e9e4d123a133?s=96&d=mm&r=g\",\"contentUrl\":\"https:\/\/secure.gravatar.com\/avatar\/aab322e8555b56c468614fafdab8a8f924e394cdc6cfd8232f77e9e4d123a133?s=96&d=mm&r=g\",\"caption\":\"Carlos Roberto Sodr\u00e9\"},\"url\":\"https:\/\/ubanews.com\/site\/author\/sodre\/\"}]}<\/script>\n<!-- \/ Yoast SEO plugin. -->","yoast_head_json":{"title":"S\u00e3o Jorge e a Umbanda - Ub\u00e1 News","description":"S\u00e3o Jorge e a Umbanda: Pai Tuti explica a for\u00e7a do sincretismo e da f\u00e9 no Fala Sodr\u00e9","robots":{"index":"index","follow":"follow","max-snippet":"max-snippet:-1","max-image-preview":"max-image-preview:large","max-video-preview":"max-video-preview:-1"},"canonical":"https:\/\/ubanews.com\/site\/2026\/04\/24\/sao-jorge-e-a-umbanda\/","og_locale":"pt_BR","og_type":"article","og_title":"S\u00e3o Jorge e a Umbanda - Ub\u00e1 News","og_description":"S\u00e3o Jorge e a Umbanda: Pai Tuti explica a for\u00e7a do sincretismo e da f\u00e9 no Fala Sodr\u00e9","og_url":"https:\/\/ubanews.com\/site\/2026\/04\/24\/sao-jorge-e-a-umbanda\/","og_site_name":"Ub\u00e1 News","article_publisher":"https:\/\/www.facebook.com\/Ub%c3%a1News-Carlos-Roberto-Sodr%c3%a9-418778301977370","article_published_time":"2026-04-24T13:22:09+00:00","article_modified_time":"2026-04-24T13:22:21+00:00","og_image":[{"width":1060,"height":596,"url":"https:\/\/ubanews.com\/site\/wp-content\/uploads\/2026\/04\/Fala-Sodre-O-pai-Tuti-explica-a-relacao-de-Sao-Jorge-com-a-Umbanda-no-dia-de-Sao-Jorge.jpg","type":"image\/jpeg"}],"author":"Carlos Roberto Sodr\u00e9","twitter_card":"summary_large_image","twitter_misc":{"Escrito por":"Carlos Roberto Sodr\u00e9","Est. tempo de leitura":"6 minutos"},"schema":{"@context":"https:\/\/schema.org","@graph":[{"@type":"Article","@id":"https:\/\/ubanews.com\/site\/2026\/04\/24\/sao-jorge-e-a-umbanda\/#article","isPartOf":{"@id":"https:\/\/ubanews.com\/site\/2026\/04\/24\/sao-jorge-e-a-umbanda\/"},"author":{"name":"Carlos Roberto Sodr\u00e9","@id":"https:\/\/ubanews.com\/site\/#\/schema\/person\/9d8da9ec3c8d00640ab6e8c81e103310"},"headline":"S\u00e3o Jorge e a Umbanda","datePublished":"2026-04-24T13:22:09+00:00","dateModified":"2026-04-24T13:22:21+00:00","mainEntityOfPage":{"@id":"https:\/\/ubanews.com\/site\/2026\/04\/24\/sao-jorge-e-a-umbanda\/"},"wordCount":914,"commentCount":0,"publisher":{"@id":"https:\/\/ubanews.com\/site\/#organization"},"image":{"@id":"https:\/\/ubanews.com\/site\/2026\/04\/24\/sao-jorge-e-a-umbanda\/#primaryimage"},"thumbnailUrl":"https:\/\/ubanews.com\/site\/wp-content\/uploads\/2026\/04\/Fala-Sodre-O-pai-Tuti-explica-a-relacao-de-Sao-Jorge-com-a-Umbanda-no-dia-de-Sao-Jorge.jpg","keywords":["Cultura Brasileira","Espiritualidade","Fala Sodr\u00e9","F\u00e9","Indicca","Liberdade de Cren\u00e7a","Ogum","Religi\u00e3o","Respeito Religioso","S\u00e3o Jorge","Sincretismo Religioso","Ub\u00e1","Umbanda"],"articleSection":["DESTAQUE PRINCIPAL","Geral","Slide"],"inLanguage":"pt-BR","potentialAction":[{"@type":"CommentAction","name":"Comment","target":["https:\/\/ubanews.com\/site\/2026\/04\/24\/sao-jorge-e-a-umbanda\/#respond"]}]},{"@type":"WebPage","@id":"https:\/\/ubanews.com\/site\/2026\/04\/24\/sao-jorge-e-a-umbanda\/","url":"https:\/\/ubanews.com\/site\/2026\/04\/24\/sao-jorge-e-a-umbanda\/","name":"S\u00e3o Jorge e a Umbanda - Ub\u00e1 News","isPartOf":{"@id":"https:\/\/ubanews.com\/site\/#website"},"primaryImageOfPage":{"@id":"https:\/\/ubanews.com\/site\/2026\/04\/24\/sao-jorge-e-a-umbanda\/#primaryimage"},"image":{"@id":"https:\/\/ubanews.com\/site\/2026\/04\/24\/sao-jorge-e-a-umbanda\/#primaryimage"},"thumbnailUrl":"https:\/\/ubanews.com\/site\/wp-content\/uploads\/2026\/04\/Fala-Sodre-O-pai-Tuti-explica-a-relacao-de-Sao-Jorge-com-a-Umbanda-no-dia-de-Sao-Jorge.jpg","datePublished":"2026-04-24T13:22:09+00:00","dateModified":"2026-04-24T13:22:21+00:00","description":"S\u00e3o Jorge e a Umbanda: Pai Tuti explica a for\u00e7a do sincretismo e da f\u00e9 no Fala Sodr\u00e9","breadcrumb":{"@id":"https:\/\/ubanews.com\/site\/2026\/04\/24\/sao-jorge-e-a-umbanda\/#breadcrumb"},"inLanguage":"pt-BR","potentialAction":[{"@type":"ReadAction","target":["https:\/\/ubanews.com\/site\/2026\/04\/24\/sao-jorge-e-a-umbanda\/"]}]},{"@type":"ImageObject","inLanguage":"pt-BR","@id":"https:\/\/ubanews.com\/site\/2026\/04\/24\/sao-jorge-e-a-umbanda\/#primaryimage","url":"https:\/\/ubanews.com\/site\/wp-content\/uploads\/2026\/04\/Fala-Sodre-O-pai-Tuti-explica-a-relacao-de-Sao-Jorge-com-a-Umbanda-no-dia-de-Sao-Jorge.jpg","contentUrl":"https:\/\/ubanews.com\/site\/wp-content\/uploads\/2026\/04\/Fala-Sodre-O-pai-Tuti-explica-a-relacao-de-Sao-Jorge-com-a-Umbanda-no-dia-de-Sao-Jorge.jpg","width":1060,"height":596},{"@type":"BreadcrumbList","@id":"https:\/\/ubanews.com\/site\/2026\/04\/24\/sao-jorge-e-a-umbanda\/#breadcrumb","itemListElement":[{"@type":"ListItem","position":1,"name":"Home","item":"https:\/\/ubanews.com\/site\/"},{"@type":"ListItem","position":2,"name":"S\u00e3o Jorge e a Umbanda"}]},{"@type":"WebSite","@id":"https:\/\/ubanews.com\/site\/#website","url":"https:\/\/ubanews.com\/site\/","name":"Ub\u00e1 News","description":"","publisher":{"@id":"https:\/\/ubanews.com\/site\/#organization"},"potentialAction":[{"@type":"SearchAction","target":{"@type":"EntryPoint","urlTemplate":"https:\/\/ubanews.com\/site\/?s={search_term_string}"},"query-input":{"@type":"PropertyValueSpecification","valueRequired":true,"valueName":"search_term_string"}}],"inLanguage":"pt-BR"},{"@type":"Organization","@id":"https:\/\/ubanews.com\/site\/#organization","name":"Ub\u00e1 News","url":"https:\/\/ubanews.com\/site\/","logo":{"@type":"ImageObject","inLanguage":"pt-BR","@id":"https:\/\/ubanews.com\/site\/#\/schema\/logo\/image\/","url":"https:\/\/ubanews.com\/site\/wp-content\/uploads\/2018\/01\/logoubanews.png","contentUrl":"https:\/\/ubanews.com\/site\/wp-content\/uploads\/2018\/01\/logoubanews.png","width":261,"height":99,"caption":"Ub\u00e1 News"},"image":{"@id":"https:\/\/ubanews.com\/site\/#\/schema\/logo\/image\/"},"sameAs":["https:\/\/www.facebook.com\/Ub\u00e1News-Carlos-Roberto-Sodr\u00e9-418778301977370"]},{"@type":"Person","@id":"https:\/\/ubanews.com\/site\/#\/schema\/person\/9d8da9ec3c8d00640ab6e8c81e103310","name":"Carlos Roberto Sodr\u00e9","image":{"@type":"ImageObject","inLanguage":"pt-BR","@id":"https:\/\/secure.gravatar.com\/avatar\/aab322e8555b56c468614fafdab8a8f924e394cdc6cfd8232f77e9e4d123a133?s=96&d=mm&r=g","url":"https:\/\/secure.gravatar.com\/avatar\/aab322e8555b56c468614fafdab8a8f924e394cdc6cfd8232f77e9e4d123a133?s=96&d=mm&r=g","contentUrl":"https:\/\/secure.gravatar.com\/avatar\/aab322e8555b56c468614fafdab8a8f924e394cdc6cfd8232f77e9e4d123a133?s=96&d=mm&r=g","caption":"Carlos Roberto Sodr\u00e9"},"url":"https:\/\/ubanews.com\/site\/author\/sodre\/"}]}},"_links":{"self":[{"href":"https:\/\/ubanews.com\/site\/wp-json\/wp\/v2\/posts\/24669","targetHints":{"allow":["GET"]}}],"collection":[{"href":"https:\/\/ubanews.com\/site\/wp-json\/wp\/v2\/posts"}],"about":[{"href":"https:\/\/ubanews.com\/site\/wp-json\/wp\/v2\/types\/post"}],"author":[{"embeddable":true,"href":"https:\/\/ubanews.com\/site\/wp-json\/wp\/v2\/users\/4"}],"replies":[{"embeddable":true,"href":"https:\/\/ubanews.com\/site\/wp-json\/wp\/v2\/comments?post=24669"}],"version-history":[{"count":0,"href":"https:\/\/ubanews.com\/site\/wp-json\/wp\/v2\/posts\/24669\/revisions"}],"wp:featuredmedia":[{"embeddable":true,"href":"https:\/\/ubanews.com\/site\/wp-json\/wp\/v2\/media\/24675"}],"wp:attachment":[{"href":"https:\/\/ubanews.com\/site\/wp-json\/wp\/v2\/media?parent=24669"}],"wp:term":[{"taxonomy":"category","embeddable":true,"href":"https:\/\/ubanews.com\/site\/wp-json\/wp\/v2\/categories?post=24669"},{"taxonomy":"post_tag","embeddable":true,"href":"https:\/\/ubanews.com\/site\/wp-json\/wp\/v2\/tags?post=24669"}],"curies":[{"name":"wp","href":"https:\/\/api.w.org\/{rel}","templated":true}]}}