{"id":2466,"date":"2018-04-23T12:40:54","date_gmt":"2018-04-23T15:40:54","guid":{"rendered":"http:\/\/ubanews.com\/site\/?p=2466"},"modified":"2018-04-27T21:35:07","modified_gmt":"2018-04-28T00:35:07","slug":"2466","status":"publish","type":"post","link":"https:\/\/ubanews.com\/site\/2018\/04\/23\/2466\/","title":{"rendered":"Acidente envolve quatro ve\u00edculos na MG-447"},"content":{"rendered":"<p><img decoding=\"async\" class=\"alignnone size-full wp-image-2467 lazyload\" data-src=\"https:\/\/ubanews.com\/site\/wp-content\/uploads\/2018\/04\/DSC_2808-c\u00f3pia.jpg\" alt=\"\" width=\"4724\" height=\"2954\" data-srcset=\"https:\/\/ubanews.com\/site\/wp-content\/uploads\/2018\/04\/DSC_2808-c\u00f3pia.jpg 4724w, https:\/\/ubanews.com\/site\/wp-content\/uploads\/2018\/04\/DSC_2808-c\u00f3pia-300x188.jpg 300w, https:\/\/ubanews.com\/site\/wp-content\/uploads\/2018\/04\/DSC_2808-c\u00f3pia-768x480.jpg 768w, https:\/\/ubanews.com\/site\/wp-content\/uploads\/2018\/04\/DSC_2808-c\u00f3pia-1024x640.jpg 1024w\" data-sizes=\"(max-width: 4724px) 100vw, 4724px\" src=\"data:image\/svg+xml;base64,PHN2ZyB3aWR0aD0iMSIgaGVpZ2h0PSIxIiB4bWxucz0iaHR0cDovL3d3dy53My5vcmcvMjAwMC9zdmciPjwvc3ZnPg==\" style=\"--smush-placeholder-width: 4724px; --smush-placeholder-aspect-ratio: 4724\/2954;\" \/> <img decoding=\"async\" class=\"alignnone size-full wp-image-2468 lazyload\" data-src=\"https:\/\/ubanews.com\/site\/wp-content\/uploads\/2018\/04\/DSC_2810-c\u00f3pia.jpg\" alt=\"\" width=\"4724\" height=\"2954\" data-srcset=\"https:\/\/ubanews.com\/site\/wp-content\/uploads\/2018\/04\/DSC_2810-c\u00f3pia.jpg 4724w, https:\/\/ubanews.com\/site\/wp-content\/uploads\/2018\/04\/DSC_2810-c\u00f3pia-300x188.jpg 300w, https:\/\/ubanews.com\/site\/wp-content\/uploads\/2018\/04\/DSC_2810-c\u00f3pia-768x480.jpg 768w, https:\/\/ubanews.com\/site\/wp-content\/uploads\/2018\/04\/DSC_2810-c\u00f3pia-1024x640.jpg 1024w\" data-sizes=\"(max-width: 4724px) 100vw, 4724px\" src=\"data:image\/svg+xml;base64,PHN2ZyB3aWR0aD0iMSIgaGVpZ2h0PSIxIiB4bWxucz0iaHR0cDovL3d3dy53My5vcmcvMjAwMC9zdmciPjwvc3ZnPg==\" style=\"--smush-placeholder-width: 4724px; --smush-placeholder-aspect-ratio: 4724\/2954;\" \/> <img decoding=\"async\" class=\"alignnone size-full wp-image-2469 lazyload\" data-src=\"https:\/\/ubanews.com\/site\/wp-content\/uploads\/2018\/04\/DSC_2814-c\u00f3pia.jpg\" alt=\"\" width=\"4724\" height=\"2954\" data-srcset=\"https:\/\/ubanews.com\/site\/wp-content\/uploads\/2018\/04\/DSC_2814-c\u00f3pia.jpg 4724w, https:\/\/ubanews.com\/site\/wp-content\/uploads\/2018\/04\/DSC_2814-c\u00f3pia-300x188.jpg 300w, https:\/\/ubanews.com\/site\/wp-content\/uploads\/2018\/04\/DSC_2814-c\u00f3pia-768x480.jpg 768w, https:\/\/ubanews.com\/site\/wp-content\/uploads\/2018\/04\/DSC_2814-c\u00f3pia-1024x640.jpg 1024w\" data-sizes=\"(max-width: 4724px) 100vw, 4724px\" src=\"data:image\/svg+xml;base64,PHN2ZyB3aWR0aD0iMSIgaGVpZ2h0PSIxIiB4bWxucz0iaHR0cDovL3d3dy53My5vcmcvMjAwMC9zdmciPjwvc3ZnPg==\" style=\"--smush-placeholder-width: 4724px; --smush-placeholder-aspect-ratio: 4724\/2954;\" \/> <img decoding=\"async\" class=\"alignnone size-full wp-image-2470 lazyload\" data-src=\"https:\/\/ubanews.com\/site\/wp-content\/uploads\/2018\/04\/DSC_2817-c\u00f3pia.jpg\" alt=\"\" width=\"4724\" height=\"2954\" data-srcset=\"https:\/\/ubanews.com\/site\/wp-content\/uploads\/2018\/04\/DSC_2817-c\u00f3pia.jpg 4724w, https:\/\/ubanews.com\/site\/wp-content\/uploads\/2018\/04\/DSC_2817-c\u00f3pia-300x188.jpg 300w, https:\/\/ubanews.com\/site\/wp-content\/uploads\/2018\/04\/DSC_2817-c\u00f3pia-768x480.jpg 768w, https:\/\/ubanews.com\/site\/wp-content\/uploads\/2018\/04\/DSC_2817-c\u00f3pia-1024x640.jpg 1024w\" data-sizes=\"(max-width: 4724px) 100vw, 4724px\" src=\"data:image\/svg+xml;base64,PHN2ZyB3aWR0aD0iMSIgaGVpZ2h0PSIxIiB4bWxucz0iaHR0cDovL3d3dy53My5vcmcvMjAwMC9zdmciPjwvc3ZnPg==\" style=\"--smush-placeholder-width: 4724px; --smush-placeholder-aspect-ratio: 4724\/2954;\" \/> <img decoding=\"async\" class=\"alignnone size-full wp-image-2471 lazyload\" data-src=\"https:\/\/ubanews.com\/site\/wp-content\/uploads\/2018\/04\/DSC_2819-c\u00f3pia.jpg\" alt=\"\" width=\"4724\" height=\"2954\" data-srcset=\"https:\/\/ubanews.com\/site\/wp-content\/uploads\/2018\/04\/DSC_2819-c\u00f3pia.jpg 4724w, https:\/\/ubanews.com\/site\/wp-content\/uploads\/2018\/04\/DSC_2819-c\u00f3pia-300x188.jpg 300w, https:\/\/ubanews.com\/site\/wp-content\/uploads\/2018\/04\/DSC_2819-c\u00f3pia-768x480.jpg 768w, https:\/\/ubanews.com\/site\/wp-content\/uploads\/2018\/04\/DSC_2819-c\u00f3pia-1024x640.jpg 1024w\" data-sizes=\"(max-width: 4724px) 100vw, 4724px\" src=\"data:image\/svg+xml;base64,PHN2ZyB3aWR0aD0iMSIgaGVpZ2h0PSIxIiB4bWxucz0iaHR0cDovL3d3dy53My5vcmcvMjAwMC9zdmciPjwvc3ZnPg==\" style=\"--smush-placeholder-width: 4724px; --smush-placeholder-aspect-ratio: 4724\/2954;\" \/> <img decoding=\"async\" class=\"alignnone size-full wp-image-2472 lazyload\" data-src=\"https:\/\/ubanews.com\/site\/wp-content\/uploads\/2018\/04\/DSC_2821-c\u00f3pia.jpg\" alt=\"\" width=\"4724\" height=\"2954\" data-srcset=\"https:\/\/ubanews.com\/site\/wp-content\/uploads\/2018\/04\/DSC_2821-c\u00f3pia.jpg 4724w, https:\/\/ubanews.com\/site\/wp-content\/uploads\/2018\/04\/DSC_2821-c\u00f3pia-300x188.jpg 300w, https:\/\/ubanews.com\/site\/wp-content\/uploads\/2018\/04\/DSC_2821-c\u00f3pia-768x480.jpg 768w, https:\/\/ubanews.com\/site\/wp-content\/uploads\/2018\/04\/DSC_2821-c\u00f3pia-1024x640.jpg 1024w\" data-sizes=\"(max-width: 4724px) 100vw, 4724px\" src=\"data:image\/svg+xml;base64,PHN2ZyB3aWR0aD0iMSIgaGVpZ2h0PSIxIiB4bWxucz0iaHR0cDovL3d3dy53My5vcmcvMjAwMC9zdmciPjwvc3ZnPg==\" style=\"--smush-placeholder-width: 4724px; --smush-placeholder-aspect-ratio: 4724\/2954;\" \/> <img decoding=\"async\" class=\"alignnone size-full wp-image-2473 lazyload\" data-src=\"https:\/\/ubanews.com\/site\/wp-content\/uploads\/2018\/04\/DSC_2826-c\u00f3pia.jpg\" alt=\"\" width=\"4724\" height=\"2954\" data-srcset=\"https:\/\/ubanews.com\/site\/wp-content\/uploads\/2018\/04\/DSC_2826-c\u00f3pia.jpg 4724w, https:\/\/ubanews.com\/site\/wp-content\/uploads\/2018\/04\/DSC_2826-c\u00f3pia-300x188.jpg 300w, https:\/\/ubanews.com\/site\/wp-content\/uploads\/2018\/04\/DSC_2826-c\u00f3pia-768x480.jpg 768w, https:\/\/ubanews.com\/site\/wp-content\/uploads\/2018\/04\/DSC_2826-c\u00f3pia-1024x640.jpg 1024w\" data-sizes=\"(max-width: 4724px) 100vw, 4724px\" src=\"data:image\/svg+xml;base64,PHN2ZyB3aWR0aD0iMSIgaGVpZ2h0PSIxIiB4bWxucz0iaHR0cDovL3d3dy53My5vcmcvMjAwMC9zdmciPjwvc3ZnPg==\" style=\"--smush-placeholder-width: 4724px; --smush-placeholder-aspect-ratio: 4724\/2954;\" \/> <img decoding=\"async\" class=\"alignnone size-full wp-image-2474 lazyload\" data-src=\"https:\/\/ubanews.com\/site\/wp-content\/uploads\/2018\/04\/DSC_2827-c\u00f3pia.jpg\" alt=\"\" width=\"4724\" height=\"2954\" data-srcset=\"https:\/\/ubanews.com\/site\/wp-content\/uploads\/2018\/04\/DSC_2827-c\u00f3pia.jpg 4724w, https:\/\/ubanews.com\/site\/wp-content\/uploads\/2018\/04\/DSC_2827-c\u00f3pia-300x188.jpg 300w, https:\/\/ubanews.com\/site\/wp-content\/uploads\/2018\/04\/DSC_2827-c\u00f3pia-768x480.jpg 768w, https:\/\/ubanews.com\/site\/wp-content\/uploads\/2018\/04\/DSC_2827-c\u00f3pia-1024x640.jpg 1024w\" data-sizes=\"(max-width: 4724px) 100vw, 4724px\" src=\"data:image\/svg+xml;base64,PHN2ZyB3aWR0aD0iMSIgaGVpZ2h0PSIxIiB4bWxucz0iaHR0cDovL3d3dy53My5vcmcvMjAwMC9zdmciPjwvc3ZnPg==\" style=\"--smush-placeholder-width: 4724px; --smush-placeholder-aspect-ratio: 4724\/2954;\" \/> <img decoding=\"async\" class=\"alignnone size-full wp-image-2475 lazyload\" data-src=\"https:\/\/ubanews.com\/site\/wp-content\/uploads\/2018\/04\/DSC_2829-c\u00f3pia.jpg\" alt=\"\" width=\"4724\" height=\"2954\" data-srcset=\"https:\/\/ubanews.com\/site\/wp-content\/uploads\/2018\/04\/DSC_2829-c\u00f3pia.jpg 4724w, https:\/\/ubanews.com\/site\/wp-content\/uploads\/2018\/04\/DSC_2829-c\u00f3pia-300x188.jpg 300w, https:\/\/ubanews.com\/site\/wp-content\/uploads\/2018\/04\/DSC_2829-c\u00f3pia-768x480.jpg 768w, https:\/\/ubanews.com\/site\/wp-content\/uploads\/2018\/04\/DSC_2829-c\u00f3pia-1024x640.jpg 1024w\" data-sizes=\"(max-width: 4724px) 100vw, 4724px\" src=\"data:image\/svg+xml;base64,PHN2ZyB3aWR0aD0iMSIgaGVpZ2h0PSIxIiB4bWxucz0iaHR0cDovL3d3dy53My5vcmcvMjAwMC9zdmciPjwvc3ZnPg==\" style=\"--smush-placeholder-width: 4724px; --smush-placeholder-aspect-ratio: 4724\/2954;\" \/> <img decoding=\"async\" class=\"alignnone size-full wp-image-2476 lazyload\" data-src=\"https:\/\/ubanews.com\/site\/wp-content\/uploads\/2018\/04\/DSC_2833-c\u00f3pia.jpg\" alt=\"\" width=\"4724\" height=\"2954\" data-srcset=\"https:\/\/ubanews.com\/site\/wp-content\/uploads\/2018\/04\/DSC_2833-c\u00f3pia.jpg 4724w, https:\/\/ubanews.com\/site\/wp-content\/uploads\/2018\/04\/DSC_2833-c\u00f3pia-300x188.jpg 300w, https:\/\/ubanews.com\/site\/wp-content\/uploads\/2018\/04\/DSC_2833-c\u00f3pia-768x480.jpg 768w, https:\/\/ubanews.com\/site\/wp-content\/uploads\/2018\/04\/DSC_2833-c\u00f3pia-1024x640.jpg 1024w\" data-sizes=\"(max-width: 4724px) 100vw, 4724px\" src=\"data:image\/svg+xml;base64,PHN2ZyB3aWR0aD0iMSIgaGVpZ2h0PSIxIiB4bWxucz0iaHR0cDovL3d3dy53My5vcmcvMjAwMC9zdmciPjwvc3ZnPg==\" style=\"--smush-placeholder-width: 4724px; --smush-placeholder-aspect-ratio: 4724\/2954;\" \/> <img decoding=\"async\" class=\"alignnone size-full wp-image-2477 lazyload\" data-src=\"https:\/\/ubanews.com\/site\/wp-content\/uploads\/2018\/04\/DSC_2807-c\u00f3pia.jpg\" alt=\"\" width=\"4724\" height=\"2954\" data-srcset=\"https:\/\/ubanews.com\/site\/wp-content\/uploads\/2018\/04\/DSC_2807-c\u00f3pia.jpg 4724w, https:\/\/ubanews.com\/site\/wp-content\/uploads\/2018\/04\/DSC_2807-c\u00f3pia-300x188.jpg 300w, https:\/\/ubanews.com\/site\/wp-content\/uploads\/2018\/04\/DSC_2807-c\u00f3pia-768x480.jpg 768w, https:\/\/ubanews.com\/site\/wp-content\/uploads\/2018\/04\/DSC_2807-c\u00f3pia-1024x640.jpg 1024w\" data-sizes=\"(max-width: 4724px) 100vw, 4724px\" src=\"data:image\/svg+xml;base64,PHN2ZyB3aWR0aD0iMSIgaGVpZ2h0PSIxIiB4bWxucz0iaHR0cDovL3d3dy53My5vcmcvMjAwMC9zdmciPjwvc3ZnPg==\" style=\"--smush-placeholder-width: 4724px; --smush-placeholder-aspect-ratio: 4724\/2954;\" \/><img decoding=\"async\" class=\"alignnone size-full wp-image-2482 lazyload\" data-src=\"https:\/\/ubanews.com\/site\/wp-content\/uploads\/2018\/04\/DSC_2850-c\u00f3pia.jpg\" alt=\"\" width=\"4724\" height=\"2954\" data-srcset=\"https:\/\/ubanews.com\/site\/wp-content\/uploads\/2018\/04\/DSC_2850-c\u00f3pia.jpg 4724w, https:\/\/ubanews.com\/site\/wp-content\/uploads\/2018\/04\/DSC_2850-c\u00f3pia-300x188.jpg 300w, https:\/\/ubanews.com\/site\/wp-content\/uploads\/2018\/04\/DSC_2850-c\u00f3pia-768x480.jpg 768w, https:\/\/ubanews.com\/site\/wp-content\/uploads\/2018\/04\/DSC_2850-c\u00f3pia-1024x640.jpg 1024w\" data-sizes=\"(max-width: 4724px) 100vw, 4724px\" src=\"data:image\/svg+xml;base64,PHN2ZyB3aWR0aD0iMSIgaGVpZ2h0PSIxIiB4bWxucz0iaHR0cDovL3d3dy53My5vcmcvMjAwMC9zdmciPjwvc3ZnPg==\" style=\"--smush-placeholder-width: 4724px; --smush-placeholder-aspect-ratio: 4724\/2954;\" \/><\/p>\n<p>&nbsp; &nbsp; &nbsp; &nbsp; &nbsp; Segunda feira (23) por volta das 07h 30min, duas unidades do Corpo de Bombeiros de Ub\u00e1 deslocaram para rodovia MG 447, km 12, munic\u00edpio de Visconde do Rio Branco para atendimento de um acidente automobil\u00edstico envolvendo tr\u00eas ve\u00edculos de passeio e uma motocicleta.<\/p>\n<p>&nbsp; &nbsp; &nbsp; &nbsp; &nbsp; No local, diversas vitimas com ferimentos diversos (TCE leve, contus\u00e3o e escoria\u00e7\u00f5es generalizadas).<\/p>\n<p>&nbsp; &nbsp; &nbsp; &nbsp; &nbsp; Ve\u00edculos envolvidos: Vw\/Fox 1.6, cor vermelho, placa OMA-1248 de Ub\u00e1\/MG, Ford\/Fiesta 1.6 flex, cor prata, placa OMC-6946 de Merc\u00eas\/MG, Citroen\/C3 Aircross, cor marrom, placa OPS-6914 de Juiz de Fora\/MG e Honda\/CG 150 Titan, cor preta, de Visconde do Rio Branco\/MG.<\/p>\n<p>&nbsp; &nbsp; &nbsp; &nbsp; &nbsp; Segundo informa\u00e7\u00f5es, houve uma colis\u00e3o frontal entre os ve\u00edculos Citroen Aircros e o Vw Fox.<\/p>\n<p>&nbsp; &nbsp; &nbsp; &nbsp; &nbsp; O condutor do ve\u00edculo Ford\/Fiesta ao tentar desviar dos ve\u00edculos acidentados veio a perder o controle da dire\u00e7\u00e3o capotando sobre a via.<\/p>\n<p>&nbsp; &nbsp; &nbsp; &nbsp; &nbsp; Havia tamb\u00e9m uma motocicleta envolvida no acidente, possivelmente veio a colidir com um dos ve\u00edculos acidentados.<\/p>\n<p>Vitimas socorridas:<\/p>\n<p>&nbsp; &nbsp; &nbsp; &nbsp; &nbsp; Renato Amaral de Paulo Junior (36), condutor do Fiesta e uma passageira do sexo feminino de 20 anos, apresentava TCE leve e contus\u00e3o na face, imobilizado pela guarni\u00e7\u00e3o de bombeiros e repassado a ambul\u00e2ncia da Prefeitura de Visconde do Rio Branco.<\/p>\n<p>&nbsp; &nbsp; &nbsp; &nbsp; &nbsp; Paula Aparecida dos Santos Pereira, moradora de Ub\u00e1\/MG, condutora do veiculo Fox ficou presa no interior do veiculo, desencarcerada pela guarni\u00e7\u00e3o de Bombeiros Militar, com ferimento corte contuso no bra\u00e7o e queixa de dores na regi\u00e3o tor\u00e1cica e regi\u00e3o p\u00e9lvica, imobilizada e encaminhada pela unidade resgate ao hospital Santa Isabel.<\/p>\n<p>&nbsp; &nbsp; &nbsp; &nbsp; &nbsp; F\u00e1bio Junior da Silva (38), condutor do ve\u00edculo Aircross, dispensou atendimento m\u00e9dico. Sua filha de 17 anos e sua esposa, passageiras, foram socorridas pelo USB Samu, Ub\u00e1.<\/p>\n<p>&nbsp; &nbsp; &nbsp; &nbsp; &nbsp; Patrick de Almeida Ervilha (26), morador de Visconde do Rio Branco, condutor da motocicleta, foi socorrido pelo Samu.<\/p>\n","protected":false},"excerpt":{"rendered":"<p>&nbsp; &nbsp; &nbsp; &nbsp; &nbsp; Segunda feira (23) por volta<\/p>\n","protected":false},"author":2,"featured_media":2477,"comment_status":"open","ping_status":"open","sticky":false,"template":"","format":"standard","meta":{"footnotes":""},"categories":[1],"tags":[],"class_list":["post-2466","post","type-post","status-publish","format-standard","has-post-thumbnail","hentry","category-sem-categoria"],"yoast_head":"<!-- This site is optimized with the Yoast SEO plugin v27.2 - https:\/\/yoast.com\/product\/yoast-seo-wordpress\/ -->\n<title>Acidente envolve quatro ve\u00edculos na MG-447 - Ub\u00e1 News<\/title>\n<meta name=\"robots\" content=\"index, follow, max-snippet:-1, max-image-preview:large, max-video-preview:-1\" \/>\n<link rel=\"canonical\" href=\"https:\/\/ubanews.com\/site\/2018\/04\/23\/2466\/\" \/>\n<meta property=\"og:locale\" content=\"pt_BR\" \/>\n<meta property=\"og:type\" content=\"article\" \/>\n<meta property=\"og:title\" content=\"Acidente envolve quatro ve\u00edculos na MG-447 - Ub\u00e1 News\" \/>\n<meta property=\"og:description\" content=\"&nbsp; &nbsp; &nbsp; &nbsp; &nbsp; Segunda feira (23) por volta\" \/>\n<meta property=\"og:url\" content=\"https:\/\/ubanews.com\/site\/2018\/04\/23\/2466\/\" \/>\n<meta property=\"og:site_name\" content=\"Ub\u00e1 News\" \/>\n<meta property=\"article:publisher\" content=\"https:\/\/www.facebook.com\/Ub%c3%a1News-Carlos-Roberto-Sodr%c3%a9-418778301977370\" \/>\n<meta property=\"article:author\" content=\"https:\/\/www.facebook.com\/carosroberto.sodre.5\/\" \/>\n<meta property=\"article:published_time\" content=\"2018-04-23T15:40:54+00:00\" \/>\n<meta property=\"article:modified_time\" content=\"2018-04-28T00:35:07+00:00\" \/>\n<meta property=\"og:image\" content=\"https:\/\/ubanews.com\/site\/wp-content\/uploads\/2018\/04\/DSC_2807-c\u00f3pia.jpg\" \/>\n\t<meta property=\"og:image:width\" content=\"4724\" \/>\n\t<meta property=\"og:image:height\" content=\"2954\" \/>\n\t<meta property=\"og:image:type\" content=\"image\/jpeg\" \/>\n<meta name=\"author\" content=\"Sodr\u00e9\" \/>\n<meta name=\"twitter:card\" content=\"summary_large_image\" \/>\n<meta name=\"twitter:label1\" content=\"Escrito por\" \/>\n\t<meta name=\"twitter:data1\" content=\"Sodr\u00e9\" \/>\n\t<meta name=\"twitter:label2\" content=\"Est. tempo de leitura\" \/>\n\t<meta name=\"twitter:data2\" content=\"2 minutos\" \/>\n<script type=\"application\/ld+json\" class=\"yoast-schema-graph\">{\"@context\":\"https:\/\/schema.org\",\"@graph\":[{\"@type\":\"Article\",\"@id\":\"https:\/\/ubanews.com\/site\/2018\/04\/23\/2466\/#article\",\"isPartOf\":{\"@id\":\"https:\/\/ubanews.com\/site\/2018\/04\/23\/2466\/\"},\"author\":{\"name\":\"Sodr\u00e9\",\"@id\":\"https:\/\/ubanews.com\/site\/#\/schema\/person\/d90c9e47252fbb63dcc969fe4c8b9d10\"},\"headline\":\"Acidente envolve quatro ve\u00edculos na MG-447\",\"datePublished\":\"2018-04-23T15:40:54+00:00\",\"dateModified\":\"2018-04-28T00:35:07+00:00\",\"mainEntityOfPage\":{\"@id\":\"https:\/\/ubanews.com\/site\/2018\/04\/23\/2466\/\"},\"wordCount\":371,\"commentCount\":0,\"publisher\":{\"@id\":\"https:\/\/ubanews.com\/site\/#organization\"},\"image\":{\"@id\":\"https:\/\/ubanews.com\/site\/2018\/04\/23\/2466\/#primaryimage\"},\"thumbnailUrl\":\"https:\/\/ubanews.com\/site\/wp-content\/uploads\/2018\/04\/DSC_2807-c\u00f3pia.jpg\",\"articleSection\":[\"Geral\"],\"inLanguage\":\"pt-BR\",\"potentialAction\":[{\"@type\":\"CommentAction\",\"name\":\"Comment\",\"target\":[\"https:\/\/ubanews.com\/site\/2018\/04\/23\/2466\/#respond\"]}]},{\"@type\":\"WebPage\",\"@id\":\"https:\/\/ubanews.com\/site\/2018\/04\/23\/2466\/\",\"url\":\"https:\/\/ubanews.com\/site\/2018\/04\/23\/2466\/\",\"name\":\"Acidente envolve quatro ve\u00edculos na MG-447 - Ub\u00e1 News\",\"isPartOf\":{\"@id\":\"https:\/\/ubanews.com\/site\/#website\"},\"primaryImageOfPage\":{\"@id\":\"https:\/\/ubanews.com\/site\/2018\/04\/23\/2466\/#primaryimage\"},\"image\":{\"@id\":\"https:\/\/ubanews.com\/site\/2018\/04\/23\/2466\/#primaryimage\"},\"thumbnailUrl\":\"https:\/\/ubanews.com\/site\/wp-content\/uploads\/2018\/04\/DSC_2807-c\u00f3pia.jpg\",\"datePublished\":\"2018-04-23T15:40:54+00:00\",\"dateModified\":\"2018-04-28T00:35:07+00:00\",\"breadcrumb\":{\"@id\":\"https:\/\/ubanews.com\/site\/2018\/04\/23\/2466\/#breadcrumb\"},\"inLanguage\":\"pt-BR\",\"potentialAction\":[{\"@type\":\"ReadAction\",\"target\":[\"https:\/\/ubanews.com\/site\/2018\/04\/23\/2466\/\"]}]},{\"@type\":\"ImageObject\",\"inLanguage\":\"pt-BR\",\"@id\":\"https:\/\/ubanews.com\/site\/2018\/04\/23\/2466\/#primaryimage\",\"url\":\"https:\/\/ubanews.com\/site\/wp-content\/uploads\/2018\/04\/DSC_2807-c\u00f3pia.jpg\",\"contentUrl\":\"https:\/\/ubanews.com\/site\/wp-content\/uploads\/2018\/04\/DSC_2807-c\u00f3pia.jpg\",\"width\":4724,\"height\":2954},{\"@type\":\"BreadcrumbList\",\"@id\":\"https:\/\/ubanews.com\/site\/2018\/04\/23\/2466\/#breadcrumb\",\"itemListElement\":[{\"@type\":\"ListItem\",\"position\":1,\"name\":\"Home\",\"item\":\"https:\/\/ubanews.com\/site\/\"},{\"@type\":\"ListItem\",\"position\":2,\"name\":\"Acidente envolve quatro ve\u00edculos na MG-447\"}]},{\"@type\":\"WebSite\",\"@id\":\"https:\/\/ubanews.com\/site\/#website\",\"url\":\"https:\/\/ubanews.com\/site\/\",\"name\":\"Ub\u00e1 News\",\"description\":\"\",\"publisher\":{\"@id\":\"https:\/\/ubanews.com\/site\/#organization\"},\"potentialAction\":[{\"@type\":\"SearchAction\",\"target\":{\"@type\":\"EntryPoint\",\"urlTemplate\":\"https:\/\/ubanews.com\/site\/?s={search_term_string}\"},\"query-input\":{\"@type\":\"PropertyValueSpecification\",\"valueRequired\":true,\"valueName\":\"search_term_string\"}}],\"inLanguage\":\"pt-BR\"},{\"@type\":\"Organization\",\"@id\":\"https:\/\/ubanews.com\/site\/#organization\",\"name\":\"Ub\u00e1 News\",\"url\":\"https:\/\/ubanews.com\/site\/\",\"logo\":{\"@type\":\"ImageObject\",\"inLanguage\":\"pt-BR\",\"@id\":\"https:\/\/ubanews.com\/site\/#\/schema\/logo\/image\/\",\"url\":\"https:\/\/ubanews.com\/site\/wp-content\/uploads\/2018\/01\/logoubanews.png\",\"contentUrl\":\"https:\/\/ubanews.com\/site\/wp-content\/uploads\/2018\/01\/logoubanews.png\",\"width\":261,\"height\":99,\"caption\":\"Ub\u00e1 News\"},\"image\":{\"@id\":\"https:\/\/ubanews.com\/site\/#\/schema\/logo\/image\/\"},\"sameAs\":[\"https:\/\/www.facebook.com\/Ub\u00e1News-Carlos-Roberto-Sodr\u00e9-418778301977370\"]},{\"@type\":\"Person\",\"@id\":\"https:\/\/ubanews.com\/site\/#\/schema\/person\/d90c9e47252fbb63dcc969fe4c8b9d10\",\"name\":\"Sodr\u00e9\",\"image\":{\"@type\":\"ImageObject\",\"inLanguage\":\"pt-BR\",\"@id\":\"https:\/\/secure.gravatar.com\/avatar\/5ba2793f0590b9dbfad3fdec4ee714485b3eef211c9b32ee53d414060454a56c?s=96&d=mm&r=g\",\"url\":\"https:\/\/secure.gravatar.com\/avatar\/5ba2793f0590b9dbfad3fdec4ee714485b3eef211c9b32ee53d414060454a56c?s=96&d=mm&r=g\",\"contentUrl\":\"https:\/\/secure.gravatar.com\/avatar\/5ba2793f0590b9dbfad3fdec4ee714485b3eef211c9b32ee53d414060454a56c?s=96&d=mm&r=g\",\"caption\":\"Sodr\u00e9\"},\"sameAs\":[\"https:\/\/www.facebook.com\/carosroberto.sodre.5\/\"],\"url\":\"https:\/\/ubanews.com\/site\/author\/felipe\/\"}]}<\/script>\n<!-- \/ Yoast SEO plugin. -->","yoast_head_json":{"title":"Acidente envolve quatro ve\u00edculos na MG-447 - Ub\u00e1 News","robots":{"index":"index","follow":"follow","max-snippet":"max-snippet:-1","max-image-preview":"max-image-preview:large","max-video-preview":"max-video-preview:-1"},"canonical":"https:\/\/ubanews.com\/site\/2018\/04\/23\/2466\/","og_locale":"pt_BR","og_type":"article","og_title":"Acidente envolve quatro ve\u00edculos na MG-447 - Ub\u00e1 News","og_description":"&nbsp; &nbsp; &nbsp; &nbsp; &nbsp; Segunda feira (23) por volta","og_url":"https:\/\/ubanews.com\/site\/2018\/04\/23\/2466\/","og_site_name":"Ub\u00e1 News","article_publisher":"https:\/\/www.facebook.com\/Ub%c3%a1News-Carlos-Roberto-Sodr%c3%a9-418778301977370","article_author":"https:\/\/www.facebook.com\/carosroberto.sodre.5\/","article_published_time":"2018-04-23T15:40:54+00:00","article_modified_time":"2018-04-28T00:35:07+00:00","og_image":[{"width":4724,"height":2954,"url":"https:\/\/ubanews.com\/site\/wp-content\/uploads\/2018\/04\/DSC_2807-c\u00f3pia.jpg","type":"image\/jpeg"}],"author":"Sodr\u00e9","twitter_card":"summary_large_image","twitter_misc":{"Escrito por":"Sodr\u00e9","Est. tempo de leitura":"2 minutos"},"schema":{"@context":"https:\/\/schema.org","@graph":[{"@type":"Article","@id":"https:\/\/ubanews.com\/site\/2018\/04\/23\/2466\/#article","isPartOf":{"@id":"https:\/\/ubanews.com\/site\/2018\/04\/23\/2466\/"},"author":{"name":"Sodr\u00e9","@id":"https:\/\/ubanews.com\/site\/#\/schema\/person\/d90c9e47252fbb63dcc969fe4c8b9d10"},"headline":"Acidente envolve quatro ve\u00edculos na MG-447","datePublished":"2018-04-23T15:40:54+00:00","dateModified":"2018-04-28T00:35:07+00:00","mainEntityOfPage":{"@id":"https:\/\/ubanews.com\/site\/2018\/04\/23\/2466\/"},"wordCount":371,"commentCount":0,"publisher":{"@id":"https:\/\/ubanews.com\/site\/#organization"},"image":{"@id":"https:\/\/ubanews.com\/site\/2018\/04\/23\/2466\/#primaryimage"},"thumbnailUrl":"https:\/\/ubanews.com\/site\/wp-content\/uploads\/2018\/04\/DSC_2807-c\u00f3pia.jpg","articleSection":["Geral"],"inLanguage":"pt-BR","potentialAction":[{"@type":"CommentAction","name":"Comment","target":["https:\/\/ubanews.com\/site\/2018\/04\/23\/2466\/#respond"]}]},{"@type":"WebPage","@id":"https:\/\/ubanews.com\/site\/2018\/04\/23\/2466\/","url":"https:\/\/ubanews.com\/site\/2018\/04\/23\/2466\/","name":"Acidente envolve quatro ve\u00edculos na MG-447 - Ub\u00e1 News","isPartOf":{"@id":"https:\/\/ubanews.com\/site\/#website"},"primaryImageOfPage":{"@id":"https:\/\/ubanews.com\/site\/2018\/04\/23\/2466\/#primaryimage"},"image":{"@id":"https:\/\/ubanews.com\/site\/2018\/04\/23\/2466\/#primaryimage"},"thumbnailUrl":"https:\/\/ubanews.com\/site\/wp-content\/uploads\/2018\/04\/DSC_2807-c\u00f3pia.jpg","datePublished":"2018-04-23T15:40:54+00:00","dateModified":"2018-04-28T00:35:07+00:00","breadcrumb":{"@id":"https:\/\/ubanews.com\/site\/2018\/04\/23\/2466\/#breadcrumb"},"inLanguage":"pt-BR","potentialAction":[{"@type":"ReadAction","target":["https:\/\/ubanews.com\/site\/2018\/04\/23\/2466\/"]}]},{"@type":"ImageObject","inLanguage":"pt-BR","@id":"https:\/\/ubanews.com\/site\/2018\/04\/23\/2466\/#primaryimage","url":"https:\/\/ubanews.com\/site\/wp-content\/uploads\/2018\/04\/DSC_2807-c\u00f3pia.jpg","contentUrl":"https:\/\/ubanews.com\/site\/wp-content\/uploads\/2018\/04\/DSC_2807-c\u00f3pia.jpg","width":4724,"height":2954},{"@type":"BreadcrumbList","@id":"https:\/\/ubanews.com\/site\/2018\/04\/23\/2466\/#breadcrumb","itemListElement":[{"@type":"ListItem","position":1,"name":"Home","item":"https:\/\/ubanews.com\/site\/"},{"@type":"ListItem","position":2,"name":"Acidente envolve quatro ve\u00edculos na MG-447"}]},{"@type":"WebSite","@id":"https:\/\/ubanews.com\/site\/#website","url":"https:\/\/ubanews.com\/site\/","name":"Ub\u00e1 News","description":"","publisher":{"@id":"https:\/\/ubanews.com\/site\/#organization"},"potentialAction":[{"@type":"SearchAction","target":{"@type":"EntryPoint","urlTemplate":"https:\/\/ubanews.com\/site\/?s={search_term_string}"},"query-input":{"@type":"PropertyValueSpecification","valueRequired":true,"valueName":"search_term_string"}}],"inLanguage":"pt-BR"},{"@type":"Organization","@id":"https:\/\/ubanews.com\/site\/#organization","name":"Ub\u00e1 News","url":"https:\/\/ubanews.com\/site\/","logo":{"@type":"ImageObject","inLanguage":"pt-BR","@id":"https:\/\/ubanews.com\/site\/#\/schema\/logo\/image\/","url":"https:\/\/ubanews.com\/site\/wp-content\/uploads\/2018\/01\/logoubanews.png","contentUrl":"https:\/\/ubanews.com\/site\/wp-content\/uploads\/2018\/01\/logoubanews.png","width":261,"height":99,"caption":"Ub\u00e1 News"},"image":{"@id":"https:\/\/ubanews.com\/site\/#\/schema\/logo\/image\/"},"sameAs":["https:\/\/www.facebook.com\/Ub\u00e1News-Carlos-Roberto-Sodr\u00e9-418778301977370"]},{"@type":"Person","@id":"https:\/\/ubanews.com\/site\/#\/schema\/person\/d90c9e47252fbb63dcc969fe4c8b9d10","name":"Sodr\u00e9","image":{"@type":"ImageObject","inLanguage":"pt-BR","@id":"https:\/\/secure.gravatar.com\/avatar\/5ba2793f0590b9dbfad3fdec4ee714485b3eef211c9b32ee53d414060454a56c?s=96&d=mm&r=g","url":"https:\/\/secure.gravatar.com\/avatar\/5ba2793f0590b9dbfad3fdec4ee714485b3eef211c9b32ee53d414060454a56c?s=96&d=mm&r=g","contentUrl":"https:\/\/secure.gravatar.com\/avatar\/5ba2793f0590b9dbfad3fdec4ee714485b3eef211c9b32ee53d414060454a56c?s=96&d=mm&r=g","caption":"Sodr\u00e9"},"sameAs":["https:\/\/www.facebook.com\/carosroberto.sodre.5\/"],"url":"https:\/\/ubanews.com\/site\/author\/felipe\/"}]}},"_links":{"self":[{"href":"https:\/\/ubanews.com\/site\/wp-json\/wp\/v2\/posts\/2466","targetHints":{"allow":["GET"]}}],"collection":[{"href":"https:\/\/ubanews.com\/site\/wp-json\/wp\/v2\/posts"}],"about":[{"href":"https:\/\/ubanews.com\/site\/wp-json\/wp\/v2\/types\/post"}],"author":[{"embeddable":true,"href":"https:\/\/ubanews.com\/site\/wp-json\/wp\/v2\/users\/2"}],"replies":[{"embeddable":true,"href":"https:\/\/ubanews.com\/site\/wp-json\/wp\/v2\/comments?post=2466"}],"version-history":[{"count":0,"href":"https:\/\/ubanews.com\/site\/wp-json\/wp\/v2\/posts\/2466\/revisions"}],"wp:featuredmedia":[{"embeddable":true,"href":"https:\/\/ubanews.com\/site\/wp-json\/wp\/v2\/media\/2477"}],"wp:attachment":[{"href":"https:\/\/ubanews.com\/site\/wp-json\/wp\/v2\/media?parent=2466"}],"wp:term":[{"taxonomy":"category","embeddable":true,"href":"https:\/\/ubanews.com\/site\/wp-json\/wp\/v2\/categories?post=2466"},{"taxonomy":"post_tag","embeddable":true,"href":"https:\/\/ubanews.com\/site\/wp-json\/wp\/v2\/tags?post=2466"}],"curies":[{"name":"wp","href":"https:\/\/api.w.org\/{rel}","templated":true}]}}