{"id":24502,"date":"2026-04-09T14:31:04","date_gmt":"2026-04-09T17:31:04","guid":{"rendered":"https:\/\/ubanews.com\/site\/?p=24502"},"modified":"2026-04-09T14:31:15","modified_gmt":"2026-04-09T17:31:15","slug":"prefeitura-promove-palestra-sobre-credito-rural-para-apoiar-produtores-afetados-pelas-chuvas","status":"publish","type":"post","link":"https:\/\/ubanews.com\/site\/2026\/04\/09\/prefeitura-promove-palestra-sobre-credito-rural-para-apoiar-produtores-afetados-pelas-chuvas\/","title":{"rendered":"Prefeitura promove palestra sobre cr\u00e9dito rural para apoiar produtores afetados pelas chuvas"},"content":{"rendered":"\n<p class=\"wp-block-paragraph\">Prefeitura promove palestra sobre cr\u00e9dito rural para apoiar produtores afetados pelas chuvas<br>Encontro apresentou linhas de financiamento como Pronaf e Pronamp, voltadas \u00e0 recupera\u00e7\u00e3o e fortalecimento da produ\u00e7\u00e3o no campo<\/p>\n\n\n\n<h2 class=\"wp-block-heading\">Prefeitura promove palestra sobre cr\u00e9dito rural para apoiar produtores afetados pelas chuvas<\/h2>\n\n\n\n<figure class=\"wp-block-image size-large\"><img loading=\"lazy\" decoding=\"async\" width=\"1024\" height=\"768\" src=\"https:\/\/ubanews.com\/site\/wp-content\/uploads\/2026\/04\/Credito-para-Produtor-Rural-1024x768.jpeg\" alt=\"\" class=\"wp-image-24503\" srcset=\"https:\/\/ubanews.com\/site\/wp-content\/uploads\/2026\/04\/Credito-para-Produtor-Rural-1024x768.jpeg 1024w, https:\/\/ubanews.com\/site\/wp-content\/uploads\/2026\/04\/Credito-para-Produtor-Rural-300x225.jpeg 300w, https:\/\/ubanews.com\/site\/wp-content\/uploads\/2026\/04\/Credito-para-Produtor-Rural-768x576.jpeg 768w, https:\/\/ubanews.com\/site\/wp-content\/uploads\/2026\/04\/Credito-para-Produtor-Rural.jpeg 1280w\" sizes=\"auto, (max-width: 1024px) 100vw, 1024px\" \/><\/figure>\n\n\n\n<p class=\"wp-block-paragraph\">A Prefeitura de Ub\u00e1, por meio da Secretaria Municipal de Agricultura e Meio Ambiente, promoveu uma palestra voltada aos produtores rurais do munic\u00edpio, com foco na apresenta\u00e7\u00e3o de linhas de cr\u00e9dito rural dispon\u00edveis para apoiar a recupera\u00e7\u00e3o das atividades no campo, especialmente ap\u00f3s os impactos causados pelas fortes chuvas registradas no \u00faltimo m\u00eas.<\/p>\n\n\n\n<p class=\"wp-block-paragraph\">Durante o encontro, foram destacadas as principais modalidades de financiamento oferecidas pela Caixa Econ\u00f4mica Federal, com \u00eanfase no Pronaf (Programa Nacional de Fortalecimento da Agricultura Familiar) e no Pronamp (Programa Nacional de Apoio ao M\u00e9dio Produtor Rural).<\/p>\n\n\n\n<p class=\"wp-block-paragraph\">Linhas de cr\u00e9dito para custeio e investimento<br>As linhas de cr\u00e9dito apresentadas contemplam duas finalidades principais: o custeio, voltado para despesas do dia a dia da produ\u00e7\u00e3o rural, como insumos, alimenta\u00e7\u00e3o animal e manuten\u00e7\u00e3o das atividades; e o investimento, destinado \u00e0 aquisi\u00e7\u00e3o de bens e melhorias que permanecem por v\u00e1rios ciclos produtivos, como equipamentos, infraestrutura e amplia\u00e7\u00e3o da produ\u00e7\u00e3o.<\/p>\n\n\n\n<p class=\"wp-block-paragraph\">A iniciativa tem como objetivo oferecer condi\u00e7\u00f5es para que os produtores possam retomar suas atividades, minimizar preju\u00edzos e fortalecer a produ\u00e7\u00e3o rural, garantindo maior estabilidade econ\u00f4mica no campo.<\/p>\n\n\n\n<p class=\"wp-block-paragraph\">Apoio \u00e0 recupera\u00e7\u00e3o e ao desenvolvimento<br>A disponibiliza\u00e7\u00e3o dessas linhas de cr\u00e9dito representa uma importante oportunidade para os produtores rurais de Ub\u00e1, permitindo n\u00e3o apenas a recupera\u00e7\u00e3o ap\u00f3s os danos causados pelas chuvas, mas tamb\u00e9m o planejamento de melhorias que possam gerar maior produtividade e retorno financeiro.<\/p>\n\n\n\n<p class=\"wp-block-paragraph\">A Prefeitura de Ub\u00e1 segue atuando para fortalecer o setor rural, promovendo a\u00e7\u00f5es e parcerias que contribuam para o desenvolvimento sustent\u00e1vel e para a valoriza\u00e7\u00e3o dos produtores do munic\u00edpio.<\/p>\n\n\n\n<h2 class=\"wp-block-heading\">&#x1f4cd; Onde buscar ajuda em Ub\u00e1<\/h2>\n\n\n\n<ul class=\"wp-block-list\">\n<li><strong>EMATER-MG \u2013 Escrit\u00f3rio Local de Ub\u00e1<\/strong><\/li>\n\n\n\n<li><strong>Sindicato dos Produtores Rurais de Ub\u00e1<\/strong><\/li>\n\n\n\n<li><strong>Ag\u00eancia do Banco do Brasil de Ub\u00e1<\/strong><\/li>\n\n\n\n<li><strong>Secretaria Municipal de Agricultura \/ Prefeitura<\/strong><\/li>\n<\/ul>\n\n\n\n<h2 class=\"wp-block-heading\">&#x1f7e2; DICAS IMPORTANTES<\/h2>\n\n\n\n<ul class=\"wp-block-list\">\n<li>N\u00e3o deixe para a \u00faltima hora;<\/li>\n\n\n\n<li>Procure a EMATER <strong>antes de ir ao banco<\/strong>;<\/li>\n\n\n\n<li>Guarde <strong>toda a documenta\u00e7\u00e3o e registros fotogr\u00e1ficos<\/strong>;<\/li>\n\n\n\n<li>Quem j\u00e1 tem financiamento rural pode pedir <strong>prorroga\u00e7\u00e3o ou renegocia\u00e7\u00e3o<\/strong>.<\/li>\n<\/ul>\n\n\n\n<p class=\"wp-block-paragraph\">&#x1f4cc; O Banco do Brasil j\u00e1 autorizou procedimentos simplificados para produtores da Zona da Mata<\/p>\n\n\n\n<p class=\"wp-block-paragraph\"><a href=\"https:\/\/www.gov.br\/secom\/pt-br\/acompanhe-a-secom\/noticias\/2026\/02\/banco-do-brasil-anuncia-medidas-de-apoio-as-vitimas-das-enchentes-na-zona-da-mata-mineira\" target=\"_blank\" rel=\"noopener\">Banco do Brasil anuncia medidas de apoio \u00e0s v\u00edtimas das enchentes na Zona da Mata mineira \u2014 Secretaria de Comunica\u00e7\u00e3o Social<\/a><\/p>\n\n\n\n<p class=\"wp-block-paragraph\">Detalhe do SITE <\/p>\n\n\n\n<p class=\"wp-block-paragraph\">Banco do Brasil acionou o protocolo do Programa Ajuda Humanit\u00e1ria e lan\u00e7ou campanha de apoio \u00e0s pessoas atingidas pelas fortes chuvas na regi\u00e3o da Zona da Mata, em Minas Gerais. A iniciativa contempla ajuda humanit\u00e1ria imediata e um conjunto de medidas financeiras voltadas \u00e0 manuten\u00e7\u00e3o da assist\u00eancia credit\u00edcia nas \u00e1reas afetadas.<\/p>\n\n\n\n<p class=\"wp-block-paragraph\"><\/p>\n","protected":false},"excerpt":{"rendered":"<p>Prefeitura promove palestra sobre cr\u00e9dito rural para apoiar produtores afetados pelas chuvas<\/p>\n","protected":false},"author":4,"featured_media":24503,"comment_status":"open","ping_status":"open","sticky":false,"template":"","format":"standard","meta":{"footnotes":""},"categories":[45,1,3],"tags":[],"class_list":["post-24502","post","type-post","status-publish","format-standard","has-post-thumbnail","hentry","category-destaque-principal","category-sem-categoria","category-slide"],"_links":{"self":[{"href":"https:\/\/ubanews.com\/site\/wp-json\/wp\/v2\/posts\/24502","targetHints":{"allow":["GET"]}}],"collection":[{"href":"https:\/\/ubanews.com\/site\/wp-json\/wp\/v2\/posts"}],"about":[{"href":"https:\/\/ubanews.com\/site\/wp-json\/wp\/v2\/types\/post"}],"author":[{"embeddable":true,"href":"https:\/\/ubanews.com\/site\/wp-json\/wp\/v2\/users\/4"}],"replies":[{"embeddable":true,"href":"https:\/\/ubanews.com\/site\/wp-json\/wp\/v2\/comments?post=24502"}],"version-history":[{"count":0,"href":"https:\/\/ubanews.com\/site\/wp-json\/wp\/v2\/posts\/24502\/revisions"}],"wp:featuredmedia":[{"embeddable":true,"href":"https:\/\/ubanews.com\/site\/wp-json\/wp\/v2\/media\/24503"}],"wp:attachment":[{"href":"https:\/\/ubanews.com\/site\/wp-json\/wp\/v2\/media?parent=24502"}],"wp:term":[{"taxonomy":"category","embeddable":true,"href":"https:\/\/ubanews.com\/site\/wp-json\/wp\/v2\/categories?post=24502"},{"taxonomy":"post_tag","embeddable":true,"href":"https:\/\/ubanews.com\/site\/wp-json\/wp\/v2\/tags?post=24502"}],"curies":[{"name":"wp","href":"https:\/\/api.w.org\/{rel}","templated":true}]}}