{"id":24314,"date":"2026-03-18T12:35:25","date_gmt":"2026-03-18T15:35:25","guid":{"rendered":"https:\/\/ubanews.com\/site\/?p=24314"},"modified":"2026-03-18T12:35:32","modified_gmt":"2026-03-18T15:35:32","slug":"policia-civil-promove-acao-social-no-bairro-jk-em-juiz-de-fora","status":"publish","type":"post","link":"https:\/\/ubanews.com\/site\/2026\/03\/18\/policia-civil-promove-acao-social-no-bairro-jk-em-juiz-de-fora\/","title":{"rendered":"Pol\u00edcia Civil promove a\u00e7\u00e3o social no bairro JK em Juiz de Fora"},"content":{"rendered":"\n<p>Pol\u00edcia Civil promove a\u00e7\u00e3o social no bairro JK em Juiz de Fora. Ser\u00e3o disponibilizados servi\u00e7os, orienta\u00e7\u00f5es e atividades \u00e0 comunidade atingida pelas chuvas.<\/p>\n\n\n\n<p>A Pol\u00edcia Civil de Minas Gerais (PCMG) promove, no pr\u00f3ximo s\u00e1bado (21\/3), das 8h \u00e0s 12h, uma a\u00e7\u00e3o social no bairro JK, em Juiz de Fora, na Zona da Mata. A iniciativa, organizada pela Delegacia Especializada de Atendimento \u00e0 Mulher (Deam), integra as atividades do M\u00eas da Mulher e busca levar acolhimento, orienta\u00e7\u00e3o e servi\u00e7os \u00e0 comunidade, uma das mais afetadas pelas fortes chuvas registradas no munic\u00edpio em fevereiro deste ano.<\/p>\n\n\n\n<h2 class=\"wp-block-heading\">Pol\u00edcia Civil promove a\u00e7\u00e3o social no bairro JK em Juiz de Fora<\/h2>\n\n\n\n<figure class=\"wp-block-image size-full\"><img decoding=\"async\" width=\"800\" height=\"630\" data-src=\"https:\/\/ubanews.com\/site\/wp-content\/uploads\/2026\/03\/6b12f368-d745-4f0b-a4e1-cd24c9552db0.jpg\" alt=\"\" class=\"wp-image-24315 lazyload\" data-srcset=\"https:\/\/ubanews.com\/site\/wp-content\/uploads\/2026\/03\/6b12f368-d745-4f0b-a4e1-cd24c9552db0.jpg 800w, https:\/\/ubanews.com\/site\/wp-content\/uploads\/2026\/03\/6b12f368-d745-4f0b-a4e1-cd24c9552db0-300x236.jpg 300w, https:\/\/ubanews.com\/site\/wp-content\/uploads\/2026\/03\/6b12f368-d745-4f0b-a4e1-cd24c9552db0-768x605.jpg 768w\" data-sizes=\"(max-width: 800px) 100vw, 800px\" src=\"data:image\/svg+xml;base64,PHN2ZyB3aWR0aD0iMSIgaGVpZ2h0PSIxIiB4bWxucz0iaHR0cDovL3d3dy53My5vcmcvMjAwMC9zdmciPjwvc3ZnPg==\" style=\"--smush-placeholder-width: 800px; --smush-placeholder-aspect-ratio: 800\/630;\" \/><\/figure>\n\n\n\n<p>A a\u00e7\u00e3o ser\u00e1 realizada na Escola Municipal Belmira Duarte Dias e ter\u00e1 como foco a preven\u00e7\u00e3o e o enfrentamento da viol\u00eancia dom\u00e9stica e familiar contra a mulher, al\u00e9m da promo\u00e7\u00e3o de cidadania e apoio social \u00e0s fam\u00edlias da regi\u00e3o.<\/p>\n\n\n\n<p>Servi\u00e7os<br>Durante o evento, ser\u00e3o oferecidos servi\u00e7os de emiss\u00e3o da Carteira Nacional de Identidade (CNI), atendimento psicol\u00f3gico e assist\u00eancia social, al\u00e9m de orienta\u00e7\u00f5es e registro de ocorr\u00eancias relacionadas \u00e0 viol\u00eancia contra a mulher.<\/p>\n\n\n\n<p>Tamb\u00e9m est\u00e3o previstas atividades de apoio \u00e0 comunidade, como distribui\u00e7\u00e3o de material escolar e entrega de itens de higiene e uso pessoal destinados \u00e0s mulheres.<\/p>\n\n\n\n<p>A programa\u00e7\u00e3o inclui ainda lazer para crian\u00e7as e atividades f\u00edsicas, promovendo um momento de integra\u00e7\u00e3o e conviv\u00eancia para moradores da regi\u00e3o.<\/p>\n\n\n\n<p>A a\u00e7\u00e3o conta com o apoio da Defensoria P\u00fablica de Minas Gerais, do Tribunal de Justi\u00e7a, da C\u00e2mara Municipal de Juiz de Fora e de uma academia da cidade.<\/p>\n","protected":false},"excerpt":{"rendered":"<p>Pol\u00edcia Civil promove a\u00e7\u00e3o social no bairro JK em Juiz de Fora<\/p>\n","protected":false},"author":4,"featured_media":24315,"comment_status":"open","ping_status":"open","sticky":false,"template":"","format":"standard","meta":{"footnotes":""},"categories":[1],"tags":[65,59,188,107,73,67,60],"class_list":["post-24314","post","type-post","status-publish","format-standard","has-post-thumbnail","hentry","category-sem-categoria","tag-carlos-roberto-sodre","tag-fala-sodre","tag-fato-policial","tag-policia-civil","tag-policia-militar","tag-sodre","tag-ubanews"],"yoast_head":"<!-- This site is optimized with the Yoast SEO plugin v27.2 - https:\/\/yoast.com\/product\/yoast-seo-wordpress\/ -->\n<title>Pol\u00edcia Civil promove a\u00e7\u00e3o social no bairro JK em Juiz de Fora - Ub\u00e1 News<\/title>\n<meta name=\"description\" content=\"Pol\u00edcia Civil promove a\u00e7\u00e3o social no bairro JK em Juiz de Fora\" \/>\n<meta name=\"robots\" content=\"index, follow, max-snippet:-1, max-image-preview:large, max-video-preview:-1\" \/>\n<link rel=\"canonical\" href=\"https:\/\/ubanews.com\/site\/2026\/03\/18\/policia-civil-promove-acao-social-no-bairro-jk-em-juiz-de-fora\/\" \/>\n<meta property=\"og:locale\" content=\"pt_BR\" \/>\n<meta property=\"og:type\" content=\"article\" \/>\n<meta property=\"og:title\" content=\"Pol\u00edcia Civil promove a\u00e7\u00e3o social no bairro JK em Juiz de Fora - Ub\u00e1 News\" \/>\n<meta property=\"og:description\" content=\"Pol\u00edcia Civil promove a\u00e7\u00e3o social no bairro JK em Juiz de Fora\" \/>\n<meta property=\"og:url\" content=\"https:\/\/ubanews.com\/site\/2026\/03\/18\/policia-civil-promove-acao-social-no-bairro-jk-em-juiz-de-fora\/\" \/>\n<meta property=\"og:site_name\" content=\"Ub\u00e1 News\" \/>\n<meta property=\"article:publisher\" content=\"https:\/\/www.facebook.com\/Ub%c3%a1News-Carlos-Roberto-Sodr%c3%a9-418778301977370\" \/>\n<meta property=\"article:published_time\" content=\"2026-03-18T15:35:25+00:00\" \/>\n<meta property=\"article:modified_time\" content=\"2026-03-18T15:35:32+00:00\" \/>\n<meta property=\"og:image\" content=\"https:\/\/ubanews.com\/site\/wp-content\/uploads\/2026\/03\/6b12f368-d745-4f0b-a4e1-cd24c9552db0.jpg\" \/>\n\t<meta property=\"og:image:width\" content=\"800\" \/>\n\t<meta property=\"og:image:height\" content=\"630\" \/>\n\t<meta property=\"og:image:type\" content=\"image\/jpeg\" \/>\n<meta name=\"author\" content=\"Carlos Roberto Sodr\u00e9\" \/>\n<meta name=\"twitter:card\" content=\"summary_large_image\" \/>\n<meta name=\"twitter:label1\" content=\"Escrito por\" \/>\n\t<meta name=\"twitter:data1\" content=\"Carlos Roberto Sodr\u00e9\" \/>\n\t<meta name=\"twitter:label2\" content=\"Est. tempo de leitura\" \/>\n\t<meta name=\"twitter:data2\" content=\"2 minutos\" \/>\n<script type=\"application\/ld+json\" class=\"yoast-schema-graph\">{\"@context\":\"https:\/\/schema.org\",\"@graph\":[{\"@type\":\"Article\",\"@id\":\"https:\/\/ubanews.com\/site\/2026\/03\/18\/policia-civil-promove-acao-social-no-bairro-jk-em-juiz-de-fora\/#article\",\"isPartOf\":{\"@id\":\"https:\/\/ubanews.com\/site\/2026\/03\/18\/policia-civil-promove-acao-social-no-bairro-jk-em-juiz-de-fora\/\"},\"author\":{\"name\":\"Carlos Roberto Sodr\u00e9\",\"@id\":\"https:\/\/ubanews.com\/site\/#\/schema\/person\/9d8da9ec3c8d00640ab6e8c81e103310\"},\"headline\":\"Pol\u00edcia Civil promove a\u00e7\u00e3o social no bairro JK em Juiz de Fora\",\"datePublished\":\"2026-03-18T15:35:25+00:00\",\"dateModified\":\"2026-03-18T15:35:32+00:00\",\"mainEntityOfPage\":{\"@id\":\"https:\/\/ubanews.com\/site\/2026\/03\/18\/policia-civil-promove-acao-social-no-bairro-jk-em-juiz-de-fora\/\"},\"wordCount\":306,\"commentCount\":0,\"publisher\":{\"@id\":\"https:\/\/ubanews.com\/site\/#organization\"},\"image\":{\"@id\":\"https:\/\/ubanews.com\/site\/2026\/03\/18\/policia-civil-promove-acao-social-no-bairro-jk-em-juiz-de-fora\/#primaryimage\"},\"thumbnailUrl\":\"https:\/\/ubanews.com\/site\/wp-content\/uploads\/2026\/03\/6b12f368-d745-4f0b-a4e1-cd24c9552db0.jpg\",\"keywords\":[\"Carlos Roberto Sodr\u00e9\",\"Fala Sodr\u00e9\",\"Fato Policial\",\"Pol\u00edcia Civil\",\"Pol\u00edcia Militar\",\"Sodr\u00e9\",\"UBANEWS\"],\"articleSection\":[\"Geral\"],\"inLanguage\":\"pt-BR\",\"potentialAction\":[{\"@type\":\"CommentAction\",\"name\":\"Comment\",\"target\":[\"https:\/\/ubanews.com\/site\/2026\/03\/18\/policia-civil-promove-acao-social-no-bairro-jk-em-juiz-de-fora\/#respond\"]}]},{\"@type\":\"WebPage\",\"@id\":\"https:\/\/ubanews.com\/site\/2026\/03\/18\/policia-civil-promove-acao-social-no-bairro-jk-em-juiz-de-fora\/\",\"url\":\"https:\/\/ubanews.com\/site\/2026\/03\/18\/policia-civil-promove-acao-social-no-bairro-jk-em-juiz-de-fora\/\",\"name\":\"Pol\u00edcia Civil promove a\u00e7\u00e3o social no bairro JK em Juiz de Fora - Ub\u00e1 News\",\"isPartOf\":{\"@id\":\"https:\/\/ubanews.com\/site\/#website\"},\"primaryImageOfPage\":{\"@id\":\"https:\/\/ubanews.com\/site\/2026\/03\/18\/policia-civil-promove-acao-social-no-bairro-jk-em-juiz-de-fora\/#primaryimage\"},\"image\":{\"@id\":\"https:\/\/ubanews.com\/site\/2026\/03\/18\/policia-civil-promove-acao-social-no-bairro-jk-em-juiz-de-fora\/#primaryimage\"},\"thumbnailUrl\":\"https:\/\/ubanews.com\/site\/wp-content\/uploads\/2026\/03\/6b12f368-d745-4f0b-a4e1-cd24c9552db0.jpg\",\"datePublished\":\"2026-03-18T15:35:25+00:00\",\"dateModified\":\"2026-03-18T15:35:32+00:00\",\"description\":\"Pol\u00edcia Civil promove a\u00e7\u00e3o social no bairro JK em Juiz de Fora\",\"breadcrumb\":{\"@id\":\"https:\/\/ubanews.com\/site\/2026\/03\/18\/policia-civil-promove-acao-social-no-bairro-jk-em-juiz-de-fora\/#breadcrumb\"},\"inLanguage\":\"pt-BR\",\"potentialAction\":[{\"@type\":\"ReadAction\",\"target\":[\"https:\/\/ubanews.com\/site\/2026\/03\/18\/policia-civil-promove-acao-social-no-bairro-jk-em-juiz-de-fora\/\"]}]},{\"@type\":\"ImageObject\",\"inLanguage\":\"pt-BR\",\"@id\":\"https:\/\/ubanews.com\/site\/2026\/03\/18\/policia-civil-promove-acao-social-no-bairro-jk-em-juiz-de-fora\/#primaryimage\",\"url\":\"https:\/\/ubanews.com\/site\/wp-content\/uploads\/2026\/03\/6b12f368-d745-4f0b-a4e1-cd24c9552db0.jpg\",\"contentUrl\":\"https:\/\/ubanews.com\/site\/wp-content\/uploads\/2026\/03\/6b12f368-d745-4f0b-a4e1-cd24c9552db0.jpg\",\"width\":800,\"height\":630},{\"@type\":\"BreadcrumbList\",\"@id\":\"https:\/\/ubanews.com\/site\/2026\/03\/18\/policia-civil-promove-acao-social-no-bairro-jk-em-juiz-de-fora\/#breadcrumb\",\"itemListElement\":[{\"@type\":\"ListItem\",\"position\":1,\"name\":\"Home\",\"item\":\"https:\/\/ubanews.com\/site\/\"},{\"@type\":\"ListItem\",\"position\":2,\"name\":\"Pol\u00edcia Civil promove a\u00e7\u00e3o social no bairro JK em Juiz de Fora\"}]},{\"@type\":\"WebSite\",\"@id\":\"https:\/\/ubanews.com\/site\/#website\",\"url\":\"https:\/\/ubanews.com\/site\/\",\"name\":\"Ub\u00e1 News\",\"description\":\"\",\"publisher\":{\"@id\":\"https:\/\/ubanews.com\/site\/#organization\"},\"potentialAction\":[{\"@type\":\"SearchAction\",\"target\":{\"@type\":\"EntryPoint\",\"urlTemplate\":\"https:\/\/ubanews.com\/site\/?s={search_term_string}\"},\"query-input\":{\"@type\":\"PropertyValueSpecification\",\"valueRequired\":true,\"valueName\":\"search_term_string\"}}],\"inLanguage\":\"pt-BR\"},{\"@type\":\"Organization\",\"@id\":\"https:\/\/ubanews.com\/site\/#organization\",\"name\":\"Ub\u00e1 News\",\"url\":\"https:\/\/ubanews.com\/site\/\",\"logo\":{\"@type\":\"ImageObject\",\"inLanguage\":\"pt-BR\",\"@id\":\"https:\/\/ubanews.com\/site\/#\/schema\/logo\/image\/\",\"url\":\"https:\/\/ubanews.com\/site\/wp-content\/uploads\/2018\/01\/logoubanews.png\",\"contentUrl\":\"https:\/\/ubanews.com\/site\/wp-content\/uploads\/2018\/01\/logoubanews.png\",\"width\":261,\"height\":99,\"caption\":\"Ub\u00e1 News\"},\"image\":{\"@id\":\"https:\/\/ubanews.com\/site\/#\/schema\/logo\/image\/\"},\"sameAs\":[\"https:\/\/www.facebook.com\/Ub\u00e1News-Carlos-Roberto-Sodr\u00e9-418778301977370\"]},{\"@type\":\"Person\",\"@id\":\"https:\/\/ubanews.com\/site\/#\/schema\/person\/9d8da9ec3c8d00640ab6e8c81e103310\",\"name\":\"Carlos Roberto Sodr\u00e9\",\"image\":{\"@type\":\"ImageObject\",\"inLanguage\":\"pt-BR\",\"@id\":\"https:\/\/secure.gravatar.com\/avatar\/aab322e8555b56c468614fafdab8a8f924e394cdc6cfd8232f77e9e4d123a133?s=96&d=mm&r=g\",\"url\":\"https:\/\/secure.gravatar.com\/avatar\/aab322e8555b56c468614fafdab8a8f924e394cdc6cfd8232f77e9e4d123a133?s=96&d=mm&r=g\",\"contentUrl\":\"https:\/\/secure.gravatar.com\/avatar\/aab322e8555b56c468614fafdab8a8f924e394cdc6cfd8232f77e9e4d123a133?s=96&d=mm&r=g\",\"caption\":\"Carlos Roberto Sodr\u00e9\"},\"url\":\"https:\/\/ubanews.com\/site\/author\/sodre\/\"}]}<\/script>\n<!-- \/ Yoast SEO plugin. -->","yoast_head_json":{"title":"Pol\u00edcia Civil promove a\u00e7\u00e3o social no bairro JK em Juiz de Fora - Ub\u00e1 News","description":"Pol\u00edcia Civil promove a\u00e7\u00e3o social no bairro JK em Juiz de Fora","robots":{"index":"index","follow":"follow","max-snippet":"max-snippet:-1","max-image-preview":"max-image-preview:large","max-video-preview":"max-video-preview:-1"},"canonical":"https:\/\/ubanews.com\/site\/2026\/03\/18\/policia-civil-promove-acao-social-no-bairro-jk-em-juiz-de-fora\/","og_locale":"pt_BR","og_type":"article","og_title":"Pol\u00edcia Civil promove a\u00e7\u00e3o social no bairro JK em Juiz de Fora - Ub\u00e1 News","og_description":"Pol\u00edcia Civil promove a\u00e7\u00e3o social no bairro JK em Juiz de Fora","og_url":"https:\/\/ubanews.com\/site\/2026\/03\/18\/policia-civil-promove-acao-social-no-bairro-jk-em-juiz-de-fora\/","og_site_name":"Ub\u00e1 News","article_publisher":"https:\/\/www.facebook.com\/Ub%c3%a1News-Carlos-Roberto-Sodr%c3%a9-418778301977370","article_published_time":"2026-03-18T15:35:25+00:00","article_modified_time":"2026-03-18T15:35:32+00:00","og_image":[{"width":800,"height":630,"url":"https:\/\/ubanews.com\/site\/wp-content\/uploads\/2026\/03\/6b12f368-d745-4f0b-a4e1-cd24c9552db0.jpg","type":"image\/jpeg"}],"author":"Carlos Roberto Sodr\u00e9","twitter_card":"summary_large_image","twitter_misc":{"Escrito por":"Carlos Roberto Sodr\u00e9","Est. tempo de leitura":"2 minutos"},"schema":{"@context":"https:\/\/schema.org","@graph":[{"@type":"Article","@id":"https:\/\/ubanews.com\/site\/2026\/03\/18\/policia-civil-promove-acao-social-no-bairro-jk-em-juiz-de-fora\/#article","isPartOf":{"@id":"https:\/\/ubanews.com\/site\/2026\/03\/18\/policia-civil-promove-acao-social-no-bairro-jk-em-juiz-de-fora\/"},"author":{"name":"Carlos Roberto Sodr\u00e9","@id":"https:\/\/ubanews.com\/site\/#\/schema\/person\/9d8da9ec3c8d00640ab6e8c81e103310"},"headline":"Pol\u00edcia Civil promove a\u00e7\u00e3o social no bairro JK em Juiz de Fora","datePublished":"2026-03-18T15:35:25+00:00","dateModified":"2026-03-18T15:35:32+00:00","mainEntityOfPage":{"@id":"https:\/\/ubanews.com\/site\/2026\/03\/18\/policia-civil-promove-acao-social-no-bairro-jk-em-juiz-de-fora\/"},"wordCount":306,"commentCount":0,"publisher":{"@id":"https:\/\/ubanews.com\/site\/#organization"},"image":{"@id":"https:\/\/ubanews.com\/site\/2026\/03\/18\/policia-civil-promove-acao-social-no-bairro-jk-em-juiz-de-fora\/#primaryimage"},"thumbnailUrl":"https:\/\/ubanews.com\/site\/wp-content\/uploads\/2026\/03\/6b12f368-d745-4f0b-a4e1-cd24c9552db0.jpg","keywords":["Carlos Roberto Sodr\u00e9","Fala Sodr\u00e9","Fato Policial","Pol\u00edcia Civil","Pol\u00edcia Militar","Sodr\u00e9","UBANEWS"],"articleSection":["Geral"],"inLanguage":"pt-BR","potentialAction":[{"@type":"CommentAction","name":"Comment","target":["https:\/\/ubanews.com\/site\/2026\/03\/18\/policia-civil-promove-acao-social-no-bairro-jk-em-juiz-de-fora\/#respond"]}]},{"@type":"WebPage","@id":"https:\/\/ubanews.com\/site\/2026\/03\/18\/policia-civil-promove-acao-social-no-bairro-jk-em-juiz-de-fora\/","url":"https:\/\/ubanews.com\/site\/2026\/03\/18\/policia-civil-promove-acao-social-no-bairro-jk-em-juiz-de-fora\/","name":"Pol\u00edcia Civil promove a\u00e7\u00e3o social no bairro JK em Juiz de Fora - Ub\u00e1 News","isPartOf":{"@id":"https:\/\/ubanews.com\/site\/#website"},"primaryImageOfPage":{"@id":"https:\/\/ubanews.com\/site\/2026\/03\/18\/policia-civil-promove-acao-social-no-bairro-jk-em-juiz-de-fora\/#primaryimage"},"image":{"@id":"https:\/\/ubanews.com\/site\/2026\/03\/18\/policia-civil-promove-acao-social-no-bairro-jk-em-juiz-de-fora\/#primaryimage"},"thumbnailUrl":"https:\/\/ubanews.com\/site\/wp-content\/uploads\/2026\/03\/6b12f368-d745-4f0b-a4e1-cd24c9552db0.jpg","datePublished":"2026-03-18T15:35:25+00:00","dateModified":"2026-03-18T15:35:32+00:00","description":"Pol\u00edcia Civil promove a\u00e7\u00e3o social no bairro JK em Juiz de Fora","breadcrumb":{"@id":"https:\/\/ubanews.com\/site\/2026\/03\/18\/policia-civil-promove-acao-social-no-bairro-jk-em-juiz-de-fora\/#breadcrumb"},"inLanguage":"pt-BR","potentialAction":[{"@type":"ReadAction","target":["https:\/\/ubanews.com\/site\/2026\/03\/18\/policia-civil-promove-acao-social-no-bairro-jk-em-juiz-de-fora\/"]}]},{"@type":"ImageObject","inLanguage":"pt-BR","@id":"https:\/\/ubanews.com\/site\/2026\/03\/18\/policia-civil-promove-acao-social-no-bairro-jk-em-juiz-de-fora\/#primaryimage","url":"https:\/\/ubanews.com\/site\/wp-content\/uploads\/2026\/03\/6b12f368-d745-4f0b-a4e1-cd24c9552db0.jpg","contentUrl":"https:\/\/ubanews.com\/site\/wp-content\/uploads\/2026\/03\/6b12f368-d745-4f0b-a4e1-cd24c9552db0.jpg","width":800,"height":630},{"@type":"BreadcrumbList","@id":"https:\/\/ubanews.com\/site\/2026\/03\/18\/policia-civil-promove-acao-social-no-bairro-jk-em-juiz-de-fora\/#breadcrumb","itemListElement":[{"@type":"ListItem","position":1,"name":"Home","item":"https:\/\/ubanews.com\/site\/"},{"@type":"ListItem","position":2,"name":"Pol\u00edcia Civil promove a\u00e7\u00e3o social no bairro JK em Juiz de Fora"}]},{"@type":"WebSite","@id":"https:\/\/ubanews.com\/site\/#website","url":"https:\/\/ubanews.com\/site\/","name":"Ub\u00e1 News","description":"","publisher":{"@id":"https:\/\/ubanews.com\/site\/#organization"},"potentialAction":[{"@type":"SearchAction","target":{"@type":"EntryPoint","urlTemplate":"https:\/\/ubanews.com\/site\/?s={search_term_string}"},"query-input":{"@type":"PropertyValueSpecification","valueRequired":true,"valueName":"search_term_string"}}],"inLanguage":"pt-BR"},{"@type":"Organization","@id":"https:\/\/ubanews.com\/site\/#organization","name":"Ub\u00e1 News","url":"https:\/\/ubanews.com\/site\/","logo":{"@type":"ImageObject","inLanguage":"pt-BR","@id":"https:\/\/ubanews.com\/site\/#\/schema\/logo\/image\/","url":"https:\/\/ubanews.com\/site\/wp-content\/uploads\/2018\/01\/logoubanews.png","contentUrl":"https:\/\/ubanews.com\/site\/wp-content\/uploads\/2018\/01\/logoubanews.png","width":261,"height":99,"caption":"Ub\u00e1 News"},"image":{"@id":"https:\/\/ubanews.com\/site\/#\/schema\/logo\/image\/"},"sameAs":["https:\/\/www.facebook.com\/Ub\u00e1News-Carlos-Roberto-Sodr\u00e9-418778301977370"]},{"@type":"Person","@id":"https:\/\/ubanews.com\/site\/#\/schema\/person\/9d8da9ec3c8d00640ab6e8c81e103310","name":"Carlos Roberto Sodr\u00e9","image":{"@type":"ImageObject","inLanguage":"pt-BR","@id":"https:\/\/secure.gravatar.com\/avatar\/aab322e8555b56c468614fafdab8a8f924e394cdc6cfd8232f77e9e4d123a133?s=96&d=mm&r=g","url":"https:\/\/secure.gravatar.com\/avatar\/aab322e8555b56c468614fafdab8a8f924e394cdc6cfd8232f77e9e4d123a133?s=96&d=mm&r=g","contentUrl":"https:\/\/secure.gravatar.com\/avatar\/aab322e8555b56c468614fafdab8a8f924e394cdc6cfd8232f77e9e4d123a133?s=96&d=mm&r=g","caption":"Carlos Roberto Sodr\u00e9"},"url":"https:\/\/ubanews.com\/site\/author\/sodre\/"}]}},"_links":{"self":[{"href":"https:\/\/ubanews.com\/site\/wp-json\/wp\/v2\/posts\/24314","targetHints":{"allow":["GET"]}}],"collection":[{"href":"https:\/\/ubanews.com\/site\/wp-json\/wp\/v2\/posts"}],"about":[{"href":"https:\/\/ubanews.com\/site\/wp-json\/wp\/v2\/types\/post"}],"author":[{"embeddable":true,"href":"https:\/\/ubanews.com\/site\/wp-json\/wp\/v2\/users\/4"}],"replies":[{"embeddable":true,"href":"https:\/\/ubanews.com\/site\/wp-json\/wp\/v2\/comments?post=24314"}],"version-history":[{"count":0,"href":"https:\/\/ubanews.com\/site\/wp-json\/wp\/v2\/posts\/24314\/revisions"}],"wp:featuredmedia":[{"embeddable":true,"href":"https:\/\/ubanews.com\/site\/wp-json\/wp\/v2\/media\/24315"}],"wp:attachment":[{"href":"https:\/\/ubanews.com\/site\/wp-json\/wp\/v2\/media?parent=24314"}],"wp:term":[{"taxonomy":"category","embeddable":true,"href":"https:\/\/ubanews.com\/site\/wp-json\/wp\/v2\/categories?post=24314"},{"taxonomy":"post_tag","embeddable":true,"href":"https:\/\/ubanews.com\/site\/wp-json\/wp\/v2\/tags?post=24314"}],"curies":[{"name":"wp","href":"https:\/\/api.w.org\/{rel}","templated":true}]}}