{"id":24296,"date":"2026-03-17T13:36:34","date_gmt":"2026-03-17T16:36:34","guid":{"rendered":"https:\/\/ubanews.com\/site\/?p=24296"},"modified":"2026-03-17T13:36:38","modified_gmt":"2026-03-17T16:36:38","slug":"sintese-das-ocorrencias-policiais-16-03-2026","status":"publish","type":"post","link":"https:\/\/ubanews.com\/site\/2026\/03\/17\/sintese-das-ocorrencias-policiais-16-03-2026\/","title":{"rendered":"S\u00edntese das Ocorr\u00eancias Policiais 16\/03\/2026"},"content":{"rendered":"\n<h3 class=\"wp-block-heading\"><strong>2026-012127620-001 \u2013 POL\u00cdCIA MILITAR REGISTRA ROUBO CONSUMADO A RESID\u00caNCIA NA ZONA RURAL DE RODEIRO<\/strong><\/h3>\n\n\n\n<p><strong>LOCAL&nbsp;&nbsp;&nbsp;&nbsp; <\/strong>RODEIRO \u2013 \u00c1gua Limpa \u2013 Zona Rural<\/p>\n\n\n\n<p><strong>DATA&nbsp;&nbsp;&nbsp;&nbsp;&nbsp;&nbsp;&nbsp; <\/strong>16\/03\/2026<\/p>\n\n\n\n<p><strong>HORA&nbsp;&nbsp;&nbsp;&nbsp;&nbsp;&nbsp; <\/strong>05h20min<\/p>\n\n\n\n<p>&nbsp;&nbsp;&nbsp;&nbsp;&nbsp;&nbsp;&nbsp;&nbsp;&nbsp;&nbsp;&nbsp;&nbsp;&nbsp;&nbsp;&nbsp; A Pol\u00edcia Militar foi acionada via COPOM para atendimento de uma ocorr\u00eancia de roubo na zona rural do munic\u00edpio de Rodeiro, em um s\u00edtio localizado na regi\u00e3o de \u00c1gua Limpa.<\/p>\n\n\n\n<p>No local, a v\u00edtima, um homem de 29 anos, relatou que durante a madrugada ouviu barulhos no exterior da resid\u00eancia e, ao verificar, foi surpreendida por um indiv\u00edduo armado, que anunciou o assalto. Ao abrir a porta, constatou a presen\u00e7a de tr\u00eas autores, sendo dois armados, todos com vestes escuras e rostos parcialmente encobertos.<\/p>\n\n\n\n<p>Os suspeitos exigiam dinheiro e passaram a vasculhar o im\u00f3vel. Durante a a\u00e7\u00e3o, a v\u00edtima foi amarrada com fios, enquanto os autores subtra\u00edam diversos pertences, incluindo televisor, aparelho celular, videogames, joias e uma motocicleta Lander de cor azul, evadindo-se do local em seguida.<\/p>\n\n\n\n<p>Ap\u00f3s o crime, equipes policiais iniciaram imediatamente rastreamento na regi\u00e3o, visando localizar os autores e recuperar os bens subtra\u00eddos, por\u00e9m, at\u00e9 o momento, nenhum suspeito foi preso.<\/p>\n\n\n\n<p>A Pol\u00edcia Militar segue em dilig\u00eancias para identifica\u00e7\u00e3o e pris\u00e3o dos envolvidos.<\/p>\n\n\n\n<h2 class=\"wp-block-heading\">S\u00edntese das Ocorr\u00eancias Policiais 16\/03\/2026<\/h2>\n\n\n\n<h3 class=\"wp-block-heading\"><strong>2026-012156004-001 \u2013 POL\u00cdCIA MILITAR PRENDE FORAGIDO DA JUSTI\u00c7A EM DORES DO TURVO<\/strong><\/h3>\n\n\n\n<p><strong>LOCAL&nbsp;&nbsp;&nbsp;&nbsp; <\/strong>DORES DO TURVO \u2013 R. S\u00e3o Crist\u00f3v\u00e3o \u2013 Centro<\/p>\n\n\n\n<p><strong>DATA&nbsp;&nbsp;&nbsp;&nbsp;&nbsp;&nbsp;&nbsp; <\/strong>16\/03\/2026<\/p>\n\n\n\n<p><strong>HORA&nbsp;&nbsp;&nbsp;&nbsp;&nbsp;&nbsp; <\/strong>10h20min<\/p>\n\n\n\n<p>&nbsp;&nbsp;&nbsp;&nbsp;&nbsp;&nbsp;&nbsp;&nbsp;&nbsp;&nbsp;&nbsp;&nbsp;&nbsp;&nbsp;&nbsp; Durante patrulhamento, a guarni\u00e7\u00e3o policial foi procurada por um homem de 34 anos, junto de seu advogado, informado que encontrava-se com mandado de pris\u00e3o em aberto. Ap\u00f3s consulta ao sistema informatizado, foi confirmada a exist\u00eancia do mandado de pris\u00e3o.<\/p>\n\n\n\n<p>Diante dos fatos, foi dada voz de pris\u00e3o ao autor, sendo-lhe garantidos seus direitos constitucionais. O conduzido foi encaminhado ao hospital para os procedimentos de praxe e, posteriormente, apresentado \u00e0 Delegacia de Pol\u00edcia Civil para as demais provid\u00eancias legais.<\/p>\n\n\n\n<h3 class=\"wp-block-heading\"><strong>2026-012224691-001 \u2013 POL\u00cdCIA MILITAR PRENDE AUTORES POR TR\u00c1FICO DE DROGAS, AP\u00d3S DEN\u00daNCIAS AN\u00d4NIMAS, EM DIVIN\u00c9SIA<\/strong><\/h3>\n\n\n\n<p><strong>LOCAL&nbsp;&nbsp;&nbsp;&nbsp; <\/strong>DIVIN\u00c9SIA \u2013 R. das Rosas \u2013 Cedro do L\u00edbano<\/p>\n\n\n\n<p><strong>DATA&nbsp;&nbsp;&nbsp;&nbsp;&nbsp;&nbsp;&nbsp; <\/strong>16\/03\/2026<\/p>\n\n\n\n<p><strong>HORA&nbsp;&nbsp;&nbsp;&nbsp;&nbsp;&nbsp; <\/strong>16h10min<\/p>\n\n\n\n<figure class=\"wp-block-image size-large\"><img decoding=\"async\" width=\"1024\" height=\"895\" data-src=\"https:\/\/ubanews.com\/site\/wp-content\/uploads\/2026\/03\/2026-03-16-Trafico-de-Drogas-Divinesia-1024x895.jpg\" alt=\"\" class=\"wp-image-24297 lazyload\" data-srcset=\"https:\/\/ubanews.com\/site\/wp-content\/uploads\/2026\/03\/2026-03-16-Trafico-de-Drogas-Divinesia-1024x895.jpg 1024w, https:\/\/ubanews.com\/site\/wp-content\/uploads\/2026\/03\/2026-03-16-Trafico-de-Drogas-Divinesia-300x262.jpg 300w, https:\/\/ubanews.com\/site\/wp-content\/uploads\/2026\/03\/2026-03-16-Trafico-de-Drogas-Divinesia-768x671.jpg 768w, https:\/\/ubanews.com\/site\/wp-content\/uploads\/2026\/03\/2026-03-16-Trafico-de-Drogas-Divinesia-1536x1342.jpg 1536w, https:\/\/ubanews.com\/site\/wp-content\/uploads\/2026\/03\/2026-03-16-Trafico-de-Drogas-Divinesia.jpg 1618w\" data-sizes=\"(max-width: 1024px) 100vw, 1024px\" src=\"data:image\/svg+xml;base64,PHN2ZyB3aWR0aD0iMSIgaGVpZ2h0PSIxIiB4bWxucz0iaHR0cDovL3d3dy53My5vcmcvMjAwMC9zdmciPjwvc3ZnPg==\" style=\"--smush-placeholder-width: 1024px; --smush-placeholder-aspect-ratio: 1024\/895;\" \/><\/figure>\n\n\n\n<p>&nbsp;&nbsp;&nbsp;&nbsp;&nbsp;&nbsp;&nbsp;&nbsp;&nbsp;&nbsp;&nbsp;&nbsp;&nbsp;&nbsp;&nbsp; Durante patrulhamento no bairro Cedro do L\u00edbano, em Divin\u00e9sia, a Pol\u00edcia Militar recebeu den\u00fancias an\u00f4nimas informando sobre a pr\u00e1tica de tr\u00e1fico de drogas em duas resid\u00eancias vizinhas, onde indiv\u00edduos estariam atuando em associa\u00e7\u00e3o para comercializa\u00e7\u00e3o de entorpecentes.<\/p>\n\n\n\n<p>Durante a a\u00e7\u00e3o, os militares visualizaram um indiv\u00edduo de 35 anos em atitude suspeita, que ao perceber a presen\u00e7a policial demonstrou nervosismo. Inicialmente abordado, nada de il\u00edcito foi encontrado, sendo liberado naquele momento. Contudo, ao retornarem ao local, os policiais visualizaram o suspeito novamente, ocasi\u00e3o em que ele correu em dire\u00e7\u00e3o \u00e0 resid\u00eancia de outro homem, de 28 anos, arremessando um objeto durante a fuga.<\/p>\n\n\n\n<p>Diante da situa\u00e7\u00e3o, foi realizado acompanhamento e abordagem dos envolvidos. Durante buscas nas imedia\u00e7\u00f5es, os militares localizaram, em um lote pr\u00f3ximo, um tablete de subst\u00e2ncia an\u00e1loga \u00e0 maconha e uma pedra de subst\u00e2ncia semelhante ao crack, al\u00e9m de materiais utilizados para embalar drogas.<\/p>\n\n\n\n<p>Em continuidade, durante busca pessoal, foi encontrada com um dos autores certa quantia em dinheiro, refor\u00e7ando os ind\u00edcios da pr\u00e1tica criminosa. As dilig\u00eancias tamb\u00e9m apontaram que os suspeitos atuavam de forma conjunta, alternando locais para armazenar e comercializar os entorpecentes, com o objetivo de dificultar a a\u00e7\u00e3o policial.<\/p>\n\n\n\n<p>Diante dos fatos, foi dada voz de pris\u00e3o em flagrante aos dois indiv\u00edduos pelos crimes de tr\u00e1fico il\u00edcito de drogas e associa\u00e7\u00e3o para o tr\u00e1fico, sendo-lhes garantidos os direitos constitucionais. Os autores foram encaminhados ao hospital para atendimento de praxe e, posteriormente, apresentados \u00e0 Delegacia de Pol\u00edcia Civil para as provid\u00eancias legais cab\u00edveis.<\/p>\n\n\n\n<h3 class=\"wp-block-heading\"><strong>2026-012267894-001 \u2013 POL\u00cdCIA MILITAR PRENDE FORAGIDO DA JUSTI\u00c7A NO CENTRO DE VISCONDE DO RIO BRANCO<\/strong><\/h3>\n\n\n\n<p><strong>LOCAL&nbsp;&nbsp;&nbsp;&nbsp; <\/strong>VISCONDE DO RIO BRANCO \u2013 Pr\u00e7 Jorge Carone Filho \u2013 Centro<\/p>\n\n\n\n<p><strong>DATA&nbsp;&nbsp;&nbsp;&nbsp;&nbsp;&nbsp;&nbsp; <\/strong>16\/03\/2026<\/p>\n\n\n\n<p><strong>HORA&nbsp;&nbsp;&nbsp;&nbsp;&nbsp;&nbsp; <\/strong>19h20min<\/p>\n\n\n\n<p><strong>S\u00edntese<\/strong><\/p>\n\n\n\n<p>&nbsp;&nbsp;&nbsp;&nbsp;&nbsp;&nbsp;&nbsp;&nbsp;&nbsp;&nbsp;&nbsp;&nbsp;&nbsp;&nbsp;&nbsp; Durante patrulhamento, a guarni\u00e7\u00e3o policial tomou ci\u00eancia de um mandado de pris\u00e3o em desfavor de um homem de 64 anos, o qual durante dilig\u00eancias foi localizado no hospital S\u00e3o Jo\u00e3o Batista.<\/p>\n\n\n\n<p>Diante dos fatos, foi dada voz de pris\u00e3o ao autor, sendo-lhe garantidos seus direitos constitucionais. Foi realizado os procedimentos de praxe e, posteriormente, apresentado \u00e0 Delegacia de Pol\u00edcia Civil para as demais provid\u00eancias legais.<\/p>\n\n\n\n<h3 class=\"wp-block-heading\"><strong>2026-012274212-001 \u2013 POL\u00cdCIA MILITAR PRENDE AUTOR POR TR\u00c1FICO DE DROGAS NO DISTRITO DE DIAMANTE DE UB\u00c1<\/strong><\/h3>\n\n\n\n<p><strong>LOCAL&nbsp;&nbsp;&nbsp;&nbsp; <\/strong>DIAMANTE \u2013 R. Santa Maria \u2013 Samaritano<\/p>\n\n\n\n<p><strong>DATA&nbsp;&nbsp;&nbsp;&nbsp;&nbsp;&nbsp;&nbsp; <\/strong>16\/03\/2026<\/p>\n\n\n\n<p><strong>HORA&nbsp;&nbsp;&nbsp;&nbsp;&nbsp;&nbsp; <\/strong>20h20min<\/p>\n\n\n\n<figure class=\"wp-block-image size-large\"><img decoding=\"async\" width=\"1024\" height=\"895\" data-src=\"https:\/\/ubanews.com\/site\/wp-content\/uploads\/2026\/03\/2026-03-16-Trafico-de-Drogas-Diamante-1024x895.jpg\" alt=\"\" class=\"wp-image-24298 lazyload\" data-srcset=\"https:\/\/ubanews.com\/site\/wp-content\/uploads\/2026\/03\/2026-03-16-Trafico-de-Drogas-Diamante-1024x895.jpg 1024w, https:\/\/ubanews.com\/site\/wp-content\/uploads\/2026\/03\/2026-03-16-Trafico-de-Drogas-Diamante-300x262.jpg 300w, https:\/\/ubanews.com\/site\/wp-content\/uploads\/2026\/03\/2026-03-16-Trafico-de-Drogas-Diamante-768x671.jpg 768w, https:\/\/ubanews.com\/site\/wp-content\/uploads\/2026\/03\/2026-03-16-Trafico-de-Drogas-Diamante-1536x1342.jpg 1536w, https:\/\/ubanews.com\/site\/wp-content\/uploads\/2026\/03\/2026-03-16-Trafico-de-Drogas-Diamante.jpg 1618w\" data-sizes=\"(max-width: 1024px) 100vw, 1024px\" src=\"data:image\/svg+xml;base64,PHN2ZyB3aWR0aD0iMSIgaGVpZ2h0PSIxIiB4bWxucz0iaHR0cDovL3d3dy53My5vcmcvMjAwMC9zdmciPjwvc3ZnPg==\" style=\"--smush-placeholder-width: 1024px; --smush-placeholder-aspect-ratio: 1024\/895;\" \/><\/figure>\n\n\n\n<p>&nbsp;&nbsp;&nbsp;&nbsp;&nbsp;&nbsp;&nbsp;&nbsp;&nbsp;&nbsp;&nbsp;&nbsp;&nbsp;&nbsp;&nbsp; Durante opera\u00e7\u00e3o policial no distrito de Diamante, a Pol\u00edcia Militar recebeu informa\u00e7\u00f5es indicando a pr\u00e1tica de tr\u00e1fico de drogas em uma resid\u00eancia localizada no Morro Samaritano.<\/p>\n\n\n\n<p>Diante das den\u00fancias, as equipes realizaram monitoramento do local, sendo constatada intensa movimenta\u00e7\u00e3o de indiv\u00edduos, que se aproximavam da resid\u00eancia e adquiriam entorpecentes por meio de uma janela do im\u00f3vel, caracterizando o com\u00e9rcio il\u00edcito de drogas.<\/p>\n\n\n\n<p>Com base nos ind\u00edcios, foi desencadeada interven\u00e7\u00e3o policial estrat\u00e9gica, com cerco t\u00e1tico na parte frontal e nos fundos da resid\u00eancia, impedindo a fuga do suspeito, um homem de 34 anos, que franqueou a entrada da equipe no im\u00f3vel.<\/p>\n\n\n\n<p>Durante as buscas, foram localizados 37 buchas de subst\u00e2ncia an\u00e1loga \u00e0 maconha, 36 pinos contendo subst\u00e2ncia semelhante \u00e0 coca\u00edna, al\u00e9m de certa quantia em dinheiro e um aparelho celular, materiais que confirmam a pr\u00e1tica do tr\u00e1fico.<\/p>\n\n\n\n<p>O autor assumiu a propriedade dos entorpecentes e relatou a participa\u00e7\u00e3o de outro indiv\u00edduo na atividade criminosa, o qual n\u00e3o foi localizado at\u00e9 o momento.<\/p>\n\n\n\n<p>Diante dos fatos, foi dada voz de pris\u00e3o em flagrante ao autor pelo crime de tr\u00e1fico il\u00edcito de drogas, sendo-lhe garantidos os direitos constitucionais. Ele foi encaminhado ao hospital para atendimento de praxe e, posteriormente, apresentado \u00e0 Delegacia de Pol\u00edcia Civil para as provid\u00eancias legais cab\u00edveis.<\/p>\n\n\n\n<h3 class=\"wp-block-heading\"><strong>2026-012297490-001 \u2013 POL\u00cdCIA MILITAR PRENDE AUTOR POR TR\u00c1FICO DE DROGAS NO BAIRRO V\u00c1RZEA EM TOCANTINS<\/strong><\/h3>\n\n\n\n<p><strong>LOCAL&nbsp;&nbsp;&nbsp;&nbsp; <\/strong>TOCANTINS \u2013 R. Jos\u00e9 Rodrigues Marques \u2013 V\u00e1rzea<\/p>\n\n\n\n<p><strong>DATA&nbsp;&nbsp;&nbsp;&nbsp;&nbsp;&nbsp;&nbsp; <\/strong>16\/03\/2026<\/p>\n\n\n\n<p><strong>HORA&nbsp;&nbsp;&nbsp;&nbsp;&nbsp;&nbsp; <\/strong>21h30min<\/p>\n\n\n\n<figure class=\"wp-block-image size-large\"><img decoding=\"async\" width=\"1024\" height=\"724\" data-src=\"https:\/\/ubanews.com\/site\/wp-content\/uploads\/2026\/03\/2026-03-16-Trafico-de-Drogas-Tocantins-1024x724.jpg\" alt=\"\" class=\"wp-image-24299 lazyload\" data-srcset=\"https:\/\/ubanews.com\/site\/wp-content\/uploads\/2026\/03\/2026-03-16-Trafico-de-Drogas-Tocantins-1024x724.jpg 1024w, https:\/\/ubanews.com\/site\/wp-content\/uploads\/2026\/03\/2026-03-16-Trafico-de-Drogas-Tocantins-300x212.jpg 300w, https:\/\/ubanews.com\/site\/wp-content\/uploads\/2026\/03\/2026-03-16-Trafico-de-Drogas-Tocantins-768x543.jpg 768w, https:\/\/ubanews.com\/site\/wp-content\/uploads\/2026\/03\/2026-03-16-Trafico-de-Drogas-Tocantins-1536x1086.jpg 1536w, https:\/\/ubanews.com\/site\/wp-content\/uploads\/2026\/03\/2026-03-16-Trafico-de-Drogas-Tocantins.jpg 2000w\" data-sizes=\"(max-width: 1024px) 100vw, 1024px\" src=\"data:image\/svg+xml;base64,PHN2ZyB3aWR0aD0iMSIgaGVpZ2h0PSIxIiB4bWxucz0iaHR0cDovL3d3dy53My5vcmcvMjAwMC9zdmciPjwvc3ZnPg==\" style=\"--smush-placeholder-width: 1024px; --smush-placeholder-aspect-ratio: 1024\/724;\" \/><\/figure>\n\n\n\n<p>&nbsp;&nbsp;&nbsp;&nbsp;&nbsp;&nbsp;&nbsp;&nbsp;&nbsp;&nbsp;&nbsp;&nbsp;&nbsp;&nbsp;&nbsp; Durante opera\u00e7\u00e3o policial no bairro V\u00e1rzea, no munic\u00edpio de Tocantins, a Pol\u00edcia Militar recebeu informa\u00e7\u00f5es sobre a pr\u00e1tica de tr\u00e1fico de drogas em uma resid\u00eancia j\u00e1 alvo de den\u00fancias.<\/p>\n\n\n\n<p>Durante a a\u00e7\u00e3o, os militares visualizaram um indiv\u00edduo em contato com o morador do im\u00f3vel, em atitude t\u00edpica de aquisi\u00e7\u00e3o de entorpecentes. Ao perceber a presen\u00e7a policial, o suspeito evadiu do local. Diante da situa\u00e7\u00e3o, foi realizada interven\u00e7\u00e3o, com cerco na resid\u00eancia para impedir fuga.<\/p>\n\n\n\n<p>O autor, um homem de 48 anos, desobedeceu \u00e0s ordens policiais e tentou fugir pelos fundos do im\u00f3vel, sendo acompanhado e abordado no momento em que tentava evadir por uma janela lateral.<\/p>\n\n\n\n<p>Durante as buscas no interior da resid\u00eancia, foram localizados 27 pinos contendo subst\u00e2ncia an\u00e1loga \u00e0 coca\u00edna, 6 pedras de subst\u00e2ncia semelhante ao crack, al\u00e9m de outras por\u00e7\u00f5es da mesma subst\u00e2ncia, certa quantia em dinheiro, um caderno com anota\u00e7\u00f5es relacionadas ao tr\u00e1fico e um aparelho celular.<\/p>\n\n\n\n<p>Diante da materialidade constatada, foi dada voz de pris\u00e3o em flagrante ao autor pelo crime de tr\u00e1fico il\u00edcito de drogas, sendo-lhe garantidos os direitos constitucionais. Ele foi encaminhado ao atendimento m\u00e9dico de praxe e, posteriormente, apresentado \u00e0 Delegacia de Pol\u00edcia Civil para as provid\u00eancias legais cab\u00edveis.<\/p>\n\n\n\n<h3 class=\"wp-block-heading\"><strong>2026-012270283-001 \u2013 POL\u00cdCIA MILITAR PRENDE AUTOR POR POSSE DE ARMA DE FOGO DURANTE OPERA\u00c7\u00c3O EM MERC\u00caS<\/strong><\/h3>\n\n\n\n<p><strong>LOCAL&nbsp;&nbsp;&nbsp;&nbsp; <\/strong>MERC\u00caS \u2013 Rod AMG 0510<\/p>\n\n\n\n<p><strong>DATA&nbsp;&nbsp;&nbsp;&nbsp;&nbsp;&nbsp;&nbsp; <\/strong>16\/03\/2026<\/p>\n\n\n\n<p><strong>HORA&nbsp;&nbsp;&nbsp;&nbsp;&nbsp;&nbsp; <\/strong>20h00min<\/p>\n\n\n\n<figure class=\"wp-block-image size-large\"><img decoding=\"async\" width=\"1024\" height=\"724\" data-src=\"https:\/\/ubanews.com\/site\/wp-content\/uploads\/2026\/03\/2026-03-16-Posse-de-arma-de-fogo-Merces-1024x724.jpg\" alt=\"\" class=\"wp-image-24300 lazyload\" data-srcset=\"https:\/\/ubanews.com\/site\/wp-content\/uploads\/2026\/03\/2026-03-16-Posse-de-arma-de-fogo-Merces-1024x724.jpg 1024w, https:\/\/ubanews.com\/site\/wp-content\/uploads\/2026\/03\/2026-03-16-Posse-de-arma-de-fogo-Merces-300x212.jpg 300w, https:\/\/ubanews.com\/site\/wp-content\/uploads\/2026\/03\/2026-03-16-Posse-de-arma-de-fogo-Merces-768x543.jpg 768w, https:\/\/ubanews.com\/site\/wp-content\/uploads\/2026\/03\/2026-03-16-Posse-de-arma-de-fogo-Merces-1536x1086.jpg 1536w, https:\/\/ubanews.com\/site\/wp-content\/uploads\/2026\/03\/2026-03-16-Posse-de-arma-de-fogo-Merces.jpg 2000w\" data-sizes=\"(max-width: 1024px) 100vw, 1024px\" src=\"data:image\/svg+xml;base64,PHN2ZyB3aWR0aD0iMSIgaGVpZ2h0PSIxIiB4bWxucz0iaHR0cDovL3d3dy53My5vcmcvMjAwMC9zdmciPjwvc3ZnPg==\" style=\"--smush-placeholder-width: 1024px; --smush-placeholder-aspect-ratio: 1024\/724;\" \/><\/figure>\n\n\n\n<p>&nbsp;&nbsp;&nbsp;&nbsp;&nbsp;&nbsp;&nbsp;&nbsp;&nbsp;&nbsp;&nbsp;&nbsp;&nbsp;&nbsp;&nbsp; Durante opera\u00e7\u00e3o policial na rodovia AMG-0510, no munic\u00edpio de Merc\u00eas, a Pol\u00edcia Militar recebeu informa\u00e7\u00f5es sobre um indiv\u00edduo que estaria de posse irregular de arma de fogo, conforme den\u00fancia pr\u00e9via.<\/p>\n\n\n\n<p>Diante das informa\u00e7\u00f5es, as equipes realizaram dilig\u00eancias e lograram \u00eaxito em abordar um homem de 68 anos em via p\u00fablica. Ao ser informado sobre a den\u00fancia, o suspeito confirmou que possu\u00eda uma arma de fogo em sua resid\u00eancia, alegando tratar-se de um objeto herdado de seu pai e que estaria em sua posse h\u00e1 v\u00e1rios anos, sem a devida documenta\u00e7\u00e3o.<\/p>\n\n\n\n<p>O pr\u00f3prio autor manifestou interesse em realizar a entrega volunt\u00e1ria do armamento, sendo ent\u00e3o apresentada \u00e0 equipe policial uma arma de fogo do tipo rev\u00f3lver calibre .38, acompanhada de muni\u00e7\u00f5es, configurando a posse irregular.<\/p>\n\n\n\n<p>Diante da situa\u00e7\u00e3o, foi dada voz de pris\u00e3o em flagrante ao autor pelo crime de posse ilegal de arma de fogo de uso permitido, sendo-lhe garantidos os direitos constitucionais. Ele foi encaminhado ao hospital para atendimento m\u00e9dico de praxe e, posteriormente, apresentado \u00e0 Delegacia de Pol\u00edcia Civil para as provid\u00eancias legais cab\u00edveis.<\/p>\n\n\n\n<p>A Pol\u00edcia Militar refor\u00e7a que den\u00fancias podem ser feitas de forma an\u00f4nima pelos telefones 190 ou 181, com garantia de preserva\u00e7\u00e3o da identidade do denunciante.<\/p>\n","protected":false},"excerpt":{"rendered":"<p>A Pol\u00edcia Militar foi acionada via COPOM para atendimento de uma ocorr\u00eancia de roubo na zona rural do munic\u00edpio de Rodeiro, em um s\u00edtio localizado na regi\u00e3o de \u00c1gua Limpa.<\/p>\n","protected":false},"author":4,"featured_media":24300,"comment_status":"open","ping_status":"open","sticky":false,"template":"","format":"standard","meta":{"footnotes":""},"categories":[1,13,3],"tags":[65,59,188,222,107,73,67,60],"class_list":["post-24296","post","type-post","status-publish","format-standard","has-post-thumbnail","hentry","category-sem-categoria","category-sintese-das-ocorrencias","category-slide","tag-carlos-roberto-sodre","tag-fala-sodre","tag-fato-policial","tag-ocorrencia-policial","tag-policia-civil","tag-policia-militar","tag-sodre","tag-ubanews"],"yoast_head":"<!-- This site is optimized with the Yoast SEO plugin v27.2 - https:\/\/yoast.com\/product\/yoast-seo-wordpress\/ -->\n<title>S\u00edntese das Ocorr\u00eancias Policiais 16\/03\/2026 - Ub\u00e1 News<\/title>\n<meta name=\"description\" content=\"S\u00edntese das Ocorr\u00eancias Policiais 16\/03\/2026\" \/>\n<meta name=\"robots\" content=\"index, follow, max-snippet:-1, max-image-preview:large, max-video-preview:-1\" \/>\n<link rel=\"canonical\" href=\"https:\/\/ubanews.com\/site\/2026\/03\/17\/sintese-das-ocorrencias-policiais-16-03-2026\/\" \/>\n<meta property=\"og:locale\" content=\"pt_BR\" \/>\n<meta property=\"og:type\" content=\"article\" \/>\n<meta property=\"og:title\" content=\"S\u00edntese das Ocorr\u00eancias Policiais 16\/03\/2026 - Ub\u00e1 News\" \/>\n<meta property=\"og:description\" content=\"S\u00edntese das Ocorr\u00eancias Policiais 16\/03\/2026\" \/>\n<meta property=\"og:url\" content=\"https:\/\/ubanews.com\/site\/2026\/03\/17\/sintese-das-ocorrencias-policiais-16-03-2026\/\" \/>\n<meta property=\"og:site_name\" content=\"Ub\u00e1 News\" \/>\n<meta property=\"article:publisher\" content=\"https:\/\/www.facebook.com\/Ub%c3%a1News-Carlos-Roberto-Sodr%c3%a9-418778301977370\" \/>\n<meta property=\"article:published_time\" content=\"2026-03-17T16:36:34+00:00\" \/>\n<meta property=\"article:modified_time\" content=\"2026-03-17T16:36:38+00:00\" \/>\n<meta property=\"og:image\" content=\"https:\/\/ubanews.com\/site\/wp-content\/uploads\/2026\/03\/2026-03-16-Posse-de-arma-de-fogo-Merces.jpg\" \/>\n\t<meta property=\"og:image:width\" content=\"2000\" \/>\n\t<meta property=\"og:image:height\" content=\"1414\" \/>\n\t<meta property=\"og:image:type\" content=\"image\/jpeg\" \/>\n<meta name=\"author\" content=\"Carlos Roberto Sodr\u00e9\" \/>\n<meta name=\"twitter:card\" content=\"summary_large_image\" \/>\n<meta name=\"twitter:label1\" content=\"Escrito por\" \/>\n\t<meta name=\"twitter:data1\" content=\"Carlos Roberto Sodr\u00e9\" \/>\n\t<meta name=\"twitter:label2\" content=\"Est. tempo de leitura\" \/>\n\t<meta name=\"twitter:data2\" content=\"9 minutos\" \/>\n<script type=\"application\/ld+json\" class=\"yoast-schema-graph\">{\"@context\":\"https:\/\/schema.org\",\"@graph\":[{\"@type\":\"Article\",\"@id\":\"https:\/\/ubanews.com\/site\/2026\/03\/17\/sintese-das-ocorrencias-policiais-16-03-2026\/#article\",\"isPartOf\":{\"@id\":\"https:\/\/ubanews.com\/site\/2026\/03\/17\/sintese-das-ocorrencias-policiais-16-03-2026\/\"},\"author\":{\"name\":\"Carlos Roberto Sodr\u00e9\",\"@id\":\"https:\/\/ubanews.com\/site\/#\/schema\/person\/9d8da9ec3c8d00640ab6e8c81e103310\"},\"headline\":\"S\u00edntese das Ocorr\u00eancias Policiais 16\/03\/2026\",\"datePublished\":\"2026-03-17T16:36:34+00:00\",\"dateModified\":\"2026-03-17T16:36:38+00:00\",\"mainEntityOfPage\":{\"@id\":\"https:\/\/ubanews.com\/site\/2026\/03\/17\/sintese-das-ocorrencias-policiais-16-03-2026\/\"},\"wordCount\":1760,\"commentCount\":0,\"publisher\":{\"@id\":\"https:\/\/ubanews.com\/site\/#organization\"},\"image\":{\"@id\":\"https:\/\/ubanews.com\/site\/2026\/03\/17\/sintese-das-ocorrencias-policiais-16-03-2026\/#primaryimage\"},\"thumbnailUrl\":\"https:\/\/ubanews.com\/site\/wp-content\/uploads\/2026\/03\/2026-03-16-Posse-de-arma-de-fogo-Merces.jpg\",\"keywords\":[\"Carlos Roberto Sodr\u00e9\",\"Fala Sodr\u00e9\",\"Fato Policial\",\"Ocorr\u00eancia Policial\",\"Pol\u00edcia Civil\",\"Pol\u00edcia Militar\",\"Sodr\u00e9\",\"UBANEWS\"],\"articleSection\":[\"Geral\",\"S\u00edntese das Ocorr\u00eancias\",\"Slide\"],\"inLanguage\":\"pt-BR\",\"potentialAction\":[{\"@type\":\"CommentAction\",\"name\":\"Comment\",\"target\":[\"https:\/\/ubanews.com\/site\/2026\/03\/17\/sintese-das-ocorrencias-policiais-16-03-2026\/#respond\"]}]},{\"@type\":\"WebPage\",\"@id\":\"https:\/\/ubanews.com\/site\/2026\/03\/17\/sintese-das-ocorrencias-policiais-16-03-2026\/\",\"url\":\"https:\/\/ubanews.com\/site\/2026\/03\/17\/sintese-das-ocorrencias-policiais-16-03-2026\/\",\"name\":\"S\u00edntese das Ocorr\u00eancias Policiais 16\/03\/2026 - Ub\u00e1 News\",\"isPartOf\":{\"@id\":\"https:\/\/ubanews.com\/site\/#website\"},\"primaryImageOfPage\":{\"@id\":\"https:\/\/ubanews.com\/site\/2026\/03\/17\/sintese-das-ocorrencias-policiais-16-03-2026\/#primaryimage\"},\"image\":{\"@id\":\"https:\/\/ubanews.com\/site\/2026\/03\/17\/sintese-das-ocorrencias-policiais-16-03-2026\/#primaryimage\"},\"thumbnailUrl\":\"https:\/\/ubanews.com\/site\/wp-content\/uploads\/2026\/03\/2026-03-16-Posse-de-arma-de-fogo-Merces.jpg\",\"datePublished\":\"2026-03-17T16:36:34+00:00\",\"dateModified\":\"2026-03-17T16:36:38+00:00\",\"description\":\"S\u00edntese das Ocorr\u00eancias Policiais 16\/03\/2026\",\"breadcrumb\":{\"@id\":\"https:\/\/ubanews.com\/site\/2026\/03\/17\/sintese-das-ocorrencias-policiais-16-03-2026\/#breadcrumb\"},\"inLanguage\":\"pt-BR\",\"potentialAction\":[{\"@type\":\"ReadAction\",\"target\":[\"https:\/\/ubanews.com\/site\/2026\/03\/17\/sintese-das-ocorrencias-policiais-16-03-2026\/\"]}]},{\"@type\":\"ImageObject\",\"inLanguage\":\"pt-BR\",\"@id\":\"https:\/\/ubanews.com\/site\/2026\/03\/17\/sintese-das-ocorrencias-policiais-16-03-2026\/#primaryimage\",\"url\":\"https:\/\/ubanews.com\/site\/wp-content\/uploads\/2026\/03\/2026-03-16-Posse-de-arma-de-fogo-Merces.jpg\",\"contentUrl\":\"https:\/\/ubanews.com\/site\/wp-content\/uploads\/2026\/03\/2026-03-16-Posse-de-arma-de-fogo-Merces.jpg\",\"width\":2000,\"height\":1414},{\"@type\":\"BreadcrumbList\",\"@id\":\"https:\/\/ubanews.com\/site\/2026\/03\/17\/sintese-das-ocorrencias-policiais-16-03-2026\/#breadcrumb\",\"itemListElement\":[{\"@type\":\"ListItem\",\"position\":1,\"name\":\"Home\",\"item\":\"https:\/\/ubanews.com\/site\/\"},{\"@type\":\"ListItem\",\"position\":2,\"name\":\"S\u00edntese das Ocorr\u00eancias Policiais 16\/03\/2026\"}]},{\"@type\":\"WebSite\",\"@id\":\"https:\/\/ubanews.com\/site\/#website\",\"url\":\"https:\/\/ubanews.com\/site\/\",\"name\":\"Ub\u00e1 News\",\"description\":\"\",\"publisher\":{\"@id\":\"https:\/\/ubanews.com\/site\/#organization\"},\"potentialAction\":[{\"@type\":\"SearchAction\",\"target\":{\"@type\":\"EntryPoint\",\"urlTemplate\":\"https:\/\/ubanews.com\/site\/?s={search_term_string}\"},\"query-input\":{\"@type\":\"PropertyValueSpecification\",\"valueRequired\":true,\"valueName\":\"search_term_string\"}}],\"inLanguage\":\"pt-BR\"},{\"@type\":\"Organization\",\"@id\":\"https:\/\/ubanews.com\/site\/#organization\",\"name\":\"Ub\u00e1 News\",\"url\":\"https:\/\/ubanews.com\/site\/\",\"logo\":{\"@type\":\"ImageObject\",\"inLanguage\":\"pt-BR\",\"@id\":\"https:\/\/ubanews.com\/site\/#\/schema\/logo\/image\/\",\"url\":\"https:\/\/ubanews.com\/site\/wp-content\/uploads\/2018\/01\/logoubanews.png\",\"contentUrl\":\"https:\/\/ubanews.com\/site\/wp-content\/uploads\/2018\/01\/logoubanews.png\",\"width\":261,\"height\":99,\"caption\":\"Ub\u00e1 News\"},\"image\":{\"@id\":\"https:\/\/ubanews.com\/site\/#\/schema\/logo\/image\/\"},\"sameAs\":[\"https:\/\/www.facebook.com\/Ub\u00e1News-Carlos-Roberto-Sodr\u00e9-418778301977370\"]},{\"@type\":\"Person\",\"@id\":\"https:\/\/ubanews.com\/site\/#\/schema\/person\/9d8da9ec3c8d00640ab6e8c81e103310\",\"name\":\"Carlos Roberto Sodr\u00e9\",\"image\":{\"@type\":\"ImageObject\",\"inLanguage\":\"pt-BR\",\"@id\":\"https:\/\/secure.gravatar.com\/avatar\/aab322e8555b56c468614fafdab8a8f924e394cdc6cfd8232f77e9e4d123a133?s=96&d=mm&r=g\",\"url\":\"https:\/\/secure.gravatar.com\/avatar\/aab322e8555b56c468614fafdab8a8f924e394cdc6cfd8232f77e9e4d123a133?s=96&d=mm&r=g\",\"contentUrl\":\"https:\/\/secure.gravatar.com\/avatar\/aab322e8555b56c468614fafdab8a8f924e394cdc6cfd8232f77e9e4d123a133?s=96&d=mm&r=g\",\"caption\":\"Carlos Roberto Sodr\u00e9\"},\"url\":\"https:\/\/ubanews.com\/site\/author\/sodre\/\"}]}<\/script>\n<!-- \/ Yoast SEO plugin. -->","yoast_head_json":{"title":"S\u00edntese das Ocorr\u00eancias Policiais 16\/03\/2026 - Ub\u00e1 News","description":"S\u00edntese das Ocorr\u00eancias Policiais 16\/03\/2026","robots":{"index":"index","follow":"follow","max-snippet":"max-snippet:-1","max-image-preview":"max-image-preview:large","max-video-preview":"max-video-preview:-1"},"canonical":"https:\/\/ubanews.com\/site\/2026\/03\/17\/sintese-das-ocorrencias-policiais-16-03-2026\/","og_locale":"pt_BR","og_type":"article","og_title":"S\u00edntese das Ocorr\u00eancias Policiais 16\/03\/2026 - Ub\u00e1 News","og_description":"S\u00edntese das Ocorr\u00eancias Policiais 16\/03\/2026","og_url":"https:\/\/ubanews.com\/site\/2026\/03\/17\/sintese-das-ocorrencias-policiais-16-03-2026\/","og_site_name":"Ub\u00e1 News","article_publisher":"https:\/\/www.facebook.com\/Ub%c3%a1News-Carlos-Roberto-Sodr%c3%a9-418778301977370","article_published_time":"2026-03-17T16:36:34+00:00","article_modified_time":"2026-03-17T16:36:38+00:00","og_image":[{"width":2000,"height":1414,"url":"https:\/\/ubanews.com\/site\/wp-content\/uploads\/2026\/03\/2026-03-16-Posse-de-arma-de-fogo-Merces.jpg","type":"image\/jpeg"}],"author":"Carlos Roberto Sodr\u00e9","twitter_card":"summary_large_image","twitter_misc":{"Escrito por":"Carlos Roberto Sodr\u00e9","Est. tempo de leitura":"9 minutos"},"schema":{"@context":"https:\/\/schema.org","@graph":[{"@type":"Article","@id":"https:\/\/ubanews.com\/site\/2026\/03\/17\/sintese-das-ocorrencias-policiais-16-03-2026\/#article","isPartOf":{"@id":"https:\/\/ubanews.com\/site\/2026\/03\/17\/sintese-das-ocorrencias-policiais-16-03-2026\/"},"author":{"name":"Carlos Roberto Sodr\u00e9","@id":"https:\/\/ubanews.com\/site\/#\/schema\/person\/9d8da9ec3c8d00640ab6e8c81e103310"},"headline":"S\u00edntese das Ocorr\u00eancias Policiais 16\/03\/2026","datePublished":"2026-03-17T16:36:34+00:00","dateModified":"2026-03-17T16:36:38+00:00","mainEntityOfPage":{"@id":"https:\/\/ubanews.com\/site\/2026\/03\/17\/sintese-das-ocorrencias-policiais-16-03-2026\/"},"wordCount":1760,"commentCount":0,"publisher":{"@id":"https:\/\/ubanews.com\/site\/#organization"},"image":{"@id":"https:\/\/ubanews.com\/site\/2026\/03\/17\/sintese-das-ocorrencias-policiais-16-03-2026\/#primaryimage"},"thumbnailUrl":"https:\/\/ubanews.com\/site\/wp-content\/uploads\/2026\/03\/2026-03-16-Posse-de-arma-de-fogo-Merces.jpg","keywords":["Carlos Roberto Sodr\u00e9","Fala Sodr\u00e9","Fato Policial","Ocorr\u00eancia Policial","Pol\u00edcia Civil","Pol\u00edcia Militar","Sodr\u00e9","UBANEWS"],"articleSection":["Geral","S\u00edntese das Ocorr\u00eancias","Slide"],"inLanguage":"pt-BR","potentialAction":[{"@type":"CommentAction","name":"Comment","target":["https:\/\/ubanews.com\/site\/2026\/03\/17\/sintese-das-ocorrencias-policiais-16-03-2026\/#respond"]}]},{"@type":"WebPage","@id":"https:\/\/ubanews.com\/site\/2026\/03\/17\/sintese-das-ocorrencias-policiais-16-03-2026\/","url":"https:\/\/ubanews.com\/site\/2026\/03\/17\/sintese-das-ocorrencias-policiais-16-03-2026\/","name":"S\u00edntese das Ocorr\u00eancias Policiais 16\/03\/2026 - Ub\u00e1 News","isPartOf":{"@id":"https:\/\/ubanews.com\/site\/#website"},"primaryImageOfPage":{"@id":"https:\/\/ubanews.com\/site\/2026\/03\/17\/sintese-das-ocorrencias-policiais-16-03-2026\/#primaryimage"},"image":{"@id":"https:\/\/ubanews.com\/site\/2026\/03\/17\/sintese-das-ocorrencias-policiais-16-03-2026\/#primaryimage"},"thumbnailUrl":"https:\/\/ubanews.com\/site\/wp-content\/uploads\/2026\/03\/2026-03-16-Posse-de-arma-de-fogo-Merces.jpg","datePublished":"2026-03-17T16:36:34+00:00","dateModified":"2026-03-17T16:36:38+00:00","description":"S\u00edntese das Ocorr\u00eancias Policiais 16\/03\/2026","breadcrumb":{"@id":"https:\/\/ubanews.com\/site\/2026\/03\/17\/sintese-das-ocorrencias-policiais-16-03-2026\/#breadcrumb"},"inLanguage":"pt-BR","potentialAction":[{"@type":"ReadAction","target":["https:\/\/ubanews.com\/site\/2026\/03\/17\/sintese-das-ocorrencias-policiais-16-03-2026\/"]}]},{"@type":"ImageObject","inLanguage":"pt-BR","@id":"https:\/\/ubanews.com\/site\/2026\/03\/17\/sintese-das-ocorrencias-policiais-16-03-2026\/#primaryimage","url":"https:\/\/ubanews.com\/site\/wp-content\/uploads\/2026\/03\/2026-03-16-Posse-de-arma-de-fogo-Merces.jpg","contentUrl":"https:\/\/ubanews.com\/site\/wp-content\/uploads\/2026\/03\/2026-03-16-Posse-de-arma-de-fogo-Merces.jpg","width":2000,"height":1414},{"@type":"BreadcrumbList","@id":"https:\/\/ubanews.com\/site\/2026\/03\/17\/sintese-das-ocorrencias-policiais-16-03-2026\/#breadcrumb","itemListElement":[{"@type":"ListItem","position":1,"name":"Home","item":"https:\/\/ubanews.com\/site\/"},{"@type":"ListItem","position":2,"name":"S\u00edntese das Ocorr\u00eancias Policiais 16\/03\/2026"}]},{"@type":"WebSite","@id":"https:\/\/ubanews.com\/site\/#website","url":"https:\/\/ubanews.com\/site\/","name":"Ub\u00e1 News","description":"","publisher":{"@id":"https:\/\/ubanews.com\/site\/#organization"},"potentialAction":[{"@type":"SearchAction","target":{"@type":"EntryPoint","urlTemplate":"https:\/\/ubanews.com\/site\/?s={search_term_string}"},"query-input":{"@type":"PropertyValueSpecification","valueRequired":true,"valueName":"search_term_string"}}],"inLanguage":"pt-BR"},{"@type":"Organization","@id":"https:\/\/ubanews.com\/site\/#organization","name":"Ub\u00e1 News","url":"https:\/\/ubanews.com\/site\/","logo":{"@type":"ImageObject","inLanguage":"pt-BR","@id":"https:\/\/ubanews.com\/site\/#\/schema\/logo\/image\/","url":"https:\/\/ubanews.com\/site\/wp-content\/uploads\/2018\/01\/logoubanews.png","contentUrl":"https:\/\/ubanews.com\/site\/wp-content\/uploads\/2018\/01\/logoubanews.png","width":261,"height":99,"caption":"Ub\u00e1 News"},"image":{"@id":"https:\/\/ubanews.com\/site\/#\/schema\/logo\/image\/"},"sameAs":["https:\/\/www.facebook.com\/Ub\u00e1News-Carlos-Roberto-Sodr\u00e9-418778301977370"]},{"@type":"Person","@id":"https:\/\/ubanews.com\/site\/#\/schema\/person\/9d8da9ec3c8d00640ab6e8c81e103310","name":"Carlos Roberto Sodr\u00e9","image":{"@type":"ImageObject","inLanguage":"pt-BR","@id":"https:\/\/secure.gravatar.com\/avatar\/aab322e8555b56c468614fafdab8a8f924e394cdc6cfd8232f77e9e4d123a133?s=96&d=mm&r=g","url":"https:\/\/secure.gravatar.com\/avatar\/aab322e8555b56c468614fafdab8a8f924e394cdc6cfd8232f77e9e4d123a133?s=96&d=mm&r=g","contentUrl":"https:\/\/secure.gravatar.com\/avatar\/aab322e8555b56c468614fafdab8a8f924e394cdc6cfd8232f77e9e4d123a133?s=96&d=mm&r=g","caption":"Carlos Roberto Sodr\u00e9"},"url":"https:\/\/ubanews.com\/site\/author\/sodre\/"}]}},"_links":{"self":[{"href":"https:\/\/ubanews.com\/site\/wp-json\/wp\/v2\/posts\/24296","targetHints":{"allow":["GET"]}}],"collection":[{"href":"https:\/\/ubanews.com\/site\/wp-json\/wp\/v2\/posts"}],"about":[{"href":"https:\/\/ubanews.com\/site\/wp-json\/wp\/v2\/types\/post"}],"author":[{"embeddable":true,"href":"https:\/\/ubanews.com\/site\/wp-json\/wp\/v2\/users\/4"}],"replies":[{"embeddable":true,"href":"https:\/\/ubanews.com\/site\/wp-json\/wp\/v2\/comments?post=24296"}],"version-history":[{"count":0,"href":"https:\/\/ubanews.com\/site\/wp-json\/wp\/v2\/posts\/24296\/revisions"}],"wp:featuredmedia":[{"embeddable":true,"href":"https:\/\/ubanews.com\/site\/wp-json\/wp\/v2\/media\/24300"}],"wp:attachment":[{"href":"https:\/\/ubanews.com\/site\/wp-json\/wp\/v2\/media?parent=24296"}],"wp:term":[{"taxonomy":"category","embeddable":true,"href":"https:\/\/ubanews.com\/site\/wp-json\/wp\/v2\/categories?post=24296"},{"taxonomy":"post_tag","embeddable":true,"href":"https:\/\/ubanews.com\/site\/wp-json\/wp\/v2\/tags?post=24296"}],"curies":[{"name":"wp","href":"https:\/\/api.w.org\/{rel}","templated":true}]}}