{"id":24292,"date":"2026-03-17T07:56:21","date_gmt":"2026-03-17T10:56:21","guid":{"rendered":"https:\/\/ubanews.com\/site\/?p=24292"},"modified":"2026-03-17T07:57:13","modified_gmt":"2026-03-17T10:57:13","slug":"solidariedade-que-cruza-estados-ajuda-humanitaria-de-goias","status":"publish","type":"post","link":"https:\/\/ubanews.com\/site\/2026\/03\/17\/solidariedade-que-cruza-estados-ajuda-humanitaria-de-goias\/","title":{"rendered":"Solidariedade que cruza estados: ajuda humanit\u00e1ria de Goi\u00e1s chega ap\u00f3s entrevista nos Est\u00fadios Fala Sodr\u00e9"},"content":{"rendered":"\n<p>Solidariedade que cruza estados: ajuda humanit\u00e1ria de Goi\u00e1s chega ap\u00f3s entrevista nos Est\u00fadios Fala Sodr\u00e9.<\/p>\n\n\n\n<h2 class=\"wp-block-heading\">Primeiro, um encontro que virou not\u00edcia<\/h2>\n\n\n\n<p>Antes de tudo, os Est\u00fadios <strong>Fala Sodr\u00e9<\/strong> receberam uma entrevista que marcou a semana.<br>Dessa vez, o <strong>m\u00e9dico \u00cdtalo Lacosta<\/strong> e o <strong>pastor Abel Cerqueira<\/strong> conversaram com o rep\u00f3rter <strong>Carlos Roberto Sodr\u00e9<\/strong>.<br>Durante a conversa, ambos explicaram como a ajuda humanit\u00e1ria organizada em Goi\u00e1s ganhou forma.<br>Al\u00e9m disso, detalharam a\u00e7\u00f5es concretas de sa\u00fade, assist\u00eancia social e apoio espiritual.<\/p>\n\n\n\n<p>Nesse contexto, a entrevista n\u00e3o ficou restrita \u00e0s palavras.<br>Pelo contr\u00e1rio, ela se transformou em mobiliza\u00e7\u00e3o real.<br>A partir da comunica\u00e7\u00e3o, surgiram doa\u00e7\u00f5es, voluntariado e log\u00edstica solid\u00e1ria.<\/p>\n\n\n\n<p>Assim, o jornalismo cumpriu um papel essencial.<br>Ao informar, tamb\u00e9m conectou pessoas, institui\u00e7\u00f5es e recursos.<\/p>\n\n\n\n<h2 class=\"wp-block-heading\">Solidariedade que cruza estados: ajuda humanit\u00e1ria de Goi\u00e1s chega ap\u00f3s entrevista nos Est\u00fadios Fala Sodr\u00e9<\/h2>\n\n\n\n<figure class=\"wp-block-image size-large\"><img decoding=\"async\" width=\"1024\" height=\"568\" data-src=\"https:\/\/ubanews.com\/site\/wp-content\/uploads\/2026\/03\/Fala-Sodre-recebe-o-Medico-Italo-Lacosta-e-o-Pastor-Abel-Cerqueira-1024x568.jpg\" alt=\"\" class=\"wp-image-24293 lazyload\" data-srcset=\"https:\/\/ubanews.com\/site\/wp-content\/uploads\/2026\/03\/Fala-Sodre-recebe-o-Medico-Italo-Lacosta-e-o-Pastor-Abel-Cerqueira-1024x568.jpg 1024w, https:\/\/ubanews.com\/site\/wp-content\/uploads\/2026\/03\/Fala-Sodre-recebe-o-Medico-Italo-Lacosta-e-o-Pastor-Abel-Cerqueira-300x167.jpg 300w, https:\/\/ubanews.com\/site\/wp-content\/uploads\/2026\/03\/Fala-Sodre-recebe-o-Medico-Italo-Lacosta-e-o-Pastor-Abel-Cerqueira-768x426.jpg 768w, https:\/\/ubanews.com\/site\/wp-content\/uploads\/2026\/03\/Fala-Sodre-recebe-o-Medico-Italo-Lacosta-e-o-Pastor-Abel-Cerqueira-360x200.jpg 360w, https:\/\/ubanews.com\/site\/wp-content\/uploads\/2026\/03\/Fala-Sodre-recebe-o-Medico-Italo-Lacosta-e-o-Pastor-Abel-Cerqueira.jpg 1045w\" data-sizes=\"(max-width: 1024px) 100vw, 1024px\" src=\"data:image\/svg+xml;base64,PHN2ZyB3aWR0aD0iMSIgaGVpZ2h0PSIxIiB4bWxucz0iaHR0cDovL3d3dy53My5vcmcvMjAwMC9zdmciPjwvc3ZnPg==\" style=\"--smush-placeholder-width: 1024px; --smush-placeholder-aspect-ratio: 1024\/568;\" \/><\/figure>\n\n\n\n<h2 class=\"wp-block-heading\">Em seguida, a for\u00e7a da comunica\u00e7\u00e3o respons\u00e1vel<\/h2>\n\n\n\n<p>Inicialmente, o m\u00e9dico \u00cdtalo Lacosta destacou a import\u00e2ncia da comunica\u00e7\u00e3o s\u00e9ria.<br>Segundo ele, nenhuma a\u00e7\u00e3o humanit\u00e1ria funciona sem credibilidade.<\/p>\n\n\n\n<blockquote class=\"wp-block-quote is-layout-flow wp-block-quote-is-layout-flow\">\n<p>\u201cA primeira coisa que fizemos foi procurar um meio de comunica\u00e7\u00e3o respons\u00e1vel. Precis\u00e1vamos que as pessoas confiassem, para que a ajuda chegasse a quem realmente precisa.\u201d<\/p>\n<\/blockquote>\n\n\n\n<p>Dessa forma, a escolha pelos Est\u00fadios Fala Sodr\u00e9 foi estrat\u00e9gica.<br>Ali, a informa\u00e7\u00e3o circula com responsabilidade e alcance regional.<br>Ao mesmo tempo, a entrevista trouxe transpar\u00eancia.<br>Cada etapa do processo ficou clara para o p\u00fablico.<\/p>\n\n\n\n<p>Portanto, a comunica\u00e7\u00e3o deixou de ser apenas divulga\u00e7\u00e3o.<br>Ela se tornou ferramenta de transforma\u00e7\u00e3o social.<\/p>\n\n\n\n<h2 class=\"wp-block-heading\">Logo depois, a ajuda que veio de Goi\u00e1s<\/h2>\n\n\n\n<p>Posteriormente, a conversa avan\u00e7ou para o ponto central.<br>A ajuda humanit\u00e1ria partiu do estado de <strong>Goi\u00e1s<\/strong>.<br>De l\u00e1, volunt\u00e1rios organizaram medicamentos, insumos m\u00e9dicos e apoio log\u00edstico.<\/p>\n\n\n\n<p>Nesse sentido, o m\u00e9dico explicou que a iniciativa nasceu de conversas simples.<br>Amigos perguntaram como ajudar.<br>Outros ofereceram transporte.<br>Rapidamente, uma corrente do bem se formou.<\/p>\n\n\n\n<blockquote class=\"wp-block-quote is-layout-flow wp-block-quote-is-layout-flow\">\n<p>\u201cConseguimos uma caminhonete cheia de medicamentos. Assim, al\u00e9m da consulta, entregamos o rem\u00e9dio na m\u00e3o da pessoa.\u201d<\/p>\n<\/blockquote>\n\n\n\n<p>Com isso, a a\u00e7\u00e3o ganhou efici\u00eancia.<br>O atendimento n\u00e3o parou na receita.<br>Ele chegou at\u00e9 a solu\u00e7\u00e3o imediata.<\/p>\n\n\n\n<h2 class=\"wp-block-heading\">Al\u00e9m disso, sa\u00fade como prioridade<\/h2>\n\n\n\n<p>Em primeiro lugar, a equipe focou na sa\u00fade b\u00e1sica.<br>Consultas m\u00e9dicas, orienta\u00e7\u00e3o preventiva e triagem ganharam espa\u00e7o.<br>Logo em seguida, outros profissionais se somaram \u00e0 miss\u00e3o.<\/p>\n\n\n\n<p>Entre eles, apareceram uma pediatra e profissionais da odontologia.<br>Mesmo com limita\u00e7\u00f5es de material, o grupo ampliou o alcance.<\/p>\n\n\n\n<blockquote class=\"wp-block-quote is-layout-flow wp-block-quote-is-layout-flow\">\n<p>\u201cMuitas pessoas perderam tudo. Elas deixam de comprar um rem\u00e9dio para tentar reconstruir a casa. A sa\u00fade acaba ficando em segundo plano.\u201d<\/p>\n<\/blockquote>\n\n\n\n<p>Por causa disso, a equipe decidiu atuar diretamente no territ\u00f3rio.<br>Eles atenderam idosos, crian\u00e7as e pessoas em situa\u00e7\u00e3o de vulnerabilidade extrema.<\/p>\n\n\n\n<p>Assim, a medicina cumpriu seu papel social.<\/p>\n\n\n\n<h2 class=\"wp-block-heading\">Enquanto isso, o papel da f\u00e9 e da igreja<\/h2>\n\n\n\n<p>Paralelamente, o pastor <strong>Abel Cerqueira<\/strong> explicou a atua\u00e7\u00e3o das igrejas.<br>Segundo ele, a f\u00e9 n\u00e3o se limita ao culto.<br>Ela se manifesta no cuidado di\u00e1rio.<\/p>\n\n\n\n<blockquote class=\"wp-block-quote is-layout-flow wp-block-quote-is-layout-flow\">\n<p>\u201cO Reino de Deus n\u00e3o \u00e9 s\u00f3 culto. O Reino de Deus \u00e9 abra\u00e7ar, cuidar da ferida e levantar quem caiu.\u201d<\/p>\n<\/blockquote>\n\n\n\n<p>Nesse caminho, igrejas se tornaram pontos de apoio.<br>Elas ofereceram espa\u00e7o para atendimento.<br>Elas organizaram filas.<br>Elas acolheram fam\u00edlias.<\/p>\n\n\n\n<p>Consequentemente, a ajuda ganhou estrutura.<br>O voluntariado encontrou base.<br>A popula\u00e7\u00e3o encontrou confian\u00e7a.<\/p>\n\n\n\n<h2 class=\"wp-block-heading\">Depois disso, atendimento al\u00e9m dos consult\u00f3rios<\/h2>\n\n\n\n<p>Posteriormente, o m\u00e9dico detalhou outra estrat\u00e9gia.<br>A equipe n\u00e3o esperou apenas pela chegada das pessoas.<br>Eles foram at\u00e9 quem n\u00e3o conseguia sair de casa.<\/p>\n\n\n\n<p>Idosos acamados.<br>Pessoas com mobilidade reduzida.<br>Fam\u00edlias isoladas.<\/p>\n\n\n\n<p>\u201cSe a pessoa n\u00e3o vinha at\u00e9 n\u00f3s, n\u00f3s \u00edamos at\u00e9 ela\u201d, explicou \u00cdtalo.<\/p>\n\n\n\n<p>Dessa forma, a assist\u00eancia se tornou ativa.<br>Ela alcan\u00e7ou quem mais precisava.<br>Ela rompeu barreiras f\u00edsicas e sociais.<\/p>\n\n\n\n<h2 class=\"wp-block-heading\">Ao mesmo tempo, organiza\u00e7\u00e3o e log\u00edstica<\/h2>\n\n\n\n<p>Outro ponto importante apareceu durante a entrevista.<br>A log\u00edstica exigiu planejamento.<br>Foi preciso organizar hor\u00e1rios, locais e rotas.<\/p>\n\n\n\n<p>Atendimentos ocorreram em igrejas, regi\u00f5es perif\u00e9ricas e resid\u00eancias.<br>Al\u00e9m disso, a equipe dividiu a\u00e7\u00f5es entre manh\u00e3, tarde e noite.<\/p>\n\n\n\n<p>Segundo o relato, a agenda foi intensa.<br>Mesmo assim, ningu\u00e9m recuou.<\/p>\n\n\n\n<p>Essa disciplina garantiu resultados.<br>Ela permitiu atender mais pessoas em pouco tempo.<\/p>\n\n\n\n<h2 class=\"wp-block-heading\">Ainda assim, doa\u00e7\u00f5es e redes de apoio<\/h2>\n\n\n\n<p>Enquanto a equipe atuava diretamente, outras frentes se abriram.<br>Doa\u00e7\u00f5es chegaram de v\u00e1rias cidades e estados.<br>Algumas vieram de forma an\u00f4nima.<\/p>\n\n\n\n<p>O pastor fez quest\u00e3o de destacar isso.<\/p>\n\n\n\n<blockquote class=\"wp-block-quote is-layout-flow wp-block-quote-is-layout-flow\">\n<p>\u201cTem muita gente que ajudou e a gente nem conhece. Mesmo assim, essas pessoas foram fundamentais.\u201d<\/p>\n<\/blockquote>\n\n\n\n<p>Alimentos, medicamentos, transporte e recursos financeiros fortaleceram a a\u00e7\u00e3o.<br>Cada contribui\u00e7\u00e3o somou.<\/p>\n\n\n\n<p>Assim, a solidariedade ganhou rosto coletivo.<\/p>\n\n\n\n<h2 class=\"wp-block-heading\">Em paralelo, jornalismo que faz a diferen\u00e7a<\/h2>\n\n\n\n<p>Nesse cen\u00e1rio, o trabalho jornal\u00edstico mereceu destaque.<br>Carlos Roberto Sodr\u00e9 conduziu a entrevista com sensibilidade.<br>Ele ouviu, contextualizou e deu espa\u00e7o \u00e0s vozes envolvidas.<\/p>\n\n\n\n<p>As imagens de <strong>Laisa Sodr\u00e9<\/strong> ampliaram o impacto.<br>Elas mostraram rostos, gestos e realidades.<br>N\u00e3o ficaram apenas no discurso.<\/p>\n\n\n\n<p>A <strong>gera\u00e7\u00e3o de conte\u00fado de Pedro Henriques \u2013 INDICCA.COM<\/strong> organizou a narrativa digital.<br>Com isso, a informa\u00e7\u00e3o alcan\u00e7ou novos p\u00fablicos.<\/p>\n\n\n\n<p>Portanto, comunica\u00e7\u00e3o, imagem e conte\u00fado caminharam juntos.<\/p>\n\n\n\n<h2 class=\"wp-block-heading\">Logo ap\u00f3s, credibilidade e responsabilidade<\/h2>\n\n\n\n<p>Durante a entrevista, os entrevistados refor\u00e7aram um ponto.<br>A responsabilidade com a informa\u00e7\u00e3o \u00e9 essencial.<br>Boatos n\u00e3o ajudam.<br>Exageros prejudicam.<\/p>\n\n\n\n<p>\u00cdtalo destacou que a transpar\u00eancia evita desinforma\u00e7\u00e3o.<br>Abel refor\u00e7ou que a confian\u00e7a sustenta a a\u00e7\u00e3o social.<\/p>\n\n\n\n<p>Dessa maneira, o projeto manteve seriedade do in\u00edcio ao fim.<\/p>\n\n\n\n<h2 class=\"wp-block-heading\">Por fim, um exemplo que inspira<\/h2>\n\n\n\n<p>Ao encerrar a entrevista, ficou claro o aprendizado.<br>A ajuda humanit\u00e1ria n\u00e3o nasce do acaso.<br>Ela surge da uni\u00e3o.<br>Ela cresce com comunica\u00e7\u00e3o.<br>Ela se fortalece com compromisso.<\/p>\n\n\n\n<p>A experi\u00eancia mostrou que estados diferentes podem agir juntos.<br>Ela provou que sa\u00fade, f\u00e9 e jornalismo caminham lado a lado.<br>Ela revelou que pequenas decis\u00f5es geram grandes impactos.<\/p>\n\n\n\n<p>Assim, a mobiliza\u00e7\u00e3o iniciada em Goi\u00e1s deixou marcas positivas.<br>Marcas de cuidado.<br>Marcas de empatia.<br>Marcas de responsabilidade social.<\/p>\n\n\n\n<h2 class=\"wp-block-heading\">Em conclus\u00e3o, mais que uma entrevista<\/h2>\n\n\n\n<p>No fim das contas, o encontro nos Est\u00fadios Fala Sodr\u00e9 foi mais que uma conversa.<br>Ele se transformou em a\u00e7\u00e3o concreta.<br>Ele conectou pessoas.<br>Ele salvou tempo.<br>Ele aliviou dores.<\/p>\n\n\n\n<p>A presen\u00e7a do m\u00e9dico \u00cdtalo Lacosta e do pastor Abel Cerqueira mostrou que solidariedade se constr\u00f3i com atitude.<br>A condu\u00e7\u00e3o de Carlos Roberto Sodr\u00e9 garantiu visibilidade e confian\u00e7a.<br>As imagens de Laisa Sodr\u00e9 eternizaram o momento.<br>O conte\u00fado de Pedro Henriques, pela INDICCA.COM, ampliou o alcance digital.<\/p>\n\n\n\n<p>Portanto, o registro dessa entrevista fica como exemplo.<br>Exemplo de jornalismo respons\u00e1vel.<br>Exemplo de a\u00e7\u00e3o humanit\u00e1ria organizada.<br>Exemplo de humanidade em movimento.<\/p>\n\n\n\n<figure class=\"wp-block-embed is-type-video is-provider-youtube wp-block-embed-youtube wp-embed-aspect-16-9 wp-has-aspect-ratio\"><div class=\"wp-block-embed__wrapper\">\n<iframe title=\"Fala Sodr\u00e9: A Caravana da Solidariedade veio de Goi\u00e1s para atender a nossa gente - 16\/03\/2026\" width=\"840\" height=\"473\" data-src=\"https:\/\/www.youtube.com\/embed\/0g5PwGWYdjg?feature=oembed\" frameborder=\"0\" allow=\"accelerometer; autoplay; clipboard-write; encrypted-media; gyroscope; picture-in-picture; web-share\" referrerpolicy=\"strict-origin-when-cross-origin\" allowfullscreen src=\"data:image\/svg+xml;base64,PHN2ZyB3aWR0aD0iMSIgaGVpZ2h0PSIxIiB4bWxucz0iaHR0cDovL3d3dy53My5vcmcvMjAwMC9zdmciPjwvc3ZnPg==\" class=\"lazyload\" data-load-mode=\"1\"><\/iframe>\n<\/div><\/figure>\n\n\n\n<p>&#x1f4da; <strong>Cobertura:<\/strong> Carlos Roberto Sodr\u00e9 <a href=\"https:\/\/wa.me\/553298481334\">WhatsApp<\/a><\/p>\n\n\n\n<p>&#x1f4f8; <strong>Imagens:<\/strong> Laisa Sodr\u00e9 \/ Felipe Oliveira<\/p>\n\n\n\n<p>&#x1f4dd; <strong>Conte\u00fado: <\/strong><a href=\"https:\/\/www.linkedin.com\/in\/pedrohgf\/\">Pedro Henriques<\/a> \u2013 <a href=\"https:\/\/indicca.com.br\/blog\/\">INDICCA.COM<\/a>&nbsp; <a href=\"https:\/\/wa.me\/5532988020057\">WhatsApp<\/a><\/p>\n\n\n\n<p>&#x1f393; <strong>Evento:<\/strong> Solidariedade que cruza estados: ajuda humanit\u00e1ria de Goi\u00e1s chega ap\u00f3s entrevista nos Est\u00fadios Fala Sodr\u00e9<\/p>\n\n\n\n<h2 class=\"wp-block-heading\">Hashtags <\/h2>\n\n\n\n<p>#AjudaHumanit\u00e1ria<br>#Solidariedade<br>#Sa\u00fadeParaTodos<br>#A\u00e7\u00e3oSocial<br>#Goi\u00e1sSolid\u00e1rio<br>#FalaSodr\u00e9<br>#CarlosRobertoSodr\u00e9<br>#\u00cdtaloLacosta<br>#AbelCerqueira<br>#JornalismoRespons\u00e1vel<br>#Comunica\u00e7\u00e3oQueTransforma<br>#INDICCA<br>#PedroHenriques<br>#LaisaSodr\u00e9<br>#Voluntariado<br>#HumanidadeEmA\u00e7\u00e3o<\/p>\n","protected":false},"excerpt":{"rendered":"<p>Nos Est\u00fadios Fala Sodr\u00e9, o rep\u00f3rter Carlos Roberto Sodr\u00e9 entrevistou o m\u00e9dico \u00cdtalo Lacosta e o pastor Abel Cerqueira sobre a ajuda humanit\u00e1ria que veio de Goi\u00e1s. A conversa mostrou como a uni\u00e3o entre sa\u00fade, f\u00e9 e comunica\u00e7\u00e3o respons\u00e1vel gerou atendimentos m\u00e9dicos, doa\u00e7\u00e3o de medicamentos e apoio a fam\u00edlias em situa\u00e7\u00e3o de vulnerabilidade. O trabalho contou com o acolhimento das igrejas, organiza\u00e7\u00e3o volunt\u00e1ria e ampla mobiliza\u00e7\u00e3o solid\u00e1ria. Imagens de Laisa Sodr\u00e9 e gera\u00e7\u00e3o de conte\u00fado de Pedro Henriques, da INDICCA.COM, ampliaram o alcance da iniciativa.<\/p>\n","protected":false},"author":4,"featured_media":24293,"comment_status":"open","ping_status":"open","sticky":false,"template":"","format":"standard","meta":{"footnotes":""},"categories":[45,1,3],"tags":[605,568,440,410,606,274,603,607,394,604,578,393,397,602,484,549],"class_list":["post-24292","post","type-post","status-publish","format-standard","has-post-thumbnail","hentry","category-destaque-principal","category-sem-categoria","category-slide","tag-abelcerqueira","tag-acaosocial","tag-ajudahumanitaria","tag-carlosrobertosodre","tag-comunicacaoquetransforma","tag-falasodre","tag-goiassolidario","tag-humanidadeemacao","tag-indicca","tag-italolacosta","tag-jornalismoresponsavel","tag-laisasodre","tag-pedrohenriques","tag-saudeparatodos","tag-solidariedade","tag-voluntariado"],"yoast_head":"<!-- This site is optimized with the Yoast SEO plugin v27.2 - https:\/\/yoast.com\/product\/yoast-seo-wordpress\/ -->\n<title>Solidariedade que cruza estados: ajuda humanit\u00e1ria de Goi\u00e1s chega ap\u00f3s entrevista nos Est\u00fadios Fala Sodr\u00e9 - Ub\u00e1 News<\/title>\n<meta name=\"description\" content=\"Solidariedade que cruza estados: ajuda humanit\u00e1ria de Goi\u00e1s chega ap\u00f3s entrevista nos Est\u00fadios Fala Sodr\u00e9\" \/>\n<meta name=\"robots\" content=\"index, follow, max-snippet:-1, max-image-preview:large, max-video-preview:-1\" \/>\n<link rel=\"canonical\" href=\"https:\/\/ubanews.com\/site\/2026\/03\/17\/solidariedade-que-cruza-estados-ajuda-humanitaria-de-goias\/\" \/>\n<meta property=\"og:locale\" content=\"pt_BR\" \/>\n<meta property=\"og:type\" content=\"article\" \/>\n<meta property=\"og:title\" content=\"Solidariedade que cruza estados: ajuda humanit\u00e1ria de Goi\u00e1s chega ap\u00f3s entrevista nos Est\u00fadios Fala Sodr\u00e9 - Ub\u00e1 News\" \/>\n<meta property=\"og:description\" content=\"Solidariedade que cruza estados: ajuda humanit\u00e1ria de Goi\u00e1s chega ap\u00f3s entrevista nos Est\u00fadios Fala Sodr\u00e9\" \/>\n<meta property=\"og:url\" content=\"https:\/\/ubanews.com\/site\/2026\/03\/17\/solidariedade-que-cruza-estados-ajuda-humanitaria-de-goias\/\" \/>\n<meta property=\"og:site_name\" content=\"Ub\u00e1 News\" \/>\n<meta property=\"article:publisher\" content=\"https:\/\/www.facebook.com\/Ub%c3%a1News-Carlos-Roberto-Sodr%c3%a9-418778301977370\" \/>\n<meta property=\"article:published_time\" content=\"2026-03-17T10:56:21+00:00\" \/>\n<meta property=\"article:modified_time\" content=\"2026-03-17T10:57:13+00:00\" \/>\n<meta property=\"og:image\" content=\"https:\/\/ubanews.com\/site\/wp-content\/uploads\/2026\/03\/Fala-Sodre-recebe-o-Medico-Italo-Lacosta-e-o-Pastor-Abel-Cerqueira.jpg\" \/>\n\t<meta property=\"og:image:width\" content=\"1045\" \/>\n\t<meta property=\"og:image:height\" content=\"580\" \/>\n\t<meta property=\"og:image:type\" content=\"image\/jpeg\" \/>\n<meta name=\"author\" content=\"Carlos Roberto Sodr\u00e9\" \/>\n<meta name=\"twitter:card\" content=\"summary_large_image\" \/>\n<meta name=\"twitter:label1\" content=\"Escrito por\" \/>\n\t<meta name=\"twitter:data1\" content=\"Carlos Roberto Sodr\u00e9\" \/>\n\t<meta name=\"twitter:label2\" content=\"Est. tempo de leitura\" \/>\n\t<meta name=\"twitter:data2\" content=\"6 minutos\" \/>\n<script type=\"application\/ld+json\" class=\"yoast-schema-graph\">{\"@context\":\"https:\/\/schema.org\",\"@graph\":[{\"@type\":\"Article\",\"@id\":\"https:\/\/ubanews.com\/site\/2026\/03\/17\/solidariedade-que-cruza-estados-ajuda-humanitaria-de-goias\/#article\",\"isPartOf\":{\"@id\":\"https:\/\/ubanews.com\/site\/2026\/03\/17\/solidariedade-que-cruza-estados-ajuda-humanitaria-de-goias\/\"},\"author\":{\"name\":\"Carlos Roberto Sodr\u00e9\",\"@id\":\"https:\/\/ubanews.com\/site\/#\/schema\/person\/9d8da9ec3c8d00640ab6e8c81e103310\"},\"headline\":\"Solidariedade que cruza estados: ajuda humanit\u00e1ria de Goi\u00e1s chega ap\u00f3s entrevista nos Est\u00fadios Fala Sodr\u00e9\",\"datePublished\":\"2026-03-17T10:56:21+00:00\",\"dateModified\":\"2026-03-17T10:57:13+00:00\",\"mainEntityOfPage\":{\"@id\":\"https:\/\/ubanews.com\/site\/2026\/03\/17\/solidariedade-que-cruza-estados-ajuda-humanitaria-de-goias\/\"},\"wordCount\":1297,\"commentCount\":0,\"publisher\":{\"@id\":\"https:\/\/ubanews.com\/site\/#organization\"},\"image\":{\"@id\":\"https:\/\/ubanews.com\/site\/2026\/03\/17\/solidariedade-que-cruza-estados-ajuda-humanitaria-de-goias\/#primaryimage\"},\"thumbnailUrl\":\"https:\/\/ubanews.com\/site\/wp-content\/uploads\/2026\/03\/Fala-Sodre-recebe-o-Medico-Italo-Lacosta-e-o-Pastor-Abel-Cerqueira.jpg\",\"keywords\":[\"AbelCerqueira\",\"A\u00e7\u00e3oSocial\",\"AjudaHumanit\u00e1ria\",\"CarlosRobertoSodr\u00e9\",\"Comunica\u00e7\u00e3oQueTransforma\",\"FalaSodr\u00e9\",\"Goi\u00e1sSolid\u00e1rio\",\"HumanidadeEmA\u00e7\u00e3o\",\"Indicca\",\"\u00cdtaloLacosta\",\"JornalismoRespons\u00e1vel\",\"LaisaSodr\u00e9\",\"PedroHenriques\",\"Sa\u00fadeParaTodos\",\"Solidariedade\",\"Voluntariado\"],\"articleSection\":[\"DESTAQUE PRINCIPAL\",\"Geral\",\"Slide\"],\"inLanguage\":\"pt-BR\",\"potentialAction\":[{\"@type\":\"CommentAction\",\"name\":\"Comment\",\"target\":[\"https:\/\/ubanews.com\/site\/2026\/03\/17\/solidariedade-que-cruza-estados-ajuda-humanitaria-de-goias\/#respond\"]}]},{\"@type\":\"WebPage\",\"@id\":\"https:\/\/ubanews.com\/site\/2026\/03\/17\/solidariedade-que-cruza-estados-ajuda-humanitaria-de-goias\/\",\"url\":\"https:\/\/ubanews.com\/site\/2026\/03\/17\/solidariedade-que-cruza-estados-ajuda-humanitaria-de-goias\/\",\"name\":\"Solidariedade que cruza estados: ajuda humanit\u00e1ria de Goi\u00e1s chega ap\u00f3s entrevista nos Est\u00fadios Fala Sodr\u00e9 - Ub\u00e1 News\",\"isPartOf\":{\"@id\":\"https:\/\/ubanews.com\/site\/#website\"},\"primaryImageOfPage\":{\"@id\":\"https:\/\/ubanews.com\/site\/2026\/03\/17\/solidariedade-que-cruza-estados-ajuda-humanitaria-de-goias\/#primaryimage\"},\"image\":{\"@id\":\"https:\/\/ubanews.com\/site\/2026\/03\/17\/solidariedade-que-cruza-estados-ajuda-humanitaria-de-goias\/#primaryimage\"},\"thumbnailUrl\":\"https:\/\/ubanews.com\/site\/wp-content\/uploads\/2026\/03\/Fala-Sodre-recebe-o-Medico-Italo-Lacosta-e-o-Pastor-Abel-Cerqueira.jpg\",\"datePublished\":\"2026-03-17T10:56:21+00:00\",\"dateModified\":\"2026-03-17T10:57:13+00:00\",\"description\":\"Solidariedade que cruza estados: ajuda humanit\u00e1ria de Goi\u00e1s chega ap\u00f3s entrevista nos Est\u00fadios Fala Sodr\u00e9\",\"breadcrumb\":{\"@id\":\"https:\/\/ubanews.com\/site\/2026\/03\/17\/solidariedade-que-cruza-estados-ajuda-humanitaria-de-goias\/#breadcrumb\"},\"inLanguage\":\"pt-BR\",\"potentialAction\":[{\"@type\":\"ReadAction\",\"target\":[\"https:\/\/ubanews.com\/site\/2026\/03\/17\/solidariedade-que-cruza-estados-ajuda-humanitaria-de-goias\/\"]}]},{\"@type\":\"ImageObject\",\"inLanguage\":\"pt-BR\",\"@id\":\"https:\/\/ubanews.com\/site\/2026\/03\/17\/solidariedade-que-cruza-estados-ajuda-humanitaria-de-goias\/#primaryimage\",\"url\":\"https:\/\/ubanews.com\/site\/wp-content\/uploads\/2026\/03\/Fala-Sodre-recebe-o-Medico-Italo-Lacosta-e-o-Pastor-Abel-Cerqueira.jpg\",\"contentUrl\":\"https:\/\/ubanews.com\/site\/wp-content\/uploads\/2026\/03\/Fala-Sodre-recebe-o-Medico-Italo-Lacosta-e-o-Pastor-Abel-Cerqueira.jpg\",\"width\":1045,\"height\":580},{\"@type\":\"BreadcrumbList\",\"@id\":\"https:\/\/ubanews.com\/site\/2026\/03\/17\/solidariedade-que-cruza-estados-ajuda-humanitaria-de-goias\/#breadcrumb\",\"itemListElement\":[{\"@type\":\"ListItem\",\"position\":1,\"name\":\"Home\",\"item\":\"https:\/\/ubanews.com\/site\/\"},{\"@type\":\"ListItem\",\"position\":2,\"name\":\"Solidariedade que cruza estados: ajuda humanit\u00e1ria de Goi\u00e1s chega ap\u00f3s entrevista nos Est\u00fadios Fala Sodr\u00e9\"}]},{\"@type\":\"WebSite\",\"@id\":\"https:\/\/ubanews.com\/site\/#website\",\"url\":\"https:\/\/ubanews.com\/site\/\",\"name\":\"Ub\u00e1 News\",\"description\":\"\",\"publisher\":{\"@id\":\"https:\/\/ubanews.com\/site\/#organization\"},\"potentialAction\":[{\"@type\":\"SearchAction\",\"target\":{\"@type\":\"EntryPoint\",\"urlTemplate\":\"https:\/\/ubanews.com\/site\/?s={search_term_string}\"},\"query-input\":{\"@type\":\"PropertyValueSpecification\",\"valueRequired\":true,\"valueName\":\"search_term_string\"}}],\"inLanguage\":\"pt-BR\"},{\"@type\":\"Organization\",\"@id\":\"https:\/\/ubanews.com\/site\/#organization\",\"name\":\"Ub\u00e1 News\",\"url\":\"https:\/\/ubanews.com\/site\/\",\"logo\":{\"@type\":\"ImageObject\",\"inLanguage\":\"pt-BR\",\"@id\":\"https:\/\/ubanews.com\/site\/#\/schema\/logo\/image\/\",\"url\":\"https:\/\/ubanews.com\/site\/wp-content\/uploads\/2018\/01\/logoubanews.png\",\"contentUrl\":\"https:\/\/ubanews.com\/site\/wp-content\/uploads\/2018\/01\/logoubanews.png\",\"width\":261,\"height\":99,\"caption\":\"Ub\u00e1 News\"},\"image\":{\"@id\":\"https:\/\/ubanews.com\/site\/#\/schema\/logo\/image\/\"},\"sameAs\":[\"https:\/\/www.facebook.com\/Ub\u00e1News-Carlos-Roberto-Sodr\u00e9-418778301977370\"]},{\"@type\":\"Person\",\"@id\":\"https:\/\/ubanews.com\/site\/#\/schema\/person\/9d8da9ec3c8d00640ab6e8c81e103310\",\"name\":\"Carlos Roberto Sodr\u00e9\",\"image\":{\"@type\":\"ImageObject\",\"inLanguage\":\"pt-BR\",\"@id\":\"https:\/\/secure.gravatar.com\/avatar\/aab322e8555b56c468614fafdab8a8f924e394cdc6cfd8232f77e9e4d123a133?s=96&d=mm&r=g\",\"url\":\"https:\/\/secure.gravatar.com\/avatar\/aab322e8555b56c468614fafdab8a8f924e394cdc6cfd8232f77e9e4d123a133?s=96&d=mm&r=g\",\"contentUrl\":\"https:\/\/secure.gravatar.com\/avatar\/aab322e8555b56c468614fafdab8a8f924e394cdc6cfd8232f77e9e4d123a133?s=96&d=mm&r=g\",\"caption\":\"Carlos Roberto Sodr\u00e9\"},\"url\":\"https:\/\/ubanews.com\/site\/author\/sodre\/\"}]}<\/script>\n<!-- \/ Yoast SEO plugin. -->","yoast_head_json":{"title":"Solidariedade que cruza estados: ajuda humanit\u00e1ria de Goi\u00e1s chega ap\u00f3s entrevista nos Est\u00fadios Fala Sodr\u00e9 - Ub\u00e1 News","description":"Solidariedade que cruza estados: ajuda humanit\u00e1ria de Goi\u00e1s chega ap\u00f3s entrevista nos Est\u00fadios Fala Sodr\u00e9","robots":{"index":"index","follow":"follow","max-snippet":"max-snippet:-1","max-image-preview":"max-image-preview:large","max-video-preview":"max-video-preview:-1"},"canonical":"https:\/\/ubanews.com\/site\/2026\/03\/17\/solidariedade-que-cruza-estados-ajuda-humanitaria-de-goias\/","og_locale":"pt_BR","og_type":"article","og_title":"Solidariedade que cruza estados: ajuda humanit\u00e1ria de Goi\u00e1s chega ap\u00f3s entrevista nos Est\u00fadios Fala Sodr\u00e9 - Ub\u00e1 News","og_description":"Solidariedade que cruza estados: ajuda humanit\u00e1ria de Goi\u00e1s chega ap\u00f3s entrevista nos Est\u00fadios Fala Sodr\u00e9","og_url":"https:\/\/ubanews.com\/site\/2026\/03\/17\/solidariedade-que-cruza-estados-ajuda-humanitaria-de-goias\/","og_site_name":"Ub\u00e1 News","article_publisher":"https:\/\/www.facebook.com\/Ub%c3%a1News-Carlos-Roberto-Sodr%c3%a9-418778301977370","article_published_time":"2026-03-17T10:56:21+00:00","article_modified_time":"2026-03-17T10:57:13+00:00","og_image":[{"width":1045,"height":580,"url":"https:\/\/ubanews.com\/site\/wp-content\/uploads\/2026\/03\/Fala-Sodre-recebe-o-Medico-Italo-Lacosta-e-o-Pastor-Abel-Cerqueira.jpg","type":"image\/jpeg"}],"author":"Carlos Roberto Sodr\u00e9","twitter_card":"summary_large_image","twitter_misc":{"Escrito por":"Carlos Roberto Sodr\u00e9","Est. tempo de leitura":"6 minutos"},"schema":{"@context":"https:\/\/schema.org","@graph":[{"@type":"Article","@id":"https:\/\/ubanews.com\/site\/2026\/03\/17\/solidariedade-que-cruza-estados-ajuda-humanitaria-de-goias\/#article","isPartOf":{"@id":"https:\/\/ubanews.com\/site\/2026\/03\/17\/solidariedade-que-cruza-estados-ajuda-humanitaria-de-goias\/"},"author":{"name":"Carlos Roberto Sodr\u00e9","@id":"https:\/\/ubanews.com\/site\/#\/schema\/person\/9d8da9ec3c8d00640ab6e8c81e103310"},"headline":"Solidariedade que cruza estados: ajuda humanit\u00e1ria de Goi\u00e1s chega ap\u00f3s entrevista nos Est\u00fadios Fala Sodr\u00e9","datePublished":"2026-03-17T10:56:21+00:00","dateModified":"2026-03-17T10:57:13+00:00","mainEntityOfPage":{"@id":"https:\/\/ubanews.com\/site\/2026\/03\/17\/solidariedade-que-cruza-estados-ajuda-humanitaria-de-goias\/"},"wordCount":1297,"commentCount":0,"publisher":{"@id":"https:\/\/ubanews.com\/site\/#organization"},"image":{"@id":"https:\/\/ubanews.com\/site\/2026\/03\/17\/solidariedade-que-cruza-estados-ajuda-humanitaria-de-goias\/#primaryimage"},"thumbnailUrl":"https:\/\/ubanews.com\/site\/wp-content\/uploads\/2026\/03\/Fala-Sodre-recebe-o-Medico-Italo-Lacosta-e-o-Pastor-Abel-Cerqueira.jpg","keywords":["AbelCerqueira","A\u00e7\u00e3oSocial","AjudaHumanit\u00e1ria","CarlosRobertoSodr\u00e9","Comunica\u00e7\u00e3oQueTransforma","FalaSodr\u00e9","Goi\u00e1sSolid\u00e1rio","HumanidadeEmA\u00e7\u00e3o","Indicca","\u00cdtaloLacosta","JornalismoRespons\u00e1vel","LaisaSodr\u00e9","PedroHenriques","Sa\u00fadeParaTodos","Solidariedade","Voluntariado"],"articleSection":["DESTAQUE PRINCIPAL","Geral","Slide"],"inLanguage":"pt-BR","potentialAction":[{"@type":"CommentAction","name":"Comment","target":["https:\/\/ubanews.com\/site\/2026\/03\/17\/solidariedade-que-cruza-estados-ajuda-humanitaria-de-goias\/#respond"]}]},{"@type":"WebPage","@id":"https:\/\/ubanews.com\/site\/2026\/03\/17\/solidariedade-que-cruza-estados-ajuda-humanitaria-de-goias\/","url":"https:\/\/ubanews.com\/site\/2026\/03\/17\/solidariedade-que-cruza-estados-ajuda-humanitaria-de-goias\/","name":"Solidariedade que cruza estados: ajuda humanit\u00e1ria de Goi\u00e1s chega ap\u00f3s entrevista nos Est\u00fadios Fala Sodr\u00e9 - Ub\u00e1 News","isPartOf":{"@id":"https:\/\/ubanews.com\/site\/#website"},"primaryImageOfPage":{"@id":"https:\/\/ubanews.com\/site\/2026\/03\/17\/solidariedade-que-cruza-estados-ajuda-humanitaria-de-goias\/#primaryimage"},"image":{"@id":"https:\/\/ubanews.com\/site\/2026\/03\/17\/solidariedade-que-cruza-estados-ajuda-humanitaria-de-goias\/#primaryimage"},"thumbnailUrl":"https:\/\/ubanews.com\/site\/wp-content\/uploads\/2026\/03\/Fala-Sodre-recebe-o-Medico-Italo-Lacosta-e-o-Pastor-Abel-Cerqueira.jpg","datePublished":"2026-03-17T10:56:21+00:00","dateModified":"2026-03-17T10:57:13+00:00","description":"Solidariedade que cruza estados: ajuda humanit\u00e1ria de Goi\u00e1s chega ap\u00f3s entrevista nos Est\u00fadios Fala Sodr\u00e9","breadcrumb":{"@id":"https:\/\/ubanews.com\/site\/2026\/03\/17\/solidariedade-que-cruza-estados-ajuda-humanitaria-de-goias\/#breadcrumb"},"inLanguage":"pt-BR","potentialAction":[{"@type":"ReadAction","target":["https:\/\/ubanews.com\/site\/2026\/03\/17\/solidariedade-que-cruza-estados-ajuda-humanitaria-de-goias\/"]}]},{"@type":"ImageObject","inLanguage":"pt-BR","@id":"https:\/\/ubanews.com\/site\/2026\/03\/17\/solidariedade-que-cruza-estados-ajuda-humanitaria-de-goias\/#primaryimage","url":"https:\/\/ubanews.com\/site\/wp-content\/uploads\/2026\/03\/Fala-Sodre-recebe-o-Medico-Italo-Lacosta-e-o-Pastor-Abel-Cerqueira.jpg","contentUrl":"https:\/\/ubanews.com\/site\/wp-content\/uploads\/2026\/03\/Fala-Sodre-recebe-o-Medico-Italo-Lacosta-e-o-Pastor-Abel-Cerqueira.jpg","width":1045,"height":580},{"@type":"BreadcrumbList","@id":"https:\/\/ubanews.com\/site\/2026\/03\/17\/solidariedade-que-cruza-estados-ajuda-humanitaria-de-goias\/#breadcrumb","itemListElement":[{"@type":"ListItem","position":1,"name":"Home","item":"https:\/\/ubanews.com\/site\/"},{"@type":"ListItem","position":2,"name":"Solidariedade que cruza estados: ajuda humanit\u00e1ria de Goi\u00e1s chega ap\u00f3s entrevista nos Est\u00fadios Fala Sodr\u00e9"}]},{"@type":"WebSite","@id":"https:\/\/ubanews.com\/site\/#website","url":"https:\/\/ubanews.com\/site\/","name":"Ub\u00e1 News","description":"","publisher":{"@id":"https:\/\/ubanews.com\/site\/#organization"},"potentialAction":[{"@type":"SearchAction","target":{"@type":"EntryPoint","urlTemplate":"https:\/\/ubanews.com\/site\/?s={search_term_string}"},"query-input":{"@type":"PropertyValueSpecification","valueRequired":true,"valueName":"search_term_string"}}],"inLanguage":"pt-BR"},{"@type":"Organization","@id":"https:\/\/ubanews.com\/site\/#organization","name":"Ub\u00e1 News","url":"https:\/\/ubanews.com\/site\/","logo":{"@type":"ImageObject","inLanguage":"pt-BR","@id":"https:\/\/ubanews.com\/site\/#\/schema\/logo\/image\/","url":"https:\/\/ubanews.com\/site\/wp-content\/uploads\/2018\/01\/logoubanews.png","contentUrl":"https:\/\/ubanews.com\/site\/wp-content\/uploads\/2018\/01\/logoubanews.png","width":261,"height":99,"caption":"Ub\u00e1 News"},"image":{"@id":"https:\/\/ubanews.com\/site\/#\/schema\/logo\/image\/"},"sameAs":["https:\/\/www.facebook.com\/Ub\u00e1News-Carlos-Roberto-Sodr\u00e9-418778301977370"]},{"@type":"Person","@id":"https:\/\/ubanews.com\/site\/#\/schema\/person\/9d8da9ec3c8d00640ab6e8c81e103310","name":"Carlos Roberto Sodr\u00e9","image":{"@type":"ImageObject","inLanguage":"pt-BR","@id":"https:\/\/secure.gravatar.com\/avatar\/aab322e8555b56c468614fafdab8a8f924e394cdc6cfd8232f77e9e4d123a133?s=96&d=mm&r=g","url":"https:\/\/secure.gravatar.com\/avatar\/aab322e8555b56c468614fafdab8a8f924e394cdc6cfd8232f77e9e4d123a133?s=96&d=mm&r=g","contentUrl":"https:\/\/secure.gravatar.com\/avatar\/aab322e8555b56c468614fafdab8a8f924e394cdc6cfd8232f77e9e4d123a133?s=96&d=mm&r=g","caption":"Carlos Roberto Sodr\u00e9"},"url":"https:\/\/ubanews.com\/site\/author\/sodre\/"}]}},"_links":{"self":[{"href":"https:\/\/ubanews.com\/site\/wp-json\/wp\/v2\/posts\/24292","targetHints":{"allow":["GET"]}}],"collection":[{"href":"https:\/\/ubanews.com\/site\/wp-json\/wp\/v2\/posts"}],"about":[{"href":"https:\/\/ubanews.com\/site\/wp-json\/wp\/v2\/types\/post"}],"author":[{"embeddable":true,"href":"https:\/\/ubanews.com\/site\/wp-json\/wp\/v2\/users\/4"}],"replies":[{"embeddable":true,"href":"https:\/\/ubanews.com\/site\/wp-json\/wp\/v2\/comments?post=24292"}],"version-history":[{"count":0,"href":"https:\/\/ubanews.com\/site\/wp-json\/wp\/v2\/posts\/24292\/revisions"}],"wp:featuredmedia":[{"embeddable":true,"href":"https:\/\/ubanews.com\/site\/wp-json\/wp\/v2\/media\/24293"}],"wp:attachment":[{"href":"https:\/\/ubanews.com\/site\/wp-json\/wp\/v2\/media?parent=24292"}],"wp:term":[{"taxonomy":"category","embeddable":true,"href":"https:\/\/ubanews.com\/site\/wp-json\/wp\/v2\/categories?post=24292"},{"taxonomy":"post_tag","embeddable":true,"href":"https:\/\/ubanews.com\/site\/wp-json\/wp\/v2\/tags?post=24292"}],"curies":[{"name":"wp","href":"https:\/\/api.w.org\/{rel}","templated":true}]}}