{"id":24256,"date":"2026-03-16T10:52:04","date_gmt":"2026-03-16T13:52:04","guid":{"rendered":"https:\/\/ubanews.com\/site\/?p=24256"},"modified":"2026-03-16T10:52:12","modified_gmt":"2026-03-16T13:52:12","slug":"sintese-das-ocorrencias-policiais-13-ate-15-03-2026","status":"publish","type":"post","link":"https:\/\/ubanews.com\/site\/2026\/03\/16\/sintese-das-ocorrencias-policiais-13-ate-15-03-2026\/","title":{"rendered":"S\u00edntese das Ocorr\u00eancias Policiais 13..15\/03\/2026"},"content":{"rendered":"\n<h2 class=\"wp-block-heading\">S\u00edntese das Ocorr\u00eancias Policiais 13 at\u00e9 15\/03\/2026<\/h2>\n\n\n\n<p><strong>2026-011711734-001 \u2013 POL\u00cdCIA MILITAR PRENDE FORAGIDO DA JUSTI\u00c7A EM RODEIRO<\/strong><\/p>\n\n\n\n<p><strong>LOCAL&nbsp;&nbsp;&nbsp;&nbsp; <\/strong>RODEIRO \u2013 Av. Das Ind\u00fastrias \u2013 Bairro Belo Horizonte<\/p>\n\n\n\n<p><strong>DATA&nbsp;&nbsp;&nbsp;&nbsp;&nbsp;&nbsp;&nbsp; <\/strong>13\/03\/2026<\/p>\n\n\n\n<p><strong>HORA&nbsp;&nbsp;&nbsp;&nbsp;&nbsp;&nbsp; <\/strong>12h50min<\/p>\n\n\n\n<p>&nbsp;&nbsp;&nbsp;&nbsp;&nbsp;&nbsp;&nbsp;&nbsp;&nbsp;&nbsp;&nbsp;&nbsp;&nbsp;&nbsp;&nbsp; Durante patrulhamento, a guarni\u00e7\u00e3o policial recebeu informa\u00e7\u00f5es de que um individuo de 19 anos, foragido da justi\u00e7a, estaria transitando pela avenida. No local o indiv\u00edduo foi devidamente abordado, n\u00e3o sendo localizado nenhum material il\u00edcito durante a busca pessoal. Ap\u00f3s consulta ao sistema informatizado, foi confirmada a exist\u00eancia do mandado de pris\u00e3o.<\/p>\n\n\n\n<p>Diante dos fatos, foi dada voz de pris\u00e3o ao autor, sendo-lhe garantidos seus direitos constitucionais. O conduzido foi encaminhado ao hospital para os procedimentos de praxe e, posteriormente, apresentado \u00e0 Delegacia de Pol\u00edcia Civil para as demais provid\u00eancias legais.<\/p>\n\n\n\n<p>TOCANTINS \u2013 R. Alferes Joaquim da Rocha \u2013 Patrim\u00f4nio<\/p>\n\n\n\n<p><strong>DATA&nbsp;&nbsp;&nbsp;&nbsp;&nbsp;&nbsp;&nbsp; <\/strong>13\/03\/2026<\/p>\n\n\n\n<p><strong>HORA&nbsp;&nbsp;&nbsp;&nbsp;&nbsp;&nbsp; <\/strong>14h00min<\/p>\n\n\n\n<figure class=\"wp-block-image size-large\"><img decoding=\"async\" width=\"1024\" height=\"724\" data-src=\"https:\/\/ubanews.com\/site\/wp-content\/uploads\/2026\/03\/2026-03-13-Trafico-de-drogas-Patrimonio-Tocantins-1024x724.jpg\" alt=\"\" class=\"wp-image-24257 lazyload\" data-srcset=\"https:\/\/ubanews.com\/site\/wp-content\/uploads\/2026\/03\/2026-03-13-Trafico-de-drogas-Patrimonio-Tocantins-1024x724.jpg 1024w, https:\/\/ubanews.com\/site\/wp-content\/uploads\/2026\/03\/2026-03-13-Trafico-de-drogas-Patrimonio-Tocantins-300x212.jpg 300w, https:\/\/ubanews.com\/site\/wp-content\/uploads\/2026\/03\/2026-03-13-Trafico-de-drogas-Patrimonio-Tocantins-768x543.jpg 768w, https:\/\/ubanews.com\/site\/wp-content\/uploads\/2026\/03\/2026-03-13-Trafico-de-drogas-Patrimonio-Tocantins-1536x1086.jpg 1536w, https:\/\/ubanews.com\/site\/wp-content\/uploads\/2026\/03\/2026-03-13-Trafico-de-drogas-Patrimonio-Tocantins.jpg 2000w\" data-sizes=\"(max-width: 1024px) 100vw, 1024px\" src=\"data:image\/svg+xml;base64,PHN2ZyB3aWR0aD0iMSIgaGVpZ2h0PSIxIiB4bWxucz0iaHR0cDovL3d3dy53My5vcmcvMjAwMC9zdmciPjwvc3ZnPg==\" style=\"--smush-placeholder-width: 1024px; --smush-placeholder-aspect-ratio: 1024\/724;\" \/><\/figure>\n\n\n\n<p>&nbsp;&nbsp;&nbsp;&nbsp;&nbsp;&nbsp;&nbsp;&nbsp;&nbsp;&nbsp;&nbsp;&nbsp;&nbsp;&nbsp;&nbsp; Durante patrulhamento preventivo pelo bairro Patrim\u00f4nio, no munic\u00edpio de Tocantins, a Pol\u00edcia Militar visualizou um indiv\u00edduo de 26 anos em atitude suspeita nas proximidades de um im\u00f3vel conhecido por den\u00fancias relacionadas ao tr\u00e1fico de drogas. Ao perceber a presen\u00e7a da viatura, o suspeito correu em dire\u00e7\u00e3o \u00e0 resid\u00eancia segurando uma sacola, tentando fugir pelos fundos do local.<\/p>\n\n\n\n<p>Diante da situa\u00e7\u00e3o, os militares realizaram entrada t\u00e1tica no im\u00f3vel, que apresentava caracter\u00edsticas t\u00edpicas de ponto de venda de entorpecentes. Durante as buscas, foram localizados 16 pinos contendo subst\u00e2ncia an\u00e1loga \u00e0 coca\u00edna, espalhados pelo trajeto utilizado na tentativa de fuga. Tamb\u00e9m foram encontrados um aparelho celular e uma folha com anota\u00e7\u00f5es relacionadas \u00e0 comercializa\u00e7\u00e3o de drogas.<\/p>\n\n\n\n<p>Os suspeitos inicialmente conseguiram fugir em dire\u00e7\u00e3o a uma \u00e1rea de mata nos fundos da resid\u00eancia. Durante as dilig\u00eancias no local, os policiais localizaram ainda um cano enterrado, utilizado para ocultar subst\u00e2ncias il\u00edcitas destinadas \u00e0 venda.<\/p>\n\n\n\n<p>Ap\u00f3s intensifica\u00e7\u00e3o do patrulhamento nas imedia\u00e7\u00f5es, o mesmo indiv\u00edduo foi novamente localizado nas proximidades do im\u00f3vel. Ao notar a aproxima\u00e7\u00e3o policial, demonstrou nervosismo e tentou se evadir, sendo rapidamente abordado. Durante busca pessoal, foram encontrados quatro pinos contendo subst\u00e2ncia semelhante \u00e0 coca\u00edna em sua m\u00e3o.<\/p>\n\n\n\n<p>Diante da materialidade e dos ind\u00edcios de autoria, foi dada voz de pris\u00e3o em flagrante ao autor pelo crime de tr\u00e1fico il\u00edcito de drogas, sendo-lhe garantidos os direitos constitucionais. O indiv\u00edduo foi encaminhado para atendimento m\u00e9dico de praxe e, posteriormente, apresentado \u00e0 Delegacia de Pol\u00edcia Civil para as provid\u00eancias legais cab\u00edveis.<\/p>\n\n\n\n<p><strong>2026-011800195-001 \u2013 POL\u00cdCIA MILITAR APREENDE MENOR E PRENDE&nbsp; AUTORES POR TR\u00c1FICO DE DROGAS EM RODEIRO<\/strong><\/p>\n\n\n\n<p><strong>LOCAL&nbsp;&nbsp;&nbsp;&nbsp; <\/strong>RODEIRO \u2013 R. Jos\u00e9 Fernando Volpato \u2013 S\u00e3o Sebasti\u00e3o<\/p>\n\n\n\n<p><strong>DATA&nbsp;&nbsp;&nbsp;&nbsp;&nbsp;&nbsp;&nbsp; <\/strong>13\/03\/2026<\/p>\n\n\n\n<p><strong>HORA&nbsp;&nbsp;&nbsp;&nbsp;&nbsp;&nbsp; <\/strong>20h50min<\/p>\n\n\n\n<figure class=\"wp-block-image size-large\"><img decoding=\"async\" width=\"1024\" height=\"724\" data-src=\"https:\/\/ubanews.com\/site\/wp-content\/uploads\/2026\/03\/2026-03-13-trafico-de-drogas-sao-sebastiao-rodeiro-1024x724.jpg\" alt=\"\" class=\"wp-image-24258 lazyload\" data-srcset=\"https:\/\/ubanews.com\/site\/wp-content\/uploads\/2026\/03\/2026-03-13-trafico-de-drogas-sao-sebastiao-rodeiro-1024x724.jpg 1024w, https:\/\/ubanews.com\/site\/wp-content\/uploads\/2026\/03\/2026-03-13-trafico-de-drogas-sao-sebastiao-rodeiro-300x212.jpg 300w, https:\/\/ubanews.com\/site\/wp-content\/uploads\/2026\/03\/2026-03-13-trafico-de-drogas-sao-sebastiao-rodeiro-768x543.jpg 768w, https:\/\/ubanews.com\/site\/wp-content\/uploads\/2026\/03\/2026-03-13-trafico-de-drogas-sao-sebastiao-rodeiro-1536x1086.jpg 1536w, https:\/\/ubanews.com\/site\/wp-content\/uploads\/2026\/03\/2026-03-13-trafico-de-drogas-sao-sebastiao-rodeiro.jpg 2000w\" data-sizes=\"(max-width: 1024px) 100vw, 1024px\" src=\"data:image\/svg+xml;base64,PHN2ZyB3aWR0aD0iMSIgaGVpZ2h0PSIxIiB4bWxucz0iaHR0cDovL3d3dy53My5vcmcvMjAwMC9zdmciPjwvc3ZnPg==\" style=\"--smush-placeholder-width: 1024px; --smush-placeholder-aspect-ratio: 1024\/724;\" \/><\/figure>\n\n\n\n<p>&nbsp;&nbsp;&nbsp;&nbsp;&nbsp;&nbsp;&nbsp;&nbsp;&nbsp;&nbsp;&nbsp;&nbsp;&nbsp;&nbsp;&nbsp; Durante turno de servi\u00e7o no munic\u00edpio de Rodeiro, a Pol\u00edcia Militar recebeu den\u00fancia an\u00f4nima informando que tr\u00eas indiv\u00edduos estariam realizando tr\u00e1fico de drogas em um im\u00f3vel localizado na Rua Jos\u00e9 Fernando Volpato, bairro S\u00e3o Sebasti\u00e3o.<\/p>\n\n\n\n<p>De acordo com a den\u00fancia, os suspeitos utilizavam o terra\u00e7o da resid\u00eancia para comercializar entorpecentes, realizando as transa\u00e7\u00f5es por meio de um recipiente amarrado a um fio, utilizado para descer a droga at\u00e9 os usu\u00e1rios que aguardavam em um beco lateral, onde tamb\u00e9m era colocado o dinheiro das vendas.<\/p>\n\n\n\n<p>Diante das informa\u00e7\u00f5es, as equipes policiais posicionaram-se em local estrat\u00e9gico e passaram a monitorar o im\u00f3vel. Durante a vigil\u00e2ncia, foi poss\u00edvel confirmar a din\u00e2mica descrita na den\u00fancia, sendo observados usu\u00e1rios acessando o beco e recebendo subst\u00e2ncias il\u00edcitas atrav\u00e9s do recipiente utilizado pelos suspeitos.<\/p>\n\n\n\n<p>Ap\u00f3s a confirma\u00e7\u00e3o da atividade criminosa, os militares realizaram a interven\u00e7\u00e3o no local. Ao perceberem a aproxima\u00e7\u00e3o das guarni\u00e7\u00f5es, os suspeitos tentaram se desfazer dos materiais. Durante a abordagem, uma mulher de 20 anos, um homem de 18 anos e um adolescente de 16 anos foram contidos.<\/p>\n\n\n\n<p>Durante as buscas, foi localizada uma pochete contendo 76 pinos de subst\u00e2ncia an\u00e1loga \u00e0 coca\u00edna, 40 pedras de subst\u00e2ncia semelhante ao crack e certa quantia em dinheiro. Tamb\u00e9m foram apreendidos aparelhos celulares que estavam em posse dos envolvidos e que podem conter informa\u00e7\u00f5es relacionadas \u00e0 atividade criminosa.<\/p>\n\n\n\n<p>Diante da materialidade constatada, foi dada voz de pris\u00e3o em flagrante aos dois autores maiores de idade pelo crime de tr\u00e1fico il\u00edcito de drogas, enquanto o adolescente foi apreendido por ato infracional an\u00e1logo ao tr\u00e1fico de drogas . Todos foram encaminhados ao hospital para atendimento m\u00e9dico de praxe e, posteriormente, apresentados \u00e0 Delegacia de Pol\u00edcia Civil de plant\u00e3o para as provid\u00eancias legais cab\u00edveis.<\/p>\n\n\n\n<p>A Pol\u00edcia Militar refor\u00e7a que den\u00fancias podem ser feitas de forma an\u00f4nima pelos telefones 190 ou 181, com garantia de preserva\u00e7\u00e3o da identidade do denunciante.<\/p>\n\n\n\n<p><strong>2026-011814173-001 \u2013 POL\u00cdCIA MILITAR REGISTRA ROUBO CONSUMADO A ESTABELECIMENTO EM TOCANTINS, SUSPEITO CONSEGUE FUGIR.<\/strong><\/p>\n\n\n\n<p><strong>LOCAL&nbsp;&nbsp;&nbsp;&nbsp; <\/strong>TOCANTINS \u2013 R. Te\u00f3filo Ant\u00f4nio de Melo \u2013 Centro<\/p>\n\n\n\n<p><strong>DATA&nbsp;&nbsp;&nbsp;&nbsp;&nbsp;&nbsp;&nbsp; <\/strong>13\/03\/2026<\/p>\n\n\n\n<p><strong>HORA&nbsp;&nbsp;&nbsp;&nbsp;&nbsp;&nbsp; <\/strong>14h30min<\/p>\n\n\n\n<figure class=\"wp-block-image size-large\"><img decoding=\"async\" width=\"1024\" height=\"1024\" data-src=\"https:\/\/ubanews.com\/site\/wp-content\/uploads\/2026\/03\/2026-03-14-Furto-prisao-recuperado-1024x1024.jpg\" alt=\"\" class=\"wp-image-24260 lazyload\" data-srcset=\"https:\/\/ubanews.com\/site\/wp-content\/uploads\/2026\/03\/2026-03-14-Furto-prisao-recuperado-1024x1024.jpg 1024w, https:\/\/ubanews.com\/site\/wp-content\/uploads\/2026\/03\/2026-03-14-Furto-prisao-recuperado-300x300.jpg 300w, https:\/\/ubanews.com\/site\/wp-content\/uploads\/2026\/03\/2026-03-14-Furto-prisao-recuperado-150x150.jpg 150w, https:\/\/ubanews.com\/site\/wp-content\/uploads\/2026\/03\/2026-03-14-Furto-prisao-recuperado-768x767.jpg 768w, https:\/\/ubanews.com\/site\/wp-content\/uploads\/2026\/03\/2026-03-14-Furto-prisao-recuperado-600x600.jpg 600w, https:\/\/ubanews.com\/site\/wp-content\/uploads\/2026\/03\/2026-03-14-Furto-prisao-recuperado.jpg 1415w\" data-sizes=\"(max-width: 1024px) 100vw, 1024px\" src=\"data:image\/svg+xml;base64,PHN2ZyB3aWR0aD0iMSIgaGVpZ2h0PSIxIiB4bWxucz0iaHR0cDovL3d3dy53My5vcmcvMjAwMC9zdmciPjwvc3ZnPg==\" style=\"--smush-placeholder-width: 1024px; --smush-placeholder-aspect-ratio: 1024\/1024;\" \/><\/figure>\n\n\n\n<p>&nbsp;&nbsp;&nbsp;&nbsp;&nbsp;&nbsp;&nbsp;&nbsp;&nbsp;&nbsp;&nbsp;&nbsp;&nbsp;&nbsp;&nbsp; A Pol\u00edcia Militar foi acionada para atender a uma ocorr\u00eancia de roubo em uma mercearia no centro do munic\u00edpio de Tocantins.<\/p>\n\n\n\n<p>No local, a v\u00edtima, uma mulher de 51 anos, relatou que trabalhava no balc\u00e3o do estabelecimento quando um indiv\u00edduo de 25 anos entrou no local e anunciou o assalto. Durante a a\u00e7\u00e3o, o autor colocou as m\u00e3os na regi\u00e3o da cintura, sob a camisa, dando a entender que estaria armado, e exigiu o dinheiro do caixa.<\/p>\n\n\n\n<p>Em seguida, o suspeito empurrou a v\u00edtima, abriu a gaveta do caixa e subtraiu certa quantia em dinheiro, evadindo-se a p\u00e9 logo ap\u00f3s o crime, tomando sentido a uma rua pr\u00f3xima. A v\u00edtima n\u00e3o visualizou arma de fogo durante a a\u00e7\u00e3o e n\u00e3o apresentava les\u00f5es aparentes.<\/p>\n\n\n\n<p>De posse das informa\u00e7\u00f5es, equipes policiais iniciaram rastreamento e receberam den\u00fancia an\u00f4nima indicando que o suspeito estaria em sua resid\u00eancia. As guarni\u00e7\u00f5es deslocaram-se ao endere\u00e7o informado e realizaram cerco no local. Durante a a\u00e7\u00e3o, militares visualizaram o indiv\u00edduo fugindo pelos fundos do im\u00f3vel em dire\u00e7\u00e3o a uma \u00e1rea de mata nas proximidades do rio da regi\u00e3o.<\/p>\n\n\n\n<p>As buscas foram realizadas, por\u00e9m fatores como chuva, terreno enlameado, vegeta\u00e7\u00e3o densa e aus\u00eancia de ilumina\u00e7\u00e3o dificultaram a localiza\u00e7\u00e3o do suspeito, que n\u00e3o foi encontrado at\u00e9 o momento. O rastreamento permanece em andamento para localizar e prender o autor do crime.<\/p>\n\n\n\n<p>A Pol\u00edcia Militar refor\u00e7a que den\u00fancias podem ser feitas de forma an\u00f4nima pelos telefones 190 ou 181, com garantia de preserva\u00e7\u00e3o da identidade do denunciante.<\/p>\n\n\n\n<p><strong>REDS<\/strong><strong>&nbsp;&nbsp;&nbsp;&nbsp;&nbsp;&nbsp; <\/strong><strong>2026-011914665-001 \u2013 POL\u00cdCIA MILITAR PRENDE AUTOR POR TR\u00c1FICO DE DROGAS EM GUIDOVAL<\/strong><\/p>\n\n\n\n<p><strong>LOCAL&nbsp;&nbsp;&nbsp;&nbsp; <\/strong>GUIDOVAL \u2013 R. Sebasti\u00e3o Franco<\/p>\n\n\n\n<p><strong>DATA&nbsp;&nbsp;&nbsp;&nbsp;&nbsp;&nbsp;&nbsp; <\/strong>14\/03\/2026<\/p>\n\n\n\n<p><strong>HORA&nbsp;&nbsp;&nbsp;&nbsp;&nbsp;&nbsp; <\/strong>17h20min<\/p>\n\n\n\n<figure class=\"wp-block-image size-large\"><img decoding=\"async\" width=\"1024\" height=\"1022\" data-src=\"https:\/\/ubanews.com\/site\/wp-content\/uploads\/2026\/03\/2026-03-14-Trafico-de-Drogas-Guidoval-1024x1022.png\" alt=\"\" class=\"wp-image-24259 lazyload\" data-srcset=\"https:\/\/ubanews.com\/site\/wp-content\/uploads\/2026\/03\/2026-03-14-Trafico-de-Drogas-Guidoval-1024x1022.png 1024w, https:\/\/ubanews.com\/site\/wp-content\/uploads\/2026\/03\/2026-03-14-Trafico-de-Drogas-Guidoval-300x300.png 300w, https:\/\/ubanews.com\/site\/wp-content\/uploads\/2026\/03\/2026-03-14-Trafico-de-Drogas-Guidoval-150x150.png 150w, https:\/\/ubanews.com\/site\/wp-content\/uploads\/2026\/03\/2026-03-14-Trafico-de-Drogas-Guidoval-768x766.png 768w, https:\/\/ubanews.com\/site\/wp-content\/uploads\/2026\/03\/2026-03-14-Trafico-de-Drogas-Guidoval-600x600.png 600w, https:\/\/ubanews.com\/site\/wp-content\/uploads\/2026\/03\/2026-03-14-Trafico-de-Drogas-Guidoval.png 1417w\" data-sizes=\"(max-width: 1024px) 100vw, 1024px\" src=\"data:image\/svg+xml;base64,PHN2ZyB3aWR0aD0iMSIgaGVpZ2h0PSIxIiB4bWxucz0iaHR0cDovL3d3dy53My5vcmcvMjAwMC9zdmciPjwvc3ZnPg==\" style=\"--smush-placeholder-width: 1024px; --smush-placeholder-aspect-ratio: 1024\/1022;\" \/><\/figure>\n\n\n\n<p>&nbsp;&nbsp;&nbsp;&nbsp;&nbsp;&nbsp;&nbsp;&nbsp;&nbsp;&nbsp;&nbsp;&nbsp;&nbsp;&nbsp;&nbsp; Durante patrulhamento no munic\u00edpio de Guidoval, a Pol\u00edcia Militar recebeu informa\u00e7\u00f5es sobre a poss\u00edvel comercializa\u00e7\u00e3o de drogas em uma resid\u00eancia j\u00e1 conhecida por den\u00fancias relacionadas ao tr\u00e1fico de entorpecentes.<\/p>\n\n\n\n<p>Diante das informa\u00e7\u00f5es, as equipes deslocaram-se at\u00e9 o local e visualizaram um indiv\u00edduo de 21 anos realizando contato com outro homem na via p\u00fablica, momento em que foi observado repasse de um objeto. Ao perceber a aproxima\u00e7\u00e3o da viatura policial, o suspeito demonstrou nervosismo e correu para o interior da resid\u00eancia, deixando o port\u00e3o aberto.<\/p>\n\n\n\n<p>Durante o acompanhamento, os policiais visualizaram pinos contendo subst\u00e2ncia an\u00e1loga \u00e0 coca\u00edna ca\u00eddos ao solo na entrada da cozinha. Diante da situa\u00e7\u00e3o de flagrante, foi realizada abordagem no interior do im\u00f3vel. O autor desobedeceu \u00e0s ordens legais e ofereceu resist\u00eancia \u00e0 a\u00e7\u00e3o policial, sendo necess\u00e1rio o uso de t\u00e9cnicas de conten\u00e7\u00e3o para garantir a seguran\u00e7a da equipe e efetivar a pris\u00e3o.<\/p>\n\n\n\n<p>Durante a interven\u00e7\u00e3o, uma mulher de 25 anos tamb\u00e9m foi identificada no local e tentou auxiliar na evas\u00e3o de materiais il\u00edcitos, conseguindo fugir do im\u00f3vel antes de ser abordada.<\/p>\n\n\n\n<p>Na sequ\u00eancia das dilig\u00eancias, os militares localizaram 10 pinos contendo subst\u00e2ncia semelhante \u00e0 coca\u00edna, uma por\u00e7\u00e3o de subst\u00e2ncia an\u00e1loga \u00e0 maconha e certa quantia em dinheiro, materiais que indicam a pr\u00e1tica de com\u00e9rcio il\u00edcito de entorpecentes.<\/p>\n\n\n\n<p>Diante dos fatos, foi dada voz de pris\u00e3o ao indiv\u00edduo pelo crime de tr\u00e1fico il\u00edcito de drogas, sendo-lhe garantidos os direitos constitucionais. O autor foi encaminhado ao hospital para atendimento m\u00e9dico de praxe e, posteriormente, apresentado \u00e0 Delegacia de Pol\u00edcia Civil para as provid\u00eancias legais cab\u00edveis.<\/p>\n\n\n\n<p><strong>&nbsp;2026-011936790-001 \u2013 POL\u00cdCIA MILITAR APREENDE AUTORES DE FURTO A ESTABELECIMENTO E RECUPERA VALORES EM GUARANI<\/strong><\/p>\n\n\n\n<p><strong>LOCAL&nbsp;&nbsp;&nbsp;&nbsp; <\/strong>GUARANI \u2013 R. Joaquim Teixeira de Oliviera \u2013 Distrito de Tr\u00eas Vendas<\/p>\n\n\n\n<p><strong>DATA&nbsp;&nbsp;&nbsp;&nbsp;&nbsp;&nbsp;&nbsp; <\/strong>14\/03\/2026<\/p>\n\n\n\n<p><strong>HORA&nbsp;&nbsp;&nbsp;&nbsp;&nbsp;&nbsp; <\/strong>00h10min<\/p>\n\n\n\n<figure class=\"wp-block-image size-large\"><img decoding=\"async\" width=\"1024\" height=\"1024\" data-src=\"https:\/\/ubanews.com\/site\/wp-content\/uploads\/2026\/03\/2026-03-14-Furto-prisao-recuperado-1-1024x1024.jpg\" alt=\"\" class=\"wp-image-24261 lazyload\" data-srcset=\"https:\/\/ubanews.com\/site\/wp-content\/uploads\/2026\/03\/2026-03-14-Furto-prisao-recuperado-1-1024x1024.jpg 1024w, https:\/\/ubanews.com\/site\/wp-content\/uploads\/2026\/03\/2026-03-14-Furto-prisao-recuperado-1-300x300.jpg 300w, https:\/\/ubanews.com\/site\/wp-content\/uploads\/2026\/03\/2026-03-14-Furto-prisao-recuperado-1-150x150.jpg 150w, https:\/\/ubanews.com\/site\/wp-content\/uploads\/2026\/03\/2026-03-14-Furto-prisao-recuperado-1-768x767.jpg 768w, https:\/\/ubanews.com\/site\/wp-content\/uploads\/2026\/03\/2026-03-14-Furto-prisao-recuperado-1-600x600.jpg 600w, https:\/\/ubanews.com\/site\/wp-content\/uploads\/2026\/03\/2026-03-14-Furto-prisao-recuperado-1.jpg 1415w\" data-sizes=\"(max-width: 1024px) 100vw, 1024px\" src=\"data:image\/svg+xml;base64,PHN2ZyB3aWR0aD0iMSIgaGVpZ2h0PSIxIiB4bWxucz0iaHR0cDovL3d3dy53My5vcmcvMjAwMC9zdmciPjwvc3ZnPg==\" style=\"--smush-placeholder-width: 1024px; --smush-placeholder-aspect-ratio: 1024\/1024;\" \/><\/figure>\n\n\n\n<p>&nbsp;&nbsp;&nbsp;&nbsp;&nbsp;&nbsp;&nbsp;&nbsp;&nbsp;&nbsp;&nbsp;&nbsp;&nbsp;&nbsp;&nbsp; A Pol\u00edcia Militar foi acionada por um homem de 58 anos, propriet\u00e1rio de uma mercearia localizada no distrito de Tr\u00eas Vendas, em Guarani, que relatou que seu estabelecimento havia sido arrombado durante a madrugada, com subtra\u00e7\u00e3o de mercadorias e dinheiro do caixa.<\/p>\n\n\n\n<p>De acordo com o relato da v\u00edtima, dois indiv\u00edduos teriam invadido o local ap\u00f3s pularem a cerca e for\u00e7arem a porta de acesso, conseguindo entrar no interior do com\u00e9rcio. Do estabelecimento foram levados dois fardos de cerveja em lata e certa quantia em dinheiro existente no caixa.<\/p>\n\n\n\n<p>Com base nas informa\u00e7\u00f5es e nas imagens do sistema de monitoramento do estabelecimento, os militares iniciaram rastreamento e localizaram um dos suspeitos, um homem de 29 anos, no centro da cidade. Inicialmente ele negou participa\u00e7\u00e3o no crime, por\u00e9m, ap\u00f3s ser informado sobre a exist\u00eancia das imagens, confessou que havia cometido o furto juntamente com outro indiv\u00edduo, de 19 anos.<\/p>\n\n\n\n<p>Durante busca pessoal, os policiais localizaram certa quantia em dinheiro com o suspeito. Em continuidade \u00e0s dilig\u00eancias, os militares deslocaram at\u00e9 a resid\u00eancia do autor, onde, com acompanhamento de familiar, foram realizadas buscas, sendo localizada mais certa quantia em dinheiro escondida no interior de uma fronha de travesseiro, valor que o pr\u00f3prio suspeito afirmou ser proveniente do furto.<\/p>\n\n\n\n<p>As equipes prosseguiram nas dilig\u00eancias e localizaram o segundo envolvido, um indiv\u00edduo de 19 anos, sentado em um banco na rodovi\u00e1ria do munic\u00edpio. Ele foi abordado e, inicialmente, negou participa\u00e7\u00e3o, por\u00e9m apresentou vers\u00f5es contradit\u00f3rias durante a abordagem.<\/p>\n\n\n\n<p>Ao todo, foi recuperada parte do valor subtra\u00eddo do estabelecimento. Tamb\u00e9m foi constatado dano na porta do com\u00e9rcio, em raz\u00e3o do arrombamento utilizado para acesso ao local.<\/p>\n\n\n\n<p>Diante dos fatos, os dois autores receberam voz de pris\u00e3o em flagrante pelo crime de furto, sendo-lhes garantidos os direitos constitucionais. Ap\u00f3s atendimento m\u00e9dico de praxe, foram encaminhados \u00e0 Delegacia de Pol\u00edcia Civil para as demais provid\u00eancias legais.<\/p>\n\n\n\n<p><strong>2026-011978590-001 \u2013 POL\u00cdCIA MILITAR RECUPERA MOTOCICLETA ROUBADA E SEGUE NO RASTREAMENTO DO AUTOR.<\/strong><\/p>\n\n\n\n<p><strong>LOCAL&nbsp;&nbsp;&nbsp;&nbsp; <\/strong>UB\u00c1 \u2013 R. Vereador Oswaldo de Moura Estev\u00e3o \u2013 Peluso<\/p>\n\n\n\n<p><strong>DATA&nbsp;&nbsp;&nbsp;&nbsp;&nbsp;&nbsp;&nbsp; <\/strong>15\/03\/2026<\/p>\n\n\n\n<p><strong>HORA&nbsp;&nbsp;&nbsp;&nbsp;&nbsp;&nbsp; <\/strong>00h50min<\/p>\n\n\n\n<figure class=\"wp-block-image size-large\"><img decoding=\"async\" width=\"1024\" height=\"724\" data-src=\"https:\/\/ubanews.com\/site\/wp-content\/uploads\/2026\/03\/2026-03-15-Uba-Motocicleta-Recuperada-1024x724.jpg\" alt=\"\" class=\"wp-image-24262 lazyload\" data-srcset=\"https:\/\/ubanews.com\/site\/wp-content\/uploads\/2026\/03\/2026-03-15-Uba-Motocicleta-Recuperada-1024x724.jpg 1024w, https:\/\/ubanews.com\/site\/wp-content\/uploads\/2026\/03\/2026-03-15-Uba-Motocicleta-Recuperada-300x212.jpg 300w, https:\/\/ubanews.com\/site\/wp-content\/uploads\/2026\/03\/2026-03-15-Uba-Motocicleta-Recuperada-768x543.jpg 768w, https:\/\/ubanews.com\/site\/wp-content\/uploads\/2026\/03\/2026-03-15-Uba-Motocicleta-Recuperada-1536x1086.jpg 1536w, https:\/\/ubanews.com\/site\/wp-content\/uploads\/2026\/03\/2026-03-15-Uba-Motocicleta-Recuperada.jpg 2000w\" data-sizes=\"(max-width: 1024px) 100vw, 1024px\" src=\"data:image\/svg+xml;base64,PHN2ZyB3aWR0aD0iMSIgaGVpZ2h0PSIxIiB4bWxucz0iaHR0cDovL3d3dy53My5vcmcvMjAwMC9zdmciPjwvc3ZnPg==\" style=\"--smush-placeholder-width: 1024px; --smush-placeholder-aspect-ratio: 1024\/724;\" \/><\/figure>\n\n\n\n<p>&nbsp;&nbsp;&nbsp;&nbsp;&nbsp;&nbsp;&nbsp;&nbsp;&nbsp;&nbsp;&nbsp;&nbsp;&nbsp;&nbsp;&nbsp; A Pol\u00edcia Militar foi acionada via 190 para atendimento de uma ocorr\u00eancia de roubo de motocicleta ocorrido no bairro Peluso em Ub\u00e1.<\/p>\n\n\n\n<p>No local, a v\u00edtima, um homem de 63 anos, relatou que havia sa\u00eddo de um estabelecimento comercial e, ao transitar com sua motocicleta, foi abordada por um indiv\u00edduo encapuzado, de estatura mediana e vestindo roupas escuras. O autor apontou um objeto semelhante a uma arma de fogo em sua dire\u00e7\u00e3o, anunciou o assalto e exigiu que a v\u00edtima entrasse em um terreno baldio pr\u00f3ximo.<\/p>\n\n\n\n<p>Em seguida, o suspeito se apoderou da motocicleta e fugiu do local. Ainda segundo o relato da v\u00edtima, o autor afirmou que o ve\u00edculo seria levado para desmanche caso n\u00e3o fosse entregue determinada quantia em dinheiro para sua recupera\u00e7\u00e3o.<\/p>\n\n\n\n<p>De posse das informa\u00e7\u00f5es, equipes policiais iniciaram dilig\u00eancias e rastreamentos, logrando \u00eaxito em localizar a motocicleta na parte alta do loteamento Estela Gazola. Ao perceber a aproxima\u00e7\u00e3o das viaturas, um indiv\u00edduo que conduzia o ve\u00edculo abandonou a motocicleta e fugiu a p\u00e9 em dire\u00e7\u00e3o ao bairro Talma.<\/p>\n\n\n\n<p>Foi realizado intenso patrulhamento nas imedia\u00e7\u00f5es na tentativa de localizar o suspeito, por\u00e9m, at\u00e9 o encerramento do registro, ele n\u00e3o havia sido encontrado. A motocicleta foi localizada sem avarias aparentes, com a chave na igni\u00e7\u00e3o e motor ainda quente, sendo tamb\u00e9m encontrado no local um capacete pertencente \u00e0 v\u00edtima.<\/p>\n\n\n\n<p>O ve\u00edculo foi removido ao p\u00e1tio credenciado para as provid\u00eancias cab\u00edveis e a v\u00edtima orientada quanto \u00e0s demais medidas legais. As dilig\u00eancias seguem em andamento para identifica\u00e7\u00e3o e localiza\u00e7\u00e3o do autor do crime.<\/p>\n\n\n\n<p><strong>2026-012054942-001 \u2013 POL\u00cdCIA MILITAR REGISTRA HOMICIDIO CONSUMADO NA CIDADE DE GUARANI<\/strong><\/p>\n\n\n\n<p><strong>LOCAL&nbsp;&nbsp;&nbsp;&nbsp; <\/strong>GUARANI \u2013 Av. Oscar Alves Vieira \u2013 Centro<\/p>\n\n\n\n<p><strong>DATA&nbsp;&nbsp;&nbsp;&nbsp;&nbsp;&nbsp;&nbsp; <\/strong>15\/03\/2026<\/p>\n\n\n\n<p><strong>HORA&nbsp;&nbsp;&nbsp;&nbsp;&nbsp;&nbsp; <\/strong>11h55min<\/p>\n\n\n\n<p><strong>S\u00edntese<\/strong><\/p>\n\n\n\n<p>&nbsp;&nbsp;&nbsp;&nbsp;&nbsp;&nbsp;&nbsp;&nbsp;&nbsp;&nbsp;&nbsp;&nbsp;&nbsp;&nbsp;&nbsp; A Pol\u00edcia Militar foi acionada ap\u00f3s relatos de disparos de arma de fogo na Avenida Oscar Alves Vieira, nas proximidades de um bar, localizado no centro do munic\u00edpio de Guarani.<\/p>\n\n\n\n<p>De acordo com informa\u00e7\u00f5es colhidas no local, um ve\u00edculo de cor preta, aparentemente ocupado por tr\u00eas indiv\u00edduos, aproximou-se do estabelecimento. Dois suspeitos desembarcaram do autom\u00f3vel portando armas de fogo e entraram correndo no interior do local, dirigindo-se diretamente a um homem de 44 anos que se encontrava no estabelecimento.<\/p>\n\n\n\n<p>Os autores efetuaram diversos disparos contra a v\u00edtima, que tentou fugir correndo para fora do bar. Os suspeitos passaram a persegui-la, continuando a efetuar disparos durante o trajeto. A v\u00edtima tentou atravessar a pra\u00e7a situada em frente \u00e0 Igreja S\u00e3o Sebasti\u00e3o, por\u00e9m caiu ao solo, onde ainda foram realizados novos disparos em sua dire\u00e7\u00e3o.<\/p>\n\n\n\n<p>Ap\u00f3s a a\u00e7\u00e3o, os autores retornaram ao ve\u00edculo e fugiram do local, seguindo pela rodovia LMG-860, sentido ao munic\u00edpio de Descoberto.<\/p>\n\n\n\n<p>Equipes policiais iniciaram dilig\u00eancias e levantamentos no local. Testemunhas relataram que dois indiv\u00edduos armados entraram no estabelecimento j\u00e1 efetuando disparos, o que causou correria entre as pessoas presentes. Durante as apura\u00e7\u00f5es iniciais, den\u00fancias an\u00f4nimas indicaram poss\u00edveis suspeitos envolvidos no crime, bem como poss\u00edveis motiva\u00e7\u00f5es relacionadas a desentendimentos pessoais.<\/p>\n\n\n\n<p>Posteriormente, foi localizado em uma estrada vicinal nas proximidades um ve\u00edculo incendiado, possivelmente utilizado na a\u00e7\u00e3o criminosa. No local, a per\u00edcia t\u00e9cnica recolheu vest\u00edgios e identificou que o autom\u00f3vel, um Nissan Kicks de cor preta, havia sido totalmente queimado. Tamb\u00e9m foi localizada nas proximidades uma placa de identifica\u00e7\u00e3o vinculada ao ve\u00edculo.<\/p>\n\n\n\n<p>A per\u00edcia da Pol\u00edcia Civil realizou os trabalhos t\u00e9cnicos no local do crime, constatando que a v\u00edtima apresentava diversas les\u00f5es provocadas por disparos de arma de fogo em diferentes partes do corpo. Ap\u00f3s os procedimentos periciais, o corpo foi removido e encaminhado ao Instituto M\u00e9dico Legal para os exames de praxe.<\/p>\n\n\n\n<p>A Pol\u00edcia Militar realizou rastreamentos e dilig\u00eancias na tentativa de localizar os envolvidos, por\u00e9m, at\u00e9 o momento, nenhum suspeito foi preso. As investiga\u00e7\u00f5es seguem em andamento para esclarecer as circunst\u00e2ncias do crime e identificar os autores.<\/p>\n\n\n\n<p>A Pol\u00edcia Militar refor\u00e7a que den\u00fancias podem ser feitas de forma an\u00f4nima pelos telefones 190 ou 181, com garantia de preserva\u00e7\u00e3o da identidade do denunciante.<\/p>\n\n\n\n<p><strong>2026-012055843-001 \u2013 POL\u00cdCIA MILITAR PRENDE AUTOR POR TR\u00c1FICO DE DROGAS NO BAIRRO TIA VELHA EM VISCONDE DO RIO BRANCO<\/strong><\/p>\n\n\n\n<p><strong>LOCAL&nbsp;&nbsp;&nbsp;&nbsp; <\/strong>VISCONDE DO RIO BRANCO \u2013 R. Maria do Dod\u00f4 \u2013 Tia Velha<\/p>\n\n\n\n<p><strong>DATA&nbsp;&nbsp;&nbsp;&nbsp;&nbsp;&nbsp;&nbsp; <\/strong>15\/03\/2026<\/p>\n\n\n\n<p><strong>HORA&nbsp;&nbsp;&nbsp;&nbsp;&nbsp;&nbsp; <\/strong>17h30min<\/p>\n\n\n\n<figure class=\"wp-block-image size-large\"><img decoding=\"async\" width=\"1024\" height=\"689\" data-src=\"https:\/\/ubanews.com\/site\/wp-content\/uploads\/2026\/03\/2026-03-15-Trafico-de-Drogas-VRB-Tia-Velha-1024x689.jpg\" alt=\"\" class=\"wp-image-24263 lazyload\" data-srcset=\"https:\/\/ubanews.com\/site\/wp-content\/uploads\/2026\/03\/2026-03-15-Trafico-de-Drogas-VRB-Tia-Velha-1024x689.jpg 1024w, https:\/\/ubanews.com\/site\/wp-content\/uploads\/2026\/03\/2026-03-15-Trafico-de-Drogas-VRB-Tia-Velha-300x202.jpg 300w, https:\/\/ubanews.com\/site\/wp-content\/uploads\/2026\/03\/2026-03-15-Trafico-de-Drogas-VRB-Tia-Velha-768x516.jpg 768w, https:\/\/ubanews.com\/site\/wp-content\/uploads\/2026\/03\/2026-03-15-Trafico-de-Drogas-VRB-Tia-Velha-1536x1033.jpg 1536w, https:\/\/ubanews.com\/site\/wp-content\/uploads\/2026\/03\/2026-03-15-Trafico-de-Drogas-VRB-Tia-Velha-120x80.jpg 120w, https:\/\/ubanews.com\/site\/wp-content\/uploads\/2026\/03\/2026-03-15-Trafico-de-Drogas-VRB-Tia-Velha.jpg 1807w\" data-sizes=\"(max-width: 1024px) 100vw, 1024px\" src=\"data:image\/svg+xml;base64,PHN2ZyB3aWR0aD0iMSIgaGVpZ2h0PSIxIiB4bWxucz0iaHR0cDovL3d3dy53My5vcmcvMjAwMC9zdmciPjwvc3ZnPg==\" style=\"--smush-placeholder-width: 1024px; --smush-placeholder-aspect-ratio: 1024\/689;\" \/><\/figure>\n\n\n\n<p>&nbsp;&nbsp;&nbsp;&nbsp;&nbsp;&nbsp;&nbsp;&nbsp;&nbsp;&nbsp;&nbsp;&nbsp;&nbsp;&nbsp;&nbsp; Durante patrulhamento no bairro Tia Velha, em Visconde do Rio Branco, a Pol\u00edcia Militar recebeu den\u00fancia an\u00f4nima informando que um homem de 26 anos estaria realizando tr\u00e1fico de drogas em uma resid\u00eancia localizada na Rua Maria do Dod\u00f4.<\/p>\n\n\n\n<p>Diante das informa\u00e7\u00f5es, as equipes policiais realizaram monitoramento do local e observaram o suspeito entregando inv\u00f3lucros a indiv\u00edduos que se aproximavam da resid\u00eancia, recebendo dinheiro em troca, caracterizando a comercializa\u00e7\u00e3o de entorpecentes.<\/p>\n\n\n\n<p>Ao perceber a aproxima\u00e7\u00e3o das viaturas, um motociclista que havia acabado de adquirir drogas fugiu do local. O suspeito correu para o interior do im\u00f3vel e, durante a fuga, dispensou dois pinos de subst\u00e2ncia an\u00e1loga \u00e0 coca\u00edna e certa quantia em dinheiro.<\/p>\n\n\n\n<p>Os militares entraram na resid\u00eancia, por\u00e9m o autor conseguiu fugir pelos fundos do im\u00f3vel. Com autoriza\u00e7\u00e3o da companheira do suspeito, foram realizadas buscas no interior da casa, onde foram localizados 25 pinos de subst\u00e2ncia semelhante \u00e0 coca\u00edna, tr\u00eas buchas de subst\u00e2ncia an\u00e1loga \u00e0 maconha, certa quantia em dinheiro em notas diversas, al\u00e9m de anota\u00e7\u00f5es relacionadas ao tr\u00e1fico de drogas e dois aparelhos celulares.<\/p>\n\n\n\n<p>No im\u00f3vel tamb\u00e9m estavam duas crian\u00e7as, de 2 e 5 anos. A companheira do suspeito relatou aos policiais que tinha conhecimento da atividade il\u00edcita, por\u00e9m afirmou que temia denunci\u00e1-lo.<\/p>\n\n\n\n<p>Foi realizado rastreamento nas imedia\u00e7\u00f5es, por\u00e9m o autor, que se encontra em liberdade condicional, n\u00e3o foi localizado at\u00e9 o momento.<\/p>\n\n\n\n<p><strong>2026-012077830-001 \u2013 POL\u00cdCIA MILITAR PRENDE AUTOR EM PRIS\u00c3O DOMICILIAR POR RECEPTA\u00c7\u00c3O DE MATERIAL FURTADO EM VISCONDE DO RIO BRANCO<\/strong><\/p>\n\n\n\n<p><strong>LOCAL&nbsp;&nbsp;&nbsp;&nbsp; <\/strong>VISCONDE DO RIO BRANCO \u2013 Av. Dr. Carlos Soares \u2013 S\u00e3o Jorge<\/p>\n\n\n\n<p><strong>DATA&nbsp;&nbsp;&nbsp;&nbsp;&nbsp;&nbsp;&nbsp; <\/strong>15\/03\/2026<\/p>\n\n\n\n<p><strong>HORA&nbsp;&nbsp;&nbsp;&nbsp;&nbsp;&nbsp; <\/strong>18h00min<\/p>\n\n\n\n<figure class=\"wp-block-image size-large\"><img decoding=\"async\" width=\"1024\" height=\"724\" data-src=\"https:\/\/ubanews.com\/site\/wp-content\/uploads\/2026\/03\/2026-03-15-Material-Recuperado-VRB-Receptacao-1024x724.jpg\" alt=\"\" class=\"wp-image-24264 lazyload\" data-srcset=\"https:\/\/ubanews.com\/site\/wp-content\/uploads\/2026\/03\/2026-03-15-Material-Recuperado-VRB-Receptacao-1024x724.jpg 1024w, https:\/\/ubanews.com\/site\/wp-content\/uploads\/2026\/03\/2026-03-15-Material-Recuperado-VRB-Receptacao-300x212.jpg 300w, https:\/\/ubanews.com\/site\/wp-content\/uploads\/2026\/03\/2026-03-15-Material-Recuperado-VRB-Receptacao-768x543.jpg 768w, https:\/\/ubanews.com\/site\/wp-content\/uploads\/2026\/03\/2026-03-15-Material-Recuperado-VRB-Receptacao-1536x1086.jpg 1536w, https:\/\/ubanews.com\/site\/wp-content\/uploads\/2026\/03\/2026-03-15-Material-Recuperado-VRB-Receptacao.jpg 2000w\" data-sizes=\"(max-width: 1024px) 100vw, 1024px\" src=\"data:image\/svg+xml;base64,PHN2ZyB3aWR0aD0iMSIgaGVpZ2h0PSIxIiB4bWxucz0iaHR0cDovL3d3dy53My5vcmcvMjAwMC9zdmciPjwvc3ZnPg==\" style=\"--smush-placeholder-width: 1024px; --smush-placeholder-aspect-ratio: 1024\/724;\" \/><\/figure>\n\n\n\n<p>&nbsp;&nbsp;&nbsp;&nbsp;&nbsp;&nbsp;&nbsp;&nbsp;&nbsp;&nbsp;&nbsp;&nbsp;&nbsp;&nbsp;&nbsp; Durante patrulhamento no munic\u00edpio de Visconde do Rio Branco, a Pol\u00edcia Militar recebeu informa\u00e7\u00f5es indicando que um homem, que cumpre pena em regime domiciliar, estaria mantendo em sua resid\u00eancia objetos provenientes de um furto ocorrido no munic\u00edpio de Ponte Nova.<\/p>\n\n\n\n<p>De posse das informa\u00e7\u00f5es, equipes policiais deslocaram-se at\u00e9 o endere\u00e7o indicado, onde fizeram contato com a filha do suspeito. Ela informou que o pai havia sa\u00eddo para encontrar a namorada, situa\u00e7\u00e3o que configuraria descumprimento da determina\u00e7\u00e3o judicial, uma vez que ele deveria permanecer em casa naquela data.<\/p>\n\n\n\n<p>Durante a verifica\u00e7\u00e3o no im\u00f3vel, os militares localizaram diversos materiais suspeitos em um corredor da resid\u00eancia, entre eles selas de couro, ro\u00e7adeiras, motosserra, furadeira, lixadeira, r\u00e9deas e outros equipamentos, al\u00e9m de um alicate possivelmente utilizado para arrombamento de cadeado. Tamb\u00e9m foram encontradas pe\u00e7as de carne bovina armazenadas em um freezer, sem embalagem adequada.<\/p>\n\n\n\n<p>Pouco tempo depois, o suspeito chegou ao local e admitiu ter sa\u00eddo da resid\u00eancia, afirmando que os objetos encontrados seriam de sua propriedade e que os teria adquirido de terceiros, por\u00e9m sem saber informar a proced\u00eancia. Durante as dilig\u00eancias, as imagens dos materiais foram encaminhadas \u00e0 v\u00edtima do furto registrado anteriormente, que reconheceu os objetos como sendo de sua propriedade.<\/p>\n\n\n\n<p>Diante dos fatos, foi dada voz de pris\u00e3o ao autor pelo crime de recepta\u00e7\u00e3o, sendo-lhe garantidos os direitos constitucionais. O indiv\u00edduo foi conduzido ao hospital para avalia\u00e7\u00e3o m\u00e9dica de praxe e, posteriormente, encaminhado \u00e0 Delegacia de Pol\u00edcia Civil de plant\u00e3o em Ub\u00e1 para as provid\u00eancias legais cab\u00edveis.<\/p>\n\n\n\n<p>A Pol\u00edcia Militar refor\u00e7a que den\u00fancias podem ser feitas de forma an\u00f4nima pelos telefones 190 ou 181, com garantia de preserva\u00e7\u00e3o da identidade do denunciante.<\/p>\n\n\n\n<p><strong>&nbsp;2026-012065836-001 \u2013 POL\u00cdCIA MILITAR PRENDE AUTORES POR TR\u00c1FICO DE DROGAS EM RODEIRO<\/strong><\/p>\n\n\n\n<p><strong>LOCAL&nbsp;&nbsp;&nbsp;&nbsp; <\/strong>RODEIRO \u2013 R. Jos\u00e9 Fernando Volpato \u2013 S\u00e3o Sebasti\u00e3o<\/p>\n\n\n\n<p><strong>DATA&nbsp;&nbsp;&nbsp;&nbsp;&nbsp;&nbsp;&nbsp; <\/strong>15\/03\/2026<\/p>\n\n\n\n<p><strong>HORA&nbsp;&nbsp;&nbsp;&nbsp;&nbsp;&nbsp; <\/strong>18h45min<\/p>\n\n\n\n<figure class=\"wp-block-image size-large\"><img decoding=\"async\" width=\"1024\" height=\"1022\" data-src=\"https:\/\/ubanews.com\/site\/wp-content\/uploads\/2026\/03\/2026-03-15-Trafico-de-drogas-Rodeiro-1024x1022.jpg\" alt=\"\" class=\"wp-image-24265 lazyload\" data-srcset=\"https:\/\/ubanews.com\/site\/wp-content\/uploads\/2026\/03\/2026-03-15-Trafico-de-drogas-Rodeiro-1024x1022.jpg 1024w, https:\/\/ubanews.com\/site\/wp-content\/uploads\/2026\/03\/2026-03-15-Trafico-de-drogas-Rodeiro-300x300.jpg 300w, https:\/\/ubanews.com\/site\/wp-content\/uploads\/2026\/03\/2026-03-15-Trafico-de-drogas-Rodeiro-150x150.jpg 150w, https:\/\/ubanews.com\/site\/wp-content\/uploads\/2026\/03\/2026-03-15-Trafico-de-drogas-Rodeiro-768x766.jpg 768w, https:\/\/ubanews.com\/site\/wp-content\/uploads\/2026\/03\/2026-03-15-Trafico-de-drogas-Rodeiro-600x600.jpg 600w, https:\/\/ubanews.com\/site\/wp-content\/uploads\/2026\/03\/2026-03-15-Trafico-de-drogas-Rodeiro.jpg 1417w\" data-sizes=\"(max-width: 1024px) 100vw, 1024px\" src=\"data:image\/svg+xml;base64,PHN2ZyB3aWR0aD0iMSIgaGVpZ2h0PSIxIiB4bWxucz0iaHR0cDovL3d3dy53My5vcmcvMjAwMC9zdmciPjwvc3ZnPg==\" style=\"--smush-placeholder-width: 1024px; --smush-placeholder-aspect-ratio: 1024\/1022;\" \/><\/figure>\n\n\n\n<p>&nbsp;&nbsp;&nbsp;&nbsp;&nbsp;&nbsp;&nbsp;&nbsp;&nbsp;&nbsp;&nbsp;&nbsp;&nbsp;&nbsp;&nbsp; Durante opera\u00e7\u00e3o policial no munic\u00edpio de Rodeiro, a Pol\u00edcia Militar recebeu den\u00fancia an\u00f4nima informando sobre a pr\u00e1tica de tr\u00e1fico de drogas nas imedia\u00e7\u00f5es do cemit\u00e9rio municipal, onde indiv\u00edduos estariam utilizando o local para armazenar e preparar entorpecentes destinados \u00e0 comercializa\u00e7\u00e3o.<\/p>\n\n\n\n<p>Diante das informa\u00e7\u00f5es, as equipes realizaram vigil\u00e2ncia em ponto estrat\u00e9gico, sendo poss\u00edvel observar dois indiv\u00edduos, de 29 e 26 anos, que se revezavam em contatos frequentes com pessoas que se aproximavam do local. Ap\u00f3s esses contatos, os suspeitos deslocavam-se at\u00e9 pontos espec\u00edficos nas proximidades, retornando em seguida para entregar objetos aos poss\u00edveis usu\u00e1rios, conduta t\u00edpica do tr\u00e1fico de drogas.<\/p>\n\n\n\n<p>Durante o monitoramento, os policiais perceberam que um dos suspeitos acessava uma resid\u00eancia pr\u00f3xima, enquanto o outro utilizava um beco nas imedia\u00e7\u00f5es, locais possivelmente utilizados para ocultar entorpecentes. Diante da fundada suspeita, foi realizada abordagem aos indiv\u00edduos, sendo localizados com eles apenas aparelhos celulares.<\/p>\n\n\n\n<p>Em continuidade \u00e0s dilig\u00eancias, com autoriza\u00e7\u00e3o do respons\u00e1vel pelo im\u00f3vel, foram realizadas buscas na resid\u00eancia utilizada por um dos suspeitos, onde foram localizados diversos pinos contendo subst\u00e2ncia an\u00e1loga \u00e0 coca\u00edna, pedras de subst\u00e2ncia semelhante ao crack, buchas de subst\u00e2ncia an\u00e1loga \u00e0 maconha, um simulacro de arma de fogo, al\u00e9m de certa quantia em dinheiro.<\/p>\n\n\n\n<p>As equipes tamb\u00e9m realizaram buscas em um beco pr\u00f3ximo e no interior do cemit\u00e9rio municipal, locais apontados na den\u00fancia, onde foram encontrados mais pinos contendo subst\u00e2ncia an\u00e1loga \u00e0 coca\u00edna, tabletes de subst\u00e2ncia semelhante \u00e0 maconha e materiais utilizados para embalar entorpecentes.<\/p>\n\n\n\n<p>Diante da materialidade constatada, foi dada voz de pris\u00e3o em flagrante aos dois indiv\u00edduos pelo crime de tr\u00e1fico il\u00edcito de drogas, sendo-lhes garantidos os direitos constitucionais. Os autores foram encaminhados ao hospital para atendimento m\u00e9dico de praxe e, posteriormente, apresentados \u00e0 Delegacia de Pol\u00edcia Civil para as provid\u00eancias legais cab\u00edveis.<\/p>\n\n\n\n<p>A Pol\u00edcia Militar refor\u00e7a que den\u00fancias podem ser feitas de forma an\u00f4nima pelos telefones 190 ou 181, com garantia de preserva\u00e7\u00e3o da identidade do denunciante.<\/p>\n","protected":false},"excerpt":{"rendered":"<p>S\u00edntese das Ocorr\u00eancias Policiais 13 at\u00e9 15\/03\/2026<\/p>\n","protected":false},"author":4,"featured_media":24257,"comment_status":"open","ping_status":"open","sticky":false,"template":"","format":"standard","meta":{"footnotes":""},"categories":[1,13,3],"tags":[65,59,188,222,107,73,67,60],"class_list":["post-24256","post","type-post","status-publish","format-standard","has-post-thumbnail","hentry","category-sem-categoria","category-sintese-das-ocorrencias","category-slide","tag-carlos-roberto-sodre","tag-fala-sodre","tag-fato-policial","tag-ocorrencia-policial","tag-policia-civil","tag-policia-militar","tag-sodre","tag-ubanews"],"yoast_head":"<!-- This site is optimized with the Yoast SEO plugin v27.2 - https:\/\/yoast.com\/product\/yoast-seo-wordpress\/ -->\n<title>S\u00edntese das Ocorr\u00eancias Policiais 13..15\/03\/2026 - Ub\u00e1 News<\/title>\n<meta name=\"description\" content=\"S\u00edntese das Ocorr\u00eancias Policiais 13 at\u00e9 15\/03\/2026\" \/>\n<meta name=\"robots\" content=\"index, follow, max-snippet:-1, max-image-preview:large, max-video-preview:-1\" \/>\n<link rel=\"canonical\" href=\"https:\/\/ubanews.com\/site\/2026\/03\/16\/sintese-das-ocorrencias-policiais-13-ate-15-03-2026\/\" \/>\n<meta property=\"og:locale\" content=\"pt_BR\" \/>\n<meta property=\"og:type\" content=\"article\" \/>\n<meta property=\"og:title\" content=\"S\u00edntese das Ocorr\u00eancias Policiais 13..15\/03\/2026 - Ub\u00e1 News\" \/>\n<meta property=\"og:description\" content=\"S\u00edntese das Ocorr\u00eancias Policiais 13 at\u00e9 15\/03\/2026\" \/>\n<meta property=\"og:url\" content=\"https:\/\/ubanews.com\/site\/2026\/03\/16\/sintese-das-ocorrencias-policiais-13-ate-15-03-2026\/\" \/>\n<meta property=\"og:site_name\" content=\"Ub\u00e1 News\" \/>\n<meta property=\"article:publisher\" content=\"https:\/\/www.facebook.com\/Ub%c3%a1News-Carlos-Roberto-Sodr%c3%a9-418778301977370\" \/>\n<meta property=\"article:published_time\" content=\"2026-03-16T13:52:04+00:00\" \/>\n<meta property=\"article:modified_time\" content=\"2026-03-16T13:52:12+00:00\" \/>\n<meta property=\"og:image\" content=\"https:\/\/ubanews.com\/site\/wp-content\/uploads\/2026\/03\/2026-03-13-Trafico-de-drogas-Patrimonio-Tocantins.jpg\" \/>\n\t<meta property=\"og:image:width\" content=\"2000\" \/>\n\t<meta property=\"og:image:height\" content=\"1414\" \/>\n\t<meta property=\"og:image:type\" content=\"image\/jpeg\" \/>\n<meta name=\"author\" content=\"Carlos Roberto Sodr\u00e9\" \/>\n<meta name=\"twitter:card\" content=\"summary_large_image\" \/>\n<meta name=\"twitter:label1\" content=\"Escrito por\" \/>\n\t<meta name=\"twitter:data1\" content=\"Carlos Roberto Sodr\u00e9\" \/>\n\t<meta name=\"twitter:label2\" content=\"Est. tempo de leitura\" \/>\n\t<meta name=\"twitter:data2\" content=\"20 minutos\" \/>\n<script type=\"application\/ld+json\" class=\"yoast-schema-graph\">{\"@context\":\"https:\/\/schema.org\",\"@graph\":[{\"@type\":\"Article\",\"@id\":\"https:\/\/ubanews.com\/site\/2026\/03\/16\/sintese-das-ocorrencias-policiais-13-ate-15-03-2026\/#article\",\"isPartOf\":{\"@id\":\"https:\/\/ubanews.com\/site\/2026\/03\/16\/sintese-das-ocorrencias-policiais-13-ate-15-03-2026\/\"},\"author\":{\"name\":\"Carlos Roberto Sodr\u00e9\",\"@id\":\"https:\/\/ubanews.com\/site\/#\/schema\/person\/9d8da9ec3c8d00640ab6e8c81e103310\"},\"headline\":\"S\u00edntese das Ocorr\u00eancias Policiais 13..15\/03\/2026\",\"datePublished\":\"2026-03-16T13:52:04+00:00\",\"dateModified\":\"2026-03-16T13:52:12+00:00\",\"mainEntityOfPage\":{\"@id\":\"https:\/\/ubanews.com\/site\/2026\/03\/16\/sintese-das-ocorrencias-policiais-13-ate-15-03-2026\/\"},\"wordCount\":3946,\"commentCount\":0,\"publisher\":{\"@id\":\"https:\/\/ubanews.com\/site\/#organization\"},\"image\":{\"@id\":\"https:\/\/ubanews.com\/site\/2026\/03\/16\/sintese-das-ocorrencias-policiais-13-ate-15-03-2026\/#primaryimage\"},\"thumbnailUrl\":\"https:\/\/ubanews.com\/site\/wp-content\/uploads\/2026\/03\/2026-03-13-Trafico-de-drogas-Patrimonio-Tocantins.jpg\",\"keywords\":[\"Carlos Roberto Sodr\u00e9\",\"Fala Sodr\u00e9\",\"Fato Policial\",\"Ocorr\u00eancia Policial\",\"Pol\u00edcia Civil\",\"Pol\u00edcia Militar\",\"Sodr\u00e9\",\"UBANEWS\"],\"articleSection\":[\"Geral\",\"S\u00edntese das Ocorr\u00eancias\",\"Slide\"],\"inLanguage\":\"pt-BR\",\"potentialAction\":[{\"@type\":\"CommentAction\",\"name\":\"Comment\",\"target\":[\"https:\/\/ubanews.com\/site\/2026\/03\/16\/sintese-das-ocorrencias-policiais-13-ate-15-03-2026\/#respond\"]}]},{\"@type\":\"WebPage\",\"@id\":\"https:\/\/ubanews.com\/site\/2026\/03\/16\/sintese-das-ocorrencias-policiais-13-ate-15-03-2026\/\",\"url\":\"https:\/\/ubanews.com\/site\/2026\/03\/16\/sintese-das-ocorrencias-policiais-13-ate-15-03-2026\/\",\"name\":\"S\u00edntese das Ocorr\u00eancias Policiais 13..15\/03\/2026 - Ub\u00e1 News\",\"isPartOf\":{\"@id\":\"https:\/\/ubanews.com\/site\/#website\"},\"primaryImageOfPage\":{\"@id\":\"https:\/\/ubanews.com\/site\/2026\/03\/16\/sintese-das-ocorrencias-policiais-13-ate-15-03-2026\/#primaryimage\"},\"image\":{\"@id\":\"https:\/\/ubanews.com\/site\/2026\/03\/16\/sintese-das-ocorrencias-policiais-13-ate-15-03-2026\/#primaryimage\"},\"thumbnailUrl\":\"https:\/\/ubanews.com\/site\/wp-content\/uploads\/2026\/03\/2026-03-13-Trafico-de-drogas-Patrimonio-Tocantins.jpg\",\"datePublished\":\"2026-03-16T13:52:04+00:00\",\"dateModified\":\"2026-03-16T13:52:12+00:00\",\"description\":\"S\u00edntese das Ocorr\u00eancias Policiais 13 at\u00e9 15\/03\/2026\",\"breadcrumb\":{\"@id\":\"https:\/\/ubanews.com\/site\/2026\/03\/16\/sintese-das-ocorrencias-policiais-13-ate-15-03-2026\/#breadcrumb\"},\"inLanguage\":\"pt-BR\",\"potentialAction\":[{\"@type\":\"ReadAction\",\"target\":[\"https:\/\/ubanews.com\/site\/2026\/03\/16\/sintese-das-ocorrencias-policiais-13-ate-15-03-2026\/\"]}]},{\"@type\":\"ImageObject\",\"inLanguage\":\"pt-BR\",\"@id\":\"https:\/\/ubanews.com\/site\/2026\/03\/16\/sintese-das-ocorrencias-policiais-13-ate-15-03-2026\/#primaryimage\",\"url\":\"https:\/\/ubanews.com\/site\/wp-content\/uploads\/2026\/03\/2026-03-13-Trafico-de-drogas-Patrimonio-Tocantins.jpg\",\"contentUrl\":\"https:\/\/ubanews.com\/site\/wp-content\/uploads\/2026\/03\/2026-03-13-Trafico-de-drogas-Patrimonio-Tocantins.jpg\",\"width\":2000,\"height\":1414},{\"@type\":\"BreadcrumbList\",\"@id\":\"https:\/\/ubanews.com\/site\/2026\/03\/16\/sintese-das-ocorrencias-policiais-13-ate-15-03-2026\/#breadcrumb\",\"itemListElement\":[{\"@type\":\"ListItem\",\"position\":1,\"name\":\"Home\",\"item\":\"https:\/\/ubanews.com\/site\/\"},{\"@type\":\"ListItem\",\"position\":2,\"name\":\"S\u00edntese das Ocorr\u00eancias Policiais 13..15\/03\/2026\"}]},{\"@type\":\"WebSite\",\"@id\":\"https:\/\/ubanews.com\/site\/#website\",\"url\":\"https:\/\/ubanews.com\/site\/\",\"name\":\"Ub\u00e1 News\",\"description\":\"\",\"publisher\":{\"@id\":\"https:\/\/ubanews.com\/site\/#organization\"},\"potentialAction\":[{\"@type\":\"SearchAction\",\"target\":{\"@type\":\"EntryPoint\",\"urlTemplate\":\"https:\/\/ubanews.com\/site\/?s={search_term_string}\"},\"query-input\":{\"@type\":\"PropertyValueSpecification\",\"valueRequired\":true,\"valueName\":\"search_term_string\"}}],\"inLanguage\":\"pt-BR\"},{\"@type\":\"Organization\",\"@id\":\"https:\/\/ubanews.com\/site\/#organization\",\"name\":\"Ub\u00e1 News\",\"url\":\"https:\/\/ubanews.com\/site\/\",\"logo\":{\"@type\":\"ImageObject\",\"inLanguage\":\"pt-BR\",\"@id\":\"https:\/\/ubanews.com\/site\/#\/schema\/logo\/image\/\",\"url\":\"https:\/\/ubanews.com\/site\/wp-content\/uploads\/2018\/01\/logoubanews.png\",\"contentUrl\":\"https:\/\/ubanews.com\/site\/wp-content\/uploads\/2018\/01\/logoubanews.png\",\"width\":261,\"height\":99,\"caption\":\"Ub\u00e1 News\"},\"image\":{\"@id\":\"https:\/\/ubanews.com\/site\/#\/schema\/logo\/image\/\"},\"sameAs\":[\"https:\/\/www.facebook.com\/Ub\u00e1News-Carlos-Roberto-Sodr\u00e9-418778301977370\"]},{\"@type\":\"Person\",\"@id\":\"https:\/\/ubanews.com\/site\/#\/schema\/person\/9d8da9ec3c8d00640ab6e8c81e103310\",\"name\":\"Carlos Roberto Sodr\u00e9\",\"image\":{\"@type\":\"ImageObject\",\"inLanguage\":\"pt-BR\",\"@id\":\"https:\/\/secure.gravatar.com\/avatar\/aab322e8555b56c468614fafdab8a8f924e394cdc6cfd8232f77e9e4d123a133?s=96&d=mm&r=g\",\"url\":\"https:\/\/secure.gravatar.com\/avatar\/aab322e8555b56c468614fafdab8a8f924e394cdc6cfd8232f77e9e4d123a133?s=96&d=mm&r=g\",\"contentUrl\":\"https:\/\/secure.gravatar.com\/avatar\/aab322e8555b56c468614fafdab8a8f924e394cdc6cfd8232f77e9e4d123a133?s=96&d=mm&r=g\",\"caption\":\"Carlos Roberto Sodr\u00e9\"},\"url\":\"https:\/\/ubanews.com\/site\/author\/sodre\/\"}]}<\/script>\n<!-- \/ Yoast SEO plugin. -->","yoast_head_json":{"title":"S\u00edntese das Ocorr\u00eancias Policiais 13..15\/03\/2026 - Ub\u00e1 News","description":"S\u00edntese das Ocorr\u00eancias Policiais 13 at\u00e9 15\/03\/2026","robots":{"index":"index","follow":"follow","max-snippet":"max-snippet:-1","max-image-preview":"max-image-preview:large","max-video-preview":"max-video-preview:-1"},"canonical":"https:\/\/ubanews.com\/site\/2026\/03\/16\/sintese-das-ocorrencias-policiais-13-ate-15-03-2026\/","og_locale":"pt_BR","og_type":"article","og_title":"S\u00edntese das Ocorr\u00eancias Policiais 13..15\/03\/2026 - Ub\u00e1 News","og_description":"S\u00edntese das Ocorr\u00eancias Policiais 13 at\u00e9 15\/03\/2026","og_url":"https:\/\/ubanews.com\/site\/2026\/03\/16\/sintese-das-ocorrencias-policiais-13-ate-15-03-2026\/","og_site_name":"Ub\u00e1 News","article_publisher":"https:\/\/www.facebook.com\/Ub%c3%a1News-Carlos-Roberto-Sodr%c3%a9-418778301977370","article_published_time":"2026-03-16T13:52:04+00:00","article_modified_time":"2026-03-16T13:52:12+00:00","og_image":[{"width":2000,"height":1414,"url":"https:\/\/ubanews.com\/site\/wp-content\/uploads\/2026\/03\/2026-03-13-Trafico-de-drogas-Patrimonio-Tocantins.jpg","type":"image\/jpeg"}],"author":"Carlos Roberto Sodr\u00e9","twitter_card":"summary_large_image","twitter_misc":{"Escrito por":"Carlos Roberto Sodr\u00e9","Est. tempo de leitura":"20 minutos"},"schema":{"@context":"https:\/\/schema.org","@graph":[{"@type":"Article","@id":"https:\/\/ubanews.com\/site\/2026\/03\/16\/sintese-das-ocorrencias-policiais-13-ate-15-03-2026\/#article","isPartOf":{"@id":"https:\/\/ubanews.com\/site\/2026\/03\/16\/sintese-das-ocorrencias-policiais-13-ate-15-03-2026\/"},"author":{"name":"Carlos Roberto Sodr\u00e9","@id":"https:\/\/ubanews.com\/site\/#\/schema\/person\/9d8da9ec3c8d00640ab6e8c81e103310"},"headline":"S\u00edntese das Ocorr\u00eancias Policiais 13..15\/03\/2026","datePublished":"2026-03-16T13:52:04+00:00","dateModified":"2026-03-16T13:52:12+00:00","mainEntityOfPage":{"@id":"https:\/\/ubanews.com\/site\/2026\/03\/16\/sintese-das-ocorrencias-policiais-13-ate-15-03-2026\/"},"wordCount":3946,"commentCount":0,"publisher":{"@id":"https:\/\/ubanews.com\/site\/#organization"},"image":{"@id":"https:\/\/ubanews.com\/site\/2026\/03\/16\/sintese-das-ocorrencias-policiais-13-ate-15-03-2026\/#primaryimage"},"thumbnailUrl":"https:\/\/ubanews.com\/site\/wp-content\/uploads\/2026\/03\/2026-03-13-Trafico-de-drogas-Patrimonio-Tocantins.jpg","keywords":["Carlos Roberto Sodr\u00e9","Fala Sodr\u00e9","Fato Policial","Ocorr\u00eancia Policial","Pol\u00edcia Civil","Pol\u00edcia Militar","Sodr\u00e9","UBANEWS"],"articleSection":["Geral","S\u00edntese das Ocorr\u00eancias","Slide"],"inLanguage":"pt-BR","potentialAction":[{"@type":"CommentAction","name":"Comment","target":["https:\/\/ubanews.com\/site\/2026\/03\/16\/sintese-das-ocorrencias-policiais-13-ate-15-03-2026\/#respond"]}]},{"@type":"WebPage","@id":"https:\/\/ubanews.com\/site\/2026\/03\/16\/sintese-das-ocorrencias-policiais-13-ate-15-03-2026\/","url":"https:\/\/ubanews.com\/site\/2026\/03\/16\/sintese-das-ocorrencias-policiais-13-ate-15-03-2026\/","name":"S\u00edntese das Ocorr\u00eancias Policiais 13..15\/03\/2026 - Ub\u00e1 News","isPartOf":{"@id":"https:\/\/ubanews.com\/site\/#website"},"primaryImageOfPage":{"@id":"https:\/\/ubanews.com\/site\/2026\/03\/16\/sintese-das-ocorrencias-policiais-13-ate-15-03-2026\/#primaryimage"},"image":{"@id":"https:\/\/ubanews.com\/site\/2026\/03\/16\/sintese-das-ocorrencias-policiais-13-ate-15-03-2026\/#primaryimage"},"thumbnailUrl":"https:\/\/ubanews.com\/site\/wp-content\/uploads\/2026\/03\/2026-03-13-Trafico-de-drogas-Patrimonio-Tocantins.jpg","datePublished":"2026-03-16T13:52:04+00:00","dateModified":"2026-03-16T13:52:12+00:00","description":"S\u00edntese das Ocorr\u00eancias Policiais 13 at\u00e9 15\/03\/2026","breadcrumb":{"@id":"https:\/\/ubanews.com\/site\/2026\/03\/16\/sintese-das-ocorrencias-policiais-13-ate-15-03-2026\/#breadcrumb"},"inLanguage":"pt-BR","potentialAction":[{"@type":"ReadAction","target":["https:\/\/ubanews.com\/site\/2026\/03\/16\/sintese-das-ocorrencias-policiais-13-ate-15-03-2026\/"]}]},{"@type":"ImageObject","inLanguage":"pt-BR","@id":"https:\/\/ubanews.com\/site\/2026\/03\/16\/sintese-das-ocorrencias-policiais-13-ate-15-03-2026\/#primaryimage","url":"https:\/\/ubanews.com\/site\/wp-content\/uploads\/2026\/03\/2026-03-13-Trafico-de-drogas-Patrimonio-Tocantins.jpg","contentUrl":"https:\/\/ubanews.com\/site\/wp-content\/uploads\/2026\/03\/2026-03-13-Trafico-de-drogas-Patrimonio-Tocantins.jpg","width":2000,"height":1414},{"@type":"BreadcrumbList","@id":"https:\/\/ubanews.com\/site\/2026\/03\/16\/sintese-das-ocorrencias-policiais-13-ate-15-03-2026\/#breadcrumb","itemListElement":[{"@type":"ListItem","position":1,"name":"Home","item":"https:\/\/ubanews.com\/site\/"},{"@type":"ListItem","position":2,"name":"S\u00edntese das Ocorr\u00eancias Policiais 13..15\/03\/2026"}]},{"@type":"WebSite","@id":"https:\/\/ubanews.com\/site\/#website","url":"https:\/\/ubanews.com\/site\/","name":"Ub\u00e1 News","description":"","publisher":{"@id":"https:\/\/ubanews.com\/site\/#organization"},"potentialAction":[{"@type":"SearchAction","target":{"@type":"EntryPoint","urlTemplate":"https:\/\/ubanews.com\/site\/?s={search_term_string}"},"query-input":{"@type":"PropertyValueSpecification","valueRequired":true,"valueName":"search_term_string"}}],"inLanguage":"pt-BR"},{"@type":"Organization","@id":"https:\/\/ubanews.com\/site\/#organization","name":"Ub\u00e1 News","url":"https:\/\/ubanews.com\/site\/","logo":{"@type":"ImageObject","inLanguage":"pt-BR","@id":"https:\/\/ubanews.com\/site\/#\/schema\/logo\/image\/","url":"https:\/\/ubanews.com\/site\/wp-content\/uploads\/2018\/01\/logoubanews.png","contentUrl":"https:\/\/ubanews.com\/site\/wp-content\/uploads\/2018\/01\/logoubanews.png","width":261,"height":99,"caption":"Ub\u00e1 News"},"image":{"@id":"https:\/\/ubanews.com\/site\/#\/schema\/logo\/image\/"},"sameAs":["https:\/\/www.facebook.com\/Ub\u00e1News-Carlos-Roberto-Sodr\u00e9-418778301977370"]},{"@type":"Person","@id":"https:\/\/ubanews.com\/site\/#\/schema\/person\/9d8da9ec3c8d00640ab6e8c81e103310","name":"Carlos Roberto Sodr\u00e9","image":{"@type":"ImageObject","inLanguage":"pt-BR","@id":"https:\/\/secure.gravatar.com\/avatar\/aab322e8555b56c468614fafdab8a8f924e394cdc6cfd8232f77e9e4d123a133?s=96&d=mm&r=g","url":"https:\/\/secure.gravatar.com\/avatar\/aab322e8555b56c468614fafdab8a8f924e394cdc6cfd8232f77e9e4d123a133?s=96&d=mm&r=g","contentUrl":"https:\/\/secure.gravatar.com\/avatar\/aab322e8555b56c468614fafdab8a8f924e394cdc6cfd8232f77e9e4d123a133?s=96&d=mm&r=g","caption":"Carlos Roberto Sodr\u00e9"},"url":"https:\/\/ubanews.com\/site\/author\/sodre\/"}]}},"_links":{"self":[{"href":"https:\/\/ubanews.com\/site\/wp-json\/wp\/v2\/posts\/24256","targetHints":{"allow":["GET"]}}],"collection":[{"href":"https:\/\/ubanews.com\/site\/wp-json\/wp\/v2\/posts"}],"about":[{"href":"https:\/\/ubanews.com\/site\/wp-json\/wp\/v2\/types\/post"}],"author":[{"embeddable":true,"href":"https:\/\/ubanews.com\/site\/wp-json\/wp\/v2\/users\/4"}],"replies":[{"embeddable":true,"href":"https:\/\/ubanews.com\/site\/wp-json\/wp\/v2\/comments?post=24256"}],"version-history":[{"count":0,"href":"https:\/\/ubanews.com\/site\/wp-json\/wp\/v2\/posts\/24256\/revisions"}],"wp:featuredmedia":[{"embeddable":true,"href":"https:\/\/ubanews.com\/site\/wp-json\/wp\/v2\/media\/24257"}],"wp:attachment":[{"href":"https:\/\/ubanews.com\/site\/wp-json\/wp\/v2\/media?parent=24256"}],"wp:term":[{"taxonomy":"category","embeddable":true,"href":"https:\/\/ubanews.com\/site\/wp-json\/wp\/v2\/categories?post=24256"},{"taxonomy":"post_tag","embeddable":true,"href":"https:\/\/ubanews.com\/site\/wp-json\/wp\/v2\/tags?post=24256"}],"curies":[{"name":"wp","href":"https:\/\/api.w.org\/{rel}","templated":true}]}}