{"id":24238,"date":"2026-03-12T20:09:03","date_gmt":"2026-03-12T23:09:03","guid":{"rendered":"https:\/\/ubanews.com\/site\/?p=24238"},"modified":"2026-03-12T20:09:15","modified_gmt":"2026-03-12T23:09:15","slug":"uba-inicia-dialogo-para-possivel-adocao-de-plataforma-humanitaria-de-gestao-de-crise","status":"publish","type":"post","link":"https:\/\/ubanews.com\/site\/2026\/03\/12\/uba-inicia-dialogo-para-possivel-adocao-de-plataforma-humanitaria-de-gestao-de-crise\/","title":{"rendered":"Ub\u00e1 inicia di\u00e1logo para poss\u00edvel ado\u00e7\u00e3o de plataforma humanit\u00e1ria de Gest\u00e3o de Crise"},"content":{"rendered":"\n<p>Ub\u00e1 inicia di\u00e1logo para poss\u00edvel ado\u00e7\u00e3o de plataforma humanit\u00e1ria de Gest\u00e3o de Crise. <\/p>\n\n\n\n<h2 class=\"wp-block-heading\">Um momento de como\u00e7\u00e3o que exige uni\u00e3o, m\u00e9todo e confian\u00e7a<\/h2>\n\n\n\n<p>Neste momento de profunda como\u00e7\u00e3o social, Ub\u00e1 vive um dos maiores desafios de sua hist\u00f3ria recente.<br>Ao mesmo tempo, a cidade demonstra for\u00e7a coletiva.<br>Al\u00e9m disso, volunt\u00e1rios continuam chegando.<br>Da mesma forma, doa\u00e7\u00f5es seguem sendo recebidas.<br>Sobretudo, a energia positiva permanece pulsando.<\/p>\n\n\n\n<p>Dentro desse cen\u00e1rio, a <strong>Cidade Carinho Ub\u00e1<\/strong> refor\u00e7a seu compromisso com a organiza\u00e7\u00e3o, a dignidade no atendimento \u00e0s fam\u00edlias afetadas e a transpar\u00eancia na gest\u00e3o dos recursos.<br>Por isso, iniciativas estruturadas ganham protagonismo.<br>Consequentemente, solu\u00e7\u00f5es tecnol\u00f3gicas passam a ocupar lugar estrat\u00e9gico.<\/p>\n\n\n\n<p>Foi exatamente nesse contexto que o programa <strong>Fala Sodr\u00e9<\/strong>, conduzido pelo <strong>rep\u00f3rter Carlos Roberto Sodr\u00e9<\/strong>, recebeu <strong>Madelleine Lima (@madeliima)<\/strong> para uma entrevista decisiva.<br>Na ocasi\u00e3o, a convidada apresentou uma <strong>plataforma humanit\u00e1ria unificada<\/strong>, criada para <strong>modernizar a Gest\u00e3o de Crise<\/strong>, organizar dados e gerar confian\u00e7a p\u00fablica.<\/p>\n\n\n\n<h2 class=\"wp-block-heading\">Ub\u00e1 inicia di\u00e1logo para poss\u00edvel ado\u00e7\u00e3o de plataforma humanit\u00e1ria de Gest\u00e3o de Crise<\/h2>\n\n\n\n<figure class=\"wp-block-image size-large\"><img decoding=\"async\" width=\"1024\" height=\"573\" data-src=\"https:\/\/ubanews.com\/site\/wp-content\/uploads\/2026\/03\/Fala-Sodre-Recebendo-a-Madelleine-C-Lima-com-a-participacao-de-Pedro-Henriques--1024x573.jpg\" alt=\"\" class=\"wp-image-24239 lazyload\" data-srcset=\"https:\/\/ubanews.com\/site\/wp-content\/uploads\/2026\/03\/Fala-Sodre-Recebendo-a-Madelleine-C-Lima-com-a-participacao-de-Pedro-Henriques--1024x573.jpg 1024w, https:\/\/ubanews.com\/site\/wp-content\/uploads\/2026\/03\/Fala-Sodre-Recebendo-a-Madelleine-C-Lima-com-a-participacao-de-Pedro-Henriques--300x168.jpg 300w, https:\/\/ubanews.com\/site\/wp-content\/uploads\/2026\/03\/Fala-Sodre-Recebendo-a-Madelleine-C-Lima-com-a-participacao-de-Pedro-Henriques--768x429.jpg 768w, https:\/\/ubanews.com\/site\/wp-content\/uploads\/2026\/03\/Fala-Sodre-Recebendo-a-Madelleine-C-Lima-com-a-participacao-de-Pedro-Henriques--360x200.jpg 360w, https:\/\/ubanews.com\/site\/wp-content\/uploads\/2026\/03\/Fala-Sodre-Recebendo-a-Madelleine-C-Lima-com-a-participacao-de-Pedro-Henriques-.jpg 1039w\" data-sizes=\"(max-width: 1024px) 100vw, 1024px\" src=\"data:image\/svg+xml;base64,PHN2ZyB3aWR0aD0iMSIgaGVpZ2h0PSIxIiB4bWxucz0iaHR0cDovL3d3dy53My5vcmcvMjAwMC9zdmciPjwvc3ZnPg==\" style=\"--smush-placeholder-width: 1024px; --smush-placeholder-aspect-ratio: 1024\/573;\" \/><\/figure>\n\n\n\n<h2 class=\"wp-block-heading\">A entrevista no Fala Sodr\u00e9 e o papel da comunica\u00e7\u00e3o respons\u00e1vel<\/h2>\n\n\n\n<p>Inicialmente, \u00e9 importante destacar o papel da comunica\u00e7\u00e3o local.<br>Sem informa\u00e7\u00e3o clara, a solidariedade se perde.<br>Sem dados organizados, a ajuda se dispersa.<\/p>\n\n\n\n<p>Durante a entrevista, conduzida com sensibilidade e profundidade por <strong>Carlos Roberto Sodr\u00e9<\/strong>, ficou evidente que o desafio n\u00e3o est\u00e1 apenas na arrecada\u00e7\u00e3o.<br>O grande desafio est\u00e1 na <strong>gest\u00e3o inteligente do que chega<\/strong>.<\/p>\n\n\n\n<p>Nesse sentido, o Fala Sodr\u00e9 cumpriu uma fun\u00e7\u00e3o essencial:<br>&#x2705; Informar<br>&#x2705; Conectar atores<br>&#x2705; Apresentar solu\u00e7\u00f5es<br>&#x2705; Ampliar a consci\u00eancia coletiva<\/p>\n\n\n\n<h2 class=\"wp-block-heading\">Quem \u00e9 Madelleine Lima e por que sua proposta chama aten\u00e7\u00e3o<\/h2>\n\n\n\n<p>Antes de tudo, Madelleine Lima (<strong><a href=\"https:\/\/www.linkedin.com\/in\/madelleine-lima-736a63199\/\" target=\"_blank\" rel=\"noreferrer noopener\">LINKEDIN<\/a><\/strong>) \u00e9 mineira.<br>Atualmente, reside em S\u00e3o Paulo.<br>Entretanto, mant\u00e9m forte conex\u00e3o com Minas Gerais.<\/p>\n\n\n\n<p>Durante a entrevista, ela explicou que lidera um time de tecnologia focado em <strong>coordena\u00e7\u00e3o comunit\u00e1ria, gest\u00e3o de dados e resposta a desastres<\/strong>.<br>Mais do que uma solu\u00e7\u00e3o digital, ela apresentou um <strong>modelo de governan\u00e7a humanit\u00e1ria baseada em dados<\/strong>.<\/p>\n\n\n\n<p>Em sua fala, Madelleine foi direta:<\/p>\n\n\n\n<blockquote class=\"wp-block-quote is-layout-flow wp-block-quote-is-layout-flow\">\n<p>\u201cGest\u00e3o improvisada gera preju\u00edzos bilion\u00e1rios. Informa\u00e7\u00e3o organizada salva recursos, tempo e dignidade.\u201d<\/p>\n<\/blockquote>\n\n\n\n<p>Essa frase sintetiza o esp\u00edrito da proposta.<br>Ou seja, ajudar n\u00e3o basta.<br>\u00c9 preciso ajudar bem.<\/p>\n\n\n<div class=\"wp-block-image\">\n<figure class=\"aligncenter size-full\"><a href=\"https:\/\/www.instagram.com\/madeliima?utm_source=ig_web_button_share_sheet&amp;igsh=ZDNlZDc0MzIxNw==\" target=\"_blank\" rel=\" noreferrer noopener\"><img decoding=\"async\" width=\"693\" height=\"698\" data-src=\"https:\/\/ubanews.com\/site\/wp-content\/uploads\/2026\/03\/Madelleine-C-Lima-2.jpg\" alt=\"\" class=\"wp-image-24242 lazyload\" data-srcset=\"https:\/\/ubanews.com\/site\/wp-content\/uploads\/2026\/03\/Madelleine-C-Lima-2.jpg 693w, https:\/\/ubanews.com\/site\/wp-content\/uploads\/2026\/03\/Madelleine-C-Lima-2-298x300.jpg 298w, https:\/\/ubanews.com\/site\/wp-content\/uploads\/2026\/03\/Madelleine-C-Lima-2-150x150.jpg 150w\" data-sizes=\"(max-width: 693px) 100vw, 693px\" src=\"data:image\/svg+xml;base64,PHN2ZyB3aWR0aD0iMSIgaGVpZ2h0PSIxIiB4bWxucz0iaHR0cDovL3d3dy53My5vcmcvMjAwMC9zdmciPjwvc3ZnPg==\" style=\"--smush-placeholder-width: 693px; --smush-placeholder-aspect-ratio: 693\/698;\" \/><\/a><\/figure>\n<\/div>\n\n\n<h2 class=\"wp-block-heading\">A plataforma humanit\u00e1ria: tecnologia a servi\u00e7o das pessoas<\/h2>\n\n\n\n<p>A plataforma apresentada durante o Fala Sodr\u00e9 foi criada para <strong>atuar em situa\u00e7\u00f5es de crise humanit\u00e1ria<\/strong>, como enchentes, deslizamentos e eventos extremos.<\/p>\n\n\n\n<p>Desde o in\u00edcio, Madelleine deixou claro um ponto essencial:<\/p>\n\n\n\n<blockquote class=\"wp-block-quote is-layout-flow wp-block-quote-is-layout-flow\">\n<p>\u201cA plataforma ser\u00e1 oferecida <strong>sem custo<\/strong> ao munic\u00edpio.\u201d<\/p>\n<\/blockquote>\n\n\n\n<p>Esse detalhe muda tudo.<br>Assim, o foco sai do lucro.<br>O foco vai para o impacto social.<\/p>\n\n\n\n<h3 class=\"wp-block-heading\">O que a plataforma permite fazer<\/h3>\n\n\n\n<p>Primeiramente, o sistema possibilita o <strong>cadastro estruturado das pessoas assistidas<\/strong>.<br>Em seguida, organiza <strong>endere\u00e7os, perfis familiares e n\u00edveis de impacto<\/strong>.<br>Al\u00e9m disso, integra informa\u00e7\u00f5es de <strong>doa\u00e7\u00f5es f\u00edsicas e vaquinhas financeiras<\/strong>.<\/p>\n\n\n\n<p>Entre as funcionalidades centrais, destacam-se:<\/p>\n\n\n\n<ul class=\"wp-block-list\">\n<li>Cadastro digital de fam\u00edlias e empresas afetadas<\/li>\n\n\n\n<li>Converg\u00eancia de dados de doa\u00e7\u00f5es e campanhas financeiras<\/li>\n\n\n\n<li>Controle de estoques e pontos de distribui\u00e7\u00e3o<\/li>\n\n\n\n<li>Rastreabilidade da entrega de donativos<\/li>\n\n\n\n<li>Relat\u00f3rios em tempo real para gestores p\u00fablicos<\/li>\n\n\n\n<li>Base de dados \u00fanica e audit\u00e1vel<\/li>\n<\/ul>\n\n\n\n<p>Segundo Madelleine, esse tipo de organiza\u00e7\u00e3o evita desperd\u00edcios e injusti\u00e7as.<\/p>\n\n\n\n<blockquote class=\"wp-block-quote is-layout-flow wp-block-quote-is-layout-flow\">\n<p>\u201cN\u00e3o \u00e9 razo\u00e1vel que uma pessoa receba tr\u00eas cestas b\u00e1sicas enquanto outra n\u00e3o recebe nenhuma.\u201d<\/p>\n<\/blockquote>\n\n\n\n<h2 class=\"wp-block-heading\">Transpar\u00eancia como valor central da Gest\u00e3o de Crise<\/h2>\n\n\n\n<p>Um dos pontos mais enfatizados durante a entrevista foi a <strong>transpar\u00eancia<\/strong>.<br>De forma clara, Madelleine afirmou:<\/p>\n\n\n\n<blockquote class=\"wp-block-quote is-layout-flow wp-block-quote-is-layout-flow\">\n<p>\u201cTranspar\u00eancia gera confian\u00e7a. Confian\u00e7a gera mais ajuda.\u201d<\/p>\n<\/blockquote>\n\n\n\n<p>Essa l\u00f3gica \u00e9 simples e poderosa.<br>Quando a popula\u00e7\u00e3o sabe para onde v\u00e3o os recursos, ela continua doando.<br>Quando o volunt\u00e1rio entende a log\u00edstica, ele permanece engajado.<br>Quando o gestor tem dados confi\u00e1veis, ele decide melhor.<\/p>\n\n\n\n<p>Por isso, a plataforma trabalha com <strong>gest\u00e3o \u00e0 vista<\/strong>.<br>Ou seja, os dados n\u00e3o ficam escondidos.<br>Eles orientam decis\u00f5es.<\/p>\n\n\n\n<h2 class=\"wp-block-heading\">Dados organizados evitam perdas milion\u00e1rias<\/h2>\n\n\n\n<p>Durante a conversa, um dado chamou aten\u00e7\u00e3o.<br>Segundo Madelleine, <strong>mais de 60% das perdas em desastres no Brasil acontecem por falhas de distribui\u00e7\u00e3o e gest\u00e3o da ajuda<\/strong>.<\/p>\n\n\n\n<p>Esse n\u00famero assusta.<br>Entretanto, ele tamb\u00e9m aponta um caminho.<\/p>\n\n\n\n<p>Com dados organizados, o munic\u00edpio consegue:<\/p>\n\n\n\n<ul class=\"wp-block-list\">\n<li>Saber quem precisa de qu\u00ea<\/li>\n\n\n\n<li>Identificar regi\u00f5es mais impactadas<\/li>\n\n\n\n<li>Planejar rotas de distribui\u00e7\u00e3o<\/li>\n\n\n\n<li>Evitar sobreposi\u00e7\u00e3o de ajuda<\/li>\n\n\n\n<li>Reduzir conflitos e desinforma\u00e7\u00e3o<\/li>\n<\/ul>\n\n\n\n<p>Al\u00e9m disso, a plataforma permite <strong>atualiza\u00e7\u00e3o constante<\/strong> das informa\u00e7\u00f5es.<br>Nada fica congelado.<br>Tudo evolui conforme a realidade do territ\u00f3rio.<\/p>\n\n\n\n<h2 class=\"wp-block-heading\">Log\u00edstica inteligente e georreferenciada<\/h2>\n\n\n\n<p>Outro diferencial apresentado foi o uso de <strong>georreferenciamento<\/strong>.<br>Com isso, cada entrega passa a ter contexto.<\/p>\n\n\n\n<p>Na pr\u00e1tica, o sistema identifica:<\/p>\n\n\n\n<ul class=\"wp-block-list\">\n<li>Onde est\u00e3o os estoques<\/li>\n\n\n\n<li>Onde est\u00e3o as fam\u00edlias cadastradas<\/li>\n\n\n\n<li>Qual o hist\u00f3rico de atendimento<\/li>\n\n\n\n<li>Quais \u00e1reas ainda n\u00e3o receberam suporte<\/li>\n<\/ul>\n\n\n\n<p>Segundo Madelleine, essa l\u00f3gica cria <strong>distribui\u00e7\u00e3o inteligente<\/strong>, n\u00e3o aleat\u00f3ria.<\/p>\n\n\n\n<blockquote class=\"wp-block-quote is-layout-flow wp-block-quote-is-layout-flow\">\n<p>\u201cA ajuda precisa chegar a quem realmente precisa, no tempo certo.\u201d<\/p>\n<\/blockquote>\n\n\n\n<h2 class=\"wp-block-heading\">Integra\u00e7\u00e3o com a economia local e dignidade no atendimento<\/h2>\n\n\n\n<p>Um dos pontos mais inovadores da proposta envolve a <strong>economia local<\/strong>.<br>Durante a entrevista, Madelleine explicou que a plataforma permite a cria\u00e7\u00e3o de <strong>cr\u00e9ditos digitais humanit\u00e1rios<\/strong>.<\/p>\n\n\n\n<p>Esses cr\u00e9ditos:<\/p>\n\n\n\n<ul class=\"wp-block-list\">\n<li>N\u00e3o funcionam como dinheiro tradicional<\/li>\n\n\n\n<li>Circulam dentro do com\u00e9rcio local<\/li>\n\n\n\n<li>Fortalecem empresas afetadas<\/li>\n\n\n\n<li>Mant\u00eam a dignidade das fam\u00edlias<\/li>\n<\/ul>\n\n\n\n<p>Dessa forma, o aux\u00edlio n\u00e3o apenas ajuda a sobreviver.<br>Ele ajuda a reconstruir.<\/p>\n\n\n\n<p>Essa abordagem conecta assist\u00eancia social e desenvolvimento econ\u00f4mico.<br>Portanto, a ajuda deixa de ser emergencial apenas.<br>Ela se torna estrat\u00e9gica.<\/p>\n\n\n\n<h2 class=\"wp-block-heading\">Gest\u00e3o de Crise hoje e preven\u00e7\u00e3o amanh\u00e3<\/h2>\n\n\n\n<p>Outro ponto relevante abordado foi o olhar para o futuro.<br>Segundo Madelleine, a plataforma nasce para a crise.<br>No entanto, ela evolui para a preven\u00e7\u00e3o.<\/p>\n\n\n\n<p>Com o hist\u00f3rico de dados, o munic\u00edpio pode:<\/p>\n\n\n\n<ul class=\"wp-block-list\">\n<li>Mapear \u00e1reas de risco<\/li>\n\n\n\n<li>Criar alertas autom\u00e1ticos<\/li>\n\n\n\n<li>Integrar dados pluviom\u00e9tricos<\/li>\n\n\n\n<li>Planejar a\u00e7\u00f5es preventivas<\/li>\n<\/ul>\n\n\n\n<p>Assim, Ub\u00e1 n\u00e3o apenas reage.<br>Ub\u00e1 se antecipa.<\/p>\n\n\n\n<h2 class=\"wp-block-heading\">Sa\u00fade psicossocial tamb\u00e9m entra no radar<\/h2>\n\n\n\n<p>Durante a entrevista, Madelleine trouxe um tema sens\u00edvel e necess\u00e1rio: <strong>sa\u00fade mental<\/strong>.<br>Ela destacou que muitas fam\u00edlias perderam casa, renda e refer\u00eancia emocional.<\/p>\n\n\n\n<p>Por isso, a plataforma pode integrar solu\u00e7\u00f5es de <strong>acolhimento psicossocial<\/strong>, inclusive em parceria com empresas e institui\u00e7\u00f5es.<\/p>\n\n\n\n<p>Segundo ela:<\/p>\n\n\n\n<blockquote class=\"wp-block-quote is-layout-flow wp-block-quote-is-layout-flow\">\n<p>\u201cAs pessoas v\u00e3o voltar ao trabalho diferentes. Ignorar isso gera novos problemas.\u201d<\/p>\n<\/blockquote>\n\n\n\n<p>Essa vis\u00e3o amplia o conceito de ajuda humanit\u00e1ria.<br>Afinal, reconstruir tamb\u00e9m envolve cuidar da mente.<\/p>\n\n\n\n<h2 class=\"wp-block-heading\">Cidade Carinho Ub\u00e1: solidariedade com m\u00e9todo<\/h2>\n\n\n\n<p>A Cidade Carinho Ub\u00e1 segue recebendo volunt\u00e1rios.<br>Continua recebendo doa\u00e7\u00f5es.<br>Permanece aberta \u00e0 energia positiva.<\/p>\n\n\n\n<p>Agora, al\u00e9m disso, passa a discutir <strong>m\u00e9todo, dados e transpar\u00eancia<\/strong>.<br>Isso fortalece a confian\u00e7a.<br>Isso amplia o impacto.<br>Isso honra cada gesto solid\u00e1rio.<\/p>\n\n\n\n<p>Como afirmou Madelleine Lima no encerramento da entrevista:<\/p>\n\n\n\n<blockquote class=\"wp-block-quote is-layout-flow wp-block-quote-is-layout-flow\">\n<p>\u201cBoa vontade \u00e9 essencial. Organiza\u00e7\u00e3o transforma essa boa vontade em resultado.\u201d<\/p>\n<\/blockquote>\n\n\n\n<h2 class=\"wp-block-heading\">Conclus\u00e3o: quando a transpar\u00eancia vira ponte entre quem doa e quem precisa<\/h2>\n\n\n\n<p>Este registro da entrevista no <strong>Fala Sodr\u00e9<\/strong> n\u00e3o \u00e9 apenas uma not\u00edcia.<br>Ele representa uma virada de chave.<br>Mostra que Ub\u00e1 pode unir cora\u00e7\u00e3o e intelig\u00eancia.<\/p>\n\n\n\n<p>Quando a transpar\u00eancia guia a a\u00e7\u00e3o, a confian\u00e7a cresce.<br>Quando a confian\u00e7a cresce, a solidariedade se multiplica.<br>Quando a tecnologia serve \u00e0s pessoas, a dignidade prevalece.<\/p>\n\n\n\n<p>Ub\u00e1 segue em frente.<br>Com carinho.<br>Com m\u00e9todo.<br>Com humanidade.<\/p>\n\n\n\n<figure class=\"wp-block-embed is-type-video is-provider-youtube wp-block-embed-youtube wp-embed-aspect-4-3 wp-has-aspect-ratio\"><div class=\"wp-block-embed__wrapper\">\n<iframe title=\"Fala Sodr\u00e9: Madelleine Lima traz a solu\u00e7\u00e3o tecnol\u00f3gica para Ub\u00e1 - 12\/03\/2026\" width=\"840\" height=\"630\" data-src=\"https:\/\/www.youtube.com\/embed\/Q9h0P7JGgh8?feature=oembed\" frameborder=\"0\" allow=\"accelerometer; autoplay; clipboard-write; encrypted-media; gyroscope; picture-in-picture; web-share\" referrerpolicy=\"strict-origin-when-cross-origin\" allowfullscreen src=\"data:image\/svg+xml;base64,PHN2ZyB3aWR0aD0iMSIgaGVpZ2h0PSIxIiB4bWxucz0iaHR0cDovL3d3dy53My5vcmcvMjAwMC9zdmciPjwvc3ZnPg==\" class=\"lazyload\" data-load-mode=\"1\"><\/iframe>\n<\/div><\/figure>\n\n\n\n<h2 class=\"wp-block-heading\">Cr\u00e9ditos<\/h2>\n\n\n\n<p>&#x1f4da; <strong>Cobertura:<\/strong> Carlos Roberto Sodr\u00e9 <a href=\"https:\/\/wa.me\/553298481334\">WhatsApp<\/a><\/p>\n\n\n\n<p>&#x1f4f8; <strong>Imagens:<\/strong> Laisa Sodr\u00e9 \/ Felipe Oliveira<\/p>\n\n\n\n<p>&#x1f4dd; <strong>Conte\u00fado: <\/strong><a href=\"https:\/\/www.linkedin.com\/in\/pedrohgf\/\">Pedro Henriques<\/a> \u2013 <a href=\"https:\/\/indicca.com.br\/blog\/\">INDICCA.COM<\/a>&nbsp; <a href=\"https:\/\/wa.me\/5532988020057\">WhatsApp<\/a><\/p>\n\n\n\n<p>&#x1f393; <strong>Evento:<\/strong> Ub\u00e1 inicia di\u00e1logo para poss\u00edvel ado\u00e7\u00e3o de plataforma humanit\u00e1ria de Gest\u00e3o de Crise<\/p>\n\n\n\n<h2 class=\"wp-block-heading\">Hashtags<\/h2>\n\n\n\n<p>#CidadeCarinhoUb\u00e1<br>#Gest\u00e3oDeCrise<br>#Transpar\u00eanciaGeraConfian\u00e7a<br>#TecnologiaHumanit\u00e1ria<br>#SolidariedadeComDados<br>#FalaSodr\u00e9<br>#Inova\u00e7\u00e3oSocial<br>#AjudaHumanit\u00e1ria<br>#Gest\u00e3oP\u00fablicaInteligente<br>#INDICCA<br>#Ub\u00e1Solid\u00e1ria<br>#CriseClim\u00e1tica<br>#DadosSalvamVidas<\/p>\n","protected":false},"excerpt":{"rendered":"<p>Em meio \u00e0 como\u00e7\u00e3o causada pelas chuvas, a Cidade Carinho Ub\u00e1 segue mobilizada por solidariedade, voluntariado e organiza\u00e7\u00e3o. Durante entrevista no programa Fala Sodr\u00e9, a empreendedora Madelleine Lima apresentou uma plataforma humanit\u00e1ria gratuita, atualmente em tratativas com o munic\u00edpio, voltada \u00e0 gest\u00e3o de crise. A solu\u00e7\u00e3o prop\u00f5e unificar cadastros, doa\u00e7\u00f5es e dados log\u00edsticos, promovendo transpar\u00eancia, confian\u00e7a e efici\u00eancia no apoio \u00e0s fam\u00edlias afetadas.<\/p>\n","protected":false},"author":4,"featured_media":24239,"comment_status":"open","ping_status":"open","sticky":false,"template":"","format":"standard","meta":{"footnotes":""},"categories":[45,1,3],"tags":[440,579,581,274,582,586,394,585,580,583,584,431],"class_list":["post-24238","post","type-post","status-publish","format-standard","has-post-thumbnail","hentry","category-destaque-principal","category-sem-categoria","category-slide","tag-ajudahumanitaria","tag-cidadecarinhouba","tag-criseclimatica","tag-falasodre","tag-gestaodecrise","tag-gestaopublicainteligente","tag-indicca","tag-inovacaosocial","tag-solidariedadecomdados","tag-tecnologiahumanitaria","tag-transparenciageraconfianca","tag-ubasolidaria"],"yoast_head":"<!-- This site is optimized with the Yoast SEO plugin v27.2 - https:\/\/yoast.com\/product\/yoast-seo-wordpress\/ -->\n<title>Ub\u00e1 inicia di\u00e1logo para poss\u00edvel ado\u00e7\u00e3o de plataforma humanit\u00e1ria de Gest\u00e3o de Crise - Ub\u00e1 News<\/title>\n<meta name=\"description\" content=\"Ub\u00e1 inicia di\u00e1logo para poss\u00edvel ado\u00e7\u00e3o de plataforma humanit\u00e1ria de Gest\u00e3o de Crise\" \/>\n<meta name=\"robots\" content=\"index, follow, max-snippet:-1, max-image-preview:large, max-video-preview:-1\" \/>\n<link rel=\"canonical\" href=\"https:\/\/ubanews.com\/site\/2026\/03\/12\/uba-inicia-dialogo-para-possivel-adocao-de-plataforma-humanitaria-de-gestao-de-crise\/\" \/>\n<meta property=\"og:locale\" content=\"pt_BR\" \/>\n<meta property=\"og:type\" content=\"article\" \/>\n<meta property=\"og:title\" content=\"Ub\u00e1 inicia di\u00e1logo para poss\u00edvel ado\u00e7\u00e3o de plataforma humanit\u00e1ria de Gest\u00e3o de Crise - Ub\u00e1 News\" \/>\n<meta property=\"og:description\" content=\"Ub\u00e1 inicia di\u00e1logo para poss\u00edvel ado\u00e7\u00e3o de plataforma humanit\u00e1ria de Gest\u00e3o de Crise\" \/>\n<meta property=\"og:url\" content=\"https:\/\/ubanews.com\/site\/2026\/03\/12\/uba-inicia-dialogo-para-possivel-adocao-de-plataforma-humanitaria-de-gestao-de-crise\/\" \/>\n<meta property=\"og:site_name\" content=\"Ub\u00e1 News\" \/>\n<meta property=\"article:publisher\" content=\"https:\/\/www.facebook.com\/Ub%c3%a1News-Carlos-Roberto-Sodr%c3%a9-418778301977370\" \/>\n<meta property=\"article:published_time\" content=\"2026-03-12T23:09:03+00:00\" \/>\n<meta property=\"article:modified_time\" content=\"2026-03-12T23:09:15+00:00\" \/>\n<meta property=\"og:image\" content=\"https:\/\/ubanews.com\/site\/wp-content\/uploads\/2026\/03\/Fala-Sodre-Recebendo-a-Madelleine-C-Lima-com-a-participacao-de-Pedro-Henriques-.jpg\" \/>\n\t<meta property=\"og:image:width\" content=\"1039\" \/>\n\t<meta property=\"og:image:height\" content=\"581\" \/>\n\t<meta property=\"og:image:type\" content=\"image\/jpeg\" \/>\n<meta name=\"author\" content=\"Carlos Roberto Sodr\u00e9\" \/>\n<meta name=\"twitter:card\" content=\"summary_large_image\" \/>\n<meta name=\"twitter:label1\" content=\"Escrito por\" \/>\n\t<meta name=\"twitter:data1\" content=\"Carlos Roberto Sodr\u00e9\" \/>\n\t<meta name=\"twitter:label2\" content=\"Est. tempo de leitura\" \/>\n\t<meta name=\"twitter:data2\" content=\"7 minutos\" \/>\n<script type=\"application\/ld+json\" class=\"yoast-schema-graph\">{\"@context\":\"https:\/\/schema.org\",\"@graph\":[{\"@type\":\"Article\",\"@id\":\"https:\/\/ubanews.com\/site\/2026\/03\/12\/uba-inicia-dialogo-para-possivel-adocao-de-plataforma-humanitaria-de-gestao-de-crise\/#article\",\"isPartOf\":{\"@id\":\"https:\/\/ubanews.com\/site\/2026\/03\/12\/uba-inicia-dialogo-para-possivel-adocao-de-plataforma-humanitaria-de-gestao-de-crise\/\"},\"author\":{\"name\":\"Carlos Roberto Sodr\u00e9\",\"@id\":\"https:\/\/ubanews.com\/site\/#\/schema\/person\/9d8da9ec3c8d00640ab6e8c81e103310\"},\"headline\":\"Ub\u00e1 inicia di\u00e1logo para poss\u00edvel ado\u00e7\u00e3o de plataforma humanit\u00e1ria de Gest\u00e3o de Crise\",\"datePublished\":\"2026-03-12T23:09:03+00:00\",\"dateModified\":\"2026-03-12T23:09:15+00:00\",\"mainEntityOfPage\":{\"@id\":\"https:\/\/ubanews.com\/site\/2026\/03\/12\/uba-inicia-dialogo-para-possivel-adocao-de-plataforma-humanitaria-de-gestao-de-crise\/\"},\"wordCount\":1403,\"commentCount\":0,\"publisher\":{\"@id\":\"https:\/\/ubanews.com\/site\/#organization\"},\"image\":{\"@id\":\"https:\/\/ubanews.com\/site\/2026\/03\/12\/uba-inicia-dialogo-para-possivel-adocao-de-plataforma-humanitaria-de-gestao-de-crise\/#primaryimage\"},\"thumbnailUrl\":\"https:\/\/ubanews.com\/site\/wp-content\/uploads\/2026\/03\/Fala-Sodre-Recebendo-a-Madelleine-C-Lima-com-a-participacao-de-Pedro-Henriques-.jpg\",\"keywords\":[\"AjudaHumanit\u00e1ria\",\"CidadeCarinhoUb\u00e1\",\"CriseClim\u00e1tica\",\"FalaSodr\u00e9\",\"Gest\u00e3oDeCrise\",\"Gest\u00e3oP\u00fablicaInteligente\",\"Indicca\",\"Inova\u00e7\u00e3oSocial\",\"SolidariedadeComDados\",\"TecnologiaHumanit\u00e1ria\",\"Transpar\u00eanciaGeraConfian\u00e7a\",\"Ub\u00e1Solid\u00e1ria\"],\"articleSection\":[\"DESTAQUE PRINCIPAL\",\"Geral\",\"Slide\"],\"inLanguage\":\"pt-BR\",\"potentialAction\":[{\"@type\":\"CommentAction\",\"name\":\"Comment\",\"target\":[\"https:\/\/ubanews.com\/site\/2026\/03\/12\/uba-inicia-dialogo-para-possivel-adocao-de-plataforma-humanitaria-de-gestao-de-crise\/#respond\"]}]},{\"@type\":\"WebPage\",\"@id\":\"https:\/\/ubanews.com\/site\/2026\/03\/12\/uba-inicia-dialogo-para-possivel-adocao-de-plataforma-humanitaria-de-gestao-de-crise\/\",\"url\":\"https:\/\/ubanews.com\/site\/2026\/03\/12\/uba-inicia-dialogo-para-possivel-adocao-de-plataforma-humanitaria-de-gestao-de-crise\/\",\"name\":\"Ub\u00e1 inicia di\u00e1logo para poss\u00edvel ado\u00e7\u00e3o de plataforma humanit\u00e1ria de Gest\u00e3o de Crise - Ub\u00e1 News\",\"isPartOf\":{\"@id\":\"https:\/\/ubanews.com\/site\/#website\"},\"primaryImageOfPage\":{\"@id\":\"https:\/\/ubanews.com\/site\/2026\/03\/12\/uba-inicia-dialogo-para-possivel-adocao-de-plataforma-humanitaria-de-gestao-de-crise\/#primaryimage\"},\"image\":{\"@id\":\"https:\/\/ubanews.com\/site\/2026\/03\/12\/uba-inicia-dialogo-para-possivel-adocao-de-plataforma-humanitaria-de-gestao-de-crise\/#primaryimage\"},\"thumbnailUrl\":\"https:\/\/ubanews.com\/site\/wp-content\/uploads\/2026\/03\/Fala-Sodre-Recebendo-a-Madelleine-C-Lima-com-a-participacao-de-Pedro-Henriques-.jpg\",\"datePublished\":\"2026-03-12T23:09:03+00:00\",\"dateModified\":\"2026-03-12T23:09:15+00:00\",\"description\":\"Ub\u00e1 inicia di\u00e1logo para poss\u00edvel ado\u00e7\u00e3o de plataforma humanit\u00e1ria de Gest\u00e3o de Crise\",\"breadcrumb\":{\"@id\":\"https:\/\/ubanews.com\/site\/2026\/03\/12\/uba-inicia-dialogo-para-possivel-adocao-de-plataforma-humanitaria-de-gestao-de-crise\/#breadcrumb\"},\"inLanguage\":\"pt-BR\",\"potentialAction\":[{\"@type\":\"ReadAction\",\"target\":[\"https:\/\/ubanews.com\/site\/2026\/03\/12\/uba-inicia-dialogo-para-possivel-adocao-de-plataforma-humanitaria-de-gestao-de-crise\/\"]}]},{\"@type\":\"ImageObject\",\"inLanguage\":\"pt-BR\",\"@id\":\"https:\/\/ubanews.com\/site\/2026\/03\/12\/uba-inicia-dialogo-para-possivel-adocao-de-plataforma-humanitaria-de-gestao-de-crise\/#primaryimage\",\"url\":\"https:\/\/ubanews.com\/site\/wp-content\/uploads\/2026\/03\/Fala-Sodre-Recebendo-a-Madelleine-C-Lima-com-a-participacao-de-Pedro-Henriques-.jpg\",\"contentUrl\":\"https:\/\/ubanews.com\/site\/wp-content\/uploads\/2026\/03\/Fala-Sodre-Recebendo-a-Madelleine-C-Lima-com-a-participacao-de-Pedro-Henriques-.jpg\",\"width\":1039,\"height\":581},{\"@type\":\"BreadcrumbList\",\"@id\":\"https:\/\/ubanews.com\/site\/2026\/03\/12\/uba-inicia-dialogo-para-possivel-adocao-de-plataforma-humanitaria-de-gestao-de-crise\/#breadcrumb\",\"itemListElement\":[{\"@type\":\"ListItem\",\"position\":1,\"name\":\"Home\",\"item\":\"https:\/\/ubanews.com\/site\/\"},{\"@type\":\"ListItem\",\"position\":2,\"name\":\"Ub\u00e1 inicia di\u00e1logo para poss\u00edvel ado\u00e7\u00e3o de plataforma humanit\u00e1ria de Gest\u00e3o de Crise\"}]},{\"@type\":\"WebSite\",\"@id\":\"https:\/\/ubanews.com\/site\/#website\",\"url\":\"https:\/\/ubanews.com\/site\/\",\"name\":\"Ub\u00e1 News\",\"description\":\"\",\"publisher\":{\"@id\":\"https:\/\/ubanews.com\/site\/#organization\"},\"potentialAction\":[{\"@type\":\"SearchAction\",\"target\":{\"@type\":\"EntryPoint\",\"urlTemplate\":\"https:\/\/ubanews.com\/site\/?s={search_term_string}\"},\"query-input\":{\"@type\":\"PropertyValueSpecification\",\"valueRequired\":true,\"valueName\":\"search_term_string\"}}],\"inLanguage\":\"pt-BR\"},{\"@type\":\"Organization\",\"@id\":\"https:\/\/ubanews.com\/site\/#organization\",\"name\":\"Ub\u00e1 News\",\"url\":\"https:\/\/ubanews.com\/site\/\",\"logo\":{\"@type\":\"ImageObject\",\"inLanguage\":\"pt-BR\",\"@id\":\"https:\/\/ubanews.com\/site\/#\/schema\/logo\/image\/\",\"url\":\"https:\/\/ubanews.com\/site\/wp-content\/uploads\/2018\/01\/logoubanews.png\",\"contentUrl\":\"https:\/\/ubanews.com\/site\/wp-content\/uploads\/2018\/01\/logoubanews.png\",\"width\":261,\"height\":99,\"caption\":\"Ub\u00e1 News\"},\"image\":{\"@id\":\"https:\/\/ubanews.com\/site\/#\/schema\/logo\/image\/\"},\"sameAs\":[\"https:\/\/www.facebook.com\/Ub\u00e1News-Carlos-Roberto-Sodr\u00e9-418778301977370\"]},{\"@type\":\"Person\",\"@id\":\"https:\/\/ubanews.com\/site\/#\/schema\/person\/9d8da9ec3c8d00640ab6e8c81e103310\",\"name\":\"Carlos Roberto Sodr\u00e9\",\"image\":{\"@type\":\"ImageObject\",\"inLanguage\":\"pt-BR\",\"@id\":\"https:\/\/secure.gravatar.com\/avatar\/aab322e8555b56c468614fafdab8a8f924e394cdc6cfd8232f77e9e4d123a133?s=96&d=mm&r=g\",\"url\":\"https:\/\/secure.gravatar.com\/avatar\/aab322e8555b56c468614fafdab8a8f924e394cdc6cfd8232f77e9e4d123a133?s=96&d=mm&r=g\",\"contentUrl\":\"https:\/\/secure.gravatar.com\/avatar\/aab322e8555b56c468614fafdab8a8f924e394cdc6cfd8232f77e9e4d123a133?s=96&d=mm&r=g\",\"caption\":\"Carlos Roberto Sodr\u00e9\"},\"url\":\"https:\/\/ubanews.com\/site\/author\/sodre\/\"}]}<\/script>\n<!-- \/ Yoast SEO plugin. -->","yoast_head_json":{"title":"Ub\u00e1 inicia di\u00e1logo para poss\u00edvel ado\u00e7\u00e3o de plataforma humanit\u00e1ria de Gest\u00e3o de Crise - Ub\u00e1 News","description":"Ub\u00e1 inicia di\u00e1logo para poss\u00edvel ado\u00e7\u00e3o de plataforma humanit\u00e1ria de Gest\u00e3o de Crise","robots":{"index":"index","follow":"follow","max-snippet":"max-snippet:-1","max-image-preview":"max-image-preview:large","max-video-preview":"max-video-preview:-1"},"canonical":"https:\/\/ubanews.com\/site\/2026\/03\/12\/uba-inicia-dialogo-para-possivel-adocao-de-plataforma-humanitaria-de-gestao-de-crise\/","og_locale":"pt_BR","og_type":"article","og_title":"Ub\u00e1 inicia di\u00e1logo para poss\u00edvel ado\u00e7\u00e3o de plataforma humanit\u00e1ria de Gest\u00e3o de Crise - Ub\u00e1 News","og_description":"Ub\u00e1 inicia di\u00e1logo para poss\u00edvel ado\u00e7\u00e3o de plataforma humanit\u00e1ria de Gest\u00e3o de Crise","og_url":"https:\/\/ubanews.com\/site\/2026\/03\/12\/uba-inicia-dialogo-para-possivel-adocao-de-plataforma-humanitaria-de-gestao-de-crise\/","og_site_name":"Ub\u00e1 News","article_publisher":"https:\/\/www.facebook.com\/Ub%c3%a1News-Carlos-Roberto-Sodr%c3%a9-418778301977370","article_published_time":"2026-03-12T23:09:03+00:00","article_modified_time":"2026-03-12T23:09:15+00:00","og_image":[{"width":1039,"height":581,"url":"https:\/\/ubanews.com\/site\/wp-content\/uploads\/2026\/03\/Fala-Sodre-Recebendo-a-Madelleine-C-Lima-com-a-participacao-de-Pedro-Henriques-.jpg","type":"image\/jpeg"}],"author":"Carlos Roberto Sodr\u00e9","twitter_card":"summary_large_image","twitter_misc":{"Escrito por":"Carlos Roberto Sodr\u00e9","Est. tempo de leitura":"7 minutos"},"schema":{"@context":"https:\/\/schema.org","@graph":[{"@type":"Article","@id":"https:\/\/ubanews.com\/site\/2026\/03\/12\/uba-inicia-dialogo-para-possivel-adocao-de-plataforma-humanitaria-de-gestao-de-crise\/#article","isPartOf":{"@id":"https:\/\/ubanews.com\/site\/2026\/03\/12\/uba-inicia-dialogo-para-possivel-adocao-de-plataforma-humanitaria-de-gestao-de-crise\/"},"author":{"name":"Carlos Roberto Sodr\u00e9","@id":"https:\/\/ubanews.com\/site\/#\/schema\/person\/9d8da9ec3c8d00640ab6e8c81e103310"},"headline":"Ub\u00e1 inicia di\u00e1logo para poss\u00edvel ado\u00e7\u00e3o de plataforma humanit\u00e1ria de Gest\u00e3o de Crise","datePublished":"2026-03-12T23:09:03+00:00","dateModified":"2026-03-12T23:09:15+00:00","mainEntityOfPage":{"@id":"https:\/\/ubanews.com\/site\/2026\/03\/12\/uba-inicia-dialogo-para-possivel-adocao-de-plataforma-humanitaria-de-gestao-de-crise\/"},"wordCount":1403,"commentCount":0,"publisher":{"@id":"https:\/\/ubanews.com\/site\/#organization"},"image":{"@id":"https:\/\/ubanews.com\/site\/2026\/03\/12\/uba-inicia-dialogo-para-possivel-adocao-de-plataforma-humanitaria-de-gestao-de-crise\/#primaryimage"},"thumbnailUrl":"https:\/\/ubanews.com\/site\/wp-content\/uploads\/2026\/03\/Fala-Sodre-Recebendo-a-Madelleine-C-Lima-com-a-participacao-de-Pedro-Henriques-.jpg","keywords":["AjudaHumanit\u00e1ria","CidadeCarinhoUb\u00e1","CriseClim\u00e1tica","FalaSodr\u00e9","Gest\u00e3oDeCrise","Gest\u00e3oP\u00fablicaInteligente","Indicca","Inova\u00e7\u00e3oSocial","SolidariedadeComDados","TecnologiaHumanit\u00e1ria","Transpar\u00eanciaGeraConfian\u00e7a","Ub\u00e1Solid\u00e1ria"],"articleSection":["DESTAQUE PRINCIPAL","Geral","Slide"],"inLanguage":"pt-BR","potentialAction":[{"@type":"CommentAction","name":"Comment","target":["https:\/\/ubanews.com\/site\/2026\/03\/12\/uba-inicia-dialogo-para-possivel-adocao-de-plataforma-humanitaria-de-gestao-de-crise\/#respond"]}]},{"@type":"WebPage","@id":"https:\/\/ubanews.com\/site\/2026\/03\/12\/uba-inicia-dialogo-para-possivel-adocao-de-plataforma-humanitaria-de-gestao-de-crise\/","url":"https:\/\/ubanews.com\/site\/2026\/03\/12\/uba-inicia-dialogo-para-possivel-adocao-de-plataforma-humanitaria-de-gestao-de-crise\/","name":"Ub\u00e1 inicia di\u00e1logo para poss\u00edvel ado\u00e7\u00e3o de plataforma humanit\u00e1ria de Gest\u00e3o de Crise - Ub\u00e1 News","isPartOf":{"@id":"https:\/\/ubanews.com\/site\/#website"},"primaryImageOfPage":{"@id":"https:\/\/ubanews.com\/site\/2026\/03\/12\/uba-inicia-dialogo-para-possivel-adocao-de-plataforma-humanitaria-de-gestao-de-crise\/#primaryimage"},"image":{"@id":"https:\/\/ubanews.com\/site\/2026\/03\/12\/uba-inicia-dialogo-para-possivel-adocao-de-plataforma-humanitaria-de-gestao-de-crise\/#primaryimage"},"thumbnailUrl":"https:\/\/ubanews.com\/site\/wp-content\/uploads\/2026\/03\/Fala-Sodre-Recebendo-a-Madelleine-C-Lima-com-a-participacao-de-Pedro-Henriques-.jpg","datePublished":"2026-03-12T23:09:03+00:00","dateModified":"2026-03-12T23:09:15+00:00","description":"Ub\u00e1 inicia di\u00e1logo para poss\u00edvel ado\u00e7\u00e3o de plataforma humanit\u00e1ria de Gest\u00e3o de Crise","breadcrumb":{"@id":"https:\/\/ubanews.com\/site\/2026\/03\/12\/uba-inicia-dialogo-para-possivel-adocao-de-plataforma-humanitaria-de-gestao-de-crise\/#breadcrumb"},"inLanguage":"pt-BR","potentialAction":[{"@type":"ReadAction","target":["https:\/\/ubanews.com\/site\/2026\/03\/12\/uba-inicia-dialogo-para-possivel-adocao-de-plataforma-humanitaria-de-gestao-de-crise\/"]}]},{"@type":"ImageObject","inLanguage":"pt-BR","@id":"https:\/\/ubanews.com\/site\/2026\/03\/12\/uba-inicia-dialogo-para-possivel-adocao-de-plataforma-humanitaria-de-gestao-de-crise\/#primaryimage","url":"https:\/\/ubanews.com\/site\/wp-content\/uploads\/2026\/03\/Fala-Sodre-Recebendo-a-Madelleine-C-Lima-com-a-participacao-de-Pedro-Henriques-.jpg","contentUrl":"https:\/\/ubanews.com\/site\/wp-content\/uploads\/2026\/03\/Fala-Sodre-Recebendo-a-Madelleine-C-Lima-com-a-participacao-de-Pedro-Henriques-.jpg","width":1039,"height":581},{"@type":"BreadcrumbList","@id":"https:\/\/ubanews.com\/site\/2026\/03\/12\/uba-inicia-dialogo-para-possivel-adocao-de-plataforma-humanitaria-de-gestao-de-crise\/#breadcrumb","itemListElement":[{"@type":"ListItem","position":1,"name":"Home","item":"https:\/\/ubanews.com\/site\/"},{"@type":"ListItem","position":2,"name":"Ub\u00e1 inicia di\u00e1logo para poss\u00edvel ado\u00e7\u00e3o de plataforma humanit\u00e1ria de Gest\u00e3o de Crise"}]},{"@type":"WebSite","@id":"https:\/\/ubanews.com\/site\/#website","url":"https:\/\/ubanews.com\/site\/","name":"Ub\u00e1 News","description":"","publisher":{"@id":"https:\/\/ubanews.com\/site\/#organization"},"potentialAction":[{"@type":"SearchAction","target":{"@type":"EntryPoint","urlTemplate":"https:\/\/ubanews.com\/site\/?s={search_term_string}"},"query-input":{"@type":"PropertyValueSpecification","valueRequired":true,"valueName":"search_term_string"}}],"inLanguage":"pt-BR"},{"@type":"Organization","@id":"https:\/\/ubanews.com\/site\/#organization","name":"Ub\u00e1 News","url":"https:\/\/ubanews.com\/site\/","logo":{"@type":"ImageObject","inLanguage":"pt-BR","@id":"https:\/\/ubanews.com\/site\/#\/schema\/logo\/image\/","url":"https:\/\/ubanews.com\/site\/wp-content\/uploads\/2018\/01\/logoubanews.png","contentUrl":"https:\/\/ubanews.com\/site\/wp-content\/uploads\/2018\/01\/logoubanews.png","width":261,"height":99,"caption":"Ub\u00e1 News"},"image":{"@id":"https:\/\/ubanews.com\/site\/#\/schema\/logo\/image\/"},"sameAs":["https:\/\/www.facebook.com\/Ub\u00e1News-Carlos-Roberto-Sodr\u00e9-418778301977370"]},{"@type":"Person","@id":"https:\/\/ubanews.com\/site\/#\/schema\/person\/9d8da9ec3c8d00640ab6e8c81e103310","name":"Carlos Roberto Sodr\u00e9","image":{"@type":"ImageObject","inLanguage":"pt-BR","@id":"https:\/\/secure.gravatar.com\/avatar\/aab322e8555b56c468614fafdab8a8f924e394cdc6cfd8232f77e9e4d123a133?s=96&d=mm&r=g","url":"https:\/\/secure.gravatar.com\/avatar\/aab322e8555b56c468614fafdab8a8f924e394cdc6cfd8232f77e9e4d123a133?s=96&d=mm&r=g","contentUrl":"https:\/\/secure.gravatar.com\/avatar\/aab322e8555b56c468614fafdab8a8f924e394cdc6cfd8232f77e9e4d123a133?s=96&d=mm&r=g","caption":"Carlos Roberto Sodr\u00e9"},"url":"https:\/\/ubanews.com\/site\/author\/sodre\/"}]}},"_links":{"self":[{"href":"https:\/\/ubanews.com\/site\/wp-json\/wp\/v2\/posts\/24238","targetHints":{"allow":["GET"]}}],"collection":[{"href":"https:\/\/ubanews.com\/site\/wp-json\/wp\/v2\/posts"}],"about":[{"href":"https:\/\/ubanews.com\/site\/wp-json\/wp\/v2\/types\/post"}],"author":[{"embeddable":true,"href":"https:\/\/ubanews.com\/site\/wp-json\/wp\/v2\/users\/4"}],"replies":[{"embeddable":true,"href":"https:\/\/ubanews.com\/site\/wp-json\/wp\/v2\/comments?post=24238"}],"version-history":[{"count":0,"href":"https:\/\/ubanews.com\/site\/wp-json\/wp\/v2\/posts\/24238\/revisions"}],"wp:featuredmedia":[{"embeddable":true,"href":"https:\/\/ubanews.com\/site\/wp-json\/wp\/v2\/media\/24239"}],"wp:attachment":[{"href":"https:\/\/ubanews.com\/site\/wp-json\/wp\/v2\/media?parent=24238"}],"wp:term":[{"taxonomy":"category","embeddable":true,"href":"https:\/\/ubanews.com\/site\/wp-json\/wp\/v2\/categories?post=24238"},{"taxonomy":"post_tag","embeddable":true,"href":"https:\/\/ubanews.com\/site\/wp-json\/wp\/v2\/tags?post=24238"}],"curies":[{"name":"wp","href":"https:\/\/api.w.org\/{rel}","templated":true}]}}