{"id":24235,"date":"2026-03-12T13:44:17","date_gmt":"2026-03-12T16:44:17","guid":{"rendered":"https:\/\/ubanews.com\/site\/?p=24235"},"modified":"2026-03-12T13:44:26","modified_gmt":"2026-03-12T16:44:26","slug":"policia-civil-pcmg-prende-suspeito-por-cerca-de-25-furtos-registrados-em-cataguases","status":"publish","type":"post","link":"https:\/\/ubanews.com\/site\/2026\/03\/12\/policia-civil-pcmg-prende-suspeito-por-cerca-de-25-furtos-registrados-em-cataguases\/","title":{"rendered":"Pol\u00edcia Civil &#8211; PCMG prende suspeito por cerca de 25 furtos registrados em Cataguases"},"content":{"rendered":"\n<p>Pol\u00edcia Civil &#8211; PCMG prende suspeito por cerca de 25 furtos registrados em Cataguases. Homem foi detido em cumprimento de mandado de pris\u00e3o preventiva, ap\u00f3s investiga\u00e7\u00e3o sobre tentativa de furto a resid\u00eancia.<\/p>\n\n\n\n<p>A Pol\u00edcia Civil de Minas Gerais (PCMG) prendeu, na noite dessa quarta-feira (11\/3), um homem de 33 anos em cumprimento de mandado de pris\u00e3o preventiva. A medida foi decretada no \u00e2mbito de investiga\u00e7\u00e3o que apura a tentativa de furto a uma resid\u00eancia no munic\u00edpio.<\/p>\n\n\n\n<h2 class=\"wp-block-heading\">Pol\u00edcia Civil &#8211; PCMG prende suspeito por cerca de 25 furtos registrados em Cataguases<\/h2>\n\n\n\n<figure class=\"wp-block-gallery has-nested-images columns-default is-cropped wp-block-gallery-1 is-layout-flex wp-block-gallery-is-layout-flex\">\n<figure class=\"wp-block-image size-large\"><img decoding=\"async\" width=\"800\" height=\"630\" data-id=\"24236\" data-src=\"https:\/\/ubanews.com\/site\/wp-content\/uploads\/2026\/03\/WhatsApp-Image-2026-03-12-at-13.34.07.jpeg\" alt=\"\" class=\"wp-image-24236 lazyload\" data-srcset=\"https:\/\/ubanews.com\/site\/wp-content\/uploads\/2026\/03\/WhatsApp-Image-2026-03-12-at-13.34.07.jpeg 800w, https:\/\/ubanews.com\/site\/wp-content\/uploads\/2026\/03\/WhatsApp-Image-2026-03-12-at-13.34.07-300x236.jpeg 300w, https:\/\/ubanews.com\/site\/wp-content\/uploads\/2026\/03\/WhatsApp-Image-2026-03-12-at-13.34.07-768x605.jpeg 768w\" data-sizes=\"(max-width: 800px) 100vw, 800px\" src=\"data:image\/svg+xml;base64,PHN2ZyB3aWR0aD0iMSIgaGVpZ2h0PSIxIiB4bWxucz0iaHR0cDovL3d3dy53My5vcmcvMjAwMC9zdmciPjwvc3ZnPg==\" style=\"--smush-placeholder-width: 800px; --smush-placeholder-aspect-ratio: 800\/630;\" \/><\/figure>\n\n\n\n<figure class=\"wp-block-image size-large\"><img decoding=\"async\" width=\"800\" height=\"630\" data-id=\"24237\" data-src=\"https:\/\/ubanews.com\/site\/wp-content\/uploads\/2026\/03\/WhatsApp-Image-2026-03-12-at-13.34.07-1.jpeg\" alt=\"\" class=\"wp-image-24237 lazyload\" data-srcset=\"https:\/\/ubanews.com\/site\/wp-content\/uploads\/2026\/03\/WhatsApp-Image-2026-03-12-at-13.34.07-1.jpeg 800w, https:\/\/ubanews.com\/site\/wp-content\/uploads\/2026\/03\/WhatsApp-Image-2026-03-12-at-13.34.07-1-300x236.jpeg 300w, https:\/\/ubanews.com\/site\/wp-content\/uploads\/2026\/03\/WhatsApp-Image-2026-03-12-at-13.34.07-1-768x605.jpeg 768w\" data-sizes=\"(max-width: 800px) 100vw, 800px\" src=\"data:image\/svg+xml;base64,PHN2ZyB3aWR0aD0iMSIgaGVpZ2h0PSIxIiB4bWxucz0iaHR0cDovL3d3dy53My5vcmcvMjAwMC9zdmciPjwvc3ZnPg==\" style=\"--smush-placeholder-width: 800px; --smush-placeholder-aspect-ratio: 800\/630;\" \/><\/figure>\n<\/figure>\n\n\n\n<p>De acordo com as apura\u00e7\u00f5es da Delegacia de Pol\u00edcia em Cataguases, o suspeito teria escolhido um im\u00f3vel como alvo e iniciado a execu\u00e7\u00e3o do crime ao escalar o port\u00e3o de uma resid\u00eancia vizinha, com a inten\u00e7\u00e3o de alcan\u00e7ar a janela da casa. No entanto, a a\u00e7\u00e3o foi interrompida ap\u00f3s o cachorro da fam\u00edlia come\u00e7ar a latir, o que despertou a aten\u00e7\u00e3o dos moradores. Ao perceber que havia sido notado, o investigado fugiu do local antes de conseguir entrar na resid\u00eancia.<\/p>\n\n\n\n<p>Durante as investiga\u00e7\u00f5es, a equipe da Pol\u00edcia Civil reuniu elementos que permitiram a identifica\u00e7\u00e3o do suspeito, entre eles imagens de c\u00e2meras de seguran\u00e7a. O material foi fundamental para esclarecer a din\u00e2mica dos fatos e subsidiar o pedido de pris\u00e3o preventiva, posteriormente deferido pela Justi\u00e7a.<\/p>\n\n\n\n<p>Hist\u00f3rico criminal<\/p>\n\n\n\n<p>Conforme levantamentos policiais, o homem \u00e9 conhecido no meio policial e possui cerca de 25 registros de ocorr\u00eancias por crimes de furto, a maioria deles contra resid\u00eancias e estabelecimentos comerciais. As investiga\u00e7\u00f5es tamb\u00e9m indicam que os delitos atribu\u00eddos ao suspeito costumam ocorrer, em sua maioria, no per\u00edodo noturno ou na madrugada, o que demonstra um padr\u00e3o de atua\u00e7\u00e3o voltado a aproveitar momentos de menor circula\u00e7\u00e3o de pessoas.<\/p>\n\n\n\n<p>O delegado respons\u00e1vel pelas investiga\u00e7\u00f5es, Marcelo Manna, destacou a import\u00e2ncia do trabalho investigativo na identifica\u00e7\u00e3o e responsabiliza\u00e7\u00e3o do suspeito. &#8220;A pris\u00e3o preventiva foi representada justamente para interromper essa sequ\u00eancia de crimes patrimoniais e aumentar a sensa\u00e7\u00e3o de seguran\u00e7a da popula\u00e7\u00e3o&#8221;, ressaltou o policial.<\/p>\n\n\n\n<p>Ap\u00f3s os procedimentos de pol\u00edcia judici\u00e1ria, o suspeito foi encaminhado ao sistema prisional e permanece \u00e0 disposi\u00e7\u00e3o da Justi\u00e7a.<\/p>\n","protected":false},"excerpt":{"rendered":"<p>Pol\u00edcia Civil &#8211; PCMG prende suspeito por cerca de 25 furtos registrados em Cataguases. Homem foi detido em cumprimento de mandado de pris\u00e3o preventiva, ap\u00f3s investiga\u00e7\u00e3o sobre tentativa de furto a resid\u00eancia.<\/p>\n","protected":false},"author":4,"featured_media":24236,"comment_status":"open","ping_status":"open","sticky":false,"template":"","format":"standard","meta":{"footnotes":""},"categories":[45,1,13,3],"tags":[65,59,188,222,107,67,60],"class_list":["post-24235","post","type-post","status-publish","format-standard","has-post-thumbnail","hentry","category-destaque-principal","category-sem-categoria","category-sintese-das-ocorrencias","category-slide","tag-carlos-roberto-sodre","tag-fala-sodre","tag-fato-policial","tag-ocorrencia-policial","tag-policia-civil","tag-sodre","tag-ubanews"],"yoast_head":"<!-- This site is optimized with the Yoast SEO plugin v27.2 - https:\/\/yoast.com\/product\/yoast-seo-wordpress\/ -->\n<title>Pol\u00edcia Civil - PCMG prende suspeito por cerca de 25 furtos registrados em Cataguases - Ub\u00e1 News<\/title>\n<meta name=\"description\" content=\"Pol\u00edcia Civil - PCMG prende suspeito por cerca de 25 furtos registrados em Cataguases\" \/>\n<meta name=\"robots\" content=\"index, follow, max-snippet:-1, max-image-preview:large, max-video-preview:-1\" \/>\n<link rel=\"canonical\" href=\"https:\/\/ubanews.com\/site\/2026\/03\/12\/policia-civil-pcmg-prende-suspeito-por-cerca-de-25-furtos-registrados-em-cataguases\/\" \/>\n<meta property=\"og:locale\" content=\"pt_BR\" \/>\n<meta property=\"og:type\" content=\"article\" \/>\n<meta property=\"og:title\" content=\"Pol\u00edcia Civil - PCMG prende suspeito por cerca de 25 furtos registrados em Cataguases - Ub\u00e1 News\" \/>\n<meta property=\"og:description\" content=\"Pol\u00edcia Civil - PCMG prende suspeito por cerca de 25 furtos registrados em Cataguases\" \/>\n<meta property=\"og:url\" content=\"https:\/\/ubanews.com\/site\/2026\/03\/12\/policia-civil-pcmg-prende-suspeito-por-cerca-de-25-furtos-registrados-em-cataguases\/\" \/>\n<meta property=\"og:site_name\" content=\"Ub\u00e1 News\" \/>\n<meta property=\"article:publisher\" content=\"https:\/\/www.facebook.com\/Ub%c3%a1News-Carlos-Roberto-Sodr%c3%a9-418778301977370\" \/>\n<meta property=\"article:published_time\" content=\"2026-03-12T16:44:17+00:00\" \/>\n<meta property=\"article:modified_time\" content=\"2026-03-12T16:44:26+00:00\" \/>\n<meta property=\"og:image\" content=\"https:\/\/ubanews.com\/site\/wp-content\/uploads\/2026\/03\/WhatsApp-Image-2026-03-12-at-13.34.07.jpeg\" \/>\n\t<meta property=\"og:image:width\" content=\"800\" \/>\n\t<meta property=\"og:image:height\" content=\"630\" \/>\n\t<meta property=\"og:image:type\" content=\"image\/jpeg\" \/>\n<meta name=\"author\" content=\"Carlos Roberto Sodr\u00e9\" \/>\n<meta name=\"twitter:card\" content=\"summary_large_image\" \/>\n<meta name=\"twitter:label1\" content=\"Escrito por\" \/>\n\t<meta name=\"twitter:data1\" content=\"Carlos Roberto Sodr\u00e9\" \/>\n\t<meta name=\"twitter:label2\" content=\"Est. tempo de leitura\" \/>\n\t<meta name=\"twitter:data2\" content=\"3 minutos\" \/>\n<script type=\"application\/ld+json\" class=\"yoast-schema-graph\">{\"@context\":\"https:\/\/schema.org\",\"@graph\":[{\"@type\":\"Article\",\"@id\":\"https:\/\/ubanews.com\/site\/2026\/03\/12\/policia-civil-pcmg-prende-suspeito-por-cerca-de-25-furtos-registrados-em-cataguases\/#article\",\"isPartOf\":{\"@id\":\"https:\/\/ubanews.com\/site\/2026\/03\/12\/policia-civil-pcmg-prende-suspeito-por-cerca-de-25-furtos-registrados-em-cataguases\/\"},\"author\":{\"name\":\"Carlos Roberto Sodr\u00e9\",\"@id\":\"https:\/\/ubanews.com\/site\/#\/schema\/person\/9d8da9ec3c8d00640ab6e8c81e103310\"},\"headline\":\"Pol\u00edcia Civil &#8211; PCMG prende suspeito por cerca de 25 furtos registrados em Cataguases\",\"datePublished\":\"2026-03-12T16:44:17+00:00\",\"dateModified\":\"2026-03-12T16:44:26+00:00\",\"mainEntityOfPage\":{\"@id\":\"https:\/\/ubanews.com\/site\/2026\/03\/12\/policia-civil-pcmg-prende-suspeito-por-cerca-de-25-furtos-registrados-em-cataguases\/\"},\"wordCount\":410,\"commentCount\":0,\"publisher\":{\"@id\":\"https:\/\/ubanews.com\/site\/#organization\"},\"image\":{\"@id\":\"https:\/\/ubanews.com\/site\/2026\/03\/12\/policia-civil-pcmg-prende-suspeito-por-cerca-de-25-furtos-registrados-em-cataguases\/#primaryimage\"},\"thumbnailUrl\":\"https:\/\/ubanews.com\/site\/wp-content\/uploads\/2026\/03\/WhatsApp-Image-2026-03-12-at-13.34.07.jpeg\",\"keywords\":[\"Carlos Roberto Sodr\u00e9\",\"Fala Sodr\u00e9\",\"Fato Policial\",\"Ocorr\u00eancia Policial\",\"Pol\u00edcia Civil\",\"Sodr\u00e9\",\"UBANEWS\"],\"articleSection\":[\"DESTAQUE PRINCIPAL\",\"Geral\",\"S\u00edntese das Ocorr\u00eancias\",\"Slide\"],\"inLanguage\":\"pt-BR\",\"potentialAction\":[{\"@type\":\"CommentAction\",\"name\":\"Comment\",\"target\":[\"https:\/\/ubanews.com\/site\/2026\/03\/12\/policia-civil-pcmg-prende-suspeito-por-cerca-de-25-furtos-registrados-em-cataguases\/#respond\"]}]},{\"@type\":\"WebPage\",\"@id\":\"https:\/\/ubanews.com\/site\/2026\/03\/12\/policia-civil-pcmg-prende-suspeito-por-cerca-de-25-furtos-registrados-em-cataguases\/\",\"url\":\"https:\/\/ubanews.com\/site\/2026\/03\/12\/policia-civil-pcmg-prende-suspeito-por-cerca-de-25-furtos-registrados-em-cataguases\/\",\"name\":\"Pol\u00edcia Civil - PCMG prende suspeito por cerca de 25 furtos registrados em Cataguases - Ub\u00e1 News\",\"isPartOf\":{\"@id\":\"https:\/\/ubanews.com\/site\/#website\"},\"primaryImageOfPage\":{\"@id\":\"https:\/\/ubanews.com\/site\/2026\/03\/12\/policia-civil-pcmg-prende-suspeito-por-cerca-de-25-furtos-registrados-em-cataguases\/#primaryimage\"},\"image\":{\"@id\":\"https:\/\/ubanews.com\/site\/2026\/03\/12\/policia-civil-pcmg-prende-suspeito-por-cerca-de-25-furtos-registrados-em-cataguases\/#primaryimage\"},\"thumbnailUrl\":\"https:\/\/ubanews.com\/site\/wp-content\/uploads\/2026\/03\/WhatsApp-Image-2026-03-12-at-13.34.07.jpeg\",\"datePublished\":\"2026-03-12T16:44:17+00:00\",\"dateModified\":\"2026-03-12T16:44:26+00:00\",\"description\":\"Pol\u00edcia Civil - PCMG prende suspeito por cerca de 25 furtos registrados em Cataguases\",\"breadcrumb\":{\"@id\":\"https:\/\/ubanews.com\/site\/2026\/03\/12\/policia-civil-pcmg-prende-suspeito-por-cerca-de-25-furtos-registrados-em-cataguases\/#breadcrumb\"},\"inLanguage\":\"pt-BR\",\"potentialAction\":[{\"@type\":\"ReadAction\",\"target\":[\"https:\/\/ubanews.com\/site\/2026\/03\/12\/policia-civil-pcmg-prende-suspeito-por-cerca-de-25-furtos-registrados-em-cataguases\/\"]}]},{\"@type\":\"ImageObject\",\"inLanguage\":\"pt-BR\",\"@id\":\"https:\/\/ubanews.com\/site\/2026\/03\/12\/policia-civil-pcmg-prende-suspeito-por-cerca-de-25-furtos-registrados-em-cataguases\/#primaryimage\",\"url\":\"https:\/\/ubanews.com\/site\/wp-content\/uploads\/2026\/03\/WhatsApp-Image-2026-03-12-at-13.34.07.jpeg\",\"contentUrl\":\"https:\/\/ubanews.com\/site\/wp-content\/uploads\/2026\/03\/WhatsApp-Image-2026-03-12-at-13.34.07.jpeg\",\"width\":800,\"height\":630},{\"@type\":\"BreadcrumbList\",\"@id\":\"https:\/\/ubanews.com\/site\/2026\/03\/12\/policia-civil-pcmg-prende-suspeito-por-cerca-de-25-furtos-registrados-em-cataguases\/#breadcrumb\",\"itemListElement\":[{\"@type\":\"ListItem\",\"position\":1,\"name\":\"Home\",\"item\":\"https:\/\/ubanews.com\/site\/\"},{\"@type\":\"ListItem\",\"position\":2,\"name\":\"Pol\u00edcia Civil &#8211; PCMG prende suspeito por cerca de 25 furtos registrados em Cataguases\"}]},{\"@type\":\"WebSite\",\"@id\":\"https:\/\/ubanews.com\/site\/#website\",\"url\":\"https:\/\/ubanews.com\/site\/\",\"name\":\"Ub\u00e1 News\",\"description\":\"\",\"publisher\":{\"@id\":\"https:\/\/ubanews.com\/site\/#organization\"},\"potentialAction\":[{\"@type\":\"SearchAction\",\"target\":{\"@type\":\"EntryPoint\",\"urlTemplate\":\"https:\/\/ubanews.com\/site\/?s={search_term_string}\"},\"query-input\":{\"@type\":\"PropertyValueSpecification\",\"valueRequired\":true,\"valueName\":\"search_term_string\"}}],\"inLanguage\":\"pt-BR\"},{\"@type\":\"Organization\",\"@id\":\"https:\/\/ubanews.com\/site\/#organization\",\"name\":\"Ub\u00e1 News\",\"url\":\"https:\/\/ubanews.com\/site\/\",\"logo\":{\"@type\":\"ImageObject\",\"inLanguage\":\"pt-BR\",\"@id\":\"https:\/\/ubanews.com\/site\/#\/schema\/logo\/image\/\",\"url\":\"https:\/\/ubanews.com\/site\/wp-content\/uploads\/2018\/01\/logoubanews.png\",\"contentUrl\":\"https:\/\/ubanews.com\/site\/wp-content\/uploads\/2018\/01\/logoubanews.png\",\"width\":261,\"height\":99,\"caption\":\"Ub\u00e1 News\"},\"image\":{\"@id\":\"https:\/\/ubanews.com\/site\/#\/schema\/logo\/image\/\"},\"sameAs\":[\"https:\/\/www.facebook.com\/Ub\u00e1News-Carlos-Roberto-Sodr\u00e9-418778301977370\"]},{\"@type\":\"Person\",\"@id\":\"https:\/\/ubanews.com\/site\/#\/schema\/person\/9d8da9ec3c8d00640ab6e8c81e103310\",\"name\":\"Carlos Roberto Sodr\u00e9\",\"image\":{\"@type\":\"ImageObject\",\"inLanguage\":\"pt-BR\",\"@id\":\"https:\/\/secure.gravatar.com\/avatar\/aab322e8555b56c468614fafdab8a8f924e394cdc6cfd8232f77e9e4d123a133?s=96&d=mm&r=g\",\"url\":\"https:\/\/secure.gravatar.com\/avatar\/aab322e8555b56c468614fafdab8a8f924e394cdc6cfd8232f77e9e4d123a133?s=96&d=mm&r=g\",\"contentUrl\":\"https:\/\/secure.gravatar.com\/avatar\/aab322e8555b56c468614fafdab8a8f924e394cdc6cfd8232f77e9e4d123a133?s=96&d=mm&r=g\",\"caption\":\"Carlos Roberto Sodr\u00e9\"},\"url\":\"https:\/\/ubanews.com\/site\/author\/sodre\/\"}]}<\/script>\n<!-- \/ Yoast SEO plugin. -->","yoast_head_json":{"title":"Pol\u00edcia Civil - PCMG prende suspeito por cerca de 25 furtos registrados em Cataguases - Ub\u00e1 News","description":"Pol\u00edcia Civil - PCMG prende suspeito por cerca de 25 furtos registrados em Cataguases","robots":{"index":"index","follow":"follow","max-snippet":"max-snippet:-1","max-image-preview":"max-image-preview:large","max-video-preview":"max-video-preview:-1"},"canonical":"https:\/\/ubanews.com\/site\/2026\/03\/12\/policia-civil-pcmg-prende-suspeito-por-cerca-de-25-furtos-registrados-em-cataguases\/","og_locale":"pt_BR","og_type":"article","og_title":"Pol\u00edcia Civil - PCMG prende suspeito por cerca de 25 furtos registrados em Cataguases - Ub\u00e1 News","og_description":"Pol\u00edcia Civil - PCMG prende suspeito por cerca de 25 furtos registrados em Cataguases","og_url":"https:\/\/ubanews.com\/site\/2026\/03\/12\/policia-civil-pcmg-prende-suspeito-por-cerca-de-25-furtos-registrados-em-cataguases\/","og_site_name":"Ub\u00e1 News","article_publisher":"https:\/\/www.facebook.com\/Ub%c3%a1News-Carlos-Roberto-Sodr%c3%a9-418778301977370","article_published_time":"2026-03-12T16:44:17+00:00","article_modified_time":"2026-03-12T16:44:26+00:00","og_image":[{"width":800,"height":630,"url":"https:\/\/ubanews.com\/site\/wp-content\/uploads\/2026\/03\/WhatsApp-Image-2026-03-12-at-13.34.07.jpeg","type":"image\/jpeg"}],"author":"Carlos Roberto Sodr\u00e9","twitter_card":"summary_large_image","twitter_misc":{"Escrito por":"Carlos Roberto Sodr\u00e9","Est. tempo de leitura":"3 minutos"},"schema":{"@context":"https:\/\/schema.org","@graph":[{"@type":"Article","@id":"https:\/\/ubanews.com\/site\/2026\/03\/12\/policia-civil-pcmg-prende-suspeito-por-cerca-de-25-furtos-registrados-em-cataguases\/#article","isPartOf":{"@id":"https:\/\/ubanews.com\/site\/2026\/03\/12\/policia-civil-pcmg-prende-suspeito-por-cerca-de-25-furtos-registrados-em-cataguases\/"},"author":{"name":"Carlos Roberto Sodr\u00e9","@id":"https:\/\/ubanews.com\/site\/#\/schema\/person\/9d8da9ec3c8d00640ab6e8c81e103310"},"headline":"Pol\u00edcia Civil &#8211; PCMG prende suspeito por cerca de 25 furtos registrados em Cataguases","datePublished":"2026-03-12T16:44:17+00:00","dateModified":"2026-03-12T16:44:26+00:00","mainEntityOfPage":{"@id":"https:\/\/ubanews.com\/site\/2026\/03\/12\/policia-civil-pcmg-prende-suspeito-por-cerca-de-25-furtos-registrados-em-cataguases\/"},"wordCount":410,"commentCount":0,"publisher":{"@id":"https:\/\/ubanews.com\/site\/#organization"},"image":{"@id":"https:\/\/ubanews.com\/site\/2026\/03\/12\/policia-civil-pcmg-prende-suspeito-por-cerca-de-25-furtos-registrados-em-cataguases\/#primaryimage"},"thumbnailUrl":"https:\/\/ubanews.com\/site\/wp-content\/uploads\/2026\/03\/WhatsApp-Image-2026-03-12-at-13.34.07.jpeg","keywords":["Carlos Roberto Sodr\u00e9","Fala Sodr\u00e9","Fato Policial","Ocorr\u00eancia Policial","Pol\u00edcia Civil","Sodr\u00e9","UBANEWS"],"articleSection":["DESTAQUE PRINCIPAL","Geral","S\u00edntese das Ocorr\u00eancias","Slide"],"inLanguage":"pt-BR","potentialAction":[{"@type":"CommentAction","name":"Comment","target":["https:\/\/ubanews.com\/site\/2026\/03\/12\/policia-civil-pcmg-prende-suspeito-por-cerca-de-25-furtos-registrados-em-cataguases\/#respond"]}]},{"@type":"WebPage","@id":"https:\/\/ubanews.com\/site\/2026\/03\/12\/policia-civil-pcmg-prende-suspeito-por-cerca-de-25-furtos-registrados-em-cataguases\/","url":"https:\/\/ubanews.com\/site\/2026\/03\/12\/policia-civil-pcmg-prende-suspeito-por-cerca-de-25-furtos-registrados-em-cataguases\/","name":"Pol\u00edcia Civil - PCMG prende suspeito por cerca de 25 furtos registrados em Cataguases - Ub\u00e1 News","isPartOf":{"@id":"https:\/\/ubanews.com\/site\/#website"},"primaryImageOfPage":{"@id":"https:\/\/ubanews.com\/site\/2026\/03\/12\/policia-civil-pcmg-prende-suspeito-por-cerca-de-25-furtos-registrados-em-cataguases\/#primaryimage"},"image":{"@id":"https:\/\/ubanews.com\/site\/2026\/03\/12\/policia-civil-pcmg-prende-suspeito-por-cerca-de-25-furtos-registrados-em-cataguases\/#primaryimage"},"thumbnailUrl":"https:\/\/ubanews.com\/site\/wp-content\/uploads\/2026\/03\/WhatsApp-Image-2026-03-12-at-13.34.07.jpeg","datePublished":"2026-03-12T16:44:17+00:00","dateModified":"2026-03-12T16:44:26+00:00","description":"Pol\u00edcia Civil - PCMG prende suspeito por cerca de 25 furtos registrados em Cataguases","breadcrumb":{"@id":"https:\/\/ubanews.com\/site\/2026\/03\/12\/policia-civil-pcmg-prende-suspeito-por-cerca-de-25-furtos-registrados-em-cataguases\/#breadcrumb"},"inLanguage":"pt-BR","potentialAction":[{"@type":"ReadAction","target":["https:\/\/ubanews.com\/site\/2026\/03\/12\/policia-civil-pcmg-prende-suspeito-por-cerca-de-25-furtos-registrados-em-cataguases\/"]}]},{"@type":"ImageObject","inLanguage":"pt-BR","@id":"https:\/\/ubanews.com\/site\/2026\/03\/12\/policia-civil-pcmg-prende-suspeito-por-cerca-de-25-furtos-registrados-em-cataguases\/#primaryimage","url":"https:\/\/ubanews.com\/site\/wp-content\/uploads\/2026\/03\/WhatsApp-Image-2026-03-12-at-13.34.07.jpeg","contentUrl":"https:\/\/ubanews.com\/site\/wp-content\/uploads\/2026\/03\/WhatsApp-Image-2026-03-12-at-13.34.07.jpeg","width":800,"height":630},{"@type":"BreadcrumbList","@id":"https:\/\/ubanews.com\/site\/2026\/03\/12\/policia-civil-pcmg-prende-suspeito-por-cerca-de-25-furtos-registrados-em-cataguases\/#breadcrumb","itemListElement":[{"@type":"ListItem","position":1,"name":"Home","item":"https:\/\/ubanews.com\/site\/"},{"@type":"ListItem","position":2,"name":"Pol\u00edcia Civil &#8211; PCMG prende suspeito por cerca de 25 furtos registrados em Cataguases"}]},{"@type":"WebSite","@id":"https:\/\/ubanews.com\/site\/#website","url":"https:\/\/ubanews.com\/site\/","name":"Ub\u00e1 News","description":"","publisher":{"@id":"https:\/\/ubanews.com\/site\/#organization"},"potentialAction":[{"@type":"SearchAction","target":{"@type":"EntryPoint","urlTemplate":"https:\/\/ubanews.com\/site\/?s={search_term_string}"},"query-input":{"@type":"PropertyValueSpecification","valueRequired":true,"valueName":"search_term_string"}}],"inLanguage":"pt-BR"},{"@type":"Organization","@id":"https:\/\/ubanews.com\/site\/#organization","name":"Ub\u00e1 News","url":"https:\/\/ubanews.com\/site\/","logo":{"@type":"ImageObject","inLanguage":"pt-BR","@id":"https:\/\/ubanews.com\/site\/#\/schema\/logo\/image\/","url":"https:\/\/ubanews.com\/site\/wp-content\/uploads\/2018\/01\/logoubanews.png","contentUrl":"https:\/\/ubanews.com\/site\/wp-content\/uploads\/2018\/01\/logoubanews.png","width":261,"height":99,"caption":"Ub\u00e1 News"},"image":{"@id":"https:\/\/ubanews.com\/site\/#\/schema\/logo\/image\/"},"sameAs":["https:\/\/www.facebook.com\/Ub\u00e1News-Carlos-Roberto-Sodr\u00e9-418778301977370"]},{"@type":"Person","@id":"https:\/\/ubanews.com\/site\/#\/schema\/person\/9d8da9ec3c8d00640ab6e8c81e103310","name":"Carlos Roberto Sodr\u00e9","image":{"@type":"ImageObject","inLanguage":"pt-BR","@id":"https:\/\/secure.gravatar.com\/avatar\/aab322e8555b56c468614fafdab8a8f924e394cdc6cfd8232f77e9e4d123a133?s=96&d=mm&r=g","url":"https:\/\/secure.gravatar.com\/avatar\/aab322e8555b56c468614fafdab8a8f924e394cdc6cfd8232f77e9e4d123a133?s=96&d=mm&r=g","contentUrl":"https:\/\/secure.gravatar.com\/avatar\/aab322e8555b56c468614fafdab8a8f924e394cdc6cfd8232f77e9e4d123a133?s=96&d=mm&r=g","caption":"Carlos Roberto Sodr\u00e9"},"url":"https:\/\/ubanews.com\/site\/author\/sodre\/"}]}},"_links":{"self":[{"href":"https:\/\/ubanews.com\/site\/wp-json\/wp\/v2\/posts\/24235","targetHints":{"allow":["GET"]}}],"collection":[{"href":"https:\/\/ubanews.com\/site\/wp-json\/wp\/v2\/posts"}],"about":[{"href":"https:\/\/ubanews.com\/site\/wp-json\/wp\/v2\/types\/post"}],"author":[{"embeddable":true,"href":"https:\/\/ubanews.com\/site\/wp-json\/wp\/v2\/users\/4"}],"replies":[{"embeddable":true,"href":"https:\/\/ubanews.com\/site\/wp-json\/wp\/v2\/comments?post=24235"}],"version-history":[{"count":0,"href":"https:\/\/ubanews.com\/site\/wp-json\/wp\/v2\/posts\/24235\/revisions"}],"wp:featuredmedia":[{"embeddable":true,"href":"https:\/\/ubanews.com\/site\/wp-json\/wp\/v2\/media\/24236"}],"wp:attachment":[{"href":"https:\/\/ubanews.com\/site\/wp-json\/wp\/v2\/media?parent=24235"}],"wp:term":[{"taxonomy":"category","embeddable":true,"href":"https:\/\/ubanews.com\/site\/wp-json\/wp\/v2\/categories?post=24235"},{"taxonomy":"post_tag","embeddable":true,"href":"https:\/\/ubanews.com\/site\/wp-json\/wp\/v2\/tags?post=24235"}],"curies":[{"name":"wp","href":"https:\/\/api.w.org\/{rel}","templated":true}]}}