{"id":24231,"date":"2026-03-12T11:32:16","date_gmt":"2026-03-12T14:32:16","guid":{"rendered":"https:\/\/ubanews.com\/site\/?p=24231"},"modified":"2026-03-12T11:32:25","modified_gmt":"2026-03-12T14:32:25","slug":"pcmg-prende-suspeito-de-tentativa-de-homicidio-em-miradouro","status":"publish","type":"post","link":"https:\/\/ubanews.com\/site\/2026\/03\/12\/pcmg-prende-suspeito-de-tentativa-de-homicidio-em-miradouro\/","title":{"rendered":"PCMG prende suspeito de tentativa de homic\u00eddio em Miradouro"},"content":{"rendered":"\n<p>PCMG prende suspeito de tentativa de homic\u00eddio em Miradouro<br>Investigado de 31 anos foi localizado em opera\u00e7\u00e3o realizada no distrito de Belis\u00e1rio, em Muria\u00e9.<\/p>\n\n\n\n<p>A Pol\u00edcia Civil de Minas Gerais (PCMG) localizou e prendeu, na manh\u00e3 desta ter\u00e7a-feira (11\/3), um homem de 31 anos investigado por participa\u00e7\u00e3o em uma tentativa de homic\u00eddio, registrada no dia 25 de janeiro deste ano, no povoado de Serrania, munic\u00edpio de Miradouro, na Zona da Mata.<\/p>\n\n\n\n<h2 class=\"wp-block-heading\">PCMG prende suspeito de tentativa de homic\u00eddio em Miradouro<\/h2>\n\n\n\n<figure class=\"wp-block-gallery has-nested-images columns-default is-cropped wp-block-gallery-1 is-layout-flex wp-block-gallery-is-layout-flex\">\n<figure class=\"wp-block-image size-large\"><img decoding=\"async\" width=\"1024\" height=\"768\" data-id=\"24232\" data-src=\"https:\/\/ubanews.com\/site\/wp-content\/uploads\/2026\/03\/WhatsApp-Image-2026-03-11-at-11.12.04-1-1024x768.jpeg\" alt=\"\" class=\"wp-image-24232 lazyload\" data-srcset=\"https:\/\/ubanews.com\/site\/wp-content\/uploads\/2026\/03\/WhatsApp-Image-2026-03-11-at-11.12.04-1-1024x768.jpeg 1024w, https:\/\/ubanews.com\/site\/wp-content\/uploads\/2026\/03\/WhatsApp-Image-2026-03-11-at-11.12.04-1-300x225.jpeg 300w, https:\/\/ubanews.com\/site\/wp-content\/uploads\/2026\/03\/WhatsApp-Image-2026-03-11-at-11.12.04-1-768x576.jpeg 768w, https:\/\/ubanews.com\/site\/wp-content\/uploads\/2026\/03\/WhatsApp-Image-2026-03-11-at-11.12.04-1.jpeg 1288w\" data-sizes=\"(max-width: 1024px) 100vw, 1024px\" src=\"data:image\/svg+xml;base64,PHN2ZyB3aWR0aD0iMSIgaGVpZ2h0PSIxIiB4bWxucz0iaHR0cDovL3d3dy53My5vcmcvMjAwMC9zdmciPjwvc3ZnPg==\" style=\"--smush-placeholder-width: 1024px; --smush-placeholder-aspect-ratio: 1024\/768;\" \/><\/figure>\n\n\n\n<figure class=\"wp-block-image size-large\"><img decoding=\"async\" width=\"1024\" height=\"778\" data-id=\"24233\" data-src=\"https:\/\/ubanews.com\/site\/wp-content\/uploads\/2026\/03\/WhatsApp-Image-2026-03-11-at-11.12.04-1024x778.jpeg\" alt=\"\" class=\"wp-image-24233 lazyload\" data-srcset=\"https:\/\/ubanews.com\/site\/wp-content\/uploads\/2026\/03\/WhatsApp-Image-2026-03-11-at-11.12.04-1024x778.jpeg 1024w, https:\/\/ubanews.com\/site\/wp-content\/uploads\/2026\/03\/WhatsApp-Image-2026-03-11-at-11.12.04-300x228.jpeg 300w, https:\/\/ubanews.com\/site\/wp-content\/uploads\/2026\/03\/WhatsApp-Image-2026-03-11-at-11.12.04-768x583.jpeg 768w, https:\/\/ubanews.com\/site\/wp-content\/uploads\/2026\/03\/WhatsApp-Image-2026-03-11-at-11.12.04-1536x1166.jpeg 1536w, https:\/\/ubanews.com\/site\/wp-content\/uploads\/2026\/03\/WhatsApp-Image-2026-03-11-at-11.12.04.jpeg 1600w\" data-sizes=\"(max-width: 1024px) 100vw, 1024px\" src=\"data:image\/svg+xml;base64,PHN2ZyB3aWR0aD0iMSIgaGVpZ2h0PSIxIiB4bWxucz0iaHR0cDovL3d3dy53My5vcmcvMjAwMC9zdmciPjwvc3ZnPg==\" style=\"--smush-placeholder-width: 1024px; --smush-placeholder-aspect-ratio: 1024\/778;\" \/><\/figure>\n\n\n\n<figure class=\"wp-block-image size-large\"><img decoding=\"async\" width=\"800\" height=\"630\" data-id=\"24234\" data-src=\"https:\/\/ubanews.com\/site\/wp-content\/uploads\/2026\/03\/WhatsApp-Image-2026-03-11-at-12.30.40.jpeg\" alt=\"\" class=\"wp-image-24234 lazyload\" data-srcset=\"https:\/\/ubanews.com\/site\/wp-content\/uploads\/2026\/03\/WhatsApp-Image-2026-03-11-at-12.30.40.jpeg 800w, https:\/\/ubanews.com\/site\/wp-content\/uploads\/2026\/03\/WhatsApp-Image-2026-03-11-at-12.30.40-300x236.jpeg 300w, https:\/\/ubanews.com\/site\/wp-content\/uploads\/2026\/03\/WhatsApp-Image-2026-03-11-at-12.30.40-768x605.jpeg 768w\" data-sizes=\"(max-width: 800px) 100vw, 800px\" src=\"data:image\/svg+xml;base64,PHN2ZyB3aWR0aD0iMSIgaGVpZ2h0PSIxIiB4bWxucz0iaHR0cDovL3d3dy53My5vcmcvMjAwMC9zdmciPjwvc3ZnPg==\" style=\"--smush-placeholder-width: 800px; --smush-placeholder-aspect-ratio: 800\/630;\" \/><\/figure>\n<\/figure>\n\n\n\n<p>A a\u00e7\u00e3o policial foi desencadeada no distrito de Belis\u00e1rio, em Muria\u00e9, distante 32 quil\u00f4metros do local do crime. Na oportunidade, foram cumpridos tr\u00eas mandados de busca e apreens\u00e3o, com o objetivo de reunir novos elementos e fortalecer o inqu\u00e9rito.<\/p>\n\n\n\n<p>Homic\u00eddio tentado<br>De acordo com as investiga\u00e7\u00f5es, coordenadas pela equipe que apura homic\u00eddios na regi\u00e3o, dois homens teriam chegado em um ve\u00edculo e, ao desembarcarem, iniciaram as agress\u00f5es contra a v\u00edtima, um homem de 35 anos. A dupla teria utilizado peda\u00e7os de madeira para atacar a v\u00edtima, causando ferimentos graves. Toda a a\u00e7\u00e3o criminosa ocorreu em via p\u00fablica, na presen\u00e7a de moradores da localidade.<\/p>\n\n\n\n<p>A motiva\u00e7\u00e3o do crime estaria relacionada a uma suposta d\u00edvida vinculada ao tr\u00e1fico de drogas.<\/p>\n\n\n\n<p>De acordo com o delegado Glaydson Ferreira, &#8220;Os dois suspeitos s\u00e3o investigados por outros crimes graves, inclusive tr\u00e1fico de drogas. Trata-se de indiv\u00edduos que atuam de forma violenta e ostensiva no distrito de Belis\u00e1rio, praticando agress\u00f5es em plena luz do dia e na presen\u00e7a de moradores, como forma de impor medo e demonstrar dom\u00ednio na localidade&#8221;.<\/p>\n\n\n\n<p>As investiga\u00e7\u00f5es continuam.<\/p>\n","protected":false},"excerpt":{"rendered":"<p>PCMG prende suspeito de tentativa de homic\u00eddio em Miradouro<br \/>\nInvestigado de 31 anos foi localizado em opera\u00e7\u00e3o realizada no distrito de Belis\u00e1rio, em Muria\u00e9.<\/p>\n","protected":false},"author":4,"featured_media":24233,"comment_status":"open","ping_status":"open","sticky":false,"template":"","format":"standard","meta":{"footnotes":""},"categories":[45,1,13,3],"tags":[65,59,188,222,107,67,60],"class_list":["post-24231","post","type-post","status-publish","format-standard","has-post-thumbnail","hentry","category-destaque-principal","category-sem-categoria","category-sintese-das-ocorrencias","category-slide","tag-carlos-roberto-sodre","tag-fala-sodre","tag-fato-policial","tag-ocorrencia-policial","tag-policia-civil","tag-sodre","tag-ubanews"],"yoast_head":"<!-- This site is optimized with the Yoast SEO plugin v27.2 - https:\/\/yoast.com\/product\/yoast-seo-wordpress\/ -->\n<title>PCMG prende suspeito de tentativa de homic\u00eddio em Miradouro - Ub\u00e1 News<\/title>\n<meta name=\"description\" content=\"PCMG prende suspeito de tentativa de homic\u00eddio em Miradouro\" \/>\n<meta name=\"robots\" content=\"index, follow, max-snippet:-1, max-image-preview:large, max-video-preview:-1\" \/>\n<link rel=\"canonical\" href=\"https:\/\/ubanews.com\/site\/2026\/03\/12\/pcmg-prende-suspeito-de-tentativa-de-homicidio-em-miradouro\/\" \/>\n<meta property=\"og:locale\" content=\"pt_BR\" \/>\n<meta property=\"og:type\" content=\"article\" \/>\n<meta property=\"og:title\" content=\"PCMG prende suspeito de tentativa de homic\u00eddio em Miradouro - Ub\u00e1 News\" \/>\n<meta property=\"og:description\" content=\"PCMG prende suspeito de tentativa de homic\u00eddio em Miradouro\" \/>\n<meta property=\"og:url\" content=\"https:\/\/ubanews.com\/site\/2026\/03\/12\/pcmg-prende-suspeito-de-tentativa-de-homicidio-em-miradouro\/\" \/>\n<meta property=\"og:site_name\" content=\"Ub\u00e1 News\" \/>\n<meta property=\"article:publisher\" content=\"https:\/\/www.facebook.com\/Ub%c3%a1News-Carlos-Roberto-Sodr%c3%a9-418778301977370\" \/>\n<meta property=\"article:published_time\" content=\"2026-03-12T14:32:16+00:00\" \/>\n<meta property=\"article:modified_time\" content=\"2026-03-12T14:32:25+00:00\" \/>\n<meta property=\"og:image\" content=\"https:\/\/ubanews.com\/site\/wp-content\/uploads\/2026\/03\/WhatsApp-Image-2026-03-11-at-11.12.04.jpeg\" \/>\n\t<meta property=\"og:image:width\" content=\"1600\" \/>\n\t<meta property=\"og:image:height\" content=\"1215\" \/>\n\t<meta property=\"og:image:type\" content=\"image\/jpeg\" \/>\n<meta name=\"author\" content=\"Carlos Roberto Sodr\u00e9\" \/>\n<meta name=\"twitter:card\" content=\"summary_large_image\" \/>\n<meta name=\"twitter:label1\" content=\"Escrito por\" \/>\n\t<meta name=\"twitter:data1\" content=\"Carlos Roberto Sodr\u00e9\" \/>\n\t<meta name=\"twitter:label2\" content=\"Est. tempo de leitura\" \/>\n\t<meta name=\"twitter:data2\" content=\"3 minutos\" \/>\n<script type=\"application\/ld+json\" class=\"yoast-schema-graph\">{\"@context\":\"https:\/\/schema.org\",\"@graph\":[{\"@type\":\"Article\",\"@id\":\"https:\/\/ubanews.com\/site\/2026\/03\/12\/pcmg-prende-suspeito-de-tentativa-de-homicidio-em-miradouro\/#article\",\"isPartOf\":{\"@id\":\"https:\/\/ubanews.com\/site\/2026\/03\/12\/pcmg-prende-suspeito-de-tentativa-de-homicidio-em-miradouro\/\"},\"author\":{\"name\":\"Carlos Roberto Sodr\u00e9\",\"@id\":\"https:\/\/ubanews.com\/site\/#\/schema\/person\/9d8da9ec3c8d00640ab6e8c81e103310\"},\"headline\":\"PCMG prende suspeito de tentativa de homic\u00eddio em Miradouro\",\"datePublished\":\"2026-03-12T14:32:16+00:00\",\"dateModified\":\"2026-03-12T14:32:25+00:00\",\"mainEntityOfPage\":{\"@id\":\"https:\/\/ubanews.com\/site\/2026\/03\/12\/pcmg-prende-suspeito-de-tentativa-de-homicidio-em-miradouro\/\"},\"wordCount\":297,\"commentCount\":0,\"publisher\":{\"@id\":\"https:\/\/ubanews.com\/site\/#organization\"},\"image\":{\"@id\":\"https:\/\/ubanews.com\/site\/2026\/03\/12\/pcmg-prende-suspeito-de-tentativa-de-homicidio-em-miradouro\/#primaryimage\"},\"thumbnailUrl\":\"https:\/\/ubanews.com\/site\/wp-content\/uploads\/2026\/03\/WhatsApp-Image-2026-03-11-at-11.12.04.jpeg\",\"keywords\":[\"Carlos Roberto Sodr\u00e9\",\"Fala Sodr\u00e9\",\"Fato Policial\",\"Ocorr\u00eancia Policial\",\"Pol\u00edcia Civil\",\"Sodr\u00e9\",\"UBANEWS\"],\"articleSection\":[\"DESTAQUE PRINCIPAL\",\"Geral\",\"S\u00edntese das Ocorr\u00eancias\",\"Slide\"],\"inLanguage\":\"pt-BR\",\"potentialAction\":[{\"@type\":\"CommentAction\",\"name\":\"Comment\",\"target\":[\"https:\/\/ubanews.com\/site\/2026\/03\/12\/pcmg-prende-suspeito-de-tentativa-de-homicidio-em-miradouro\/#respond\"]}]},{\"@type\":\"WebPage\",\"@id\":\"https:\/\/ubanews.com\/site\/2026\/03\/12\/pcmg-prende-suspeito-de-tentativa-de-homicidio-em-miradouro\/\",\"url\":\"https:\/\/ubanews.com\/site\/2026\/03\/12\/pcmg-prende-suspeito-de-tentativa-de-homicidio-em-miradouro\/\",\"name\":\"PCMG prende suspeito de tentativa de homic\u00eddio em Miradouro - Ub\u00e1 News\",\"isPartOf\":{\"@id\":\"https:\/\/ubanews.com\/site\/#website\"},\"primaryImageOfPage\":{\"@id\":\"https:\/\/ubanews.com\/site\/2026\/03\/12\/pcmg-prende-suspeito-de-tentativa-de-homicidio-em-miradouro\/#primaryimage\"},\"image\":{\"@id\":\"https:\/\/ubanews.com\/site\/2026\/03\/12\/pcmg-prende-suspeito-de-tentativa-de-homicidio-em-miradouro\/#primaryimage\"},\"thumbnailUrl\":\"https:\/\/ubanews.com\/site\/wp-content\/uploads\/2026\/03\/WhatsApp-Image-2026-03-11-at-11.12.04.jpeg\",\"datePublished\":\"2026-03-12T14:32:16+00:00\",\"dateModified\":\"2026-03-12T14:32:25+00:00\",\"description\":\"PCMG prende suspeito de tentativa de homic\u00eddio em Miradouro\",\"breadcrumb\":{\"@id\":\"https:\/\/ubanews.com\/site\/2026\/03\/12\/pcmg-prende-suspeito-de-tentativa-de-homicidio-em-miradouro\/#breadcrumb\"},\"inLanguage\":\"pt-BR\",\"potentialAction\":[{\"@type\":\"ReadAction\",\"target\":[\"https:\/\/ubanews.com\/site\/2026\/03\/12\/pcmg-prende-suspeito-de-tentativa-de-homicidio-em-miradouro\/\"]}]},{\"@type\":\"ImageObject\",\"inLanguage\":\"pt-BR\",\"@id\":\"https:\/\/ubanews.com\/site\/2026\/03\/12\/pcmg-prende-suspeito-de-tentativa-de-homicidio-em-miradouro\/#primaryimage\",\"url\":\"https:\/\/ubanews.com\/site\/wp-content\/uploads\/2026\/03\/WhatsApp-Image-2026-03-11-at-11.12.04.jpeg\",\"contentUrl\":\"https:\/\/ubanews.com\/site\/wp-content\/uploads\/2026\/03\/WhatsApp-Image-2026-03-11-at-11.12.04.jpeg\",\"width\":1600,\"height\":1215},{\"@type\":\"BreadcrumbList\",\"@id\":\"https:\/\/ubanews.com\/site\/2026\/03\/12\/pcmg-prende-suspeito-de-tentativa-de-homicidio-em-miradouro\/#breadcrumb\",\"itemListElement\":[{\"@type\":\"ListItem\",\"position\":1,\"name\":\"Home\",\"item\":\"https:\/\/ubanews.com\/site\/\"},{\"@type\":\"ListItem\",\"position\":2,\"name\":\"PCMG prende suspeito de tentativa de homic\u00eddio em Miradouro\"}]},{\"@type\":\"WebSite\",\"@id\":\"https:\/\/ubanews.com\/site\/#website\",\"url\":\"https:\/\/ubanews.com\/site\/\",\"name\":\"Ub\u00e1 News\",\"description\":\"\",\"publisher\":{\"@id\":\"https:\/\/ubanews.com\/site\/#organization\"},\"potentialAction\":[{\"@type\":\"SearchAction\",\"target\":{\"@type\":\"EntryPoint\",\"urlTemplate\":\"https:\/\/ubanews.com\/site\/?s={search_term_string}\"},\"query-input\":{\"@type\":\"PropertyValueSpecification\",\"valueRequired\":true,\"valueName\":\"search_term_string\"}}],\"inLanguage\":\"pt-BR\"},{\"@type\":\"Organization\",\"@id\":\"https:\/\/ubanews.com\/site\/#organization\",\"name\":\"Ub\u00e1 News\",\"url\":\"https:\/\/ubanews.com\/site\/\",\"logo\":{\"@type\":\"ImageObject\",\"inLanguage\":\"pt-BR\",\"@id\":\"https:\/\/ubanews.com\/site\/#\/schema\/logo\/image\/\",\"url\":\"https:\/\/ubanews.com\/site\/wp-content\/uploads\/2018\/01\/logoubanews.png\",\"contentUrl\":\"https:\/\/ubanews.com\/site\/wp-content\/uploads\/2018\/01\/logoubanews.png\",\"width\":261,\"height\":99,\"caption\":\"Ub\u00e1 News\"},\"image\":{\"@id\":\"https:\/\/ubanews.com\/site\/#\/schema\/logo\/image\/\"},\"sameAs\":[\"https:\/\/www.facebook.com\/Ub\u00e1News-Carlos-Roberto-Sodr\u00e9-418778301977370\"]},{\"@type\":\"Person\",\"@id\":\"https:\/\/ubanews.com\/site\/#\/schema\/person\/9d8da9ec3c8d00640ab6e8c81e103310\",\"name\":\"Carlos Roberto Sodr\u00e9\",\"image\":{\"@type\":\"ImageObject\",\"inLanguage\":\"pt-BR\",\"@id\":\"https:\/\/secure.gravatar.com\/avatar\/aab322e8555b56c468614fafdab8a8f924e394cdc6cfd8232f77e9e4d123a133?s=96&d=mm&r=g\",\"url\":\"https:\/\/secure.gravatar.com\/avatar\/aab322e8555b56c468614fafdab8a8f924e394cdc6cfd8232f77e9e4d123a133?s=96&d=mm&r=g\",\"contentUrl\":\"https:\/\/secure.gravatar.com\/avatar\/aab322e8555b56c468614fafdab8a8f924e394cdc6cfd8232f77e9e4d123a133?s=96&d=mm&r=g\",\"caption\":\"Carlos Roberto Sodr\u00e9\"},\"url\":\"https:\/\/ubanews.com\/site\/author\/sodre\/\"}]}<\/script>\n<!-- \/ Yoast SEO plugin. -->","yoast_head_json":{"title":"PCMG prende suspeito de tentativa de homic\u00eddio em Miradouro - Ub\u00e1 News","description":"PCMG prende suspeito de tentativa de homic\u00eddio em Miradouro","robots":{"index":"index","follow":"follow","max-snippet":"max-snippet:-1","max-image-preview":"max-image-preview:large","max-video-preview":"max-video-preview:-1"},"canonical":"https:\/\/ubanews.com\/site\/2026\/03\/12\/pcmg-prende-suspeito-de-tentativa-de-homicidio-em-miradouro\/","og_locale":"pt_BR","og_type":"article","og_title":"PCMG prende suspeito de tentativa de homic\u00eddio em Miradouro - Ub\u00e1 News","og_description":"PCMG prende suspeito de tentativa de homic\u00eddio em Miradouro","og_url":"https:\/\/ubanews.com\/site\/2026\/03\/12\/pcmg-prende-suspeito-de-tentativa-de-homicidio-em-miradouro\/","og_site_name":"Ub\u00e1 News","article_publisher":"https:\/\/www.facebook.com\/Ub%c3%a1News-Carlos-Roberto-Sodr%c3%a9-418778301977370","article_published_time":"2026-03-12T14:32:16+00:00","article_modified_time":"2026-03-12T14:32:25+00:00","og_image":[{"width":1600,"height":1215,"url":"https:\/\/ubanews.com\/site\/wp-content\/uploads\/2026\/03\/WhatsApp-Image-2026-03-11-at-11.12.04.jpeg","type":"image\/jpeg"}],"author":"Carlos Roberto Sodr\u00e9","twitter_card":"summary_large_image","twitter_misc":{"Escrito por":"Carlos Roberto Sodr\u00e9","Est. tempo de leitura":"3 minutos"},"schema":{"@context":"https:\/\/schema.org","@graph":[{"@type":"Article","@id":"https:\/\/ubanews.com\/site\/2026\/03\/12\/pcmg-prende-suspeito-de-tentativa-de-homicidio-em-miradouro\/#article","isPartOf":{"@id":"https:\/\/ubanews.com\/site\/2026\/03\/12\/pcmg-prende-suspeito-de-tentativa-de-homicidio-em-miradouro\/"},"author":{"name":"Carlos Roberto Sodr\u00e9","@id":"https:\/\/ubanews.com\/site\/#\/schema\/person\/9d8da9ec3c8d00640ab6e8c81e103310"},"headline":"PCMG prende suspeito de tentativa de homic\u00eddio em Miradouro","datePublished":"2026-03-12T14:32:16+00:00","dateModified":"2026-03-12T14:32:25+00:00","mainEntityOfPage":{"@id":"https:\/\/ubanews.com\/site\/2026\/03\/12\/pcmg-prende-suspeito-de-tentativa-de-homicidio-em-miradouro\/"},"wordCount":297,"commentCount":0,"publisher":{"@id":"https:\/\/ubanews.com\/site\/#organization"},"image":{"@id":"https:\/\/ubanews.com\/site\/2026\/03\/12\/pcmg-prende-suspeito-de-tentativa-de-homicidio-em-miradouro\/#primaryimage"},"thumbnailUrl":"https:\/\/ubanews.com\/site\/wp-content\/uploads\/2026\/03\/WhatsApp-Image-2026-03-11-at-11.12.04.jpeg","keywords":["Carlos Roberto Sodr\u00e9","Fala Sodr\u00e9","Fato Policial","Ocorr\u00eancia Policial","Pol\u00edcia Civil","Sodr\u00e9","UBANEWS"],"articleSection":["DESTAQUE PRINCIPAL","Geral","S\u00edntese das Ocorr\u00eancias","Slide"],"inLanguage":"pt-BR","potentialAction":[{"@type":"CommentAction","name":"Comment","target":["https:\/\/ubanews.com\/site\/2026\/03\/12\/pcmg-prende-suspeito-de-tentativa-de-homicidio-em-miradouro\/#respond"]}]},{"@type":"WebPage","@id":"https:\/\/ubanews.com\/site\/2026\/03\/12\/pcmg-prende-suspeito-de-tentativa-de-homicidio-em-miradouro\/","url":"https:\/\/ubanews.com\/site\/2026\/03\/12\/pcmg-prende-suspeito-de-tentativa-de-homicidio-em-miradouro\/","name":"PCMG prende suspeito de tentativa de homic\u00eddio em Miradouro - Ub\u00e1 News","isPartOf":{"@id":"https:\/\/ubanews.com\/site\/#website"},"primaryImageOfPage":{"@id":"https:\/\/ubanews.com\/site\/2026\/03\/12\/pcmg-prende-suspeito-de-tentativa-de-homicidio-em-miradouro\/#primaryimage"},"image":{"@id":"https:\/\/ubanews.com\/site\/2026\/03\/12\/pcmg-prende-suspeito-de-tentativa-de-homicidio-em-miradouro\/#primaryimage"},"thumbnailUrl":"https:\/\/ubanews.com\/site\/wp-content\/uploads\/2026\/03\/WhatsApp-Image-2026-03-11-at-11.12.04.jpeg","datePublished":"2026-03-12T14:32:16+00:00","dateModified":"2026-03-12T14:32:25+00:00","description":"PCMG prende suspeito de tentativa de homic\u00eddio em Miradouro","breadcrumb":{"@id":"https:\/\/ubanews.com\/site\/2026\/03\/12\/pcmg-prende-suspeito-de-tentativa-de-homicidio-em-miradouro\/#breadcrumb"},"inLanguage":"pt-BR","potentialAction":[{"@type":"ReadAction","target":["https:\/\/ubanews.com\/site\/2026\/03\/12\/pcmg-prende-suspeito-de-tentativa-de-homicidio-em-miradouro\/"]}]},{"@type":"ImageObject","inLanguage":"pt-BR","@id":"https:\/\/ubanews.com\/site\/2026\/03\/12\/pcmg-prende-suspeito-de-tentativa-de-homicidio-em-miradouro\/#primaryimage","url":"https:\/\/ubanews.com\/site\/wp-content\/uploads\/2026\/03\/WhatsApp-Image-2026-03-11-at-11.12.04.jpeg","contentUrl":"https:\/\/ubanews.com\/site\/wp-content\/uploads\/2026\/03\/WhatsApp-Image-2026-03-11-at-11.12.04.jpeg","width":1600,"height":1215},{"@type":"BreadcrumbList","@id":"https:\/\/ubanews.com\/site\/2026\/03\/12\/pcmg-prende-suspeito-de-tentativa-de-homicidio-em-miradouro\/#breadcrumb","itemListElement":[{"@type":"ListItem","position":1,"name":"Home","item":"https:\/\/ubanews.com\/site\/"},{"@type":"ListItem","position":2,"name":"PCMG prende suspeito de tentativa de homic\u00eddio em Miradouro"}]},{"@type":"WebSite","@id":"https:\/\/ubanews.com\/site\/#website","url":"https:\/\/ubanews.com\/site\/","name":"Ub\u00e1 News","description":"","publisher":{"@id":"https:\/\/ubanews.com\/site\/#organization"},"potentialAction":[{"@type":"SearchAction","target":{"@type":"EntryPoint","urlTemplate":"https:\/\/ubanews.com\/site\/?s={search_term_string}"},"query-input":{"@type":"PropertyValueSpecification","valueRequired":true,"valueName":"search_term_string"}}],"inLanguage":"pt-BR"},{"@type":"Organization","@id":"https:\/\/ubanews.com\/site\/#organization","name":"Ub\u00e1 News","url":"https:\/\/ubanews.com\/site\/","logo":{"@type":"ImageObject","inLanguage":"pt-BR","@id":"https:\/\/ubanews.com\/site\/#\/schema\/logo\/image\/","url":"https:\/\/ubanews.com\/site\/wp-content\/uploads\/2018\/01\/logoubanews.png","contentUrl":"https:\/\/ubanews.com\/site\/wp-content\/uploads\/2018\/01\/logoubanews.png","width":261,"height":99,"caption":"Ub\u00e1 News"},"image":{"@id":"https:\/\/ubanews.com\/site\/#\/schema\/logo\/image\/"},"sameAs":["https:\/\/www.facebook.com\/Ub\u00e1News-Carlos-Roberto-Sodr\u00e9-418778301977370"]},{"@type":"Person","@id":"https:\/\/ubanews.com\/site\/#\/schema\/person\/9d8da9ec3c8d00640ab6e8c81e103310","name":"Carlos Roberto Sodr\u00e9","image":{"@type":"ImageObject","inLanguage":"pt-BR","@id":"https:\/\/secure.gravatar.com\/avatar\/aab322e8555b56c468614fafdab8a8f924e394cdc6cfd8232f77e9e4d123a133?s=96&d=mm&r=g","url":"https:\/\/secure.gravatar.com\/avatar\/aab322e8555b56c468614fafdab8a8f924e394cdc6cfd8232f77e9e4d123a133?s=96&d=mm&r=g","contentUrl":"https:\/\/secure.gravatar.com\/avatar\/aab322e8555b56c468614fafdab8a8f924e394cdc6cfd8232f77e9e4d123a133?s=96&d=mm&r=g","caption":"Carlos Roberto Sodr\u00e9"},"url":"https:\/\/ubanews.com\/site\/author\/sodre\/"}]}},"_links":{"self":[{"href":"https:\/\/ubanews.com\/site\/wp-json\/wp\/v2\/posts\/24231","targetHints":{"allow":["GET"]}}],"collection":[{"href":"https:\/\/ubanews.com\/site\/wp-json\/wp\/v2\/posts"}],"about":[{"href":"https:\/\/ubanews.com\/site\/wp-json\/wp\/v2\/types\/post"}],"author":[{"embeddable":true,"href":"https:\/\/ubanews.com\/site\/wp-json\/wp\/v2\/users\/4"}],"replies":[{"embeddable":true,"href":"https:\/\/ubanews.com\/site\/wp-json\/wp\/v2\/comments?post=24231"}],"version-history":[{"count":0,"href":"https:\/\/ubanews.com\/site\/wp-json\/wp\/v2\/posts\/24231\/revisions"}],"wp:featuredmedia":[{"embeddable":true,"href":"https:\/\/ubanews.com\/site\/wp-json\/wp\/v2\/media\/24233"}],"wp:attachment":[{"href":"https:\/\/ubanews.com\/site\/wp-json\/wp\/v2\/media?parent=24231"}],"wp:term":[{"taxonomy":"category","embeddable":true,"href":"https:\/\/ubanews.com\/site\/wp-json\/wp\/v2\/categories?post=24231"},{"taxonomy":"post_tag","embeddable":true,"href":"https:\/\/ubanews.com\/site\/wp-json\/wp\/v2\/tags?post=24231"}],"curies":[{"name":"wp","href":"https:\/\/api.w.org\/{rel}","templated":true}]}}