{"id":24218,"date":"2026-03-11T08:58:47","date_gmt":"2026-03-11T11:58:47","guid":{"rendered":"https:\/\/ubanews.com\/site\/?p=24218"},"modified":"2026-03-11T08:58:54","modified_gmt":"2026-03-11T11:58:54","slug":"intersind-criterios-de-distribuicao-dos-moveis-para-as-familias-atingidas-pela-enchente-em-uba","status":"publish","type":"post","link":"https:\/\/ubanews.com\/site\/2026\/03\/11\/intersind-criterios-de-distribuicao-dos-moveis-para-as-familias-atingidas-pela-enchente-em-uba\/","title":{"rendered":"Intersind &#8211; Crit\u00e9rios de Distribui\u00e7\u00e3o dos M\u00f3veis para as Fam\u00edlias Atingidas pela Enchente em Ub\u00e1"},"content":{"rendered":"\n<p><strong>Intersind &#8211; Crit\u00e9rios de Distribui\u00e7\u00e3o dos M\u00f3veis para as Fam\u00edlias Atingidas pela Enchente em Ub\u00e1: Entenda Como o Polo Moveleiro Est\u00e1 Reconstruindo Esperan\u00e7as<\/strong><\/p>\n\n\n\n<p>A cidade de Ub\u00e1 vive dias de reconstru\u00e7\u00e3o. Depois das enchentes de 23 e 24 de fevereiro, centenas de fam\u00edlias perderam tudo. O Polo Moveleiro, reconhecido nacionalmente pela for\u00e7a produtiva, mostrou que tamb\u00e9m \u00e9 refer\u00eancia em solidariedade.<\/p>\n\n\n\n<h2 class=\"wp-block-heading\"><strong>Intersind &#8211; Crit\u00e9rios de Distribui\u00e7\u00e3o dos M\u00f3veis para as Fam\u00edlias Atingidas pela Enchente em Ub\u00e1: Entenda Como o Polo Moveleiro Est\u00e1 Reconstruindo Esperan\u00e7as<\/strong><\/h2>\n\n\n\n<figure class=\"wp-block-image size-large\"><img decoding=\"async\" width=\"1024\" height=\"571\" data-src=\"https:\/\/ubanews.com\/site\/wp-content\/uploads\/2026\/03\/Fala-Sodre-Coletiva-Intersind-com-o-Presidente-Gilberto-Teixeira-da-Salleto-no-combate-aos-atingidos-pelas-enchentes-1024x571.jpg\" alt=\"\" class=\"wp-image-24219 lazyload\" data-srcset=\"https:\/\/ubanews.com\/site\/wp-content\/uploads\/2026\/03\/Fala-Sodre-Coletiva-Intersind-com-o-Presidente-Gilberto-Teixeira-da-Salleto-no-combate-aos-atingidos-pelas-enchentes-1024x571.jpg 1024w, https:\/\/ubanews.com\/site\/wp-content\/uploads\/2026\/03\/Fala-Sodre-Coletiva-Intersind-com-o-Presidente-Gilberto-Teixeira-da-Salleto-no-combate-aos-atingidos-pelas-enchentes-300x167.jpg 300w, https:\/\/ubanews.com\/site\/wp-content\/uploads\/2026\/03\/Fala-Sodre-Coletiva-Intersind-com-o-Presidente-Gilberto-Teixeira-da-Salleto-no-combate-aos-atingidos-pelas-enchentes-768x428.jpg 768w, https:\/\/ubanews.com\/site\/wp-content\/uploads\/2026\/03\/Fala-Sodre-Coletiva-Intersind-com-o-Presidente-Gilberto-Teixeira-da-Salleto-no-combate-aos-atingidos-pelas-enchentes-360x200.jpg 360w, https:\/\/ubanews.com\/site\/wp-content\/uploads\/2026\/03\/Fala-Sodre-Coletiva-Intersind-com-o-Presidente-Gilberto-Teixeira-da-Salleto-no-combate-aos-atingidos-pelas-enchentes.jpg 1045w\" data-sizes=\"(max-width: 1024px) 100vw, 1024px\" src=\"data:image\/svg+xml;base64,PHN2ZyB3aWR0aD0iMSIgaGVpZ2h0PSIxIiB4bWxucz0iaHR0cDovL3d3dy53My5vcmcvMjAwMC9zdmciPjwvc3ZnPg==\" style=\"--smush-placeholder-width: 1024px; --smush-placeholder-aspect-ratio: 1024\/571;\" \/><\/figure>\n\n\n\n<p>Durante uma entrevista conduzida pelo rep\u00f3rter <strong>Carlos Roberto Sodr\u00e9<\/strong>, com imagens de <strong>Laisa Sodr\u00e9<\/strong> e gera\u00e7\u00e3o de conte\u00fado de <strong>Pedro Henriques \u2013 INDICCA.COM<\/strong>, o presidente do INTERSIND, <strong>Gilberto<\/strong>, detalhou os crit\u00e9rios de distribui\u00e7\u00e3o dos m\u00f3veis doados pelas ind\u00fastrias. O encontro aconteceu no Pavilh\u00e3o do Horto Florestal, onde equipes e volunt\u00e1rios trabalham sem pausa para organizar a log\u00edstica das entregas.<\/p>\n\n\n\n<h2 class=\"wp-block-heading\"><strong>Solidariedade Que Move a Cidade<\/strong><\/h2>\n\n\n\n<p>Logo no in\u00edcio da entrevista coletiva, tornou-se claro que o Polo Moveleiro age com uni\u00e3o. V\u00e1rias ind\u00fastrias se juntaram para apoiar fam\u00edlias atingidas e trabalhadores que tiveram suas casas destru\u00eddas.<\/p>\n\n\n\n<p>Gilberto refor\u00e7ou essa uni\u00e3o ao afirmar:<br><strong>\u201cN\u00e3o \u00e9 uma empresa ou outra. \u00c9 o Polo inteiro. S\u00e3o todos juntos, oferecendo a m\u00e3o para as fam\u00edlias que sofreram na enchente.\u201d<\/strong><\/p>\n\n\n\n<p>Essa fala resume o esp\u00edrito que os empres\u00e1rios e colaboradores adotaram desde o primeiro momento ap\u00f3s a trag\u00e9dia.<\/p>\n\n\n\n<h2 class=\"wp-block-heading\"><strong>Como o Trabalho Come\u00e7ou<\/strong><\/h2>\n\n\n\n<p>Em um primeiro movimento emergencial, as empresas forneceram \u00e1gua, cestas b\u00e1sicas e itens essenciais. A prioridade inicial foi cuidar dos pr\u00f3prios colaboradores atingidos \u2014 muitos perderam m\u00f3veis, roupas, alimentos e documentos.<\/p>\n\n\n\n<p>Depois disso, o INTERSIND convocou uma reuni\u00e3o com empres\u00e1rios para definir um <strong>processo transparente e organizado<\/strong> de distribui\u00e7\u00e3o dos m\u00f3veis doados.<\/p>\n\n\n\n<p>Agora, com o recebimento cont\u00ednuo de doa\u00e7\u00f5es, o foco est\u00e1 em entregar dignidade e seguran\u00e7a \u00e0s fam\u00edlias mais afetadas.<\/p>\n\n\n\n<h2 class=\"wp-block-heading\"><strong>Crit\u00e9rios de Distribui\u00e7\u00e3o dos M\u00f3veis<\/strong><\/h2>\n\n\n\n<p>Durante a entrevista, Gilberto explicou passo a passo como a sele\u00e7\u00e3o das fam\u00edlias aconteceu. Ele destacou:<br><strong>\u201cO primeiro crit\u00e9rio \u00e9 o cuidado. A gente precisa saber quem realmente foi atingido. Ent\u00e3o filtramos tudo junto com os RHs, com informa\u00e7\u00f5es oficiais da Prefeitura, Defesa Civil e \u00f3rg\u00e3os respons\u00e1veis.\u201d<\/strong><\/p>\n\n\n\n<p>Assim, a distribui\u00e7\u00e3o segue crit\u00e9rios claros:<\/p>\n\n\n\n<h3 class=\"wp-block-heading\"><strong>1. Identifica\u00e7\u00e3o dos Atingidos<\/strong><\/h3>\n\n\n\n<p>Os RHs das ind\u00fastrias cruzaram dados internos com informa\u00e7\u00f5es fornecidas pela Prefeitura de Ub\u00e1, Defesa Civil e Minist\u00e9rio P\u00fablico.<\/p>\n\n\n\n<h3 class=\"wp-block-heading\"><strong>2. Prioriza\u00e7\u00e3o dos Trabalhadores<\/strong><\/h3>\n\n\n\n<p>A primeira fase atende <strong>150 fam\u00edlias de colaboradores diretamente afetados<\/strong>.<br>Essas pessoas perderam praticamente tudo e dependem do suporte imediato para restabelecer suas casas.<\/p>\n\n\n\n<h3 class=\"wp-block-heading\"><strong>3. Transpar\u00eancia Total<\/strong><\/h3>\n\n\n\n<p>Cada item entregue fica registrado. Gilberto refor\u00e7ou a import\u00e2ncia desse compromisso:<br><strong>\u201cA transpar\u00eancia \u00e9 fundamental. Cada m\u00f3vel tem destino certo, com endere\u00e7o e respons\u00e1vel.\u201d<\/strong><\/p>\n\n\n\n<h3 class=\"wp-block-heading\"><strong>4. Segunda Fase: Popula\u00e7\u00e3o em Geral<\/strong><\/h3>\n\n\n\n<p>Depois de atender os trabalhadores, o INTERSIND entrega para a Prefeitura a rela\u00e7\u00e3o final das fam\u00edlias a serem contempladas.<\/p>\n\n\n\n<p>A Prefeitura, por sua vez, organiza a log\u00edstica de entrega para a comunidade em geral, garantindo rastreabilidade e evitando qualquer tipo de favorecimento ou confus\u00e3o.<\/p>\n\n\n\n<h2 class=\"wp-block-heading\"><strong>A Dimens\u00e3o dos Preju\u00edzos no Setor Moveleiro<\/strong><\/h2>\n\n\n\n<p>A enchente afetou n\u00e3o somente as fam\u00edlias, mas tamb\u00e9m dezenas de empresas.<\/p>\n\n\n\n<p>Gilberto esclareceu:<br><strong>\u201cTemos 40 ind\u00fastrias atingidas. \u00c9 muita coisa. Desde o in\u00edcio at\u00e9 o fim da cidade, todas as f\u00e1bricas pr\u00f3ximas ao rio sofreram.\u201d<\/strong><\/p>\n\n\n\n<p>Essas empresas lidam agora com:<\/p>\n\n\n\n<ul class=\"wp-block-list\">\n<li>Perdas de estoque<\/li>\n\n\n\n<li>Danos em m\u00e1quinas<\/li>\n\n\n\n<li>Comprometimento de estruturas<\/li>\n\n\n\n<li>Preju\u00edzos tribut\u00e1rios<\/li>\n\n\n\n<li>Desafios de financiamento<\/li>\n<\/ul>\n\n\n\n<p>Mesmo enfrentando suas pr\u00f3prias dificuldades, muitas delas continuaram ajudando.<\/p>\n\n\n\n<h2 class=\"wp-block-heading\"><strong>For\u00e7a de Trabalho Mobilizada<\/strong><\/h2>\n\n\n\n<p>Enquanto os diretores concediam a entrevista, colaboradores trabalhavam sem parar no descarregamento dos m\u00f3veis, organiza\u00e7\u00e3o de listas e separa\u00e7\u00e3o dos itens por fam\u00edlias.<\/p>\n\n\n\n<p>Al\u00e9m das empresas, volunt\u00e1rios e entidades como o SINDICOM, grupos comunit\u00e1rios e organiza\u00e7\u00f5es religiosas tamb\u00e9m deram suporte essencial.<\/p>\n\n\n\n<p>Essa uni\u00e3o foi destacada no momento em que Gilberto disse:<br><strong>\u201cOs fabricantes responderam com muita solidariedade. Todo mundo ajudando. Foi algo muito grande.\u201d<\/strong><\/p>\n\n\n\n<h2 class=\"wp-block-heading\"><strong>Log\u00edstica das Entregas<\/strong><\/h2>\n\n\n\n<p>A entrega dos m\u00f3veis exige estrat\u00e9gia. Algumas \u00e1reas de Ub\u00e1 ainda apresentam acessos comprometidos.<\/p>\n\n\n\n<p>Por isso, a distribui\u00e7\u00e3o conta com:<\/p>\n\n\n\n<ul class=\"wp-block-list\">\n<li>Caminh\u00f5es do pr\u00f3prio setor moveleiro<\/li>\n\n\n\n<li>Apoio de volunt\u00e1rios<\/li>\n\n\n\n<li>Equipes de rua da Prefeitura<\/li>\n\n\n\n<li>Intermedia\u00e7\u00e3o do INTERSIND<\/li>\n<\/ul>\n\n\n\n<p>Al\u00e9m disso, muitas empresas assumiram o custo do frete e do transporte at\u00e9 a casa dos funcion\u00e1rios.<\/p>\n\n\n\n<h2 class=\"wp-block-heading\"><strong>Perspectivas de Retomada Econ\u00f4mica<\/strong><\/h2>\n\n\n\n<p>A entrevista abordou tamb\u00e9m as expectativas sobre o apoio dos governos estadual e federal. Gilberto destacou otimismo, mas refor\u00e7ou que ainda h\u00e1 um longo caminho.<\/p>\n\n\n\n<p>Ele afirmou:<br><strong>\u201cNunca podemos perder a esperan\u00e7a. A cidade vai se levantar. As empresas tamb\u00e9m.\u201d<\/strong><\/p>\n\n\n\n<p>Mesmo assim, alguns empres\u00e1rios estimam de <strong>30 a 60 dias<\/strong> para retornar \u00e0 normalidade.<br>O desafio \u00e9 grande, mas o setor permanece firme.<\/p>\n\n\n\n<h2 class=\"wp-block-heading\"><strong>O Papel da Comunica\u00e7\u00e3o e Registro<\/strong><\/h2>\n\n\n\n<p>O trabalho de cobertura jornal\u00edstica e documental \u00e9 essencial para garantir a transpar\u00eancia do processo.<\/p>\n\n\n\n<p>A entrevista conduzida por <strong>Carlos Roberto Sodr\u00e9<\/strong>, com imagens de <strong>Laisa Sodr\u00e9<\/strong>, registrou cada parte da opera\u00e7\u00e3o.<br>A INDICCA.COM, por meio de Pedro Henriques, contribuiu na gera\u00e7\u00e3o do conte\u00fado, refor\u00e7ando a import\u00e2ncia de comunicar de forma clara, humana e respons\u00e1vel.<\/p>\n\n\n\n<p>Essa documenta\u00e7\u00e3o permite que toda a sociedade acompanhe de perto como os m\u00f3veis chegam \u00e0s fam\u00edlias e como o Polo Moveleiro reage diante da trag\u00e9dia.<\/p>\n\n\n\n<h2 class=\"wp-block-heading\"><strong>Reconstruir Ub\u00e1 \u00e9 um Compromisso de Todos<\/strong><\/h2>\n\n\n\n<p>A cidade ainda enfrenta a dor das perdas. Foram vidas interrompidas, patrim\u00f4nios destru\u00eddos e uma comunidade inteira abalada. No entanto, a mobiliza\u00e7\u00e3o do Polo Moveleiro demonstra que a reconstru\u00e7\u00e3o acontece de forma conjunta, organizada e solid\u00e1ria.<\/p>\n\n\n\n<p>Desde a triagem das fam\u00edlias at\u00e9 a entrega final de cada m\u00f3vel, o processo refor\u00e7a a responsabilidade social das empresas e a for\u00e7a de uma cidade que n\u00e3o abandona seus moradores.<\/p>\n\n\n\n<p>E como bem disse o presidente do INTERSIND:<br><strong>\u201cO mais importante agora \u00e9 atender com transpar\u00eancia e com respeito. A gente precisa reconstruir Ub\u00e1 sem deixar ningu\u00e9m para tr\u00e1s.\u201d<\/strong><\/p>\n\n\n\n<figure class=\"wp-block-embed is-type-video is-provider-youtube wp-block-embed-youtube wp-embed-aspect-16-9 wp-has-aspect-ratio\"><div class=\"wp-block-embed__wrapper\">\n<iframe title=\"conhe\u00e7a crit\u00e9rios de distribui\u00e7\u00e3o dos m\u00f3veis para fam\u00edlias do Polo Moveleiro atingidas pela enchente\" width=\"840\" height=\"473\" data-src=\"https:\/\/www.youtube.com\/embed\/cZnXPxhcMfw?feature=oembed\" frameborder=\"0\" allow=\"accelerometer; autoplay; clipboard-write; encrypted-media; gyroscope; picture-in-picture; web-share\" referrerpolicy=\"strict-origin-when-cross-origin\" allowfullscreen src=\"data:image\/svg+xml;base64,PHN2ZyB3aWR0aD0iMSIgaGVpZ2h0PSIxIiB4bWxucz0iaHR0cDovL3d3dy53My5vcmcvMjAwMC9zdmciPjwvc3ZnPg==\" class=\"lazyload\" data-load-mode=\"1\"><\/iframe>\n<\/div><\/figure>\n\n\n\n<p>&#x1f4da; <strong>Cobertura:<\/strong> Carlos Roberto Sodr\u00e9 <a href=\"https:\/\/wa.me\/553298481334\">WhatsApp<\/a><\/p>\n\n\n\n<p>&#x1f4f8; <strong>Imagens:<\/strong> Laisa Sodr\u00e9 \/ Felipe Oliveira<\/p>\n\n\n\n<p>&#x1f4dd; <strong>Conte\u00fado: <\/strong><a href=\"https:\/\/www.linkedin.com\/in\/pedrohgf\/\">Pedro Henriques<\/a> \u2013 <a href=\"https:\/\/indicca.com.br\/blog\/\">INDICCA.COM<\/a>&nbsp; <a href=\"https:\/\/wa.me\/5532988020057\">WhatsApp<\/a><\/p>\n\n\n\n<p>&#x1f393; <strong>Evento:<\/strong> <strong>Intersind &#8211; Crit\u00e9rios de Distribui\u00e7\u00e3o dos M\u00f3veis para as Fam\u00edlias Atingidas pela Enchente em Ub\u00e1: Entenda Como o Polo Moveleiro Est\u00e1 Reconstruindo Esperan\u00e7as<\/strong><\/p>\n\n\n\n<h2 class=\"wp-block-heading\"><strong>Hashtags<\/strong><\/h2>\n\n\n\n<p>#ReconstruirUb\u00e1 #PoloMoveleiro #For\u00e7aDeUb\u00e1 #Solidariedade #A\u00e7\u00e3oSocial #INTERSIND #GilbertoSalleto #CarlosRobertoSodr\u00e9 #LaisaSodr\u00e9 #INDICCA #PedroHenriques #Enchentes2026 #Ub\u00e1Unida #Doa\u00e7\u00e3oQueTransforma #Transpar\u00eanciaSocial #JuntosPorUb\u00e1 #Ind\u00fastriaSolid\u00e1ria #SetorMoveleiro #AjudaHumanit\u00e1ria<\/p>\n","protected":false},"excerpt":{"rendered":"<p>O Polo Moveleiro de Ub\u00e1 organizou crit\u00e9rios claros para distribuir m\u00f3veis \u00e0s fam\u00edlias atingidas pela enchente. O INTERSIND, liderado por Gilberto, priorizou trabalhadores afetados, garantiu transpar\u00eancia e uniu empresas para reconstruir a cidade. A entrevista foi conduzida por Carlos Sodr\u00e9, com imagens de Laisa Sodr\u00e9 e conte\u00fado da INDICCA.<\/p>\n","protected":false},"author":4,"featured_media":24219,"comment_status":"open","ping_status":"open","sticky":false,"template":"","format":"standard","meta":{"footnotes":""},"categories":[45,1,3],"tags":[568,410,571,570,464,569,394,573,141,456,393,397,567,501,562,484,572,507],"class_list":["post-24218","post","type-post","status-publish","format-standard","has-post-thumbnail","hentry","category-destaque-principal","category-sem-categoria","category-slide","tag-acaosocial","tag-carlosrobertosodre","tag-doacaoquetransforma","tag-enchentes2026","tag-forcadeuba","tag-gilbertosalleto","tag-indicca","tag-industriasolidaria","tag-intersind","tag-juntosporuba","tag-laisasodre","tag-pedrohenriques","tag-polomoveleiro","tag-reconstruiruba","tag-setormoveleiro","tag-solidariedade","tag-transparenciasocial","tag-ubaunida"],"yoast_head":"<!-- This site is optimized with the Yoast SEO plugin v27.2 - https:\/\/yoast.com\/product\/yoast-seo-wordpress\/ -->\n<title>Intersind - Crit\u00e9rios de Distribui\u00e7\u00e3o dos M\u00f3veis para as Fam\u00edlias Atingidas pela Enchente em Ub\u00e1 - Ub\u00e1 News<\/title>\n<meta name=\"description\" content=\"Intersind - Crit\u00e9rios de Distribui\u00e7\u00e3o dos M\u00f3veis para as Fam\u00edlias Atingidas pela Enchente em Ub\u00e1: Entenda Como o Polo Moveleiro Est\u00e1 Reconstruindo Esperan\u00e7as\" \/>\n<meta name=\"robots\" content=\"index, follow, max-snippet:-1, max-image-preview:large, max-video-preview:-1\" \/>\n<link rel=\"canonical\" href=\"https:\/\/ubanews.com\/site\/2026\/03\/11\/intersind-criterios-de-distribuicao-dos-moveis-para-as-familias-atingidas-pela-enchente-em-uba\/\" \/>\n<meta property=\"og:locale\" content=\"pt_BR\" \/>\n<meta property=\"og:type\" content=\"article\" \/>\n<meta property=\"og:title\" content=\"Intersind - Crit\u00e9rios de Distribui\u00e7\u00e3o dos M\u00f3veis para as Fam\u00edlias Atingidas pela Enchente em Ub\u00e1 - Ub\u00e1 News\" \/>\n<meta property=\"og:description\" content=\"Intersind - Crit\u00e9rios de Distribui\u00e7\u00e3o dos M\u00f3veis para as Fam\u00edlias Atingidas pela Enchente em Ub\u00e1: Entenda Como o Polo Moveleiro Est\u00e1 Reconstruindo Esperan\u00e7as\" \/>\n<meta property=\"og:url\" content=\"https:\/\/ubanews.com\/site\/2026\/03\/11\/intersind-criterios-de-distribuicao-dos-moveis-para-as-familias-atingidas-pela-enchente-em-uba\/\" \/>\n<meta property=\"og:site_name\" content=\"Ub\u00e1 News\" \/>\n<meta property=\"article:publisher\" content=\"https:\/\/www.facebook.com\/Ub%c3%a1News-Carlos-Roberto-Sodr%c3%a9-418778301977370\" \/>\n<meta property=\"article:published_time\" content=\"2026-03-11T11:58:47+00:00\" \/>\n<meta property=\"article:modified_time\" content=\"2026-03-11T11:58:54+00:00\" \/>\n<meta property=\"og:image\" content=\"https:\/\/ubanews.com\/site\/wp-content\/uploads\/2026\/03\/Fala-Sodre-Coletiva-Intersind-com-o-Presidente-Gilberto-Teixeira-da-Salleto-no-combate-aos-atingidos-pelas-enchentes.jpg\" \/>\n\t<meta property=\"og:image:width\" content=\"1045\" \/>\n\t<meta property=\"og:image:height\" content=\"583\" \/>\n\t<meta property=\"og:image:type\" content=\"image\/jpeg\" \/>\n<meta name=\"author\" content=\"Carlos Roberto Sodr\u00e9\" \/>\n<meta name=\"twitter:card\" content=\"summary_large_image\" \/>\n<meta name=\"twitter:label1\" content=\"Escrito por\" \/>\n\t<meta name=\"twitter:data1\" content=\"Carlos Roberto Sodr\u00e9\" \/>\n\t<meta name=\"twitter:label2\" content=\"Est. tempo de leitura\" \/>\n\t<meta name=\"twitter:data2\" content=\"6 minutos\" \/>\n<script type=\"application\/ld+json\" class=\"yoast-schema-graph\">{\"@context\":\"https:\/\/schema.org\",\"@graph\":[{\"@type\":\"Article\",\"@id\":\"https:\/\/ubanews.com\/site\/2026\/03\/11\/intersind-criterios-de-distribuicao-dos-moveis-para-as-familias-atingidas-pela-enchente-em-uba\/#article\",\"isPartOf\":{\"@id\":\"https:\/\/ubanews.com\/site\/2026\/03\/11\/intersind-criterios-de-distribuicao-dos-moveis-para-as-familias-atingidas-pela-enchente-em-uba\/\"},\"author\":{\"name\":\"Carlos Roberto Sodr\u00e9\",\"@id\":\"https:\/\/ubanews.com\/site\/#\/schema\/person\/9d8da9ec3c8d00640ab6e8c81e103310\"},\"headline\":\"Intersind &#8211; Crit\u00e9rios de Distribui\u00e7\u00e3o dos M\u00f3veis para as Fam\u00edlias Atingidas pela Enchente em Ub\u00e1\",\"datePublished\":\"2026-03-11T11:58:47+00:00\",\"dateModified\":\"2026-03-11T11:58:54+00:00\",\"mainEntityOfPage\":{\"@id\":\"https:\/\/ubanews.com\/site\/2026\/03\/11\/intersind-criterios-de-distribuicao-dos-moveis-para-as-familias-atingidas-pela-enchente-em-uba\/\"},\"wordCount\":1182,\"commentCount\":0,\"publisher\":{\"@id\":\"https:\/\/ubanews.com\/site\/#organization\"},\"image\":{\"@id\":\"https:\/\/ubanews.com\/site\/2026\/03\/11\/intersind-criterios-de-distribuicao-dos-moveis-para-as-familias-atingidas-pela-enchente-em-uba\/#primaryimage\"},\"thumbnailUrl\":\"https:\/\/ubanews.com\/site\/wp-content\/uploads\/2026\/03\/Fala-Sodre-Coletiva-Intersind-com-o-Presidente-Gilberto-Teixeira-da-Salleto-no-combate-aos-atingidos-pelas-enchentes.jpg\",\"keywords\":[\"A\u00e7\u00e3oSocial\",\"CarlosRobertoSodr\u00e9\",\"Doa\u00e7\u00e3oQueTransforma\",\"Enchentes2026\",\"For\u00e7aDeUb\u00e1\",\"GilbertoSalleto\",\"Indicca\",\"Ind\u00fastriaSolid\u00e1ria\",\"Intersind\",\"JuntosPorUb\u00e1\",\"LaisaSodr\u00e9\",\"PedroHenriques\",\"PoloMoveleiro\",\"ReconstruirUb\u00e1\",\"SetorMoveleiro\",\"Solidariedade\",\"Transpar\u00eanciaSocial\",\"Ub\u00e1Unida\"],\"articleSection\":[\"DESTAQUE PRINCIPAL\",\"Geral\",\"Slide\"],\"inLanguage\":\"pt-BR\",\"potentialAction\":[{\"@type\":\"CommentAction\",\"name\":\"Comment\",\"target\":[\"https:\/\/ubanews.com\/site\/2026\/03\/11\/intersind-criterios-de-distribuicao-dos-moveis-para-as-familias-atingidas-pela-enchente-em-uba\/#respond\"]}]},{\"@type\":\"WebPage\",\"@id\":\"https:\/\/ubanews.com\/site\/2026\/03\/11\/intersind-criterios-de-distribuicao-dos-moveis-para-as-familias-atingidas-pela-enchente-em-uba\/\",\"url\":\"https:\/\/ubanews.com\/site\/2026\/03\/11\/intersind-criterios-de-distribuicao-dos-moveis-para-as-familias-atingidas-pela-enchente-em-uba\/\",\"name\":\"Intersind - Crit\u00e9rios de Distribui\u00e7\u00e3o dos M\u00f3veis para as Fam\u00edlias Atingidas pela Enchente em Ub\u00e1 - Ub\u00e1 News\",\"isPartOf\":{\"@id\":\"https:\/\/ubanews.com\/site\/#website\"},\"primaryImageOfPage\":{\"@id\":\"https:\/\/ubanews.com\/site\/2026\/03\/11\/intersind-criterios-de-distribuicao-dos-moveis-para-as-familias-atingidas-pela-enchente-em-uba\/#primaryimage\"},\"image\":{\"@id\":\"https:\/\/ubanews.com\/site\/2026\/03\/11\/intersind-criterios-de-distribuicao-dos-moveis-para-as-familias-atingidas-pela-enchente-em-uba\/#primaryimage\"},\"thumbnailUrl\":\"https:\/\/ubanews.com\/site\/wp-content\/uploads\/2026\/03\/Fala-Sodre-Coletiva-Intersind-com-o-Presidente-Gilberto-Teixeira-da-Salleto-no-combate-aos-atingidos-pelas-enchentes.jpg\",\"datePublished\":\"2026-03-11T11:58:47+00:00\",\"dateModified\":\"2026-03-11T11:58:54+00:00\",\"description\":\"Intersind - Crit\u00e9rios de Distribui\u00e7\u00e3o dos M\u00f3veis para as Fam\u00edlias Atingidas pela Enchente em Ub\u00e1: Entenda Como o Polo Moveleiro Est\u00e1 Reconstruindo Esperan\u00e7as\",\"breadcrumb\":{\"@id\":\"https:\/\/ubanews.com\/site\/2026\/03\/11\/intersind-criterios-de-distribuicao-dos-moveis-para-as-familias-atingidas-pela-enchente-em-uba\/#breadcrumb\"},\"inLanguage\":\"pt-BR\",\"potentialAction\":[{\"@type\":\"ReadAction\",\"target\":[\"https:\/\/ubanews.com\/site\/2026\/03\/11\/intersind-criterios-de-distribuicao-dos-moveis-para-as-familias-atingidas-pela-enchente-em-uba\/\"]}]},{\"@type\":\"ImageObject\",\"inLanguage\":\"pt-BR\",\"@id\":\"https:\/\/ubanews.com\/site\/2026\/03\/11\/intersind-criterios-de-distribuicao-dos-moveis-para-as-familias-atingidas-pela-enchente-em-uba\/#primaryimage\",\"url\":\"https:\/\/ubanews.com\/site\/wp-content\/uploads\/2026\/03\/Fala-Sodre-Coletiva-Intersind-com-o-Presidente-Gilberto-Teixeira-da-Salleto-no-combate-aos-atingidos-pelas-enchentes.jpg\",\"contentUrl\":\"https:\/\/ubanews.com\/site\/wp-content\/uploads\/2026\/03\/Fala-Sodre-Coletiva-Intersind-com-o-Presidente-Gilberto-Teixeira-da-Salleto-no-combate-aos-atingidos-pelas-enchentes.jpg\",\"width\":1045,\"height\":583},{\"@type\":\"BreadcrumbList\",\"@id\":\"https:\/\/ubanews.com\/site\/2026\/03\/11\/intersind-criterios-de-distribuicao-dos-moveis-para-as-familias-atingidas-pela-enchente-em-uba\/#breadcrumb\",\"itemListElement\":[{\"@type\":\"ListItem\",\"position\":1,\"name\":\"Home\",\"item\":\"https:\/\/ubanews.com\/site\/\"},{\"@type\":\"ListItem\",\"position\":2,\"name\":\"Intersind &#8211; Crit\u00e9rios de Distribui\u00e7\u00e3o dos M\u00f3veis para as Fam\u00edlias Atingidas pela Enchente em Ub\u00e1\"}]},{\"@type\":\"WebSite\",\"@id\":\"https:\/\/ubanews.com\/site\/#website\",\"url\":\"https:\/\/ubanews.com\/site\/\",\"name\":\"Ub\u00e1 News\",\"description\":\"\",\"publisher\":{\"@id\":\"https:\/\/ubanews.com\/site\/#organization\"},\"potentialAction\":[{\"@type\":\"SearchAction\",\"target\":{\"@type\":\"EntryPoint\",\"urlTemplate\":\"https:\/\/ubanews.com\/site\/?s={search_term_string}\"},\"query-input\":{\"@type\":\"PropertyValueSpecification\",\"valueRequired\":true,\"valueName\":\"search_term_string\"}}],\"inLanguage\":\"pt-BR\"},{\"@type\":\"Organization\",\"@id\":\"https:\/\/ubanews.com\/site\/#organization\",\"name\":\"Ub\u00e1 News\",\"url\":\"https:\/\/ubanews.com\/site\/\",\"logo\":{\"@type\":\"ImageObject\",\"inLanguage\":\"pt-BR\",\"@id\":\"https:\/\/ubanews.com\/site\/#\/schema\/logo\/image\/\",\"url\":\"https:\/\/ubanews.com\/site\/wp-content\/uploads\/2018\/01\/logoubanews.png\",\"contentUrl\":\"https:\/\/ubanews.com\/site\/wp-content\/uploads\/2018\/01\/logoubanews.png\",\"width\":261,\"height\":99,\"caption\":\"Ub\u00e1 News\"},\"image\":{\"@id\":\"https:\/\/ubanews.com\/site\/#\/schema\/logo\/image\/\"},\"sameAs\":[\"https:\/\/www.facebook.com\/Ub\u00e1News-Carlos-Roberto-Sodr\u00e9-418778301977370\"]},{\"@type\":\"Person\",\"@id\":\"https:\/\/ubanews.com\/site\/#\/schema\/person\/9d8da9ec3c8d00640ab6e8c81e103310\",\"name\":\"Carlos Roberto Sodr\u00e9\",\"image\":{\"@type\":\"ImageObject\",\"inLanguage\":\"pt-BR\",\"@id\":\"https:\/\/secure.gravatar.com\/avatar\/aab322e8555b56c468614fafdab8a8f924e394cdc6cfd8232f77e9e4d123a133?s=96&d=mm&r=g\",\"url\":\"https:\/\/secure.gravatar.com\/avatar\/aab322e8555b56c468614fafdab8a8f924e394cdc6cfd8232f77e9e4d123a133?s=96&d=mm&r=g\",\"contentUrl\":\"https:\/\/secure.gravatar.com\/avatar\/aab322e8555b56c468614fafdab8a8f924e394cdc6cfd8232f77e9e4d123a133?s=96&d=mm&r=g\",\"caption\":\"Carlos Roberto Sodr\u00e9\"},\"url\":\"https:\/\/ubanews.com\/site\/author\/sodre\/\"}]}<\/script>\n<!-- \/ Yoast SEO plugin. -->","yoast_head_json":{"title":"Intersind - Crit\u00e9rios de Distribui\u00e7\u00e3o dos M\u00f3veis para as Fam\u00edlias Atingidas pela Enchente em Ub\u00e1 - Ub\u00e1 News","description":"Intersind - Crit\u00e9rios de Distribui\u00e7\u00e3o dos M\u00f3veis para as Fam\u00edlias Atingidas pela Enchente em Ub\u00e1: Entenda Como o Polo Moveleiro Est\u00e1 Reconstruindo Esperan\u00e7as","robots":{"index":"index","follow":"follow","max-snippet":"max-snippet:-1","max-image-preview":"max-image-preview:large","max-video-preview":"max-video-preview:-1"},"canonical":"https:\/\/ubanews.com\/site\/2026\/03\/11\/intersind-criterios-de-distribuicao-dos-moveis-para-as-familias-atingidas-pela-enchente-em-uba\/","og_locale":"pt_BR","og_type":"article","og_title":"Intersind - Crit\u00e9rios de Distribui\u00e7\u00e3o dos M\u00f3veis para as Fam\u00edlias Atingidas pela Enchente em Ub\u00e1 - Ub\u00e1 News","og_description":"Intersind - Crit\u00e9rios de Distribui\u00e7\u00e3o dos M\u00f3veis para as Fam\u00edlias Atingidas pela Enchente em Ub\u00e1: Entenda Como o Polo Moveleiro Est\u00e1 Reconstruindo Esperan\u00e7as","og_url":"https:\/\/ubanews.com\/site\/2026\/03\/11\/intersind-criterios-de-distribuicao-dos-moveis-para-as-familias-atingidas-pela-enchente-em-uba\/","og_site_name":"Ub\u00e1 News","article_publisher":"https:\/\/www.facebook.com\/Ub%c3%a1News-Carlos-Roberto-Sodr%c3%a9-418778301977370","article_published_time":"2026-03-11T11:58:47+00:00","article_modified_time":"2026-03-11T11:58:54+00:00","og_image":[{"width":1045,"height":583,"url":"https:\/\/ubanews.com\/site\/wp-content\/uploads\/2026\/03\/Fala-Sodre-Coletiva-Intersind-com-o-Presidente-Gilberto-Teixeira-da-Salleto-no-combate-aos-atingidos-pelas-enchentes.jpg","type":"image\/jpeg"}],"author":"Carlos Roberto Sodr\u00e9","twitter_card":"summary_large_image","twitter_misc":{"Escrito por":"Carlos Roberto Sodr\u00e9","Est. tempo de leitura":"6 minutos"},"schema":{"@context":"https:\/\/schema.org","@graph":[{"@type":"Article","@id":"https:\/\/ubanews.com\/site\/2026\/03\/11\/intersind-criterios-de-distribuicao-dos-moveis-para-as-familias-atingidas-pela-enchente-em-uba\/#article","isPartOf":{"@id":"https:\/\/ubanews.com\/site\/2026\/03\/11\/intersind-criterios-de-distribuicao-dos-moveis-para-as-familias-atingidas-pela-enchente-em-uba\/"},"author":{"name":"Carlos Roberto Sodr\u00e9","@id":"https:\/\/ubanews.com\/site\/#\/schema\/person\/9d8da9ec3c8d00640ab6e8c81e103310"},"headline":"Intersind &#8211; Crit\u00e9rios de Distribui\u00e7\u00e3o dos M\u00f3veis para as Fam\u00edlias Atingidas pela Enchente em Ub\u00e1","datePublished":"2026-03-11T11:58:47+00:00","dateModified":"2026-03-11T11:58:54+00:00","mainEntityOfPage":{"@id":"https:\/\/ubanews.com\/site\/2026\/03\/11\/intersind-criterios-de-distribuicao-dos-moveis-para-as-familias-atingidas-pela-enchente-em-uba\/"},"wordCount":1182,"commentCount":0,"publisher":{"@id":"https:\/\/ubanews.com\/site\/#organization"},"image":{"@id":"https:\/\/ubanews.com\/site\/2026\/03\/11\/intersind-criterios-de-distribuicao-dos-moveis-para-as-familias-atingidas-pela-enchente-em-uba\/#primaryimage"},"thumbnailUrl":"https:\/\/ubanews.com\/site\/wp-content\/uploads\/2026\/03\/Fala-Sodre-Coletiva-Intersind-com-o-Presidente-Gilberto-Teixeira-da-Salleto-no-combate-aos-atingidos-pelas-enchentes.jpg","keywords":["A\u00e7\u00e3oSocial","CarlosRobertoSodr\u00e9","Doa\u00e7\u00e3oQueTransforma","Enchentes2026","For\u00e7aDeUb\u00e1","GilbertoSalleto","Indicca","Ind\u00fastriaSolid\u00e1ria","Intersind","JuntosPorUb\u00e1","LaisaSodr\u00e9","PedroHenriques","PoloMoveleiro","ReconstruirUb\u00e1","SetorMoveleiro","Solidariedade","Transpar\u00eanciaSocial","Ub\u00e1Unida"],"articleSection":["DESTAQUE PRINCIPAL","Geral","Slide"],"inLanguage":"pt-BR","potentialAction":[{"@type":"CommentAction","name":"Comment","target":["https:\/\/ubanews.com\/site\/2026\/03\/11\/intersind-criterios-de-distribuicao-dos-moveis-para-as-familias-atingidas-pela-enchente-em-uba\/#respond"]}]},{"@type":"WebPage","@id":"https:\/\/ubanews.com\/site\/2026\/03\/11\/intersind-criterios-de-distribuicao-dos-moveis-para-as-familias-atingidas-pela-enchente-em-uba\/","url":"https:\/\/ubanews.com\/site\/2026\/03\/11\/intersind-criterios-de-distribuicao-dos-moveis-para-as-familias-atingidas-pela-enchente-em-uba\/","name":"Intersind - Crit\u00e9rios de Distribui\u00e7\u00e3o dos M\u00f3veis para as Fam\u00edlias Atingidas pela Enchente em Ub\u00e1 - Ub\u00e1 News","isPartOf":{"@id":"https:\/\/ubanews.com\/site\/#website"},"primaryImageOfPage":{"@id":"https:\/\/ubanews.com\/site\/2026\/03\/11\/intersind-criterios-de-distribuicao-dos-moveis-para-as-familias-atingidas-pela-enchente-em-uba\/#primaryimage"},"image":{"@id":"https:\/\/ubanews.com\/site\/2026\/03\/11\/intersind-criterios-de-distribuicao-dos-moveis-para-as-familias-atingidas-pela-enchente-em-uba\/#primaryimage"},"thumbnailUrl":"https:\/\/ubanews.com\/site\/wp-content\/uploads\/2026\/03\/Fala-Sodre-Coletiva-Intersind-com-o-Presidente-Gilberto-Teixeira-da-Salleto-no-combate-aos-atingidos-pelas-enchentes.jpg","datePublished":"2026-03-11T11:58:47+00:00","dateModified":"2026-03-11T11:58:54+00:00","description":"Intersind - Crit\u00e9rios de Distribui\u00e7\u00e3o dos M\u00f3veis para as Fam\u00edlias Atingidas pela Enchente em Ub\u00e1: Entenda Como o Polo Moveleiro Est\u00e1 Reconstruindo Esperan\u00e7as","breadcrumb":{"@id":"https:\/\/ubanews.com\/site\/2026\/03\/11\/intersind-criterios-de-distribuicao-dos-moveis-para-as-familias-atingidas-pela-enchente-em-uba\/#breadcrumb"},"inLanguage":"pt-BR","potentialAction":[{"@type":"ReadAction","target":["https:\/\/ubanews.com\/site\/2026\/03\/11\/intersind-criterios-de-distribuicao-dos-moveis-para-as-familias-atingidas-pela-enchente-em-uba\/"]}]},{"@type":"ImageObject","inLanguage":"pt-BR","@id":"https:\/\/ubanews.com\/site\/2026\/03\/11\/intersind-criterios-de-distribuicao-dos-moveis-para-as-familias-atingidas-pela-enchente-em-uba\/#primaryimage","url":"https:\/\/ubanews.com\/site\/wp-content\/uploads\/2026\/03\/Fala-Sodre-Coletiva-Intersind-com-o-Presidente-Gilberto-Teixeira-da-Salleto-no-combate-aos-atingidos-pelas-enchentes.jpg","contentUrl":"https:\/\/ubanews.com\/site\/wp-content\/uploads\/2026\/03\/Fala-Sodre-Coletiva-Intersind-com-o-Presidente-Gilberto-Teixeira-da-Salleto-no-combate-aos-atingidos-pelas-enchentes.jpg","width":1045,"height":583},{"@type":"BreadcrumbList","@id":"https:\/\/ubanews.com\/site\/2026\/03\/11\/intersind-criterios-de-distribuicao-dos-moveis-para-as-familias-atingidas-pela-enchente-em-uba\/#breadcrumb","itemListElement":[{"@type":"ListItem","position":1,"name":"Home","item":"https:\/\/ubanews.com\/site\/"},{"@type":"ListItem","position":2,"name":"Intersind &#8211; Crit\u00e9rios de Distribui\u00e7\u00e3o dos M\u00f3veis para as Fam\u00edlias Atingidas pela Enchente em Ub\u00e1"}]},{"@type":"WebSite","@id":"https:\/\/ubanews.com\/site\/#website","url":"https:\/\/ubanews.com\/site\/","name":"Ub\u00e1 News","description":"","publisher":{"@id":"https:\/\/ubanews.com\/site\/#organization"},"potentialAction":[{"@type":"SearchAction","target":{"@type":"EntryPoint","urlTemplate":"https:\/\/ubanews.com\/site\/?s={search_term_string}"},"query-input":{"@type":"PropertyValueSpecification","valueRequired":true,"valueName":"search_term_string"}}],"inLanguage":"pt-BR"},{"@type":"Organization","@id":"https:\/\/ubanews.com\/site\/#organization","name":"Ub\u00e1 News","url":"https:\/\/ubanews.com\/site\/","logo":{"@type":"ImageObject","inLanguage":"pt-BR","@id":"https:\/\/ubanews.com\/site\/#\/schema\/logo\/image\/","url":"https:\/\/ubanews.com\/site\/wp-content\/uploads\/2018\/01\/logoubanews.png","contentUrl":"https:\/\/ubanews.com\/site\/wp-content\/uploads\/2018\/01\/logoubanews.png","width":261,"height":99,"caption":"Ub\u00e1 News"},"image":{"@id":"https:\/\/ubanews.com\/site\/#\/schema\/logo\/image\/"},"sameAs":["https:\/\/www.facebook.com\/Ub\u00e1News-Carlos-Roberto-Sodr\u00e9-418778301977370"]},{"@type":"Person","@id":"https:\/\/ubanews.com\/site\/#\/schema\/person\/9d8da9ec3c8d00640ab6e8c81e103310","name":"Carlos Roberto Sodr\u00e9","image":{"@type":"ImageObject","inLanguage":"pt-BR","@id":"https:\/\/secure.gravatar.com\/avatar\/aab322e8555b56c468614fafdab8a8f924e394cdc6cfd8232f77e9e4d123a133?s=96&d=mm&r=g","url":"https:\/\/secure.gravatar.com\/avatar\/aab322e8555b56c468614fafdab8a8f924e394cdc6cfd8232f77e9e4d123a133?s=96&d=mm&r=g","contentUrl":"https:\/\/secure.gravatar.com\/avatar\/aab322e8555b56c468614fafdab8a8f924e394cdc6cfd8232f77e9e4d123a133?s=96&d=mm&r=g","caption":"Carlos Roberto Sodr\u00e9"},"url":"https:\/\/ubanews.com\/site\/author\/sodre\/"}]}},"_links":{"self":[{"href":"https:\/\/ubanews.com\/site\/wp-json\/wp\/v2\/posts\/24218","targetHints":{"allow":["GET"]}}],"collection":[{"href":"https:\/\/ubanews.com\/site\/wp-json\/wp\/v2\/posts"}],"about":[{"href":"https:\/\/ubanews.com\/site\/wp-json\/wp\/v2\/types\/post"}],"author":[{"embeddable":true,"href":"https:\/\/ubanews.com\/site\/wp-json\/wp\/v2\/users\/4"}],"replies":[{"embeddable":true,"href":"https:\/\/ubanews.com\/site\/wp-json\/wp\/v2\/comments?post=24218"}],"version-history":[{"count":0,"href":"https:\/\/ubanews.com\/site\/wp-json\/wp\/v2\/posts\/24218\/revisions"}],"wp:featuredmedia":[{"embeddable":true,"href":"https:\/\/ubanews.com\/site\/wp-json\/wp\/v2\/media\/24219"}],"wp:attachment":[{"href":"https:\/\/ubanews.com\/site\/wp-json\/wp\/v2\/media?parent=24218"}],"wp:term":[{"taxonomy":"category","embeddable":true,"href":"https:\/\/ubanews.com\/site\/wp-json\/wp\/v2\/categories?post=24218"},{"taxonomy":"post_tag","embeddable":true,"href":"https:\/\/ubanews.com\/site\/wp-json\/wp\/v2\/tags?post=24218"}],"curies":[{"name":"wp","href":"https:\/\/api.w.org\/{rel}","templated":true}]}}