{"id":24210,"date":"2026-03-10T13:59:23","date_gmt":"2026-03-10T16:59:23","guid":{"rendered":"https:\/\/ubanews.com\/site\/?p=24210"},"modified":"2026-03-10T13:59:41","modified_gmt":"2026-03-10T16:59:41","slug":"reconstruir-uba-mobilizacao-politicas-publicas-e-esperanca-apos-a-enchente-historica","status":"publish","type":"post","link":"https:\/\/ubanews.com\/site\/2026\/03\/10\/reconstruir-uba-mobilizacao-politicas-publicas-e-esperanca-apos-a-enchente-historica\/","title":{"rendered":"Reconstruir Ub\u00e1: mobiliza\u00e7\u00e3o, pol\u00edticas p\u00fablicas e esperan\u00e7a ap\u00f3s a enchente hist\u00f3rica"},"content":{"rendered":"\n<p><strong>Reconstruir Ub\u00e1: mobiliza\u00e7\u00e3o, pol\u00edticas p\u00fablicas e esperan\u00e7a ap\u00f3s a enchente hist\u00f3rica<\/strong>. A enchente que atingiu Ub\u00e1 deixou marcas profundas. As ruas alagadas, os bairros destru\u00eddos e os com\u00e9rcios fechados evidenciam o tamanho do impacto vivido pela popula\u00e7\u00e3o. A cada esquina, fam\u00edlias contam perdas emocionais e materiais. A cidade sente o peso do que aconteceu, mas tamb\u00e9m revela a for\u00e7a de quem decide levantar e recome\u00e7ar.<\/p>\n\n\n\n<h2 class=\"wp-block-heading\"><strong>Reconstruir Ub\u00e1: mobiliza\u00e7\u00e3o, pol\u00edticas p\u00fablicas e esperan\u00e7a ap\u00f3s a enchente hist\u00f3rica<\/strong><\/h2>\n\n\n\n<p>Neste cen\u00e1rio, a mobiliza\u00e7\u00e3o pol\u00edtica e institucional ganhou ritmo. Prefeito, ministros, deputados, representantes da sociedade civil e lideran\u00e7as empresariais se reuniram para acelerar solu\u00e7\u00f5es emergenciais e estrat\u00e9gicas. O objetivo \u00e9 simples e urgente: <strong>reconstruir Ub\u00e1 sem deixar ningu\u00e9m para tr\u00e1s<\/strong>.<\/p>\n\n\n\n<p>O registro produzido pelo Portal Ub\u00e1 News, com reportagem de <strong>Carlos Roberto Sodr\u00e9<\/strong>, imagens de <strong>Laisa Sodr\u00e9<\/strong> e <strong>gera\u00e7\u00e3o de conte\u00fado de Pedro Henriques (INDICCA.COM)<\/strong>, mostra a dimens\u00e3o desse momento decisivo.<\/p>\n\n\n\n<p>A seguir, apresento um relato estruturado e otimizado para leitura, SEO e compartilhamento.<\/p>\n\n\n\n<h2 class=\"wp-block-heading\"><strong>A cidade tenta se reerguer enquanto contabiliza perdas<\/strong><\/h2>\n\n\n\n<p>Logo ap\u00f3s a trag\u00e9dia, empresas, fam\u00edlias e profissionais come\u00e7aram a relatar danos. Muitos empreendedores perderam m\u00e1quinas, estoques e equipamentos. Moradores viram m\u00f3veis, documentos e mem\u00f3rias familiares arrastados pela for\u00e7a da \u00e1gua.<\/p>\n\n\n\n<figure class=\"wp-block-image size-large\"><img decoding=\"async\" width=\"1024\" height=\"571\" data-src=\"https:\/\/ubanews.com\/site\/wp-content\/uploads\/2026\/03\/Ministro-Rui-Costa-concedeu-entrevista-coletiva-no-Salao-Azul-da-PMU-1024x571.jpg\" alt=\"\" class=\"wp-image-24211 lazyload\" data-srcset=\"https:\/\/ubanews.com\/site\/wp-content\/uploads\/2026\/03\/Ministro-Rui-Costa-concedeu-entrevista-coletiva-no-Salao-Azul-da-PMU-1024x571.jpg 1024w, https:\/\/ubanews.com\/site\/wp-content\/uploads\/2026\/03\/Ministro-Rui-Costa-concedeu-entrevista-coletiva-no-Salao-Azul-da-PMU-300x167.jpg 300w, https:\/\/ubanews.com\/site\/wp-content\/uploads\/2026\/03\/Ministro-Rui-Costa-concedeu-entrevista-coletiva-no-Salao-Azul-da-PMU-768x429.jpg 768w, https:\/\/ubanews.com\/site\/wp-content\/uploads\/2026\/03\/Ministro-Rui-Costa-concedeu-entrevista-coletiva-no-Salao-Azul-da-PMU-360x200.jpg 360w, https:\/\/ubanews.com\/site\/wp-content\/uploads\/2026\/03\/Ministro-Rui-Costa-concedeu-entrevista-coletiva-no-Salao-Azul-da-PMU.jpg 1043w\" data-sizes=\"(max-width: 1024px) 100vw, 1024px\" src=\"data:image\/svg+xml;base64,PHN2ZyB3aWR0aD0iMSIgaGVpZ2h0PSIxIiB4bWxucz0iaHR0cDovL3d3dy53My5vcmcvMjAwMC9zdmciPjwvc3ZnPg==\" style=\"--smush-placeholder-width: 1024px; --smush-placeholder-aspect-ratio: 1024\/571;\" \/><\/figure>\n\n\n\n<p>Ainda assim, Ub\u00e1 revela resili\u00eancia. Como disse o Prefeito <strong>Jos\u00e9 Damato<\/strong>:<\/p>\n\n\n\n<blockquote class=\"wp-block-quote is-layout-flow wp-block-quote-is-layout-flow\">\n<p>\u201cNossa cidade precisa de capacidade de resistir. Temos esperan\u00e7a de dias melhores. A for\u00e7a da nossa gente transforma.\u201d<\/p>\n<\/blockquote>\n\n\n\n<p>A sensa\u00e7\u00e3o geral mistura tristeza e determina\u00e7\u00e3o. A popula\u00e7\u00e3o pede respostas r\u00e1pidas e eficientes. A administra\u00e7\u00e3o p\u00fablica afirma que trabalha em ritmo acelerado para atender essa demanda.<\/p>\n\n\n\n<figure class=\"wp-block-image size-large\"><img decoding=\"async\" width=\"1024\" height=\"572\" data-src=\"https:\/\/ubanews.com\/site\/wp-content\/uploads\/2026\/03\/Ministro-Rui-Costa-concedeu-entrevista-coletiva-no-Salao-Azul-da-PMU-v-1024x572.jpg\" alt=\"\" class=\"wp-image-24212 lazyload\" data-srcset=\"https:\/\/ubanews.com\/site\/wp-content\/uploads\/2026\/03\/Ministro-Rui-Costa-concedeu-entrevista-coletiva-no-Salao-Azul-da-PMU-v-1024x572.jpg 1024w, https:\/\/ubanews.com\/site\/wp-content\/uploads\/2026\/03\/Ministro-Rui-Costa-concedeu-entrevista-coletiva-no-Salao-Azul-da-PMU-v-300x167.jpg 300w, https:\/\/ubanews.com\/site\/wp-content\/uploads\/2026\/03\/Ministro-Rui-Costa-concedeu-entrevista-coletiva-no-Salao-Azul-da-PMU-v-768x429.jpg 768w, https:\/\/ubanews.com\/site\/wp-content\/uploads\/2026\/03\/Ministro-Rui-Costa-concedeu-entrevista-coletiva-no-Salao-Azul-da-PMU-v-360x200.jpg 360w, https:\/\/ubanews.com\/site\/wp-content\/uploads\/2026\/03\/Ministro-Rui-Costa-concedeu-entrevista-coletiva-no-Salao-Azul-da-PMU-v.jpg 1041w\" data-sizes=\"(max-width: 1024px) 100vw, 1024px\" src=\"data:image\/svg+xml;base64,PHN2ZyB3aWR0aD0iMSIgaGVpZ2h0PSIxIiB4bWxucz0iaHR0cDovL3d3dy53My5vcmcvMjAwMC9zdmciPjwvc3ZnPg==\" style=\"--smush-placeholder-width: 1024px; --smush-placeholder-aspect-ratio: 1024\/572;\" \/><\/figure>\n\n\n\n<h2 class=\"wp-block-heading\"><strong>A a\u00e7\u00e3o emergencial do Governo Federal<\/strong><\/h2>\n\n\n\n<p>Durante a cobertura, o Ministro <strong>Rui Costa<\/strong> detalhou as primeiras medidas para atender as v\u00edtimas. Logo no in\u00edcio de sua fala, ele refor\u00e7ou:<\/p>\n\n\n\n<blockquote class=\"wp-block-quote is-layout-flow wp-block-quote-is-layout-flow\">\n<p>\u201cA primeira etapa \u00e9 salvar vidas, acolher e abrigar as pessoas.\u201d<\/p>\n<\/blockquote>\n\n\n\n<p>A partir da\u00ed, ele apresentou a\u00e7\u00f5es imediatas e estruturais:<\/p>\n\n\n\n<h3 class=\"wp-block-heading\"><strong>Cadastro para compra assistida de moradia<\/strong><\/h3>\n\n\n\n<p>Segundo o ministro, quem perdeu a casa poder\u00e1 acessar um programa de compra assistida:<\/p>\n\n\n\n<blockquote class=\"wp-block-quote is-layout-flow wp-block-quote-is-layout-flow\">\n<p>\u201cA Caixa Econ\u00f4mica j\u00e1 abriu o cadastro. A equipe vai visitar cada fam\u00edlia. Precisamos que as pessoas se cadastrem.\u201d<\/p>\n<\/blockquote>\n\n\n\n<p>O governo prioriza fam\u00edlias que perderam totalmente suas resid\u00eancias, seja por alagamento, seja por deslizamentos.<\/p>\n\n\n\n<h3 class=\"wp-block-heading\"><strong>Aux\u00edlio para reposi\u00e7\u00e3o de bens<\/strong><\/h3>\n\n\n\n<p>O ministro explicou que haver\u00e1 apoio financeiro direto para reposi\u00e7\u00e3o de itens perdidos:<\/p>\n\n\n\n<blockquote class=\"wp-block-quote is-layout-flow wp-block-quote-is-layout-flow\">\n<p>\u201cAs pessoas precisam retomar suas vidas. Vamos garantir essa possibilidade.\u201d<\/p>\n<\/blockquote>\n\n\n\n<h3 class=\"wp-block-heading\"><strong>Linha de cr\u00e9dito especial para empresas<\/strong><\/h3>\n\n\n\n<p>O ministro ainda afirmou que haver\u00e1 cr\u00e9dito subsidiado:<\/p>\n\n\n\n<blockquote class=\"wp-block-quote is-layout-flow wp-block-quote-is-layout-flow\">\n<p>\u201cAs condi\u00e7\u00f5es ser\u00e3o melhores que qualquer linha dispon\u00edvel no mercado.\u201d<\/p>\n<\/blockquote>\n\n\n\n<p>As medidas incluem car\u00eancia, juros reduzidos e facilidades para renegocia\u00e7\u00e3o de d\u00edvidas.<\/p>\n\n\n\n<figure class=\"wp-block-image size-large\"><img decoding=\"async\" width=\"1024\" height=\"571\" data-src=\"https:\/\/ubanews.com\/site\/wp-content\/uploads\/2026\/03\/Fala-Sodre-com-Ex-Presidente-Aciuba-e-Atual-Diretor-Silber-Silveira-1024x571.jpg\" alt=\"\" class=\"wp-image-24213 lazyload\" data-srcset=\"https:\/\/ubanews.com\/site\/wp-content\/uploads\/2026\/03\/Fala-Sodre-com-Ex-Presidente-Aciuba-e-Atual-Diretor-Silber-Silveira-1024x571.jpg 1024w, https:\/\/ubanews.com\/site\/wp-content\/uploads\/2026\/03\/Fala-Sodre-com-Ex-Presidente-Aciuba-e-Atual-Diretor-Silber-Silveira-300x167.jpg 300w, https:\/\/ubanews.com\/site\/wp-content\/uploads\/2026\/03\/Fala-Sodre-com-Ex-Presidente-Aciuba-e-Atual-Diretor-Silber-Silveira-768x428.jpg 768w, https:\/\/ubanews.com\/site\/wp-content\/uploads\/2026\/03\/Fala-Sodre-com-Ex-Presidente-Aciuba-e-Atual-Diretor-Silber-Silveira-360x200.jpg 360w, https:\/\/ubanews.com\/site\/wp-content\/uploads\/2026\/03\/Fala-Sodre-com-Ex-Presidente-Aciuba-e-Atual-Diretor-Silber-Silveira.jpg 1046w\" data-sizes=\"(max-width: 1024px) 100vw, 1024px\" src=\"data:image\/svg+xml;base64,PHN2ZyB3aWR0aD0iMSIgaGVpZ2h0PSIxIiB4bWxucz0iaHR0cDovL3d3dy53My5vcmcvMjAwMC9zdmciPjwvc3ZnPg==\" style=\"--smush-placeholder-width: 1024px; --smush-placeholder-aspect-ratio: 1024\/571;\" \/><\/figure>\n\n\n\n<h2 class=\"wp-block-heading\"><strong>Apoio financeiro ao setor produtivo e prote\u00e7\u00e3o ao emprego<\/strong><\/h2>\n\n\n\n<p>O com\u00e9rcio de Ub\u00e1 sofreu de maneira extrema. Mais de 900 empresas foram impactadas. Segundo o Diretor da ACIUB\u00c1, <strong>Silber Silveira<\/strong>, o cen\u00e1rio preocupa:<\/p>\n\n\n\n<blockquote class=\"wp-block-quote is-layout-flow wp-block-quote-is-layout-flow\">\n<p>\u201cO com\u00e9rcio precisa de ajuda urgente. Muitas lojas fecharam. Funcion\u00e1rios est\u00e3o parados. A economia s\u00f3 volta a girar com cr\u00e9dito r\u00e1pido e acess\u00edvel.\u201d<\/p>\n<\/blockquote>\n\n\n\n<p>O ministro tamb\u00e9m destacou que o Governo Federal vai garantir pagamento de trabalhadores registrados em empresas impedidas de funcionar. Essa medida reduz demiss\u00f5es e oferece seguran\u00e7a para empres\u00e1rios e funcion\u00e1rios.<\/p>\n\n\n\n<p>Silber refor\u00e7ou:<\/p>\n\n\n\n<blockquote class=\"wp-block-quote is-layout-flow wp-block-quote-is-layout-flow\">\n<p>\u201cPrecisamos de uma linha coletiva que atenda todos. \u00c9 hora de reativar nossa economia.\u201d<\/p>\n<\/blockquote>\n\n\n\n<h2 class=\"wp-block-heading\"><strong>As obras estruturais para impedir novas trag\u00e9dias<\/strong><\/h2>\n\n\n\n<p>Al\u00e9m das medidas emergenciais, h\u00e1 preocupa\u00e7\u00e3o com o futuro.<\/p>\n\n\n\n<p>O Ministro Rui Costa destacou problemas hist\u00f3ricos:<\/p>\n\n\n\n<blockquote class=\"wp-block-quote is-layout-flow wp-block-quote-is-layout-flow\">\n<p>\u201cMuitas cidades constru\u00edram casas e com\u00e9rcios sobre \u00e1reas de amortecimento dos rios. A natureza pede espa\u00e7o e reage.\u201d<\/p>\n<\/blockquote>\n\n\n\n<p>Por isso, o governo incluiu Ub\u00e1 em novos estudos e interven\u00e7\u00f5es de preven\u00e7\u00e3o.<\/p>\n\n\n\n<h3 class=\"wp-block-heading\"><strong>Projetos previstos:<\/strong><\/h3>\n\n\n\n<ul class=\"wp-block-list\">\n<li>amplia\u00e7\u00e3o da calha do rio;<\/li>\n\n\n\n<li>novas obras de drenagem;<\/li>\n\n\n\n<li>cria\u00e7\u00e3o de \u00e1reas de amortecimento;<\/li>\n\n\n\n<li>constru\u00e7\u00e3o de uma barragem de conten\u00e7\u00e3o.<\/li>\n<\/ul>\n\n\n\n<p>O ministro afirmou:<\/p>\n\n\n\n<blockquote class=\"wp-block-quote is-layout-flow wp-block-quote-is-layout-flow\">\n<p>\u201cUma barragem leva tempo, mas precisamos come\u00e7ar. O projeto j\u00e1 est\u00e1 dentro do PAC.\u201d<\/p>\n<\/blockquote>\n\n\n\n<p>Segundo ele, o prazo estimado de constru\u00e7\u00e3o varia entre dois e tr\u00eas anos.<\/p>\n\n\n\n<figure class=\"wp-block-image size-large\"><img decoding=\"async\" width=\"1024\" height=\"575\" data-src=\"https:\/\/ubanews.com\/site\/wp-content\/uploads\/2026\/03\/Fala-Sodre-Dep-Federal-Reginaldo-Lopes-1024x575.jpg\" alt=\"\" class=\"wp-image-24214 lazyload\" data-srcset=\"https:\/\/ubanews.com\/site\/wp-content\/uploads\/2026\/03\/Fala-Sodre-Dep-Federal-Reginaldo-Lopes-1024x575.jpg 1024w, https:\/\/ubanews.com\/site\/wp-content\/uploads\/2026\/03\/Fala-Sodre-Dep-Federal-Reginaldo-Lopes-300x169.jpg 300w, https:\/\/ubanews.com\/site\/wp-content\/uploads\/2026\/03\/Fala-Sodre-Dep-Federal-Reginaldo-Lopes-768x432.jpg 768w, https:\/\/ubanews.com\/site\/wp-content\/uploads\/2026\/03\/Fala-Sodre-Dep-Federal-Reginaldo-Lopes.jpg 1041w\" data-sizes=\"(max-width: 1024px) 100vw, 1024px\" src=\"data:image\/svg+xml;base64,PHN2ZyB3aWR0aD0iMSIgaGVpZ2h0PSIxIiB4bWxucz0iaHR0cDovL3d3dy53My5vcmcvMjAwMC9zdmciPjwvc3ZnPg==\" style=\"--smush-placeholder-width: 1024px; --smush-placeholder-aspect-ratio: 1024\/575;\" \/><\/figure>\n\n\n\n<h2 class=\"wp-block-heading\"><strong>A fala do Deputado Federal Reginaldo Lopes<\/strong><\/h2>\n\n\n\n<p>O deputado enfatizou que Ub\u00e1 \u00e9 o segundo maior polo moveleiro do pa\u00eds e merece aten\u00e7\u00e3o especial:<\/p>\n\n\n\n<blockquote class=\"wp-block-quote is-layout-flow wp-block-quote-is-layout-flow\">\n<p>\u201cUb\u00e1 exporta, gera empregos e oportunidades. Vamos reconstruir a cidade para ela continuar crescendo.\u201d<\/p>\n<\/blockquote>\n\n\n\n<p>Ele lembrou a articula\u00e7\u00e3o para liberar cerca de <strong>R$ 500 milh\u00f5es para o setor empresarial e comercial<\/strong>. Al\u00e9m disso, destacou o empenho para financiar obras preventivas e garantir seguran\u00e7a futura.<\/p>\n\n\n\n<h2 class=\"wp-block-heading\"><strong>ACIUB\u00c1 participa ativamente das solu\u00e7\u00f5es<\/strong><\/h2>\n\n\n\n<p>Durante a entrevista, o Diretor <strong>Silber Silveira<\/strong> refor\u00e7ou a uni\u00e3o entre poder p\u00fablico, setor empresarial e sociedade civil:<\/p>\n\n\n\n<blockquote class=\"wp-block-quote is-layout-flow wp-block-quote-is-layout-flow\">\n<p>\u201c\u00c9 hora de pensar a cidade de forma global. N\u00e3o d\u00e1 mais para remendar erros. Precisamos de um novo planejamento.\u201d<\/p>\n<\/blockquote>\n\n\n\n<p>Ele destacou que empresas de engenharia renomadas j\u00e1 colaboram com diagn\u00f3sticos profissionais. A reestrutura\u00e7\u00e3o urbana ganha base t\u00e9cnica, o que aumenta a seguran\u00e7a das interven\u00e7\u00f5es.<\/p>\n\n\n\n<p>Silber finalizou com esperan\u00e7a:<\/p>\n\n\n\n<blockquote class=\"wp-block-quote is-layout-flow wp-block-quote-is-layout-flow\">\n<p>\u201c\u00c9 triste, mas temos capacidade de reconstru\u00e7\u00e3o. Ub\u00e1 vai voltar mais forte.\u201d<\/p>\n<\/blockquote>\n\n\n\n<h2 class=\"wp-block-heading\"><strong>O papel do jornalismo e da comunica\u00e7\u00e3o na reconstru\u00e7\u00e3o<\/strong><\/h2>\n\n\n\n<p>A reportagem de Carlos Roberto Sodr\u00e9, com imagens de Laisa Sodr\u00e9 e suporte de conte\u00fado da INDICCA.COM, registra um momento crucial. A comunica\u00e7\u00e3o cumpre papel essencial para:<\/p>\n\n\n\n<ul class=\"wp-block-list\">\n<li>informar a popula\u00e7\u00e3o;<\/li>\n\n\n\n<li>orientar sobre cadastros e benef\u00edcios;<\/li>\n\n\n\n<li>cobrar transpar\u00eancia;<\/li>\n\n\n\n<li>documentar as perdas;<\/li>\n\n\n\n<li>fortalecer o esp\u00edrito de solidariedade.<\/li>\n<\/ul>\n\n\n\n<p>Registrar fatos com clareza ajuda a comunidade a se organizar. Al\u00e9m disso, gera mem\u00f3ria coletiva para que erros n\u00e3o se repitam.<\/p>\n\n\n\n<h2 class=\"wp-block-heading\"><strong>A import\u00e2ncia da uni\u00e3o de for\u00e7as<\/strong><\/h2>\n\n\n\n<p>Cada fala registrada refor\u00e7a que Ub\u00e1 enfrenta o maior desafio de sua hist\u00f3ria recente. Entretanto, a uni\u00e3o entre governo federal, prefeitura, empres\u00e1rios, associa\u00e7\u00f5es e popula\u00e7\u00e3o abre novas possibilidades.<\/p>\n\n\n\n<p>Enquanto isso, as fam\u00edlias buscam recome\u00e7ar. Os comerciantes tentam reorganizar seus neg\u00f3cios. As autoridades aceleram processos emergenciais. As entidades acompanham e cobram.<\/p>\n\n\n\n<p>O sentimento compartilhado \u00e9 claro: <strong>a reconstru\u00e7\u00e3o precisa acontecer de forma justa, eficiente e planejada<\/strong>.<\/p>\n\n\n\n<h2 class=\"wp-block-heading\"><strong>Conclus\u00e3o: Ub\u00e1 se levanta com coragem e esperan\u00e7a<\/strong><\/h2>\n\n\n\n<p>Ub\u00e1 vive dor, mas tamb\u00e9m vive movimento. A velocidade das a\u00e7\u00f5es mostra compromisso. A presen\u00e7a constante das lideran\u00e7as aponta caminhos. O esfor\u00e7o conjunto indica que a cidade n\u00e3o est\u00e1 sozinha.<\/p>\n\n\n\n<p>A reconstru\u00e7\u00e3o j\u00e1 come\u00e7ou. Os pr\u00f3ximos meses definir\u00e3o o futuro. E, pela mobiliza\u00e7\u00e3o vista at\u00e9 agora, Ub\u00e1 tem condi\u00e7\u00f5es de se reerguer com dignidade, seguran\u00e7a e desenvolvimento sustent\u00e1vel.<\/p>\n\n\n\n<p>A cidade se levanta porque sua gente n\u00e3o desiste.<\/p>\n\n\n\n<figure class=\"wp-block-embed is-type-video is-provider-youtube wp-block-embed-youtube wp-embed-aspect-16-9 wp-has-aspect-ratio\"><div class=\"wp-block-embed__wrapper\">\n<iframe title=\"Fala Sodr\u00e9: Ministro Rui Costa concedeu entrevista coletiva no Sal\u00e3o Azul da PMU - 09\/03\/2026\" width=\"840\" height=\"473\" data-src=\"https:\/\/www.youtube.com\/embed\/RVI8xYp-A-4?feature=oembed\" frameborder=\"0\" allow=\"accelerometer; autoplay; clipboard-write; encrypted-media; gyroscope; picture-in-picture; web-share\" referrerpolicy=\"strict-origin-when-cross-origin\" allowfullscreen src=\"data:image\/svg+xml;base64,PHN2ZyB3aWR0aD0iMSIgaGVpZ2h0PSIxIiB4bWxucz0iaHR0cDovL3d3dy53My5vcmcvMjAwMC9zdmciPjwvc3ZnPg==\" class=\"lazyload\" data-load-mode=\"1\"><\/iframe>\n<\/div><\/figure>\n\n\n\n<h2 class=\"wp-block-heading\"><strong>Hashtags <\/strong><\/h2>\n\n\n\n<p>#ReconstruirUb\u00e1<br>#For\u00e7aUb\u00e1<br>#Ub\u00e1Unida<br>#Solidariedade<br>#DesenvolvimentoUrbano<br>#Aciub\u00e1<br>#SetorMoveleiro<br>#EconomiaCriativa<br>#ReerguerUb\u00e1<br>#Ub\u00e1News<br>#Indica\u00e7\u00e3oDigital<br>#Indicca<br>#JuntosPorUb\u00e1<br>#Enchente2026<br>#Gest\u00e3oP\u00fablica<br>#EconomiaLocal<\/p>\n\n\n\n<h3 class=\"wp-block-heading\">Veja Tamb\u00e9m neste conte\u00fado da Enchente <\/h3>\n\n\n\n<figure class=\"wp-block-embed is-type-wp-embed is-provider-ub-news wp-block-embed-ub-news\"><div class=\"wp-block-embed__wrapper\">\n<blockquote class=\"wp-embedded-content\" data-secret=\"1y8opX8CHB\"><a href=\"https:\/\/ubanews.com\/site\/2026\/03\/06\/reconstruir-uba-quando-a-forca-de-uma-cidade-vence-a-forca-da-agua\/\">Reconstruir Ub\u00e1 \u2014 quando a for\u00e7a de uma cidade vence a for\u00e7a da \u00e1gua<\/a><\/blockquote><iframe class=\"wp-embedded-content lazyload\" sandbox=\"allow-scripts\" security=\"restricted\" style=\"position: absolute; visibility: hidden;\" title=\"&#8220;Reconstruir Ub\u00e1 \u2014 quando a for\u00e7a de uma cidade vence a for\u00e7a da \u00e1gua&#8221; &#8212; Ub\u00e1 News\" data-src=\"https:\/\/ubanews.com\/site\/2026\/03\/06\/reconstruir-uba-quando-a-forca-de-uma-cidade-vence-a-forca-da-agua\/embed\/#?secret=F5MxGqaqSo#?secret=1y8opX8CHB\" data-secret=\"1y8opX8CHB\" width=\"600\" height=\"338\" frameborder=\"0\" marginwidth=\"0\" marginheight=\"0\" scrolling=\"no\" src=\"data:image\/svg+xml;base64,PHN2ZyB3aWR0aD0iMSIgaGVpZ2h0PSIxIiB4bWxucz0iaHR0cDovL3d3dy53My5vcmcvMjAwMC9zdmciPjwvc3ZnPg==\" data-load-mode=\"1\"><\/iframe>\n<\/div><\/figure>\n\n\n\n<figure class=\"wp-block-embed is-type-wp-embed is-provider-ub-news wp-block-embed-ub-news\"><div class=\"wp-block-embed__wrapper\">\n<blockquote class=\"wp-embedded-content\" data-secret=\"iQLO4vf73o\"><a href=\"https:\/\/ubanews.com\/site\/2026\/03\/06\/fala-sodre-edna-a-sobrevivente\/\">Fala Sodr\u00e9: Edna, a Sobrevivente<\/a><\/blockquote><iframe class=\"wp-embedded-content lazyload\" sandbox=\"allow-scripts\" security=\"restricted\" style=\"position: absolute; visibility: hidden;\" title=\"&#8220;Fala Sodr\u00e9: Edna, a Sobrevivente&#8221; &#8212; Ub\u00e1 News\" data-src=\"https:\/\/ubanews.com\/site\/2026\/03\/06\/fala-sodre-edna-a-sobrevivente\/embed\/#?secret=Iwj4inCAte#?secret=iQLO4vf73o\" data-secret=\"iQLO4vf73o\" width=\"600\" height=\"338\" frameborder=\"0\" marginwidth=\"0\" marginheight=\"0\" scrolling=\"no\" src=\"data:image\/svg+xml;base64,PHN2ZyB3aWR0aD0iMSIgaGVpZ2h0PSIxIiB4bWxucz0iaHR0cDovL3d3dy53My5vcmcvMjAwMC9zdmciPjwvc3ZnPg==\" data-load-mode=\"1\"><\/iframe>\n<\/div><\/figure>\n\n\n\n<figure class=\"wp-block-embed is-type-wp-embed is-provider-ub-news wp-block-embed-ub-news\"><div class=\"wp-block-embed__wrapper\">\n<blockquote class=\"wp-embedded-content\" data-secret=\"Ep82FZTlqU\"><a href=\"https:\/\/ubanews.com\/site\/2026\/03\/09\/uba-se-reerguendo-domingo-de-trabalho-uniao-e-inspiracao-no-subsolo-do-vieirao\/\">UB\u00c1 SE REERGUENDO: Domingo de Trabalho, Uni\u00e3o e Inspira\u00e7\u00e3o no Subsolo do Vieir\u00e3o<\/a><\/blockquote><iframe class=\"wp-embedded-content lazyload\" sandbox=\"allow-scripts\" security=\"restricted\" style=\"position: absolute; visibility: hidden;\" title=\"&#8220;UB\u00c1 SE REERGUENDO: Domingo de Trabalho, Uni\u00e3o e Inspira\u00e7\u00e3o no Subsolo do Vieir\u00e3o&#8221; &#8212; Ub\u00e1 News\" data-src=\"https:\/\/ubanews.com\/site\/2026\/03\/09\/uba-se-reerguendo-domingo-de-trabalho-uniao-e-inspiracao-no-subsolo-do-vieirao\/embed\/#?secret=w6ANkxpRYj#?secret=Ep82FZTlqU\" data-secret=\"Ep82FZTlqU\" width=\"600\" height=\"338\" frameborder=\"0\" marginwidth=\"0\" marginheight=\"0\" scrolling=\"no\" src=\"data:image\/svg+xml;base64,PHN2ZyB3aWR0aD0iMSIgaGVpZ2h0PSIxIiB4bWxucz0iaHR0cDovL3d3dy53My5vcmcvMjAwMC9zdmciPjwvc3ZnPg==\" data-load-mode=\"1\"><\/iframe>\n<\/div><\/figure>\n","protected":false},"excerpt":{"rendered":"<p>A enchente em Ub\u00e1 provocou grandes perdas e mobilizou autoridades para acelerar solu\u00e7\u00f5es urgentes e estruturais. O Prefeito Jos\u00e9 Damato, o Ministro Rui Costa, o Deputado Reginaldo Lopes e o Diretor da ACIUB\u00c1, Silber Silveira, detalharam a\u00e7\u00f5es para reconstru\u00e7\u00e3o, apoio \u00e0s fam\u00edlias, cr\u00e9dito para empresas e obras preventivas. O registro \u00e9 do Portal Ub\u00e1 News, com reportagem de Carlos Sodr\u00e9, imagens de Laisa Sodr\u00e9 e conte\u00fado da INDICCA.<\/p>\n","protected":false},"author":4,"featured_media":24212,"comment_status":"open","ping_status":"open","sticky":false,"template":"","format":"standard","meta":{"footnotes":""},"categories":[45,1,3],"tags":[],"class_list":["post-24210","post","type-post","status-publish","format-standard","has-post-thumbnail","hentry","category-destaque-principal","category-sem-categoria","category-slide"],"yoast_head":"<!-- This site is optimized with the Yoast SEO plugin v27.2 - https:\/\/yoast.com\/product\/yoast-seo-wordpress\/ -->\n<title>Reconstruir Ub\u00e1: mobiliza\u00e7\u00e3o, pol\u00edticas p\u00fablicas e esperan\u00e7a ap\u00f3s a enchente hist\u00f3rica - Ub\u00e1 News<\/title>\n<meta name=\"description\" content=\"Reconstruir Ub\u00e1: mobiliza\u00e7\u00e3o, pol\u00edticas p\u00fablicas e esperan\u00e7a ap\u00f3s a enchente hist\u00f3rica\" \/>\n<meta name=\"robots\" content=\"index, follow, max-snippet:-1, max-image-preview:large, max-video-preview:-1\" \/>\n<link rel=\"canonical\" href=\"https:\/\/ubanews.com\/site\/2026\/03\/10\/reconstruir-uba-mobilizacao-politicas-publicas-e-esperanca-apos-a-enchente-historica\/\" \/>\n<meta property=\"og:locale\" content=\"pt_BR\" \/>\n<meta property=\"og:type\" content=\"article\" \/>\n<meta property=\"og:title\" content=\"Reconstruir Ub\u00e1: mobiliza\u00e7\u00e3o, pol\u00edticas p\u00fablicas e esperan\u00e7a ap\u00f3s a enchente hist\u00f3rica - Ub\u00e1 News\" \/>\n<meta property=\"og:description\" content=\"Reconstruir Ub\u00e1: mobiliza\u00e7\u00e3o, pol\u00edticas p\u00fablicas e esperan\u00e7a ap\u00f3s a enchente hist\u00f3rica\" \/>\n<meta property=\"og:url\" content=\"https:\/\/ubanews.com\/site\/2026\/03\/10\/reconstruir-uba-mobilizacao-politicas-publicas-e-esperanca-apos-a-enchente-historica\/\" \/>\n<meta property=\"og:site_name\" content=\"Ub\u00e1 News\" \/>\n<meta property=\"article:publisher\" content=\"https:\/\/www.facebook.com\/Ub%c3%a1News-Carlos-Roberto-Sodr%c3%a9-418778301977370\" \/>\n<meta property=\"article:published_time\" content=\"2026-03-10T16:59:23+00:00\" \/>\n<meta property=\"article:modified_time\" content=\"2026-03-10T16:59:41+00:00\" \/>\n<meta property=\"og:image\" content=\"https:\/\/ubanews.com\/site\/wp-content\/uploads\/2026\/03\/Ministro-Rui-Costa-concedeu-entrevista-coletiva-no-Salao-Azul-da-PMU-v.jpg\" \/>\n\t<meta property=\"og:image:width\" content=\"1041\" \/>\n\t<meta property=\"og:image:height\" content=\"581\" \/>\n\t<meta property=\"og:image:type\" content=\"image\/jpeg\" \/>\n<meta name=\"author\" content=\"Carlos Roberto Sodr\u00e9\" \/>\n<meta name=\"twitter:card\" content=\"summary_large_image\" \/>\n<meta name=\"twitter:label1\" content=\"Escrito por\" \/>\n\t<meta name=\"twitter:data1\" content=\"Carlos Roberto Sodr\u00e9\" \/>\n\t<meta name=\"twitter:label2\" content=\"Est. tempo de leitura\" \/>\n\t<meta name=\"twitter:data2\" content=\"6 minutos\" \/>\n<script type=\"application\/ld+json\" class=\"yoast-schema-graph\">{\"@context\":\"https:\/\/schema.org\",\"@graph\":[{\"@type\":\"Article\",\"@id\":\"https:\/\/ubanews.com\/site\/2026\/03\/10\/reconstruir-uba-mobilizacao-politicas-publicas-e-esperanca-apos-a-enchente-historica\/#article\",\"isPartOf\":{\"@id\":\"https:\/\/ubanews.com\/site\/2026\/03\/10\/reconstruir-uba-mobilizacao-politicas-publicas-e-esperanca-apos-a-enchente-historica\/\"},\"author\":{\"name\":\"Carlos Roberto Sodr\u00e9\",\"@id\":\"https:\/\/ubanews.com\/site\/#\/schema\/person\/9d8da9ec3c8d00640ab6e8c81e103310\"},\"headline\":\"Reconstruir Ub\u00e1: mobiliza\u00e7\u00e3o, pol\u00edticas p\u00fablicas e esperan\u00e7a ap\u00f3s a enchente hist\u00f3rica\",\"datePublished\":\"2026-03-10T16:59:23+00:00\",\"dateModified\":\"2026-03-10T16:59:41+00:00\",\"mainEntityOfPage\":{\"@id\":\"https:\/\/ubanews.com\/site\/2026\/03\/10\/reconstruir-uba-mobilizacao-politicas-publicas-e-esperanca-apos-a-enchente-historica\/\"},\"wordCount\":1226,\"commentCount\":0,\"publisher\":{\"@id\":\"https:\/\/ubanews.com\/site\/#organization\"},\"image\":{\"@id\":\"https:\/\/ubanews.com\/site\/2026\/03\/10\/reconstruir-uba-mobilizacao-politicas-publicas-e-esperanca-apos-a-enchente-historica\/#primaryimage\"},\"thumbnailUrl\":\"https:\/\/ubanews.com\/site\/wp-content\/uploads\/2026\/03\/Ministro-Rui-Costa-concedeu-entrevista-coletiva-no-Salao-Azul-da-PMU-v.jpg\",\"articleSection\":[\"DESTAQUE PRINCIPAL\",\"Geral\",\"Slide\"],\"inLanguage\":\"pt-BR\",\"potentialAction\":[{\"@type\":\"CommentAction\",\"name\":\"Comment\",\"target\":[\"https:\/\/ubanews.com\/site\/2026\/03\/10\/reconstruir-uba-mobilizacao-politicas-publicas-e-esperanca-apos-a-enchente-historica\/#respond\"]}]},{\"@type\":\"WebPage\",\"@id\":\"https:\/\/ubanews.com\/site\/2026\/03\/10\/reconstruir-uba-mobilizacao-politicas-publicas-e-esperanca-apos-a-enchente-historica\/\",\"url\":\"https:\/\/ubanews.com\/site\/2026\/03\/10\/reconstruir-uba-mobilizacao-politicas-publicas-e-esperanca-apos-a-enchente-historica\/\",\"name\":\"Reconstruir Ub\u00e1: mobiliza\u00e7\u00e3o, pol\u00edticas p\u00fablicas e esperan\u00e7a ap\u00f3s a enchente hist\u00f3rica - Ub\u00e1 News\",\"isPartOf\":{\"@id\":\"https:\/\/ubanews.com\/site\/#website\"},\"primaryImageOfPage\":{\"@id\":\"https:\/\/ubanews.com\/site\/2026\/03\/10\/reconstruir-uba-mobilizacao-politicas-publicas-e-esperanca-apos-a-enchente-historica\/#primaryimage\"},\"image\":{\"@id\":\"https:\/\/ubanews.com\/site\/2026\/03\/10\/reconstruir-uba-mobilizacao-politicas-publicas-e-esperanca-apos-a-enchente-historica\/#primaryimage\"},\"thumbnailUrl\":\"https:\/\/ubanews.com\/site\/wp-content\/uploads\/2026\/03\/Ministro-Rui-Costa-concedeu-entrevista-coletiva-no-Salao-Azul-da-PMU-v.jpg\",\"datePublished\":\"2026-03-10T16:59:23+00:00\",\"dateModified\":\"2026-03-10T16:59:41+00:00\",\"description\":\"Reconstruir Ub\u00e1: mobiliza\u00e7\u00e3o, pol\u00edticas p\u00fablicas e esperan\u00e7a ap\u00f3s a enchente hist\u00f3rica\",\"breadcrumb\":{\"@id\":\"https:\/\/ubanews.com\/site\/2026\/03\/10\/reconstruir-uba-mobilizacao-politicas-publicas-e-esperanca-apos-a-enchente-historica\/#breadcrumb\"},\"inLanguage\":\"pt-BR\",\"potentialAction\":[{\"@type\":\"ReadAction\",\"target\":[\"https:\/\/ubanews.com\/site\/2026\/03\/10\/reconstruir-uba-mobilizacao-politicas-publicas-e-esperanca-apos-a-enchente-historica\/\"]}]},{\"@type\":\"ImageObject\",\"inLanguage\":\"pt-BR\",\"@id\":\"https:\/\/ubanews.com\/site\/2026\/03\/10\/reconstruir-uba-mobilizacao-politicas-publicas-e-esperanca-apos-a-enchente-historica\/#primaryimage\",\"url\":\"https:\/\/ubanews.com\/site\/wp-content\/uploads\/2026\/03\/Ministro-Rui-Costa-concedeu-entrevista-coletiva-no-Salao-Azul-da-PMU-v.jpg\",\"contentUrl\":\"https:\/\/ubanews.com\/site\/wp-content\/uploads\/2026\/03\/Ministro-Rui-Costa-concedeu-entrevista-coletiva-no-Salao-Azul-da-PMU-v.jpg\",\"width\":1041,\"height\":581,\"caption\":\"Ministro Rui Costa concedeu entrevista coletiva no Sal\u00e3o Azul da PMU\"},{\"@type\":\"BreadcrumbList\",\"@id\":\"https:\/\/ubanews.com\/site\/2026\/03\/10\/reconstruir-uba-mobilizacao-politicas-publicas-e-esperanca-apos-a-enchente-historica\/#breadcrumb\",\"itemListElement\":[{\"@type\":\"ListItem\",\"position\":1,\"name\":\"Home\",\"item\":\"https:\/\/ubanews.com\/site\/\"},{\"@type\":\"ListItem\",\"position\":2,\"name\":\"Reconstruir Ub\u00e1: mobiliza\u00e7\u00e3o, pol\u00edticas p\u00fablicas e esperan\u00e7a ap\u00f3s a enchente hist\u00f3rica\"}]},{\"@type\":\"WebSite\",\"@id\":\"https:\/\/ubanews.com\/site\/#website\",\"url\":\"https:\/\/ubanews.com\/site\/\",\"name\":\"Ub\u00e1 News\",\"description\":\"\",\"publisher\":{\"@id\":\"https:\/\/ubanews.com\/site\/#organization\"},\"potentialAction\":[{\"@type\":\"SearchAction\",\"target\":{\"@type\":\"EntryPoint\",\"urlTemplate\":\"https:\/\/ubanews.com\/site\/?s={search_term_string}\"},\"query-input\":{\"@type\":\"PropertyValueSpecification\",\"valueRequired\":true,\"valueName\":\"search_term_string\"}}],\"inLanguage\":\"pt-BR\"},{\"@type\":\"Organization\",\"@id\":\"https:\/\/ubanews.com\/site\/#organization\",\"name\":\"Ub\u00e1 News\",\"url\":\"https:\/\/ubanews.com\/site\/\",\"logo\":{\"@type\":\"ImageObject\",\"inLanguage\":\"pt-BR\",\"@id\":\"https:\/\/ubanews.com\/site\/#\/schema\/logo\/image\/\",\"url\":\"https:\/\/ubanews.com\/site\/wp-content\/uploads\/2018\/01\/logoubanews.png\",\"contentUrl\":\"https:\/\/ubanews.com\/site\/wp-content\/uploads\/2018\/01\/logoubanews.png\",\"width\":261,\"height\":99,\"caption\":\"Ub\u00e1 News\"},\"image\":{\"@id\":\"https:\/\/ubanews.com\/site\/#\/schema\/logo\/image\/\"},\"sameAs\":[\"https:\/\/www.facebook.com\/Ub\u00e1News-Carlos-Roberto-Sodr\u00e9-418778301977370\"]},{\"@type\":\"Person\",\"@id\":\"https:\/\/ubanews.com\/site\/#\/schema\/person\/9d8da9ec3c8d00640ab6e8c81e103310\",\"name\":\"Carlos Roberto Sodr\u00e9\",\"image\":{\"@type\":\"ImageObject\",\"inLanguage\":\"pt-BR\",\"@id\":\"https:\/\/secure.gravatar.com\/avatar\/aab322e8555b56c468614fafdab8a8f924e394cdc6cfd8232f77e9e4d123a133?s=96&d=mm&r=g\",\"url\":\"https:\/\/secure.gravatar.com\/avatar\/aab322e8555b56c468614fafdab8a8f924e394cdc6cfd8232f77e9e4d123a133?s=96&d=mm&r=g\",\"contentUrl\":\"https:\/\/secure.gravatar.com\/avatar\/aab322e8555b56c468614fafdab8a8f924e394cdc6cfd8232f77e9e4d123a133?s=96&d=mm&r=g\",\"caption\":\"Carlos Roberto Sodr\u00e9\"},\"url\":\"https:\/\/ubanews.com\/site\/author\/sodre\/\"}]}<\/script>\n<!-- \/ Yoast SEO plugin. -->","yoast_head_json":{"title":"Reconstruir Ub\u00e1: mobiliza\u00e7\u00e3o, pol\u00edticas p\u00fablicas e esperan\u00e7a ap\u00f3s a enchente hist\u00f3rica - Ub\u00e1 News","description":"Reconstruir Ub\u00e1: mobiliza\u00e7\u00e3o, pol\u00edticas p\u00fablicas e esperan\u00e7a ap\u00f3s a enchente hist\u00f3rica","robots":{"index":"index","follow":"follow","max-snippet":"max-snippet:-1","max-image-preview":"max-image-preview:large","max-video-preview":"max-video-preview:-1"},"canonical":"https:\/\/ubanews.com\/site\/2026\/03\/10\/reconstruir-uba-mobilizacao-politicas-publicas-e-esperanca-apos-a-enchente-historica\/","og_locale":"pt_BR","og_type":"article","og_title":"Reconstruir Ub\u00e1: mobiliza\u00e7\u00e3o, pol\u00edticas p\u00fablicas e esperan\u00e7a ap\u00f3s a enchente hist\u00f3rica - Ub\u00e1 News","og_description":"Reconstruir Ub\u00e1: mobiliza\u00e7\u00e3o, pol\u00edticas p\u00fablicas e esperan\u00e7a ap\u00f3s a enchente hist\u00f3rica","og_url":"https:\/\/ubanews.com\/site\/2026\/03\/10\/reconstruir-uba-mobilizacao-politicas-publicas-e-esperanca-apos-a-enchente-historica\/","og_site_name":"Ub\u00e1 News","article_publisher":"https:\/\/www.facebook.com\/Ub%c3%a1News-Carlos-Roberto-Sodr%c3%a9-418778301977370","article_published_time":"2026-03-10T16:59:23+00:00","article_modified_time":"2026-03-10T16:59:41+00:00","og_image":[{"width":1041,"height":581,"url":"https:\/\/ubanews.com\/site\/wp-content\/uploads\/2026\/03\/Ministro-Rui-Costa-concedeu-entrevista-coletiva-no-Salao-Azul-da-PMU-v.jpg","type":"image\/jpeg"}],"author":"Carlos Roberto Sodr\u00e9","twitter_card":"summary_large_image","twitter_misc":{"Escrito por":"Carlos Roberto Sodr\u00e9","Est. tempo de leitura":"6 minutos"},"schema":{"@context":"https:\/\/schema.org","@graph":[{"@type":"Article","@id":"https:\/\/ubanews.com\/site\/2026\/03\/10\/reconstruir-uba-mobilizacao-politicas-publicas-e-esperanca-apos-a-enchente-historica\/#article","isPartOf":{"@id":"https:\/\/ubanews.com\/site\/2026\/03\/10\/reconstruir-uba-mobilizacao-politicas-publicas-e-esperanca-apos-a-enchente-historica\/"},"author":{"name":"Carlos Roberto Sodr\u00e9","@id":"https:\/\/ubanews.com\/site\/#\/schema\/person\/9d8da9ec3c8d00640ab6e8c81e103310"},"headline":"Reconstruir Ub\u00e1: mobiliza\u00e7\u00e3o, pol\u00edticas p\u00fablicas e esperan\u00e7a ap\u00f3s a enchente hist\u00f3rica","datePublished":"2026-03-10T16:59:23+00:00","dateModified":"2026-03-10T16:59:41+00:00","mainEntityOfPage":{"@id":"https:\/\/ubanews.com\/site\/2026\/03\/10\/reconstruir-uba-mobilizacao-politicas-publicas-e-esperanca-apos-a-enchente-historica\/"},"wordCount":1226,"commentCount":0,"publisher":{"@id":"https:\/\/ubanews.com\/site\/#organization"},"image":{"@id":"https:\/\/ubanews.com\/site\/2026\/03\/10\/reconstruir-uba-mobilizacao-politicas-publicas-e-esperanca-apos-a-enchente-historica\/#primaryimage"},"thumbnailUrl":"https:\/\/ubanews.com\/site\/wp-content\/uploads\/2026\/03\/Ministro-Rui-Costa-concedeu-entrevista-coletiva-no-Salao-Azul-da-PMU-v.jpg","articleSection":["DESTAQUE PRINCIPAL","Geral","Slide"],"inLanguage":"pt-BR","potentialAction":[{"@type":"CommentAction","name":"Comment","target":["https:\/\/ubanews.com\/site\/2026\/03\/10\/reconstruir-uba-mobilizacao-politicas-publicas-e-esperanca-apos-a-enchente-historica\/#respond"]}]},{"@type":"WebPage","@id":"https:\/\/ubanews.com\/site\/2026\/03\/10\/reconstruir-uba-mobilizacao-politicas-publicas-e-esperanca-apos-a-enchente-historica\/","url":"https:\/\/ubanews.com\/site\/2026\/03\/10\/reconstruir-uba-mobilizacao-politicas-publicas-e-esperanca-apos-a-enchente-historica\/","name":"Reconstruir Ub\u00e1: mobiliza\u00e7\u00e3o, pol\u00edticas p\u00fablicas e esperan\u00e7a ap\u00f3s a enchente hist\u00f3rica - Ub\u00e1 News","isPartOf":{"@id":"https:\/\/ubanews.com\/site\/#website"},"primaryImageOfPage":{"@id":"https:\/\/ubanews.com\/site\/2026\/03\/10\/reconstruir-uba-mobilizacao-politicas-publicas-e-esperanca-apos-a-enchente-historica\/#primaryimage"},"image":{"@id":"https:\/\/ubanews.com\/site\/2026\/03\/10\/reconstruir-uba-mobilizacao-politicas-publicas-e-esperanca-apos-a-enchente-historica\/#primaryimage"},"thumbnailUrl":"https:\/\/ubanews.com\/site\/wp-content\/uploads\/2026\/03\/Ministro-Rui-Costa-concedeu-entrevista-coletiva-no-Salao-Azul-da-PMU-v.jpg","datePublished":"2026-03-10T16:59:23+00:00","dateModified":"2026-03-10T16:59:41+00:00","description":"Reconstruir Ub\u00e1: mobiliza\u00e7\u00e3o, pol\u00edticas p\u00fablicas e esperan\u00e7a ap\u00f3s a enchente hist\u00f3rica","breadcrumb":{"@id":"https:\/\/ubanews.com\/site\/2026\/03\/10\/reconstruir-uba-mobilizacao-politicas-publicas-e-esperanca-apos-a-enchente-historica\/#breadcrumb"},"inLanguage":"pt-BR","potentialAction":[{"@type":"ReadAction","target":["https:\/\/ubanews.com\/site\/2026\/03\/10\/reconstruir-uba-mobilizacao-politicas-publicas-e-esperanca-apos-a-enchente-historica\/"]}]},{"@type":"ImageObject","inLanguage":"pt-BR","@id":"https:\/\/ubanews.com\/site\/2026\/03\/10\/reconstruir-uba-mobilizacao-politicas-publicas-e-esperanca-apos-a-enchente-historica\/#primaryimage","url":"https:\/\/ubanews.com\/site\/wp-content\/uploads\/2026\/03\/Ministro-Rui-Costa-concedeu-entrevista-coletiva-no-Salao-Azul-da-PMU-v.jpg","contentUrl":"https:\/\/ubanews.com\/site\/wp-content\/uploads\/2026\/03\/Ministro-Rui-Costa-concedeu-entrevista-coletiva-no-Salao-Azul-da-PMU-v.jpg","width":1041,"height":581,"caption":"Ministro Rui Costa concedeu entrevista coletiva no Sal\u00e3o Azul da PMU"},{"@type":"BreadcrumbList","@id":"https:\/\/ubanews.com\/site\/2026\/03\/10\/reconstruir-uba-mobilizacao-politicas-publicas-e-esperanca-apos-a-enchente-historica\/#breadcrumb","itemListElement":[{"@type":"ListItem","position":1,"name":"Home","item":"https:\/\/ubanews.com\/site\/"},{"@type":"ListItem","position":2,"name":"Reconstruir Ub\u00e1: mobiliza\u00e7\u00e3o, pol\u00edticas p\u00fablicas e esperan\u00e7a ap\u00f3s a enchente hist\u00f3rica"}]},{"@type":"WebSite","@id":"https:\/\/ubanews.com\/site\/#website","url":"https:\/\/ubanews.com\/site\/","name":"Ub\u00e1 News","description":"","publisher":{"@id":"https:\/\/ubanews.com\/site\/#organization"},"potentialAction":[{"@type":"SearchAction","target":{"@type":"EntryPoint","urlTemplate":"https:\/\/ubanews.com\/site\/?s={search_term_string}"},"query-input":{"@type":"PropertyValueSpecification","valueRequired":true,"valueName":"search_term_string"}}],"inLanguage":"pt-BR"},{"@type":"Organization","@id":"https:\/\/ubanews.com\/site\/#organization","name":"Ub\u00e1 News","url":"https:\/\/ubanews.com\/site\/","logo":{"@type":"ImageObject","inLanguage":"pt-BR","@id":"https:\/\/ubanews.com\/site\/#\/schema\/logo\/image\/","url":"https:\/\/ubanews.com\/site\/wp-content\/uploads\/2018\/01\/logoubanews.png","contentUrl":"https:\/\/ubanews.com\/site\/wp-content\/uploads\/2018\/01\/logoubanews.png","width":261,"height":99,"caption":"Ub\u00e1 News"},"image":{"@id":"https:\/\/ubanews.com\/site\/#\/schema\/logo\/image\/"},"sameAs":["https:\/\/www.facebook.com\/Ub\u00e1News-Carlos-Roberto-Sodr\u00e9-418778301977370"]},{"@type":"Person","@id":"https:\/\/ubanews.com\/site\/#\/schema\/person\/9d8da9ec3c8d00640ab6e8c81e103310","name":"Carlos Roberto Sodr\u00e9","image":{"@type":"ImageObject","inLanguage":"pt-BR","@id":"https:\/\/secure.gravatar.com\/avatar\/aab322e8555b56c468614fafdab8a8f924e394cdc6cfd8232f77e9e4d123a133?s=96&d=mm&r=g","url":"https:\/\/secure.gravatar.com\/avatar\/aab322e8555b56c468614fafdab8a8f924e394cdc6cfd8232f77e9e4d123a133?s=96&d=mm&r=g","contentUrl":"https:\/\/secure.gravatar.com\/avatar\/aab322e8555b56c468614fafdab8a8f924e394cdc6cfd8232f77e9e4d123a133?s=96&d=mm&r=g","caption":"Carlos Roberto Sodr\u00e9"},"url":"https:\/\/ubanews.com\/site\/author\/sodre\/"}]}},"_links":{"self":[{"href":"https:\/\/ubanews.com\/site\/wp-json\/wp\/v2\/posts\/24210","targetHints":{"allow":["GET"]}}],"collection":[{"href":"https:\/\/ubanews.com\/site\/wp-json\/wp\/v2\/posts"}],"about":[{"href":"https:\/\/ubanews.com\/site\/wp-json\/wp\/v2\/types\/post"}],"author":[{"embeddable":true,"href":"https:\/\/ubanews.com\/site\/wp-json\/wp\/v2\/users\/4"}],"replies":[{"embeddable":true,"href":"https:\/\/ubanews.com\/site\/wp-json\/wp\/v2\/comments?post=24210"}],"version-history":[{"count":0,"href":"https:\/\/ubanews.com\/site\/wp-json\/wp\/v2\/posts\/24210\/revisions"}],"wp:featuredmedia":[{"embeddable":true,"href":"https:\/\/ubanews.com\/site\/wp-json\/wp\/v2\/media\/24212"}],"wp:attachment":[{"href":"https:\/\/ubanews.com\/site\/wp-json\/wp\/v2\/media?parent=24210"}],"wp:term":[{"taxonomy":"category","embeddable":true,"href":"https:\/\/ubanews.com\/site\/wp-json\/wp\/v2\/categories?post=24210"},{"taxonomy":"post_tag","embeddable":true,"href":"https:\/\/ubanews.com\/site\/wp-json\/wp\/v2\/tags?post=24210"}],"curies":[{"name":"wp","href":"https:\/\/api.w.org\/{rel}","templated":true}]}}