{"id":24199,"date":"2026-03-10T11:43:29","date_gmt":"2026-03-10T14:43:29","guid":{"rendered":"https:\/\/ubanews.com\/site\/?p=24199"},"modified":"2026-03-10T11:43:33","modified_gmt":"2026-03-10T14:43:33","slug":"o-corpo-de-bombeiros-militar-de-minas-gerais-deu-continuidade-nesta-segunda-feira-09","status":"publish","type":"post","link":"https:\/\/ubanews.com\/site\/2026\/03\/10\/o-corpo-de-bombeiros-militar-de-minas-gerais-deu-continuidade-nesta-segunda-feira-09\/","title":{"rendered":"O Corpo de Bombeiros Militar de Minas Gerais deu continuidade, nesta segunda-feira (09)"},"content":{"rendered":"\n<p>Opera\u00e7\u00e3o Chuvas Intensas em Ub\u00e1<br>Ub\u00e1\/MG, 09 de mar\u00e7o de 2026.<\/p>\n\n\n\n<h2 class=\"wp-block-heading\">O Corpo de Bombeiros Militar de Minas Gerais deu continuidade, nesta segunda-feira (09), \u00e0s a\u00e7\u00f5es relacionadas \u00e0s fortes chuvas que atingiram o munic\u00edpio de Ub\u00e1.<\/h2>\n\n\n\n<figure class=\"wp-block-image size-large\"><img decoding=\"async\" width=\"1024\" height=\"768\" data-src=\"https:\/\/ubanews.com\/site\/wp-content\/uploads\/2026\/03\/O-Corpo-de-Bombeiros-Militar-de-Minas-Gerais-7-1024x768.jpeg\" alt=\"\" class=\"wp-image-24200 lazyload\" data-srcset=\"https:\/\/ubanews.com\/site\/wp-content\/uploads\/2026\/03\/O-Corpo-de-Bombeiros-Militar-de-Minas-Gerais-7-1024x768.jpeg 1024w, https:\/\/ubanews.com\/site\/wp-content\/uploads\/2026\/03\/O-Corpo-de-Bombeiros-Militar-de-Minas-Gerais-7-300x225.jpeg 300w, https:\/\/ubanews.com\/site\/wp-content\/uploads\/2026\/03\/O-Corpo-de-Bombeiros-Militar-de-Minas-Gerais-7-768x576.jpeg 768w, https:\/\/ubanews.com\/site\/wp-content\/uploads\/2026\/03\/O-Corpo-de-Bombeiros-Militar-de-Minas-Gerais-7.jpeg 1280w\" data-sizes=\"(max-width: 1024px) 100vw, 1024px\" src=\"data:image\/svg+xml;base64,PHN2ZyB3aWR0aD0iMSIgaGVpZ2h0PSIxIiB4bWxucz0iaHR0cDovL3d3dy53My5vcmcvMjAwMC9zdmciPjwvc3ZnPg==\" style=\"--smush-placeholder-width: 1024px; --smush-placeholder-aspect-ratio: 1024\/768;\" \/><\/figure>\n\n\n\n<figure class=\"wp-block-image size-large\"><img decoding=\"async\" width=\"1024\" height=\"771\" data-src=\"https:\/\/ubanews.com\/site\/wp-content\/uploads\/2026\/03\/O-Corpo-de-Bombeiros-Militar-de-Minas-Gerais-8-1024x771.jpeg\" alt=\"\" class=\"wp-image-24201 lazyload\" data-srcset=\"https:\/\/ubanews.com\/site\/wp-content\/uploads\/2026\/03\/O-Corpo-de-Bombeiros-Militar-de-Minas-Gerais-8-1024x771.jpeg 1024w, https:\/\/ubanews.com\/site\/wp-content\/uploads\/2026\/03\/O-Corpo-de-Bombeiros-Militar-de-Minas-Gerais-8-300x226.jpeg 300w, https:\/\/ubanews.com\/site\/wp-content\/uploads\/2026\/03\/O-Corpo-de-Bombeiros-Militar-de-Minas-Gerais-8-768x578.jpeg 768w, https:\/\/ubanews.com\/site\/wp-content\/uploads\/2026\/03\/O-Corpo-de-Bombeiros-Militar-de-Minas-Gerais-8-1536x1156.jpeg 1536w, https:\/\/ubanews.com\/site\/wp-content\/uploads\/2026\/03\/O-Corpo-de-Bombeiros-Militar-de-Minas-Gerais-8.jpeg 1600w\" data-sizes=\"(max-width: 1024px) 100vw, 1024px\" src=\"data:image\/svg+xml;base64,PHN2ZyB3aWR0aD0iMSIgaGVpZ2h0PSIxIiB4bWxucz0iaHR0cDovL3d3dy53My5vcmcvMjAwMC9zdmciPjwvc3ZnPg==\" style=\"--smush-placeholder-width: 1024px; --smush-placeholder-aspect-ratio: 1024\/771;\" \/><\/figure>\n\n\n\n<figure class=\"wp-block-image size-large\"><img decoding=\"async\" width=\"576\" height=\"1024\" data-src=\"https:\/\/ubanews.com\/site\/wp-content\/uploads\/2026\/03\/O-Corpo-de-Bombeiros-Militar-de-Minas-Gerais-1-576x1024.jpeg\" alt=\"\" class=\"wp-image-24202 lazyload\" data-srcset=\"https:\/\/ubanews.com\/site\/wp-content\/uploads\/2026\/03\/O-Corpo-de-Bombeiros-Militar-de-Minas-Gerais-1-576x1024.jpeg 576w, https:\/\/ubanews.com\/site\/wp-content\/uploads\/2026\/03\/O-Corpo-de-Bombeiros-Militar-de-Minas-Gerais-1-169x300.jpeg 169w, https:\/\/ubanews.com\/site\/wp-content\/uploads\/2026\/03\/O-Corpo-de-Bombeiros-Militar-de-Minas-Gerais-1-768x1366.jpeg 768w, https:\/\/ubanews.com\/site\/wp-content\/uploads\/2026\/03\/O-Corpo-de-Bombeiros-Militar-de-Minas-Gerais-1-864x1536.jpeg 864w, https:\/\/ubanews.com\/site\/wp-content\/uploads\/2026\/03\/O-Corpo-de-Bombeiros-Militar-de-Minas-Gerais-1.jpeg 899w\" data-sizes=\"(max-width: 576px) 100vw, 576px\" src=\"data:image\/svg+xml;base64,PHN2ZyB3aWR0aD0iMSIgaGVpZ2h0PSIxIiB4bWxucz0iaHR0cDovL3d3dy53My5vcmcvMjAwMC9zdmciPjwvc3ZnPg==\" style=\"--smush-placeholder-width: 576px; --smush-placeholder-aspect-ratio: 576\/1024;\" \/><\/figure>\n\n\n\n<figure class=\"wp-block-video\"><video height=\"816\" style=\"aspect-ratio: 368 \/ 816;\" width=\"368\" controls src=\"https:\/\/ubanews.com\/site\/wp-content\/uploads\/2026\/03\/O-Corpo-de-Bombeiros-Militar-de-Minas-Gerais-1.mp4\"><\/video><\/figure>\n\n\n\n<figure class=\"wp-block-image size-large\"><img decoding=\"async\" width=\"576\" height=\"1024\" data-src=\"https:\/\/ubanews.com\/site\/wp-content\/uploads\/2026\/03\/O-Corpo-de-Bombeiros-Militar-de-Minas-Gerais-2-576x1024.jpeg\" alt=\"\" class=\"wp-image-24204 lazyload\" data-srcset=\"https:\/\/ubanews.com\/site\/wp-content\/uploads\/2026\/03\/O-Corpo-de-Bombeiros-Militar-de-Minas-Gerais-2-576x1024.jpeg 576w, https:\/\/ubanews.com\/site\/wp-content\/uploads\/2026\/03\/O-Corpo-de-Bombeiros-Militar-de-Minas-Gerais-2-169x300.jpeg 169w, https:\/\/ubanews.com\/site\/wp-content\/uploads\/2026\/03\/O-Corpo-de-Bombeiros-Militar-de-Minas-Gerais-2-768x1366.jpeg 768w, https:\/\/ubanews.com\/site\/wp-content\/uploads\/2026\/03\/O-Corpo-de-Bombeiros-Militar-de-Minas-Gerais-2-864x1536.jpeg 864w, https:\/\/ubanews.com\/site\/wp-content\/uploads\/2026\/03\/O-Corpo-de-Bombeiros-Militar-de-Minas-Gerais-2.jpeg 899w\" data-sizes=\"(max-width: 576px) 100vw, 576px\" src=\"data:image\/svg+xml;base64,PHN2ZyB3aWR0aD0iMSIgaGVpZ2h0PSIxIiB4bWxucz0iaHR0cDovL3d3dy53My5vcmcvMjAwMC9zdmciPjwvc3ZnPg==\" style=\"--smush-placeholder-width: 576px; --smush-placeholder-aspect-ratio: 576\/1024;\" \/><\/figure>\n\n\n\n<figure class=\"wp-block-video\"><video height=\"850\" style=\"aspect-ratio: 478 \/ 850;\" width=\"478\" controls src=\"https:\/\/ubanews.com\/site\/wp-content\/uploads\/2026\/03\/O-Corpo-de-Bombeiros-Militar-de-Minas-Gerais-2.mp4\"><\/video><\/figure>\n\n\n\n<figure class=\"wp-block-image size-large\"><img decoding=\"async\" width=\"576\" height=\"1024\" data-src=\"https:\/\/ubanews.com\/site\/wp-content\/uploads\/2026\/03\/O-Corpo-de-Bombeiros-Militar-de-Minas-Gerais-3-576x1024.jpeg\" alt=\"\" class=\"wp-image-24206 lazyload\" data-srcset=\"https:\/\/ubanews.com\/site\/wp-content\/uploads\/2026\/03\/O-Corpo-de-Bombeiros-Militar-de-Minas-Gerais-3-576x1024.jpeg 576w, https:\/\/ubanews.com\/site\/wp-content\/uploads\/2026\/03\/O-Corpo-de-Bombeiros-Militar-de-Minas-Gerais-3-169x300.jpeg 169w, https:\/\/ubanews.com\/site\/wp-content\/uploads\/2026\/03\/O-Corpo-de-Bombeiros-Militar-de-Minas-Gerais-3.jpeg 720w\" data-sizes=\"(max-width: 576px) 100vw, 576px\" src=\"data:image\/svg+xml;base64,PHN2ZyB3aWR0aD0iMSIgaGVpZ2h0PSIxIiB4bWxucz0iaHR0cDovL3d3dy53My5vcmcvMjAwMC9zdmciPjwvc3ZnPg==\" style=\"--smush-placeholder-width: 576px; --smush-placeholder-aspect-ratio: 576\/1024;\" \/><\/figure>\n\n\n\n<figure class=\"wp-block-image size-large\"><img decoding=\"async\" width=\"576\" height=\"1024\" data-src=\"https:\/\/ubanews.com\/site\/wp-content\/uploads\/2026\/03\/O-Corpo-de-Bombeiros-Militar-de-Minas-Gerais-4-576x1024.jpeg\" alt=\"\" class=\"wp-image-24207 lazyload\" data-srcset=\"https:\/\/ubanews.com\/site\/wp-content\/uploads\/2026\/03\/O-Corpo-de-Bombeiros-Militar-de-Minas-Gerais-4-576x1024.jpeg 576w, https:\/\/ubanews.com\/site\/wp-content\/uploads\/2026\/03\/O-Corpo-de-Bombeiros-Militar-de-Minas-Gerais-4-169x300.jpeg 169w, https:\/\/ubanews.com\/site\/wp-content\/uploads\/2026\/03\/O-Corpo-de-Bombeiros-Militar-de-Minas-Gerais-4-768x1366.jpeg 768w, https:\/\/ubanews.com\/site\/wp-content\/uploads\/2026\/03\/O-Corpo-de-Bombeiros-Militar-de-Minas-Gerais-4-864x1536.jpeg 864w, https:\/\/ubanews.com\/site\/wp-content\/uploads\/2026\/03\/O-Corpo-de-Bombeiros-Militar-de-Minas-Gerais-4.jpeg 899w\" data-sizes=\"(max-width: 576px) 100vw, 576px\" src=\"data:image\/svg+xml;base64,PHN2ZyB3aWR0aD0iMSIgaGVpZ2h0PSIxIiB4bWxucz0iaHR0cDovL3d3dy53My5vcmcvMjAwMC9zdmciPjwvc3ZnPg==\" style=\"--smush-placeholder-width: 576px; --smush-placeholder-aspect-ratio: 576\/1024;\" \/><\/figure>\n\n\n\n<figure class=\"wp-block-image size-large\"><img decoding=\"async\" width=\"1024\" height=\"576\" data-src=\"https:\/\/ubanews.com\/site\/wp-content\/uploads\/2026\/03\/O-Corpo-de-Bombeiros-Militar-de-Minas-Gerais-5-1024x576.jpeg\" alt=\"\" class=\"wp-image-24208 lazyload\" data-srcset=\"https:\/\/ubanews.com\/site\/wp-content\/uploads\/2026\/03\/O-Corpo-de-Bombeiros-Militar-de-Minas-Gerais-5-1024x576.jpeg 1024w, https:\/\/ubanews.com\/site\/wp-content\/uploads\/2026\/03\/O-Corpo-de-Bombeiros-Militar-de-Minas-Gerais-5-300x169.jpeg 300w, https:\/\/ubanews.com\/site\/wp-content\/uploads\/2026\/03\/O-Corpo-de-Bombeiros-Militar-de-Minas-Gerais-5-768x432.jpeg 768w, https:\/\/ubanews.com\/site\/wp-content\/uploads\/2026\/03\/O-Corpo-de-Bombeiros-Militar-de-Minas-Gerais-5-1536x864.jpeg 1536w, https:\/\/ubanews.com\/site\/wp-content\/uploads\/2026\/03\/O-Corpo-de-Bombeiros-Militar-de-Minas-Gerais-5.jpeg 1599w\" data-sizes=\"(max-width: 1024px) 100vw, 1024px\" src=\"data:image\/svg+xml;base64,PHN2ZyB3aWR0aD0iMSIgaGVpZ2h0PSIxIiB4bWxucz0iaHR0cDovL3d3dy53My5vcmcvMjAwMC9zdmciPjwvc3ZnPg==\" style=\"--smush-placeholder-width: 1024px; --smush-placeholder-aspect-ratio: 1024\/576;\" \/><\/figure>\n\n\n\n<figure class=\"wp-block-image size-large\"><img decoding=\"async\" width=\"1024\" height=\"576\" data-src=\"https:\/\/ubanews.com\/site\/wp-content\/uploads\/2026\/03\/O-Corpo-de-Bombeiros-Militar-de-Minas-Gerais-6-1024x576.jpeg\" alt=\"\" class=\"wp-image-24209 lazyload\" data-srcset=\"https:\/\/ubanews.com\/site\/wp-content\/uploads\/2026\/03\/O-Corpo-de-Bombeiros-Militar-de-Minas-Gerais-6-1024x576.jpeg 1024w, https:\/\/ubanews.com\/site\/wp-content\/uploads\/2026\/03\/O-Corpo-de-Bombeiros-Militar-de-Minas-Gerais-6-300x169.jpeg 300w, https:\/\/ubanews.com\/site\/wp-content\/uploads\/2026\/03\/O-Corpo-de-Bombeiros-Militar-de-Minas-Gerais-6-768x432.jpeg 768w, https:\/\/ubanews.com\/site\/wp-content\/uploads\/2026\/03\/O-Corpo-de-Bombeiros-Militar-de-Minas-Gerais-6-1536x864.jpeg 1536w, https:\/\/ubanews.com\/site\/wp-content\/uploads\/2026\/03\/O-Corpo-de-Bombeiros-Militar-de-Minas-Gerais-6.jpeg 1599w\" data-sizes=\"(max-width: 1024px) 100vw, 1024px\" src=\"data:image\/svg+xml;base64,PHN2ZyB3aWR0aD0iMSIgaGVpZ2h0PSIxIiB4bWxucz0iaHR0cDovL3d3dy53My5vcmcvMjAwMC9zdmciPjwvc3ZnPg==\" style=\"--smush-placeholder-width: 1024px; --smush-placeholder-aspect-ratio: 1024\/576;\" \/><\/figure>\n\n\n\n<p>As equipes concentraram esfor\u00e7os na continuidade das buscas por Luciano, v\u00edtima que ainda se encontra desaparecida.<\/p>\n\n\n\n<p>Durante o dia, militares do CBMMG atuaram em pontos da \u00e1rea correspondente \u00e0 mancha de inunda\u00e7\u00e3o, utilizando t\u00e9cnicas espec\u00edficas de varredura, inclusive com o emprego de c\u00e3es de busca e drone.<\/p>\n\n\n\n<p>Nesta data, tamb\u00e9m foi retomado, nas a\u00e7\u00f5es de busca, o emprego de maquin\u00e1rios para a remo\u00e7\u00e3o de entulhos e materiais carreados pela enchente.<\/p>\n\n\n\n<p>Uma equipe tamb\u00e9m foi deslocada para a Avenida Cristiano Ro\u00e7as, onde atuou no aux\u00edlio \u00e0 remo\u00e7\u00e3o de escombros e estruturas colapsadas que estavam obstruindo a calha do rio, contribuindo para melhorar o escoamento das \u00e1guas e reduzir riscos \u00e0 popula\u00e7\u00e3o.<\/p>\n\n\n\n<p>At\u00e9 o momento, n\u00e3o houve \u00eaxito na localiza\u00e7\u00e3o de Luciano. As a\u00e7\u00f5es ter\u00e3o continuidade na manh\u00e3 seguinte.<\/p>\n\n\n\n<p>Bombeiro: o amigo certo nas horas incertas.<\/p>\n","protected":false},"excerpt":{"rendered":"<p>O Corpo de Bombeiros Militar de Minas Gerais deu continuidade, nesta segunda-feira (09), \u00e0s a\u00e7\u00f5es relacionadas \u00e0s fortes chuvas que atingiram o munic\u00edpio de Ub\u00e1.<\/p>\n","protected":false},"author":4,"featured_media":24194,"comment_status":"open","ping_status":"open","sticky":false,"template":"","format":"standard","meta":{"footnotes":""},"categories":[45,1,3],"tags":[65,560,59,188,222,107,73,67,60],"class_list":["post-24199","post","type-post","status-publish","format-standard","has-post-thumbnail","hentry","category-destaque-principal","category-sem-categoria","category-slide","tag-carlos-roberto-sodre","tag-corpodebombeiros","tag-fala-sodre","tag-fato-policial","tag-ocorrencia-policial","tag-policia-civil","tag-policia-militar","tag-sodre","tag-ubanews"],"yoast_head":"<!-- This site is optimized with the Yoast SEO plugin v27.2 - https:\/\/yoast.com\/product\/yoast-seo-wordpress\/ -->\n<title>O Corpo de Bombeiros Militar de Minas Gerais deu continuidade, nesta segunda-feira (09) - Ub\u00e1 News<\/title>\n<meta name=\"description\" content=\"O Corpo de Bombeiros Militar de Minas Gerais deu continuidade, nesta segunda-feira (09)\" \/>\n<meta name=\"robots\" content=\"index, follow, max-snippet:-1, max-image-preview:large, max-video-preview:-1\" \/>\n<link rel=\"canonical\" href=\"https:\/\/ubanews.com\/site\/2026\/03\/10\/o-corpo-de-bombeiros-militar-de-minas-gerais-deu-continuidade-nesta-segunda-feira-09\/\" \/>\n<meta property=\"og:locale\" content=\"pt_BR\" \/>\n<meta property=\"og:type\" content=\"article\" \/>\n<meta property=\"og:title\" content=\"O Corpo de Bombeiros Militar de Minas Gerais deu continuidade, nesta segunda-feira (09) - Ub\u00e1 News\" \/>\n<meta property=\"og:description\" content=\"O Corpo de Bombeiros Militar de Minas Gerais deu continuidade, nesta segunda-feira (09)\" \/>\n<meta property=\"og:url\" content=\"https:\/\/ubanews.com\/site\/2026\/03\/10\/o-corpo-de-bombeiros-militar-de-minas-gerais-deu-continuidade-nesta-segunda-feira-09\/\" \/>\n<meta property=\"og:site_name\" content=\"Ub\u00e1 News\" \/>\n<meta property=\"article:publisher\" content=\"https:\/\/www.facebook.com\/Ub%c3%a1News-Carlos-Roberto-Sodr%c3%a9-418778301977370\" \/>\n<meta property=\"article:published_time\" content=\"2026-03-10T14:43:29+00:00\" \/>\n<meta property=\"article:modified_time\" content=\"2026-03-10T14:43:33+00:00\" \/>\n<meta property=\"og:image\" content=\"https:\/\/ubanews.com\/site\/wp-content\/uploads\/2026\/03\/O-Corpo-de-Bombeiros-Militar-de-Minas-Gerais-informa-que-prosseguem-neste-sabado-07-1.jpg\" \/>\n\t<meta property=\"og:image:width\" content=\"1200\" \/>\n\t<meta property=\"og:image:height\" content=\"1600\" \/>\n\t<meta property=\"og:image:type\" content=\"image\/jpeg\" \/>\n<meta name=\"author\" content=\"Carlos Roberto Sodr\u00e9\" \/>\n<meta name=\"twitter:card\" content=\"summary_large_image\" \/>\n<meta name=\"twitter:label1\" content=\"Escrito por\" \/>\n\t<meta name=\"twitter:data1\" content=\"Carlos Roberto Sodr\u00e9\" \/>\n\t<meta name=\"twitter:label2\" content=\"Est. tempo de leitura\" \/>\n\t<meta name=\"twitter:data2\" content=\"3 minutos\" \/>\n<script type=\"application\/ld+json\" class=\"yoast-schema-graph\">{\"@context\":\"https:\/\/schema.org\",\"@graph\":[{\"@type\":\"Article\",\"@id\":\"https:\/\/ubanews.com\/site\/2026\/03\/10\/o-corpo-de-bombeiros-militar-de-minas-gerais-deu-continuidade-nesta-segunda-feira-09\/#article\",\"isPartOf\":{\"@id\":\"https:\/\/ubanews.com\/site\/2026\/03\/10\/o-corpo-de-bombeiros-militar-de-minas-gerais-deu-continuidade-nesta-segunda-feira-09\/\"},\"author\":{\"name\":\"Carlos Roberto Sodr\u00e9\",\"@id\":\"https:\/\/ubanews.com\/site\/#\/schema\/person\/9d8da9ec3c8d00640ab6e8c81e103310\"},\"headline\":\"O Corpo de Bombeiros Militar de Minas Gerais deu continuidade, nesta segunda-feira (09)\",\"datePublished\":\"2026-03-10T14:43:29+00:00\",\"dateModified\":\"2026-03-10T14:43:33+00:00\",\"mainEntityOfPage\":{\"@id\":\"https:\/\/ubanews.com\/site\/2026\/03\/10\/o-corpo-de-bombeiros-militar-de-minas-gerais-deu-continuidade-nesta-segunda-feira-09\/\"},\"wordCount\":200,\"commentCount\":0,\"publisher\":{\"@id\":\"https:\/\/ubanews.com\/site\/#organization\"},\"image\":{\"@id\":\"https:\/\/ubanews.com\/site\/2026\/03\/10\/o-corpo-de-bombeiros-militar-de-minas-gerais-deu-continuidade-nesta-segunda-feira-09\/#primaryimage\"},\"thumbnailUrl\":\"https:\/\/ubanews.com\/site\/wp-content\/uploads\/2026\/03\/O-Corpo-de-Bombeiros-Militar-de-Minas-Gerais-informa-que-prosseguem-neste-sabado-07-1.jpg\",\"keywords\":[\"Carlos Roberto Sodr\u00e9\",\"CorpoDeBombeiros\",\"Fala Sodr\u00e9\",\"Fato Policial\",\"Ocorr\u00eancia Policial\",\"Pol\u00edcia Civil\",\"Pol\u00edcia Militar\",\"Sodr\u00e9\",\"UBANEWS\"],\"articleSection\":[\"DESTAQUE PRINCIPAL\",\"Geral\",\"Slide\"],\"inLanguage\":\"pt-BR\",\"potentialAction\":[{\"@type\":\"CommentAction\",\"name\":\"Comment\",\"target\":[\"https:\/\/ubanews.com\/site\/2026\/03\/10\/o-corpo-de-bombeiros-militar-de-minas-gerais-deu-continuidade-nesta-segunda-feira-09\/#respond\"]}]},{\"@type\":\"WebPage\",\"@id\":\"https:\/\/ubanews.com\/site\/2026\/03\/10\/o-corpo-de-bombeiros-militar-de-minas-gerais-deu-continuidade-nesta-segunda-feira-09\/\",\"url\":\"https:\/\/ubanews.com\/site\/2026\/03\/10\/o-corpo-de-bombeiros-militar-de-minas-gerais-deu-continuidade-nesta-segunda-feira-09\/\",\"name\":\"O Corpo de Bombeiros Militar de Minas Gerais deu continuidade, nesta segunda-feira (09) - Ub\u00e1 News\",\"isPartOf\":{\"@id\":\"https:\/\/ubanews.com\/site\/#website\"},\"primaryImageOfPage\":{\"@id\":\"https:\/\/ubanews.com\/site\/2026\/03\/10\/o-corpo-de-bombeiros-militar-de-minas-gerais-deu-continuidade-nesta-segunda-feira-09\/#primaryimage\"},\"image\":{\"@id\":\"https:\/\/ubanews.com\/site\/2026\/03\/10\/o-corpo-de-bombeiros-militar-de-minas-gerais-deu-continuidade-nesta-segunda-feira-09\/#primaryimage\"},\"thumbnailUrl\":\"https:\/\/ubanews.com\/site\/wp-content\/uploads\/2026\/03\/O-Corpo-de-Bombeiros-Militar-de-Minas-Gerais-informa-que-prosseguem-neste-sabado-07-1.jpg\",\"datePublished\":\"2026-03-10T14:43:29+00:00\",\"dateModified\":\"2026-03-10T14:43:33+00:00\",\"description\":\"O Corpo de Bombeiros Militar de Minas Gerais deu continuidade, nesta segunda-feira (09)\",\"breadcrumb\":{\"@id\":\"https:\/\/ubanews.com\/site\/2026\/03\/10\/o-corpo-de-bombeiros-militar-de-minas-gerais-deu-continuidade-nesta-segunda-feira-09\/#breadcrumb\"},\"inLanguage\":\"pt-BR\",\"potentialAction\":[{\"@type\":\"ReadAction\",\"target\":[\"https:\/\/ubanews.com\/site\/2026\/03\/10\/o-corpo-de-bombeiros-militar-de-minas-gerais-deu-continuidade-nesta-segunda-feira-09\/\"]}]},{\"@type\":\"ImageObject\",\"inLanguage\":\"pt-BR\",\"@id\":\"https:\/\/ubanews.com\/site\/2026\/03\/10\/o-corpo-de-bombeiros-militar-de-minas-gerais-deu-continuidade-nesta-segunda-feira-09\/#primaryimage\",\"url\":\"https:\/\/ubanews.com\/site\/wp-content\/uploads\/2026\/03\/O-Corpo-de-Bombeiros-Militar-de-Minas-Gerais-informa-que-prosseguem-neste-sabado-07-1.jpg\",\"contentUrl\":\"https:\/\/ubanews.com\/site\/wp-content\/uploads\/2026\/03\/O-Corpo-de-Bombeiros-Militar-de-Minas-Gerais-informa-que-prosseguem-neste-sabado-07-1.jpg\",\"width\":1200,\"height\":1600},{\"@type\":\"BreadcrumbList\",\"@id\":\"https:\/\/ubanews.com\/site\/2026\/03\/10\/o-corpo-de-bombeiros-militar-de-minas-gerais-deu-continuidade-nesta-segunda-feira-09\/#breadcrumb\",\"itemListElement\":[{\"@type\":\"ListItem\",\"position\":1,\"name\":\"Home\",\"item\":\"https:\/\/ubanews.com\/site\/\"},{\"@type\":\"ListItem\",\"position\":2,\"name\":\"O Corpo de Bombeiros Militar de Minas Gerais deu continuidade, nesta segunda-feira (09)\"}]},{\"@type\":\"WebSite\",\"@id\":\"https:\/\/ubanews.com\/site\/#website\",\"url\":\"https:\/\/ubanews.com\/site\/\",\"name\":\"Ub\u00e1 News\",\"description\":\"\",\"publisher\":{\"@id\":\"https:\/\/ubanews.com\/site\/#organization\"},\"potentialAction\":[{\"@type\":\"SearchAction\",\"target\":{\"@type\":\"EntryPoint\",\"urlTemplate\":\"https:\/\/ubanews.com\/site\/?s={search_term_string}\"},\"query-input\":{\"@type\":\"PropertyValueSpecification\",\"valueRequired\":true,\"valueName\":\"search_term_string\"}}],\"inLanguage\":\"pt-BR\"},{\"@type\":\"Organization\",\"@id\":\"https:\/\/ubanews.com\/site\/#organization\",\"name\":\"Ub\u00e1 News\",\"url\":\"https:\/\/ubanews.com\/site\/\",\"logo\":{\"@type\":\"ImageObject\",\"inLanguage\":\"pt-BR\",\"@id\":\"https:\/\/ubanews.com\/site\/#\/schema\/logo\/image\/\",\"url\":\"https:\/\/ubanews.com\/site\/wp-content\/uploads\/2018\/01\/logoubanews.png\",\"contentUrl\":\"https:\/\/ubanews.com\/site\/wp-content\/uploads\/2018\/01\/logoubanews.png\",\"width\":261,\"height\":99,\"caption\":\"Ub\u00e1 News\"},\"image\":{\"@id\":\"https:\/\/ubanews.com\/site\/#\/schema\/logo\/image\/\"},\"sameAs\":[\"https:\/\/www.facebook.com\/Ub\u00e1News-Carlos-Roberto-Sodr\u00e9-418778301977370\"]},{\"@type\":\"Person\",\"@id\":\"https:\/\/ubanews.com\/site\/#\/schema\/person\/9d8da9ec3c8d00640ab6e8c81e103310\",\"name\":\"Carlos Roberto Sodr\u00e9\",\"image\":{\"@type\":\"ImageObject\",\"inLanguage\":\"pt-BR\",\"@id\":\"https:\/\/secure.gravatar.com\/avatar\/aab322e8555b56c468614fafdab8a8f924e394cdc6cfd8232f77e9e4d123a133?s=96&d=mm&r=g\",\"url\":\"https:\/\/secure.gravatar.com\/avatar\/aab322e8555b56c468614fafdab8a8f924e394cdc6cfd8232f77e9e4d123a133?s=96&d=mm&r=g\",\"contentUrl\":\"https:\/\/secure.gravatar.com\/avatar\/aab322e8555b56c468614fafdab8a8f924e394cdc6cfd8232f77e9e4d123a133?s=96&d=mm&r=g\",\"caption\":\"Carlos Roberto Sodr\u00e9\"},\"url\":\"https:\/\/ubanews.com\/site\/author\/sodre\/\"}]}<\/script>\n<!-- \/ Yoast SEO plugin. -->","yoast_head_json":{"title":"O Corpo de Bombeiros Militar de Minas Gerais deu continuidade, nesta segunda-feira (09) - Ub\u00e1 News","description":"O Corpo de Bombeiros Militar de Minas Gerais deu continuidade, nesta segunda-feira (09)","robots":{"index":"index","follow":"follow","max-snippet":"max-snippet:-1","max-image-preview":"max-image-preview:large","max-video-preview":"max-video-preview:-1"},"canonical":"https:\/\/ubanews.com\/site\/2026\/03\/10\/o-corpo-de-bombeiros-militar-de-minas-gerais-deu-continuidade-nesta-segunda-feira-09\/","og_locale":"pt_BR","og_type":"article","og_title":"O Corpo de Bombeiros Militar de Minas Gerais deu continuidade, nesta segunda-feira (09) - Ub\u00e1 News","og_description":"O Corpo de Bombeiros Militar de Minas Gerais deu continuidade, nesta segunda-feira (09)","og_url":"https:\/\/ubanews.com\/site\/2026\/03\/10\/o-corpo-de-bombeiros-militar-de-minas-gerais-deu-continuidade-nesta-segunda-feira-09\/","og_site_name":"Ub\u00e1 News","article_publisher":"https:\/\/www.facebook.com\/Ub%c3%a1News-Carlos-Roberto-Sodr%c3%a9-418778301977370","article_published_time":"2026-03-10T14:43:29+00:00","article_modified_time":"2026-03-10T14:43:33+00:00","og_image":[{"width":1200,"height":1600,"url":"https:\/\/ubanews.com\/site\/wp-content\/uploads\/2026\/03\/O-Corpo-de-Bombeiros-Militar-de-Minas-Gerais-informa-que-prosseguem-neste-sabado-07-1.jpg","type":"image\/jpeg"}],"author":"Carlos Roberto Sodr\u00e9","twitter_card":"summary_large_image","twitter_misc":{"Escrito por":"Carlos Roberto Sodr\u00e9","Est. tempo de leitura":"3 minutos"},"schema":{"@context":"https:\/\/schema.org","@graph":[{"@type":"Article","@id":"https:\/\/ubanews.com\/site\/2026\/03\/10\/o-corpo-de-bombeiros-militar-de-minas-gerais-deu-continuidade-nesta-segunda-feira-09\/#article","isPartOf":{"@id":"https:\/\/ubanews.com\/site\/2026\/03\/10\/o-corpo-de-bombeiros-militar-de-minas-gerais-deu-continuidade-nesta-segunda-feira-09\/"},"author":{"name":"Carlos Roberto Sodr\u00e9","@id":"https:\/\/ubanews.com\/site\/#\/schema\/person\/9d8da9ec3c8d00640ab6e8c81e103310"},"headline":"O Corpo de Bombeiros Militar de Minas Gerais deu continuidade, nesta segunda-feira (09)","datePublished":"2026-03-10T14:43:29+00:00","dateModified":"2026-03-10T14:43:33+00:00","mainEntityOfPage":{"@id":"https:\/\/ubanews.com\/site\/2026\/03\/10\/o-corpo-de-bombeiros-militar-de-minas-gerais-deu-continuidade-nesta-segunda-feira-09\/"},"wordCount":200,"commentCount":0,"publisher":{"@id":"https:\/\/ubanews.com\/site\/#organization"},"image":{"@id":"https:\/\/ubanews.com\/site\/2026\/03\/10\/o-corpo-de-bombeiros-militar-de-minas-gerais-deu-continuidade-nesta-segunda-feira-09\/#primaryimage"},"thumbnailUrl":"https:\/\/ubanews.com\/site\/wp-content\/uploads\/2026\/03\/O-Corpo-de-Bombeiros-Militar-de-Minas-Gerais-informa-que-prosseguem-neste-sabado-07-1.jpg","keywords":["Carlos Roberto Sodr\u00e9","CorpoDeBombeiros","Fala Sodr\u00e9","Fato Policial","Ocorr\u00eancia Policial","Pol\u00edcia Civil","Pol\u00edcia Militar","Sodr\u00e9","UBANEWS"],"articleSection":["DESTAQUE PRINCIPAL","Geral","Slide"],"inLanguage":"pt-BR","potentialAction":[{"@type":"CommentAction","name":"Comment","target":["https:\/\/ubanews.com\/site\/2026\/03\/10\/o-corpo-de-bombeiros-militar-de-minas-gerais-deu-continuidade-nesta-segunda-feira-09\/#respond"]}]},{"@type":"WebPage","@id":"https:\/\/ubanews.com\/site\/2026\/03\/10\/o-corpo-de-bombeiros-militar-de-minas-gerais-deu-continuidade-nesta-segunda-feira-09\/","url":"https:\/\/ubanews.com\/site\/2026\/03\/10\/o-corpo-de-bombeiros-militar-de-minas-gerais-deu-continuidade-nesta-segunda-feira-09\/","name":"O Corpo de Bombeiros Militar de Minas Gerais deu continuidade, nesta segunda-feira (09) - Ub\u00e1 News","isPartOf":{"@id":"https:\/\/ubanews.com\/site\/#website"},"primaryImageOfPage":{"@id":"https:\/\/ubanews.com\/site\/2026\/03\/10\/o-corpo-de-bombeiros-militar-de-minas-gerais-deu-continuidade-nesta-segunda-feira-09\/#primaryimage"},"image":{"@id":"https:\/\/ubanews.com\/site\/2026\/03\/10\/o-corpo-de-bombeiros-militar-de-minas-gerais-deu-continuidade-nesta-segunda-feira-09\/#primaryimage"},"thumbnailUrl":"https:\/\/ubanews.com\/site\/wp-content\/uploads\/2026\/03\/O-Corpo-de-Bombeiros-Militar-de-Minas-Gerais-informa-que-prosseguem-neste-sabado-07-1.jpg","datePublished":"2026-03-10T14:43:29+00:00","dateModified":"2026-03-10T14:43:33+00:00","description":"O Corpo de Bombeiros Militar de Minas Gerais deu continuidade, nesta segunda-feira (09)","breadcrumb":{"@id":"https:\/\/ubanews.com\/site\/2026\/03\/10\/o-corpo-de-bombeiros-militar-de-minas-gerais-deu-continuidade-nesta-segunda-feira-09\/#breadcrumb"},"inLanguage":"pt-BR","potentialAction":[{"@type":"ReadAction","target":["https:\/\/ubanews.com\/site\/2026\/03\/10\/o-corpo-de-bombeiros-militar-de-minas-gerais-deu-continuidade-nesta-segunda-feira-09\/"]}]},{"@type":"ImageObject","inLanguage":"pt-BR","@id":"https:\/\/ubanews.com\/site\/2026\/03\/10\/o-corpo-de-bombeiros-militar-de-minas-gerais-deu-continuidade-nesta-segunda-feira-09\/#primaryimage","url":"https:\/\/ubanews.com\/site\/wp-content\/uploads\/2026\/03\/O-Corpo-de-Bombeiros-Militar-de-Minas-Gerais-informa-que-prosseguem-neste-sabado-07-1.jpg","contentUrl":"https:\/\/ubanews.com\/site\/wp-content\/uploads\/2026\/03\/O-Corpo-de-Bombeiros-Militar-de-Minas-Gerais-informa-que-prosseguem-neste-sabado-07-1.jpg","width":1200,"height":1600},{"@type":"BreadcrumbList","@id":"https:\/\/ubanews.com\/site\/2026\/03\/10\/o-corpo-de-bombeiros-militar-de-minas-gerais-deu-continuidade-nesta-segunda-feira-09\/#breadcrumb","itemListElement":[{"@type":"ListItem","position":1,"name":"Home","item":"https:\/\/ubanews.com\/site\/"},{"@type":"ListItem","position":2,"name":"O Corpo de Bombeiros Militar de Minas Gerais deu continuidade, nesta segunda-feira (09)"}]},{"@type":"WebSite","@id":"https:\/\/ubanews.com\/site\/#website","url":"https:\/\/ubanews.com\/site\/","name":"Ub\u00e1 News","description":"","publisher":{"@id":"https:\/\/ubanews.com\/site\/#organization"},"potentialAction":[{"@type":"SearchAction","target":{"@type":"EntryPoint","urlTemplate":"https:\/\/ubanews.com\/site\/?s={search_term_string}"},"query-input":{"@type":"PropertyValueSpecification","valueRequired":true,"valueName":"search_term_string"}}],"inLanguage":"pt-BR"},{"@type":"Organization","@id":"https:\/\/ubanews.com\/site\/#organization","name":"Ub\u00e1 News","url":"https:\/\/ubanews.com\/site\/","logo":{"@type":"ImageObject","inLanguage":"pt-BR","@id":"https:\/\/ubanews.com\/site\/#\/schema\/logo\/image\/","url":"https:\/\/ubanews.com\/site\/wp-content\/uploads\/2018\/01\/logoubanews.png","contentUrl":"https:\/\/ubanews.com\/site\/wp-content\/uploads\/2018\/01\/logoubanews.png","width":261,"height":99,"caption":"Ub\u00e1 News"},"image":{"@id":"https:\/\/ubanews.com\/site\/#\/schema\/logo\/image\/"},"sameAs":["https:\/\/www.facebook.com\/Ub\u00e1News-Carlos-Roberto-Sodr\u00e9-418778301977370"]},{"@type":"Person","@id":"https:\/\/ubanews.com\/site\/#\/schema\/person\/9d8da9ec3c8d00640ab6e8c81e103310","name":"Carlos Roberto Sodr\u00e9","image":{"@type":"ImageObject","inLanguage":"pt-BR","@id":"https:\/\/secure.gravatar.com\/avatar\/aab322e8555b56c468614fafdab8a8f924e394cdc6cfd8232f77e9e4d123a133?s=96&d=mm&r=g","url":"https:\/\/secure.gravatar.com\/avatar\/aab322e8555b56c468614fafdab8a8f924e394cdc6cfd8232f77e9e4d123a133?s=96&d=mm&r=g","contentUrl":"https:\/\/secure.gravatar.com\/avatar\/aab322e8555b56c468614fafdab8a8f924e394cdc6cfd8232f77e9e4d123a133?s=96&d=mm&r=g","caption":"Carlos Roberto Sodr\u00e9"},"url":"https:\/\/ubanews.com\/site\/author\/sodre\/"}]}},"_links":{"self":[{"href":"https:\/\/ubanews.com\/site\/wp-json\/wp\/v2\/posts\/24199","targetHints":{"allow":["GET"]}}],"collection":[{"href":"https:\/\/ubanews.com\/site\/wp-json\/wp\/v2\/posts"}],"about":[{"href":"https:\/\/ubanews.com\/site\/wp-json\/wp\/v2\/types\/post"}],"author":[{"embeddable":true,"href":"https:\/\/ubanews.com\/site\/wp-json\/wp\/v2\/users\/4"}],"replies":[{"embeddable":true,"href":"https:\/\/ubanews.com\/site\/wp-json\/wp\/v2\/comments?post=24199"}],"version-history":[{"count":0,"href":"https:\/\/ubanews.com\/site\/wp-json\/wp\/v2\/posts\/24199\/revisions"}],"wp:featuredmedia":[{"embeddable":true,"href":"https:\/\/ubanews.com\/site\/wp-json\/wp\/v2\/media\/24194"}],"wp:attachment":[{"href":"https:\/\/ubanews.com\/site\/wp-json\/wp\/v2\/media?parent=24199"}],"wp:term":[{"taxonomy":"category","embeddable":true,"href":"https:\/\/ubanews.com\/site\/wp-json\/wp\/v2\/categories?post=24199"},{"taxonomy":"post_tag","embeddable":true,"href":"https:\/\/ubanews.com\/site\/wp-json\/wp\/v2\/tags?post=24199"}],"curies":[{"name":"wp","href":"https:\/\/api.w.org\/{rel}","templated":true}]}}