{"id":2410,"date":"2018-04-21T17:03:59","date_gmt":"2018-04-21T20:03:59","guid":{"rendered":"http:\/\/ubanews.com\/site\/?p=2410"},"modified":"2018-04-25T14:51:05","modified_gmt":"2018-04-25T17:51:05","slug":"colegio-tiradentes-unidade-de-uba-promove-a-primeira-feijoada-no-dia-do-patrono-da-policia-militar","status":"publish","type":"post","link":"https:\/\/ubanews.com\/site\/2018\/04\/21\/colegio-tiradentes-unidade-de-uba-promove-a-primeira-feijoada-no-dia-do-patrono-da-policia-militar\/","title":{"rendered":"Col\u00e9gio Tiradentes unidade de Ub\u00e1 promove a primeira feijoada no dia do Patrono da Pol\u00edcia Militar"},"content":{"rendered":"<p>&nbsp;&nbsp;&nbsp;&nbsp;&nbsp;&nbsp;&nbsp;&nbsp;&nbsp; Qualquer semelhan\u00e7a n\u00e3o \u00e9 apenas uma mera coincid\u00eancia. A data de 21 de abril foi escolhida depois de uma conversa do Diretor do Col\u00e9gio Tiradentes, senhor Capit\u00e3o PM Ivan Arrighi, com a senhora C\u00e9lia Maria Silva de Oliveira, chefe da cozinha. A feijoada foi preparada para seiscentas pessoas. Faltando meia hora antes do in\u00edcio de servir a deliciosa comida, ainda haviam pessoas interessadas pela procura de ingressos, o que foi negado, pois a responsabilidade falou mais alto, n\u00e3o havia para mais pessoas. A proposta \u00e9, a partir de agora, todos os anos, na data em que comemoramos Alferes Tiradentes, aqui nessa unidade, ser\u00e1 servida uma feijoada com todos os ingredientes tradicionais, al\u00e9m de muito amor e dedica\u00e7\u00e3o \u00e0s crian\u00e7as.<\/p>\n<p>&nbsp;&nbsp;&nbsp;&nbsp;&nbsp;&nbsp;&nbsp;&nbsp;&nbsp; O evento contou com a presen\u00e7a ilustre do senhor Comandante do 21 BPM e sua esposa, a presen\u00e7a do ex-Comandante Coronel Mauro L\u00facio Campos Silva foi aguardada, por\u00e9m um compromisso de \u00faltima hora interrompeu os planos de sua presen\u00e7a! O diretor do Col\u00e9gio Tiradentes, Capit\u00e3o PM Ivan Arrighi, conversou com a nossa reportagem e falou de sua satisfa\u00e7\u00e3o na realiza\u00e7\u00e3o da feijoada. \u201cEstou muito feliz com a nossa equipe; todos est\u00e3o aqui voluntariamente e de boa vontade; a equipe \u00e9 boa e de qualidade; assim tudo fica mais f\u00e1cil; ambiente mais acolhedor, mais leve e os resultados aparecem\u201d. Concluiu o Capit\u00e3o PM Arrighi.<\/p>\n<p>&nbsp;&nbsp;&nbsp;&nbsp;&nbsp;&nbsp;&nbsp;&nbsp;&nbsp; Salve dia 21 de abril!<\/p>\n<p>&nbsp;&nbsp;&nbsp;&nbsp;&nbsp;&nbsp;&nbsp;&nbsp;&nbsp; Salve Joaquim Jos\u00e9 da Silva Xavier!<\/p>\n<p>&nbsp;&nbsp;&nbsp;&nbsp;&nbsp;&nbsp;&nbsp;&nbsp;&nbsp; Salve a Pol\u00edcia Militar de Minas Gerais!<\/p>\n<p><strong>Veja as fotos na Galeria.<\/strong><\/p>\n<blockquote class=\"wp-embedded-content\" data-secret=\"4QssaSCUjo\"><p><a href=\"https:\/\/ubanews.com\/site\/feijoada-no-colegio-tiradentes\/\">Feijoada no Col\u00e9gio Tiradentes<\/a><\/p><\/blockquote>\n<p><iframe class=\"wp-embedded-content lazyload\" sandbox=\"allow-scripts\" security=\"restricted\" style=\"position: absolute; clip: rect(1px, 1px, 1px, 1px);\" data-src=\"https:\/\/ubanews.com\/site\/feijoada-no-colegio-tiradentes\/embed\/#?secret=4QssaSCUjo\" data-secret=\"4QssaSCUjo\" width=\"600\" height=\"338\" title=\"&#8220;Feijoada no Col\u00e9gio Tiradentes&#8221; &#8212; Ub\u00e1 News\" frameborder=\"0\" marginwidth=\"0\" marginheight=\"0\" scrolling=\"no\" src=\"data:image\/svg+xml;base64,PHN2ZyB3aWR0aD0iMSIgaGVpZ2h0PSIxIiB4bWxucz0iaHR0cDovL3d3dy53My5vcmcvMjAwMC9zdmciPjwvc3ZnPg==\" data-load-mode=\"1\"><\/iframe><\/p>\n<div style=\"position: relative; height: 0; padding-bottom: 56.25%;\">\n<iframe style=\"position: absolute; width: 100%; height: 100%; left: 0;\" data-src=\"https:\/\/www.youtube.com\/embed\/Vbqk6tAxfmM?ecver=2\" width=\"640\" height=\"360\" frameborder=\"0\" allowfullscreen=\"allowfullscreen\" src=\"data:image\/svg+xml;base64,PHN2ZyB3aWR0aD0iMSIgaGVpZ2h0PSIxIiB4bWxucz0iaHR0cDovL3d3dy53My5vcmcvMjAwMC9zdmciPjwvc3ZnPg==\" class=\"lazyload\" data-load-mode=\"1\"><\/iframe><\/div>\n","protected":false},"excerpt":{"rendered":"<p>&nbsp;&nbsp;&nbsp;&nbsp;&nbsp;&nbsp;&nbsp;&nbsp;&nbsp; Qualquer semelhan\u00e7a n\u00e3o \u00e9 apenas uma mera coincid\u00eancia. A<\/p>\n","protected":false},"author":2,"featured_media":2407,"comment_status":"open","ping_status":"open","sticky":false,"template":"","format":"standard","meta":{"footnotes":""},"categories":[1],"tags":[],"class_list":["post-2410","post","type-post","status-publish","format-standard","has-post-thumbnail","hentry","category-sem-categoria"],"yoast_head":"<!-- This site is optimized with the Yoast SEO plugin v27.2 - https:\/\/yoast.com\/product\/yoast-seo-wordpress\/ -->\n<title>Col\u00e9gio Tiradentes unidade de Ub\u00e1 promove a primeira feijoada no dia do Patrono da Pol\u00edcia Militar - Ub\u00e1 News<\/title>\n<meta name=\"robots\" content=\"index, follow, max-snippet:-1, max-image-preview:large, max-video-preview:-1\" \/>\n<link rel=\"canonical\" href=\"https:\/\/ubanews.com\/site\/2018\/04\/21\/colegio-tiradentes-unidade-de-uba-promove-a-primeira-feijoada-no-dia-do-patrono-da-policia-militar\/\" \/>\n<meta property=\"og:locale\" content=\"pt_BR\" \/>\n<meta property=\"og:type\" content=\"article\" \/>\n<meta property=\"og:title\" content=\"Col\u00e9gio Tiradentes unidade de Ub\u00e1 promove a primeira feijoada no dia do Patrono da Pol\u00edcia Militar - Ub\u00e1 News\" \/>\n<meta property=\"og:description\" content=\"&nbsp;&nbsp;&nbsp;&nbsp;&nbsp;&nbsp;&nbsp;&nbsp;&nbsp; Qualquer semelhan\u00e7a n\u00e3o \u00e9 apenas uma mera coincid\u00eancia. A\" \/>\n<meta property=\"og:url\" content=\"https:\/\/ubanews.com\/site\/2018\/04\/21\/colegio-tiradentes-unidade-de-uba-promove-a-primeira-feijoada-no-dia-do-patrono-da-policia-militar\/\" \/>\n<meta property=\"og:site_name\" content=\"Ub\u00e1 News\" \/>\n<meta property=\"article:publisher\" content=\"https:\/\/www.facebook.com\/Ub%c3%a1News-Carlos-Roberto-Sodr%c3%a9-418778301977370\" \/>\n<meta property=\"article:author\" content=\"https:\/\/www.facebook.com\/carosroberto.sodre.5\/\" \/>\n<meta property=\"article:published_time\" content=\"2018-04-21T20:03:59+00:00\" \/>\n<meta property=\"article:modified_time\" content=\"2018-04-25T17:51:05+00:00\" \/>\n<meta property=\"og:image\" content=\"https:\/\/ubanews.com\/site\/wp-content\/uploads\/2018\/04\/DSC_2323-c\u00f3pia.jpg\" \/>\n\t<meta property=\"og:image:width\" content=\"4724\" \/>\n\t<meta property=\"og:image:height\" content=\"2954\" \/>\n\t<meta property=\"og:image:type\" content=\"image\/jpeg\" \/>\n<meta name=\"author\" content=\"Sodr\u00e9\" \/>\n<meta name=\"twitter:card\" content=\"summary_large_image\" \/>\n<meta name=\"twitter:label1\" content=\"Escrito por\" \/>\n\t<meta name=\"twitter:data1\" content=\"Sodr\u00e9\" \/>\n\t<meta name=\"twitter:label2\" content=\"Est. tempo de leitura\" \/>\n\t<meta name=\"twitter:data2\" content=\"2 minutos\" \/>\n<script type=\"application\/ld+json\" class=\"yoast-schema-graph\">{\"@context\":\"https:\/\/schema.org\",\"@graph\":[{\"@type\":\"Article\",\"@id\":\"https:\/\/ubanews.com\/site\/2018\/04\/21\/colegio-tiradentes-unidade-de-uba-promove-a-primeira-feijoada-no-dia-do-patrono-da-policia-militar\/#article\",\"isPartOf\":{\"@id\":\"https:\/\/ubanews.com\/site\/2018\/04\/21\/colegio-tiradentes-unidade-de-uba-promove-a-primeira-feijoada-no-dia-do-patrono-da-policia-militar\/\"},\"author\":{\"name\":\"Sodr\u00e9\",\"@id\":\"https:\/\/ubanews.com\/site\/#\/schema\/person\/d90c9e47252fbb63dcc969fe4c8b9d10\"},\"headline\":\"Col\u00e9gio Tiradentes unidade de Ub\u00e1 promove a primeira feijoada no dia do Patrono da Pol\u00edcia Militar\",\"datePublished\":\"2018-04-21T20:03:59+00:00\",\"dateModified\":\"2018-04-25T17:51:05+00:00\",\"mainEntityOfPage\":{\"@id\":\"https:\/\/ubanews.com\/site\/2018\/04\/21\/colegio-tiradentes-unidade-de-uba-promove-a-primeira-feijoada-no-dia-do-patrono-da-policia-militar\/\"},\"wordCount\":331,\"commentCount\":4,\"publisher\":{\"@id\":\"https:\/\/ubanews.com\/site\/#organization\"},\"image\":{\"@id\":\"https:\/\/ubanews.com\/site\/2018\/04\/21\/colegio-tiradentes-unidade-de-uba-promove-a-primeira-feijoada-no-dia-do-patrono-da-policia-militar\/#primaryimage\"},\"thumbnailUrl\":\"https:\/\/ubanews.com\/site\/wp-content\/uploads\/2018\/04\/DSC_2323-c\u00f3pia.jpg\",\"articleSection\":[\"Geral\"],\"inLanguage\":\"pt-BR\",\"potentialAction\":[{\"@type\":\"CommentAction\",\"name\":\"Comment\",\"target\":[\"https:\/\/ubanews.com\/site\/2018\/04\/21\/colegio-tiradentes-unidade-de-uba-promove-a-primeira-feijoada-no-dia-do-patrono-da-policia-militar\/#respond\"]}]},{\"@type\":\"WebPage\",\"@id\":\"https:\/\/ubanews.com\/site\/2018\/04\/21\/colegio-tiradentes-unidade-de-uba-promove-a-primeira-feijoada-no-dia-do-patrono-da-policia-militar\/\",\"url\":\"https:\/\/ubanews.com\/site\/2018\/04\/21\/colegio-tiradentes-unidade-de-uba-promove-a-primeira-feijoada-no-dia-do-patrono-da-policia-militar\/\",\"name\":\"Col\u00e9gio Tiradentes unidade de Ub\u00e1 promove a primeira feijoada no dia do Patrono da Pol\u00edcia Militar - Ub\u00e1 News\",\"isPartOf\":{\"@id\":\"https:\/\/ubanews.com\/site\/#website\"},\"primaryImageOfPage\":{\"@id\":\"https:\/\/ubanews.com\/site\/2018\/04\/21\/colegio-tiradentes-unidade-de-uba-promove-a-primeira-feijoada-no-dia-do-patrono-da-policia-militar\/#primaryimage\"},\"image\":{\"@id\":\"https:\/\/ubanews.com\/site\/2018\/04\/21\/colegio-tiradentes-unidade-de-uba-promove-a-primeira-feijoada-no-dia-do-patrono-da-policia-militar\/#primaryimage\"},\"thumbnailUrl\":\"https:\/\/ubanews.com\/site\/wp-content\/uploads\/2018\/04\/DSC_2323-c\u00f3pia.jpg\",\"datePublished\":\"2018-04-21T20:03:59+00:00\",\"dateModified\":\"2018-04-25T17:51:05+00:00\",\"breadcrumb\":{\"@id\":\"https:\/\/ubanews.com\/site\/2018\/04\/21\/colegio-tiradentes-unidade-de-uba-promove-a-primeira-feijoada-no-dia-do-patrono-da-policia-militar\/#breadcrumb\"},\"inLanguage\":\"pt-BR\",\"potentialAction\":[{\"@type\":\"ReadAction\",\"target\":[\"https:\/\/ubanews.com\/site\/2018\/04\/21\/colegio-tiradentes-unidade-de-uba-promove-a-primeira-feijoada-no-dia-do-patrono-da-policia-militar\/\"]}]},{\"@type\":\"ImageObject\",\"inLanguage\":\"pt-BR\",\"@id\":\"https:\/\/ubanews.com\/site\/2018\/04\/21\/colegio-tiradentes-unidade-de-uba-promove-a-primeira-feijoada-no-dia-do-patrono-da-policia-militar\/#primaryimage\",\"url\":\"https:\/\/ubanews.com\/site\/wp-content\/uploads\/2018\/04\/DSC_2323-c\u00f3pia.jpg\",\"contentUrl\":\"https:\/\/ubanews.com\/site\/wp-content\/uploads\/2018\/04\/DSC_2323-c\u00f3pia.jpg\",\"width\":4724,\"height\":2954},{\"@type\":\"BreadcrumbList\",\"@id\":\"https:\/\/ubanews.com\/site\/2018\/04\/21\/colegio-tiradentes-unidade-de-uba-promove-a-primeira-feijoada-no-dia-do-patrono-da-policia-militar\/#breadcrumb\",\"itemListElement\":[{\"@type\":\"ListItem\",\"position\":1,\"name\":\"Home\",\"item\":\"https:\/\/ubanews.com\/site\/\"},{\"@type\":\"ListItem\",\"position\":2,\"name\":\"Col\u00e9gio Tiradentes unidade de Ub\u00e1 promove a primeira feijoada no dia do Patrono da Pol\u00edcia Militar\"}]},{\"@type\":\"WebSite\",\"@id\":\"https:\/\/ubanews.com\/site\/#website\",\"url\":\"https:\/\/ubanews.com\/site\/\",\"name\":\"Ub\u00e1 News\",\"description\":\"\",\"publisher\":{\"@id\":\"https:\/\/ubanews.com\/site\/#organization\"},\"potentialAction\":[{\"@type\":\"SearchAction\",\"target\":{\"@type\":\"EntryPoint\",\"urlTemplate\":\"https:\/\/ubanews.com\/site\/?s={search_term_string}\"},\"query-input\":{\"@type\":\"PropertyValueSpecification\",\"valueRequired\":true,\"valueName\":\"search_term_string\"}}],\"inLanguage\":\"pt-BR\"},{\"@type\":\"Organization\",\"@id\":\"https:\/\/ubanews.com\/site\/#organization\",\"name\":\"Ub\u00e1 News\",\"url\":\"https:\/\/ubanews.com\/site\/\",\"logo\":{\"@type\":\"ImageObject\",\"inLanguage\":\"pt-BR\",\"@id\":\"https:\/\/ubanews.com\/site\/#\/schema\/logo\/image\/\",\"url\":\"https:\/\/ubanews.com\/site\/wp-content\/uploads\/2018\/01\/logoubanews.png\",\"contentUrl\":\"https:\/\/ubanews.com\/site\/wp-content\/uploads\/2018\/01\/logoubanews.png\",\"width\":261,\"height\":99,\"caption\":\"Ub\u00e1 News\"},\"image\":{\"@id\":\"https:\/\/ubanews.com\/site\/#\/schema\/logo\/image\/\"},\"sameAs\":[\"https:\/\/www.facebook.com\/Ub\u00e1News-Carlos-Roberto-Sodr\u00e9-418778301977370\"]},{\"@type\":\"Person\",\"@id\":\"https:\/\/ubanews.com\/site\/#\/schema\/person\/d90c9e47252fbb63dcc969fe4c8b9d10\",\"name\":\"Sodr\u00e9\",\"image\":{\"@type\":\"ImageObject\",\"inLanguage\":\"pt-BR\",\"@id\":\"https:\/\/secure.gravatar.com\/avatar\/5ba2793f0590b9dbfad3fdec4ee714485b3eef211c9b32ee53d414060454a56c?s=96&d=mm&r=g\",\"url\":\"https:\/\/secure.gravatar.com\/avatar\/5ba2793f0590b9dbfad3fdec4ee714485b3eef211c9b32ee53d414060454a56c?s=96&d=mm&r=g\",\"contentUrl\":\"https:\/\/secure.gravatar.com\/avatar\/5ba2793f0590b9dbfad3fdec4ee714485b3eef211c9b32ee53d414060454a56c?s=96&d=mm&r=g\",\"caption\":\"Sodr\u00e9\"},\"sameAs\":[\"https:\/\/www.facebook.com\/carosroberto.sodre.5\/\"],\"url\":\"https:\/\/ubanews.com\/site\/author\/felipe\/\"}]}<\/script>\n<!-- \/ Yoast SEO plugin. -->","yoast_head_json":{"title":"Col\u00e9gio Tiradentes unidade de Ub\u00e1 promove a primeira feijoada no dia do Patrono da Pol\u00edcia Militar - Ub\u00e1 News","robots":{"index":"index","follow":"follow","max-snippet":"max-snippet:-1","max-image-preview":"max-image-preview:large","max-video-preview":"max-video-preview:-1"},"canonical":"https:\/\/ubanews.com\/site\/2018\/04\/21\/colegio-tiradentes-unidade-de-uba-promove-a-primeira-feijoada-no-dia-do-patrono-da-policia-militar\/","og_locale":"pt_BR","og_type":"article","og_title":"Col\u00e9gio Tiradentes unidade de Ub\u00e1 promove a primeira feijoada no dia do Patrono da Pol\u00edcia Militar - Ub\u00e1 News","og_description":"&nbsp;&nbsp;&nbsp;&nbsp;&nbsp;&nbsp;&nbsp;&nbsp;&nbsp; Qualquer semelhan\u00e7a n\u00e3o \u00e9 apenas uma mera coincid\u00eancia. A","og_url":"https:\/\/ubanews.com\/site\/2018\/04\/21\/colegio-tiradentes-unidade-de-uba-promove-a-primeira-feijoada-no-dia-do-patrono-da-policia-militar\/","og_site_name":"Ub\u00e1 News","article_publisher":"https:\/\/www.facebook.com\/Ub%c3%a1News-Carlos-Roberto-Sodr%c3%a9-418778301977370","article_author":"https:\/\/www.facebook.com\/carosroberto.sodre.5\/","article_published_time":"2018-04-21T20:03:59+00:00","article_modified_time":"2018-04-25T17:51:05+00:00","og_image":[{"width":4724,"height":2954,"url":"https:\/\/ubanews.com\/site\/wp-content\/uploads\/2018\/04\/DSC_2323-c\u00f3pia.jpg","type":"image\/jpeg"}],"author":"Sodr\u00e9","twitter_card":"summary_large_image","twitter_misc":{"Escrito por":"Sodr\u00e9","Est. tempo de leitura":"2 minutos"},"schema":{"@context":"https:\/\/schema.org","@graph":[{"@type":"Article","@id":"https:\/\/ubanews.com\/site\/2018\/04\/21\/colegio-tiradentes-unidade-de-uba-promove-a-primeira-feijoada-no-dia-do-patrono-da-policia-militar\/#article","isPartOf":{"@id":"https:\/\/ubanews.com\/site\/2018\/04\/21\/colegio-tiradentes-unidade-de-uba-promove-a-primeira-feijoada-no-dia-do-patrono-da-policia-militar\/"},"author":{"name":"Sodr\u00e9","@id":"https:\/\/ubanews.com\/site\/#\/schema\/person\/d90c9e47252fbb63dcc969fe4c8b9d10"},"headline":"Col\u00e9gio Tiradentes unidade de Ub\u00e1 promove a primeira feijoada no dia do Patrono da Pol\u00edcia Militar","datePublished":"2018-04-21T20:03:59+00:00","dateModified":"2018-04-25T17:51:05+00:00","mainEntityOfPage":{"@id":"https:\/\/ubanews.com\/site\/2018\/04\/21\/colegio-tiradentes-unidade-de-uba-promove-a-primeira-feijoada-no-dia-do-patrono-da-policia-militar\/"},"wordCount":331,"commentCount":4,"publisher":{"@id":"https:\/\/ubanews.com\/site\/#organization"},"image":{"@id":"https:\/\/ubanews.com\/site\/2018\/04\/21\/colegio-tiradentes-unidade-de-uba-promove-a-primeira-feijoada-no-dia-do-patrono-da-policia-militar\/#primaryimage"},"thumbnailUrl":"https:\/\/ubanews.com\/site\/wp-content\/uploads\/2018\/04\/DSC_2323-c\u00f3pia.jpg","articleSection":["Geral"],"inLanguage":"pt-BR","potentialAction":[{"@type":"CommentAction","name":"Comment","target":["https:\/\/ubanews.com\/site\/2018\/04\/21\/colegio-tiradentes-unidade-de-uba-promove-a-primeira-feijoada-no-dia-do-patrono-da-policia-militar\/#respond"]}]},{"@type":"WebPage","@id":"https:\/\/ubanews.com\/site\/2018\/04\/21\/colegio-tiradentes-unidade-de-uba-promove-a-primeira-feijoada-no-dia-do-patrono-da-policia-militar\/","url":"https:\/\/ubanews.com\/site\/2018\/04\/21\/colegio-tiradentes-unidade-de-uba-promove-a-primeira-feijoada-no-dia-do-patrono-da-policia-militar\/","name":"Col\u00e9gio Tiradentes unidade de Ub\u00e1 promove a primeira feijoada no dia do Patrono da Pol\u00edcia Militar - Ub\u00e1 News","isPartOf":{"@id":"https:\/\/ubanews.com\/site\/#website"},"primaryImageOfPage":{"@id":"https:\/\/ubanews.com\/site\/2018\/04\/21\/colegio-tiradentes-unidade-de-uba-promove-a-primeira-feijoada-no-dia-do-patrono-da-policia-militar\/#primaryimage"},"image":{"@id":"https:\/\/ubanews.com\/site\/2018\/04\/21\/colegio-tiradentes-unidade-de-uba-promove-a-primeira-feijoada-no-dia-do-patrono-da-policia-militar\/#primaryimage"},"thumbnailUrl":"https:\/\/ubanews.com\/site\/wp-content\/uploads\/2018\/04\/DSC_2323-c\u00f3pia.jpg","datePublished":"2018-04-21T20:03:59+00:00","dateModified":"2018-04-25T17:51:05+00:00","breadcrumb":{"@id":"https:\/\/ubanews.com\/site\/2018\/04\/21\/colegio-tiradentes-unidade-de-uba-promove-a-primeira-feijoada-no-dia-do-patrono-da-policia-militar\/#breadcrumb"},"inLanguage":"pt-BR","potentialAction":[{"@type":"ReadAction","target":["https:\/\/ubanews.com\/site\/2018\/04\/21\/colegio-tiradentes-unidade-de-uba-promove-a-primeira-feijoada-no-dia-do-patrono-da-policia-militar\/"]}]},{"@type":"ImageObject","inLanguage":"pt-BR","@id":"https:\/\/ubanews.com\/site\/2018\/04\/21\/colegio-tiradentes-unidade-de-uba-promove-a-primeira-feijoada-no-dia-do-patrono-da-policia-militar\/#primaryimage","url":"https:\/\/ubanews.com\/site\/wp-content\/uploads\/2018\/04\/DSC_2323-c\u00f3pia.jpg","contentUrl":"https:\/\/ubanews.com\/site\/wp-content\/uploads\/2018\/04\/DSC_2323-c\u00f3pia.jpg","width":4724,"height":2954},{"@type":"BreadcrumbList","@id":"https:\/\/ubanews.com\/site\/2018\/04\/21\/colegio-tiradentes-unidade-de-uba-promove-a-primeira-feijoada-no-dia-do-patrono-da-policia-militar\/#breadcrumb","itemListElement":[{"@type":"ListItem","position":1,"name":"Home","item":"https:\/\/ubanews.com\/site\/"},{"@type":"ListItem","position":2,"name":"Col\u00e9gio Tiradentes unidade de Ub\u00e1 promove a primeira feijoada no dia do Patrono da Pol\u00edcia Militar"}]},{"@type":"WebSite","@id":"https:\/\/ubanews.com\/site\/#website","url":"https:\/\/ubanews.com\/site\/","name":"Ub\u00e1 News","description":"","publisher":{"@id":"https:\/\/ubanews.com\/site\/#organization"},"potentialAction":[{"@type":"SearchAction","target":{"@type":"EntryPoint","urlTemplate":"https:\/\/ubanews.com\/site\/?s={search_term_string}"},"query-input":{"@type":"PropertyValueSpecification","valueRequired":true,"valueName":"search_term_string"}}],"inLanguage":"pt-BR"},{"@type":"Organization","@id":"https:\/\/ubanews.com\/site\/#organization","name":"Ub\u00e1 News","url":"https:\/\/ubanews.com\/site\/","logo":{"@type":"ImageObject","inLanguage":"pt-BR","@id":"https:\/\/ubanews.com\/site\/#\/schema\/logo\/image\/","url":"https:\/\/ubanews.com\/site\/wp-content\/uploads\/2018\/01\/logoubanews.png","contentUrl":"https:\/\/ubanews.com\/site\/wp-content\/uploads\/2018\/01\/logoubanews.png","width":261,"height":99,"caption":"Ub\u00e1 News"},"image":{"@id":"https:\/\/ubanews.com\/site\/#\/schema\/logo\/image\/"},"sameAs":["https:\/\/www.facebook.com\/Ub\u00e1News-Carlos-Roberto-Sodr\u00e9-418778301977370"]},{"@type":"Person","@id":"https:\/\/ubanews.com\/site\/#\/schema\/person\/d90c9e47252fbb63dcc969fe4c8b9d10","name":"Sodr\u00e9","image":{"@type":"ImageObject","inLanguage":"pt-BR","@id":"https:\/\/secure.gravatar.com\/avatar\/5ba2793f0590b9dbfad3fdec4ee714485b3eef211c9b32ee53d414060454a56c?s=96&d=mm&r=g","url":"https:\/\/secure.gravatar.com\/avatar\/5ba2793f0590b9dbfad3fdec4ee714485b3eef211c9b32ee53d414060454a56c?s=96&d=mm&r=g","contentUrl":"https:\/\/secure.gravatar.com\/avatar\/5ba2793f0590b9dbfad3fdec4ee714485b3eef211c9b32ee53d414060454a56c?s=96&d=mm&r=g","caption":"Sodr\u00e9"},"sameAs":["https:\/\/www.facebook.com\/carosroberto.sodre.5\/"],"url":"https:\/\/ubanews.com\/site\/author\/felipe\/"}]}},"_links":{"self":[{"href":"https:\/\/ubanews.com\/site\/wp-json\/wp\/v2\/posts\/2410","targetHints":{"allow":["GET"]}}],"collection":[{"href":"https:\/\/ubanews.com\/site\/wp-json\/wp\/v2\/posts"}],"about":[{"href":"https:\/\/ubanews.com\/site\/wp-json\/wp\/v2\/types\/post"}],"author":[{"embeddable":true,"href":"https:\/\/ubanews.com\/site\/wp-json\/wp\/v2\/users\/2"}],"replies":[{"embeddable":true,"href":"https:\/\/ubanews.com\/site\/wp-json\/wp\/v2\/comments?post=2410"}],"version-history":[{"count":0,"href":"https:\/\/ubanews.com\/site\/wp-json\/wp\/v2\/posts\/2410\/revisions"}],"wp:featuredmedia":[{"embeddable":true,"href":"https:\/\/ubanews.com\/site\/wp-json\/wp\/v2\/media\/2407"}],"wp:attachment":[{"href":"https:\/\/ubanews.com\/site\/wp-json\/wp\/v2\/media?parent=2410"}],"wp:term":[{"taxonomy":"category","embeddable":true,"href":"https:\/\/ubanews.com\/site\/wp-json\/wp\/v2\/categories?post=2410"},{"taxonomy":"post_tag","embeddable":true,"href":"https:\/\/ubanews.com\/site\/wp-json\/wp\/v2\/tags?post=2410"}],"curies":[{"name":"wp","href":"https:\/\/api.w.org\/{rel}","templated":true}]}}