{"id":2396,"date":"2018-04-21T15:04:36","date_gmt":"2018-04-21T18:04:36","guid":{"rendered":"http:\/\/ubanews.com\/site\/?p=2396"},"modified":"2018-04-25T14:50:23","modified_gmt":"2018-04-25T17:50:23","slug":"policia-militar-recupera-motocicletas-furtada-roubadas-em-tocantins","status":"publish","type":"post","link":"https:\/\/ubanews.com\/site\/2018\/04\/21\/policia-militar-recupera-motocicletas-furtada-roubadas-em-tocantins\/","title":{"rendered":"POL\u00cdCIA MILITAR RECUPERA MOTOCICLETAS FURTADA\/ROUBADAS EM TOCANTINS"},"content":{"rendered":"<p><img decoding=\"async\" class=\"alignnone size-full wp-image-2397 lazyload\" data-src=\"https:\/\/ubanews.com\/site\/wp-content\/uploads\/2018\/04\/1-6.jpeg\" alt=\"\" width=\"1032\" height=\"581\" data-srcset=\"https:\/\/ubanews.com\/site\/wp-content\/uploads\/2018\/04\/1-6.jpeg 1032w, https:\/\/ubanews.com\/site\/wp-content\/uploads\/2018\/04\/1-6-300x169.jpeg 300w, https:\/\/ubanews.com\/site\/wp-content\/uploads\/2018\/04\/1-6-768x432.jpeg 768w, https:\/\/ubanews.com\/site\/wp-content\/uploads\/2018\/04\/1-6-1024x576.jpeg 1024w\" data-sizes=\"(max-width: 1032px) 100vw, 1032px\" src=\"data:image\/svg+xml;base64,PHN2ZyB3aWR0aD0iMSIgaGVpZ2h0PSIxIiB4bWxucz0iaHR0cDovL3d3dy53My5vcmcvMjAwMC9zdmciPjwvc3ZnPg==\" style=\"--smush-placeholder-width: 1032px; --smush-placeholder-aspect-ratio: 1032\/581;\" \/> <img decoding=\"async\" class=\"alignnone size-full wp-image-2398 lazyload\" data-src=\"https:\/\/ubanews.com\/site\/wp-content\/uploads\/2018\/04\/2-4.jpeg\" alt=\"\" width=\"1032\" height=\"581\" data-srcset=\"https:\/\/ubanews.com\/site\/wp-content\/uploads\/2018\/04\/2-4.jpeg 1032w, https:\/\/ubanews.com\/site\/wp-content\/uploads\/2018\/04\/2-4-300x169.jpeg 300w, https:\/\/ubanews.com\/site\/wp-content\/uploads\/2018\/04\/2-4-768x432.jpeg 768w, https:\/\/ubanews.com\/site\/wp-content\/uploads\/2018\/04\/2-4-1024x576.jpeg 1024w\" data-sizes=\"(max-width: 1032px) 100vw, 1032px\" src=\"data:image\/svg+xml;base64,PHN2ZyB3aWR0aD0iMSIgaGVpZ2h0PSIxIiB4bWxucz0iaHR0cDovL3d3dy53My5vcmcvMjAwMC9zdmciPjwvc3ZnPg==\" style=\"--smush-placeholder-width: 1032px; --smush-placeholder-aspect-ratio: 1032\/581;\" \/>Na manh\u00e3 do dia 21 de abril do corrente ano, Policiais Militares do 3\u00b0 Pelot\u00e3o de Pol\u00edcia de Tocantins receberam informa\u00e7\u00f5es de duas motocicletas abandonadas em uma mata, no bairro Grama, suspeitas de serem produtos de furto ou roubo.<\/p>\n<p>De imediato os Policiais deslocaram ao local onde avistaram as motocicletas.<\/p>\n<p>Durante consulta aos sistemas da PMMG, constatou ser as motocicletas produtos de furto sendo uma Honda Falcon cor preta, placa GZY-7821, e uma Honda Titam azul, placa HKB-9925 produto de roubo, ambas na cidade de Tocantins.<\/p>\n<p>Equipes ainda trabalham para localizar os autores desse crime.<\/p>\n<p>Ajude a Pol\u00edcia Militar com informa\u00e7\u00f5es que nos levam a prender autores de crime e retirar de circula\u00e7\u00e3o produtos il\u00edcitos como armas, drogas, ve\u00edculos furtados ou roubados, dentre outro. Qualquer informa\u00e7\u00e3o, ligar para o telefone do Pelot\u00e3o de Tocantins (99981-5322) ou ligue para o 190 ou 181. Sigilo absoluto garantido.<\/p>\n<p><strong>Texto Assessoria de Comunica\u00e7\u00e3o Organizacional do 21\u00ba BPM<\/strong><\/p>\n","protected":false},"excerpt":{"rendered":"<p>Na manh\u00e3 do dia 21 de abril do corrente ano,<\/p>\n","protected":false},"author":2,"featured_media":2398,"comment_status":"open","ping_status":"open","sticky":false,"template":"","format":"standard","meta":{"footnotes":""},"categories":[1],"tags":[],"class_list":["post-2396","post","type-post","status-publish","format-standard","has-post-thumbnail","hentry","category-sem-categoria"],"yoast_head":"<!-- This site is optimized with the Yoast SEO plugin v27.2 - https:\/\/yoast.com\/product\/yoast-seo-wordpress\/ -->\n<title>POL\u00cdCIA MILITAR RECUPERA MOTOCICLETAS FURTADA\/ROUBADAS EM TOCANTINS - Ub\u00e1 News<\/title>\n<meta name=\"robots\" content=\"index, follow, max-snippet:-1, max-image-preview:large, max-video-preview:-1\" \/>\n<link rel=\"canonical\" href=\"https:\/\/ubanews.com\/site\/2018\/04\/21\/policia-militar-recupera-motocicletas-furtada-roubadas-em-tocantins\/\" \/>\n<meta property=\"og:locale\" content=\"pt_BR\" \/>\n<meta property=\"og:type\" content=\"article\" \/>\n<meta property=\"og:title\" content=\"POL\u00cdCIA MILITAR RECUPERA MOTOCICLETAS FURTADA\/ROUBADAS EM TOCANTINS - Ub\u00e1 News\" \/>\n<meta property=\"og:description\" content=\"Na manh\u00e3 do dia 21 de abril do corrente ano,\" \/>\n<meta property=\"og:url\" content=\"https:\/\/ubanews.com\/site\/2018\/04\/21\/policia-militar-recupera-motocicletas-furtada-roubadas-em-tocantins\/\" \/>\n<meta property=\"og:site_name\" content=\"Ub\u00e1 News\" \/>\n<meta property=\"article:publisher\" content=\"https:\/\/www.facebook.com\/Ub%c3%a1News-Carlos-Roberto-Sodr%c3%a9-418778301977370\" \/>\n<meta property=\"article:author\" content=\"https:\/\/www.facebook.com\/carosroberto.sodre.5\/\" \/>\n<meta property=\"article:published_time\" content=\"2018-04-21T18:04:36+00:00\" \/>\n<meta property=\"article:modified_time\" content=\"2018-04-25T17:50:23+00:00\" \/>\n<meta property=\"og:image\" content=\"https:\/\/ubanews.com\/site\/wp-content\/uploads\/2018\/04\/2-4.jpeg\" \/>\n\t<meta property=\"og:image:width\" content=\"1032\" \/>\n\t<meta property=\"og:image:height\" content=\"581\" \/>\n\t<meta property=\"og:image:type\" content=\"image\/jpeg\" \/>\n<meta name=\"author\" content=\"Sodr\u00e9\" \/>\n<meta name=\"twitter:card\" content=\"summary_large_image\" \/>\n<meta name=\"twitter:label1\" content=\"Escrito por\" \/>\n\t<meta name=\"twitter:data1\" content=\"Sodr\u00e9\" \/>\n\t<meta name=\"twitter:label2\" content=\"Est. tempo de leitura\" \/>\n\t<meta name=\"twitter:data2\" content=\"1 minuto\" \/>\n<script type=\"application\/ld+json\" class=\"yoast-schema-graph\">{\"@context\":\"https:\/\/schema.org\",\"@graph\":[{\"@type\":\"Article\",\"@id\":\"https:\/\/ubanews.com\/site\/2018\/04\/21\/policia-militar-recupera-motocicletas-furtada-roubadas-em-tocantins\/#article\",\"isPartOf\":{\"@id\":\"https:\/\/ubanews.com\/site\/2018\/04\/21\/policia-militar-recupera-motocicletas-furtada-roubadas-em-tocantins\/\"},\"author\":{\"name\":\"Sodr\u00e9\",\"@id\":\"https:\/\/ubanews.com\/site\/#\/schema\/person\/d90c9e47252fbb63dcc969fe4c8b9d10\"},\"headline\":\"POL\u00cdCIA MILITAR RECUPERA MOTOCICLETAS FURTADA\/ROUBADAS EM TOCANTINS\",\"datePublished\":\"2018-04-21T18:04:36+00:00\",\"dateModified\":\"2018-04-25T17:50:23+00:00\",\"mainEntityOfPage\":{\"@id\":\"https:\/\/ubanews.com\/site\/2018\/04\/21\/policia-militar-recupera-motocicletas-furtada-roubadas-em-tocantins\/\"},\"wordCount\":168,\"commentCount\":0,\"publisher\":{\"@id\":\"https:\/\/ubanews.com\/site\/#organization\"},\"image\":{\"@id\":\"https:\/\/ubanews.com\/site\/2018\/04\/21\/policia-militar-recupera-motocicletas-furtada-roubadas-em-tocantins\/#primaryimage\"},\"thumbnailUrl\":\"https:\/\/ubanews.com\/site\/wp-content\/uploads\/2018\/04\/2-4.jpeg\",\"articleSection\":[\"Geral\"],\"inLanguage\":\"pt-BR\",\"potentialAction\":[{\"@type\":\"CommentAction\",\"name\":\"Comment\",\"target\":[\"https:\/\/ubanews.com\/site\/2018\/04\/21\/policia-militar-recupera-motocicletas-furtada-roubadas-em-tocantins\/#respond\"]}]},{\"@type\":\"WebPage\",\"@id\":\"https:\/\/ubanews.com\/site\/2018\/04\/21\/policia-militar-recupera-motocicletas-furtada-roubadas-em-tocantins\/\",\"url\":\"https:\/\/ubanews.com\/site\/2018\/04\/21\/policia-militar-recupera-motocicletas-furtada-roubadas-em-tocantins\/\",\"name\":\"POL\u00cdCIA MILITAR RECUPERA MOTOCICLETAS FURTADA\/ROUBADAS EM TOCANTINS - Ub\u00e1 News\",\"isPartOf\":{\"@id\":\"https:\/\/ubanews.com\/site\/#website\"},\"primaryImageOfPage\":{\"@id\":\"https:\/\/ubanews.com\/site\/2018\/04\/21\/policia-militar-recupera-motocicletas-furtada-roubadas-em-tocantins\/#primaryimage\"},\"image\":{\"@id\":\"https:\/\/ubanews.com\/site\/2018\/04\/21\/policia-militar-recupera-motocicletas-furtada-roubadas-em-tocantins\/#primaryimage\"},\"thumbnailUrl\":\"https:\/\/ubanews.com\/site\/wp-content\/uploads\/2018\/04\/2-4.jpeg\",\"datePublished\":\"2018-04-21T18:04:36+00:00\",\"dateModified\":\"2018-04-25T17:50:23+00:00\",\"breadcrumb\":{\"@id\":\"https:\/\/ubanews.com\/site\/2018\/04\/21\/policia-militar-recupera-motocicletas-furtada-roubadas-em-tocantins\/#breadcrumb\"},\"inLanguage\":\"pt-BR\",\"potentialAction\":[{\"@type\":\"ReadAction\",\"target\":[\"https:\/\/ubanews.com\/site\/2018\/04\/21\/policia-militar-recupera-motocicletas-furtada-roubadas-em-tocantins\/\"]}]},{\"@type\":\"ImageObject\",\"inLanguage\":\"pt-BR\",\"@id\":\"https:\/\/ubanews.com\/site\/2018\/04\/21\/policia-militar-recupera-motocicletas-furtada-roubadas-em-tocantins\/#primaryimage\",\"url\":\"https:\/\/ubanews.com\/site\/wp-content\/uploads\/2018\/04\/2-4.jpeg\",\"contentUrl\":\"https:\/\/ubanews.com\/site\/wp-content\/uploads\/2018\/04\/2-4.jpeg\",\"width\":1032,\"height\":581},{\"@type\":\"BreadcrumbList\",\"@id\":\"https:\/\/ubanews.com\/site\/2018\/04\/21\/policia-militar-recupera-motocicletas-furtada-roubadas-em-tocantins\/#breadcrumb\",\"itemListElement\":[{\"@type\":\"ListItem\",\"position\":1,\"name\":\"Home\",\"item\":\"https:\/\/ubanews.com\/site\/\"},{\"@type\":\"ListItem\",\"position\":2,\"name\":\"POL\u00cdCIA MILITAR RECUPERA MOTOCICLETAS FURTADA\/ROUBADAS EM TOCANTINS\"}]},{\"@type\":\"WebSite\",\"@id\":\"https:\/\/ubanews.com\/site\/#website\",\"url\":\"https:\/\/ubanews.com\/site\/\",\"name\":\"Ub\u00e1 News\",\"description\":\"\",\"publisher\":{\"@id\":\"https:\/\/ubanews.com\/site\/#organization\"},\"potentialAction\":[{\"@type\":\"SearchAction\",\"target\":{\"@type\":\"EntryPoint\",\"urlTemplate\":\"https:\/\/ubanews.com\/site\/?s={search_term_string}\"},\"query-input\":{\"@type\":\"PropertyValueSpecification\",\"valueRequired\":true,\"valueName\":\"search_term_string\"}}],\"inLanguage\":\"pt-BR\"},{\"@type\":\"Organization\",\"@id\":\"https:\/\/ubanews.com\/site\/#organization\",\"name\":\"Ub\u00e1 News\",\"url\":\"https:\/\/ubanews.com\/site\/\",\"logo\":{\"@type\":\"ImageObject\",\"inLanguage\":\"pt-BR\",\"@id\":\"https:\/\/ubanews.com\/site\/#\/schema\/logo\/image\/\",\"url\":\"https:\/\/ubanews.com\/site\/wp-content\/uploads\/2018\/01\/logoubanews.png\",\"contentUrl\":\"https:\/\/ubanews.com\/site\/wp-content\/uploads\/2018\/01\/logoubanews.png\",\"width\":261,\"height\":99,\"caption\":\"Ub\u00e1 News\"},\"image\":{\"@id\":\"https:\/\/ubanews.com\/site\/#\/schema\/logo\/image\/\"},\"sameAs\":[\"https:\/\/www.facebook.com\/Ub\u00e1News-Carlos-Roberto-Sodr\u00e9-418778301977370\"]},{\"@type\":\"Person\",\"@id\":\"https:\/\/ubanews.com\/site\/#\/schema\/person\/d90c9e47252fbb63dcc969fe4c8b9d10\",\"name\":\"Sodr\u00e9\",\"image\":{\"@type\":\"ImageObject\",\"inLanguage\":\"pt-BR\",\"@id\":\"https:\/\/secure.gravatar.com\/avatar\/5ba2793f0590b9dbfad3fdec4ee714485b3eef211c9b32ee53d414060454a56c?s=96&d=mm&r=g\",\"url\":\"https:\/\/secure.gravatar.com\/avatar\/5ba2793f0590b9dbfad3fdec4ee714485b3eef211c9b32ee53d414060454a56c?s=96&d=mm&r=g\",\"contentUrl\":\"https:\/\/secure.gravatar.com\/avatar\/5ba2793f0590b9dbfad3fdec4ee714485b3eef211c9b32ee53d414060454a56c?s=96&d=mm&r=g\",\"caption\":\"Sodr\u00e9\"},\"sameAs\":[\"https:\/\/www.facebook.com\/carosroberto.sodre.5\/\"],\"url\":\"https:\/\/ubanews.com\/site\/author\/felipe\/\"}]}<\/script>\n<!-- \/ Yoast SEO plugin. -->","yoast_head_json":{"title":"POL\u00cdCIA MILITAR RECUPERA MOTOCICLETAS FURTADA\/ROUBADAS EM TOCANTINS - Ub\u00e1 News","robots":{"index":"index","follow":"follow","max-snippet":"max-snippet:-1","max-image-preview":"max-image-preview:large","max-video-preview":"max-video-preview:-1"},"canonical":"https:\/\/ubanews.com\/site\/2018\/04\/21\/policia-militar-recupera-motocicletas-furtada-roubadas-em-tocantins\/","og_locale":"pt_BR","og_type":"article","og_title":"POL\u00cdCIA MILITAR RECUPERA MOTOCICLETAS FURTADA\/ROUBADAS EM TOCANTINS - Ub\u00e1 News","og_description":"Na manh\u00e3 do dia 21 de abril do corrente ano,","og_url":"https:\/\/ubanews.com\/site\/2018\/04\/21\/policia-militar-recupera-motocicletas-furtada-roubadas-em-tocantins\/","og_site_name":"Ub\u00e1 News","article_publisher":"https:\/\/www.facebook.com\/Ub%c3%a1News-Carlos-Roberto-Sodr%c3%a9-418778301977370","article_author":"https:\/\/www.facebook.com\/carosroberto.sodre.5\/","article_published_time":"2018-04-21T18:04:36+00:00","article_modified_time":"2018-04-25T17:50:23+00:00","og_image":[{"width":1032,"height":581,"url":"https:\/\/ubanews.com\/site\/wp-content\/uploads\/2018\/04\/2-4.jpeg","type":"image\/jpeg"}],"author":"Sodr\u00e9","twitter_card":"summary_large_image","twitter_misc":{"Escrito por":"Sodr\u00e9","Est. tempo de leitura":"1 minuto"},"schema":{"@context":"https:\/\/schema.org","@graph":[{"@type":"Article","@id":"https:\/\/ubanews.com\/site\/2018\/04\/21\/policia-militar-recupera-motocicletas-furtada-roubadas-em-tocantins\/#article","isPartOf":{"@id":"https:\/\/ubanews.com\/site\/2018\/04\/21\/policia-militar-recupera-motocicletas-furtada-roubadas-em-tocantins\/"},"author":{"name":"Sodr\u00e9","@id":"https:\/\/ubanews.com\/site\/#\/schema\/person\/d90c9e47252fbb63dcc969fe4c8b9d10"},"headline":"POL\u00cdCIA MILITAR RECUPERA MOTOCICLETAS FURTADA\/ROUBADAS EM TOCANTINS","datePublished":"2018-04-21T18:04:36+00:00","dateModified":"2018-04-25T17:50:23+00:00","mainEntityOfPage":{"@id":"https:\/\/ubanews.com\/site\/2018\/04\/21\/policia-militar-recupera-motocicletas-furtada-roubadas-em-tocantins\/"},"wordCount":168,"commentCount":0,"publisher":{"@id":"https:\/\/ubanews.com\/site\/#organization"},"image":{"@id":"https:\/\/ubanews.com\/site\/2018\/04\/21\/policia-militar-recupera-motocicletas-furtada-roubadas-em-tocantins\/#primaryimage"},"thumbnailUrl":"https:\/\/ubanews.com\/site\/wp-content\/uploads\/2018\/04\/2-4.jpeg","articleSection":["Geral"],"inLanguage":"pt-BR","potentialAction":[{"@type":"CommentAction","name":"Comment","target":["https:\/\/ubanews.com\/site\/2018\/04\/21\/policia-militar-recupera-motocicletas-furtada-roubadas-em-tocantins\/#respond"]}]},{"@type":"WebPage","@id":"https:\/\/ubanews.com\/site\/2018\/04\/21\/policia-militar-recupera-motocicletas-furtada-roubadas-em-tocantins\/","url":"https:\/\/ubanews.com\/site\/2018\/04\/21\/policia-militar-recupera-motocicletas-furtada-roubadas-em-tocantins\/","name":"POL\u00cdCIA MILITAR RECUPERA MOTOCICLETAS FURTADA\/ROUBADAS EM TOCANTINS - Ub\u00e1 News","isPartOf":{"@id":"https:\/\/ubanews.com\/site\/#website"},"primaryImageOfPage":{"@id":"https:\/\/ubanews.com\/site\/2018\/04\/21\/policia-militar-recupera-motocicletas-furtada-roubadas-em-tocantins\/#primaryimage"},"image":{"@id":"https:\/\/ubanews.com\/site\/2018\/04\/21\/policia-militar-recupera-motocicletas-furtada-roubadas-em-tocantins\/#primaryimage"},"thumbnailUrl":"https:\/\/ubanews.com\/site\/wp-content\/uploads\/2018\/04\/2-4.jpeg","datePublished":"2018-04-21T18:04:36+00:00","dateModified":"2018-04-25T17:50:23+00:00","breadcrumb":{"@id":"https:\/\/ubanews.com\/site\/2018\/04\/21\/policia-militar-recupera-motocicletas-furtada-roubadas-em-tocantins\/#breadcrumb"},"inLanguage":"pt-BR","potentialAction":[{"@type":"ReadAction","target":["https:\/\/ubanews.com\/site\/2018\/04\/21\/policia-militar-recupera-motocicletas-furtada-roubadas-em-tocantins\/"]}]},{"@type":"ImageObject","inLanguage":"pt-BR","@id":"https:\/\/ubanews.com\/site\/2018\/04\/21\/policia-militar-recupera-motocicletas-furtada-roubadas-em-tocantins\/#primaryimage","url":"https:\/\/ubanews.com\/site\/wp-content\/uploads\/2018\/04\/2-4.jpeg","contentUrl":"https:\/\/ubanews.com\/site\/wp-content\/uploads\/2018\/04\/2-4.jpeg","width":1032,"height":581},{"@type":"BreadcrumbList","@id":"https:\/\/ubanews.com\/site\/2018\/04\/21\/policia-militar-recupera-motocicletas-furtada-roubadas-em-tocantins\/#breadcrumb","itemListElement":[{"@type":"ListItem","position":1,"name":"Home","item":"https:\/\/ubanews.com\/site\/"},{"@type":"ListItem","position":2,"name":"POL\u00cdCIA MILITAR RECUPERA MOTOCICLETAS FURTADA\/ROUBADAS EM TOCANTINS"}]},{"@type":"WebSite","@id":"https:\/\/ubanews.com\/site\/#website","url":"https:\/\/ubanews.com\/site\/","name":"Ub\u00e1 News","description":"","publisher":{"@id":"https:\/\/ubanews.com\/site\/#organization"},"potentialAction":[{"@type":"SearchAction","target":{"@type":"EntryPoint","urlTemplate":"https:\/\/ubanews.com\/site\/?s={search_term_string}"},"query-input":{"@type":"PropertyValueSpecification","valueRequired":true,"valueName":"search_term_string"}}],"inLanguage":"pt-BR"},{"@type":"Organization","@id":"https:\/\/ubanews.com\/site\/#organization","name":"Ub\u00e1 News","url":"https:\/\/ubanews.com\/site\/","logo":{"@type":"ImageObject","inLanguage":"pt-BR","@id":"https:\/\/ubanews.com\/site\/#\/schema\/logo\/image\/","url":"https:\/\/ubanews.com\/site\/wp-content\/uploads\/2018\/01\/logoubanews.png","contentUrl":"https:\/\/ubanews.com\/site\/wp-content\/uploads\/2018\/01\/logoubanews.png","width":261,"height":99,"caption":"Ub\u00e1 News"},"image":{"@id":"https:\/\/ubanews.com\/site\/#\/schema\/logo\/image\/"},"sameAs":["https:\/\/www.facebook.com\/Ub\u00e1News-Carlos-Roberto-Sodr\u00e9-418778301977370"]},{"@type":"Person","@id":"https:\/\/ubanews.com\/site\/#\/schema\/person\/d90c9e47252fbb63dcc969fe4c8b9d10","name":"Sodr\u00e9","image":{"@type":"ImageObject","inLanguage":"pt-BR","@id":"https:\/\/secure.gravatar.com\/avatar\/5ba2793f0590b9dbfad3fdec4ee714485b3eef211c9b32ee53d414060454a56c?s=96&d=mm&r=g","url":"https:\/\/secure.gravatar.com\/avatar\/5ba2793f0590b9dbfad3fdec4ee714485b3eef211c9b32ee53d414060454a56c?s=96&d=mm&r=g","contentUrl":"https:\/\/secure.gravatar.com\/avatar\/5ba2793f0590b9dbfad3fdec4ee714485b3eef211c9b32ee53d414060454a56c?s=96&d=mm&r=g","caption":"Sodr\u00e9"},"sameAs":["https:\/\/www.facebook.com\/carosroberto.sodre.5\/"],"url":"https:\/\/ubanews.com\/site\/author\/felipe\/"}]}},"_links":{"self":[{"href":"https:\/\/ubanews.com\/site\/wp-json\/wp\/v2\/posts\/2396","targetHints":{"allow":["GET"]}}],"collection":[{"href":"https:\/\/ubanews.com\/site\/wp-json\/wp\/v2\/posts"}],"about":[{"href":"https:\/\/ubanews.com\/site\/wp-json\/wp\/v2\/types\/post"}],"author":[{"embeddable":true,"href":"https:\/\/ubanews.com\/site\/wp-json\/wp\/v2\/users\/2"}],"replies":[{"embeddable":true,"href":"https:\/\/ubanews.com\/site\/wp-json\/wp\/v2\/comments?post=2396"}],"version-history":[{"count":0,"href":"https:\/\/ubanews.com\/site\/wp-json\/wp\/v2\/posts\/2396\/revisions"}],"wp:featuredmedia":[{"embeddable":true,"href":"https:\/\/ubanews.com\/site\/wp-json\/wp\/v2\/media\/2398"}],"wp:attachment":[{"href":"https:\/\/ubanews.com\/site\/wp-json\/wp\/v2\/media?parent=2396"}],"wp:term":[{"taxonomy":"category","embeddable":true,"href":"https:\/\/ubanews.com\/site\/wp-json\/wp\/v2\/categories?post=2396"},{"taxonomy":"post_tag","embeddable":true,"href":"https:\/\/ubanews.com\/site\/wp-json\/wp\/v2\/tags?post=2396"}],"curies":[{"name":"wp","href":"https:\/\/api.w.org\/{rel}","templated":true}]}}