{"id":239,"date":"2018-02-26T12:18:50","date_gmt":"2018-02-26T15:18:50","guid":{"rendered":"http:\/\/ubanews.com\/site\/?p=239"},"modified":"2018-03-02T16:46:23","modified_gmt":"2018-03-02T19:46:23","slug":"presidenta-da-aciuba-demonstra-otimismo-sobre-a-maior-feira-de-moveis-de-minas-gerais","status":"publish","type":"post","link":"https:\/\/ubanews.com\/site\/2018\/02\/26\/presidenta-da-aciuba-demonstra-otimismo-sobre-a-maior-feira-de-moveis-de-minas-gerais\/","title":{"rendered":"Presidente da Aciub\u00e1 demonstra otimismo sobre a maior feira de m\u00f3veis de Minas Gerais"},"content":{"rendered":"<p>&nbsp;&nbsp;&nbsp;&nbsp;&nbsp;&nbsp;&nbsp;&nbsp;&nbsp;&nbsp;&nbsp;&nbsp;&nbsp;&nbsp; Miguel Arcanjo de Paula Batista em entrevista exclusiva rasgou elogios \u00e0 organiza\u00e7\u00e3o, o Intersind, os empres\u00e1rios e seus colaboradores. Para Miguel esse evento al\u00e9m de propiciar a manuten\u00e7\u00e3o dos mais de 15.000 empregos diretos, garantindo assim a estabilidade a trabalhadores e trabalhadoras do Polo Moveleiro, movimenta bares, botecos, lanchonetes, postos de combust\u00edveis, hot\u00e9is e restaurantes. Na qualidade do presidente da Aciub\u00e1, Miguel pede ao com\u00e9rcio que receba bem aos nossos ilustres visitantes.<\/p>\n<p><iframe width=\"560\" height=\"315\" data-src=\"https:\/\/www.youtube.com\/embed\/WQkh4hb_vFg\" frameborder=\"0\" allow=\"autoplay; encrypted-media\" allowfullscreen src=\"data:image\/svg+xml;base64,PHN2ZyB3aWR0aD0iMSIgaGVpZ2h0PSIxIiB4bWxucz0iaHR0cDovL3d3dy53My5vcmcvMjAwMC9zdmciPjwvc3ZnPg==\" class=\"lazyload\" data-load-mode=\"1\"><\/iframe><\/p>\n","protected":false},"excerpt":{"rendered":"<p>&nbsp;&nbsp;&nbsp;&nbsp;&nbsp;&nbsp;&nbsp;&nbsp;&nbsp;&nbsp;&nbsp;&nbsp;&nbsp;&nbsp; Miguel Arcanjo de Paula Batista em entrevista exclusiva rasgou<\/p>\n","protected":false},"author":2,"featured_media":240,"comment_status":"open","ping_status":"open","sticky":false,"template":"","format":"standard","meta":{"footnotes":""},"categories":[1],"tags":[],"class_list":["post-239","post","type-post","status-publish","format-standard","has-post-thumbnail","hentry","category-sem-categoria"],"yoast_head":"<!-- This site is optimized with the Yoast SEO plugin v27.2 - https:\/\/yoast.com\/product\/yoast-seo-wordpress\/ -->\n<title>Presidente da Aciub\u00e1 demonstra otimismo sobre a maior feira de m\u00f3veis de Minas Gerais - Ub\u00e1 News<\/title>\n<meta name=\"robots\" content=\"index, follow, max-snippet:-1, max-image-preview:large, max-video-preview:-1\" \/>\n<link rel=\"canonical\" href=\"https:\/\/ubanews.com\/site\/2018\/02\/26\/presidenta-da-aciuba-demonstra-otimismo-sobre-a-maior-feira-de-moveis-de-minas-gerais\/\" \/>\n<meta property=\"og:locale\" content=\"pt_BR\" \/>\n<meta property=\"og:type\" content=\"article\" \/>\n<meta property=\"og:title\" content=\"Presidente da Aciub\u00e1 demonstra otimismo sobre a maior feira de m\u00f3veis de Minas Gerais - Ub\u00e1 News\" \/>\n<meta property=\"og:description\" content=\"&nbsp;&nbsp;&nbsp;&nbsp;&nbsp;&nbsp;&nbsp;&nbsp;&nbsp;&nbsp;&nbsp;&nbsp;&nbsp;&nbsp; Miguel Arcanjo de Paula Batista em entrevista exclusiva rasgou\" \/>\n<meta property=\"og:url\" content=\"https:\/\/ubanews.com\/site\/2018\/02\/26\/presidenta-da-aciuba-demonstra-otimismo-sobre-a-maior-feira-de-moveis-de-minas-gerais\/\" \/>\n<meta property=\"og:site_name\" content=\"Ub\u00e1 News\" \/>\n<meta property=\"article:publisher\" content=\"https:\/\/www.facebook.com\/Ub%c3%a1News-Carlos-Roberto-Sodr%c3%a9-418778301977370\" \/>\n<meta property=\"article:author\" content=\"https:\/\/www.facebook.com\/carosroberto.sodre.5\/\" \/>\n<meta property=\"article:published_time\" content=\"2018-02-26T15:18:50+00:00\" \/>\n<meta property=\"article:modified_time\" content=\"2018-03-02T19:46:23+00:00\" \/>\n<meta property=\"og:image\" content=\"https:\/\/ubanews.com\/site\/wp-content\/uploads\/2018\/02\/Miguel.jpg\" \/>\n\t<meta property=\"og:image:width\" content=\"800\" \/>\n\t<meta property=\"og:image:height\" content=\"415\" \/>\n\t<meta property=\"og:image:type\" content=\"image\/jpeg\" \/>\n<meta name=\"author\" content=\"Sodr\u00e9\" \/>\n<meta name=\"twitter:card\" content=\"summary_large_image\" \/>\n<meta name=\"twitter:label1\" content=\"Escrito por\" \/>\n\t<meta name=\"twitter:data1\" content=\"Sodr\u00e9\" \/>\n<script type=\"application\/ld+json\" class=\"yoast-schema-graph\">{\"@context\":\"https:\/\/schema.org\",\"@graph\":[{\"@type\":\"Article\",\"@id\":\"https:\/\/ubanews.com\/site\/2018\/02\/26\/presidenta-da-aciuba-demonstra-otimismo-sobre-a-maior-feira-de-moveis-de-minas-gerais\/#article\",\"isPartOf\":{\"@id\":\"https:\/\/ubanews.com\/site\/2018\/02\/26\/presidenta-da-aciuba-demonstra-otimismo-sobre-a-maior-feira-de-moveis-de-minas-gerais\/\"},\"author\":{\"name\":\"Sodr\u00e9\",\"@id\":\"https:\/\/ubanews.com\/site\/#\/schema\/person\/d90c9e47252fbb63dcc969fe4c8b9d10\"},\"headline\":\"Presidente da Aciub\u00e1 demonstra otimismo sobre a maior feira de m\u00f3veis de Minas Gerais\",\"datePublished\":\"2018-02-26T15:18:50+00:00\",\"dateModified\":\"2018-03-02T19:46:23+00:00\",\"mainEntityOfPage\":{\"@id\":\"https:\/\/ubanews.com\/site\/2018\/02\/26\/presidenta-da-aciuba-demonstra-otimismo-sobre-a-maior-feira-de-moveis-de-minas-gerais\/\"},\"wordCount\":106,\"commentCount\":2,\"publisher\":{\"@id\":\"https:\/\/ubanews.com\/site\/#organization\"},\"image\":{\"@id\":\"https:\/\/ubanews.com\/site\/2018\/02\/26\/presidenta-da-aciuba-demonstra-otimismo-sobre-a-maior-feira-de-moveis-de-minas-gerais\/#primaryimage\"},\"thumbnailUrl\":\"https:\/\/ubanews.com\/site\/wp-content\/uploads\/2018\/02\/Miguel.jpg\",\"articleSection\":[\"Geral\"],\"inLanguage\":\"pt-BR\",\"potentialAction\":[{\"@type\":\"CommentAction\",\"name\":\"Comment\",\"target\":[\"https:\/\/ubanews.com\/site\/2018\/02\/26\/presidenta-da-aciuba-demonstra-otimismo-sobre-a-maior-feira-de-moveis-de-minas-gerais\/#respond\"]}]},{\"@type\":\"WebPage\",\"@id\":\"https:\/\/ubanews.com\/site\/2018\/02\/26\/presidenta-da-aciuba-demonstra-otimismo-sobre-a-maior-feira-de-moveis-de-minas-gerais\/\",\"url\":\"https:\/\/ubanews.com\/site\/2018\/02\/26\/presidenta-da-aciuba-demonstra-otimismo-sobre-a-maior-feira-de-moveis-de-minas-gerais\/\",\"name\":\"Presidente da Aciub\u00e1 demonstra otimismo sobre a maior feira de m\u00f3veis de Minas Gerais - Ub\u00e1 News\",\"isPartOf\":{\"@id\":\"https:\/\/ubanews.com\/site\/#website\"},\"primaryImageOfPage\":{\"@id\":\"https:\/\/ubanews.com\/site\/2018\/02\/26\/presidenta-da-aciuba-demonstra-otimismo-sobre-a-maior-feira-de-moveis-de-minas-gerais\/#primaryimage\"},\"image\":{\"@id\":\"https:\/\/ubanews.com\/site\/2018\/02\/26\/presidenta-da-aciuba-demonstra-otimismo-sobre-a-maior-feira-de-moveis-de-minas-gerais\/#primaryimage\"},\"thumbnailUrl\":\"https:\/\/ubanews.com\/site\/wp-content\/uploads\/2018\/02\/Miguel.jpg\",\"datePublished\":\"2018-02-26T15:18:50+00:00\",\"dateModified\":\"2018-03-02T19:46:23+00:00\",\"breadcrumb\":{\"@id\":\"https:\/\/ubanews.com\/site\/2018\/02\/26\/presidenta-da-aciuba-demonstra-otimismo-sobre-a-maior-feira-de-moveis-de-minas-gerais\/#breadcrumb\"},\"inLanguage\":\"pt-BR\",\"potentialAction\":[{\"@type\":\"ReadAction\",\"target\":[\"https:\/\/ubanews.com\/site\/2018\/02\/26\/presidenta-da-aciuba-demonstra-otimismo-sobre-a-maior-feira-de-moveis-de-minas-gerais\/\"]}]},{\"@type\":\"ImageObject\",\"inLanguage\":\"pt-BR\",\"@id\":\"https:\/\/ubanews.com\/site\/2018\/02\/26\/presidenta-da-aciuba-demonstra-otimismo-sobre-a-maior-feira-de-moveis-de-minas-gerais\/#primaryimage\",\"url\":\"https:\/\/ubanews.com\/site\/wp-content\/uploads\/2018\/02\/Miguel.jpg\",\"contentUrl\":\"https:\/\/ubanews.com\/site\/wp-content\/uploads\/2018\/02\/Miguel.jpg\",\"width\":800,\"height\":415},{\"@type\":\"BreadcrumbList\",\"@id\":\"https:\/\/ubanews.com\/site\/2018\/02\/26\/presidenta-da-aciuba-demonstra-otimismo-sobre-a-maior-feira-de-moveis-de-minas-gerais\/#breadcrumb\",\"itemListElement\":[{\"@type\":\"ListItem\",\"position\":1,\"name\":\"Home\",\"item\":\"https:\/\/ubanews.com\/site\/\"},{\"@type\":\"ListItem\",\"position\":2,\"name\":\"Presidente da Aciub\u00e1 demonstra otimismo sobre a maior feira de m\u00f3veis de Minas Gerais\"}]},{\"@type\":\"WebSite\",\"@id\":\"https:\/\/ubanews.com\/site\/#website\",\"url\":\"https:\/\/ubanews.com\/site\/\",\"name\":\"Ub\u00e1 News\",\"description\":\"\",\"publisher\":{\"@id\":\"https:\/\/ubanews.com\/site\/#organization\"},\"potentialAction\":[{\"@type\":\"SearchAction\",\"target\":{\"@type\":\"EntryPoint\",\"urlTemplate\":\"https:\/\/ubanews.com\/site\/?s={search_term_string}\"},\"query-input\":{\"@type\":\"PropertyValueSpecification\",\"valueRequired\":true,\"valueName\":\"search_term_string\"}}],\"inLanguage\":\"pt-BR\"},{\"@type\":\"Organization\",\"@id\":\"https:\/\/ubanews.com\/site\/#organization\",\"name\":\"Ub\u00e1 News\",\"url\":\"https:\/\/ubanews.com\/site\/\",\"logo\":{\"@type\":\"ImageObject\",\"inLanguage\":\"pt-BR\",\"@id\":\"https:\/\/ubanews.com\/site\/#\/schema\/logo\/image\/\",\"url\":\"https:\/\/ubanews.com\/site\/wp-content\/uploads\/2018\/01\/logoubanews.png\",\"contentUrl\":\"https:\/\/ubanews.com\/site\/wp-content\/uploads\/2018\/01\/logoubanews.png\",\"width\":261,\"height\":99,\"caption\":\"Ub\u00e1 News\"},\"image\":{\"@id\":\"https:\/\/ubanews.com\/site\/#\/schema\/logo\/image\/\"},\"sameAs\":[\"https:\/\/www.facebook.com\/Ub\u00e1News-Carlos-Roberto-Sodr\u00e9-418778301977370\"]},{\"@type\":\"Person\",\"@id\":\"https:\/\/ubanews.com\/site\/#\/schema\/person\/d90c9e47252fbb63dcc969fe4c8b9d10\",\"name\":\"Sodr\u00e9\",\"image\":{\"@type\":\"ImageObject\",\"inLanguage\":\"pt-BR\",\"@id\":\"https:\/\/secure.gravatar.com\/avatar\/5ba2793f0590b9dbfad3fdec4ee714485b3eef211c9b32ee53d414060454a56c?s=96&d=mm&r=g\",\"url\":\"https:\/\/secure.gravatar.com\/avatar\/5ba2793f0590b9dbfad3fdec4ee714485b3eef211c9b32ee53d414060454a56c?s=96&d=mm&r=g\",\"contentUrl\":\"https:\/\/secure.gravatar.com\/avatar\/5ba2793f0590b9dbfad3fdec4ee714485b3eef211c9b32ee53d414060454a56c?s=96&d=mm&r=g\",\"caption\":\"Sodr\u00e9\"},\"sameAs\":[\"https:\/\/www.facebook.com\/carosroberto.sodre.5\/\"],\"url\":\"https:\/\/ubanews.com\/site\/author\/felipe\/\"}]}<\/script>\n<!-- \/ Yoast SEO plugin. -->","yoast_head_json":{"title":"Presidente da Aciub\u00e1 demonstra otimismo sobre a maior feira de m\u00f3veis de Minas Gerais - Ub\u00e1 News","robots":{"index":"index","follow":"follow","max-snippet":"max-snippet:-1","max-image-preview":"max-image-preview:large","max-video-preview":"max-video-preview:-1"},"canonical":"https:\/\/ubanews.com\/site\/2018\/02\/26\/presidenta-da-aciuba-demonstra-otimismo-sobre-a-maior-feira-de-moveis-de-minas-gerais\/","og_locale":"pt_BR","og_type":"article","og_title":"Presidente da Aciub\u00e1 demonstra otimismo sobre a maior feira de m\u00f3veis de Minas Gerais - Ub\u00e1 News","og_description":"&nbsp;&nbsp;&nbsp;&nbsp;&nbsp;&nbsp;&nbsp;&nbsp;&nbsp;&nbsp;&nbsp;&nbsp;&nbsp;&nbsp; Miguel Arcanjo de Paula Batista em entrevista exclusiva rasgou","og_url":"https:\/\/ubanews.com\/site\/2018\/02\/26\/presidenta-da-aciuba-demonstra-otimismo-sobre-a-maior-feira-de-moveis-de-minas-gerais\/","og_site_name":"Ub\u00e1 News","article_publisher":"https:\/\/www.facebook.com\/Ub%c3%a1News-Carlos-Roberto-Sodr%c3%a9-418778301977370","article_author":"https:\/\/www.facebook.com\/carosroberto.sodre.5\/","article_published_time":"2018-02-26T15:18:50+00:00","article_modified_time":"2018-03-02T19:46:23+00:00","og_image":[{"width":800,"height":415,"url":"https:\/\/ubanews.com\/site\/wp-content\/uploads\/2018\/02\/Miguel.jpg","type":"image\/jpeg"}],"author":"Sodr\u00e9","twitter_card":"summary_large_image","twitter_misc":{"Escrito por":"Sodr\u00e9"},"schema":{"@context":"https:\/\/schema.org","@graph":[{"@type":"Article","@id":"https:\/\/ubanews.com\/site\/2018\/02\/26\/presidenta-da-aciuba-demonstra-otimismo-sobre-a-maior-feira-de-moveis-de-minas-gerais\/#article","isPartOf":{"@id":"https:\/\/ubanews.com\/site\/2018\/02\/26\/presidenta-da-aciuba-demonstra-otimismo-sobre-a-maior-feira-de-moveis-de-minas-gerais\/"},"author":{"name":"Sodr\u00e9","@id":"https:\/\/ubanews.com\/site\/#\/schema\/person\/d90c9e47252fbb63dcc969fe4c8b9d10"},"headline":"Presidente da Aciub\u00e1 demonstra otimismo sobre a maior feira de m\u00f3veis de Minas Gerais","datePublished":"2018-02-26T15:18:50+00:00","dateModified":"2018-03-02T19:46:23+00:00","mainEntityOfPage":{"@id":"https:\/\/ubanews.com\/site\/2018\/02\/26\/presidenta-da-aciuba-demonstra-otimismo-sobre-a-maior-feira-de-moveis-de-minas-gerais\/"},"wordCount":106,"commentCount":2,"publisher":{"@id":"https:\/\/ubanews.com\/site\/#organization"},"image":{"@id":"https:\/\/ubanews.com\/site\/2018\/02\/26\/presidenta-da-aciuba-demonstra-otimismo-sobre-a-maior-feira-de-moveis-de-minas-gerais\/#primaryimage"},"thumbnailUrl":"https:\/\/ubanews.com\/site\/wp-content\/uploads\/2018\/02\/Miguel.jpg","articleSection":["Geral"],"inLanguage":"pt-BR","potentialAction":[{"@type":"CommentAction","name":"Comment","target":["https:\/\/ubanews.com\/site\/2018\/02\/26\/presidenta-da-aciuba-demonstra-otimismo-sobre-a-maior-feira-de-moveis-de-minas-gerais\/#respond"]}]},{"@type":"WebPage","@id":"https:\/\/ubanews.com\/site\/2018\/02\/26\/presidenta-da-aciuba-demonstra-otimismo-sobre-a-maior-feira-de-moveis-de-minas-gerais\/","url":"https:\/\/ubanews.com\/site\/2018\/02\/26\/presidenta-da-aciuba-demonstra-otimismo-sobre-a-maior-feira-de-moveis-de-minas-gerais\/","name":"Presidente da Aciub\u00e1 demonstra otimismo sobre a maior feira de m\u00f3veis de Minas Gerais - Ub\u00e1 News","isPartOf":{"@id":"https:\/\/ubanews.com\/site\/#website"},"primaryImageOfPage":{"@id":"https:\/\/ubanews.com\/site\/2018\/02\/26\/presidenta-da-aciuba-demonstra-otimismo-sobre-a-maior-feira-de-moveis-de-minas-gerais\/#primaryimage"},"image":{"@id":"https:\/\/ubanews.com\/site\/2018\/02\/26\/presidenta-da-aciuba-demonstra-otimismo-sobre-a-maior-feira-de-moveis-de-minas-gerais\/#primaryimage"},"thumbnailUrl":"https:\/\/ubanews.com\/site\/wp-content\/uploads\/2018\/02\/Miguel.jpg","datePublished":"2018-02-26T15:18:50+00:00","dateModified":"2018-03-02T19:46:23+00:00","breadcrumb":{"@id":"https:\/\/ubanews.com\/site\/2018\/02\/26\/presidenta-da-aciuba-demonstra-otimismo-sobre-a-maior-feira-de-moveis-de-minas-gerais\/#breadcrumb"},"inLanguage":"pt-BR","potentialAction":[{"@type":"ReadAction","target":["https:\/\/ubanews.com\/site\/2018\/02\/26\/presidenta-da-aciuba-demonstra-otimismo-sobre-a-maior-feira-de-moveis-de-minas-gerais\/"]}]},{"@type":"ImageObject","inLanguage":"pt-BR","@id":"https:\/\/ubanews.com\/site\/2018\/02\/26\/presidenta-da-aciuba-demonstra-otimismo-sobre-a-maior-feira-de-moveis-de-minas-gerais\/#primaryimage","url":"https:\/\/ubanews.com\/site\/wp-content\/uploads\/2018\/02\/Miguel.jpg","contentUrl":"https:\/\/ubanews.com\/site\/wp-content\/uploads\/2018\/02\/Miguel.jpg","width":800,"height":415},{"@type":"BreadcrumbList","@id":"https:\/\/ubanews.com\/site\/2018\/02\/26\/presidenta-da-aciuba-demonstra-otimismo-sobre-a-maior-feira-de-moveis-de-minas-gerais\/#breadcrumb","itemListElement":[{"@type":"ListItem","position":1,"name":"Home","item":"https:\/\/ubanews.com\/site\/"},{"@type":"ListItem","position":2,"name":"Presidente da Aciub\u00e1 demonstra otimismo sobre a maior feira de m\u00f3veis de Minas Gerais"}]},{"@type":"WebSite","@id":"https:\/\/ubanews.com\/site\/#website","url":"https:\/\/ubanews.com\/site\/","name":"Ub\u00e1 News","description":"","publisher":{"@id":"https:\/\/ubanews.com\/site\/#organization"},"potentialAction":[{"@type":"SearchAction","target":{"@type":"EntryPoint","urlTemplate":"https:\/\/ubanews.com\/site\/?s={search_term_string}"},"query-input":{"@type":"PropertyValueSpecification","valueRequired":true,"valueName":"search_term_string"}}],"inLanguage":"pt-BR"},{"@type":"Organization","@id":"https:\/\/ubanews.com\/site\/#organization","name":"Ub\u00e1 News","url":"https:\/\/ubanews.com\/site\/","logo":{"@type":"ImageObject","inLanguage":"pt-BR","@id":"https:\/\/ubanews.com\/site\/#\/schema\/logo\/image\/","url":"https:\/\/ubanews.com\/site\/wp-content\/uploads\/2018\/01\/logoubanews.png","contentUrl":"https:\/\/ubanews.com\/site\/wp-content\/uploads\/2018\/01\/logoubanews.png","width":261,"height":99,"caption":"Ub\u00e1 News"},"image":{"@id":"https:\/\/ubanews.com\/site\/#\/schema\/logo\/image\/"},"sameAs":["https:\/\/www.facebook.com\/Ub\u00e1News-Carlos-Roberto-Sodr\u00e9-418778301977370"]},{"@type":"Person","@id":"https:\/\/ubanews.com\/site\/#\/schema\/person\/d90c9e47252fbb63dcc969fe4c8b9d10","name":"Sodr\u00e9","image":{"@type":"ImageObject","inLanguage":"pt-BR","@id":"https:\/\/secure.gravatar.com\/avatar\/5ba2793f0590b9dbfad3fdec4ee714485b3eef211c9b32ee53d414060454a56c?s=96&d=mm&r=g","url":"https:\/\/secure.gravatar.com\/avatar\/5ba2793f0590b9dbfad3fdec4ee714485b3eef211c9b32ee53d414060454a56c?s=96&d=mm&r=g","contentUrl":"https:\/\/secure.gravatar.com\/avatar\/5ba2793f0590b9dbfad3fdec4ee714485b3eef211c9b32ee53d414060454a56c?s=96&d=mm&r=g","caption":"Sodr\u00e9"},"sameAs":["https:\/\/www.facebook.com\/carosroberto.sodre.5\/"],"url":"https:\/\/ubanews.com\/site\/author\/felipe\/"}]}},"_links":{"self":[{"href":"https:\/\/ubanews.com\/site\/wp-json\/wp\/v2\/posts\/239","targetHints":{"allow":["GET"]}}],"collection":[{"href":"https:\/\/ubanews.com\/site\/wp-json\/wp\/v2\/posts"}],"about":[{"href":"https:\/\/ubanews.com\/site\/wp-json\/wp\/v2\/types\/post"}],"author":[{"embeddable":true,"href":"https:\/\/ubanews.com\/site\/wp-json\/wp\/v2\/users\/2"}],"replies":[{"embeddable":true,"href":"https:\/\/ubanews.com\/site\/wp-json\/wp\/v2\/comments?post=239"}],"version-history":[{"count":0,"href":"https:\/\/ubanews.com\/site\/wp-json\/wp\/v2\/posts\/239\/revisions"}],"wp:featuredmedia":[{"embeddable":true,"href":"https:\/\/ubanews.com\/site\/wp-json\/wp\/v2\/media\/240"}],"wp:attachment":[{"href":"https:\/\/ubanews.com\/site\/wp-json\/wp\/v2\/media?parent=239"}],"wp:term":[{"taxonomy":"category","embeddable":true,"href":"https:\/\/ubanews.com\/site\/wp-json\/wp\/v2\/categories?post=239"},{"taxonomy":"post_tag","embeddable":true,"href":"https:\/\/ubanews.com\/site\/wp-json\/wp\/v2\/tags?post=239"}],"curies":[{"name":"wp","href":"https:\/\/api.w.org\/{rel}","templated":true}]}}