{"id":23828,"date":"2026-01-29T13:24:27","date_gmt":"2026-01-29T16:24:27","guid":{"rendered":"https:\/\/ubanews.com\/site\/?p=23828"},"modified":"2026-01-29T13:48:56","modified_gmt":"2026-01-29T16:48:56","slug":"cerca-de-180-cabecas-de-gado-e-700-municoes-sao-apreendidas-na-zona-da-mata","status":"publish","type":"post","link":"https:\/\/ubanews.com\/site\/2026\/01\/29\/cerca-de-180-cabecas-de-gado-e-700-municoes-sao-apreendidas-na-zona-da-mata\/","title":{"rendered":"Cerca de 180 cabe\u00e7as de gado e 700 muni\u00e7\u00f5es s\u00e3o apreendidas na Zona da Mata"},"content":{"rendered":"\n<p>Cerca de 180 cabe\u00e7as de gado e 700 muni\u00e7\u00f5es s\u00e3o apreendidas na Zona da Mata<br>Opera\u00e7\u00e3o Boi na Linha resultou ainda na pris\u00e3o em flagrante de um suspeito pelos crimes de posse ilegal de arma de fogo e fraude processual.<\/p>\n\n\n\n<figure class=\"wp-block-video\"><video height=\"464\" style=\"aspect-ratio: 832 \/ 464;\" width=\"832\" controls src=\"https:\/\/ubanews.com\/site\/wp-content\/uploads\/2026\/01\/Policia-na-Acao-do-Roubo-e-Recuperacao-de-cerca-de-180-cabecas.mp4\"><\/video><\/figure>\n\n\n\n<h2 class=\"wp-block-heading\">Cerca de 180 cabe\u00e7as de gado e 700 muni\u00e7\u00f5es s\u00e3o apreendidas na Zona da Mata<\/h2>\n\n\n\n<figure class=\"wp-block-image size-full\"><img decoding=\"async\" width=\"800\" height=\"630\" data-src=\"https:\/\/ubanews.com\/site\/wp-content\/uploads\/2026\/01\/Cerca-de-180-cabecas-de-gado-e-700-municoes-sao-apreendidas-na-Zona-da-Mata-1-1.jpg\" alt=\"Cerca de 180 cabe\u00e7as de gado e 700 muni\u00e7\u00f5es s\u00e3o apreendidas na Zona da Mata\" class=\"wp-image-23837 lazyload\" data-srcset=\"https:\/\/ubanews.com\/site\/wp-content\/uploads\/2026\/01\/Cerca-de-180-cabecas-de-gado-e-700-municoes-sao-apreendidas-na-Zona-da-Mata-1-1.jpg 800w, https:\/\/ubanews.com\/site\/wp-content\/uploads\/2026\/01\/Cerca-de-180-cabecas-de-gado-e-700-municoes-sao-apreendidas-na-Zona-da-Mata-1-1-300x236.jpg 300w, https:\/\/ubanews.com\/site\/wp-content\/uploads\/2026\/01\/Cerca-de-180-cabecas-de-gado-e-700-municoes-sao-apreendidas-na-Zona-da-Mata-1-1-768x605.jpg 768w\" data-sizes=\"(max-width: 800px) 100vw, 800px\" src=\"data:image\/svg+xml;base64,PHN2ZyB3aWR0aD0iMSIgaGVpZ2h0PSIxIiB4bWxucz0iaHR0cDovL3d3dy53My5vcmcvMjAwMC9zdmciPjwvc3ZnPg==\" style=\"--smush-placeholder-width: 800px; --smush-placeholder-aspect-ratio: 800\/630;\" \/><\/figure>\n\n\n\n<p>A Pol\u00edcia Civil de Minas Gerais (PCMG), em a\u00e7\u00e3o integrada com a Pol\u00edcia Militar, deflagrou, nesta quinta-feira (29\/1), a opera\u00e7\u00e3o Boi na Linha, voltada \u00e0 repress\u00e3o ao furto de gado na regi\u00e3o da Zona da Mata. Durante a a\u00e7\u00e3o, foram apreendidos aproximadamente 180 animais, 700 muni\u00e7\u00f5es e duas armas de fogo.<br>O cumprimento dos mandados de busca e apreens\u00e3o ocorreu nos munic\u00edpios de Alvorada, Fervedouro e Pedra Dourada. No curso dos trabalhos, um homem, de 38 anos, foi preso em flagrante pelos crimes de posse ilegal de arma de fogo e muni\u00e7\u00e3o de uso permitido e fraude processual.<br>&#8220;A opera\u00e7\u00e3o tem como foco coibir o furto de gado na regi\u00e3o, crime que gera preju\u00edzos significativos aos produtores rurais e impacta diretamente a economia local. As investiga\u00e7\u00f5es seguem em andamento para identificar outros envolvidos e desarticular totalmente o esquema criminoso&#8221;, destaca o delegado Thales Borges Muniz, que coordenou a opera\u00e7\u00e3o.<br>Pela PCMG, participaram da a\u00e7\u00e3o equipes das delegacias em Tombos, Carangola, Divino e Fervedouro.<\/p>\n\n\n\n<figure class=\"wp-block-video\"><video height=\"850\" style=\"aspect-ratio: 478 \/ 850;\" width=\"478\" controls src=\"https:\/\/ubanews.com\/site\/wp-content\/uploads\/2026\/01\/Cerca-de-180-cabecas-de-gado-e-700-municoes-sao-apreendidas-na-Zona-da-Mata-2-1.mp4\"><\/video><\/figure>\n\n\n\n<figure class=\"wp-block-image size-large\"><img decoding=\"async\" width=\"576\" height=\"1024\" data-src=\"https:\/\/ubanews.com\/site\/wp-content\/uploads\/2026\/01\/Cerca-de-180-cabecas-de-gado-e-700-municoes-sao-apreendidas-na-Zona-da-Mata-3-1-576x1024.jpeg\" alt=\"Cerca de 180 cabe\u00e7as de gado e 700 muni\u00e7\u00f5es s\u00e3o apreendidas na Zona da Mata\" class=\"wp-image-23839 lazyload\" data-srcset=\"https:\/\/ubanews.com\/site\/wp-content\/uploads\/2026\/01\/Cerca-de-180-cabecas-de-gado-e-700-municoes-sao-apreendidas-na-Zona-da-Mata-3-1-576x1024.jpeg 576w, https:\/\/ubanews.com\/site\/wp-content\/uploads\/2026\/01\/Cerca-de-180-cabecas-de-gado-e-700-municoes-sao-apreendidas-na-Zona-da-Mata-3-1-169x300.jpeg 169w, https:\/\/ubanews.com\/site\/wp-content\/uploads\/2026\/01\/Cerca-de-180-cabecas-de-gado-e-700-municoes-sao-apreendidas-na-Zona-da-Mata-3-1-768x1365.jpeg 768w, https:\/\/ubanews.com\/site\/wp-content\/uploads\/2026\/01\/Cerca-de-180-cabecas-de-gado-e-700-municoes-sao-apreendidas-na-Zona-da-Mata-3-1-864x1536.jpeg 864w, https:\/\/ubanews.com\/site\/wp-content\/uploads\/2026\/01\/Cerca-de-180-cabecas-de-gado-e-700-municoes-sao-apreendidas-na-Zona-da-Mata-3-1.jpeg 900w\" data-sizes=\"(max-width: 576px) 100vw, 576px\" src=\"data:image\/svg+xml;base64,PHN2ZyB3aWR0aD0iMSIgaGVpZ2h0PSIxIiB4bWxucz0iaHR0cDovL3d3dy53My5vcmcvMjAwMC9zdmciPjwvc3ZnPg==\" style=\"--smush-placeholder-width: 576px; --smush-placeholder-aspect-ratio: 576\/1024;\" \/><\/figure>\n\n\n\n<figure class=\"wp-block-image size-large\"><img decoding=\"async\" width=\"1024\" height=\"768\" data-src=\"https:\/\/ubanews.com\/site\/wp-content\/uploads\/2026\/01\/Cerca-de-180-cabecas-de-gado-e-700-municoes-sao-apreendidas-na-Zona-da-Mata-4-1-1024x768.jpeg\" alt=\"Cerca de 180 cabe\u00e7as de gado e 700 muni\u00e7\u00f5es s\u00e3o apreendidas na Zona da Mata\" class=\"wp-image-23840 lazyload\" data-srcset=\"https:\/\/ubanews.com\/site\/wp-content\/uploads\/2026\/01\/Cerca-de-180-cabecas-de-gado-e-700-municoes-sao-apreendidas-na-Zona-da-Mata-4-1-1024x768.jpeg 1024w, https:\/\/ubanews.com\/site\/wp-content\/uploads\/2026\/01\/Cerca-de-180-cabecas-de-gado-e-700-municoes-sao-apreendidas-na-Zona-da-Mata-4-1-300x225.jpeg 300w, https:\/\/ubanews.com\/site\/wp-content\/uploads\/2026\/01\/Cerca-de-180-cabecas-de-gado-e-700-municoes-sao-apreendidas-na-Zona-da-Mata-4-1-768x576.jpeg 768w, https:\/\/ubanews.com\/site\/wp-content\/uploads\/2026\/01\/Cerca-de-180-cabecas-de-gado-e-700-municoes-sao-apreendidas-na-Zona-da-Mata-4-1.jpeg 1280w\" data-sizes=\"(max-width: 1024px) 100vw, 1024px\" src=\"data:image\/svg+xml;base64,PHN2ZyB3aWR0aD0iMSIgaGVpZ2h0PSIxIiB4bWxucz0iaHR0cDovL3d3dy53My5vcmcvMjAwMC9zdmciPjwvc3ZnPg==\" style=\"--smush-placeholder-width: 1024px; --smush-placeholder-aspect-ratio: 1024\/768;\" \/><\/figure>\n\n\n\n<figure class=\"wp-block-image size-large\"><img decoding=\"async\" width=\"449\" height=\"1024\" data-src=\"https:\/\/ubanews.com\/site\/wp-content\/uploads\/2026\/01\/Cerca-de-180-cabecas-de-gado-e-700-municoes-sao-apreendidas-na-Zona-da-Mata-5-1-449x1024.jpeg\" alt=\"Cerca de 180 cabe\u00e7as de gado e 700 muni\u00e7\u00f5es s\u00e3o apreendidas na Zona da Mata\" class=\"wp-image-23841 lazyload\" data-srcset=\"https:\/\/ubanews.com\/site\/wp-content\/uploads\/2026\/01\/Cerca-de-180-cabecas-de-gado-e-700-municoes-sao-apreendidas-na-Zona-da-Mata-5-1-449x1024.jpeg 449w, https:\/\/ubanews.com\/site\/wp-content\/uploads\/2026\/01\/Cerca-de-180-cabecas-de-gado-e-700-municoes-sao-apreendidas-na-Zona-da-Mata-5-1-132x300.jpeg 132w, https:\/\/ubanews.com\/site\/wp-content\/uploads\/2026\/01\/Cerca-de-180-cabecas-de-gado-e-700-municoes-sao-apreendidas-na-Zona-da-Mata-5-1-674x1536.jpeg 674w, https:\/\/ubanews.com\/site\/wp-content\/uploads\/2026\/01\/Cerca-de-180-cabecas-de-gado-e-700-municoes-sao-apreendidas-na-Zona-da-Mata-5-1.jpeg 702w\" data-sizes=\"(max-width: 449px) 100vw, 449px\" src=\"data:image\/svg+xml;base64,PHN2ZyB3aWR0aD0iMSIgaGVpZ2h0PSIxIiB4bWxucz0iaHR0cDovL3d3dy53My5vcmcvMjAwMC9zdmciPjwvc3ZnPg==\" style=\"--smush-placeholder-width: 449px; --smush-placeholder-aspect-ratio: 449\/1024;\" \/><\/figure>\n\n\n\n<figure class=\"wp-block-image size-large\"><img decoding=\"async\" width=\"691\" height=\"1024\" data-src=\"https:\/\/ubanews.com\/site\/wp-content\/uploads\/2026\/01\/Cerca-de-180-cabecas-de-gado-e-700-municoes-sao-apreendidas-na-Zona-da-Mata-1-1-691x1024.jpeg\" alt=\"Cerca de 180 cabe\u00e7as de gado e 700 muni\u00e7\u00f5es s\u00e3o apreendidas na Zona da Mata\" class=\"wp-image-23843 lazyload\" data-srcset=\"https:\/\/ubanews.com\/site\/wp-content\/uploads\/2026\/01\/Cerca-de-180-cabecas-de-gado-e-700-municoes-sao-apreendidas-na-Zona-da-Mata-1-1-691x1024.jpeg 691w, https:\/\/ubanews.com\/site\/wp-content\/uploads\/2026\/01\/Cerca-de-180-cabecas-de-gado-e-700-municoes-sao-apreendidas-na-Zona-da-Mata-1-1-203x300.jpeg 203w, https:\/\/ubanews.com\/site\/wp-content\/uploads\/2026\/01\/Cerca-de-180-cabecas-de-gado-e-700-municoes-sao-apreendidas-na-Zona-da-Mata-1-1-768x1138.jpeg 768w, https:\/\/ubanews.com\/site\/wp-content\/uploads\/2026\/01\/Cerca-de-180-cabecas-de-gado-e-700-municoes-sao-apreendidas-na-Zona-da-Mata-1-1.jpeg 864w\" data-sizes=\"(max-width: 691px) 100vw, 691px\" src=\"data:image\/svg+xml;base64,PHN2ZyB3aWR0aD0iMSIgaGVpZ2h0PSIxIiB4bWxucz0iaHR0cDovL3d3dy53My5vcmcvMjAwMC9zdmciPjwvc3ZnPg==\" style=\"--smush-placeholder-width: 691px; --smush-placeholder-aspect-ratio: 691\/1024;\" \/><\/figure>\n\n\n\n<figure class=\"wp-block-image size-large\"><img decoding=\"async\" width=\"246\" height=\"1024\" data-src=\"https:\/\/ubanews.com\/site\/wp-content\/uploads\/2026\/01\/Cerca-de-180-cabecas-de-gado-e-700-municoes-sao-apreendidas-na-Zona-da-Mata-2-1-246x1024.jpeg\" alt=\"Cerca de 180 cabe\u00e7as de gado e 700 muni\u00e7\u00f5es s\u00e3o apreendidas na Zona da Mata\" class=\"wp-image-23842 lazyload\" data-srcset=\"https:\/\/ubanews.com\/site\/wp-content\/uploads\/2026\/01\/Cerca-de-180-cabecas-de-gado-e-700-municoes-sao-apreendidas-na-Zona-da-Mata-2-1-246x1024.jpeg 246w, https:\/\/ubanews.com\/site\/wp-content\/uploads\/2026\/01\/Cerca-de-180-cabecas-de-gado-e-700-municoes-sao-apreendidas-na-Zona-da-Mata-2-1-72x300.jpeg 72w, https:\/\/ubanews.com\/site\/wp-content\/uploads\/2026\/01\/Cerca-de-180-cabecas-de-gado-e-700-municoes-sao-apreendidas-na-Zona-da-Mata-2-1.jpeg 285w\" data-sizes=\"(max-width: 246px) 100vw, 246px\" src=\"data:image\/svg+xml;base64,PHN2ZyB3aWR0aD0iMSIgaGVpZ2h0PSIxIiB4bWxucz0iaHR0cDovL3d3dy53My5vcmcvMjAwMC9zdmciPjwvc3ZnPg==\" style=\"--smush-placeholder-width: 246px; --smush-placeholder-aspect-ratio: 246\/1024;\" \/><\/figure>\n\n\n\n<figure class=\"wp-block-video\"><video height=\"848\" style=\"aspect-ratio: 480 \/ 848;\" width=\"480\" controls src=\"https:\/\/ubanews.com\/site\/wp-content\/uploads\/2026\/01\/Cerca-de-180-cabecas-de-gado-e-700-municoes-sao-apreendidas-na-Zona-da-Mata-1-1.mp4\"><\/video><\/figure>\n","protected":false},"excerpt":{"rendered":"<p>Cerca de 180 cabe\u00e7as de gado e 700 muni\u00e7\u00f5es s\u00e3o apreendidas na Zona da Mata. A Pol\u00edcia Civil de Minas Gerais (PCMG), em a\u00e7\u00e3o integrada com a Pol\u00edcia Militar, deflagrou, nesta quinta-feira (29\/1), a opera\u00e7\u00e3o Boi na Linha, voltada \u00e0 repress\u00e3o ao furto de gado na regi\u00e3o da Zona da Mata. <\/p>\n","protected":false},"author":4,"featured_media":23829,"comment_status":"open","ping_status":"open","sticky":false,"template":"","format":"standard","meta":{"footnotes":""},"categories":[13],"tags":[354],"class_list":["post-23828","post","type-post","status-publish","format-standard","has-post-thumbnail","hentry","category-sintese-das-ocorrencias","tag-roubo-de-gado"],"yoast_head":"<!-- This site is optimized with the Yoast SEO plugin v27.2 - https:\/\/yoast.com\/product\/yoast-seo-wordpress\/ -->\n<title>Cerca de 180 cabe\u00e7as de gado e 700 muni\u00e7\u00f5es s\u00e3o apreendidas na Zona da Mata - Ub\u00e1 News<\/title>\n<meta name=\"description\" content=\"Cerca de 180 cabe\u00e7as de gado e 700 muni\u00e7\u00f5es s\u00e3o apreendidas na Zona da Mata. A Pol\u00edcia Civil de Minas Gerais (PCMG), em a\u00e7\u00e3o integrada com a Pol\u00edcia Militar, deflagrou, nesta quinta-feira (29\/1), a opera\u00e7\u00e3o Boi na Linha, voltada \u00e0 repress\u00e3o ao furto de gado na regi\u00e3o da Zona da Mata.\" \/>\n<meta name=\"robots\" content=\"index, follow, max-snippet:-1, max-image-preview:large, max-video-preview:-1\" \/>\n<link rel=\"canonical\" href=\"https:\/\/ubanews.com\/site\/2026\/01\/29\/cerca-de-180-cabecas-de-gado-e-700-municoes-sao-apreendidas-na-zona-da-mata\/\" \/>\n<meta property=\"og:locale\" content=\"pt_BR\" \/>\n<meta property=\"og:type\" content=\"article\" \/>\n<meta property=\"og:title\" content=\"Cerca de 180 cabe\u00e7as de gado e 700 muni\u00e7\u00f5es s\u00e3o apreendidas na Zona da Mata - Ub\u00e1 News\" \/>\n<meta property=\"og:description\" content=\"Cerca de 180 cabe\u00e7as de gado e 700 muni\u00e7\u00f5es s\u00e3o apreendidas na Zona da Mata. A Pol\u00edcia Civil de Minas Gerais (PCMG), em a\u00e7\u00e3o integrada com a Pol\u00edcia Militar, deflagrou, nesta quinta-feira (29\/1), a opera\u00e7\u00e3o Boi na Linha, voltada \u00e0 repress\u00e3o ao furto de gado na regi\u00e3o da Zona da Mata.\" \/>\n<meta property=\"og:url\" content=\"https:\/\/ubanews.com\/site\/2026\/01\/29\/cerca-de-180-cabecas-de-gado-e-700-municoes-sao-apreendidas-na-zona-da-mata\/\" \/>\n<meta property=\"og:site_name\" content=\"Ub\u00e1 News\" \/>\n<meta property=\"article:publisher\" content=\"https:\/\/www.facebook.com\/Ub%c3%a1News-Carlos-Roberto-Sodr%c3%a9-418778301977370\" \/>\n<meta property=\"article:published_time\" content=\"2026-01-29T16:24:27+00:00\" \/>\n<meta property=\"article:modified_time\" content=\"2026-01-29T16:48:56+00:00\" \/>\n<meta property=\"og:image\" content=\"https:\/\/ubanews.com\/site\/wp-content\/uploads\/2026\/01\/Cerca-de-180-cabecas-de-gado-e-700-municoes-sao-apreendidas-na-Zona-da-Mata-1.jpg\" \/>\n\t<meta property=\"og:image:width\" content=\"800\" \/>\n\t<meta property=\"og:image:height\" content=\"630\" \/>\n\t<meta property=\"og:image:type\" content=\"image\/jpeg\" \/>\n<meta name=\"author\" content=\"Carlos Roberto Sodr\u00e9\" \/>\n<meta name=\"twitter:card\" content=\"summary_large_image\" \/>\n<meta name=\"twitter:label1\" content=\"Escrito por\" \/>\n\t<meta name=\"twitter:data1\" content=\"Carlos Roberto Sodr\u00e9\" \/>\n\t<meta name=\"twitter:label2\" content=\"Est. tempo de leitura\" \/>\n\t<meta name=\"twitter:data2\" content=\"3 minutos\" \/>\n<script type=\"application\/ld+json\" class=\"yoast-schema-graph\">{\"@context\":\"https:\/\/schema.org\",\"@graph\":[{\"@type\":\"Article\",\"@id\":\"https:\/\/ubanews.com\/site\/2026\/01\/29\/cerca-de-180-cabecas-de-gado-e-700-municoes-sao-apreendidas-na-zona-da-mata\/#article\",\"isPartOf\":{\"@id\":\"https:\/\/ubanews.com\/site\/2026\/01\/29\/cerca-de-180-cabecas-de-gado-e-700-municoes-sao-apreendidas-na-zona-da-mata\/\"},\"author\":{\"name\":\"Carlos Roberto Sodr\u00e9\",\"@id\":\"https:\/\/ubanews.com\/site\/#\/schema\/person\/9d8da9ec3c8d00640ab6e8c81e103310\"},\"headline\":\"Cerca de 180 cabe\u00e7as de gado e 700 muni\u00e7\u00f5es s\u00e3o apreendidas na Zona da Mata\",\"datePublished\":\"2026-01-29T16:24:27+00:00\",\"dateModified\":\"2026-01-29T16:48:56+00:00\",\"mainEntityOfPage\":{\"@id\":\"https:\/\/ubanews.com\/site\/2026\/01\/29\/cerca-de-180-cabecas-de-gado-e-700-municoes-sao-apreendidas-na-zona-da-mata\/\"},\"wordCount\":249,\"commentCount\":0,\"publisher\":{\"@id\":\"https:\/\/ubanews.com\/site\/#organization\"},\"image\":{\"@id\":\"https:\/\/ubanews.com\/site\/2026\/01\/29\/cerca-de-180-cabecas-de-gado-e-700-municoes-sao-apreendidas-na-zona-da-mata\/#primaryimage\"},\"thumbnailUrl\":\"https:\/\/ubanews.com\/site\/wp-content\/uploads\/2026\/01\/Cerca-de-180-cabecas-de-gado-e-700-municoes-sao-apreendidas-na-Zona-da-Mata-1.jpg\",\"keywords\":[\"Roubo de Gado\"],\"articleSection\":[\"S\u00edntese das Ocorr\u00eancias\"],\"inLanguage\":\"pt-BR\",\"potentialAction\":[{\"@type\":\"CommentAction\",\"name\":\"Comment\",\"target\":[\"https:\/\/ubanews.com\/site\/2026\/01\/29\/cerca-de-180-cabecas-de-gado-e-700-municoes-sao-apreendidas-na-zona-da-mata\/#respond\"]}]},{\"@type\":\"WebPage\",\"@id\":\"https:\/\/ubanews.com\/site\/2026\/01\/29\/cerca-de-180-cabecas-de-gado-e-700-municoes-sao-apreendidas-na-zona-da-mata\/\",\"url\":\"https:\/\/ubanews.com\/site\/2026\/01\/29\/cerca-de-180-cabecas-de-gado-e-700-municoes-sao-apreendidas-na-zona-da-mata\/\",\"name\":\"Cerca de 180 cabe\u00e7as de gado e 700 muni\u00e7\u00f5es s\u00e3o apreendidas na Zona da Mata - Ub\u00e1 News\",\"isPartOf\":{\"@id\":\"https:\/\/ubanews.com\/site\/#website\"},\"primaryImageOfPage\":{\"@id\":\"https:\/\/ubanews.com\/site\/2026\/01\/29\/cerca-de-180-cabecas-de-gado-e-700-municoes-sao-apreendidas-na-zona-da-mata\/#primaryimage\"},\"image\":{\"@id\":\"https:\/\/ubanews.com\/site\/2026\/01\/29\/cerca-de-180-cabecas-de-gado-e-700-municoes-sao-apreendidas-na-zona-da-mata\/#primaryimage\"},\"thumbnailUrl\":\"https:\/\/ubanews.com\/site\/wp-content\/uploads\/2026\/01\/Cerca-de-180-cabecas-de-gado-e-700-municoes-sao-apreendidas-na-Zona-da-Mata-1.jpg\",\"datePublished\":\"2026-01-29T16:24:27+00:00\",\"dateModified\":\"2026-01-29T16:48:56+00:00\",\"description\":\"Cerca de 180 cabe\u00e7as de gado e 700 muni\u00e7\u00f5es s\u00e3o apreendidas na Zona da Mata. A Pol\u00edcia Civil de Minas Gerais (PCMG), em a\u00e7\u00e3o integrada com a Pol\u00edcia Militar, deflagrou, nesta quinta-feira (29\/1), a opera\u00e7\u00e3o Boi na Linha, voltada \u00e0 repress\u00e3o ao furto de gado na regi\u00e3o da Zona da Mata.\",\"breadcrumb\":{\"@id\":\"https:\/\/ubanews.com\/site\/2026\/01\/29\/cerca-de-180-cabecas-de-gado-e-700-municoes-sao-apreendidas-na-zona-da-mata\/#breadcrumb\"},\"inLanguage\":\"pt-BR\",\"potentialAction\":[{\"@type\":\"ReadAction\",\"target\":[\"https:\/\/ubanews.com\/site\/2026\/01\/29\/cerca-de-180-cabecas-de-gado-e-700-municoes-sao-apreendidas-na-zona-da-mata\/\"]}]},{\"@type\":\"ImageObject\",\"inLanguage\":\"pt-BR\",\"@id\":\"https:\/\/ubanews.com\/site\/2026\/01\/29\/cerca-de-180-cabecas-de-gado-e-700-municoes-sao-apreendidas-na-zona-da-mata\/#primaryimage\",\"url\":\"https:\/\/ubanews.com\/site\/wp-content\/uploads\/2026\/01\/Cerca-de-180-cabecas-de-gado-e-700-municoes-sao-apreendidas-na-Zona-da-Mata-1.jpg\",\"contentUrl\":\"https:\/\/ubanews.com\/site\/wp-content\/uploads\/2026\/01\/Cerca-de-180-cabecas-de-gado-e-700-municoes-sao-apreendidas-na-Zona-da-Mata-1.jpg\",\"width\":800,\"height\":630},{\"@type\":\"BreadcrumbList\",\"@id\":\"https:\/\/ubanews.com\/site\/2026\/01\/29\/cerca-de-180-cabecas-de-gado-e-700-municoes-sao-apreendidas-na-zona-da-mata\/#breadcrumb\",\"itemListElement\":[{\"@type\":\"ListItem\",\"position\":1,\"name\":\"Home\",\"item\":\"https:\/\/ubanews.com\/site\/\"},{\"@type\":\"ListItem\",\"position\":2,\"name\":\"Cerca de 180 cabe\u00e7as de gado e 700 muni\u00e7\u00f5es s\u00e3o apreendidas na Zona da Mata\"}]},{\"@type\":\"WebSite\",\"@id\":\"https:\/\/ubanews.com\/site\/#website\",\"url\":\"https:\/\/ubanews.com\/site\/\",\"name\":\"Ub\u00e1 News\",\"description\":\"\",\"publisher\":{\"@id\":\"https:\/\/ubanews.com\/site\/#organization\"},\"potentialAction\":[{\"@type\":\"SearchAction\",\"target\":{\"@type\":\"EntryPoint\",\"urlTemplate\":\"https:\/\/ubanews.com\/site\/?s={search_term_string}\"},\"query-input\":{\"@type\":\"PropertyValueSpecification\",\"valueRequired\":true,\"valueName\":\"search_term_string\"}}],\"inLanguage\":\"pt-BR\"},{\"@type\":\"Organization\",\"@id\":\"https:\/\/ubanews.com\/site\/#organization\",\"name\":\"Ub\u00e1 News\",\"url\":\"https:\/\/ubanews.com\/site\/\",\"logo\":{\"@type\":\"ImageObject\",\"inLanguage\":\"pt-BR\",\"@id\":\"https:\/\/ubanews.com\/site\/#\/schema\/logo\/image\/\",\"url\":\"https:\/\/ubanews.com\/site\/wp-content\/uploads\/2018\/01\/logoubanews.png\",\"contentUrl\":\"https:\/\/ubanews.com\/site\/wp-content\/uploads\/2018\/01\/logoubanews.png\",\"width\":261,\"height\":99,\"caption\":\"Ub\u00e1 News\"},\"image\":{\"@id\":\"https:\/\/ubanews.com\/site\/#\/schema\/logo\/image\/\"},\"sameAs\":[\"https:\/\/www.facebook.com\/Ub\u00e1News-Carlos-Roberto-Sodr\u00e9-418778301977370\"]},{\"@type\":\"Person\",\"@id\":\"https:\/\/ubanews.com\/site\/#\/schema\/person\/9d8da9ec3c8d00640ab6e8c81e103310\",\"name\":\"Carlos Roberto Sodr\u00e9\",\"image\":{\"@type\":\"ImageObject\",\"inLanguage\":\"pt-BR\",\"@id\":\"https:\/\/secure.gravatar.com\/avatar\/aab322e8555b56c468614fafdab8a8f924e394cdc6cfd8232f77e9e4d123a133?s=96&d=mm&r=g\",\"url\":\"https:\/\/secure.gravatar.com\/avatar\/aab322e8555b56c468614fafdab8a8f924e394cdc6cfd8232f77e9e4d123a133?s=96&d=mm&r=g\",\"contentUrl\":\"https:\/\/secure.gravatar.com\/avatar\/aab322e8555b56c468614fafdab8a8f924e394cdc6cfd8232f77e9e4d123a133?s=96&d=mm&r=g\",\"caption\":\"Carlos Roberto Sodr\u00e9\"},\"url\":\"https:\/\/ubanews.com\/site\/author\/sodre\/\"}]}<\/script>\n<!-- \/ Yoast SEO plugin. -->","yoast_head_json":{"title":"Cerca de 180 cabe\u00e7as de gado e 700 muni\u00e7\u00f5es s\u00e3o apreendidas na Zona da Mata - Ub\u00e1 News","description":"Cerca de 180 cabe\u00e7as de gado e 700 muni\u00e7\u00f5es s\u00e3o apreendidas na Zona da Mata. A Pol\u00edcia Civil de Minas Gerais (PCMG), em a\u00e7\u00e3o integrada com a Pol\u00edcia Militar, deflagrou, nesta quinta-feira (29\/1), a opera\u00e7\u00e3o Boi na Linha, voltada \u00e0 repress\u00e3o ao furto de gado na regi\u00e3o da Zona da Mata.","robots":{"index":"index","follow":"follow","max-snippet":"max-snippet:-1","max-image-preview":"max-image-preview:large","max-video-preview":"max-video-preview:-1"},"canonical":"https:\/\/ubanews.com\/site\/2026\/01\/29\/cerca-de-180-cabecas-de-gado-e-700-municoes-sao-apreendidas-na-zona-da-mata\/","og_locale":"pt_BR","og_type":"article","og_title":"Cerca de 180 cabe\u00e7as de gado e 700 muni\u00e7\u00f5es s\u00e3o apreendidas na Zona da Mata - Ub\u00e1 News","og_description":"Cerca de 180 cabe\u00e7as de gado e 700 muni\u00e7\u00f5es s\u00e3o apreendidas na Zona da Mata. A Pol\u00edcia Civil de Minas Gerais (PCMG), em a\u00e7\u00e3o integrada com a Pol\u00edcia Militar, deflagrou, nesta quinta-feira (29\/1), a opera\u00e7\u00e3o Boi na Linha, voltada \u00e0 repress\u00e3o ao furto de gado na regi\u00e3o da Zona da Mata.","og_url":"https:\/\/ubanews.com\/site\/2026\/01\/29\/cerca-de-180-cabecas-de-gado-e-700-municoes-sao-apreendidas-na-zona-da-mata\/","og_site_name":"Ub\u00e1 News","article_publisher":"https:\/\/www.facebook.com\/Ub%c3%a1News-Carlos-Roberto-Sodr%c3%a9-418778301977370","article_published_time":"2026-01-29T16:24:27+00:00","article_modified_time":"2026-01-29T16:48:56+00:00","og_image":[{"width":800,"height":630,"url":"https:\/\/ubanews.com\/site\/wp-content\/uploads\/2026\/01\/Cerca-de-180-cabecas-de-gado-e-700-municoes-sao-apreendidas-na-Zona-da-Mata-1.jpg","type":"image\/jpeg"}],"author":"Carlos Roberto Sodr\u00e9","twitter_card":"summary_large_image","twitter_misc":{"Escrito por":"Carlos Roberto Sodr\u00e9","Est. tempo de leitura":"3 minutos"},"schema":{"@context":"https:\/\/schema.org","@graph":[{"@type":"Article","@id":"https:\/\/ubanews.com\/site\/2026\/01\/29\/cerca-de-180-cabecas-de-gado-e-700-municoes-sao-apreendidas-na-zona-da-mata\/#article","isPartOf":{"@id":"https:\/\/ubanews.com\/site\/2026\/01\/29\/cerca-de-180-cabecas-de-gado-e-700-municoes-sao-apreendidas-na-zona-da-mata\/"},"author":{"name":"Carlos Roberto Sodr\u00e9","@id":"https:\/\/ubanews.com\/site\/#\/schema\/person\/9d8da9ec3c8d00640ab6e8c81e103310"},"headline":"Cerca de 180 cabe\u00e7as de gado e 700 muni\u00e7\u00f5es s\u00e3o apreendidas na Zona da Mata","datePublished":"2026-01-29T16:24:27+00:00","dateModified":"2026-01-29T16:48:56+00:00","mainEntityOfPage":{"@id":"https:\/\/ubanews.com\/site\/2026\/01\/29\/cerca-de-180-cabecas-de-gado-e-700-municoes-sao-apreendidas-na-zona-da-mata\/"},"wordCount":249,"commentCount":0,"publisher":{"@id":"https:\/\/ubanews.com\/site\/#organization"},"image":{"@id":"https:\/\/ubanews.com\/site\/2026\/01\/29\/cerca-de-180-cabecas-de-gado-e-700-municoes-sao-apreendidas-na-zona-da-mata\/#primaryimage"},"thumbnailUrl":"https:\/\/ubanews.com\/site\/wp-content\/uploads\/2026\/01\/Cerca-de-180-cabecas-de-gado-e-700-municoes-sao-apreendidas-na-Zona-da-Mata-1.jpg","keywords":["Roubo de Gado"],"articleSection":["S\u00edntese das Ocorr\u00eancias"],"inLanguage":"pt-BR","potentialAction":[{"@type":"CommentAction","name":"Comment","target":["https:\/\/ubanews.com\/site\/2026\/01\/29\/cerca-de-180-cabecas-de-gado-e-700-municoes-sao-apreendidas-na-zona-da-mata\/#respond"]}]},{"@type":"WebPage","@id":"https:\/\/ubanews.com\/site\/2026\/01\/29\/cerca-de-180-cabecas-de-gado-e-700-municoes-sao-apreendidas-na-zona-da-mata\/","url":"https:\/\/ubanews.com\/site\/2026\/01\/29\/cerca-de-180-cabecas-de-gado-e-700-municoes-sao-apreendidas-na-zona-da-mata\/","name":"Cerca de 180 cabe\u00e7as de gado e 700 muni\u00e7\u00f5es s\u00e3o apreendidas na Zona da Mata - Ub\u00e1 News","isPartOf":{"@id":"https:\/\/ubanews.com\/site\/#website"},"primaryImageOfPage":{"@id":"https:\/\/ubanews.com\/site\/2026\/01\/29\/cerca-de-180-cabecas-de-gado-e-700-municoes-sao-apreendidas-na-zona-da-mata\/#primaryimage"},"image":{"@id":"https:\/\/ubanews.com\/site\/2026\/01\/29\/cerca-de-180-cabecas-de-gado-e-700-municoes-sao-apreendidas-na-zona-da-mata\/#primaryimage"},"thumbnailUrl":"https:\/\/ubanews.com\/site\/wp-content\/uploads\/2026\/01\/Cerca-de-180-cabecas-de-gado-e-700-municoes-sao-apreendidas-na-Zona-da-Mata-1.jpg","datePublished":"2026-01-29T16:24:27+00:00","dateModified":"2026-01-29T16:48:56+00:00","description":"Cerca de 180 cabe\u00e7as de gado e 700 muni\u00e7\u00f5es s\u00e3o apreendidas na Zona da Mata. A Pol\u00edcia Civil de Minas Gerais (PCMG), em a\u00e7\u00e3o integrada com a Pol\u00edcia Militar, deflagrou, nesta quinta-feira (29\/1), a opera\u00e7\u00e3o Boi na Linha, voltada \u00e0 repress\u00e3o ao furto de gado na regi\u00e3o da Zona da Mata.","breadcrumb":{"@id":"https:\/\/ubanews.com\/site\/2026\/01\/29\/cerca-de-180-cabecas-de-gado-e-700-municoes-sao-apreendidas-na-zona-da-mata\/#breadcrumb"},"inLanguage":"pt-BR","potentialAction":[{"@type":"ReadAction","target":["https:\/\/ubanews.com\/site\/2026\/01\/29\/cerca-de-180-cabecas-de-gado-e-700-municoes-sao-apreendidas-na-zona-da-mata\/"]}]},{"@type":"ImageObject","inLanguage":"pt-BR","@id":"https:\/\/ubanews.com\/site\/2026\/01\/29\/cerca-de-180-cabecas-de-gado-e-700-municoes-sao-apreendidas-na-zona-da-mata\/#primaryimage","url":"https:\/\/ubanews.com\/site\/wp-content\/uploads\/2026\/01\/Cerca-de-180-cabecas-de-gado-e-700-municoes-sao-apreendidas-na-Zona-da-Mata-1.jpg","contentUrl":"https:\/\/ubanews.com\/site\/wp-content\/uploads\/2026\/01\/Cerca-de-180-cabecas-de-gado-e-700-municoes-sao-apreendidas-na-Zona-da-Mata-1.jpg","width":800,"height":630},{"@type":"BreadcrumbList","@id":"https:\/\/ubanews.com\/site\/2026\/01\/29\/cerca-de-180-cabecas-de-gado-e-700-municoes-sao-apreendidas-na-zona-da-mata\/#breadcrumb","itemListElement":[{"@type":"ListItem","position":1,"name":"Home","item":"https:\/\/ubanews.com\/site\/"},{"@type":"ListItem","position":2,"name":"Cerca de 180 cabe\u00e7as de gado e 700 muni\u00e7\u00f5es s\u00e3o apreendidas na Zona da Mata"}]},{"@type":"WebSite","@id":"https:\/\/ubanews.com\/site\/#website","url":"https:\/\/ubanews.com\/site\/","name":"Ub\u00e1 News","description":"","publisher":{"@id":"https:\/\/ubanews.com\/site\/#organization"},"potentialAction":[{"@type":"SearchAction","target":{"@type":"EntryPoint","urlTemplate":"https:\/\/ubanews.com\/site\/?s={search_term_string}"},"query-input":{"@type":"PropertyValueSpecification","valueRequired":true,"valueName":"search_term_string"}}],"inLanguage":"pt-BR"},{"@type":"Organization","@id":"https:\/\/ubanews.com\/site\/#organization","name":"Ub\u00e1 News","url":"https:\/\/ubanews.com\/site\/","logo":{"@type":"ImageObject","inLanguage":"pt-BR","@id":"https:\/\/ubanews.com\/site\/#\/schema\/logo\/image\/","url":"https:\/\/ubanews.com\/site\/wp-content\/uploads\/2018\/01\/logoubanews.png","contentUrl":"https:\/\/ubanews.com\/site\/wp-content\/uploads\/2018\/01\/logoubanews.png","width":261,"height":99,"caption":"Ub\u00e1 News"},"image":{"@id":"https:\/\/ubanews.com\/site\/#\/schema\/logo\/image\/"},"sameAs":["https:\/\/www.facebook.com\/Ub\u00e1News-Carlos-Roberto-Sodr\u00e9-418778301977370"]},{"@type":"Person","@id":"https:\/\/ubanews.com\/site\/#\/schema\/person\/9d8da9ec3c8d00640ab6e8c81e103310","name":"Carlos Roberto Sodr\u00e9","image":{"@type":"ImageObject","inLanguage":"pt-BR","@id":"https:\/\/secure.gravatar.com\/avatar\/aab322e8555b56c468614fafdab8a8f924e394cdc6cfd8232f77e9e4d123a133?s=96&d=mm&r=g","url":"https:\/\/secure.gravatar.com\/avatar\/aab322e8555b56c468614fafdab8a8f924e394cdc6cfd8232f77e9e4d123a133?s=96&d=mm&r=g","contentUrl":"https:\/\/secure.gravatar.com\/avatar\/aab322e8555b56c468614fafdab8a8f924e394cdc6cfd8232f77e9e4d123a133?s=96&d=mm&r=g","caption":"Carlos Roberto Sodr\u00e9"},"url":"https:\/\/ubanews.com\/site\/author\/sodre\/"}]}},"_links":{"self":[{"href":"https:\/\/ubanews.com\/site\/wp-json\/wp\/v2\/posts\/23828","targetHints":{"allow":["GET"]}}],"collection":[{"href":"https:\/\/ubanews.com\/site\/wp-json\/wp\/v2\/posts"}],"about":[{"href":"https:\/\/ubanews.com\/site\/wp-json\/wp\/v2\/types\/post"}],"author":[{"embeddable":true,"href":"https:\/\/ubanews.com\/site\/wp-json\/wp\/v2\/users\/4"}],"replies":[{"embeddable":true,"href":"https:\/\/ubanews.com\/site\/wp-json\/wp\/v2\/comments?post=23828"}],"version-history":[{"count":0,"href":"https:\/\/ubanews.com\/site\/wp-json\/wp\/v2\/posts\/23828\/revisions"}],"wp:featuredmedia":[{"embeddable":true,"href":"https:\/\/ubanews.com\/site\/wp-json\/wp\/v2\/media\/23829"}],"wp:attachment":[{"href":"https:\/\/ubanews.com\/site\/wp-json\/wp\/v2\/media?parent=23828"}],"wp:term":[{"taxonomy":"category","embeddable":true,"href":"https:\/\/ubanews.com\/site\/wp-json\/wp\/v2\/categories?post=23828"},{"taxonomy":"post_tag","embeddable":true,"href":"https:\/\/ubanews.com\/site\/wp-json\/wp\/v2\/tags?post=23828"}],"curies":[{"name":"wp","href":"https:\/\/api.w.org\/{rel}","templated":true}]}}