{"id":23818,"date":"2026-01-28T12:06:55","date_gmt":"2026-01-28T15:06:55","guid":{"rendered":"https:\/\/ubanews.com\/site\/?p=23818"},"modified":"2026-01-28T15:57:29","modified_gmt":"2026-01-28T18:57:29","slug":"acao-integrada-resulta-em-prisao-de-investigado-por-furtos-em-cataguases","status":"publish","type":"post","link":"https:\/\/ubanews.com\/site\/2026\/01\/28\/acao-integrada-resulta-em-prisao-de-investigado-por-furtos-em-cataguases\/","title":{"rendered":"A\u00e7\u00e3o integrada resulta em pris\u00e3o de investigado por furtos em Cataguases"},"content":{"rendered":"\n<p>A\u00e7\u00e3o integrada resulta em pris\u00e3o de investigado por furtos em Cataguases<br>Homem de 31 anos foi preso em cumprimento de mandado preventivo ap\u00f3s investiga\u00e7\u00e3o da PCMG.<\/p>\n\n\n\n<p>A Pol\u00edcia Civil de Minas Gerais (PCMG), em a\u00e7\u00e3o integrada com a Pol\u00edcia Militar (PMMG), prendeu, na tarde de ontem (27\/1), um homem de 31 anos, no Centro de Cataguases, Zona da Mata, em cumprimento de mandado de pris\u00e3o preventiva.<br>A ordem judicial foi representada pela PCMG, no curso das investiga\u00e7\u00f5es que apuram a pr\u00e1tica de furto ocorrido em uma resid\u00eancia localizada na regi\u00e3o central da cidade, al\u00e9m do envolvimento do investigado em outros delitos patrimoniais registrados recentemente no munic\u00edpio.<\/p>\n\n\n\n<figure class=\"wp-block-image size-full\"><img decoding=\"async\" width=\"800\" height=\"630\" data-src=\"https:\/\/ubanews.com\/site\/wp-content\/uploads\/2026\/01\/WhatsApp-Image-2026-01-28-at-11.45.14.jpeg\" alt=\"\" class=\"wp-image-23819 lazyload\" data-srcset=\"https:\/\/ubanews.com\/site\/wp-content\/uploads\/2026\/01\/WhatsApp-Image-2026-01-28-at-11.45.14.jpeg 800w, https:\/\/ubanews.com\/site\/wp-content\/uploads\/2026\/01\/WhatsApp-Image-2026-01-28-at-11.45.14-300x236.jpeg 300w, https:\/\/ubanews.com\/site\/wp-content\/uploads\/2026\/01\/WhatsApp-Image-2026-01-28-at-11.45.14-768x605.jpeg 768w\" data-sizes=\"(max-width: 800px) 100vw, 800px\" src=\"data:image\/svg+xml;base64,PHN2ZyB3aWR0aD0iMSIgaGVpZ2h0PSIxIiB4bWxucz0iaHR0cDovL3d3dy53My5vcmcvMjAwMC9zdmciPjwvc3ZnPg==\" style=\"--smush-placeholder-width: 800px; --smush-placeholder-aspect-ratio: 800\/630;\" \/><\/figure>\n\n\n\n<p>Outros crimes<br>De acordo com o delegado respons\u00e1vel pelo caso, Marcelo Manna, o homem j\u00e1 era conhecido no meio policial, possuindo extensa ficha de antecedentes criminais, com dez passagens por furto e uma por roubo, sendo que, em sua maioria, os crimes ocorreram durante a madrugada ou no per\u00edodo noturno. &#8220;Trata-se de um investigado contumaz na pr\u00e1tica de crimes patrimoniais, cuja pris\u00e3o representa importante resposta \u00e0 sociedade&#8221;, destacou Manna.<br>O suspeito tamb\u00e9m \u00e9 investigado por furto qualificado ocorrido na madrugada da \u00faltima segunda-feira (26\/1), no posto de sa\u00fade do bairro Bandeirantes, ocasi\u00e3o em que foi subtra\u00eddo um condensador de ar-condicionado. Na ocasi\u00e3o, c\u00e2meras de monitoramento flagraram o suspeito carregando o equipamento nas costas pelas ruas do bairro.<\/p>\n\n\n\n<p>Giesp<br>A pris\u00e3o integra a\u00e7\u00f5es desenvolvidas no \u00e2mbito do Grupo Integrado Estrat\u00e9gico de Seguran\u00e7a P\u00fablica (Giesp), que re\u00fane a Pol\u00edcia Civil, Pol\u00edcia Militar e Minist\u00e9rio P\u00fablico, refor\u00e7ando a atua\u00e7\u00e3o conjunta das institui\u00e7\u00f5es no enfrentamento \u00e0 criminalidade e na promo\u00e7\u00e3o da seguran\u00e7a da popula\u00e7\u00e3o.<br>Ap\u00f3s os procedimentos de pol\u00edcia judici\u00e1ria, o investigado foi encaminhado ao sistema prisional e permanece \u00e0 disposi\u00e7\u00e3o da Justi\u00e7a.<\/p>\n","protected":false},"excerpt":{"rendered":"<p>A\u00e7\u00e3o integrada resulta em pris\u00e3o de investigado por furtos em Cataguases<br \/>\nHomem de 31 anos foi preso em cumprimento de mandado preventivo ap\u00f3s investiga\u00e7\u00e3o da PCMG.<\/p>\n","protected":false},"author":4,"featured_media":23819,"comment_status":"open","ping_status":"open","sticky":false,"template":"","format":"standard","meta":{"footnotes":""},"categories":[13],"tags":[343,222],"class_list":["post-23818","post","type-post","status-publish","format-standard","has-post-thumbnail","hentry","category-sintese-das-ocorrencias","tag-ocorrencia-policia","tag-ocorrencia-policial"],"yoast_head":"<!-- This site is optimized with the Yoast SEO plugin v27.2 - https:\/\/yoast.com\/product\/yoast-seo-wordpress\/ -->\n<title>A\u00e7\u00e3o integrada resulta em pris\u00e3o de investigado por furtos em Cataguases - Ub\u00e1 News<\/title>\n<meta name=\"description\" content=\"A\u00e7\u00e3o integrada resulta em pris\u00e3o de investigado por furtos em Cataguases. Homem de 31 anos foi preso em cumprimento de mandado preventivo.\" \/>\n<meta name=\"robots\" content=\"index, follow, max-snippet:-1, max-image-preview:large, max-video-preview:-1\" \/>\n<link rel=\"canonical\" href=\"https:\/\/ubanews.com\/site\/2026\/01\/28\/acao-integrada-resulta-em-prisao-de-investigado-por-furtos-em-cataguases\/\" \/>\n<meta property=\"og:locale\" content=\"pt_BR\" \/>\n<meta property=\"og:type\" content=\"article\" \/>\n<meta property=\"og:title\" content=\"A\u00e7\u00e3o integrada resulta em pris\u00e3o de investigado por furtos em Cataguases - Ub\u00e1 News\" \/>\n<meta property=\"og:description\" content=\"A\u00e7\u00e3o integrada resulta em pris\u00e3o de investigado por furtos em Cataguases. Homem de 31 anos foi preso em cumprimento de mandado preventivo.\" \/>\n<meta property=\"og:url\" content=\"https:\/\/ubanews.com\/site\/2026\/01\/28\/acao-integrada-resulta-em-prisao-de-investigado-por-furtos-em-cataguases\/\" \/>\n<meta property=\"og:site_name\" content=\"Ub\u00e1 News\" \/>\n<meta property=\"article:publisher\" content=\"https:\/\/www.facebook.com\/Ub%c3%a1News-Carlos-Roberto-Sodr%c3%a9-418778301977370\" \/>\n<meta property=\"article:published_time\" content=\"2026-01-28T15:06:55+00:00\" \/>\n<meta property=\"article:modified_time\" content=\"2026-01-28T18:57:29+00:00\" \/>\n<meta property=\"og:image\" content=\"https:\/\/ubanews.com\/site\/wp-content\/uploads\/2026\/01\/WhatsApp-Image-2026-01-28-at-11.45.14.jpeg\" \/>\n\t<meta property=\"og:image:width\" content=\"800\" \/>\n\t<meta property=\"og:image:height\" content=\"630\" \/>\n\t<meta property=\"og:image:type\" content=\"image\/jpeg\" \/>\n<meta name=\"author\" content=\"Carlos Roberto Sodr\u00e9\" \/>\n<meta name=\"twitter:card\" content=\"summary_large_image\" \/>\n<meta name=\"twitter:label1\" content=\"Escrito por\" \/>\n\t<meta name=\"twitter:data1\" content=\"Carlos Roberto Sodr\u00e9\" \/>\n\t<meta name=\"twitter:label2\" content=\"Est. tempo de leitura\" \/>\n\t<meta name=\"twitter:data2\" content=\"2 minutos\" \/>\n<script type=\"application\/ld+json\" class=\"yoast-schema-graph\">{\"@context\":\"https:\/\/schema.org\",\"@graph\":[{\"@type\":\"Article\",\"@id\":\"https:\/\/ubanews.com\/site\/2026\/01\/28\/acao-integrada-resulta-em-prisao-de-investigado-por-furtos-em-cataguases\/#article\",\"isPartOf\":{\"@id\":\"https:\/\/ubanews.com\/site\/2026\/01\/28\/acao-integrada-resulta-em-prisao-de-investigado-por-furtos-em-cataguases\/\"},\"author\":{\"name\":\"Carlos Roberto Sodr\u00e9\",\"@id\":\"https:\/\/ubanews.com\/site\/#\/schema\/person\/9d8da9ec3c8d00640ab6e8c81e103310\"},\"headline\":\"A\u00e7\u00e3o integrada resulta em pris\u00e3o de investigado por furtos em Cataguases\",\"datePublished\":\"2026-01-28T15:06:55+00:00\",\"dateModified\":\"2026-01-28T18:57:29+00:00\",\"mainEntityOfPage\":{\"@id\":\"https:\/\/ubanews.com\/site\/2026\/01\/28\/acao-integrada-resulta-em-prisao-de-investigado-por-furtos-em-cataguases\/\"},\"wordCount\":332,\"commentCount\":0,\"publisher\":{\"@id\":\"https:\/\/ubanews.com\/site\/#organization\"},\"image\":{\"@id\":\"https:\/\/ubanews.com\/site\/2026\/01\/28\/acao-integrada-resulta-em-prisao-de-investigado-por-furtos-em-cataguases\/#primaryimage\"},\"thumbnailUrl\":\"https:\/\/ubanews.com\/site\/wp-content\/uploads\/2026\/01\/WhatsApp-Image-2026-01-28-at-11.45.14.jpeg\",\"keywords\":[\"Ocorrencia Policia\",\"Ocorr\u00eancia Policial\"],\"articleSection\":[\"S\u00edntese das Ocorr\u00eancias\"],\"inLanguage\":\"pt-BR\",\"potentialAction\":[{\"@type\":\"CommentAction\",\"name\":\"Comment\",\"target\":[\"https:\/\/ubanews.com\/site\/2026\/01\/28\/acao-integrada-resulta-em-prisao-de-investigado-por-furtos-em-cataguases\/#respond\"]}]},{\"@type\":\"WebPage\",\"@id\":\"https:\/\/ubanews.com\/site\/2026\/01\/28\/acao-integrada-resulta-em-prisao-de-investigado-por-furtos-em-cataguases\/\",\"url\":\"https:\/\/ubanews.com\/site\/2026\/01\/28\/acao-integrada-resulta-em-prisao-de-investigado-por-furtos-em-cataguases\/\",\"name\":\"A\u00e7\u00e3o integrada resulta em pris\u00e3o de investigado por furtos em Cataguases - Ub\u00e1 News\",\"isPartOf\":{\"@id\":\"https:\/\/ubanews.com\/site\/#website\"},\"primaryImageOfPage\":{\"@id\":\"https:\/\/ubanews.com\/site\/2026\/01\/28\/acao-integrada-resulta-em-prisao-de-investigado-por-furtos-em-cataguases\/#primaryimage\"},\"image\":{\"@id\":\"https:\/\/ubanews.com\/site\/2026\/01\/28\/acao-integrada-resulta-em-prisao-de-investigado-por-furtos-em-cataguases\/#primaryimage\"},\"thumbnailUrl\":\"https:\/\/ubanews.com\/site\/wp-content\/uploads\/2026\/01\/WhatsApp-Image-2026-01-28-at-11.45.14.jpeg\",\"datePublished\":\"2026-01-28T15:06:55+00:00\",\"dateModified\":\"2026-01-28T18:57:29+00:00\",\"description\":\"A\u00e7\u00e3o integrada resulta em pris\u00e3o de investigado por furtos em Cataguases. Homem de 31 anos foi preso em cumprimento de mandado preventivo.\",\"breadcrumb\":{\"@id\":\"https:\/\/ubanews.com\/site\/2026\/01\/28\/acao-integrada-resulta-em-prisao-de-investigado-por-furtos-em-cataguases\/#breadcrumb\"},\"inLanguage\":\"pt-BR\",\"potentialAction\":[{\"@type\":\"ReadAction\",\"target\":[\"https:\/\/ubanews.com\/site\/2026\/01\/28\/acao-integrada-resulta-em-prisao-de-investigado-por-furtos-em-cataguases\/\"]}]},{\"@type\":\"ImageObject\",\"inLanguage\":\"pt-BR\",\"@id\":\"https:\/\/ubanews.com\/site\/2026\/01\/28\/acao-integrada-resulta-em-prisao-de-investigado-por-furtos-em-cataguases\/#primaryimage\",\"url\":\"https:\/\/ubanews.com\/site\/wp-content\/uploads\/2026\/01\/WhatsApp-Image-2026-01-28-at-11.45.14.jpeg\",\"contentUrl\":\"https:\/\/ubanews.com\/site\/wp-content\/uploads\/2026\/01\/WhatsApp-Image-2026-01-28-at-11.45.14.jpeg\",\"width\":800,\"height\":630,\"caption\":\"Homem de 31 anos foi preso em cumprimento de mandado preventiv\"},{\"@type\":\"BreadcrumbList\",\"@id\":\"https:\/\/ubanews.com\/site\/2026\/01\/28\/acao-integrada-resulta-em-prisao-de-investigado-por-furtos-em-cataguases\/#breadcrumb\",\"itemListElement\":[{\"@type\":\"ListItem\",\"position\":1,\"name\":\"Home\",\"item\":\"https:\/\/ubanews.com\/site\/\"},{\"@type\":\"ListItem\",\"position\":2,\"name\":\"A\u00e7\u00e3o integrada resulta em pris\u00e3o de investigado por furtos em Cataguases\"}]},{\"@type\":\"WebSite\",\"@id\":\"https:\/\/ubanews.com\/site\/#website\",\"url\":\"https:\/\/ubanews.com\/site\/\",\"name\":\"Ub\u00e1 News\",\"description\":\"\",\"publisher\":{\"@id\":\"https:\/\/ubanews.com\/site\/#organization\"},\"potentialAction\":[{\"@type\":\"SearchAction\",\"target\":{\"@type\":\"EntryPoint\",\"urlTemplate\":\"https:\/\/ubanews.com\/site\/?s={search_term_string}\"},\"query-input\":{\"@type\":\"PropertyValueSpecification\",\"valueRequired\":true,\"valueName\":\"search_term_string\"}}],\"inLanguage\":\"pt-BR\"},{\"@type\":\"Organization\",\"@id\":\"https:\/\/ubanews.com\/site\/#organization\",\"name\":\"Ub\u00e1 News\",\"url\":\"https:\/\/ubanews.com\/site\/\",\"logo\":{\"@type\":\"ImageObject\",\"inLanguage\":\"pt-BR\",\"@id\":\"https:\/\/ubanews.com\/site\/#\/schema\/logo\/image\/\",\"url\":\"https:\/\/ubanews.com\/site\/wp-content\/uploads\/2018\/01\/logoubanews.png\",\"contentUrl\":\"https:\/\/ubanews.com\/site\/wp-content\/uploads\/2018\/01\/logoubanews.png\",\"width\":261,\"height\":99,\"caption\":\"Ub\u00e1 News\"},\"image\":{\"@id\":\"https:\/\/ubanews.com\/site\/#\/schema\/logo\/image\/\"},\"sameAs\":[\"https:\/\/www.facebook.com\/Ub\u00e1News-Carlos-Roberto-Sodr\u00e9-418778301977370\"]},{\"@type\":\"Person\",\"@id\":\"https:\/\/ubanews.com\/site\/#\/schema\/person\/9d8da9ec3c8d00640ab6e8c81e103310\",\"name\":\"Carlos Roberto Sodr\u00e9\",\"image\":{\"@type\":\"ImageObject\",\"inLanguage\":\"pt-BR\",\"@id\":\"https:\/\/secure.gravatar.com\/avatar\/aab322e8555b56c468614fafdab8a8f924e394cdc6cfd8232f77e9e4d123a133?s=96&d=mm&r=g\",\"url\":\"https:\/\/secure.gravatar.com\/avatar\/aab322e8555b56c468614fafdab8a8f924e394cdc6cfd8232f77e9e4d123a133?s=96&d=mm&r=g\",\"contentUrl\":\"https:\/\/secure.gravatar.com\/avatar\/aab322e8555b56c468614fafdab8a8f924e394cdc6cfd8232f77e9e4d123a133?s=96&d=mm&r=g\",\"caption\":\"Carlos Roberto Sodr\u00e9\"},\"url\":\"https:\/\/ubanews.com\/site\/author\/sodre\/\"}]}<\/script>\n<!-- \/ Yoast SEO plugin. -->","yoast_head_json":{"title":"A\u00e7\u00e3o integrada resulta em pris\u00e3o de investigado por furtos em Cataguases - Ub\u00e1 News","description":"A\u00e7\u00e3o integrada resulta em pris\u00e3o de investigado por furtos em Cataguases. Homem de 31 anos foi preso em cumprimento de mandado preventivo.","robots":{"index":"index","follow":"follow","max-snippet":"max-snippet:-1","max-image-preview":"max-image-preview:large","max-video-preview":"max-video-preview:-1"},"canonical":"https:\/\/ubanews.com\/site\/2026\/01\/28\/acao-integrada-resulta-em-prisao-de-investigado-por-furtos-em-cataguases\/","og_locale":"pt_BR","og_type":"article","og_title":"A\u00e7\u00e3o integrada resulta em pris\u00e3o de investigado por furtos em Cataguases - Ub\u00e1 News","og_description":"A\u00e7\u00e3o integrada resulta em pris\u00e3o de investigado por furtos em Cataguases. Homem de 31 anos foi preso em cumprimento de mandado preventivo.","og_url":"https:\/\/ubanews.com\/site\/2026\/01\/28\/acao-integrada-resulta-em-prisao-de-investigado-por-furtos-em-cataguases\/","og_site_name":"Ub\u00e1 News","article_publisher":"https:\/\/www.facebook.com\/Ub%c3%a1News-Carlos-Roberto-Sodr%c3%a9-418778301977370","article_published_time":"2026-01-28T15:06:55+00:00","article_modified_time":"2026-01-28T18:57:29+00:00","og_image":[{"width":800,"height":630,"url":"https:\/\/ubanews.com\/site\/wp-content\/uploads\/2026\/01\/WhatsApp-Image-2026-01-28-at-11.45.14.jpeg","type":"image\/jpeg"}],"author":"Carlos Roberto Sodr\u00e9","twitter_card":"summary_large_image","twitter_misc":{"Escrito por":"Carlos Roberto Sodr\u00e9","Est. tempo de leitura":"2 minutos"},"schema":{"@context":"https:\/\/schema.org","@graph":[{"@type":"Article","@id":"https:\/\/ubanews.com\/site\/2026\/01\/28\/acao-integrada-resulta-em-prisao-de-investigado-por-furtos-em-cataguases\/#article","isPartOf":{"@id":"https:\/\/ubanews.com\/site\/2026\/01\/28\/acao-integrada-resulta-em-prisao-de-investigado-por-furtos-em-cataguases\/"},"author":{"name":"Carlos Roberto Sodr\u00e9","@id":"https:\/\/ubanews.com\/site\/#\/schema\/person\/9d8da9ec3c8d00640ab6e8c81e103310"},"headline":"A\u00e7\u00e3o integrada resulta em pris\u00e3o de investigado por furtos em Cataguases","datePublished":"2026-01-28T15:06:55+00:00","dateModified":"2026-01-28T18:57:29+00:00","mainEntityOfPage":{"@id":"https:\/\/ubanews.com\/site\/2026\/01\/28\/acao-integrada-resulta-em-prisao-de-investigado-por-furtos-em-cataguases\/"},"wordCount":332,"commentCount":0,"publisher":{"@id":"https:\/\/ubanews.com\/site\/#organization"},"image":{"@id":"https:\/\/ubanews.com\/site\/2026\/01\/28\/acao-integrada-resulta-em-prisao-de-investigado-por-furtos-em-cataguases\/#primaryimage"},"thumbnailUrl":"https:\/\/ubanews.com\/site\/wp-content\/uploads\/2026\/01\/WhatsApp-Image-2026-01-28-at-11.45.14.jpeg","keywords":["Ocorrencia Policia","Ocorr\u00eancia Policial"],"articleSection":["S\u00edntese das Ocorr\u00eancias"],"inLanguage":"pt-BR","potentialAction":[{"@type":"CommentAction","name":"Comment","target":["https:\/\/ubanews.com\/site\/2026\/01\/28\/acao-integrada-resulta-em-prisao-de-investigado-por-furtos-em-cataguases\/#respond"]}]},{"@type":"WebPage","@id":"https:\/\/ubanews.com\/site\/2026\/01\/28\/acao-integrada-resulta-em-prisao-de-investigado-por-furtos-em-cataguases\/","url":"https:\/\/ubanews.com\/site\/2026\/01\/28\/acao-integrada-resulta-em-prisao-de-investigado-por-furtos-em-cataguases\/","name":"A\u00e7\u00e3o integrada resulta em pris\u00e3o de investigado por furtos em Cataguases - Ub\u00e1 News","isPartOf":{"@id":"https:\/\/ubanews.com\/site\/#website"},"primaryImageOfPage":{"@id":"https:\/\/ubanews.com\/site\/2026\/01\/28\/acao-integrada-resulta-em-prisao-de-investigado-por-furtos-em-cataguases\/#primaryimage"},"image":{"@id":"https:\/\/ubanews.com\/site\/2026\/01\/28\/acao-integrada-resulta-em-prisao-de-investigado-por-furtos-em-cataguases\/#primaryimage"},"thumbnailUrl":"https:\/\/ubanews.com\/site\/wp-content\/uploads\/2026\/01\/WhatsApp-Image-2026-01-28-at-11.45.14.jpeg","datePublished":"2026-01-28T15:06:55+00:00","dateModified":"2026-01-28T18:57:29+00:00","description":"A\u00e7\u00e3o integrada resulta em pris\u00e3o de investigado por furtos em Cataguases. Homem de 31 anos foi preso em cumprimento de mandado preventivo.","breadcrumb":{"@id":"https:\/\/ubanews.com\/site\/2026\/01\/28\/acao-integrada-resulta-em-prisao-de-investigado-por-furtos-em-cataguases\/#breadcrumb"},"inLanguage":"pt-BR","potentialAction":[{"@type":"ReadAction","target":["https:\/\/ubanews.com\/site\/2026\/01\/28\/acao-integrada-resulta-em-prisao-de-investigado-por-furtos-em-cataguases\/"]}]},{"@type":"ImageObject","inLanguage":"pt-BR","@id":"https:\/\/ubanews.com\/site\/2026\/01\/28\/acao-integrada-resulta-em-prisao-de-investigado-por-furtos-em-cataguases\/#primaryimage","url":"https:\/\/ubanews.com\/site\/wp-content\/uploads\/2026\/01\/WhatsApp-Image-2026-01-28-at-11.45.14.jpeg","contentUrl":"https:\/\/ubanews.com\/site\/wp-content\/uploads\/2026\/01\/WhatsApp-Image-2026-01-28-at-11.45.14.jpeg","width":800,"height":630,"caption":"Homem de 31 anos foi preso em cumprimento de mandado preventiv"},{"@type":"BreadcrumbList","@id":"https:\/\/ubanews.com\/site\/2026\/01\/28\/acao-integrada-resulta-em-prisao-de-investigado-por-furtos-em-cataguases\/#breadcrumb","itemListElement":[{"@type":"ListItem","position":1,"name":"Home","item":"https:\/\/ubanews.com\/site\/"},{"@type":"ListItem","position":2,"name":"A\u00e7\u00e3o integrada resulta em pris\u00e3o de investigado por furtos em Cataguases"}]},{"@type":"WebSite","@id":"https:\/\/ubanews.com\/site\/#website","url":"https:\/\/ubanews.com\/site\/","name":"Ub\u00e1 News","description":"","publisher":{"@id":"https:\/\/ubanews.com\/site\/#organization"},"potentialAction":[{"@type":"SearchAction","target":{"@type":"EntryPoint","urlTemplate":"https:\/\/ubanews.com\/site\/?s={search_term_string}"},"query-input":{"@type":"PropertyValueSpecification","valueRequired":true,"valueName":"search_term_string"}}],"inLanguage":"pt-BR"},{"@type":"Organization","@id":"https:\/\/ubanews.com\/site\/#organization","name":"Ub\u00e1 News","url":"https:\/\/ubanews.com\/site\/","logo":{"@type":"ImageObject","inLanguage":"pt-BR","@id":"https:\/\/ubanews.com\/site\/#\/schema\/logo\/image\/","url":"https:\/\/ubanews.com\/site\/wp-content\/uploads\/2018\/01\/logoubanews.png","contentUrl":"https:\/\/ubanews.com\/site\/wp-content\/uploads\/2018\/01\/logoubanews.png","width":261,"height":99,"caption":"Ub\u00e1 News"},"image":{"@id":"https:\/\/ubanews.com\/site\/#\/schema\/logo\/image\/"},"sameAs":["https:\/\/www.facebook.com\/Ub\u00e1News-Carlos-Roberto-Sodr\u00e9-418778301977370"]},{"@type":"Person","@id":"https:\/\/ubanews.com\/site\/#\/schema\/person\/9d8da9ec3c8d00640ab6e8c81e103310","name":"Carlos Roberto Sodr\u00e9","image":{"@type":"ImageObject","inLanguage":"pt-BR","@id":"https:\/\/secure.gravatar.com\/avatar\/aab322e8555b56c468614fafdab8a8f924e394cdc6cfd8232f77e9e4d123a133?s=96&d=mm&r=g","url":"https:\/\/secure.gravatar.com\/avatar\/aab322e8555b56c468614fafdab8a8f924e394cdc6cfd8232f77e9e4d123a133?s=96&d=mm&r=g","contentUrl":"https:\/\/secure.gravatar.com\/avatar\/aab322e8555b56c468614fafdab8a8f924e394cdc6cfd8232f77e9e4d123a133?s=96&d=mm&r=g","caption":"Carlos Roberto Sodr\u00e9"},"url":"https:\/\/ubanews.com\/site\/author\/sodre\/"}]}},"_links":{"self":[{"href":"https:\/\/ubanews.com\/site\/wp-json\/wp\/v2\/posts\/23818","targetHints":{"allow":["GET"]}}],"collection":[{"href":"https:\/\/ubanews.com\/site\/wp-json\/wp\/v2\/posts"}],"about":[{"href":"https:\/\/ubanews.com\/site\/wp-json\/wp\/v2\/types\/post"}],"author":[{"embeddable":true,"href":"https:\/\/ubanews.com\/site\/wp-json\/wp\/v2\/users\/4"}],"replies":[{"embeddable":true,"href":"https:\/\/ubanews.com\/site\/wp-json\/wp\/v2\/comments?post=23818"}],"version-history":[{"count":0,"href":"https:\/\/ubanews.com\/site\/wp-json\/wp\/v2\/posts\/23818\/revisions"}],"wp:featuredmedia":[{"embeddable":true,"href":"https:\/\/ubanews.com\/site\/wp-json\/wp\/v2\/media\/23819"}],"wp:attachment":[{"href":"https:\/\/ubanews.com\/site\/wp-json\/wp\/v2\/media?parent=23818"}],"wp:term":[{"taxonomy":"category","embeddable":true,"href":"https:\/\/ubanews.com\/site\/wp-json\/wp\/v2\/categories?post=23818"},{"taxonomy":"post_tag","embeddable":true,"href":"https:\/\/ubanews.com\/site\/wp-json\/wp\/v2\/tags?post=23818"}],"curies":[{"name":"wp","href":"https:\/\/api.w.org\/{rel}","templated":true}]}}