{"id":23812,"date":"2026-01-28T09:07:50","date_gmt":"2026-01-28T12:07:50","guid":{"rendered":"https:\/\/ubanews.com\/site\/?p=23812"},"modified":"2026-01-28T09:52:17","modified_gmt":"2026-01-28T12:52:17","slug":"segundo-dia-da-femur-2026-mostra-forca-da-industria-moveleira","status":"publish","type":"post","link":"https:\/\/ubanews.com\/site\/2026\/01\/28\/segundo-dia-da-femur-2026-mostra-forca-da-industria-moveleira\/","title":{"rendered":"Segundo dia da FEMUR 2026 mostra for\u00e7a da ind\u00fastria moveleira"},"content":{"rendered":"\n<h1 class=\"wp-block-heading\"><strong>Segundo dia da FEMUR 2026 mostra for\u00e7a da ind\u00fastria moveleira e Sodr\u00e9 registra tudo de perto<\/strong><\/h1>\n\n\n\n<p>O segundo dia da <strong>Feira FEMUR 2026<\/strong> confirmou o que a Zona da Mata Mineira j\u00e1 sabia: o polo moveleiro de Ub\u00e1 vive um dos seus melhores momentos. E o <strong>Programa Fala Sodr\u00e9<\/strong> esteve presente novamente, colhendo relatos, opini\u00f5es e informa\u00e7\u00f5es que refor\u00e7am a relev\u00e2ncia dessa vitrine industrial para o Brasil e para o mundo.<\/p>\n\n\n\n<p>Com reportagem de <strong>Carlos Roberto Sodr\u00e9<\/strong>, imagens de <strong>Laisa Sodr\u00e9<\/strong> e gera\u00e7\u00e3o de conte\u00fado de <strong>Pedro Henriques (INDICCA.COM)<\/strong>, o registro deste movimento industrial deixa claro: a FEMUR avan\u00e7a, se profissionaliza e projeta Ub\u00e1 ainda mais no cen\u00e1rio nacional.<\/p>\n\n\n\n<hr class=\"wp-block-separator has-alpha-channel-opacity\"\/>\n\n\n\n<h2 class=\"wp-block-heading\"><strong>P\u00fablico cresce e movimenta os corredores da feira<\/strong><\/h2>\n\n\n\n<p>Logo no in\u00edcio da cobertura, Sodr\u00e9 destacou a intensa movimenta\u00e7\u00e3o no pavilh\u00e3o.<br>E, segundo organizadores e expositores, o p\u00fablico realmente cresceu em rela\u00e7\u00e3o ao primeiro dia.<\/p>\n\n\n\n<p><strong>\u201cVisualmente, a ter\u00e7a-feira superou a segunda-feira\u201d<\/strong>, relatou Sodr\u00e9 ao caminhar pelos corredores lotados.<\/p>\n\n\n\n<p>A presen\u00e7a de lojistas, arquitetos, compradores internacionais e empres\u00e1rios do setor animou a todos. A expectativa \u00e9 que a FEMUR 2026 supere os n\u00fameros da edi\u00e7\u00e3o anterior e gere ainda mais neg\u00f3cios para o polo moveleiro.<\/p>\n\n\n\n<hr class=\"wp-block-separator has-alpha-channel-opacity\"\/>\n\n\n\n<h2 class=\"wp-block-heading\"><strong>Infraestrutura melhora e expositores reconhecem evolu\u00e7\u00e3o<\/strong><\/h2>\n\n\n\n<p>Ainda durante a cobertura, Sodr\u00e9 destacou as melhorias claras na estrutura do evento.<br>E essa percep\u00e7\u00e3o foi confirmada pelos entrevistados.<\/p>\n\n\n\n<p>A moderniza\u00e7\u00e3o da rede el\u00e9trica, a amplia\u00e7\u00e3o da cobertura de internet e a organiza\u00e7\u00e3o log\u00edstica chamaram aten\u00e7\u00e3o.<\/p>\n\n\n\n<p>Segundo coment\u00e1rios colhidos por Sodr\u00e9, muitos expositores procuraram a organiza\u00e7\u00e3o para <strong>elogiar<\/strong> as melhorias.<\/p>\n\n\n\n<p><strong>\u201cO padr\u00e3o da feira subiu muito; elevou o n\u00edvel do evento e mostrou que quando Ub\u00e1 quer, Ub\u00e1 aparece\u201d<\/strong>, declarou um dos representantes da administra\u00e7\u00e3o da feira durante a conversa.<\/p>\n\n\n\n<p>Esse reconhecimento demonstra que o investimento em qualidade atrai visitantes e refor\u00e7a a credibilidade do polo industrial.<\/p>\n\n\n\n<figure class=\"wp-block-image size-large\"><img decoding=\"async\" width=\"1024\" height=\"569\" data-src=\"https:\/\/ubanews.com\/site\/wp-content\/uploads\/2026\/01\/Fala-Sodre-Gilberto-da-Salleto-com-Carlos-Roberto-Sodre-na-FEMUR-2026-em-seu-segundo-dia-de-funcionamento-1024x569.jpg\" alt=\"Segundo dia da FEMUR 2026 mostra for\u00e7a da ind\u00fastria moveleira\" class=\"wp-image-23813 lazyload\" data-srcset=\"https:\/\/ubanews.com\/site\/wp-content\/uploads\/2026\/01\/Fala-Sodre-Gilberto-da-Salleto-com-Carlos-Roberto-Sodre-na-FEMUR-2026-em-seu-segundo-dia-de-funcionamento-1024x569.jpg 1024w, https:\/\/ubanews.com\/site\/wp-content\/uploads\/2026\/01\/Fala-Sodre-Gilberto-da-Salleto-com-Carlos-Roberto-Sodre-na-FEMUR-2026-em-seu-segundo-dia-de-funcionamento-300x167.jpg 300w, https:\/\/ubanews.com\/site\/wp-content\/uploads\/2026\/01\/Fala-Sodre-Gilberto-da-Salleto-com-Carlos-Roberto-Sodre-na-FEMUR-2026-em-seu-segundo-dia-de-funcionamento-768x427.jpg 768w, https:\/\/ubanews.com\/site\/wp-content\/uploads\/2026\/01\/Fala-Sodre-Gilberto-da-Salleto-com-Carlos-Roberto-Sodre-na-FEMUR-2026-em-seu-segundo-dia-de-funcionamento-360x200.jpg 360w, https:\/\/ubanews.com\/site\/wp-content\/uploads\/2026\/01\/Fala-Sodre-Gilberto-da-Salleto-com-Carlos-Roberto-Sodre-na-FEMUR-2026-em-seu-segundo-dia-de-funcionamento.jpg 1067w\" data-sizes=\"(max-width: 1024px) 100vw, 1024px\" src=\"data:image\/svg+xml;base64,PHN2ZyB3aWR0aD0iMSIgaGVpZ2h0PSIxIiB4bWxucz0iaHR0cDovL3d3dy53My5vcmcvMjAwMC9zdmciPjwvc3ZnPg==\" style=\"--smush-placeholder-width: 1024px; --smush-placeholder-aspect-ratio: 1024\/569;\" \/><\/figure>\n\n\n\n<h2 class=\"wp-block-heading\"><strong>Gilberto da Salleto fala sobre uni\u00e3o industrial e fortalecimento do Intersind<\/strong><\/h2>\n\n\n\n<p>Entre os entrevistados do dia, o destaque ficou para <strong>Gilberto Teixeira Pereira Coelho<\/strong>, mais conhecido como <strong>Gilberto da Salleto<\/strong>.<br>Atualmente presidente do <strong>Intersind<\/strong>, ele lidera um dos movimentos industriais mais importantes da regi\u00e3o.<\/p>\n\n\n\n<p>Gilberto conversou com Sodr\u00e9 sobre o papel do Intersind na integra\u00e7\u00e3o dos empres\u00e1rios e na defesa da competitividade do polo moveleiro.<\/p>\n\n\n\n<p><strong>\u201cA uni\u00e3o do setor moveleiro \u00e9 essencial. Quando o coletivo trabalha junto, todos ganham\u201d<\/strong>, afirmou Gilberto.<\/p>\n\n\n\n<p>Ele destacou tamb\u00e9m que o Intersind desempenha um papel fundamental ao mediar demandas, incentivar melhorias e promover a\u00e7\u00f5es que beneficiam desde microempresas at\u00e9 grandes ind\u00fastrias.<\/p>\n\n\n\n<p>Segundo ele, a FEMUR \u00e9 um dos s\u00edmbolos dessa for\u00e7a coletiva.<\/p>\n\n\n\n<p><strong>\u201cA feira \u00e9 o momento em que mostramos ao pa\u00eds que nossa regi\u00e3o tem capacidade, criatividade e comprometimento\u201d<\/strong>, refor\u00e7ou Gilberto.<\/p>\n\n\n\n<figure class=\"wp-block-image size-large\"><img decoding=\"async\" width=\"1024\" height=\"569\" data-src=\"https:\/\/ubanews.com\/site\/wp-content\/uploads\/2026\/01\/Fala-Sodre-Aureo-Calcado-da-Carolina-Baby-com-Carlos-Roberto-Sodre-na-FEMUR-2026-em-seu-segundo-dia-de-funcionamento-1024x569.jpg\" alt=\"Segundo dia da FEMUR 2026 mostra for\u00e7a da ind\u00fastria moveleira\" class=\"wp-image-23814 lazyload\" data-srcset=\"https:\/\/ubanews.com\/site\/wp-content\/uploads\/2026\/01\/Fala-Sodre-Aureo-Calcado-da-Carolina-Baby-com-Carlos-Roberto-Sodre-na-FEMUR-2026-em-seu-segundo-dia-de-funcionamento-1024x569.jpg 1024w, https:\/\/ubanews.com\/site\/wp-content\/uploads\/2026\/01\/Fala-Sodre-Aureo-Calcado-da-Carolina-Baby-com-Carlos-Roberto-Sodre-na-FEMUR-2026-em-seu-segundo-dia-de-funcionamento-300x167.jpg 300w, https:\/\/ubanews.com\/site\/wp-content\/uploads\/2026\/01\/Fala-Sodre-Aureo-Calcado-da-Carolina-Baby-com-Carlos-Roberto-Sodre-na-FEMUR-2026-em-seu-segundo-dia-de-funcionamento-768x427.jpg 768w, https:\/\/ubanews.com\/site\/wp-content\/uploads\/2026\/01\/Fala-Sodre-Aureo-Calcado-da-Carolina-Baby-com-Carlos-Roberto-Sodre-na-FEMUR-2026-em-seu-segundo-dia-de-funcionamento-360x200.jpg 360w, https:\/\/ubanews.com\/site\/wp-content\/uploads\/2026\/01\/Fala-Sodre-Aureo-Calcado-da-Carolina-Baby-com-Carlos-Roberto-Sodre-na-FEMUR-2026-em-seu-segundo-dia-de-funcionamento.jpg 1067w\" data-sizes=\"(max-width: 1024px) 100vw, 1024px\" src=\"data:image\/svg+xml;base64,PHN2ZyB3aWR0aD0iMSIgaGVpZ2h0PSIxIiB4bWxucz0iaHR0cDovL3d3dy53My5vcmcvMjAwMC9zdmciPjwvc3ZnPg==\" style=\"--smush-placeholder-width: 1024px; --smush-placeholder-aspect-ratio: 1024\/569;\" \/><\/figure>\n\n\n\n<h2 class=\"wp-block-heading\"><strong>\u00c1ureo Cal\u00e7ado Barbosa, da Carolina Baby, refor\u00e7a import\u00e2ncia de inova\u00e7\u00e3o e efici\u00eancia<\/strong><\/h2>\n\n\n\n<p>O rep\u00f3rter tamb\u00e9m conversou com <strong>\u00c1ureo Cal\u00e7ado<\/strong> <strong>Barbosa<\/strong>, representante da tradicional <strong>Carolina Baby<\/strong>, uma empresa que se tornou refer\u00eancia nacional na produ\u00e7\u00e3o de m\u00f3veis infantis.<\/p>\n\n\n\n<p>Para \u00c1ureo, a FEMUR 2026 marca uma nova etapa da empresa e do setor.<\/p>\n\n\n\n<p><strong>\u201cHoje o consumidor busca n\u00e3o s\u00f3 beleza, mas tamb\u00e9m tecnologia e seguran\u00e7a. A feira \u00e9 o ambiente ideal para apresentar essas inova\u00e7\u00f5es\u201d<\/strong>, afirmou.<\/p>\n\n\n\n<p>Ele comentou sobre os desafios atuais da ind\u00fastria, especialmente a necessidade de unir processos eficientes, novas tecnologias e design acess\u00edvel.<\/p>\n\n\n\n<p><strong>\u201cQuando evolu\u00edmos em processos, o retorno aparece. Investir faz diferen\u00e7a\u201d<\/strong>, destacou \u00c1ureo.<\/p>\n\n\n\n<h2 class=\"wp-block-heading\"><strong>Tecnologia e profissionaliza\u00e7\u00e3o impulsionam o polo moveleiro<\/strong><\/h2>\n\n\n\n<p>Ao longo da cobertura, Sodr\u00e9 conversou com diversos expositores e empres\u00e1rios.<br>E todos foram un\u00e2nimes: <strong>o polo est\u00e1 mais profissional, mais tecnol\u00f3gico e mais conectado<\/strong>.<\/p>\n\n\n\n<p>Hoje, cada estande opera com sistemas pr\u00f3prios de internet, apresenta\u00e7\u00f5es digitais, cat\u00e1logos interativos e solu\u00e7\u00f5es que aproximam a ind\u00fastria do varejo.<\/p>\n\n\n\n<p>Essa evolu\u00e7\u00e3o refor\u00e7a o caminho de crescimento que Ub\u00e1 trilha h\u00e1 d\u00e9cadas.<\/p>\n\n\n\n<h2 class=\"wp-block-heading\"><strong>Feira movimenta relacionamentos e projeta neg\u00f3cios futuros<\/strong><\/h2>\n\n\n\n<p>Por fim, a cobertura do Fala Sodr\u00e9 deixou evidente que a FEMUR n\u00e3o \u00e9 apenas um evento de exposi\u00e7\u00e3o.<br>\u00c9 um ponto de encontro onde fornecedores, lojistas e fabricantes se conectam, criam parcerias e renovam rela\u00e7\u00f5es comerciais.<\/p>\n\n\n\n<p>E, como bem destacou Sodr\u00e9 durante a transmiss\u00e3o:<\/p>\n\n\n\n<p><strong>\u201cA FEMUR n\u00e3o \u00e9 s\u00f3 vitrine. \u00c9 constru\u00e7\u00e3o de futuro industrial.\u201d<\/strong><\/p>\n\n\n\n<p>A cada entrevista, depoimento e registro visual, fica claro que o evento cumpre sua fun\u00e7\u00e3o: movimenta a economia, fortalece marcas e coloca Ub\u00e1 mais uma vez no mapa nacional dos grandes eventos do setor moveleiro.<\/p>\n\n\n\n<hr class=\"wp-block-separator has-alpha-channel-opacity\"\/>\n\n\n\n<h2 class=\"wp-block-heading\"><strong>Conclus\u00e3o: FEMUR 2026 confirma a for\u00e7a de Ub\u00e1 como polo moveleiro nacional<\/strong><\/h2>\n\n\n\n<p>O segundo dia da feira refor\u00e7ou a vitalidade industrial de Ub\u00e1.<br>Com corredores cheios, expositores motivados e lideran\u00e7as engajadas, o evento se consolida como uma vitrine para o mundo.<\/p>\n\n\n\n<p>E gra\u00e7as ao trabalho do <strong>Fala Sodr\u00e9<\/strong>, com o olhar atento de <strong>Carlos Roberto Sodr\u00e9<\/strong>, os registros de <strong>Laisa Sodr\u00e9<\/strong> e a curadoria de conte\u00fado da <strong>INDICCA.COM<\/strong>, quem n\u00e3o esteve presente p\u00f4de acompanhar de perto os bastidores e as vozes que constroem diariamente a for\u00e7a da ind\u00fastria moveleira da Zona da Mata.<\/p>\n\n\n\n<figure class=\"wp-block-embed is-type-video is-provider-youtube wp-block-embed-youtube wp-embed-aspect-16-9 wp-has-aspect-ratio\"><div class=\"wp-block-embed__wrapper\">\n<iframe title=\"Fala Sodr\u00e9: Ub\u00e1 Capital Estadual das Ind\u00fastrias do Polo Moveleiro (FEMUR) - 27\/01\/2026\" width=\"840\" height=\"473\" data-src=\"https:\/\/www.youtube.com\/embed\/l0bePc4zwuw?feature=oembed\" frameborder=\"0\" allow=\"accelerometer; autoplay; clipboard-write; encrypted-media; gyroscope; picture-in-picture; web-share\" referrerpolicy=\"strict-origin-when-cross-origin\" allowfullscreen src=\"data:image\/svg+xml;base64,PHN2ZyB3aWR0aD0iMSIgaGVpZ2h0PSIxIiB4bWxucz0iaHR0cDovL3d3dy53My5vcmcvMjAwMC9zdmciPjwvc3ZnPg==\" class=\"lazyload\" data-load-mode=\"1\"><\/iframe>\n<\/div><\/figure>\n\n\n\n<p>&#x1f4da; <strong>Cobertura:<\/strong> Carlos Roberto Sodr\u00e9 <a href=\"https:\/\/wa.me\/553298481334\">WhatsApp<\/a><\/p>\n\n\n\n<p>&#x1f4f8; <strong>Imagens:<\/strong> Laisa Sodr\u00e9 \/ Felipe Oliveira<\/p>\n\n\n\n<p>&#x1f4dd; <strong>Conte\u00fado: <\/strong><a href=\"https:\/\/www.linkedin.com\/in\/pedrohgf\/\">Pedro Henriques<\/a> \u2013 <a href=\"https:\/\/indicca.com.br\/blog\/\">INDICCA.COM<\/a>&nbsp; <a href=\"https:\/\/wa.me\/5532988020057\">WhatsApp<\/a><\/p>\n\n\n\n<p>&#x1f393; <strong>Evento:<\/strong> Segundo dia da FEMUR 2026 mostra for\u00e7a da ind\u00fastria moveleira e Sodr\u00e9 registra tudo de perto<\/p>\n","protected":false},"excerpt":{"rendered":"<p>O segundo dia da FEMUR 2026 destaca a for\u00e7a do polo moveleiro de Ub\u00e1, com grande p\u00fablico, inova\u00e7\u00e3o e entrevistas de peso no Fala Sodr\u00e9. Gilberto da Salleto, presidente do Intersind, e \u00c1ureo Cal\u00e7ado, da Carolina Baby, comentam o avan\u00e7o da ind\u00fastria regional.<\/p>\n","protected":false},"author":4,"featured_media":23815,"comment_status":"open","ping_status":"open","sticky":false,"template":"","format":"standard","meta":{"footnotes":""},"categories":[45,1,3],"tags":[341],"class_list":["post-23812","post","type-post","status-publish","format-standard","has-post-thumbnail","hentry","category-destaque-principal","category-sem-categoria","category-slide","tag-feira-femur"],"yoast_head":"<!-- This site is optimized with the Yoast SEO plugin v27.2 - https:\/\/yoast.com\/product\/yoast-seo-wordpress\/ -->\n<title>Segundo dia da FEMUR 2026 mostra for\u00e7a da ind\u00fastria moveleira - Ub\u00e1 News<\/title>\n<meta name=\"description\" content=\"Segundo dia da FEMUR 2026 mostra for\u00e7a da ind\u00fastria moveleira e Sodr\u00e9 registra tudo de perto\" \/>\n<meta name=\"robots\" content=\"index, follow, max-snippet:-1, max-image-preview:large, max-video-preview:-1\" \/>\n<link rel=\"canonical\" href=\"https:\/\/ubanews.com\/site\/2026\/01\/28\/segundo-dia-da-femur-2026-mostra-forca-da-industria-moveleira\/\" \/>\n<meta property=\"og:locale\" content=\"pt_BR\" \/>\n<meta property=\"og:type\" content=\"article\" \/>\n<meta property=\"og:title\" content=\"Segundo dia da FEMUR 2026 mostra for\u00e7a da ind\u00fastria moveleira - Ub\u00e1 News\" \/>\n<meta property=\"og:description\" content=\"Segundo dia da FEMUR 2026 mostra for\u00e7a da ind\u00fastria moveleira e Sodr\u00e9 registra tudo de perto\" \/>\n<meta property=\"og:url\" content=\"https:\/\/ubanews.com\/site\/2026\/01\/28\/segundo-dia-da-femur-2026-mostra-forca-da-industria-moveleira\/\" \/>\n<meta property=\"og:site_name\" content=\"Ub\u00e1 News\" \/>\n<meta property=\"article:publisher\" content=\"https:\/\/www.facebook.com\/Ub%c3%a1News-Carlos-Roberto-Sodr%c3%a9-418778301977370\" \/>\n<meta property=\"article:published_time\" content=\"2026-01-28T12:07:50+00:00\" \/>\n<meta property=\"article:modified_time\" content=\"2026-01-28T12:52:17+00:00\" \/>\n<meta property=\"og:image\" content=\"https:\/\/ubanews.com\/site\/wp-content\/uploads\/2026\/01\/Fala-Sodre-Segundo-dia-da-FEIRA-FEMUR-2026-com-Gilberto-e-Aureo-falando-com-o-Carlos-Roberto-Sodre.png\" \/>\n\t<meta property=\"og:image:width\" content=\"851\" \/>\n\t<meta property=\"og:image:height\" content=\"315\" \/>\n\t<meta property=\"og:image:type\" content=\"image\/png\" \/>\n<meta name=\"author\" content=\"Carlos Roberto Sodr\u00e9\" \/>\n<meta name=\"twitter:card\" content=\"summary_large_image\" \/>\n<meta name=\"twitter:label1\" content=\"Escrito por\" \/>\n\t<meta name=\"twitter:data1\" content=\"Carlos Roberto Sodr\u00e9\" \/>\n\t<meta name=\"twitter:label2\" content=\"Est. tempo de leitura\" \/>\n\t<meta name=\"twitter:data2\" content=\"6 minutos\" \/>\n<script type=\"application\/ld+json\" class=\"yoast-schema-graph\">{\"@context\":\"https:\/\/schema.org\",\"@graph\":[{\"@type\":\"Article\",\"@id\":\"https:\/\/ubanews.com\/site\/2026\/01\/28\/segundo-dia-da-femur-2026-mostra-forca-da-industria-moveleira\/#article\",\"isPartOf\":{\"@id\":\"https:\/\/ubanews.com\/site\/2026\/01\/28\/segundo-dia-da-femur-2026-mostra-forca-da-industria-moveleira\/\"},\"author\":{\"name\":\"Carlos Roberto Sodr\u00e9\",\"@id\":\"https:\/\/ubanews.com\/site\/#\/schema\/person\/9d8da9ec3c8d00640ab6e8c81e103310\"},\"headline\":\"Segundo dia da FEMUR 2026 mostra for\u00e7a da ind\u00fastria moveleira\",\"datePublished\":\"2026-01-28T12:07:50+00:00\",\"dateModified\":\"2026-01-28T12:52:17+00:00\",\"mainEntityOfPage\":{\"@id\":\"https:\/\/ubanews.com\/site\/2026\/01\/28\/segundo-dia-da-femur-2026-mostra-forca-da-industria-moveleira\/\"},\"wordCount\":951,\"commentCount\":0,\"publisher\":{\"@id\":\"https:\/\/ubanews.com\/site\/#organization\"},\"image\":{\"@id\":\"https:\/\/ubanews.com\/site\/2026\/01\/28\/segundo-dia-da-femur-2026-mostra-forca-da-industria-moveleira\/#primaryimage\"},\"thumbnailUrl\":\"https:\/\/ubanews.com\/site\/wp-content\/uploads\/2026\/01\/Fala-Sodre-Segundo-dia-da-FEIRA-FEMUR-2026-com-Gilberto-e-Aureo-falando-com-o-Carlos-Roberto-Sodre.png\",\"keywords\":[\"Feira Femur\"],\"articleSection\":[\"DESTAQUE PRINCIPAL\",\"Geral\",\"Slide\"],\"inLanguage\":\"pt-BR\",\"potentialAction\":[{\"@type\":\"CommentAction\",\"name\":\"Comment\",\"target\":[\"https:\/\/ubanews.com\/site\/2026\/01\/28\/segundo-dia-da-femur-2026-mostra-forca-da-industria-moveleira\/#respond\"]}]},{\"@type\":\"WebPage\",\"@id\":\"https:\/\/ubanews.com\/site\/2026\/01\/28\/segundo-dia-da-femur-2026-mostra-forca-da-industria-moveleira\/\",\"url\":\"https:\/\/ubanews.com\/site\/2026\/01\/28\/segundo-dia-da-femur-2026-mostra-forca-da-industria-moveleira\/\",\"name\":\"Segundo dia da FEMUR 2026 mostra for\u00e7a da ind\u00fastria moveleira - Ub\u00e1 News\",\"isPartOf\":{\"@id\":\"https:\/\/ubanews.com\/site\/#website\"},\"primaryImageOfPage\":{\"@id\":\"https:\/\/ubanews.com\/site\/2026\/01\/28\/segundo-dia-da-femur-2026-mostra-forca-da-industria-moveleira\/#primaryimage\"},\"image\":{\"@id\":\"https:\/\/ubanews.com\/site\/2026\/01\/28\/segundo-dia-da-femur-2026-mostra-forca-da-industria-moveleira\/#primaryimage\"},\"thumbnailUrl\":\"https:\/\/ubanews.com\/site\/wp-content\/uploads\/2026\/01\/Fala-Sodre-Segundo-dia-da-FEIRA-FEMUR-2026-com-Gilberto-e-Aureo-falando-com-o-Carlos-Roberto-Sodre.png\",\"datePublished\":\"2026-01-28T12:07:50+00:00\",\"dateModified\":\"2026-01-28T12:52:17+00:00\",\"description\":\"Segundo dia da FEMUR 2026 mostra for\u00e7a da ind\u00fastria moveleira e Sodr\u00e9 registra tudo de perto\",\"breadcrumb\":{\"@id\":\"https:\/\/ubanews.com\/site\/2026\/01\/28\/segundo-dia-da-femur-2026-mostra-forca-da-industria-moveleira\/#breadcrumb\"},\"inLanguage\":\"pt-BR\",\"potentialAction\":[{\"@type\":\"ReadAction\",\"target\":[\"https:\/\/ubanews.com\/site\/2026\/01\/28\/segundo-dia-da-femur-2026-mostra-forca-da-industria-moveleira\/\"]}]},{\"@type\":\"ImageObject\",\"inLanguage\":\"pt-BR\",\"@id\":\"https:\/\/ubanews.com\/site\/2026\/01\/28\/segundo-dia-da-femur-2026-mostra-forca-da-industria-moveleira\/#primaryimage\",\"url\":\"https:\/\/ubanews.com\/site\/wp-content\/uploads\/2026\/01\/Fala-Sodre-Segundo-dia-da-FEIRA-FEMUR-2026-com-Gilberto-e-Aureo-falando-com-o-Carlos-Roberto-Sodre.png\",\"contentUrl\":\"https:\/\/ubanews.com\/site\/wp-content\/uploads\/2026\/01\/Fala-Sodre-Segundo-dia-da-FEIRA-FEMUR-2026-com-Gilberto-e-Aureo-falando-com-o-Carlos-Roberto-Sodre.png\",\"width\":851,\"height\":315,\"caption\":\"Segundo dia da FEMUR 2026 mostra for\u00e7a da ind\u00fastria moveleira\"},{\"@type\":\"BreadcrumbList\",\"@id\":\"https:\/\/ubanews.com\/site\/2026\/01\/28\/segundo-dia-da-femur-2026-mostra-forca-da-industria-moveleira\/#breadcrumb\",\"itemListElement\":[{\"@type\":\"ListItem\",\"position\":1,\"name\":\"Home\",\"item\":\"https:\/\/ubanews.com\/site\/\"},{\"@type\":\"ListItem\",\"position\":2,\"name\":\"Segundo dia da FEMUR 2026 mostra for\u00e7a da ind\u00fastria moveleira\"}]},{\"@type\":\"WebSite\",\"@id\":\"https:\/\/ubanews.com\/site\/#website\",\"url\":\"https:\/\/ubanews.com\/site\/\",\"name\":\"Ub\u00e1 News\",\"description\":\"\",\"publisher\":{\"@id\":\"https:\/\/ubanews.com\/site\/#organization\"},\"potentialAction\":[{\"@type\":\"SearchAction\",\"target\":{\"@type\":\"EntryPoint\",\"urlTemplate\":\"https:\/\/ubanews.com\/site\/?s={search_term_string}\"},\"query-input\":{\"@type\":\"PropertyValueSpecification\",\"valueRequired\":true,\"valueName\":\"search_term_string\"}}],\"inLanguage\":\"pt-BR\"},{\"@type\":\"Organization\",\"@id\":\"https:\/\/ubanews.com\/site\/#organization\",\"name\":\"Ub\u00e1 News\",\"url\":\"https:\/\/ubanews.com\/site\/\",\"logo\":{\"@type\":\"ImageObject\",\"inLanguage\":\"pt-BR\",\"@id\":\"https:\/\/ubanews.com\/site\/#\/schema\/logo\/image\/\",\"url\":\"https:\/\/ubanews.com\/site\/wp-content\/uploads\/2018\/01\/logoubanews.png\",\"contentUrl\":\"https:\/\/ubanews.com\/site\/wp-content\/uploads\/2018\/01\/logoubanews.png\",\"width\":261,\"height\":99,\"caption\":\"Ub\u00e1 News\"},\"image\":{\"@id\":\"https:\/\/ubanews.com\/site\/#\/schema\/logo\/image\/\"},\"sameAs\":[\"https:\/\/www.facebook.com\/Ub\u00e1News-Carlos-Roberto-Sodr\u00e9-418778301977370\"]},{\"@type\":\"Person\",\"@id\":\"https:\/\/ubanews.com\/site\/#\/schema\/person\/9d8da9ec3c8d00640ab6e8c81e103310\",\"name\":\"Carlos Roberto Sodr\u00e9\",\"image\":{\"@type\":\"ImageObject\",\"inLanguage\":\"pt-BR\",\"@id\":\"https:\/\/secure.gravatar.com\/avatar\/aab322e8555b56c468614fafdab8a8f924e394cdc6cfd8232f77e9e4d123a133?s=96&d=mm&r=g\",\"url\":\"https:\/\/secure.gravatar.com\/avatar\/aab322e8555b56c468614fafdab8a8f924e394cdc6cfd8232f77e9e4d123a133?s=96&d=mm&r=g\",\"contentUrl\":\"https:\/\/secure.gravatar.com\/avatar\/aab322e8555b56c468614fafdab8a8f924e394cdc6cfd8232f77e9e4d123a133?s=96&d=mm&r=g\",\"caption\":\"Carlos Roberto Sodr\u00e9\"},\"url\":\"https:\/\/ubanews.com\/site\/author\/sodre\/\"}]}<\/script>\n<!-- \/ Yoast SEO plugin. -->","yoast_head_json":{"title":"Segundo dia da FEMUR 2026 mostra for\u00e7a da ind\u00fastria moveleira - Ub\u00e1 News","description":"Segundo dia da FEMUR 2026 mostra for\u00e7a da ind\u00fastria moveleira e Sodr\u00e9 registra tudo de perto","robots":{"index":"index","follow":"follow","max-snippet":"max-snippet:-1","max-image-preview":"max-image-preview:large","max-video-preview":"max-video-preview:-1"},"canonical":"https:\/\/ubanews.com\/site\/2026\/01\/28\/segundo-dia-da-femur-2026-mostra-forca-da-industria-moveleira\/","og_locale":"pt_BR","og_type":"article","og_title":"Segundo dia da FEMUR 2026 mostra for\u00e7a da ind\u00fastria moveleira - Ub\u00e1 News","og_description":"Segundo dia da FEMUR 2026 mostra for\u00e7a da ind\u00fastria moveleira e Sodr\u00e9 registra tudo de perto","og_url":"https:\/\/ubanews.com\/site\/2026\/01\/28\/segundo-dia-da-femur-2026-mostra-forca-da-industria-moveleira\/","og_site_name":"Ub\u00e1 News","article_publisher":"https:\/\/www.facebook.com\/Ub%c3%a1News-Carlos-Roberto-Sodr%c3%a9-418778301977370","article_published_time":"2026-01-28T12:07:50+00:00","article_modified_time":"2026-01-28T12:52:17+00:00","og_image":[{"width":851,"height":315,"url":"https:\/\/ubanews.com\/site\/wp-content\/uploads\/2026\/01\/Fala-Sodre-Segundo-dia-da-FEIRA-FEMUR-2026-com-Gilberto-e-Aureo-falando-com-o-Carlos-Roberto-Sodre.png","type":"image\/png"}],"author":"Carlos Roberto Sodr\u00e9","twitter_card":"summary_large_image","twitter_misc":{"Escrito por":"Carlos Roberto Sodr\u00e9","Est. tempo de leitura":"6 minutos"},"schema":{"@context":"https:\/\/schema.org","@graph":[{"@type":"Article","@id":"https:\/\/ubanews.com\/site\/2026\/01\/28\/segundo-dia-da-femur-2026-mostra-forca-da-industria-moveleira\/#article","isPartOf":{"@id":"https:\/\/ubanews.com\/site\/2026\/01\/28\/segundo-dia-da-femur-2026-mostra-forca-da-industria-moveleira\/"},"author":{"name":"Carlos Roberto Sodr\u00e9","@id":"https:\/\/ubanews.com\/site\/#\/schema\/person\/9d8da9ec3c8d00640ab6e8c81e103310"},"headline":"Segundo dia da FEMUR 2026 mostra for\u00e7a da ind\u00fastria moveleira","datePublished":"2026-01-28T12:07:50+00:00","dateModified":"2026-01-28T12:52:17+00:00","mainEntityOfPage":{"@id":"https:\/\/ubanews.com\/site\/2026\/01\/28\/segundo-dia-da-femur-2026-mostra-forca-da-industria-moveleira\/"},"wordCount":951,"commentCount":0,"publisher":{"@id":"https:\/\/ubanews.com\/site\/#organization"},"image":{"@id":"https:\/\/ubanews.com\/site\/2026\/01\/28\/segundo-dia-da-femur-2026-mostra-forca-da-industria-moveleira\/#primaryimage"},"thumbnailUrl":"https:\/\/ubanews.com\/site\/wp-content\/uploads\/2026\/01\/Fala-Sodre-Segundo-dia-da-FEIRA-FEMUR-2026-com-Gilberto-e-Aureo-falando-com-o-Carlos-Roberto-Sodre.png","keywords":["Feira Femur"],"articleSection":["DESTAQUE PRINCIPAL","Geral","Slide"],"inLanguage":"pt-BR","potentialAction":[{"@type":"CommentAction","name":"Comment","target":["https:\/\/ubanews.com\/site\/2026\/01\/28\/segundo-dia-da-femur-2026-mostra-forca-da-industria-moveleira\/#respond"]}]},{"@type":"WebPage","@id":"https:\/\/ubanews.com\/site\/2026\/01\/28\/segundo-dia-da-femur-2026-mostra-forca-da-industria-moveleira\/","url":"https:\/\/ubanews.com\/site\/2026\/01\/28\/segundo-dia-da-femur-2026-mostra-forca-da-industria-moveleira\/","name":"Segundo dia da FEMUR 2026 mostra for\u00e7a da ind\u00fastria moveleira - Ub\u00e1 News","isPartOf":{"@id":"https:\/\/ubanews.com\/site\/#website"},"primaryImageOfPage":{"@id":"https:\/\/ubanews.com\/site\/2026\/01\/28\/segundo-dia-da-femur-2026-mostra-forca-da-industria-moveleira\/#primaryimage"},"image":{"@id":"https:\/\/ubanews.com\/site\/2026\/01\/28\/segundo-dia-da-femur-2026-mostra-forca-da-industria-moveleira\/#primaryimage"},"thumbnailUrl":"https:\/\/ubanews.com\/site\/wp-content\/uploads\/2026\/01\/Fala-Sodre-Segundo-dia-da-FEIRA-FEMUR-2026-com-Gilberto-e-Aureo-falando-com-o-Carlos-Roberto-Sodre.png","datePublished":"2026-01-28T12:07:50+00:00","dateModified":"2026-01-28T12:52:17+00:00","description":"Segundo dia da FEMUR 2026 mostra for\u00e7a da ind\u00fastria moveleira e Sodr\u00e9 registra tudo de perto","breadcrumb":{"@id":"https:\/\/ubanews.com\/site\/2026\/01\/28\/segundo-dia-da-femur-2026-mostra-forca-da-industria-moveleira\/#breadcrumb"},"inLanguage":"pt-BR","potentialAction":[{"@type":"ReadAction","target":["https:\/\/ubanews.com\/site\/2026\/01\/28\/segundo-dia-da-femur-2026-mostra-forca-da-industria-moveleira\/"]}]},{"@type":"ImageObject","inLanguage":"pt-BR","@id":"https:\/\/ubanews.com\/site\/2026\/01\/28\/segundo-dia-da-femur-2026-mostra-forca-da-industria-moveleira\/#primaryimage","url":"https:\/\/ubanews.com\/site\/wp-content\/uploads\/2026\/01\/Fala-Sodre-Segundo-dia-da-FEIRA-FEMUR-2026-com-Gilberto-e-Aureo-falando-com-o-Carlos-Roberto-Sodre.png","contentUrl":"https:\/\/ubanews.com\/site\/wp-content\/uploads\/2026\/01\/Fala-Sodre-Segundo-dia-da-FEIRA-FEMUR-2026-com-Gilberto-e-Aureo-falando-com-o-Carlos-Roberto-Sodre.png","width":851,"height":315,"caption":"Segundo dia da FEMUR 2026 mostra for\u00e7a da ind\u00fastria moveleira"},{"@type":"BreadcrumbList","@id":"https:\/\/ubanews.com\/site\/2026\/01\/28\/segundo-dia-da-femur-2026-mostra-forca-da-industria-moveleira\/#breadcrumb","itemListElement":[{"@type":"ListItem","position":1,"name":"Home","item":"https:\/\/ubanews.com\/site\/"},{"@type":"ListItem","position":2,"name":"Segundo dia da FEMUR 2026 mostra for\u00e7a da ind\u00fastria moveleira"}]},{"@type":"WebSite","@id":"https:\/\/ubanews.com\/site\/#website","url":"https:\/\/ubanews.com\/site\/","name":"Ub\u00e1 News","description":"","publisher":{"@id":"https:\/\/ubanews.com\/site\/#organization"},"potentialAction":[{"@type":"SearchAction","target":{"@type":"EntryPoint","urlTemplate":"https:\/\/ubanews.com\/site\/?s={search_term_string}"},"query-input":{"@type":"PropertyValueSpecification","valueRequired":true,"valueName":"search_term_string"}}],"inLanguage":"pt-BR"},{"@type":"Organization","@id":"https:\/\/ubanews.com\/site\/#organization","name":"Ub\u00e1 News","url":"https:\/\/ubanews.com\/site\/","logo":{"@type":"ImageObject","inLanguage":"pt-BR","@id":"https:\/\/ubanews.com\/site\/#\/schema\/logo\/image\/","url":"https:\/\/ubanews.com\/site\/wp-content\/uploads\/2018\/01\/logoubanews.png","contentUrl":"https:\/\/ubanews.com\/site\/wp-content\/uploads\/2018\/01\/logoubanews.png","width":261,"height":99,"caption":"Ub\u00e1 News"},"image":{"@id":"https:\/\/ubanews.com\/site\/#\/schema\/logo\/image\/"},"sameAs":["https:\/\/www.facebook.com\/Ub\u00e1News-Carlos-Roberto-Sodr\u00e9-418778301977370"]},{"@type":"Person","@id":"https:\/\/ubanews.com\/site\/#\/schema\/person\/9d8da9ec3c8d00640ab6e8c81e103310","name":"Carlos Roberto Sodr\u00e9","image":{"@type":"ImageObject","inLanguage":"pt-BR","@id":"https:\/\/secure.gravatar.com\/avatar\/aab322e8555b56c468614fafdab8a8f924e394cdc6cfd8232f77e9e4d123a133?s=96&d=mm&r=g","url":"https:\/\/secure.gravatar.com\/avatar\/aab322e8555b56c468614fafdab8a8f924e394cdc6cfd8232f77e9e4d123a133?s=96&d=mm&r=g","contentUrl":"https:\/\/secure.gravatar.com\/avatar\/aab322e8555b56c468614fafdab8a8f924e394cdc6cfd8232f77e9e4d123a133?s=96&d=mm&r=g","caption":"Carlos Roberto Sodr\u00e9"},"url":"https:\/\/ubanews.com\/site\/author\/sodre\/"}]}},"_links":{"self":[{"href":"https:\/\/ubanews.com\/site\/wp-json\/wp\/v2\/posts\/23812","targetHints":{"allow":["GET"]}}],"collection":[{"href":"https:\/\/ubanews.com\/site\/wp-json\/wp\/v2\/posts"}],"about":[{"href":"https:\/\/ubanews.com\/site\/wp-json\/wp\/v2\/types\/post"}],"author":[{"embeddable":true,"href":"https:\/\/ubanews.com\/site\/wp-json\/wp\/v2\/users\/4"}],"replies":[{"embeddable":true,"href":"https:\/\/ubanews.com\/site\/wp-json\/wp\/v2\/comments?post=23812"}],"version-history":[{"count":0,"href":"https:\/\/ubanews.com\/site\/wp-json\/wp\/v2\/posts\/23812\/revisions"}],"wp:featuredmedia":[{"embeddable":true,"href":"https:\/\/ubanews.com\/site\/wp-json\/wp\/v2\/media\/23815"}],"wp:attachment":[{"href":"https:\/\/ubanews.com\/site\/wp-json\/wp\/v2\/media?parent=23812"}],"wp:term":[{"taxonomy":"category","embeddable":true,"href":"https:\/\/ubanews.com\/site\/wp-json\/wp\/v2\/categories?post=23812"},{"taxonomy":"post_tag","embeddable":true,"href":"https:\/\/ubanews.com\/site\/wp-json\/wp\/v2\/tags?post=23812"}],"curies":[{"name":"wp","href":"https:\/\/api.w.org\/{rel}","templated":true}]}}