{"id":23807,"date":"2026-01-27T16:00:51","date_gmt":"2026-01-27T19:00:51","guid":{"rendered":"https:\/\/ubanews.com\/site\/?p=23807"},"modified":"2026-01-27T16:01:10","modified_gmt":"2026-01-27T19:01:10","slug":"ocorrencia-policial-com-vitima-fatal","status":"publish","type":"post","link":"https:\/\/ubanews.com\/site\/2026\/01\/27\/ocorrencia-policial-com-vitima-fatal\/","title":{"rendered":"Ocorr\u00eancia Policial com V\u00edtima Fatal"},"content":{"rendered":"\n<p>T0009 ACIDENTE DE TR\u00c2NSITO COM VITIMA FATAL<\/p>\n\n\n\n<p>Data: 27\/01\/2026<br>Hor\u00e1rio: 11H00MIN<br>Local: MGC 265 KM 89 Tocantins\/MG.<\/p>\n\n\n\n<p>&#x1f694; PRV 30374<br>&#x1f46e;&#x1f3fb;&#x200d;&#x2642;&#xfe0f;Sgt Capelupi<br>&#x1f46e;&#x1f3fb;&#x200d;&#x2642;&#xfe0f;Sgt Roque<br>&#x1f46e;&#x1f3fb;&#x200d;&#x2642;&#xfe0f;Sgt Neto<\/p>\n\n\n\n<h2 class=\"wp-block-heading\">Ocorr\u00eancia Policial com V\u00edtima Fatal<\/h2>\n\n\n\n<figure class=\"wp-block-image size-large\"><img decoding=\"async\" width=\"1024\" height=\"576\" data-src=\"https:\/\/ubanews.com\/site\/wp-content\/uploads\/2026\/01\/WhatsApp-Image-2026-01-27-at-15.44.08-1024x576.jpeg\" alt=\"\" class=\"wp-image-23808 lazyload\" data-srcset=\"https:\/\/ubanews.com\/site\/wp-content\/uploads\/2026\/01\/WhatsApp-Image-2026-01-27-at-15.44.08-1024x576.jpeg 1024w, https:\/\/ubanews.com\/site\/wp-content\/uploads\/2026\/01\/WhatsApp-Image-2026-01-27-at-15.44.08-300x169.jpeg 300w, https:\/\/ubanews.com\/site\/wp-content\/uploads\/2026\/01\/WhatsApp-Image-2026-01-27-at-15.44.08-768x432.jpeg 768w, https:\/\/ubanews.com\/site\/wp-content\/uploads\/2026\/01\/WhatsApp-Image-2026-01-27-at-15.44.08-1536x864.jpeg 1536w, https:\/\/ubanews.com\/site\/wp-content\/uploads\/2026\/01\/WhatsApp-Image-2026-01-27-at-15.44.08.jpeg 1600w\" data-sizes=\"(max-width: 1024px) 100vw, 1024px\" src=\"data:image\/svg+xml;base64,PHN2ZyB3aWR0aD0iMSIgaGVpZ2h0PSIxIiB4bWxucz0iaHR0cDovL3d3dy53My5vcmcvMjAwMC9zdmciPjwvc3ZnPg==\" style=\"--smush-placeholder-width: 1024px; --smush-placeholder-aspect-ratio: 1024\/576;\" \/><\/figure>\n\n\n\n<p>Acionados pelo COPOM do 21\u00ba BPM, comparecemos ao local onde havia ocorrido um acidente de tr\u00e2nsito na rodovia que liga Ub\u00e1 a Tocantins.<\/p>\n\n\n\n<p>O sinistro envolveu uma VW Saveiro, conduzida por A. M., 54 anos, que trafegava no sentido Ub\u00e1\/Tocantins, transportando refei\u00e7\u00f5es prontas acondicionadas em marmitex, e um ve\u00edculo VW Express, conduzido por B. O. L., 26 anos, que seguia no sentido Tocantins\/Ub\u00e1, transportando tubos galvanizados.<\/p>\n\n\n\n<p>Segundo relato do condutor da VW Express, ao trafegar pela via, em trecho de curva, deparou-se com a VW Saveiro acessando a contram\u00e3o de dire\u00e7\u00e3o, n\u00e3o sendo poss\u00edvel a ado\u00e7\u00e3o de manobra evasiva eficaz, vindo a ocorrer a colis\u00e3o frontal entre os ve\u00edculos.<\/p>\n\n\n\n<p>Em decorr\u00eancia do sinistro, o condutor da VW Saveiro, A. M., 54 anos, veio a \u00f3bito no local. O condutor da VW Express sofreu ferimentos leves e foi submetido ao teste do etil\u00f4metro, por meio do teste n\u00ba 131, sendo obtido resultado 0,00 mg\/L, n\u00e3o constatada a ingest\u00e3o de bebida alco\u00f3lica.<\/p>\n\n\n\n<p>O Corpo de Bombeiros Militar compareceu ao local, realizando os trabalhos de praxe.<\/p>\n\n\n\n<p>A rodovia permaneceu parcialmente interditada, operando por curto per\u00edodo no sistema \u201cpare e siga\u201d, at\u00e9 a libera\u00e7\u00e3o total da via.<\/p>\n\n\n\n<p>A per\u00edcia t\u00e9cnica compareceu ao local para realiza\u00e7\u00e3o dos levantamentos necess\u00e1rios.<\/p>\n\n\n\n<p>REDS 2026-004057040-001<\/p>\n\n\n\n<p>&#x1f694;&#x1f53a; CPE\/BPMRv: Os Anjos da Guarda dos Caminhos de Minas &#x1f694;&#x1f53a;<\/p>\n\n\n\n<p>&#x1f694;&#x1f396; 1971\/2025: 54 ANOS CUIDANDO DA SUA SEGURAN\u00c7A NOS CAMINHOS DE MINAS*&#x1f694;&#x1f53a;<\/p>\n","protected":false},"excerpt":{"rendered":"<p>O sinistro envolveu uma VW Saveiro, conduzida por A. M., 54 anos, que trafegava no sentido Ub\u00e1\/Tocantins, transportando refei\u00e7\u00f5es prontas acondicionadas em marmitex, e um ve\u00edculo VW Express, conduzido por B. O. L., 26 anos, que seguia no sentido Tocantins\/Ub\u00e1, transportando tubos galvanizados.<\/p>\n","protected":false},"author":4,"featured_media":23808,"comment_status":"open","ping_status":"open","sticky":false,"template":"","format":"standard","meta":{"footnotes":""},"categories":[1,13],"tags":[222,302,339],"class_list":["post-23807","post","type-post","status-publish","format-standard","has-post-thumbnail","hentry","category-sem-categoria","category-sintese-das-ocorrencias","tag-ocorrencia-policial","tag-policia-militar-2","tag-vitima-fatal"],"yoast_head":"<!-- This site is optimized with the Yoast SEO plugin v27.2 - https:\/\/yoast.com\/product\/yoast-seo-wordpress\/ -->\n<title>Ocorr\u00eancia Policial com V\u00edtima Fatal - Ub\u00e1 News<\/title>\n<meta name=\"description\" content=\"Ocorr\u00eancia Policial com V\u00edtima Fatal\" \/>\n<meta name=\"robots\" content=\"index, follow, max-snippet:-1, max-image-preview:large, max-video-preview:-1\" \/>\n<link rel=\"canonical\" href=\"https:\/\/ubanews.com\/site\/2026\/01\/27\/ocorrencia-policial-com-vitima-fatal\/\" \/>\n<meta property=\"og:locale\" content=\"pt_BR\" \/>\n<meta property=\"og:type\" content=\"article\" \/>\n<meta property=\"og:title\" content=\"Ocorr\u00eancia Policial com V\u00edtima Fatal - Ub\u00e1 News\" \/>\n<meta property=\"og:description\" content=\"Ocorr\u00eancia Policial com V\u00edtima Fatal\" \/>\n<meta property=\"og:url\" content=\"https:\/\/ubanews.com\/site\/2026\/01\/27\/ocorrencia-policial-com-vitima-fatal\/\" \/>\n<meta property=\"og:site_name\" content=\"Ub\u00e1 News\" \/>\n<meta property=\"article:publisher\" content=\"https:\/\/www.facebook.com\/Ub%c3%a1News-Carlos-Roberto-Sodr%c3%a9-418778301977370\" \/>\n<meta property=\"article:published_time\" content=\"2026-01-27T19:00:51+00:00\" \/>\n<meta property=\"article:modified_time\" content=\"2026-01-27T19:01:10+00:00\" \/>\n<meta property=\"og:image\" content=\"https:\/\/ubanews.com\/site\/wp-content\/uploads\/2026\/01\/WhatsApp-Image-2026-01-27-at-15.44.08.jpeg\" \/>\n\t<meta property=\"og:image:width\" content=\"1600\" \/>\n\t<meta property=\"og:image:height\" content=\"900\" \/>\n\t<meta property=\"og:image:type\" content=\"image\/jpeg\" \/>\n<meta name=\"author\" content=\"Carlos Roberto Sodr\u00e9\" \/>\n<meta name=\"twitter:card\" content=\"summary_large_image\" \/>\n<meta name=\"twitter:label1\" content=\"Escrito por\" \/>\n\t<meta name=\"twitter:data1\" content=\"Carlos Roberto Sodr\u00e9\" \/>\n\t<meta name=\"twitter:label2\" content=\"Est. tempo de leitura\" \/>\n\t<meta name=\"twitter:data2\" content=\"2 minutos\" \/>\n<script type=\"application\/ld+json\" class=\"yoast-schema-graph\">{\"@context\":\"https:\/\/schema.org\",\"@graph\":[{\"@type\":\"Article\",\"@id\":\"https:\/\/ubanews.com\/site\/2026\/01\/27\/ocorrencia-policial-com-vitima-fatal\/#article\",\"isPartOf\":{\"@id\":\"https:\/\/ubanews.com\/site\/2026\/01\/27\/ocorrencia-policial-com-vitima-fatal\/\"},\"author\":{\"name\":\"Carlos Roberto Sodr\u00e9\",\"@id\":\"https:\/\/ubanews.com\/site\/#\/schema\/person\/9d8da9ec3c8d00640ab6e8c81e103310\"},\"headline\":\"Ocorr\u00eancia Policial com V\u00edtima Fatal\",\"datePublished\":\"2026-01-27T19:00:51+00:00\",\"dateModified\":\"2026-01-27T19:01:10+00:00\",\"mainEntityOfPage\":{\"@id\":\"https:\/\/ubanews.com\/site\/2026\/01\/27\/ocorrencia-policial-com-vitima-fatal\/\"},\"wordCount\":337,\"commentCount\":0,\"publisher\":{\"@id\":\"https:\/\/ubanews.com\/site\/#organization\"},\"image\":{\"@id\":\"https:\/\/ubanews.com\/site\/2026\/01\/27\/ocorrencia-policial-com-vitima-fatal\/#primaryimage\"},\"thumbnailUrl\":\"https:\/\/ubanews.com\/site\/wp-content\/uploads\/2026\/01\/WhatsApp-Image-2026-01-27-at-15.44.08.jpeg\",\"keywords\":[\"Ocorr\u00eancia Policial\",\"Policia Militar\",\"Vitima Fatal\"],\"articleSection\":[\"Geral\",\"S\u00edntese das Ocorr\u00eancias\"],\"inLanguage\":\"pt-BR\",\"potentialAction\":[{\"@type\":\"CommentAction\",\"name\":\"Comment\",\"target\":[\"https:\/\/ubanews.com\/site\/2026\/01\/27\/ocorrencia-policial-com-vitima-fatal\/#respond\"]}]},{\"@type\":\"WebPage\",\"@id\":\"https:\/\/ubanews.com\/site\/2026\/01\/27\/ocorrencia-policial-com-vitima-fatal\/\",\"url\":\"https:\/\/ubanews.com\/site\/2026\/01\/27\/ocorrencia-policial-com-vitima-fatal\/\",\"name\":\"Ocorr\u00eancia Policial com V\u00edtima Fatal - Ub\u00e1 News\",\"isPartOf\":{\"@id\":\"https:\/\/ubanews.com\/site\/#website\"},\"primaryImageOfPage\":{\"@id\":\"https:\/\/ubanews.com\/site\/2026\/01\/27\/ocorrencia-policial-com-vitima-fatal\/#primaryimage\"},\"image\":{\"@id\":\"https:\/\/ubanews.com\/site\/2026\/01\/27\/ocorrencia-policial-com-vitima-fatal\/#primaryimage\"},\"thumbnailUrl\":\"https:\/\/ubanews.com\/site\/wp-content\/uploads\/2026\/01\/WhatsApp-Image-2026-01-27-at-15.44.08.jpeg\",\"datePublished\":\"2026-01-27T19:00:51+00:00\",\"dateModified\":\"2026-01-27T19:01:10+00:00\",\"description\":\"Ocorr\u00eancia Policial com V\u00edtima Fatal\",\"breadcrumb\":{\"@id\":\"https:\/\/ubanews.com\/site\/2026\/01\/27\/ocorrencia-policial-com-vitima-fatal\/#breadcrumb\"},\"inLanguage\":\"pt-BR\",\"potentialAction\":[{\"@type\":\"ReadAction\",\"target\":[\"https:\/\/ubanews.com\/site\/2026\/01\/27\/ocorrencia-policial-com-vitima-fatal\/\"]}]},{\"@type\":\"ImageObject\",\"inLanguage\":\"pt-BR\",\"@id\":\"https:\/\/ubanews.com\/site\/2026\/01\/27\/ocorrencia-policial-com-vitima-fatal\/#primaryimage\",\"url\":\"https:\/\/ubanews.com\/site\/wp-content\/uploads\/2026\/01\/WhatsApp-Image-2026-01-27-at-15.44.08.jpeg\",\"contentUrl\":\"https:\/\/ubanews.com\/site\/wp-content\/uploads\/2026\/01\/WhatsApp-Image-2026-01-27-at-15.44.08.jpeg\",\"width\":1600,\"height\":900,\"caption\":\"Ocorr\u00eancia Policial com V\u00edtima Fatal\"},{\"@type\":\"BreadcrumbList\",\"@id\":\"https:\/\/ubanews.com\/site\/2026\/01\/27\/ocorrencia-policial-com-vitima-fatal\/#breadcrumb\",\"itemListElement\":[{\"@type\":\"ListItem\",\"position\":1,\"name\":\"Home\",\"item\":\"https:\/\/ubanews.com\/site\/\"},{\"@type\":\"ListItem\",\"position\":2,\"name\":\"Ocorr\u00eancia Policial com V\u00edtima Fatal\"}]},{\"@type\":\"WebSite\",\"@id\":\"https:\/\/ubanews.com\/site\/#website\",\"url\":\"https:\/\/ubanews.com\/site\/\",\"name\":\"Ub\u00e1 News\",\"description\":\"\",\"publisher\":{\"@id\":\"https:\/\/ubanews.com\/site\/#organization\"},\"potentialAction\":[{\"@type\":\"SearchAction\",\"target\":{\"@type\":\"EntryPoint\",\"urlTemplate\":\"https:\/\/ubanews.com\/site\/?s={search_term_string}\"},\"query-input\":{\"@type\":\"PropertyValueSpecification\",\"valueRequired\":true,\"valueName\":\"search_term_string\"}}],\"inLanguage\":\"pt-BR\"},{\"@type\":\"Organization\",\"@id\":\"https:\/\/ubanews.com\/site\/#organization\",\"name\":\"Ub\u00e1 News\",\"url\":\"https:\/\/ubanews.com\/site\/\",\"logo\":{\"@type\":\"ImageObject\",\"inLanguage\":\"pt-BR\",\"@id\":\"https:\/\/ubanews.com\/site\/#\/schema\/logo\/image\/\",\"url\":\"https:\/\/ubanews.com\/site\/wp-content\/uploads\/2018\/01\/logoubanews.png\",\"contentUrl\":\"https:\/\/ubanews.com\/site\/wp-content\/uploads\/2018\/01\/logoubanews.png\",\"width\":261,\"height\":99,\"caption\":\"Ub\u00e1 News\"},\"image\":{\"@id\":\"https:\/\/ubanews.com\/site\/#\/schema\/logo\/image\/\"},\"sameAs\":[\"https:\/\/www.facebook.com\/Ub\u00e1News-Carlos-Roberto-Sodr\u00e9-418778301977370\"]},{\"@type\":\"Person\",\"@id\":\"https:\/\/ubanews.com\/site\/#\/schema\/person\/9d8da9ec3c8d00640ab6e8c81e103310\",\"name\":\"Carlos Roberto Sodr\u00e9\",\"image\":{\"@type\":\"ImageObject\",\"inLanguage\":\"pt-BR\",\"@id\":\"https:\/\/secure.gravatar.com\/avatar\/aab322e8555b56c468614fafdab8a8f924e394cdc6cfd8232f77e9e4d123a133?s=96&d=mm&r=g\",\"url\":\"https:\/\/secure.gravatar.com\/avatar\/aab322e8555b56c468614fafdab8a8f924e394cdc6cfd8232f77e9e4d123a133?s=96&d=mm&r=g\",\"contentUrl\":\"https:\/\/secure.gravatar.com\/avatar\/aab322e8555b56c468614fafdab8a8f924e394cdc6cfd8232f77e9e4d123a133?s=96&d=mm&r=g\",\"caption\":\"Carlos Roberto Sodr\u00e9\"},\"url\":\"https:\/\/ubanews.com\/site\/author\/sodre\/\"}]}<\/script>\n<!-- \/ Yoast SEO plugin. -->","yoast_head_json":{"title":"Ocorr\u00eancia Policial com V\u00edtima Fatal - Ub\u00e1 News","description":"Ocorr\u00eancia Policial com V\u00edtima Fatal","robots":{"index":"index","follow":"follow","max-snippet":"max-snippet:-1","max-image-preview":"max-image-preview:large","max-video-preview":"max-video-preview:-1"},"canonical":"https:\/\/ubanews.com\/site\/2026\/01\/27\/ocorrencia-policial-com-vitima-fatal\/","og_locale":"pt_BR","og_type":"article","og_title":"Ocorr\u00eancia Policial com V\u00edtima Fatal - Ub\u00e1 News","og_description":"Ocorr\u00eancia Policial com V\u00edtima Fatal","og_url":"https:\/\/ubanews.com\/site\/2026\/01\/27\/ocorrencia-policial-com-vitima-fatal\/","og_site_name":"Ub\u00e1 News","article_publisher":"https:\/\/www.facebook.com\/Ub%c3%a1News-Carlos-Roberto-Sodr%c3%a9-418778301977370","article_published_time":"2026-01-27T19:00:51+00:00","article_modified_time":"2026-01-27T19:01:10+00:00","og_image":[{"width":1600,"height":900,"url":"https:\/\/ubanews.com\/site\/wp-content\/uploads\/2026\/01\/WhatsApp-Image-2026-01-27-at-15.44.08.jpeg","type":"image\/jpeg"}],"author":"Carlos Roberto Sodr\u00e9","twitter_card":"summary_large_image","twitter_misc":{"Escrito por":"Carlos Roberto Sodr\u00e9","Est. tempo de leitura":"2 minutos"},"schema":{"@context":"https:\/\/schema.org","@graph":[{"@type":"Article","@id":"https:\/\/ubanews.com\/site\/2026\/01\/27\/ocorrencia-policial-com-vitima-fatal\/#article","isPartOf":{"@id":"https:\/\/ubanews.com\/site\/2026\/01\/27\/ocorrencia-policial-com-vitima-fatal\/"},"author":{"name":"Carlos Roberto Sodr\u00e9","@id":"https:\/\/ubanews.com\/site\/#\/schema\/person\/9d8da9ec3c8d00640ab6e8c81e103310"},"headline":"Ocorr\u00eancia Policial com V\u00edtima Fatal","datePublished":"2026-01-27T19:00:51+00:00","dateModified":"2026-01-27T19:01:10+00:00","mainEntityOfPage":{"@id":"https:\/\/ubanews.com\/site\/2026\/01\/27\/ocorrencia-policial-com-vitima-fatal\/"},"wordCount":337,"commentCount":0,"publisher":{"@id":"https:\/\/ubanews.com\/site\/#organization"},"image":{"@id":"https:\/\/ubanews.com\/site\/2026\/01\/27\/ocorrencia-policial-com-vitima-fatal\/#primaryimage"},"thumbnailUrl":"https:\/\/ubanews.com\/site\/wp-content\/uploads\/2026\/01\/WhatsApp-Image-2026-01-27-at-15.44.08.jpeg","keywords":["Ocorr\u00eancia Policial","Policia Militar","Vitima Fatal"],"articleSection":["Geral","S\u00edntese das Ocorr\u00eancias"],"inLanguage":"pt-BR","potentialAction":[{"@type":"CommentAction","name":"Comment","target":["https:\/\/ubanews.com\/site\/2026\/01\/27\/ocorrencia-policial-com-vitima-fatal\/#respond"]}]},{"@type":"WebPage","@id":"https:\/\/ubanews.com\/site\/2026\/01\/27\/ocorrencia-policial-com-vitima-fatal\/","url":"https:\/\/ubanews.com\/site\/2026\/01\/27\/ocorrencia-policial-com-vitima-fatal\/","name":"Ocorr\u00eancia Policial com V\u00edtima Fatal - Ub\u00e1 News","isPartOf":{"@id":"https:\/\/ubanews.com\/site\/#website"},"primaryImageOfPage":{"@id":"https:\/\/ubanews.com\/site\/2026\/01\/27\/ocorrencia-policial-com-vitima-fatal\/#primaryimage"},"image":{"@id":"https:\/\/ubanews.com\/site\/2026\/01\/27\/ocorrencia-policial-com-vitima-fatal\/#primaryimage"},"thumbnailUrl":"https:\/\/ubanews.com\/site\/wp-content\/uploads\/2026\/01\/WhatsApp-Image-2026-01-27-at-15.44.08.jpeg","datePublished":"2026-01-27T19:00:51+00:00","dateModified":"2026-01-27T19:01:10+00:00","description":"Ocorr\u00eancia Policial com V\u00edtima Fatal","breadcrumb":{"@id":"https:\/\/ubanews.com\/site\/2026\/01\/27\/ocorrencia-policial-com-vitima-fatal\/#breadcrumb"},"inLanguage":"pt-BR","potentialAction":[{"@type":"ReadAction","target":["https:\/\/ubanews.com\/site\/2026\/01\/27\/ocorrencia-policial-com-vitima-fatal\/"]}]},{"@type":"ImageObject","inLanguage":"pt-BR","@id":"https:\/\/ubanews.com\/site\/2026\/01\/27\/ocorrencia-policial-com-vitima-fatal\/#primaryimage","url":"https:\/\/ubanews.com\/site\/wp-content\/uploads\/2026\/01\/WhatsApp-Image-2026-01-27-at-15.44.08.jpeg","contentUrl":"https:\/\/ubanews.com\/site\/wp-content\/uploads\/2026\/01\/WhatsApp-Image-2026-01-27-at-15.44.08.jpeg","width":1600,"height":900,"caption":"Ocorr\u00eancia Policial com V\u00edtima Fatal"},{"@type":"BreadcrumbList","@id":"https:\/\/ubanews.com\/site\/2026\/01\/27\/ocorrencia-policial-com-vitima-fatal\/#breadcrumb","itemListElement":[{"@type":"ListItem","position":1,"name":"Home","item":"https:\/\/ubanews.com\/site\/"},{"@type":"ListItem","position":2,"name":"Ocorr\u00eancia Policial com V\u00edtima Fatal"}]},{"@type":"WebSite","@id":"https:\/\/ubanews.com\/site\/#website","url":"https:\/\/ubanews.com\/site\/","name":"Ub\u00e1 News","description":"","publisher":{"@id":"https:\/\/ubanews.com\/site\/#organization"},"potentialAction":[{"@type":"SearchAction","target":{"@type":"EntryPoint","urlTemplate":"https:\/\/ubanews.com\/site\/?s={search_term_string}"},"query-input":{"@type":"PropertyValueSpecification","valueRequired":true,"valueName":"search_term_string"}}],"inLanguage":"pt-BR"},{"@type":"Organization","@id":"https:\/\/ubanews.com\/site\/#organization","name":"Ub\u00e1 News","url":"https:\/\/ubanews.com\/site\/","logo":{"@type":"ImageObject","inLanguage":"pt-BR","@id":"https:\/\/ubanews.com\/site\/#\/schema\/logo\/image\/","url":"https:\/\/ubanews.com\/site\/wp-content\/uploads\/2018\/01\/logoubanews.png","contentUrl":"https:\/\/ubanews.com\/site\/wp-content\/uploads\/2018\/01\/logoubanews.png","width":261,"height":99,"caption":"Ub\u00e1 News"},"image":{"@id":"https:\/\/ubanews.com\/site\/#\/schema\/logo\/image\/"},"sameAs":["https:\/\/www.facebook.com\/Ub\u00e1News-Carlos-Roberto-Sodr\u00e9-418778301977370"]},{"@type":"Person","@id":"https:\/\/ubanews.com\/site\/#\/schema\/person\/9d8da9ec3c8d00640ab6e8c81e103310","name":"Carlos Roberto Sodr\u00e9","image":{"@type":"ImageObject","inLanguage":"pt-BR","@id":"https:\/\/secure.gravatar.com\/avatar\/aab322e8555b56c468614fafdab8a8f924e394cdc6cfd8232f77e9e4d123a133?s=96&d=mm&r=g","url":"https:\/\/secure.gravatar.com\/avatar\/aab322e8555b56c468614fafdab8a8f924e394cdc6cfd8232f77e9e4d123a133?s=96&d=mm&r=g","contentUrl":"https:\/\/secure.gravatar.com\/avatar\/aab322e8555b56c468614fafdab8a8f924e394cdc6cfd8232f77e9e4d123a133?s=96&d=mm&r=g","caption":"Carlos Roberto Sodr\u00e9"},"url":"https:\/\/ubanews.com\/site\/author\/sodre\/"}]}},"_links":{"self":[{"href":"https:\/\/ubanews.com\/site\/wp-json\/wp\/v2\/posts\/23807","targetHints":{"allow":["GET"]}}],"collection":[{"href":"https:\/\/ubanews.com\/site\/wp-json\/wp\/v2\/posts"}],"about":[{"href":"https:\/\/ubanews.com\/site\/wp-json\/wp\/v2\/types\/post"}],"author":[{"embeddable":true,"href":"https:\/\/ubanews.com\/site\/wp-json\/wp\/v2\/users\/4"}],"replies":[{"embeddable":true,"href":"https:\/\/ubanews.com\/site\/wp-json\/wp\/v2\/comments?post=23807"}],"version-history":[{"count":0,"href":"https:\/\/ubanews.com\/site\/wp-json\/wp\/v2\/posts\/23807\/revisions"}],"wp:featuredmedia":[{"embeddable":true,"href":"https:\/\/ubanews.com\/site\/wp-json\/wp\/v2\/media\/23808"}],"wp:attachment":[{"href":"https:\/\/ubanews.com\/site\/wp-json\/wp\/v2\/media?parent=23807"}],"wp:term":[{"taxonomy":"category","embeddable":true,"href":"https:\/\/ubanews.com\/site\/wp-json\/wp\/v2\/categories?post=23807"},{"taxonomy":"post_tag","embeddable":true,"href":"https:\/\/ubanews.com\/site\/wp-json\/wp\/v2\/tags?post=23807"}],"curies":[{"name":"wp","href":"https:\/\/api.w.org\/{rel}","templated":true}]}}