{"id":23781,"date":"2026-01-27T11:10:41","date_gmt":"2026-01-27T14:10:41","guid":{"rendered":"https:\/\/ubanews.com\/site\/?p=23781"},"modified":"2026-01-27T13:57:19","modified_gmt":"2026-01-27T16:57:19","slug":"femur-2026-comeca-com-grande-impacto-em-uba","status":"publish","type":"post","link":"https:\/\/ubanews.com\/site\/2026\/01\/27\/femur-2026-comeca-com-grande-impacto-em-uba\/","title":{"rendered":"FEMUR 2026 come\u00e7a com grande impacto em Ub\u00e1"},"content":{"rendered":"\n<p><strong>FEMUR 2026 come\u00e7a com grande impacto em Ub\u00e1: Fala Sodr\u00e9 registra autoridades, ind\u00fastria forte e depoimentos marcantes<\/strong>. A abertura da <strong>FEMUR 2026<\/strong> confirmou o que j\u00e1 se esperava: Ub\u00e1 segue como um dos principais polos moveleiros do pa\u00eds. O primeiro dia da feira reuniu empres\u00e1rios, pol\u00edticos, lideran\u00e7as institucionais e visitantes de diversas regi\u00f5es. O <strong>Fala Sodr\u00e9<\/strong> acompanhou tudo de perto, trazendo entrevistas exclusivas, bastidores e an\u00e1lises que mostram a for\u00e7a da ind\u00fastria ubaense.<br>A cobertura contou com <strong>reportagem de Carlos Roberto Sodr\u00e9<\/strong>, <strong>imagens de Laisa Sodr\u00e9<\/strong> e conte\u00fado produzido pela <strong>INDICCA.COM<\/strong>.<\/p>\n\n\n\n<h2 class=\"wp-block-heading\"><strong>FEMUR 2026 come\u00e7a com grande impacto em Ub\u00e1<\/strong><\/h2>\n\n\n\n<figure class=\"wp-block-image size-large\"><img decoding=\"async\" width=\"1024\" height=\"768\" data-src=\"https:\/\/ubanews.com\/site\/wp-content\/uploads\/2026\/01\/Fala-Sodre-Feira-FEMUR-2026-Abertura-Solene-com-o-Presidente-do-Intersind-Gilberto-da-Salleto-2-1-1024x768.jpeg\" alt=\"FEMUR 2026 come\u00e7a com grande impacto em Ub\u00e1: Fala Sodr\u00e9 registra autoridades, ind\u00fastria forte e depoimentos marcantes\" class=\"wp-image-23791 lazyload\" data-srcset=\"https:\/\/ubanews.com\/site\/wp-content\/uploads\/2026\/01\/Fala-Sodre-Feira-FEMUR-2026-Abertura-Solene-com-o-Presidente-do-Intersind-Gilberto-da-Salleto-2-1-1024x768.jpeg 1024w, https:\/\/ubanews.com\/site\/wp-content\/uploads\/2026\/01\/Fala-Sodre-Feira-FEMUR-2026-Abertura-Solene-com-o-Presidente-do-Intersind-Gilberto-da-Salleto-2-1-300x225.jpeg 300w, https:\/\/ubanews.com\/site\/wp-content\/uploads\/2026\/01\/Fala-Sodre-Feira-FEMUR-2026-Abertura-Solene-com-o-Presidente-do-Intersind-Gilberto-da-Salleto-2-1-768x576.jpeg 768w, https:\/\/ubanews.com\/site\/wp-content\/uploads\/2026\/01\/Fala-Sodre-Feira-FEMUR-2026-Abertura-Solene-com-o-Presidente-do-Intersind-Gilberto-da-Salleto-2-1.jpeg 1280w\" data-sizes=\"(max-width: 1024px) 100vw, 1024px\" src=\"data:image\/svg+xml;base64,PHN2ZyB3aWR0aD0iMSIgaGVpZ2h0PSIxIiB4bWxucz0iaHR0cDovL3d3dy53My5vcmcvMjAwMC9zdmciPjwvc3ZnPg==\" style=\"--smush-placeholder-width: 1024px; --smush-placeholder-aspect-ratio: 1024\/768;\" \/><\/figure>\n\n\n\n<h2 class=\"wp-block-heading\"><strong>Ub\u00e1 mostra sua for\u00e7a no cen\u00e1rio nacional<\/strong><\/h2>\n\n\n\n<p>Desde as primeiras horas, o movimento intenso nos corredores j\u00e1 indicava o sucesso da edi\u00e7\u00e3o.<br>E isso tem raz\u00e3o: a FEMUR \u00e9 respons\u00e1vel por impulsionar neg\u00f3cios, gerar empregos e fortalecer a economia regional.<\/p>\n\n\n\n<p><strong>Al\u00e9m disso<\/strong>, a feira atrai compradores de todo o Brasil, ampliando o alcance das empresas locais.<br><strong>Por isso<\/strong>, Ub\u00e1 segue consolidando sua posi\u00e7\u00e3o como refer\u00eancia em inova\u00e7\u00e3o e produtividade no setor moveleiro.<\/p>\n\n\n\n<figure class=\"wp-block-image size-large\"><img decoding=\"async\" width=\"1024\" height=\"571\" data-src=\"https:\/\/ubanews.com\/site\/wp-content\/uploads\/2026\/01\/Fala-Sodre-Feira-FEMUR-2026-Vice-Prefeito-Cabo-Rominho-com-a-Camisa-que-reflete-as-marcas-da-Feira-dos-Moveis-de-Uba-1-1024x571.jpg\" alt=\"FEMUR 2026 come\u00e7a com grande impacto em Ub\u00e1: Fala Sodr\u00e9 registra autoridades, ind\u00fastria forte e depoimentos marcantes\" class=\"wp-image-23792 lazyload\" data-srcset=\"https:\/\/ubanews.com\/site\/wp-content\/uploads\/2026\/01\/Fala-Sodre-Feira-FEMUR-2026-Vice-Prefeito-Cabo-Rominho-com-a-Camisa-que-reflete-as-marcas-da-Feira-dos-Moveis-de-Uba-1-1024x571.jpg 1024w, https:\/\/ubanews.com\/site\/wp-content\/uploads\/2026\/01\/Fala-Sodre-Feira-FEMUR-2026-Vice-Prefeito-Cabo-Rominho-com-a-Camisa-que-reflete-as-marcas-da-Feira-dos-Moveis-de-Uba-1-300x167.jpg 300w, https:\/\/ubanews.com\/site\/wp-content\/uploads\/2026\/01\/Fala-Sodre-Feira-FEMUR-2026-Vice-Prefeito-Cabo-Rominho-com-a-Camisa-que-reflete-as-marcas-da-Feira-dos-Moveis-de-Uba-1-768x428.jpg 768w, https:\/\/ubanews.com\/site\/wp-content\/uploads\/2026\/01\/Fala-Sodre-Feira-FEMUR-2026-Vice-Prefeito-Cabo-Rominho-com-a-Camisa-que-reflete-as-marcas-da-Feira-dos-Moveis-de-Uba-1-360x200.jpg 360w, https:\/\/ubanews.com\/site\/wp-content\/uploads\/2026\/01\/Fala-Sodre-Feira-FEMUR-2026-Vice-Prefeito-Cabo-Rominho-com-a-Camisa-que-reflete-as-marcas-da-Feira-dos-Moveis-de-Uba-1.jpg 1066w\" data-sizes=\"(max-width: 1024px) 100vw, 1024px\" src=\"data:image\/svg+xml;base64,PHN2ZyB3aWR0aD0iMSIgaGVpZ2h0PSIxIiB4bWxucz0iaHR0cDovL3d3dy53My5vcmcvMjAwMC9zdmciPjwvc3ZnPg==\" style=\"--smush-placeholder-width: 1024px; --smush-placeholder-aspect-ratio: 1024\/571;\" \/><\/figure>\n\n\n\n<h2 class=\"wp-block-heading\"><strong>Vice-Prefeito Cabo Rominho veste a camisa da FEMUR<\/strong><\/h2>\n\n\n\n<p>Um dos momentos mais marcantes da cobertura foi quando o <strong>Vice-Prefeito Cabo Rominho<\/strong> vestiu a <strong>camisa oficial da feira<\/strong>, gesto simb\u00f3lico que valorizou as marcas que fazem a FEMUR acontecer.<\/p>\n\n\n\n<p>Em entrevista, ele destacou:<\/p>\n\n\n\n<p><strong>\u201cEssa feira \u00e9 progresso. \u00c9 desenvolvimento para Ub\u00e1 e para toda a nossa regi\u00e3o. Tenho orgulho de participar e representar nossa cidade ao lado de tantos parceiros comprometidos.\u201d<\/strong><\/p>\n\n\n\n<p><strong>Com isso<\/strong>, refor\u00e7ou a import\u00e2ncia da uni\u00e3o entre poder p\u00fablico e setor produtivo.<\/p>\n\n\n\n<figure class=\"wp-block-image size-large\"><img decoding=\"async\" width=\"1024\" height=\"568\" data-src=\"https:\/\/ubanews.com\/site\/wp-content\/uploads\/2026\/01\/Fala-Sodre-Feira-FEMUR-2026-Empresario-Werley-Rufino-Vice-Presidente-ACIUBA-e-CEO-da-Desconto-Facil-1-1024x568.jpg\" alt=\"FEMUR 2026 come\u00e7a com grande impacto em Ub\u00e1: Fala Sodr\u00e9 registra autoridades, ind\u00fastria forte e depoimentos marcantes\" class=\"wp-image-23793 lazyload\" data-srcset=\"https:\/\/ubanews.com\/site\/wp-content\/uploads\/2026\/01\/Fala-Sodre-Feira-FEMUR-2026-Empresario-Werley-Rufino-Vice-Presidente-ACIUBA-e-CEO-da-Desconto-Facil-1-1024x568.jpg 1024w, https:\/\/ubanews.com\/site\/wp-content\/uploads\/2026\/01\/Fala-Sodre-Feira-FEMUR-2026-Empresario-Werley-Rufino-Vice-Presidente-ACIUBA-e-CEO-da-Desconto-Facil-1-300x166.jpg 300w, https:\/\/ubanews.com\/site\/wp-content\/uploads\/2026\/01\/Fala-Sodre-Feira-FEMUR-2026-Empresario-Werley-Rufino-Vice-Presidente-ACIUBA-e-CEO-da-Desconto-Facil-1-768x426.jpg 768w, https:\/\/ubanews.com\/site\/wp-content\/uploads\/2026\/01\/Fala-Sodre-Feira-FEMUR-2026-Empresario-Werley-Rufino-Vice-Presidente-ACIUBA-e-CEO-da-Desconto-Facil-1-360x200.jpg 360w, https:\/\/ubanews.com\/site\/wp-content\/uploads\/2026\/01\/Fala-Sodre-Feira-FEMUR-2026-Empresario-Werley-Rufino-Vice-Presidente-ACIUBA-e-CEO-da-Desconto-Facil-1.jpg 1065w\" data-sizes=\"(max-width: 1024px) 100vw, 1024px\" src=\"data:image\/svg+xml;base64,PHN2ZyB3aWR0aD0iMSIgaGVpZ2h0PSIxIiB4bWxucz0iaHR0cDovL3d3dy53My5vcmcvMjAwMC9zdmciPjwvc3ZnPg==\" style=\"--smush-placeholder-width: 1024px; --smush-placeholder-aspect-ratio: 1024\/568;\" \/><\/figure>\n\n\n\n<h2 class=\"wp-block-heading\"><strong>ACIUB\u00c1 presente com o Vice\u2011Presidente Werley Teixeira Rufino<\/strong><\/h2>\n\n\n\n<p>A for\u00e7a empresarial local tamb\u00e9m esteve representada pelo <strong>Vice\u2011Presidente da ACIUB\u00c1, Werley Teixeira Rufino<\/strong>.<br>Ele acompanhou os expositores, ouviu demandas e refor\u00e7ou o apoio da entidade ao desenvolvimento econ\u00f4mico da cidade.<\/p>\n\n\n\n<p><strong>Al\u00e9m disso<\/strong>, sua presen\u00e7a simboliza o trabalho cont\u00ednuo da ACIUB\u00c1 na defesa do empreendedorismo e na promo\u00e7\u00e3o de eventos que impactam a regi\u00e3o.<\/p>\n\n\n\n<figure class=\"wp-block-image size-large\"><img decoding=\"async\" width=\"1024\" height=\"563\" data-src=\"https:\/\/ubanews.com\/site\/wp-content\/uploads\/2026\/01\/Fala-Sodre-Feira-FEMUR-2026-Advogado-Miguel-P-Gasparoni-1-1024x563.jpg\" alt=\"FEMUR 2026 come\u00e7a com grande impacto em Ub\u00e1: Fala Sodr\u00e9 registra autoridades, ind\u00fastria forte e depoimentos marcantes\" class=\"wp-image-23794 lazyload\" data-srcset=\"https:\/\/ubanews.com\/site\/wp-content\/uploads\/2026\/01\/Fala-Sodre-Feira-FEMUR-2026-Advogado-Miguel-P-Gasparoni-1-1024x563.jpg 1024w, https:\/\/ubanews.com\/site\/wp-content\/uploads\/2026\/01\/Fala-Sodre-Feira-FEMUR-2026-Advogado-Miguel-P-Gasparoni-1-300x165.jpg 300w, https:\/\/ubanews.com\/site\/wp-content\/uploads\/2026\/01\/Fala-Sodre-Feira-FEMUR-2026-Advogado-Miguel-P-Gasparoni-1-768x422.jpg 768w, https:\/\/ubanews.com\/site\/wp-content\/uploads\/2026\/01\/Fala-Sodre-Feira-FEMUR-2026-Advogado-Miguel-P-Gasparoni-1-600x330.jpg 600w, https:\/\/ubanews.com\/site\/wp-content\/uploads\/2026\/01\/Fala-Sodre-Feira-FEMUR-2026-Advogado-Miguel-P-Gasparoni-1.jpg 1069w\" data-sizes=\"(max-width: 1024px) 100vw, 1024px\" src=\"data:image\/svg+xml;base64,PHN2ZyB3aWR0aD0iMSIgaGVpZ2h0PSIxIiB4bWxucz0iaHR0cDovL3d3dy53My5vcmcvMjAwMC9zdmciPjwvc3ZnPg==\" style=\"--smush-placeholder-width: 1024px; --smush-placeholder-aspect-ratio: 1024\/563;\" \/><\/figure>\n\n\n\n<h2 class=\"wp-block-heading\"><strong>Miguel Poggiali Gasparoni refor\u00e7a a vis\u00e3o empreendedora da FEMUR<\/strong><\/h2>\n\n\n\n<p>Entre os nomes importantes presentes na abertura, o empres\u00e1rio <strong>Miguel Poggiali Gasparoni<\/strong> tamb\u00e9m registrou sua participa\u00e7\u00e3o e destacou a relev\u00e2ncia estrat\u00e9gica da feira para Ub\u00e1 e para o polo moveleiro.<\/p>\n\n\n\n<p>Em sua fala, Miguel afirmou:<\/p>\n\n\n\n<p><strong>\u201cA FEMUR representa a for\u00e7a empreendedora da nossa regi\u00e3o. Aqui vemos inova\u00e7\u00e3o, competitividade e uni\u00e3o. Cada empresa presente demonstra que Ub\u00e1 continua crescendo e se posicionando entre os maiores polos moveleiros do pa\u00eds.\u201d<\/strong><\/p>\n\n\n\n<p>Com isso, Miguel refor\u00e7ou a import\u00e2ncia de fortalecer a ind\u00fastria local, estimular novos investimentos e valorizar as empresas que constroem diariamente a economia da cidade.<\/p>\n\n\n\n<figure class=\"wp-block-image size-large\"><img decoding=\"async\" width=\"1024\" height=\"571\" data-src=\"https:\/\/ubanews.com\/site\/wp-content\/uploads\/2026\/01\/Fala-Sodre-Feira-FEMUR-2026-Deputado-Noraldino-Junior-1-1024x571.jpg\" alt=\"FEMUR 2026 come\u00e7a com grande impacto em Ub\u00e1: Fala Sodr\u00e9 registra autoridades, ind\u00fastria forte e depoimentos marcantes\" class=\"wp-image-23795 lazyload\" data-srcset=\"https:\/\/ubanews.com\/site\/wp-content\/uploads\/2026\/01\/Fala-Sodre-Feira-FEMUR-2026-Deputado-Noraldino-Junior-1-1024x571.jpg 1024w, https:\/\/ubanews.com\/site\/wp-content\/uploads\/2026\/01\/Fala-Sodre-Feira-FEMUR-2026-Deputado-Noraldino-Junior-1-300x167.jpg 300w, https:\/\/ubanews.com\/site\/wp-content\/uploads\/2026\/01\/Fala-Sodre-Feira-FEMUR-2026-Deputado-Noraldino-Junior-1-768x428.jpg 768w, https:\/\/ubanews.com\/site\/wp-content\/uploads\/2026\/01\/Fala-Sodre-Feira-FEMUR-2026-Deputado-Noraldino-Junior-1-360x200.jpg 360w, https:\/\/ubanews.com\/site\/wp-content\/uploads\/2026\/01\/Fala-Sodre-Feira-FEMUR-2026-Deputado-Noraldino-Junior-1.jpg 1066w\" data-sizes=\"(max-width: 1024px) 100vw, 1024px\" src=\"data:image\/svg+xml;base64,PHN2ZyB3aWR0aD0iMSIgaGVpZ2h0PSIxIiB4bWxucz0iaHR0cDovL3d3dy53My5vcmcvMjAwMC9zdmciPjwvc3ZnPg==\" style=\"--smush-placeholder-width: 1024px; --smush-placeholder-aspect-ratio: 1024\/571;\" \/><\/figure>\n\n\n\n<h2 class=\"wp-block-heading\"><strong>Deputado Estadual Noraldino J\u00fanior destaca a grandiosidade da feira<\/strong><\/h2>\n\n\n\n<p>O <strong>Deputado Estadual Noraldino J\u00fanior<\/strong> marcou presen\u00e7a e comentou o impacto da FEMUR:<\/p>\n\n\n\n<p><strong>\u201cUb\u00e1 demonstra sua for\u00e7a. A FEMUR movimenta empregos, estimula tecnologia e amplia oportunidades. \u00c9 um evento essencial para Minas Gerais.\u201d<\/strong><\/p>\n\n\n\n<p>Sua participa\u00e7\u00e3o ressaltou a import\u00e2ncia da feira para o estado.<\/p>\n\n\n\n<figure class=\"wp-block-image size-large\"><img decoding=\"async\" width=\"1024\" height=\"574\" data-src=\"https:\/\/ubanews.com\/site\/wp-content\/uploads\/2026\/01\/Fala-Sodre-Feira-FEMUR-2026-Deputado-Reginaldo-Lopes-1-1024x574.jpg\" alt=\"FEMUR 2026 come\u00e7a com grande impacto em Ub\u00e1: Fala Sodr\u00e9 registra autoridades, ind\u00fastria forte e depoimentos marcantes\" class=\"wp-image-23796 lazyload\" data-srcset=\"https:\/\/ubanews.com\/site\/wp-content\/uploads\/2026\/01\/Fala-Sodre-Feira-FEMUR-2026-Deputado-Reginaldo-Lopes-1-1024x574.jpg 1024w, https:\/\/ubanews.com\/site\/wp-content\/uploads\/2026\/01\/Fala-Sodre-Feira-FEMUR-2026-Deputado-Reginaldo-Lopes-1-300x168.jpg 300w, https:\/\/ubanews.com\/site\/wp-content\/uploads\/2026\/01\/Fala-Sodre-Feira-FEMUR-2026-Deputado-Reginaldo-Lopes-1-768x431.jpg 768w, https:\/\/ubanews.com\/site\/wp-content\/uploads\/2026\/01\/Fala-Sodre-Feira-FEMUR-2026-Deputado-Reginaldo-Lopes-1.jpg 1061w\" data-sizes=\"(max-width: 1024px) 100vw, 1024px\" src=\"data:image\/svg+xml;base64,PHN2ZyB3aWR0aD0iMSIgaGVpZ2h0PSIxIiB4bWxucz0iaHR0cDovL3d3dy53My5vcmcvMjAwMC9zdmciPjwvc3ZnPg==\" style=\"--smush-placeholder-width: 1024px; --smush-placeholder-aspect-ratio: 1024\/574;\" \/><\/figure>\n\n\n\n<h2 class=\"wp-block-heading\"><strong>Deputado Federal Reginaldo Lopes elogia o protagonismo de Ub\u00e1<\/strong><\/h2>\n\n\n\n<p>Outro nome que esteve presente foi o <strong>Deputado Federal Reginaldo Lopes<\/strong>.<br>Ele percorreu estandes, conversou com empres\u00e1rios e destacou a dimens\u00e3o nacional da feira.<\/p>\n\n\n\n<p>Em sua fala, afirmou:<\/p>\n\n\n\n<p><strong>\u201cA FEMUR coloca Ub\u00e1 no mapa industrial do Brasil. A inova\u00e7\u00e3o presente aqui gera oportunidades e fortalece milhares de fam\u00edlias.\u201d<\/strong><\/p>\n\n\n\n<p><strong>Assim<\/strong>, a abertura registrou presen\u00e7a de lideran\u00e7as estaduais e federais que reconhecem a relev\u00e2ncia do polo moveleiro.<\/p>\n\n\n\n<figure class=\"wp-block-image size-large\"><img decoding=\"async\" width=\"1024\" height=\"570\" data-src=\"https:\/\/ubanews.com\/site\/wp-content\/uploads\/2026\/01\/Fala-Sodre-Feira-FEMUR-2026-Major-Braganca-da-Policia-Militar-1-1-1024x570.jpg\" alt=\"FEMUR 2026 come\u00e7a com grande impacto em Ub\u00e1: Fala Sodr\u00e9 registra autoridades, ind\u00fastria forte e depoimentos marcantes\" class=\"wp-image-23797 lazyload\" data-srcset=\"https:\/\/ubanews.com\/site\/wp-content\/uploads\/2026\/01\/Fala-Sodre-Feira-FEMUR-2026-Major-Braganca-da-Policia-Militar-1-1-1024x570.jpg 1024w, https:\/\/ubanews.com\/site\/wp-content\/uploads\/2026\/01\/Fala-Sodre-Feira-FEMUR-2026-Major-Braganca-da-Policia-Militar-1-1-300x167.jpg 300w, https:\/\/ubanews.com\/site\/wp-content\/uploads\/2026\/01\/Fala-Sodre-Feira-FEMUR-2026-Major-Braganca-da-Policia-Militar-1-1-768x427.jpg 768w, https:\/\/ubanews.com\/site\/wp-content\/uploads\/2026\/01\/Fala-Sodre-Feira-FEMUR-2026-Major-Braganca-da-Policia-Militar-1-1-360x200.jpg 360w, https:\/\/ubanews.com\/site\/wp-content\/uploads\/2026\/01\/Fala-Sodre-Feira-FEMUR-2026-Major-Braganca-da-Policia-Militar-1-1.jpg 1064w\" data-sizes=\"(max-width: 1024px) 100vw, 1024px\" src=\"data:image\/svg+xml;base64,PHN2ZyB3aWR0aD0iMSIgaGVpZ2h0PSIxIiB4bWxucz0iaHR0cDovL3d3dy53My5vcmcvMjAwMC9zdmciPjwvc3ZnPg==\" style=\"--smush-placeholder-width: 1024px; --smush-placeholder-aspect-ratio: 1024\/570;\" \/><\/figure>\n\n\n\n<h2 class=\"wp-block-heading\"><strong>Major Bragan\u00e7a refor\u00e7a o papel estrat\u00e9gico da FEMUR<\/strong><\/h2>\n\n\n\n<p>Entre as autoridades da \u00e1rea de seguran\u00e7a p\u00fablica, o <strong>Major Bragan\u00e7a<\/strong> tamb\u00e9m registrou sua avalia\u00e7\u00e3o sobre o evento.<br>Ele destacou a import\u00e2ncia da feira para o desenvolvimento regional e para a imagem positiva de Ub\u00e1.<\/p>\n\n\n\n<p>Em sua fala, afirmou:<\/p>\n\n\n\n<p><strong>\u201cA FEMUR \u00e9 mais do que uma feira. Ela representa a for\u00e7a produtiva de Ub\u00e1. Aqui vemos organiza\u00e7\u00e3o, inova\u00e7\u00e3o e um ambiente seguro para empres\u00e1rios, visitantes e trabalhadores. \u00c9 um orgulho participar de um evento que movimenta toda a regi\u00e3o com responsabilidade e seriedade.\u201d<\/strong><\/p>\n\n\n\n<p><strong>Dessa forma<\/strong>, o Major refor\u00e7ou o papel institucional da seguran\u00e7a no suporte a grandes eventos.<\/p>\n\n\n\n<h2 class=\"wp-block-heading\"><strong>Investimentos p\u00fablicos ganham destaque nas entrevistas<\/strong><\/h2>\n\n\n\n<p>Durante as conversas, autoridades municipais destacaram obras e melhorias recentes.<br>Cabo Rominho citou investimentos na sa\u00fade, educa\u00e7\u00e3o e infraestrutura.<\/p>\n\n\n\n<p>Ele afirmou:<\/p>\n\n\n\n<p><strong>\u201cEstamos ampliando unidades de sa\u00fade, melhorando escolas e entregando obras essenciais. \u00c9 assim que Ub\u00e1 continua avan\u00e7ando.\u201d<\/strong><\/p>\n\n\n\n<p>Essas declara\u00e7\u00f5es refor\u00e7am o alinhamento entre gest\u00e3o p\u00fablica e expans\u00e3o econ\u00f4mica.<\/p>\n\n\n\n<figure class=\"wp-block-image size-large\"><img decoding=\"async\" width=\"1024\" height=\"571\" data-src=\"https:\/\/ubanews.com\/site\/wp-content\/uploads\/2026\/01\/Fala-Sodre-Feira-FEMUR-2026-Provedor-do-Hospital-Sao-Vicente-Bruno-Groppo-1-1024x571.jpg\" alt=\"FEMUR 2026 come\u00e7a com grande impacto em Ub\u00e1: Fala Sodr\u00e9 registra autoridades, ind\u00fastria forte e depoimentos marcantes\" class=\"wp-image-23798 lazyload\" data-srcset=\"https:\/\/ubanews.com\/site\/wp-content\/uploads\/2026\/01\/Fala-Sodre-Feira-FEMUR-2026-Provedor-do-Hospital-Sao-Vicente-Bruno-Groppo-1-1024x571.jpg 1024w, https:\/\/ubanews.com\/site\/wp-content\/uploads\/2026\/01\/Fala-Sodre-Feira-FEMUR-2026-Provedor-do-Hospital-Sao-Vicente-Bruno-Groppo-1-300x167.jpg 300w, https:\/\/ubanews.com\/site\/wp-content\/uploads\/2026\/01\/Fala-Sodre-Feira-FEMUR-2026-Provedor-do-Hospital-Sao-Vicente-Bruno-Groppo-1-768x429.jpg 768w, https:\/\/ubanews.com\/site\/wp-content\/uploads\/2026\/01\/Fala-Sodre-Feira-FEMUR-2026-Provedor-do-Hospital-Sao-Vicente-Bruno-Groppo-1-360x200.jpg 360w, https:\/\/ubanews.com\/site\/wp-content\/uploads\/2026\/01\/Fala-Sodre-Feira-FEMUR-2026-Provedor-do-Hospital-Sao-Vicente-Bruno-Groppo-1.jpg 1068w\" data-sizes=\"(max-width: 1024px) 100vw, 1024px\" src=\"data:image\/svg+xml;base64,PHN2ZyB3aWR0aD0iMSIgaGVpZ2h0PSIxIiB4bWxucz0iaHR0cDovL3d3dy53My5vcmcvMjAwMC9zdmciPjwvc3ZnPg==\" style=\"--smush-placeholder-width: 1024px; --smush-placeholder-aspect-ratio: 1024\/571;\" \/><\/figure>\n\n\n\n<h2 class=\"wp-block-heading\"><strong>Hospital S\u00e3o Vicente de Paula: Provedor Bruno Groppo Felippe apresenta avan\u00e7os<\/strong><\/h2>\n\n\n\n<p>Outro destaque importante da cobertura foi a entrevista com <strong>Bruno Groppo Felippe<\/strong>, Provedor do <strong>Hospital S\u00e3o Vicente de Paula<\/strong>.<\/p>\n\n\n\n<p>Ele explicou:<\/p>\n\n\n\n<p><strong>\u201cHoje temos um hospital mais organizado. Ajustamos despesas, equilibramos receitas e estruturamos uma equipe enxuta e eficiente. Avan\u00e7amos muito, mas seguimos trabalhando para melhorar ainda mais.\u201d<\/strong><\/p>\n\n\n\n<p>Bruno tamb\u00e9m comentou sobre a necessidade de recursos federais:<\/p>\n\n\n\n<p><strong>\u201cToda a documenta\u00e7\u00e3o est\u00e1 correta e protocolada. Agora precisamos de vontade pol\u00edtica para fazer andar.\u201d<\/strong><\/p>\n\n\n\n<p>E refor\u00e7ou a import\u00e2ncia das emendas:<\/p>\n\n\n\n<p><strong>\u201cA tabela SUS \u00e9 horrorosa. Sem emendas parlamentares, nenhum hospital regional se sustenta.\u201d<\/strong><\/p>\n\n\n\n<p>Sua fala demonstrou gest\u00e3o, clareza e compromisso com a sa\u00fade p\u00fablica.<\/p>\n\n\n\n<h2 class=\"wp-block-heading\"><strong>Pol\u00edcia Militar garante seguran\u00e7a e organiza\u00e7\u00e3o<\/strong><\/h2>\n\n\n\n<p>A presen\u00e7a constante da Pol\u00edcia Militar assegurou tranquilidade ao p\u00fablico.<br>Um representante destacou:<\/p>\n\n\n\n<p><strong>\u201cEstamos aqui para garantir um ambiente seguro e acolhedor. O p\u00fablico merece uma experi\u00eancia tranquila e organizada.\u201d<\/strong><\/p>\n\n\n\n<p><strong>Com isso<\/strong>, a abertura ocorreu sem intercorr\u00eancias e com excelente fluxo de pessoas.<\/p>\n\n\n\n<h2 class=\"wp-block-heading\"><strong>Estrutura ampliada e novos expositores valorizam a FEMUR<\/strong><\/h2>\n\n\n\n<p>A edi\u00e7\u00e3o de 2026 trouxe expans\u00e3o do pavilh\u00e3o.<br>Gra\u00e7as a isso, v\u00e1rias empresas que aguardavam na fila puderam, finalmente, participar da feira.<\/p>\n\n\n\n<p>O resultado foi uma experi\u00eancia mais completa, com variedade maior de produtos, tecnologia de ponta e novos modelos de neg\u00f3cio.<\/p>\n\n\n\n<h2 class=\"wp-block-heading\"><strong>Imagens que contam hist\u00f3rias<\/strong><\/h2>\n\n\n\n<p>As imagens de <strong>Laisa Sodr\u00e9<\/strong> registraram a ess\u00eancia da feira: movimento, inova\u00e7\u00e3o e pessoas.<br>A curadoria da <strong>INDICCA.COM<\/strong> organizou os conte\u00fados com clareza, narrativa e foco no p\u00fablico.<\/p>\n\n\n\n<h2 class=\"wp-block-heading\"><strong>Conclus\u00e3o: Ub\u00e1 reafirma sua lideran\u00e7a nacional<\/strong><\/h2>\n\n\n\n<p>A abertura da FEMUR 2026 mostrou que Ub\u00e1 continua crescendo, inovando e transformando o cen\u00e1rio moveleiro do pa\u00eds.<br>A uni\u00e3o entre empresas, autoridades, institui\u00e7\u00f5es e trabalhadores demonstra o compromisso coletivo com o desenvolvimento.<\/p>\n\n\n\n<p>O <strong>Fala Sodr\u00e9<\/strong> registrou tudo com autenticidade e proximidade, reafirmando o papel da imprensa regional na valoriza\u00e7\u00e3o das hist\u00f3rias que constroem a cidade.<\/p>\n\n\n\n<figure class=\"wp-block-embed is-type-video is-provider-youtube wp-block-embed-youtube wp-embed-aspect-16-9 wp-has-aspect-ratio\"><div class=\"wp-block-embed__wrapper\">\n<iframe title=\"Fala Sodr\u00e9: inaugurada oficialmente nesta segunda-feira a 17\u00aa Edi\u00e7\u00e3o da FEMUR - 26\/01\/2026\" width=\"840\" height=\"473\" data-src=\"https:\/\/www.youtube.com\/embed\/oXZ_l4iutww?feature=oembed\" frameborder=\"0\" allow=\"accelerometer; autoplay; clipboard-write; encrypted-media; gyroscope; picture-in-picture; web-share\" referrerpolicy=\"strict-origin-when-cross-origin\" allowfullscreen src=\"data:image\/svg+xml;base64,PHN2ZyB3aWR0aD0iMSIgaGVpZ2h0PSIxIiB4bWxucz0iaHR0cDovL3d3dy53My5vcmcvMjAwMC9zdmciPjwvc3ZnPg==\" class=\"lazyload\" data-load-mode=\"1\"><\/iframe>\n<\/div><\/figure>\n\n\n\n<p>&#x1f4da; <strong>Cobertura:<\/strong> Carlos Roberto Sodr\u00e9 <a href=\"https:\/\/wa.me\/553298481334\">WhatsApp<\/a><\/p>\n\n\n\n<p>&#x1f4f8; <strong>Imagens:<\/strong> Laisa Sodr\u00e9 \/ Felipe Oliveira<\/p>\n\n\n\n<p>&#x1f4dd; <strong>Conte\u00fado: <\/strong><a href=\"https:\/\/www.linkedin.com\/in\/pedrohgf\/\">Pedro Henriques<\/a> \u2013 <a href=\"https:\/\/indicca.com.br\/blog\/\">INDICCA.COM<\/a>&nbsp; <a href=\"https:\/\/wa.me\/5532988020057\">WhatsApp<\/a><\/p>\n\n\n\n<p>&#x1f393; <strong>Evento:<\/strong> FEMUR 2026 come\u00e7a com grande impacto em Ub\u00e1<\/p>\n","protected":false},"excerpt":{"rendered":"<p>A FEMUR 2026 come\u00e7ou com grande impacto em Ub\u00e1, reunindo autoridades, empres\u00e1rios e lideran\u00e7as do polo moveleiro. Abertura marcada por entrevistas exclusivas com o Fala Sodr\u00e9 e registros que mostram a for\u00e7a da ind\u00fastria local, inova\u00e7\u00e3o dos expositores e a import\u00e2ncia econ\u00f4mica da feira para a regi\u00e3o.<\/p>\n","protected":false},"author":4,"featured_media":23791,"comment_status":"open","ping_status":"open","sticky":false,"template":"","format":"standard","meta":{"footnotes":""},"categories":[45,1,3],"tags":[63,59,325,141,332,333,67],"class_list":["post-23781","post","type-post","status-publish","format-standard","has-post-thumbnail","hentry","category-destaque-principal","category-sem-categoria","category-slide","tag-cabo-rominho","tag-fala-sodre","tag-femur-2026","tag-intersind","tag-noraldino-junior","tag-reginaldo-lopes","tag-sodre"],"yoast_head":"<!-- This site is optimized with the Yoast SEO plugin v27.2 - https:\/\/yoast.com\/product\/yoast-seo-wordpress\/ -->\n<title>FEMUR 2026 come\u00e7a com grande impacto em Ub\u00e1 - Ub\u00e1 News<\/title>\n<meta name=\"description\" content=\"FEMUR 2026 come\u00e7a com grande impacto em Ub\u00e1: Fala Sodr\u00e9 registra autoridades, ind\u00fastria forte e depoimentos marcantes\" \/>\n<meta name=\"robots\" content=\"index, follow, max-snippet:-1, max-image-preview:large, max-video-preview:-1\" \/>\n<link rel=\"canonical\" href=\"https:\/\/ubanews.com\/site\/2026\/01\/27\/femur-2026-comeca-com-grande-impacto-em-uba\/\" \/>\n<meta property=\"og:locale\" content=\"pt_BR\" \/>\n<meta property=\"og:type\" content=\"article\" \/>\n<meta property=\"og:title\" content=\"FEMUR 2026 come\u00e7a com grande impacto em Ub\u00e1 - Ub\u00e1 News\" \/>\n<meta property=\"og:description\" content=\"FEMUR 2026 come\u00e7a com grande impacto em Ub\u00e1: Fala Sodr\u00e9 registra autoridades, ind\u00fastria forte e depoimentos marcantes\" \/>\n<meta property=\"og:url\" content=\"https:\/\/ubanews.com\/site\/2026\/01\/27\/femur-2026-comeca-com-grande-impacto-em-uba\/\" \/>\n<meta property=\"og:site_name\" content=\"Ub\u00e1 News\" \/>\n<meta property=\"article:publisher\" content=\"https:\/\/www.facebook.com\/Ub%c3%a1News-Carlos-Roberto-Sodr%c3%a9-418778301977370\" \/>\n<meta property=\"article:published_time\" content=\"2026-01-27T14:10:41+00:00\" \/>\n<meta property=\"article:modified_time\" content=\"2026-01-27T16:57:19+00:00\" \/>\n<meta property=\"og:image\" content=\"https:\/\/ubanews.com\/site\/wp-content\/uploads\/2026\/01\/Fala-Sodre-Feira-FEMUR-2026-Abertura-Solene-com-o-Presidente-do-Intersind-Gilberto-da-Salleto-2-1.jpeg\" \/>\n\t<meta property=\"og:image:width\" content=\"1280\" \/>\n\t<meta property=\"og:image:height\" content=\"960\" \/>\n\t<meta property=\"og:image:type\" content=\"image\/jpeg\" \/>\n<meta name=\"author\" content=\"Carlos Roberto Sodr\u00e9\" \/>\n<meta name=\"twitter:card\" content=\"summary_large_image\" \/>\n<meta name=\"twitter:label1\" content=\"Escrito por\" \/>\n\t<meta name=\"twitter:data1\" content=\"Carlos Roberto Sodr\u00e9\" \/>\n\t<meta name=\"twitter:label2\" content=\"Est. tempo de leitura\" \/>\n\t<meta name=\"twitter:data2\" content=\"8 minutos\" \/>\n<script type=\"application\/ld+json\" class=\"yoast-schema-graph\">{\"@context\":\"https:\/\/schema.org\",\"@graph\":[{\"@type\":\"Article\",\"@id\":\"https:\/\/ubanews.com\/site\/2026\/01\/27\/femur-2026-comeca-com-grande-impacto-em-uba\/#article\",\"isPartOf\":{\"@id\":\"https:\/\/ubanews.com\/site\/2026\/01\/27\/femur-2026-comeca-com-grande-impacto-em-uba\/\"},\"author\":{\"name\":\"Carlos Roberto Sodr\u00e9\",\"@id\":\"https:\/\/ubanews.com\/site\/#\/schema\/person\/9d8da9ec3c8d00640ab6e8c81e103310\"},\"headline\":\"FEMUR 2026 come\u00e7a com grande impacto em Ub\u00e1\",\"datePublished\":\"2026-01-27T14:10:41+00:00\",\"dateModified\":\"2026-01-27T16:57:19+00:00\",\"mainEntityOfPage\":{\"@id\":\"https:\/\/ubanews.com\/site\/2026\/01\/27\/femur-2026-comeca-com-grande-impacto-em-uba\/\"},\"wordCount\":1193,\"commentCount\":0,\"publisher\":{\"@id\":\"https:\/\/ubanews.com\/site\/#organization\"},\"image\":{\"@id\":\"https:\/\/ubanews.com\/site\/2026\/01\/27\/femur-2026-comeca-com-grande-impacto-em-uba\/#primaryimage\"},\"thumbnailUrl\":\"https:\/\/ubanews.com\/site\/wp-content\/uploads\/2026\/01\/Fala-Sodre-Feira-FEMUR-2026-Abertura-Solene-com-o-Presidente-do-Intersind-Gilberto-da-Salleto-2-1.jpeg\",\"keywords\":[\"Cabo Rominho\",\"Fala Sodr\u00e9\",\"FEMUR 2026\",\"Intersind\",\"Noraldino Junior\",\"Reginaldo Lopes\",\"Sodr\u00e9\"],\"articleSection\":[\"DESTAQUE PRINCIPAL\",\"Geral\",\"Slide\"],\"inLanguage\":\"pt-BR\",\"potentialAction\":[{\"@type\":\"CommentAction\",\"name\":\"Comment\",\"target\":[\"https:\/\/ubanews.com\/site\/2026\/01\/27\/femur-2026-comeca-com-grande-impacto-em-uba\/#respond\"]}]},{\"@type\":\"WebPage\",\"@id\":\"https:\/\/ubanews.com\/site\/2026\/01\/27\/femur-2026-comeca-com-grande-impacto-em-uba\/\",\"url\":\"https:\/\/ubanews.com\/site\/2026\/01\/27\/femur-2026-comeca-com-grande-impacto-em-uba\/\",\"name\":\"FEMUR 2026 come\u00e7a com grande impacto em Ub\u00e1 - Ub\u00e1 News\",\"isPartOf\":{\"@id\":\"https:\/\/ubanews.com\/site\/#website\"},\"primaryImageOfPage\":{\"@id\":\"https:\/\/ubanews.com\/site\/2026\/01\/27\/femur-2026-comeca-com-grande-impacto-em-uba\/#primaryimage\"},\"image\":{\"@id\":\"https:\/\/ubanews.com\/site\/2026\/01\/27\/femur-2026-comeca-com-grande-impacto-em-uba\/#primaryimage\"},\"thumbnailUrl\":\"https:\/\/ubanews.com\/site\/wp-content\/uploads\/2026\/01\/Fala-Sodre-Feira-FEMUR-2026-Abertura-Solene-com-o-Presidente-do-Intersind-Gilberto-da-Salleto-2-1.jpeg\",\"datePublished\":\"2026-01-27T14:10:41+00:00\",\"dateModified\":\"2026-01-27T16:57:19+00:00\",\"description\":\"FEMUR 2026 come\u00e7a com grande impacto em Ub\u00e1: Fala Sodr\u00e9 registra autoridades, ind\u00fastria forte e depoimentos marcantes\",\"breadcrumb\":{\"@id\":\"https:\/\/ubanews.com\/site\/2026\/01\/27\/femur-2026-comeca-com-grande-impacto-em-uba\/#breadcrumb\"},\"inLanguage\":\"pt-BR\",\"potentialAction\":[{\"@type\":\"ReadAction\",\"target\":[\"https:\/\/ubanews.com\/site\/2026\/01\/27\/femur-2026-comeca-com-grande-impacto-em-uba\/\"]}]},{\"@type\":\"ImageObject\",\"inLanguage\":\"pt-BR\",\"@id\":\"https:\/\/ubanews.com\/site\/2026\/01\/27\/femur-2026-comeca-com-grande-impacto-em-uba\/#primaryimage\",\"url\":\"https:\/\/ubanews.com\/site\/wp-content\/uploads\/2026\/01\/Fala-Sodre-Feira-FEMUR-2026-Abertura-Solene-com-o-Presidente-do-Intersind-Gilberto-da-Salleto-2-1.jpeg\",\"contentUrl\":\"https:\/\/ubanews.com\/site\/wp-content\/uploads\/2026\/01\/Fala-Sodre-Feira-FEMUR-2026-Abertura-Solene-com-o-Presidente-do-Intersind-Gilberto-da-Salleto-2-1.jpeg\",\"width\":1280,\"height\":960},{\"@type\":\"BreadcrumbList\",\"@id\":\"https:\/\/ubanews.com\/site\/2026\/01\/27\/femur-2026-comeca-com-grande-impacto-em-uba\/#breadcrumb\",\"itemListElement\":[{\"@type\":\"ListItem\",\"position\":1,\"name\":\"Home\",\"item\":\"https:\/\/ubanews.com\/site\/\"},{\"@type\":\"ListItem\",\"position\":2,\"name\":\"FEMUR 2026 come\u00e7a com grande impacto em Ub\u00e1\"}]},{\"@type\":\"WebSite\",\"@id\":\"https:\/\/ubanews.com\/site\/#website\",\"url\":\"https:\/\/ubanews.com\/site\/\",\"name\":\"Ub\u00e1 News\",\"description\":\"\",\"publisher\":{\"@id\":\"https:\/\/ubanews.com\/site\/#organization\"},\"potentialAction\":[{\"@type\":\"SearchAction\",\"target\":{\"@type\":\"EntryPoint\",\"urlTemplate\":\"https:\/\/ubanews.com\/site\/?s={search_term_string}\"},\"query-input\":{\"@type\":\"PropertyValueSpecification\",\"valueRequired\":true,\"valueName\":\"search_term_string\"}}],\"inLanguage\":\"pt-BR\"},{\"@type\":\"Organization\",\"@id\":\"https:\/\/ubanews.com\/site\/#organization\",\"name\":\"Ub\u00e1 News\",\"url\":\"https:\/\/ubanews.com\/site\/\",\"logo\":{\"@type\":\"ImageObject\",\"inLanguage\":\"pt-BR\",\"@id\":\"https:\/\/ubanews.com\/site\/#\/schema\/logo\/image\/\",\"url\":\"https:\/\/ubanews.com\/site\/wp-content\/uploads\/2018\/01\/logoubanews.png\",\"contentUrl\":\"https:\/\/ubanews.com\/site\/wp-content\/uploads\/2018\/01\/logoubanews.png\",\"width\":261,\"height\":99,\"caption\":\"Ub\u00e1 News\"},\"image\":{\"@id\":\"https:\/\/ubanews.com\/site\/#\/schema\/logo\/image\/\"},\"sameAs\":[\"https:\/\/www.facebook.com\/Ub\u00e1News-Carlos-Roberto-Sodr\u00e9-418778301977370\"]},{\"@type\":\"Person\",\"@id\":\"https:\/\/ubanews.com\/site\/#\/schema\/person\/9d8da9ec3c8d00640ab6e8c81e103310\",\"name\":\"Carlos Roberto Sodr\u00e9\",\"image\":{\"@type\":\"ImageObject\",\"inLanguage\":\"pt-BR\",\"@id\":\"https:\/\/secure.gravatar.com\/avatar\/aab322e8555b56c468614fafdab8a8f924e394cdc6cfd8232f77e9e4d123a133?s=96&d=mm&r=g\",\"url\":\"https:\/\/secure.gravatar.com\/avatar\/aab322e8555b56c468614fafdab8a8f924e394cdc6cfd8232f77e9e4d123a133?s=96&d=mm&r=g\",\"contentUrl\":\"https:\/\/secure.gravatar.com\/avatar\/aab322e8555b56c468614fafdab8a8f924e394cdc6cfd8232f77e9e4d123a133?s=96&d=mm&r=g\",\"caption\":\"Carlos Roberto Sodr\u00e9\"},\"url\":\"https:\/\/ubanews.com\/site\/author\/sodre\/\"}]}<\/script>\n<!-- \/ Yoast SEO plugin. -->","yoast_head_json":{"title":"FEMUR 2026 come\u00e7a com grande impacto em Ub\u00e1 - Ub\u00e1 News","description":"FEMUR 2026 come\u00e7a com grande impacto em Ub\u00e1: Fala Sodr\u00e9 registra autoridades, ind\u00fastria forte e depoimentos marcantes","robots":{"index":"index","follow":"follow","max-snippet":"max-snippet:-1","max-image-preview":"max-image-preview:large","max-video-preview":"max-video-preview:-1"},"canonical":"https:\/\/ubanews.com\/site\/2026\/01\/27\/femur-2026-comeca-com-grande-impacto-em-uba\/","og_locale":"pt_BR","og_type":"article","og_title":"FEMUR 2026 come\u00e7a com grande impacto em Ub\u00e1 - Ub\u00e1 News","og_description":"FEMUR 2026 come\u00e7a com grande impacto em Ub\u00e1: Fala Sodr\u00e9 registra autoridades, ind\u00fastria forte e depoimentos marcantes","og_url":"https:\/\/ubanews.com\/site\/2026\/01\/27\/femur-2026-comeca-com-grande-impacto-em-uba\/","og_site_name":"Ub\u00e1 News","article_publisher":"https:\/\/www.facebook.com\/Ub%c3%a1News-Carlos-Roberto-Sodr%c3%a9-418778301977370","article_published_time":"2026-01-27T14:10:41+00:00","article_modified_time":"2026-01-27T16:57:19+00:00","og_image":[{"width":1280,"height":960,"url":"https:\/\/ubanews.com\/site\/wp-content\/uploads\/2026\/01\/Fala-Sodre-Feira-FEMUR-2026-Abertura-Solene-com-o-Presidente-do-Intersind-Gilberto-da-Salleto-2-1.jpeg","type":"image\/jpeg"}],"author":"Carlos Roberto Sodr\u00e9","twitter_card":"summary_large_image","twitter_misc":{"Escrito por":"Carlos Roberto Sodr\u00e9","Est. tempo de leitura":"8 minutos"},"schema":{"@context":"https:\/\/schema.org","@graph":[{"@type":"Article","@id":"https:\/\/ubanews.com\/site\/2026\/01\/27\/femur-2026-comeca-com-grande-impacto-em-uba\/#article","isPartOf":{"@id":"https:\/\/ubanews.com\/site\/2026\/01\/27\/femur-2026-comeca-com-grande-impacto-em-uba\/"},"author":{"name":"Carlos Roberto Sodr\u00e9","@id":"https:\/\/ubanews.com\/site\/#\/schema\/person\/9d8da9ec3c8d00640ab6e8c81e103310"},"headline":"FEMUR 2026 come\u00e7a com grande impacto em Ub\u00e1","datePublished":"2026-01-27T14:10:41+00:00","dateModified":"2026-01-27T16:57:19+00:00","mainEntityOfPage":{"@id":"https:\/\/ubanews.com\/site\/2026\/01\/27\/femur-2026-comeca-com-grande-impacto-em-uba\/"},"wordCount":1193,"commentCount":0,"publisher":{"@id":"https:\/\/ubanews.com\/site\/#organization"},"image":{"@id":"https:\/\/ubanews.com\/site\/2026\/01\/27\/femur-2026-comeca-com-grande-impacto-em-uba\/#primaryimage"},"thumbnailUrl":"https:\/\/ubanews.com\/site\/wp-content\/uploads\/2026\/01\/Fala-Sodre-Feira-FEMUR-2026-Abertura-Solene-com-o-Presidente-do-Intersind-Gilberto-da-Salleto-2-1.jpeg","keywords":["Cabo Rominho","Fala Sodr\u00e9","FEMUR 2026","Intersind","Noraldino Junior","Reginaldo Lopes","Sodr\u00e9"],"articleSection":["DESTAQUE PRINCIPAL","Geral","Slide"],"inLanguage":"pt-BR","potentialAction":[{"@type":"CommentAction","name":"Comment","target":["https:\/\/ubanews.com\/site\/2026\/01\/27\/femur-2026-comeca-com-grande-impacto-em-uba\/#respond"]}]},{"@type":"WebPage","@id":"https:\/\/ubanews.com\/site\/2026\/01\/27\/femur-2026-comeca-com-grande-impacto-em-uba\/","url":"https:\/\/ubanews.com\/site\/2026\/01\/27\/femur-2026-comeca-com-grande-impacto-em-uba\/","name":"FEMUR 2026 come\u00e7a com grande impacto em Ub\u00e1 - Ub\u00e1 News","isPartOf":{"@id":"https:\/\/ubanews.com\/site\/#website"},"primaryImageOfPage":{"@id":"https:\/\/ubanews.com\/site\/2026\/01\/27\/femur-2026-comeca-com-grande-impacto-em-uba\/#primaryimage"},"image":{"@id":"https:\/\/ubanews.com\/site\/2026\/01\/27\/femur-2026-comeca-com-grande-impacto-em-uba\/#primaryimage"},"thumbnailUrl":"https:\/\/ubanews.com\/site\/wp-content\/uploads\/2026\/01\/Fala-Sodre-Feira-FEMUR-2026-Abertura-Solene-com-o-Presidente-do-Intersind-Gilberto-da-Salleto-2-1.jpeg","datePublished":"2026-01-27T14:10:41+00:00","dateModified":"2026-01-27T16:57:19+00:00","description":"FEMUR 2026 come\u00e7a com grande impacto em Ub\u00e1: Fala Sodr\u00e9 registra autoridades, ind\u00fastria forte e depoimentos marcantes","breadcrumb":{"@id":"https:\/\/ubanews.com\/site\/2026\/01\/27\/femur-2026-comeca-com-grande-impacto-em-uba\/#breadcrumb"},"inLanguage":"pt-BR","potentialAction":[{"@type":"ReadAction","target":["https:\/\/ubanews.com\/site\/2026\/01\/27\/femur-2026-comeca-com-grande-impacto-em-uba\/"]}]},{"@type":"ImageObject","inLanguage":"pt-BR","@id":"https:\/\/ubanews.com\/site\/2026\/01\/27\/femur-2026-comeca-com-grande-impacto-em-uba\/#primaryimage","url":"https:\/\/ubanews.com\/site\/wp-content\/uploads\/2026\/01\/Fala-Sodre-Feira-FEMUR-2026-Abertura-Solene-com-o-Presidente-do-Intersind-Gilberto-da-Salleto-2-1.jpeg","contentUrl":"https:\/\/ubanews.com\/site\/wp-content\/uploads\/2026\/01\/Fala-Sodre-Feira-FEMUR-2026-Abertura-Solene-com-o-Presidente-do-Intersind-Gilberto-da-Salleto-2-1.jpeg","width":1280,"height":960},{"@type":"BreadcrumbList","@id":"https:\/\/ubanews.com\/site\/2026\/01\/27\/femur-2026-comeca-com-grande-impacto-em-uba\/#breadcrumb","itemListElement":[{"@type":"ListItem","position":1,"name":"Home","item":"https:\/\/ubanews.com\/site\/"},{"@type":"ListItem","position":2,"name":"FEMUR 2026 come\u00e7a com grande impacto em Ub\u00e1"}]},{"@type":"WebSite","@id":"https:\/\/ubanews.com\/site\/#website","url":"https:\/\/ubanews.com\/site\/","name":"Ub\u00e1 News","description":"","publisher":{"@id":"https:\/\/ubanews.com\/site\/#organization"},"potentialAction":[{"@type":"SearchAction","target":{"@type":"EntryPoint","urlTemplate":"https:\/\/ubanews.com\/site\/?s={search_term_string}"},"query-input":{"@type":"PropertyValueSpecification","valueRequired":true,"valueName":"search_term_string"}}],"inLanguage":"pt-BR"},{"@type":"Organization","@id":"https:\/\/ubanews.com\/site\/#organization","name":"Ub\u00e1 News","url":"https:\/\/ubanews.com\/site\/","logo":{"@type":"ImageObject","inLanguage":"pt-BR","@id":"https:\/\/ubanews.com\/site\/#\/schema\/logo\/image\/","url":"https:\/\/ubanews.com\/site\/wp-content\/uploads\/2018\/01\/logoubanews.png","contentUrl":"https:\/\/ubanews.com\/site\/wp-content\/uploads\/2018\/01\/logoubanews.png","width":261,"height":99,"caption":"Ub\u00e1 News"},"image":{"@id":"https:\/\/ubanews.com\/site\/#\/schema\/logo\/image\/"},"sameAs":["https:\/\/www.facebook.com\/Ub\u00e1News-Carlos-Roberto-Sodr\u00e9-418778301977370"]},{"@type":"Person","@id":"https:\/\/ubanews.com\/site\/#\/schema\/person\/9d8da9ec3c8d00640ab6e8c81e103310","name":"Carlos Roberto Sodr\u00e9","image":{"@type":"ImageObject","inLanguage":"pt-BR","@id":"https:\/\/secure.gravatar.com\/avatar\/aab322e8555b56c468614fafdab8a8f924e394cdc6cfd8232f77e9e4d123a133?s=96&d=mm&r=g","url":"https:\/\/secure.gravatar.com\/avatar\/aab322e8555b56c468614fafdab8a8f924e394cdc6cfd8232f77e9e4d123a133?s=96&d=mm&r=g","contentUrl":"https:\/\/secure.gravatar.com\/avatar\/aab322e8555b56c468614fafdab8a8f924e394cdc6cfd8232f77e9e4d123a133?s=96&d=mm&r=g","caption":"Carlos Roberto Sodr\u00e9"},"url":"https:\/\/ubanews.com\/site\/author\/sodre\/"}]}},"_links":{"self":[{"href":"https:\/\/ubanews.com\/site\/wp-json\/wp\/v2\/posts\/23781","targetHints":{"allow":["GET"]}}],"collection":[{"href":"https:\/\/ubanews.com\/site\/wp-json\/wp\/v2\/posts"}],"about":[{"href":"https:\/\/ubanews.com\/site\/wp-json\/wp\/v2\/types\/post"}],"author":[{"embeddable":true,"href":"https:\/\/ubanews.com\/site\/wp-json\/wp\/v2\/users\/4"}],"replies":[{"embeddable":true,"href":"https:\/\/ubanews.com\/site\/wp-json\/wp\/v2\/comments?post=23781"}],"version-history":[{"count":0,"href":"https:\/\/ubanews.com\/site\/wp-json\/wp\/v2\/posts\/23781\/revisions"}],"wp:featuredmedia":[{"embeddable":true,"href":"https:\/\/ubanews.com\/site\/wp-json\/wp\/v2\/media\/23791"}],"wp:attachment":[{"href":"https:\/\/ubanews.com\/site\/wp-json\/wp\/v2\/media?parent=23781"}],"wp:term":[{"taxonomy":"category","embeddable":true,"href":"https:\/\/ubanews.com\/site\/wp-json\/wp\/v2\/categories?post=23781"},{"taxonomy":"post_tag","embeddable":true,"href":"https:\/\/ubanews.com\/site\/wp-json\/wp\/v2\/tags?post=23781"}],"curies":[{"name":"wp","href":"https:\/\/api.w.org\/{rel}","templated":true}]}}