{"id":23769,"date":"2026-01-23T12:07:19","date_gmt":"2026-01-23T15:07:19","guid":{"rendered":"https:\/\/ubanews.com\/site\/?p=23769"},"modified":"2026-01-23T12:07:26","modified_gmt":"2026-01-23T15:07:26","slug":"registro-da-posse-da-aciuba-no-fala-do-sodre","status":"publish","type":"post","link":"https:\/\/ubanews.com\/site\/2026\/01\/23\/registro-da-posse-da-aciuba-no-fala-do-sodre\/","title":{"rendered":"Registro da Posse da ACIUB\u00c1 no Fala do Sodr\u00e9"},"content":{"rendered":"\n<h2 class=\"wp-block-heading\" id=\"registrodapossedaaciubnofaladosodrumanoitehistricadeuniodesenvolvimentoepropsito\"><strong>Registro da Posse da ACIUB\u00c1 no Fala do Sodr\u00e9: Uma Noite Hist\u00f3rica de Uni\u00e3o, Desenvolvimento e Prop\u00f3sito<\/strong><\/h2>\n\n\n\n<p>A posse da nova diretoria da Associa\u00e7\u00e3o Comercial e Industrial de Ub\u00e1 (ACIUB\u00c1) marcou uma noite emocionante, repleta de discursos fortes, reconhecimentos importantes e uma clara demonstra\u00e7\u00e3o de uni\u00e3o entre poder p\u00fablico, ind\u00fastria, com\u00e9rcio e lideran\u00e7as sociais. O registro ganhou ainda mais destaque com a cobertura do <strong>Fala do Sodr\u00e9<\/strong>, com entrevista conduzida pelo rep\u00f3rter <strong>Carlos Roberto Sodr\u00e9<\/strong>, imagens de <strong>Laisa Sodr\u00e9<\/strong> e gera\u00e7\u00e3o de conte\u00fado pela <strong>INDICCA.COM<\/strong>, representada por <strong>Pedro Henriques<\/strong>.<\/p>\n\n\n\n<figure class=\"wp-block-image size-large\"><img decoding=\"async\" width=\"1024\" height=\"562\" data-src=\"https:\/\/ubanews.com\/site\/wp-content\/uploads\/2026\/01\/Fala-Sodre-Posse-da-Nova-Diretoria-ACIUBA-com-os-Presidente-Elias-com-Carlos-Roberto-Sodre-1024x562.jpg\" alt=\"Registro da Posse da ACIUB\u00c1 no Fala do Sodr\u00e9: Uma Noite Hist\u00f3rica de Uni\u00e3o, Desenvolvimento e Prop\u00f3sito\" class=\"wp-image-23770 lazyload\" data-srcset=\"https:\/\/ubanews.com\/site\/wp-content\/uploads\/2026\/01\/Fala-Sodre-Posse-da-Nova-Diretoria-ACIUBA-com-os-Presidente-Elias-com-Carlos-Roberto-Sodre-1024x562.jpg 1024w, https:\/\/ubanews.com\/site\/wp-content\/uploads\/2026\/01\/Fala-Sodre-Posse-da-Nova-Diretoria-ACIUBA-com-os-Presidente-Elias-com-Carlos-Roberto-Sodre-300x165.jpg 300w, https:\/\/ubanews.com\/site\/wp-content\/uploads\/2026\/01\/Fala-Sodre-Posse-da-Nova-Diretoria-ACIUBA-com-os-Presidente-Elias-com-Carlos-Roberto-Sodre-768x422.jpg 768w, https:\/\/ubanews.com\/site\/wp-content\/uploads\/2026\/01\/Fala-Sodre-Posse-da-Nova-Diretoria-ACIUBA-com-os-Presidente-Elias-com-Carlos-Roberto-Sodre-600x330.jpg 600w, https:\/\/ubanews.com\/site\/wp-content\/uploads\/2026\/01\/Fala-Sodre-Posse-da-Nova-Diretoria-ACIUBA-com-os-Presidente-Elias-com-Carlos-Roberto-Sodre.jpg 1069w\" data-sizes=\"(max-width: 1024px) 100vw, 1024px\" src=\"data:image\/svg+xml;base64,PHN2ZyB3aWR0aD0iMSIgaGVpZ2h0PSIxIiB4bWxucz0iaHR0cDovL3d3dy53My5vcmcvMjAwMC9zdmciPjwvc3ZnPg==\" style=\"--smush-placeholder-width: 1024px; --smush-placeholder-aspect-ratio: 1024\/562;\" \/><\/figure>\n\n\n\n<p>Desde o in\u00edcio, o evento mostrou a for\u00e7a da representatividade da ACIUB\u00c1 e seu papel estrat\u00e9gico para a economia e para o futuro da cidade.<\/p>\n\n\n\n<h2 class=\"wp-block-heading\" id=\"umeventoprestigiadoecheiodepropsito\"><strong>Um Evento Prestigiado e Cheio de Prop\u00f3sito<\/strong><\/h2>\n\n\n\n<p>Logo nas primeiras entrevistas, ficou evidente a relev\u00e2ncia da ACIUB\u00c1 no desenvolvimento econ\u00f4mico regional. A gerente executiva da ADUBAR, <strong>Patr\u00edcia Ferraz<\/strong>, destacou a import\u00e2ncia da continuidade e da uni\u00e3o entre entidades.<\/p>\n\n\n\n<p><strong>\u201cEu fico muito lisonjeada de ser uma das criadoras da ADUBAR. A gente est\u00e1 aqui para somar\u201d,<\/strong> afirmou.<\/p>\n\n\n\n<p>Al\u00e9m disso, ela refor\u00e7ou o impacto do novo projeto que pretende transformar Ub\u00e1 em um destino nacional de turismo de compras:<\/p>\n\n\n\n<p><strong>\u201cVamos lan\u00e7ar o \u2018Ub\u00e1, Capital do M\u00f3vel\u2019. Queremos turistas comprando no varejo, movimentando toda a cadeia econ\u00f4mica.\u201d<\/strong><\/p>\n\n\n\n<p>Esse ponto se tornou um dos destaques da cobertura, mostrando como ACIUB\u00c1 e ADUBAR trabalham juntas para fortalecer n\u00e3o apenas a ind\u00fastria moveleira, mas tamb\u00e9m turismo, com\u00e9rcio e servi\u00e7os.<\/p>\n\n\n\n<h2 class=\"wp-block-heading\" id=\"opapeldacomunicaoeoincentivoaocomrciolocal\"><strong>O Papel da Comunica\u00e7\u00e3o e o Incentivo ao Com\u00e9rcio Local<\/strong><\/h2>\n\n\n\n<p>Durante a conversa, Sodr\u00e9 tamb\u00e9m ressaltou a import\u00e2ncia dos meios de comunica\u00e7\u00e3o na valoriza\u00e7\u00e3o da economia local. E Patricia refor\u00e7ou:<br><strong>\u201cN\u00f3s temos tudo aqui. Precisamos destacar o trabalho dos nossos trabalhadores e fortalecer o com\u00e9rcio local.\u201d<\/strong><\/p>\n\n\n\n<p>Assim, o registro exibiu o quanto transpar\u00eancia, divulga\u00e7\u00e3o e proximidade com a popula\u00e7\u00e3o s\u00e3o fatores essenciais para o crescimento de Ub\u00e1.<\/p>\n\n\n\n<h2 class=\"wp-block-heading\" id=\"participaoativadopoderpblico\"><strong>Participa\u00e7\u00e3o Ativa do Poder P\u00fablico<\/strong><\/h2>\n\n\n\n<p>Na sequ\u00eancia, o secret\u00e1rio de seguran\u00e7a p\u00fablica de Ub\u00e1, <strong>Abreu<\/strong>, apresentou uma vis\u00e3o clara do alinhamento entre prefeitura e associa\u00e7\u00e3o.<\/p>\n\n\n\n<p><strong>\u201cA troca \u00e9 saud\u00e1vel. O poder p\u00fablico \u00e9 parceiro da ACIUB\u00c1. Queremos ser o bra\u00e7o amigo para fomentar o com\u00e9rcio\u201d,<\/strong> afirmou.<\/p>\n\n\n\n<p>J\u00e1 o vice\u2011prefeito <strong>Luciano<\/strong>, emocionado, deu um dos relatos mais marcantes da noite. Ele relembrou sua trajet\u00f3ria e enalteceu o papel da fam\u00edlia:<\/p>\n\n\n\n<p><strong>\u201cEu era aquele menino que andava descal\u00e7o. Hoje represento a cidade por permiss\u00e3o de Deus. E devo isso \u00e0 minha m\u00e3e, que foi pai e m\u00e3e ao mesmo tempo.\u201d<\/strong><\/p>\n\n\n\n<p>O depoimento emocionou o p\u00fablico no local e ganhou destaque especial no Fala do Sodr\u00e9.<\/p>\n\n\n\n<h2 class=\"wp-block-heading\" id=\"avisodaoabeoprotagonismodasmulheres\"><strong>A Vis\u00e3o da OAB e o Protagonismo das Mulheres<\/strong><\/h2>\n\n\n\n<p>A advogada <strong>Dra. Laila L\u00facio<\/strong>, representando a OAB Ub\u00e1, refor\u00e7ou o prest\u00edgio da associa\u00e7\u00e3o:<\/p>\n\n\n\n<p><strong>\u201cA ACIUB\u00c1 \u00e9 chave para o desenvolvimento da nossa cidade. \u00c9 gratificante ver a for\u00e7a das mulheres nessa diretoria.\u201d<\/strong><\/p>\n\n\n\n<p>O destaque feminino ficou ainda mais evidente na fala da presidente da C\u00e2mara de Empreendedoras, <strong>Tha\u00eds Ricardo<\/strong>, que ressaltou:<\/p>\n\n\n\n<p><strong>\u201cNosso trabalho \u00e9 uni\u00e3o e conex\u00e3o. A gente fortalece as empreendedoras de todos os segmentos.\u201d<\/strong><\/p>\n\n\n\n<p>Tha\u00eds comentou ainda sobre desafios, crescimento e planejamento estrat\u00e9gico, demonstrando maturidade e compromisso com a entidade.<\/p>\n\n\n\n<h2 class=\"wp-block-heading\" id=\"eliasricardocoelhoassumeapresidnciaemostraseguranaefoco\"><strong>Elias Ricardo Coelho Assume a Presid\u00eancia e Mostra Seguran\u00e7a e Foco<\/strong><\/h2>\n\n\n\n<p>O ponto alto da noite veio com a posse do novo presidente, <strong>Elias Ricardo Coelho<\/strong>, descrita por Sodr\u00e9 como uma cerim\u00f4nia \u201cmuito prestigiada e muito emocionante\u201d.<\/p>\n\n\n\n<p>Elias relatou sua prepara\u00e7\u00e3o:<br><strong>\u201cEu estava na gest\u00e3o anterior. Estou alinhado, preparado e com novos vetores para continuar a evolu\u00e7\u00e3o da ACIUB\u00c1.\u201d<\/strong><\/p>\n\n\n\n<p>Ele tamb\u00e9m valorizou suas ra\u00edzes e a import\u00e2ncia da fam\u00edlia:<br><strong>\u201cA base \u00e9 a fam\u00edlia. Sem valores e princ\u00edpios, ningu\u00e9m chega longe.\u201d<\/strong><\/p>\n\n\n\n<h2 class=\"wp-block-heading\" id=\"silversilveiradeixaapresidnciamascontinuaatuante\"><strong>Silver Silveira Deixa a Presid\u00eancia, Mas Continua Atuante<\/strong><\/h2>\n\n\n\n<p>O ex\u2011presidente <strong>Silver Silveira<\/strong>, figura muito querida e reconhecida, refor\u00e7ou a import\u00e2ncia da continuidade:<\/p>\n\n\n\n<p><strong>\u201cA ACIUB\u00c1 est\u00e1 em plena ascens\u00e3o. Elias vai conduzir a associa\u00e7\u00e3o para outro patamar com sabedoria, energia e intelig\u00eancia.\u201d<\/strong><\/p>\n\n\n\n<p>Silver tamb\u00e9m destacou o trabalho colaborativo e a import\u00e2ncia da abertura:<\/p>\n\n\n\n<p><strong>\u201cAqui n\u00e3o tem panela. Aqui tem democracia. Traga seu problema, traga sua solu\u00e7\u00e3o. A casa \u00e9 do empres\u00e1rio.\u201d<\/strong><\/p>\n\n\n\n<h2 class=\"wp-block-heading\" id=\"umanoiteparaentrarnahistriadeub\"><strong>Uma Noite para Entrar na Hist\u00f3ria de Ub\u00e1<\/strong><\/h2>\n\n\n\n<p>A cobertura de Sodr\u00e9 captou n\u00e3o apenas falas e entrevistas, mas um sentimento coletivo de avan\u00e7o, uni\u00e3o e prop\u00f3sito. A ACIUB\u00c1, pr\u00f3xima de completar 100 anos, vive um momento de renova\u00e7\u00e3o e for\u00e7a, com novas lideran\u00e7as, projetos robustos e apoio de todas as esferas da sociedade.<\/p>\n\n\n\n<p>Com imagens de <strong>Laisa Sodr\u00e9<\/strong> e conte\u00fado produzido por <strong>Pedro Henriques, da INDICCA.COM<\/strong>, o Fala do Sodr\u00e9 entregou um registro completo, t\u00e9cnico e humano \u2014 \u00e0 altura da import\u00e2ncia desse momento para o com\u00e9rcio, ind\u00fastria e servi\u00e7os de Ub\u00e1.<\/p>\n\n\n\n<figure class=\"wp-block-embed is-type-video is-provider-youtube wp-block-embed-youtube wp-embed-aspect-16-9 wp-has-aspect-ratio\"><div class=\"wp-block-embed__wrapper\">\n<iframe title=\"Fala Sodr\u00e9: cobertura completa da posse da nova diretoria da ACIUB\u00c1 - 22\/01\/2026 - PARTE 2\" width=\"840\" height=\"473\" data-src=\"https:\/\/www.youtube.com\/embed\/qLTEMb4_paA?feature=oembed\" frameborder=\"0\" allow=\"accelerometer; autoplay; clipboard-write; encrypted-media; gyroscope; picture-in-picture; web-share\" referrerpolicy=\"strict-origin-when-cross-origin\" allowfullscreen src=\"data:image\/svg+xml;base64,PHN2ZyB3aWR0aD0iMSIgaGVpZ2h0PSIxIiB4bWxucz0iaHR0cDovL3d3dy53My5vcmcvMjAwMC9zdmciPjwvc3ZnPg==\" class=\"lazyload\" data-load-mode=\"1\"><\/iframe>\n<\/div><\/figure>\n\n\n\n<p>&#x1f4da; <strong>Cobertura:<\/strong> Carlos Roberto Sodr\u00e9 <a href=\"https:\/\/wa.me\/553298481334\">WhatsApp<\/a><\/p>\n\n\n\n<p>&#x1f4f8; <strong>Imagens:<\/strong> Laisa Sodr\u00e9 \/ Felipe Oliveira<\/p>\n\n\n\n<p>&#x1f4dd; <strong>Conte\u00fado: <\/strong><a href=\"https:\/\/www.linkedin.com\/in\/pedrohgf\/\">Pedro Henriques<\/a> \u2013 <a href=\"https:\/\/indicca.com.br\/blog\/\">INDICCA.COM<\/a>&nbsp; <a href=\"https:\/\/wa.me\/5532988020057\">WhatsApp<\/a><\/p>\n\n\n\n<p>&#x1f393; <strong>Evento:<\/strong> Registro da Posse da ACIUB\u00c1 no Fala do Sodr\u00e9<\/p>\n","protected":false},"excerpt":{"rendered":"<p>A posse da nova diretoria da ACIUB\u00c1 reuniu autoridades, empres\u00e1rios e lideran\u00e7as em uma noite marcada por uni\u00e3o e inova\u00e7\u00e3o. A cobertura realizada pelo Fala do Sodr\u00e9, com reportagem de Carlos Roberto Sodr\u00e9, imagens de Laisa Sodr\u00e9 e conte\u00fado de Pedro Henriques (INDICCA.COM), registrou discursos sobre desenvolvimento econ\u00f4mico, fortalecimento do com\u00e9rcio local e novos projetos para Ub\u00e1. O novo presidente, Elias Ricardo Coelho, destacou continuidade, moderniza\u00e7\u00e3o e colabora\u00e7\u00e3o entre entidades. O evento refor\u00e7ou o papel estrat\u00e9gico da ACIUB\u00c1 no avan\u00e7o de toda a regi\u00e3o.<\/p>\n","protected":false},"author":4,"featured_media":23770,"comment_status":"open","ping_status":"open","sticky":false,"template":"","format":"standard","meta":{"footnotes":""},"categories":[45,1,3],"tags":[],"class_list":["post-23769","post","type-post","status-publish","format-standard","has-post-thumbnail","hentry","category-destaque-principal","category-sem-categoria","category-slide"],"yoast_head":"<!-- This site is optimized with the Yoast SEO plugin v27.2 - https:\/\/yoast.com\/product\/yoast-seo-wordpress\/ -->\n<title>Registro da Posse da ACIUB\u00c1 no Fala do Sodr\u00e9 - Ub\u00e1 News<\/title>\n<meta name=\"description\" content=\"Registro da Posse da ACIUB\u00c1 no Fala do Sodr\u00e9. Uma Noite Hist\u00f3rica de Uni\u00e3o, Desenvolvimento e Prop\u00f3sito.\" \/>\n<meta name=\"robots\" content=\"index, follow, max-snippet:-1, max-image-preview:large, max-video-preview:-1\" \/>\n<link rel=\"canonical\" href=\"https:\/\/ubanews.com\/site\/2026\/01\/23\/registro-da-posse-da-aciuba-no-fala-do-sodre\/\" \/>\n<meta property=\"og:locale\" content=\"pt_BR\" \/>\n<meta property=\"og:type\" content=\"article\" \/>\n<meta property=\"og:title\" content=\"Registro da Posse da ACIUB\u00c1 no Fala do Sodr\u00e9 - Ub\u00e1 News\" \/>\n<meta property=\"og:description\" content=\"Registro da Posse da ACIUB\u00c1 no Fala do Sodr\u00e9. Uma Noite Hist\u00f3rica de Uni\u00e3o, Desenvolvimento e Prop\u00f3sito.\" \/>\n<meta property=\"og:url\" content=\"https:\/\/ubanews.com\/site\/2026\/01\/23\/registro-da-posse-da-aciuba-no-fala-do-sodre\/\" \/>\n<meta property=\"og:site_name\" content=\"Ub\u00e1 News\" \/>\n<meta property=\"article:publisher\" content=\"https:\/\/www.facebook.com\/Ub%c3%a1News-Carlos-Roberto-Sodr%c3%a9-418778301977370\" \/>\n<meta property=\"article:published_time\" content=\"2026-01-23T15:07:19+00:00\" \/>\n<meta property=\"article:modified_time\" content=\"2026-01-23T15:07:26+00:00\" \/>\n<meta property=\"og:image\" content=\"https:\/\/ubanews.com\/site\/wp-content\/uploads\/2026\/01\/Fala-Sodre-Posse-da-Nova-Diretoria-ACIUBA-com-os-Presidente-Elias-com-Carlos-Roberto-Sodre.jpg\" \/>\n\t<meta property=\"og:image:width\" content=\"1069\" \/>\n\t<meta property=\"og:image:height\" content=\"587\" \/>\n\t<meta property=\"og:image:type\" content=\"image\/jpeg\" \/>\n<meta name=\"author\" content=\"Carlos Roberto Sodr\u00e9\" \/>\n<meta name=\"twitter:card\" content=\"summary_large_image\" \/>\n<meta name=\"twitter:label1\" content=\"Escrito por\" \/>\n\t<meta name=\"twitter:data1\" content=\"Carlos Roberto Sodr\u00e9\" \/>\n\t<meta name=\"twitter:label2\" content=\"Est. tempo de leitura\" \/>\n\t<meta name=\"twitter:data2\" content=\"5 minutos\" \/>\n<script type=\"application\/ld+json\" class=\"yoast-schema-graph\">{\"@context\":\"https:\/\/schema.org\",\"@graph\":[{\"@type\":\"Article\",\"@id\":\"https:\/\/ubanews.com\/site\/2026\/01\/23\/registro-da-posse-da-aciuba-no-fala-do-sodre\/#article\",\"isPartOf\":{\"@id\":\"https:\/\/ubanews.com\/site\/2026\/01\/23\/registro-da-posse-da-aciuba-no-fala-do-sodre\/\"},\"author\":{\"name\":\"Carlos Roberto Sodr\u00e9\",\"@id\":\"https:\/\/ubanews.com\/site\/#\/schema\/person\/9d8da9ec3c8d00640ab6e8c81e103310\"},\"headline\":\"Registro da Posse da ACIUB\u00c1 no Fala do Sodr\u00e9\",\"datePublished\":\"2026-01-23T15:07:19+00:00\",\"dateModified\":\"2026-01-23T15:07:26+00:00\",\"mainEntityOfPage\":{\"@id\":\"https:\/\/ubanews.com\/site\/2026\/01\/23\/registro-da-posse-da-aciuba-no-fala-do-sodre\/\"},\"wordCount\":919,\"commentCount\":0,\"publisher\":{\"@id\":\"https:\/\/ubanews.com\/site\/#organization\"},\"image\":{\"@id\":\"https:\/\/ubanews.com\/site\/2026\/01\/23\/registro-da-posse-da-aciuba-no-fala-do-sodre\/#primaryimage\"},\"thumbnailUrl\":\"https:\/\/ubanews.com\/site\/wp-content\/uploads\/2026\/01\/Fala-Sodre-Posse-da-Nova-Diretoria-ACIUBA-com-os-Presidente-Elias-com-Carlos-Roberto-Sodre.jpg\",\"articleSection\":[\"DESTAQUE PRINCIPAL\",\"Geral\",\"Slide\"],\"inLanguage\":\"pt-BR\",\"potentialAction\":[{\"@type\":\"CommentAction\",\"name\":\"Comment\",\"target\":[\"https:\/\/ubanews.com\/site\/2026\/01\/23\/registro-da-posse-da-aciuba-no-fala-do-sodre\/#respond\"]}]},{\"@type\":\"WebPage\",\"@id\":\"https:\/\/ubanews.com\/site\/2026\/01\/23\/registro-da-posse-da-aciuba-no-fala-do-sodre\/\",\"url\":\"https:\/\/ubanews.com\/site\/2026\/01\/23\/registro-da-posse-da-aciuba-no-fala-do-sodre\/\",\"name\":\"Registro da Posse da ACIUB\u00c1 no Fala do Sodr\u00e9 - Ub\u00e1 News\",\"isPartOf\":{\"@id\":\"https:\/\/ubanews.com\/site\/#website\"},\"primaryImageOfPage\":{\"@id\":\"https:\/\/ubanews.com\/site\/2026\/01\/23\/registro-da-posse-da-aciuba-no-fala-do-sodre\/#primaryimage\"},\"image\":{\"@id\":\"https:\/\/ubanews.com\/site\/2026\/01\/23\/registro-da-posse-da-aciuba-no-fala-do-sodre\/#primaryimage\"},\"thumbnailUrl\":\"https:\/\/ubanews.com\/site\/wp-content\/uploads\/2026\/01\/Fala-Sodre-Posse-da-Nova-Diretoria-ACIUBA-com-os-Presidente-Elias-com-Carlos-Roberto-Sodre.jpg\",\"datePublished\":\"2026-01-23T15:07:19+00:00\",\"dateModified\":\"2026-01-23T15:07:26+00:00\",\"description\":\"Registro da Posse da ACIUB\u00c1 no Fala do Sodr\u00e9. Uma Noite Hist\u00f3rica de Uni\u00e3o, Desenvolvimento e Prop\u00f3sito.\",\"breadcrumb\":{\"@id\":\"https:\/\/ubanews.com\/site\/2026\/01\/23\/registro-da-posse-da-aciuba-no-fala-do-sodre\/#breadcrumb\"},\"inLanguage\":\"pt-BR\",\"potentialAction\":[{\"@type\":\"ReadAction\",\"target\":[\"https:\/\/ubanews.com\/site\/2026\/01\/23\/registro-da-posse-da-aciuba-no-fala-do-sodre\/\"]}]},{\"@type\":\"ImageObject\",\"inLanguage\":\"pt-BR\",\"@id\":\"https:\/\/ubanews.com\/site\/2026\/01\/23\/registro-da-posse-da-aciuba-no-fala-do-sodre\/#primaryimage\",\"url\":\"https:\/\/ubanews.com\/site\/wp-content\/uploads\/2026\/01\/Fala-Sodre-Posse-da-Nova-Diretoria-ACIUBA-com-os-Presidente-Elias-com-Carlos-Roberto-Sodre.jpg\",\"contentUrl\":\"https:\/\/ubanews.com\/site\/wp-content\/uploads\/2026\/01\/Fala-Sodre-Posse-da-Nova-Diretoria-ACIUBA-com-os-Presidente-Elias-com-Carlos-Roberto-Sodre.jpg\",\"width\":1069,\"height\":587,\"caption\":\"Registro da Posse da ACIUB\u00c1 no Fala do Sodr\u00e9: Uma Noite Hist\u00f3rica de Uni\u00e3o, Desenvolvimento e Prop\u00f3sito\"},{\"@type\":\"BreadcrumbList\",\"@id\":\"https:\/\/ubanews.com\/site\/2026\/01\/23\/registro-da-posse-da-aciuba-no-fala-do-sodre\/#breadcrumb\",\"itemListElement\":[{\"@type\":\"ListItem\",\"position\":1,\"name\":\"Home\",\"item\":\"https:\/\/ubanews.com\/site\/\"},{\"@type\":\"ListItem\",\"position\":2,\"name\":\"Registro da Posse da ACIUB\u00c1 no Fala do Sodr\u00e9\"}]},{\"@type\":\"WebSite\",\"@id\":\"https:\/\/ubanews.com\/site\/#website\",\"url\":\"https:\/\/ubanews.com\/site\/\",\"name\":\"Ub\u00e1 News\",\"description\":\"\",\"publisher\":{\"@id\":\"https:\/\/ubanews.com\/site\/#organization\"},\"potentialAction\":[{\"@type\":\"SearchAction\",\"target\":{\"@type\":\"EntryPoint\",\"urlTemplate\":\"https:\/\/ubanews.com\/site\/?s={search_term_string}\"},\"query-input\":{\"@type\":\"PropertyValueSpecification\",\"valueRequired\":true,\"valueName\":\"search_term_string\"}}],\"inLanguage\":\"pt-BR\"},{\"@type\":\"Organization\",\"@id\":\"https:\/\/ubanews.com\/site\/#organization\",\"name\":\"Ub\u00e1 News\",\"url\":\"https:\/\/ubanews.com\/site\/\",\"logo\":{\"@type\":\"ImageObject\",\"inLanguage\":\"pt-BR\",\"@id\":\"https:\/\/ubanews.com\/site\/#\/schema\/logo\/image\/\",\"url\":\"https:\/\/ubanews.com\/site\/wp-content\/uploads\/2018\/01\/logoubanews.png\",\"contentUrl\":\"https:\/\/ubanews.com\/site\/wp-content\/uploads\/2018\/01\/logoubanews.png\",\"width\":261,\"height\":99,\"caption\":\"Ub\u00e1 News\"},\"image\":{\"@id\":\"https:\/\/ubanews.com\/site\/#\/schema\/logo\/image\/\"},\"sameAs\":[\"https:\/\/www.facebook.com\/Ub\u00e1News-Carlos-Roberto-Sodr\u00e9-418778301977370\"]},{\"@type\":\"Person\",\"@id\":\"https:\/\/ubanews.com\/site\/#\/schema\/person\/9d8da9ec3c8d00640ab6e8c81e103310\",\"name\":\"Carlos Roberto Sodr\u00e9\",\"image\":{\"@type\":\"ImageObject\",\"inLanguage\":\"pt-BR\",\"@id\":\"https:\/\/secure.gravatar.com\/avatar\/aab322e8555b56c468614fafdab8a8f924e394cdc6cfd8232f77e9e4d123a133?s=96&d=mm&r=g\",\"url\":\"https:\/\/secure.gravatar.com\/avatar\/aab322e8555b56c468614fafdab8a8f924e394cdc6cfd8232f77e9e4d123a133?s=96&d=mm&r=g\",\"contentUrl\":\"https:\/\/secure.gravatar.com\/avatar\/aab322e8555b56c468614fafdab8a8f924e394cdc6cfd8232f77e9e4d123a133?s=96&d=mm&r=g\",\"caption\":\"Carlos Roberto Sodr\u00e9\"},\"url\":\"https:\/\/ubanews.com\/site\/author\/sodre\/\"}]}<\/script>\n<!-- \/ Yoast SEO plugin. -->","yoast_head_json":{"title":"Registro da Posse da ACIUB\u00c1 no Fala do Sodr\u00e9 - Ub\u00e1 News","description":"Registro da Posse da ACIUB\u00c1 no Fala do Sodr\u00e9. Uma Noite Hist\u00f3rica de Uni\u00e3o, Desenvolvimento e Prop\u00f3sito.","robots":{"index":"index","follow":"follow","max-snippet":"max-snippet:-1","max-image-preview":"max-image-preview:large","max-video-preview":"max-video-preview:-1"},"canonical":"https:\/\/ubanews.com\/site\/2026\/01\/23\/registro-da-posse-da-aciuba-no-fala-do-sodre\/","og_locale":"pt_BR","og_type":"article","og_title":"Registro da Posse da ACIUB\u00c1 no Fala do Sodr\u00e9 - Ub\u00e1 News","og_description":"Registro da Posse da ACIUB\u00c1 no Fala do Sodr\u00e9. Uma Noite Hist\u00f3rica de Uni\u00e3o, Desenvolvimento e Prop\u00f3sito.","og_url":"https:\/\/ubanews.com\/site\/2026\/01\/23\/registro-da-posse-da-aciuba-no-fala-do-sodre\/","og_site_name":"Ub\u00e1 News","article_publisher":"https:\/\/www.facebook.com\/Ub%c3%a1News-Carlos-Roberto-Sodr%c3%a9-418778301977370","article_published_time":"2026-01-23T15:07:19+00:00","article_modified_time":"2026-01-23T15:07:26+00:00","og_image":[{"width":1069,"height":587,"url":"https:\/\/ubanews.com\/site\/wp-content\/uploads\/2026\/01\/Fala-Sodre-Posse-da-Nova-Diretoria-ACIUBA-com-os-Presidente-Elias-com-Carlos-Roberto-Sodre.jpg","type":"image\/jpeg"}],"author":"Carlos Roberto Sodr\u00e9","twitter_card":"summary_large_image","twitter_misc":{"Escrito por":"Carlos Roberto Sodr\u00e9","Est. tempo de leitura":"5 minutos"},"schema":{"@context":"https:\/\/schema.org","@graph":[{"@type":"Article","@id":"https:\/\/ubanews.com\/site\/2026\/01\/23\/registro-da-posse-da-aciuba-no-fala-do-sodre\/#article","isPartOf":{"@id":"https:\/\/ubanews.com\/site\/2026\/01\/23\/registro-da-posse-da-aciuba-no-fala-do-sodre\/"},"author":{"name":"Carlos Roberto Sodr\u00e9","@id":"https:\/\/ubanews.com\/site\/#\/schema\/person\/9d8da9ec3c8d00640ab6e8c81e103310"},"headline":"Registro da Posse da ACIUB\u00c1 no Fala do Sodr\u00e9","datePublished":"2026-01-23T15:07:19+00:00","dateModified":"2026-01-23T15:07:26+00:00","mainEntityOfPage":{"@id":"https:\/\/ubanews.com\/site\/2026\/01\/23\/registro-da-posse-da-aciuba-no-fala-do-sodre\/"},"wordCount":919,"commentCount":0,"publisher":{"@id":"https:\/\/ubanews.com\/site\/#organization"},"image":{"@id":"https:\/\/ubanews.com\/site\/2026\/01\/23\/registro-da-posse-da-aciuba-no-fala-do-sodre\/#primaryimage"},"thumbnailUrl":"https:\/\/ubanews.com\/site\/wp-content\/uploads\/2026\/01\/Fala-Sodre-Posse-da-Nova-Diretoria-ACIUBA-com-os-Presidente-Elias-com-Carlos-Roberto-Sodre.jpg","articleSection":["DESTAQUE PRINCIPAL","Geral","Slide"],"inLanguage":"pt-BR","potentialAction":[{"@type":"CommentAction","name":"Comment","target":["https:\/\/ubanews.com\/site\/2026\/01\/23\/registro-da-posse-da-aciuba-no-fala-do-sodre\/#respond"]}]},{"@type":"WebPage","@id":"https:\/\/ubanews.com\/site\/2026\/01\/23\/registro-da-posse-da-aciuba-no-fala-do-sodre\/","url":"https:\/\/ubanews.com\/site\/2026\/01\/23\/registro-da-posse-da-aciuba-no-fala-do-sodre\/","name":"Registro da Posse da ACIUB\u00c1 no Fala do Sodr\u00e9 - Ub\u00e1 News","isPartOf":{"@id":"https:\/\/ubanews.com\/site\/#website"},"primaryImageOfPage":{"@id":"https:\/\/ubanews.com\/site\/2026\/01\/23\/registro-da-posse-da-aciuba-no-fala-do-sodre\/#primaryimage"},"image":{"@id":"https:\/\/ubanews.com\/site\/2026\/01\/23\/registro-da-posse-da-aciuba-no-fala-do-sodre\/#primaryimage"},"thumbnailUrl":"https:\/\/ubanews.com\/site\/wp-content\/uploads\/2026\/01\/Fala-Sodre-Posse-da-Nova-Diretoria-ACIUBA-com-os-Presidente-Elias-com-Carlos-Roberto-Sodre.jpg","datePublished":"2026-01-23T15:07:19+00:00","dateModified":"2026-01-23T15:07:26+00:00","description":"Registro da Posse da ACIUB\u00c1 no Fala do Sodr\u00e9. Uma Noite Hist\u00f3rica de Uni\u00e3o, Desenvolvimento e Prop\u00f3sito.","breadcrumb":{"@id":"https:\/\/ubanews.com\/site\/2026\/01\/23\/registro-da-posse-da-aciuba-no-fala-do-sodre\/#breadcrumb"},"inLanguage":"pt-BR","potentialAction":[{"@type":"ReadAction","target":["https:\/\/ubanews.com\/site\/2026\/01\/23\/registro-da-posse-da-aciuba-no-fala-do-sodre\/"]}]},{"@type":"ImageObject","inLanguage":"pt-BR","@id":"https:\/\/ubanews.com\/site\/2026\/01\/23\/registro-da-posse-da-aciuba-no-fala-do-sodre\/#primaryimage","url":"https:\/\/ubanews.com\/site\/wp-content\/uploads\/2026\/01\/Fala-Sodre-Posse-da-Nova-Diretoria-ACIUBA-com-os-Presidente-Elias-com-Carlos-Roberto-Sodre.jpg","contentUrl":"https:\/\/ubanews.com\/site\/wp-content\/uploads\/2026\/01\/Fala-Sodre-Posse-da-Nova-Diretoria-ACIUBA-com-os-Presidente-Elias-com-Carlos-Roberto-Sodre.jpg","width":1069,"height":587,"caption":"Registro da Posse da ACIUB\u00c1 no Fala do Sodr\u00e9: Uma Noite Hist\u00f3rica de Uni\u00e3o, Desenvolvimento e Prop\u00f3sito"},{"@type":"BreadcrumbList","@id":"https:\/\/ubanews.com\/site\/2026\/01\/23\/registro-da-posse-da-aciuba-no-fala-do-sodre\/#breadcrumb","itemListElement":[{"@type":"ListItem","position":1,"name":"Home","item":"https:\/\/ubanews.com\/site\/"},{"@type":"ListItem","position":2,"name":"Registro da Posse da ACIUB\u00c1 no Fala do Sodr\u00e9"}]},{"@type":"WebSite","@id":"https:\/\/ubanews.com\/site\/#website","url":"https:\/\/ubanews.com\/site\/","name":"Ub\u00e1 News","description":"","publisher":{"@id":"https:\/\/ubanews.com\/site\/#organization"},"potentialAction":[{"@type":"SearchAction","target":{"@type":"EntryPoint","urlTemplate":"https:\/\/ubanews.com\/site\/?s={search_term_string}"},"query-input":{"@type":"PropertyValueSpecification","valueRequired":true,"valueName":"search_term_string"}}],"inLanguage":"pt-BR"},{"@type":"Organization","@id":"https:\/\/ubanews.com\/site\/#organization","name":"Ub\u00e1 News","url":"https:\/\/ubanews.com\/site\/","logo":{"@type":"ImageObject","inLanguage":"pt-BR","@id":"https:\/\/ubanews.com\/site\/#\/schema\/logo\/image\/","url":"https:\/\/ubanews.com\/site\/wp-content\/uploads\/2018\/01\/logoubanews.png","contentUrl":"https:\/\/ubanews.com\/site\/wp-content\/uploads\/2018\/01\/logoubanews.png","width":261,"height":99,"caption":"Ub\u00e1 News"},"image":{"@id":"https:\/\/ubanews.com\/site\/#\/schema\/logo\/image\/"},"sameAs":["https:\/\/www.facebook.com\/Ub\u00e1News-Carlos-Roberto-Sodr\u00e9-418778301977370"]},{"@type":"Person","@id":"https:\/\/ubanews.com\/site\/#\/schema\/person\/9d8da9ec3c8d00640ab6e8c81e103310","name":"Carlos Roberto Sodr\u00e9","image":{"@type":"ImageObject","inLanguage":"pt-BR","@id":"https:\/\/secure.gravatar.com\/avatar\/aab322e8555b56c468614fafdab8a8f924e394cdc6cfd8232f77e9e4d123a133?s=96&d=mm&r=g","url":"https:\/\/secure.gravatar.com\/avatar\/aab322e8555b56c468614fafdab8a8f924e394cdc6cfd8232f77e9e4d123a133?s=96&d=mm&r=g","contentUrl":"https:\/\/secure.gravatar.com\/avatar\/aab322e8555b56c468614fafdab8a8f924e394cdc6cfd8232f77e9e4d123a133?s=96&d=mm&r=g","caption":"Carlos Roberto Sodr\u00e9"},"url":"https:\/\/ubanews.com\/site\/author\/sodre\/"}]}},"_links":{"self":[{"href":"https:\/\/ubanews.com\/site\/wp-json\/wp\/v2\/posts\/23769","targetHints":{"allow":["GET"]}}],"collection":[{"href":"https:\/\/ubanews.com\/site\/wp-json\/wp\/v2\/posts"}],"about":[{"href":"https:\/\/ubanews.com\/site\/wp-json\/wp\/v2\/types\/post"}],"author":[{"embeddable":true,"href":"https:\/\/ubanews.com\/site\/wp-json\/wp\/v2\/users\/4"}],"replies":[{"embeddable":true,"href":"https:\/\/ubanews.com\/site\/wp-json\/wp\/v2\/comments?post=23769"}],"version-history":[{"count":0,"href":"https:\/\/ubanews.com\/site\/wp-json\/wp\/v2\/posts\/23769\/revisions"}],"wp:featuredmedia":[{"embeddable":true,"href":"https:\/\/ubanews.com\/site\/wp-json\/wp\/v2\/media\/23770"}],"wp:attachment":[{"href":"https:\/\/ubanews.com\/site\/wp-json\/wp\/v2\/media?parent=23769"}],"wp:term":[{"taxonomy":"category","embeddable":true,"href":"https:\/\/ubanews.com\/site\/wp-json\/wp\/v2\/categories?post=23769"},{"taxonomy":"post_tag","embeddable":true,"href":"https:\/\/ubanews.com\/site\/wp-json\/wp\/v2\/tags?post=23769"}],"curies":[{"name":"wp","href":"https:\/\/api.w.org\/{rel}","templated":true}]}}