{"id":23765,"date":"2026-01-23T11:38:18","date_gmt":"2026-01-23T14:38:18","guid":{"rendered":"https:\/\/ubanews.com\/site\/?p=23765"},"modified":"2026-01-23T12:02:45","modified_gmt":"2026-01-23T15:02:45","slug":"registro-oficial-da-posse-da-aciuba","status":"publish","type":"post","link":"https:\/\/ubanews.com\/site\/2026\/01\/23\/registro-oficial-da-posse-da-aciuba\/","title":{"rendered":"Registro Oficial da Posse da ACIUB\u00c1 1 de 2"},"content":{"rendered":"\n<p>Claro, Pedro! J\u00e1 li todo o conte\u00fado do arquivo que voc\u00ea enviou. Agora vou produzir <strong>um post completo, com mais de 700 palavras, em voz ativa, frases curtas, par\u00e1grafos curtos, subt\u00edtulos claros e otimizado para SEO<\/strong>, seguindo exatamente as orienta\u00e7\u00f5es:<br>\u2014 foco na <strong>entrevista conduzida por Carlos Roberto Sodr\u00e9<\/strong><br>\u2014 imagens por <strong>Laisa Sodr\u00e9<\/strong><br>\u2014 <strong>conte\u00fado produzido por voc\u00ea, Pedro Henriques \/ INDICCA.COM<\/strong><br>\u2014 inclus\u00e3o <strong>relevante de falas dos entrevistados<\/strong><br>\u2014 conectores no in\u00edcio das frases<br>\u2014 linguagem leve, objetiva, de leitura fluida<\/p>\n\n\n\n<p>Aqui est\u00e1 o texto final:<\/p>\n\n\n\n<h1 class=\"wp-block-heading\" id=\"registrooficialdapossedaaciubparte1aentrevistadecarlosrobertosodr\"><strong>Registro Oficial da Posse da ACIUB\u00c1 \u2013 Parte 1: A Entrevista de Carlos Roberto Sodr\u00e9<\/strong><\/h1>\n\n\n<div class=\"wp-block-image\">\n<figure class=\"aligncenter size-full\"><img decoding=\"async\" width=\"542\" height=\"243\" data-src=\"https:\/\/ubanews.com\/site\/wp-content\/uploads\/2026\/01\/Fala-Sodre-Posse-da-Nova-Diretoria-ACIUBA-com-os-Presidente-Elias-e-Silber-com-Carlos-Roberto-Sodre-v.jpg\" alt=\"Registro Oficial da Posse da ACIUB\u00c1\" class=\"wp-image-23766 lazyload\" data-srcset=\"https:\/\/ubanews.com\/site\/wp-content\/uploads\/2026\/01\/Fala-Sodre-Posse-da-Nova-Diretoria-ACIUBA-com-os-Presidente-Elias-e-Silber-com-Carlos-Roberto-Sodre-v.jpg 542w, https:\/\/ubanews.com\/site\/wp-content\/uploads\/2026\/01\/Fala-Sodre-Posse-da-Nova-Diretoria-ACIUBA-com-os-Presidente-Elias-e-Silber-com-Carlos-Roberto-Sodre-v-300x135.jpg 300w\" data-sizes=\"(max-width: 542px) 100vw, 542px\" src=\"data:image\/svg+xml;base64,PHN2ZyB3aWR0aD0iMSIgaGVpZ2h0PSIxIiB4bWxucz0iaHR0cDovL3d3dy53My5vcmcvMjAwMC9zdmciPjwvc3ZnPg==\" style=\"--smush-placeholder-width: 542px; --smush-placeholder-aspect-ratio: 542\/243;\" \/><\/figure>\n<\/div>\n\n\n<p>A solenidade de posse da nova diretoria da ACIUB\u00c1 marcou um momento hist\u00f3rico para a entidade e para o setor produtivo da regi\u00e3o. E, neste primeiro registro especial, destacamos o trabalho de reportagem de <strong>Carlos Roberto Sodr\u00e9<\/strong>, com imagens de <strong>Laisa Sodr\u00e9<\/strong> e gera\u00e7\u00e3o de conte\u00fado realizada por <strong>Pedro Henriques \u2013 INDICCA.COM<\/strong>.<br>O evento aconteceu no audit\u00f3rio Sebasti\u00e3o Jos\u00e9 Barreto, em Ub\u00e1, em uma noite nublada e chuvosa, mas carregada de entusiasmo e simbolismo para o associativismo local.<\/p>\n\n\n\n<h2 class=\"wp-block-heading\" id=\"areportagemqueabriuanoite\"><strong>A reportagem que abriu a noite<\/strong><\/h2>\n\n\n\n<p>Logo no in\u00edcio, Sodr\u00e9 pontuou a import\u00e2ncia do momento.<br>E, com sua condu\u00e7\u00e3o experiente, apresentou o cen\u00e1rio: a transi\u00e7\u00e3o da Presid\u00eancia, saindo das m\u00e3os de <strong>Silber Silveira<\/strong> e seguindo para <strong>Elias Ricardo Coelho<\/strong>, com <strong>Berlin Teixeira Rufino<\/strong> como vice-presidente.<\/p>\n\n\n\n<p><em>\u201cEstamos acompanhando essa solenidade e vamos realizar nosso trabalho de reportagem e entrevistas com os empossados nesta noite nublada e chuvosa aqui na cidade de Ub\u00e1\u201d<\/em>, afirmou Sodr\u00e9, definindo o tom da cobertura.<\/p>\n\n\n\n<h2 class=\"wp-block-heading\" id=\"olegadodesilbersilveira\"><strong>O legado de Silber Silveira<\/strong><\/h2>\n\n\n\n<p>Em seguida, Sodr\u00e9 entrevistou o ent\u00e3o presidente Silber Silveira, que fez uma avalia\u00e7\u00e3o profunda e emocionada da sua gest\u00e3o.<br>E, j\u00e1 de in\u00edcio, Silber resumiu seu sentimento:<\/p>\n\n\n\n<p><em>\u201cA gente entrega com leveza e gratid\u00e3o. Entreguei, mas recebi muito. Aprendi muito.\u201d<\/em><\/p>\n\n\n\n<p>Silber destacou que sua gest\u00e3o aconteceu com prop\u00f3sito e com foco em resultados concretos.<br>E ele lembrou conquistas importantes:<\/p>\n\n\n\n<h3 class=\"wp-block-heading\" id=\"1aconsolidaodafeiramultissetorial\"><strong>1. A consolida\u00e7\u00e3o da Feira Multissetorial<\/strong><\/h3>\n\n\n\n<p>Silber reafirmou o impacto da feira para a economia regional.<\/p>\n\n\n\n<p><em>\u201cA feira j\u00e1 nasceu com 180 expositores e mais de R$10 milh\u00f5es em neg\u00f3cios. Nasceu consolidada.\u201d<\/em><\/p>\n\n\n\n<p>O evento, segundo ele, conectou a cidade e a regi\u00e3o, envolveu cultura, gastronomia, entretenimento e toda a cadeia econ\u00f4mica \u2014 de restaurantes a motoristas de aplicativo.<\/p>\n\n\n\n<h3 class=\"wp-block-heading\" id=\"2acriaodeumestdiomodernonaaciub\"><strong>2. A cria\u00e7\u00e3o de um est\u00fadio moderno na ACIUB\u00c1<\/strong><\/h3>\n\n\n\n<p>Silber tamb\u00e9m celebrou o est\u00fadio de comunica\u00e7\u00e3o, um marco para ampliar a voz da associa\u00e7\u00e3o.<\/p>\n\n\n\n<p><em>\u201cEsse est\u00fadio vai ser a voz da associa\u00e7\u00e3o junto aos seus associados. Tecnologia e comunica\u00e7\u00e3o caminham juntas.\u201d<\/em><\/p>\n\n\n\n<p>O investimento, apoiado pelo Sicoob, refor\u00e7a o papel da entidade como produtora e difusora de conte\u00fado relevante para o setor empresarial.<\/p>\n\n\n\n<h3 class=\"wp-block-heading\" id=\"3ocrescimentodaaciub\"><strong>3. O crescimento da ACIUB\u00c1<\/strong><\/h3>\n\n\n\n<p>Com firmeza, Silber destacou que a entidade cresceu em n\u00famero de associados, em representatividade e em visibilidade.<\/p>\n\n\n\n<p><em>\u201cAssocia\u00e7\u00e3o cresce quando existe prop\u00f3sito. E aqui ningu\u00e9m faz nada sozinho. Nenhum de n\u00f3s \u00e9 melhor do que todos n\u00f3s juntos.\u201d<\/em><\/p>\n\n\n\n<p>Ele refor\u00e7ou seu compromisso cont\u00ednuo com o associativismo, mesmo ap\u00f3s deixar o cargo.<\/p>\n\n\n\n<h2 class=\"wp-block-heading\" id=\"amensagemparaofuturo\"><strong>A mensagem para o futuro<\/strong><\/h2>\n\n\n\n<p>Ao final da entrevista, Silber deixou uma reflex\u00e3o poderosa:<\/p>\n\n\n\n<p><em>\u201cSe voc\u00ea vier para c\u00e1 com vaidade, est\u00e1 no lugar errado. Aqui \u00e9 lugar de servir.\u201d<\/em><\/p>\n\n\n\n<p>E completou, reafirmando sua disposi\u00e7\u00e3o permanente:<\/p>\n\n\n\n<p><em>\u201cSempre que for chamado, estou \u00e0 disposi\u00e7\u00e3o. Minha contribui\u00e7\u00e3o para Ub\u00e1 e para a associa\u00e7\u00e3o continua.\u201d<\/em><\/p>\n\n\n\n<h2 class=\"wp-block-heading\" id=\"aimportnciadaaciubparaacidade\"><strong>A import\u00e2ncia da ACIUB\u00c1 para a cidade<\/strong><\/h2>\n\n\n\n<p>Sodr\u00e9 tamb\u00e9m questionou Silber sobre o papel da entidade na hist\u00f3ria de Ub\u00e1.<br>E a resposta refor\u00e7ou a grandiosidade da institui\u00e7\u00e3o:<\/p>\n\n\n\n<p><em>\u201cA ACIUB\u00c1 tem 97 anos. Aqui j\u00e1 passaram ex-presidentes de relev\u00e2ncia nacional. \u00c9 a casa do empres\u00e1rio ubaense.\u201d<\/em><\/p>\n\n\n\n<p>Silber fez quest\u00e3o de ressaltar que a associa\u00e7\u00e3o \u00e9 espa\u00e7o democr\u00e1tico, aberto para empreendedores que querem se conectar, aprender, debater ideias, buscar capacita\u00e7\u00e3o e gerar oportunidades.<\/p>\n\n\n\n<h2 class=\"wp-block-heading\" id=\"aperspectivaparaanovagesto\"><strong>A perspectiva para a nova gest\u00e3o<\/strong><\/h2>\n\n\n\n<p>Por fim, Silber demonstrou plena confian\u00e7a na nova diretoria:<\/p>\n\n\n\n<p><em>\u201cTenho certeza de que o Elias, com sua sabedoria, vai intensificar esse trabalho. Vamos buscar evolu\u00e7\u00e3o. A ACIUB\u00c1 est\u00e1 aqui para servir.\u201d<\/em><\/p>\n\n\n\n<p>O clima no audit\u00f3rio refletia essa expectativa: continuidade, inova\u00e7\u00e3o e uni\u00e3o.<\/p>\n\n\n\n<h2 class=\"wp-block-heading\" id=\"otrabalhodaequipedecobertura\"><strong>O trabalho da equipe de cobertura<\/strong><\/h2>\n\n\n\n<p>Toda essa riqueza de conte\u00fado foi registrada de forma cuidadosa e profissional.<\/p>\n\n\n\n<p>\u2014 <strong>Carlos Roberto Sodr\u00e9<\/strong> conduziu entrevistas densas, diretas e emocionantes.<br>\u2014 <strong>Laisa Sodr\u00e9<\/strong> captou imagens expressivas, revelando a atmosfera da noite.<br>\u2014 <strong>Pedro Henriques \/ INDICCA.COM<\/strong> estruturou e organizou o conte\u00fado para compor este primeiro registro oficial.<\/p>\n\n\n\n<p>A narrativa produzida refor\u00e7a a seriedade do evento e a import\u00e2ncia da ACIUB\u00c1 no desenvolvimento econ\u00f4mico e social de Ub\u00e1 e regi\u00e3o.<\/p>\n\n\n\n<h2 class=\"wp-block-heading\" id=\"porqueesteregistroimportanteparaoassociativismolocal\"><strong>Por que este registro \u00e9 importante para o associativismo local?<\/strong><\/h2>\n\n\n\n<p>A posse da nova diretoria n\u00e3o \u00e9 apenas um marco pol\u00edtico ou administrativo.<br>Ela simboliza o movimento de transforma\u00e7\u00e3o cont\u00ednua do setor empresarial ubaense.<\/p>\n\n\n\n<p>E, por isso, registrar as falas, os contextos e as perspectivas ajuda a:<\/p>\n\n\n\n<ul class=\"wp-block-list\">\n<li>fortalecer a mem\u00f3ria institucional<\/li>\n\n\n\n<li>consolidar a transpar\u00eancia das a\u00e7\u00f5es<\/li>\n\n\n\n<li>inspirar novos empreendedores<\/li>\n\n\n\n<li>valorizar o trabalho volunt\u00e1rio dos diretores<\/li>\n\n\n\n<li>destacar o impacto das iniciativas da ACIUB\u00c1 na economia real<\/li>\n<\/ul>\n\n\n\n<h2 class=\"wp-block-heading\" id=\"conclusoumnovociclocomea\"><strong>Conclus\u00e3o: um novo ciclo come\u00e7a<\/strong><\/h2>\n\n\n\n<p>Este \u00e9 o primeiro de dois registros completos da cobertura especial da posse da ACIUB\u00c1.<br>E, como Sodr\u00e9 deixou claro desde o in\u00edcio, trata-se de um momento que une passado, presente e futuro \u2014 uma transi\u00e7\u00e3o segura, respons\u00e1vel e inspiradora.<\/p>\n\n\n\n<p>A cidade de Ub\u00e1 acompanha, atenta e esperan\u00e7osa, a continuidade de um trabalho que envolve ind\u00fastria, com\u00e9rcio, servi\u00e7os e toda a cadeia produtiva regional.<\/p>\n\n\n\n<p><strong>O associativismo vive. A ACIUB\u00c1 avan\u00e7a. E este registro se torna parte dessa hist\u00f3ria.<\/strong><\/p>\n\n\n\n<figure class=\"wp-block-embed is-type-video is-provider-youtube wp-block-embed-youtube wp-embed-aspect-16-9 wp-has-aspect-ratio\"><div class=\"wp-block-embed__wrapper\">\n<iframe title=\"Fala Sodr\u00e9: cobertura completa da posse da nova diretoria da ACIUB\u00c1 - 21\/01\/2026 - PARTE 1\" width=\"840\" height=\"473\" data-src=\"https:\/\/www.youtube.com\/embed\/8v0l2gBfAdA?feature=oembed\" frameborder=\"0\" allow=\"accelerometer; autoplay; clipboard-write; encrypted-media; gyroscope; picture-in-picture; web-share\" referrerpolicy=\"strict-origin-when-cross-origin\" allowfullscreen src=\"data:image\/svg+xml;base64,PHN2ZyB3aWR0aD0iMSIgaGVpZ2h0PSIxIiB4bWxucz0iaHR0cDovL3d3dy53My5vcmcvMjAwMC9zdmciPjwvc3ZnPg==\" class=\"lazyload\" data-load-mode=\"1\"><\/iframe>\n<\/div><\/figure>\n\n\n\n<p>&#x1f4da; <strong>Cobertura:<\/strong> Carlos Roberto Sodr\u00e9 <a href=\"https:\/\/wa.me\/553298481334\">WhatsApp<\/a><\/p>\n\n\n\n<p>&#x1f4f8; <strong>Imagens:<\/strong> Laisa Sodr\u00e9 \/ Felipe Oliveira<\/p>\n\n\n\n<p>&#x1f4dd; <strong>Conte\u00fado: <\/strong><a href=\"https:\/\/www.linkedin.com\/in\/pedrohgf\/\">Pedro Henriques<\/a> \u2013 <a href=\"https:\/\/indicca.com.br\/blog\/\">INDICCA.COM<\/a>&nbsp; <a href=\"https:\/\/wa.me\/5532988020057\">WhatsApp<\/a><\/p>\n\n\n\n<p>&#x1f393; <strong>Evento:<\/strong> Registro Oficial da Posse da ACIUB\u00c1<\/p>\n","protected":false},"excerpt":{"rendered":"<p>Cobertura especial da posse da ACIUB\u00c1, com entrevista conduzida por Carlos Roberto Sodr\u00e9, imagens de Laisa Sodr\u00e9 e conte\u00fado produzido por Pedro Henriques (INDICCA.COM). O registro destaca o legado de Silber Silveira e a chegada de Elias Ricardo Coelho \u00e0 presid\u00eancia, em uma noite marcada por emo\u00e7\u00e3o, associativismo e an\u00fancios importantes para o futuro empresarial de Ub\u00e1.<\/p>\n","protected":false},"author":4,"featured_media":23766,"comment_status":"open","ping_status":"open","sticky":false,"template":"","format":"standard","meta":{"footnotes":""},"categories":[45,1,3],"tags":[328,326],"class_list":["post-23765","post","type-post","status-publish","format-standard","has-post-thumbnail","hentry","category-destaque-principal","category-sem-categoria","category-slide","tag-aciuba-2","tag-silber-silveira"],"yoast_head":"<!-- This site is optimized with the Yoast SEO plugin v27.2 - https:\/\/yoast.com\/product\/yoast-seo-wordpress\/ -->\n<title>Registro Oficial da Posse da ACIUB\u00c1 1 de 2 - Ub\u00e1 News<\/title>\n<meta name=\"description\" content=\"Registro Oficial da Posse da ACIUB\u00c1. A solenidade de posse da nova diretoria da ACIUB\u00c1 marcou um momento hist\u00f3rico para a entidade.\" \/>\n<meta name=\"robots\" content=\"index, follow, max-snippet:-1, max-image-preview:large, max-video-preview:-1\" \/>\n<link rel=\"canonical\" href=\"https:\/\/ubanews.com\/site\/2026\/01\/23\/registro-oficial-da-posse-da-aciuba\/\" \/>\n<meta property=\"og:locale\" content=\"pt_BR\" \/>\n<meta property=\"og:type\" content=\"article\" \/>\n<meta property=\"og:title\" content=\"Registro Oficial da Posse da ACIUB\u00c1 1 de 2 - Ub\u00e1 News\" \/>\n<meta property=\"og:description\" content=\"Registro Oficial da Posse da ACIUB\u00c1. A solenidade de posse da nova diretoria da ACIUB\u00c1 marcou um momento hist\u00f3rico para a entidade.\" \/>\n<meta property=\"og:url\" content=\"https:\/\/ubanews.com\/site\/2026\/01\/23\/registro-oficial-da-posse-da-aciuba\/\" \/>\n<meta property=\"og:site_name\" content=\"Ub\u00e1 News\" \/>\n<meta property=\"article:publisher\" content=\"https:\/\/www.facebook.com\/Ub%c3%a1News-Carlos-Roberto-Sodr%c3%a9-418778301977370\" \/>\n<meta property=\"article:published_time\" content=\"2026-01-23T14:38:18+00:00\" \/>\n<meta property=\"article:modified_time\" content=\"2026-01-23T15:02:45+00:00\" \/>\n<meta property=\"og:image\" content=\"https:\/\/ubanews.com\/site\/wp-content\/uploads\/2026\/01\/Fala-Sodre-Posse-da-Nova-Diretoria-ACIUBA-com-os-Presidente-Elias-e-Silber-com-Carlos-Roberto-Sodre-v.jpg\" \/>\n\t<meta property=\"og:image:width\" content=\"542\" \/>\n\t<meta property=\"og:image:height\" content=\"243\" \/>\n\t<meta property=\"og:image:type\" content=\"image\/jpeg\" \/>\n<meta name=\"author\" content=\"Carlos Roberto Sodr\u00e9\" \/>\n<meta name=\"twitter:card\" content=\"summary_large_image\" \/>\n<meta name=\"twitter:label1\" content=\"Escrito por\" \/>\n\t<meta name=\"twitter:data1\" content=\"Carlos Roberto Sodr\u00e9\" \/>\n\t<meta name=\"twitter:label2\" content=\"Est. tempo de leitura\" \/>\n\t<meta name=\"twitter:data2\" content=\"6 minutos\" \/>\n<script type=\"application\/ld+json\" class=\"yoast-schema-graph\">{\"@context\":\"https:\/\/schema.org\",\"@graph\":[{\"@type\":\"Article\",\"@id\":\"https:\/\/ubanews.com\/site\/2026\/01\/23\/registro-oficial-da-posse-da-aciuba\/#article\",\"isPartOf\":{\"@id\":\"https:\/\/ubanews.com\/site\/2026\/01\/23\/registro-oficial-da-posse-da-aciuba\/\"},\"author\":{\"name\":\"Carlos Roberto Sodr\u00e9\",\"@id\":\"https:\/\/ubanews.com\/site\/#\/schema\/person\/9d8da9ec3c8d00640ab6e8c81e103310\"},\"headline\":\"Registro Oficial da Posse da ACIUB\u00c1 1 de 2\",\"datePublished\":\"2026-01-23T14:38:18+00:00\",\"dateModified\":\"2026-01-23T15:02:45+00:00\",\"mainEntityOfPage\":{\"@id\":\"https:\/\/ubanews.com\/site\/2026\/01\/23\/registro-oficial-da-posse-da-aciuba\/\"},\"wordCount\":1036,\"commentCount\":0,\"publisher\":{\"@id\":\"https:\/\/ubanews.com\/site\/#organization\"},\"image\":{\"@id\":\"https:\/\/ubanews.com\/site\/2026\/01\/23\/registro-oficial-da-posse-da-aciuba\/#primaryimage\"},\"thumbnailUrl\":\"https:\/\/ubanews.com\/site\/wp-content\/uploads\/2026\/01\/Fala-Sodre-Posse-da-Nova-Diretoria-ACIUBA-com-os-Presidente-Elias-e-Silber-com-Carlos-Roberto-Sodre-v.jpg\",\"keywords\":[\"Aciub\u00e1\",\"Silber Silveira\"],\"articleSection\":[\"DESTAQUE PRINCIPAL\",\"Geral\",\"Slide\"],\"inLanguage\":\"pt-BR\",\"potentialAction\":[{\"@type\":\"CommentAction\",\"name\":\"Comment\",\"target\":[\"https:\/\/ubanews.com\/site\/2026\/01\/23\/registro-oficial-da-posse-da-aciuba\/#respond\"]}]},{\"@type\":\"WebPage\",\"@id\":\"https:\/\/ubanews.com\/site\/2026\/01\/23\/registro-oficial-da-posse-da-aciuba\/\",\"url\":\"https:\/\/ubanews.com\/site\/2026\/01\/23\/registro-oficial-da-posse-da-aciuba\/\",\"name\":\"Registro Oficial da Posse da ACIUB\u00c1 1 de 2 - Ub\u00e1 News\",\"isPartOf\":{\"@id\":\"https:\/\/ubanews.com\/site\/#website\"},\"primaryImageOfPage\":{\"@id\":\"https:\/\/ubanews.com\/site\/2026\/01\/23\/registro-oficial-da-posse-da-aciuba\/#primaryimage\"},\"image\":{\"@id\":\"https:\/\/ubanews.com\/site\/2026\/01\/23\/registro-oficial-da-posse-da-aciuba\/#primaryimage\"},\"thumbnailUrl\":\"https:\/\/ubanews.com\/site\/wp-content\/uploads\/2026\/01\/Fala-Sodre-Posse-da-Nova-Diretoria-ACIUBA-com-os-Presidente-Elias-e-Silber-com-Carlos-Roberto-Sodre-v.jpg\",\"datePublished\":\"2026-01-23T14:38:18+00:00\",\"dateModified\":\"2026-01-23T15:02:45+00:00\",\"description\":\"Registro Oficial da Posse da ACIUB\u00c1. A solenidade de posse da nova diretoria da ACIUB\u00c1 marcou um momento hist\u00f3rico para a entidade.\",\"breadcrumb\":{\"@id\":\"https:\/\/ubanews.com\/site\/2026\/01\/23\/registro-oficial-da-posse-da-aciuba\/#breadcrumb\"},\"inLanguage\":\"pt-BR\",\"potentialAction\":[{\"@type\":\"ReadAction\",\"target\":[\"https:\/\/ubanews.com\/site\/2026\/01\/23\/registro-oficial-da-posse-da-aciuba\/\"]}]},{\"@type\":\"ImageObject\",\"inLanguage\":\"pt-BR\",\"@id\":\"https:\/\/ubanews.com\/site\/2026\/01\/23\/registro-oficial-da-posse-da-aciuba\/#primaryimage\",\"url\":\"https:\/\/ubanews.com\/site\/wp-content\/uploads\/2026\/01\/Fala-Sodre-Posse-da-Nova-Diretoria-ACIUBA-com-os-Presidente-Elias-e-Silber-com-Carlos-Roberto-Sodre-v.jpg\",\"contentUrl\":\"https:\/\/ubanews.com\/site\/wp-content\/uploads\/2026\/01\/Fala-Sodre-Posse-da-Nova-Diretoria-ACIUBA-com-os-Presidente-Elias-e-Silber-com-Carlos-Roberto-Sodre-v.jpg\",\"width\":542,\"height\":243,\"caption\":\"Registro Oficial da Posse da ACIUB\u00c1\"},{\"@type\":\"BreadcrumbList\",\"@id\":\"https:\/\/ubanews.com\/site\/2026\/01\/23\/registro-oficial-da-posse-da-aciuba\/#breadcrumb\",\"itemListElement\":[{\"@type\":\"ListItem\",\"position\":1,\"name\":\"Home\",\"item\":\"https:\/\/ubanews.com\/site\/\"},{\"@type\":\"ListItem\",\"position\":2,\"name\":\"Registro Oficial da Posse da ACIUB\u00c1 1 de 2\"}]},{\"@type\":\"WebSite\",\"@id\":\"https:\/\/ubanews.com\/site\/#website\",\"url\":\"https:\/\/ubanews.com\/site\/\",\"name\":\"Ub\u00e1 News\",\"description\":\"\",\"publisher\":{\"@id\":\"https:\/\/ubanews.com\/site\/#organization\"},\"potentialAction\":[{\"@type\":\"SearchAction\",\"target\":{\"@type\":\"EntryPoint\",\"urlTemplate\":\"https:\/\/ubanews.com\/site\/?s={search_term_string}\"},\"query-input\":{\"@type\":\"PropertyValueSpecification\",\"valueRequired\":true,\"valueName\":\"search_term_string\"}}],\"inLanguage\":\"pt-BR\"},{\"@type\":\"Organization\",\"@id\":\"https:\/\/ubanews.com\/site\/#organization\",\"name\":\"Ub\u00e1 News\",\"url\":\"https:\/\/ubanews.com\/site\/\",\"logo\":{\"@type\":\"ImageObject\",\"inLanguage\":\"pt-BR\",\"@id\":\"https:\/\/ubanews.com\/site\/#\/schema\/logo\/image\/\",\"url\":\"https:\/\/ubanews.com\/site\/wp-content\/uploads\/2018\/01\/logoubanews.png\",\"contentUrl\":\"https:\/\/ubanews.com\/site\/wp-content\/uploads\/2018\/01\/logoubanews.png\",\"width\":261,\"height\":99,\"caption\":\"Ub\u00e1 News\"},\"image\":{\"@id\":\"https:\/\/ubanews.com\/site\/#\/schema\/logo\/image\/\"},\"sameAs\":[\"https:\/\/www.facebook.com\/Ub\u00e1News-Carlos-Roberto-Sodr\u00e9-418778301977370\"]},{\"@type\":\"Person\",\"@id\":\"https:\/\/ubanews.com\/site\/#\/schema\/person\/9d8da9ec3c8d00640ab6e8c81e103310\",\"name\":\"Carlos Roberto Sodr\u00e9\",\"image\":{\"@type\":\"ImageObject\",\"inLanguage\":\"pt-BR\",\"@id\":\"https:\/\/secure.gravatar.com\/avatar\/aab322e8555b56c468614fafdab8a8f924e394cdc6cfd8232f77e9e4d123a133?s=96&d=mm&r=g\",\"url\":\"https:\/\/secure.gravatar.com\/avatar\/aab322e8555b56c468614fafdab8a8f924e394cdc6cfd8232f77e9e4d123a133?s=96&d=mm&r=g\",\"contentUrl\":\"https:\/\/secure.gravatar.com\/avatar\/aab322e8555b56c468614fafdab8a8f924e394cdc6cfd8232f77e9e4d123a133?s=96&d=mm&r=g\",\"caption\":\"Carlos Roberto Sodr\u00e9\"},\"url\":\"https:\/\/ubanews.com\/site\/author\/sodre\/\"}]}<\/script>\n<!-- \/ Yoast SEO plugin. -->","yoast_head_json":{"title":"Registro Oficial da Posse da ACIUB\u00c1 1 de 2 - Ub\u00e1 News","description":"Registro Oficial da Posse da ACIUB\u00c1. A solenidade de posse da nova diretoria da ACIUB\u00c1 marcou um momento hist\u00f3rico para a entidade.","robots":{"index":"index","follow":"follow","max-snippet":"max-snippet:-1","max-image-preview":"max-image-preview:large","max-video-preview":"max-video-preview:-1"},"canonical":"https:\/\/ubanews.com\/site\/2026\/01\/23\/registro-oficial-da-posse-da-aciuba\/","og_locale":"pt_BR","og_type":"article","og_title":"Registro Oficial da Posse da ACIUB\u00c1 1 de 2 - Ub\u00e1 News","og_description":"Registro Oficial da Posse da ACIUB\u00c1. A solenidade de posse da nova diretoria da ACIUB\u00c1 marcou um momento hist\u00f3rico para a entidade.","og_url":"https:\/\/ubanews.com\/site\/2026\/01\/23\/registro-oficial-da-posse-da-aciuba\/","og_site_name":"Ub\u00e1 News","article_publisher":"https:\/\/www.facebook.com\/Ub%c3%a1News-Carlos-Roberto-Sodr%c3%a9-418778301977370","article_published_time":"2026-01-23T14:38:18+00:00","article_modified_time":"2026-01-23T15:02:45+00:00","og_image":[{"width":542,"height":243,"url":"https:\/\/ubanews.com\/site\/wp-content\/uploads\/2026\/01\/Fala-Sodre-Posse-da-Nova-Diretoria-ACIUBA-com-os-Presidente-Elias-e-Silber-com-Carlos-Roberto-Sodre-v.jpg","type":"image\/jpeg"}],"author":"Carlos Roberto Sodr\u00e9","twitter_card":"summary_large_image","twitter_misc":{"Escrito por":"Carlos Roberto Sodr\u00e9","Est. tempo de leitura":"6 minutos"},"schema":{"@context":"https:\/\/schema.org","@graph":[{"@type":"Article","@id":"https:\/\/ubanews.com\/site\/2026\/01\/23\/registro-oficial-da-posse-da-aciuba\/#article","isPartOf":{"@id":"https:\/\/ubanews.com\/site\/2026\/01\/23\/registro-oficial-da-posse-da-aciuba\/"},"author":{"name":"Carlos Roberto Sodr\u00e9","@id":"https:\/\/ubanews.com\/site\/#\/schema\/person\/9d8da9ec3c8d00640ab6e8c81e103310"},"headline":"Registro Oficial da Posse da ACIUB\u00c1 1 de 2","datePublished":"2026-01-23T14:38:18+00:00","dateModified":"2026-01-23T15:02:45+00:00","mainEntityOfPage":{"@id":"https:\/\/ubanews.com\/site\/2026\/01\/23\/registro-oficial-da-posse-da-aciuba\/"},"wordCount":1036,"commentCount":0,"publisher":{"@id":"https:\/\/ubanews.com\/site\/#organization"},"image":{"@id":"https:\/\/ubanews.com\/site\/2026\/01\/23\/registro-oficial-da-posse-da-aciuba\/#primaryimage"},"thumbnailUrl":"https:\/\/ubanews.com\/site\/wp-content\/uploads\/2026\/01\/Fala-Sodre-Posse-da-Nova-Diretoria-ACIUBA-com-os-Presidente-Elias-e-Silber-com-Carlos-Roberto-Sodre-v.jpg","keywords":["Aciub\u00e1","Silber Silveira"],"articleSection":["DESTAQUE PRINCIPAL","Geral","Slide"],"inLanguage":"pt-BR","potentialAction":[{"@type":"CommentAction","name":"Comment","target":["https:\/\/ubanews.com\/site\/2026\/01\/23\/registro-oficial-da-posse-da-aciuba\/#respond"]}]},{"@type":"WebPage","@id":"https:\/\/ubanews.com\/site\/2026\/01\/23\/registro-oficial-da-posse-da-aciuba\/","url":"https:\/\/ubanews.com\/site\/2026\/01\/23\/registro-oficial-da-posse-da-aciuba\/","name":"Registro Oficial da Posse da ACIUB\u00c1 1 de 2 - Ub\u00e1 News","isPartOf":{"@id":"https:\/\/ubanews.com\/site\/#website"},"primaryImageOfPage":{"@id":"https:\/\/ubanews.com\/site\/2026\/01\/23\/registro-oficial-da-posse-da-aciuba\/#primaryimage"},"image":{"@id":"https:\/\/ubanews.com\/site\/2026\/01\/23\/registro-oficial-da-posse-da-aciuba\/#primaryimage"},"thumbnailUrl":"https:\/\/ubanews.com\/site\/wp-content\/uploads\/2026\/01\/Fala-Sodre-Posse-da-Nova-Diretoria-ACIUBA-com-os-Presidente-Elias-e-Silber-com-Carlos-Roberto-Sodre-v.jpg","datePublished":"2026-01-23T14:38:18+00:00","dateModified":"2026-01-23T15:02:45+00:00","description":"Registro Oficial da Posse da ACIUB\u00c1. A solenidade de posse da nova diretoria da ACIUB\u00c1 marcou um momento hist\u00f3rico para a entidade.","breadcrumb":{"@id":"https:\/\/ubanews.com\/site\/2026\/01\/23\/registro-oficial-da-posse-da-aciuba\/#breadcrumb"},"inLanguage":"pt-BR","potentialAction":[{"@type":"ReadAction","target":["https:\/\/ubanews.com\/site\/2026\/01\/23\/registro-oficial-da-posse-da-aciuba\/"]}]},{"@type":"ImageObject","inLanguage":"pt-BR","@id":"https:\/\/ubanews.com\/site\/2026\/01\/23\/registro-oficial-da-posse-da-aciuba\/#primaryimage","url":"https:\/\/ubanews.com\/site\/wp-content\/uploads\/2026\/01\/Fala-Sodre-Posse-da-Nova-Diretoria-ACIUBA-com-os-Presidente-Elias-e-Silber-com-Carlos-Roberto-Sodre-v.jpg","contentUrl":"https:\/\/ubanews.com\/site\/wp-content\/uploads\/2026\/01\/Fala-Sodre-Posse-da-Nova-Diretoria-ACIUBA-com-os-Presidente-Elias-e-Silber-com-Carlos-Roberto-Sodre-v.jpg","width":542,"height":243,"caption":"Registro Oficial da Posse da ACIUB\u00c1"},{"@type":"BreadcrumbList","@id":"https:\/\/ubanews.com\/site\/2026\/01\/23\/registro-oficial-da-posse-da-aciuba\/#breadcrumb","itemListElement":[{"@type":"ListItem","position":1,"name":"Home","item":"https:\/\/ubanews.com\/site\/"},{"@type":"ListItem","position":2,"name":"Registro Oficial da Posse da ACIUB\u00c1 1 de 2"}]},{"@type":"WebSite","@id":"https:\/\/ubanews.com\/site\/#website","url":"https:\/\/ubanews.com\/site\/","name":"Ub\u00e1 News","description":"","publisher":{"@id":"https:\/\/ubanews.com\/site\/#organization"},"potentialAction":[{"@type":"SearchAction","target":{"@type":"EntryPoint","urlTemplate":"https:\/\/ubanews.com\/site\/?s={search_term_string}"},"query-input":{"@type":"PropertyValueSpecification","valueRequired":true,"valueName":"search_term_string"}}],"inLanguage":"pt-BR"},{"@type":"Organization","@id":"https:\/\/ubanews.com\/site\/#organization","name":"Ub\u00e1 News","url":"https:\/\/ubanews.com\/site\/","logo":{"@type":"ImageObject","inLanguage":"pt-BR","@id":"https:\/\/ubanews.com\/site\/#\/schema\/logo\/image\/","url":"https:\/\/ubanews.com\/site\/wp-content\/uploads\/2018\/01\/logoubanews.png","contentUrl":"https:\/\/ubanews.com\/site\/wp-content\/uploads\/2018\/01\/logoubanews.png","width":261,"height":99,"caption":"Ub\u00e1 News"},"image":{"@id":"https:\/\/ubanews.com\/site\/#\/schema\/logo\/image\/"},"sameAs":["https:\/\/www.facebook.com\/Ub\u00e1News-Carlos-Roberto-Sodr\u00e9-418778301977370"]},{"@type":"Person","@id":"https:\/\/ubanews.com\/site\/#\/schema\/person\/9d8da9ec3c8d00640ab6e8c81e103310","name":"Carlos Roberto Sodr\u00e9","image":{"@type":"ImageObject","inLanguage":"pt-BR","@id":"https:\/\/secure.gravatar.com\/avatar\/aab322e8555b56c468614fafdab8a8f924e394cdc6cfd8232f77e9e4d123a133?s=96&d=mm&r=g","url":"https:\/\/secure.gravatar.com\/avatar\/aab322e8555b56c468614fafdab8a8f924e394cdc6cfd8232f77e9e4d123a133?s=96&d=mm&r=g","contentUrl":"https:\/\/secure.gravatar.com\/avatar\/aab322e8555b56c468614fafdab8a8f924e394cdc6cfd8232f77e9e4d123a133?s=96&d=mm&r=g","caption":"Carlos Roberto Sodr\u00e9"},"url":"https:\/\/ubanews.com\/site\/author\/sodre\/"}]}},"_links":{"self":[{"href":"https:\/\/ubanews.com\/site\/wp-json\/wp\/v2\/posts\/23765","targetHints":{"allow":["GET"]}}],"collection":[{"href":"https:\/\/ubanews.com\/site\/wp-json\/wp\/v2\/posts"}],"about":[{"href":"https:\/\/ubanews.com\/site\/wp-json\/wp\/v2\/types\/post"}],"author":[{"embeddable":true,"href":"https:\/\/ubanews.com\/site\/wp-json\/wp\/v2\/users\/4"}],"replies":[{"embeddable":true,"href":"https:\/\/ubanews.com\/site\/wp-json\/wp\/v2\/comments?post=23765"}],"version-history":[{"count":0,"href":"https:\/\/ubanews.com\/site\/wp-json\/wp\/v2\/posts\/23765\/revisions"}],"wp:featuredmedia":[{"embeddable":true,"href":"https:\/\/ubanews.com\/site\/wp-json\/wp\/v2\/media\/23766"}],"wp:attachment":[{"href":"https:\/\/ubanews.com\/site\/wp-json\/wp\/v2\/media?parent=23765"}],"wp:term":[{"taxonomy":"category","embeddable":true,"href":"https:\/\/ubanews.com\/site\/wp-json\/wp\/v2\/categories?post=23765"},{"taxonomy":"post_tag","embeddable":true,"href":"https:\/\/ubanews.com\/site\/wp-json\/wp\/v2\/tags?post=23765"}],"curies":[{"name":"wp","href":"https:\/\/api.w.org\/{rel}","templated":true}]}}