{"id":2374,"date":"2018-04-21T12:33:51","date_gmt":"2018-04-21T15:33:51","guid":{"rendered":"http:\/\/ubanews.com\/site\/?p=2374"},"modified":"2018-04-25T14:49:55","modified_gmt":"2018-04-25T17:49:55","slug":"homem-de-quase-90-anos-fala-de-sua-vida-na-roca-ate-os-dias-de-hoje","status":"publish","type":"post","link":"https:\/\/ubanews.com\/site\/2018\/04\/21\/homem-de-quase-90-anos-fala-de-sua-vida-na-roca-ate-os-dias-de-hoje\/","title":{"rendered":"Homem de quase 90 anos fala de sua vida na ro\u00e7a at\u00e9 os dias de hoje"},"content":{"rendered":"<p><img decoding=\"async\" class=\"alignnone size-full wp-image-2375 lazyload\" data-src=\"https:\/\/ubanews.com\/site\/wp-content\/uploads\/2018\/04\/11-04-2008.jpeg\" alt=\"\" width=\"1188\" height=\"803\" data-srcset=\"https:\/\/ubanews.com\/site\/wp-content\/uploads\/2018\/04\/11-04-2008.jpeg 1188w, https:\/\/ubanews.com\/site\/wp-content\/uploads\/2018\/04\/11-04-2008-300x203.jpeg 300w, https:\/\/ubanews.com\/site\/wp-content\/uploads\/2018\/04\/11-04-2008-768x519.jpeg 768w, https:\/\/ubanews.com\/site\/wp-content\/uploads\/2018\/04\/11-04-2008-1024x692.jpeg 1024w, https:\/\/ubanews.com\/site\/wp-content\/uploads\/2018\/04\/11-04-2008-120x80.jpeg 120w\" data-sizes=\"(max-width: 1188px) 100vw, 1188px\" src=\"data:image\/svg+xml;base64,PHN2ZyB3aWR0aD0iMSIgaGVpZ2h0PSIxIiB4bWxucz0iaHR0cDovL3d3dy53My5vcmcvMjAwMC9zdmciPjwvc3ZnPg==\" style=\"--smush-placeholder-width: 1188px; --smush-placeholder-aspect-ratio: 1188\/803;\" \/> <img decoding=\"async\" class=\"alignnone size-full wp-image-2376 lazyload\" data-src=\"https:\/\/ubanews.com\/site\/wp-content\/uploads\/2018\/04\/IMG-20170703-WA0026.jpg\" alt=\"\" width=\"1280\" height=\"720\" data-srcset=\"https:\/\/ubanews.com\/site\/wp-content\/uploads\/2018\/04\/IMG-20170703-WA0026.jpg 1280w, https:\/\/ubanews.com\/site\/wp-content\/uploads\/2018\/04\/IMG-20170703-WA0026-300x169.jpg 300w, https:\/\/ubanews.com\/site\/wp-content\/uploads\/2018\/04\/IMG-20170703-WA0026-768x432.jpg 768w, https:\/\/ubanews.com\/site\/wp-content\/uploads\/2018\/04\/IMG-20170703-WA0026-1024x576.jpg 1024w\" data-sizes=\"(max-width: 1280px) 100vw, 1280px\" src=\"data:image\/svg+xml;base64,PHN2ZyB3aWR0aD0iMSIgaGVpZ2h0PSIxIiB4bWxucz0iaHR0cDovL3d3dy53My5vcmcvMjAwMC9zdmciPjwvc3ZnPg==\" style=\"--smush-placeholder-width: 1280px; --smush-placeholder-aspect-ratio: 1280\/720;\" \/><img decoding=\"async\" class=\"alignnone size-full wp-image-2378 lazyload\" data-src=\"https:\/\/ubanews.com\/site\/wp-content\/uploads\/2018\/04\/DSC_5574.jpg\" alt=\"\" width=\"4928\" height=\"3264\" data-srcset=\"https:\/\/ubanews.com\/site\/wp-content\/uploads\/2018\/04\/DSC_5574.jpg 4928w, https:\/\/ubanews.com\/site\/wp-content\/uploads\/2018\/04\/DSC_5574-300x199.jpg 300w, https:\/\/ubanews.com\/site\/wp-content\/uploads\/2018\/04\/DSC_5574-768x509.jpg 768w, https:\/\/ubanews.com\/site\/wp-content\/uploads\/2018\/04\/DSC_5574-1024x678.jpg 1024w, https:\/\/ubanews.com\/site\/wp-content\/uploads\/2018\/04\/DSC_5574-120x80.jpg 120w\" data-sizes=\"(max-width: 4928px) 100vw, 4928px\" src=\"data:image\/svg+xml;base64,PHN2ZyB3aWR0aD0iMSIgaGVpZ2h0PSIxIiB4bWxucz0iaHR0cDovL3d3dy53My5vcmcvMjAwMC9zdmciPjwvc3ZnPg==\" style=\"--smush-placeholder-width: 4928px; --smush-placeholder-aspect-ratio: 4928\/3264;\" \/><img decoding=\"async\" class=\"alignnone size-full wp-image-2379 lazyload\" data-src=\"https:\/\/ubanews.com\/site\/wp-content\/uploads\/2018\/04\/DSC_5579.jpg\" alt=\"\" width=\"4928\" height=\"3264\" data-srcset=\"https:\/\/ubanews.com\/site\/wp-content\/uploads\/2018\/04\/DSC_5579.jpg 4928w, https:\/\/ubanews.com\/site\/wp-content\/uploads\/2018\/04\/DSC_5579-300x199.jpg 300w, https:\/\/ubanews.com\/site\/wp-content\/uploads\/2018\/04\/DSC_5579-768x509.jpg 768w, https:\/\/ubanews.com\/site\/wp-content\/uploads\/2018\/04\/DSC_5579-1024x678.jpg 1024w, https:\/\/ubanews.com\/site\/wp-content\/uploads\/2018\/04\/DSC_5579-120x80.jpg 120w\" data-sizes=\"(max-width: 4928px) 100vw, 4928px\" src=\"data:image\/svg+xml;base64,PHN2ZyB3aWR0aD0iMSIgaGVpZ2h0PSIxIiB4bWxucz0iaHR0cDovL3d3dy53My5vcmcvMjAwMC9zdmciPjwvc3ZnPg==\" style=\"--smush-placeholder-width: 4928px; --smush-placeholder-aspect-ratio: 4928\/3264;\" \/> <img decoding=\"async\" class=\"alignnone size-full wp-image-2380 lazyload\" data-src=\"https:\/\/ubanews.com\/site\/wp-content\/uploads\/2018\/04\/DSC_5591.jpg\" alt=\"\" width=\"4928\" height=\"3264\" data-srcset=\"https:\/\/ubanews.com\/site\/wp-content\/uploads\/2018\/04\/DSC_5591.jpg 4928w, https:\/\/ubanews.com\/site\/wp-content\/uploads\/2018\/04\/DSC_5591-300x199.jpg 300w, https:\/\/ubanews.com\/site\/wp-content\/uploads\/2018\/04\/DSC_5591-768x509.jpg 768w, https:\/\/ubanews.com\/site\/wp-content\/uploads\/2018\/04\/DSC_5591-1024x678.jpg 1024w, https:\/\/ubanews.com\/site\/wp-content\/uploads\/2018\/04\/DSC_5591-120x80.jpg 120w\" data-sizes=\"(max-width: 4928px) 100vw, 4928px\" src=\"data:image\/svg+xml;base64,PHN2ZyB3aWR0aD0iMSIgaGVpZ2h0PSIxIiB4bWxucz0iaHR0cDovL3d3dy53My5vcmcvMjAwMC9zdmciPjwvc3ZnPg==\" style=\"--smush-placeholder-width: 4928px; --smush-placeholder-aspect-ratio: 4928\/3264;\" \/> <img decoding=\"async\" class=\"alignnone size-full wp-image-2381 lazyload\" data-src=\"https:\/\/ubanews.com\/site\/wp-content\/uploads\/2018\/04\/DSC_5597.jpg\" alt=\"\" width=\"4928\" height=\"3264\" data-srcset=\"https:\/\/ubanews.com\/site\/wp-content\/uploads\/2018\/04\/DSC_5597.jpg 4928w, https:\/\/ubanews.com\/site\/wp-content\/uploads\/2018\/04\/DSC_5597-300x199.jpg 300w, https:\/\/ubanews.com\/site\/wp-content\/uploads\/2018\/04\/DSC_5597-768x509.jpg 768w, https:\/\/ubanews.com\/site\/wp-content\/uploads\/2018\/04\/DSC_5597-1024x678.jpg 1024w, https:\/\/ubanews.com\/site\/wp-content\/uploads\/2018\/04\/DSC_5597-120x80.jpg 120w\" data-sizes=\"(max-width: 4928px) 100vw, 4928px\" src=\"data:image\/svg+xml;base64,PHN2ZyB3aWR0aD0iMSIgaGVpZ2h0PSIxIiB4bWxucz0iaHR0cDovL3d3dy53My5vcmcvMjAwMC9zdmciPjwvc3ZnPg==\" style=\"--smush-placeholder-width: 4928px; --smush-placeholder-aspect-ratio: 4928\/3264;\" \/> <img decoding=\"async\" class=\"alignnone size-full wp-image-2382 lazyload\" data-src=\"https:\/\/ubanews.com\/site\/wp-content\/uploads\/2018\/04\/DSC_5608.jpg\" alt=\"\" width=\"4928\" height=\"3264\" data-srcset=\"https:\/\/ubanews.com\/site\/wp-content\/uploads\/2018\/04\/DSC_5608.jpg 4928w, https:\/\/ubanews.com\/site\/wp-content\/uploads\/2018\/04\/DSC_5608-300x199.jpg 300w, https:\/\/ubanews.com\/site\/wp-content\/uploads\/2018\/04\/DSC_5608-768x509.jpg 768w, https:\/\/ubanews.com\/site\/wp-content\/uploads\/2018\/04\/DSC_5608-1024x678.jpg 1024w, https:\/\/ubanews.com\/site\/wp-content\/uploads\/2018\/04\/DSC_5608-120x80.jpg 120w\" data-sizes=\"(max-width: 4928px) 100vw, 4928px\" src=\"data:image\/svg+xml;base64,PHN2ZyB3aWR0aD0iMSIgaGVpZ2h0PSIxIiB4bWxucz0iaHR0cDovL3d3dy53My5vcmcvMjAwMC9zdmciPjwvc3ZnPg==\" style=\"--smush-placeholder-width: 4928px; --smush-placeholder-aspect-ratio: 4928\/3264;\" \/> <img decoding=\"async\" class=\"alignnone size-full wp-image-2383 lazyload\" data-src=\"https:\/\/ubanews.com\/site\/wp-content\/uploads\/2018\/04\/DSC_5618.jpg\" alt=\"\" width=\"4928\" height=\"3264\" data-srcset=\"https:\/\/ubanews.com\/site\/wp-content\/uploads\/2018\/04\/DSC_5618.jpg 4928w, https:\/\/ubanews.com\/site\/wp-content\/uploads\/2018\/04\/DSC_5618-300x199.jpg 300w, https:\/\/ubanews.com\/site\/wp-content\/uploads\/2018\/04\/DSC_5618-768x509.jpg 768w, https:\/\/ubanews.com\/site\/wp-content\/uploads\/2018\/04\/DSC_5618-1024x678.jpg 1024w, https:\/\/ubanews.com\/site\/wp-content\/uploads\/2018\/04\/DSC_5618-120x80.jpg 120w\" data-sizes=\"(max-width: 4928px) 100vw, 4928px\" src=\"data:image\/svg+xml;base64,PHN2ZyB3aWR0aD0iMSIgaGVpZ2h0PSIxIiB4bWxucz0iaHR0cDovL3d3dy53My5vcmcvMjAwMC9zdmciPjwvc3ZnPg==\" style=\"--smush-placeholder-width: 4928px; --smush-placeholder-aspect-ratio: 4928\/3264;\" \/> <img decoding=\"async\" class=\"alignnone size-full wp-image-2384 lazyload\" data-src=\"https:\/\/ubanews.com\/site\/wp-content\/uploads\/2018\/04\/20150809_142908.jpg\" alt=\"\" width=\"2560\" height=\"1536\" data-srcset=\"https:\/\/ubanews.com\/site\/wp-content\/uploads\/2018\/04\/20150809_142908.jpg 2560w, https:\/\/ubanews.com\/site\/wp-content\/uploads\/2018\/04\/20150809_142908-300x180.jpg 300w, https:\/\/ubanews.com\/site\/wp-content\/uploads\/2018\/04\/20150809_142908-768x461.jpg 768w, https:\/\/ubanews.com\/site\/wp-content\/uploads\/2018\/04\/20150809_142908-1024x614.jpg 1024w\" data-sizes=\"(max-width: 2560px) 100vw, 2560px\" src=\"data:image\/svg+xml;base64,PHN2ZyB3aWR0aD0iMSIgaGVpZ2h0PSIxIiB4bWxucz0iaHR0cDovL3d3dy53My5vcmcvMjAwMC9zdmciPjwvc3ZnPg==\" style=\"--smush-placeholder-width: 2560px; --smush-placeholder-aspect-ratio: 2560\/1536;\" \/><\/p>\n<p>&nbsp; &nbsp; &nbsp; &nbsp; &nbsp; &nbsp;Ad\u00e3o Soares Ferreira nasceu no C\u00f3rrego do Rosa, Munic\u00edpio de Guidoval, em 18 de fevereiro de 1931. Aos seis anos de idade ficou \u00f3rf\u00e3o de seu pai. O senhor Jo\u00e3o Ferreira de Souza adoeceu e rapidamente veio a falecer, deixando sua esposa Am\u00e9lia Ferreira com filhos pequenos para criar e educar. Sua inf\u00e2ncia e juventude foi na lavoura, onde aprendeu na marra, a lidar com todo tipo de atividades inerentes \u00e0quele ambiente. Portanto, cresceu na ro\u00e7a, diante das circunst\u00e2ncias, n\u00e3o teve a oportunidade de frequentar \u00e0 escola, aprendendo apenas a assinar o pr\u00f3prio nome.<\/p>\n<p>&nbsp; &nbsp; &nbsp; &nbsp; &nbsp; Ad\u00e3o chegou at\u00e9 ir \u00e0 escola, mas n\u00e3o compreendia o que a sua professora Ervilha ensinava, pois tamb\u00e9m tinha uma colega de classe que gostava dele e fazia para ele as tarefas, impedindo-o de aprender. Isso faz falta para Ad\u00e3o, pelo menos \u00e9 o que ele acredita. Ad\u00e3o nunca trabalhou de empregado, tendo sempre a pr\u00f3pria atividade, se orgulha disso. Ele \u00e9 inteligente e sabe consertar bicicleta, carros antigos, ciclomotores, charretes e m\u00e1quina de costura. Foi assim que ganhou a vida e o sustento da fam\u00edlia, desde que veio pra cidade aos 38 anos de idade, doze anos ap\u00f3s ter se casado.<\/p>\n<p>&nbsp; &nbsp; &nbsp; &nbsp; &nbsp; Uma de suas maiores tristezas veio em 14 de fevereiro de 2009. Ap\u00f3s 18 anos de sofrimento, sua esposa Maria Aparecida Ferreira faleceu, deixando sete filhos: Jo\u00e3o Ferreira de Souza, Laurena de Souza Oliveira, Jos\u00e9 de Alencar Ferreira, Maria M\u00e1rcia Fernandes Pereira, Am\u00e9lia Ferreira Pedro, Marina Ferreira Miguel e Claudinei Ferreira.<\/p>\n<p>&nbsp; &nbsp; &nbsp; &nbsp; &nbsp; Aos 87 anos, gozando de boa sa\u00fade, Ad\u00e3o Soares Ferreira \u00e9 aposentado e vive com seus familiares na Avenida Oleg\u00e1rio Maciel, 2217 \u2013 Bairro Ponte Preta.<br \/>\n<iframe data-src=\"https:\/\/www.youtube.com\/embed\/Jkhym11H1x8\" width=\"560\" height=\"315\" frameborder=\"0\" allowfullscreen=\"allowfullscreen\" src=\"data:image\/svg+xml;base64,PHN2ZyB3aWR0aD0iMSIgaGVpZ2h0PSIxIiB4bWxucz0iaHR0cDovL3d3dy53My5vcmcvMjAwMC9zdmciPjwvc3ZnPg==\" class=\"lazyload\" data-load-mode=\"1\"><\/iframe><\/p>\n","protected":false},"excerpt":{"rendered":"<p>&nbsp; &nbsp; &nbsp; &nbsp; &nbsp; &nbsp;Ad\u00e3o Soares Ferreira nasceu no<\/p>\n","protected":false},"author":2,"featured_media":2379,"comment_status":"open","ping_status":"open","sticky":false,"template":"","format":"standard","meta":{"footnotes":""},"categories":[1],"tags":[],"class_list":["post-2374","post","type-post","status-publish","format-standard","has-post-thumbnail","hentry","category-sem-categoria"],"yoast_head":"<!-- This site is optimized with the Yoast SEO plugin v27.2 - https:\/\/yoast.com\/product\/yoast-seo-wordpress\/ -->\n<title>Homem de quase 90 anos fala de sua vida na ro\u00e7a at\u00e9 os dias de hoje - Ub\u00e1 News<\/title>\n<meta name=\"robots\" content=\"index, follow, max-snippet:-1, max-image-preview:large, max-video-preview:-1\" \/>\n<link rel=\"canonical\" href=\"https:\/\/ubanews.com\/site\/2018\/04\/21\/homem-de-quase-90-anos-fala-de-sua-vida-na-roca-ate-os-dias-de-hoje\/\" \/>\n<meta property=\"og:locale\" content=\"pt_BR\" \/>\n<meta property=\"og:type\" content=\"article\" \/>\n<meta property=\"og:title\" content=\"Homem de quase 90 anos fala de sua vida na ro\u00e7a at\u00e9 os dias de hoje - Ub\u00e1 News\" \/>\n<meta property=\"og:description\" content=\"&nbsp; &nbsp; &nbsp; &nbsp; &nbsp; &nbsp;Ad\u00e3o Soares Ferreira nasceu no\" \/>\n<meta property=\"og:url\" content=\"https:\/\/ubanews.com\/site\/2018\/04\/21\/homem-de-quase-90-anos-fala-de-sua-vida-na-roca-ate-os-dias-de-hoje\/\" \/>\n<meta property=\"og:site_name\" content=\"Ub\u00e1 News\" \/>\n<meta property=\"article:publisher\" content=\"https:\/\/www.facebook.com\/Ub%c3%a1News-Carlos-Roberto-Sodr%c3%a9-418778301977370\" \/>\n<meta property=\"article:author\" content=\"https:\/\/www.facebook.com\/carosroberto.sodre.5\/\" \/>\n<meta property=\"article:published_time\" content=\"2018-04-21T15:33:51+00:00\" \/>\n<meta property=\"article:modified_time\" content=\"2018-04-25T17:49:55+00:00\" \/>\n<meta property=\"og:image\" content=\"https:\/\/ubanews.com\/site\/wp-content\/uploads\/2018\/04\/DSC_5579-1024x678.jpg\" \/>\n\t<meta property=\"og:image:width\" content=\"1024\" \/>\n\t<meta property=\"og:image:height\" content=\"678\" \/>\n\t<meta property=\"og:image:type\" content=\"image\/jpeg\" \/>\n<meta name=\"author\" content=\"Sodr\u00e9\" \/>\n<meta name=\"twitter:card\" content=\"summary_large_image\" \/>\n<meta name=\"twitter:label1\" content=\"Escrito por\" \/>\n\t<meta name=\"twitter:data1\" content=\"Sodr\u00e9\" \/>\n\t<meta name=\"twitter:label2\" content=\"Est. tempo de leitura\" \/>\n\t<meta name=\"twitter:data2\" content=\"2 minutos\" \/>\n<script type=\"application\/ld+json\" class=\"yoast-schema-graph\">{\"@context\":\"https:\/\/schema.org\",\"@graph\":[{\"@type\":\"Article\",\"@id\":\"https:\/\/ubanews.com\/site\/2018\/04\/21\/homem-de-quase-90-anos-fala-de-sua-vida-na-roca-ate-os-dias-de-hoje\/#article\",\"isPartOf\":{\"@id\":\"https:\/\/ubanews.com\/site\/2018\/04\/21\/homem-de-quase-90-anos-fala-de-sua-vida-na-roca-ate-os-dias-de-hoje\/\"},\"author\":{\"name\":\"Sodr\u00e9\",\"@id\":\"https:\/\/ubanews.com\/site\/#\/schema\/person\/d90c9e47252fbb63dcc969fe4c8b9d10\"},\"headline\":\"Homem de quase 90 anos fala de sua vida na ro\u00e7a at\u00e9 os dias de hoje\",\"datePublished\":\"2018-04-21T15:33:51+00:00\",\"dateModified\":\"2018-04-25T17:49:55+00:00\",\"mainEntityOfPage\":{\"@id\":\"https:\/\/ubanews.com\/site\/2018\/04\/21\/homem-de-quase-90-anos-fala-de-sua-vida-na-roca-ate-os-dias-de-hoje\/\"},\"wordCount\":323,\"commentCount\":1,\"publisher\":{\"@id\":\"https:\/\/ubanews.com\/site\/#organization\"},\"image\":{\"@id\":\"https:\/\/ubanews.com\/site\/2018\/04\/21\/homem-de-quase-90-anos-fala-de-sua-vida-na-roca-ate-os-dias-de-hoje\/#primaryimage\"},\"thumbnailUrl\":\"https:\/\/ubanews.com\/site\/wp-content\/uploads\/2018\/04\/DSC_5579.jpg\",\"articleSection\":[\"Geral\"],\"inLanguage\":\"pt-BR\",\"potentialAction\":[{\"@type\":\"CommentAction\",\"name\":\"Comment\",\"target\":[\"https:\/\/ubanews.com\/site\/2018\/04\/21\/homem-de-quase-90-anos-fala-de-sua-vida-na-roca-ate-os-dias-de-hoje\/#respond\"]}]},{\"@type\":\"WebPage\",\"@id\":\"https:\/\/ubanews.com\/site\/2018\/04\/21\/homem-de-quase-90-anos-fala-de-sua-vida-na-roca-ate-os-dias-de-hoje\/\",\"url\":\"https:\/\/ubanews.com\/site\/2018\/04\/21\/homem-de-quase-90-anos-fala-de-sua-vida-na-roca-ate-os-dias-de-hoje\/\",\"name\":\"Homem de quase 90 anos fala de sua vida na ro\u00e7a at\u00e9 os dias de hoje - Ub\u00e1 News\",\"isPartOf\":{\"@id\":\"https:\/\/ubanews.com\/site\/#website\"},\"primaryImageOfPage\":{\"@id\":\"https:\/\/ubanews.com\/site\/2018\/04\/21\/homem-de-quase-90-anos-fala-de-sua-vida-na-roca-ate-os-dias-de-hoje\/#primaryimage\"},\"image\":{\"@id\":\"https:\/\/ubanews.com\/site\/2018\/04\/21\/homem-de-quase-90-anos-fala-de-sua-vida-na-roca-ate-os-dias-de-hoje\/#primaryimage\"},\"thumbnailUrl\":\"https:\/\/ubanews.com\/site\/wp-content\/uploads\/2018\/04\/DSC_5579.jpg\",\"datePublished\":\"2018-04-21T15:33:51+00:00\",\"dateModified\":\"2018-04-25T17:49:55+00:00\",\"breadcrumb\":{\"@id\":\"https:\/\/ubanews.com\/site\/2018\/04\/21\/homem-de-quase-90-anos-fala-de-sua-vida-na-roca-ate-os-dias-de-hoje\/#breadcrumb\"},\"inLanguage\":\"pt-BR\",\"potentialAction\":[{\"@type\":\"ReadAction\",\"target\":[\"https:\/\/ubanews.com\/site\/2018\/04\/21\/homem-de-quase-90-anos-fala-de-sua-vida-na-roca-ate-os-dias-de-hoje\/\"]}]},{\"@type\":\"ImageObject\",\"inLanguage\":\"pt-BR\",\"@id\":\"https:\/\/ubanews.com\/site\/2018\/04\/21\/homem-de-quase-90-anos-fala-de-sua-vida-na-roca-ate-os-dias-de-hoje\/#primaryimage\",\"url\":\"https:\/\/ubanews.com\/site\/wp-content\/uploads\/2018\/04\/DSC_5579.jpg\",\"contentUrl\":\"https:\/\/ubanews.com\/site\/wp-content\/uploads\/2018\/04\/DSC_5579.jpg\",\"width\":4928,\"height\":3264},{\"@type\":\"BreadcrumbList\",\"@id\":\"https:\/\/ubanews.com\/site\/2018\/04\/21\/homem-de-quase-90-anos-fala-de-sua-vida-na-roca-ate-os-dias-de-hoje\/#breadcrumb\",\"itemListElement\":[{\"@type\":\"ListItem\",\"position\":1,\"name\":\"Home\",\"item\":\"https:\/\/ubanews.com\/site\/\"},{\"@type\":\"ListItem\",\"position\":2,\"name\":\"Homem de quase 90 anos fala de sua vida na ro\u00e7a at\u00e9 os dias de hoje\"}]},{\"@type\":\"WebSite\",\"@id\":\"https:\/\/ubanews.com\/site\/#website\",\"url\":\"https:\/\/ubanews.com\/site\/\",\"name\":\"Ub\u00e1 News\",\"description\":\"\",\"publisher\":{\"@id\":\"https:\/\/ubanews.com\/site\/#organization\"},\"potentialAction\":[{\"@type\":\"SearchAction\",\"target\":{\"@type\":\"EntryPoint\",\"urlTemplate\":\"https:\/\/ubanews.com\/site\/?s={search_term_string}\"},\"query-input\":{\"@type\":\"PropertyValueSpecification\",\"valueRequired\":true,\"valueName\":\"search_term_string\"}}],\"inLanguage\":\"pt-BR\"},{\"@type\":\"Organization\",\"@id\":\"https:\/\/ubanews.com\/site\/#organization\",\"name\":\"Ub\u00e1 News\",\"url\":\"https:\/\/ubanews.com\/site\/\",\"logo\":{\"@type\":\"ImageObject\",\"inLanguage\":\"pt-BR\",\"@id\":\"https:\/\/ubanews.com\/site\/#\/schema\/logo\/image\/\",\"url\":\"https:\/\/ubanews.com\/site\/wp-content\/uploads\/2018\/01\/logoubanews.png\",\"contentUrl\":\"https:\/\/ubanews.com\/site\/wp-content\/uploads\/2018\/01\/logoubanews.png\",\"width\":261,\"height\":99,\"caption\":\"Ub\u00e1 News\"},\"image\":{\"@id\":\"https:\/\/ubanews.com\/site\/#\/schema\/logo\/image\/\"},\"sameAs\":[\"https:\/\/www.facebook.com\/Ub\u00e1News-Carlos-Roberto-Sodr\u00e9-418778301977370\"]},{\"@type\":\"Person\",\"@id\":\"https:\/\/ubanews.com\/site\/#\/schema\/person\/d90c9e47252fbb63dcc969fe4c8b9d10\",\"name\":\"Sodr\u00e9\",\"image\":{\"@type\":\"ImageObject\",\"inLanguage\":\"pt-BR\",\"@id\":\"https:\/\/secure.gravatar.com\/avatar\/5ba2793f0590b9dbfad3fdec4ee714485b3eef211c9b32ee53d414060454a56c?s=96&d=mm&r=g\",\"url\":\"https:\/\/secure.gravatar.com\/avatar\/5ba2793f0590b9dbfad3fdec4ee714485b3eef211c9b32ee53d414060454a56c?s=96&d=mm&r=g\",\"contentUrl\":\"https:\/\/secure.gravatar.com\/avatar\/5ba2793f0590b9dbfad3fdec4ee714485b3eef211c9b32ee53d414060454a56c?s=96&d=mm&r=g\",\"caption\":\"Sodr\u00e9\"},\"sameAs\":[\"https:\/\/www.facebook.com\/carosroberto.sodre.5\/\"],\"url\":\"https:\/\/ubanews.com\/site\/author\/felipe\/\"}]}<\/script>\n<!-- \/ Yoast SEO plugin. -->","yoast_head_json":{"title":"Homem de quase 90 anos fala de sua vida na ro\u00e7a at\u00e9 os dias de hoje - Ub\u00e1 News","robots":{"index":"index","follow":"follow","max-snippet":"max-snippet:-1","max-image-preview":"max-image-preview:large","max-video-preview":"max-video-preview:-1"},"canonical":"https:\/\/ubanews.com\/site\/2018\/04\/21\/homem-de-quase-90-anos-fala-de-sua-vida-na-roca-ate-os-dias-de-hoje\/","og_locale":"pt_BR","og_type":"article","og_title":"Homem de quase 90 anos fala de sua vida na ro\u00e7a at\u00e9 os dias de hoje - Ub\u00e1 News","og_description":"&nbsp; &nbsp; &nbsp; &nbsp; &nbsp; &nbsp;Ad\u00e3o Soares Ferreira nasceu no","og_url":"https:\/\/ubanews.com\/site\/2018\/04\/21\/homem-de-quase-90-anos-fala-de-sua-vida-na-roca-ate-os-dias-de-hoje\/","og_site_name":"Ub\u00e1 News","article_publisher":"https:\/\/www.facebook.com\/Ub%c3%a1News-Carlos-Roberto-Sodr%c3%a9-418778301977370","article_author":"https:\/\/www.facebook.com\/carosroberto.sodre.5\/","article_published_time":"2018-04-21T15:33:51+00:00","article_modified_time":"2018-04-25T17:49:55+00:00","og_image":[{"width":1024,"height":678,"url":"https:\/\/ubanews.com\/site\/wp-content\/uploads\/2018\/04\/DSC_5579-1024x678.jpg","type":"image\/jpeg"}],"author":"Sodr\u00e9","twitter_card":"summary_large_image","twitter_misc":{"Escrito por":"Sodr\u00e9","Est. tempo de leitura":"2 minutos"},"schema":{"@context":"https:\/\/schema.org","@graph":[{"@type":"Article","@id":"https:\/\/ubanews.com\/site\/2018\/04\/21\/homem-de-quase-90-anos-fala-de-sua-vida-na-roca-ate-os-dias-de-hoje\/#article","isPartOf":{"@id":"https:\/\/ubanews.com\/site\/2018\/04\/21\/homem-de-quase-90-anos-fala-de-sua-vida-na-roca-ate-os-dias-de-hoje\/"},"author":{"name":"Sodr\u00e9","@id":"https:\/\/ubanews.com\/site\/#\/schema\/person\/d90c9e47252fbb63dcc969fe4c8b9d10"},"headline":"Homem de quase 90 anos fala de sua vida na ro\u00e7a at\u00e9 os dias de hoje","datePublished":"2018-04-21T15:33:51+00:00","dateModified":"2018-04-25T17:49:55+00:00","mainEntityOfPage":{"@id":"https:\/\/ubanews.com\/site\/2018\/04\/21\/homem-de-quase-90-anos-fala-de-sua-vida-na-roca-ate-os-dias-de-hoje\/"},"wordCount":323,"commentCount":1,"publisher":{"@id":"https:\/\/ubanews.com\/site\/#organization"},"image":{"@id":"https:\/\/ubanews.com\/site\/2018\/04\/21\/homem-de-quase-90-anos-fala-de-sua-vida-na-roca-ate-os-dias-de-hoje\/#primaryimage"},"thumbnailUrl":"https:\/\/ubanews.com\/site\/wp-content\/uploads\/2018\/04\/DSC_5579.jpg","articleSection":["Geral"],"inLanguage":"pt-BR","potentialAction":[{"@type":"CommentAction","name":"Comment","target":["https:\/\/ubanews.com\/site\/2018\/04\/21\/homem-de-quase-90-anos-fala-de-sua-vida-na-roca-ate-os-dias-de-hoje\/#respond"]}]},{"@type":"WebPage","@id":"https:\/\/ubanews.com\/site\/2018\/04\/21\/homem-de-quase-90-anos-fala-de-sua-vida-na-roca-ate-os-dias-de-hoje\/","url":"https:\/\/ubanews.com\/site\/2018\/04\/21\/homem-de-quase-90-anos-fala-de-sua-vida-na-roca-ate-os-dias-de-hoje\/","name":"Homem de quase 90 anos fala de sua vida na ro\u00e7a at\u00e9 os dias de hoje - Ub\u00e1 News","isPartOf":{"@id":"https:\/\/ubanews.com\/site\/#website"},"primaryImageOfPage":{"@id":"https:\/\/ubanews.com\/site\/2018\/04\/21\/homem-de-quase-90-anos-fala-de-sua-vida-na-roca-ate-os-dias-de-hoje\/#primaryimage"},"image":{"@id":"https:\/\/ubanews.com\/site\/2018\/04\/21\/homem-de-quase-90-anos-fala-de-sua-vida-na-roca-ate-os-dias-de-hoje\/#primaryimage"},"thumbnailUrl":"https:\/\/ubanews.com\/site\/wp-content\/uploads\/2018\/04\/DSC_5579.jpg","datePublished":"2018-04-21T15:33:51+00:00","dateModified":"2018-04-25T17:49:55+00:00","breadcrumb":{"@id":"https:\/\/ubanews.com\/site\/2018\/04\/21\/homem-de-quase-90-anos-fala-de-sua-vida-na-roca-ate-os-dias-de-hoje\/#breadcrumb"},"inLanguage":"pt-BR","potentialAction":[{"@type":"ReadAction","target":["https:\/\/ubanews.com\/site\/2018\/04\/21\/homem-de-quase-90-anos-fala-de-sua-vida-na-roca-ate-os-dias-de-hoje\/"]}]},{"@type":"ImageObject","inLanguage":"pt-BR","@id":"https:\/\/ubanews.com\/site\/2018\/04\/21\/homem-de-quase-90-anos-fala-de-sua-vida-na-roca-ate-os-dias-de-hoje\/#primaryimage","url":"https:\/\/ubanews.com\/site\/wp-content\/uploads\/2018\/04\/DSC_5579.jpg","contentUrl":"https:\/\/ubanews.com\/site\/wp-content\/uploads\/2018\/04\/DSC_5579.jpg","width":4928,"height":3264},{"@type":"BreadcrumbList","@id":"https:\/\/ubanews.com\/site\/2018\/04\/21\/homem-de-quase-90-anos-fala-de-sua-vida-na-roca-ate-os-dias-de-hoje\/#breadcrumb","itemListElement":[{"@type":"ListItem","position":1,"name":"Home","item":"https:\/\/ubanews.com\/site\/"},{"@type":"ListItem","position":2,"name":"Homem de quase 90 anos fala de sua vida na ro\u00e7a at\u00e9 os dias de hoje"}]},{"@type":"WebSite","@id":"https:\/\/ubanews.com\/site\/#website","url":"https:\/\/ubanews.com\/site\/","name":"Ub\u00e1 News","description":"","publisher":{"@id":"https:\/\/ubanews.com\/site\/#organization"},"potentialAction":[{"@type":"SearchAction","target":{"@type":"EntryPoint","urlTemplate":"https:\/\/ubanews.com\/site\/?s={search_term_string}"},"query-input":{"@type":"PropertyValueSpecification","valueRequired":true,"valueName":"search_term_string"}}],"inLanguage":"pt-BR"},{"@type":"Organization","@id":"https:\/\/ubanews.com\/site\/#organization","name":"Ub\u00e1 News","url":"https:\/\/ubanews.com\/site\/","logo":{"@type":"ImageObject","inLanguage":"pt-BR","@id":"https:\/\/ubanews.com\/site\/#\/schema\/logo\/image\/","url":"https:\/\/ubanews.com\/site\/wp-content\/uploads\/2018\/01\/logoubanews.png","contentUrl":"https:\/\/ubanews.com\/site\/wp-content\/uploads\/2018\/01\/logoubanews.png","width":261,"height":99,"caption":"Ub\u00e1 News"},"image":{"@id":"https:\/\/ubanews.com\/site\/#\/schema\/logo\/image\/"},"sameAs":["https:\/\/www.facebook.com\/Ub\u00e1News-Carlos-Roberto-Sodr\u00e9-418778301977370"]},{"@type":"Person","@id":"https:\/\/ubanews.com\/site\/#\/schema\/person\/d90c9e47252fbb63dcc969fe4c8b9d10","name":"Sodr\u00e9","image":{"@type":"ImageObject","inLanguage":"pt-BR","@id":"https:\/\/secure.gravatar.com\/avatar\/5ba2793f0590b9dbfad3fdec4ee714485b3eef211c9b32ee53d414060454a56c?s=96&d=mm&r=g","url":"https:\/\/secure.gravatar.com\/avatar\/5ba2793f0590b9dbfad3fdec4ee714485b3eef211c9b32ee53d414060454a56c?s=96&d=mm&r=g","contentUrl":"https:\/\/secure.gravatar.com\/avatar\/5ba2793f0590b9dbfad3fdec4ee714485b3eef211c9b32ee53d414060454a56c?s=96&d=mm&r=g","caption":"Sodr\u00e9"},"sameAs":["https:\/\/www.facebook.com\/carosroberto.sodre.5\/"],"url":"https:\/\/ubanews.com\/site\/author\/felipe\/"}]}},"_links":{"self":[{"href":"https:\/\/ubanews.com\/site\/wp-json\/wp\/v2\/posts\/2374","targetHints":{"allow":["GET"]}}],"collection":[{"href":"https:\/\/ubanews.com\/site\/wp-json\/wp\/v2\/posts"}],"about":[{"href":"https:\/\/ubanews.com\/site\/wp-json\/wp\/v2\/types\/post"}],"author":[{"embeddable":true,"href":"https:\/\/ubanews.com\/site\/wp-json\/wp\/v2\/users\/2"}],"replies":[{"embeddable":true,"href":"https:\/\/ubanews.com\/site\/wp-json\/wp\/v2\/comments?post=2374"}],"version-history":[{"count":0,"href":"https:\/\/ubanews.com\/site\/wp-json\/wp\/v2\/posts\/2374\/revisions"}],"wp:featuredmedia":[{"embeddable":true,"href":"https:\/\/ubanews.com\/site\/wp-json\/wp\/v2\/media\/2379"}],"wp:attachment":[{"href":"https:\/\/ubanews.com\/site\/wp-json\/wp\/v2\/media?parent=2374"}],"wp:term":[{"taxonomy":"category","embeddable":true,"href":"https:\/\/ubanews.com\/site\/wp-json\/wp\/v2\/categories?post=2374"},{"taxonomy":"post_tag","embeddable":true,"href":"https:\/\/ubanews.com\/site\/wp-json\/wp\/v2\/tags?post=2374"}],"curies":[{"name":"wp","href":"https:\/\/api.w.org\/{rel}","templated":true}]}}