{"id":23735,"date":"2026-01-17T13:35:01","date_gmt":"2026-01-17T16:35:01","guid":{"rendered":"https:\/\/ubanews.com\/site\/?p=23735"},"modified":"2026-01-17T13:35:11","modified_gmt":"2026-01-17T16:35:11","slug":"sintese-das-ocorrencias-bombeiros-militar-16-01-2026","status":"publish","type":"post","link":"https:\/\/ubanews.com\/site\/2026\/01\/17\/sintese-das-ocorrencias-bombeiros-militar-16-01-2026\/","title":{"rendered":"Sintese-das-ocorrencias-Bombeiros Militar-16-01-2026"},"content":{"rendered":"\n<h2 class=\"wp-block-heading\">Sintese-das-ocorrencias-Bombeiros Militar-16-01-2026. <\/h2>\n\n\n\n<p><strong>S\u00cdNTESE DAS PRINCIPAIS OCORR\u00caNCIAS<\/strong><\/p>\n\n\n\n<p><strong>Pira\u00faba<\/strong><strong><\/strong><\/p>\n\n\n\n<p><strong>Inc\u00eandio em Ve\u00edculo<\/strong><strong><\/strong><\/p>\n\n\n\n<p>Na noite desta ter\u00e7a-feira, 15 de janeiro de 2026, por volta das 22h34min, militares da 2\u00aa Companhia de Bombeiros de Ub\u00e1 foram acionados via Cobom em ocorr\u00eancia envolvendo um grave inc\u00eandio em um caminh\u00e3o carregado com papel\u00e3o prensado na rodovia MG-353, pr\u00f3ximo a Pira\u00faba. O fogo, que teve in\u00edcio na cabine do ve\u00edculo devido a uma pane el\u00e9trica, se alastrou rapidamente e consumiu toda a carga, o semirreboque e o caminh\u00e3o.<\/p>\n\n\n\n<p>Foram empregados cerca de 18.000 litros de \u00e1gua, t\u00e9cnicas de extin\u00e7\u00e3o e rescaldo para controlar o fogo. A opera\u00e7\u00e3o contou com o apoio de uma retroescavadeira cedida pelo munic\u00edpio de Guarani, que auxiliou na remo\u00e7\u00e3o da carga e na completa extin\u00e7\u00e3o dos focos remanescentes.<\/p>\n\n\n\n<p>A Pol\u00edcia Militar Rodovi\u00e1ria esteve presente no local, garantindo a seguran\u00e7a da via e auxiliando na ocorr\u00eancia. Felizmente, n\u00e3o houve v\u00edtimas. O condutor do caminh\u00e3o n\u00e3o sofreu ferimentos, mas os danos materiais foram considerados totais, incluindo o caminh\u00e3o, o semirreboque, toda a carga de papel\u00e3o, uma concha trapezoidal de m\u00e1quina retro e um arm\u00e1rio que tamb\u00e9m estavam sendo transportados.<\/p>\n\n\n\n<p>Ap\u00f3s os trabalhos de extin\u00e7\u00e3o, rescaldo e elimina\u00e7\u00e3o de riscos, o local foi deixado em seguran\u00e7a e a ocorr\u00eancia foi encerrada.<\/p>\n\n\n<div class=\"wp-block-image\">\n<figure class=\"aligncenter size-large\"><img decoding=\"async\" width=\"1024\" height=\"768\" data-src=\"https:\/\/ubanews.com\/site\/wp-content\/uploads\/2026\/01\/Sintese-das-ocorrencias-Bombeiros-Militar-16-01-2026-2-1024x768.jpg\" alt=\"Sintese-das-ocorrencias-Bombeiros Militar-16-01-2026\" class=\"wp-image-23736 lazyload\" data-srcset=\"https:\/\/ubanews.com\/site\/wp-content\/uploads\/2026\/01\/Sintese-das-ocorrencias-Bombeiros-Militar-16-01-2026-2-1024x768.jpg 1024w, https:\/\/ubanews.com\/site\/wp-content\/uploads\/2026\/01\/Sintese-das-ocorrencias-Bombeiros-Militar-16-01-2026-2-300x225.jpg 300w, https:\/\/ubanews.com\/site\/wp-content\/uploads\/2026\/01\/Sintese-das-ocorrencias-Bombeiros-Militar-16-01-2026-2-768x576.jpg 768w, https:\/\/ubanews.com\/site\/wp-content\/uploads\/2026\/01\/Sintese-das-ocorrencias-Bombeiros-Militar-16-01-2026-2-1536x1152.jpg 1536w, https:\/\/ubanews.com\/site\/wp-content\/uploads\/2026\/01\/Sintese-das-ocorrencias-Bombeiros-Militar-16-01-2026-2.jpg 1600w\" data-sizes=\"(max-width: 1024px) 100vw, 1024px\" src=\"data:image\/svg+xml;base64,PHN2ZyB3aWR0aD0iMSIgaGVpZ2h0PSIxIiB4bWxucz0iaHR0cDovL3d3dy53My5vcmcvMjAwMC9zdmciPjwvc3ZnPg==\" style=\"--smush-placeholder-width: 1024px; --smush-placeholder-aspect-ratio: 1024\/768;\" \/><\/figure>\n<\/div>\n\n\n<p><strong>Ub\u00e1 x Divin\u00e9sia<\/strong><strong><\/strong><\/p>\n\n\n\n<p><strong>Queda de motociclista<\/strong><strong><\/strong><\/p>\n\n\n\n<p>Na manh\u00e3 desta quinta-feira, 15 de janeiro de 2026, por volta das 07h46min,&nbsp; militares da 2\u00aa Companhia de Bombeiros de Ub\u00e1 foram acionados via Cobom em ocorr\u00eancia de queda de motocicleta na rodovia Ub\u00e1 x Divin\u00e9sia, envolvendo duas v\u00edtimas.<\/p>\n\n\n\n<p>Ao chegarem ao local, a equipe encontrou duas v\u00edtimas do sexo feminino sendo amparadas por populares que passavam pela via e realizavam a sinaliza\u00e7\u00e3o do tr\u00e2nsito.<\/p>\n\n\n\n<p>A primeira v\u00edtima, 29 anos, consciente e orientada, queixando-se de dor no bra\u00e7o e perna esquerda e escoria\u00e7\u00f5es pelo corpo, foi imobilizada e transportada para o hospital Santa Isabel, onde permaneceu sob cuidados m\u00e9dicos.<\/p>\n\n\n\n<p>A segunda v\u00edtima, 27 anos, que estava na garupa da motocicleta, encontrava-se deambulando pelo local, tamb\u00e9m sem capacete, mas consciente e orientada. Ela informou que o pneu da motocicleta teria furado, o que teria levado \u00e0 perda de controle do ve\u00edculo pela condutora e \u00e0 queda da motocicleta \u00e0 margem da pista. Ap\u00f3s avalia\u00e7\u00e3o prim\u00e1ria e a aferi\u00e7\u00e3o dos sinais vitais foi conduzida ao mesmo hospital de refer\u00eancia para avalia\u00e7\u00e3o m\u00e9dica.<\/p>\n","protected":false},"excerpt":{"rendered":"<p>Sintese-das-ocorrencias-Bombeiros Militar-16-01-2026. S\u00cdNTESE DAS PRINCIPAIS OCORR\u00caNCIAS Pira\u00faba Inc\u00eandio em Ve\u00edculo<\/p>\n","protected":false},"author":4,"featured_media":23737,"comment_status":"open","ping_status":"open","sticky":false,"template":"","format":"standard","meta":{"footnotes":""},"categories":[13],"tags":[241,311],"class_list":["post-23735","post","type-post","status-publish","format-standard","has-post-thumbnail","hentry","category-sintese-das-ocorrencias","tag-bombeiros","tag-incendio-em-carro"],"yoast_head":"<!-- This site is optimized with the Yoast SEO plugin v27.2 - https:\/\/yoast.com\/product\/yoast-seo-wordpress\/ -->\n<title>Sintese-das-ocorrencias-Bombeiros Militar-16-01-2026 - Ub\u00e1 News<\/title>\n<meta name=\"description\" content=\"Sintese-das-ocorrencias-Bombeiros Militar-16-01-2026. 2\u00aa Companhia de Bombeiros de Ub\u00e1 ocorr\u00eancia envolvendo um grave inc\u00eandio em um caminh\u00e3o carregado com papel\u00e3o prensado na rodovia MG-353, pr\u00f3ximo a Pira\u00faba.\" \/>\n<meta name=\"robots\" content=\"index, follow, max-snippet:-1, max-image-preview:large, max-video-preview:-1\" \/>\n<link rel=\"canonical\" href=\"https:\/\/ubanews.com\/site\/2026\/01\/17\/sintese-das-ocorrencias-bombeiros-militar-16-01-2026\/\" \/>\n<meta property=\"og:locale\" content=\"pt_BR\" \/>\n<meta property=\"og:type\" content=\"article\" \/>\n<meta property=\"og:title\" content=\"Sintese-das-ocorrencias-Bombeiros Militar-16-01-2026 - Ub\u00e1 News\" \/>\n<meta property=\"og:description\" content=\"Sintese-das-ocorrencias-Bombeiros Militar-16-01-2026. 2\u00aa Companhia de Bombeiros de Ub\u00e1 ocorr\u00eancia envolvendo um grave inc\u00eandio em um caminh\u00e3o carregado com papel\u00e3o prensado na rodovia MG-353, pr\u00f3ximo a Pira\u00faba.\" \/>\n<meta property=\"og:url\" content=\"https:\/\/ubanews.com\/site\/2026\/01\/17\/sintese-das-ocorrencias-bombeiros-militar-16-01-2026\/\" \/>\n<meta property=\"og:site_name\" content=\"Ub\u00e1 News\" \/>\n<meta property=\"article:publisher\" content=\"https:\/\/www.facebook.com\/Ub%c3%a1News-Carlos-Roberto-Sodr%c3%a9-418778301977370\" \/>\n<meta property=\"article:published_time\" content=\"2026-01-17T16:35:01+00:00\" \/>\n<meta property=\"article:modified_time\" content=\"2026-01-17T16:35:11+00:00\" \/>\n<meta property=\"og:image\" content=\"https:\/\/ubanews.com\/site\/wp-content\/uploads\/2026\/01\/Sintese-das-ocorrencias-Bombeiros-Militar-16-01-2026-1.jpg\" \/>\n\t<meta property=\"og:image:width\" content=\"1280\" \/>\n\t<meta property=\"og:image:height\" content=\"960\" \/>\n\t<meta property=\"og:image:type\" content=\"image\/jpeg\" \/>\n<meta name=\"author\" content=\"Carlos Roberto Sodr\u00e9\" \/>\n<meta name=\"twitter:card\" content=\"summary_large_image\" \/>\n<meta name=\"twitter:label1\" content=\"Escrito por\" \/>\n\t<meta name=\"twitter:data1\" content=\"Carlos Roberto Sodr\u00e9\" \/>\n\t<meta name=\"twitter:label2\" content=\"Est. tempo de leitura\" \/>\n\t<meta name=\"twitter:data2\" content=\"3 minutos\" \/>\n<script type=\"application\/ld+json\" class=\"yoast-schema-graph\">{\"@context\":\"https:\/\/schema.org\",\"@graph\":[{\"@type\":\"Article\",\"@id\":\"https:\/\/ubanews.com\/site\/2026\/01\/17\/sintese-das-ocorrencias-bombeiros-militar-16-01-2026\/#article\",\"isPartOf\":{\"@id\":\"https:\/\/ubanews.com\/site\/2026\/01\/17\/sintese-das-ocorrencias-bombeiros-militar-16-01-2026\/\"},\"author\":{\"name\":\"Carlos Roberto Sodr\u00e9\",\"@id\":\"https:\/\/ubanews.com\/site\/#\/schema\/person\/9d8da9ec3c8d00640ab6e8c81e103310\"},\"headline\":\"Sintese-das-ocorrencias-Bombeiros Militar-16-01-2026\",\"datePublished\":\"2026-01-17T16:35:01+00:00\",\"dateModified\":\"2026-01-17T16:35:11+00:00\",\"mainEntityOfPage\":{\"@id\":\"https:\/\/ubanews.com\/site\/2026\/01\/17\/sintese-das-ocorrencias-bombeiros-militar-16-01-2026\/\"},\"wordCount\":439,\"commentCount\":0,\"publisher\":{\"@id\":\"https:\/\/ubanews.com\/site\/#organization\"},\"image\":{\"@id\":\"https:\/\/ubanews.com\/site\/2026\/01\/17\/sintese-das-ocorrencias-bombeiros-militar-16-01-2026\/#primaryimage\"},\"thumbnailUrl\":\"https:\/\/ubanews.com\/site\/wp-content\/uploads\/2026\/01\/Sintese-das-ocorrencias-Bombeiros-Militar-16-01-2026-1.jpg\",\"keywords\":[\"Bombeiros\",\"Inc\u00eandio em Carro\"],\"articleSection\":[\"S\u00edntese das Ocorr\u00eancias\"],\"inLanguage\":\"pt-BR\",\"potentialAction\":[{\"@type\":\"CommentAction\",\"name\":\"Comment\",\"target\":[\"https:\/\/ubanews.com\/site\/2026\/01\/17\/sintese-das-ocorrencias-bombeiros-militar-16-01-2026\/#respond\"]}]},{\"@type\":\"WebPage\",\"@id\":\"https:\/\/ubanews.com\/site\/2026\/01\/17\/sintese-das-ocorrencias-bombeiros-militar-16-01-2026\/\",\"url\":\"https:\/\/ubanews.com\/site\/2026\/01\/17\/sintese-das-ocorrencias-bombeiros-militar-16-01-2026\/\",\"name\":\"Sintese-das-ocorrencias-Bombeiros Militar-16-01-2026 - Ub\u00e1 News\",\"isPartOf\":{\"@id\":\"https:\/\/ubanews.com\/site\/#website\"},\"primaryImageOfPage\":{\"@id\":\"https:\/\/ubanews.com\/site\/2026\/01\/17\/sintese-das-ocorrencias-bombeiros-militar-16-01-2026\/#primaryimage\"},\"image\":{\"@id\":\"https:\/\/ubanews.com\/site\/2026\/01\/17\/sintese-das-ocorrencias-bombeiros-militar-16-01-2026\/#primaryimage\"},\"thumbnailUrl\":\"https:\/\/ubanews.com\/site\/wp-content\/uploads\/2026\/01\/Sintese-das-ocorrencias-Bombeiros-Militar-16-01-2026-1.jpg\",\"datePublished\":\"2026-01-17T16:35:01+00:00\",\"dateModified\":\"2026-01-17T16:35:11+00:00\",\"description\":\"Sintese-das-ocorrencias-Bombeiros Militar-16-01-2026. 2\u00aa Companhia de Bombeiros de Ub\u00e1 ocorr\u00eancia envolvendo um grave inc\u00eandio em um caminh\u00e3o carregado com papel\u00e3o prensado na rodovia MG-353, pr\u00f3ximo a Pira\u00faba.\",\"breadcrumb\":{\"@id\":\"https:\/\/ubanews.com\/site\/2026\/01\/17\/sintese-das-ocorrencias-bombeiros-militar-16-01-2026\/#breadcrumb\"},\"inLanguage\":\"pt-BR\",\"potentialAction\":[{\"@type\":\"ReadAction\",\"target\":[\"https:\/\/ubanews.com\/site\/2026\/01\/17\/sintese-das-ocorrencias-bombeiros-militar-16-01-2026\/\"]}]},{\"@type\":\"ImageObject\",\"inLanguage\":\"pt-BR\",\"@id\":\"https:\/\/ubanews.com\/site\/2026\/01\/17\/sintese-das-ocorrencias-bombeiros-militar-16-01-2026\/#primaryimage\",\"url\":\"https:\/\/ubanews.com\/site\/wp-content\/uploads\/2026\/01\/Sintese-das-ocorrencias-Bombeiros-Militar-16-01-2026-1.jpg\",\"contentUrl\":\"https:\/\/ubanews.com\/site\/wp-content\/uploads\/2026\/01\/Sintese-das-ocorrencias-Bombeiros-Militar-16-01-2026-1.jpg\",\"width\":1280,\"height\":960,\"caption\":\"Na noite desta ter\u00e7a-feira, 15 de janeiro de 2026, por volta das 22h34min, militares da 2\u00aa Companhia de Bombeiros de Ub\u00e1 foram acionados via Cobom em ocorr\u00eancia envolvendo um grave inc\u00eandio em um caminh\u00e3o carregado com papel\u00e3o prensado na rodovia MG-353, pr\u00f3ximo a Pira\u00faba.\"},{\"@type\":\"BreadcrumbList\",\"@id\":\"https:\/\/ubanews.com\/site\/2026\/01\/17\/sintese-das-ocorrencias-bombeiros-militar-16-01-2026\/#breadcrumb\",\"itemListElement\":[{\"@type\":\"ListItem\",\"position\":1,\"name\":\"Home\",\"item\":\"https:\/\/ubanews.com\/site\/\"},{\"@type\":\"ListItem\",\"position\":2,\"name\":\"Sintese-das-ocorrencias-Bombeiros Militar-16-01-2026\"}]},{\"@type\":\"WebSite\",\"@id\":\"https:\/\/ubanews.com\/site\/#website\",\"url\":\"https:\/\/ubanews.com\/site\/\",\"name\":\"Ub\u00e1 News\",\"description\":\"\",\"publisher\":{\"@id\":\"https:\/\/ubanews.com\/site\/#organization\"},\"potentialAction\":[{\"@type\":\"SearchAction\",\"target\":{\"@type\":\"EntryPoint\",\"urlTemplate\":\"https:\/\/ubanews.com\/site\/?s={search_term_string}\"},\"query-input\":{\"@type\":\"PropertyValueSpecification\",\"valueRequired\":true,\"valueName\":\"search_term_string\"}}],\"inLanguage\":\"pt-BR\"},{\"@type\":\"Organization\",\"@id\":\"https:\/\/ubanews.com\/site\/#organization\",\"name\":\"Ub\u00e1 News\",\"url\":\"https:\/\/ubanews.com\/site\/\",\"logo\":{\"@type\":\"ImageObject\",\"inLanguage\":\"pt-BR\",\"@id\":\"https:\/\/ubanews.com\/site\/#\/schema\/logo\/image\/\",\"url\":\"https:\/\/ubanews.com\/site\/wp-content\/uploads\/2018\/01\/logoubanews.png\",\"contentUrl\":\"https:\/\/ubanews.com\/site\/wp-content\/uploads\/2018\/01\/logoubanews.png\",\"width\":261,\"height\":99,\"caption\":\"Ub\u00e1 News\"},\"image\":{\"@id\":\"https:\/\/ubanews.com\/site\/#\/schema\/logo\/image\/\"},\"sameAs\":[\"https:\/\/www.facebook.com\/Ub\u00e1News-Carlos-Roberto-Sodr\u00e9-418778301977370\"]},{\"@type\":\"Person\",\"@id\":\"https:\/\/ubanews.com\/site\/#\/schema\/person\/9d8da9ec3c8d00640ab6e8c81e103310\",\"name\":\"Carlos Roberto Sodr\u00e9\",\"image\":{\"@type\":\"ImageObject\",\"inLanguage\":\"pt-BR\",\"@id\":\"https:\/\/secure.gravatar.com\/avatar\/aab322e8555b56c468614fafdab8a8f924e394cdc6cfd8232f77e9e4d123a133?s=96&d=mm&r=g\",\"url\":\"https:\/\/secure.gravatar.com\/avatar\/aab322e8555b56c468614fafdab8a8f924e394cdc6cfd8232f77e9e4d123a133?s=96&d=mm&r=g\",\"contentUrl\":\"https:\/\/secure.gravatar.com\/avatar\/aab322e8555b56c468614fafdab8a8f924e394cdc6cfd8232f77e9e4d123a133?s=96&d=mm&r=g\",\"caption\":\"Carlos Roberto Sodr\u00e9\"},\"url\":\"https:\/\/ubanews.com\/site\/author\/sodre\/\"}]}<\/script>\n<!-- \/ Yoast SEO plugin. -->","yoast_head_json":{"title":"Sintese-das-ocorrencias-Bombeiros Militar-16-01-2026 - Ub\u00e1 News","description":"Sintese-das-ocorrencias-Bombeiros Militar-16-01-2026. 2\u00aa Companhia de Bombeiros de Ub\u00e1 ocorr\u00eancia envolvendo um grave inc\u00eandio em um caminh\u00e3o carregado com papel\u00e3o prensado na rodovia MG-353, pr\u00f3ximo a Pira\u00faba.","robots":{"index":"index","follow":"follow","max-snippet":"max-snippet:-1","max-image-preview":"max-image-preview:large","max-video-preview":"max-video-preview:-1"},"canonical":"https:\/\/ubanews.com\/site\/2026\/01\/17\/sintese-das-ocorrencias-bombeiros-militar-16-01-2026\/","og_locale":"pt_BR","og_type":"article","og_title":"Sintese-das-ocorrencias-Bombeiros Militar-16-01-2026 - Ub\u00e1 News","og_description":"Sintese-das-ocorrencias-Bombeiros Militar-16-01-2026. 2\u00aa Companhia de Bombeiros de Ub\u00e1 ocorr\u00eancia envolvendo um grave inc\u00eandio em um caminh\u00e3o carregado com papel\u00e3o prensado na rodovia MG-353, pr\u00f3ximo a Pira\u00faba.","og_url":"https:\/\/ubanews.com\/site\/2026\/01\/17\/sintese-das-ocorrencias-bombeiros-militar-16-01-2026\/","og_site_name":"Ub\u00e1 News","article_publisher":"https:\/\/www.facebook.com\/Ub%c3%a1News-Carlos-Roberto-Sodr%c3%a9-418778301977370","article_published_time":"2026-01-17T16:35:01+00:00","article_modified_time":"2026-01-17T16:35:11+00:00","og_image":[{"width":1280,"height":960,"url":"https:\/\/ubanews.com\/site\/wp-content\/uploads\/2026\/01\/Sintese-das-ocorrencias-Bombeiros-Militar-16-01-2026-1.jpg","type":"image\/jpeg"}],"author":"Carlos Roberto Sodr\u00e9","twitter_card":"summary_large_image","twitter_misc":{"Escrito por":"Carlos Roberto Sodr\u00e9","Est. tempo de leitura":"3 minutos"},"schema":{"@context":"https:\/\/schema.org","@graph":[{"@type":"Article","@id":"https:\/\/ubanews.com\/site\/2026\/01\/17\/sintese-das-ocorrencias-bombeiros-militar-16-01-2026\/#article","isPartOf":{"@id":"https:\/\/ubanews.com\/site\/2026\/01\/17\/sintese-das-ocorrencias-bombeiros-militar-16-01-2026\/"},"author":{"name":"Carlos Roberto Sodr\u00e9","@id":"https:\/\/ubanews.com\/site\/#\/schema\/person\/9d8da9ec3c8d00640ab6e8c81e103310"},"headline":"Sintese-das-ocorrencias-Bombeiros Militar-16-01-2026","datePublished":"2026-01-17T16:35:01+00:00","dateModified":"2026-01-17T16:35:11+00:00","mainEntityOfPage":{"@id":"https:\/\/ubanews.com\/site\/2026\/01\/17\/sintese-das-ocorrencias-bombeiros-militar-16-01-2026\/"},"wordCount":439,"commentCount":0,"publisher":{"@id":"https:\/\/ubanews.com\/site\/#organization"},"image":{"@id":"https:\/\/ubanews.com\/site\/2026\/01\/17\/sintese-das-ocorrencias-bombeiros-militar-16-01-2026\/#primaryimage"},"thumbnailUrl":"https:\/\/ubanews.com\/site\/wp-content\/uploads\/2026\/01\/Sintese-das-ocorrencias-Bombeiros-Militar-16-01-2026-1.jpg","keywords":["Bombeiros","Inc\u00eandio em Carro"],"articleSection":["S\u00edntese das Ocorr\u00eancias"],"inLanguage":"pt-BR","potentialAction":[{"@type":"CommentAction","name":"Comment","target":["https:\/\/ubanews.com\/site\/2026\/01\/17\/sintese-das-ocorrencias-bombeiros-militar-16-01-2026\/#respond"]}]},{"@type":"WebPage","@id":"https:\/\/ubanews.com\/site\/2026\/01\/17\/sintese-das-ocorrencias-bombeiros-militar-16-01-2026\/","url":"https:\/\/ubanews.com\/site\/2026\/01\/17\/sintese-das-ocorrencias-bombeiros-militar-16-01-2026\/","name":"Sintese-das-ocorrencias-Bombeiros Militar-16-01-2026 - Ub\u00e1 News","isPartOf":{"@id":"https:\/\/ubanews.com\/site\/#website"},"primaryImageOfPage":{"@id":"https:\/\/ubanews.com\/site\/2026\/01\/17\/sintese-das-ocorrencias-bombeiros-militar-16-01-2026\/#primaryimage"},"image":{"@id":"https:\/\/ubanews.com\/site\/2026\/01\/17\/sintese-das-ocorrencias-bombeiros-militar-16-01-2026\/#primaryimage"},"thumbnailUrl":"https:\/\/ubanews.com\/site\/wp-content\/uploads\/2026\/01\/Sintese-das-ocorrencias-Bombeiros-Militar-16-01-2026-1.jpg","datePublished":"2026-01-17T16:35:01+00:00","dateModified":"2026-01-17T16:35:11+00:00","description":"Sintese-das-ocorrencias-Bombeiros Militar-16-01-2026. 2\u00aa Companhia de Bombeiros de Ub\u00e1 ocorr\u00eancia envolvendo um grave inc\u00eandio em um caminh\u00e3o carregado com papel\u00e3o prensado na rodovia MG-353, pr\u00f3ximo a Pira\u00faba.","breadcrumb":{"@id":"https:\/\/ubanews.com\/site\/2026\/01\/17\/sintese-das-ocorrencias-bombeiros-militar-16-01-2026\/#breadcrumb"},"inLanguage":"pt-BR","potentialAction":[{"@type":"ReadAction","target":["https:\/\/ubanews.com\/site\/2026\/01\/17\/sintese-das-ocorrencias-bombeiros-militar-16-01-2026\/"]}]},{"@type":"ImageObject","inLanguage":"pt-BR","@id":"https:\/\/ubanews.com\/site\/2026\/01\/17\/sintese-das-ocorrencias-bombeiros-militar-16-01-2026\/#primaryimage","url":"https:\/\/ubanews.com\/site\/wp-content\/uploads\/2026\/01\/Sintese-das-ocorrencias-Bombeiros-Militar-16-01-2026-1.jpg","contentUrl":"https:\/\/ubanews.com\/site\/wp-content\/uploads\/2026\/01\/Sintese-das-ocorrencias-Bombeiros-Militar-16-01-2026-1.jpg","width":1280,"height":960,"caption":"Na noite desta ter\u00e7a-feira, 15 de janeiro de 2026, por volta das 22h34min, militares da 2\u00aa Companhia de Bombeiros de Ub\u00e1 foram acionados via Cobom em ocorr\u00eancia envolvendo um grave inc\u00eandio em um caminh\u00e3o carregado com papel\u00e3o prensado na rodovia MG-353, pr\u00f3ximo a Pira\u00faba."},{"@type":"BreadcrumbList","@id":"https:\/\/ubanews.com\/site\/2026\/01\/17\/sintese-das-ocorrencias-bombeiros-militar-16-01-2026\/#breadcrumb","itemListElement":[{"@type":"ListItem","position":1,"name":"Home","item":"https:\/\/ubanews.com\/site\/"},{"@type":"ListItem","position":2,"name":"Sintese-das-ocorrencias-Bombeiros Militar-16-01-2026"}]},{"@type":"WebSite","@id":"https:\/\/ubanews.com\/site\/#website","url":"https:\/\/ubanews.com\/site\/","name":"Ub\u00e1 News","description":"","publisher":{"@id":"https:\/\/ubanews.com\/site\/#organization"},"potentialAction":[{"@type":"SearchAction","target":{"@type":"EntryPoint","urlTemplate":"https:\/\/ubanews.com\/site\/?s={search_term_string}"},"query-input":{"@type":"PropertyValueSpecification","valueRequired":true,"valueName":"search_term_string"}}],"inLanguage":"pt-BR"},{"@type":"Organization","@id":"https:\/\/ubanews.com\/site\/#organization","name":"Ub\u00e1 News","url":"https:\/\/ubanews.com\/site\/","logo":{"@type":"ImageObject","inLanguage":"pt-BR","@id":"https:\/\/ubanews.com\/site\/#\/schema\/logo\/image\/","url":"https:\/\/ubanews.com\/site\/wp-content\/uploads\/2018\/01\/logoubanews.png","contentUrl":"https:\/\/ubanews.com\/site\/wp-content\/uploads\/2018\/01\/logoubanews.png","width":261,"height":99,"caption":"Ub\u00e1 News"},"image":{"@id":"https:\/\/ubanews.com\/site\/#\/schema\/logo\/image\/"},"sameAs":["https:\/\/www.facebook.com\/Ub\u00e1News-Carlos-Roberto-Sodr\u00e9-418778301977370"]},{"@type":"Person","@id":"https:\/\/ubanews.com\/site\/#\/schema\/person\/9d8da9ec3c8d00640ab6e8c81e103310","name":"Carlos Roberto Sodr\u00e9","image":{"@type":"ImageObject","inLanguage":"pt-BR","@id":"https:\/\/secure.gravatar.com\/avatar\/aab322e8555b56c468614fafdab8a8f924e394cdc6cfd8232f77e9e4d123a133?s=96&d=mm&r=g","url":"https:\/\/secure.gravatar.com\/avatar\/aab322e8555b56c468614fafdab8a8f924e394cdc6cfd8232f77e9e4d123a133?s=96&d=mm&r=g","contentUrl":"https:\/\/secure.gravatar.com\/avatar\/aab322e8555b56c468614fafdab8a8f924e394cdc6cfd8232f77e9e4d123a133?s=96&d=mm&r=g","caption":"Carlos Roberto Sodr\u00e9"},"url":"https:\/\/ubanews.com\/site\/author\/sodre\/"}]}},"_links":{"self":[{"href":"https:\/\/ubanews.com\/site\/wp-json\/wp\/v2\/posts\/23735","targetHints":{"allow":["GET"]}}],"collection":[{"href":"https:\/\/ubanews.com\/site\/wp-json\/wp\/v2\/posts"}],"about":[{"href":"https:\/\/ubanews.com\/site\/wp-json\/wp\/v2\/types\/post"}],"author":[{"embeddable":true,"href":"https:\/\/ubanews.com\/site\/wp-json\/wp\/v2\/users\/4"}],"replies":[{"embeddable":true,"href":"https:\/\/ubanews.com\/site\/wp-json\/wp\/v2\/comments?post=23735"}],"version-history":[{"count":0,"href":"https:\/\/ubanews.com\/site\/wp-json\/wp\/v2\/posts\/23735\/revisions"}],"wp:featuredmedia":[{"embeddable":true,"href":"https:\/\/ubanews.com\/site\/wp-json\/wp\/v2\/media\/23737"}],"wp:attachment":[{"href":"https:\/\/ubanews.com\/site\/wp-json\/wp\/v2\/media?parent=23735"}],"wp:term":[{"taxonomy":"category","embeddable":true,"href":"https:\/\/ubanews.com\/site\/wp-json\/wp\/v2\/categories?post=23735"},{"taxonomy":"post_tag","embeddable":true,"href":"https:\/\/ubanews.com\/site\/wp-json\/wp\/v2\/tags?post=23735"}],"curies":[{"name":"wp","href":"https:\/\/api.w.org\/{rel}","templated":true}]}}