{"id":23728,"date":"2026-01-17T13:01:13","date_gmt":"2026-01-17T16:01:13","guid":{"rendered":"https:\/\/ubanews.com\/site\/?p=23728"},"modified":"2026-01-17T13:24:23","modified_gmt":"2026-01-17T16:24:23","slug":"carnaval-cidade-carinho-uba-2026-a-percepcao-dos-blocos","status":"publish","type":"post","link":"https:\/\/ubanews.com\/site\/2026\/01\/17\/carnaval-cidade-carinho-uba-2026-a-percepcao-dos-blocos\/","title":{"rendered":"Carnaval Cidade Carinho Ub\u00e1 2026: a percep\u00e7\u00e3o dos blocos e as vozes que precisavam ser ouvidas"},"content":{"rendered":"\n<h2 class=\"wp-block-heading\">Carnaval Cidade Carinho Ub\u00e1 2026: a percep\u00e7\u00e3o dos blocos e as vozes que precisavam ser ouvidas<\/h2>\n\n\n\n<p>O Carnaval Cidade Carinho 2026 ganhou novos contornos ap\u00f3s a decis\u00e3o da Prefeitura de Ub\u00e1 de concentrar <strong>100% da programa\u00e7\u00e3o na Avenida do Samba Sebasti\u00e3o Valoz Davi<\/strong>. A mudan\u00e7a provocou uma rea\u00e7\u00e3o imediata entre os blocos tradicionais, e pelo menos cinco deles anunciaram a desist\u00eancia de participar este ano.<\/p>\n\n\n\n<p>Por isso, o rep\u00f3rter <strong>Carlos Roberto Sodr\u00e9<\/strong> decidiu ouvir quem realmente faz o Carnaval acontecer: <strong>os organizadores dos blocos<\/strong>, suas lideran\u00e7as e representantes. As imagens s\u00e3o de <strong>Laisa Sodr\u00e9<\/strong>, e a gera\u00e7\u00e3o e organiza\u00e7\u00e3o de conte\u00fado ficam por conta de <strong>Pedro Henriques, da INDICCA.COM<\/strong>.<\/p>\n\n\n\n<p>Neste registro, voc\u00ea confere <strong>as principais falas, percep\u00e7\u00f5es, cr\u00edticas e expectativas<\/strong> dos envolvidos, com profundidade e clareza para que o p\u00fablico entenda o cen\u00e1rio real do Carnaval de Ub\u00e1 em 2026.<\/p>\n\n\n\n<h2 class=\"wp-block-heading\">A decis\u00e3o que mudou tudo<\/h2>\n\n\n\n<p>Antes de tudo, \u00e9 preciso lembrar que a reuni\u00e3o realizada na Prefeitura no dia <strong>15 de janeiro de 2026<\/strong> tratava de seguran\u00e7a p\u00fablica e log\u00edstica. No encontro, \u00f3rg\u00e3os como Pol\u00edcia Militar, Corpo de Bombeiros, Secretaria de Cultura e representantes dos blocos analisaram riscos, demandas e exig\u00eancias legais.<\/p>\n\n\n\n<p>Por\u00e9m, a defini\u00e7\u00e3o de que todos os desfiles seriam centralizados em um \u00fanico ponto da cidade gerou insatisfa\u00e7\u00e3o.<\/p>\n\n\n\n<p>E Sodr\u00e9 resume o clima com precis\u00e3o:<br><strong>\u201cPelo menos cinco blocos se manifestaram contr\u00e1rios \u00e0 participa\u00e7\u00e3o do Carnaval e desistiram do desfile.\u201d<\/strong><\/p>\n\n\n\n<figure class=\"wp-block-image size-large\"><img decoding=\"async\" width=\"1024\" height=\"572\" data-src=\"https:\/\/ubanews.com\/site\/wp-content\/uploads\/2026\/01\/Carlos-Roberto-Sodre-Fala-Sodre-dando-voz-aos-blocos-de-carnaval-para-debater-sobre-a-Programacao-do-Carmaval-de-Uba-em-2026-v1-1024x572.jpg\" alt=\"Carlos Roberto Sodr\u00e9 - Fala Sodr\u00e9 - dando v\u00f3z aos blocos de carnaval para debater sobre a Programa\u00e7\u00e3o do Carmaval de Ub\u00e1 em 2026\" class=\"wp-image-23732 lazyload\" data-srcset=\"https:\/\/ubanews.com\/site\/wp-content\/uploads\/2026\/01\/Carlos-Roberto-Sodre-Fala-Sodre-dando-voz-aos-blocos-de-carnaval-para-debater-sobre-a-Programacao-do-Carmaval-de-Uba-em-2026-v1-1024x572.jpg 1024w, https:\/\/ubanews.com\/site\/wp-content\/uploads\/2026\/01\/Carlos-Roberto-Sodre-Fala-Sodre-dando-voz-aos-blocos-de-carnaval-para-debater-sobre-a-Programacao-do-Carmaval-de-Uba-em-2026-v1-300x168.jpg 300w, https:\/\/ubanews.com\/site\/wp-content\/uploads\/2026\/01\/Carlos-Roberto-Sodre-Fala-Sodre-dando-voz-aos-blocos-de-carnaval-para-debater-sobre-a-Programacao-do-Carmaval-de-Uba-em-2026-v1-768x429.jpg 768w, https:\/\/ubanews.com\/site\/wp-content\/uploads\/2026\/01\/Carlos-Roberto-Sodre-Fala-Sodre-dando-voz-aos-blocos-de-carnaval-para-debater-sobre-a-Programacao-do-Carmaval-de-Uba-em-2026-v1-360x200.jpg 360w, https:\/\/ubanews.com\/site\/wp-content\/uploads\/2026\/01\/Carlos-Roberto-Sodre-Fala-Sodre-dando-voz-aos-blocos-de-carnaval-para-debater-sobre-a-Programacao-do-Carmaval-de-Uba-em-2026-v1.jpg 1061w\" data-sizes=\"(max-width: 1024px) 100vw, 1024px\" src=\"data:image\/svg+xml;base64,PHN2ZyB3aWR0aD0iMSIgaGVpZ2h0PSIxIiB4bWxucz0iaHR0cDovL3d3dy53My5vcmcvMjAwMC9zdmciPjwvc3ZnPg==\" style=\"--smush-placeholder-width: 1024px; --smush-placeholder-aspect-ratio: 1024\/572;\" \/><\/figure>\n\n\n\n<h2 class=\"wp-block-heading\">Bloco Alvorada: tradi\u00e7\u00e3o que se v\u00ea obrigada a pausar<\/h2>\n\n\n\n<p>Logo no in\u00edcio da entrevista, o representante do <strong>Bloco Alvorada<\/strong> expressa tristeza. Ele afirma:<\/p>\n\n\n\n<p><strong>\u201c\u00c9 com o cora\u00e7\u00e3o partido que estamos dando essa pausa. O bloco completa 30 anos de exist\u00eancia.\u201d<\/strong><\/p>\n\n\n\n<p>O bloco reconhece a import\u00e2ncia da seguran\u00e7a. Mas ressalta que a responsabilidade colocada sobre os presidentes ficou pesada demais.<br>Segundo ele, a centraliza\u00e7\u00e3o imp\u00f4s demandas que, nas palavras do pr\u00f3prio representante, \u201ccolocariam o CPF em risco\u201d, referindo-se ao grau de responsabilidade individual exigida pela nova regulamenta\u00e7\u00e3o.<\/p>\n\n\n\n<p>Mesmo insatisfeitos, garantem presen\u00e7a como foli\u00f5es. Por\u00e9m, sem desfile.<\/p>\n\n\n<div class=\"wp-block-image\">\n<figure class=\"aligncenter size-large\"><img decoding=\"async\" width=\"1024\" height=\"568\" data-src=\"https:\/\/ubanews.com\/site\/wp-content\/uploads\/2026\/01\/Carlos-Roberto-Sodre-Fala-Sodre-dando-voz-aos-blocos-de-carnaval-para-debater-sobre-a-Programacao-do-Carmaval-de-Uba-em-2026-v-1-1024x568.jpg\" alt=\"Carlos Roberto Sodr\u00e9 - Fala Sodr\u00e9 - dando v\u00f3z aos blocos de carnaval para debater sobre a Programa\u00e7\u00e3o do Carmaval de Ub\u00e1 em 2026\" class=\"wp-image-23731 lazyload\" data-srcset=\"https:\/\/ubanews.com\/site\/wp-content\/uploads\/2026\/01\/Carlos-Roberto-Sodre-Fala-Sodre-dando-voz-aos-blocos-de-carnaval-para-debater-sobre-a-Programacao-do-Carmaval-de-Uba-em-2026-v-1-1024x568.jpg 1024w, https:\/\/ubanews.com\/site\/wp-content\/uploads\/2026\/01\/Carlos-Roberto-Sodre-Fala-Sodre-dando-voz-aos-blocos-de-carnaval-para-debater-sobre-a-Programacao-do-Carmaval-de-Uba-em-2026-v-1-300x166.jpg 300w, https:\/\/ubanews.com\/site\/wp-content\/uploads\/2026\/01\/Carlos-Roberto-Sodre-Fala-Sodre-dando-voz-aos-blocos-de-carnaval-para-debater-sobre-a-Programacao-do-Carmaval-de-Uba-em-2026-v-1-768x426.jpg 768w, https:\/\/ubanews.com\/site\/wp-content\/uploads\/2026\/01\/Carlos-Roberto-Sodre-Fala-Sodre-dando-voz-aos-blocos-de-carnaval-para-debater-sobre-a-Programacao-do-Carmaval-de-Uba-em-2026-v-1-360x200.jpg 360w, https:\/\/ubanews.com\/site\/wp-content\/uploads\/2026\/01\/Carlos-Roberto-Sodre-Fala-Sodre-dando-voz-aos-blocos-de-carnaval-para-debater-sobre-a-Programacao-do-Carmaval-de-Uba-em-2026-v-1.jpg 1064w\" data-sizes=\"(max-width: 1024px) 100vw, 1024px\" src=\"data:image\/svg+xml;base64,PHN2ZyB3aWR0aD0iMSIgaGVpZ2h0PSIxIiB4bWxucz0iaHR0cDovL3d3dy53My5vcmcvMjAwMC9zdmciPjwvc3ZnPg==\" style=\"--smush-placeholder-width: 1024px; --smush-placeholder-aspect-ratio: 1024\/568;\" \/><\/figure>\n<\/div>\n\n\n<h2 class=\"wp-block-heading\">Bloco da Liga\u00e7\u00e3o: impacto direto na comunidade<\/h2>\n\n\n\n<p>Em seguida, Sodr\u00e9 escuta o representante da comunidade da Liga\u00e7\u00e3o, respons\u00e1vel pelo bloco local.<br>Ele lamenta profundamente a mudan\u00e7a.<\/p>\n\n\n\n<p><strong>\u201cA gente tira esse bloco para ajudar a igrejinha l\u00e1 da Liga\u00e7\u00e3o\u2026 \u00e9 revertido para a comunidade.\u201d<\/strong><\/p>\n\n\n\n<p>O bloco explica que o Carnaval ali sempre manteve clima familiar e tradicional. E completa:<\/p>\n\n\n\n<p><strong>\u201cLevando para cima, o pessoal n\u00e3o vai aderir. A comunidade n\u00e3o vai acompanhar.\u201d<\/strong><\/p>\n\n\n\n<p>Assim, o bloco n\u00e3o encontrou viabilidade para desfilar em 2026.<\/p>\n\n\n\n<figure class=\"wp-block-image size-large\"><img decoding=\"async\" width=\"1024\" height=\"574\" data-src=\"https:\/\/ubanews.com\/site\/wp-content\/uploads\/2026\/01\/Carlos-Roberto-Sodre-Fala-Sodre-dando-voz-aos-blocos-de-carnaval-para-debater-sobre-a-Programacao-do-Carmaval-de-Uba-em-2026-v2-1024x574.jpg\" alt=\"Carlos Roberto Sodr\u00e9 - Fala Sodr\u00e9 - dando v\u00f3z aos blocos de carnaval para debater sobre a Programa\u00e7\u00e3o do Carmaval de Ub\u00e1 em 2026\" class=\"wp-image-23733 lazyload\" data-srcset=\"https:\/\/ubanews.com\/site\/wp-content\/uploads\/2026\/01\/Carlos-Roberto-Sodre-Fala-Sodre-dando-voz-aos-blocos-de-carnaval-para-debater-sobre-a-Programacao-do-Carmaval-de-Uba-em-2026-v2-1024x574.jpg 1024w, https:\/\/ubanews.com\/site\/wp-content\/uploads\/2026\/01\/Carlos-Roberto-Sodre-Fala-Sodre-dando-voz-aos-blocos-de-carnaval-para-debater-sobre-a-Programacao-do-Carmaval-de-Uba-em-2026-v2-300x168.jpg 300w, https:\/\/ubanews.com\/site\/wp-content\/uploads\/2026\/01\/Carlos-Roberto-Sodre-Fala-Sodre-dando-voz-aos-blocos-de-carnaval-para-debater-sobre-a-Programacao-do-Carmaval-de-Uba-em-2026-v2-768x431.jpg 768w, https:\/\/ubanews.com\/site\/wp-content\/uploads\/2026\/01\/Carlos-Roberto-Sodre-Fala-Sodre-dando-voz-aos-blocos-de-carnaval-para-debater-sobre-a-Programacao-do-Carmaval-de-Uba-em-2026-v2.jpg 1063w\" data-sizes=\"(max-width: 1024px) 100vw, 1024px\" src=\"data:image\/svg+xml;base64,PHN2ZyB3aWR0aD0iMSIgaGVpZ2h0PSIxIiB4bWxucz0iaHR0cDovL3d3dy53My5vcmcvMjAwMC9zdmciPjwvc3ZnPg==\" style=\"--smush-placeholder-width: 1024px; --smush-placeholder-aspect-ratio: 1024\/574;\" \/><\/figure>\n\n\n\n<h2 class=\"wp-block-heading\">Bloco das Piranhas: 54 anos interrompidos<\/h2>\n\n\n\n<p>O depoimento mais contundente vem do tradicional\u00edssimo <strong>Bloco das Piranhas<\/strong>, prestes a completar 54 anos.<\/p>\n\n\n\n<p>Seu representante, visivelmente transtornado, declara:<\/p>\n\n\n\n<p><strong>\u201cDecis\u00e3o \u00fanica e exclusiva pelo local. O bloco nasceu ali e nunca saiu de l\u00e1.\u201d<\/strong><\/p>\n\n\n\n<p>Ele mostra indigna\u00e7\u00e3o com o fato de que, embora autoridades aleguem risco de viol\u00eancia, o bloco desfilou em 2025 <strong>sem uma \u00fanica confus\u00e3o<\/strong>.<\/p>\n\n\n\n<p><strong>\u201cO tenente Rivero nos chamou no final do bloco para nos parabenizar, dizendo que n\u00e3o precisaram usar for\u00e7a nenhuma.\u201d<\/strong><\/p>\n\n\n\n<p>Para os organizadores, a mudan\u00e7a repentina e a falta de tempo para di\u00e1logo tornaram tudo mais dif\u00edcil:<\/p>\n\n\n\n<p><strong>\u201cCarnaval n\u00e3o se organiza com 15 dias.\u201d<\/strong><\/p>\n\n\n\n<p>A decis\u00e3o, portanto, foi irrevog\u00e1vel.<br>E o representante desabafa:<\/p>\n\n\n\n<p><strong>\u201cComo presidente, me sinto manchado. O bloco nunca ficou de fora, s\u00f3 na pandemia.\u201d<\/strong><\/p>\n\n\n\n<h2 class=\"wp-block-heading\">As autoridades explicam o motivo da mudan\u00e7a<\/h2>\n\n\n\n<p>Ap\u00f3s ouvir os blocos, Sodr\u00e9 vira o microfone para as autoridades.<br>E o cen\u00e1rio muda de tom.<\/p>\n\n\n<div class=\"wp-block-image\">\n<figure class=\"aligncenter size-full\"><img decoding=\"async\" width=\"617\" height=\"244\" data-src=\"https:\/\/ubanews.com\/site\/wp-content\/uploads\/2026\/01\/Carlos-Roberto-Sodre-Fala-Sodre-dando-voz-aos-blocos-de-carnaval-para-debater-sobre-a-Programacao-do-Carmaval-de-Uba-em-2026-C.jpg\" alt=\"Carlos Roberto Sodr\u00e9 - Fala Sodr\u00e9 - dando v\u00f3z aos blocos de carnaval para debater sobre a Programa\u00e7\u00e3o do Carmaval de Ub\u00e1 em 2026\" class=\"wp-image-23734 lazyload\" data-srcset=\"https:\/\/ubanews.com\/site\/wp-content\/uploads\/2026\/01\/Carlos-Roberto-Sodre-Fala-Sodre-dando-voz-aos-blocos-de-carnaval-para-debater-sobre-a-Programacao-do-Carmaval-de-Uba-em-2026-C.jpg 617w, https:\/\/ubanews.com\/site\/wp-content\/uploads\/2026\/01\/Carlos-Roberto-Sodre-Fala-Sodre-dando-voz-aos-blocos-de-carnaval-para-debater-sobre-a-Programacao-do-Carmaval-de-Uba-em-2026-C-300x119.jpg 300w\" data-sizes=\"(max-width: 617px) 100vw, 617px\" src=\"data:image\/svg+xml;base64,PHN2ZyB3aWR0aD0iMSIgaGVpZ2h0PSIxIiB4bWxucz0iaHR0cDovL3d3dy53My5vcmcvMjAwMC9zdmciPjwvc3ZnPg==\" style=\"--smush-placeholder-width: 617px; --smush-placeholder-aspect-ratio: 617\/244;\" \/><\/figure>\n<\/div>\n\n\n<h3 class=\"wp-block-heading\">Corpo de Bombeiros<\/h3>\n\n\n\n<p>O representante destaca:<\/p>\n\n\n\n<p><strong>\u201cA decis\u00e3o mais segura para o munic\u00edpio \u00e9 concentrar toda a festa na mesma \u00e1rea.\u201d<\/strong><\/p>\n\n\n\n<p>Ele afirma que a criminalidade mudou, que as estrat\u00e9gias precisam acompanhar a realidade e que riscos como explos\u00f5es, p\u00e2nico e esmagamento n\u00e3o podem ser ignorados.<\/p>\n\n\n\n<h3 class=\"wp-block-heading\">Pol\u00edcia Militar<\/h3>\n\n\n\n<p>O tenente Rodrigues refor\u00e7a:<\/p>\n\n\n\n<p><strong>\u201cA seguran\u00e7a da popula\u00e7\u00e3o est\u00e1 em primeiro lugar.\u201d<\/strong><\/p>\n\n\n\n<p>E, al\u00e9m disso, revela algo chocante:<br><strong>\u201cEm 2025, apreendemos oito granadas usadas em guerra.\u201d<\/strong><\/p>\n\n\n\n<p>Segundo ele, havia den\u00fancias de poss\u00edvel uso desses explosivos inclusive no ambiente do Carnaval.<br>Por isso, a PM acredita que a Avenida do Samba permite mais controle, mais barreiras, mais c\u00e2meras e, portanto, mais seguran\u00e7a.<\/p>\n\n\n<div class=\"wp-block-image\">\n<figure class=\"aligncenter size-large\"><img decoding=\"async\" width=\"1024\" height=\"564\" data-src=\"https:\/\/ubanews.com\/site\/wp-content\/uploads\/2026\/01\/Carlos-Roberto-Sodre-Fala-Sodre-dando-voz-aos-blocos-de-carnaval-para-debater-sobre-a-Programacao-do-Carmaval-de-Uba-em-2026-v3-1024x564.jpg\" alt=\"Carlos Roberto Sodr\u00e9 - Fala Sodr\u00e9 - dando v\u00f3z aos blocos de carnaval para debater sobre a Programa\u00e7\u00e3o do Carmaval de Ub\u00e1 em 2026\n\" class=\"wp-image-23729 lazyload\" data-srcset=\"https:\/\/ubanews.com\/site\/wp-content\/uploads\/2026\/01\/Carlos-Roberto-Sodre-Fala-Sodre-dando-voz-aos-blocos-de-carnaval-para-debater-sobre-a-Programacao-do-Carmaval-de-Uba-em-2026-v3-1024x564.jpg 1024w, https:\/\/ubanews.com\/site\/wp-content\/uploads\/2026\/01\/Carlos-Roberto-Sodre-Fala-Sodre-dando-voz-aos-blocos-de-carnaval-para-debater-sobre-a-Programacao-do-Carmaval-de-Uba-em-2026-v3-300x165.jpg 300w, https:\/\/ubanews.com\/site\/wp-content\/uploads\/2026\/01\/Carlos-Roberto-Sodre-Fala-Sodre-dando-voz-aos-blocos-de-carnaval-para-debater-sobre-a-Programacao-do-Carmaval-de-Uba-em-2026-v3-768x423.jpg 768w, https:\/\/ubanews.com\/site\/wp-content\/uploads\/2026\/01\/Carlos-Roberto-Sodre-Fala-Sodre-dando-voz-aos-blocos-de-carnaval-para-debater-sobre-a-Programacao-do-Carmaval-de-Uba-em-2026-v3-600x330.jpg 600w, https:\/\/ubanews.com\/site\/wp-content\/uploads\/2026\/01\/Carlos-Roberto-Sodre-Fala-Sodre-dando-voz-aos-blocos-de-carnaval-para-debater-sobre-a-Programacao-do-Carmaval-de-Uba-em-2026-v3.jpg 1071w\" data-sizes=\"(max-width: 1024px) 100vw, 1024px\" src=\"data:image\/svg+xml;base64,PHN2ZyB3aWR0aD0iMSIgaGVpZ2h0PSIxIiB4bWxucz0iaHR0cDovL3d3dy53My5vcmcvMjAwMC9zdmciPjwvc3ZnPg==\" style=\"--smush-placeholder-width: 1024px; --smush-placeholder-aspect-ratio: 1024\/564;\" \/><\/figure>\n<\/div>\n\n\n<h2 class=\"wp-block-heading\">A AESBU e a vis\u00e3o organizacional<\/h2>\n\n\n\n<p>O presidente da AESBU, Cl\u00e1udio C\u00e9sar, reconhece a frustra\u00e7\u00e3o dos blocos, mas lembra que essa mudan\u00e7a vem sendo debatida h\u00e1 quatro anos. E refor\u00e7a:<\/p>\n\n\n\n<p><strong>\u201cO importante \u00e9 fazer um Carnaval para o povo e para a fam\u00edlia, com seguran\u00e7a e estrutura.\u201d<\/strong><\/p>\n\n\n\n<p>Al\u00e9m disso, anuncia a presen\u00e7a de bandas ap\u00f3s os desfiles \u2014 algo ausente em anos anteriores.<\/p>\n\n\n\n<h2 class=\"wp-block-heading\">O Carnaval continua, mas o debate tamb\u00e9m<\/h2>\n\n\n\n<p>Mesmo com as desist\u00eancias, autoridades, organizadores e a pr\u00f3pria popula\u00e7\u00e3o seguem envolvidos na miss\u00e3o de fazer do Carnaval 2026 um evento seguro, acolhedor e alegre.<\/p>\n\n\n\n<p>Por\u00e9m, a fala dos blocos deixa um recado claro:<br><strong>o di\u00e1logo precisa come\u00e7ar mais cedo<\/strong>.<\/p>\n\n\n\n<p>Sodr\u00e9 conclui sua cobertura destacando que ouvir os blocos era fundamental.<br>E este registro, com imagens de <strong>Laisa Sodr\u00e9<\/strong> e conte\u00fado organizado por <strong>Pedro Henriques \u2013 INDICCA.COM<\/strong>, cumpre exatamente esse papel: <strong>dar voz a quem faz a festa acontecer<\/strong>.<\/p>\n\n\n\n<figure class=\"wp-block-embed is-type-video is-provider-youtube wp-block-embed-youtube wp-embed-aspect-16-9 wp-has-aspect-ratio\"><div class=\"wp-block-embed__wrapper\">\n<iframe title=\"Fala Sodr\u00e9: depois da mudan\u00e7a de local dos desfiles, 5 blocos desistiram de participar do carnaval\" width=\"840\" height=\"473\" data-src=\"https:\/\/www.youtube.com\/embed\/9PZyiKlkzuQ?feature=oembed\" frameborder=\"0\" allow=\"accelerometer; autoplay; clipboard-write; encrypted-media; gyroscope; picture-in-picture; web-share\" referrerpolicy=\"strict-origin-when-cross-origin\" allowfullscreen src=\"data:image\/svg+xml;base64,PHN2ZyB3aWR0aD0iMSIgaGVpZ2h0PSIxIiB4bWxucz0iaHR0cDovL3d3dy53My5vcmcvMjAwMC9zdmciPjwvc3ZnPg==\" class=\"lazyload\" data-load-mode=\"1\"><\/iframe>\n<\/div><\/figure>\n\n\n\n<p>&#x1f4da; <strong>Cobertura:<\/strong> Carlos Roberto Sodr\u00e9 <a href=\"https:\/\/wa.me\/553298481334\">WhatsApp<\/a><\/p>\n\n\n\n<p>&#x1f4f8; <strong>Imagens:<\/strong> Laisa Sodr\u00e9 \/ Felipe Oliveira<\/p>\n\n\n\n<p>&#x1f4dd; <strong>Conte\u00fado: <\/strong><a href=\"https:\/\/www.linkedin.com\/in\/pedrohgf\/\">Pedro Henriques<\/a> \u2013 <a href=\"https:\/\/indicca.com.br\/blog\/\">INDICCA.COM<\/a>&nbsp; <a href=\"https:\/\/wa.me\/5532988020057\">WhatsApp<\/a><\/p>\n\n\n\n<p>&#x1f393; <strong>Evento:<\/strong> Carnaval Cidade Carinho Ub\u00e1 2026 a percep\u00e7\u00e3o dos blocos e as vozes que precisavam ser ouvidas<\/p>\n","protected":false},"excerpt":{"rendered":"<p>O rep\u00f3rter Carlos Roberto Sodr\u00e9 ouviu os blocos de Ub\u00e1 ap\u00f3s a decis\u00e3o de centralizar o Carnaval Cidade Carinho 2026 na Avenida do Samba. Pelo menos cinco blocos tradicionais anunciaram desist\u00eancia, alegando perda de tradi\u00e7\u00e3o, impacto comunit\u00e1rio e falta de di\u00e1logo antecipado. Autoridades defenderam a mudan\u00e7a com foco na seguran\u00e7a, citando riscos reais e a\u00e7\u00f5es preventivas. Com imagens de Laisa Sodr\u00e9 e conte\u00fado de Pedro Henriques (INDICCA.COM), o registro mostra a vis\u00e3o dos organizadores e revela os desafios que marcaram a prepara\u00e7\u00e3o do Carnaval deste ano.<\/p>\n","protected":false},"author":4,"featured_media":23730,"comment_status":"open","ping_status":"open","sticky":false,"template":"","format":"standard","meta":{"footnotes":""},"categories":[45,1,3],"tags":[65,166,298,167,299,59,309,295,60],"class_list":["post-23728","post","type-post","status-publish","format-standard","has-post-thumbnail","hentry","category-destaque-principal","category-sem-categoria","category-slide","tag-carlos-roberto-sodre","tag-carnaval","tag-carnaval-2026","tag-carnaval-de-uba","tag-carnaval-de-uba-2026","tag-fala-sodre","tag-programacao-do-carnaval-de-uba-2026","tag-uba-news","tag-ubanews"],"yoast_head":"<!-- This site is optimized with the Yoast SEO plugin v27.2 - https:\/\/yoast.com\/product\/yoast-seo-wordpress\/ -->\n<title>Carnaval Cidade Carinho Ub\u00e1 2026: a percep\u00e7\u00e3o dos blocos e as vozes que precisavam ser ouvidas - Ub\u00e1 News<\/title>\n<meta name=\"description\" content=\"Carnaval Cidade Carinho Ub\u00e1 2026 a percep\u00e7\u00e3o dos blocos e as vozes que precisavam ser ouvidas. 100% da programa\u00e7\u00e3o na Avenida Valoz David\" \/>\n<meta name=\"robots\" content=\"index, follow, max-snippet:-1, max-image-preview:large, max-video-preview:-1\" \/>\n<link rel=\"canonical\" href=\"https:\/\/ubanews.com\/site\/2026\/01\/17\/carnaval-cidade-carinho-uba-2026-a-percepcao-dos-blocos\/\" \/>\n<meta property=\"og:locale\" content=\"pt_BR\" \/>\n<meta property=\"og:type\" content=\"article\" \/>\n<meta property=\"og:title\" content=\"Carnaval Cidade Carinho Ub\u00e1 2026: a percep\u00e7\u00e3o dos blocos e as vozes que precisavam ser ouvidas - Ub\u00e1 News\" \/>\n<meta property=\"og:description\" content=\"Carnaval Cidade Carinho Ub\u00e1 2026 a percep\u00e7\u00e3o dos blocos e as vozes que precisavam ser ouvidas. 100% da programa\u00e7\u00e3o na Avenida Valoz David\" \/>\n<meta property=\"og:url\" content=\"https:\/\/ubanews.com\/site\/2026\/01\/17\/carnaval-cidade-carinho-uba-2026-a-percepcao-dos-blocos\/\" \/>\n<meta property=\"og:site_name\" content=\"Ub\u00e1 News\" \/>\n<meta property=\"article:publisher\" content=\"https:\/\/www.facebook.com\/Ub%c3%a1News-Carlos-Roberto-Sodr%c3%a9-418778301977370\" \/>\n<meta property=\"article:published_time\" content=\"2026-01-17T16:01:13+00:00\" \/>\n<meta property=\"article:modified_time\" content=\"2026-01-17T16:24:23+00:00\" \/>\n<meta property=\"og:image\" content=\"https:\/\/ubanews.com\/site\/wp-content\/uploads\/2026\/01\/Carlos-Roberto-Sodre-Fala-Sodre-dando-voz-aos-blocos-de-carnaval-para-debater-sobre-a-Programacao-do-Carmaval-de-Uba-em-2026-v.jpg\" \/>\n\t<meta property=\"og:image:width\" content=\"1064\" \/>\n\t<meta property=\"og:image:height\" content=\"590\" \/>\n\t<meta property=\"og:image:type\" content=\"image\/jpeg\" \/>\n<meta name=\"author\" content=\"Carlos Roberto Sodr\u00e9\" \/>\n<meta name=\"twitter:card\" content=\"summary_large_image\" \/>\n<meta name=\"twitter:label1\" content=\"Escrito por\" \/>\n\t<meta name=\"twitter:data1\" content=\"Carlos Roberto Sodr\u00e9\" \/>\n\t<meta name=\"twitter:label2\" content=\"Est. tempo de leitura\" \/>\n\t<meta name=\"twitter:data2\" content=\"6 minutos\" \/>\n<script type=\"application\/ld+json\" class=\"yoast-schema-graph\">{\"@context\":\"https:\/\/schema.org\",\"@graph\":[{\"@type\":\"Article\",\"@id\":\"https:\/\/ubanews.com\/site\/2026\/01\/17\/carnaval-cidade-carinho-uba-2026-a-percepcao-dos-blocos\/#article\",\"isPartOf\":{\"@id\":\"https:\/\/ubanews.com\/site\/2026\/01\/17\/carnaval-cidade-carinho-uba-2026-a-percepcao-dos-blocos\/\"},\"author\":{\"name\":\"Carlos Roberto Sodr\u00e9\",\"@id\":\"https:\/\/ubanews.com\/site\/#\/schema\/person\/9d8da9ec3c8d00640ab6e8c81e103310\"},\"headline\":\"Carnaval Cidade Carinho Ub\u00e1 2026: a percep\u00e7\u00e3o dos blocos e as vozes que precisavam ser ouvidas\",\"datePublished\":\"2026-01-17T16:01:13+00:00\",\"dateModified\":\"2026-01-17T16:24:23+00:00\",\"mainEntityOfPage\":{\"@id\":\"https:\/\/ubanews.com\/site\/2026\/01\/17\/carnaval-cidade-carinho-uba-2026-a-percepcao-dos-blocos\/\"},\"wordCount\":977,\"commentCount\":0,\"publisher\":{\"@id\":\"https:\/\/ubanews.com\/site\/#organization\"},\"image\":{\"@id\":\"https:\/\/ubanews.com\/site\/2026\/01\/17\/carnaval-cidade-carinho-uba-2026-a-percepcao-dos-blocos\/#primaryimage\"},\"thumbnailUrl\":\"https:\/\/ubanews.com\/site\/wp-content\/uploads\/2026\/01\/Carlos-Roberto-Sodre-Fala-Sodre-dando-voz-aos-blocos-de-carnaval-para-debater-sobre-a-Programacao-do-Carmaval-de-Uba-em-2026-v.jpg\",\"keywords\":[\"Carlos Roberto Sodr\u00e9\",\"Carnaval\",\"Carnaval 2026\",\"Carnaval de Ub\u00e1\",\"Carnaval de Ub\u00e1 2026\",\"Fala Sodr\u00e9\",\"Programa\u00e7\u00e3o do Carnaval de Ub\u00e1 2026\",\"Uba News\",\"UBANEWS\"],\"articleSection\":[\"DESTAQUE PRINCIPAL\",\"Geral\",\"Slide\"],\"inLanguage\":\"pt-BR\",\"potentialAction\":[{\"@type\":\"CommentAction\",\"name\":\"Comment\",\"target\":[\"https:\/\/ubanews.com\/site\/2026\/01\/17\/carnaval-cidade-carinho-uba-2026-a-percepcao-dos-blocos\/#respond\"]}]},{\"@type\":\"WebPage\",\"@id\":\"https:\/\/ubanews.com\/site\/2026\/01\/17\/carnaval-cidade-carinho-uba-2026-a-percepcao-dos-blocos\/\",\"url\":\"https:\/\/ubanews.com\/site\/2026\/01\/17\/carnaval-cidade-carinho-uba-2026-a-percepcao-dos-blocos\/\",\"name\":\"Carnaval Cidade Carinho Ub\u00e1 2026: a percep\u00e7\u00e3o dos blocos e as vozes que precisavam ser ouvidas - Ub\u00e1 News\",\"isPartOf\":{\"@id\":\"https:\/\/ubanews.com\/site\/#website\"},\"primaryImageOfPage\":{\"@id\":\"https:\/\/ubanews.com\/site\/2026\/01\/17\/carnaval-cidade-carinho-uba-2026-a-percepcao-dos-blocos\/#primaryimage\"},\"image\":{\"@id\":\"https:\/\/ubanews.com\/site\/2026\/01\/17\/carnaval-cidade-carinho-uba-2026-a-percepcao-dos-blocos\/#primaryimage\"},\"thumbnailUrl\":\"https:\/\/ubanews.com\/site\/wp-content\/uploads\/2026\/01\/Carlos-Roberto-Sodre-Fala-Sodre-dando-voz-aos-blocos-de-carnaval-para-debater-sobre-a-Programacao-do-Carmaval-de-Uba-em-2026-v.jpg\",\"datePublished\":\"2026-01-17T16:01:13+00:00\",\"dateModified\":\"2026-01-17T16:24:23+00:00\",\"description\":\"Carnaval Cidade Carinho Ub\u00e1 2026 a percep\u00e7\u00e3o dos blocos e as vozes que precisavam ser ouvidas. 100% da programa\u00e7\u00e3o na Avenida Valoz David\",\"breadcrumb\":{\"@id\":\"https:\/\/ubanews.com\/site\/2026\/01\/17\/carnaval-cidade-carinho-uba-2026-a-percepcao-dos-blocos\/#breadcrumb\"},\"inLanguage\":\"pt-BR\",\"potentialAction\":[{\"@type\":\"ReadAction\",\"target\":[\"https:\/\/ubanews.com\/site\/2026\/01\/17\/carnaval-cidade-carinho-uba-2026-a-percepcao-dos-blocos\/\"]}]},{\"@type\":\"ImageObject\",\"inLanguage\":\"pt-BR\",\"@id\":\"https:\/\/ubanews.com\/site\/2026\/01\/17\/carnaval-cidade-carinho-uba-2026-a-percepcao-dos-blocos\/#primaryimage\",\"url\":\"https:\/\/ubanews.com\/site\/wp-content\/uploads\/2026\/01\/Carlos-Roberto-Sodre-Fala-Sodre-dando-voz-aos-blocos-de-carnaval-para-debater-sobre-a-Programacao-do-Carmaval-de-Uba-em-2026-v.jpg\",\"contentUrl\":\"https:\/\/ubanews.com\/site\/wp-content\/uploads\/2026\/01\/Carlos-Roberto-Sodre-Fala-Sodre-dando-voz-aos-blocos-de-carnaval-para-debater-sobre-a-Programacao-do-Carmaval-de-Uba-em-2026-v.jpg\",\"width\":1064,\"height\":590,\"caption\":\"Carlos Roberto Sodr\u00e9 - Fala Sodr\u00e9 - dando v\u00f3z aos blocos de carnaval para debater sobre a Programa\u00e7\u00e3o do Carmaval de Ub\u00e1 em 2026\"},{\"@type\":\"BreadcrumbList\",\"@id\":\"https:\/\/ubanews.com\/site\/2026\/01\/17\/carnaval-cidade-carinho-uba-2026-a-percepcao-dos-blocos\/#breadcrumb\",\"itemListElement\":[{\"@type\":\"ListItem\",\"position\":1,\"name\":\"Home\",\"item\":\"https:\/\/ubanews.com\/site\/\"},{\"@type\":\"ListItem\",\"position\":2,\"name\":\"Carnaval Cidade Carinho Ub\u00e1 2026: a percep\u00e7\u00e3o dos blocos e as vozes que precisavam ser ouvidas\"}]},{\"@type\":\"WebSite\",\"@id\":\"https:\/\/ubanews.com\/site\/#website\",\"url\":\"https:\/\/ubanews.com\/site\/\",\"name\":\"Ub\u00e1 News\",\"description\":\"\",\"publisher\":{\"@id\":\"https:\/\/ubanews.com\/site\/#organization\"},\"potentialAction\":[{\"@type\":\"SearchAction\",\"target\":{\"@type\":\"EntryPoint\",\"urlTemplate\":\"https:\/\/ubanews.com\/site\/?s={search_term_string}\"},\"query-input\":{\"@type\":\"PropertyValueSpecification\",\"valueRequired\":true,\"valueName\":\"search_term_string\"}}],\"inLanguage\":\"pt-BR\"},{\"@type\":\"Organization\",\"@id\":\"https:\/\/ubanews.com\/site\/#organization\",\"name\":\"Ub\u00e1 News\",\"url\":\"https:\/\/ubanews.com\/site\/\",\"logo\":{\"@type\":\"ImageObject\",\"inLanguage\":\"pt-BR\",\"@id\":\"https:\/\/ubanews.com\/site\/#\/schema\/logo\/image\/\",\"url\":\"https:\/\/ubanews.com\/site\/wp-content\/uploads\/2018\/01\/logoubanews.png\",\"contentUrl\":\"https:\/\/ubanews.com\/site\/wp-content\/uploads\/2018\/01\/logoubanews.png\",\"width\":261,\"height\":99,\"caption\":\"Ub\u00e1 News\"},\"image\":{\"@id\":\"https:\/\/ubanews.com\/site\/#\/schema\/logo\/image\/\"},\"sameAs\":[\"https:\/\/www.facebook.com\/Ub\u00e1News-Carlos-Roberto-Sodr\u00e9-418778301977370\"]},{\"@type\":\"Person\",\"@id\":\"https:\/\/ubanews.com\/site\/#\/schema\/person\/9d8da9ec3c8d00640ab6e8c81e103310\",\"name\":\"Carlos Roberto Sodr\u00e9\",\"image\":{\"@type\":\"ImageObject\",\"inLanguage\":\"pt-BR\",\"@id\":\"https:\/\/secure.gravatar.com\/avatar\/aab322e8555b56c468614fafdab8a8f924e394cdc6cfd8232f77e9e4d123a133?s=96&d=mm&r=g\",\"url\":\"https:\/\/secure.gravatar.com\/avatar\/aab322e8555b56c468614fafdab8a8f924e394cdc6cfd8232f77e9e4d123a133?s=96&d=mm&r=g\",\"contentUrl\":\"https:\/\/secure.gravatar.com\/avatar\/aab322e8555b56c468614fafdab8a8f924e394cdc6cfd8232f77e9e4d123a133?s=96&d=mm&r=g\",\"caption\":\"Carlos Roberto Sodr\u00e9\"},\"url\":\"https:\/\/ubanews.com\/site\/author\/sodre\/\"}]}<\/script>\n<!-- \/ Yoast SEO plugin. -->","yoast_head_json":{"title":"Carnaval Cidade Carinho Ub\u00e1 2026: a percep\u00e7\u00e3o dos blocos e as vozes que precisavam ser ouvidas - Ub\u00e1 News","description":"Carnaval Cidade Carinho Ub\u00e1 2026 a percep\u00e7\u00e3o dos blocos e as vozes que precisavam ser ouvidas. 100% da programa\u00e7\u00e3o na Avenida Valoz David","robots":{"index":"index","follow":"follow","max-snippet":"max-snippet:-1","max-image-preview":"max-image-preview:large","max-video-preview":"max-video-preview:-1"},"canonical":"https:\/\/ubanews.com\/site\/2026\/01\/17\/carnaval-cidade-carinho-uba-2026-a-percepcao-dos-blocos\/","og_locale":"pt_BR","og_type":"article","og_title":"Carnaval Cidade Carinho Ub\u00e1 2026: a percep\u00e7\u00e3o dos blocos e as vozes que precisavam ser ouvidas - Ub\u00e1 News","og_description":"Carnaval Cidade Carinho Ub\u00e1 2026 a percep\u00e7\u00e3o dos blocos e as vozes que precisavam ser ouvidas. 100% da programa\u00e7\u00e3o na Avenida Valoz David","og_url":"https:\/\/ubanews.com\/site\/2026\/01\/17\/carnaval-cidade-carinho-uba-2026-a-percepcao-dos-blocos\/","og_site_name":"Ub\u00e1 News","article_publisher":"https:\/\/www.facebook.com\/Ub%c3%a1News-Carlos-Roberto-Sodr%c3%a9-418778301977370","article_published_time":"2026-01-17T16:01:13+00:00","article_modified_time":"2026-01-17T16:24:23+00:00","og_image":[{"width":1064,"height":590,"url":"https:\/\/ubanews.com\/site\/wp-content\/uploads\/2026\/01\/Carlos-Roberto-Sodre-Fala-Sodre-dando-voz-aos-blocos-de-carnaval-para-debater-sobre-a-Programacao-do-Carmaval-de-Uba-em-2026-v.jpg","type":"image\/jpeg"}],"author":"Carlos Roberto Sodr\u00e9","twitter_card":"summary_large_image","twitter_misc":{"Escrito por":"Carlos Roberto Sodr\u00e9","Est. tempo de leitura":"6 minutos"},"schema":{"@context":"https:\/\/schema.org","@graph":[{"@type":"Article","@id":"https:\/\/ubanews.com\/site\/2026\/01\/17\/carnaval-cidade-carinho-uba-2026-a-percepcao-dos-blocos\/#article","isPartOf":{"@id":"https:\/\/ubanews.com\/site\/2026\/01\/17\/carnaval-cidade-carinho-uba-2026-a-percepcao-dos-blocos\/"},"author":{"name":"Carlos Roberto Sodr\u00e9","@id":"https:\/\/ubanews.com\/site\/#\/schema\/person\/9d8da9ec3c8d00640ab6e8c81e103310"},"headline":"Carnaval Cidade Carinho Ub\u00e1 2026: a percep\u00e7\u00e3o dos blocos e as vozes que precisavam ser ouvidas","datePublished":"2026-01-17T16:01:13+00:00","dateModified":"2026-01-17T16:24:23+00:00","mainEntityOfPage":{"@id":"https:\/\/ubanews.com\/site\/2026\/01\/17\/carnaval-cidade-carinho-uba-2026-a-percepcao-dos-blocos\/"},"wordCount":977,"commentCount":0,"publisher":{"@id":"https:\/\/ubanews.com\/site\/#organization"},"image":{"@id":"https:\/\/ubanews.com\/site\/2026\/01\/17\/carnaval-cidade-carinho-uba-2026-a-percepcao-dos-blocos\/#primaryimage"},"thumbnailUrl":"https:\/\/ubanews.com\/site\/wp-content\/uploads\/2026\/01\/Carlos-Roberto-Sodre-Fala-Sodre-dando-voz-aos-blocos-de-carnaval-para-debater-sobre-a-Programacao-do-Carmaval-de-Uba-em-2026-v.jpg","keywords":["Carlos Roberto Sodr\u00e9","Carnaval","Carnaval 2026","Carnaval de Ub\u00e1","Carnaval de Ub\u00e1 2026","Fala Sodr\u00e9","Programa\u00e7\u00e3o do Carnaval de Ub\u00e1 2026","Uba News","UBANEWS"],"articleSection":["DESTAQUE PRINCIPAL","Geral","Slide"],"inLanguage":"pt-BR","potentialAction":[{"@type":"CommentAction","name":"Comment","target":["https:\/\/ubanews.com\/site\/2026\/01\/17\/carnaval-cidade-carinho-uba-2026-a-percepcao-dos-blocos\/#respond"]}]},{"@type":"WebPage","@id":"https:\/\/ubanews.com\/site\/2026\/01\/17\/carnaval-cidade-carinho-uba-2026-a-percepcao-dos-blocos\/","url":"https:\/\/ubanews.com\/site\/2026\/01\/17\/carnaval-cidade-carinho-uba-2026-a-percepcao-dos-blocos\/","name":"Carnaval Cidade Carinho Ub\u00e1 2026: a percep\u00e7\u00e3o dos blocos e as vozes que precisavam ser ouvidas - Ub\u00e1 News","isPartOf":{"@id":"https:\/\/ubanews.com\/site\/#website"},"primaryImageOfPage":{"@id":"https:\/\/ubanews.com\/site\/2026\/01\/17\/carnaval-cidade-carinho-uba-2026-a-percepcao-dos-blocos\/#primaryimage"},"image":{"@id":"https:\/\/ubanews.com\/site\/2026\/01\/17\/carnaval-cidade-carinho-uba-2026-a-percepcao-dos-blocos\/#primaryimage"},"thumbnailUrl":"https:\/\/ubanews.com\/site\/wp-content\/uploads\/2026\/01\/Carlos-Roberto-Sodre-Fala-Sodre-dando-voz-aos-blocos-de-carnaval-para-debater-sobre-a-Programacao-do-Carmaval-de-Uba-em-2026-v.jpg","datePublished":"2026-01-17T16:01:13+00:00","dateModified":"2026-01-17T16:24:23+00:00","description":"Carnaval Cidade Carinho Ub\u00e1 2026 a percep\u00e7\u00e3o dos blocos e as vozes que precisavam ser ouvidas. 100% da programa\u00e7\u00e3o na Avenida Valoz David","breadcrumb":{"@id":"https:\/\/ubanews.com\/site\/2026\/01\/17\/carnaval-cidade-carinho-uba-2026-a-percepcao-dos-blocos\/#breadcrumb"},"inLanguage":"pt-BR","potentialAction":[{"@type":"ReadAction","target":["https:\/\/ubanews.com\/site\/2026\/01\/17\/carnaval-cidade-carinho-uba-2026-a-percepcao-dos-blocos\/"]}]},{"@type":"ImageObject","inLanguage":"pt-BR","@id":"https:\/\/ubanews.com\/site\/2026\/01\/17\/carnaval-cidade-carinho-uba-2026-a-percepcao-dos-blocos\/#primaryimage","url":"https:\/\/ubanews.com\/site\/wp-content\/uploads\/2026\/01\/Carlos-Roberto-Sodre-Fala-Sodre-dando-voz-aos-blocos-de-carnaval-para-debater-sobre-a-Programacao-do-Carmaval-de-Uba-em-2026-v.jpg","contentUrl":"https:\/\/ubanews.com\/site\/wp-content\/uploads\/2026\/01\/Carlos-Roberto-Sodre-Fala-Sodre-dando-voz-aos-blocos-de-carnaval-para-debater-sobre-a-Programacao-do-Carmaval-de-Uba-em-2026-v.jpg","width":1064,"height":590,"caption":"Carlos Roberto Sodr\u00e9 - Fala Sodr\u00e9 - dando v\u00f3z aos blocos de carnaval para debater sobre a Programa\u00e7\u00e3o do Carmaval de Ub\u00e1 em 2026"},{"@type":"BreadcrumbList","@id":"https:\/\/ubanews.com\/site\/2026\/01\/17\/carnaval-cidade-carinho-uba-2026-a-percepcao-dos-blocos\/#breadcrumb","itemListElement":[{"@type":"ListItem","position":1,"name":"Home","item":"https:\/\/ubanews.com\/site\/"},{"@type":"ListItem","position":2,"name":"Carnaval Cidade Carinho Ub\u00e1 2026: a percep\u00e7\u00e3o dos blocos e as vozes que precisavam ser ouvidas"}]},{"@type":"WebSite","@id":"https:\/\/ubanews.com\/site\/#website","url":"https:\/\/ubanews.com\/site\/","name":"Ub\u00e1 News","description":"","publisher":{"@id":"https:\/\/ubanews.com\/site\/#organization"},"potentialAction":[{"@type":"SearchAction","target":{"@type":"EntryPoint","urlTemplate":"https:\/\/ubanews.com\/site\/?s={search_term_string}"},"query-input":{"@type":"PropertyValueSpecification","valueRequired":true,"valueName":"search_term_string"}}],"inLanguage":"pt-BR"},{"@type":"Organization","@id":"https:\/\/ubanews.com\/site\/#organization","name":"Ub\u00e1 News","url":"https:\/\/ubanews.com\/site\/","logo":{"@type":"ImageObject","inLanguage":"pt-BR","@id":"https:\/\/ubanews.com\/site\/#\/schema\/logo\/image\/","url":"https:\/\/ubanews.com\/site\/wp-content\/uploads\/2018\/01\/logoubanews.png","contentUrl":"https:\/\/ubanews.com\/site\/wp-content\/uploads\/2018\/01\/logoubanews.png","width":261,"height":99,"caption":"Ub\u00e1 News"},"image":{"@id":"https:\/\/ubanews.com\/site\/#\/schema\/logo\/image\/"},"sameAs":["https:\/\/www.facebook.com\/Ub\u00e1News-Carlos-Roberto-Sodr\u00e9-418778301977370"]},{"@type":"Person","@id":"https:\/\/ubanews.com\/site\/#\/schema\/person\/9d8da9ec3c8d00640ab6e8c81e103310","name":"Carlos Roberto Sodr\u00e9","image":{"@type":"ImageObject","inLanguage":"pt-BR","@id":"https:\/\/secure.gravatar.com\/avatar\/aab322e8555b56c468614fafdab8a8f924e394cdc6cfd8232f77e9e4d123a133?s=96&d=mm&r=g","url":"https:\/\/secure.gravatar.com\/avatar\/aab322e8555b56c468614fafdab8a8f924e394cdc6cfd8232f77e9e4d123a133?s=96&d=mm&r=g","contentUrl":"https:\/\/secure.gravatar.com\/avatar\/aab322e8555b56c468614fafdab8a8f924e394cdc6cfd8232f77e9e4d123a133?s=96&d=mm&r=g","caption":"Carlos Roberto Sodr\u00e9"},"url":"https:\/\/ubanews.com\/site\/author\/sodre\/"}]}},"_links":{"self":[{"href":"https:\/\/ubanews.com\/site\/wp-json\/wp\/v2\/posts\/23728","targetHints":{"allow":["GET"]}}],"collection":[{"href":"https:\/\/ubanews.com\/site\/wp-json\/wp\/v2\/posts"}],"about":[{"href":"https:\/\/ubanews.com\/site\/wp-json\/wp\/v2\/types\/post"}],"author":[{"embeddable":true,"href":"https:\/\/ubanews.com\/site\/wp-json\/wp\/v2\/users\/4"}],"replies":[{"embeddable":true,"href":"https:\/\/ubanews.com\/site\/wp-json\/wp\/v2\/comments?post=23728"}],"version-history":[{"count":0,"href":"https:\/\/ubanews.com\/site\/wp-json\/wp\/v2\/posts\/23728\/revisions"}],"wp:featuredmedia":[{"embeddable":true,"href":"https:\/\/ubanews.com\/site\/wp-json\/wp\/v2\/media\/23730"}],"wp:attachment":[{"href":"https:\/\/ubanews.com\/site\/wp-json\/wp\/v2\/media?parent=23728"}],"wp:term":[{"taxonomy":"category","embeddable":true,"href":"https:\/\/ubanews.com\/site\/wp-json\/wp\/v2\/categories?post=23728"},{"taxonomy":"post_tag","embeddable":true,"href":"https:\/\/ubanews.com\/site\/wp-json\/wp\/v2\/tags?post=23728"}],"curies":[{"name":"wp","href":"https:\/\/api.w.org\/{rel}","templated":true}]}}