{"id":23711,"date":"2026-01-15T11:02:23","date_gmt":"2026-01-15T14:02:23","guid":{"rendered":"https:\/\/ubanews.com\/site\/?p=23711"},"modified":"2026-01-15T11:02:34","modified_gmt":"2026-01-15T14:02:34","slug":"sintese-das-ocorrencias-policiais-15-01-2026","status":"publish","type":"post","link":"https:\/\/ubanews.com\/site\/2026\/01\/15\/sintese-das-ocorrencias-policiais-15-01-2026\/","title":{"rendered":"Sintese-das-ocorrencias-policiais-15-01-2026"},"content":{"rendered":"\n<h2 class=\"wp-block-heading\">Sintese-das-ocorrencias-policiais-15-01-2026<\/h2>\n\n\n\n<p><strong>\u00a02026-002003654-001 \u2013 POL\u00cdCIA MILITAR PRENDE AUTOR DE FURTO E RECUPERA MOTOCICLETA FURTADA<\/strong><\/p>\n\n\n\n<p>UB\u00c1 \u2013 Rua Jos\u00e9 Moreira Mendes, Jardim Primavera 12H39MIN<\/p>\n\n\n\n<p>A Pol\u00edcia Militar foi acionada \u00e0s 12h39min, por uma v\u00edtima informando que, ao deixar sua motocicleta Honda CG 160, cor branca, estacionada no bairro Primavera, em Ub\u00e1, enquanto realizava a entrega de um botij\u00e3o de g\u00e1s, um indiv\u00edduo se apossou da mesma, evadindo em seguida rumo \u00e0 Visconde do Rio Branco.<\/p>\n\n\n\n<p>Imediatamente as equipes policiais do munic\u00edpio de Visconde do Rio Branco, realizaram o cerco e bloqueio. Ao perceber a presen\u00e7a policial, o autor tentou evadir, contudo, perdeu o controle da motocicleta e caiu ao solo, correndo em dire\u00e7\u00e3o \u00e0 rodovia. Contudo, as equipes policiais lograram \u00eaxito em alcan\u00e7\u00e1-lo e efetuar a abordagem.<\/p>\n\n\n\n<p>Ap\u00f3s consulta ao Sistema Informatizado, constatou-se haver um mandado de pris\u00e3o em seu desfavor. O autor, de 28 anos, foi preso e encaminhado \u00e0 Delegacia de Pol\u00edcia, enquanto a motocicleta, foi removida para o P\u00e1tio Credenciado, para posterior devolu\u00e7\u00e3o ao propriet\u00e1rio.<\/p>\n\n\n\n<p><strong>2026-002114140-001 \u2013 POL\u00cdCIA MILITAR PRENDE AUTOR DE TR\u00c1FICO NO BAIRRO DEPUTADO JOS\u00c9 PIRES DA LUZ<\/strong><\/p>\n\n\n\n<p>UB\u00c1 &#8211; Rua Prefeito Adolfo Nicolato, Deputado Jos\u00e9 Pires da Luz 00H27MIN<\/p>\n\n\n<div class=\"wp-block-image\">\n<figure class=\"aligncenter size-full\"><img decoding=\"async\" width=\"639\" height=\"751\" data-src=\"https:\/\/ubanews.com\/site\/wp-content\/uploads\/2026\/01\/Fala-Sodre-Sintese-das-Ocorrencias-Policiais.jpg\" alt=\"\" class=\"wp-image-23713 lazyload\" data-srcset=\"https:\/\/ubanews.com\/site\/wp-content\/uploads\/2026\/01\/Fala-Sodre-Sintese-das-Ocorrencias-Policiais.jpg 639w, https:\/\/ubanews.com\/site\/wp-content\/uploads\/2026\/01\/Fala-Sodre-Sintese-das-Ocorrencias-Policiais-255x300.jpg 255w\" data-sizes=\"(max-width: 639px) 100vw, 639px\" src=\"data:image\/svg+xml;base64,PHN2ZyB3aWR0aD0iMSIgaGVpZ2h0PSIxIiB4bWxucz0iaHR0cDovL3d3dy53My5vcmcvMjAwMC9zdmciPjwvc3ZnPg==\" style=\"--smush-placeholder-width: 639px; --smush-placeholder-aspect-ratio: 639\/751;\" \/><\/figure>\n<\/div>\n\n\n<p>Durante patrulhamento apelo bairro Deputado Jos\u00e9 Pires da Luz, a Pol\u00edcia Militar visualizou, na Rua Prefeito Adolfo Nicolato, dois indiv\u00edduos em atitude suspeita. Ao Perceberem a presen\u00e7a policial, um deles evadiu, tomando rumo ignorado, o outro indiv\u00edduo, contudo, foi alcan\u00e7ado e abordado.<\/p>\n\n\n\n<p>Ap\u00f3s busca pessoal, foram localizados consigo 08 pinos de subst\u00e2ncia semelhante \u00e0 coca\u00edna, 04 buchas de subst\u00e2ncia an\u00e1loga \u00e0 maconha, certa quantia em moeda corrente e 01 aparelho de telefone celular iPhone.<\/p>\n\n\n\n<p>Foi observado ainda um objeto pl\u00e1stico na cintura, simulando ser uma arma de fogo, contudo, ap\u00f3s apreendido, verificou-se que o objeto n\u00e3o possu\u00eda caracter\u00edsticas de arma de fogo real.<\/p>\n\n\n\n<p>&nbsp;Diante dos fatos, o autor, um homem de 20 anos, foi preso e encaminhado \u00e0 Delegacia de Pol\u00edcia, juntamente ao material apreendido.<\/p>\n\n\n\n<p><strong>2026-002113684-001 \u2013 POL\u00cdCIA MILITAR PRENDE AUTOR DE TR\u00c1FICO DE DROGAS<\/strong><\/p>\n\n\n\n<p>VISCONDE DO RIO BRANCO &#8211; Rua Jo\u00e3o Vieira, Alto da Boa Vista  00H13MIN<\/p>\n\n\n\n<figure class=\"wp-block-image size-full\"><img decoding=\"async\" width=\"639\" height=\"759\" data-src=\"https:\/\/ubanews.com\/site\/wp-content\/uploads\/2026\/01\/Fala-Sodre-Sintese-das-Ocorrencias-Policiais-1.jpg\" alt=\"\" class=\"wp-image-23714 lazyload\" data-srcset=\"https:\/\/ubanews.com\/site\/wp-content\/uploads\/2026\/01\/Fala-Sodre-Sintese-das-Ocorrencias-Policiais-1.jpg 639w, https:\/\/ubanews.com\/site\/wp-content\/uploads\/2026\/01\/Fala-Sodre-Sintese-das-Ocorrencias-Policiais-1-253x300.jpg 253w\" data-sizes=\"(max-width: 639px) 100vw, 639px\" src=\"data:image\/svg+xml;base64,PHN2ZyB3aWR0aD0iMSIgaGVpZ2h0PSIxIiB4bWxucz0iaHR0cDovL3d3dy53My5vcmcvMjAwMC9zdmciPjwvc3ZnPg==\" style=\"--smush-placeholder-width: 639px; --smush-placeholder-aspect-ratio: 639\/759;\" \/><\/figure>\n\n\n\n<p>Durante patrulhamento pela cidade de Visconde do Rio Branco, a Pol\u00edcia Militar recebeu den\u00fancia an\u00f4nima informando sobre tr\u00e1fico de drogas em im\u00f3vel abandonado na Rua Jo\u00e3o Vieira.<\/p>\n\n\n\n<p>Imediatamente as equipes se direcionaram ao local, onde flagraram a entrega de entorpecentes por escotilha do port\u00e3o. Ao perceber a presen\u00e7a policial, o indiv\u00edduo que havia pegado o material, evadiu.<\/p>\n\n\n\n<p>O autor tentou evadir-se pelos fundos, sendo, contudo, alcan\u00e7ado e abordado. Ap\u00f3s buscas foram apreendidas 21 buchas de subst\u00e2ncia semelhante \u00e0 maconha, 33 pinos de subst\u00e2ncia an\u00e1loga \u00e0 coca\u00edna e 4 pedras de subst\u00e2ncia aparentando ser crack. Tamb\u00e9m foram apreendidos materiais comumente utilizados para acondicionamento de drogas, 01 balan\u00e7a de precis\u00e3o, certa quantia em moeda corrente e um aparelho de telefone celular. O autor, um homem de 24 anos, assumiu a propriedade das drogas e a pr\u00e1tica do tr\u00e1fico de drogas, sendo, portanto, preso e encaminhado \u00e0 Delegacia de Pol\u00edcia Judici\u00e1ria, juntamente ao material apreendido.<\/p>\n","protected":false},"excerpt":{"rendered":"<p>Sintese-das-ocorrencias-policiais-15-01-2026 \u00a02026-002003654-001 \u2013 POL\u00cdCIA MILITAR PRENDE AUTOR DE FURTO E<\/p>\n","protected":false},"author":4,"featured_media":23714,"comment_status":"open","ping_status":"open","sticky":false,"template":"","format":"standard","meta":{"footnotes":""},"categories":[13],"tags":[59,222],"class_list":["post-23711","post","type-post","status-publish","format-standard","has-post-thumbnail","hentry","category-sintese-das-ocorrencias","tag-fala-sodre","tag-ocorrencia-policial"],"yoast_head":"<!-- This site is optimized with the Yoast SEO plugin v27.2 - https:\/\/yoast.com\/product\/yoast-seo-wordpress\/ -->\n<title>Sintese-das-ocorrencias-policiais-15-01-2026 - Ub\u00e1 News<\/title>\n<meta name=\"description\" content=\"Sintese-das-ocorrencias-policiais-15-01-2026\" \/>\n<meta name=\"robots\" content=\"index, follow, max-snippet:-1, max-image-preview:large, max-video-preview:-1\" \/>\n<link rel=\"canonical\" href=\"https:\/\/ubanews.com\/site\/2026\/01\/15\/sintese-das-ocorrencias-policiais-15-01-2026\/\" \/>\n<meta property=\"og:locale\" content=\"pt_BR\" \/>\n<meta property=\"og:type\" content=\"article\" \/>\n<meta property=\"og:title\" content=\"Sintese-das-ocorrencias-policiais-15-01-2026 - Ub\u00e1 News\" \/>\n<meta property=\"og:description\" content=\"Sintese-das-ocorrencias-policiais-15-01-2026\" \/>\n<meta property=\"og:url\" content=\"https:\/\/ubanews.com\/site\/2026\/01\/15\/sintese-das-ocorrencias-policiais-15-01-2026\/\" \/>\n<meta property=\"og:site_name\" content=\"Ub\u00e1 News\" \/>\n<meta property=\"article:publisher\" content=\"https:\/\/www.facebook.com\/Ub%c3%a1News-Carlos-Roberto-Sodr%c3%a9-418778301977370\" \/>\n<meta property=\"article:published_time\" content=\"2026-01-15T14:02:23+00:00\" \/>\n<meta property=\"article:modified_time\" content=\"2026-01-15T14:02:34+00:00\" \/>\n<meta property=\"og:image\" content=\"https:\/\/ubanews.com\/site\/wp-content\/uploads\/2026\/01\/Fala-Sodre-Sintese-das-Ocorrencias-Policiais-1.jpg\" \/>\n\t<meta property=\"og:image:width\" content=\"639\" \/>\n\t<meta property=\"og:image:height\" content=\"759\" \/>\n\t<meta property=\"og:image:type\" content=\"image\/jpeg\" \/>\n<meta name=\"author\" content=\"Carlos Roberto Sodr\u00e9\" \/>\n<meta name=\"twitter:card\" content=\"summary_large_image\" \/>\n<meta name=\"twitter:label1\" content=\"Escrito por\" \/>\n\t<meta name=\"twitter:data1\" content=\"Carlos Roberto Sodr\u00e9\" \/>\n\t<meta name=\"twitter:label2\" content=\"Est. tempo de leitura\" \/>\n\t<meta name=\"twitter:data2\" content=\"4 minutos\" \/>\n<script type=\"application\/ld+json\" class=\"yoast-schema-graph\">{\"@context\":\"https:\/\/schema.org\",\"@graph\":[{\"@type\":\"Article\",\"@id\":\"https:\/\/ubanews.com\/site\/2026\/01\/15\/sintese-das-ocorrencias-policiais-15-01-2026\/#article\",\"isPartOf\":{\"@id\":\"https:\/\/ubanews.com\/site\/2026\/01\/15\/sintese-das-ocorrencias-policiais-15-01-2026\/\"},\"author\":{\"name\":\"Carlos Roberto Sodr\u00e9\",\"@id\":\"https:\/\/ubanews.com\/site\/#\/schema\/person\/9d8da9ec3c8d00640ab6e8c81e103310\"},\"headline\":\"Sintese-das-ocorrencias-policiais-15-01-2026\",\"datePublished\":\"2026-01-15T14:02:23+00:00\",\"dateModified\":\"2026-01-15T14:02:34+00:00\",\"mainEntityOfPage\":{\"@id\":\"https:\/\/ubanews.com\/site\/2026\/01\/15\/sintese-das-ocorrencias-policiais-15-01-2026\/\"},\"wordCount\":542,\"commentCount\":0,\"publisher\":{\"@id\":\"https:\/\/ubanews.com\/site\/#organization\"},\"image\":{\"@id\":\"https:\/\/ubanews.com\/site\/2026\/01\/15\/sintese-das-ocorrencias-policiais-15-01-2026\/#primaryimage\"},\"thumbnailUrl\":\"https:\/\/ubanews.com\/site\/wp-content\/uploads\/2026\/01\/Fala-Sodre-Sintese-das-Ocorrencias-Policiais-1.jpg\",\"keywords\":[\"Fala Sodr\u00e9\",\"Ocorr\u00eancia Policial\"],\"articleSection\":[\"S\u00edntese das Ocorr\u00eancias\"],\"inLanguage\":\"pt-BR\",\"potentialAction\":[{\"@type\":\"CommentAction\",\"name\":\"Comment\",\"target\":[\"https:\/\/ubanews.com\/site\/2026\/01\/15\/sintese-das-ocorrencias-policiais-15-01-2026\/#respond\"]}]},{\"@type\":\"WebPage\",\"@id\":\"https:\/\/ubanews.com\/site\/2026\/01\/15\/sintese-das-ocorrencias-policiais-15-01-2026\/\",\"url\":\"https:\/\/ubanews.com\/site\/2026\/01\/15\/sintese-das-ocorrencias-policiais-15-01-2026\/\",\"name\":\"Sintese-das-ocorrencias-policiais-15-01-2026 - Ub\u00e1 News\",\"isPartOf\":{\"@id\":\"https:\/\/ubanews.com\/site\/#website\"},\"primaryImageOfPage\":{\"@id\":\"https:\/\/ubanews.com\/site\/2026\/01\/15\/sintese-das-ocorrencias-policiais-15-01-2026\/#primaryimage\"},\"image\":{\"@id\":\"https:\/\/ubanews.com\/site\/2026\/01\/15\/sintese-das-ocorrencias-policiais-15-01-2026\/#primaryimage\"},\"thumbnailUrl\":\"https:\/\/ubanews.com\/site\/wp-content\/uploads\/2026\/01\/Fala-Sodre-Sintese-das-Ocorrencias-Policiais-1.jpg\",\"datePublished\":\"2026-01-15T14:02:23+00:00\",\"dateModified\":\"2026-01-15T14:02:34+00:00\",\"description\":\"Sintese-das-ocorrencias-policiais-15-01-2026\",\"breadcrumb\":{\"@id\":\"https:\/\/ubanews.com\/site\/2026\/01\/15\/sintese-das-ocorrencias-policiais-15-01-2026\/#breadcrumb\"},\"inLanguage\":\"pt-BR\",\"potentialAction\":[{\"@type\":\"ReadAction\",\"target\":[\"https:\/\/ubanews.com\/site\/2026\/01\/15\/sintese-das-ocorrencias-policiais-15-01-2026\/\"]}]},{\"@type\":\"ImageObject\",\"inLanguage\":\"pt-BR\",\"@id\":\"https:\/\/ubanews.com\/site\/2026\/01\/15\/sintese-das-ocorrencias-policiais-15-01-2026\/#primaryimage\",\"url\":\"https:\/\/ubanews.com\/site\/wp-content\/uploads\/2026\/01\/Fala-Sodre-Sintese-das-Ocorrencias-Policiais-1.jpg\",\"contentUrl\":\"https:\/\/ubanews.com\/site\/wp-content\/uploads\/2026\/01\/Fala-Sodre-Sintese-das-Ocorrencias-Policiais-1.jpg\",\"width\":639,\"height\":759},{\"@type\":\"BreadcrumbList\",\"@id\":\"https:\/\/ubanews.com\/site\/2026\/01\/15\/sintese-das-ocorrencias-policiais-15-01-2026\/#breadcrumb\",\"itemListElement\":[{\"@type\":\"ListItem\",\"position\":1,\"name\":\"Home\",\"item\":\"https:\/\/ubanews.com\/site\/\"},{\"@type\":\"ListItem\",\"position\":2,\"name\":\"Sintese-das-ocorrencias-policiais-15-01-2026\"}]},{\"@type\":\"WebSite\",\"@id\":\"https:\/\/ubanews.com\/site\/#website\",\"url\":\"https:\/\/ubanews.com\/site\/\",\"name\":\"Ub\u00e1 News\",\"description\":\"\",\"publisher\":{\"@id\":\"https:\/\/ubanews.com\/site\/#organization\"},\"potentialAction\":[{\"@type\":\"SearchAction\",\"target\":{\"@type\":\"EntryPoint\",\"urlTemplate\":\"https:\/\/ubanews.com\/site\/?s={search_term_string}\"},\"query-input\":{\"@type\":\"PropertyValueSpecification\",\"valueRequired\":true,\"valueName\":\"search_term_string\"}}],\"inLanguage\":\"pt-BR\"},{\"@type\":\"Organization\",\"@id\":\"https:\/\/ubanews.com\/site\/#organization\",\"name\":\"Ub\u00e1 News\",\"url\":\"https:\/\/ubanews.com\/site\/\",\"logo\":{\"@type\":\"ImageObject\",\"inLanguage\":\"pt-BR\",\"@id\":\"https:\/\/ubanews.com\/site\/#\/schema\/logo\/image\/\",\"url\":\"https:\/\/ubanews.com\/site\/wp-content\/uploads\/2018\/01\/logoubanews.png\",\"contentUrl\":\"https:\/\/ubanews.com\/site\/wp-content\/uploads\/2018\/01\/logoubanews.png\",\"width\":261,\"height\":99,\"caption\":\"Ub\u00e1 News\"},\"image\":{\"@id\":\"https:\/\/ubanews.com\/site\/#\/schema\/logo\/image\/\"},\"sameAs\":[\"https:\/\/www.facebook.com\/Ub\u00e1News-Carlos-Roberto-Sodr\u00e9-418778301977370\"]},{\"@type\":\"Person\",\"@id\":\"https:\/\/ubanews.com\/site\/#\/schema\/person\/9d8da9ec3c8d00640ab6e8c81e103310\",\"name\":\"Carlos Roberto Sodr\u00e9\",\"image\":{\"@type\":\"ImageObject\",\"inLanguage\":\"pt-BR\",\"@id\":\"https:\/\/secure.gravatar.com\/avatar\/aab322e8555b56c468614fafdab8a8f924e394cdc6cfd8232f77e9e4d123a133?s=96&d=mm&r=g\",\"url\":\"https:\/\/secure.gravatar.com\/avatar\/aab322e8555b56c468614fafdab8a8f924e394cdc6cfd8232f77e9e4d123a133?s=96&d=mm&r=g\",\"contentUrl\":\"https:\/\/secure.gravatar.com\/avatar\/aab322e8555b56c468614fafdab8a8f924e394cdc6cfd8232f77e9e4d123a133?s=96&d=mm&r=g\",\"caption\":\"Carlos Roberto Sodr\u00e9\"},\"url\":\"https:\/\/ubanews.com\/site\/author\/sodre\/\"}]}<\/script>\n<!-- \/ Yoast SEO plugin. -->","yoast_head_json":{"title":"Sintese-das-ocorrencias-policiais-15-01-2026 - Ub\u00e1 News","description":"Sintese-das-ocorrencias-policiais-15-01-2026","robots":{"index":"index","follow":"follow","max-snippet":"max-snippet:-1","max-image-preview":"max-image-preview:large","max-video-preview":"max-video-preview:-1"},"canonical":"https:\/\/ubanews.com\/site\/2026\/01\/15\/sintese-das-ocorrencias-policiais-15-01-2026\/","og_locale":"pt_BR","og_type":"article","og_title":"Sintese-das-ocorrencias-policiais-15-01-2026 - Ub\u00e1 News","og_description":"Sintese-das-ocorrencias-policiais-15-01-2026","og_url":"https:\/\/ubanews.com\/site\/2026\/01\/15\/sintese-das-ocorrencias-policiais-15-01-2026\/","og_site_name":"Ub\u00e1 News","article_publisher":"https:\/\/www.facebook.com\/Ub%c3%a1News-Carlos-Roberto-Sodr%c3%a9-418778301977370","article_published_time":"2026-01-15T14:02:23+00:00","article_modified_time":"2026-01-15T14:02:34+00:00","og_image":[{"width":639,"height":759,"url":"https:\/\/ubanews.com\/site\/wp-content\/uploads\/2026\/01\/Fala-Sodre-Sintese-das-Ocorrencias-Policiais-1.jpg","type":"image\/jpeg"}],"author":"Carlos Roberto Sodr\u00e9","twitter_card":"summary_large_image","twitter_misc":{"Escrito por":"Carlos Roberto Sodr\u00e9","Est. tempo de leitura":"4 minutos"},"schema":{"@context":"https:\/\/schema.org","@graph":[{"@type":"Article","@id":"https:\/\/ubanews.com\/site\/2026\/01\/15\/sintese-das-ocorrencias-policiais-15-01-2026\/#article","isPartOf":{"@id":"https:\/\/ubanews.com\/site\/2026\/01\/15\/sintese-das-ocorrencias-policiais-15-01-2026\/"},"author":{"name":"Carlos Roberto Sodr\u00e9","@id":"https:\/\/ubanews.com\/site\/#\/schema\/person\/9d8da9ec3c8d00640ab6e8c81e103310"},"headline":"Sintese-das-ocorrencias-policiais-15-01-2026","datePublished":"2026-01-15T14:02:23+00:00","dateModified":"2026-01-15T14:02:34+00:00","mainEntityOfPage":{"@id":"https:\/\/ubanews.com\/site\/2026\/01\/15\/sintese-das-ocorrencias-policiais-15-01-2026\/"},"wordCount":542,"commentCount":0,"publisher":{"@id":"https:\/\/ubanews.com\/site\/#organization"},"image":{"@id":"https:\/\/ubanews.com\/site\/2026\/01\/15\/sintese-das-ocorrencias-policiais-15-01-2026\/#primaryimage"},"thumbnailUrl":"https:\/\/ubanews.com\/site\/wp-content\/uploads\/2026\/01\/Fala-Sodre-Sintese-das-Ocorrencias-Policiais-1.jpg","keywords":["Fala Sodr\u00e9","Ocorr\u00eancia Policial"],"articleSection":["S\u00edntese das Ocorr\u00eancias"],"inLanguage":"pt-BR","potentialAction":[{"@type":"CommentAction","name":"Comment","target":["https:\/\/ubanews.com\/site\/2026\/01\/15\/sintese-das-ocorrencias-policiais-15-01-2026\/#respond"]}]},{"@type":"WebPage","@id":"https:\/\/ubanews.com\/site\/2026\/01\/15\/sintese-das-ocorrencias-policiais-15-01-2026\/","url":"https:\/\/ubanews.com\/site\/2026\/01\/15\/sintese-das-ocorrencias-policiais-15-01-2026\/","name":"Sintese-das-ocorrencias-policiais-15-01-2026 - Ub\u00e1 News","isPartOf":{"@id":"https:\/\/ubanews.com\/site\/#website"},"primaryImageOfPage":{"@id":"https:\/\/ubanews.com\/site\/2026\/01\/15\/sintese-das-ocorrencias-policiais-15-01-2026\/#primaryimage"},"image":{"@id":"https:\/\/ubanews.com\/site\/2026\/01\/15\/sintese-das-ocorrencias-policiais-15-01-2026\/#primaryimage"},"thumbnailUrl":"https:\/\/ubanews.com\/site\/wp-content\/uploads\/2026\/01\/Fala-Sodre-Sintese-das-Ocorrencias-Policiais-1.jpg","datePublished":"2026-01-15T14:02:23+00:00","dateModified":"2026-01-15T14:02:34+00:00","description":"Sintese-das-ocorrencias-policiais-15-01-2026","breadcrumb":{"@id":"https:\/\/ubanews.com\/site\/2026\/01\/15\/sintese-das-ocorrencias-policiais-15-01-2026\/#breadcrumb"},"inLanguage":"pt-BR","potentialAction":[{"@type":"ReadAction","target":["https:\/\/ubanews.com\/site\/2026\/01\/15\/sintese-das-ocorrencias-policiais-15-01-2026\/"]}]},{"@type":"ImageObject","inLanguage":"pt-BR","@id":"https:\/\/ubanews.com\/site\/2026\/01\/15\/sintese-das-ocorrencias-policiais-15-01-2026\/#primaryimage","url":"https:\/\/ubanews.com\/site\/wp-content\/uploads\/2026\/01\/Fala-Sodre-Sintese-das-Ocorrencias-Policiais-1.jpg","contentUrl":"https:\/\/ubanews.com\/site\/wp-content\/uploads\/2026\/01\/Fala-Sodre-Sintese-das-Ocorrencias-Policiais-1.jpg","width":639,"height":759},{"@type":"BreadcrumbList","@id":"https:\/\/ubanews.com\/site\/2026\/01\/15\/sintese-das-ocorrencias-policiais-15-01-2026\/#breadcrumb","itemListElement":[{"@type":"ListItem","position":1,"name":"Home","item":"https:\/\/ubanews.com\/site\/"},{"@type":"ListItem","position":2,"name":"Sintese-das-ocorrencias-policiais-15-01-2026"}]},{"@type":"WebSite","@id":"https:\/\/ubanews.com\/site\/#website","url":"https:\/\/ubanews.com\/site\/","name":"Ub\u00e1 News","description":"","publisher":{"@id":"https:\/\/ubanews.com\/site\/#organization"},"potentialAction":[{"@type":"SearchAction","target":{"@type":"EntryPoint","urlTemplate":"https:\/\/ubanews.com\/site\/?s={search_term_string}"},"query-input":{"@type":"PropertyValueSpecification","valueRequired":true,"valueName":"search_term_string"}}],"inLanguage":"pt-BR"},{"@type":"Organization","@id":"https:\/\/ubanews.com\/site\/#organization","name":"Ub\u00e1 News","url":"https:\/\/ubanews.com\/site\/","logo":{"@type":"ImageObject","inLanguage":"pt-BR","@id":"https:\/\/ubanews.com\/site\/#\/schema\/logo\/image\/","url":"https:\/\/ubanews.com\/site\/wp-content\/uploads\/2018\/01\/logoubanews.png","contentUrl":"https:\/\/ubanews.com\/site\/wp-content\/uploads\/2018\/01\/logoubanews.png","width":261,"height":99,"caption":"Ub\u00e1 News"},"image":{"@id":"https:\/\/ubanews.com\/site\/#\/schema\/logo\/image\/"},"sameAs":["https:\/\/www.facebook.com\/Ub\u00e1News-Carlos-Roberto-Sodr\u00e9-418778301977370"]},{"@type":"Person","@id":"https:\/\/ubanews.com\/site\/#\/schema\/person\/9d8da9ec3c8d00640ab6e8c81e103310","name":"Carlos Roberto Sodr\u00e9","image":{"@type":"ImageObject","inLanguage":"pt-BR","@id":"https:\/\/secure.gravatar.com\/avatar\/aab322e8555b56c468614fafdab8a8f924e394cdc6cfd8232f77e9e4d123a133?s=96&d=mm&r=g","url":"https:\/\/secure.gravatar.com\/avatar\/aab322e8555b56c468614fafdab8a8f924e394cdc6cfd8232f77e9e4d123a133?s=96&d=mm&r=g","contentUrl":"https:\/\/secure.gravatar.com\/avatar\/aab322e8555b56c468614fafdab8a8f924e394cdc6cfd8232f77e9e4d123a133?s=96&d=mm&r=g","caption":"Carlos Roberto Sodr\u00e9"},"url":"https:\/\/ubanews.com\/site\/author\/sodre\/"}]}},"_links":{"self":[{"href":"https:\/\/ubanews.com\/site\/wp-json\/wp\/v2\/posts\/23711","targetHints":{"allow":["GET"]}}],"collection":[{"href":"https:\/\/ubanews.com\/site\/wp-json\/wp\/v2\/posts"}],"about":[{"href":"https:\/\/ubanews.com\/site\/wp-json\/wp\/v2\/types\/post"}],"author":[{"embeddable":true,"href":"https:\/\/ubanews.com\/site\/wp-json\/wp\/v2\/users\/4"}],"replies":[{"embeddable":true,"href":"https:\/\/ubanews.com\/site\/wp-json\/wp\/v2\/comments?post=23711"}],"version-history":[{"count":0,"href":"https:\/\/ubanews.com\/site\/wp-json\/wp\/v2\/posts\/23711\/revisions"}],"wp:featuredmedia":[{"embeddable":true,"href":"https:\/\/ubanews.com\/site\/wp-json\/wp\/v2\/media\/23714"}],"wp:attachment":[{"href":"https:\/\/ubanews.com\/site\/wp-json\/wp\/v2\/media?parent=23711"}],"wp:term":[{"taxonomy":"category","embeddable":true,"href":"https:\/\/ubanews.com\/site\/wp-json\/wp\/v2\/categories?post=23711"},{"taxonomy":"post_tag","embeddable":true,"href":"https:\/\/ubanews.com\/site\/wp-json\/wp\/v2\/tags?post=23711"}],"curies":[{"name":"wp","href":"https:\/\/api.w.org\/{rel}","templated":true}]}}