{"id":23688,"date":"2026-01-13T11:08:28","date_gmt":"2026-01-13T14:08:28","guid":{"rendered":"https:\/\/ubanews.com\/site\/?p=23688"},"modified":"2026-01-13T11:08:40","modified_gmt":"2026-01-13T14:08:40","slug":"sintese-das-ocorrencias-policiais-13-01-2026","status":"publish","type":"post","link":"https:\/\/ubanews.com\/site\/2026\/01\/13\/sintese-das-ocorrencias-policiais-13-01-2026\/","title":{"rendered":"Sintese-das-ocorrencias-policiais-13-01-2026"},"content":{"rendered":"<h2 class=\"entry-title\">Sintese-das-ocorrencias-policiais-13-01-2026<\/h2>\n<p><strong>2026-001692989-001 \u2013 POL\u00cdCIA MILITAR PRENDE AUTOR POR TR\u00c1FICO DE DROGAS<\/strong><\/p>\n<p>UB\u00c1 \u2013 Rua S\u00e3o Jonas, S\u00e3o Domingo 16H03MIN<\/p>\n<p>Durante patrulhamento, a Pol\u00edcia Militar recebeu den\u00fancia an\u00f4nima informando sobre tr\u00e1fico de drogas na Rua S\u00e3o Jonas, bairro S\u00e3o Domingos, local conhecido pela pr\u00e1tica delituosa.<\/p>\n<p>Realizado planejamento t\u00e1tico, dois indiv\u00edduos foram visualizados no local. Ap\u00f3s buscas foi encontrada com um deles, certa quantia em moeda corrente e, em buscas nas proximidades, foram apreendidos 72 pinos de subst\u00e2ncia an\u00e1loga \u00e0 coca\u00edna, 57 pedras de subst\u00e2ncia semelhante ao crack, 9 buchas e 3 tabletes de subst\u00e2ncia esverdeada aparentando ser maconha.<\/p>\n<p>O autor, um homem de 28 anos, foi preso e o menor infrator apreendido, sendo ambos conduzidos \u00e0 Delegacia de Pol\u00edcia Judici\u00e1ria, juntamente aos materiais apreendidos.<\/p>\n<p><strong>2026-001701273-001 \u2013 POL\u00cdCIA MILITAR PRENDE AUTOR POR TR\u00c1FICO DE DROGAS NO BAIRRO FILIPINHO<\/strong><\/p>\n<p>VISCONDE DO RIO BRANCO &#8211; Rua Delorme Taveira da Silva, Filipinho 16H39MIN<\/p>\n<p class=\"PreformattedText\" style=\"text-align: justify; text-justify: inter-ideograph; text-indent: 0cm; line-height: 115%;\"><span style=\"font-size: 12.0pt; line-height: 115%; font-family: 'Arial',sans-serif;\">Durante patrulhamento pela Rua Delorme Taveira da Silva, local conhecido pelo tr\u00e1fico il\u00edcito de drogas, a Pol\u00edcia Militar visualizou um indiv\u00edduo em atitude suspeita que, ao perceber a aproxima\u00e7\u00e3o policial, dispensou uma subst\u00e2ncia an\u00e1loga \u00e0 coca\u00edna, no interior de uma resid\u00eancia, fato presenciado pelos militares.<\/span><\/p>\n<p class=\"PreformattedText\" style=\"text-align: justify; text-justify: inter-ideograph; text-indent: 0cm; line-height: 115%;\"><span style=\"font-size: 12.0pt; line-height: 115%; font-family: 'Arial',sans-serif;\">Ap\u00f3s a sua abordagem e buscas no local, foi localizada a pedra bruta de subst\u00e2ncia an\u00e1loga \u00e0 coca\u00edna, da qual o autor assumiu a posse.<\/span><\/p>\n<p class=\"PreformattedText\" style=\"text-align: justify; text-justify: inter-ideograph; text-indent: 0cm; line-height: 115%;\"><span style=\"font-size: 12.0pt; line-height: 115%; font-family: 'Arial',sans-serif;\">O autor, um homem de 18 anos, foi preso e conduzido \u00e0 Delegacia de Pol\u00edcia, juntamente ao material apreendido.<\/span><\/p>\n<p><strong>2026-001708403-001 \u2013 POL\u00cdCIA MILITAR PRENDE IRM\u00c3OS POR TR\u00c1FICO DE DROGAS<\/strong><\/p>\n<p>GUIDOVAL &#8211; Rua Cibele Pinto Coelho, Pedra Branca 17H13MIN<\/p>\n<p><img decoding=\"async\" class=\"aligncenter size-medium wp-image-23689 lazyload\" data-src=\"https:\/\/ubanews.com\/site\/wp-content\/uploads\/2026\/01\/Sintese-das-ocorrencias-policiais-13-01-2026-240x300.jpg\" alt=\"Sintese-das-ocorrencias-policiais-13-01-2026\n\" width=\"240\" height=\"300\" data-srcset=\"https:\/\/ubanews.com\/site\/wp-content\/uploads\/2026\/01\/Sintese-das-ocorrencias-policiais-13-01-2026-240x300.jpg 240w, https:\/\/ubanews.com\/site\/wp-content\/uploads\/2026\/01\/Sintese-das-ocorrencias-policiais-13-01-2026.jpg 639w\" data-sizes=\"(max-width: 240px) 100vw, 240px\" src=\"data:image\/svg+xml;base64,PHN2ZyB3aWR0aD0iMSIgaGVpZ2h0PSIxIiB4bWxucz0iaHR0cDovL3d3dy53My5vcmcvMjAwMC9zdmciPjwvc3ZnPg==\" style=\"--smush-placeholder-width: 240px; --smush-placeholder-aspect-ratio: 240\/300;\" \/><\/p>\n<p>Em cumprimento a mandado de busca e apreens\u00e3o no bairro Pedra Branca, em Guidoval, a Pol\u00edcia Militar se deslocou at\u00e9 a Rua Cibelle Pinto Coelho.<\/p>\n<p>No local, os autores foram cientificados do mandado e iniciadas as buscas no im\u00f3vel, atrav\u00e9s da qual foram localizados 10 pinos de subst\u00e2ncia an\u00e1loga \u00e0 coca\u00edna, 20 buchas de subst\u00e2ncia semelhante a maconha, aproximadamente 500 ml de l\u00edquido semelhante a lol\u00f3, 04 aparelhos de telefones celulares e certa quantia em moeda corrente.<\/p>\n<p>Os autores, homens de 26 e 24 anos, foram presos e encaminhados \u00e0 Delegacia de Pol\u00edcia, juntamente ao material apreendido.<\/p>\n<p><strong>2026-001730563-001 \u2013 POL\u00cdCIA MILITAR APREENDE DROGAS<\/strong><\/p>\n<p>RODEIRO &#8211; Rua Ary Raimundo dos Santos, Vista Alegre\u00a0 18H05MIN<\/p>\n<p>Durante patrulhamento pela Rua Ary Raimundo dos Santos, bairro Vista Alegre, local conhecido pelo tr\u00e1fico de drogas, a Pol\u00edcia Militar recebeu informa\u00e7\u00f5es sobre a pr\u00e1tica de tr\u00e1fico de drogas em uma casa em constru\u00e7\u00e3o.<\/p>\n<p>No local, os militares visualizaram um indiv\u00edduo, saindo com uma sacola branca. Ao receber ordem de parada, sacou um rev\u00f3lver da sua cintura. Diante do risco atual e iminente, os militares efetuaram disparos para preservarem suas vidas, momento em que o autor fugiu em dire\u00e7\u00e3o a uma \u00e1rea de mata, juntamente a um segundo indiv\u00edduo, n\u00e3o sendo mais alcan\u00e7ados.<\/p>\n<p>Durante a fuga, os autores deixaram cair ao solo uma sacola que foi arrecadada, contendo em seu interior 161 pinos de subst\u00e2ncia an\u00e1loga \u00e0 coca\u00edna, 33 buchas de subst\u00e2ncia esverdeada aparentando ser maconha e 11 pedras de subst\u00e2ncia semelhante ao crack. Tamb\u00e9m foi apreendido um aparelho celular, pr\u00f3ximo ao local onde os autores se encontravam.<\/p>\n<p>Os materiais foram apreendidos e encaminhados \u00e0 Delegacia de Pol\u00edcia. Rastreamentos prosseguem objetivando a pris\u00e3o dos autores.<\/p>\n<p><strong>2026-001682745-001 \u2013 POL\u00cdCIA MILITAR APREENDE M\u00c1QUINAS CA\u00c7A N\u00cdQUEL<\/strong><\/p>\n<p>RIO POMBA &#8211; Rua Prof. Jo\u00e3o Batista Santiago, Jardim Am\u00e9rica\u00a0 15H10MIN<\/p>\n<p><img decoding=\"async\" class=\"aligncenter size-medium wp-image-23690 lazyload\" data-src=\"https:\/\/ubanews.com\/site\/wp-content\/uploads\/2026\/01\/Sintese-das-ocorrencias-policiais-13-01-2026-v-138x300.jpg\" alt=\"\" width=\"138\" height=\"300\" data-srcset=\"https:\/\/ubanews.com\/site\/wp-content\/uploads\/2026\/01\/Sintese-das-ocorrencias-policiais-13-01-2026-v-138x300.jpg 138w, https:\/\/ubanews.com\/site\/wp-content\/uploads\/2026\/01\/Sintese-das-ocorrencias-policiais-13-01-2026-v-472x1024.jpg 472w, https:\/\/ubanews.com\/site\/wp-content\/uploads\/2026\/01\/Sintese-das-ocorrencias-policiais-13-01-2026-v.jpg 517w\" data-sizes=\"(max-width: 138px) 100vw, 138px\" src=\"data:image\/svg+xml;base64,PHN2ZyB3aWR0aD0iMSIgaGVpZ2h0PSIxIiB4bWxucz0iaHR0cDovL3d3dy53My5vcmcvMjAwMC9zdmciPjwvc3ZnPg==\" style=\"--smush-placeholder-width: 138px; --smush-placeholder-aspect-ratio: 138\/300;\" \/><\/p>\n<p>A Pol\u00edcia Militar, em averigua\u00e7\u00e3o a um DDU \u2013 Disque Den\u00fancia Unificado, deslocou at\u00e9 um estabelecimento comercial, sem placa de identifica\u00e7\u00e3o, localizado na Rua Professor Jo\u00e3o Batista Santiago, onde de acordo com o denunciante, haveriam 05 m\u00e1quinas ca\u00e7a-n\u00edqueis.<\/p>\n<p>No local o propriet\u00e1rio franqueou a entrada das equipes e, ap\u00f3s buscas, foi poss\u00edvel constatar a veracidade da den\u00fancia. Os ca\u00e7a-n\u00edqueis foram localizados em um c\u00f4modo nos fundos do bar.<\/p>\n<p>O propriet\u00e1rio do estabelecimento foi conduzido at\u00e9 o quartel para confec\u00e7\u00e3o do T.C.O, enquanto as m\u00e1quinas foram apreendidas e encaminhadas \u00e0 Delegacia de Pol\u00edcia.<\/p>\n","protected":false},"excerpt":{"rendered":"<p>Sintese-das-ocorrencias-policiais-13-01-2026 2026-001692989-001 \u2013 POL\u00cdCIA MILITAR PRENDE AUTOR POR TR\u00c1FICO DE<\/p>\n","protected":false},"author":4,"featured_media":23689,"comment_status":"open","ping_status":"open","sticky":false,"template":"","format":"standard","meta":{"footnotes":""},"categories":[13],"tags":[222,73,289],"class_list":["post-23688","post","type-post","status-publish","format-standard","has-post-thumbnail","hentry","category-sintese-das-ocorrencias","tag-ocorrencia-policial","tag-policia-militar","tag-sintese"],"yoast_head":"<!-- This site is optimized with the Yoast SEO plugin v27.2 - https:\/\/yoast.com\/product\/yoast-seo-wordpress\/ -->\n<title>Sintese-das-ocorrencias-policiais-13-01-2026 - Ub\u00e1 News<\/title>\n<meta name=\"description\" content=\"Sintese-das-ocorrencias-policiais-13-01-2026\" \/>\n<meta name=\"robots\" content=\"index, follow, max-snippet:-1, max-image-preview:large, max-video-preview:-1\" \/>\n<link rel=\"canonical\" href=\"https:\/\/ubanews.com\/site\/2026\/01\/13\/sintese-das-ocorrencias-policiais-13-01-2026\/\" \/>\n<meta property=\"og:locale\" content=\"pt_BR\" \/>\n<meta property=\"og:type\" content=\"article\" \/>\n<meta property=\"og:title\" content=\"Sintese-das-ocorrencias-policiais-13-01-2026 - Ub\u00e1 News\" \/>\n<meta property=\"og:description\" content=\"Sintese-das-ocorrencias-policiais-13-01-2026\" \/>\n<meta property=\"og:url\" content=\"https:\/\/ubanews.com\/site\/2026\/01\/13\/sintese-das-ocorrencias-policiais-13-01-2026\/\" \/>\n<meta property=\"og:site_name\" content=\"Ub\u00e1 News\" \/>\n<meta property=\"article:publisher\" content=\"https:\/\/www.facebook.com\/Ub%c3%a1News-Carlos-Roberto-Sodr%c3%a9-418778301977370\" \/>\n<meta property=\"article:published_time\" content=\"2026-01-13T14:08:28+00:00\" \/>\n<meta property=\"article:modified_time\" content=\"2026-01-13T14:08:40+00:00\" \/>\n<meta property=\"og:image\" content=\"https:\/\/ubanews.com\/site\/wp-content\/uploads\/2026\/01\/Sintese-das-ocorrencias-policiais-13-01-2026.jpg\" \/>\n\t<meta property=\"og:image:width\" content=\"639\" \/>\n\t<meta property=\"og:image:height\" content=\"799\" \/>\n\t<meta property=\"og:image:type\" content=\"image\/jpeg\" \/>\n<meta name=\"author\" content=\"Carlos Roberto Sodr\u00e9\" \/>\n<meta name=\"twitter:card\" content=\"summary_large_image\" \/>\n<meta name=\"twitter:label1\" content=\"Escrito por\" \/>\n\t<meta name=\"twitter:data1\" content=\"Carlos Roberto Sodr\u00e9\" \/>\n\t<meta name=\"twitter:label2\" content=\"Est. tempo de leitura\" \/>\n\t<meta name=\"twitter:data2\" content=\"5 minutos\" \/>\n<script type=\"application\/ld+json\" class=\"yoast-schema-graph\">{\"@context\":\"https:\/\/schema.org\",\"@graph\":[{\"@type\":\"Article\",\"@id\":\"https:\/\/ubanews.com\/site\/2026\/01\/13\/sintese-das-ocorrencias-policiais-13-01-2026\/#article\",\"isPartOf\":{\"@id\":\"https:\/\/ubanews.com\/site\/2026\/01\/13\/sintese-das-ocorrencias-policiais-13-01-2026\/\"},\"author\":{\"name\":\"Carlos Roberto Sodr\u00e9\",\"@id\":\"https:\/\/ubanews.com\/site\/#\/schema\/person\/9d8da9ec3c8d00640ab6e8c81e103310\"},\"headline\":\"Sintese-das-ocorrencias-policiais-13-01-2026\",\"datePublished\":\"2026-01-13T14:08:28+00:00\",\"dateModified\":\"2026-01-13T14:08:40+00:00\",\"mainEntityOfPage\":{\"@id\":\"https:\/\/ubanews.com\/site\/2026\/01\/13\/sintese-das-ocorrencias-policiais-13-01-2026\/\"},\"wordCount\":726,\"commentCount\":0,\"publisher\":{\"@id\":\"https:\/\/ubanews.com\/site\/#organization\"},\"image\":{\"@id\":\"https:\/\/ubanews.com\/site\/2026\/01\/13\/sintese-das-ocorrencias-policiais-13-01-2026\/#primaryimage\"},\"thumbnailUrl\":\"https:\/\/ubanews.com\/site\/wp-content\/uploads\/2026\/01\/Sintese-das-ocorrencias-policiais-13-01-2026.jpg\",\"keywords\":[\"Ocorr\u00eancia Policial\",\"Pol\u00edcia Militar\",\"Sintese\"],\"articleSection\":[\"S\u00edntese das Ocorr\u00eancias\"],\"inLanguage\":\"pt-BR\",\"potentialAction\":[{\"@type\":\"CommentAction\",\"name\":\"Comment\",\"target\":[\"https:\/\/ubanews.com\/site\/2026\/01\/13\/sintese-das-ocorrencias-policiais-13-01-2026\/#respond\"]}]},{\"@type\":\"WebPage\",\"@id\":\"https:\/\/ubanews.com\/site\/2026\/01\/13\/sintese-das-ocorrencias-policiais-13-01-2026\/\",\"url\":\"https:\/\/ubanews.com\/site\/2026\/01\/13\/sintese-das-ocorrencias-policiais-13-01-2026\/\",\"name\":\"Sintese-das-ocorrencias-policiais-13-01-2026 - Ub\u00e1 News\",\"isPartOf\":{\"@id\":\"https:\/\/ubanews.com\/site\/#website\"},\"primaryImageOfPage\":{\"@id\":\"https:\/\/ubanews.com\/site\/2026\/01\/13\/sintese-das-ocorrencias-policiais-13-01-2026\/#primaryimage\"},\"image\":{\"@id\":\"https:\/\/ubanews.com\/site\/2026\/01\/13\/sintese-das-ocorrencias-policiais-13-01-2026\/#primaryimage\"},\"thumbnailUrl\":\"https:\/\/ubanews.com\/site\/wp-content\/uploads\/2026\/01\/Sintese-das-ocorrencias-policiais-13-01-2026.jpg\",\"datePublished\":\"2026-01-13T14:08:28+00:00\",\"dateModified\":\"2026-01-13T14:08:40+00:00\",\"description\":\"Sintese-das-ocorrencias-policiais-13-01-2026\",\"breadcrumb\":{\"@id\":\"https:\/\/ubanews.com\/site\/2026\/01\/13\/sintese-das-ocorrencias-policiais-13-01-2026\/#breadcrumb\"},\"inLanguage\":\"pt-BR\",\"potentialAction\":[{\"@type\":\"ReadAction\",\"target\":[\"https:\/\/ubanews.com\/site\/2026\/01\/13\/sintese-das-ocorrencias-policiais-13-01-2026\/\"]}]},{\"@type\":\"ImageObject\",\"inLanguage\":\"pt-BR\",\"@id\":\"https:\/\/ubanews.com\/site\/2026\/01\/13\/sintese-das-ocorrencias-policiais-13-01-2026\/#primaryimage\",\"url\":\"https:\/\/ubanews.com\/site\/wp-content\/uploads\/2026\/01\/Sintese-das-ocorrencias-policiais-13-01-2026.jpg\",\"contentUrl\":\"https:\/\/ubanews.com\/site\/wp-content\/uploads\/2026\/01\/Sintese-das-ocorrencias-policiais-13-01-2026.jpg\",\"width\":639,\"height\":799},{\"@type\":\"BreadcrumbList\",\"@id\":\"https:\/\/ubanews.com\/site\/2026\/01\/13\/sintese-das-ocorrencias-policiais-13-01-2026\/#breadcrumb\",\"itemListElement\":[{\"@type\":\"ListItem\",\"position\":1,\"name\":\"Home\",\"item\":\"https:\/\/ubanews.com\/site\/\"},{\"@type\":\"ListItem\",\"position\":2,\"name\":\"Sintese-das-ocorrencias-policiais-13-01-2026\"}]},{\"@type\":\"WebSite\",\"@id\":\"https:\/\/ubanews.com\/site\/#website\",\"url\":\"https:\/\/ubanews.com\/site\/\",\"name\":\"Ub\u00e1 News\",\"description\":\"\",\"publisher\":{\"@id\":\"https:\/\/ubanews.com\/site\/#organization\"},\"potentialAction\":[{\"@type\":\"SearchAction\",\"target\":{\"@type\":\"EntryPoint\",\"urlTemplate\":\"https:\/\/ubanews.com\/site\/?s={search_term_string}\"},\"query-input\":{\"@type\":\"PropertyValueSpecification\",\"valueRequired\":true,\"valueName\":\"search_term_string\"}}],\"inLanguage\":\"pt-BR\"},{\"@type\":\"Organization\",\"@id\":\"https:\/\/ubanews.com\/site\/#organization\",\"name\":\"Ub\u00e1 News\",\"url\":\"https:\/\/ubanews.com\/site\/\",\"logo\":{\"@type\":\"ImageObject\",\"inLanguage\":\"pt-BR\",\"@id\":\"https:\/\/ubanews.com\/site\/#\/schema\/logo\/image\/\",\"url\":\"https:\/\/ubanews.com\/site\/wp-content\/uploads\/2018\/01\/logoubanews.png\",\"contentUrl\":\"https:\/\/ubanews.com\/site\/wp-content\/uploads\/2018\/01\/logoubanews.png\",\"width\":261,\"height\":99,\"caption\":\"Ub\u00e1 News\"},\"image\":{\"@id\":\"https:\/\/ubanews.com\/site\/#\/schema\/logo\/image\/\"},\"sameAs\":[\"https:\/\/www.facebook.com\/Ub\u00e1News-Carlos-Roberto-Sodr\u00e9-418778301977370\"]},{\"@type\":\"Person\",\"@id\":\"https:\/\/ubanews.com\/site\/#\/schema\/person\/9d8da9ec3c8d00640ab6e8c81e103310\",\"name\":\"Carlos Roberto Sodr\u00e9\",\"image\":{\"@type\":\"ImageObject\",\"inLanguage\":\"pt-BR\",\"@id\":\"https:\/\/secure.gravatar.com\/avatar\/aab322e8555b56c468614fafdab8a8f924e394cdc6cfd8232f77e9e4d123a133?s=96&d=mm&r=g\",\"url\":\"https:\/\/secure.gravatar.com\/avatar\/aab322e8555b56c468614fafdab8a8f924e394cdc6cfd8232f77e9e4d123a133?s=96&d=mm&r=g\",\"contentUrl\":\"https:\/\/secure.gravatar.com\/avatar\/aab322e8555b56c468614fafdab8a8f924e394cdc6cfd8232f77e9e4d123a133?s=96&d=mm&r=g\",\"caption\":\"Carlos Roberto Sodr\u00e9\"},\"url\":\"https:\/\/ubanews.com\/site\/author\/sodre\/\"}]}<\/script>\n<!-- \/ Yoast SEO plugin. -->","yoast_head_json":{"title":"Sintese-das-ocorrencias-policiais-13-01-2026 - Ub\u00e1 News","description":"Sintese-das-ocorrencias-policiais-13-01-2026","robots":{"index":"index","follow":"follow","max-snippet":"max-snippet:-1","max-image-preview":"max-image-preview:large","max-video-preview":"max-video-preview:-1"},"canonical":"https:\/\/ubanews.com\/site\/2026\/01\/13\/sintese-das-ocorrencias-policiais-13-01-2026\/","og_locale":"pt_BR","og_type":"article","og_title":"Sintese-das-ocorrencias-policiais-13-01-2026 - Ub\u00e1 News","og_description":"Sintese-das-ocorrencias-policiais-13-01-2026","og_url":"https:\/\/ubanews.com\/site\/2026\/01\/13\/sintese-das-ocorrencias-policiais-13-01-2026\/","og_site_name":"Ub\u00e1 News","article_publisher":"https:\/\/www.facebook.com\/Ub%c3%a1News-Carlos-Roberto-Sodr%c3%a9-418778301977370","article_published_time":"2026-01-13T14:08:28+00:00","article_modified_time":"2026-01-13T14:08:40+00:00","og_image":[{"width":639,"height":799,"url":"https:\/\/ubanews.com\/site\/wp-content\/uploads\/2026\/01\/Sintese-das-ocorrencias-policiais-13-01-2026.jpg","type":"image\/jpeg"}],"author":"Carlos Roberto Sodr\u00e9","twitter_card":"summary_large_image","twitter_misc":{"Escrito por":"Carlos Roberto Sodr\u00e9","Est. tempo de leitura":"5 minutos"},"schema":{"@context":"https:\/\/schema.org","@graph":[{"@type":"Article","@id":"https:\/\/ubanews.com\/site\/2026\/01\/13\/sintese-das-ocorrencias-policiais-13-01-2026\/#article","isPartOf":{"@id":"https:\/\/ubanews.com\/site\/2026\/01\/13\/sintese-das-ocorrencias-policiais-13-01-2026\/"},"author":{"name":"Carlos Roberto Sodr\u00e9","@id":"https:\/\/ubanews.com\/site\/#\/schema\/person\/9d8da9ec3c8d00640ab6e8c81e103310"},"headline":"Sintese-das-ocorrencias-policiais-13-01-2026","datePublished":"2026-01-13T14:08:28+00:00","dateModified":"2026-01-13T14:08:40+00:00","mainEntityOfPage":{"@id":"https:\/\/ubanews.com\/site\/2026\/01\/13\/sintese-das-ocorrencias-policiais-13-01-2026\/"},"wordCount":726,"commentCount":0,"publisher":{"@id":"https:\/\/ubanews.com\/site\/#organization"},"image":{"@id":"https:\/\/ubanews.com\/site\/2026\/01\/13\/sintese-das-ocorrencias-policiais-13-01-2026\/#primaryimage"},"thumbnailUrl":"https:\/\/ubanews.com\/site\/wp-content\/uploads\/2026\/01\/Sintese-das-ocorrencias-policiais-13-01-2026.jpg","keywords":["Ocorr\u00eancia Policial","Pol\u00edcia Militar","Sintese"],"articleSection":["S\u00edntese das Ocorr\u00eancias"],"inLanguage":"pt-BR","potentialAction":[{"@type":"CommentAction","name":"Comment","target":["https:\/\/ubanews.com\/site\/2026\/01\/13\/sintese-das-ocorrencias-policiais-13-01-2026\/#respond"]}]},{"@type":"WebPage","@id":"https:\/\/ubanews.com\/site\/2026\/01\/13\/sintese-das-ocorrencias-policiais-13-01-2026\/","url":"https:\/\/ubanews.com\/site\/2026\/01\/13\/sintese-das-ocorrencias-policiais-13-01-2026\/","name":"Sintese-das-ocorrencias-policiais-13-01-2026 - Ub\u00e1 News","isPartOf":{"@id":"https:\/\/ubanews.com\/site\/#website"},"primaryImageOfPage":{"@id":"https:\/\/ubanews.com\/site\/2026\/01\/13\/sintese-das-ocorrencias-policiais-13-01-2026\/#primaryimage"},"image":{"@id":"https:\/\/ubanews.com\/site\/2026\/01\/13\/sintese-das-ocorrencias-policiais-13-01-2026\/#primaryimage"},"thumbnailUrl":"https:\/\/ubanews.com\/site\/wp-content\/uploads\/2026\/01\/Sintese-das-ocorrencias-policiais-13-01-2026.jpg","datePublished":"2026-01-13T14:08:28+00:00","dateModified":"2026-01-13T14:08:40+00:00","description":"Sintese-das-ocorrencias-policiais-13-01-2026","breadcrumb":{"@id":"https:\/\/ubanews.com\/site\/2026\/01\/13\/sintese-das-ocorrencias-policiais-13-01-2026\/#breadcrumb"},"inLanguage":"pt-BR","potentialAction":[{"@type":"ReadAction","target":["https:\/\/ubanews.com\/site\/2026\/01\/13\/sintese-das-ocorrencias-policiais-13-01-2026\/"]}]},{"@type":"ImageObject","inLanguage":"pt-BR","@id":"https:\/\/ubanews.com\/site\/2026\/01\/13\/sintese-das-ocorrencias-policiais-13-01-2026\/#primaryimage","url":"https:\/\/ubanews.com\/site\/wp-content\/uploads\/2026\/01\/Sintese-das-ocorrencias-policiais-13-01-2026.jpg","contentUrl":"https:\/\/ubanews.com\/site\/wp-content\/uploads\/2026\/01\/Sintese-das-ocorrencias-policiais-13-01-2026.jpg","width":639,"height":799},{"@type":"BreadcrumbList","@id":"https:\/\/ubanews.com\/site\/2026\/01\/13\/sintese-das-ocorrencias-policiais-13-01-2026\/#breadcrumb","itemListElement":[{"@type":"ListItem","position":1,"name":"Home","item":"https:\/\/ubanews.com\/site\/"},{"@type":"ListItem","position":2,"name":"Sintese-das-ocorrencias-policiais-13-01-2026"}]},{"@type":"WebSite","@id":"https:\/\/ubanews.com\/site\/#website","url":"https:\/\/ubanews.com\/site\/","name":"Ub\u00e1 News","description":"","publisher":{"@id":"https:\/\/ubanews.com\/site\/#organization"},"potentialAction":[{"@type":"SearchAction","target":{"@type":"EntryPoint","urlTemplate":"https:\/\/ubanews.com\/site\/?s={search_term_string}"},"query-input":{"@type":"PropertyValueSpecification","valueRequired":true,"valueName":"search_term_string"}}],"inLanguage":"pt-BR"},{"@type":"Organization","@id":"https:\/\/ubanews.com\/site\/#organization","name":"Ub\u00e1 News","url":"https:\/\/ubanews.com\/site\/","logo":{"@type":"ImageObject","inLanguage":"pt-BR","@id":"https:\/\/ubanews.com\/site\/#\/schema\/logo\/image\/","url":"https:\/\/ubanews.com\/site\/wp-content\/uploads\/2018\/01\/logoubanews.png","contentUrl":"https:\/\/ubanews.com\/site\/wp-content\/uploads\/2018\/01\/logoubanews.png","width":261,"height":99,"caption":"Ub\u00e1 News"},"image":{"@id":"https:\/\/ubanews.com\/site\/#\/schema\/logo\/image\/"},"sameAs":["https:\/\/www.facebook.com\/Ub\u00e1News-Carlos-Roberto-Sodr\u00e9-418778301977370"]},{"@type":"Person","@id":"https:\/\/ubanews.com\/site\/#\/schema\/person\/9d8da9ec3c8d00640ab6e8c81e103310","name":"Carlos Roberto Sodr\u00e9","image":{"@type":"ImageObject","inLanguage":"pt-BR","@id":"https:\/\/secure.gravatar.com\/avatar\/aab322e8555b56c468614fafdab8a8f924e394cdc6cfd8232f77e9e4d123a133?s=96&d=mm&r=g","url":"https:\/\/secure.gravatar.com\/avatar\/aab322e8555b56c468614fafdab8a8f924e394cdc6cfd8232f77e9e4d123a133?s=96&d=mm&r=g","contentUrl":"https:\/\/secure.gravatar.com\/avatar\/aab322e8555b56c468614fafdab8a8f924e394cdc6cfd8232f77e9e4d123a133?s=96&d=mm&r=g","caption":"Carlos Roberto Sodr\u00e9"},"url":"https:\/\/ubanews.com\/site\/author\/sodre\/"}]}},"_links":{"self":[{"href":"https:\/\/ubanews.com\/site\/wp-json\/wp\/v2\/posts\/23688","targetHints":{"allow":["GET"]}}],"collection":[{"href":"https:\/\/ubanews.com\/site\/wp-json\/wp\/v2\/posts"}],"about":[{"href":"https:\/\/ubanews.com\/site\/wp-json\/wp\/v2\/types\/post"}],"author":[{"embeddable":true,"href":"https:\/\/ubanews.com\/site\/wp-json\/wp\/v2\/users\/4"}],"replies":[{"embeddable":true,"href":"https:\/\/ubanews.com\/site\/wp-json\/wp\/v2\/comments?post=23688"}],"version-history":[{"count":0,"href":"https:\/\/ubanews.com\/site\/wp-json\/wp\/v2\/posts\/23688\/revisions"}],"wp:featuredmedia":[{"embeddable":true,"href":"https:\/\/ubanews.com\/site\/wp-json\/wp\/v2\/media\/23689"}],"wp:attachment":[{"href":"https:\/\/ubanews.com\/site\/wp-json\/wp\/v2\/media?parent=23688"}],"wp:term":[{"taxonomy":"category","embeddable":true,"href":"https:\/\/ubanews.com\/site\/wp-json\/wp\/v2\/categories?post=23688"},{"taxonomy":"post_tag","embeddable":true,"href":"https:\/\/ubanews.com\/site\/wp-json\/wp\/v2\/tags?post=23688"}],"curies":[{"name":"wp","href":"https:\/\/api.w.org\/{rel}","templated":true}]}}