{"id":23686,"date":"2026-01-13T07:13:51","date_gmt":"2026-01-13T10:13:51","guid":{"rendered":"https:\/\/ubanews.com\/site\/?p=23686"},"modified":"2026-01-13T07:13:51","modified_gmt":"2026-01-13T10:13:51","slug":"taxacao-do-pix-e-reforma-tributaria","status":"publish","type":"post","link":"https:\/\/ubanews.com\/site\/2026\/01\/13\/taxacao-do-pix-e-reforma-tributaria\/","title":{"rendered":"Taxa\u00e7\u00e3o do PIX e Reforma Tribut\u00e1ria"},"content":{"rendered":"<p><strong style=\"font-size: 1.0625rem;\">Taxa\u00e7\u00e3o do PIX e Reforma Tribut\u00e1ria: O Que Muda em 2026? <\/strong><span style=\"font-size: 1.0625rem;\">A discuss\u00e3o sobre <\/span><strong style=\"font-size: 1.0625rem;\">taxa\u00e7\u00e3o do PIX<\/strong><span style=\"font-size: 1.0625rem;\"> ganhou for\u00e7a no in\u00edcio de 2026. Embora o PIX n\u00e3o seja diretamente tributado, ele se tornou protagonista nas manchetes. O motivo? A Receita Federal est\u00e1 ampliando sua capacidade de fiscaliza\u00e7\u00e3o e arrecada\u00e7\u00e3o. Com tecnologia avan\u00e7ada, monitoramento online e em tempo real, o governo consegue acompanhar movimenta\u00e7\u00f5es financeiras, emitir notifica\u00e7\u00f5es e at\u00e9 cobrar impostos de forma automatizada.<\/span><\/p>\n<div>\n<h1><strong>Taxa\u00e7\u00e3o do PIX e Reforma Tribut\u00e1ria: O Que Muda em 2026?<\/strong><\/h1>\n<p><img decoding=\"async\" class=\"aligncenter size-medium wp-image-23687 lazyload\" data-src=\"https:\/\/ubanews.com\/site\/wp-content\/uploads\/2026\/01\/Fala-Sodre-Taxacao-do-Pix-e-Reforma-Tributaria-com-Paulo-Marcos-Consultor-Tributario-1-300x169.jpeg\" alt=\"Taxa\u00e7\u00e3o do PIX e Reforma Tribut\u00e1ria\n\" width=\"300\" height=\"169\" data-srcset=\"https:\/\/ubanews.com\/site\/wp-content\/uploads\/2026\/01\/Fala-Sodre-Taxacao-do-Pix-e-Reforma-Tributaria-com-Paulo-Marcos-Consultor-Tributario-1-300x169.jpeg 300w, https:\/\/ubanews.com\/site\/wp-content\/uploads\/2026\/01\/Fala-Sodre-Taxacao-do-Pix-e-Reforma-Tributaria-com-Paulo-Marcos-Consultor-Tributario-1-1024x576.jpeg 1024w, https:\/\/ubanews.com\/site\/wp-content\/uploads\/2026\/01\/Fala-Sodre-Taxacao-do-Pix-e-Reforma-Tributaria-com-Paulo-Marcos-Consultor-Tributario-1-768x432.jpeg 768w, https:\/\/ubanews.com\/site\/wp-content\/uploads\/2026\/01\/Fala-Sodre-Taxacao-do-Pix-e-Reforma-Tributaria-com-Paulo-Marcos-Consultor-Tributario-1-1536x864.jpeg 1536w, https:\/\/ubanews.com\/site\/wp-content\/uploads\/2026\/01\/Fala-Sodre-Taxacao-do-Pix-e-Reforma-Tributaria-com-Paulo-Marcos-Consultor-Tributario-1.jpeg 1600w\" data-sizes=\"(max-width: 300px) 100vw, 300px\" src=\"data:image\/svg+xml;base64,PHN2ZyB3aWR0aD0iMSIgaGVpZ2h0PSIxIiB4bWxucz0iaHR0cDovL3d3dy53My5vcmcvMjAwMC9zdmciPjwvc3ZnPg==\" style=\"--smush-placeholder-width: 300px; --smush-placeholder-aspect-ratio: 300\/169;\" \/><\/p>\n<p>&nbsp;<\/p>\n<p>Segundo o consultor tribut\u00e1rio <strong>Paulo Marcos<\/strong>, entrevistado por <strong>Carlos Roberto Sodr\u00e9<\/strong>, essa mudan\u00e7a n\u00e3o \u00e9 apenas sobre o PIX. \u00c9 sobre toda a movimenta\u00e7\u00e3o financeira. \u201cQuem ficar focado no PIX vai ser engolido. O problema \u00e9 muito maior\u201d, alerta Paulo.<\/p>\n<hr \/>\n<h2><strong>Por que o PIX virou manchete?<\/strong><\/h2>\n<p>O PIX \u00e9 pr\u00e1tico, r\u00e1pido e gratuito para usu\u00e1rios. Mas essa praticidade tamb\u00e9m facilita o trabalho do fisco. Hoje, mais de 215 milh\u00f5es de brasileiros utilizam o PIX. Ele j\u00e1 superou o cart\u00e3o de cr\u00e9dito como meio de pagamento. Para o governo, isso significa um canal aberto para monitorar transa\u00e7\u00f5es.<\/p>\n<p>A partir de <strong>janeiro de 2026<\/strong>, a Receita passou a somar movimenta\u00e7\u00f5es das contas <strong>pessoa f\u00edsica (PF)<\/strong> e <strong>pessoa jur\u00eddica (PJ)<\/strong>. Antes, apenas a conta empresarial era considerada. Agora, se voc\u00ea \u00e9 <strong>MEI<\/strong> e recebe parte dos pagamentos na conta pessoal, isso entra no c\u00e1lculo. \u201cEssa pr\u00e1tica era vista como caixa dois. Agora, n\u00e3o passa mais despercebida\u201d, explica Paulo Marcos.<\/p>\n<hr \/>\n<h2><strong>Novos limites e regras<\/strong><\/h2>\n<ul>\n<li><strong>Pessoa F\u00edsica<\/strong>: isen\u00e7\u00e3o at\u00e9 <strong>R$ 5.000<\/strong> mensais. Antes, o limite era R$ 2.600.<\/li>\n<li><strong>MEI<\/strong>: teto de <strong>R$ 6.750<\/strong> por m\u00eas. Mas aten\u00e7\u00e3o: soma-se o que entrou na conta PJ e na conta PF.<\/li>\n<\/ul>\n<p>Se ultrapassar esses valores, voc\u00ea entra na triagem do fisco. \u201cO governo n\u00e3o consegue fiscalizar todo mundo ainda, mas vale para todos\u201d, refor\u00e7a Paulo.<\/p>\n<hr \/>\n<h2><strong>Planejamento tribut\u00e1rio \u00e9 essencial<\/strong><\/h2>\n<p>Com a <strong>Reforma Tribut\u00e1ria<\/strong> em fase de teste, 2026 \u00e9 considerado um ano de treino. As al\u00edquotas ainda ser\u00e3o ajustadas, mas a base de pagadores aumentou. E, em muitos casos, o percentual sobre a base de c\u00e1lculo tamb\u00e9m subiu. Resultado: mais imposto.<\/p>\n<p>\u201cSe voc\u00ea depende de sonega\u00e7\u00e3o para sobreviver, tem um problema s\u00e9rio pela frente\u201d, afirma Paulo Marcos. A concorr\u00eancia ser\u00e1 nivelada. Quem n\u00e3o paga imposto hoje ter\u00e1 que se ajustar. Isso significa que <strong>planejamento tribut\u00e1rio<\/strong> deixou de ser opcional. \u00c9 uma quest\u00e3o de sobreviv\u00eancia.<\/p>\n<hr \/>\n<h2><strong>Como se organizar?<\/strong><\/h2>\n<p>Misturar contas PF e PJ \u00e9 cada vez mais arriscado. A dica do especialista \u00e9 clara: defina pr\u00f3-labore e distribui\u00e7\u00e3o de lucros. \u201cMostre ao fisco que uma coisa \u00e9 sal\u00e1rio, outra \u00e9 lucro. Organiza\u00e7\u00e3o financeira \u00e9 fundamental\u201d, orienta Paulo.<\/p>\n<p>Al\u00e9m disso:<\/p>\n<ul>\n<li>Formalize sua atividade. Emita nota fiscal.<\/li>\n<li>Avalie regimes tribut\u00e1rios. MEI pode n\u00e3o ser suficiente para quem cresce.<\/li>\n<li>Considere abrir mais de um CNPJ se tiver atividades diferentes. Isso \u00e9 legal e pode reduzir custos.<\/li>\n<\/ul>\n<hr \/>\n<h2><strong>Reforma Tribut\u00e1ria: o que esperar?<\/strong><\/h2>\n<p>A reforma n\u00e3o \u00e9 apenas tribut\u00e1ria. \u00c9 <strong>financeira<\/strong>. O governo quer antecipar impostos. Em breve, quando voc\u00ea vender um produto, parte do valor ser\u00e1 retida automaticamente. Isso reduz o fluxo de caixa das empresas. \u201cO que vai quebrar a empresa n\u00e3o \u00e9 imposto alto, \u00e9 falta de dinheiro para pagar imposto\u201d, alerta Paulo.<\/p>\n<p>Outro ponto: a tributa\u00e7\u00e3o ser\u00e1 no <strong>destino<\/strong>. Estados produtores, como S\u00e3o Paulo, perder\u00e3o arrecada\u00e7\u00e3o. J\u00e1 estados consumidores ganhar\u00e3o. E prepare-se: al\u00edquotas para servi\u00e7os podem chegar a <strong>28%<\/strong>, mesmo com descontos para alguns segmentos.<\/p>\n<hr \/>\n<h2><strong>O futuro \u00e9 digital<\/strong><\/h2>\n<p>O dinheiro f\u00edsico est\u00e1 desaparecendo. O governo reduziu a emiss\u00e3o de c\u00e9dulas. Pagamentos ser\u00e3o cada vez mais digitais: cart\u00e3o, d\u00e9bito, PIX. Isso significa mais rastreabilidade e menos espa\u00e7o para informalidade. \u201cN\u00e3o tem para onde correr. Quem n\u00e3o se adaptar vai ficar para tr\u00e1s\u201d, conclui Paulo Marcos.<\/p>\n<hr \/>\n<h3><strong>Conclus\u00e3o<\/strong><\/h3>\n<p>O PIX \u00e9 s\u00f3 a manchete. O verdadeiro tema \u00e9 a <strong>movimenta\u00e7\u00e3o financeira<\/strong> e a necessidade de <strong>planejamento tribut\u00e1rio<\/strong>. Com tecnologia, o governo sabe quanto voc\u00ea ganha. E vai cobrar. Se voc\u00ea \u00e9 empres\u00e1rio, prestador de servi\u00e7os ou faz bicos, organize-se. Crescer \u00e9 poss\u00edvel, mas com regras claras e impostos pagos.<\/p>\n<p><strong>Quer saber mais?<\/strong> Acompanhe as palestras de Paulo Marcos sobre Reforma Tribut\u00e1ria e fique atento \u00e0s mudan\u00e7as. 2026 \u00e9 o ano do treino. Quem se preparar agora, sai na frente.<\/p>\n<\/div>\n<p><iframe title=\"Fala Sodr\u00e9: o Consultor Tribut\u00e1rio Paulo Marcos explica: sua movimenta\u00e7\u00e3o de pix ser\u00e1 tributada?\" width=\"840\" height=\"630\" data-src=\"https:\/\/www.youtube.com\/embed\/ETvnmmpfFcY?feature=oembed\" frameborder=\"0\" allow=\"accelerometer; autoplay; clipboard-write; encrypted-media; gyroscope; picture-in-picture; web-share\" referrerpolicy=\"strict-origin-when-cross-origin\" allowfullscreen src=\"data:image\/svg+xml;base64,PHN2ZyB3aWR0aD0iMSIgaGVpZ2h0PSIxIiB4bWxucz0iaHR0cDovL3d3dy53My5vcmcvMjAwMC9zdmciPjwvc3ZnPg==\" class=\"lazyload\" data-load-mode=\"1\"><\/iframe><\/p>\n<p style=\"margin: 0in; font-size: 20.0pt;\"><span style=\"font-family: 'Segoe UI Emoji';\">&#x1f4da; <\/span><span style=\"font-weight: bold; font-family: Calibri;\">Cobertura:<\/span><span style=\"font-family: Calibri;\"> Carlos Roberto Sodr\u00e9 <\/span><a href=\"https:\/\/wa.me\/553298481334\"><span style=\"font-family: Calibri;\">WhatsApp<\/span><\/a><\/p>\n<p style=\"margin: 0in; font-size: 20.0pt;\"><span style=\"font-family: 'Segoe UI Emoji';\">&#x1f4f8; <\/span><span style=\"font-weight: bold; font-family: Calibri;\">Imagens:<\/span><span style=\"font-family: Calibri;\"> Laisa Sodr\u00e9 \/ Felipe Oliveira<\/span><\/p>\n<p style=\"margin: 0in; font-size: 20.0pt;\"><span style=\"font-family: 'Segoe UI Emoji';\">&#x1f4dd; <\/span><span style=\"font-weight: bold; font-family: Calibri;\">Conte\u00fado: <\/span><a href=\"https:\/\/www.linkedin.com\/in\/pedrohgf\/\"><span style=\"font-family: Calibri;\">Pedro Henriques<\/span><\/a><span style=\"font-family: Calibri;\"> \u2013 <\/span><a href=\"https:\/\/indicca.com.br\/blog\/\"><span style=\"font-family: Calibri;\">INDICCA.COM<\/span><\/a><span style=\"font-family: Calibri;\">\u00a0 <\/span><a href=\"https:\/\/wa.me\/5532988020057\"><span style=\"font-family: Calibri;\">WhatsApp<\/span><\/a><\/p>\n<p style=\"margin: 0in; font-size: 20.0pt;\"><span style=\"font-family: 'Segoe UI Emoji';\">&#x1f393; <\/span><span style=\"font-weight: bold; font-family: Calibri;\">Evento: Taxa\u00e7\u00e3o do PIX e Reforma Tribut\u00e1ria: O Que Muda em 2026? A discuss\u00e3o sobre taxa\u00e7\u00e3o do PIX ganhou for\u00e7a no in\u00edcio de 2026.<\/span><\/p>\n","protected":false},"excerpt":{"rendered":"<p>Taxa\u00e7\u00e3o do PIX e Reforma Tribut\u00e1ria: O Que Muda em<\/p>\n","protected":false},"author":4,"featured_media":23687,"comment_status":"open","ping_status":"open","sticky":false,"template":"","format":"standard","meta":{"footnotes":""},"categories":[1,3],"tags":[59,297,110,296,295,60],"class_list":["post-23686","post","type-post","status-publish","format-standard","has-post-thumbnail","hentry","category-sem-categoria","category-slide","tag-fala-sodre","tag-paulo-marcos","tag-reforma-tributaria","tag-taxacao-do-pix","tag-uba-news","tag-ubanews"],"yoast_head":"<!-- This site is optimized with the Yoast SEO plugin v27.2 - https:\/\/yoast.com\/product\/yoast-seo-wordpress\/ -->\n<title>Taxa\u00e7\u00e3o do PIX e Reforma Tribut\u00e1ria - Ub\u00e1 News<\/title>\n<meta name=\"description\" content=\"Taxa\u00e7\u00e3o do PIX e Reforma Tribut\u00e1ria: O Que Muda em 2026? A discuss\u00e3o sobre taxa\u00e7\u00e3o do PIX ganhou for\u00e7a no in\u00edcio de 2026.\" \/>\n<meta name=\"robots\" content=\"index, follow, max-snippet:-1, max-image-preview:large, max-video-preview:-1\" \/>\n<link rel=\"canonical\" href=\"https:\/\/ubanews.com\/site\/2026\/01\/13\/taxacao-do-pix-e-reforma-tributaria\/\" \/>\n<meta property=\"og:locale\" content=\"pt_BR\" \/>\n<meta property=\"og:type\" content=\"article\" \/>\n<meta property=\"og:title\" content=\"Taxa\u00e7\u00e3o do PIX e Reforma Tribut\u00e1ria - Ub\u00e1 News\" \/>\n<meta property=\"og:description\" content=\"Taxa\u00e7\u00e3o do PIX e Reforma Tribut\u00e1ria: O Que Muda em 2026? A discuss\u00e3o sobre taxa\u00e7\u00e3o do PIX ganhou for\u00e7a no in\u00edcio de 2026.\" \/>\n<meta property=\"og:url\" content=\"https:\/\/ubanews.com\/site\/2026\/01\/13\/taxacao-do-pix-e-reforma-tributaria\/\" \/>\n<meta property=\"og:site_name\" content=\"Ub\u00e1 News\" \/>\n<meta property=\"article:publisher\" content=\"https:\/\/www.facebook.com\/Ub%c3%a1News-Carlos-Roberto-Sodr%c3%a9-418778301977370\" \/>\n<meta property=\"article:published_time\" content=\"2026-01-13T10:13:51+00:00\" \/>\n<meta property=\"og:image\" content=\"https:\/\/ubanews.com\/site\/wp-content\/uploads\/2026\/01\/Fala-Sodre-Taxacao-do-Pix-e-Reforma-Tributaria-com-Paulo-Marcos-Consultor-Tributario-1.jpeg\" \/>\n\t<meta property=\"og:image:width\" content=\"1600\" \/>\n\t<meta property=\"og:image:height\" content=\"900\" \/>\n\t<meta property=\"og:image:type\" content=\"image\/jpeg\" \/>\n<meta name=\"author\" content=\"Carlos Roberto Sodr\u00e9\" \/>\n<meta name=\"twitter:card\" content=\"summary_large_image\" \/>\n<meta name=\"twitter:label1\" content=\"Escrito por\" \/>\n\t<meta name=\"twitter:data1\" content=\"Carlos Roberto Sodr\u00e9\" \/>\n\t<meta name=\"twitter:label2\" content=\"Est. tempo de leitura\" \/>\n\t<meta name=\"twitter:data2\" content=\"5 minutos\" \/>\n<script type=\"application\/ld+json\" class=\"yoast-schema-graph\">{\"@context\":\"https:\/\/schema.org\",\"@graph\":[{\"@type\":\"Article\",\"@id\":\"https:\/\/ubanews.com\/site\/2026\/01\/13\/taxacao-do-pix-e-reforma-tributaria\/#article\",\"isPartOf\":{\"@id\":\"https:\/\/ubanews.com\/site\/2026\/01\/13\/taxacao-do-pix-e-reforma-tributaria\/\"},\"author\":{\"name\":\"Carlos Roberto Sodr\u00e9\",\"@id\":\"https:\/\/ubanews.com\/site\/#\/schema\/person\/9d8da9ec3c8d00640ab6e8c81e103310\"},\"headline\":\"Taxa\u00e7\u00e3o do PIX e Reforma Tribut\u00e1ria\",\"datePublished\":\"2026-01-13T10:13:51+00:00\",\"mainEntityOfPage\":{\"@id\":\"https:\/\/ubanews.com\/site\/2026\/01\/13\/taxacao-do-pix-e-reforma-tributaria\/\"},\"wordCount\":820,\"commentCount\":0,\"publisher\":{\"@id\":\"https:\/\/ubanews.com\/site\/#organization\"},\"image\":{\"@id\":\"https:\/\/ubanews.com\/site\/2026\/01\/13\/taxacao-do-pix-e-reforma-tributaria\/#primaryimage\"},\"thumbnailUrl\":\"https:\/\/ubanews.com\/site\/wp-content\/uploads\/2026\/01\/Fala-Sodre-Taxacao-do-Pix-e-Reforma-Tributaria-com-Paulo-Marcos-Consultor-Tributario-1.jpeg\",\"keywords\":[\"Fala Sodr\u00e9\",\"Paulo Marcos\",\"Reforma Tribut\u00e1ria\",\"Taxa\u00e7\u00e3o do PIX\",\"Uba News\",\"UBANEWS\"],\"articleSection\":[\"Geral\",\"Slide\"],\"inLanguage\":\"pt-BR\",\"potentialAction\":[{\"@type\":\"CommentAction\",\"name\":\"Comment\",\"target\":[\"https:\/\/ubanews.com\/site\/2026\/01\/13\/taxacao-do-pix-e-reforma-tributaria\/#respond\"]}]},{\"@type\":\"WebPage\",\"@id\":\"https:\/\/ubanews.com\/site\/2026\/01\/13\/taxacao-do-pix-e-reforma-tributaria\/\",\"url\":\"https:\/\/ubanews.com\/site\/2026\/01\/13\/taxacao-do-pix-e-reforma-tributaria\/\",\"name\":\"Taxa\u00e7\u00e3o do PIX e Reforma Tribut\u00e1ria - Ub\u00e1 News\",\"isPartOf\":{\"@id\":\"https:\/\/ubanews.com\/site\/#website\"},\"primaryImageOfPage\":{\"@id\":\"https:\/\/ubanews.com\/site\/2026\/01\/13\/taxacao-do-pix-e-reforma-tributaria\/#primaryimage\"},\"image\":{\"@id\":\"https:\/\/ubanews.com\/site\/2026\/01\/13\/taxacao-do-pix-e-reforma-tributaria\/#primaryimage\"},\"thumbnailUrl\":\"https:\/\/ubanews.com\/site\/wp-content\/uploads\/2026\/01\/Fala-Sodre-Taxacao-do-Pix-e-Reforma-Tributaria-com-Paulo-Marcos-Consultor-Tributario-1.jpeg\",\"datePublished\":\"2026-01-13T10:13:51+00:00\",\"description\":\"Taxa\u00e7\u00e3o do PIX e Reforma Tribut\u00e1ria: O Que Muda em 2026? A discuss\u00e3o sobre taxa\u00e7\u00e3o do PIX ganhou for\u00e7a no in\u00edcio de 2026.\",\"breadcrumb\":{\"@id\":\"https:\/\/ubanews.com\/site\/2026\/01\/13\/taxacao-do-pix-e-reforma-tributaria\/#breadcrumb\"},\"inLanguage\":\"pt-BR\",\"potentialAction\":[{\"@type\":\"ReadAction\",\"target\":[\"https:\/\/ubanews.com\/site\/2026\/01\/13\/taxacao-do-pix-e-reforma-tributaria\/\"]}]},{\"@type\":\"ImageObject\",\"inLanguage\":\"pt-BR\",\"@id\":\"https:\/\/ubanews.com\/site\/2026\/01\/13\/taxacao-do-pix-e-reforma-tributaria\/#primaryimage\",\"url\":\"https:\/\/ubanews.com\/site\/wp-content\/uploads\/2026\/01\/Fala-Sodre-Taxacao-do-Pix-e-Reforma-Tributaria-com-Paulo-Marcos-Consultor-Tributario-1.jpeg\",\"contentUrl\":\"https:\/\/ubanews.com\/site\/wp-content\/uploads\/2026\/01\/Fala-Sodre-Taxacao-do-Pix-e-Reforma-Tributaria-com-Paulo-Marcos-Consultor-Tributario-1.jpeg\",\"width\":1600,\"height\":900,\"caption\":\"Taxa\u00e7\u00e3o do PIX e Reforma Tribut\u00e1ria\"},{\"@type\":\"BreadcrumbList\",\"@id\":\"https:\/\/ubanews.com\/site\/2026\/01\/13\/taxacao-do-pix-e-reforma-tributaria\/#breadcrumb\",\"itemListElement\":[{\"@type\":\"ListItem\",\"position\":1,\"name\":\"Home\",\"item\":\"https:\/\/ubanews.com\/site\/\"},{\"@type\":\"ListItem\",\"position\":2,\"name\":\"Taxa\u00e7\u00e3o do PIX e Reforma Tribut\u00e1ria\"}]},{\"@type\":\"WebSite\",\"@id\":\"https:\/\/ubanews.com\/site\/#website\",\"url\":\"https:\/\/ubanews.com\/site\/\",\"name\":\"Ub\u00e1 News\",\"description\":\"\",\"publisher\":{\"@id\":\"https:\/\/ubanews.com\/site\/#organization\"},\"potentialAction\":[{\"@type\":\"SearchAction\",\"target\":{\"@type\":\"EntryPoint\",\"urlTemplate\":\"https:\/\/ubanews.com\/site\/?s={search_term_string}\"},\"query-input\":{\"@type\":\"PropertyValueSpecification\",\"valueRequired\":true,\"valueName\":\"search_term_string\"}}],\"inLanguage\":\"pt-BR\"},{\"@type\":\"Organization\",\"@id\":\"https:\/\/ubanews.com\/site\/#organization\",\"name\":\"Ub\u00e1 News\",\"url\":\"https:\/\/ubanews.com\/site\/\",\"logo\":{\"@type\":\"ImageObject\",\"inLanguage\":\"pt-BR\",\"@id\":\"https:\/\/ubanews.com\/site\/#\/schema\/logo\/image\/\",\"url\":\"https:\/\/ubanews.com\/site\/wp-content\/uploads\/2018\/01\/logoubanews.png\",\"contentUrl\":\"https:\/\/ubanews.com\/site\/wp-content\/uploads\/2018\/01\/logoubanews.png\",\"width\":261,\"height\":99,\"caption\":\"Ub\u00e1 News\"},\"image\":{\"@id\":\"https:\/\/ubanews.com\/site\/#\/schema\/logo\/image\/\"},\"sameAs\":[\"https:\/\/www.facebook.com\/Ub\u00e1News-Carlos-Roberto-Sodr\u00e9-418778301977370\"]},{\"@type\":\"Person\",\"@id\":\"https:\/\/ubanews.com\/site\/#\/schema\/person\/9d8da9ec3c8d00640ab6e8c81e103310\",\"name\":\"Carlos Roberto Sodr\u00e9\",\"image\":{\"@type\":\"ImageObject\",\"inLanguage\":\"pt-BR\",\"@id\":\"https:\/\/secure.gravatar.com\/avatar\/aab322e8555b56c468614fafdab8a8f924e394cdc6cfd8232f77e9e4d123a133?s=96&d=mm&r=g\",\"url\":\"https:\/\/secure.gravatar.com\/avatar\/aab322e8555b56c468614fafdab8a8f924e394cdc6cfd8232f77e9e4d123a133?s=96&d=mm&r=g\",\"contentUrl\":\"https:\/\/secure.gravatar.com\/avatar\/aab322e8555b56c468614fafdab8a8f924e394cdc6cfd8232f77e9e4d123a133?s=96&d=mm&r=g\",\"caption\":\"Carlos Roberto Sodr\u00e9\"},\"url\":\"https:\/\/ubanews.com\/site\/author\/sodre\/\"}]}<\/script>\n<!-- \/ Yoast SEO plugin. -->","yoast_head_json":{"title":"Taxa\u00e7\u00e3o do PIX e Reforma Tribut\u00e1ria - Ub\u00e1 News","description":"Taxa\u00e7\u00e3o do PIX e Reforma Tribut\u00e1ria: O Que Muda em 2026? A discuss\u00e3o sobre taxa\u00e7\u00e3o do PIX ganhou for\u00e7a no in\u00edcio de 2026.","robots":{"index":"index","follow":"follow","max-snippet":"max-snippet:-1","max-image-preview":"max-image-preview:large","max-video-preview":"max-video-preview:-1"},"canonical":"https:\/\/ubanews.com\/site\/2026\/01\/13\/taxacao-do-pix-e-reforma-tributaria\/","og_locale":"pt_BR","og_type":"article","og_title":"Taxa\u00e7\u00e3o do PIX e Reforma Tribut\u00e1ria - Ub\u00e1 News","og_description":"Taxa\u00e7\u00e3o do PIX e Reforma Tribut\u00e1ria: O Que Muda em 2026? A discuss\u00e3o sobre taxa\u00e7\u00e3o do PIX ganhou for\u00e7a no in\u00edcio de 2026.","og_url":"https:\/\/ubanews.com\/site\/2026\/01\/13\/taxacao-do-pix-e-reforma-tributaria\/","og_site_name":"Ub\u00e1 News","article_publisher":"https:\/\/www.facebook.com\/Ub%c3%a1News-Carlos-Roberto-Sodr%c3%a9-418778301977370","article_published_time":"2026-01-13T10:13:51+00:00","og_image":[{"width":1600,"height":900,"url":"https:\/\/ubanews.com\/site\/wp-content\/uploads\/2026\/01\/Fala-Sodre-Taxacao-do-Pix-e-Reforma-Tributaria-com-Paulo-Marcos-Consultor-Tributario-1.jpeg","type":"image\/jpeg"}],"author":"Carlos Roberto Sodr\u00e9","twitter_card":"summary_large_image","twitter_misc":{"Escrito por":"Carlos Roberto Sodr\u00e9","Est. tempo de leitura":"5 minutos"},"schema":{"@context":"https:\/\/schema.org","@graph":[{"@type":"Article","@id":"https:\/\/ubanews.com\/site\/2026\/01\/13\/taxacao-do-pix-e-reforma-tributaria\/#article","isPartOf":{"@id":"https:\/\/ubanews.com\/site\/2026\/01\/13\/taxacao-do-pix-e-reforma-tributaria\/"},"author":{"name":"Carlos Roberto Sodr\u00e9","@id":"https:\/\/ubanews.com\/site\/#\/schema\/person\/9d8da9ec3c8d00640ab6e8c81e103310"},"headline":"Taxa\u00e7\u00e3o do PIX e Reforma Tribut\u00e1ria","datePublished":"2026-01-13T10:13:51+00:00","mainEntityOfPage":{"@id":"https:\/\/ubanews.com\/site\/2026\/01\/13\/taxacao-do-pix-e-reforma-tributaria\/"},"wordCount":820,"commentCount":0,"publisher":{"@id":"https:\/\/ubanews.com\/site\/#organization"},"image":{"@id":"https:\/\/ubanews.com\/site\/2026\/01\/13\/taxacao-do-pix-e-reforma-tributaria\/#primaryimage"},"thumbnailUrl":"https:\/\/ubanews.com\/site\/wp-content\/uploads\/2026\/01\/Fala-Sodre-Taxacao-do-Pix-e-Reforma-Tributaria-com-Paulo-Marcos-Consultor-Tributario-1.jpeg","keywords":["Fala Sodr\u00e9","Paulo Marcos","Reforma Tribut\u00e1ria","Taxa\u00e7\u00e3o do PIX","Uba News","UBANEWS"],"articleSection":["Geral","Slide"],"inLanguage":"pt-BR","potentialAction":[{"@type":"CommentAction","name":"Comment","target":["https:\/\/ubanews.com\/site\/2026\/01\/13\/taxacao-do-pix-e-reforma-tributaria\/#respond"]}]},{"@type":"WebPage","@id":"https:\/\/ubanews.com\/site\/2026\/01\/13\/taxacao-do-pix-e-reforma-tributaria\/","url":"https:\/\/ubanews.com\/site\/2026\/01\/13\/taxacao-do-pix-e-reforma-tributaria\/","name":"Taxa\u00e7\u00e3o do PIX e Reforma Tribut\u00e1ria - Ub\u00e1 News","isPartOf":{"@id":"https:\/\/ubanews.com\/site\/#website"},"primaryImageOfPage":{"@id":"https:\/\/ubanews.com\/site\/2026\/01\/13\/taxacao-do-pix-e-reforma-tributaria\/#primaryimage"},"image":{"@id":"https:\/\/ubanews.com\/site\/2026\/01\/13\/taxacao-do-pix-e-reforma-tributaria\/#primaryimage"},"thumbnailUrl":"https:\/\/ubanews.com\/site\/wp-content\/uploads\/2026\/01\/Fala-Sodre-Taxacao-do-Pix-e-Reforma-Tributaria-com-Paulo-Marcos-Consultor-Tributario-1.jpeg","datePublished":"2026-01-13T10:13:51+00:00","description":"Taxa\u00e7\u00e3o do PIX e Reforma Tribut\u00e1ria: O Que Muda em 2026? A discuss\u00e3o sobre taxa\u00e7\u00e3o do PIX ganhou for\u00e7a no in\u00edcio de 2026.","breadcrumb":{"@id":"https:\/\/ubanews.com\/site\/2026\/01\/13\/taxacao-do-pix-e-reforma-tributaria\/#breadcrumb"},"inLanguage":"pt-BR","potentialAction":[{"@type":"ReadAction","target":["https:\/\/ubanews.com\/site\/2026\/01\/13\/taxacao-do-pix-e-reforma-tributaria\/"]}]},{"@type":"ImageObject","inLanguage":"pt-BR","@id":"https:\/\/ubanews.com\/site\/2026\/01\/13\/taxacao-do-pix-e-reforma-tributaria\/#primaryimage","url":"https:\/\/ubanews.com\/site\/wp-content\/uploads\/2026\/01\/Fala-Sodre-Taxacao-do-Pix-e-Reforma-Tributaria-com-Paulo-Marcos-Consultor-Tributario-1.jpeg","contentUrl":"https:\/\/ubanews.com\/site\/wp-content\/uploads\/2026\/01\/Fala-Sodre-Taxacao-do-Pix-e-Reforma-Tributaria-com-Paulo-Marcos-Consultor-Tributario-1.jpeg","width":1600,"height":900,"caption":"Taxa\u00e7\u00e3o do PIX e Reforma Tribut\u00e1ria"},{"@type":"BreadcrumbList","@id":"https:\/\/ubanews.com\/site\/2026\/01\/13\/taxacao-do-pix-e-reforma-tributaria\/#breadcrumb","itemListElement":[{"@type":"ListItem","position":1,"name":"Home","item":"https:\/\/ubanews.com\/site\/"},{"@type":"ListItem","position":2,"name":"Taxa\u00e7\u00e3o do PIX e Reforma Tribut\u00e1ria"}]},{"@type":"WebSite","@id":"https:\/\/ubanews.com\/site\/#website","url":"https:\/\/ubanews.com\/site\/","name":"Ub\u00e1 News","description":"","publisher":{"@id":"https:\/\/ubanews.com\/site\/#organization"},"potentialAction":[{"@type":"SearchAction","target":{"@type":"EntryPoint","urlTemplate":"https:\/\/ubanews.com\/site\/?s={search_term_string}"},"query-input":{"@type":"PropertyValueSpecification","valueRequired":true,"valueName":"search_term_string"}}],"inLanguage":"pt-BR"},{"@type":"Organization","@id":"https:\/\/ubanews.com\/site\/#organization","name":"Ub\u00e1 News","url":"https:\/\/ubanews.com\/site\/","logo":{"@type":"ImageObject","inLanguage":"pt-BR","@id":"https:\/\/ubanews.com\/site\/#\/schema\/logo\/image\/","url":"https:\/\/ubanews.com\/site\/wp-content\/uploads\/2018\/01\/logoubanews.png","contentUrl":"https:\/\/ubanews.com\/site\/wp-content\/uploads\/2018\/01\/logoubanews.png","width":261,"height":99,"caption":"Ub\u00e1 News"},"image":{"@id":"https:\/\/ubanews.com\/site\/#\/schema\/logo\/image\/"},"sameAs":["https:\/\/www.facebook.com\/Ub\u00e1News-Carlos-Roberto-Sodr\u00e9-418778301977370"]},{"@type":"Person","@id":"https:\/\/ubanews.com\/site\/#\/schema\/person\/9d8da9ec3c8d00640ab6e8c81e103310","name":"Carlos Roberto Sodr\u00e9","image":{"@type":"ImageObject","inLanguage":"pt-BR","@id":"https:\/\/secure.gravatar.com\/avatar\/aab322e8555b56c468614fafdab8a8f924e394cdc6cfd8232f77e9e4d123a133?s=96&d=mm&r=g","url":"https:\/\/secure.gravatar.com\/avatar\/aab322e8555b56c468614fafdab8a8f924e394cdc6cfd8232f77e9e4d123a133?s=96&d=mm&r=g","contentUrl":"https:\/\/secure.gravatar.com\/avatar\/aab322e8555b56c468614fafdab8a8f924e394cdc6cfd8232f77e9e4d123a133?s=96&d=mm&r=g","caption":"Carlos Roberto Sodr\u00e9"},"url":"https:\/\/ubanews.com\/site\/author\/sodre\/"}]}},"_links":{"self":[{"href":"https:\/\/ubanews.com\/site\/wp-json\/wp\/v2\/posts\/23686","targetHints":{"allow":["GET"]}}],"collection":[{"href":"https:\/\/ubanews.com\/site\/wp-json\/wp\/v2\/posts"}],"about":[{"href":"https:\/\/ubanews.com\/site\/wp-json\/wp\/v2\/types\/post"}],"author":[{"embeddable":true,"href":"https:\/\/ubanews.com\/site\/wp-json\/wp\/v2\/users\/4"}],"replies":[{"embeddable":true,"href":"https:\/\/ubanews.com\/site\/wp-json\/wp\/v2\/comments?post=23686"}],"version-history":[{"count":0,"href":"https:\/\/ubanews.com\/site\/wp-json\/wp\/v2\/posts\/23686\/revisions"}],"wp:featuredmedia":[{"embeddable":true,"href":"https:\/\/ubanews.com\/site\/wp-json\/wp\/v2\/media\/23687"}],"wp:attachment":[{"href":"https:\/\/ubanews.com\/site\/wp-json\/wp\/v2\/media?parent=23686"}],"wp:term":[{"taxonomy":"category","embeddable":true,"href":"https:\/\/ubanews.com\/site\/wp-json\/wp\/v2\/categories?post=23686"},{"taxonomy":"post_tag","embeddable":true,"href":"https:\/\/ubanews.com\/site\/wp-json\/wp\/v2\/tags?post=23686"}],"curies":[{"name":"wp","href":"https:\/\/api.w.org\/{rel}","templated":true}]}}