{"id":23680,"date":"2026-01-12T12:56:13","date_gmt":"2026-01-12T15:56:13","guid":{"rendered":"https:\/\/ubanews.com\/site\/?p=23680"},"modified":"2026-01-12T13:50:20","modified_gmt":"2026-01-12T16:50:20","slug":"sintese-das-ocorrencias-policiais-12-01-2026","status":"publish","type":"post","link":"https:\/\/ubanews.com\/site\/2026\/01\/12\/sintese-das-ocorrencias-policiais-12-01-2026\/","title":{"rendered":"Sintese-das-ocorrencias-policiais-12-01-2026"},"content":{"rendered":"<p><strong>2026-001419580-001 \u2013 POL\u00cdCIA MILITAR DESARTICULA IM\u00d3VEL UTILIZADO PARA O TR\u00c1FICO DE DROGAS E PRENDE TR\u00caS AUTORES POR TR\u00c1FICO<\/strong><\/p>\n<p>TOCANTINS \u2013 Rua Caetano Roberti, Vale do Ouro 17H30MIN<\/p>\n<p><img decoding=\"async\" class=\"aligncenter size-medium wp-image-23681 lazyload\" data-src=\"https:\/\/ubanews.com\/site\/wp-content\/uploads\/2026\/01\/2026-01-10-POLICIA-MILITAR-DESARTICULA-IMOVEL-UTILIZADO-PARA-O-TRAFICO-DE-DROGAS-E-PRENDE-TRES-AUTORES-POR-TRAFICO-270x300.jpg\" alt=\"\" width=\"270\" height=\"300\" data-srcset=\"https:\/\/ubanews.com\/site\/wp-content\/uploads\/2026\/01\/2026-01-10-POLICIA-MILITAR-DESARTICULA-IMOVEL-UTILIZADO-PARA-O-TRAFICO-DE-DROGAS-E-PRENDE-TRES-AUTORES-POR-TRAFICO-270x300.jpg 270w, https:\/\/ubanews.com\/site\/wp-content\/uploads\/2026\/01\/2026-01-10-POLICIA-MILITAR-DESARTICULA-IMOVEL-UTILIZADO-PARA-O-TRAFICO-DE-DROGAS-E-PRENDE-TRES-AUTORES-POR-TRAFICO-920x1024.jpg 920w, https:\/\/ubanews.com\/site\/wp-content\/uploads\/2026\/01\/2026-01-10-POLICIA-MILITAR-DESARTICULA-IMOVEL-UTILIZADO-PARA-O-TRAFICO-DE-DROGAS-E-PRENDE-TRES-AUTORES-POR-TRAFICO-768x855.jpg 768w, https:\/\/ubanews.com\/site\/wp-content\/uploads\/2026\/01\/2026-01-10-POLICIA-MILITAR-DESARTICULA-IMOVEL-UTILIZADO-PARA-O-TRAFICO-DE-DROGAS-E-PRENDE-TRES-AUTORES-POR-TRAFICO.jpg 1127w\" data-sizes=\"(max-width: 270px) 100vw, 270px\" src=\"data:image\/svg+xml;base64,PHN2ZyB3aWR0aD0iMSIgaGVpZ2h0PSIxIiB4bWxucz0iaHR0cDovL3d3dy53My5vcmcvMjAwMC9zdmciPjwvc3ZnPg==\" style=\"--smush-placeholder-width: 270px; --smush-placeholder-aspect-ratio: 270\/300;\" \/><\/p>\n<p>Em cumprimento de mandado de busca e apreens\u00e3o no Vale do Ouro, em Tocantins, a Pol\u00edcia Militar, ao perceber que o im\u00f3vel apresentava sistema de prote\u00e7\u00e3o e barreiras f\u00edsicas refor\u00e7adas, montou o cerco policial e, utilizando-se de uma retroescavadeira, rompeu muro e parede.<\/p>\n<p>No interior da resid\u00eancia, foram localizados tr\u00eas indiv\u00edduos identificados como envolvidos com o tr\u00e1fico de drogas, sendo poss\u00edvel perceber que tentaram dispensar pinos de coca\u00edna no vaso sanit\u00e1rio, nesse \u00ednterim um dos autores tentou evadir-se pela porta da frente, sendo, contudo, alcan\u00e7ado e abordado.<\/p>\n<p>Realizadas as buscas foram encontrados 617 pinos e 01 pedra de subst\u00e2ncia an\u00e1loga a coca\u00edna, 91 buchas de uma subst\u00e2ncia semelhante \u00e0 maconha, 34 frascos de subst\u00e2ncia an\u00e1loga a lol\u00f3, al\u00e9m de 02 balan\u00e7as de precis\u00e3o. Tamb\u00e9m foram recolhidos 03 aparelhos de telefones celulares, 04 c\u00e2meras de seguran\u00e7a e certa quantia em dinheiro.<\/p>\n<p>Os autores, homens de 31, 30 e 27 anos, foram presos e encaminhados \u00e0 Delegacia de Pol\u00edcia Judici\u00e1ria, juntamente aos materiais apreendidos.<\/p>\n<h2>Sintese-das-ocorrencias-policiais-12-01-2026<\/h2>\n<p><strong>2026-001521046-001 \u2013 POL\u00cdCIA PRENDE AUTOR DE TR\u00c1FICO DE DROGAS NO CENTRO DO MUNIC\u00cdPIO DE RODEIRO<\/strong><\/p>\n<p>RODEIRO &#8211; Rua Pedro Pires Pontes, Centro 15H28MIN<\/p>\n<p>Durante patrulhamento pelo munic\u00edpio de Rodeiro, a Pol\u00edcia Militar visualizou, na Rua Pedro Pires Pontes, um indiv\u00edduo saindo de \u00e1rea de mata, conhecida por ser utilizada como ponto para o tr\u00e1fico de drogas.<\/p>\n<p>Ao perceber a aproxima\u00e7\u00e3o policial, o autor demonstrou nervosismo e tentou evadir, sendo, contudo, alcan\u00e7ado e abordado.<\/p>\n<p>Realizada busca pessoal, foram localizados 32 pinos de subst\u00e2ncia an\u00e1loga \u00e0 coca\u00edna, 09 pedras de subst\u00e2ncia semelhante ao crack, 03 buchas de subst\u00e2ncia esverdeada aparentando ser maconha, al\u00e9m de certa quantia em moeda corrente.<\/p>\n<p>O autor, um homem de 18 anos, foi preso e encaminhado \u00e0 Delegacia de Pol\u00edcia, juntamente ao material apreendido.<\/p>\n<p><strong>2026-0015277751-001 \u2013 POL\u00cdCIA MILITAR PRENDE AUTOR DE TR\u00c1FICO DE DROGAS<\/strong><\/p>\n<p>UB\u00c1 &#8211; \u00a0Rua Oito de Mar\u00e7o, S\u00e3o Domingos 15H35MIN<\/p>\n<p>Durante patrulhamento pelo bairro S\u00e3o Domingos, a Pol\u00edcia Militar visualizou um indiv\u00edduo sobre a laje de uma resid\u00eancia abandonada, local conhecido como ponto de apoio ao tr\u00e1fico de drogas.<\/p>\n<p>Ao perceber a presen\u00e7a policial, o suspeito, portando um r\u00e1dio comunicador tipo HT, desobedeceu \u00e0 ordem legal e evadiu a p\u00e9. A fuga foi informada via rede r\u00e1dio, sendo realizado cerco com apoio de outra equipe, logrando \u00eaxito na abordagem.<\/p>\n<p>Durante a evas\u00e3o, o autor dispensou o r\u00e1dio comunicador e outros materiais na vegeta\u00e7\u00e3o que, ap\u00f3s buscas foram recuperados e apreendidos, tratando-se de 05 pinos de subst\u00e2ncia semelhante \u00e0 coca\u00edna.<\/p>\n<p>O autor, um homem de 21 anos, foi preso e encaminhado \u00e0 Delegacia de Pol\u00edcia, juntamente ao material apreendido.<\/p>\n<p><strong>2026-001542825-001 \u2013 POL\u00cdCIA MILITAR APREENDE DROGAS<\/strong><\/p>\n<p>VISCONDE DO RIO BRANCO &#8211; Rua Ana de Souza Soares, Brasil Novo\u00a0 18H19MIN<\/p>\n<p>Durante patrulhamento pelo bairro Brasil Novo, a Pol\u00edcia Militar visualizou, na Rua Ana de Souza Soares, negocia\u00e7\u00e3o t\u00edpica de tr\u00e1fico de drogas, momento em que um dos indiv\u00edduos percebeu a presen\u00e7a policial e evadiu gritando \u201colha os homi\u201d.<\/p>\n<p>Realizadas as buscas no im\u00f3vel, foram localizadas 13 por\u00e7\u00f5es de subst\u00e2ncia semelhante ao crack, 9 por\u00e7\u00f5es de subst\u00e2ncia an\u00e1loga \u00e0 maconha e certa quantia em moeda corrente, que foram apreendidos e encaminhados \u00e0 Delegacia de Pol\u00edcia.<\/p>\n<p><strong>2026-001550035-001 \u2013 POL\u00cdCIA MILITAR PRENDE AUTORES DE ROUBOS NA REGI\u00c3O E APREENDE ARMAS DE FOGO UTILIZADAS<\/strong><\/p>\n<p>UB\u00c1 &#8211; Rua Luiz M\u00e9dice, Peluso 19H11MIN<\/p>\n<p><img decoding=\"async\" class=\"aligncenter size-medium wp-image-23682 lazyload\" data-src=\"https:\/\/ubanews.com\/site\/wp-content\/uploads\/2026\/01\/2026-01-11-POLICIA-MILITAR-PRENDE-AUTORES-DE-ROUBOS-NA-REGIAO-E-APREENDE-ARMAS-DE-FOGO-UTILIZADAS-199x300.jpg\" alt=\"\" width=\"199\" height=\"300\" data-srcset=\"https:\/\/ubanews.com\/site\/wp-content\/uploads\/2026\/01\/2026-01-11-POLICIA-MILITAR-PRENDE-AUTORES-DE-ROUBOS-NA-REGIAO-E-APREENDE-ARMAS-DE-FOGO-UTILIZADAS-199x300.jpg 199w, https:\/\/ubanews.com\/site\/wp-content\/uploads\/2026\/01\/2026-01-11-POLICIA-MILITAR-PRENDE-AUTORES-DE-ROUBOS-NA-REGIAO-E-APREENDE-ARMAS-DE-FOGO-UTILIZADAS-680x1024.jpg 680w, https:\/\/ubanews.com\/site\/wp-content\/uploads\/2026\/01\/2026-01-11-POLICIA-MILITAR-PRENDE-AUTORES-DE-ROUBOS-NA-REGIAO-E-APREENDE-ARMAS-DE-FOGO-UTILIZADAS-768x1157.jpg 768w, https:\/\/ubanews.com\/site\/wp-content\/uploads\/2026\/01\/2026-01-11-POLICIA-MILITAR-PRENDE-AUTORES-DE-ROUBOS-NA-REGIAO-E-APREENDE-ARMAS-DE-FOGO-UTILIZADAS-1020x1536.jpg 1020w, https:\/\/ubanews.com\/site\/wp-content\/uploads\/2026\/01\/2026-01-11-POLICIA-MILITAR-PRENDE-AUTORES-DE-ROUBOS-NA-REGIAO-E-APREENDE-ARMAS-DE-FOGO-UTILIZADAS-600x900.jpg 600w, https:\/\/ubanews.com\/site\/wp-content\/uploads\/2026\/01\/2026-01-11-POLICIA-MILITAR-PRENDE-AUTORES-DE-ROUBOS-NA-REGIAO-E-APREENDE-ARMAS-DE-FOGO-UTILIZADAS.jpg 1062w\" data-sizes=\"(max-width: 199px) 100vw, 199px\" src=\"data:image\/svg+xml;base64,PHN2ZyB3aWR0aD0iMSIgaGVpZ2h0PSIxIiB4bWxucz0iaHR0cDovL3d3dy53My5vcmcvMjAwMC9zdmciPjwvc3ZnPg==\" style=\"--smush-placeholder-width: 199px; --smush-placeholder-aspect-ratio: 199\/300;\" \/><\/p>\n<p>Ap\u00f3s receber den\u00fancia an\u00f4nima informando sobre dois indiv\u00edduos envolvidos em roubos ocorridos em Rio Pomba e Diamante de Ub\u00e1. A Pol\u00edcia Militar iniciou dilig\u00eancias objetivando a pris\u00e3o dos autores.<\/p>\n<p>Durante a a\u00e7\u00e3o, o ve\u00edculo utilizado nos crimes, um Chevrolet Kadett, foi apreendido com materiais do crime em seu interior.<\/p>\n<p>Realizada a abordagem aos autores, foi encontrada muni\u00e7\u00e3o cal. 36 em posse de um deles. Enquanto, na resid\u00eancia foram apreendidos um rev\u00f3lver cal. 32 municiado e uma garrucha cal. 36 com cartuchos. O armamento \u00e9 semelhante ao descrito por v\u00edtimas de roubo e foi identificado como produto de furto.<\/p>\n<p>Apurou-se que um dos autores responde por tr\u00e1fico de drogas e descumpre medidas cautelares.<\/p>\n<p>Os autores, homens de 18 e 22 anos, foram presos e encaminhados \u00e0 Delegacia de Pol\u00edcia, juntamente ao material apreendido.<\/p>\n","protected":false},"excerpt":{"rendered":"<p>2026-001419580-001 \u2013 POL\u00cdCIA MILITAR DESARTICULA IM\u00d3VEL UTILIZADO PARA O TR\u00c1FICO<\/p>\n","protected":false},"author":4,"featured_media":23682,"comment_status":"open","ping_status":"open","sticky":false,"template":"","format":"standard","meta":{"footnotes":""},"categories":[13],"tags":[59,222,107,73,285,67,295,60],"class_list":["post-23680","post","type-post","status-publish","format-standard","has-post-thumbnail","hentry","category-sintese-das-ocorrencias","tag-fala-sodre","tag-ocorrencia-policial","tag-policia-civil","tag-policia-militar","tag-sintese-das-ocorrencias-policiais","tag-sodre","tag-uba-news","tag-ubanews"],"yoast_head":"<!-- This site is optimized with the Yoast SEO plugin v27.2 - https:\/\/yoast.com\/product\/yoast-seo-wordpress\/ -->\n<title>Sintese-das-ocorrencias-policiais-12-01-2026 - Ub\u00e1 News<\/title>\n<meta name=\"description\" content=\"sintese das ocorrencias policiais 12-01-2026\" \/>\n<meta name=\"robots\" content=\"index, follow, max-snippet:-1, max-image-preview:large, max-video-preview:-1\" \/>\n<link rel=\"canonical\" href=\"https:\/\/ubanews.com\/site\/2026\/01\/12\/sintese-das-ocorrencias-policiais-12-01-2026\/\" \/>\n<meta property=\"og:locale\" content=\"pt_BR\" \/>\n<meta property=\"og:type\" content=\"article\" \/>\n<meta property=\"og:title\" content=\"Sintese-das-ocorrencias-policiais-12-01-2026 - Ub\u00e1 News\" \/>\n<meta property=\"og:description\" content=\"sintese das ocorrencias policiais 12-01-2026\" \/>\n<meta property=\"og:url\" content=\"https:\/\/ubanews.com\/site\/2026\/01\/12\/sintese-das-ocorrencias-policiais-12-01-2026\/\" \/>\n<meta property=\"og:site_name\" content=\"Ub\u00e1 News\" \/>\n<meta property=\"article:publisher\" content=\"https:\/\/www.facebook.com\/Ub%c3%a1News-Carlos-Roberto-Sodr%c3%a9-418778301977370\" \/>\n<meta property=\"article:published_time\" content=\"2026-01-12T15:56:13+00:00\" \/>\n<meta property=\"article:modified_time\" content=\"2026-01-12T16:50:20+00:00\" \/>\n<meta property=\"og:image\" content=\"https:\/\/ubanews.com\/site\/wp-content\/uploads\/2026\/01\/2026-01-11-POLICIA-MILITAR-PRENDE-AUTORES-DE-ROUBOS-NA-REGIAO-E-APREENDE-ARMAS-DE-FOGO-UTILIZADAS.jpg\" \/>\n\t<meta property=\"og:image:width\" content=\"1062\" \/>\n\t<meta property=\"og:image:height\" content=\"1600\" \/>\n\t<meta property=\"og:image:type\" content=\"image\/jpeg\" \/>\n<meta name=\"author\" content=\"Carlos Roberto Sodr\u00e9\" \/>\n<meta name=\"twitter:card\" content=\"summary_large_image\" \/>\n<meta name=\"twitter:label1\" content=\"Escrito por\" \/>\n\t<meta name=\"twitter:data1\" content=\"Carlos Roberto Sodr\u00e9\" \/>\n\t<meta name=\"twitter:label2\" content=\"Est. tempo de leitura\" \/>\n\t<meta name=\"twitter:data2\" content=\"5 minutos\" \/>\n<script type=\"application\/ld+json\" class=\"yoast-schema-graph\">{\"@context\":\"https:\/\/schema.org\",\"@graph\":[{\"@type\":\"Article\",\"@id\":\"https:\/\/ubanews.com\/site\/2026\/01\/12\/sintese-das-ocorrencias-policiais-12-01-2026\/#article\",\"isPartOf\":{\"@id\":\"https:\/\/ubanews.com\/site\/2026\/01\/12\/sintese-das-ocorrencias-policiais-12-01-2026\/\"},\"author\":{\"name\":\"Carlos Roberto Sodr\u00e9\",\"@id\":\"https:\/\/ubanews.com\/site\/#\/schema\/person\/9d8da9ec3c8d00640ab6e8c81e103310\"},\"headline\":\"Sintese-das-ocorrencias-policiais-12-01-2026\",\"datePublished\":\"2026-01-12T15:56:13+00:00\",\"dateModified\":\"2026-01-12T16:50:20+00:00\",\"mainEntityOfPage\":{\"@id\":\"https:\/\/ubanews.com\/site\/2026\/01\/12\/sintese-das-ocorrencias-policiais-12-01-2026\/\"},\"wordCount\":776,\"commentCount\":0,\"publisher\":{\"@id\":\"https:\/\/ubanews.com\/site\/#organization\"},\"image\":{\"@id\":\"https:\/\/ubanews.com\/site\/2026\/01\/12\/sintese-das-ocorrencias-policiais-12-01-2026\/#primaryimage\"},\"thumbnailUrl\":\"https:\/\/ubanews.com\/site\/wp-content\/uploads\/2026\/01\/2026-01-11-POLICIA-MILITAR-PRENDE-AUTORES-DE-ROUBOS-NA-REGIAO-E-APREENDE-ARMAS-DE-FOGO-UTILIZADAS.jpg\",\"keywords\":[\"Fala Sodr\u00e9\",\"Ocorr\u00eancia Policial\",\"Pol\u00edcia Civil\",\"Pol\u00edcia Militar\",\"Sintese das Ocorr\u00eancias Policiais\",\"Sodr\u00e9\",\"Uba News\",\"UBANEWS\"],\"articleSection\":[\"S\u00edntese das Ocorr\u00eancias\"],\"inLanguage\":\"pt-BR\",\"potentialAction\":[{\"@type\":\"CommentAction\",\"name\":\"Comment\",\"target\":[\"https:\/\/ubanews.com\/site\/2026\/01\/12\/sintese-das-ocorrencias-policiais-12-01-2026\/#respond\"]}]},{\"@type\":\"WebPage\",\"@id\":\"https:\/\/ubanews.com\/site\/2026\/01\/12\/sintese-das-ocorrencias-policiais-12-01-2026\/\",\"url\":\"https:\/\/ubanews.com\/site\/2026\/01\/12\/sintese-das-ocorrencias-policiais-12-01-2026\/\",\"name\":\"Sintese-das-ocorrencias-policiais-12-01-2026 - Ub\u00e1 News\",\"isPartOf\":{\"@id\":\"https:\/\/ubanews.com\/site\/#website\"},\"primaryImageOfPage\":{\"@id\":\"https:\/\/ubanews.com\/site\/2026\/01\/12\/sintese-das-ocorrencias-policiais-12-01-2026\/#primaryimage\"},\"image\":{\"@id\":\"https:\/\/ubanews.com\/site\/2026\/01\/12\/sintese-das-ocorrencias-policiais-12-01-2026\/#primaryimage\"},\"thumbnailUrl\":\"https:\/\/ubanews.com\/site\/wp-content\/uploads\/2026\/01\/2026-01-11-POLICIA-MILITAR-PRENDE-AUTORES-DE-ROUBOS-NA-REGIAO-E-APREENDE-ARMAS-DE-FOGO-UTILIZADAS.jpg\",\"datePublished\":\"2026-01-12T15:56:13+00:00\",\"dateModified\":\"2026-01-12T16:50:20+00:00\",\"description\":\"sintese das ocorrencias policiais 12-01-2026\",\"breadcrumb\":{\"@id\":\"https:\/\/ubanews.com\/site\/2026\/01\/12\/sintese-das-ocorrencias-policiais-12-01-2026\/#breadcrumb\"},\"inLanguage\":\"pt-BR\",\"potentialAction\":[{\"@type\":\"ReadAction\",\"target\":[\"https:\/\/ubanews.com\/site\/2026\/01\/12\/sintese-das-ocorrencias-policiais-12-01-2026\/\"]}]},{\"@type\":\"ImageObject\",\"inLanguage\":\"pt-BR\",\"@id\":\"https:\/\/ubanews.com\/site\/2026\/01\/12\/sintese-das-ocorrencias-policiais-12-01-2026\/#primaryimage\",\"url\":\"https:\/\/ubanews.com\/site\/wp-content\/uploads\/2026\/01\/2026-01-11-POLICIA-MILITAR-PRENDE-AUTORES-DE-ROUBOS-NA-REGIAO-E-APREENDE-ARMAS-DE-FOGO-UTILIZADAS.jpg\",\"contentUrl\":\"https:\/\/ubanews.com\/site\/wp-content\/uploads\/2026\/01\/2026-01-11-POLICIA-MILITAR-PRENDE-AUTORES-DE-ROUBOS-NA-REGIAO-E-APREENDE-ARMAS-DE-FOGO-UTILIZADAS.jpg\",\"width\":1062,\"height\":1600},{\"@type\":\"BreadcrumbList\",\"@id\":\"https:\/\/ubanews.com\/site\/2026\/01\/12\/sintese-das-ocorrencias-policiais-12-01-2026\/#breadcrumb\",\"itemListElement\":[{\"@type\":\"ListItem\",\"position\":1,\"name\":\"Home\",\"item\":\"https:\/\/ubanews.com\/site\/\"},{\"@type\":\"ListItem\",\"position\":2,\"name\":\"Sintese-das-ocorrencias-policiais-12-01-2026\"}]},{\"@type\":\"WebSite\",\"@id\":\"https:\/\/ubanews.com\/site\/#website\",\"url\":\"https:\/\/ubanews.com\/site\/\",\"name\":\"Ub\u00e1 News\",\"description\":\"\",\"publisher\":{\"@id\":\"https:\/\/ubanews.com\/site\/#organization\"},\"potentialAction\":[{\"@type\":\"SearchAction\",\"target\":{\"@type\":\"EntryPoint\",\"urlTemplate\":\"https:\/\/ubanews.com\/site\/?s={search_term_string}\"},\"query-input\":{\"@type\":\"PropertyValueSpecification\",\"valueRequired\":true,\"valueName\":\"search_term_string\"}}],\"inLanguage\":\"pt-BR\"},{\"@type\":\"Organization\",\"@id\":\"https:\/\/ubanews.com\/site\/#organization\",\"name\":\"Ub\u00e1 News\",\"url\":\"https:\/\/ubanews.com\/site\/\",\"logo\":{\"@type\":\"ImageObject\",\"inLanguage\":\"pt-BR\",\"@id\":\"https:\/\/ubanews.com\/site\/#\/schema\/logo\/image\/\",\"url\":\"https:\/\/ubanews.com\/site\/wp-content\/uploads\/2018\/01\/logoubanews.png\",\"contentUrl\":\"https:\/\/ubanews.com\/site\/wp-content\/uploads\/2018\/01\/logoubanews.png\",\"width\":261,\"height\":99,\"caption\":\"Ub\u00e1 News\"},\"image\":{\"@id\":\"https:\/\/ubanews.com\/site\/#\/schema\/logo\/image\/\"},\"sameAs\":[\"https:\/\/www.facebook.com\/Ub\u00e1News-Carlos-Roberto-Sodr\u00e9-418778301977370\"]},{\"@type\":\"Person\",\"@id\":\"https:\/\/ubanews.com\/site\/#\/schema\/person\/9d8da9ec3c8d00640ab6e8c81e103310\",\"name\":\"Carlos Roberto Sodr\u00e9\",\"image\":{\"@type\":\"ImageObject\",\"inLanguage\":\"pt-BR\",\"@id\":\"https:\/\/secure.gravatar.com\/avatar\/aab322e8555b56c468614fafdab8a8f924e394cdc6cfd8232f77e9e4d123a133?s=96&d=mm&r=g\",\"url\":\"https:\/\/secure.gravatar.com\/avatar\/aab322e8555b56c468614fafdab8a8f924e394cdc6cfd8232f77e9e4d123a133?s=96&d=mm&r=g\",\"contentUrl\":\"https:\/\/secure.gravatar.com\/avatar\/aab322e8555b56c468614fafdab8a8f924e394cdc6cfd8232f77e9e4d123a133?s=96&d=mm&r=g\",\"caption\":\"Carlos Roberto Sodr\u00e9\"},\"url\":\"https:\/\/ubanews.com\/site\/author\/sodre\/\"}]}<\/script>\n<!-- \/ Yoast SEO plugin. -->","yoast_head_json":{"title":"Sintese-das-ocorrencias-policiais-12-01-2026 - Ub\u00e1 News","description":"sintese das ocorrencias policiais 12-01-2026","robots":{"index":"index","follow":"follow","max-snippet":"max-snippet:-1","max-image-preview":"max-image-preview:large","max-video-preview":"max-video-preview:-1"},"canonical":"https:\/\/ubanews.com\/site\/2026\/01\/12\/sintese-das-ocorrencias-policiais-12-01-2026\/","og_locale":"pt_BR","og_type":"article","og_title":"Sintese-das-ocorrencias-policiais-12-01-2026 - Ub\u00e1 News","og_description":"sintese das ocorrencias policiais 12-01-2026","og_url":"https:\/\/ubanews.com\/site\/2026\/01\/12\/sintese-das-ocorrencias-policiais-12-01-2026\/","og_site_name":"Ub\u00e1 News","article_publisher":"https:\/\/www.facebook.com\/Ub%c3%a1News-Carlos-Roberto-Sodr%c3%a9-418778301977370","article_published_time":"2026-01-12T15:56:13+00:00","article_modified_time":"2026-01-12T16:50:20+00:00","og_image":[{"width":1062,"height":1600,"url":"https:\/\/ubanews.com\/site\/wp-content\/uploads\/2026\/01\/2026-01-11-POLICIA-MILITAR-PRENDE-AUTORES-DE-ROUBOS-NA-REGIAO-E-APREENDE-ARMAS-DE-FOGO-UTILIZADAS.jpg","type":"image\/jpeg"}],"author":"Carlos Roberto Sodr\u00e9","twitter_card":"summary_large_image","twitter_misc":{"Escrito por":"Carlos Roberto Sodr\u00e9","Est. tempo de leitura":"5 minutos"},"schema":{"@context":"https:\/\/schema.org","@graph":[{"@type":"Article","@id":"https:\/\/ubanews.com\/site\/2026\/01\/12\/sintese-das-ocorrencias-policiais-12-01-2026\/#article","isPartOf":{"@id":"https:\/\/ubanews.com\/site\/2026\/01\/12\/sintese-das-ocorrencias-policiais-12-01-2026\/"},"author":{"name":"Carlos Roberto Sodr\u00e9","@id":"https:\/\/ubanews.com\/site\/#\/schema\/person\/9d8da9ec3c8d00640ab6e8c81e103310"},"headline":"Sintese-das-ocorrencias-policiais-12-01-2026","datePublished":"2026-01-12T15:56:13+00:00","dateModified":"2026-01-12T16:50:20+00:00","mainEntityOfPage":{"@id":"https:\/\/ubanews.com\/site\/2026\/01\/12\/sintese-das-ocorrencias-policiais-12-01-2026\/"},"wordCount":776,"commentCount":0,"publisher":{"@id":"https:\/\/ubanews.com\/site\/#organization"},"image":{"@id":"https:\/\/ubanews.com\/site\/2026\/01\/12\/sintese-das-ocorrencias-policiais-12-01-2026\/#primaryimage"},"thumbnailUrl":"https:\/\/ubanews.com\/site\/wp-content\/uploads\/2026\/01\/2026-01-11-POLICIA-MILITAR-PRENDE-AUTORES-DE-ROUBOS-NA-REGIAO-E-APREENDE-ARMAS-DE-FOGO-UTILIZADAS.jpg","keywords":["Fala Sodr\u00e9","Ocorr\u00eancia Policial","Pol\u00edcia Civil","Pol\u00edcia Militar","Sintese das Ocorr\u00eancias Policiais","Sodr\u00e9","Uba News","UBANEWS"],"articleSection":["S\u00edntese das Ocorr\u00eancias"],"inLanguage":"pt-BR","potentialAction":[{"@type":"CommentAction","name":"Comment","target":["https:\/\/ubanews.com\/site\/2026\/01\/12\/sintese-das-ocorrencias-policiais-12-01-2026\/#respond"]}]},{"@type":"WebPage","@id":"https:\/\/ubanews.com\/site\/2026\/01\/12\/sintese-das-ocorrencias-policiais-12-01-2026\/","url":"https:\/\/ubanews.com\/site\/2026\/01\/12\/sintese-das-ocorrencias-policiais-12-01-2026\/","name":"Sintese-das-ocorrencias-policiais-12-01-2026 - Ub\u00e1 News","isPartOf":{"@id":"https:\/\/ubanews.com\/site\/#website"},"primaryImageOfPage":{"@id":"https:\/\/ubanews.com\/site\/2026\/01\/12\/sintese-das-ocorrencias-policiais-12-01-2026\/#primaryimage"},"image":{"@id":"https:\/\/ubanews.com\/site\/2026\/01\/12\/sintese-das-ocorrencias-policiais-12-01-2026\/#primaryimage"},"thumbnailUrl":"https:\/\/ubanews.com\/site\/wp-content\/uploads\/2026\/01\/2026-01-11-POLICIA-MILITAR-PRENDE-AUTORES-DE-ROUBOS-NA-REGIAO-E-APREENDE-ARMAS-DE-FOGO-UTILIZADAS.jpg","datePublished":"2026-01-12T15:56:13+00:00","dateModified":"2026-01-12T16:50:20+00:00","description":"sintese das ocorrencias policiais 12-01-2026","breadcrumb":{"@id":"https:\/\/ubanews.com\/site\/2026\/01\/12\/sintese-das-ocorrencias-policiais-12-01-2026\/#breadcrumb"},"inLanguage":"pt-BR","potentialAction":[{"@type":"ReadAction","target":["https:\/\/ubanews.com\/site\/2026\/01\/12\/sintese-das-ocorrencias-policiais-12-01-2026\/"]}]},{"@type":"ImageObject","inLanguage":"pt-BR","@id":"https:\/\/ubanews.com\/site\/2026\/01\/12\/sintese-das-ocorrencias-policiais-12-01-2026\/#primaryimage","url":"https:\/\/ubanews.com\/site\/wp-content\/uploads\/2026\/01\/2026-01-11-POLICIA-MILITAR-PRENDE-AUTORES-DE-ROUBOS-NA-REGIAO-E-APREENDE-ARMAS-DE-FOGO-UTILIZADAS.jpg","contentUrl":"https:\/\/ubanews.com\/site\/wp-content\/uploads\/2026\/01\/2026-01-11-POLICIA-MILITAR-PRENDE-AUTORES-DE-ROUBOS-NA-REGIAO-E-APREENDE-ARMAS-DE-FOGO-UTILIZADAS.jpg","width":1062,"height":1600},{"@type":"BreadcrumbList","@id":"https:\/\/ubanews.com\/site\/2026\/01\/12\/sintese-das-ocorrencias-policiais-12-01-2026\/#breadcrumb","itemListElement":[{"@type":"ListItem","position":1,"name":"Home","item":"https:\/\/ubanews.com\/site\/"},{"@type":"ListItem","position":2,"name":"Sintese-das-ocorrencias-policiais-12-01-2026"}]},{"@type":"WebSite","@id":"https:\/\/ubanews.com\/site\/#website","url":"https:\/\/ubanews.com\/site\/","name":"Ub\u00e1 News","description":"","publisher":{"@id":"https:\/\/ubanews.com\/site\/#organization"},"potentialAction":[{"@type":"SearchAction","target":{"@type":"EntryPoint","urlTemplate":"https:\/\/ubanews.com\/site\/?s={search_term_string}"},"query-input":{"@type":"PropertyValueSpecification","valueRequired":true,"valueName":"search_term_string"}}],"inLanguage":"pt-BR"},{"@type":"Organization","@id":"https:\/\/ubanews.com\/site\/#organization","name":"Ub\u00e1 News","url":"https:\/\/ubanews.com\/site\/","logo":{"@type":"ImageObject","inLanguage":"pt-BR","@id":"https:\/\/ubanews.com\/site\/#\/schema\/logo\/image\/","url":"https:\/\/ubanews.com\/site\/wp-content\/uploads\/2018\/01\/logoubanews.png","contentUrl":"https:\/\/ubanews.com\/site\/wp-content\/uploads\/2018\/01\/logoubanews.png","width":261,"height":99,"caption":"Ub\u00e1 News"},"image":{"@id":"https:\/\/ubanews.com\/site\/#\/schema\/logo\/image\/"},"sameAs":["https:\/\/www.facebook.com\/Ub\u00e1News-Carlos-Roberto-Sodr\u00e9-418778301977370"]},{"@type":"Person","@id":"https:\/\/ubanews.com\/site\/#\/schema\/person\/9d8da9ec3c8d00640ab6e8c81e103310","name":"Carlos Roberto Sodr\u00e9","image":{"@type":"ImageObject","inLanguage":"pt-BR","@id":"https:\/\/secure.gravatar.com\/avatar\/aab322e8555b56c468614fafdab8a8f924e394cdc6cfd8232f77e9e4d123a133?s=96&d=mm&r=g","url":"https:\/\/secure.gravatar.com\/avatar\/aab322e8555b56c468614fafdab8a8f924e394cdc6cfd8232f77e9e4d123a133?s=96&d=mm&r=g","contentUrl":"https:\/\/secure.gravatar.com\/avatar\/aab322e8555b56c468614fafdab8a8f924e394cdc6cfd8232f77e9e4d123a133?s=96&d=mm&r=g","caption":"Carlos Roberto Sodr\u00e9"},"url":"https:\/\/ubanews.com\/site\/author\/sodre\/"}]}},"_links":{"self":[{"href":"https:\/\/ubanews.com\/site\/wp-json\/wp\/v2\/posts\/23680","targetHints":{"allow":["GET"]}}],"collection":[{"href":"https:\/\/ubanews.com\/site\/wp-json\/wp\/v2\/posts"}],"about":[{"href":"https:\/\/ubanews.com\/site\/wp-json\/wp\/v2\/types\/post"}],"author":[{"embeddable":true,"href":"https:\/\/ubanews.com\/site\/wp-json\/wp\/v2\/users\/4"}],"replies":[{"embeddable":true,"href":"https:\/\/ubanews.com\/site\/wp-json\/wp\/v2\/comments?post=23680"}],"version-history":[{"count":0,"href":"https:\/\/ubanews.com\/site\/wp-json\/wp\/v2\/posts\/23680\/revisions"}],"wp:featuredmedia":[{"embeddable":true,"href":"https:\/\/ubanews.com\/site\/wp-json\/wp\/v2\/media\/23682"}],"wp:attachment":[{"href":"https:\/\/ubanews.com\/site\/wp-json\/wp\/v2\/media?parent=23680"}],"wp:term":[{"taxonomy":"category","embeddable":true,"href":"https:\/\/ubanews.com\/site\/wp-json\/wp\/v2\/categories?post=23680"},{"taxonomy":"post_tag","embeddable":true,"href":"https:\/\/ubanews.com\/site\/wp-json\/wp\/v2\/tags?post=23680"}],"curies":[{"name":"wp","href":"https:\/\/api.w.org\/{rel}","templated":true}]}}